{"id":422,"date":"2024-08-13T14:13:46","date_gmt":"2024-08-13T12:13:46","guid":{"rendered":"http:\/\/www.cope.es\/blogs\/yo-desayuno-a-cuerpo-de-rey\/?p=422"},"modified":"2024-08-13T14:13:46","modified_gmt":"2024-08-13T12:13:46","slug":"cesta-de-churros-con-fruta-fresca-en-cafe-del-moral","status":"publish","type":"post","link":"https:\/\/www.cope.es\/blogs\/yo-desayuno-a-cuerpo-de-rey\/2024\/08\/13\/cesta-de-churros-con-fruta-fresca-en-cafe-del-moral\/","title":{"rendered":"Cesta de Churros con Fruta Fresca en Caf\u00e9 del Moral"},"content":{"rendered":"<p>Acercarse hasta San Roque, cerca de los nuevos juzgados, siempre es ilusionante porque uno sabe que va a desayunar bien con alguna de las ideas de Mar\u00eda Jes\u00fas que mud\u00f3 hace ya 12 a\u00f1os su Churrer\u00eda Cafeter\u00eda desde el Paseo Condes de Barcelona hasta la Ronda Norte buscando precisamente el p\u00fablico que podr\u00eda atraer de ese esperado nuevo Palacio de Justicia. Afortunadamente, la infraestructura comenz\u00f3 a utilizarse ahora hace m\u00e1s o menos un a\u00f1o y los clientes abarrotan su local cada d\u00eda. Tambi\u00e9n en vacaciones de agosto, donde cuesta alg\u00fan ratillo en la cola llegar hasta la barra. All\u00ed, siempre con una sonrisa, te cogen la comanda y te lo llevan a la mesa.<img loading=\"lazy\" decoding=\"async\" width=\"300\" height=\"225\" class=\"alignnone size-medium wp-image-420\" src=\"http:\/\/www.cope.es\/blogs\/yo-desayuno-a-cuerpo-de-rey\/wp-content\/uploads\/sites\/35\/2024\/08\/IMG_0032-300x225.jpeg\" alt=\"\" srcset=\"https:\/\/www.cope.es\/blogs\/yo-desayuno-a-cuerpo-de-rey\/wp-content\/uploads\/sites\/35\/2024\/08\/IMG_0032-300x225.jpeg 300w, https:\/\/www.cope.es\/blogs\/yo-desayuno-a-cuerpo-de-rey\/wp-content\/uploads\/sites\/35\/2024\/08\/IMG_0032-1024x768.jpeg 1024w, https:\/\/www.cope.es\/blogs\/yo-desayuno-a-cuerpo-de-rey\/wp-content\/uploads\/sites\/35\/2024\/08\/IMG_0032-768x576.jpeg 768w, https:\/\/www.cope.es\/blogs\/yo-desayuno-a-cuerpo-de-rey\/wp-content\/uploads\/sites\/35\/2024\/08\/IMG_0032-1536x1152.jpeg 1536w, https:\/\/www.cope.es\/blogs\/yo-desayuno-a-cuerpo-de-rey\/wp-content\/uploads\/sites\/35\/2024\/08\/IMG_0032-2048x1536.jpeg 2048w\" sizes=\"auto, (max-width: 300px) 100vw, 300px\" \/><\/p>\n<p>La propuesta de este a\u00f1o de Caf\u00e9 del Moral es una cesta elaborada con churros donde se depositan ricas y frescas viandas: fruta de varias clases (pl\u00e1tano, manzana y naranja), un fondo de queso feta y un topping de mermelada de tomate, acompa\u00f1ada por semillas de quinoa. El resultado es delicioso. El churro, como es marca de la casa, no es demasiado grasiento, al contrario, combina espectacularmente con la fruta y el queso, adem\u00e1s con una mermelada especialmente dulce. Todo se acompa\u00f1a del caf\u00e9 o zumo preferido de cada uno, para no tener demasiados problemas.<\/p>\n<p>Las apuestas de Caf\u00e9 del Moral siempre son arriesgadas y originales. Todav\u00eda uno puede relamerse cuando recuerda aquel &#8220;Tostachurro de Higos&#8221;, como lo dimos en llamar en este blog. Sin duda esta cesta puede llegar lejos como \u00e9l.<\/p>\n","protected":false},"excerpt":{"rendered":"<p>Acercarse hasta San Roque, cerca de los nuevos juzgados, siempre es ilusionante porque uno sabe que va a desayunar bien con alguna de las ideas de Mar\u00eda Jes\u00fas que mud\u00f3 hace ya 12 a\u00f1os su Churrer\u00eda Cafeter\u00eda desde el Paseo Condes de Barcelona hasta la Ronda Norte buscando precisamente el p\u00fablico que podr\u00eda atraer de [&hellip;]<\/p>\n","protected":false},"author":39,"featured_media":419,"comment_status":"open","ping_status":"open","sticky":false,"template":"","format":"standard","meta":{"footnotes":""},"categories":[17],"tags":[],"class_list":["post-422","post","type-post","status-publish","format-standard","has-post-thumbnail","hentry","category-concurso-saborea-badajoz"],"yoast_head":"<!-- This site is optimized with the Yoast SEO plugin v27.4 - https:\/\/yoast.com\/product\/yoast-seo-wordpress\/ -->\n<title>Cesta de Churros con Fruta Fresca en Caf\u00e9 del Moral - Yo desayuno A Cuerpo de Rey<\/title>\n<meta name=\"robots\" content=\"index, follow, max-snippet:-1, max-image-preview:large, max-video-preview:-1\" \/>\n<link rel=\"canonical\" href=\"https:\/\/www.cope.es\/blogs\/yo-desayuno-a-cuerpo-de-rey\/2024\/08\/13\/cesta-de-churros-con-fruta-fresca-en-cafe-del-moral\/\" \/>\n<meta property=\"og:locale\" content=\"es_ES\" \/>\n<meta property=\"og:type\" content=\"article\" \/>\n<meta property=\"og:title\" content=\"Cesta de Churros con Fruta Fresca en Caf\u00e9 del Moral - Yo desayuno A Cuerpo de Rey\" \/>\n<meta property=\"og:description\" content=\"Acercarse hasta San Roque, cerca de los nuevos juzgados, siempre es ilusionante porque uno sabe que va a desayunar bien con alguna de las ideas de Mar\u00eda Jes\u00fas que mud\u00f3 hace ya 12 a\u00f1os su Churrer\u00eda Cafeter\u00eda desde el Paseo Condes de Barcelona hasta la Ronda Norte buscando precisamente el p\u00fablico que podr\u00eda atraer de [&hellip;]\" \/>\n<meta property=\"og:url\" content=\"https:\/\/www.cope.es\/blogs\/yo-desayuno-a-cuerpo-de-rey\/2024\/08\/13\/cesta-de-churros-con-fruta-fresca-en-cafe-del-moral\/\" \/>\n<meta property=\"og:site_name\" content=\"Yo desayuno A Cuerpo de Rey\" \/>\n<meta property=\"article:publisher\" content=\"https:\/\/www.facebook.com\/cope\/\" \/>\n<meta property=\"article:author\" content=\"https:\/\/www.facebook.com\/JoseLuisLoridoGarcia\" \/>\n<meta property=\"article:published_time\" content=\"2024-08-13T12:13:46+00:00\" \/>\n<meta property=\"og:image\" content=\"https:\/\/www.cope.es\/blogs\/yo-desayuno-a-cuerpo-de-rey\/wp-content\/uploads\/sites\/35\/2024\/08\/IMG_0031-scaled.jpeg\" \/>\n\t<meta property=\"og:image:width\" content=\"2560\" \/>\n\t<meta property=\"og:image:height\" content=\"1920\" \/>\n\t<meta property=\"og:image:type\" content=\"image\/jpeg\" \/>\n<meta name=\"author\" content=\"Jos\u00e9 Luis Lorido\" \/>\n<meta name=\"twitter:card\" content=\"summary_large_image\" \/>\n<meta name=\"twitter:creator\" content=\"@lordigor\" \/>\n<meta name=\"twitter:site\" content=\"@cope_es\" \/>\n<meta name=\"twitter:label1\" content=\"Escrito por\" \/>\n\t<meta name=\"twitter:data1\" content=\"Jos\u00e9 Luis Lorido\" \/>\n\t<meta name=\"twitter:label2\" content=\"Tiempo de lectura\" \/>\n\t<meta name=\"twitter:data2\" content=\"1 minuto\" \/>\n<script type=\"application\/ld+json\" class=\"yoast-schema-graph\">{\"@context\":\"https:\\\/\\\/schema.org\",\"@graph\":[{\"@type\":\"Article\",\"@id\":\"https:\\\/\\\/www.cope.es\\\/blogs\\\/yo-desayuno-a-cuerpo-de-rey\\\/2024\\\/08\\\/13\\\/cesta-de-churros-con-fruta-fresca-en-cafe-del-moral\\\/#article\",\"isPartOf\":{\"@id\":\"https:\\\/\\\/www.cope.es\\\/blogs\\\/yo-desayuno-a-cuerpo-de-rey\\\/2024\\\/08\\\/13\\\/cesta-de-churros-con-fruta-fresca-en-cafe-del-moral\\\/\"},\"author\":{\"name\":\"Jos\u00e9 Luis Lorido\",\"@id\":\"https:\\\/\\\/www.cope.es\\\/blogs\\\/yo-desayuno-a-cuerpo-de-rey\\\/#\\\/schema\\\/person\\\/1dcca3cde1c76032621f6a566abf353d\"},\"headline\":\"Cesta de Churros con Fruta Fresca en Caf\u00e9 del Moral\",\"datePublished\":\"2024-08-13T12:13:46+00:00\",\"mainEntityOfPage\":{\"@id\":\"https:\\\/\\\/www.cope.es\\\/blogs\\\/yo-desayuno-a-cuerpo-de-rey\\\/2024\\\/08\\\/13\\\/cesta-de-churros-con-fruta-fresca-en-cafe-del-moral\\\/\"},\"wordCount\":274,\"commentCount\":0,\"image\":{\"@id\":\"https:\\\/\\\/www.cope.es\\\/blogs\\\/yo-desayuno-a-cuerpo-de-rey\\\/2024\\\/08\\\/13\\\/cesta-de-churros-con-fruta-fresca-en-cafe-del-moral\\\/#primaryimage\"},\"thumbnailUrl\":\"https:\\\/\\\/www.cope.es\\\/blogs\\\/yo-desayuno-a-cuerpo-de-rey\\\/wp-content\\\/uploads\\\/sites\\\/35\\\/2024\\\/08\\\/IMG_0031-scaled.jpeg\",\"articleSection\":[\"Concurso Saborea Badajoz\"],\"inLanguage\":\"es\",\"potentialAction\":[{\"@type\":\"CommentAction\",\"name\":\"Comment\",\"target\":[\"https:\\\/\\\/www.cope.es\\\/blogs\\\/yo-desayuno-a-cuerpo-de-rey\\\/2024\\\/08\\\/13\\\/cesta-de-churros-con-fruta-fresca-en-cafe-del-moral\\\/#respond\"]}]},{\"@type\":\"WebPage\",\"@id\":\"https:\\\/\\\/www.cope.es\\\/blogs\\\/yo-desayuno-a-cuerpo-de-rey\\\/2024\\\/08\\\/13\\\/cesta-de-churros-con-fruta-fresca-en-cafe-del-moral\\\/\",\"url\":\"https:\\\/\\\/www.cope.es\\\/blogs\\\/yo-desayuno-a-cuerpo-de-rey\\\/2024\\\/08\\\/13\\\/cesta-de-churros-con-fruta-fresca-en-cafe-del-moral\\\/\",\"name\":\"Cesta de Churros con Fruta Fresca en Caf\u00e9 del Moral - Yo desayuno A Cuerpo de Rey\",\"isPartOf\":{\"@id\":\"https:\\\/\\\/www.cope.es\\\/blogs\\\/yo-desayuno-a-cuerpo-de-rey\\\/#website\"},\"primaryImageOfPage\":{\"@id\":\"https:\\\/\\\/www.cope.es\\\/blogs\\\/yo-desayuno-a-cuerpo-de-rey\\\/2024\\\/08\\\/13\\\/cesta-de-churros-con-fruta-fresca-en-cafe-del-moral\\\/#primaryimage\"},\"image\":{\"@id\":\"https:\\\/\\\/www.cope.es\\\/blogs\\\/yo-desayuno-a-cuerpo-de-rey\\\/2024\\\/08\\\/13\\\/cesta-de-churros-con-fruta-fresca-en-cafe-del-moral\\\/#primaryimage\"},\"thumbnailUrl\":\"https:\\\/\\\/www.cope.es\\\/blogs\\\/yo-desayuno-a-cuerpo-de-rey\\\/wp-content\\\/uploads\\\/sites\\\/35\\\/2024\\\/08\\\/IMG_0031-scaled.jpeg\",\"datePublished\":\"2024-08-13T12:13:46+00:00\",\"author\":{\"@id\":\"https:\\\/\\\/www.cope.es\\\/blogs\\\/yo-desayuno-a-cuerpo-de-rey\\\/#\\\/schema\\\/person\\\/1dcca3cde1c76032621f6a566abf353d\"},\"breadcrumb\":{\"@id\":\"https:\\\/\\\/www.cope.es\\\/blogs\\\/yo-desayuno-a-cuerpo-de-rey\\\/2024\\\/08\\\/13\\\/cesta-de-churros-con-fruta-fresca-en-cafe-del-moral\\\/#breadcrumb\"},\"inLanguage\":\"es\",\"potentialAction\":[{\"@type\":\"ReadAction\",\"target\":[\"https:\\\/\\\/www.cope.es\\\/blogs\\\/yo-desayuno-a-cuerpo-de-rey\\\/2024\\\/08\\\/13\\\/cesta-de-churros-con-fruta-fresca-en-cafe-del-moral\\\/\"]}]},{\"@type\":\"ImageObject\",\"inLanguage\":\"es\",\"@id\":\"https:\\\/\\\/www.cope.es\\\/blogs\\\/yo-desayuno-a-cuerpo-de-rey\\\/2024\\\/08\\\/13\\\/cesta-de-churros-con-fruta-fresca-en-cafe-del-moral\\\/#primaryimage\",\"url\":\"https:\\\/\\\/www.cope.es\\\/blogs\\\/yo-desayuno-a-cuerpo-de-rey\\\/wp-content\\\/uploads\\\/sites\\\/35\\\/2024\\\/08\\\/IMG_0031-scaled.jpeg\",\"contentUrl\":\"https:\\\/\\\/www.cope.es\\\/blogs\\\/yo-desayuno-a-cuerpo-de-rey\\\/wp-content\\\/uploads\\\/sites\\\/35\\\/2024\\\/08\\\/IMG_0031-scaled.jpeg\",\"width\":2560,\"height\":1920},{\"@type\":\"BreadcrumbList\",\"@id\":\"https:\\\/\\\/www.cope.es\\\/blogs\\\/yo-desayuno-a-cuerpo-de-rey\\\/2024\\\/08\\\/13\\\/cesta-de-churros-con-fruta-fresca-en-cafe-del-moral\\\/#breadcrumb\",\"itemListElement\":[{\"@type\":\"ListItem\",\"position\":1,\"name\":\"Portada\",\"item\":\"https:\\\/\\\/www.cope.es\\\/blogs\\\/yo-desayuno-a-cuerpo-de-rey\\\/\"},{\"@type\":\"ListItem\",\"position\":2,\"name\":\"Cesta de Churros con Fruta Fresca en Caf\u00e9 del Moral\"}]},{\"@type\":\"WebSite\",\"@id\":\"https:\\\/\\\/www.cope.es\\\/blogs\\\/yo-desayuno-a-cuerpo-de-rey\\\/#website\",\"url\":\"https:\\\/\\\/www.cope.es\\\/blogs\\\/yo-desayuno-a-cuerpo-de-rey\\\/\",\"name\":\"Yo desayuno A Cuerpo de Rey\",\"description\":\"Blog gastron\u00f3mico dedicado a la comida m\u00e1s importante del d\u00eda. Nuestro granito de arena para la declaraci\u00f3n de Badajoz como Capital Ib\u00e9rica del Desayuno\",\"potentialAction\":[{\"@type\":\"SearchAction\",\"target\":{\"@type\":\"EntryPoint\",\"urlTemplate\":\"https:\\\/\\\/www.cope.es\\\/blogs\\\/yo-desayuno-a-cuerpo-de-rey\\\/?s={search_term_string}\"},\"query-input\":{\"@type\":\"PropertyValueSpecification\",\"valueRequired\":true,\"valueName\":\"search_term_string\"}}],\"inLanguage\":\"es\"},{\"@type\":\"Person\",\"@id\":\"https:\\\/\\\/www.cope.es\\\/blogs\\\/yo-desayuno-a-cuerpo-de-rey\\\/#\\\/schema\\\/person\\\/1dcca3cde1c76032621f6a566abf353d\",\"name\":\"Jos\u00e9 Luis Lorido\",\"image\":{\"@type\":\"ImageObject\",\"inLanguage\":\"es\",\"@id\":\"https:\\\/\\\/secure.gravatar.com\\\/avatar\\\/1cd961d512bf826a5e19206ba226a984646bf5d77141307e138efc37d7d41cc4?s=96&d=mm&r=g\",\"url\":\"https:\\\/\\\/secure.gravatar.com\\\/avatar\\\/1cd961d512bf826a5e19206ba226a984646bf5d77141307e138efc37d7d41cc4?s=96&d=mm&r=g\",\"contentUrl\":\"https:\\\/\\\/secure.gravatar.com\\\/avatar\\\/1cd961d512bf826a5e19206ba226a984646bf5d77141307e138efc37d7d41cc4?s=96&d=mm&r=g\",\"caption\":\"Jos\u00e9 Luis Lorido\"},\"description\":\"Yo desayuno A Cuerpo de Rey. Blog gastron\u00f3mico dedicado a la comida m\u00e1s importante del d\u00eda. Nuestro granito de arena para la declaraci\u00f3n de Badajoz como Capital Mundial del Desayuno.\",\"sameAs\":[\"https:\\\/\\\/www.cope.es\\\/badajoz\",\"https:\\\/\\\/www.facebook.com\\\/JoseLuisLoridoGarcia\",\"https:\\\/\\\/x.com\\\/lordigor\"],\"url\":\"https:\\\/\\\/www.cope.es\\\/blogs\\\/yo-desayuno-a-cuerpo-de-rey\\\/author\\\/lorido\\\/\"}]}<\/script>\n<!-- \/ Yoast SEO plugin. -->","yoast_head_json":{"title":"Cesta de Churros con Fruta Fresca en Caf\u00e9 del Moral - Yo desayuno A Cuerpo de Rey","robots":{"index":"index","follow":"follow","max-snippet":"max-snippet:-1","max-image-preview":"max-image-preview:large","max-video-preview":"max-video-preview:-1"},"canonical":"https:\/\/www.cope.es\/blogs\/yo-desayuno-a-cuerpo-de-rey\/2024\/08\/13\/cesta-de-churros-con-fruta-fresca-en-cafe-del-moral\/","og_locale":"es_ES","og_type":"article","og_title":"Cesta de Churros con Fruta Fresca en Caf\u00e9 del Moral - Yo desayuno A Cuerpo de Rey","og_description":"Acercarse hasta San Roque, cerca de los nuevos juzgados, siempre es ilusionante porque uno sabe que va a desayunar bien con alguna de las ideas de Mar\u00eda Jes\u00fas que mud\u00f3 hace ya 12 a\u00f1os su Churrer\u00eda Cafeter\u00eda desde el Paseo Condes de Barcelona hasta la Ronda Norte buscando precisamente el p\u00fablico que podr\u00eda atraer de [&hellip;]","og_url":"https:\/\/www.cope.es\/blogs\/yo-desayuno-a-cuerpo-de-rey\/2024\/08\/13\/cesta-de-churros-con-fruta-fresca-en-cafe-del-moral\/","og_site_name":"Yo desayuno A Cuerpo de Rey","article_publisher":"https:\/\/www.facebook.com\/cope\/","article_author":"https:\/\/www.facebook.com\/JoseLuisLoridoGarcia","article_published_time":"2024-08-13T12:13:46+00:00","og_image":[{"width":2560,"height":1920,"url":"https:\/\/www.cope.es\/blogs\/yo-desayuno-a-cuerpo-de-rey\/wp-content\/uploads\/sites\/35\/2024\/08\/IMG_0031-scaled.jpeg","type":"image\/jpeg"}],"author":"Jos\u00e9 Luis Lorido","twitter_card":"summary_large_image","twitter_creator":"@lordigor","twitter_site":"@cope_es","twitter_misc":{"Escrito por":"Jos\u00e9 Luis Lorido","Tiempo de lectura":"1 minuto"},"schema":{"@context":"https:\/\/schema.org","@graph":[{"@type":"Article","@id":"https:\/\/www.cope.es\/blogs\/yo-desayuno-a-cuerpo-de-rey\/2024\/08\/13\/cesta-de-churros-con-fruta-fresca-en-cafe-del-moral\/#article","isPartOf":{"@id":"https:\/\/www.cope.es\/blogs\/yo-desayuno-a-cuerpo-de-rey\/2024\/08\/13\/cesta-de-churros-con-fruta-fresca-en-cafe-del-moral\/"},"author":{"name":"Jos\u00e9 Luis Lorido","@id":"https:\/\/www.cope.es\/blogs\/yo-desayuno-a-cuerpo-de-rey\/#\/schema\/person\/1dcca3cde1c76032621f6a566abf353d"},"headline":"Cesta de Churros con Fruta Fresca en Caf\u00e9 del Moral","datePublished":"2024-08-13T12:13:46+00:00","mainEntityOfPage":{"@id":"https:\/\/www.cope.es\/blogs\/yo-desayuno-a-cuerpo-de-rey\/2024\/08\/13\/cesta-de-churros-con-fruta-fresca-en-cafe-del-moral\/"},"wordCount":274,"commentCount":0,"image":{"@id":"https:\/\/www.cope.es\/blogs\/yo-desayuno-a-cuerpo-de-rey\/2024\/08\/13\/cesta-de-churros-con-fruta-fresca-en-cafe-del-moral\/#primaryimage"},"thumbnailUrl":"https:\/\/www.cope.es\/blogs\/yo-desayuno-a-cuerpo-de-rey\/wp-content\/uploads\/sites\/35\/2024\/08\/IMG_0031-scaled.jpeg","articleSection":["Concurso Saborea Badajoz"],"inLanguage":"es","potentialAction":[{"@type":"CommentAction","name":"Comment","target":["https:\/\/www.cope.es\/blogs\/yo-desayuno-a-cuerpo-de-rey\/2024\/08\/13\/cesta-de-churros-con-fruta-fresca-en-cafe-del-moral\/#respond"]}]},{"@type":"WebPage","@id":"https:\/\/www.cope.es\/blogs\/yo-desayuno-a-cuerpo-de-rey\/2024\/08\/13\/cesta-de-churros-con-fruta-fresca-en-cafe-del-moral\/","url":"https:\/\/www.cope.es\/blogs\/yo-desayuno-a-cuerpo-de-rey\/2024\/08\/13\/cesta-de-churros-con-fruta-fresca-en-cafe-del-moral\/","name":"Cesta de Churros con Fruta Fresca en Caf\u00e9 del Moral - Yo desayuno A Cuerpo de Rey","isPartOf":{"@id":"https:\/\/www.cope.es\/blogs\/yo-desayuno-a-cuerpo-de-rey\/#website"},"primaryImageOfPage":{"@id":"https:\/\/www.cope.es\/blogs\/yo-desayuno-a-cuerpo-de-rey\/2024\/08\/13\/cesta-de-churros-con-fruta-fresca-en-cafe-del-moral\/#primaryimage"},"image":{"@id":"https:\/\/www.cope.es\/blogs\/yo-desayuno-a-cuerpo-de-rey\/2024\/08\/13\/cesta-de-churros-con-fruta-fresca-en-cafe-del-moral\/#primaryimage"},"thumbnailUrl":"https:\/\/www.cope.es\/blogs\/yo-desayuno-a-cuerpo-de-rey\/wp-content\/uploads\/sites\/35\/2024\/08\/IMG_0031-scaled.jpeg","datePublished":"2024-08-13T12:13:46+00:00","author":{"@id":"https:\/\/www.cope.es\/blogs\/yo-desayuno-a-cuerpo-de-rey\/#\/schema\/person\/1dcca3cde1c76032621f6a566abf353d"},"breadcrumb":{"@id":"https:\/\/www.cope.es\/blogs\/yo-desayuno-a-cuerpo-de-rey\/2024\/08\/13\/cesta-de-churros-con-fruta-fresca-en-cafe-del-moral\/#breadcrumb"},"inLanguage":"es","potentialAction":[{"@type":"ReadAction","target":["https:\/\/www.cope.es\/blogs\/yo-desayuno-a-cuerpo-de-rey\/2024\/08\/13\/cesta-de-churros-con-fruta-fresca-en-cafe-del-moral\/"]}]},{"@type":"ImageObject","inLanguage":"es","@id":"https:\/\/www.cope.es\/blogs\/yo-desayuno-a-cuerpo-de-rey\/2024\/08\/13\/cesta-de-churros-con-fruta-fresca-en-cafe-del-moral\/#primaryimage","url":"https:\/\/www.cope.es\/blogs\/yo-desayuno-a-cuerpo-de-rey\/wp-content\/uploads\/sites\/35\/2024\/08\/IMG_0031-scaled.jpeg","contentUrl":"https:\/\/www.cope.es\/blogs\/yo-desayuno-a-cuerpo-de-rey\/wp-content\/uploads\/sites\/35\/2024\/08\/IMG_0031-scaled.jpeg","width":2560,"height":1920},{"@type":"BreadcrumbList","@id":"https:\/\/www.cope.es\/blogs\/yo-desayuno-a-cuerpo-de-rey\/2024\/08\/13\/cesta-de-churros-con-fruta-fresca-en-cafe-del-moral\/#breadcrumb","itemListElement":[{"@type":"ListItem","position":1,"name":"Portada","item":"https:\/\/www.cope.es\/blogs\/yo-desayuno-a-cuerpo-de-rey\/"},{"@type":"ListItem","position":2,"name":"Cesta de Churros con Fruta Fresca en Caf\u00e9 del Moral"}]},{"@type":"WebSite","@id":"https:\/\/www.cope.es\/blogs\/yo-desayuno-a-cuerpo-de-rey\/#website","url":"https:\/\/www.cope.es\/blogs\/yo-desayuno-a-cuerpo-de-rey\/","name":"Yo desayuno A Cuerpo de Rey","description":"Blog gastron\u00f3mico dedicado a la comida m\u00e1s importante del d\u00eda. Nuestro granito de arena para la declaraci\u00f3n de Badajoz como Capital Ib\u00e9rica del Desayuno","potentialAction":[{"@type":"SearchAction","target":{"@type":"EntryPoint","urlTemplate":"https:\/\/www.cope.es\/blogs\/yo-desayuno-a-cuerpo-de-rey\/?s={search_term_string}"},"query-input":{"@type":"PropertyValueSpecification","valueRequired":true,"valueName":"search_term_string"}}],"inLanguage":"es"},{"@type":"Person","@id":"https:\/\/www.cope.es\/blogs\/yo-desayuno-a-cuerpo-de-rey\/#\/schema\/person\/1dcca3cde1c76032621f6a566abf353d","name":"Jos\u00e9 Luis Lorido","image":{"@type":"ImageObject","inLanguage":"es","@id":"https:\/\/secure.gravatar.com\/avatar\/1cd961d512bf826a5e19206ba226a984646bf5d77141307e138efc37d7d41cc4?s=96&d=mm&r=g","url":"https:\/\/secure.gravatar.com\/avatar\/1cd961d512bf826a5e19206ba226a984646bf5d77141307e138efc37d7d41cc4?s=96&d=mm&r=g","contentUrl":"https:\/\/secure.gravatar.com\/avatar\/1cd961d512bf826a5e19206ba226a984646bf5d77141307e138efc37d7d41cc4?s=96&d=mm&r=g","caption":"Jos\u00e9 Luis Lorido"},"description":"Yo desayuno A Cuerpo de Rey. Blog gastron\u00f3mico dedicado a la comida m\u00e1s importante del d\u00eda. Nuestro granito de arena para la declaraci\u00f3n de Badajoz como Capital Mundial del Desayuno.","sameAs":["https:\/\/www.cope.es\/badajoz","https:\/\/www.facebook.com\/JoseLuisLoridoGarcia","https:\/\/x.com\/lordigor"],"url":"https:\/\/www.cope.es\/blogs\/yo-desayuno-a-cuerpo-de-rey\/author\/lorido\/"}]}},"amp_enabled":true,"_links":{"self":[{"href":"https:\/\/www.cope.es\/blogs\/yo-desayuno-a-cuerpo-de-rey\/wp-json\/wp\/v2\/posts\/422","targetHints":{"allow":["GET"]}}],"collection":[{"href":"https:\/\/www.cope.es\/blogs\/yo-desayuno-a-cuerpo-de-rey\/wp-json\/wp\/v2\/posts"}],"about":[{"href":"https:\/\/www.cope.es\/blogs\/yo-desayuno-a-cuerpo-de-rey\/wp-json\/wp\/v2\/types\/post"}],"author":[{"embeddable":true,"href":"https:\/\/www.cope.es\/blogs\/yo-desayuno-a-cuerpo-de-rey\/wp-json\/wp\/v2\/users\/39"}],"replies":[{"embeddable":true,"href":"https:\/\/www.cope.es\/blogs\/yo-desayuno-a-cuerpo-de-rey\/wp-json\/wp\/v2\/comments?post=422"}],"version-history":[{"count":1,"href":"https:\/\/www.cope.es\/blogs\/yo-desayuno-a-cuerpo-de-rey\/wp-json\/wp\/v2\/posts\/422\/revisions"}],"predecessor-version":[{"id":423,"href":"https:\/\/www.cope.es\/blogs\/yo-desayuno-a-cuerpo-de-rey\/wp-json\/wp\/v2\/posts\/422\/revisions\/423"}],"wp:featuredmedia":[{"embeddable":true,"href":"https:\/\/www.cope.es\/blogs\/yo-desayuno-a-cuerpo-de-rey\/wp-json\/wp\/v2\/media\/419"}],"wp:attachment":[{"href":"https:\/\/www.cope.es\/blogs\/yo-desayuno-a-cuerpo-de-rey\/wp-json\/wp\/v2\/media?parent=422"}],"wp:term":[{"taxonomy":"category","embeddable":true,"href":"https:\/\/www.cope.es\/blogs\/yo-desayuno-a-cuerpo-de-rey\/wp-json\/wp\/v2\/categories?post=422"},{"taxonomy":"post_tag","embeddable":true,"href":"https:\/\/www.cope.es\/blogs\/yo-desayuno-a-cuerpo-de-rey\/wp-json\/wp\/v2\/tags?post=422"}],"curies":[{"name":"wp","href":"https:\/\/api.w.org\/{rel}","templated":true}]}}