{"id":41,"date":"2019-04-02T12:03:24","date_gmt":"2019-04-02T10:03:24","guid":{"rendered":"http:\/\/www.cope.es\/blogs\/yo-desayuno-a-cuerpo-de-rey\/?p=41"},"modified":"2019-04-02T12:20:26","modified_gmt":"2019-04-02T10:20:26","slug":"cafe-neo-dada","status":"publish","type":"post","link":"https:\/\/www.cope.es\/blogs\/yo-desayuno-a-cuerpo-de-rey\/2019\/04\/02\/cafe-neo-dada\/","title":{"rendered":"Caf\u00e9 Neo Dad\u00e1"},"content":{"rendered":"<p><img loading=\"lazy\" decoding=\"async\" width=\"300\" height=\"225\" class=\"size-medium wp-image-43 alignright\" src=\"http:\/\/www.cope.es\/blogs\/yo-desayuno-a-cuerpo-de-rey\/wp-content\/uploads\/sites\/35\/2019\/04\/13423855_496817297182076_2555403556312824498_n-300x225.jpg\" alt=\"\" srcset=\"https:\/\/www.cope.es\/blogs\/yo-desayuno-a-cuerpo-de-rey\/wp-content\/uploads\/sites\/35\/2019\/04\/13423855_496817297182076_2555403556312824498_n-300x225.jpg 300w, https:\/\/www.cope.es\/blogs\/yo-desayuno-a-cuerpo-de-rey\/wp-content\/uploads\/sites\/35\/2019\/04\/13423855_496817297182076_2555403556312824498_n-768x576.jpg 768w, https:\/\/www.cope.es\/blogs\/yo-desayuno-a-cuerpo-de-rey\/wp-content\/uploads\/sites\/35\/2019\/04\/13423855_496817297182076_2555403556312824498_n.jpg 960w\" sizes=\"auto, (max-width: 300px) 100vw, 300px\" \/>Enmarcado en la Plaza de la Soledad, coraz\u00f3n de la vida de la ciudad desde el siglo XVII, se encuentra este curioso Caf\u00e9 con nombre de movimiento art\u00edstico ecl\u00e9ctico y precursor del arte pop. Y eso es b\u00e1sicamente lo que se puede encontrar en el Neo Dad\u00e1. Una aut\u00e9ntica panoplia de productos que tienen un mismo objetivo: satisfacer al cliente m\u00e1s exigente.<\/p>\n<p>Neo dad\u00e1 ofrece un lugar para las copas de la sobremesa o noche (es todo un templo de los gin tonics), un velador donde merendar en las c\u00e1lidas tardes del suroeste o unos \u00e1mplios sof\u00e1s donde refugiarse en las tardes de invierno. Pero Neo Dad\u00e1 tambi\u00e9n ofrece unos desayunos sofisticados y originales en los que disfrutar de exquisitas mermeladas, imponentes tartas, deliciosos batidos o digestivos t\u00e9s arom\u00e1ticos. Para Pepe Guti\u00e9rrez, quien se hizo cargo de la direcci\u00f3n del negocio hace algo m\u00e1s de cinco a\u00f1os, es muy importante tambi\u00e9n la salud y la nutrici\u00f3n: tostadas integrales, para celiacos, leche otros productos sin lactosa. Pero si por algo destaca este local es en la calidad y selecci\u00f3n de los productos: cafe, pan, tartas&#8230; todo est\u00e1 hecho en exclusiva para \u00e9l, lo que le imprime un marcado car\u00e1cter, como el propio due\u00f1o.<\/p>\n<h6>DESAYUNO ESTRELLA<\/h6>\n<h6><img loading=\"lazy\" decoding=\"async\" width=\"300\" height=\"300\" class=\"size-medium wp-image-47 alignleft\" src=\"http:\/\/www.cope.es\/blogs\/yo-desayuno-a-cuerpo-de-rey\/wp-content\/uploads\/sites\/35\/2019\/04\/55924144_10217098454269976_5877753432810455040_n-300x300.jpg\" alt=\"\" srcset=\"https:\/\/www.cope.es\/blogs\/yo-desayuno-a-cuerpo-de-rey\/wp-content\/uploads\/sites\/35\/2019\/04\/55924144_10217098454269976_5877753432810455040_n-300x300.jpg 300w, https:\/\/www.cope.es\/blogs\/yo-desayuno-a-cuerpo-de-rey\/wp-content\/uploads\/sites\/35\/2019\/04\/55924144_10217098454269976_5877753432810455040_n-150x150.jpg 150w, https:\/\/www.cope.es\/blogs\/yo-desayuno-a-cuerpo-de-rey\/wp-content\/uploads\/sites\/35\/2019\/04\/55924144_10217098454269976_5877753432810455040_n-768x768.jpg 768w, https:\/\/www.cope.es\/blogs\/yo-desayuno-a-cuerpo-de-rey\/wp-content\/uploads\/sites\/35\/2019\/04\/55924144_10217098454269976_5877753432810455040_n-170x170.jpg 170w, https:\/\/www.cope.es\/blogs\/yo-desayuno-a-cuerpo-de-rey\/wp-content\/uploads\/sites\/35\/2019\/04\/55924144_10217098454269976_5877753432810455040_n-73x73.jpg 73w, https:\/\/www.cope.es\/blogs\/yo-desayuno-a-cuerpo-de-rey\/wp-content\/uploads\/sites\/35\/2019\/04\/55924144_10217098454269976_5877753432810455040_n-108x108.jpg 108w, https:\/\/www.cope.es\/blogs\/yo-desayuno-a-cuerpo-de-rey\/wp-content\/uploads\/sites\/35\/2019\/04\/55924144_10217098454269976_5877753432810455040_n.jpg 960w\" sizes=\"auto, (max-width: 300px) 100vw, 300px\" \/><\/h6>\n<p>Casi siempre pido en el Neo Dad\u00e1 la media blanca con york. Est\u00e1 hecha con el pan especial de la casa, consistente y hasta un pel\u00edn denso, con un fiambre de muy alta calidad y, sobre todo, con la sabrosa mantequilla portuguesa &#8220;Primor&#8221;. El punto de tostado suele ser el justo, crujiente pero jugosa, aunque si se solicita, se puede tostar algo menos. El tama\u00f1o es de grande a muy grande, sobre la media. Lo acompa\u00f1o con caf\u00e9 solo doble con hielo frappe. El precio de este desayuno es 2,15\u20ac.<\/p>\n<p>&nbsp;<\/p>\n<p>&nbsp;<\/p>\n<p>&nbsp;<\/p>\n<p>&nbsp;<\/p>\n<p>&nbsp;<\/p>\n<p>&nbsp;<\/p>\n<table style=\"width: 500px\">\n<tbody>\n<tr>\n<td>\n<h6 style=\"text-align: center\">Tienen zumo natural: SI<\/h6>\n<\/td>\n<td style=\"text-align: center\">\n<h6>Puntuaci\u00f3n<a href=\"https:\/\/es.foursquare.com\/v\/caf%C3%A9-dada\/4ca7a89ff47ea1434f236d21\">\u00a0Foursquare<\/a>: 7,9\/10<\/h6>\n<\/td>\n<\/tr>\n<tr>\n<td>\n<h6 style=\"text-align: center\">Est\u00e1n limpios los servicios: SI<\/h6>\n<\/td>\n<td>\n<h6 style=\"text-align: center\">Puntuaci\u00f3n <a href=\"https:\/\/goo.gl\/maps\/M2mxjs3bgon\">Google<\/a> 4,3\/5<\/h6>\n<\/td>\n<\/tr>\n<tr>\n<td>\n<h6 style=\"text-align: center\">Hay servicio en mesas: SI<\/h6>\n<\/td>\n<td>\n<h6 style=\"text-align: center\">Luis Baille, 1<\/h6>\n<\/td>\n<\/tr>\n<tr>\n<td style=\"text-align: center\">\n<h6>Hay veladores exteriores: SI<\/h6>\n<\/td>\n<td>\n<h6 style=\"text-align: center\">&#8211;<\/h6>\n<\/td>\n<\/tr>\n<\/tbody>\n<\/table>\n<p>&nbsp;<\/p>\n<p>&nbsp;<\/p>\n","protected":false},"excerpt":{"rendered":"<p>Enmarcado en la Plaza de la Soledad, coraz\u00f3n de la vida de la ciudad desde el siglo XVII, se encuentra este curioso Caf\u00e9 con nombre de movimiento art\u00edstico ecl\u00e9ctico y precursor del arte pop. Y eso es b\u00e1sicamente lo que se puede encontrar en el Neo Dad\u00e1. Una aut\u00e9ntica panoplia de productos que tienen un [&hellip;]<\/p>\n","protected":false},"author":39,"featured_media":44,"comment_status":"open","ping_status":"open","sticky":false,"template":"","format":"standard","meta":{"footnotes":""},"categories":[3],"tags":[],"class_list":["post-41","post","type-post","status-publish","format-standard","has-post-thumbnail","hentry","category-locales"],"yoast_head":"<!-- This site is optimized with the Yoast SEO plugin v27.4 - https:\/\/yoast.com\/product\/yoast-seo-wordpress\/ -->\n<title>Caf\u00e9 Neo Dad\u00e1 - Yo desayuno A Cuerpo de Rey<\/title>\n<meta name=\"robots\" content=\"index, follow, max-snippet:-1, max-image-preview:large, max-video-preview:-1\" \/>\n<link rel=\"canonical\" href=\"https:\/\/www.cope.es\/blogs\/yo-desayuno-a-cuerpo-de-rey\/2019\/04\/02\/cafe-neo-dada\/\" \/>\n<meta property=\"og:locale\" content=\"es_ES\" \/>\n<meta property=\"og:type\" content=\"article\" \/>\n<meta property=\"og:title\" content=\"Caf\u00e9 Neo Dad\u00e1 - Yo desayuno A Cuerpo de Rey\" \/>\n<meta property=\"og:description\" content=\"Enmarcado en la Plaza de la Soledad, coraz\u00f3n de la vida de la ciudad desde el siglo XVII, se encuentra este curioso Caf\u00e9 con nombre de movimiento art\u00edstico ecl\u00e9ctico y precursor del arte pop. Y eso es b\u00e1sicamente lo que se puede encontrar en el Neo Dad\u00e1. Una aut\u00e9ntica panoplia de productos que tienen un [&hellip;]\" \/>\n<meta property=\"og:url\" content=\"https:\/\/www.cope.es\/blogs\/yo-desayuno-a-cuerpo-de-rey\/2019\/04\/02\/cafe-neo-dada\/\" \/>\n<meta property=\"og:site_name\" content=\"Yo desayuno A Cuerpo de Rey\" \/>\n<meta property=\"article:publisher\" content=\"https:\/\/www.facebook.com\/cope\/\" \/>\n<meta property=\"article:author\" content=\"https:\/\/www.facebook.com\/JoseLuisLoridoGarcia\" \/>\n<meta property=\"article:published_time\" content=\"2019-04-02T10:03:24+00:00\" \/>\n<meta property=\"article:modified_time\" content=\"2019-04-02T10:20:26+00:00\" \/>\n<meta property=\"og:image\" content=\"https:\/\/www.cope.es\/blogs\/yo-desayuno-a-cuerpo-de-rey\/wp-content\/uploads\/sites\/35\/2019\/04\/55924144_10217098454269976_5877753432810455040_n_edited.jpg\" \/>\n\t<meta property=\"og:image:width\" content=\"960\" \/>\n\t<meta property=\"og:image:height\" content=\"540\" \/>\n\t<meta property=\"og:image:type\" content=\"image\/jpeg\" \/>\n<meta name=\"author\" content=\"Jos\u00e9 Luis Lorido\" \/>\n<meta name=\"twitter:card\" content=\"summary_large_image\" \/>\n<meta name=\"twitter:creator\" content=\"@lordigor\" \/>\n<meta name=\"twitter:site\" content=\"@cope_es\" \/>\n<meta name=\"twitter:label1\" content=\"Escrito por\" \/>\n\t<meta name=\"twitter:data1\" content=\"Jos\u00e9 Luis Lorido\" \/>\n\t<meta name=\"twitter:label2\" content=\"Tiempo de lectura\" \/>\n\t<meta name=\"twitter:data2\" content=\"2 minutos\" \/>\n<script type=\"application\/ld+json\" class=\"yoast-schema-graph\">{\"@context\":\"https:\\\/\\\/schema.org\",\"@graph\":[{\"@type\":\"Article\",\"@id\":\"https:\\\/\\\/www.cope.es\\\/blogs\\\/yo-desayuno-a-cuerpo-de-rey\\\/2019\\\/04\\\/02\\\/cafe-neo-dada\\\/#article\",\"isPartOf\":{\"@id\":\"https:\\\/\\\/www.cope.es\\\/blogs\\\/yo-desayuno-a-cuerpo-de-rey\\\/2019\\\/04\\\/02\\\/cafe-neo-dada\\\/\"},\"author\":{\"name\":\"Jos\u00e9 Luis Lorido\",\"@id\":\"https:\\\/\\\/www.cope.es\\\/blogs\\\/yo-desayuno-a-cuerpo-de-rey\\\/#\\\/schema\\\/person\\\/1dcca3cde1c76032621f6a566abf353d\"},\"headline\":\"Caf\u00e9 Neo Dad\u00e1\",\"datePublished\":\"2019-04-02T10:03:24+00:00\",\"dateModified\":\"2019-04-02T10:20:26+00:00\",\"mainEntityOfPage\":{\"@id\":\"https:\\\/\\\/www.cope.es\\\/blogs\\\/yo-desayuno-a-cuerpo-de-rey\\\/2019\\\/04\\\/02\\\/cafe-neo-dada\\\/\"},\"wordCount\":355,\"commentCount\":0,\"image\":{\"@id\":\"https:\\\/\\\/www.cope.es\\\/blogs\\\/yo-desayuno-a-cuerpo-de-rey\\\/2019\\\/04\\\/02\\\/cafe-neo-dada\\\/#primaryimage\"},\"thumbnailUrl\":\"https:\\\/\\\/www.cope.es\\\/blogs\\\/yo-desayuno-a-cuerpo-de-rey\\\/wp-content\\\/uploads\\\/sites\\\/35\\\/2019\\\/04\\\/55924144_10217098454269976_5877753432810455040_n_edited.jpg\",\"articleSection\":[\"Locales\"],\"inLanguage\":\"es\",\"potentialAction\":[{\"@type\":\"CommentAction\",\"name\":\"Comment\",\"target\":[\"https:\\\/\\\/www.cope.es\\\/blogs\\\/yo-desayuno-a-cuerpo-de-rey\\\/2019\\\/04\\\/02\\\/cafe-neo-dada\\\/#respond\"]}]},{\"@type\":\"WebPage\",\"@id\":\"https:\\\/\\\/www.cope.es\\\/blogs\\\/yo-desayuno-a-cuerpo-de-rey\\\/2019\\\/04\\\/02\\\/cafe-neo-dada\\\/\",\"url\":\"https:\\\/\\\/www.cope.es\\\/blogs\\\/yo-desayuno-a-cuerpo-de-rey\\\/2019\\\/04\\\/02\\\/cafe-neo-dada\\\/\",\"name\":\"Caf\u00e9 Neo Dad\u00e1 - Yo desayuno A Cuerpo de Rey\",\"isPartOf\":{\"@id\":\"https:\\\/\\\/www.cope.es\\\/blogs\\\/yo-desayuno-a-cuerpo-de-rey\\\/#website\"},\"primaryImageOfPage\":{\"@id\":\"https:\\\/\\\/www.cope.es\\\/blogs\\\/yo-desayuno-a-cuerpo-de-rey\\\/2019\\\/04\\\/02\\\/cafe-neo-dada\\\/#primaryimage\"},\"image\":{\"@id\":\"https:\\\/\\\/www.cope.es\\\/blogs\\\/yo-desayuno-a-cuerpo-de-rey\\\/2019\\\/04\\\/02\\\/cafe-neo-dada\\\/#primaryimage\"},\"thumbnailUrl\":\"https:\\\/\\\/www.cope.es\\\/blogs\\\/yo-desayuno-a-cuerpo-de-rey\\\/wp-content\\\/uploads\\\/sites\\\/35\\\/2019\\\/04\\\/55924144_10217098454269976_5877753432810455040_n_edited.jpg\",\"datePublished\":\"2019-04-02T10:03:24+00:00\",\"dateModified\":\"2019-04-02T10:20:26+00:00\",\"author\":{\"@id\":\"https:\\\/\\\/www.cope.es\\\/blogs\\\/yo-desayuno-a-cuerpo-de-rey\\\/#\\\/schema\\\/person\\\/1dcca3cde1c76032621f6a566abf353d\"},\"breadcrumb\":{\"@id\":\"https:\\\/\\\/www.cope.es\\\/blogs\\\/yo-desayuno-a-cuerpo-de-rey\\\/2019\\\/04\\\/02\\\/cafe-neo-dada\\\/#breadcrumb\"},\"inLanguage\":\"es\",\"potentialAction\":[{\"@type\":\"ReadAction\",\"target\":[\"https:\\\/\\\/www.cope.es\\\/blogs\\\/yo-desayuno-a-cuerpo-de-rey\\\/2019\\\/04\\\/02\\\/cafe-neo-dada\\\/\"]}]},{\"@type\":\"ImageObject\",\"inLanguage\":\"es\",\"@id\":\"https:\\\/\\\/www.cope.es\\\/blogs\\\/yo-desayuno-a-cuerpo-de-rey\\\/2019\\\/04\\\/02\\\/cafe-neo-dada\\\/#primaryimage\",\"url\":\"https:\\\/\\\/www.cope.es\\\/blogs\\\/yo-desayuno-a-cuerpo-de-rey\\\/wp-content\\\/uploads\\\/sites\\\/35\\\/2019\\\/04\\\/55924144_10217098454269976_5877753432810455040_n_edited.jpg\",\"contentUrl\":\"https:\\\/\\\/www.cope.es\\\/blogs\\\/yo-desayuno-a-cuerpo-de-rey\\\/wp-content\\\/uploads\\\/sites\\\/35\\\/2019\\\/04\\\/55924144_10217098454269976_5877753432810455040_n_edited.jpg\",\"width\":960,\"height\":540},{\"@type\":\"BreadcrumbList\",\"@id\":\"https:\\\/\\\/www.cope.es\\\/blogs\\\/yo-desayuno-a-cuerpo-de-rey\\\/2019\\\/04\\\/02\\\/cafe-neo-dada\\\/#breadcrumb\",\"itemListElement\":[{\"@type\":\"ListItem\",\"position\":1,\"name\":\"Portada\",\"item\":\"https:\\\/\\\/www.cope.es\\\/blogs\\\/yo-desayuno-a-cuerpo-de-rey\\\/\"},{\"@type\":\"ListItem\",\"position\":2,\"name\":\"Caf\u00e9 Neo Dad\u00e1\"}]},{\"@type\":\"WebSite\",\"@id\":\"https:\\\/\\\/www.cope.es\\\/blogs\\\/yo-desayuno-a-cuerpo-de-rey\\\/#website\",\"url\":\"https:\\\/\\\/www.cope.es\\\/blogs\\\/yo-desayuno-a-cuerpo-de-rey\\\/\",\"name\":\"Yo desayuno A Cuerpo de Rey\",\"description\":\"Blog gastron\u00f3mico dedicado a la comida m\u00e1s importante del d\u00eda. Nuestro granito de arena para la declaraci\u00f3n de Badajoz como Capital Ib\u00e9rica del Desayuno\",\"potentialAction\":[{\"@type\":\"SearchAction\",\"target\":{\"@type\":\"EntryPoint\",\"urlTemplate\":\"https:\\\/\\\/www.cope.es\\\/blogs\\\/yo-desayuno-a-cuerpo-de-rey\\\/?s={search_term_string}\"},\"query-input\":{\"@type\":\"PropertyValueSpecification\",\"valueRequired\":true,\"valueName\":\"search_term_string\"}}],\"inLanguage\":\"es\"},{\"@type\":\"Person\",\"@id\":\"https:\\\/\\\/www.cope.es\\\/blogs\\\/yo-desayuno-a-cuerpo-de-rey\\\/#\\\/schema\\\/person\\\/1dcca3cde1c76032621f6a566abf353d\",\"name\":\"Jos\u00e9 Luis Lorido\",\"image\":{\"@type\":\"ImageObject\",\"inLanguage\":\"es\",\"@id\":\"https:\\\/\\\/secure.gravatar.com\\\/avatar\\\/1cd961d512bf826a5e19206ba226a984646bf5d77141307e138efc37d7d41cc4?s=96&d=mm&r=g\",\"url\":\"https:\\\/\\\/secure.gravatar.com\\\/avatar\\\/1cd961d512bf826a5e19206ba226a984646bf5d77141307e138efc37d7d41cc4?s=96&d=mm&r=g\",\"contentUrl\":\"https:\\\/\\\/secure.gravatar.com\\\/avatar\\\/1cd961d512bf826a5e19206ba226a984646bf5d77141307e138efc37d7d41cc4?s=96&d=mm&r=g\",\"caption\":\"Jos\u00e9 Luis Lorido\"},\"description\":\"Yo desayuno A Cuerpo de Rey. Blog gastron\u00f3mico dedicado a la comida m\u00e1s importante del d\u00eda. Nuestro granito de arena para la declaraci\u00f3n de Badajoz como Capital Mundial del Desayuno.\",\"sameAs\":[\"https:\\\/\\\/www.cope.es\\\/badajoz\",\"https:\\\/\\\/www.facebook.com\\\/JoseLuisLoridoGarcia\",\"https:\\\/\\\/x.com\\\/lordigor\"],\"url\":\"https:\\\/\\\/www.cope.es\\\/blogs\\\/yo-desayuno-a-cuerpo-de-rey\\\/author\\\/lorido\\\/\"}]}<\/script>\n<!-- \/ Yoast SEO plugin. -->","yoast_head_json":{"title":"Caf\u00e9 Neo Dad\u00e1 - Yo desayuno A Cuerpo de Rey","robots":{"index":"index","follow":"follow","max-snippet":"max-snippet:-1","max-image-preview":"max-image-preview:large","max-video-preview":"max-video-preview:-1"},"canonical":"https:\/\/www.cope.es\/blogs\/yo-desayuno-a-cuerpo-de-rey\/2019\/04\/02\/cafe-neo-dada\/","og_locale":"es_ES","og_type":"article","og_title":"Caf\u00e9 Neo Dad\u00e1 - Yo desayuno A Cuerpo de Rey","og_description":"Enmarcado en la Plaza de la Soledad, coraz\u00f3n de la vida de la ciudad desde el siglo XVII, se encuentra este curioso Caf\u00e9 con nombre de movimiento art\u00edstico ecl\u00e9ctico y precursor del arte pop. Y eso es b\u00e1sicamente lo que se puede encontrar en el Neo Dad\u00e1. Una aut\u00e9ntica panoplia de productos que tienen un [&hellip;]","og_url":"https:\/\/www.cope.es\/blogs\/yo-desayuno-a-cuerpo-de-rey\/2019\/04\/02\/cafe-neo-dada\/","og_site_name":"Yo desayuno A Cuerpo de Rey","article_publisher":"https:\/\/www.facebook.com\/cope\/","article_author":"https:\/\/www.facebook.com\/JoseLuisLoridoGarcia","article_published_time":"2019-04-02T10:03:24+00:00","article_modified_time":"2019-04-02T10:20:26+00:00","og_image":[{"width":960,"height":540,"url":"https:\/\/www.cope.es\/blogs\/yo-desayuno-a-cuerpo-de-rey\/wp-content\/uploads\/sites\/35\/2019\/04\/55924144_10217098454269976_5877753432810455040_n_edited.jpg","type":"image\/jpeg"}],"author":"Jos\u00e9 Luis Lorido","twitter_card":"summary_large_image","twitter_creator":"@lordigor","twitter_site":"@cope_es","twitter_misc":{"Escrito por":"Jos\u00e9 Luis Lorido","Tiempo de lectura":"2 minutos"},"schema":{"@context":"https:\/\/schema.org","@graph":[{"@type":"Article","@id":"https:\/\/www.cope.es\/blogs\/yo-desayuno-a-cuerpo-de-rey\/2019\/04\/02\/cafe-neo-dada\/#article","isPartOf":{"@id":"https:\/\/www.cope.es\/blogs\/yo-desayuno-a-cuerpo-de-rey\/2019\/04\/02\/cafe-neo-dada\/"},"author":{"name":"Jos\u00e9 Luis Lorido","@id":"https:\/\/www.cope.es\/blogs\/yo-desayuno-a-cuerpo-de-rey\/#\/schema\/person\/1dcca3cde1c76032621f6a566abf353d"},"headline":"Caf\u00e9 Neo Dad\u00e1","datePublished":"2019-04-02T10:03:24+00:00","dateModified":"2019-04-02T10:20:26+00:00","mainEntityOfPage":{"@id":"https:\/\/www.cope.es\/blogs\/yo-desayuno-a-cuerpo-de-rey\/2019\/04\/02\/cafe-neo-dada\/"},"wordCount":355,"commentCount":0,"image":{"@id":"https:\/\/www.cope.es\/blogs\/yo-desayuno-a-cuerpo-de-rey\/2019\/04\/02\/cafe-neo-dada\/#primaryimage"},"thumbnailUrl":"https:\/\/www.cope.es\/blogs\/yo-desayuno-a-cuerpo-de-rey\/wp-content\/uploads\/sites\/35\/2019\/04\/55924144_10217098454269976_5877753432810455040_n_edited.jpg","articleSection":["Locales"],"inLanguage":"es","potentialAction":[{"@type":"CommentAction","name":"Comment","target":["https:\/\/www.cope.es\/blogs\/yo-desayuno-a-cuerpo-de-rey\/2019\/04\/02\/cafe-neo-dada\/#respond"]}]},{"@type":"WebPage","@id":"https:\/\/www.cope.es\/blogs\/yo-desayuno-a-cuerpo-de-rey\/2019\/04\/02\/cafe-neo-dada\/","url":"https:\/\/www.cope.es\/blogs\/yo-desayuno-a-cuerpo-de-rey\/2019\/04\/02\/cafe-neo-dada\/","name":"Caf\u00e9 Neo Dad\u00e1 - Yo desayuno A Cuerpo de Rey","isPartOf":{"@id":"https:\/\/www.cope.es\/blogs\/yo-desayuno-a-cuerpo-de-rey\/#website"},"primaryImageOfPage":{"@id":"https:\/\/www.cope.es\/blogs\/yo-desayuno-a-cuerpo-de-rey\/2019\/04\/02\/cafe-neo-dada\/#primaryimage"},"image":{"@id":"https:\/\/www.cope.es\/blogs\/yo-desayuno-a-cuerpo-de-rey\/2019\/04\/02\/cafe-neo-dada\/#primaryimage"},"thumbnailUrl":"https:\/\/www.cope.es\/blogs\/yo-desayuno-a-cuerpo-de-rey\/wp-content\/uploads\/sites\/35\/2019\/04\/55924144_10217098454269976_5877753432810455040_n_edited.jpg","datePublished":"2019-04-02T10:03:24+00:00","dateModified":"2019-04-02T10:20:26+00:00","author":{"@id":"https:\/\/www.cope.es\/blogs\/yo-desayuno-a-cuerpo-de-rey\/#\/schema\/person\/1dcca3cde1c76032621f6a566abf353d"},"breadcrumb":{"@id":"https:\/\/www.cope.es\/blogs\/yo-desayuno-a-cuerpo-de-rey\/2019\/04\/02\/cafe-neo-dada\/#breadcrumb"},"inLanguage":"es","potentialAction":[{"@type":"ReadAction","target":["https:\/\/www.cope.es\/blogs\/yo-desayuno-a-cuerpo-de-rey\/2019\/04\/02\/cafe-neo-dada\/"]}]},{"@type":"ImageObject","inLanguage":"es","@id":"https:\/\/www.cope.es\/blogs\/yo-desayuno-a-cuerpo-de-rey\/2019\/04\/02\/cafe-neo-dada\/#primaryimage","url":"https:\/\/www.cope.es\/blogs\/yo-desayuno-a-cuerpo-de-rey\/wp-content\/uploads\/sites\/35\/2019\/04\/55924144_10217098454269976_5877753432810455040_n_edited.jpg","contentUrl":"https:\/\/www.cope.es\/blogs\/yo-desayuno-a-cuerpo-de-rey\/wp-content\/uploads\/sites\/35\/2019\/04\/55924144_10217098454269976_5877753432810455040_n_edited.jpg","width":960,"height":540},{"@type":"BreadcrumbList","@id":"https:\/\/www.cope.es\/blogs\/yo-desayuno-a-cuerpo-de-rey\/2019\/04\/02\/cafe-neo-dada\/#breadcrumb","itemListElement":[{"@type":"ListItem","position":1,"name":"Portada","item":"https:\/\/www.cope.es\/blogs\/yo-desayuno-a-cuerpo-de-rey\/"},{"@type":"ListItem","position":2,"name":"Caf\u00e9 Neo Dad\u00e1"}]},{"@type":"WebSite","@id":"https:\/\/www.cope.es\/blogs\/yo-desayuno-a-cuerpo-de-rey\/#website","url":"https:\/\/www.cope.es\/blogs\/yo-desayuno-a-cuerpo-de-rey\/","name":"Yo desayuno A Cuerpo de Rey","description":"Blog gastron\u00f3mico dedicado a la comida m\u00e1s importante del d\u00eda. Nuestro granito de arena para la declaraci\u00f3n de Badajoz como Capital Ib\u00e9rica del Desayuno","potentialAction":[{"@type":"SearchAction","target":{"@type":"EntryPoint","urlTemplate":"https:\/\/www.cope.es\/blogs\/yo-desayuno-a-cuerpo-de-rey\/?s={search_term_string}"},"query-input":{"@type":"PropertyValueSpecification","valueRequired":true,"valueName":"search_term_string"}}],"inLanguage":"es"},{"@type":"Person","@id":"https:\/\/www.cope.es\/blogs\/yo-desayuno-a-cuerpo-de-rey\/#\/schema\/person\/1dcca3cde1c76032621f6a566abf353d","name":"Jos\u00e9 Luis Lorido","image":{"@type":"ImageObject","inLanguage":"es","@id":"https:\/\/secure.gravatar.com\/avatar\/1cd961d512bf826a5e19206ba226a984646bf5d77141307e138efc37d7d41cc4?s=96&d=mm&r=g","url":"https:\/\/secure.gravatar.com\/avatar\/1cd961d512bf826a5e19206ba226a984646bf5d77141307e138efc37d7d41cc4?s=96&d=mm&r=g","contentUrl":"https:\/\/secure.gravatar.com\/avatar\/1cd961d512bf826a5e19206ba226a984646bf5d77141307e138efc37d7d41cc4?s=96&d=mm&r=g","caption":"Jos\u00e9 Luis Lorido"},"description":"Yo desayuno A Cuerpo de Rey. Blog gastron\u00f3mico dedicado a la comida m\u00e1s importante del d\u00eda. Nuestro granito de arena para la declaraci\u00f3n de Badajoz como Capital Mundial del Desayuno.","sameAs":["https:\/\/www.cope.es\/badajoz","https:\/\/www.facebook.com\/JoseLuisLoridoGarcia","https:\/\/x.com\/lordigor"],"url":"https:\/\/www.cope.es\/blogs\/yo-desayuno-a-cuerpo-de-rey\/author\/lorido\/"}]}},"amp_enabled":true,"_links":{"self":[{"href":"https:\/\/www.cope.es\/blogs\/yo-desayuno-a-cuerpo-de-rey\/wp-json\/wp\/v2\/posts\/41","targetHints":{"allow":["GET"]}}],"collection":[{"href":"https:\/\/www.cope.es\/blogs\/yo-desayuno-a-cuerpo-de-rey\/wp-json\/wp\/v2\/posts"}],"about":[{"href":"https:\/\/www.cope.es\/blogs\/yo-desayuno-a-cuerpo-de-rey\/wp-json\/wp\/v2\/types\/post"}],"author":[{"embeddable":true,"href":"https:\/\/www.cope.es\/blogs\/yo-desayuno-a-cuerpo-de-rey\/wp-json\/wp\/v2\/users\/39"}],"replies":[{"embeddable":true,"href":"https:\/\/www.cope.es\/blogs\/yo-desayuno-a-cuerpo-de-rey\/wp-json\/wp\/v2\/comments?post=41"}],"version-history":[{"count":2,"href":"https:\/\/www.cope.es\/blogs\/yo-desayuno-a-cuerpo-de-rey\/wp-json\/wp\/v2\/posts\/41\/revisions"}],"predecessor-version":[{"id":49,"href":"https:\/\/www.cope.es\/blogs\/yo-desayuno-a-cuerpo-de-rey\/wp-json\/wp\/v2\/posts\/41\/revisions\/49"}],"wp:featuredmedia":[{"embeddable":true,"href":"https:\/\/www.cope.es\/blogs\/yo-desayuno-a-cuerpo-de-rey\/wp-json\/wp\/v2\/media\/44"}],"wp:attachment":[{"href":"https:\/\/www.cope.es\/blogs\/yo-desayuno-a-cuerpo-de-rey\/wp-json\/wp\/v2\/media?parent=41"}],"wp:term":[{"taxonomy":"category","embeddable":true,"href":"https:\/\/www.cope.es\/blogs\/yo-desayuno-a-cuerpo-de-rey\/wp-json\/wp\/v2\/categories?post=41"},{"taxonomy":"post_tag","embeddable":true,"href":"https:\/\/www.cope.es\/blogs\/yo-desayuno-a-cuerpo-de-rey\/wp-json\/wp\/v2\/tags?post=41"}],"curies":[{"name":"wp","href":"https:\/\/api.w.org\/{rel}","templated":true}]}}