{"id":205,"date":"2020-07-29T08:56:07","date_gmt":"2020-07-29T06:56:07","guid":{"rendered":"http:\/\/www.cope.es\/blogs\/yo-desayuno-a-cuerpo-de-rey\/?p=205"},"modified":"2020-07-29T08:56:55","modified_gmt":"2020-07-29T06:56:55","slug":"15-retinto-braseado-en-la-esquina","status":"publish","type":"post","link":"https:\/\/www.cope.es\/blogs\/yo-desayuno-a-cuerpo-de-rey\/2020\/07\/29\/15-retinto-braseado-en-la-esquina\/","title":{"rendered":"15. Retinto Braseado, en La Esquina"},"content":{"rendered":"<p><img loading=\"lazy\" decoding=\"async\" width=\"300\" height=\"225\" class=\"size-medium wp-image-209 alignleft\" src=\"http:\/\/www.cope.es\/blogs\/yo-desayuno-a-cuerpo-de-rey\/wp-content\/uploads\/sites\/35\/2020\/07\/WhatsApp-Image-2020-07-29-at-08.21.02-300x225.jpeg\" alt=\"\" srcset=\"https:\/\/www.cope.es\/blogs\/yo-desayuno-a-cuerpo-de-rey\/wp-content\/uploads\/sites\/35\/2020\/07\/WhatsApp-Image-2020-07-29-at-08.21.02-300x225.jpeg 300w, https:\/\/www.cope.es\/blogs\/yo-desayuno-a-cuerpo-de-rey\/wp-content\/uploads\/sites\/35\/2020\/07\/WhatsApp-Image-2020-07-29-at-08.21.02-1024x768.jpeg 1024w, https:\/\/www.cope.es\/blogs\/yo-desayuno-a-cuerpo-de-rey\/wp-content\/uploads\/sites\/35\/2020\/07\/WhatsApp-Image-2020-07-29-at-08.21.02-768x576.jpeg 768w, https:\/\/www.cope.es\/blogs\/yo-desayuno-a-cuerpo-de-rey\/wp-content\/uploads\/sites\/35\/2020\/07\/WhatsApp-Image-2020-07-29-at-08.21.02-1536x1152.jpeg 1536w, https:\/\/www.cope.es\/blogs\/yo-desayuno-a-cuerpo-de-rey\/wp-content\/uploads\/sites\/35\/2020\/07\/WhatsApp-Image-2020-07-29-at-08.21.02.jpeg 1600w\" sizes=\"auto, (max-width: 300px) 100vw, 300px\" \/>Decir La Esquina es decir San Roque. Desde siempre esta cafeter\u00eda situada justo en mitad de Ricardo Carapeto ha sido tambi\u00e9n el centro de negocios, encuentros amorosos, comidas de amigos y celebraciones familiares. El buen hacer de la familia Pintiado ha sido la referencia para la hosteler\u00eda del populoso barrio de &#8220;los machas&#8221; (que, recordemos, si fuera independiente de Badajoz Capital, ser\u00eda el sexto municipio de la provincia en cuanto a poblaci\u00f3n)&#8230; y tambi\u00e9n en toda la ciudad, con negocios que han alegrado otras zonas pacenses.<\/p>\n<p>Me recibe tras la barra Marcos. Dentro de la cafeter\u00eda hay dos mesas ocupadas, otras tantas en la terraza exterior. &#8220;Vengo a probar el desayuno&#8221;, le anuncio. &#8220;Ya vienes tarde&#8221;, me contesta. La \u00faltima de las reformas del bar lo ha dejado modern\u00edsimo, al tiempo que acogedor. La luz cenital ilumina el mostrador de madera. Se acerca Jos\u00e9 Luis a atender al primero de los dos clientes que acaban de llegar. Para el segundo viene Juanito, que al reconocerme a pesar de la mascarilla me saluda. Hago lo propio y tras una breve conversaci\u00f3n casi le saco (no hace falta mucho) su historia m\u00e1s reconocida: &#8220;Jomio, lo bien que voy a estar yo en mi ata\u00fad. Aqu\u00ed me duelen mucho los pies. All\u00ed todo el d\u00eda tumbado&#8230; descansando&#8230; dormidito&#8221; (y se cruza las manos sobre el pecho&#8221;.<\/p>\n<p>A todo esto, ya ha sacado Marcos la tostada: &#8220;Es una tostada con aceite de oliva con filetes muy finos de un lomo de retinto fraseado en horno de le\u00f1a de encina con piment\u00f3n de la Vera, acompa\u00f1ado de macedonia de frutas de temporada&#8221;. Pero, \u00bfse le puede decir algo m\u00e1s bonito a alguien por la ma\u00f1ana? Ni una madre a su reto\u00f1o, ni un enamorado a su novia, ni el mism\u00edsimo Espronceda podr\u00eda enlazar tantas palabras y tan bonitas a un tiempo.<img loading=\"lazy\" decoding=\"async\" width=\"300\" height=\"225\" class=\"size-medium wp-image-207 aligncenter\" src=\"http:\/\/www.cope.es\/blogs\/yo-desayuno-a-cuerpo-de-rey\/wp-content\/uploads\/sites\/35\/2020\/07\/WhatsApp-Image-2020-07-29-at-08.21.03-300x225.jpeg\" alt=\"\" srcset=\"https:\/\/www.cope.es\/blogs\/yo-desayuno-a-cuerpo-de-rey\/wp-content\/uploads\/sites\/35\/2020\/07\/WhatsApp-Image-2020-07-29-at-08.21.03-300x225.jpeg 300w, https:\/\/www.cope.es\/blogs\/yo-desayuno-a-cuerpo-de-rey\/wp-content\/uploads\/sites\/35\/2020\/07\/WhatsApp-Image-2020-07-29-at-08.21.03-1024x768.jpeg 1024w, https:\/\/www.cope.es\/blogs\/yo-desayuno-a-cuerpo-de-rey\/wp-content\/uploads\/sites\/35\/2020\/07\/WhatsApp-Image-2020-07-29-at-08.21.03-768x576.jpeg 768w, https:\/\/www.cope.es\/blogs\/yo-desayuno-a-cuerpo-de-rey\/wp-content\/uploads\/sites\/35\/2020\/07\/WhatsApp-Image-2020-07-29-at-08.21.03-1536x1152.jpeg 1536w, https:\/\/www.cope.es\/blogs\/yo-desayuno-a-cuerpo-de-rey\/wp-content\/uploads\/sites\/35\/2020\/07\/WhatsApp-Image-2020-07-29-at-08.21.03.jpeg 1600w\" sizes=\"auto, (max-width: 300px) 100vw, 300px\" \/><\/p>\n<p>El aspecto es simplemente espectacular. las volutas que forma la casita del lomo, algo m\u00e1s tostada y a pinto de derretirse se camuflan entre los torreznos del pan y el piment\u00f3n se confunde con la parte menos hecha de la pieza dejando la duda si es ajeno o ha brotado de la carne durante la cocci\u00f3n. Para refrescar me tomo la macedonia. Nada de lata: pera, melocot\u00f3n ciruela&#8230; todo natural y en su punto.<\/p>\n<p>Me despido de todos pregunt\u00e1ndome a mi mismo si un jurado oficial puede visitar dos veces el mismo sitio. No creo, pero hay que consultarlo.<img loading=\"lazy\" decoding=\"async\" width=\"300\" height=\"225\" class=\"size-medium wp-image-206 aligncenter\" src=\"http:\/\/www.cope.es\/blogs\/yo-desayuno-a-cuerpo-de-rey\/wp-content\/uploads\/sites\/35\/2020\/07\/WhatsApp-Image-2020-07-29-at-08.21.03-1-300x225.jpeg\" alt=\"\" srcset=\"https:\/\/www.cope.es\/blogs\/yo-desayuno-a-cuerpo-de-rey\/wp-content\/uploads\/sites\/35\/2020\/07\/WhatsApp-Image-2020-07-29-at-08.21.03-1-300x225.jpeg 300w, https:\/\/www.cope.es\/blogs\/yo-desayuno-a-cuerpo-de-rey\/wp-content\/uploads\/sites\/35\/2020\/07\/WhatsApp-Image-2020-07-29-at-08.21.03-1-1024x768.jpeg 1024w, https:\/\/www.cope.es\/blogs\/yo-desayuno-a-cuerpo-de-rey\/wp-content\/uploads\/sites\/35\/2020\/07\/WhatsApp-Image-2020-07-29-at-08.21.03-1-768x576.jpeg 768w, https:\/\/www.cope.es\/blogs\/yo-desayuno-a-cuerpo-de-rey\/wp-content\/uploads\/sites\/35\/2020\/07\/WhatsApp-Image-2020-07-29-at-08.21.03-1-1536x1152.jpeg 1536w, https:\/\/www.cope.es\/blogs\/yo-desayuno-a-cuerpo-de-rey\/wp-content\/uploads\/sites\/35\/2020\/07\/WhatsApp-Image-2020-07-29-at-08.21.03-1.jpeg 1600w\" sizes=\"auto, (max-width: 300px) 100vw, 300px\" \/><\/p>\n","protected":false},"excerpt":{"rendered":"<p>Decir La Esquina es decir San Roque. Desde siempre esta cafeter\u00eda situada justo en mitad de Ricardo Carapeto ha sido tambi\u00e9n el centro de negocios, encuentros amorosos, comidas de amigos y celebraciones familiares. El buen hacer de la familia Pintiado ha sido la referencia para la hosteler\u00eda del populoso barrio de &#8220;los machas&#8221; (que, recordemos, [&hellip;]<\/p>\n","protected":false},"author":39,"featured_media":208,"comment_status":"open","ping_status":"open","sticky":false,"template":"","format":"standard","meta":{"footnotes":""},"categories":[17],"tags":[],"class_list":["post-205","post","type-post","status-publish","format-standard","has-post-thumbnail","hentry","category-concurso-saborea-badajoz"],"yoast_head":"<!-- This site is optimized with the Yoast SEO plugin v27.4 - https:\/\/yoast.com\/product\/yoast-seo-wordpress\/ -->\n<title>15. Retinto Braseado, en La Esquina - Yo desayuno A Cuerpo de Rey<\/title>\n<meta name=\"robots\" content=\"index, follow, max-snippet:-1, max-image-preview:large, max-video-preview:-1\" \/>\n<link rel=\"canonical\" href=\"https:\/\/www.cope.es\/blogs\/yo-desayuno-a-cuerpo-de-rey\/2020\/07\/29\/15-retinto-braseado-en-la-esquina\/\" \/>\n<meta property=\"og:locale\" content=\"es_ES\" \/>\n<meta property=\"og:type\" content=\"article\" \/>\n<meta property=\"og:title\" content=\"15. Retinto Braseado, en La Esquina - Yo desayuno A Cuerpo de Rey\" \/>\n<meta property=\"og:description\" content=\"Decir La Esquina es decir San Roque. Desde siempre esta cafeter\u00eda situada justo en mitad de Ricardo Carapeto ha sido tambi\u00e9n el centro de negocios, encuentros amorosos, comidas de amigos y celebraciones familiares. El buen hacer de la familia Pintiado ha sido la referencia para la hosteler\u00eda del populoso barrio de &#8220;los machas&#8221; (que, recordemos, [&hellip;]\" \/>\n<meta property=\"og:url\" content=\"https:\/\/www.cope.es\/blogs\/yo-desayuno-a-cuerpo-de-rey\/2020\/07\/29\/15-retinto-braseado-en-la-esquina\/\" \/>\n<meta property=\"og:site_name\" content=\"Yo desayuno A Cuerpo de Rey\" \/>\n<meta property=\"article:publisher\" content=\"https:\/\/www.facebook.com\/cope\/\" \/>\n<meta property=\"article:author\" content=\"https:\/\/www.facebook.com\/JoseLuisLoridoGarcia\" \/>\n<meta property=\"article:published_time\" content=\"2020-07-29T06:56:07+00:00\" \/>\n<meta property=\"article:modified_time\" content=\"2020-07-29T06:56:55+00:00\" \/>\n<meta property=\"og:image\" content=\"https:\/\/www.cope.es\/blogs\/yo-desayuno-a-cuerpo-de-rey\/wp-content\/uploads\/sites\/35\/2020\/07\/WhatsApp-Image-2020-07-29-at-08.21.02-1.jpeg\" \/>\n\t<meta property=\"og:image:width\" content=\"1200\" \/>\n\t<meta property=\"og:image:height\" content=\"1600\" \/>\n\t<meta property=\"og:image:type\" content=\"image\/jpeg\" \/>\n<meta name=\"author\" content=\"Jos\u00e9 Luis Lorido\" \/>\n<meta name=\"twitter:card\" content=\"summary_large_image\" \/>\n<meta name=\"twitter:creator\" content=\"@lordigor\" \/>\n<meta name=\"twitter:site\" content=\"@cope_es\" \/>\n<meta name=\"twitter:label1\" content=\"Escrito por\" \/>\n\t<meta name=\"twitter:data1\" content=\"Jos\u00e9 Luis Lorido\" \/>\n\t<meta name=\"twitter:label2\" content=\"Tiempo de lectura\" \/>\n\t<meta name=\"twitter:data2\" content=\"2 minutos\" \/>\n<script type=\"application\/ld+json\" class=\"yoast-schema-graph\">{\"@context\":\"https:\\\/\\\/schema.org\",\"@graph\":[{\"@type\":\"Article\",\"@id\":\"https:\\\/\\\/www.cope.es\\\/blogs\\\/yo-desayuno-a-cuerpo-de-rey\\\/2020\\\/07\\\/29\\\/15-retinto-braseado-en-la-esquina\\\/#article\",\"isPartOf\":{\"@id\":\"https:\\\/\\\/www.cope.es\\\/blogs\\\/yo-desayuno-a-cuerpo-de-rey\\\/2020\\\/07\\\/29\\\/15-retinto-braseado-en-la-esquina\\\/\"},\"author\":{\"name\":\"Jos\u00e9 Luis Lorido\",\"@id\":\"https:\\\/\\\/www.cope.es\\\/blogs\\\/yo-desayuno-a-cuerpo-de-rey\\\/#\\\/schema\\\/person\\\/1dcca3cde1c76032621f6a566abf353d\"},\"headline\":\"15. Retinto Braseado, en La Esquina\",\"datePublished\":\"2020-07-29T06:56:07+00:00\",\"dateModified\":\"2020-07-29T06:56:55+00:00\",\"mainEntityOfPage\":{\"@id\":\"https:\\\/\\\/www.cope.es\\\/blogs\\\/yo-desayuno-a-cuerpo-de-rey\\\/2020\\\/07\\\/29\\\/15-retinto-braseado-en-la-esquina\\\/\"},\"wordCount\":435,\"commentCount\":0,\"image\":{\"@id\":\"https:\\\/\\\/www.cope.es\\\/blogs\\\/yo-desayuno-a-cuerpo-de-rey\\\/2020\\\/07\\\/29\\\/15-retinto-braseado-en-la-esquina\\\/#primaryimage\"},\"thumbnailUrl\":\"https:\\\/\\\/www.cope.es\\\/blogs\\\/yo-desayuno-a-cuerpo-de-rey\\\/wp-content\\\/uploads\\\/sites\\\/35\\\/2020\\\/07\\\/WhatsApp-Image-2020-07-29-at-08.21.02-1.jpeg\",\"articleSection\":[\"Concurso Saborea Badajoz\"],\"inLanguage\":\"es\",\"potentialAction\":[{\"@type\":\"CommentAction\",\"name\":\"Comment\",\"target\":[\"https:\\\/\\\/www.cope.es\\\/blogs\\\/yo-desayuno-a-cuerpo-de-rey\\\/2020\\\/07\\\/29\\\/15-retinto-braseado-en-la-esquina\\\/#respond\"]}]},{\"@type\":\"WebPage\",\"@id\":\"https:\\\/\\\/www.cope.es\\\/blogs\\\/yo-desayuno-a-cuerpo-de-rey\\\/2020\\\/07\\\/29\\\/15-retinto-braseado-en-la-esquina\\\/\",\"url\":\"https:\\\/\\\/www.cope.es\\\/blogs\\\/yo-desayuno-a-cuerpo-de-rey\\\/2020\\\/07\\\/29\\\/15-retinto-braseado-en-la-esquina\\\/\",\"name\":\"15. Retinto Braseado, en La Esquina - Yo desayuno A Cuerpo de Rey\",\"isPartOf\":{\"@id\":\"https:\\\/\\\/www.cope.es\\\/blogs\\\/yo-desayuno-a-cuerpo-de-rey\\\/#website\"},\"primaryImageOfPage\":{\"@id\":\"https:\\\/\\\/www.cope.es\\\/blogs\\\/yo-desayuno-a-cuerpo-de-rey\\\/2020\\\/07\\\/29\\\/15-retinto-braseado-en-la-esquina\\\/#primaryimage\"},\"image\":{\"@id\":\"https:\\\/\\\/www.cope.es\\\/blogs\\\/yo-desayuno-a-cuerpo-de-rey\\\/2020\\\/07\\\/29\\\/15-retinto-braseado-en-la-esquina\\\/#primaryimage\"},\"thumbnailUrl\":\"https:\\\/\\\/www.cope.es\\\/blogs\\\/yo-desayuno-a-cuerpo-de-rey\\\/wp-content\\\/uploads\\\/sites\\\/35\\\/2020\\\/07\\\/WhatsApp-Image-2020-07-29-at-08.21.02-1.jpeg\",\"datePublished\":\"2020-07-29T06:56:07+00:00\",\"dateModified\":\"2020-07-29T06:56:55+00:00\",\"author\":{\"@id\":\"https:\\\/\\\/www.cope.es\\\/blogs\\\/yo-desayuno-a-cuerpo-de-rey\\\/#\\\/schema\\\/person\\\/1dcca3cde1c76032621f6a566abf353d\"},\"breadcrumb\":{\"@id\":\"https:\\\/\\\/www.cope.es\\\/blogs\\\/yo-desayuno-a-cuerpo-de-rey\\\/2020\\\/07\\\/29\\\/15-retinto-braseado-en-la-esquina\\\/#breadcrumb\"},\"inLanguage\":\"es\",\"potentialAction\":[{\"@type\":\"ReadAction\",\"target\":[\"https:\\\/\\\/www.cope.es\\\/blogs\\\/yo-desayuno-a-cuerpo-de-rey\\\/2020\\\/07\\\/29\\\/15-retinto-braseado-en-la-esquina\\\/\"]}]},{\"@type\":\"ImageObject\",\"inLanguage\":\"es\",\"@id\":\"https:\\\/\\\/www.cope.es\\\/blogs\\\/yo-desayuno-a-cuerpo-de-rey\\\/2020\\\/07\\\/29\\\/15-retinto-braseado-en-la-esquina\\\/#primaryimage\",\"url\":\"https:\\\/\\\/www.cope.es\\\/blogs\\\/yo-desayuno-a-cuerpo-de-rey\\\/wp-content\\\/uploads\\\/sites\\\/35\\\/2020\\\/07\\\/WhatsApp-Image-2020-07-29-at-08.21.02-1.jpeg\",\"contentUrl\":\"https:\\\/\\\/www.cope.es\\\/blogs\\\/yo-desayuno-a-cuerpo-de-rey\\\/wp-content\\\/uploads\\\/sites\\\/35\\\/2020\\\/07\\\/WhatsApp-Image-2020-07-29-at-08.21.02-1.jpeg\",\"width\":1200,\"height\":1600},{\"@type\":\"BreadcrumbList\",\"@id\":\"https:\\\/\\\/www.cope.es\\\/blogs\\\/yo-desayuno-a-cuerpo-de-rey\\\/2020\\\/07\\\/29\\\/15-retinto-braseado-en-la-esquina\\\/#breadcrumb\",\"itemListElement\":[{\"@type\":\"ListItem\",\"position\":1,\"name\":\"Portada\",\"item\":\"https:\\\/\\\/www.cope.es\\\/blogs\\\/yo-desayuno-a-cuerpo-de-rey\\\/\"},{\"@type\":\"ListItem\",\"position\":2,\"name\":\"15. Retinto Braseado, en La Esquina\"}]},{\"@type\":\"WebSite\",\"@id\":\"https:\\\/\\\/www.cope.es\\\/blogs\\\/yo-desayuno-a-cuerpo-de-rey\\\/#website\",\"url\":\"https:\\\/\\\/www.cope.es\\\/blogs\\\/yo-desayuno-a-cuerpo-de-rey\\\/\",\"name\":\"Yo desayuno A Cuerpo de Rey\",\"description\":\"Blog gastron\u00f3mico dedicado a la comida m\u00e1s importante del d\u00eda. Nuestro granito de arena para la declaraci\u00f3n de Badajoz como Capital Ib\u00e9rica del Desayuno\",\"potentialAction\":[{\"@type\":\"SearchAction\",\"target\":{\"@type\":\"EntryPoint\",\"urlTemplate\":\"https:\\\/\\\/www.cope.es\\\/blogs\\\/yo-desayuno-a-cuerpo-de-rey\\\/?s={search_term_string}\"},\"query-input\":{\"@type\":\"PropertyValueSpecification\",\"valueRequired\":true,\"valueName\":\"search_term_string\"}}],\"inLanguage\":\"es\"},{\"@type\":\"Person\",\"@id\":\"https:\\\/\\\/www.cope.es\\\/blogs\\\/yo-desayuno-a-cuerpo-de-rey\\\/#\\\/schema\\\/person\\\/1dcca3cde1c76032621f6a566abf353d\",\"name\":\"Jos\u00e9 Luis Lorido\",\"image\":{\"@type\":\"ImageObject\",\"inLanguage\":\"es\",\"@id\":\"https:\\\/\\\/secure.gravatar.com\\\/avatar\\\/1cd961d512bf826a5e19206ba226a984646bf5d77141307e138efc37d7d41cc4?s=96&d=mm&r=g\",\"url\":\"https:\\\/\\\/secure.gravatar.com\\\/avatar\\\/1cd961d512bf826a5e19206ba226a984646bf5d77141307e138efc37d7d41cc4?s=96&d=mm&r=g\",\"contentUrl\":\"https:\\\/\\\/secure.gravatar.com\\\/avatar\\\/1cd961d512bf826a5e19206ba226a984646bf5d77141307e138efc37d7d41cc4?s=96&d=mm&r=g\",\"caption\":\"Jos\u00e9 Luis Lorido\"},\"description\":\"Yo desayuno A Cuerpo de Rey. Blog gastron\u00f3mico dedicado a la comida m\u00e1s importante del d\u00eda. Nuestro granito de arena para la declaraci\u00f3n de Badajoz como Capital Mundial del Desayuno.\",\"sameAs\":[\"https:\\\/\\\/www.cope.es\\\/badajoz\",\"https:\\\/\\\/www.facebook.com\\\/JoseLuisLoridoGarcia\",\"https:\\\/\\\/x.com\\\/lordigor\"],\"url\":\"https:\\\/\\\/www.cope.es\\\/blogs\\\/yo-desayuno-a-cuerpo-de-rey\\\/author\\\/lorido\\\/\"}]}<\/script>\n<!-- \/ Yoast SEO plugin. -->","yoast_head_json":{"title":"15. Retinto Braseado, en La Esquina - Yo desayuno A Cuerpo de Rey","robots":{"index":"index","follow":"follow","max-snippet":"max-snippet:-1","max-image-preview":"max-image-preview:large","max-video-preview":"max-video-preview:-1"},"canonical":"https:\/\/www.cope.es\/blogs\/yo-desayuno-a-cuerpo-de-rey\/2020\/07\/29\/15-retinto-braseado-en-la-esquina\/","og_locale":"es_ES","og_type":"article","og_title":"15. Retinto Braseado, en La Esquina - Yo desayuno A Cuerpo de Rey","og_description":"Decir La Esquina es decir San Roque. Desde siempre esta cafeter\u00eda situada justo en mitad de Ricardo Carapeto ha sido tambi\u00e9n el centro de negocios, encuentros amorosos, comidas de amigos y celebraciones familiares. El buen hacer de la familia Pintiado ha sido la referencia para la hosteler\u00eda del populoso barrio de &#8220;los machas&#8221; (que, recordemos, [&hellip;]","og_url":"https:\/\/www.cope.es\/blogs\/yo-desayuno-a-cuerpo-de-rey\/2020\/07\/29\/15-retinto-braseado-en-la-esquina\/","og_site_name":"Yo desayuno A Cuerpo de Rey","article_publisher":"https:\/\/www.facebook.com\/cope\/","article_author":"https:\/\/www.facebook.com\/JoseLuisLoridoGarcia","article_published_time":"2020-07-29T06:56:07+00:00","article_modified_time":"2020-07-29T06:56:55+00:00","og_image":[{"width":1200,"height":1600,"url":"https:\/\/www.cope.es\/blogs\/yo-desayuno-a-cuerpo-de-rey\/wp-content\/uploads\/sites\/35\/2020\/07\/WhatsApp-Image-2020-07-29-at-08.21.02-1.jpeg","type":"image\/jpeg"}],"author":"Jos\u00e9 Luis Lorido","twitter_card":"summary_large_image","twitter_creator":"@lordigor","twitter_site":"@cope_es","twitter_misc":{"Escrito por":"Jos\u00e9 Luis Lorido","Tiempo de lectura":"2 minutos"},"schema":{"@context":"https:\/\/schema.org","@graph":[{"@type":"Article","@id":"https:\/\/www.cope.es\/blogs\/yo-desayuno-a-cuerpo-de-rey\/2020\/07\/29\/15-retinto-braseado-en-la-esquina\/#article","isPartOf":{"@id":"https:\/\/www.cope.es\/blogs\/yo-desayuno-a-cuerpo-de-rey\/2020\/07\/29\/15-retinto-braseado-en-la-esquina\/"},"author":{"name":"Jos\u00e9 Luis Lorido","@id":"https:\/\/www.cope.es\/blogs\/yo-desayuno-a-cuerpo-de-rey\/#\/schema\/person\/1dcca3cde1c76032621f6a566abf353d"},"headline":"15. Retinto Braseado, en La Esquina","datePublished":"2020-07-29T06:56:07+00:00","dateModified":"2020-07-29T06:56:55+00:00","mainEntityOfPage":{"@id":"https:\/\/www.cope.es\/blogs\/yo-desayuno-a-cuerpo-de-rey\/2020\/07\/29\/15-retinto-braseado-en-la-esquina\/"},"wordCount":435,"commentCount":0,"image":{"@id":"https:\/\/www.cope.es\/blogs\/yo-desayuno-a-cuerpo-de-rey\/2020\/07\/29\/15-retinto-braseado-en-la-esquina\/#primaryimage"},"thumbnailUrl":"https:\/\/www.cope.es\/blogs\/yo-desayuno-a-cuerpo-de-rey\/wp-content\/uploads\/sites\/35\/2020\/07\/WhatsApp-Image-2020-07-29-at-08.21.02-1.jpeg","articleSection":["Concurso Saborea Badajoz"],"inLanguage":"es","potentialAction":[{"@type":"CommentAction","name":"Comment","target":["https:\/\/www.cope.es\/blogs\/yo-desayuno-a-cuerpo-de-rey\/2020\/07\/29\/15-retinto-braseado-en-la-esquina\/#respond"]}]},{"@type":"WebPage","@id":"https:\/\/www.cope.es\/blogs\/yo-desayuno-a-cuerpo-de-rey\/2020\/07\/29\/15-retinto-braseado-en-la-esquina\/","url":"https:\/\/www.cope.es\/blogs\/yo-desayuno-a-cuerpo-de-rey\/2020\/07\/29\/15-retinto-braseado-en-la-esquina\/","name":"15. Retinto Braseado, en La Esquina - Yo desayuno A Cuerpo de Rey","isPartOf":{"@id":"https:\/\/www.cope.es\/blogs\/yo-desayuno-a-cuerpo-de-rey\/#website"},"primaryImageOfPage":{"@id":"https:\/\/www.cope.es\/blogs\/yo-desayuno-a-cuerpo-de-rey\/2020\/07\/29\/15-retinto-braseado-en-la-esquina\/#primaryimage"},"image":{"@id":"https:\/\/www.cope.es\/blogs\/yo-desayuno-a-cuerpo-de-rey\/2020\/07\/29\/15-retinto-braseado-en-la-esquina\/#primaryimage"},"thumbnailUrl":"https:\/\/www.cope.es\/blogs\/yo-desayuno-a-cuerpo-de-rey\/wp-content\/uploads\/sites\/35\/2020\/07\/WhatsApp-Image-2020-07-29-at-08.21.02-1.jpeg","datePublished":"2020-07-29T06:56:07+00:00","dateModified":"2020-07-29T06:56:55+00:00","author":{"@id":"https:\/\/www.cope.es\/blogs\/yo-desayuno-a-cuerpo-de-rey\/#\/schema\/person\/1dcca3cde1c76032621f6a566abf353d"},"breadcrumb":{"@id":"https:\/\/www.cope.es\/blogs\/yo-desayuno-a-cuerpo-de-rey\/2020\/07\/29\/15-retinto-braseado-en-la-esquina\/#breadcrumb"},"inLanguage":"es","potentialAction":[{"@type":"ReadAction","target":["https:\/\/www.cope.es\/blogs\/yo-desayuno-a-cuerpo-de-rey\/2020\/07\/29\/15-retinto-braseado-en-la-esquina\/"]}]},{"@type":"ImageObject","inLanguage":"es","@id":"https:\/\/www.cope.es\/blogs\/yo-desayuno-a-cuerpo-de-rey\/2020\/07\/29\/15-retinto-braseado-en-la-esquina\/#primaryimage","url":"https:\/\/www.cope.es\/blogs\/yo-desayuno-a-cuerpo-de-rey\/wp-content\/uploads\/sites\/35\/2020\/07\/WhatsApp-Image-2020-07-29-at-08.21.02-1.jpeg","contentUrl":"https:\/\/www.cope.es\/blogs\/yo-desayuno-a-cuerpo-de-rey\/wp-content\/uploads\/sites\/35\/2020\/07\/WhatsApp-Image-2020-07-29-at-08.21.02-1.jpeg","width":1200,"height":1600},{"@type":"BreadcrumbList","@id":"https:\/\/www.cope.es\/blogs\/yo-desayuno-a-cuerpo-de-rey\/2020\/07\/29\/15-retinto-braseado-en-la-esquina\/#breadcrumb","itemListElement":[{"@type":"ListItem","position":1,"name":"Portada","item":"https:\/\/www.cope.es\/blogs\/yo-desayuno-a-cuerpo-de-rey\/"},{"@type":"ListItem","position":2,"name":"15. Retinto Braseado, en La Esquina"}]},{"@type":"WebSite","@id":"https:\/\/www.cope.es\/blogs\/yo-desayuno-a-cuerpo-de-rey\/#website","url":"https:\/\/www.cope.es\/blogs\/yo-desayuno-a-cuerpo-de-rey\/","name":"Yo desayuno A Cuerpo de Rey","description":"Blog gastron\u00f3mico dedicado a la comida m\u00e1s importante del d\u00eda. Nuestro granito de arena para la declaraci\u00f3n de Badajoz como Capital Ib\u00e9rica del Desayuno","potentialAction":[{"@type":"SearchAction","target":{"@type":"EntryPoint","urlTemplate":"https:\/\/www.cope.es\/blogs\/yo-desayuno-a-cuerpo-de-rey\/?s={search_term_string}"},"query-input":{"@type":"PropertyValueSpecification","valueRequired":true,"valueName":"search_term_string"}}],"inLanguage":"es"},{"@type":"Person","@id":"https:\/\/www.cope.es\/blogs\/yo-desayuno-a-cuerpo-de-rey\/#\/schema\/person\/1dcca3cde1c76032621f6a566abf353d","name":"Jos\u00e9 Luis Lorido","image":{"@type":"ImageObject","inLanguage":"es","@id":"https:\/\/secure.gravatar.com\/avatar\/1cd961d512bf826a5e19206ba226a984646bf5d77141307e138efc37d7d41cc4?s=96&d=mm&r=g","url":"https:\/\/secure.gravatar.com\/avatar\/1cd961d512bf826a5e19206ba226a984646bf5d77141307e138efc37d7d41cc4?s=96&d=mm&r=g","contentUrl":"https:\/\/secure.gravatar.com\/avatar\/1cd961d512bf826a5e19206ba226a984646bf5d77141307e138efc37d7d41cc4?s=96&d=mm&r=g","caption":"Jos\u00e9 Luis Lorido"},"description":"Yo desayuno A Cuerpo de Rey. Blog gastron\u00f3mico dedicado a la comida m\u00e1s importante del d\u00eda. Nuestro granito de arena para la declaraci\u00f3n de Badajoz como Capital Mundial del Desayuno.","sameAs":["https:\/\/www.cope.es\/badajoz","https:\/\/www.facebook.com\/JoseLuisLoridoGarcia","https:\/\/x.com\/lordigor"],"url":"https:\/\/www.cope.es\/blogs\/yo-desayuno-a-cuerpo-de-rey\/author\/lorido\/"}]}},"amp_enabled":true,"_links":{"self":[{"href":"https:\/\/www.cope.es\/blogs\/yo-desayuno-a-cuerpo-de-rey\/wp-json\/wp\/v2\/posts\/205","targetHints":{"allow":["GET"]}}],"collection":[{"href":"https:\/\/www.cope.es\/blogs\/yo-desayuno-a-cuerpo-de-rey\/wp-json\/wp\/v2\/posts"}],"about":[{"href":"https:\/\/www.cope.es\/blogs\/yo-desayuno-a-cuerpo-de-rey\/wp-json\/wp\/v2\/types\/post"}],"author":[{"embeddable":true,"href":"https:\/\/www.cope.es\/blogs\/yo-desayuno-a-cuerpo-de-rey\/wp-json\/wp\/v2\/users\/39"}],"replies":[{"embeddable":true,"href":"https:\/\/www.cope.es\/blogs\/yo-desayuno-a-cuerpo-de-rey\/wp-json\/wp\/v2\/comments?post=205"}],"version-history":[{"count":2,"href":"https:\/\/www.cope.es\/blogs\/yo-desayuno-a-cuerpo-de-rey\/wp-json\/wp\/v2\/posts\/205\/revisions"}],"predecessor-version":[{"id":212,"href":"https:\/\/www.cope.es\/blogs\/yo-desayuno-a-cuerpo-de-rey\/wp-json\/wp\/v2\/posts\/205\/revisions\/212"}],"wp:featuredmedia":[{"embeddable":true,"href":"https:\/\/www.cope.es\/blogs\/yo-desayuno-a-cuerpo-de-rey\/wp-json\/wp\/v2\/media\/208"}],"wp:attachment":[{"href":"https:\/\/www.cope.es\/blogs\/yo-desayuno-a-cuerpo-de-rey\/wp-json\/wp\/v2\/media?parent=205"}],"wp:term":[{"taxonomy":"category","embeddable":true,"href":"https:\/\/www.cope.es\/blogs\/yo-desayuno-a-cuerpo-de-rey\/wp-json\/wp\/v2\/categories?post=205"},{"taxonomy":"post_tag","embeddable":true,"href":"https:\/\/www.cope.es\/blogs\/yo-desayuno-a-cuerpo-de-rey\/wp-json\/wp\/v2\/tags?post=205"}],"curies":[{"name":"wp","href":"https:\/\/api.w.org\/{rel}","templated":true}]}}