{"id":196,"date":"2020-07-28T13:41:52","date_gmt":"2020-07-28T11:41:52","guid":{"rendered":"http:\/\/www.cope.es\/blogs\/yo-desayuno-a-cuerpo-de-rey\/?p=196"},"modified":"2020-08-08T12:55:53","modified_gmt":"2020-08-08T10:55:53","slug":"14-porra-del-moral-en-cafe-del-moral","status":"publish","type":"post","link":"https:\/\/www.cope.es\/blogs\/yo-desayuno-a-cuerpo-de-rey\/2020\/07\/28\/14-porra-del-moral-en-cafe-del-moral\/","title":{"rendered":"14. Porra del Moral, en Caf\u00e9 del Moral"},"content":{"rendered":"<p><img loading=\"lazy\" decoding=\"async\" width=\"300\" height=\"225\" class=\"size-medium wp-image-198 alignleft\" src=\"http:\/\/www.cope.es\/blogs\/yo-desayuno-a-cuerpo-de-rey\/wp-content\/uploads\/sites\/35\/2020\/07\/WhatsApp-Image-2020-07-28-at-08.16.14-1-300x225.jpeg\" alt=\"\" srcset=\"https:\/\/www.cope.es\/blogs\/yo-desayuno-a-cuerpo-de-rey\/wp-content\/uploads\/sites\/35\/2020\/07\/WhatsApp-Image-2020-07-28-at-08.16.14-1-300x225.jpeg 300w, https:\/\/www.cope.es\/blogs\/yo-desayuno-a-cuerpo-de-rey\/wp-content\/uploads\/sites\/35\/2020\/07\/WhatsApp-Image-2020-07-28-at-08.16.14-1-1024x768.jpeg 1024w, https:\/\/www.cope.es\/blogs\/yo-desayuno-a-cuerpo-de-rey\/wp-content\/uploads\/sites\/35\/2020\/07\/WhatsApp-Image-2020-07-28-at-08.16.14-1-768x576.jpeg 768w, https:\/\/www.cope.es\/blogs\/yo-desayuno-a-cuerpo-de-rey\/wp-content\/uploads\/sites\/35\/2020\/07\/WhatsApp-Image-2020-07-28-at-08.16.14-1-1536x1152.jpeg 1536w, https:\/\/www.cope.es\/blogs\/yo-desayuno-a-cuerpo-de-rey\/wp-content\/uploads\/sites\/35\/2020\/07\/WhatsApp-Image-2020-07-28-at-08.16.14-1.jpeg 1600w\" sizes=\"auto, (max-width: 300px) 100vw, 300px\" \/>En La Ronda Norte, en la prolongaci\u00f3n de San Roque, se encuentra desde hace nueve a\u00f1os el Caf\u00e9 del Moral. Durante cuatro de eso a\u00f1os han compartido propiedad (y nombre) con el local de Condes de Barcelona, pero ya se hallan centrados en esta bien situada (sobre todo, cuando se inaugure el futuro Palacio de Justicia) cafeter\u00eda churrer\u00eda.<\/p>\n<p>Mar\u00eda Jes\u00fas me cuenta que ellos han tenido siempre mucho \u00e9xito con los desayunos: &#8220;Si eres de Mar\u00eda Auxiliadora habr\u00e1s probado nuestros churros&#8221;. Claro que si, buenos churros, buenas tostadas&#8230; pues Del Moral las ha combinado y ha salido la Churrotada&#8230; o el Tosturro. \u00a0La manera de combinar estos dos grandes modelos de desayunos que por lo visto ya le piden con tomate, con York, con pat\u00e9&#8230;<\/p>\n<p>Para el concurso #BadajozCapitalMundialDesayuno, Del Moral propone esta mezcla de Churro y tostada con una mezcla tan original como llamativa: higos extreme\u00f1os sobre queso crema. Una &#8220;Porra Del Moral&#8221; que para nada es grasienta ni pesada. Incluso Mar\u00eda Jes\u00fas nos se\u00f1ala que, cuando empez\u00f3 el concurso, todav\u00eda estaban las brevas de temporada, lo que hac\u00eda la Porra mucho m\u00e1s fresca, aunque los higos son m\u00e1s dulces. El desayuno se acompa\u00f1a de caf\u00e9 o infusi\u00f3n al gusto y zumo fr\u00edo de naranja natulal. Precio: 3,50\u20ac<img loading=\"lazy\" decoding=\"async\" width=\"300\" height=\"225\" class=\"size-medium wp-image-199 aligncenter\" src=\"http:\/\/www.cope.es\/blogs\/yo-desayuno-a-cuerpo-de-rey\/wp-content\/uploads\/sites\/35\/2020\/07\/WhatsApp-Image-2020-07-28-at-08.16.14-300x225.jpeg\" alt=\"\" srcset=\"https:\/\/www.cope.es\/blogs\/yo-desayuno-a-cuerpo-de-rey\/wp-content\/uploads\/sites\/35\/2020\/07\/WhatsApp-Image-2020-07-28-at-08.16.14-300x225.jpeg 300w, https:\/\/www.cope.es\/blogs\/yo-desayuno-a-cuerpo-de-rey\/wp-content\/uploads\/sites\/35\/2020\/07\/WhatsApp-Image-2020-07-28-at-08.16.14-1024x768.jpeg 1024w, https:\/\/www.cope.es\/blogs\/yo-desayuno-a-cuerpo-de-rey\/wp-content\/uploads\/sites\/35\/2020\/07\/WhatsApp-Image-2020-07-28-at-08.16.14-768x576.jpeg 768w, https:\/\/www.cope.es\/blogs\/yo-desayuno-a-cuerpo-de-rey\/wp-content\/uploads\/sites\/35\/2020\/07\/WhatsApp-Image-2020-07-28-at-08.16.14-1536x1152.jpeg 1536w, https:\/\/www.cope.es\/blogs\/yo-desayuno-a-cuerpo-de-rey\/wp-content\/uploads\/sites\/35\/2020\/07\/WhatsApp-Image-2020-07-28-at-08.16.14.jpeg 1600w\" sizes=\"auto, (max-width: 300px) 100vw, 300px\" \/><\/p>\n","protected":false},"excerpt":{"rendered":"<p>En La Ronda Norte, en la prolongaci\u00f3n de San Roque, se encuentra desde hace nueve a\u00f1os el Caf\u00e9 del Moral. Durante cuatro de eso a\u00f1os han compartido propiedad (y nombre) con el local de Condes de Barcelona, pero ya se hallan centrados en esta bien situada (sobre todo, cuando se inaugure el futuro Palacio de [&hellip;]<\/p>\n","protected":false},"author":39,"featured_media":197,"comment_status":"open","ping_status":"open","sticky":false,"template":"","format":"standard","meta":{"footnotes":""},"categories":[17,1],"tags":[],"class_list":["post-196","post","type-post","status-publish","format-standard","has-post-thumbnail","hentry","category-concurso-saborea-badajoz","category-sin-categoria"],"yoast_head":"<!-- This site is optimized with the Yoast SEO plugin v27.4 - https:\/\/yoast.com\/product\/yoast-seo-wordpress\/ -->\n<title>14. Porra del Moral, en Caf\u00e9 del Moral - Yo desayuno A Cuerpo de Rey<\/title>\n<meta name=\"robots\" content=\"index, follow, max-snippet:-1, max-image-preview:large, max-video-preview:-1\" \/>\n<link rel=\"canonical\" href=\"https:\/\/www.cope.es\/blogs\/yo-desayuno-a-cuerpo-de-rey\/2020\/07\/28\/14-porra-del-moral-en-cafe-del-moral\/\" \/>\n<meta property=\"og:locale\" content=\"es_ES\" \/>\n<meta property=\"og:type\" content=\"article\" \/>\n<meta property=\"og:title\" content=\"14. Porra del Moral, en Caf\u00e9 del Moral - Yo desayuno A Cuerpo de Rey\" \/>\n<meta property=\"og:description\" content=\"En La Ronda Norte, en la prolongaci\u00f3n de San Roque, se encuentra desde hace nueve a\u00f1os el Caf\u00e9 del Moral. Durante cuatro de eso a\u00f1os han compartido propiedad (y nombre) con el local de Condes de Barcelona, pero ya se hallan centrados en esta bien situada (sobre todo, cuando se inaugure el futuro Palacio de [&hellip;]\" \/>\n<meta property=\"og:url\" content=\"https:\/\/www.cope.es\/blogs\/yo-desayuno-a-cuerpo-de-rey\/2020\/07\/28\/14-porra-del-moral-en-cafe-del-moral\/\" \/>\n<meta property=\"og:site_name\" content=\"Yo desayuno A Cuerpo de Rey\" \/>\n<meta property=\"article:publisher\" content=\"https:\/\/www.facebook.com\/cope\/\" \/>\n<meta property=\"article:author\" content=\"https:\/\/www.facebook.com\/JoseLuisLoridoGarcia\" \/>\n<meta property=\"article:published_time\" content=\"2020-07-28T11:41:52+00:00\" \/>\n<meta property=\"article:modified_time\" content=\"2020-08-08T10:55:53+00:00\" \/>\n<meta property=\"og:image\" content=\"https:\/\/www.cope.es\/blogs\/yo-desayuno-a-cuerpo-de-rey\/wp-content\/uploads\/sites\/35\/2020\/07\/WhatsApp-Image-2020-07-28-at-08.16.13.jpeg\" \/>\n\t<meta property=\"og:image:width\" content=\"1600\" \/>\n\t<meta property=\"og:image:height\" content=\"1200\" \/>\n\t<meta property=\"og:image:type\" content=\"image\/jpeg\" \/>\n<meta name=\"author\" content=\"Jos\u00e9 Luis Lorido\" \/>\n<meta name=\"twitter:card\" content=\"summary_large_image\" \/>\n<meta name=\"twitter:creator\" content=\"@lordigor\" \/>\n<meta name=\"twitter:site\" content=\"@cope_es\" \/>\n<meta name=\"twitter:label1\" content=\"Escrito por\" \/>\n\t<meta name=\"twitter:data1\" content=\"Jos\u00e9 Luis Lorido\" \/>\n\t<meta name=\"twitter:label2\" content=\"Tiempo de lectura\" \/>\n\t<meta name=\"twitter:data2\" content=\"1 minuto\" \/>\n<script type=\"application\/ld+json\" class=\"yoast-schema-graph\">{\"@context\":\"https:\\\/\\\/schema.org\",\"@graph\":[{\"@type\":\"Article\",\"@id\":\"https:\\\/\\\/www.cope.es\\\/blogs\\\/yo-desayuno-a-cuerpo-de-rey\\\/2020\\\/07\\\/28\\\/14-porra-del-moral-en-cafe-del-moral\\\/#article\",\"isPartOf\":{\"@id\":\"https:\\\/\\\/www.cope.es\\\/blogs\\\/yo-desayuno-a-cuerpo-de-rey\\\/2020\\\/07\\\/28\\\/14-porra-del-moral-en-cafe-del-moral\\\/\"},\"author\":{\"name\":\"Jos\u00e9 Luis Lorido\",\"@id\":\"https:\\\/\\\/www.cope.es\\\/blogs\\\/yo-desayuno-a-cuerpo-de-rey\\\/#\\\/schema\\\/person\\\/1dcca3cde1c76032621f6a566abf353d\"},\"headline\":\"14. Porra del Moral, en Caf\u00e9 del Moral\",\"datePublished\":\"2020-07-28T11:41:52+00:00\",\"dateModified\":\"2020-08-08T10:55:53+00:00\",\"mainEntityOfPage\":{\"@id\":\"https:\\\/\\\/www.cope.es\\\/blogs\\\/yo-desayuno-a-cuerpo-de-rey\\\/2020\\\/07\\\/28\\\/14-porra-del-moral-en-cafe-del-moral\\\/\"},\"wordCount\":235,\"commentCount\":1,\"image\":{\"@id\":\"https:\\\/\\\/www.cope.es\\\/blogs\\\/yo-desayuno-a-cuerpo-de-rey\\\/2020\\\/07\\\/28\\\/14-porra-del-moral-en-cafe-del-moral\\\/#primaryimage\"},\"thumbnailUrl\":\"https:\\\/\\\/www.cope.es\\\/blogs\\\/yo-desayuno-a-cuerpo-de-rey\\\/wp-content\\\/uploads\\\/sites\\\/35\\\/2020\\\/07\\\/WhatsApp-Image-2020-07-28-at-08.16.13.jpeg\",\"articleSection\":[\"Concurso Saborea Badajoz\"],\"inLanguage\":\"es\",\"potentialAction\":[{\"@type\":\"CommentAction\",\"name\":\"Comment\",\"target\":[\"https:\\\/\\\/www.cope.es\\\/blogs\\\/yo-desayuno-a-cuerpo-de-rey\\\/2020\\\/07\\\/28\\\/14-porra-del-moral-en-cafe-del-moral\\\/#respond\"]}]},{\"@type\":\"WebPage\",\"@id\":\"https:\\\/\\\/www.cope.es\\\/blogs\\\/yo-desayuno-a-cuerpo-de-rey\\\/2020\\\/07\\\/28\\\/14-porra-del-moral-en-cafe-del-moral\\\/\",\"url\":\"https:\\\/\\\/www.cope.es\\\/blogs\\\/yo-desayuno-a-cuerpo-de-rey\\\/2020\\\/07\\\/28\\\/14-porra-del-moral-en-cafe-del-moral\\\/\",\"name\":\"14. Porra del Moral, en Caf\u00e9 del Moral - Yo desayuno A Cuerpo de Rey\",\"isPartOf\":{\"@id\":\"https:\\\/\\\/www.cope.es\\\/blogs\\\/yo-desayuno-a-cuerpo-de-rey\\\/#website\"},\"primaryImageOfPage\":{\"@id\":\"https:\\\/\\\/www.cope.es\\\/blogs\\\/yo-desayuno-a-cuerpo-de-rey\\\/2020\\\/07\\\/28\\\/14-porra-del-moral-en-cafe-del-moral\\\/#primaryimage\"},\"image\":{\"@id\":\"https:\\\/\\\/www.cope.es\\\/blogs\\\/yo-desayuno-a-cuerpo-de-rey\\\/2020\\\/07\\\/28\\\/14-porra-del-moral-en-cafe-del-moral\\\/#primaryimage\"},\"thumbnailUrl\":\"https:\\\/\\\/www.cope.es\\\/blogs\\\/yo-desayuno-a-cuerpo-de-rey\\\/wp-content\\\/uploads\\\/sites\\\/35\\\/2020\\\/07\\\/WhatsApp-Image-2020-07-28-at-08.16.13.jpeg\",\"datePublished\":\"2020-07-28T11:41:52+00:00\",\"dateModified\":\"2020-08-08T10:55:53+00:00\",\"author\":{\"@id\":\"https:\\\/\\\/www.cope.es\\\/blogs\\\/yo-desayuno-a-cuerpo-de-rey\\\/#\\\/schema\\\/person\\\/1dcca3cde1c76032621f6a566abf353d\"},\"breadcrumb\":{\"@id\":\"https:\\\/\\\/www.cope.es\\\/blogs\\\/yo-desayuno-a-cuerpo-de-rey\\\/2020\\\/07\\\/28\\\/14-porra-del-moral-en-cafe-del-moral\\\/#breadcrumb\"},\"inLanguage\":\"es\",\"potentialAction\":[{\"@type\":\"ReadAction\",\"target\":[\"https:\\\/\\\/www.cope.es\\\/blogs\\\/yo-desayuno-a-cuerpo-de-rey\\\/2020\\\/07\\\/28\\\/14-porra-del-moral-en-cafe-del-moral\\\/\"]}]},{\"@type\":\"ImageObject\",\"inLanguage\":\"es\",\"@id\":\"https:\\\/\\\/www.cope.es\\\/blogs\\\/yo-desayuno-a-cuerpo-de-rey\\\/2020\\\/07\\\/28\\\/14-porra-del-moral-en-cafe-del-moral\\\/#primaryimage\",\"url\":\"https:\\\/\\\/www.cope.es\\\/blogs\\\/yo-desayuno-a-cuerpo-de-rey\\\/wp-content\\\/uploads\\\/sites\\\/35\\\/2020\\\/07\\\/WhatsApp-Image-2020-07-28-at-08.16.13.jpeg\",\"contentUrl\":\"https:\\\/\\\/www.cope.es\\\/blogs\\\/yo-desayuno-a-cuerpo-de-rey\\\/wp-content\\\/uploads\\\/sites\\\/35\\\/2020\\\/07\\\/WhatsApp-Image-2020-07-28-at-08.16.13.jpeg\",\"width\":1600,\"height\":1200},{\"@type\":\"BreadcrumbList\",\"@id\":\"https:\\\/\\\/www.cope.es\\\/blogs\\\/yo-desayuno-a-cuerpo-de-rey\\\/2020\\\/07\\\/28\\\/14-porra-del-moral-en-cafe-del-moral\\\/#breadcrumb\",\"itemListElement\":[{\"@type\":\"ListItem\",\"position\":1,\"name\":\"Portada\",\"item\":\"https:\\\/\\\/www.cope.es\\\/blogs\\\/yo-desayuno-a-cuerpo-de-rey\\\/\"},{\"@type\":\"ListItem\",\"position\":2,\"name\":\"14. Porra del Moral, en Caf\u00e9 del Moral\"}]},{\"@type\":\"WebSite\",\"@id\":\"https:\\\/\\\/www.cope.es\\\/blogs\\\/yo-desayuno-a-cuerpo-de-rey\\\/#website\",\"url\":\"https:\\\/\\\/www.cope.es\\\/blogs\\\/yo-desayuno-a-cuerpo-de-rey\\\/\",\"name\":\"Yo desayuno A Cuerpo de Rey\",\"description\":\"Blog gastron\u00f3mico dedicado a la comida m\u00e1s importante del d\u00eda. Nuestro granito de arena para la declaraci\u00f3n de Badajoz como Capital Ib\u00e9rica del Desayuno\",\"potentialAction\":[{\"@type\":\"SearchAction\",\"target\":{\"@type\":\"EntryPoint\",\"urlTemplate\":\"https:\\\/\\\/www.cope.es\\\/blogs\\\/yo-desayuno-a-cuerpo-de-rey\\\/?s={search_term_string}\"},\"query-input\":{\"@type\":\"PropertyValueSpecification\",\"valueRequired\":true,\"valueName\":\"search_term_string\"}}],\"inLanguage\":\"es\"},{\"@type\":\"Person\",\"@id\":\"https:\\\/\\\/www.cope.es\\\/blogs\\\/yo-desayuno-a-cuerpo-de-rey\\\/#\\\/schema\\\/person\\\/1dcca3cde1c76032621f6a566abf353d\",\"name\":\"Jos\u00e9 Luis Lorido\",\"image\":{\"@type\":\"ImageObject\",\"inLanguage\":\"es\",\"@id\":\"https:\\\/\\\/secure.gravatar.com\\\/avatar\\\/1cd961d512bf826a5e19206ba226a984646bf5d77141307e138efc37d7d41cc4?s=96&d=mm&r=g\",\"url\":\"https:\\\/\\\/secure.gravatar.com\\\/avatar\\\/1cd961d512bf826a5e19206ba226a984646bf5d77141307e138efc37d7d41cc4?s=96&d=mm&r=g\",\"contentUrl\":\"https:\\\/\\\/secure.gravatar.com\\\/avatar\\\/1cd961d512bf826a5e19206ba226a984646bf5d77141307e138efc37d7d41cc4?s=96&d=mm&r=g\",\"caption\":\"Jos\u00e9 Luis Lorido\"},\"description\":\"Yo desayuno A Cuerpo de Rey. Blog gastron\u00f3mico dedicado a la comida m\u00e1s importante del d\u00eda. Nuestro granito de arena para la declaraci\u00f3n de Badajoz como Capital Mundial del Desayuno.\",\"sameAs\":[\"https:\\\/\\\/www.cope.es\\\/badajoz\",\"https:\\\/\\\/www.facebook.com\\\/JoseLuisLoridoGarcia\",\"https:\\\/\\\/x.com\\\/lordigor\"],\"url\":\"https:\\\/\\\/www.cope.es\\\/blogs\\\/yo-desayuno-a-cuerpo-de-rey\\\/author\\\/lorido\\\/\"}]}<\/script>\n<!-- \/ Yoast SEO plugin. -->","yoast_head_json":{"title":"14. Porra del Moral, en Caf\u00e9 del Moral - Yo desayuno A Cuerpo de Rey","robots":{"index":"index","follow":"follow","max-snippet":"max-snippet:-1","max-image-preview":"max-image-preview:large","max-video-preview":"max-video-preview:-1"},"canonical":"https:\/\/www.cope.es\/blogs\/yo-desayuno-a-cuerpo-de-rey\/2020\/07\/28\/14-porra-del-moral-en-cafe-del-moral\/","og_locale":"es_ES","og_type":"article","og_title":"14. Porra del Moral, en Caf\u00e9 del Moral - Yo desayuno A Cuerpo de Rey","og_description":"En La Ronda Norte, en la prolongaci\u00f3n de San Roque, se encuentra desde hace nueve a\u00f1os el Caf\u00e9 del Moral. Durante cuatro de eso a\u00f1os han compartido propiedad (y nombre) con el local de Condes de Barcelona, pero ya se hallan centrados en esta bien situada (sobre todo, cuando se inaugure el futuro Palacio de [&hellip;]","og_url":"https:\/\/www.cope.es\/blogs\/yo-desayuno-a-cuerpo-de-rey\/2020\/07\/28\/14-porra-del-moral-en-cafe-del-moral\/","og_site_name":"Yo desayuno A Cuerpo de Rey","article_publisher":"https:\/\/www.facebook.com\/cope\/","article_author":"https:\/\/www.facebook.com\/JoseLuisLoridoGarcia","article_published_time":"2020-07-28T11:41:52+00:00","article_modified_time":"2020-08-08T10:55:53+00:00","og_image":[{"width":1600,"height":1200,"url":"https:\/\/www.cope.es\/blogs\/yo-desayuno-a-cuerpo-de-rey\/wp-content\/uploads\/sites\/35\/2020\/07\/WhatsApp-Image-2020-07-28-at-08.16.13.jpeg","type":"image\/jpeg"}],"author":"Jos\u00e9 Luis Lorido","twitter_card":"summary_large_image","twitter_creator":"@lordigor","twitter_site":"@cope_es","twitter_misc":{"Escrito por":"Jos\u00e9 Luis Lorido","Tiempo de lectura":"1 minuto"},"schema":{"@context":"https:\/\/schema.org","@graph":[{"@type":"Article","@id":"https:\/\/www.cope.es\/blogs\/yo-desayuno-a-cuerpo-de-rey\/2020\/07\/28\/14-porra-del-moral-en-cafe-del-moral\/#article","isPartOf":{"@id":"https:\/\/www.cope.es\/blogs\/yo-desayuno-a-cuerpo-de-rey\/2020\/07\/28\/14-porra-del-moral-en-cafe-del-moral\/"},"author":{"name":"Jos\u00e9 Luis Lorido","@id":"https:\/\/www.cope.es\/blogs\/yo-desayuno-a-cuerpo-de-rey\/#\/schema\/person\/1dcca3cde1c76032621f6a566abf353d"},"headline":"14. Porra del Moral, en Caf\u00e9 del Moral","datePublished":"2020-07-28T11:41:52+00:00","dateModified":"2020-08-08T10:55:53+00:00","mainEntityOfPage":{"@id":"https:\/\/www.cope.es\/blogs\/yo-desayuno-a-cuerpo-de-rey\/2020\/07\/28\/14-porra-del-moral-en-cafe-del-moral\/"},"wordCount":235,"commentCount":1,"image":{"@id":"https:\/\/www.cope.es\/blogs\/yo-desayuno-a-cuerpo-de-rey\/2020\/07\/28\/14-porra-del-moral-en-cafe-del-moral\/#primaryimage"},"thumbnailUrl":"https:\/\/www.cope.es\/blogs\/yo-desayuno-a-cuerpo-de-rey\/wp-content\/uploads\/sites\/35\/2020\/07\/WhatsApp-Image-2020-07-28-at-08.16.13.jpeg","articleSection":["Concurso Saborea Badajoz"],"inLanguage":"es","potentialAction":[{"@type":"CommentAction","name":"Comment","target":["https:\/\/www.cope.es\/blogs\/yo-desayuno-a-cuerpo-de-rey\/2020\/07\/28\/14-porra-del-moral-en-cafe-del-moral\/#respond"]}]},{"@type":"WebPage","@id":"https:\/\/www.cope.es\/blogs\/yo-desayuno-a-cuerpo-de-rey\/2020\/07\/28\/14-porra-del-moral-en-cafe-del-moral\/","url":"https:\/\/www.cope.es\/blogs\/yo-desayuno-a-cuerpo-de-rey\/2020\/07\/28\/14-porra-del-moral-en-cafe-del-moral\/","name":"14. Porra del Moral, en Caf\u00e9 del Moral - Yo desayuno A Cuerpo de Rey","isPartOf":{"@id":"https:\/\/www.cope.es\/blogs\/yo-desayuno-a-cuerpo-de-rey\/#website"},"primaryImageOfPage":{"@id":"https:\/\/www.cope.es\/blogs\/yo-desayuno-a-cuerpo-de-rey\/2020\/07\/28\/14-porra-del-moral-en-cafe-del-moral\/#primaryimage"},"image":{"@id":"https:\/\/www.cope.es\/blogs\/yo-desayuno-a-cuerpo-de-rey\/2020\/07\/28\/14-porra-del-moral-en-cafe-del-moral\/#primaryimage"},"thumbnailUrl":"https:\/\/www.cope.es\/blogs\/yo-desayuno-a-cuerpo-de-rey\/wp-content\/uploads\/sites\/35\/2020\/07\/WhatsApp-Image-2020-07-28-at-08.16.13.jpeg","datePublished":"2020-07-28T11:41:52+00:00","dateModified":"2020-08-08T10:55:53+00:00","author":{"@id":"https:\/\/www.cope.es\/blogs\/yo-desayuno-a-cuerpo-de-rey\/#\/schema\/person\/1dcca3cde1c76032621f6a566abf353d"},"breadcrumb":{"@id":"https:\/\/www.cope.es\/blogs\/yo-desayuno-a-cuerpo-de-rey\/2020\/07\/28\/14-porra-del-moral-en-cafe-del-moral\/#breadcrumb"},"inLanguage":"es","potentialAction":[{"@type":"ReadAction","target":["https:\/\/www.cope.es\/blogs\/yo-desayuno-a-cuerpo-de-rey\/2020\/07\/28\/14-porra-del-moral-en-cafe-del-moral\/"]}]},{"@type":"ImageObject","inLanguage":"es","@id":"https:\/\/www.cope.es\/blogs\/yo-desayuno-a-cuerpo-de-rey\/2020\/07\/28\/14-porra-del-moral-en-cafe-del-moral\/#primaryimage","url":"https:\/\/www.cope.es\/blogs\/yo-desayuno-a-cuerpo-de-rey\/wp-content\/uploads\/sites\/35\/2020\/07\/WhatsApp-Image-2020-07-28-at-08.16.13.jpeg","contentUrl":"https:\/\/www.cope.es\/blogs\/yo-desayuno-a-cuerpo-de-rey\/wp-content\/uploads\/sites\/35\/2020\/07\/WhatsApp-Image-2020-07-28-at-08.16.13.jpeg","width":1600,"height":1200},{"@type":"BreadcrumbList","@id":"https:\/\/www.cope.es\/blogs\/yo-desayuno-a-cuerpo-de-rey\/2020\/07\/28\/14-porra-del-moral-en-cafe-del-moral\/#breadcrumb","itemListElement":[{"@type":"ListItem","position":1,"name":"Portada","item":"https:\/\/www.cope.es\/blogs\/yo-desayuno-a-cuerpo-de-rey\/"},{"@type":"ListItem","position":2,"name":"14. Porra del Moral, en Caf\u00e9 del Moral"}]},{"@type":"WebSite","@id":"https:\/\/www.cope.es\/blogs\/yo-desayuno-a-cuerpo-de-rey\/#website","url":"https:\/\/www.cope.es\/blogs\/yo-desayuno-a-cuerpo-de-rey\/","name":"Yo desayuno A Cuerpo de Rey","description":"Blog gastron\u00f3mico dedicado a la comida m\u00e1s importante del d\u00eda. Nuestro granito de arena para la declaraci\u00f3n de Badajoz como Capital Ib\u00e9rica del Desayuno","potentialAction":[{"@type":"SearchAction","target":{"@type":"EntryPoint","urlTemplate":"https:\/\/www.cope.es\/blogs\/yo-desayuno-a-cuerpo-de-rey\/?s={search_term_string}"},"query-input":{"@type":"PropertyValueSpecification","valueRequired":true,"valueName":"search_term_string"}}],"inLanguage":"es"},{"@type":"Person","@id":"https:\/\/www.cope.es\/blogs\/yo-desayuno-a-cuerpo-de-rey\/#\/schema\/person\/1dcca3cde1c76032621f6a566abf353d","name":"Jos\u00e9 Luis Lorido","image":{"@type":"ImageObject","inLanguage":"es","@id":"https:\/\/secure.gravatar.com\/avatar\/1cd961d512bf826a5e19206ba226a984646bf5d77141307e138efc37d7d41cc4?s=96&d=mm&r=g","url":"https:\/\/secure.gravatar.com\/avatar\/1cd961d512bf826a5e19206ba226a984646bf5d77141307e138efc37d7d41cc4?s=96&d=mm&r=g","contentUrl":"https:\/\/secure.gravatar.com\/avatar\/1cd961d512bf826a5e19206ba226a984646bf5d77141307e138efc37d7d41cc4?s=96&d=mm&r=g","caption":"Jos\u00e9 Luis Lorido"},"description":"Yo desayuno A Cuerpo de Rey. Blog gastron\u00f3mico dedicado a la comida m\u00e1s importante del d\u00eda. Nuestro granito de arena para la declaraci\u00f3n de Badajoz como Capital Mundial del Desayuno.","sameAs":["https:\/\/www.cope.es\/badajoz","https:\/\/www.facebook.com\/JoseLuisLoridoGarcia","https:\/\/x.com\/lordigor"],"url":"https:\/\/www.cope.es\/blogs\/yo-desayuno-a-cuerpo-de-rey\/author\/lorido\/"}]}},"amp_enabled":true,"_links":{"self":[{"href":"https:\/\/www.cope.es\/blogs\/yo-desayuno-a-cuerpo-de-rey\/wp-json\/wp\/v2\/posts\/196","targetHints":{"allow":["GET"]}}],"collection":[{"href":"https:\/\/www.cope.es\/blogs\/yo-desayuno-a-cuerpo-de-rey\/wp-json\/wp\/v2\/posts"}],"about":[{"href":"https:\/\/www.cope.es\/blogs\/yo-desayuno-a-cuerpo-de-rey\/wp-json\/wp\/v2\/types\/post"}],"author":[{"embeddable":true,"href":"https:\/\/www.cope.es\/blogs\/yo-desayuno-a-cuerpo-de-rey\/wp-json\/wp\/v2\/users\/39"}],"replies":[{"embeddable":true,"href":"https:\/\/www.cope.es\/blogs\/yo-desayuno-a-cuerpo-de-rey\/wp-json\/wp\/v2\/comments?post=196"}],"version-history":[{"count":2,"href":"https:\/\/www.cope.es\/blogs\/yo-desayuno-a-cuerpo-de-rey\/wp-json\/wp\/v2\/posts\/196\/revisions"}],"predecessor-version":[{"id":201,"href":"https:\/\/www.cope.es\/blogs\/yo-desayuno-a-cuerpo-de-rey\/wp-json\/wp\/v2\/posts\/196\/revisions\/201"}],"wp:featuredmedia":[{"embeddable":true,"href":"https:\/\/www.cope.es\/blogs\/yo-desayuno-a-cuerpo-de-rey\/wp-json\/wp\/v2\/media\/197"}],"wp:attachment":[{"href":"https:\/\/www.cope.es\/blogs\/yo-desayuno-a-cuerpo-de-rey\/wp-json\/wp\/v2\/media?parent=196"}],"wp:term":[{"taxonomy":"category","embeddable":true,"href":"https:\/\/www.cope.es\/blogs\/yo-desayuno-a-cuerpo-de-rey\/wp-json\/wp\/v2\/categories?post=196"},{"taxonomy":"post_tag","embeddable":true,"href":"https:\/\/www.cope.es\/blogs\/yo-desayuno-a-cuerpo-de-rey\/wp-json\/wp\/v2\/tags?post=196"}],"curies":[{"name":"wp","href":"https:\/\/api.w.org\/{rel}","templated":true}]}}