{"id":136,"date":"2020-07-08T14:38:16","date_gmt":"2020-07-08T12:38:16","guid":{"rendered":"http:\/\/www.cope.es\/blogs\/yo-desayuno-a-cuerpo-de-rey\/?p=136"},"modified":"2020-07-08T14:39:53","modified_gmt":"2020-07-08T12:39:53","slug":"6-la-rosa-de-alfre","status":"publish","type":"post","link":"https:\/\/www.cope.es\/blogs\/yo-desayuno-a-cuerpo-de-rey\/2020\/07\/08\/6-la-rosa-de-alfre\/","title":{"rendered":"6. Picada Extreme\u00f1a, de La Rosa de Alfre"},"content":{"rendered":"<p><img loading=\"lazy\" decoding=\"async\" width=\"225\" height=\"300\" class=\"size-medium wp-image-143 alignleft\" src=\"http:\/\/www.cope.es\/blogs\/yo-desayuno-a-cuerpo-de-rey\/wp-content\/uploads\/sites\/35\/2020\/07\/WhatsApp-Image-2020-07-08-at-14.17.10-225x300.jpeg\" alt=\"\" srcset=\"https:\/\/www.cope.es\/blogs\/yo-desayuno-a-cuerpo-de-rey\/wp-content\/uploads\/sites\/35\/2020\/07\/WhatsApp-Image-2020-07-08-at-14.17.10-225x300.jpeg 225w, https:\/\/www.cope.es\/blogs\/yo-desayuno-a-cuerpo-de-rey\/wp-content\/uploads\/sites\/35\/2020\/07\/WhatsApp-Image-2020-07-08-at-14.17.10-768x1024.jpeg 768w, https:\/\/www.cope.es\/blogs\/yo-desayuno-a-cuerpo-de-rey\/wp-content\/uploads\/sites\/35\/2020\/07\/WhatsApp-Image-2020-07-08-at-14.17.10-1152x1536.jpeg 1152w, https:\/\/www.cope.es\/blogs\/yo-desayuno-a-cuerpo-de-rey\/wp-content\/uploads\/sites\/35\/2020\/07\/WhatsApp-Image-2020-07-08-at-14.17.10.jpeg 1200w\" sizes=\"auto, (max-width: 225px) 100vw, 225px\" \/>Jose y Pepa son una pareja joven amante de su Badajoz: de los Carnavales, de la Semana Santa, del equipo. Y todo ello quieren que se refleje en lo que proponen desde detr\u00e1s de la barra de su coqueto caf\u00e9 bar del principio de la calle San Sisenando.<\/p>\n<p>He tenido la suerte de comer all\u00ed con unos amigos y son capaces de hacerte sentir como en casa, cuidando hasta el m\u00e1s m\u00ednimo detalle. No iba a ser menos con su propuesta para el Concurso de Desayunos de Saborea Badajoz.<\/p>\n<p>Su &#8220;Picada Extreme\u00f1a&#8221; con tomate y\u00a0aceite de oliva, daditos de queso curado gratinado y virutas de Jam\u00f3n Ib\u00e9rico deja entrever la experiencia de quien la ha servido muchos desayunos (su precio en carta es de 2,60\u20ac).<\/p>\n<p>El pan es superlativo: una chapata firme y consistente, adecuada para soportar el resto de ingredientes, especialmente el queso, utilizado en su justa medida para no &#8220;secuestrar &#8221; al resto de sabores. El detalle barista con la sonrisa en el caf\u00e9 termina de alegrar el d\u00eda.<img loading=\"lazy\" decoding=\"async\" width=\"300\" height=\"225\" class=\"size-medium wp-image-137 aligncenter\" src=\"http:\/\/www.cope.es\/blogs\/yo-desayuno-a-cuerpo-de-rey\/wp-content\/uploads\/sites\/35\/2020\/07\/WhatsApp-Image-2020-07-08-at-14.17.07-1-300x225.jpeg\" alt=\"\" srcset=\"https:\/\/www.cope.es\/blogs\/yo-desayuno-a-cuerpo-de-rey\/wp-content\/uploads\/sites\/35\/2020\/07\/WhatsApp-Image-2020-07-08-at-14.17.07-1-300x225.jpeg 300w, https:\/\/www.cope.es\/blogs\/yo-desayuno-a-cuerpo-de-rey\/wp-content\/uploads\/sites\/35\/2020\/07\/WhatsApp-Image-2020-07-08-at-14.17.07-1-1024x768.jpeg 1024w, https:\/\/www.cope.es\/blogs\/yo-desayuno-a-cuerpo-de-rey\/wp-content\/uploads\/sites\/35\/2020\/07\/WhatsApp-Image-2020-07-08-at-14.17.07-1-768x576.jpeg 768w, https:\/\/www.cope.es\/blogs\/yo-desayuno-a-cuerpo-de-rey\/wp-content\/uploads\/sites\/35\/2020\/07\/WhatsApp-Image-2020-07-08-at-14.17.07-1-1536x1152.jpeg 1536w, https:\/\/www.cope.es\/blogs\/yo-desayuno-a-cuerpo-de-rey\/wp-content\/uploads\/sites\/35\/2020\/07\/WhatsApp-Image-2020-07-08-at-14.17.07-1.jpeg 1600w\" sizes=\"auto, (max-width: 300px) 100vw, 300px\" \/><\/p>\n","protected":false},"excerpt":{"rendered":"<p>Jose y Pepa son una pareja joven amante de su Badajoz: de los Carnavales, de la Semana Santa, del equipo. Y todo ello quieren que se refleje en lo que proponen desde detr\u00e1s de la barra de su coqueto caf\u00e9 bar del principio de la calle San Sisenando. He tenido la suerte de comer all\u00ed [&hellip;]<\/p>\n","protected":false},"author":39,"featured_media":141,"comment_status":"open","ping_status":"open","sticky":false,"template":"","format":"standard","meta":{"footnotes":""},"categories":[17],"tags":[],"class_list":["post-136","post","type-post","status-publish","format-standard","has-post-thumbnail","hentry","category-concurso-saborea-badajoz"],"yoast_head":"<!-- This site is optimized with the Yoast SEO plugin v27.4 - https:\/\/yoast.com\/product\/yoast-seo-wordpress\/ -->\n<title>6. Picada Extreme\u00f1a, de La Rosa de Alfre - Yo desayuno A Cuerpo de Rey<\/title>\n<meta name=\"robots\" content=\"index, follow, max-snippet:-1, max-image-preview:large, max-video-preview:-1\" \/>\n<link rel=\"canonical\" href=\"https:\/\/www.cope.es\/blogs\/yo-desayuno-a-cuerpo-de-rey\/2020\/07\/08\/6-la-rosa-de-alfre\/\" \/>\n<meta property=\"og:locale\" content=\"es_ES\" \/>\n<meta property=\"og:type\" content=\"article\" \/>\n<meta property=\"og:title\" content=\"6. Picada Extreme\u00f1a, de La Rosa de Alfre - Yo desayuno A Cuerpo de Rey\" \/>\n<meta property=\"og:description\" content=\"Jose y Pepa son una pareja joven amante de su Badajoz: de los Carnavales, de la Semana Santa, del equipo. Y todo ello quieren que se refleje en lo que proponen desde detr\u00e1s de la barra de su coqueto caf\u00e9 bar del principio de la calle San Sisenando. He tenido la suerte de comer all\u00ed [&hellip;]\" \/>\n<meta property=\"og:url\" content=\"https:\/\/www.cope.es\/blogs\/yo-desayuno-a-cuerpo-de-rey\/2020\/07\/08\/6-la-rosa-de-alfre\/\" \/>\n<meta property=\"og:site_name\" content=\"Yo desayuno A Cuerpo de Rey\" \/>\n<meta property=\"article:publisher\" content=\"https:\/\/www.facebook.com\/cope\/\" \/>\n<meta property=\"article:author\" content=\"https:\/\/www.facebook.com\/JoseLuisLoridoGarcia\" \/>\n<meta property=\"article:published_time\" content=\"2020-07-08T12:38:16+00:00\" \/>\n<meta property=\"article:modified_time\" content=\"2020-07-08T12:39:53+00:00\" \/>\n<meta property=\"og:image\" content=\"https:\/\/www.cope.es\/blogs\/yo-desayuno-a-cuerpo-de-rey\/wp-content\/uploads\/sites\/35\/2020\/07\/WhatsApp-Image-2020-07-08-at-14.17.09-1.jpeg\" \/>\n\t<meta property=\"og:image:width\" content=\"1200\" \/>\n\t<meta property=\"og:image:height\" content=\"1600\" \/>\n\t<meta property=\"og:image:type\" content=\"image\/jpeg\" \/>\n<meta name=\"author\" content=\"Jos\u00e9 Luis Lorido\" \/>\n<meta name=\"twitter:card\" content=\"summary_large_image\" \/>\n<meta name=\"twitter:creator\" content=\"@lordigor\" \/>\n<meta name=\"twitter:site\" content=\"@cope_es\" \/>\n<meta name=\"twitter:label1\" content=\"Escrito por\" \/>\n\t<meta name=\"twitter:data1\" content=\"Jos\u00e9 Luis Lorido\" \/>\n\t<meta name=\"twitter:label2\" content=\"Tiempo de lectura\" \/>\n\t<meta name=\"twitter:data2\" content=\"1 minuto\" \/>\n<script type=\"application\/ld+json\" class=\"yoast-schema-graph\">{\"@context\":\"https:\\\/\\\/schema.org\",\"@graph\":[{\"@type\":\"Article\",\"@id\":\"https:\\\/\\\/www.cope.es\\\/blogs\\\/yo-desayuno-a-cuerpo-de-rey\\\/2020\\\/07\\\/08\\\/6-la-rosa-de-alfre\\\/#article\",\"isPartOf\":{\"@id\":\"https:\\\/\\\/www.cope.es\\\/blogs\\\/yo-desayuno-a-cuerpo-de-rey\\\/2020\\\/07\\\/08\\\/6-la-rosa-de-alfre\\\/\"},\"author\":{\"name\":\"Jos\u00e9 Luis Lorido\",\"@id\":\"https:\\\/\\\/www.cope.es\\\/blogs\\\/yo-desayuno-a-cuerpo-de-rey\\\/#\\\/schema\\\/person\\\/1dcca3cde1c76032621f6a566abf353d\"},\"headline\":\"6. Picada Extreme\u00f1a, de La Rosa de Alfre\",\"datePublished\":\"2020-07-08T12:38:16+00:00\",\"dateModified\":\"2020-07-08T12:39:53+00:00\",\"mainEntityOfPage\":{\"@id\":\"https:\\\/\\\/www.cope.es\\\/blogs\\\/yo-desayuno-a-cuerpo-de-rey\\\/2020\\\/07\\\/08\\\/6-la-rosa-de-alfre\\\/\"},\"wordCount\":185,\"commentCount\":0,\"image\":{\"@id\":\"https:\\\/\\\/www.cope.es\\\/blogs\\\/yo-desayuno-a-cuerpo-de-rey\\\/2020\\\/07\\\/08\\\/6-la-rosa-de-alfre\\\/#primaryimage\"},\"thumbnailUrl\":\"https:\\\/\\\/www.cope.es\\\/blogs\\\/yo-desayuno-a-cuerpo-de-rey\\\/wp-content\\\/uploads\\\/sites\\\/35\\\/2020\\\/07\\\/WhatsApp-Image-2020-07-08-at-14.17.09-1.jpeg\",\"articleSection\":[\"Concurso Saborea Badajoz\"],\"inLanguage\":\"es\",\"potentialAction\":[{\"@type\":\"CommentAction\",\"name\":\"Comment\",\"target\":[\"https:\\\/\\\/www.cope.es\\\/blogs\\\/yo-desayuno-a-cuerpo-de-rey\\\/2020\\\/07\\\/08\\\/6-la-rosa-de-alfre\\\/#respond\"]}]},{\"@type\":\"WebPage\",\"@id\":\"https:\\\/\\\/www.cope.es\\\/blogs\\\/yo-desayuno-a-cuerpo-de-rey\\\/2020\\\/07\\\/08\\\/6-la-rosa-de-alfre\\\/\",\"url\":\"https:\\\/\\\/www.cope.es\\\/blogs\\\/yo-desayuno-a-cuerpo-de-rey\\\/2020\\\/07\\\/08\\\/6-la-rosa-de-alfre\\\/\",\"name\":\"6. Picada Extreme\u00f1a, de La Rosa de Alfre - Yo desayuno A Cuerpo de Rey\",\"isPartOf\":{\"@id\":\"https:\\\/\\\/www.cope.es\\\/blogs\\\/yo-desayuno-a-cuerpo-de-rey\\\/#website\"},\"primaryImageOfPage\":{\"@id\":\"https:\\\/\\\/www.cope.es\\\/blogs\\\/yo-desayuno-a-cuerpo-de-rey\\\/2020\\\/07\\\/08\\\/6-la-rosa-de-alfre\\\/#primaryimage\"},\"image\":{\"@id\":\"https:\\\/\\\/www.cope.es\\\/blogs\\\/yo-desayuno-a-cuerpo-de-rey\\\/2020\\\/07\\\/08\\\/6-la-rosa-de-alfre\\\/#primaryimage\"},\"thumbnailUrl\":\"https:\\\/\\\/www.cope.es\\\/blogs\\\/yo-desayuno-a-cuerpo-de-rey\\\/wp-content\\\/uploads\\\/sites\\\/35\\\/2020\\\/07\\\/WhatsApp-Image-2020-07-08-at-14.17.09-1.jpeg\",\"datePublished\":\"2020-07-08T12:38:16+00:00\",\"dateModified\":\"2020-07-08T12:39:53+00:00\",\"author\":{\"@id\":\"https:\\\/\\\/www.cope.es\\\/blogs\\\/yo-desayuno-a-cuerpo-de-rey\\\/#\\\/schema\\\/person\\\/1dcca3cde1c76032621f6a566abf353d\"},\"breadcrumb\":{\"@id\":\"https:\\\/\\\/www.cope.es\\\/blogs\\\/yo-desayuno-a-cuerpo-de-rey\\\/2020\\\/07\\\/08\\\/6-la-rosa-de-alfre\\\/#breadcrumb\"},\"inLanguage\":\"es\",\"potentialAction\":[{\"@type\":\"ReadAction\",\"target\":[\"https:\\\/\\\/www.cope.es\\\/blogs\\\/yo-desayuno-a-cuerpo-de-rey\\\/2020\\\/07\\\/08\\\/6-la-rosa-de-alfre\\\/\"]}]},{\"@type\":\"ImageObject\",\"inLanguage\":\"es\",\"@id\":\"https:\\\/\\\/www.cope.es\\\/blogs\\\/yo-desayuno-a-cuerpo-de-rey\\\/2020\\\/07\\\/08\\\/6-la-rosa-de-alfre\\\/#primaryimage\",\"url\":\"https:\\\/\\\/www.cope.es\\\/blogs\\\/yo-desayuno-a-cuerpo-de-rey\\\/wp-content\\\/uploads\\\/sites\\\/35\\\/2020\\\/07\\\/WhatsApp-Image-2020-07-08-at-14.17.09-1.jpeg\",\"contentUrl\":\"https:\\\/\\\/www.cope.es\\\/blogs\\\/yo-desayuno-a-cuerpo-de-rey\\\/wp-content\\\/uploads\\\/sites\\\/35\\\/2020\\\/07\\\/WhatsApp-Image-2020-07-08-at-14.17.09-1.jpeg\",\"width\":1200,\"height\":1600},{\"@type\":\"BreadcrumbList\",\"@id\":\"https:\\\/\\\/www.cope.es\\\/blogs\\\/yo-desayuno-a-cuerpo-de-rey\\\/2020\\\/07\\\/08\\\/6-la-rosa-de-alfre\\\/#breadcrumb\",\"itemListElement\":[{\"@type\":\"ListItem\",\"position\":1,\"name\":\"Portada\",\"item\":\"https:\\\/\\\/www.cope.es\\\/blogs\\\/yo-desayuno-a-cuerpo-de-rey\\\/\"},{\"@type\":\"ListItem\",\"position\":2,\"name\":\"6. Picada Extreme\u00f1a, de La Rosa de Alfre\"}]},{\"@type\":\"WebSite\",\"@id\":\"https:\\\/\\\/www.cope.es\\\/blogs\\\/yo-desayuno-a-cuerpo-de-rey\\\/#website\",\"url\":\"https:\\\/\\\/www.cope.es\\\/blogs\\\/yo-desayuno-a-cuerpo-de-rey\\\/\",\"name\":\"Yo desayuno A Cuerpo de Rey\",\"description\":\"Blog gastron\u00f3mico dedicado a la comida m\u00e1s importante del d\u00eda. Nuestro granito de arena para la declaraci\u00f3n de Badajoz como Capital Ib\u00e9rica del Desayuno\",\"potentialAction\":[{\"@type\":\"SearchAction\",\"target\":{\"@type\":\"EntryPoint\",\"urlTemplate\":\"https:\\\/\\\/www.cope.es\\\/blogs\\\/yo-desayuno-a-cuerpo-de-rey\\\/?s={search_term_string}\"},\"query-input\":{\"@type\":\"PropertyValueSpecification\",\"valueRequired\":true,\"valueName\":\"search_term_string\"}}],\"inLanguage\":\"es\"},{\"@type\":\"Person\",\"@id\":\"https:\\\/\\\/www.cope.es\\\/blogs\\\/yo-desayuno-a-cuerpo-de-rey\\\/#\\\/schema\\\/person\\\/1dcca3cde1c76032621f6a566abf353d\",\"name\":\"Jos\u00e9 Luis Lorido\",\"image\":{\"@type\":\"ImageObject\",\"inLanguage\":\"es\",\"@id\":\"https:\\\/\\\/secure.gravatar.com\\\/avatar\\\/1cd961d512bf826a5e19206ba226a984646bf5d77141307e138efc37d7d41cc4?s=96&d=mm&r=g\",\"url\":\"https:\\\/\\\/secure.gravatar.com\\\/avatar\\\/1cd961d512bf826a5e19206ba226a984646bf5d77141307e138efc37d7d41cc4?s=96&d=mm&r=g\",\"contentUrl\":\"https:\\\/\\\/secure.gravatar.com\\\/avatar\\\/1cd961d512bf826a5e19206ba226a984646bf5d77141307e138efc37d7d41cc4?s=96&d=mm&r=g\",\"caption\":\"Jos\u00e9 Luis Lorido\"},\"description\":\"Yo desayuno A Cuerpo de Rey. Blog gastron\u00f3mico dedicado a la comida m\u00e1s importante del d\u00eda. Nuestro granito de arena para la declaraci\u00f3n de Badajoz como Capital Mundial del Desayuno.\",\"sameAs\":[\"https:\\\/\\\/www.cope.es\\\/badajoz\",\"https:\\\/\\\/www.facebook.com\\\/JoseLuisLoridoGarcia\",\"https:\\\/\\\/x.com\\\/lordigor\"],\"url\":\"https:\\\/\\\/www.cope.es\\\/blogs\\\/yo-desayuno-a-cuerpo-de-rey\\\/author\\\/lorido\\\/\"}]}<\/script>\n<!-- \/ Yoast SEO plugin. -->","yoast_head_json":{"title":"6. Picada Extreme\u00f1a, de La Rosa de Alfre - Yo desayuno A Cuerpo de Rey","robots":{"index":"index","follow":"follow","max-snippet":"max-snippet:-1","max-image-preview":"max-image-preview:large","max-video-preview":"max-video-preview:-1"},"canonical":"https:\/\/www.cope.es\/blogs\/yo-desayuno-a-cuerpo-de-rey\/2020\/07\/08\/6-la-rosa-de-alfre\/","og_locale":"es_ES","og_type":"article","og_title":"6. Picada Extreme\u00f1a, de La Rosa de Alfre - Yo desayuno A Cuerpo de Rey","og_description":"Jose y Pepa son una pareja joven amante de su Badajoz: de los Carnavales, de la Semana Santa, del equipo. Y todo ello quieren que se refleje en lo que proponen desde detr\u00e1s de la barra de su coqueto caf\u00e9 bar del principio de la calle San Sisenando. He tenido la suerte de comer all\u00ed [&hellip;]","og_url":"https:\/\/www.cope.es\/blogs\/yo-desayuno-a-cuerpo-de-rey\/2020\/07\/08\/6-la-rosa-de-alfre\/","og_site_name":"Yo desayuno A Cuerpo de Rey","article_publisher":"https:\/\/www.facebook.com\/cope\/","article_author":"https:\/\/www.facebook.com\/JoseLuisLoridoGarcia","article_published_time":"2020-07-08T12:38:16+00:00","article_modified_time":"2020-07-08T12:39:53+00:00","og_image":[{"width":1200,"height":1600,"url":"https:\/\/www.cope.es\/blogs\/yo-desayuno-a-cuerpo-de-rey\/wp-content\/uploads\/sites\/35\/2020\/07\/WhatsApp-Image-2020-07-08-at-14.17.09-1.jpeg","type":"image\/jpeg"}],"author":"Jos\u00e9 Luis Lorido","twitter_card":"summary_large_image","twitter_creator":"@lordigor","twitter_site":"@cope_es","twitter_misc":{"Escrito por":"Jos\u00e9 Luis Lorido","Tiempo de lectura":"1 minuto"},"schema":{"@context":"https:\/\/schema.org","@graph":[{"@type":"Article","@id":"https:\/\/www.cope.es\/blogs\/yo-desayuno-a-cuerpo-de-rey\/2020\/07\/08\/6-la-rosa-de-alfre\/#article","isPartOf":{"@id":"https:\/\/www.cope.es\/blogs\/yo-desayuno-a-cuerpo-de-rey\/2020\/07\/08\/6-la-rosa-de-alfre\/"},"author":{"name":"Jos\u00e9 Luis Lorido","@id":"https:\/\/www.cope.es\/blogs\/yo-desayuno-a-cuerpo-de-rey\/#\/schema\/person\/1dcca3cde1c76032621f6a566abf353d"},"headline":"6. Picada Extreme\u00f1a, de La Rosa de Alfre","datePublished":"2020-07-08T12:38:16+00:00","dateModified":"2020-07-08T12:39:53+00:00","mainEntityOfPage":{"@id":"https:\/\/www.cope.es\/blogs\/yo-desayuno-a-cuerpo-de-rey\/2020\/07\/08\/6-la-rosa-de-alfre\/"},"wordCount":185,"commentCount":0,"image":{"@id":"https:\/\/www.cope.es\/blogs\/yo-desayuno-a-cuerpo-de-rey\/2020\/07\/08\/6-la-rosa-de-alfre\/#primaryimage"},"thumbnailUrl":"https:\/\/www.cope.es\/blogs\/yo-desayuno-a-cuerpo-de-rey\/wp-content\/uploads\/sites\/35\/2020\/07\/WhatsApp-Image-2020-07-08-at-14.17.09-1.jpeg","articleSection":["Concurso Saborea Badajoz"],"inLanguage":"es","potentialAction":[{"@type":"CommentAction","name":"Comment","target":["https:\/\/www.cope.es\/blogs\/yo-desayuno-a-cuerpo-de-rey\/2020\/07\/08\/6-la-rosa-de-alfre\/#respond"]}]},{"@type":"WebPage","@id":"https:\/\/www.cope.es\/blogs\/yo-desayuno-a-cuerpo-de-rey\/2020\/07\/08\/6-la-rosa-de-alfre\/","url":"https:\/\/www.cope.es\/blogs\/yo-desayuno-a-cuerpo-de-rey\/2020\/07\/08\/6-la-rosa-de-alfre\/","name":"6. Picada Extreme\u00f1a, de La Rosa de Alfre - Yo desayuno A Cuerpo de Rey","isPartOf":{"@id":"https:\/\/www.cope.es\/blogs\/yo-desayuno-a-cuerpo-de-rey\/#website"},"primaryImageOfPage":{"@id":"https:\/\/www.cope.es\/blogs\/yo-desayuno-a-cuerpo-de-rey\/2020\/07\/08\/6-la-rosa-de-alfre\/#primaryimage"},"image":{"@id":"https:\/\/www.cope.es\/blogs\/yo-desayuno-a-cuerpo-de-rey\/2020\/07\/08\/6-la-rosa-de-alfre\/#primaryimage"},"thumbnailUrl":"https:\/\/www.cope.es\/blogs\/yo-desayuno-a-cuerpo-de-rey\/wp-content\/uploads\/sites\/35\/2020\/07\/WhatsApp-Image-2020-07-08-at-14.17.09-1.jpeg","datePublished":"2020-07-08T12:38:16+00:00","dateModified":"2020-07-08T12:39:53+00:00","author":{"@id":"https:\/\/www.cope.es\/blogs\/yo-desayuno-a-cuerpo-de-rey\/#\/schema\/person\/1dcca3cde1c76032621f6a566abf353d"},"breadcrumb":{"@id":"https:\/\/www.cope.es\/blogs\/yo-desayuno-a-cuerpo-de-rey\/2020\/07\/08\/6-la-rosa-de-alfre\/#breadcrumb"},"inLanguage":"es","potentialAction":[{"@type":"ReadAction","target":["https:\/\/www.cope.es\/blogs\/yo-desayuno-a-cuerpo-de-rey\/2020\/07\/08\/6-la-rosa-de-alfre\/"]}]},{"@type":"ImageObject","inLanguage":"es","@id":"https:\/\/www.cope.es\/blogs\/yo-desayuno-a-cuerpo-de-rey\/2020\/07\/08\/6-la-rosa-de-alfre\/#primaryimage","url":"https:\/\/www.cope.es\/blogs\/yo-desayuno-a-cuerpo-de-rey\/wp-content\/uploads\/sites\/35\/2020\/07\/WhatsApp-Image-2020-07-08-at-14.17.09-1.jpeg","contentUrl":"https:\/\/www.cope.es\/blogs\/yo-desayuno-a-cuerpo-de-rey\/wp-content\/uploads\/sites\/35\/2020\/07\/WhatsApp-Image-2020-07-08-at-14.17.09-1.jpeg","width":1200,"height":1600},{"@type":"BreadcrumbList","@id":"https:\/\/www.cope.es\/blogs\/yo-desayuno-a-cuerpo-de-rey\/2020\/07\/08\/6-la-rosa-de-alfre\/#breadcrumb","itemListElement":[{"@type":"ListItem","position":1,"name":"Portada","item":"https:\/\/www.cope.es\/blogs\/yo-desayuno-a-cuerpo-de-rey\/"},{"@type":"ListItem","position":2,"name":"6. Picada Extreme\u00f1a, de La Rosa de Alfre"}]},{"@type":"WebSite","@id":"https:\/\/www.cope.es\/blogs\/yo-desayuno-a-cuerpo-de-rey\/#website","url":"https:\/\/www.cope.es\/blogs\/yo-desayuno-a-cuerpo-de-rey\/","name":"Yo desayuno A Cuerpo de Rey","description":"Blog gastron\u00f3mico dedicado a la comida m\u00e1s importante del d\u00eda. Nuestro granito de arena para la declaraci\u00f3n de Badajoz como Capital Ib\u00e9rica del Desayuno","potentialAction":[{"@type":"SearchAction","target":{"@type":"EntryPoint","urlTemplate":"https:\/\/www.cope.es\/blogs\/yo-desayuno-a-cuerpo-de-rey\/?s={search_term_string}"},"query-input":{"@type":"PropertyValueSpecification","valueRequired":true,"valueName":"search_term_string"}}],"inLanguage":"es"},{"@type":"Person","@id":"https:\/\/www.cope.es\/blogs\/yo-desayuno-a-cuerpo-de-rey\/#\/schema\/person\/1dcca3cde1c76032621f6a566abf353d","name":"Jos\u00e9 Luis Lorido","image":{"@type":"ImageObject","inLanguage":"es","@id":"https:\/\/secure.gravatar.com\/avatar\/1cd961d512bf826a5e19206ba226a984646bf5d77141307e138efc37d7d41cc4?s=96&d=mm&r=g","url":"https:\/\/secure.gravatar.com\/avatar\/1cd961d512bf826a5e19206ba226a984646bf5d77141307e138efc37d7d41cc4?s=96&d=mm&r=g","contentUrl":"https:\/\/secure.gravatar.com\/avatar\/1cd961d512bf826a5e19206ba226a984646bf5d77141307e138efc37d7d41cc4?s=96&d=mm&r=g","caption":"Jos\u00e9 Luis Lorido"},"description":"Yo desayuno A Cuerpo de Rey. Blog gastron\u00f3mico dedicado a la comida m\u00e1s importante del d\u00eda. Nuestro granito de arena para la declaraci\u00f3n de Badajoz como Capital Mundial del Desayuno.","sameAs":["https:\/\/www.cope.es\/badajoz","https:\/\/www.facebook.com\/JoseLuisLoridoGarcia","https:\/\/x.com\/lordigor"],"url":"https:\/\/www.cope.es\/blogs\/yo-desayuno-a-cuerpo-de-rey\/author\/lorido\/"}]}},"amp_enabled":true,"_links":{"self":[{"href":"https:\/\/www.cope.es\/blogs\/yo-desayuno-a-cuerpo-de-rey\/wp-json\/wp\/v2\/posts\/136","targetHints":{"allow":["GET"]}}],"collection":[{"href":"https:\/\/www.cope.es\/blogs\/yo-desayuno-a-cuerpo-de-rey\/wp-json\/wp\/v2\/posts"}],"about":[{"href":"https:\/\/www.cope.es\/blogs\/yo-desayuno-a-cuerpo-de-rey\/wp-json\/wp\/v2\/types\/post"}],"author":[{"embeddable":true,"href":"https:\/\/www.cope.es\/blogs\/yo-desayuno-a-cuerpo-de-rey\/wp-json\/wp\/v2\/users\/39"}],"replies":[{"embeddable":true,"href":"https:\/\/www.cope.es\/blogs\/yo-desayuno-a-cuerpo-de-rey\/wp-json\/wp\/v2\/comments?post=136"}],"version-history":[{"count":2,"href":"https:\/\/www.cope.es\/blogs\/yo-desayuno-a-cuerpo-de-rey\/wp-json\/wp\/v2\/posts\/136\/revisions"}],"predecessor-version":[{"id":146,"href":"https:\/\/www.cope.es\/blogs\/yo-desayuno-a-cuerpo-de-rey\/wp-json\/wp\/v2\/posts\/136\/revisions\/146"}],"wp:featuredmedia":[{"embeddable":true,"href":"https:\/\/www.cope.es\/blogs\/yo-desayuno-a-cuerpo-de-rey\/wp-json\/wp\/v2\/media\/141"}],"wp:attachment":[{"href":"https:\/\/www.cope.es\/blogs\/yo-desayuno-a-cuerpo-de-rey\/wp-json\/wp\/v2\/media?parent=136"}],"wp:term":[{"taxonomy":"category","embeddable":true,"href":"https:\/\/www.cope.es\/blogs\/yo-desayuno-a-cuerpo-de-rey\/wp-json\/wp\/v2\/categories?post=136"},{"taxonomy":"post_tag","embeddable":true,"href":"https:\/\/www.cope.es\/blogs\/yo-desayuno-a-cuerpo-de-rey\/wp-json\/wp\/v2\/tags?post=136"}],"curies":[{"name":"wp","href":"https:\/\/api.w.org\/{rel}","templated":true}]}}