{"id":44,"date":"2018-05-02T17:26:31","date_gmt":"2018-05-02T15:26:31","guid":{"rendered":"http:\/\/www.cope.es\/blogs\/tendido-alto\/?p=44"},"modified":"2018-05-02T17:26:31","modified_gmt":"2018-05-02T15:26:31","slug":"la-manada-de-imbeciles","status":"publish","type":"post","link":"https:\/\/www.cope.es\/blogs\/tendido-alto\/2018\/05\/02\/la-manada-de-imbeciles\/","title":{"rendered":"La Manada&#8230; de imb\u00e9ciles"},"content":{"rendered":"<p><strong><span style=\"font-family: Verdana, sans-serif\"><span style=\"font-size: large\">En los \u00faltimos d\u00edas ha sido noticia la sentencia de la Audiencia de Navarra por la que condena a nueve a\u00f1os de prisi\u00f3n a los cinco integrantes de ese grupo de amigos conocido como La Manada que abusaron de una joven en las fiestas de San Ferm\u00edn. <\/span><\/span><\/strong><\/p>\n<p><span style=\"font-family: Verdana, sans-serif\"><span style=\"font-size: large\">Esto ha suscitado una respuesta social tremenda. Las calles se han llenado de gente pidiendo que se ampl\u00ede la condena, los partidos pol\u00edticos m\u00e1s de lo mismo y hasta el propio ministro de justicia cuestion\u00f3 las plenas facultades de uno de los jueces del tribunal. Pero por supuesto, la palma, como siempre, se la han llevado las redes sociales. <\/span><\/span><\/p>\n<p><span style=\"font-family: Verdana, sans-serif\"><span style=\"font-size: large\">El hervidero virtual al que nos tiene acostumbrado twitter se puso de manifiesto nada m\u00e1s conocerse la sentencia y el odio enmascarado de los animalistas, como siempre, no se hizo esperar. Basta con que cualquiera ponga en su buscador de twitter las palabras \u201cManada, toros, taurinos\u201d para darse cuenta de la cantidad de imb\u00e9ciles que andan sueltos por la red. No han sido ni uno, ni dos, los que han dicho cosas del tipo \u201cLos taurinos estar\u00e1n contentos con la sentencia\u201d o \u201cLa Manada, ese grupo de aficionados a los toros que&#8230;\u201d <\/span><\/span><\/p>\n<p><span style=\"font-family: Verdana, sans-serif\"><span style=\"font-size: large\">\u00bfPor qu\u00e9? Supongo que por llevar unas camisetas de San Ferm\u00edn, en las fiestas de San Ferm\u00edn y en Pamplona, unos lumbreras, vaya. Los cientos de miles de personas que acuden a las fiestas acostumbran a llevar atuendos de ese tipo, y ni much\u00edsimo menos todos son taurinos. Pero las redes se infectan a menudo de imb\u00e9ciles de este calibre que comparan a un grupo de salvajes con los aficionados a los toros. Y por cierto, alguno de ellos miembro de los Biris Norte, grupo de ultra izquierda de aficionados del Sevilla FC que por supuesto, de taurinos no tienen ni medio pelo de la barba. <\/span><\/span><\/p>\n<p><span style=\"font-family: Verdana, sans-serif\"><span style=\"font-size: large\">Pero eso qu\u00e9 m\u00e1s da, pensar\u00e1n algunos. Tienen una nueva oportunidad para atacar a los taurinos con temas excesivamente sensibles que nada tienen que ver con defender una u otra posici\u00f3n con respecto a la fiesta de los toros. Les da igual compararnos con un grupo de violadores, pero no debemos sorprendernos. Esos mismos se mofaron de las muertes de Victor Barrio o Fandi\u00f1o y se la desearon al ni\u00f1o Adri\u00e1n, enfermo de c\u00e1ncer, solo por ser aficionado a los toros. <\/span><\/span><\/p>\n<p><span style=\"font-family: Verdana, sans-serif\"><span style=\"font-size: large\">Este solo ha sido el \u00faltimo episodio de una larga lista de momentos indeseables que los antitaurinos voraces nos regalan en la red. Claman contra lo que llaman injusticias y luchan por lo que se suponen derechos fundamentales, pero niegan la libertad a los aficionados a los toros hasta caer a lo m\u00e1s bajo de la escala social escupiendo barbaridades por la boca como las que hemos tenido que aguantar tantas veces. Y otras tantas que vendr\u00e1n. Una aut\u00e9ntica manada de imb\u00e9ciles. <\/span><\/span><\/p>\n","protected":false},"excerpt":{"rendered":"<p>En los \u00faltimos d\u00edas ha sido noticia la sentencia de la Audiencia de Navarra por la que condena a nueve a\u00f1os de prisi\u00f3n a los cinco integrantes de ese grupo de amigos conocido como La Manada que abusaron de una joven en las fiestas de San Ferm\u00edn. Esto ha suscitado una respuesta social tremenda. Las [&hellip;]<\/p>\n","protected":false},"author":18,"featured_media":45,"comment_status":"open","ping_status":"open","sticky":false,"template":"","format":"standard","meta":{"footnotes":""},"categories":[4],"tags":[18,15,16,17,6],"class_list":["post-44","post","type-post","status-publish","format-standard","has-post-thumbnail","hentry","category-politica","tag-animalistas","tag-la-manada","tag-san-fermin","tag-taurinos","tag-toros"],"yoast_head":"<!-- This site is optimized with the Yoast SEO plugin v27.4 - https:\/\/yoast.com\/product\/yoast-seo-wordpress\/ -->\n<title>La Manada... de imb\u00e9ciles - Tendido Alto<\/title>\n<meta name=\"robots\" content=\"index, follow, max-snippet:-1, max-image-preview:large, max-video-preview:-1\" \/>\n<link rel=\"canonical\" href=\"https:\/\/www.cope.es\/blogs\/tendido-alto\/2018\/05\/02\/la-manada-de-imbeciles\/\" \/>\n<meta property=\"og:locale\" content=\"es_ES\" \/>\n<meta property=\"og:type\" content=\"article\" \/>\n<meta property=\"og:title\" content=\"La Manada... de imb\u00e9ciles - Tendido Alto\" \/>\n<meta property=\"og:description\" content=\"En los \u00faltimos d\u00edas ha sido noticia la sentencia de la Audiencia de Navarra por la que condena a nueve a\u00f1os de prisi\u00f3n a los cinco integrantes de ese grupo de amigos conocido como La Manada que abusaron de una joven en las fiestas de San Ferm\u00edn. Esto ha suscitado una respuesta social tremenda. Las [&hellip;]\" \/>\n<meta property=\"og:url\" content=\"https:\/\/www.cope.es\/blogs\/tendido-alto\/2018\/05\/02\/la-manada-de-imbeciles\/\" \/>\n<meta property=\"og:site_name\" content=\"Tendido Alto\" \/>\n<meta property=\"article:publisher\" content=\"https:\/\/www.facebook.com\/cope\/\" \/>\n<meta property=\"article:published_time\" content=\"2018-05-02T15:26:31+00:00\" \/>\n<meta property=\"og:image\" content=\"https:\/\/www.cope.es\/blogs\/tendido-alto\/wp-content\/uploads\/sites\/18\/2018\/05\/TOROS.png\" \/>\n\t<meta property=\"og:image:width\" content=\"700\" \/>\n\t<meta property=\"og:image:height\" content=\"244\" \/>\n\t<meta property=\"og:image:type\" content=\"image\/png\" \/>\n<meta name=\"author\" content=\"jfmardomingo\" \/>\n<meta name=\"twitter:card\" content=\"summary_large_image\" \/>\n<meta name=\"twitter:creator\" content=\"@cope_es\" \/>\n<meta name=\"twitter:site\" content=\"@cope_es\" \/>\n<meta name=\"twitter:label1\" content=\"Escrito por\" \/>\n\t<meta name=\"twitter:data1\" content=\"jfmardomingo\" \/>\n\t<meta name=\"twitter:label2\" content=\"Tiempo de lectura\" \/>\n\t<meta name=\"twitter:data2\" content=\"2 minutos\" \/>\n<script type=\"application\/ld+json\" class=\"yoast-schema-graph\">{\"@context\":\"https:\\\/\\\/schema.org\",\"@graph\":[{\"@type\":\"Article\",\"@id\":\"https:\\\/\\\/www.cope.es\\\/blogs\\\/tendido-alto\\\/2018\\\/05\\\/02\\\/la-manada-de-imbeciles\\\/#article\",\"isPartOf\":{\"@id\":\"https:\\\/\\\/www.cope.es\\\/blogs\\\/tendido-alto\\\/2018\\\/05\\\/02\\\/la-manada-de-imbeciles\\\/\"},\"author\":{\"name\":\"jfmardomingo\",\"@id\":\"https:\\\/\\\/www.cope.es\\\/blogs\\\/tendido-alto\\\/#\\\/schema\\\/person\\\/ac537c2854934c4b23e5f2e45cc0c061\"},\"headline\":\"La Manada&#8230; de imb\u00e9ciles\",\"datePublished\":\"2018-05-02T15:26:31+00:00\",\"mainEntityOfPage\":{\"@id\":\"https:\\\/\\\/www.cope.es\\\/blogs\\\/tendido-alto\\\/2018\\\/05\\\/02\\\/la-manada-de-imbeciles\\\/\"},\"wordCount\":497,\"commentCount\":0,\"image\":{\"@id\":\"https:\\\/\\\/www.cope.es\\\/blogs\\\/tendido-alto\\\/2018\\\/05\\\/02\\\/la-manada-de-imbeciles\\\/#primaryimage\"},\"thumbnailUrl\":\"https:\\\/\\\/www.cope.es\\\/blogs\\\/tendido-alto\\\/wp-content\\\/uploads\\\/sites\\\/18\\\/2018\\\/05\\\/TOROS.png\",\"keywords\":[\"animalistas\",\"la manada\",\"san ferm\u00edn\",\"taurinos\",\"toros\"],\"articleSection\":[\"Pol\u00edtica\"],\"inLanguage\":\"es\",\"potentialAction\":[{\"@type\":\"CommentAction\",\"name\":\"Comment\",\"target\":[\"https:\\\/\\\/www.cope.es\\\/blogs\\\/tendido-alto\\\/2018\\\/05\\\/02\\\/la-manada-de-imbeciles\\\/#respond\"]}]},{\"@type\":\"WebPage\",\"@id\":\"https:\\\/\\\/www.cope.es\\\/blogs\\\/tendido-alto\\\/2018\\\/05\\\/02\\\/la-manada-de-imbeciles\\\/\",\"url\":\"https:\\\/\\\/www.cope.es\\\/blogs\\\/tendido-alto\\\/2018\\\/05\\\/02\\\/la-manada-de-imbeciles\\\/\",\"name\":\"La Manada... de imb\u00e9ciles - Tendido Alto\",\"isPartOf\":{\"@id\":\"https:\\\/\\\/www.cope.es\\\/blogs\\\/tendido-alto\\\/#website\"},\"primaryImageOfPage\":{\"@id\":\"https:\\\/\\\/www.cope.es\\\/blogs\\\/tendido-alto\\\/2018\\\/05\\\/02\\\/la-manada-de-imbeciles\\\/#primaryimage\"},\"image\":{\"@id\":\"https:\\\/\\\/www.cope.es\\\/blogs\\\/tendido-alto\\\/2018\\\/05\\\/02\\\/la-manada-de-imbeciles\\\/#primaryimage\"},\"thumbnailUrl\":\"https:\\\/\\\/www.cope.es\\\/blogs\\\/tendido-alto\\\/wp-content\\\/uploads\\\/sites\\\/18\\\/2018\\\/05\\\/TOROS.png\",\"datePublished\":\"2018-05-02T15:26:31+00:00\",\"author\":{\"@id\":\"https:\\\/\\\/www.cope.es\\\/blogs\\\/tendido-alto\\\/#\\\/schema\\\/person\\\/ac537c2854934c4b23e5f2e45cc0c061\"},\"breadcrumb\":{\"@id\":\"https:\\\/\\\/www.cope.es\\\/blogs\\\/tendido-alto\\\/2018\\\/05\\\/02\\\/la-manada-de-imbeciles\\\/#breadcrumb\"},\"inLanguage\":\"es\",\"potentialAction\":[{\"@type\":\"ReadAction\",\"target\":[\"https:\\\/\\\/www.cope.es\\\/blogs\\\/tendido-alto\\\/2018\\\/05\\\/02\\\/la-manada-de-imbeciles\\\/\"]}]},{\"@type\":\"ImageObject\",\"inLanguage\":\"es\",\"@id\":\"https:\\\/\\\/www.cope.es\\\/blogs\\\/tendido-alto\\\/2018\\\/05\\\/02\\\/la-manada-de-imbeciles\\\/#primaryimage\",\"url\":\"https:\\\/\\\/www.cope.es\\\/blogs\\\/tendido-alto\\\/wp-content\\\/uploads\\\/sites\\\/18\\\/2018\\\/05\\\/TOROS.png\",\"contentUrl\":\"https:\\\/\\\/www.cope.es\\\/blogs\\\/tendido-alto\\\/wp-content\\\/uploads\\\/sites\\\/18\\\/2018\\\/05\\\/TOROS.png\",\"width\":700,\"height\":244},{\"@type\":\"BreadcrumbList\",\"@id\":\"https:\\\/\\\/www.cope.es\\\/blogs\\\/tendido-alto\\\/2018\\\/05\\\/02\\\/la-manada-de-imbeciles\\\/#breadcrumb\",\"itemListElement\":[{\"@type\":\"ListItem\",\"position\":1,\"name\":\"Portada\",\"item\":\"https:\\\/\\\/www.cope.es\\\/blogs\\\/tendido-alto\\\/\"},{\"@type\":\"ListItem\",\"position\":2,\"name\":\"La Manada&#8230; de imb\u00e9ciles\"}]},{\"@type\":\"WebSite\",\"@id\":\"https:\\\/\\\/www.cope.es\\\/blogs\\\/tendido-alto\\\/#website\",\"url\":\"https:\\\/\\\/www.cope.es\\\/blogs\\\/tendido-alto\\\/\",\"name\":\"Tendido Alto\",\"description\":\"Tendido Alto blog de toros de COPE\",\"potentialAction\":[{\"@type\":\"SearchAction\",\"target\":{\"@type\":\"EntryPoint\",\"urlTemplate\":\"https:\\\/\\\/www.cope.es\\\/blogs\\\/tendido-alto\\\/?s={search_term_string}\"},\"query-input\":{\"@type\":\"PropertyValueSpecification\",\"valueRequired\":true,\"valueName\":\"search_term_string\"}}],\"inLanguage\":\"es\"},{\"@type\":\"Person\",\"@id\":\"https:\\\/\\\/www.cope.es\\\/blogs\\\/tendido-alto\\\/#\\\/schema\\\/person\\\/ac537c2854934c4b23e5f2e45cc0c061\",\"name\":\"jfmardomingo\",\"image\":{\"@type\":\"ImageObject\",\"inLanguage\":\"es\",\"@id\":\"https:\\\/\\\/secure.gravatar.com\\\/avatar\\\/c4dd8e4b54430cbcac5a3c1d466dddd3fd4ca573dbf0a30d2e8c9a3b7eaa3d3f?s=96&d=mm&r=g\",\"url\":\"https:\\\/\\\/secure.gravatar.com\\\/avatar\\\/c4dd8e4b54430cbcac5a3c1d466dddd3fd4ca573dbf0a30d2e8c9a3b7eaa3d3f?s=96&d=mm&r=g\",\"contentUrl\":\"https:\\\/\\\/secure.gravatar.com\\\/avatar\\\/c4dd8e4b54430cbcac5a3c1d466dddd3fd4ca573dbf0a30d2e8c9a3b7eaa3d3f?s=96&d=mm&r=g\",\"caption\":\"jfmardomingo\"},\"description\":\"Soy Javier Fern\u00e1ndez-Mardomingo, periodista, redactor de La Linterna y El Albero de la Cadena COPE e insisto, por encima de todo, aficionado a la tauromaquia y al toro\",\"sameAs\":[\"http:\\\/\\\/www.cope.es\"],\"url\":\"https:\\\/\\\/www.cope.es\\\/blogs\\\/tendido-alto\\\/author\\\/jfmardomingo\\\/\"}]}<\/script>\n<!-- \/ Yoast SEO plugin. -->","yoast_head_json":{"title":"La Manada... de imb\u00e9ciles - Tendido Alto","robots":{"index":"index","follow":"follow","max-snippet":"max-snippet:-1","max-image-preview":"max-image-preview:large","max-video-preview":"max-video-preview:-1"},"canonical":"https:\/\/www.cope.es\/blogs\/tendido-alto\/2018\/05\/02\/la-manada-de-imbeciles\/","og_locale":"es_ES","og_type":"article","og_title":"La Manada... de imb\u00e9ciles - Tendido Alto","og_description":"En los \u00faltimos d\u00edas ha sido noticia la sentencia de la Audiencia de Navarra por la que condena a nueve a\u00f1os de prisi\u00f3n a los cinco integrantes de ese grupo de amigos conocido como La Manada que abusaron de una joven en las fiestas de San Ferm\u00edn. Esto ha suscitado una respuesta social tremenda. Las [&hellip;]","og_url":"https:\/\/www.cope.es\/blogs\/tendido-alto\/2018\/05\/02\/la-manada-de-imbeciles\/","og_site_name":"Tendido Alto","article_publisher":"https:\/\/www.facebook.com\/cope\/","article_published_time":"2018-05-02T15:26:31+00:00","og_image":[{"width":700,"height":244,"url":"https:\/\/www.cope.es\/blogs\/tendido-alto\/wp-content\/uploads\/sites\/18\/2018\/05\/TOROS.png","type":"image\/png"}],"author":"jfmardomingo","twitter_card":"summary_large_image","twitter_creator":"@cope_es","twitter_site":"@cope_es","twitter_misc":{"Escrito por":"jfmardomingo","Tiempo de lectura":"2 minutos"},"schema":{"@context":"https:\/\/schema.org","@graph":[{"@type":"Article","@id":"https:\/\/www.cope.es\/blogs\/tendido-alto\/2018\/05\/02\/la-manada-de-imbeciles\/#article","isPartOf":{"@id":"https:\/\/www.cope.es\/blogs\/tendido-alto\/2018\/05\/02\/la-manada-de-imbeciles\/"},"author":{"name":"jfmardomingo","@id":"https:\/\/www.cope.es\/blogs\/tendido-alto\/#\/schema\/person\/ac537c2854934c4b23e5f2e45cc0c061"},"headline":"La Manada&#8230; de imb\u00e9ciles","datePublished":"2018-05-02T15:26:31+00:00","mainEntityOfPage":{"@id":"https:\/\/www.cope.es\/blogs\/tendido-alto\/2018\/05\/02\/la-manada-de-imbeciles\/"},"wordCount":497,"commentCount":0,"image":{"@id":"https:\/\/www.cope.es\/blogs\/tendido-alto\/2018\/05\/02\/la-manada-de-imbeciles\/#primaryimage"},"thumbnailUrl":"https:\/\/www.cope.es\/blogs\/tendido-alto\/wp-content\/uploads\/sites\/18\/2018\/05\/TOROS.png","keywords":["animalistas","la manada","san ferm\u00edn","taurinos","toros"],"articleSection":["Pol\u00edtica"],"inLanguage":"es","potentialAction":[{"@type":"CommentAction","name":"Comment","target":["https:\/\/www.cope.es\/blogs\/tendido-alto\/2018\/05\/02\/la-manada-de-imbeciles\/#respond"]}]},{"@type":"WebPage","@id":"https:\/\/www.cope.es\/blogs\/tendido-alto\/2018\/05\/02\/la-manada-de-imbeciles\/","url":"https:\/\/www.cope.es\/blogs\/tendido-alto\/2018\/05\/02\/la-manada-de-imbeciles\/","name":"La Manada... de imb\u00e9ciles - Tendido Alto","isPartOf":{"@id":"https:\/\/www.cope.es\/blogs\/tendido-alto\/#website"},"primaryImageOfPage":{"@id":"https:\/\/www.cope.es\/blogs\/tendido-alto\/2018\/05\/02\/la-manada-de-imbeciles\/#primaryimage"},"image":{"@id":"https:\/\/www.cope.es\/blogs\/tendido-alto\/2018\/05\/02\/la-manada-de-imbeciles\/#primaryimage"},"thumbnailUrl":"https:\/\/www.cope.es\/blogs\/tendido-alto\/wp-content\/uploads\/sites\/18\/2018\/05\/TOROS.png","datePublished":"2018-05-02T15:26:31+00:00","author":{"@id":"https:\/\/www.cope.es\/blogs\/tendido-alto\/#\/schema\/person\/ac537c2854934c4b23e5f2e45cc0c061"},"breadcrumb":{"@id":"https:\/\/www.cope.es\/blogs\/tendido-alto\/2018\/05\/02\/la-manada-de-imbeciles\/#breadcrumb"},"inLanguage":"es","potentialAction":[{"@type":"ReadAction","target":["https:\/\/www.cope.es\/blogs\/tendido-alto\/2018\/05\/02\/la-manada-de-imbeciles\/"]}]},{"@type":"ImageObject","inLanguage":"es","@id":"https:\/\/www.cope.es\/blogs\/tendido-alto\/2018\/05\/02\/la-manada-de-imbeciles\/#primaryimage","url":"https:\/\/www.cope.es\/blogs\/tendido-alto\/wp-content\/uploads\/sites\/18\/2018\/05\/TOROS.png","contentUrl":"https:\/\/www.cope.es\/blogs\/tendido-alto\/wp-content\/uploads\/sites\/18\/2018\/05\/TOROS.png","width":700,"height":244},{"@type":"BreadcrumbList","@id":"https:\/\/www.cope.es\/blogs\/tendido-alto\/2018\/05\/02\/la-manada-de-imbeciles\/#breadcrumb","itemListElement":[{"@type":"ListItem","position":1,"name":"Portada","item":"https:\/\/www.cope.es\/blogs\/tendido-alto\/"},{"@type":"ListItem","position":2,"name":"La Manada&#8230; de imb\u00e9ciles"}]},{"@type":"WebSite","@id":"https:\/\/www.cope.es\/blogs\/tendido-alto\/#website","url":"https:\/\/www.cope.es\/blogs\/tendido-alto\/","name":"Tendido Alto","description":"Tendido Alto blog de toros de COPE","potentialAction":[{"@type":"SearchAction","target":{"@type":"EntryPoint","urlTemplate":"https:\/\/www.cope.es\/blogs\/tendido-alto\/?s={search_term_string}"},"query-input":{"@type":"PropertyValueSpecification","valueRequired":true,"valueName":"search_term_string"}}],"inLanguage":"es"},{"@type":"Person","@id":"https:\/\/www.cope.es\/blogs\/tendido-alto\/#\/schema\/person\/ac537c2854934c4b23e5f2e45cc0c061","name":"jfmardomingo","image":{"@type":"ImageObject","inLanguage":"es","@id":"https:\/\/secure.gravatar.com\/avatar\/c4dd8e4b54430cbcac5a3c1d466dddd3fd4ca573dbf0a30d2e8c9a3b7eaa3d3f?s=96&d=mm&r=g","url":"https:\/\/secure.gravatar.com\/avatar\/c4dd8e4b54430cbcac5a3c1d466dddd3fd4ca573dbf0a30d2e8c9a3b7eaa3d3f?s=96&d=mm&r=g","contentUrl":"https:\/\/secure.gravatar.com\/avatar\/c4dd8e4b54430cbcac5a3c1d466dddd3fd4ca573dbf0a30d2e8c9a3b7eaa3d3f?s=96&d=mm&r=g","caption":"jfmardomingo"},"description":"Soy Javier Fern\u00e1ndez-Mardomingo, periodista, redactor de La Linterna y El Albero de la Cadena COPE e insisto, por encima de todo, aficionado a la tauromaquia y al toro","sameAs":["http:\/\/www.cope.es"],"url":"https:\/\/www.cope.es\/blogs\/tendido-alto\/author\/jfmardomingo\/"}]}},"amp_enabled":true,"_links":{"self":[{"href":"https:\/\/www.cope.es\/blogs\/tendido-alto\/wp-json\/wp\/v2\/posts\/44","targetHints":{"allow":["GET"]}}],"collection":[{"href":"https:\/\/www.cope.es\/blogs\/tendido-alto\/wp-json\/wp\/v2\/posts"}],"about":[{"href":"https:\/\/www.cope.es\/blogs\/tendido-alto\/wp-json\/wp\/v2\/types\/post"}],"author":[{"embeddable":true,"href":"https:\/\/www.cope.es\/blogs\/tendido-alto\/wp-json\/wp\/v2\/users\/18"}],"replies":[{"embeddable":true,"href":"https:\/\/www.cope.es\/blogs\/tendido-alto\/wp-json\/wp\/v2\/comments?post=44"}],"version-history":[{"count":2,"href":"https:\/\/www.cope.es\/blogs\/tendido-alto\/wp-json\/wp\/v2\/posts\/44\/revisions"}],"predecessor-version":[{"id":47,"href":"https:\/\/www.cope.es\/blogs\/tendido-alto\/wp-json\/wp\/v2\/posts\/44\/revisions\/47"}],"wp:featuredmedia":[{"embeddable":true,"href":"https:\/\/www.cope.es\/blogs\/tendido-alto\/wp-json\/wp\/v2\/media\/45"}],"wp:attachment":[{"href":"https:\/\/www.cope.es\/blogs\/tendido-alto\/wp-json\/wp\/v2\/media?parent=44"}],"wp:term":[{"taxonomy":"category","embeddable":true,"href":"https:\/\/www.cope.es\/blogs\/tendido-alto\/wp-json\/wp\/v2\/categories?post=44"},{"taxonomy":"post_tag","embeddable":true,"href":"https:\/\/www.cope.es\/blogs\/tendido-alto\/wp-json\/wp\/v2\/tags?post=44"}],"curies":[{"name":"wp","href":"https:\/\/api.w.org\/{rel}","templated":true}]}}