{"id":9916,"date":"2011-09-20T13:17:27","date_gmt":"2011-09-20T12:17:27","guid":{"rendered":"http:\/\/abcblogs.abc.es\/tendencias-moda\/?guid=57640f28c8e686d3c34bd8bbbec6c431"},"modified":"2011-09-20T13:17:27","modified_gmt":"2011-09-20T12:17:27","slug":"fuga-de-modelos","status":"publish","type":"post","link":"https:\/\/www.cope.es\/blogs\/tendencias-moda\/2011\/09\/20\/fuga-de-modelos\/","title":{"rendered":"&#8220;Fuga de modelos&#8221;"},"content":{"rendered":"<p>Para que vamos a negarlo: lo m&aacute;s importante de un desfile son las modelos. Si el &#8216;casting&#8217; no est&aacute; a la altura de la ropa, puede da&ntilde;ar el resultado del look final sobre la pasarela. Un sin fin de modelos B significar&iacute;a la muerte s&uacute;bita de una colecci&oacute;n.<\/p>\n<p><div class=\"foto\"><img decoding=\"async\" src=\"\/tendencias-moda\/files\/tumblr_l4tnax19HT1qbxk3m.jpg\" alt=\"tumblr_l4tnax19HT1qbxk3m.jpg\" \/><\/div>\n<div class=\"foto\">FOTO: <a href=\"http:\/\/thefashionmoodboard.blogspot.com\/2010\/09\/inspiration-models-backstage.html\">The Fashion Moodboard<\/a><\/div>\n<p><!--more--><\/p>\n<p>Seg&uacute;n el diario brit&aacute;nico, <a href=\"http:\/\/www.telegraph.co.uk\/finance\/newsbysector\/retailandconsumer\/8775282\/London-Fashion-Week-thrown-into-crisis-as-Gucci-models-fly-to-Milan-show-early.html\">The Telegraph<\/a>, los dise&ntilde;adores londinenses se est&aacute;n tirando de los pelos porque sus mejores maniqu&iacute;s (ya &#8216;bookeadas&#8217; hace meses para desfilar en la London Fashion Week) se han ido a Mil&aacute;n con menos de 24 horas de preaviso. Al parecer, una llamada desde la casa Gucci, caus&oacute; lo que llamaremos una &#8220;fuga de modelos&#8221; (igualito que la &#8220;fuga de cerebros&#8221; pero sin tanto &#8220;cerebro&#8221;&#8230; vaya maldad me he marcado).Gucci las necesita con urgencia para hacer las pruebas de vestuario (tambi&eacute;n conocido como el &#8216;fitting&#8217;) para su desfile.<\/p>\n<p><div class=\"foto\"><img decoding=\"async\" src=\"\/tendencias-moda\/files\/2v8r78y.jpg\" alt=\"2v8r78y.jpg\" \/>FOTO: <a href=\"http:\/\/thefashionmoodboard.blogspot.com\/2010\/09\/inspiration-models-backstage.html\">The Fashion Moodboard<\/a><\/div>\n<\/p>\n<p>El problema, seg&uacute;n cuenta The Telegraph, se origin&oacute; cuando Marc Jacobs retras&oacute; su desfile de Nueva York por causa del hurac&aacute;n Irene. Entonces cre&oacute; un efecto domin&oacute; en el cual las modelos se quedaron m&aacute;s tiempo en EEUU, llegaron tarde a Londres y se perdieron el primer d&iacute;a de la London Fashion Week. Ahora con la llamada de Gucci se han ido a Mil&aacute;n antes de lo previsto.<\/p>\n<p><div class=\"foto\"><img decoding=\"async\" src=\"\/tendencias-moda\/files\/burberrybueno.jpg\" alt=\"burberrybueno.jpg\" \/>El desfile de Burberry Prorsum que tuvo lugar durante la London Fashion Week, de los pocos que no fueron afectados y cont&oacute; con la presencia de las modelos m&aacute;s &#8216;top&#8217;.<\/div>\n<\/p>\n<p>Durante la Cibeles Madrid Fashion Week, los dise&ntilde;adores espa&ntilde;oles tambi&eacute;n tuvieron problemas con sus modelos. Y es que las agencias hab&iacute;an pasado mal el n&uacute;mero de pie de cada una de ellas. &iquest;Resultado? Todos los zapatos que hab&iacute;an confeccionado para los desfiles, les quedaban grandes. Las estilistas estaban desoladas. Una nos explic&oacute;: &#8220;es que un zapato grande te arruina un desfile, porque las modelos no andan bien&#8221;. Efectivamente, en TCN, una de las modelos perdi&oacute; un zapato, estilo Cenicienta, y se qued&oacute; ah&iacute; en medio de la pasarela hasta que un miembro del p&uacute;blico se acerc&oacute; a quitarlo.<\/p>\n<p>&nbsp;<\/p>\n","protected":false},"excerpt":{"rendered":"<p>Para que vamos a negarlo: lo m&aacute;s importante de un desfile son las modelos. Si el &#8216;casting&#8217; no est&aacute; a la altura de la ropa, puede da&ntilde;ar el resultado del look final sobre la pasarela. Un sin fin de modelos B significar&iacute;a la mu&#8230;<\/p>\n","protected":false},"author":2,"featured_media":0,"comment_status":"open","ping_status":"closed","sticky":false,"template":"","format":"standard","meta":{"footnotes":""},"categories":[17],"tags":[],"class_list":["post-9916","post","type-post","status-publish","format-standard","hentry","category-curiosidades"],"yoast_head":"<!-- This site is optimized with the Yoast SEO plugin v27.4 - https:\/\/yoast.com\/product\/yoast-seo-wordpress\/ -->\n<title>&quot;Fuga de modelos&quot; - L\u00e9xico fashionista<\/title>\n<meta name=\"robots\" content=\"index, follow, max-snippet:-1, max-image-preview:large, max-video-preview:-1\" \/>\n<link rel=\"canonical\" href=\"https:\/\/www.cope.es\/blogs\/tendencias-moda\/2011\/09\/20\/fuga-de-modelos\/\" \/>\n<meta property=\"og:locale\" content=\"es_ES\" \/>\n<meta property=\"og:type\" content=\"article\" \/>\n<meta property=\"og:title\" content=\"&quot;Fuga de modelos&quot; - L\u00e9xico fashionista\" \/>\n<meta property=\"og:description\" content=\"Para que vamos a negarlo: lo m&aacute;s importante de un desfile son las modelos. Si el &#039;casting&#039; no est&aacute; a la altura de la ropa, puede da&ntilde;ar el resultado del look final sobre la pasarela. Un sin fin de modelos B significar&iacute;a la mu...\" \/>\n<meta property=\"og:url\" content=\"https:\/\/www.cope.es\/blogs\/tendencias-moda\/2011\/09\/20\/fuga-de-modelos\/\" \/>\n<meta property=\"og:site_name\" content=\"L\u00e9xico fashionista\" \/>\n<meta property=\"article:publisher\" content=\"https:\/\/www.facebook.com\/cope\/\" \/>\n<meta property=\"article:author\" content=\"https:\/\/www.facebook.com\/ana.urena\" \/>\n<meta property=\"article:published_time\" content=\"2011-09-20T12:17:27+00:00\" \/>\n<meta name=\"author\" content=\"Ana Ure\u00f1a\" \/>\n<meta name=\"twitter:card\" content=\"summary_large_image\" \/>\n<meta name=\"twitter:creator\" content=\"@anaurena\" \/>\n<meta name=\"twitter:site\" content=\"@cope_es\" \/>\n<meta name=\"twitter:label1\" content=\"Escrito por\" \/>\n\t<meta name=\"twitter:data1\" content=\"Ana Ure\u00f1a\" \/>\n\t<meta name=\"twitter:label2\" content=\"Tiempo de lectura\" \/>\n\t<meta name=\"twitter:data2\" content=\"2 minutos\" \/>\n<script type=\"application\/ld+json\" class=\"yoast-schema-graph\">{\"@context\":\"https:\\\/\\\/schema.org\",\"@graph\":[{\"@type\":\"Article\",\"@id\":\"https:\\\/\\\/www.cope.es\\\/blogs\\\/tendencias-moda\\\/2011\\\/09\\\/20\\\/fuga-de-modelos\\\/#article\",\"isPartOf\":{\"@id\":\"https:\\\/\\\/www.cope.es\\\/blogs\\\/tendencias-moda\\\/2011\\\/09\\\/20\\\/fuga-de-modelos\\\/\"},\"author\":{\"name\":\"Ana Ure\u00f1a\",\"@id\":\"https:\\\/\\\/www.cope.es\\\/blogs\\\/tendencias-moda\\\/#\\\/schema\\\/person\\\/d4c92e5cdffedbf565412bbc8a5df606\"},\"headline\":\"&#8220;Fuga de modelos&#8221;\",\"datePublished\":\"2011-09-20T12:17:27+00:00\",\"mainEntityOfPage\":{\"@id\":\"https:\\\/\\\/www.cope.es\\\/blogs\\\/tendencias-moda\\\/2011\\\/09\\\/20\\\/fuga-de-modelos\\\/\"},\"wordCount\":410,\"commentCount\":0,\"articleSection\":[\"curiosidades\"],\"inLanguage\":\"es\",\"potentialAction\":[{\"@type\":\"CommentAction\",\"name\":\"Comment\",\"target\":[\"https:\\\/\\\/www.cope.es\\\/blogs\\\/tendencias-moda\\\/2011\\\/09\\\/20\\\/fuga-de-modelos\\\/#respond\"]}]},{\"@type\":\"WebPage\",\"@id\":\"https:\\\/\\\/www.cope.es\\\/blogs\\\/tendencias-moda\\\/2011\\\/09\\\/20\\\/fuga-de-modelos\\\/\",\"url\":\"https:\\\/\\\/www.cope.es\\\/blogs\\\/tendencias-moda\\\/2011\\\/09\\\/20\\\/fuga-de-modelos\\\/\",\"name\":\"\\\"Fuga de modelos\\\" - L\u00e9xico fashionista\",\"isPartOf\":{\"@id\":\"https:\\\/\\\/www.cope.es\\\/blogs\\\/tendencias-moda\\\/#website\"},\"datePublished\":\"2011-09-20T12:17:27+00:00\",\"author\":{\"@id\":\"https:\\\/\\\/www.cope.es\\\/blogs\\\/tendencias-moda\\\/#\\\/schema\\\/person\\\/d4c92e5cdffedbf565412bbc8a5df606\"},\"breadcrumb\":{\"@id\":\"https:\\\/\\\/www.cope.es\\\/blogs\\\/tendencias-moda\\\/2011\\\/09\\\/20\\\/fuga-de-modelos\\\/#breadcrumb\"},\"inLanguage\":\"es\",\"potentialAction\":[{\"@type\":\"ReadAction\",\"target\":[\"https:\\\/\\\/www.cope.es\\\/blogs\\\/tendencias-moda\\\/2011\\\/09\\\/20\\\/fuga-de-modelos\\\/\"]}]},{\"@type\":\"BreadcrumbList\",\"@id\":\"https:\\\/\\\/www.cope.es\\\/blogs\\\/tendencias-moda\\\/2011\\\/09\\\/20\\\/fuga-de-modelos\\\/#breadcrumb\",\"itemListElement\":[{\"@type\":\"ListItem\",\"position\":1,\"name\":\"Portada\",\"item\":\"https:\\\/\\\/www.cope.es\\\/blogs\\\/tendencias-moda\\\/\"},{\"@type\":\"ListItem\",\"position\":2,\"name\":\"&#8220;Fuga de modelos&#8221;\"}]},{\"@type\":\"WebSite\",\"@id\":\"https:\\\/\\\/www.cope.es\\\/blogs\\\/tendencias-moda\\\/#website\",\"url\":\"https:\\\/\\\/www.cope.es\\\/blogs\\\/tendencias-moda\\\/\",\"name\":\"L\u00e9xico fashionista\",\"description\":\"Stiletto, clutch, hobo, peep toe, petite robe noire, kawai, cabas, coolhunter, boho, trendy\u2026 la moda utiliza  palabras para las cuales a veces necesitamos un traductor simult\u00e1neo. Pero como Babel Fish no siempre funciona, sirva esta experta en la materia para descifrar el l\u00e9xico fashionista, desde las tendencias m\u00e1s audaces hasta los OMNIs (Objetos de Moda No Identificados) m\u00e1s curiosos.\",\"potentialAction\":[{\"@type\":\"SearchAction\",\"target\":{\"@type\":\"EntryPoint\",\"urlTemplate\":\"https:\\\/\\\/www.cope.es\\\/blogs\\\/tendencias-moda\\\/?s={search_term_string}\"},\"query-input\":{\"@type\":\"PropertyValueSpecification\",\"valueRequired\":true,\"valueName\":\"search_term_string\"}}],\"inLanguage\":\"es\"},{\"@type\":\"Person\",\"@id\":\"https:\\\/\\\/www.cope.es\\\/blogs\\\/tendencias-moda\\\/#\\\/schema\\\/person\\\/d4c92e5cdffedbf565412bbc8a5df606\",\"name\":\"Ana Ure\u00f1a\",\"image\":{\"@type\":\"ImageObject\",\"inLanguage\":\"es\",\"@id\":\"https:\\\/\\\/secure.gravatar.com\\\/avatar\\\/09b592e7ab3e707f9f24abacd8ecd4d629b60de09d3b1ce2fec15163eb6c9749?s=96&d=mm&r=g\",\"url\":\"https:\\\/\\\/secure.gravatar.com\\\/avatar\\\/09b592e7ab3e707f9f24abacd8ecd4d629b60de09d3b1ce2fec15163eb6c9749?s=96&d=mm&r=g\",\"contentUrl\":\"https:\\\/\\\/secure.gravatar.com\\\/avatar\\\/09b592e7ab3e707f9f24abacd8ecd4d629b60de09d3b1ce2fec15163eb6c9749?s=96&d=mm&r=g\",\"caption\":\"Ana Ure\u00f1a\"},\"description\":\"Ana Ure\u00f1a empez\u00f3 hace m\u00e1s de 15 a\u00f1os como becaria en la revista de moda Harper\u2019s en Londres, donde perfeccion\u00f3 su habilidad preparando caf\u00e9 para las reuniones de contenidos. M\u00e1s tarde trabaj\u00f3 para la revista de moda y sociedad \u00abTatler\u00bb, de Cond\u00e9 Nast, y para el peri\u00f3dico \u00abThe Times\u00bb, donde fue pionera al escribir uno de los primeros blogs de moda que existieron en el mundo. Al volver a Madrid, form\u00f3 parte de los equipos de ELLE y VOGUE, pasando por el grupo Vocento y llegando a ser directora de la revista Cosmopolitan. Ahora llega a La Cope a retomar este blog que naci\u00f3 en ABC y nos descubri\u00f3 t\u00e9rminos como OMNIs (Objetos de Moda No Identificados) y nos habl\u00f3 de los cronuts (un h\u00edbrido gourmet entre cruas\u00e1n y donut) antes que nadie. Hoy ya no hace el caf\u00e9 para nadie y solo sue\u00f1a con que se lo prepare George Clooney con su m\u00e1quina de c\u00e1psulas.\",\"sameAs\":[\"http:\\\/\\\/www.cope.es\",\"https:\\\/\\\/www.facebook.com\\\/ana.urena\",\"https:\\\/\\\/x.com\\\/anaurena\"],\"url\":\"https:\\\/\\\/www.cope.es\\\/blogs\\\/tendencias-moda\\\/author\\\/aurena\\\/\"}]}<\/script>\n<!-- \/ Yoast SEO plugin. -->","yoast_head_json":{"title":"\"Fuga de modelos\" - L\u00e9xico fashionista","robots":{"index":"index","follow":"follow","max-snippet":"max-snippet:-1","max-image-preview":"max-image-preview:large","max-video-preview":"max-video-preview:-1"},"canonical":"https:\/\/www.cope.es\/blogs\/tendencias-moda\/2011\/09\/20\/fuga-de-modelos\/","og_locale":"es_ES","og_type":"article","og_title":"\"Fuga de modelos\" - L\u00e9xico fashionista","og_description":"Para que vamos a negarlo: lo m&aacute;s importante de un desfile son las modelos. Si el 'casting' no est&aacute; a la altura de la ropa, puede da&ntilde;ar el resultado del look final sobre la pasarela. Un sin fin de modelos B significar&iacute;a la mu...","og_url":"https:\/\/www.cope.es\/blogs\/tendencias-moda\/2011\/09\/20\/fuga-de-modelos\/","og_site_name":"L\u00e9xico fashionista","article_publisher":"https:\/\/www.facebook.com\/cope\/","article_author":"https:\/\/www.facebook.com\/ana.urena","article_published_time":"2011-09-20T12:17:27+00:00","author":"Ana Ure\u00f1a","twitter_card":"summary_large_image","twitter_creator":"@anaurena","twitter_site":"@cope_es","twitter_misc":{"Escrito por":"Ana Ure\u00f1a","Tiempo de lectura":"2 minutos"},"schema":{"@context":"https:\/\/schema.org","@graph":[{"@type":"Article","@id":"https:\/\/www.cope.es\/blogs\/tendencias-moda\/2011\/09\/20\/fuga-de-modelos\/#article","isPartOf":{"@id":"https:\/\/www.cope.es\/blogs\/tendencias-moda\/2011\/09\/20\/fuga-de-modelos\/"},"author":{"name":"Ana Ure\u00f1a","@id":"https:\/\/www.cope.es\/blogs\/tendencias-moda\/#\/schema\/person\/d4c92e5cdffedbf565412bbc8a5df606"},"headline":"&#8220;Fuga de modelos&#8221;","datePublished":"2011-09-20T12:17:27+00:00","mainEntityOfPage":{"@id":"https:\/\/www.cope.es\/blogs\/tendencias-moda\/2011\/09\/20\/fuga-de-modelos\/"},"wordCount":410,"commentCount":0,"articleSection":["curiosidades"],"inLanguage":"es","potentialAction":[{"@type":"CommentAction","name":"Comment","target":["https:\/\/www.cope.es\/blogs\/tendencias-moda\/2011\/09\/20\/fuga-de-modelos\/#respond"]}]},{"@type":"WebPage","@id":"https:\/\/www.cope.es\/blogs\/tendencias-moda\/2011\/09\/20\/fuga-de-modelos\/","url":"https:\/\/www.cope.es\/blogs\/tendencias-moda\/2011\/09\/20\/fuga-de-modelos\/","name":"\"Fuga de modelos\" - L\u00e9xico fashionista","isPartOf":{"@id":"https:\/\/www.cope.es\/blogs\/tendencias-moda\/#website"},"datePublished":"2011-09-20T12:17:27+00:00","author":{"@id":"https:\/\/www.cope.es\/blogs\/tendencias-moda\/#\/schema\/person\/d4c92e5cdffedbf565412bbc8a5df606"},"breadcrumb":{"@id":"https:\/\/www.cope.es\/blogs\/tendencias-moda\/2011\/09\/20\/fuga-de-modelos\/#breadcrumb"},"inLanguage":"es","potentialAction":[{"@type":"ReadAction","target":["https:\/\/www.cope.es\/blogs\/tendencias-moda\/2011\/09\/20\/fuga-de-modelos\/"]}]},{"@type":"BreadcrumbList","@id":"https:\/\/www.cope.es\/blogs\/tendencias-moda\/2011\/09\/20\/fuga-de-modelos\/#breadcrumb","itemListElement":[{"@type":"ListItem","position":1,"name":"Portada","item":"https:\/\/www.cope.es\/blogs\/tendencias-moda\/"},{"@type":"ListItem","position":2,"name":"&#8220;Fuga de modelos&#8221;"}]},{"@type":"WebSite","@id":"https:\/\/www.cope.es\/blogs\/tendencias-moda\/#website","url":"https:\/\/www.cope.es\/blogs\/tendencias-moda\/","name":"L\u00e9xico fashionista","description":"Stiletto, clutch, hobo, peep toe, petite robe noire, kawai, cabas, coolhunter, boho, trendy\u2026 la moda utiliza  palabras para las cuales a veces necesitamos un traductor simult\u00e1neo. Pero como Babel Fish no siempre funciona, sirva esta experta en la materia para descifrar el l\u00e9xico fashionista, desde las tendencias m\u00e1s audaces hasta los OMNIs (Objetos de Moda No Identificados) m\u00e1s curiosos.","potentialAction":[{"@type":"SearchAction","target":{"@type":"EntryPoint","urlTemplate":"https:\/\/www.cope.es\/blogs\/tendencias-moda\/?s={search_term_string}"},"query-input":{"@type":"PropertyValueSpecification","valueRequired":true,"valueName":"search_term_string"}}],"inLanguage":"es"},{"@type":"Person","@id":"https:\/\/www.cope.es\/blogs\/tendencias-moda\/#\/schema\/person\/d4c92e5cdffedbf565412bbc8a5df606","name":"Ana Ure\u00f1a","image":{"@type":"ImageObject","inLanguage":"es","@id":"https:\/\/secure.gravatar.com\/avatar\/09b592e7ab3e707f9f24abacd8ecd4d629b60de09d3b1ce2fec15163eb6c9749?s=96&d=mm&r=g","url":"https:\/\/secure.gravatar.com\/avatar\/09b592e7ab3e707f9f24abacd8ecd4d629b60de09d3b1ce2fec15163eb6c9749?s=96&d=mm&r=g","contentUrl":"https:\/\/secure.gravatar.com\/avatar\/09b592e7ab3e707f9f24abacd8ecd4d629b60de09d3b1ce2fec15163eb6c9749?s=96&d=mm&r=g","caption":"Ana Ure\u00f1a"},"description":"Ana Ure\u00f1a empez\u00f3 hace m\u00e1s de 15 a\u00f1os como becaria en la revista de moda Harper\u2019s en Londres, donde perfeccion\u00f3 su habilidad preparando caf\u00e9 para las reuniones de contenidos. M\u00e1s tarde trabaj\u00f3 para la revista de moda y sociedad \u00abTatler\u00bb, de Cond\u00e9 Nast, y para el peri\u00f3dico \u00abThe Times\u00bb, donde fue pionera al escribir uno de los primeros blogs de moda que existieron en el mundo. Al volver a Madrid, form\u00f3 parte de los equipos de ELLE y VOGUE, pasando por el grupo Vocento y llegando a ser directora de la revista Cosmopolitan. Ahora llega a La Cope a retomar este blog que naci\u00f3 en ABC y nos descubri\u00f3 t\u00e9rminos como OMNIs (Objetos de Moda No Identificados) y nos habl\u00f3 de los cronuts (un h\u00edbrido gourmet entre cruas\u00e1n y donut) antes que nadie. Hoy ya no hace el caf\u00e9 para nadie y solo sue\u00f1a con que se lo prepare George Clooney con su m\u00e1quina de c\u00e1psulas.","sameAs":["http:\/\/www.cope.es","https:\/\/www.facebook.com\/ana.urena","https:\/\/x.com\/anaurena"],"url":"https:\/\/www.cope.es\/blogs\/tendencias-moda\/author\/aurena\/"}]}},"amp_enabled":true,"_links":{"self":[{"href":"https:\/\/www.cope.es\/blogs\/tendencias-moda\/wp-json\/wp\/v2\/posts\/9916","targetHints":{"allow":["GET"]}}],"collection":[{"href":"https:\/\/www.cope.es\/blogs\/tendencias-moda\/wp-json\/wp\/v2\/posts"}],"about":[{"href":"https:\/\/www.cope.es\/blogs\/tendencias-moda\/wp-json\/wp\/v2\/types\/post"}],"author":[{"embeddable":true,"href":"https:\/\/www.cope.es\/blogs\/tendencias-moda\/wp-json\/wp\/v2\/users\/2"}],"replies":[{"embeddable":true,"href":"https:\/\/www.cope.es\/blogs\/tendencias-moda\/wp-json\/wp\/v2\/comments?post=9916"}],"version-history":[{"count":0,"href":"https:\/\/www.cope.es\/blogs\/tendencias-moda\/wp-json\/wp\/v2\/posts\/9916\/revisions"}],"wp:attachment":[{"href":"https:\/\/www.cope.es\/blogs\/tendencias-moda\/wp-json\/wp\/v2\/media?parent=9916"}],"wp:term":[{"taxonomy":"category","embeddable":true,"href":"https:\/\/www.cope.es\/blogs\/tendencias-moda\/wp-json\/wp\/v2\/categories?post=9916"},{"taxonomy":"post_tag","embeddable":true,"href":"https:\/\/www.cope.es\/blogs\/tendencias-moda\/wp-json\/wp\/v2\/tags?post=9916"}],"curies":[{"name":"wp","href":"https:\/\/api.w.org\/{rel}","templated":true}]}}