{"id":7539,"date":"2010-12-31T16:47:31","date_gmt":"2010-12-31T15:47:31","guid":{"rendered":"http:\/\/abcblogs.abc.es\/tendencias-moda\/?guid=c9203dd3141e692ab3884ed2fc019c8b"},"modified":"2010-12-31T16:47:31","modified_gmt":"2010-12-31T15:47:31","slug":"adios-2010","status":"publish","type":"post","link":"https:\/\/www.cope.es\/blogs\/tendencias-moda\/2010\/12\/31\/adios-2010\/","title":{"rendered":"Adi\u00f3s 2010&#8230;"},"content":{"rendered":"<p>Lloramos con la muerte de Alexander McQueen, nos sorprendimos de la  salida de Vogue Paris de Carine Roitfeld y nos alegramos de la vuelta de  Tom Ford al dise&ntilde;o de ropa de mujer.<\/p>\n<div class=\"foto\"><img decoding=\"async\" src=\"\/tendencias-moda\/files\/tom_ford_5.jpg\" alt=\"tom_ford_5.jpg\" \/>FOTO: anuncio de la campa&ntilde;a de gafas y ropa de hombre de <a href=\"http:\/\/www.tomford.com\/\">Tom Ford<\/a><!--more--><\/div>\n<p>Naci&oacute; la revista ESTILO ABC, un producto de estilo de vida que cuenta con algunas de las mejores firmas de la casa. Una prolongaci&oacute;n de la ya exitosa secci&oacute;n de los s&aacute;bados GENTE-ESTILO del peri&oacute;dico.<\/p>\n<div class=\"foto\"><img decoding=\"async\" src=\"\/tendencias-moda\/files\/estilo1.jpg\" alt=\"estilo1.jpg\" \/><\/p>\n<div class=\"foto\"><\/div>\n<div class=\"foto\"><img decoding=\"async\" src=\"\/tendencias-moda\/files\/estilo2.jpg\" alt=\"estilo2.jpg\" \/><\/p>\n<div class=\"foto\"><img decoding=\"async\" src=\"\/tendencias-moda\/files\/estilo3.jpg\" alt=\"estilo3.jpg\" \/><\/div>\n<div class=\"foto\">FOTOS: las tres portadas de <a href=\"http:\/\/www.abc.es\/estilo\/suplemento.asp\">ESTILO ABC<\/a><\/div>\n<\/div>\n<\/div>\n<p>&nbsp;<\/p>\n<p>Seguimos atentamente la guerra de estilismos entre las divas del pop.  Nos encant&oacute; que intenten superarse a s&iacute; mismas en cada nuevo video clip.  Se llevan la medalla Lady Gaga y Beyonc&eacute;. &iquest;El video que no te puedes  perder? Telephone.<\/p>\n<p>&nbsp;<\/p>\n<div class=\"foto\"><img decoding=\"async\" src=\"\/tendencias-moda\/files\/gaga_beyonce_telephone_music_video.jpg\" alt=\"gaga_beyonce_telephone_music_video.jpg\" \/>FOTO: fotograma del video &#8216;Telephone&#8217; de <a href=\"http:\/\/www.ladygaga.com\/news\">Lady Gaga<\/a> y Beyonc&eacute;<\/div>\n<p>&nbsp;<\/p>\n<p>Nos obsesionamos con las webs de &#8216;streetstyle&#8217; y me hice fan de Anna dello Russo, la reina de los total look y nuevo fen&oacute;meno de internet.<\/p>\n<p>&nbsp;<\/p>\n<div class=\"foto\"><\/div>\n<div class=\"foto\"><img decoding=\"async\" src=\"\/tendencias-moda\/files\/annadellorusso.jpg\" alt=\"annadellorusso.jpg\" \/>FOTO: <a href=\"http:\/\/www.annadellorusso.com\/\">Anna dello Russo<\/a> rodeada de paparazzis del streetstyle<\/div>\n<p>&nbsp;<\/p>\n<p>En tecnolog&iacute;a, Apple nos present&oacute; el iPad y revolucion&oacute; la forma de navegar por internet. Descubrimos la aplicaci&oacute;n Glass, o lo que es lo mismo, los &#8216;post it&#8217; virtuales. Y aprendimos lo que es el &#8216;tethering&#8217;, un programa que convierte tu m&oacute;vil en un router de WIFI para conectar tu iPad o tu ordenador a internet.<\/p>\n<p>&nbsp;<\/p>\n<div class=\"foto\"><img decoding=\"async\" src=\"\/tendencias-moda\/files\/glass.jpg\" alt=\"glass.jpg\" \/>FOTO: los post it virtuales de <a href=\"https:\/\/www.writeonglass.com\/\">&#8216;Write on glass&#8217;<\/a><\/div>\n<p>&nbsp;<\/p>\n<p>Gracias a YouTube pudimos ver el corto de Karl Lagerfeld &#8216;Remember Now&#8217; con la modelo Elisa Sednaoui como protagonista y St Tropez de fondo, y nos re&iacute;mos con la ni&ntilde;a de &#8220;la he liado parda&#8221; el chico del &#8220;pim pam toma Lacasitos&#8221; y el se&ntilde;or de &#8220;me han puesto &#8216;droja&#8217; en el Cola Cao&#8221;<\/p>\n<p>&nbsp;<\/p>\n<div class=\"foto\"><img decoding=\"async\" src=\"\/tendencias-moda\/files\/remembernow.jpg\" alt=\"remembernow.jpg\" \/>FOTO: fotograma del cortometraje de Karl Lagerfeld en <a href=\"http:\/\/www.youtube.com\/watch?v=spN37R-eUGw\">YouTube<\/a><\/div>\n<p>&nbsp;<\/p>\n<p>Gossip Girl se convirti&oacute; en el nuevo &#8216;Sexo en NY&#8217;. Parte del m&eacute;rito lo tiene el estilista de la serie, que en su d&iacute;a trabaj&oacute; con Patricia Field. &iquest;Resultado? Las protagonistas est&aacute;n entre las m&aacute;s cotizadas por los dise&ntilde;adores. Blake Lively ser&aacute; imagen de Chanel y Taylor Momsen la de la l&iacute;nea de ropa de Madonna y del nuevo perfume de John Galliano.<\/p>\n<p>&nbsp;<\/p>\n<div class=\"foto\"><img decoding=\"async\" src=\"\/tendencias-moda\/files\/gossipgirl.jpg\" alt=\"gossipgirl.jpg\" \/>FOTO: los protagonistas de la serie <a href=\"http:\/\/www.cwtv.com\/shows\/gossip-girl\">Gossip Girl<\/a><\/div>\n<p>&nbsp;<\/p>\n<p>Nos enganchamos a la serie americana Glee, cuyo &eacute;xito tom&oacute; por sorpresa a todo el mundo, incluidos a los productores y a los protagonistas. &iquest;Lo mejor de la serie? Jane Lynch.<\/p>\n<p>&nbsp;<\/p>\n<div class=\"foto\"><img decoding=\"async\" src=\"\/tendencias-moda\/files\/glee.jpg\" alt=\"glee.jpg\" \/>FOTO: los protagonistas de <a href=\"http:\/\/www.fox.com\/glee\/\">Glee<\/a><\/div>\n<div class=\"foto\"><\/div>\n<p>Nos conmocion&oacute; el drama de Hait&iacute; y nos solidarizamos con unos mineros chilenos. Nos hartamos del &#8216;talante&#8217; de Zapatero y pasamos noches en blanco enganchados a Wikileaks.<\/p>\n<p>&nbsp;<\/p>\n<p>&nbsp;<\/p>\n<div class=\"foto\"><img decoding=\"async\" src=\"\/tendencias-moda\/files\/wikileaks.jpg\" alt=\"wikileaks.jpg\" \/>FOTO: la homepage de la <a href=\"http:\/\/213.251.145.96\/\">web<\/a> m&aacute;s pol&eacute;mica del momento<\/div>\n<div class=\"foto\"><\/div>\n<p>&nbsp;<\/p>\n<p>Todos nos hicimos hinchas de la selecci&oacute;n y cantamos &#8220;yo soy espa&ntilde;ol, espa&ntilde;ol, espa&ntilde;ol&#8221;. Hasta las que seguimos la moda sabemos que este fue el a&ntilde;o del deporte espa&ntilde;ol, y no de la moda&#8230;<\/p>\n<p>&iquest;La frase que define el 2010? &#8220;Soy Espa&ntilde;ol, &iquest;a qu&eacute; quieres que te gane?&#8221;<\/p>\n<p>&nbsp;<\/p>\n<div class=\"foto\"><img decoding=\"async\" src=\"\/tendencias-moda\/files\/abcportada.jpg\" alt=\"abcportada.jpg\" \/><\/div>\n<div class=\"foto\">FOTO: portada de <a href=\"http:\/\/www.abc.es\/\">ABC<\/a> del 11 de julio del 2010<\/div>\n<p>&nbsp;<\/p>\n","protected":false},"excerpt":{"rendered":"<p>Lloramos con la muerte de Alexander McQueen, nos sorprendimos de la  salida de Vogue Paris de Carine Roitfeld y nos alegramos de la vuelta de  Tom Ford al dise&ntilde;o de ropa de mujer.<br \/>\nFOTO: anuncio de la campa&ntilde;a de gafas y ropa de hombre de T&#8230;<\/p>\n","protected":false},"author":2,"featured_media":0,"comment_status":"open","ping_status":"closed","sticky":false,"template":"","format":"standard","meta":{"footnotes":""},"categories":[17],"tags":[],"class_list":["post-7539","post","type-post","status-publish","format-standard","hentry","category-curiosidades"],"yoast_head":"<!-- This site is optimized with the Yoast SEO plugin v27.4 - https:\/\/yoast.com\/product\/yoast-seo-wordpress\/ -->\n<title>Adi\u00f3s 2010... - L\u00e9xico fashionista<\/title>\n<meta name=\"robots\" content=\"index, follow, max-snippet:-1, max-image-preview:large, max-video-preview:-1\" \/>\n<link rel=\"canonical\" href=\"https:\/\/www.cope.es\/blogs\/tendencias-moda\/2010\/12\/31\/adios-2010\/\" \/>\n<meta property=\"og:locale\" content=\"es_ES\" \/>\n<meta property=\"og:type\" content=\"article\" \/>\n<meta property=\"og:title\" content=\"Adi\u00f3s 2010... - L\u00e9xico fashionista\" \/>\n<meta property=\"og:description\" content=\"Lloramos con la muerte de Alexander McQueen, nos sorprendimos de la salida de Vogue Paris de Carine Roitfeld y nos alegramos de la vuelta de Tom Ford al dise&ntilde;o de ropa de mujer. FOTO: anuncio de la campa&ntilde;a de gafas y ropa de hombre de T...\" \/>\n<meta property=\"og:url\" content=\"https:\/\/www.cope.es\/blogs\/tendencias-moda\/2010\/12\/31\/adios-2010\/\" \/>\n<meta property=\"og:site_name\" content=\"L\u00e9xico fashionista\" \/>\n<meta property=\"article:publisher\" content=\"https:\/\/www.facebook.com\/cope\/\" \/>\n<meta property=\"article:author\" content=\"https:\/\/www.facebook.com\/ana.urena\" \/>\n<meta property=\"article:published_time\" content=\"2010-12-31T15:47:31+00:00\" \/>\n<meta name=\"author\" content=\"Ana Ure\u00f1a\" \/>\n<meta name=\"twitter:card\" content=\"summary_large_image\" \/>\n<meta name=\"twitter:creator\" content=\"@anaurena\" \/>\n<meta name=\"twitter:site\" content=\"@cope_es\" \/>\n<meta name=\"twitter:label1\" content=\"Escrito por\" \/>\n\t<meta name=\"twitter:data1\" content=\"Ana Ure\u00f1a\" \/>\n\t<meta name=\"twitter:label2\" content=\"Tiempo de lectura\" \/>\n\t<meta name=\"twitter:data2\" content=\"3 minutos\" \/>\n<script type=\"application\/ld+json\" class=\"yoast-schema-graph\">{\"@context\":\"https:\\\/\\\/schema.org\",\"@graph\":[{\"@type\":\"Article\",\"@id\":\"https:\\\/\\\/www.cope.es\\\/blogs\\\/tendencias-moda\\\/2010\\\/12\\\/31\\\/adios-2010\\\/#article\",\"isPartOf\":{\"@id\":\"https:\\\/\\\/www.cope.es\\\/blogs\\\/tendencias-moda\\\/2010\\\/12\\\/31\\\/adios-2010\\\/\"},\"author\":{\"name\":\"Ana Ure\u00f1a\",\"@id\":\"https:\\\/\\\/www.cope.es\\\/blogs\\\/tendencias-moda\\\/#\\\/schema\\\/person\\\/d4c92e5cdffedbf565412bbc8a5df606\"},\"headline\":\"Adi\u00f3s 2010&#8230;\",\"datePublished\":\"2010-12-31T15:47:31+00:00\",\"mainEntityOfPage\":{\"@id\":\"https:\\\/\\\/www.cope.es\\\/blogs\\\/tendencias-moda\\\/2010\\\/12\\\/31\\\/adios-2010\\\/\"},\"wordCount\":596,\"commentCount\":0,\"articleSection\":[\"curiosidades\"],\"inLanguage\":\"es\",\"potentialAction\":[{\"@type\":\"CommentAction\",\"name\":\"Comment\",\"target\":[\"https:\\\/\\\/www.cope.es\\\/blogs\\\/tendencias-moda\\\/2010\\\/12\\\/31\\\/adios-2010\\\/#respond\"]}]},{\"@type\":\"WebPage\",\"@id\":\"https:\\\/\\\/www.cope.es\\\/blogs\\\/tendencias-moda\\\/2010\\\/12\\\/31\\\/adios-2010\\\/\",\"url\":\"https:\\\/\\\/www.cope.es\\\/blogs\\\/tendencias-moda\\\/2010\\\/12\\\/31\\\/adios-2010\\\/\",\"name\":\"Adi\u00f3s 2010... - L\u00e9xico fashionista\",\"isPartOf\":{\"@id\":\"https:\\\/\\\/www.cope.es\\\/blogs\\\/tendencias-moda\\\/#website\"},\"datePublished\":\"2010-12-31T15:47:31+00:00\",\"author\":{\"@id\":\"https:\\\/\\\/www.cope.es\\\/blogs\\\/tendencias-moda\\\/#\\\/schema\\\/person\\\/d4c92e5cdffedbf565412bbc8a5df606\"},\"breadcrumb\":{\"@id\":\"https:\\\/\\\/www.cope.es\\\/blogs\\\/tendencias-moda\\\/2010\\\/12\\\/31\\\/adios-2010\\\/#breadcrumb\"},\"inLanguage\":\"es\",\"potentialAction\":[{\"@type\":\"ReadAction\",\"target\":[\"https:\\\/\\\/www.cope.es\\\/blogs\\\/tendencias-moda\\\/2010\\\/12\\\/31\\\/adios-2010\\\/\"]}]},{\"@type\":\"BreadcrumbList\",\"@id\":\"https:\\\/\\\/www.cope.es\\\/blogs\\\/tendencias-moda\\\/2010\\\/12\\\/31\\\/adios-2010\\\/#breadcrumb\",\"itemListElement\":[{\"@type\":\"ListItem\",\"position\":1,\"name\":\"Portada\",\"item\":\"https:\\\/\\\/www.cope.es\\\/blogs\\\/tendencias-moda\\\/\"},{\"@type\":\"ListItem\",\"position\":2,\"name\":\"Adi\u00f3s 2010&#8230;\"}]},{\"@type\":\"WebSite\",\"@id\":\"https:\\\/\\\/www.cope.es\\\/blogs\\\/tendencias-moda\\\/#website\",\"url\":\"https:\\\/\\\/www.cope.es\\\/blogs\\\/tendencias-moda\\\/\",\"name\":\"L\u00e9xico fashionista\",\"description\":\"Stiletto, clutch, hobo, peep toe, petite robe noire, kawai, cabas, coolhunter, boho, trendy\u2026 la moda utiliza  palabras para las cuales a veces necesitamos un traductor simult\u00e1neo. Pero como Babel Fish no siempre funciona, sirva esta experta en la materia para descifrar el l\u00e9xico fashionista, desde las tendencias m\u00e1s audaces hasta los OMNIs (Objetos de Moda No Identificados) m\u00e1s curiosos.\",\"potentialAction\":[{\"@type\":\"SearchAction\",\"target\":{\"@type\":\"EntryPoint\",\"urlTemplate\":\"https:\\\/\\\/www.cope.es\\\/blogs\\\/tendencias-moda\\\/?s={search_term_string}\"},\"query-input\":{\"@type\":\"PropertyValueSpecification\",\"valueRequired\":true,\"valueName\":\"search_term_string\"}}],\"inLanguage\":\"es\"},{\"@type\":\"Person\",\"@id\":\"https:\\\/\\\/www.cope.es\\\/blogs\\\/tendencias-moda\\\/#\\\/schema\\\/person\\\/d4c92e5cdffedbf565412bbc8a5df606\",\"name\":\"Ana Ure\u00f1a\",\"image\":{\"@type\":\"ImageObject\",\"inLanguage\":\"es\",\"@id\":\"https:\\\/\\\/secure.gravatar.com\\\/avatar\\\/09b592e7ab3e707f9f24abacd8ecd4d629b60de09d3b1ce2fec15163eb6c9749?s=96&d=mm&r=g\",\"url\":\"https:\\\/\\\/secure.gravatar.com\\\/avatar\\\/09b592e7ab3e707f9f24abacd8ecd4d629b60de09d3b1ce2fec15163eb6c9749?s=96&d=mm&r=g\",\"contentUrl\":\"https:\\\/\\\/secure.gravatar.com\\\/avatar\\\/09b592e7ab3e707f9f24abacd8ecd4d629b60de09d3b1ce2fec15163eb6c9749?s=96&d=mm&r=g\",\"caption\":\"Ana Ure\u00f1a\"},\"description\":\"Ana Ure\u00f1a empez\u00f3 hace m\u00e1s de 15 a\u00f1os como becaria en la revista de moda Harper\u2019s en Londres, donde perfeccion\u00f3 su habilidad preparando caf\u00e9 para las reuniones de contenidos. M\u00e1s tarde trabaj\u00f3 para la revista de moda y sociedad \u00abTatler\u00bb, de Cond\u00e9 Nast, y para el peri\u00f3dico \u00abThe Times\u00bb, donde fue pionera al escribir uno de los primeros blogs de moda que existieron en el mundo. Al volver a Madrid, form\u00f3 parte de los equipos de ELLE y VOGUE, pasando por el grupo Vocento y llegando a ser directora de la revista Cosmopolitan. Ahora llega a La Cope a retomar este blog que naci\u00f3 en ABC y nos descubri\u00f3 t\u00e9rminos como OMNIs (Objetos de Moda No Identificados) y nos habl\u00f3 de los cronuts (un h\u00edbrido gourmet entre cruas\u00e1n y donut) antes que nadie. Hoy ya no hace el caf\u00e9 para nadie y solo sue\u00f1a con que se lo prepare George Clooney con su m\u00e1quina de c\u00e1psulas.\",\"sameAs\":[\"http:\\\/\\\/www.cope.es\",\"https:\\\/\\\/www.facebook.com\\\/ana.urena\",\"https:\\\/\\\/x.com\\\/anaurena\"],\"url\":\"https:\\\/\\\/www.cope.es\\\/blogs\\\/tendencias-moda\\\/author\\\/aurena\\\/\"}]}<\/script>\n<!-- \/ Yoast SEO plugin. -->","yoast_head_json":{"title":"Adi\u00f3s 2010... - L\u00e9xico fashionista","robots":{"index":"index","follow":"follow","max-snippet":"max-snippet:-1","max-image-preview":"max-image-preview:large","max-video-preview":"max-video-preview:-1"},"canonical":"https:\/\/www.cope.es\/blogs\/tendencias-moda\/2010\/12\/31\/adios-2010\/","og_locale":"es_ES","og_type":"article","og_title":"Adi\u00f3s 2010... - L\u00e9xico fashionista","og_description":"Lloramos con la muerte de Alexander McQueen, nos sorprendimos de la salida de Vogue Paris de Carine Roitfeld y nos alegramos de la vuelta de Tom Ford al dise&ntilde;o de ropa de mujer. FOTO: anuncio de la campa&ntilde;a de gafas y ropa de hombre de T...","og_url":"https:\/\/www.cope.es\/blogs\/tendencias-moda\/2010\/12\/31\/adios-2010\/","og_site_name":"L\u00e9xico fashionista","article_publisher":"https:\/\/www.facebook.com\/cope\/","article_author":"https:\/\/www.facebook.com\/ana.urena","article_published_time":"2010-12-31T15:47:31+00:00","author":"Ana Ure\u00f1a","twitter_card":"summary_large_image","twitter_creator":"@anaurena","twitter_site":"@cope_es","twitter_misc":{"Escrito por":"Ana Ure\u00f1a","Tiempo de lectura":"3 minutos"},"schema":{"@context":"https:\/\/schema.org","@graph":[{"@type":"Article","@id":"https:\/\/www.cope.es\/blogs\/tendencias-moda\/2010\/12\/31\/adios-2010\/#article","isPartOf":{"@id":"https:\/\/www.cope.es\/blogs\/tendencias-moda\/2010\/12\/31\/adios-2010\/"},"author":{"name":"Ana Ure\u00f1a","@id":"https:\/\/www.cope.es\/blogs\/tendencias-moda\/#\/schema\/person\/d4c92e5cdffedbf565412bbc8a5df606"},"headline":"Adi\u00f3s 2010&#8230;","datePublished":"2010-12-31T15:47:31+00:00","mainEntityOfPage":{"@id":"https:\/\/www.cope.es\/blogs\/tendencias-moda\/2010\/12\/31\/adios-2010\/"},"wordCount":596,"commentCount":0,"articleSection":["curiosidades"],"inLanguage":"es","potentialAction":[{"@type":"CommentAction","name":"Comment","target":["https:\/\/www.cope.es\/blogs\/tendencias-moda\/2010\/12\/31\/adios-2010\/#respond"]}]},{"@type":"WebPage","@id":"https:\/\/www.cope.es\/blogs\/tendencias-moda\/2010\/12\/31\/adios-2010\/","url":"https:\/\/www.cope.es\/blogs\/tendencias-moda\/2010\/12\/31\/adios-2010\/","name":"Adi\u00f3s 2010... - L\u00e9xico fashionista","isPartOf":{"@id":"https:\/\/www.cope.es\/blogs\/tendencias-moda\/#website"},"datePublished":"2010-12-31T15:47:31+00:00","author":{"@id":"https:\/\/www.cope.es\/blogs\/tendencias-moda\/#\/schema\/person\/d4c92e5cdffedbf565412bbc8a5df606"},"breadcrumb":{"@id":"https:\/\/www.cope.es\/blogs\/tendencias-moda\/2010\/12\/31\/adios-2010\/#breadcrumb"},"inLanguage":"es","potentialAction":[{"@type":"ReadAction","target":["https:\/\/www.cope.es\/blogs\/tendencias-moda\/2010\/12\/31\/adios-2010\/"]}]},{"@type":"BreadcrumbList","@id":"https:\/\/www.cope.es\/blogs\/tendencias-moda\/2010\/12\/31\/adios-2010\/#breadcrumb","itemListElement":[{"@type":"ListItem","position":1,"name":"Portada","item":"https:\/\/www.cope.es\/blogs\/tendencias-moda\/"},{"@type":"ListItem","position":2,"name":"Adi\u00f3s 2010&#8230;"}]},{"@type":"WebSite","@id":"https:\/\/www.cope.es\/blogs\/tendencias-moda\/#website","url":"https:\/\/www.cope.es\/blogs\/tendencias-moda\/","name":"L\u00e9xico fashionista","description":"Stiletto, clutch, hobo, peep toe, petite robe noire, kawai, cabas, coolhunter, boho, trendy\u2026 la moda utiliza  palabras para las cuales a veces necesitamos un traductor simult\u00e1neo. Pero como Babel Fish no siempre funciona, sirva esta experta en la materia para descifrar el l\u00e9xico fashionista, desde las tendencias m\u00e1s audaces hasta los OMNIs (Objetos de Moda No Identificados) m\u00e1s curiosos.","potentialAction":[{"@type":"SearchAction","target":{"@type":"EntryPoint","urlTemplate":"https:\/\/www.cope.es\/blogs\/tendencias-moda\/?s={search_term_string}"},"query-input":{"@type":"PropertyValueSpecification","valueRequired":true,"valueName":"search_term_string"}}],"inLanguage":"es"},{"@type":"Person","@id":"https:\/\/www.cope.es\/blogs\/tendencias-moda\/#\/schema\/person\/d4c92e5cdffedbf565412bbc8a5df606","name":"Ana Ure\u00f1a","image":{"@type":"ImageObject","inLanguage":"es","@id":"https:\/\/secure.gravatar.com\/avatar\/09b592e7ab3e707f9f24abacd8ecd4d629b60de09d3b1ce2fec15163eb6c9749?s=96&d=mm&r=g","url":"https:\/\/secure.gravatar.com\/avatar\/09b592e7ab3e707f9f24abacd8ecd4d629b60de09d3b1ce2fec15163eb6c9749?s=96&d=mm&r=g","contentUrl":"https:\/\/secure.gravatar.com\/avatar\/09b592e7ab3e707f9f24abacd8ecd4d629b60de09d3b1ce2fec15163eb6c9749?s=96&d=mm&r=g","caption":"Ana Ure\u00f1a"},"description":"Ana Ure\u00f1a empez\u00f3 hace m\u00e1s de 15 a\u00f1os como becaria en la revista de moda Harper\u2019s en Londres, donde perfeccion\u00f3 su habilidad preparando caf\u00e9 para las reuniones de contenidos. M\u00e1s tarde trabaj\u00f3 para la revista de moda y sociedad \u00abTatler\u00bb, de Cond\u00e9 Nast, y para el peri\u00f3dico \u00abThe Times\u00bb, donde fue pionera al escribir uno de los primeros blogs de moda que existieron en el mundo. Al volver a Madrid, form\u00f3 parte de los equipos de ELLE y VOGUE, pasando por el grupo Vocento y llegando a ser directora de la revista Cosmopolitan. Ahora llega a La Cope a retomar este blog que naci\u00f3 en ABC y nos descubri\u00f3 t\u00e9rminos como OMNIs (Objetos de Moda No Identificados) y nos habl\u00f3 de los cronuts (un h\u00edbrido gourmet entre cruas\u00e1n y donut) antes que nadie. Hoy ya no hace el caf\u00e9 para nadie y solo sue\u00f1a con que se lo prepare George Clooney con su m\u00e1quina de c\u00e1psulas.","sameAs":["http:\/\/www.cope.es","https:\/\/www.facebook.com\/ana.urena","https:\/\/x.com\/anaurena"],"url":"https:\/\/www.cope.es\/blogs\/tendencias-moda\/author\/aurena\/"}]}},"amp_enabled":true,"_links":{"self":[{"href":"https:\/\/www.cope.es\/blogs\/tendencias-moda\/wp-json\/wp\/v2\/posts\/7539","targetHints":{"allow":["GET"]}}],"collection":[{"href":"https:\/\/www.cope.es\/blogs\/tendencias-moda\/wp-json\/wp\/v2\/posts"}],"about":[{"href":"https:\/\/www.cope.es\/blogs\/tendencias-moda\/wp-json\/wp\/v2\/types\/post"}],"author":[{"embeddable":true,"href":"https:\/\/www.cope.es\/blogs\/tendencias-moda\/wp-json\/wp\/v2\/users\/2"}],"replies":[{"embeddable":true,"href":"https:\/\/www.cope.es\/blogs\/tendencias-moda\/wp-json\/wp\/v2\/comments?post=7539"}],"version-history":[{"count":0,"href":"https:\/\/www.cope.es\/blogs\/tendencias-moda\/wp-json\/wp\/v2\/posts\/7539\/revisions"}],"wp:attachment":[{"href":"https:\/\/www.cope.es\/blogs\/tendencias-moda\/wp-json\/wp\/v2\/media?parent=7539"}],"wp:term":[{"taxonomy":"category","embeddable":true,"href":"https:\/\/www.cope.es\/blogs\/tendencias-moda\/wp-json\/wp\/v2\/categories?post=7539"},{"taxonomy":"post_tag","embeddable":true,"href":"https:\/\/www.cope.es\/blogs\/tendencias-moda\/wp-json\/wp\/v2\/tags?post=7539"}],"curies":[{"name":"wp","href":"https:\/\/api.w.org\/{rel}","templated":true}]}}