{"id":7448,"date":"2010-12-19T18:57:09","date_gmt":"2010-12-19T17:57:09","guid":{"rendered":"http:\/\/abcblogs.abc.es\/tendencias-moda\/?guid=511604c468260975d70a69fe5e87edbd"},"modified":"2010-12-19T18:57:09","modified_gmt":"2010-12-19T17:57:09","slug":"vas-muy-sartorialist","status":"publish","type":"post","link":"https:\/\/www.cope.es\/blogs\/tendencias-moda\/2010\/12\/19\/vas-muy-sartorialist\/","title":{"rendered":"\u201cVas muy Sartorialist\u201d"},"content":{"rendered":"<p>Anoche mi di cuenta de que cada tribu urbana tiene sus &#8216;frikismos&#8217;. Como bien dicen en la promo de la serie &#8216;Big Bang&#8217;: los &#8216;nerds&#8217; tienen un mapa de La Tierra Media en sus GPS; los &#8216;trekkies&#8217; saben la diferencia entre un &#8216;phaser&#8217; y un &#8216;tricorder&#8217;; y no hay &#8216;fashionista&#8217;&nbsp; que se precie que no sepa qui&eacute;n es Scott Schuman.<\/p>\n<div class=\"foto\"><img decoding=\"async\" src=\"\/tendencias-moda\/files\/scott_schuman.jpg\" alt=\"scott_schuman.jpg\" \/><\/div>\n<div class=\"foto\">FOTO: <a href=\"http:\/\/www.planetvideo.com.au\/blog\/2009\/10\/\">Scott Schuman <\/a><\/div>\n<p><!--more--><\/p>\n<p>Scott es el creador del blog The Sartorialist. Es un fot&oacute;grafo autodidacta y retrata a gente que se encuentra por la calles de las capitales de la moda, cuyos estilismos le llaman la atenci&oacute;n, para despu&eacute;s colgar las fotos en su blog.<\/p>\n<p>&nbsp;<\/p>\n<p>&nbsp;<\/p>\n<div class=\"foto\"><img decoding=\"async\" src=\"\/tendencias-moda\/files\/101510Paris_3561Web.jpg\" alt=\"101510Paris_3561Web.jpg\" \/><\/div>\n<div class=\"foto\">FOTO: la estilista espa&ntilde;ola Julia Martinez fotografiada pos Scott Schuman para <a href=\"http:\/\/thesartorialist.blogspot.com\/\">The Sartorialist<\/a><\/div>\n<p>&nbsp;<\/p>\n<p>&nbsp;<\/p>\n<p>Desde hace poco, Madrid es una de las ciudades que Scott frecuenta, porque viene por temas de trabajo, cuando le invitan marcas de moda, o cuando viene de promoci&oacute;n. Para un estilista, aparecer en The Sartorialist, significa sentirse realizado profesionalmente. No hace falta que os diga el stress que tienen ahora todos y todas porque Scott puede aparecer por Madrid en cualquier momento. Esto quiere decir que cada ma&ntilde;ana, el vestirse conlleva una presi&oacute;n a&ntilde;adida.<\/p>\n<p>&nbsp;<\/p>\n<p>&nbsp;<\/p>\n<div class=\"foto\"><img decoding=\"async\" src=\"\/tendencias-moda\/files\/110610Shorts_5581Web.jpg\" alt=\"110610Shorts_5581Web.jpg\" \/><\/div>\n<div class=\"foto\">Una chica de Madrid retratada por Scott Schuman para <a href=\"http:\/\/thesartorialist.blogspot.com\/\">The Sartorialist<\/a><\/div>\n<p>&nbsp;<\/p>\n<p>Aqu&iacute; os propongo unas pautas f&aacute;ciles e infalibles para los que quieran llamar la atenci&oacute;n de Scott:<\/p>\n<p>&nbsp;<\/p>\n<div class=\"foto\"><img decoding=\"async\" src=\"\/tendencias-moda\/files\/3510Artist1248Web.jpg\" alt=\"3510Artist1248Web.jpg\" \/><\/div>\n<div class=\"foto\">FOTO: <a href=\"http:\/\/thesartorialist.blogspot.com\/\">The Sartorialist<\/a><\/div>\n<p>&nbsp;<\/p>\n<p>Si eres chica, necesitas uno de los siguientes elementos: chaqueta de chico &#8216;oversize&#8217;, zapatos masculinos, algo &#8216;vintage&#8217; o algo de color vivo.<\/p>\n<p>&nbsp;<\/p>\n<p>&nbsp;<\/p>\n<div class=\"foto\"><img decoding=\"async\" src=\"\/tendencias-moda\/files\/91610PoloGreen_5226Web.jpg\" alt=\"91610PoloGreen_5226Web.jpg\" \/><\/div>\n<div class=\"foto\">FOTO: <a href=\"http:\/\/thesartorialist.blogspot.com\/\">The Sartorialist<\/a><\/div>\n<p>&nbsp;<\/p>\n<p>Si eres chico, fundamental: zapatos abotinados y el bajo del pantal&oacute;n doblado para que se vea el tobillo, aunque haga cinco grados. Los c&aacute;rdigan de punto del abuelo siempre llamar&aacute;n su atenci&oacute;n y es imprescindible un foulard al cuello.<\/p>\n<p>&nbsp;<\/p>\n<p>&nbsp;<\/p>\n<div class=\"foto\"><img decoding=\"async\" src=\"\/tendencias-moda\/files\/62310Juanita_5565Web.jpg\" alt=\"62310Juanita_5565Web.jpg\" \/><\/div>\n<div class=\"foto\">FOTO: <a href=\"http:\/\/thesartorialist.blogspot.com\/\">The Sartorialist<\/a><\/div>\n<div class=\"foto\"><\/div>\n<p>&nbsp;<\/p>\n<p>Como plus, a&ntilde;ade una bicicleta (el cest&oacute;n delantero es opcional) y  pas&eacute;ate por la zona del barrio de Las Salesas. Scott es como el  personaje de Ray Liotta en &#8216;Campo de sue&ntilde;os&#8217;: &#8220;si lo construyes, &eacute;l  vendr&aacute;&#8221;&#8230; &#8220;si construyes tu look, &eacute;l vendr&aacute;&#8221;.<\/p>\n<p>&nbsp;<\/p>\n","protected":false},"excerpt":{"rendered":"<p>Anoche mi di cuenta de que cada tribu urbana tiene sus &#8216;frikismos&#8217;. Como bien dicen en la promo de la serie &#8216;Big Bang&#8217;: los &#8216;nerds&#8217; tienen un mapa de La Tierra Media en sus GPS; los &#8216;trekkies&#8217; saben la diferencia entre un &#8216;phaser&#8217; y un &#8216;tricorder&#8217;; y n&#8230;<\/p>\n","protected":false},"author":2,"featured_media":0,"comment_status":"open","ping_status":"closed","sticky":false,"template":"","format":"standard","meta":{"footnotes":""},"categories":[17],"tags":[],"class_list":["post-7448","post","type-post","status-publish","format-standard","hentry","category-curiosidades"],"yoast_head":"<!-- This site is optimized with the Yoast SEO plugin v27.4 - https:\/\/yoast.com\/product\/yoast-seo-wordpress\/ -->\n<title>\u201cVas muy Sartorialist\u201d - L\u00e9xico fashionista<\/title>\n<meta name=\"robots\" content=\"index, follow, max-snippet:-1, max-image-preview:large, max-video-preview:-1\" \/>\n<link rel=\"canonical\" href=\"https:\/\/www.cope.es\/blogs\/tendencias-moda\/2010\/12\/19\/vas-muy-sartorialist\/\" \/>\n<meta property=\"og:locale\" content=\"es_ES\" \/>\n<meta property=\"og:type\" content=\"article\" \/>\n<meta property=\"og:title\" content=\"\u201cVas muy Sartorialist\u201d - L\u00e9xico fashionista\" \/>\n<meta property=\"og:description\" content=\"Anoche mi di cuenta de que cada tribu urbana tiene sus &#039;frikismos&#039;. Como bien dicen en la promo de la serie &#039;Big Bang&#039;: los &#039;nerds&#039; tienen un mapa de La Tierra Media en sus GPS; los &#039;trekkies&#039; saben la diferencia entre un &#039;phaser&#039; y un &#039;tricorder&#039;; y n...\" \/>\n<meta property=\"og:url\" content=\"https:\/\/www.cope.es\/blogs\/tendencias-moda\/2010\/12\/19\/vas-muy-sartorialist\/\" \/>\n<meta property=\"og:site_name\" content=\"L\u00e9xico fashionista\" \/>\n<meta property=\"article:publisher\" content=\"https:\/\/www.facebook.com\/cope\/\" \/>\n<meta property=\"article:author\" content=\"https:\/\/www.facebook.com\/ana.urena\" \/>\n<meta property=\"article:published_time\" content=\"2010-12-19T17:57:09+00:00\" \/>\n<meta name=\"author\" content=\"Ana Ure\u00f1a\" \/>\n<meta name=\"twitter:card\" content=\"summary_large_image\" \/>\n<meta name=\"twitter:creator\" content=\"@anaurena\" \/>\n<meta name=\"twitter:site\" content=\"@cope_es\" \/>\n<meta name=\"twitter:label1\" content=\"Escrito por\" \/>\n\t<meta name=\"twitter:data1\" content=\"Ana Ure\u00f1a\" \/>\n\t<meta name=\"twitter:label2\" content=\"Tiempo de lectura\" \/>\n\t<meta name=\"twitter:data2\" content=\"2 minutos\" \/>\n<script type=\"application\/ld+json\" class=\"yoast-schema-graph\">{\"@context\":\"https:\\\/\\\/schema.org\",\"@graph\":[{\"@type\":\"Article\",\"@id\":\"https:\\\/\\\/www.cope.es\\\/blogs\\\/tendencias-moda\\\/2010\\\/12\\\/19\\\/vas-muy-sartorialist\\\/#article\",\"isPartOf\":{\"@id\":\"https:\\\/\\\/www.cope.es\\\/blogs\\\/tendencias-moda\\\/2010\\\/12\\\/19\\\/vas-muy-sartorialist\\\/\"},\"author\":{\"name\":\"Ana Ure\u00f1a\",\"@id\":\"https:\\\/\\\/www.cope.es\\\/blogs\\\/tendencias-moda\\\/#\\\/schema\\\/person\\\/d4c92e5cdffedbf565412bbc8a5df606\"},\"headline\":\"\u201cVas muy Sartorialist\u201d\",\"datePublished\":\"2010-12-19T17:57:09+00:00\",\"mainEntityOfPage\":{\"@id\":\"https:\\\/\\\/www.cope.es\\\/blogs\\\/tendencias-moda\\\/2010\\\/12\\\/19\\\/vas-muy-sartorialist\\\/\"},\"wordCount\":397,\"commentCount\":0,\"articleSection\":[\"curiosidades\"],\"inLanguage\":\"es\",\"potentialAction\":[{\"@type\":\"CommentAction\",\"name\":\"Comment\",\"target\":[\"https:\\\/\\\/www.cope.es\\\/blogs\\\/tendencias-moda\\\/2010\\\/12\\\/19\\\/vas-muy-sartorialist\\\/#respond\"]}]},{\"@type\":\"WebPage\",\"@id\":\"https:\\\/\\\/www.cope.es\\\/blogs\\\/tendencias-moda\\\/2010\\\/12\\\/19\\\/vas-muy-sartorialist\\\/\",\"url\":\"https:\\\/\\\/www.cope.es\\\/blogs\\\/tendencias-moda\\\/2010\\\/12\\\/19\\\/vas-muy-sartorialist\\\/\",\"name\":\"\u201cVas muy Sartorialist\u201d - L\u00e9xico fashionista\",\"isPartOf\":{\"@id\":\"https:\\\/\\\/www.cope.es\\\/blogs\\\/tendencias-moda\\\/#website\"},\"datePublished\":\"2010-12-19T17:57:09+00:00\",\"author\":{\"@id\":\"https:\\\/\\\/www.cope.es\\\/blogs\\\/tendencias-moda\\\/#\\\/schema\\\/person\\\/d4c92e5cdffedbf565412bbc8a5df606\"},\"breadcrumb\":{\"@id\":\"https:\\\/\\\/www.cope.es\\\/blogs\\\/tendencias-moda\\\/2010\\\/12\\\/19\\\/vas-muy-sartorialist\\\/#breadcrumb\"},\"inLanguage\":\"es\",\"potentialAction\":[{\"@type\":\"ReadAction\",\"target\":[\"https:\\\/\\\/www.cope.es\\\/blogs\\\/tendencias-moda\\\/2010\\\/12\\\/19\\\/vas-muy-sartorialist\\\/\"]}]},{\"@type\":\"BreadcrumbList\",\"@id\":\"https:\\\/\\\/www.cope.es\\\/blogs\\\/tendencias-moda\\\/2010\\\/12\\\/19\\\/vas-muy-sartorialist\\\/#breadcrumb\",\"itemListElement\":[{\"@type\":\"ListItem\",\"position\":1,\"name\":\"Portada\",\"item\":\"https:\\\/\\\/www.cope.es\\\/blogs\\\/tendencias-moda\\\/\"},{\"@type\":\"ListItem\",\"position\":2,\"name\":\"\u201cVas muy Sartorialist\u201d\"}]},{\"@type\":\"WebSite\",\"@id\":\"https:\\\/\\\/www.cope.es\\\/blogs\\\/tendencias-moda\\\/#website\",\"url\":\"https:\\\/\\\/www.cope.es\\\/blogs\\\/tendencias-moda\\\/\",\"name\":\"L\u00e9xico fashionista\",\"description\":\"Stiletto, clutch, hobo, peep toe, petite robe noire, kawai, cabas, coolhunter, boho, trendy\u2026 la moda utiliza  palabras para las cuales a veces necesitamos un traductor simult\u00e1neo. Pero como Babel Fish no siempre funciona, sirva esta experta en la materia para descifrar el l\u00e9xico fashionista, desde las tendencias m\u00e1s audaces hasta los OMNIs (Objetos de Moda No Identificados) m\u00e1s curiosos.\",\"potentialAction\":[{\"@type\":\"SearchAction\",\"target\":{\"@type\":\"EntryPoint\",\"urlTemplate\":\"https:\\\/\\\/www.cope.es\\\/blogs\\\/tendencias-moda\\\/?s={search_term_string}\"},\"query-input\":{\"@type\":\"PropertyValueSpecification\",\"valueRequired\":true,\"valueName\":\"search_term_string\"}}],\"inLanguage\":\"es\"},{\"@type\":\"Person\",\"@id\":\"https:\\\/\\\/www.cope.es\\\/blogs\\\/tendencias-moda\\\/#\\\/schema\\\/person\\\/d4c92e5cdffedbf565412bbc8a5df606\",\"name\":\"Ana Ure\u00f1a\",\"image\":{\"@type\":\"ImageObject\",\"inLanguage\":\"es\",\"@id\":\"https:\\\/\\\/secure.gravatar.com\\\/avatar\\\/09b592e7ab3e707f9f24abacd8ecd4d629b60de09d3b1ce2fec15163eb6c9749?s=96&d=mm&r=g\",\"url\":\"https:\\\/\\\/secure.gravatar.com\\\/avatar\\\/09b592e7ab3e707f9f24abacd8ecd4d629b60de09d3b1ce2fec15163eb6c9749?s=96&d=mm&r=g\",\"contentUrl\":\"https:\\\/\\\/secure.gravatar.com\\\/avatar\\\/09b592e7ab3e707f9f24abacd8ecd4d629b60de09d3b1ce2fec15163eb6c9749?s=96&d=mm&r=g\",\"caption\":\"Ana Ure\u00f1a\"},\"description\":\"Ana Ure\u00f1a empez\u00f3 hace m\u00e1s de 15 a\u00f1os como becaria en la revista de moda Harper\u2019s en Londres, donde perfeccion\u00f3 su habilidad preparando caf\u00e9 para las reuniones de contenidos. M\u00e1s tarde trabaj\u00f3 para la revista de moda y sociedad \u00abTatler\u00bb, de Cond\u00e9 Nast, y para el peri\u00f3dico \u00abThe Times\u00bb, donde fue pionera al escribir uno de los primeros blogs de moda que existieron en el mundo. Al volver a Madrid, form\u00f3 parte de los equipos de ELLE y VOGUE, pasando por el grupo Vocento y llegando a ser directora de la revista Cosmopolitan. Ahora llega a La Cope a retomar este blog que naci\u00f3 en ABC y nos descubri\u00f3 t\u00e9rminos como OMNIs (Objetos de Moda No Identificados) y nos habl\u00f3 de los cronuts (un h\u00edbrido gourmet entre cruas\u00e1n y donut) antes que nadie. Hoy ya no hace el caf\u00e9 para nadie y solo sue\u00f1a con que se lo prepare George Clooney con su m\u00e1quina de c\u00e1psulas.\",\"sameAs\":[\"http:\\\/\\\/www.cope.es\",\"https:\\\/\\\/www.facebook.com\\\/ana.urena\",\"https:\\\/\\\/x.com\\\/anaurena\"],\"url\":\"https:\\\/\\\/www.cope.es\\\/blogs\\\/tendencias-moda\\\/author\\\/aurena\\\/\"}]}<\/script>\n<!-- \/ Yoast SEO plugin. -->","yoast_head_json":{"title":"\u201cVas muy Sartorialist\u201d - L\u00e9xico fashionista","robots":{"index":"index","follow":"follow","max-snippet":"max-snippet:-1","max-image-preview":"max-image-preview:large","max-video-preview":"max-video-preview:-1"},"canonical":"https:\/\/www.cope.es\/blogs\/tendencias-moda\/2010\/12\/19\/vas-muy-sartorialist\/","og_locale":"es_ES","og_type":"article","og_title":"\u201cVas muy Sartorialist\u201d - L\u00e9xico fashionista","og_description":"Anoche mi di cuenta de que cada tribu urbana tiene sus 'frikismos'. Como bien dicen en la promo de la serie 'Big Bang': los 'nerds' tienen un mapa de La Tierra Media en sus GPS; los 'trekkies' saben la diferencia entre un 'phaser' y un 'tricorder'; y n...","og_url":"https:\/\/www.cope.es\/blogs\/tendencias-moda\/2010\/12\/19\/vas-muy-sartorialist\/","og_site_name":"L\u00e9xico fashionista","article_publisher":"https:\/\/www.facebook.com\/cope\/","article_author":"https:\/\/www.facebook.com\/ana.urena","article_published_time":"2010-12-19T17:57:09+00:00","author":"Ana Ure\u00f1a","twitter_card":"summary_large_image","twitter_creator":"@anaurena","twitter_site":"@cope_es","twitter_misc":{"Escrito por":"Ana Ure\u00f1a","Tiempo de lectura":"2 minutos"},"schema":{"@context":"https:\/\/schema.org","@graph":[{"@type":"Article","@id":"https:\/\/www.cope.es\/blogs\/tendencias-moda\/2010\/12\/19\/vas-muy-sartorialist\/#article","isPartOf":{"@id":"https:\/\/www.cope.es\/blogs\/tendencias-moda\/2010\/12\/19\/vas-muy-sartorialist\/"},"author":{"name":"Ana Ure\u00f1a","@id":"https:\/\/www.cope.es\/blogs\/tendencias-moda\/#\/schema\/person\/d4c92e5cdffedbf565412bbc8a5df606"},"headline":"\u201cVas muy Sartorialist\u201d","datePublished":"2010-12-19T17:57:09+00:00","mainEntityOfPage":{"@id":"https:\/\/www.cope.es\/blogs\/tendencias-moda\/2010\/12\/19\/vas-muy-sartorialist\/"},"wordCount":397,"commentCount":0,"articleSection":["curiosidades"],"inLanguage":"es","potentialAction":[{"@type":"CommentAction","name":"Comment","target":["https:\/\/www.cope.es\/blogs\/tendencias-moda\/2010\/12\/19\/vas-muy-sartorialist\/#respond"]}]},{"@type":"WebPage","@id":"https:\/\/www.cope.es\/blogs\/tendencias-moda\/2010\/12\/19\/vas-muy-sartorialist\/","url":"https:\/\/www.cope.es\/blogs\/tendencias-moda\/2010\/12\/19\/vas-muy-sartorialist\/","name":"\u201cVas muy Sartorialist\u201d - L\u00e9xico fashionista","isPartOf":{"@id":"https:\/\/www.cope.es\/blogs\/tendencias-moda\/#website"},"datePublished":"2010-12-19T17:57:09+00:00","author":{"@id":"https:\/\/www.cope.es\/blogs\/tendencias-moda\/#\/schema\/person\/d4c92e5cdffedbf565412bbc8a5df606"},"breadcrumb":{"@id":"https:\/\/www.cope.es\/blogs\/tendencias-moda\/2010\/12\/19\/vas-muy-sartorialist\/#breadcrumb"},"inLanguage":"es","potentialAction":[{"@type":"ReadAction","target":["https:\/\/www.cope.es\/blogs\/tendencias-moda\/2010\/12\/19\/vas-muy-sartorialist\/"]}]},{"@type":"BreadcrumbList","@id":"https:\/\/www.cope.es\/blogs\/tendencias-moda\/2010\/12\/19\/vas-muy-sartorialist\/#breadcrumb","itemListElement":[{"@type":"ListItem","position":1,"name":"Portada","item":"https:\/\/www.cope.es\/blogs\/tendencias-moda\/"},{"@type":"ListItem","position":2,"name":"\u201cVas muy Sartorialist\u201d"}]},{"@type":"WebSite","@id":"https:\/\/www.cope.es\/blogs\/tendencias-moda\/#website","url":"https:\/\/www.cope.es\/blogs\/tendencias-moda\/","name":"L\u00e9xico fashionista","description":"Stiletto, clutch, hobo, peep toe, petite robe noire, kawai, cabas, coolhunter, boho, trendy\u2026 la moda utiliza  palabras para las cuales a veces necesitamos un traductor simult\u00e1neo. Pero como Babel Fish no siempre funciona, sirva esta experta en la materia para descifrar el l\u00e9xico fashionista, desde las tendencias m\u00e1s audaces hasta los OMNIs (Objetos de Moda No Identificados) m\u00e1s curiosos.","potentialAction":[{"@type":"SearchAction","target":{"@type":"EntryPoint","urlTemplate":"https:\/\/www.cope.es\/blogs\/tendencias-moda\/?s={search_term_string}"},"query-input":{"@type":"PropertyValueSpecification","valueRequired":true,"valueName":"search_term_string"}}],"inLanguage":"es"},{"@type":"Person","@id":"https:\/\/www.cope.es\/blogs\/tendencias-moda\/#\/schema\/person\/d4c92e5cdffedbf565412bbc8a5df606","name":"Ana Ure\u00f1a","image":{"@type":"ImageObject","inLanguage":"es","@id":"https:\/\/secure.gravatar.com\/avatar\/09b592e7ab3e707f9f24abacd8ecd4d629b60de09d3b1ce2fec15163eb6c9749?s=96&d=mm&r=g","url":"https:\/\/secure.gravatar.com\/avatar\/09b592e7ab3e707f9f24abacd8ecd4d629b60de09d3b1ce2fec15163eb6c9749?s=96&d=mm&r=g","contentUrl":"https:\/\/secure.gravatar.com\/avatar\/09b592e7ab3e707f9f24abacd8ecd4d629b60de09d3b1ce2fec15163eb6c9749?s=96&d=mm&r=g","caption":"Ana Ure\u00f1a"},"description":"Ana Ure\u00f1a empez\u00f3 hace m\u00e1s de 15 a\u00f1os como becaria en la revista de moda Harper\u2019s en Londres, donde perfeccion\u00f3 su habilidad preparando caf\u00e9 para las reuniones de contenidos. M\u00e1s tarde trabaj\u00f3 para la revista de moda y sociedad \u00abTatler\u00bb, de Cond\u00e9 Nast, y para el peri\u00f3dico \u00abThe Times\u00bb, donde fue pionera al escribir uno de los primeros blogs de moda que existieron en el mundo. Al volver a Madrid, form\u00f3 parte de los equipos de ELLE y VOGUE, pasando por el grupo Vocento y llegando a ser directora de la revista Cosmopolitan. Ahora llega a La Cope a retomar este blog que naci\u00f3 en ABC y nos descubri\u00f3 t\u00e9rminos como OMNIs (Objetos de Moda No Identificados) y nos habl\u00f3 de los cronuts (un h\u00edbrido gourmet entre cruas\u00e1n y donut) antes que nadie. Hoy ya no hace el caf\u00e9 para nadie y solo sue\u00f1a con que se lo prepare George Clooney con su m\u00e1quina de c\u00e1psulas.","sameAs":["http:\/\/www.cope.es","https:\/\/www.facebook.com\/ana.urena","https:\/\/x.com\/anaurena"],"url":"https:\/\/www.cope.es\/blogs\/tendencias-moda\/author\/aurena\/"}]}},"amp_enabled":true,"_links":{"self":[{"href":"https:\/\/www.cope.es\/blogs\/tendencias-moda\/wp-json\/wp\/v2\/posts\/7448","targetHints":{"allow":["GET"]}}],"collection":[{"href":"https:\/\/www.cope.es\/blogs\/tendencias-moda\/wp-json\/wp\/v2\/posts"}],"about":[{"href":"https:\/\/www.cope.es\/blogs\/tendencias-moda\/wp-json\/wp\/v2\/types\/post"}],"author":[{"embeddable":true,"href":"https:\/\/www.cope.es\/blogs\/tendencias-moda\/wp-json\/wp\/v2\/users\/2"}],"replies":[{"embeddable":true,"href":"https:\/\/www.cope.es\/blogs\/tendencias-moda\/wp-json\/wp\/v2\/comments?post=7448"}],"version-history":[{"count":0,"href":"https:\/\/www.cope.es\/blogs\/tendencias-moda\/wp-json\/wp\/v2\/posts\/7448\/revisions"}],"wp:attachment":[{"href":"https:\/\/www.cope.es\/blogs\/tendencias-moda\/wp-json\/wp\/v2\/media?parent=7448"}],"wp:term":[{"taxonomy":"category","embeddable":true,"href":"https:\/\/www.cope.es\/blogs\/tendencias-moda\/wp-json\/wp\/v2\/categories?post=7448"},{"taxonomy":"post_tag","embeddable":true,"href":"https:\/\/www.cope.es\/blogs\/tendencias-moda\/wp-json\/wp\/v2\/tags?post=7448"}],"curies":[{"name":"wp","href":"https:\/\/api.w.org\/{rel}","templated":true}]}}