{"id":4283,"date":"2010-07-15T13:42:37","date_gmt":"2010-07-15T12:42:37","guid":{"rendered":"http:\/\/abcblogs.abc.es\/tendencias-moda\/?guid=8c8a8e914a6008a549fde32ed64eecbc"},"modified":"2010-07-15T13:42:37","modified_gmt":"2010-07-15T12:42:37","slug":"y-pario-la-abuela","status":"publish","type":"post","link":"https:\/\/www.cope.es\/blogs\/tendencias-moda\/2010\/07\/15\/y-pario-la-abuela\/","title":{"rendered":"Y pari\u00f3 la abuela&#8230;"},"content":{"rendered":"<p>Ya s&eacute; que es un titular poco delicado, pero no hab&iacute;a mejor forma de resumir el tema de hoy. Si en mi anterior &#8216;post&#8217; ya se debat&iacute;a en los comentarios el tema de &#8220;hay demasiados blogs de moda&#8221; ahora llega <a href=\"http:\/\/blog.materialgirlcollection.com\/\">Lourdes Leon Ciccone<\/a> y se une al carro de los &#8216;teen bloggers&#8217;.<!--more--><\/p>\n<p>&nbsp;<\/p>\n<div class=\"foto\"><img decoding=\"async\" src=\"\/tendencias-moda\/files\/materialgirl5.jpg\" alt=\"materialgirl5.jpg\" \/><\/div>\n<p>&nbsp;<\/p>\n<p>&nbsp;<\/p>\n<p>Y me pregunto yo, &iquest;qu&eacute; infancia tienen estas ni&ntilde;as adolescentes que publican sus vidas en internet con todo tipo de detalles? (el color de su laca de u&ntilde;as preferida, fotos del nuevo &#8216;piercing&#8217; que se han hecho, su iPod playlist&#8230;). Por favor que se dejen de tanto blog. &iexcl;A escribir un diario!<\/p>\n<p>Una infancia no es nada sin un diario secreto donde hablas del chico que te gusta, la profesora que odias y la amiga que te ha traicionado. Sin un diario secreto, &iquest;c&oacute;mo se van a enterar las madres fisgonas de lo que hacen sus hijas? Maldito internet, ha llegado para cambiar el orden social.<\/p>\n<p>&nbsp;<\/p>\n<p>&nbsp;<\/p>\n<div class=\"foto\"><img decoding=\"async\" src=\"\/tendencias-moda\/files\/materialgirl2.jpg\" alt=\"materialgirl2.jpg\" \/><\/div>\n<p>&nbsp;<\/p>\n<p>Pero volvamos al caso de la pobre Lourdes (Lola, para los amigos). En el fondo, el blog no est&aacute; nada mal para una ni&ntilde;a de 14 a&ntilde;os. Nos gusta que sea extrovertida y es de admirar que a tan corta edad ya tenga un estilo de vestir tan definido. Y es que su estilo personal es el que ha inspirado a su madre a crear una l&iacute;nea de ropa. Bueno, eso es el concepto que nos venden los grandes almacenes americanos <a href=\"http:\/\/www.macys.com\/campaign\/social?campaign_id=154&amp;channel_id=1\">Macy&#8217;s<\/a>, responsables de comercializar esta nueva firma: &#8216;Material Girl&#8217;.<\/p>\n<p>&nbsp;<\/p>\n<p>&nbsp;<\/p>\n<div class=\"foto\"><img decoding=\"async\" src=\"\/tendencias-moda\/files\/materialgirl1.jpg\" alt=\"materialgirl1.jpg\" \/><\/div>\n<p>&nbsp;<\/p>\n<p>&nbsp;<\/p>\n<p>Como bien dec&iacute;a la misma Madonna &#8220;we are living in a material world&#8221;&#8230; tan &#8220;material&#8221; que si puedes sacar provecho de tu hija, &iquest;por qu&eacute; no? Veo dos problemas en esto. Primero, aunque me guste el estilo de la peque&ntilde;a Lola, est&aacute; un poco pasado de moda. Tut&uacute;s negros, chaquetas de cuero con tachuelas&#8230; est&aacute; todo muy visto, y no sigue la tendencia de la pasarela.<\/p>\n<p>&nbsp;<\/p>\n<p>&nbsp;<\/p>\n<div class=\"foto\"><img decoding=\"async\" src=\"\/tendencias-moda\/files\/materialgirl3.jpg\" alt=\"materialgirl3.jpg\" \/><\/div>\n<p>&nbsp;<\/p>\n<p>&nbsp;<\/p>\n<p>Y segundo, lo que m&aacute;s me ha sorprendido no ha sido esto, si no lo que me parece una falta de tacto total por parte de mam&aacute; Ciccone. Seguro que a Madonna no le hace ninguna gracia que la gente se descargue su m&uacute;sica de forma gratuita en internet, y tiene raz&oacute;n, es un delito. Pero no ve ning&uacute;n problema en copiar piezas de ropa o accesorios que ya existen para elaborar su nueva colecci&oacute;n. El caso en concreto, el anillo leopardo, muy parecido al de la firma de lujo francesa <a href=\"http:\/\/www.cartier.com\/\">Cartier<\/a> (os cuelgo una foto de cada uno para que opin&eacute;is).<\/p>\n<p>&nbsp;<\/p>\n<div class=\"foto\"><img decoding=\"async\" src=\"\/tendencias-moda\/files\/cartierpanthere.jpg\" alt=\"cartierpanthere.jpg\" \/><\/div>\n<p>&nbsp;<\/p>\n<p>&nbsp;<\/p>\n<div class=\"foto\"><img decoding=\"async\" src=\"\/tendencias-moda\/files\/materialgirl4.jpg\" alt=\"materialgirl4.jpg\" \/><\/div>\n<p>&nbsp;<\/p>\n<p>&nbsp;<\/p>\n<p>Si es que en el caso de esta madre e hija, creo que la que tendr&iacute;a que leer el diario de la otra ser&iacute;a Lourdes , para enterase en lo que anda metida su madre, Madonna, que es la que peor se porta de las dos.<\/p>\n","protected":false},"excerpt":{"rendered":"<p>Ya s&eacute; que es un titular poco delicado, pero no hab&iacute;a mejor forma de resumir el tema de hoy. Si en mi anterior &#8216;post&#8217; ya se debat&iacute;a en los comentarios el tema de &#8220;hay demasiados blogs de moda&#8221; ahora llega Lourdes Leon Ciccone y se u&#8230;<\/p>\n","protected":false},"author":2,"featured_media":0,"comment_status":"open","ping_status":"closed","sticky":false,"template":"","format":"standard","meta":{"footnotes":""},"categories":[16],"tags":[],"class_list":["post-4283","post","type-post","status-publish","format-standard","hentry","category-celebrities"],"yoast_head":"<!-- This site is optimized with the Yoast SEO plugin v27.4 - https:\/\/yoast.com\/product\/yoast-seo-wordpress\/ -->\n<title>Y pari\u00f3 la abuela... - L\u00e9xico fashionista<\/title>\n<meta name=\"robots\" content=\"index, follow, max-snippet:-1, max-image-preview:large, max-video-preview:-1\" \/>\n<link rel=\"canonical\" href=\"https:\/\/www.cope.es\/blogs\/tendencias-moda\/2010\/07\/15\/y-pario-la-abuela\/\" \/>\n<meta property=\"og:locale\" content=\"es_ES\" \/>\n<meta property=\"og:type\" content=\"article\" \/>\n<meta property=\"og:title\" content=\"Y pari\u00f3 la abuela... - L\u00e9xico fashionista\" \/>\n<meta property=\"og:description\" content=\"Ya s&eacute; que es un titular poco delicado, pero no hab&iacute;a mejor forma de resumir el tema de hoy. Si en mi anterior &#039;post&#039; ya se debat&iacute;a en los comentarios el tema de &quot;hay demasiados blogs de moda&quot; ahora llega Lourdes Leon Ciccone y se u...\" \/>\n<meta property=\"og:url\" content=\"https:\/\/www.cope.es\/blogs\/tendencias-moda\/2010\/07\/15\/y-pario-la-abuela\/\" \/>\n<meta property=\"og:site_name\" content=\"L\u00e9xico fashionista\" \/>\n<meta property=\"article:publisher\" content=\"https:\/\/www.facebook.com\/cope\/\" \/>\n<meta property=\"article:author\" content=\"https:\/\/www.facebook.com\/ana.urena\" \/>\n<meta property=\"article:published_time\" content=\"2010-07-15T12:42:37+00:00\" \/>\n<meta name=\"author\" content=\"Ana Ure\u00f1a\" \/>\n<meta name=\"twitter:card\" content=\"summary_large_image\" \/>\n<meta name=\"twitter:creator\" content=\"@anaurena\" \/>\n<meta name=\"twitter:site\" content=\"@cope_es\" \/>\n<meta name=\"twitter:label1\" content=\"Escrito por\" \/>\n\t<meta name=\"twitter:data1\" content=\"Ana Ure\u00f1a\" \/>\n\t<meta name=\"twitter:label2\" content=\"Tiempo de lectura\" \/>\n\t<meta name=\"twitter:data2\" content=\"3 minutos\" \/>\n<script type=\"application\/ld+json\" class=\"yoast-schema-graph\">{\"@context\":\"https:\\\/\\\/schema.org\",\"@graph\":[{\"@type\":\"Article\",\"@id\":\"https:\\\/\\\/www.cope.es\\\/blogs\\\/tendencias-moda\\\/2010\\\/07\\\/15\\\/y-pario-la-abuela\\\/#article\",\"isPartOf\":{\"@id\":\"https:\\\/\\\/www.cope.es\\\/blogs\\\/tendencias-moda\\\/2010\\\/07\\\/15\\\/y-pario-la-abuela\\\/\"},\"author\":{\"name\":\"Ana Ure\u00f1a\",\"@id\":\"https:\\\/\\\/www.cope.es\\\/blogs\\\/tendencias-moda\\\/#\\\/schema\\\/person\\\/d4c92e5cdffedbf565412bbc8a5df606\"},\"headline\":\"Y pari\u00f3 la abuela&#8230;\",\"datePublished\":\"2010-07-15T12:42:37+00:00\",\"mainEntityOfPage\":{\"@id\":\"https:\\\/\\\/www.cope.es\\\/blogs\\\/tendencias-moda\\\/2010\\\/07\\\/15\\\/y-pario-la-abuela\\\/\"},\"wordCount\":532,\"commentCount\":0,\"articleSection\":[\"celebrities\"],\"inLanguage\":\"es\",\"potentialAction\":[{\"@type\":\"CommentAction\",\"name\":\"Comment\",\"target\":[\"https:\\\/\\\/www.cope.es\\\/blogs\\\/tendencias-moda\\\/2010\\\/07\\\/15\\\/y-pario-la-abuela\\\/#respond\"]}]},{\"@type\":\"WebPage\",\"@id\":\"https:\\\/\\\/www.cope.es\\\/blogs\\\/tendencias-moda\\\/2010\\\/07\\\/15\\\/y-pario-la-abuela\\\/\",\"url\":\"https:\\\/\\\/www.cope.es\\\/blogs\\\/tendencias-moda\\\/2010\\\/07\\\/15\\\/y-pario-la-abuela\\\/\",\"name\":\"Y pari\u00f3 la abuela... - L\u00e9xico fashionista\",\"isPartOf\":{\"@id\":\"https:\\\/\\\/www.cope.es\\\/blogs\\\/tendencias-moda\\\/#website\"},\"datePublished\":\"2010-07-15T12:42:37+00:00\",\"author\":{\"@id\":\"https:\\\/\\\/www.cope.es\\\/blogs\\\/tendencias-moda\\\/#\\\/schema\\\/person\\\/d4c92e5cdffedbf565412bbc8a5df606\"},\"breadcrumb\":{\"@id\":\"https:\\\/\\\/www.cope.es\\\/blogs\\\/tendencias-moda\\\/2010\\\/07\\\/15\\\/y-pario-la-abuela\\\/#breadcrumb\"},\"inLanguage\":\"es\",\"potentialAction\":[{\"@type\":\"ReadAction\",\"target\":[\"https:\\\/\\\/www.cope.es\\\/blogs\\\/tendencias-moda\\\/2010\\\/07\\\/15\\\/y-pario-la-abuela\\\/\"]}]},{\"@type\":\"BreadcrumbList\",\"@id\":\"https:\\\/\\\/www.cope.es\\\/blogs\\\/tendencias-moda\\\/2010\\\/07\\\/15\\\/y-pario-la-abuela\\\/#breadcrumb\",\"itemListElement\":[{\"@type\":\"ListItem\",\"position\":1,\"name\":\"Portada\",\"item\":\"https:\\\/\\\/www.cope.es\\\/blogs\\\/tendencias-moda\\\/\"},{\"@type\":\"ListItem\",\"position\":2,\"name\":\"Y pari\u00f3 la abuela&#8230;\"}]},{\"@type\":\"WebSite\",\"@id\":\"https:\\\/\\\/www.cope.es\\\/blogs\\\/tendencias-moda\\\/#website\",\"url\":\"https:\\\/\\\/www.cope.es\\\/blogs\\\/tendencias-moda\\\/\",\"name\":\"L\u00e9xico fashionista\",\"description\":\"Stiletto, clutch, hobo, peep toe, petite robe noire, kawai, cabas, coolhunter, boho, trendy\u2026 la moda utiliza  palabras para las cuales a veces necesitamos un traductor simult\u00e1neo. Pero como Babel Fish no siempre funciona, sirva esta experta en la materia para descifrar el l\u00e9xico fashionista, desde las tendencias m\u00e1s audaces hasta los OMNIs (Objetos de Moda No Identificados) m\u00e1s curiosos.\",\"potentialAction\":[{\"@type\":\"SearchAction\",\"target\":{\"@type\":\"EntryPoint\",\"urlTemplate\":\"https:\\\/\\\/www.cope.es\\\/blogs\\\/tendencias-moda\\\/?s={search_term_string}\"},\"query-input\":{\"@type\":\"PropertyValueSpecification\",\"valueRequired\":true,\"valueName\":\"search_term_string\"}}],\"inLanguage\":\"es\"},{\"@type\":\"Person\",\"@id\":\"https:\\\/\\\/www.cope.es\\\/blogs\\\/tendencias-moda\\\/#\\\/schema\\\/person\\\/d4c92e5cdffedbf565412bbc8a5df606\",\"name\":\"Ana Ure\u00f1a\",\"image\":{\"@type\":\"ImageObject\",\"inLanguage\":\"es\",\"@id\":\"https:\\\/\\\/secure.gravatar.com\\\/avatar\\\/09b592e7ab3e707f9f24abacd8ecd4d629b60de09d3b1ce2fec15163eb6c9749?s=96&d=mm&r=g\",\"url\":\"https:\\\/\\\/secure.gravatar.com\\\/avatar\\\/09b592e7ab3e707f9f24abacd8ecd4d629b60de09d3b1ce2fec15163eb6c9749?s=96&d=mm&r=g\",\"contentUrl\":\"https:\\\/\\\/secure.gravatar.com\\\/avatar\\\/09b592e7ab3e707f9f24abacd8ecd4d629b60de09d3b1ce2fec15163eb6c9749?s=96&d=mm&r=g\",\"caption\":\"Ana Ure\u00f1a\"},\"description\":\"Ana Ure\u00f1a empez\u00f3 hace m\u00e1s de 15 a\u00f1os como becaria en la revista de moda Harper\u2019s en Londres, donde perfeccion\u00f3 su habilidad preparando caf\u00e9 para las reuniones de contenidos. M\u00e1s tarde trabaj\u00f3 para la revista de moda y sociedad \u00abTatler\u00bb, de Cond\u00e9 Nast, y para el peri\u00f3dico \u00abThe Times\u00bb, donde fue pionera al escribir uno de los primeros blogs de moda que existieron en el mundo. Al volver a Madrid, form\u00f3 parte de los equipos de ELLE y VOGUE, pasando por el grupo Vocento y llegando a ser directora de la revista Cosmopolitan. Ahora llega a La Cope a retomar este blog que naci\u00f3 en ABC y nos descubri\u00f3 t\u00e9rminos como OMNIs (Objetos de Moda No Identificados) y nos habl\u00f3 de los cronuts (un h\u00edbrido gourmet entre cruas\u00e1n y donut) antes que nadie. Hoy ya no hace el caf\u00e9 para nadie y solo sue\u00f1a con que se lo prepare George Clooney con su m\u00e1quina de c\u00e1psulas.\",\"sameAs\":[\"http:\\\/\\\/www.cope.es\",\"https:\\\/\\\/www.facebook.com\\\/ana.urena\",\"https:\\\/\\\/x.com\\\/anaurena\"],\"url\":\"https:\\\/\\\/www.cope.es\\\/blogs\\\/tendencias-moda\\\/author\\\/aurena\\\/\"}]}<\/script>\n<!-- \/ Yoast SEO plugin. -->","yoast_head_json":{"title":"Y pari\u00f3 la abuela... - L\u00e9xico fashionista","robots":{"index":"index","follow":"follow","max-snippet":"max-snippet:-1","max-image-preview":"max-image-preview:large","max-video-preview":"max-video-preview:-1"},"canonical":"https:\/\/www.cope.es\/blogs\/tendencias-moda\/2010\/07\/15\/y-pario-la-abuela\/","og_locale":"es_ES","og_type":"article","og_title":"Y pari\u00f3 la abuela... - L\u00e9xico fashionista","og_description":"Ya s&eacute; que es un titular poco delicado, pero no hab&iacute;a mejor forma de resumir el tema de hoy. Si en mi anterior 'post' ya se debat&iacute;a en los comentarios el tema de \"hay demasiados blogs de moda\" ahora llega Lourdes Leon Ciccone y se u...","og_url":"https:\/\/www.cope.es\/blogs\/tendencias-moda\/2010\/07\/15\/y-pario-la-abuela\/","og_site_name":"L\u00e9xico fashionista","article_publisher":"https:\/\/www.facebook.com\/cope\/","article_author":"https:\/\/www.facebook.com\/ana.urena","article_published_time":"2010-07-15T12:42:37+00:00","author":"Ana Ure\u00f1a","twitter_card":"summary_large_image","twitter_creator":"@anaurena","twitter_site":"@cope_es","twitter_misc":{"Escrito por":"Ana Ure\u00f1a","Tiempo de lectura":"3 minutos"},"schema":{"@context":"https:\/\/schema.org","@graph":[{"@type":"Article","@id":"https:\/\/www.cope.es\/blogs\/tendencias-moda\/2010\/07\/15\/y-pario-la-abuela\/#article","isPartOf":{"@id":"https:\/\/www.cope.es\/blogs\/tendencias-moda\/2010\/07\/15\/y-pario-la-abuela\/"},"author":{"name":"Ana Ure\u00f1a","@id":"https:\/\/www.cope.es\/blogs\/tendencias-moda\/#\/schema\/person\/d4c92e5cdffedbf565412bbc8a5df606"},"headline":"Y pari\u00f3 la abuela&#8230;","datePublished":"2010-07-15T12:42:37+00:00","mainEntityOfPage":{"@id":"https:\/\/www.cope.es\/blogs\/tendencias-moda\/2010\/07\/15\/y-pario-la-abuela\/"},"wordCount":532,"commentCount":0,"articleSection":["celebrities"],"inLanguage":"es","potentialAction":[{"@type":"CommentAction","name":"Comment","target":["https:\/\/www.cope.es\/blogs\/tendencias-moda\/2010\/07\/15\/y-pario-la-abuela\/#respond"]}]},{"@type":"WebPage","@id":"https:\/\/www.cope.es\/blogs\/tendencias-moda\/2010\/07\/15\/y-pario-la-abuela\/","url":"https:\/\/www.cope.es\/blogs\/tendencias-moda\/2010\/07\/15\/y-pario-la-abuela\/","name":"Y pari\u00f3 la abuela... - L\u00e9xico fashionista","isPartOf":{"@id":"https:\/\/www.cope.es\/blogs\/tendencias-moda\/#website"},"datePublished":"2010-07-15T12:42:37+00:00","author":{"@id":"https:\/\/www.cope.es\/blogs\/tendencias-moda\/#\/schema\/person\/d4c92e5cdffedbf565412bbc8a5df606"},"breadcrumb":{"@id":"https:\/\/www.cope.es\/blogs\/tendencias-moda\/2010\/07\/15\/y-pario-la-abuela\/#breadcrumb"},"inLanguage":"es","potentialAction":[{"@type":"ReadAction","target":["https:\/\/www.cope.es\/blogs\/tendencias-moda\/2010\/07\/15\/y-pario-la-abuela\/"]}]},{"@type":"BreadcrumbList","@id":"https:\/\/www.cope.es\/blogs\/tendencias-moda\/2010\/07\/15\/y-pario-la-abuela\/#breadcrumb","itemListElement":[{"@type":"ListItem","position":1,"name":"Portada","item":"https:\/\/www.cope.es\/blogs\/tendencias-moda\/"},{"@type":"ListItem","position":2,"name":"Y pari\u00f3 la abuela&#8230;"}]},{"@type":"WebSite","@id":"https:\/\/www.cope.es\/blogs\/tendencias-moda\/#website","url":"https:\/\/www.cope.es\/blogs\/tendencias-moda\/","name":"L\u00e9xico fashionista","description":"Stiletto, clutch, hobo, peep toe, petite robe noire, kawai, cabas, coolhunter, boho, trendy\u2026 la moda utiliza  palabras para las cuales a veces necesitamos un traductor simult\u00e1neo. Pero como Babel Fish no siempre funciona, sirva esta experta en la materia para descifrar el l\u00e9xico fashionista, desde las tendencias m\u00e1s audaces hasta los OMNIs (Objetos de Moda No Identificados) m\u00e1s curiosos.","potentialAction":[{"@type":"SearchAction","target":{"@type":"EntryPoint","urlTemplate":"https:\/\/www.cope.es\/blogs\/tendencias-moda\/?s={search_term_string}"},"query-input":{"@type":"PropertyValueSpecification","valueRequired":true,"valueName":"search_term_string"}}],"inLanguage":"es"},{"@type":"Person","@id":"https:\/\/www.cope.es\/blogs\/tendencias-moda\/#\/schema\/person\/d4c92e5cdffedbf565412bbc8a5df606","name":"Ana Ure\u00f1a","image":{"@type":"ImageObject","inLanguage":"es","@id":"https:\/\/secure.gravatar.com\/avatar\/09b592e7ab3e707f9f24abacd8ecd4d629b60de09d3b1ce2fec15163eb6c9749?s=96&d=mm&r=g","url":"https:\/\/secure.gravatar.com\/avatar\/09b592e7ab3e707f9f24abacd8ecd4d629b60de09d3b1ce2fec15163eb6c9749?s=96&d=mm&r=g","contentUrl":"https:\/\/secure.gravatar.com\/avatar\/09b592e7ab3e707f9f24abacd8ecd4d629b60de09d3b1ce2fec15163eb6c9749?s=96&d=mm&r=g","caption":"Ana Ure\u00f1a"},"description":"Ana Ure\u00f1a empez\u00f3 hace m\u00e1s de 15 a\u00f1os como becaria en la revista de moda Harper\u2019s en Londres, donde perfeccion\u00f3 su habilidad preparando caf\u00e9 para las reuniones de contenidos. M\u00e1s tarde trabaj\u00f3 para la revista de moda y sociedad \u00abTatler\u00bb, de Cond\u00e9 Nast, y para el peri\u00f3dico \u00abThe Times\u00bb, donde fue pionera al escribir uno de los primeros blogs de moda que existieron en el mundo. Al volver a Madrid, form\u00f3 parte de los equipos de ELLE y VOGUE, pasando por el grupo Vocento y llegando a ser directora de la revista Cosmopolitan. Ahora llega a La Cope a retomar este blog que naci\u00f3 en ABC y nos descubri\u00f3 t\u00e9rminos como OMNIs (Objetos de Moda No Identificados) y nos habl\u00f3 de los cronuts (un h\u00edbrido gourmet entre cruas\u00e1n y donut) antes que nadie. Hoy ya no hace el caf\u00e9 para nadie y solo sue\u00f1a con que se lo prepare George Clooney con su m\u00e1quina de c\u00e1psulas.","sameAs":["http:\/\/www.cope.es","https:\/\/www.facebook.com\/ana.urena","https:\/\/x.com\/anaurena"],"url":"https:\/\/www.cope.es\/blogs\/tendencias-moda\/author\/aurena\/"}]}},"amp_enabled":true,"_links":{"self":[{"href":"https:\/\/www.cope.es\/blogs\/tendencias-moda\/wp-json\/wp\/v2\/posts\/4283","targetHints":{"allow":["GET"]}}],"collection":[{"href":"https:\/\/www.cope.es\/blogs\/tendencias-moda\/wp-json\/wp\/v2\/posts"}],"about":[{"href":"https:\/\/www.cope.es\/blogs\/tendencias-moda\/wp-json\/wp\/v2\/types\/post"}],"author":[{"embeddable":true,"href":"https:\/\/www.cope.es\/blogs\/tendencias-moda\/wp-json\/wp\/v2\/users\/2"}],"replies":[{"embeddable":true,"href":"https:\/\/www.cope.es\/blogs\/tendencias-moda\/wp-json\/wp\/v2\/comments?post=4283"}],"version-history":[{"count":0,"href":"https:\/\/www.cope.es\/blogs\/tendencias-moda\/wp-json\/wp\/v2\/posts\/4283\/revisions"}],"wp:attachment":[{"href":"https:\/\/www.cope.es\/blogs\/tendencias-moda\/wp-json\/wp\/v2\/media?parent=4283"}],"wp:term":[{"taxonomy":"category","embeddable":true,"href":"https:\/\/www.cope.es\/blogs\/tendencias-moda\/wp-json\/wp\/v2\/categories?post=4283"},{"taxonomy":"post_tag","embeddable":true,"href":"https:\/\/www.cope.es\/blogs\/tendencias-moda\/wp-json\/wp\/v2\/tags?post=4283"}],"curies":[{"name":"wp","href":"https:\/\/api.w.org\/{rel}","templated":true}]}}