{"id":3937,"date":"2010-06-10T11:06:13","date_gmt":"2010-06-10T10:06:13","guid":{"rendered":"http:\/\/abcblogs.abc.es\/tendencias-moda\/?guid=b1bd03e5fe58c99b51bf03585b89e33d"},"modified":"2010-06-10T11:06:13","modified_gmt":"2010-06-10T10:06:13","slug":"lagerfeld-don-algodon","status":"publish","type":"post","link":"https:\/\/www.cope.es\/blogs\/tendencias-moda\/2010\/06\/10\/lagerfeld-don-algodon\/","title":{"rendered":"Lagerfeld: Don Algod\u00f3n"},"content":{"rendered":"<p>Lo voy a decir en alto: &#8220;Karl Lagerfeld es un genio&#8221;. Una persona que consigue que se agote la ropa de HyM, poner de moda una pintura de u&ntilde;as color verde moco, vender &#8216;leggings&#8217; negros a 600 Euros y convencer a Coca Cola para que plasmen su silueta en las botellas de Coca Cola Light es un genio puro y duro. Y punto.<\/p>\n<p><!--more--><\/p>\n<p>&nbsp;<\/p>\n<div class=\"foto\"><img decoding=\"async\" src=\"\/tendencias-moda\/files\/karl.jpg\" alt=\"karl.jpg\" \/><\/div>\n<p>&iquest;Lo &uacute;ltimo? Chanel comercializa algodones. Si, lo han le&iacute;do bien&#8230; ALGODONES. Se llama &#8220;Le Coton&#8221; (en serio), es una edici&oacute;n limitada y lleva grabadas las dos &#8216;C&#8217;s de Chanel. Un paquete de 100 unidades cuesta 20 d&oacute;lares. Y para que ve&aacute;is que no me he vuelto loca, le he hecho una &#8216;captura de pantalla&#8217; a la p&aacute;gina web <a href=\"http:\/\/www.chanel.com\/\">chanel.com<\/a>, donde lo venden. Los algodones tienen tres capas, las dos de fuera est&aacute;n compuestas de algod&oacute;n egipcio recolectado a mano, y la de en medio de fibra el&aacute;stica australiana.<\/p>\n<p>&nbsp;<\/p>\n<p>&nbsp;<\/p>\n<div class=\"foto\"><img decoding=\"async\" src=\"\/tendencias-moda\/files\/lecotton.jpg\" alt=\"lecotton.jpg\" \/><\/div>\n<p>Os dejo reflexionando sobre el tema. Y para amenizar vuestros pensamientos os cuelgo aqu&iacute; la primera parte del corto dirigido por Karl que lanz&oacute; hace poco en internet. Y es que si Tom (Ford se entiende) hace una pel&iacute;cula, el Kaiser no iba a ser de menos. Le amo, en serio. Mi m&aacute;ximo respeto.<\/p>\n<p>&nbsp;<\/p>\n<p>PD: la foto es un autoretrato que se puede ver en su <a href=\"http:\/\/www.karllagerfeld.com\/\">p&aacute;gina web personal<\/a>.<\/p>\n<p>&nbsp;<\/p><\/p>\n","protected":false},"excerpt":{"rendered":"<p>Lo voy a decir en alto: &#8220;Karl Lagerfeld es un genio&#8221;. Una persona que consigue que se agote la ropa de HyM, poner de moda una pintura de u&ntilde;as color verde moco, vender &#8216;leggings&#8217; negros a 600 Euros y convencer a Coca Cola para que plasmen su silu&#8230;<\/p>\n","protected":false},"author":2,"featured_media":0,"comment_status":"open","ping_status":"closed","sticky":false,"template":"","format":"standard","meta":{"footnotes":""},"categories":[19],"tags":[],"class_list":["post-3937","post","type-post","status-publish","format-standard","hentry","category-disenadores"],"yoast_head":"<!-- This site is optimized with the Yoast SEO plugin v27.4 - https:\/\/yoast.com\/product\/yoast-seo-wordpress\/ -->\n<title>Lagerfeld: Don Algod\u00f3n - L\u00e9xico fashionista<\/title>\n<meta name=\"robots\" content=\"index, follow, max-snippet:-1, max-image-preview:large, max-video-preview:-1\" \/>\n<link rel=\"canonical\" href=\"https:\/\/www.cope.es\/blogs\/tendencias-moda\/2010\/06\/10\/lagerfeld-don-algodon\/\" \/>\n<meta property=\"og:locale\" content=\"es_ES\" \/>\n<meta property=\"og:type\" content=\"article\" \/>\n<meta property=\"og:title\" content=\"Lagerfeld: Don Algod\u00f3n - L\u00e9xico fashionista\" \/>\n<meta property=\"og:description\" content=\"Lo voy a decir en alto: &quot;Karl Lagerfeld es un genio&quot;. Una persona que consigue que se agote la ropa de HyM, poner de moda una pintura de u&ntilde;as color verde moco, vender &#039;leggings&#039; negros a 600 Euros y convencer a Coca Cola para que plasmen su silu...\" \/>\n<meta property=\"og:url\" content=\"https:\/\/www.cope.es\/blogs\/tendencias-moda\/2010\/06\/10\/lagerfeld-don-algodon\/\" \/>\n<meta property=\"og:site_name\" content=\"L\u00e9xico fashionista\" \/>\n<meta property=\"article:publisher\" content=\"https:\/\/www.facebook.com\/cope\/\" \/>\n<meta property=\"article:author\" content=\"https:\/\/www.facebook.com\/ana.urena\" \/>\n<meta property=\"article:published_time\" content=\"2010-06-10T10:06:13+00:00\" \/>\n<meta name=\"author\" content=\"Ana Ure\u00f1a\" \/>\n<meta name=\"twitter:card\" content=\"summary_large_image\" \/>\n<meta name=\"twitter:creator\" content=\"@anaurena\" \/>\n<meta name=\"twitter:site\" content=\"@cope_es\" \/>\n<meta name=\"twitter:label1\" content=\"Escrito por\" \/>\n\t<meta name=\"twitter:data1\" content=\"Ana Ure\u00f1a\" \/>\n\t<meta name=\"twitter:label2\" content=\"Tiempo de lectura\" \/>\n\t<meta name=\"twitter:data2\" content=\"1 minuto\" \/>\n<script type=\"application\/ld+json\" class=\"yoast-schema-graph\">{\"@context\":\"https:\\\/\\\/schema.org\",\"@graph\":[{\"@type\":\"Article\",\"@id\":\"https:\\\/\\\/www.cope.es\\\/blogs\\\/tendencias-moda\\\/2010\\\/06\\\/10\\\/lagerfeld-don-algodon\\\/#article\",\"isPartOf\":{\"@id\":\"https:\\\/\\\/www.cope.es\\\/blogs\\\/tendencias-moda\\\/2010\\\/06\\\/10\\\/lagerfeld-don-algodon\\\/\"},\"author\":{\"name\":\"Ana Ure\u00f1a\",\"@id\":\"https:\\\/\\\/www.cope.es\\\/blogs\\\/tendencias-moda\\\/#\\\/schema\\\/person\\\/d4c92e5cdffedbf565412bbc8a5df606\"},\"headline\":\"Lagerfeld: Don Algod\u00f3n\",\"datePublished\":\"2010-06-10T10:06:13+00:00\",\"mainEntityOfPage\":{\"@id\":\"https:\\\/\\\/www.cope.es\\\/blogs\\\/tendencias-moda\\\/2010\\\/06\\\/10\\\/lagerfeld-don-algodon\\\/\"},\"wordCount\":255,\"commentCount\":0,\"articleSection\":[\"dise\u00f1adores\"],\"inLanguage\":\"es\",\"potentialAction\":[{\"@type\":\"CommentAction\",\"name\":\"Comment\",\"target\":[\"https:\\\/\\\/www.cope.es\\\/blogs\\\/tendencias-moda\\\/2010\\\/06\\\/10\\\/lagerfeld-don-algodon\\\/#respond\"]}]},{\"@type\":\"WebPage\",\"@id\":\"https:\\\/\\\/www.cope.es\\\/blogs\\\/tendencias-moda\\\/2010\\\/06\\\/10\\\/lagerfeld-don-algodon\\\/\",\"url\":\"https:\\\/\\\/www.cope.es\\\/blogs\\\/tendencias-moda\\\/2010\\\/06\\\/10\\\/lagerfeld-don-algodon\\\/\",\"name\":\"Lagerfeld: Don Algod\u00f3n - L\u00e9xico fashionista\",\"isPartOf\":{\"@id\":\"https:\\\/\\\/www.cope.es\\\/blogs\\\/tendencias-moda\\\/#website\"},\"datePublished\":\"2010-06-10T10:06:13+00:00\",\"author\":{\"@id\":\"https:\\\/\\\/www.cope.es\\\/blogs\\\/tendencias-moda\\\/#\\\/schema\\\/person\\\/d4c92e5cdffedbf565412bbc8a5df606\"},\"breadcrumb\":{\"@id\":\"https:\\\/\\\/www.cope.es\\\/blogs\\\/tendencias-moda\\\/2010\\\/06\\\/10\\\/lagerfeld-don-algodon\\\/#breadcrumb\"},\"inLanguage\":\"es\",\"potentialAction\":[{\"@type\":\"ReadAction\",\"target\":[\"https:\\\/\\\/www.cope.es\\\/blogs\\\/tendencias-moda\\\/2010\\\/06\\\/10\\\/lagerfeld-don-algodon\\\/\"]}]},{\"@type\":\"BreadcrumbList\",\"@id\":\"https:\\\/\\\/www.cope.es\\\/blogs\\\/tendencias-moda\\\/2010\\\/06\\\/10\\\/lagerfeld-don-algodon\\\/#breadcrumb\",\"itemListElement\":[{\"@type\":\"ListItem\",\"position\":1,\"name\":\"Portada\",\"item\":\"https:\\\/\\\/www.cope.es\\\/blogs\\\/tendencias-moda\\\/\"},{\"@type\":\"ListItem\",\"position\":2,\"name\":\"Lagerfeld: Don Algod\u00f3n\"}]},{\"@type\":\"WebSite\",\"@id\":\"https:\\\/\\\/www.cope.es\\\/blogs\\\/tendencias-moda\\\/#website\",\"url\":\"https:\\\/\\\/www.cope.es\\\/blogs\\\/tendencias-moda\\\/\",\"name\":\"L\u00e9xico fashionista\",\"description\":\"Stiletto, clutch, hobo, peep toe, petite robe noire, kawai, cabas, coolhunter, boho, trendy\u2026 la moda utiliza  palabras para las cuales a veces necesitamos un traductor simult\u00e1neo. Pero como Babel Fish no siempre funciona, sirva esta experta en la materia para descifrar el l\u00e9xico fashionista, desde las tendencias m\u00e1s audaces hasta los OMNIs (Objetos de Moda No Identificados) m\u00e1s curiosos.\",\"potentialAction\":[{\"@type\":\"SearchAction\",\"target\":{\"@type\":\"EntryPoint\",\"urlTemplate\":\"https:\\\/\\\/www.cope.es\\\/blogs\\\/tendencias-moda\\\/?s={search_term_string}\"},\"query-input\":{\"@type\":\"PropertyValueSpecification\",\"valueRequired\":true,\"valueName\":\"search_term_string\"}}],\"inLanguage\":\"es\"},{\"@type\":\"Person\",\"@id\":\"https:\\\/\\\/www.cope.es\\\/blogs\\\/tendencias-moda\\\/#\\\/schema\\\/person\\\/d4c92e5cdffedbf565412bbc8a5df606\",\"name\":\"Ana Ure\u00f1a\",\"image\":{\"@type\":\"ImageObject\",\"inLanguage\":\"es\",\"@id\":\"https:\\\/\\\/secure.gravatar.com\\\/avatar\\\/09b592e7ab3e707f9f24abacd8ecd4d629b60de09d3b1ce2fec15163eb6c9749?s=96&d=mm&r=g\",\"url\":\"https:\\\/\\\/secure.gravatar.com\\\/avatar\\\/09b592e7ab3e707f9f24abacd8ecd4d629b60de09d3b1ce2fec15163eb6c9749?s=96&d=mm&r=g\",\"contentUrl\":\"https:\\\/\\\/secure.gravatar.com\\\/avatar\\\/09b592e7ab3e707f9f24abacd8ecd4d629b60de09d3b1ce2fec15163eb6c9749?s=96&d=mm&r=g\",\"caption\":\"Ana Ure\u00f1a\"},\"description\":\"Ana Ure\u00f1a empez\u00f3 hace m\u00e1s de 15 a\u00f1os como becaria en la revista de moda Harper\u2019s en Londres, donde perfeccion\u00f3 su habilidad preparando caf\u00e9 para las reuniones de contenidos. M\u00e1s tarde trabaj\u00f3 para la revista de moda y sociedad \u00abTatler\u00bb, de Cond\u00e9 Nast, y para el peri\u00f3dico \u00abThe Times\u00bb, donde fue pionera al escribir uno de los primeros blogs de moda que existieron en el mundo. Al volver a Madrid, form\u00f3 parte de los equipos de ELLE y VOGUE, pasando por el grupo Vocento y llegando a ser directora de la revista Cosmopolitan. Ahora llega a La Cope a retomar este blog que naci\u00f3 en ABC y nos descubri\u00f3 t\u00e9rminos como OMNIs (Objetos de Moda No Identificados) y nos habl\u00f3 de los cronuts (un h\u00edbrido gourmet entre cruas\u00e1n y donut) antes que nadie. Hoy ya no hace el caf\u00e9 para nadie y solo sue\u00f1a con que se lo prepare George Clooney con su m\u00e1quina de c\u00e1psulas.\",\"sameAs\":[\"http:\\\/\\\/www.cope.es\",\"https:\\\/\\\/www.facebook.com\\\/ana.urena\",\"https:\\\/\\\/x.com\\\/anaurena\"],\"url\":\"https:\\\/\\\/www.cope.es\\\/blogs\\\/tendencias-moda\\\/author\\\/aurena\\\/\"}]}<\/script>\n<!-- \/ Yoast SEO plugin. -->","yoast_head_json":{"title":"Lagerfeld: Don Algod\u00f3n - L\u00e9xico fashionista","robots":{"index":"index","follow":"follow","max-snippet":"max-snippet:-1","max-image-preview":"max-image-preview:large","max-video-preview":"max-video-preview:-1"},"canonical":"https:\/\/www.cope.es\/blogs\/tendencias-moda\/2010\/06\/10\/lagerfeld-don-algodon\/","og_locale":"es_ES","og_type":"article","og_title":"Lagerfeld: Don Algod\u00f3n - L\u00e9xico fashionista","og_description":"Lo voy a decir en alto: \"Karl Lagerfeld es un genio\". Una persona que consigue que se agote la ropa de HyM, poner de moda una pintura de u&ntilde;as color verde moco, vender 'leggings' negros a 600 Euros y convencer a Coca Cola para que plasmen su silu...","og_url":"https:\/\/www.cope.es\/blogs\/tendencias-moda\/2010\/06\/10\/lagerfeld-don-algodon\/","og_site_name":"L\u00e9xico fashionista","article_publisher":"https:\/\/www.facebook.com\/cope\/","article_author":"https:\/\/www.facebook.com\/ana.urena","article_published_time":"2010-06-10T10:06:13+00:00","author":"Ana Ure\u00f1a","twitter_card":"summary_large_image","twitter_creator":"@anaurena","twitter_site":"@cope_es","twitter_misc":{"Escrito por":"Ana Ure\u00f1a","Tiempo de lectura":"1 minuto"},"schema":{"@context":"https:\/\/schema.org","@graph":[{"@type":"Article","@id":"https:\/\/www.cope.es\/blogs\/tendencias-moda\/2010\/06\/10\/lagerfeld-don-algodon\/#article","isPartOf":{"@id":"https:\/\/www.cope.es\/blogs\/tendencias-moda\/2010\/06\/10\/lagerfeld-don-algodon\/"},"author":{"name":"Ana Ure\u00f1a","@id":"https:\/\/www.cope.es\/blogs\/tendencias-moda\/#\/schema\/person\/d4c92e5cdffedbf565412bbc8a5df606"},"headline":"Lagerfeld: Don Algod\u00f3n","datePublished":"2010-06-10T10:06:13+00:00","mainEntityOfPage":{"@id":"https:\/\/www.cope.es\/blogs\/tendencias-moda\/2010\/06\/10\/lagerfeld-don-algodon\/"},"wordCount":255,"commentCount":0,"articleSection":["dise\u00f1adores"],"inLanguage":"es","potentialAction":[{"@type":"CommentAction","name":"Comment","target":["https:\/\/www.cope.es\/blogs\/tendencias-moda\/2010\/06\/10\/lagerfeld-don-algodon\/#respond"]}]},{"@type":"WebPage","@id":"https:\/\/www.cope.es\/blogs\/tendencias-moda\/2010\/06\/10\/lagerfeld-don-algodon\/","url":"https:\/\/www.cope.es\/blogs\/tendencias-moda\/2010\/06\/10\/lagerfeld-don-algodon\/","name":"Lagerfeld: Don Algod\u00f3n - L\u00e9xico fashionista","isPartOf":{"@id":"https:\/\/www.cope.es\/blogs\/tendencias-moda\/#website"},"datePublished":"2010-06-10T10:06:13+00:00","author":{"@id":"https:\/\/www.cope.es\/blogs\/tendencias-moda\/#\/schema\/person\/d4c92e5cdffedbf565412bbc8a5df606"},"breadcrumb":{"@id":"https:\/\/www.cope.es\/blogs\/tendencias-moda\/2010\/06\/10\/lagerfeld-don-algodon\/#breadcrumb"},"inLanguage":"es","potentialAction":[{"@type":"ReadAction","target":["https:\/\/www.cope.es\/blogs\/tendencias-moda\/2010\/06\/10\/lagerfeld-don-algodon\/"]}]},{"@type":"BreadcrumbList","@id":"https:\/\/www.cope.es\/blogs\/tendencias-moda\/2010\/06\/10\/lagerfeld-don-algodon\/#breadcrumb","itemListElement":[{"@type":"ListItem","position":1,"name":"Portada","item":"https:\/\/www.cope.es\/blogs\/tendencias-moda\/"},{"@type":"ListItem","position":2,"name":"Lagerfeld: Don Algod\u00f3n"}]},{"@type":"WebSite","@id":"https:\/\/www.cope.es\/blogs\/tendencias-moda\/#website","url":"https:\/\/www.cope.es\/blogs\/tendencias-moda\/","name":"L\u00e9xico fashionista","description":"Stiletto, clutch, hobo, peep toe, petite robe noire, kawai, cabas, coolhunter, boho, trendy\u2026 la moda utiliza  palabras para las cuales a veces necesitamos un traductor simult\u00e1neo. Pero como Babel Fish no siempre funciona, sirva esta experta en la materia para descifrar el l\u00e9xico fashionista, desde las tendencias m\u00e1s audaces hasta los OMNIs (Objetos de Moda No Identificados) m\u00e1s curiosos.","potentialAction":[{"@type":"SearchAction","target":{"@type":"EntryPoint","urlTemplate":"https:\/\/www.cope.es\/blogs\/tendencias-moda\/?s={search_term_string}"},"query-input":{"@type":"PropertyValueSpecification","valueRequired":true,"valueName":"search_term_string"}}],"inLanguage":"es"},{"@type":"Person","@id":"https:\/\/www.cope.es\/blogs\/tendencias-moda\/#\/schema\/person\/d4c92e5cdffedbf565412bbc8a5df606","name":"Ana Ure\u00f1a","image":{"@type":"ImageObject","inLanguage":"es","@id":"https:\/\/secure.gravatar.com\/avatar\/09b592e7ab3e707f9f24abacd8ecd4d629b60de09d3b1ce2fec15163eb6c9749?s=96&d=mm&r=g","url":"https:\/\/secure.gravatar.com\/avatar\/09b592e7ab3e707f9f24abacd8ecd4d629b60de09d3b1ce2fec15163eb6c9749?s=96&d=mm&r=g","contentUrl":"https:\/\/secure.gravatar.com\/avatar\/09b592e7ab3e707f9f24abacd8ecd4d629b60de09d3b1ce2fec15163eb6c9749?s=96&d=mm&r=g","caption":"Ana Ure\u00f1a"},"description":"Ana Ure\u00f1a empez\u00f3 hace m\u00e1s de 15 a\u00f1os como becaria en la revista de moda Harper\u2019s en Londres, donde perfeccion\u00f3 su habilidad preparando caf\u00e9 para las reuniones de contenidos. M\u00e1s tarde trabaj\u00f3 para la revista de moda y sociedad \u00abTatler\u00bb, de Cond\u00e9 Nast, y para el peri\u00f3dico \u00abThe Times\u00bb, donde fue pionera al escribir uno de los primeros blogs de moda que existieron en el mundo. Al volver a Madrid, form\u00f3 parte de los equipos de ELLE y VOGUE, pasando por el grupo Vocento y llegando a ser directora de la revista Cosmopolitan. Ahora llega a La Cope a retomar este blog que naci\u00f3 en ABC y nos descubri\u00f3 t\u00e9rminos como OMNIs (Objetos de Moda No Identificados) y nos habl\u00f3 de los cronuts (un h\u00edbrido gourmet entre cruas\u00e1n y donut) antes que nadie. Hoy ya no hace el caf\u00e9 para nadie y solo sue\u00f1a con que se lo prepare George Clooney con su m\u00e1quina de c\u00e1psulas.","sameAs":["http:\/\/www.cope.es","https:\/\/www.facebook.com\/ana.urena","https:\/\/x.com\/anaurena"],"url":"https:\/\/www.cope.es\/blogs\/tendencias-moda\/author\/aurena\/"}]}},"amp_enabled":true,"_links":{"self":[{"href":"https:\/\/www.cope.es\/blogs\/tendencias-moda\/wp-json\/wp\/v2\/posts\/3937","targetHints":{"allow":["GET"]}}],"collection":[{"href":"https:\/\/www.cope.es\/blogs\/tendencias-moda\/wp-json\/wp\/v2\/posts"}],"about":[{"href":"https:\/\/www.cope.es\/blogs\/tendencias-moda\/wp-json\/wp\/v2\/types\/post"}],"author":[{"embeddable":true,"href":"https:\/\/www.cope.es\/blogs\/tendencias-moda\/wp-json\/wp\/v2\/users\/2"}],"replies":[{"embeddable":true,"href":"https:\/\/www.cope.es\/blogs\/tendencias-moda\/wp-json\/wp\/v2\/comments?post=3937"}],"version-history":[{"count":0,"href":"https:\/\/www.cope.es\/blogs\/tendencias-moda\/wp-json\/wp\/v2\/posts\/3937\/revisions"}],"wp:attachment":[{"href":"https:\/\/www.cope.es\/blogs\/tendencias-moda\/wp-json\/wp\/v2\/media?parent=3937"}],"wp:term":[{"taxonomy":"category","embeddable":true,"href":"https:\/\/www.cope.es\/blogs\/tendencias-moda\/wp-json\/wp\/v2\/categories?post=3937"},{"taxonomy":"post_tag","embeddable":true,"href":"https:\/\/www.cope.es\/blogs\/tendencias-moda\/wp-json\/wp\/v2\/tags?post=3937"}],"curies":[{"name":"wp","href":"https:\/\/api.w.org\/{rel}","templated":true}]}}