{"id":16990,"date":"2018-03-01T15:32:22","date_gmt":"2018-03-01T14:32:22","guid":{"rendered":"http:\/\/www.cope.es\/blogs\/tendencias-moda\/?p=16990"},"modified":"2018-03-02T11:34:25","modified_gmt":"2018-03-02T10:34:25","slug":"burberry-sandalias-calcetin-look-debate","status":"publish","type":"post","link":"https:\/\/www.cope.es\/blogs\/tendencias-moda\/2018\/03\/01\/burberry-sandalias-calcetin-look-debate\/","title":{"rendered":"Sandalias con calcet\u00edn, \u00bfs\u00ed o no?"},"content":{"rendered":"<p>Dilema. Hace fr\u00edo pero quieres estrenar tus sandalias nuevas. O en el contexto <em>influencer<\/em>: Te han regalado unas sandalias y tienes que hacerte una foto para subirla a Instagram y dar las gracias con sus respectivos <em>tags,<\/em> pero est\u00e1s en plena semana de la moda de Par\u00eds y nieva. \u00bfQu\u00e9 haces?\u00a0 Te pones un calcet\u00edn y te unes a <strong>la moda sandalia con calcet\u00edn que vuelve a presentar Burberry para esta primavera<\/strong>. Te guste o no.<\/p>\n<p><!--more--><\/p>\n<p>Sufrir hipotermia en los pies no es agradable, tampoco resulta est\u00e9tico el tener los dedos color azul tirando a morado, porque igual no combina bien con el resto del <em>look<\/em>. Pero es que solo has metido en la maleta los <strong>calcetines de deporte de algod\u00f3n grueso<\/strong>. No pasa nada. Es moda. Y si no, d\u00edselo a la dise\u00f1adora <a href=\"https:\/\/www.instagram.com\/gildaambrosio\">Gilda Ambrosio<\/a> que se plant\u00f3 este casi <em>total look<\/em> de Burberry durante la semana de la moda de Mil\u00e1n.<\/p>\n<p>(Inciso, las fotos al principio de este blog son de\u00a0<a href=\"https:\/\/es.burberry.com\">Burberry<\/a>, que acaba de anunciar que tiene <a href=\"http:\/\/www.vogue.es\/moda\/news\/articulos\/burberry-riccardo-tisci-nuevo-director-creativo\/33500\">nuevo director creativo<\/a>, el dise\u00f1ador Ricardo Tisci.)<\/p>\n<p>&nbsp;<\/p>\n<figure id=\"attachment_16995\" aria-describedby=\"caption-attachment-16995\" style=\"width: 620px\" class=\"wp-caption alignnone\"><img loading=\"lazy\" decoding=\"async\" width=\"620\" height=\"930\" class=\"size-full wp-image-16995\" src=\"http:\/\/www.cope.es\/blogs\/tendencias-moda\/wp-content\/uploads\/sites\/3\/2018\/03\/gilda_ambrosio_milan_fashion_week_glamour.jpg\" alt=\"\" srcset=\"https:\/\/www.cope.es\/blogs\/tendencias-moda\/wp-content\/uploads\/sites\/3\/2018\/03\/gilda_ambrosio_milan_fashion_week_glamour.jpg 620w, https:\/\/www.cope.es\/blogs\/tendencias-moda\/wp-content\/uploads\/sites\/3\/2018\/03\/gilda_ambrosio_milan_fashion_week_glamour-200x300.jpg 200w\" sizes=\"auto, (max-width: 620px) 100vw, 620px\" \/><figcaption id=\"caption-attachment-16995\" class=\"wp-caption-text\">La foto de la semana de la moda de Mil\u00e1n de Gilda Ambrosio es de la fot\u00f3grafa Carola de Armas y se public\u00f3 en la web de <a href=\"http:\/\/www.glamour.es\/moda\/tendencias\/articulos\/chandal-como-vestir-oficina-tendencia\/32557\">Glamour Espa\u00f1a<\/a>.<\/figcaption><\/figure>\n<p>&nbsp;<\/p>\n<p>\u00bfTe quedan grandes los zapatos porque te los han prestado de un <em>showroom<\/em>? No pasa nada, <strong>te pones un calcet\u00edn grueso<\/strong>. Porque amigas, una advertencia, si quer\u00e9is adoptar la moda del calcet\u00edn v\u00e1is a tener que comprar al menos medio n\u00famero m\u00e1s de calzado, y despu\u00e9s ese mismo zapato no os va a servir para llevarlo sin. A Rihanna por supuesto, le parace todo bien. Ella se planta el <em>total look<\/em> de primavera verano 2018 de Burberry y es feliz. Aqu\u00ed ten\u00e9is la foto sacada de un art\u00edculo de <a href=\"https:\/\/www.usmagazine.com\/stylish\/news\/braless-rihanna-rocks-falls-socks-with-sandals-trend-w508298\/\">US Weekly<\/a>.<\/p>\n<p>&nbsp;<\/p>\n<figure id=\"attachment_17008\" aria-describedby=\"caption-attachment-17008\" style=\"width: 596px\" class=\"wp-caption alignnone\"><img loading=\"lazy\" decoding=\"async\" width=\"596\" height=\"1024\" class=\"wp-image-17008 size-large\" src=\"http:\/\/www.cope.es\/blogs\/tendencias-moda\/wp-content\/uploads\/sites\/3\/2018\/03\/riri-sandalia-calcetin-burberry-596x1024.jpg\" alt=\"\" srcset=\"https:\/\/www.cope.es\/blogs\/tendencias-moda\/wp-content\/uploads\/sites\/3\/2018\/03\/riri-sandalia-calcetin-burberry-596x1024.jpg 596w, https:\/\/www.cope.es\/blogs\/tendencias-moda\/wp-content\/uploads\/sites\/3\/2018\/03\/riri-sandalia-calcetin-burberry-175x300.jpg 175w, https:\/\/www.cope.es\/blogs\/tendencias-moda\/wp-content\/uploads\/sites\/3\/2018\/03\/riri-sandalia-calcetin-burberry.jpg 768w\" sizes=\"auto, (max-width: 596px) 100vw, 596px\" \/><figcaption id=\"caption-attachment-17008\" class=\"wp-caption-text\">La cantante Rihanna con total look de Burberry. La foto es de US Weekly.<\/figcaption><\/figure>\n<p>&nbsp;<\/p>\n<p>Este truco de estlismo tambi\u00e9n sirve si <strong>no tienes hecha la pedicura<\/strong> (que no digo que esta modelo del cat\u00e1logo de Burberry no la lleve perfecta).<\/p>\n<p>&nbsp;<\/p>\n<figure id=\"attachment_17013\" aria-describedby=\"caption-attachment-17013\" style=\"width: 681px\" class=\"wp-caption alignnone\"><img loading=\"lazy\" decoding=\"async\" width=\"747\" height=\"1024\" class=\"wp-image-17013\" src=\"http:\/\/www.cope.es\/blogs\/tendencias-moda\/wp-content\/uploads\/sites\/3\/2018\/03\/burberry_usweb-747x1024.jpg\" alt=\"\" srcset=\"https:\/\/www.cope.es\/blogs\/tendencias-moda\/wp-content\/uploads\/sites\/3\/2018\/03\/burberry_usweb-747x1024.jpg 747w, https:\/\/www.cope.es\/blogs\/tendencias-moda\/wp-content\/uploads\/sites\/3\/2018\/03\/burberry_usweb-219x300.jpg 219w, https:\/\/www.cope.es\/blogs\/tendencias-moda\/wp-content\/uploads\/sites\/3\/2018\/03\/burberry_usweb-768x1053.jpg 768w, https:\/\/www.cope.es\/blogs\/tendencias-moda\/wp-content\/uploads\/sites\/3\/2018\/03\/burberry_usweb.jpg 1400w\" sizes=\"auto, (max-width: 747px) 100vw, 747px\" \/><figcaption id=\"caption-attachment-17013\" class=\"wp-caption-text\">Foto del cat\u00e1logo de Burberry con la mezcla calcetines de rombo y sandalias.<\/figcaption><\/figure>\n<p>&nbsp;<\/p>\n<p>Y recordad, o mejor dicho, <em>never forget<\/em>, mejor a\u00fan #neverforget, <strong>Esperanza Aguirre <em>did it first<\/em><\/strong>, #Espediditfirst (Espe lo llev\u00f3 la primera). A este documento gr\u00e1fico del <a href=\"http:\/\/www.abc.es\/fotos-abc\/20110812\/siete-vidas-esperanza-aguirre-82247.html\">diario ABC<\/a> por Edu San Bernardo del 2008 me remito. Saludos cordiales.<\/p>\n<figure id=\"attachment_17010\" aria-describedby=\"caption-attachment-17010\" style=\"width: 780px\" class=\"wp-caption alignnone\"><img loading=\"lazy\" decoding=\"async\" width=\"1024\" height=\"683\" class=\"wp-image-17010\" src=\"http:\/\/www.cope.es\/blogs\/tendencias-moda\/wp-content\/uploads\/sites\/3\/2018\/03\/esperanza_aguirre_edusanbernardo-1024x683.jpg\" alt=\"\" srcset=\"https:\/\/www.cope.es\/blogs\/tendencias-moda\/wp-content\/uploads\/sites\/3\/2018\/03\/esperanza_aguirre_edusanbernardo-1024x683.jpg 1024w, https:\/\/www.cope.es\/blogs\/tendencias-moda\/wp-content\/uploads\/sites\/3\/2018\/03\/esperanza_aguirre_edusanbernardo-300x200.jpg 300w, https:\/\/www.cope.es\/blogs\/tendencias-moda\/wp-content\/uploads\/sites\/3\/2018\/03\/esperanza_aguirre_edusanbernardo-768x512.jpg 768w, https:\/\/www.cope.es\/blogs\/tendencias-moda\/wp-content\/uploads\/sites\/3\/2018\/03\/esperanza_aguirre_edusanbernardo-408x272.jpg 408w\" sizes=\"auto, (max-width: 1024px) 100vw, 1024px\" \/><figcaption id=\"caption-attachment-17010\" class=\"wp-caption-text\">Foto de Esperanza Aguirre de ABC del a\u00f1o 2008.<\/figcaption><\/figure>\n<p>&nbsp;<\/p>\n<p>&nbsp;<\/p>\n","protected":false},"excerpt":{"rendered":"<p>Dilema. Hace fr\u00edo pero quieres estrenar tus sandalias nuevas. O en el contexto influencer: Te han regalado unas sandalias y tienes que hacerte una foto para subirla a Instagram y dar las gracias con sus respectivos tags, pero est\u00e1s en plena semana de la moda de Par\u00eds y nieva. \u00bfQu\u00e9 haces?\u00a0 Te pones un calcet\u00edn [&hellip;]<\/p>\n","protected":false},"author":2,"featured_media":17006,"comment_status":"open","ping_status":"open","sticky":false,"template":"","format":"standard","meta":{"footnotes":""},"categories":[17,22,26,27],"tags":[71,65,67,70,69,68,66,72],"class_list":["post-16990","post","type-post","status-publish","format-standard","has-post-thumbnail","hentry","category-curiosidades","category-instagram","category-streetstyle","category-tendencia","tag-burberry","tag-calectines","tag-esperanza-aguirre","tag-milan","tag-paris","tag-semana-de-la-moda","tag-streetstyle","tag-tisci"],"yoast_head":"<!-- This site is optimized with the Yoast SEO plugin v27.4 - https:\/\/yoast.com\/product\/yoast-seo-wordpress\/ -->\n<title>Sandalias con calcet\u00edn, \u00bfs\u00ed o no? - L\u00e9xico fashionista<\/title>\n<meta name=\"robots\" content=\"index, follow, max-snippet:-1, max-image-preview:large, max-video-preview:-1\" \/>\n<link rel=\"canonical\" href=\"https:\/\/www.cope.es\/blogs\/tendencias-moda\/2018\/03\/01\/burberry-sandalias-calcetin-look-debate\/\" \/>\n<meta property=\"og:locale\" content=\"es_ES\" \/>\n<meta property=\"og:type\" content=\"article\" \/>\n<meta property=\"og:title\" content=\"Sandalias con calcet\u00edn, \u00bfs\u00ed o no? - L\u00e9xico fashionista\" \/>\n<meta property=\"og:description\" content=\"Dilema. Hace fr\u00edo pero quieres estrenar tus sandalias nuevas. O en el contexto influencer: Te han regalado unas sandalias y tienes que hacerte una foto para subirla a Instagram y dar las gracias con sus respectivos tags, pero est\u00e1s en plena semana de la moda de Par\u00eds y nieva. \u00bfQu\u00e9 haces?\u00a0 Te pones un calcet\u00edn [&hellip;]\" \/>\n<meta property=\"og:url\" content=\"https:\/\/www.cope.es\/blogs\/tendencias-moda\/2018\/03\/01\/burberry-sandalias-calcetin-look-debate\/\" \/>\n<meta property=\"og:site_name\" content=\"L\u00e9xico fashionista\" \/>\n<meta property=\"article:publisher\" content=\"https:\/\/www.facebook.com\/cope\/\" \/>\n<meta property=\"article:author\" content=\"https:\/\/www.facebook.com\/ana.urena\" \/>\n<meta property=\"article:published_time\" content=\"2018-03-01T14:32:22+00:00\" \/>\n<meta property=\"article:modified_time\" content=\"2018-03-02T10:34:25+00:00\" \/>\n<meta property=\"og:image\" content=\"https:\/\/www.cope.es\/blogs\/tendencias-moda\/wp-content\/uploads\/sites\/3\/2018\/03\/4DDBD02A-133F-4EFD-BEC3-7EB833D7163B.jpeg\" \/>\n\t<meta property=\"og:image:width\" content=\"2400\" \/>\n\t<meta property=\"og:image:height\" content=\"926\" \/>\n\t<meta property=\"og:image:type\" content=\"image\/jpeg\" \/>\n<meta name=\"author\" content=\"Ana Ure\u00f1a\" \/>\n<meta name=\"twitter:card\" content=\"summary_large_image\" \/>\n<meta name=\"twitter:creator\" content=\"@anaurena\" \/>\n<meta name=\"twitter:site\" content=\"@cope_es\" \/>\n<meta name=\"twitter:label1\" content=\"Escrito por\" \/>\n\t<meta name=\"twitter:data1\" content=\"Ana Ure\u00f1a\" \/>\n\t<meta name=\"twitter:label2\" content=\"Tiempo de lectura\" \/>\n\t<meta name=\"twitter:data2\" content=\"2 minutos\" \/>\n<script type=\"application\/ld+json\" class=\"yoast-schema-graph\">{\"@context\":\"https:\\\/\\\/schema.org\",\"@graph\":[{\"@type\":\"Article\",\"@id\":\"https:\\\/\\\/www.cope.es\\\/blogs\\\/tendencias-moda\\\/2018\\\/03\\\/01\\\/burberry-sandalias-calcetin-look-debate\\\/#article\",\"isPartOf\":{\"@id\":\"https:\\\/\\\/www.cope.es\\\/blogs\\\/tendencias-moda\\\/2018\\\/03\\\/01\\\/burberry-sandalias-calcetin-look-debate\\\/\"},\"author\":{\"name\":\"Ana Ure\u00f1a\",\"@id\":\"https:\\\/\\\/www.cope.es\\\/blogs\\\/tendencias-moda\\\/#\\\/schema\\\/person\\\/d4c92e5cdffedbf565412bbc8a5df606\"},\"headline\":\"Sandalias con calcet\u00edn, \u00bfs\u00ed o no?\",\"datePublished\":\"2018-03-01T14:32:22+00:00\",\"dateModified\":\"2018-03-02T10:34:25+00:00\",\"mainEntityOfPage\":{\"@id\":\"https:\\\/\\\/www.cope.es\\\/blogs\\\/tendencias-moda\\\/2018\\\/03\\\/01\\\/burberry-sandalias-calcetin-look-debate\\\/\"},\"wordCount\":466,\"commentCount\":3,\"image\":{\"@id\":\"https:\\\/\\\/www.cope.es\\\/blogs\\\/tendencias-moda\\\/2018\\\/03\\\/01\\\/burberry-sandalias-calcetin-look-debate\\\/#primaryimage\"},\"thumbnailUrl\":\"https:\\\/\\\/www.cope.es\\\/blogs\\\/tendencias-moda\\\/wp-content\\\/uploads\\\/sites\\\/3\\\/2018\\\/03\\\/4DDBD02A-133F-4EFD-BEC3-7EB833D7163B.jpeg\",\"keywords\":[\"burberry\",\"calectines\",\"esperanza aguirre\",\"milan\",\"paris\",\"semana de la moda\",\"streetstyle\",\"tisci\"],\"articleSection\":[\"curiosidades\",\"instagram\",\"streetstyle\",\"tendencia\"],\"inLanguage\":\"es\",\"potentialAction\":[{\"@type\":\"CommentAction\",\"name\":\"Comment\",\"target\":[\"https:\\\/\\\/www.cope.es\\\/blogs\\\/tendencias-moda\\\/2018\\\/03\\\/01\\\/burberry-sandalias-calcetin-look-debate\\\/#respond\"]}]},{\"@type\":\"WebPage\",\"@id\":\"https:\\\/\\\/www.cope.es\\\/blogs\\\/tendencias-moda\\\/2018\\\/03\\\/01\\\/burberry-sandalias-calcetin-look-debate\\\/\",\"url\":\"https:\\\/\\\/www.cope.es\\\/blogs\\\/tendencias-moda\\\/2018\\\/03\\\/01\\\/burberry-sandalias-calcetin-look-debate\\\/\",\"name\":\"Sandalias con calcet\u00edn, \u00bfs\u00ed o no? - L\u00e9xico fashionista\",\"isPartOf\":{\"@id\":\"https:\\\/\\\/www.cope.es\\\/blogs\\\/tendencias-moda\\\/#website\"},\"primaryImageOfPage\":{\"@id\":\"https:\\\/\\\/www.cope.es\\\/blogs\\\/tendencias-moda\\\/2018\\\/03\\\/01\\\/burberry-sandalias-calcetin-look-debate\\\/#primaryimage\"},\"image\":{\"@id\":\"https:\\\/\\\/www.cope.es\\\/blogs\\\/tendencias-moda\\\/2018\\\/03\\\/01\\\/burberry-sandalias-calcetin-look-debate\\\/#primaryimage\"},\"thumbnailUrl\":\"https:\\\/\\\/www.cope.es\\\/blogs\\\/tendencias-moda\\\/wp-content\\\/uploads\\\/sites\\\/3\\\/2018\\\/03\\\/4DDBD02A-133F-4EFD-BEC3-7EB833D7163B.jpeg\",\"datePublished\":\"2018-03-01T14:32:22+00:00\",\"dateModified\":\"2018-03-02T10:34:25+00:00\",\"author\":{\"@id\":\"https:\\\/\\\/www.cope.es\\\/blogs\\\/tendencias-moda\\\/#\\\/schema\\\/person\\\/d4c92e5cdffedbf565412bbc8a5df606\"},\"breadcrumb\":{\"@id\":\"https:\\\/\\\/www.cope.es\\\/blogs\\\/tendencias-moda\\\/2018\\\/03\\\/01\\\/burberry-sandalias-calcetin-look-debate\\\/#breadcrumb\"},\"inLanguage\":\"es\",\"potentialAction\":[{\"@type\":\"ReadAction\",\"target\":[\"https:\\\/\\\/www.cope.es\\\/blogs\\\/tendencias-moda\\\/2018\\\/03\\\/01\\\/burberry-sandalias-calcetin-look-debate\\\/\"]}]},{\"@type\":\"ImageObject\",\"inLanguage\":\"es\",\"@id\":\"https:\\\/\\\/www.cope.es\\\/blogs\\\/tendencias-moda\\\/2018\\\/03\\\/01\\\/burberry-sandalias-calcetin-look-debate\\\/#primaryimage\",\"url\":\"https:\\\/\\\/www.cope.es\\\/blogs\\\/tendencias-moda\\\/wp-content\\\/uploads\\\/sites\\\/3\\\/2018\\\/03\\\/4DDBD02A-133F-4EFD-BEC3-7EB833D7163B.jpeg\",\"contentUrl\":\"https:\\\/\\\/www.cope.es\\\/blogs\\\/tendencias-moda\\\/wp-content\\\/uploads\\\/sites\\\/3\\\/2018\\\/03\\\/4DDBD02A-133F-4EFD-BEC3-7EB833D7163B.jpeg\",\"width\":2400,\"height\":926},{\"@type\":\"BreadcrumbList\",\"@id\":\"https:\\\/\\\/www.cope.es\\\/blogs\\\/tendencias-moda\\\/2018\\\/03\\\/01\\\/burberry-sandalias-calcetin-look-debate\\\/#breadcrumb\",\"itemListElement\":[{\"@type\":\"ListItem\",\"position\":1,\"name\":\"Portada\",\"item\":\"https:\\\/\\\/www.cope.es\\\/blogs\\\/tendencias-moda\\\/\"},{\"@type\":\"ListItem\",\"position\":2,\"name\":\"Sandalias con calcet\u00edn, \u00bfs\u00ed o no?\"}]},{\"@type\":\"WebSite\",\"@id\":\"https:\\\/\\\/www.cope.es\\\/blogs\\\/tendencias-moda\\\/#website\",\"url\":\"https:\\\/\\\/www.cope.es\\\/blogs\\\/tendencias-moda\\\/\",\"name\":\"L\u00e9xico fashionista\",\"description\":\"Stiletto, clutch, hobo, peep toe, petite robe noire, kawai, cabas, coolhunter, boho, trendy\u2026 la moda utiliza  palabras para las cuales a veces necesitamos un traductor simult\u00e1neo. Pero como Babel Fish no siempre funciona, sirva esta experta en la materia para descifrar el l\u00e9xico fashionista, desde las tendencias m\u00e1s audaces hasta los OMNIs (Objetos de Moda No Identificados) m\u00e1s curiosos.\",\"potentialAction\":[{\"@type\":\"SearchAction\",\"target\":{\"@type\":\"EntryPoint\",\"urlTemplate\":\"https:\\\/\\\/www.cope.es\\\/blogs\\\/tendencias-moda\\\/?s={search_term_string}\"},\"query-input\":{\"@type\":\"PropertyValueSpecification\",\"valueRequired\":true,\"valueName\":\"search_term_string\"}}],\"inLanguage\":\"es\"},{\"@type\":\"Person\",\"@id\":\"https:\\\/\\\/www.cope.es\\\/blogs\\\/tendencias-moda\\\/#\\\/schema\\\/person\\\/d4c92e5cdffedbf565412bbc8a5df606\",\"name\":\"Ana Ure\u00f1a\",\"image\":{\"@type\":\"ImageObject\",\"inLanguage\":\"es\",\"@id\":\"https:\\\/\\\/secure.gravatar.com\\\/avatar\\\/09b592e7ab3e707f9f24abacd8ecd4d629b60de09d3b1ce2fec15163eb6c9749?s=96&d=mm&r=g\",\"url\":\"https:\\\/\\\/secure.gravatar.com\\\/avatar\\\/09b592e7ab3e707f9f24abacd8ecd4d629b60de09d3b1ce2fec15163eb6c9749?s=96&d=mm&r=g\",\"contentUrl\":\"https:\\\/\\\/secure.gravatar.com\\\/avatar\\\/09b592e7ab3e707f9f24abacd8ecd4d629b60de09d3b1ce2fec15163eb6c9749?s=96&d=mm&r=g\",\"caption\":\"Ana Ure\u00f1a\"},\"description\":\"Ana Ure\u00f1a empez\u00f3 hace m\u00e1s de 15 a\u00f1os como becaria en la revista de moda Harper\u2019s en Londres, donde perfeccion\u00f3 su habilidad preparando caf\u00e9 para las reuniones de contenidos. M\u00e1s tarde trabaj\u00f3 para la revista de moda y sociedad \u00abTatler\u00bb, de Cond\u00e9 Nast, y para el peri\u00f3dico \u00abThe Times\u00bb, donde fue pionera al escribir uno de los primeros blogs de moda que existieron en el mundo. Al volver a Madrid, form\u00f3 parte de los equipos de ELLE y VOGUE, pasando por el grupo Vocento y llegando a ser directora de la revista Cosmopolitan. Ahora llega a La Cope a retomar este blog que naci\u00f3 en ABC y nos descubri\u00f3 t\u00e9rminos como OMNIs (Objetos de Moda No Identificados) y nos habl\u00f3 de los cronuts (un h\u00edbrido gourmet entre cruas\u00e1n y donut) antes que nadie. Hoy ya no hace el caf\u00e9 para nadie y solo sue\u00f1a con que se lo prepare George Clooney con su m\u00e1quina de c\u00e1psulas.\",\"sameAs\":[\"http:\\\/\\\/www.cope.es\",\"https:\\\/\\\/www.facebook.com\\\/ana.urena\",\"https:\\\/\\\/x.com\\\/anaurena\"],\"url\":\"https:\\\/\\\/www.cope.es\\\/blogs\\\/tendencias-moda\\\/author\\\/aurena\\\/\"}]}<\/script>\n<!-- \/ Yoast SEO plugin. -->","yoast_head_json":{"title":"Sandalias con calcet\u00edn, \u00bfs\u00ed o no? - L\u00e9xico fashionista","robots":{"index":"index","follow":"follow","max-snippet":"max-snippet:-1","max-image-preview":"max-image-preview:large","max-video-preview":"max-video-preview:-1"},"canonical":"https:\/\/www.cope.es\/blogs\/tendencias-moda\/2018\/03\/01\/burberry-sandalias-calcetin-look-debate\/","og_locale":"es_ES","og_type":"article","og_title":"Sandalias con calcet\u00edn, \u00bfs\u00ed o no? - L\u00e9xico fashionista","og_description":"Dilema. Hace fr\u00edo pero quieres estrenar tus sandalias nuevas. O en el contexto influencer: Te han regalado unas sandalias y tienes que hacerte una foto para subirla a Instagram y dar las gracias con sus respectivos tags, pero est\u00e1s en plena semana de la moda de Par\u00eds y nieva. \u00bfQu\u00e9 haces?\u00a0 Te pones un calcet\u00edn [&hellip;]","og_url":"https:\/\/www.cope.es\/blogs\/tendencias-moda\/2018\/03\/01\/burberry-sandalias-calcetin-look-debate\/","og_site_name":"L\u00e9xico fashionista","article_publisher":"https:\/\/www.facebook.com\/cope\/","article_author":"https:\/\/www.facebook.com\/ana.urena","article_published_time":"2018-03-01T14:32:22+00:00","article_modified_time":"2018-03-02T10:34:25+00:00","og_image":[{"width":2400,"height":926,"url":"https:\/\/www.cope.es\/blogs\/tendencias-moda\/wp-content\/uploads\/sites\/3\/2018\/03\/4DDBD02A-133F-4EFD-BEC3-7EB833D7163B.jpeg","type":"image\/jpeg"}],"author":"Ana Ure\u00f1a","twitter_card":"summary_large_image","twitter_creator":"@anaurena","twitter_site":"@cope_es","twitter_misc":{"Escrito por":"Ana Ure\u00f1a","Tiempo de lectura":"2 minutos"},"schema":{"@context":"https:\/\/schema.org","@graph":[{"@type":"Article","@id":"https:\/\/www.cope.es\/blogs\/tendencias-moda\/2018\/03\/01\/burberry-sandalias-calcetin-look-debate\/#article","isPartOf":{"@id":"https:\/\/www.cope.es\/blogs\/tendencias-moda\/2018\/03\/01\/burberry-sandalias-calcetin-look-debate\/"},"author":{"name":"Ana Ure\u00f1a","@id":"https:\/\/www.cope.es\/blogs\/tendencias-moda\/#\/schema\/person\/d4c92e5cdffedbf565412bbc8a5df606"},"headline":"Sandalias con calcet\u00edn, \u00bfs\u00ed o no?","datePublished":"2018-03-01T14:32:22+00:00","dateModified":"2018-03-02T10:34:25+00:00","mainEntityOfPage":{"@id":"https:\/\/www.cope.es\/blogs\/tendencias-moda\/2018\/03\/01\/burberry-sandalias-calcetin-look-debate\/"},"wordCount":466,"commentCount":3,"image":{"@id":"https:\/\/www.cope.es\/blogs\/tendencias-moda\/2018\/03\/01\/burberry-sandalias-calcetin-look-debate\/#primaryimage"},"thumbnailUrl":"https:\/\/www.cope.es\/blogs\/tendencias-moda\/wp-content\/uploads\/sites\/3\/2018\/03\/4DDBD02A-133F-4EFD-BEC3-7EB833D7163B.jpeg","keywords":["burberry","calectines","esperanza aguirre","milan","paris","semana de la moda","streetstyle","tisci"],"articleSection":["curiosidades","instagram","streetstyle","tendencia"],"inLanguage":"es","potentialAction":[{"@type":"CommentAction","name":"Comment","target":["https:\/\/www.cope.es\/blogs\/tendencias-moda\/2018\/03\/01\/burberry-sandalias-calcetin-look-debate\/#respond"]}]},{"@type":"WebPage","@id":"https:\/\/www.cope.es\/blogs\/tendencias-moda\/2018\/03\/01\/burberry-sandalias-calcetin-look-debate\/","url":"https:\/\/www.cope.es\/blogs\/tendencias-moda\/2018\/03\/01\/burberry-sandalias-calcetin-look-debate\/","name":"Sandalias con calcet\u00edn, \u00bfs\u00ed o no? - L\u00e9xico fashionista","isPartOf":{"@id":"https:\/\/www.cope.es\/blogs\/tendencias-moda\/#website"},"primaryImageOfPage":{"@id":"https:\/\/www.cope.es\/blogs\/tendencias-moda\/2018\/03\/01\/burberry-sandalias-calcetin-look-debate\/#primaryimage"},"image":{"@id":"https:\/\/www.cope.es\/blogs\/tendencias-moda\/2018\/03\/01\/burberry-sandalias-calcetin-look-debate\/#primaryimage"},"thumbnailUrl":"https:\/\/www.cope.es\/blogs\/tendencias-moda\/wp-content\/uploads\/sites\/3\/2018\/03\/4DDBD02A-133F-4EFD-BEC3-7EB833D7163B.jpeg","datePublished":"2018-03-01T14:32:22+00:00","dateModified":"2018-03-02T10:34:25+00:00","author":{"@id":"https:\/\/www.cope.es\/blogs\/tendencias-moda\/#\/schema\/person\/d4c92e5cdffedbf565412bbc8a5df606"},"breadcrumb":{"@id":"https:\/\/www.cope.es\/blogs\/tendencias-moda\/2018\/03\/01\/burberry-sandalias-calcetin-look-debate\/#breadcrumb"},"inLanguage":"es","potentialAction":[{"@type":"ReadAction","target":["https:\/\/www.cope.es\/blogs\/tendencias-moda\/2018\/03\/01\/burberry-sandalias-calcetin-look-debate\/"]}]},{"@type":"ImageObject","inLanguage":"es","@id":"https:\/\/www.cope.es\/blogs\/tendencias-moda\/2018\/03\/01\/burberry-sandalias-calcetin-look-debate\/#primaryimage","url":"https:\/\/www.cope.es\/blogs\/tendencias-moda\/wp-content\/uploads\/sites\/3\/2018\/03\/4DDBD02A-133F-4EFD-BEC3-7EB833D7163B.jpeg","contentUrl":"https:\/\/www.cope.es\/blogs\/tendencias-moda\/wp-content\/uploads\/sites\/3\/2018\/03\/4DDBD02A-133F-4EFD-BEC3-7EB833D7163B.jpeg","width":2400,"height":926},{"@type":"BreadcrumbList","@id":"https:\/\/www.cope.es\/blogs\/tendencias-moda\/2018\/03\/01\/burberry-sandalias-calcetin-look-debate\/#breadcrumb","itemListElement":[{"@type":"ListItem","position":1,"name":"Portada","item":"https:\/\/www.cope.es\/blogs\/tendencias-moda\/"},{"@type":"ListItem","position":2,"name":"Sandalias con calcet\u00edn, \u00bfs\u00ed o no?"}]},{"@type":"WebSite","@id":"https:\/\/www.cope.es\/blogs\/tendencias-moda\/#website","url":"https:\/\/www.cope.es\/blogs\/tendencias-moda\/","name":"L\u00e9xico fashionista","description":"Stiletto, clutch, hobo, peep toe, petite robe noire, kawai, cabas, coolhunter, boho, trendy\u2026 la moda utiliza  palabras para las cuales a veces necesitamos un traductor simult\u00e1neo. Pero como Babel Fish no siempre funciona, sirva esta experta en la materia para descifrar el l\u00e9xico fashionista, desde las tendencias m\u00e1s audaces hasta los OMNIs (Objetos de Moda No Identificados) m\u00e1s curiosos.","potentialAction":[{"@type":"SearchAction","target":{"@type":"EntryPoint","urlTemplate":"https:\/\/www.cope.es\/blogs\/tendencias-moda\/?s={search_term_string}"},"query-input":{"@type":"PropertyValueSpecification","valueRequired":true,"valueName":"search_term_string"}}],"inLanguage":"es"},{"@type":"Person","@id":"https:\/\/www.cope.es\/blogs\/tendencias-moda\/#\/schema\/person\/d4c92e5cdffedbf565412bbc8a5df606","name":"Ana Ure\u00f1a","image":{"@type":"ImageObject","inLanguage":"es","@id":"https:\/\/secure.gravatar.com\/avatar\/09b592e7ab3e707f9f24abacd8ecd4d629b60de09d3b1ce2fec15163eb6c9749?s=96&d=mm&r=g","url":"https:\/\/secure.gravatar.com\/avatar\/09b592e7ab3e707f9f24abacd8ecd4d629b60de09d3b1ce2fec15163eb6c9749?s=96&d=mm&r=g","contentUrl":"https:\/\/secure.gravatar.com\/avatar\/09b592e7ab3e707f9f24abacd8ecd4d629b60de09d3b1ce2fec15163eb6c9749?s=96&d=mm&r=g","caption":"Ana Ure\u00f1a"},"description":"Ana Ure\u00f1a empez\u00f3 hace m\u00e1s de 15 a\u00f1os como becaria en la revista de moda Harper\u2019s en Londres, donde perfeccion\u00f3 su habilidad preparando caf\u00e9 para las reuniones de contenidos. M\u00e1s tarde trabaj\u00f3 para la revista de moda y sociedad \u00abTatler\u00bb, de Cond\u00e9 Nast, y para el peri\u00f3dico \u00abThe Times\u00bb, donde fue pionera al escribir uno de los primeros blogs de moda que existieron en el mundo. Al volver a Madrid, form\u00f3 parte de los equipos de ELLE y VOGUE, pasando por el grupo Vocento y llegando a ser directora de la revista Cosmopolitan. Ahora llega a La Cope a retomar este blog que naci\u00f3 en ABC y nos descubri\u00f3 t\u00e9rminos como OMNIs (Objetos de Moda No Identificados) y nos habl\u00f3 de los cronuts (un h\u00edbrido gourmet entre cruas\u00e1n y donut) antes que nadie. Hoy ya no hace el caf\u00e9 para nadie y solo sue\u00f1a con que se lo prepare George Clooney con su m\u00e1quina de c\u00e1psulas.","sameAs":["http:\/\/www.cope.es","https:\/\/www.facebook.com\/ana.urena","https:\/\/x.com\/anaurena"],"url":"https:\/\/www.cope.es\/blogs\/tendencias-moda\/author\/aurena\/"}]}},"amp_enabled":true,"_links":{"self":[{"href":"https:\/\/www.cope.es\/blogs\/tendencias-moda\/wp-json\/wp\/v2\/posts\/16990","targetHints":{"allow":["GET"]}}],"collection":[{"href":"https:\/\/www.cope.es\/blogs\/tendencias-moda\/wp-json\/wp\/v2\/posts"}],"about":[{"href":"https:\/\/www.cope.es\/blogs\/tendencias-moda\/wp-json\/wp\/v2\/types\/post"}],"author":[{"embeddable":true,"href":"https:\/\/www.cope.es\/blogs\/tendencias-moda\/wp-json\/wp\/v2\/users\/2"}],"replies":[{"embeddable":true,"href":"https:\/\/www.cope.es\/blogs\/tendencias-moda\/wp-json\/wp\/v2\/comments?post=16990"}],"version-history":[{"count":3,"href":"https:\/\/www.cope.es\/blogs\/tendencias-moda\/wp-json\/wp\/v2\/posts\/16990\/revisions"}],"predecessor-version":[{"id":17021,"href":"https:\/\/www.cope.es\/blogs\/tendencias-moda\/wp-json\/wp\/v2\/posts\/16990\/revisions\/17021"}],"wp:featuredmedia":[{"embeddable":true,"href":"https:\/\/www.cope.es\/blogs\/tendencias-moda\/wp-json\/wp\/v2\/media\/17006"}],"wp:attachment":[{"href":"https:\/\/www.cope.es\/blogs\/tendencias-moda\/wp-json\/wp\/v2\/media?parent=16990"}],"wp:term":[{"taxonomy":"category","embeddable":true,"href":"https:\/\/www.cope.es\/blogs\/tendencias-moda\/wp-json\/wp\/v2\/categories?post=16990"},{"taxonomy":"post_tag","embeddable":true,"href":"https:\/\/www.cope.es\/blogs\/tendencias-moda\/wp-json\/wp\/v2\/tags?post=16990"}],"curies":[{"name":"wp","href":"https:\/\/api.w.org\/{rel}","templated":true}]}}