{"id":16804,"date":"2014-10-02T10:29:23","date_gmt":"2014-10-02T08:29:23","guid":{"rendered":"http:\/\/abcblogs.abc.es\/tendencias-moda\/?p=16804"},"modified":"2014-10-02T10:29:23","modified_gmt":"2014-10-02T08:29:23","slug":"saint-laurent-miu-miu-mix-and-match","status":"publish","type":"post","link":"https:\/\/www.cope.es\/blogs\/tendencias-moda\/2014\/10\/02\/saint-laurent-miu-miu-mix-and-match\/","title":{"rendered":"Dise\u00f1adores que triunfan con el \u00abmix and no match\u00bb"},"content":{"rendered":"<p>Siempre hay alguien que nos la intenta colar. Y lo peor es que algunos lo consiguen. Especialmente si te llamas Hedi o Miuccia y te apellidas Slimane o Prada. M\u00e1s que una cr\u00edtica, es una constataci\u00f3n con un punto de envidia sana.<!--more--><\/p>\n<p>Los estilismos de dos de los desfiles que vimos en Par\u00eds esta semana se pod\u00edan definir como un \u00abmix and match\u00bb pero que no hac\u00edan \u00abmatch\u00bb\u2026 en resumen \u00abmix and no match\u00bb o \u00ab<strong>mezcla pero no combina<\/strong>\u00bb, dicho en ingl\u00e9s rudimentario (lo correcto ser\u00eda m\u00e1s bien \u00abmix and clash\u00bb).<\/p>\n<p>&nbsp;<\/p>\n<figure id=\"attachment_16805\" aria-describedby=\"caption-attachment-16805\" style=\"width: 468px\" class=\"wp-caption alignnone\"><a href=\"\/tendencias-moda\/wp-content\/uploads\/sites\/78\/2014\/10\/saint-laurent-ss15.jpg\"><img decoding=\"async\" class=\"size-medium wp-image-16805\" alt=\"saint-laurent-ss15\" src=\"\/tendencias-moda\/wp-content\/uploads\/sites\/78\/2014\/10\/saint-laurent-ss15-468x263.jpg\" \/><\/a><figcaption id=\"caption-attachment-16805\" class=\"wp-caption-text\">Uno de los estilismos del desfile de Saint Laurent de primavera-verabo 2015 que se present\u00f3 durante la semana de la moda de Par\u00eds<\/figcaption><\/figure>\n<p>&nbsp;<\/p>\n<p>Me gusta pensar que <strong>las mezclas ecl\u00e9cticas de cada look est\u00e1n ultra estudiadas<\/strong>, que la estilista de Slimane combin\u00f3 a conciencia esa camisa de estampado de leopardo con una falda de cuero texturizada, cazadora verde de piel, sombrero de fieltro rojo y sandalias de plataforma doradas. O que Miuccia estuvo varias horas debatiendo con su equipo si el estampado foral en tonos pastel cazaba con el estampado escoc\u00e9s XXL y si lo de a\u00f1adir un maxi-cintur\u00f3n rosa con detalles dorados no ser\u00eda demasiado. Me gusta pensarlo por mi salud mental. De no ser as\u00ed, ser\u00eda una gran tomadura de pelo.<\/p>\n<p>&nbsp;<\/p>\n<figure id=\"attachment_16807\" aria-describedby=\"caption-attachment-16807\" style=\"width: 468px\" class=\"wp-caption alignnone\"><a href=\"\/tendencias-moda\/wp-content\/uploads\/sites\/78\/2014\/10\/miumiu-ss15-desfile.jpg\"><img decoding=\"async\" class=\"size-medium wp-image-16807\" alt=\"miumiu-ss15-desfile\" src=\"\/tendencias-moda\/wp-content\/uploads\/sites\/78\/2014\/10\/miumiu-ss15-desfile-468x263.jpg\" \/><\/a><figcaption id=\"caption-attachment-16807\" class=\"wp-caption-text\">Tres looks del desfile de Miu Miu para primavera verano 2015 que se presentaron durante la semana de la moda de Par\u00eds<\/figcaption><\/figure>\n<p>&nbsp;<\/p>\n<p>Las buenas noticias son que podemos ponernos cualquier cosa encima con la excusa de que estamos explorando la tendencia del \u00abno combinar nada con nada\u00bb. Pensad en lo f\u00e1cil que va a resultar el vestirse a oscuras por la ma\u00f1ana, elegir un conjunto para una boda o el hacer la maleta. Esta vez s\u00ed podremos decir \u00abme puse lo primero que encontr\u00e9\u00bb sin que sea mentira. El \u00ab<strong>effortless chic<\/strong>\u00bb (estilosa sin esforzarse) cobra nuevo sentido. Pero quiz\u00e1s, en algunos casos, sin el \u00abchic\u00bb.<\/p>\n","protected":false},"excerpt":{"rendered":"<p>Siempre hay alguien que nos la intenta colar. Y lo peor es que algunos lo consiguen. Especialmente si te llamas Hedi o Miuccia y te apellidas Slimane o Prada. M\u00e1s que una cr\u00edtica, es una constataci\u00f3n con un punto de envidia sana.<\/p>\n","protected":false},"author":2,"featured_media":16806,"comment_status":"open","ping_status":"open","sticky":false,"template":"","format":"standard","meta":{"footnotes":""},"categories":[18,19,27],"tags":[],"class_list":["post-16804","post","type-post","status-publish","format-standard","has-post-thumbnail","hentry","category-desfiles","category-disenadores","category-tendencia"],"yoast_head":"<!-- This site is optimized with the Yoast SEO plugin v27.4 - https:\/\/yoast.com\/product\/yoast-seo-wordpress\/ -->\n<title>Dise\u00f1adores que triunfan con el \u00abmix and no match\u00bb - L\u00e9xico fashionista<\/title>\n<meta name=\"robots\" content=\"index, follow, max-snippet:-1, max-image-preview:large, max-video-preview:-1\" \/>\n<link rel=\"canonical\" href=\"https:\/\/www.cope.es\/blogs\/tendencias-moda\/2014\/10\/02\/saint-laurent-miu-miu-mix-and-match\/\" \/>\n<meta property=\"og:locale\" content=\"es_ES\" \/>\n<meta property=\"og:type\" content=\"article\" \/>\n<meta property=\"og:title\" content=\"Dise\u00f1adores que triunfan con el \u00abmix and no match\u00bb - L\u00e9xico fashionista\" \/>\n<meta property=\"og:description\" content=\"Siempre hay alguien que nos la intenta colar. Y lo peor es que algunos lo consiguen. Especialmente si te llamas Hedi o Miuccia y te apellidas Slimane o Prada. M\u00e1s que una cr\u00edtica, es una constataci\u00f3n con un punto de envidia sana.\" \/>\n<meta property=\"og:url\" content=\"https:\/\/www.cope.es\/blogs\/tendencias-moda\/2014\/10\/02\/saint-laurent-miu-miu-mix-and-match\/\" \/>\n<meta property=\"og:site_name\" content=\"L\u00e9xico fashionista\" \/>\n<meta property=\"article:publisher\" content=\"https:\/\/www.facebook.com\/cope\/\" \/>\n<meta property=\"article:author\" content=\"https:\/\/www.facebook.com\/ana.urena\" \/>\n<meta property=\"article:published_time\" content=\"2014-10-02T08:29:23+00:00\" \/>\n<meta property=\"og:image\" content=\"https:\/\/www.cope.es\/blogs\/tendencias-moda\/wp-content\/uploads\/sites\/3\/2014\/10\/saint-laurent-ss15-desfile.jpg\" \/>\n\t<meta property=\"og:image:width\" content=\"644\" \/>\n\t<meta property=\"og:image:height\" content=\"362\" \/>\n\t<meta property=\"og:image:type\" content=\"image\/jpeg\" \/>\n<meta name=\"author\" content=\"Ana Ure\u00f1a\" \/>\n<meta name=\"twitter:card\" content=\"summary_large_image\" \/>\n<meta name=\"twitter:creator\" content=\"@anaurena\" \/>\n<meta name=\"twitter:site\" content=\"@cope_es\" \/>\n<meta name=\"twitter:label1\" content=\"Escrito por\" \/>\n\t<meta name=\"twitter:data1\" content=\"Ana Ure\u00f1a\" \/>\n\t<meta name=\"twitter:label2\" content=\"Tiempo de lectura\" \/>\n\t<meta name=\"twitter:data2\" content=\"2 minutos\" \/>\n<script type=\"application\/ld+json\" class=\"yoast-schema-graph\">{\"@context\":\"https:\\\/\\\/schema.org\",\"@graph\":[{\"@type\":\"Article\",\"@id\":\"https:\\\/\\\/www.cope.es\\\/blogs\\\/tendencias-moda\\\/2014\\\/10\\\/02\\\/saint-laurent-miu-miu-mix-and-match\\\/#article\",\"isPartOf\":{\"@id\":\"https:\\\/\\\/www.cope.es\\\/blogs\\\/tendencias-moda\\\/2014\\\/10\\\/02\\\/saint-laurent-miu-miu-mix-and-match\\\/\"},\"author\":{\"name\":\"Ana Ure\u00f1a\",\"@id\":\"https:\\\/\\\/www.cope.es\\\/blogs\\\/tendencias-moda\\\/#\\\/schema\\\/person\\\/d4c92e5cdffedbf565412bbc8a5df606\"},\"headline\":\"Dise\u00f1adores que triunfan con el \u00abmix and no match\u00bb\",\"datePublished\":\"2014-10-02T08:29:23+00:00\",\"mainEntityOfPage\":{\"@id\":\"https:\\\/\\\/www.cope.es\\\/blogs\\\/tendencias-moda\\\/2014\\\/10\\\/02\\\/saint-laurent-miu-miu-mix-and-match\\\/\"},\"wordCount\":366,\"commentCount\":0,\"image\":{\"@id\":\"https:\\\/\\\/www.cope.es\\\/blogs\\\/tendencias-moda\\\/2014\\\/10\\\/02\\\/saint-laurent-miu-miu-mix-and-match\\\/#primaryimage\"},\"thumbnailUrl\":\"https:\\\/\\\/www.cope.es\\\/blogs\\\/tendencias-moda\\\/wp-content\\\/uploads\\\/sites\\\/3\\\/2014\\\/10\\\/saint-laurent-ss15-desfile.jpg\",\"articleSection\":[\"desfiles\",\"dise\u00f1adores\",\"tendencia\"],\"inLanguage\":\"es\",\"potentialAction\":[{\"@type\":\"CommentAction\",\"name\":\"Comment\",\"target\":[\"https:\\\/\\\/www.cope.es\\\/blogs\\\/tendencias-moda\\\/2014\\\/10\\\/02\\\/saint-laurent-miu-miu-mix-and-match\\\/#respond\"]}]},{\"@type\":\"WebPage\",\"@id\":\"https:\\\/\\\/www.cope.es\\\/blogs\\\/tendencias-moda\\\/2014\\\/10\\\/02\\\/saint-laurent-miu-miu-mix-and-match\\\/\",\"url\":\"https:\\\/\\\/www.cope.es\\\/blogs\\\/tendencias-moda\\\/2014\\\/10\\\/02\\\/saint-laurent-miu-miu-mix-and-match\\\/\",\"name\":\"Dise\u00f1adores que triunfan con el \u00abmix and no match\u00bb - L\u00e9xico fashionista\",\"isPartOf\":{\"@id\":\"https:\\\/\\\/www.cope.es\\\/blogs\\\/tendencias-moda\\\/#website\"},\"primaryImageOfPage\":{\"@id\":\"https:\\\/\\\/www.cope.es\\\/blogs\\\/tendencias-moda\\\/2014\\\/10\\\/02\\\/saint-laurent-miu-miu-mix-and-match\\\/#primaryimage\"},\"image\":{\"@id\":\"https:\\\/\\\/www.cope.es\\\/blogs\\\/tendencias-moda\\\/2014\\\/10\\\/02\\\/saint-laurent-miu-miu-mix-and-match\\\/#primaryimage\"},\"thumbnailUrl\":\"https:\\\/\\\/www.cope.es\\\/blogs\\\/tendencias-moda\\\/wp-content\\\/uploads\\\/sites\\\/3\\\/2014\\\/10\\\/saint-laurent-ss15-desfile.jpg\",\"datePublished\":\"2014-10-02T08:29:23+00:00\",\"author\":{\"@id\":\"https:\\\/\\\/www.cope.es\\\/blogs\\\/tendencias-moda\\\/#\\\/schema\\\/person\\\/d4c92e5cdffedbf565412bbc8a5df606\"},\"breadcrumb\":{\"@id\":\"https:\\\/\\\/www.cope.es\\\/blogs\\\/tendencias-moda\\\/2014\\\/10\\\/02\\\/saint-laurent-miu-miu-mix-and-match\\\/#breadcrumb\"},\"inLanguage\":\"es\",\"potentialAction\":[{\"@type\":\"ReadAction\",\"target\":[\"https:\\\/\\\/www.cope.es\\\/blogs\\\/tendencias-moda\\\/2014\\\/10\\\/02\\\/saint-laurent-miu-miu-mix-and-match\\\/\"]}]},{\"@type\":\"ImageObject\",\"inLanguage\":\"es\",\"@id\":\"https:\\\/\\\/www.cope.es\\\/blogs\\\/tendencias-moda\\\/2014\\\/10\\\/02\\\/saint-laurent-miu-miu-mix-and-match\\\/#primaryimage\",\"url\":\"https:\\\/\\\/www.cope.es\\\/blogs\\\/tendencias-moda\\\/wp-content\\\/uploads\\\/sites\\\/3\\\/2014\\\/10\\\/saint-laurent-ss15-desfile.jpg\",\"contentUrl\":\"https:\\\/\\\/www.cope.es\\\/blogs\\\/tendencias-moda\\\/wp-content\\\/uploads\\\/sites\\\/3\\\/2014\\\/10\\\/saint-laurent-ss15-desfile.jpg\",\"width\":644,\"height\":362},{\"@type\":\"BreadcrumbList\",\"@id\":\"https:\\\/\\\/www.cope.es\\\/blogs\\\/tendencias-moda\\\/2014\\\/10\\\/02\\\/saint-laurent-miu-miu-mix-and-match\\\/#breadcrumb\",\"itemListElement\":[{\"@type\":\"ListItem\",\"position\":1,\"name\":\"Portada\",\"item\":\"https:\\\/\\\/www.cope.es\\\/blogs\\\/tendencias-moda\\\/\"},{\"@type\":\"ListItem\",\"position\":2,\"name\":\"Dise\u00f1adores que triunfan con el \u00abmix and no match\u00bb\"}]},{\"@type\":\"WebSite\",\"@id\":\"https:\\\/\\\/www.cope.es\\\/blogs\\\/tendencias-moda\\\/#website\",\"url\":\"https:\\\/\\\/www.cope.es\\\/blogs\\\/tendencias-moda\\\/\",\"name\":\"L\u00e9xico fashionista\",\"description\":\"Stiletto, clutch, hobo, peep toe, petite robe noire, kawai, cabas, coolhunter, boho, trendy\u2026 la moda utiliza  palabras para las cuales a veces necesitamos un traductor simult\u00e1neo. Pero como Babel Fish no siempre funciona, sirva esta experta en la materia para descifrar el l\u00e9xico fashionista, desde las tendencias m\u00e1s audaces hasta los OMNIs (Objetos de Moda No Identificados) m\u00e1s curiosos.\",\"potentialAction\":[{\"@type\":\"SearchAction\",\"target\":{\"@type\":\"EntryPoint\",\"urlTemplate\":\"https:\\\/\\\/www.cope.es\\\/blogs\\\/tendencias-moda\\\/?s={search_term_string}\"},\"query-input\":{\"@type\":\"PropertyValueSpecification\",\"valueRequired\":true,\"valueName\":\"search_term_string\"}}],\"inLanguage\":\"es\"},{\"@type\":\"Person\",\"@id\":\"https:\\\/\\\/www.cope.es\\\/blogs\\\/tendencias-moda\\\/#\\\/schema\\\/person\\\/d4c92e5cdffedbf565412bbc8a5df606\",\"name\":\"Ana Ure\u00f1a\",\"image\":{\"@type\":\"ImageObject\",\"inLanguage\":\"es\",\"@id\":\"https:\\\/\\\/secure.gravatar.com\\\/avatar\\\/09b592e7ab3e707f9f24abacd8ecd4d629b60de09d3b1ce2fec15163eb6c9749?s=96&d=mm&r=g\",\"url\":\"https:\\\/\\\/secure.gravatar.com\\\/avatar\\\/09b592e7ab3e707f9f24abacd8ecd4d629b60de09d3b1ce2fec15163eb6c9749?s=96&d=mm&r=g\",\"contentUrl\":\"https:\\\/\\\/secure.gravatar.com\\\/avatar\\\/09b592e7ab3e707f9f24abacd8ecd4d629b60de09d3b1ce2fec15163eb6c9749?s=96&d=mm&r=g\",\"caption\":\"Ana Ure\u00f1a\"},\"description\":\"Ana Ure\u00f1a empez\u00f3 hace m\u00e1s de 15 a\u00f1os como becaria en la revista de moda Harper\u2019s en Londres, donde perfeccion\u00f3 su habilidad preparando caf\u00e9 para las reuniones de contenidos. M\u00e1s tarde trabaj\u00f3 para la revista de moda y sociedad \u00abTatler\u00bb, de Cond\u00e9 Nast, y para el peri\u00f3dico \u00abThe Times\u00bb, donde fue pionera al escribir uno de los primeros blogs de moda que existieron en el mundo. Al volver a Madrid, form\u00f3 parte de los equipos de ELLE y VOGUE, pasando por el grupo Vocento y llegando a ser directora de la revista Cosmopolitan. Ahora llega a La Cope a retomar este blog que naci\u00f3 en ABC y nos descubri\u00f3 t\u00e9rminos como OMNIs (Objetos de Moda No Identificados) y nos habl\u00f3 de los cronuts (un h\u00edbrido gourmet entre cruas\u00e1n y donut) antes que nadie. Hoy ya no hace el caf\u00e9 para nadie y solo sue\u00f1a con que se lo prepare George Clooney con su m\u00e1quina de c\u00e1psulas.\",\"sameAs\":[\"http:\\\/\\\/www.cope.es\",\"https:\\\/\\\/www.facebook.com\\\/ana.urena\",\"https:\\\/\\\/x.com\\\/anaurena\"],\"url\":\"https:\\\/\\\/www.cope.es\\\/blogs\\\/tendencias-moda\\\/author\\\/aurena\\\/\"}]}<\/script>\n<!-- \/ Yoast SEO plugin. -->","yoast_head_json":{"title":"Dise\u00f1adores que triunfan con el \u00abmix and no match\u00bb - L\u00e9xico fashionista","robots":{"index":"index","follow":"follow","max-snippet":"max-snippet:-1","max-image-preview":"max-image-preview:large","max-video-preview":"max-video-preview:-1"},"canonical":"https:\/\/www.cope.es\/blogs\/tendencias-moda\/2014\/10\/02\/saint-laurent-miu-miu-mix-and-match\/","og_locale":"es_ES","og_type":"article","og_title":"Dise\u00f1adores que triunfan con el \u00abmix and no match\u00bb - L\u00e9xico fashionista","og_description":"Siempre hay alguien que nos la intenta colar. Y lo peor es que algunos lo consiguen. Especialmente si te llamas Hedi o Miuccia y te apellidas Slimane o Prada. M\u00e1s que una cr\u00edtica, es una constataci\u00f3n con un punto de envidia sana.","og_url":"https:\/\/www.cope.es\/blogs\/tendencias-moda\/2014\/10\/02\/saint-laurent-miu-miu-mix-and-match\/","og_site_name":"L\u00e9xico fashionista","article_publisher":"https:\/\/www.facebook.com\/cope\/","article_author":"https:\/\/www.facebook.com\/ana.urena","article_published_time":"2014-10-02T08:29:23+00:00","og_image":[{"width":644,"height":362,"url":"https:\/\/www.cope.es\/blogs\/tendencias-moda\/wp-content\/uploads\/sites\/3\/2014\/10\/saint-laurent-ss15-desfile.jpg","type":"image\/jpeg"}],"author":"Ana Ure\u00f1a","twitter_card":"summary_large_image","twitter_creator":"@anaurena","twitter_site":"@cope_es","twitter_misc":{"Escrito por":"Ana Ure\u00f1a","Tiempo de lectura":"2 minutos"},"schema":{"@context":"https:\/\/schema.org","@graph":[{"@type":"Article","@id":"https:\/\/www.cope.es\/blogs\/tendencias-moda\/2014\/10\/02\/saint-laurent-miu-miu-mix-and-match\/#article","isPartOf":{"@id":"https:\/\/www.cope.es\/blogs\/tendencias-moda\/2014\/10\/02\/saint-laurent-miu-miu-mix-and-match\/"},"author":{"name":"Ana Ure\u00f1a","@id":"https:\/\/www.cope.es\/blogs\/tendencias-moda\/#\/schema\/person\/d4c92e5cdffedbf565412bbc8a5df606"},"headline":"Dise\u00f1adores que triunfan con el \u00abmix and no match\u00bb","datePublished":"2014-10-02T08:29:23+00:00","mainEntityOfPage":{"@id":"https:\/\/www.cope.es\/blogs\/tendencias-moda\/2014\/10\/02\/saint-laurent-miu-miu-mix-and-match\/"},"wordCount":366,"commentCount":0,"image":{"@id":"https:\/\/www.cope.es\/blogs\/tendencias-moda\/2014\/10\/02\/saint-laurent-miu-miu-mix-and-match\/#primaryimage"},"thumbnailUrl":"https:\/\/www.cope.es\/blogs\/tendencias-moda\/wp-content\/uploads\/sites\/3\/2014\/10\/saint-laurent-ss15-desfile.jpg","articleSection":["desfiles","dise\u00f1adores","tendencia"],"inLanguage":"es","potentialAction":[{"@type":"CommentAction","name":"Comment","target":["https:\/\/www.cope.es\/blogs\/tendencias-moda\/2014\/10\/02\/saint-laurent-miu-miu-mix-and-match\/#respond"]}]},{"@type":"WebPage","@id":"https:\/\/www.cope.es\/blogs\/tendencias-moda\/2014\/10\/02\/saint-laurent-miu-miu-mix-and-match\/","url":"https:\/\/www.cope.es\/blogs\/tendencias-moda\/2014\/10\/02\/saint-laurent-miu-miu-mix-and-match\/","name":"Dise\u00f1adores que triunfan con el \u00abmix and no match\u00bb - L\u00e9xico fashionista","isPartOf":{"@id":"https:\/\/www.cope.es\/blogs\/tendencias-moda\/#website"},"primaryImageOfPage":{"@id":"https:\/\/www.cope.es\/blogs\/tendencias-moda\/2014\/10\/02\/saint-laurent-miu-miu-mix-and-match\/#primaryimage"},"image":{"@id":"https:\/\/www.cope.es\/blogs\/tendencias-moda\/2014\/10\/02\/saint-laurent-miu-miu-mix-and-match\/#primaryimage"},"thumbnailUrl":"https:\/\/www.cope.es\/blogs\/tendencias-moda\/wp-content\/uploads\/sites\/3\/2014\/10\/saint-laurent-ss15-desfile.jpg","datePublished":"2014-10-02T08:29:23+00:00","author":{"@id":"https:\/\/www.cope.es\/blogs\/tendencias-moda\/#\/schema\/person\/d4c92e5cdffedbf565412bbc8a5df606"},"breadcrumb":{"@id":"https:\/\/www.cope.es\/blogs\/tendencias-moda\/2014\/10\/02\/saint-laurent-miu-miu-mix-and-match\/#breadcrumb"},"inLanguage":"es","potentialAction":[{"@type":"ReadAction","target":["https:\/\/www.cope.es\/blogs\/tendencias-moda\/2014\/10\/02\/saint-laurent-miu-miu-mix-and-match\/"]}]},{"@type":"ImageObject","inLanguage":"es","@id":"https:\/\/www.cope.es\/blogs\/tendencias-moda\/2014\/10\/02\/saint-laurent-miu-miu-mix-and-match\/#primaryimage","url":"https:\/\/www.cope.es\/blogs\/tendencias-moda\/wp-content\/uploads\/sites\/3\/2014\/10\/saint-laurent-ss15-desfile.jpg","contentUrl":"https:\/\/www.cope.es\/blogs\/tendencias-moda\/wp-content\/uploads\/sites\/3\/2014\/10\/saint-laurent-ss15-desfile.jpg","width":644,"height":362},{"@type":"BreadcrumbList","@id":"https:\/\/www.cope.es\/blogs\/tendencias-moda\/2014\/10\/02\/saint-laurent-miu-miu-mix-and-match\/#breadcrumb","itemListElement":[{"@type":"ListItem","position":1,"name":"Portada","item":"https:\/\/www.cope.es\/blogs\/tendencias-moda\/"},{"@type":"ListItem","position":2,"name":"Dise\u00f1adores que triunfan con el \u00abmix and no match\u00bb"}]},{"@type":"WebSite","@id":"https:\/\/www.cope.es\/blogs\/tendencias-moda\/#website","url":"https:\/\/www.cope.es\/blogs\/tendencias-moda\/","name":"L\u00e9xico fashionista","description":"Stiletto, clutch, hobo, peep toe, petite robe noire, kawai, cabas, coolhunter, boho, trendy\u2026 la moda utiliza  palabras para las cuales a veces necesitamos un traductor simult\u00e1neo. Pero como Babel Fish no siempre funciona, sirva esta experta en la materia para descifrar el l\u00e9xico fashionista, desde las tendencias m\u00e1s audaces hasta los OMNIs (Objetos de Moda No Identificados) m\u00e1s curiosos.","potentialAction":[{"@type":"SearchAction","target":{"@type":"EntryPoint","urlTemplate":"https:\/\/www.cope.es\/blogs\/tendencias-moda\/?s={search_term_string}"},"query-input":{"@type":"PropertyValueSpecification","valueRequired":true,"valueName":"search_term_string"}}],"inLanguage":"es"},{"@type":"Person","@id":"https:\/\/www.cope.es\/blogs\/tendencias-moda\/#\/schema\/person\/d4c92e5cdffedbf565412bbc8a5df606","name":"Ana Ure\u00f1a","image":{"@type":"ImageObject","inLanguage":"es","@id":"https:\/\/secure.gravatar.com\/avatar\/09b592e7ab3e707f9f24abacd8ecd4d629b60de09d3b1ce2fec15163eb6c9749?s=96&d=mm&r=g","url":"https:\/\/secure.gravatar.com\/avatar\/09b592e7ab3e707f9f24abacd8ecd4d629b60de09d3b1ce2fec15163eb6c9749?s=96&d=mm&r=g","contentUrl":"https:\/\/secure.gravatar.com\/avatar\/09b592e7ab3e707f9f24abacd8ecd4d629b60de09d3b1ce2fec15163eb6c9749?s=96&d=mm&r=g","caption":"Ana Ure\u00f1a"},"description":"Ana Ure\u00f1a empez\u00f3 hace m\u00e1s de 15 a\u00f1os como becaria en la revista de moda Harper\u2019s en Londres, donde perfeccion\u00f3 su habilidad preparando caf\u00e9 para las reuniones de contenidos. M\u00e1s tarde trabaj\u00f3 para la revista de moda y sociedad \u00abTatler\u00bb, de Cond\u00e9 Nast, y para el peri\u00f3dico \u00abThe Times\u00bb, donde fue pionera al escribir uno de los primeros blogs de moda que existieron en el mundo. Al volver a Madrid, form\u00f3 parte de los equipos de ELLE y VOGUE, pasando por el grupo Vocento y llegando a ser directora de la revista Cosmopolitan. Ahora llega a La Cope a retomar este blog que naci\u00f3 en ABC y nos descubri\u00f3 t\u00e9rminos como OMNIs (Objetos de Moda No Identificados) y nos habl\u00f3 de los cronuts (un h\u00edbrido gourmet entre cruas\u00e1n y donut) antes que nadie. Hoy ya no hace el caf\u00e9 para nadie y solo sue\u00f1a con que se lo prepare George Clooney con su m\u00e1quina de c\u00e1psulas.","sameAs":["http:\/\/www.cope.es","https:\/\/www.facebook.com\/ana.urena","https:\/\/x.com\/anaurena"],"url":"https:\/\/www.cope.es\/blogs\/tendencias-moda\/author\/aurena\/"}]}},"amp_enabled":true,"_links":{"self":[{"href":"https:\/\/www.cope.es\/blogs\/tendencias-moda\/wp-json\/wp\/v2\/posts\/16804","targetHints":{"allow":["GET"]}}],"collection":[{"href":"https:\/\/www.cope.es\/blogs\/tendencias-moda\/wp-json\/wp\/v2\/posts"}],"about":[{"href":"https:\/\/www.cope.es\/blogs\/tendencias-moda\/wp-json\/wp\/v2\/types\/post"}],"author":[{"embeddable":true,"href":"https:\/\/www.cope.es\/blogs\/tendencias-moda\/wp-json\/wp\/v2\/users\/2"}],"replies":[{"embeddable":true,"href":"https:\/\/www.cope.es\/blogs\/tendencias-moda\/wp-json\/wp\/v2\/comments?post=16804"}],"version-history":[{"count":0,"href":"https:\/\/www.cope.es\/blogs\/tendencias-moda\/wp-json\/wp\/v2\/posts\/16804\/revisions"}],"wp:featuredmedia":[{"embeddable":true,"href":"https:\/\/www.cope.es\/blogs\/tendencias-moda\/wp-json\/wp\/v2\/media\/16806"}],"wp:attachment":[{"href":"https:\/\/www.cope.es\/blogs\/tendencias-moda\/wp-json\/wp\/v2\/media?parent=16804"}],"wp:term":[{"taxonomy":"category","embeddable":true,"href":"https:\/\/www.cope.es\/blogs\/tendencias-moda\/wp-json\/wp\/v2\/categories?post=16804"},{"taxonomy":"post_tag","embeddable":true,"href":"https:\/\/www.cope.es\/blogs\/tendencias-moda\/wp-json\/wp\/v2\/tags?post=16804"}],"curies":[{"name":"wp","href":"https:\/\/api.w.org\/{rel}","templated":true}]}}