{"id":16472,"date":"2014-03-21T12:45:35","date_gmt":"2014-03-21T11:45:35","guid":{"rendered":"http:\/\/abcblogs.abc.es\/tendencias-moda\/?p=16472"},"modified":"2014-03-21T12:45:35","modified_gmt":"2014-03-21T11:45:35","slug":"madonna-axila-peluda-instagram","status":"publish","type":"post","link":"https:\/\/www.cope.es\/blogs\/tendencias-moda\/2014\/03\/21\/madonna-axila-peluda-instagram\/","title":{"rendered":"Madonna no ser\u00e1 embajadora de Gillette"},"content":{"rendered":"<p>Desde que a Madonna le ha salido competici\u00f3n para el t\u00edtulo de \u00abla m\u00e1s provocadora\u00bb, parece que lo est\u00e1 pasando mal. Con la nueva horneada de cantantes pop dispuestas a hacer lo que sea para llamar la atenci\u00f3n, como Miley Cyrus, la Material Girl ya no sabe que inventarse, o c\u00f3mo reinventarse. \u00bfSu \u00faltimo intento? <strong>Hacerse un \u00abselfie\u00bb ense\u00f1ando su axila sin depilar.<\/strong><!--more--><\/p>\n<figure id=\"attachment_16475\" aria-describedby=\"caption-attachment-16475\" style=\"width: 374px\" class=\"wp-caption alignnone\"><a href=\"\/tendencias-moda\/wp-content\/uploads\/sites\/78\/2014\/03\/madonna-instagram.jpg\"><img decoding=\"async\" class=\"size-medium wp-image-16475\" alt=\"madonna-instagram\" src=\"\/tendencias-moda\/wp-content\/uploads\/sites\/78\/2014\/03\/madonna-instagram-374x468.jpg\" \/><\/a><figcaption id=\"caption-attachment-16475\" class=\"wp-caption-text\">La foto que subi\u00f3 Madonna a su cuenta de Instagram<\/figcaption><\/figure>\n<p>&nbsp;<\/p>\n<p>Tampoco es tan chocante. Pero es que despu\u00e9s de haber simulado un acto sexual en los escenarios de medio mundo, posar desnuda y besar la estatua de un santo, \u00bfqu\u00e9 m\u00e1s puede hacer esta mujer para llamar la atenci\u00f3n? \u00bfNo depilarse? \u00bfEso es vivir peligrosamente? Adem\u00e1s,<strong> se rumorea que el vello est\u00e1 pintado con Photoshop<\/strong>.<\/p>\n<p>&nbsp;<\/p>\n<figure id=\"attachment_16476\" aria-describedby=\"caption-attachment-16476\" style=\"width: 468px\" class=\"wp-caption alignnone\"><a href=\"\/tendencias-moda\/wp-content\/uploads\/sites\/78\/2014\/03\/jared-leto-instagram.jpg\"><img decoding=\"async\" class=\"size-medium wp-image-16476\" alt=\"jared-leto-instagram\" src=\"\/tendencias-moda\/wp-content\/uploads\/sites\/78\/2014\/03\/jared-leto-instagram-468x465.jpg\" \/><\/a><figcaption id=\"caption-attachment-16476\" class=\"wp-caption-text\">La foto que subi\u00f3 Jared Leto a su cuenta de Instagram<\/figcaption><\/figure>\n<p>&nbsp;<\/p>\n<p>La cantante colg\u00f3 la foto en su Instagram con el mensaje \u00abLong hair&#8230;&#8230; Don&#8217;t Care!!!!!!\u00bb (Pelo largo, me da igual). Quiz\u00e1s era un <strong>gui\u00f1o la frase \u00ab Short hair don\u2019t care\u00bb<\/strong> (pelo corto me da igual) que subi\u00f3 el actor y cantante Jared Leto, acompa\u00f1ada de una foto suya sin su famosa melena con mechas californianas. El Instagram de Leto provoc\u00f3 una avalancha de comentarios de adolescentes hist\u00e9ricas por su cambio de look (finalmente se tranquilizaron cuando sali\u00f3 la noticia de que la foto era antigua y las fans pudieron retomar sus actividades cotidianas).<\/p>\n<p>&nbsp;<\/p>\n<figure id=\"attachment_16474\" aria-describedby=\"caption-attachment-16474\" style=\"width: 468px\" class=\"wp-caption alignnone\"><a href=\"\/tendencias-moda\/wp-content\/uploads\/sites\/78\/2014\/03\/hugh-grant-liz-roberts.jpeg\"><img decoding=\"async\" class=\"size-medium wp-image-16474\" alt=\"hugh-grant-liz-roberts\" src=\"\/tendencias-moda\/wp-content\/uploads\/sites\/78\/2014\/03\/hugh-grant-liz-roberts-468x263.jpeg\" \/><\/a><figcaption id=\"caption-attachment-16474\" class=\"wp-caption-text\">Momento del estreno de la pel\u00edcula \u00abNotting Hill\u00bb en Londres donde la gran protagonista de la alfombra roja fue la axila peluda de Julia Roberts<\/figcaption><\/figure>\n<p>&nbsp;<\/p>\n<p>Sea lo que sea, es dif\u00edcil superar <strong>el momento \u00abaxila peluda\u00bb de Julia Roberts<\/strong> durante el estreno de la pel\u00edcula \u00abNotting Hill\u00bb en Londres hace a\u00f1os. En su d\u00eda la axila fue la protagonista absoluta de la velada, m\u00e1s que Hugh Grant y m\u00e1s que su por aquel entonces novia, Liz Hurley (y su escote de pecho y de pierna).<\/p>\n","protected":false},"excerpt":{"rendered":"<p>Desde que a Madonna le ha salido competici\u00f3n para el t\u00edtulo de \u00abla m\u00e1s provocadora\u00bb, parece que lo est\u00e1 pasando mal. Con la nueva horneada de cantantes pop dispuestas a hacer lo que sea para llamar la atenci\u00f3n, como Miley Cyrus, la Material Girl ya no sabe que inventarse, o c\u00f3mo reinventarse. \u00bfSu \u00faltimo intento? [&hellip;]<\/p>\n","protected":false},"author":2,"featured_media":16475,"comment_status":"open","ping_status":"open","sticky":false,"template":"","format":"standard","meta":{"footnotes":""},"categories":[16,17],"tags":[],"class_list":["post-16472","post","type-post","status-publish","format-standard","has-post-thumbnail","hentry","category-celebrities","category-curiosidades"],"yoast_head":"<!-- This site is optimized with the Yoast SEO plugin v27.4 - https:\/\/yoast.com\/product\/yoast-seo-wordpress\/ -->\n<title>Madonna no ser\u00e1 embajadora de Gillette - L\u00e9xico fashionista<\/title>\n<meta name=\"robots\" content=\"index, follow, max-snippet:-1, max-image-preview:large, max-video-preview:-1\" \/>\n<link rel=\"canonical\" href=\"https:\/\/www.cope.es\/blogs\/tendencias-moda\/2014\/03\/21\/madonna-axila-peluda-instagram\/\" \/>\n<meta property=\"og:locale\" content=\"es_ES\" \/>\n<meta property=\"og:type\" content=\"article\" \/>\n<meta property=\"og:title\" content=\"Madonna no ser\u00e1 embajadora de Gillette - L\u00e9xico fashionista\" \/>\n<meta property=\"og:description\" content=\"Desde que a Madonna le ha salido competici\u00f3n para el t\u00edtulo de \u00abla m\u00e1s provocadora\u00bb, parece que lo est\u00e1 pasando mal. Con la nueva horneada de cantantes pop dispuestas a hacer lo que sea para llamar la atenci\u00f3n, como Miley Cyrus, la Material Girl ya no sabe que inventarse, o c\u00f3mo reinventarse. \u00bfSu \u00faltimo intento? [&hellip;]\" \/>\n<meta property=\"og:url\" content=\"https:\/\/www.cope.es\/blogs\/tendencias-moda\/2014\/03\/21\/madonna-axila-peluda-instagram\/\" \/>\n<meta property=\"og:site_name\" content=\"L\u00e9xico fashionista\" \/>\n<meta property=\"article:publisher\" content=\"https:\/\/www.facebook.com\/cope\/\" \/>\n<meta property=\"article:author\" content=\"https:\/\/www.facebook.com\/ana.urena\" \/>\n<meta property=\"article:published_time\" content=\"2014-03-21T11:45:35+00:00\" \/>\n<meta property=\"og:image\" content=\"https:\/\/www.cope.es\/blogs\/tendencias-moda\/wp-content\/uploads\/sites\/3\/2014\/03\/madonna-instagram.jpg\" \/>\n\t<meta property=\"og:image:width\" content=\"634\" \/>\n\t<meta property=\"og:image:height\" content=\"793\" \/>\n\t<meta property=\"og:image:type\" content=\"image\/jpeg\" \/>\n<meta name=\"author\" content=\"Ana Ure\u00f1a\" \/>\n<meta name=\"twitter:card\" content=\"summary_large_image\" \/>\n<meta name=\"twitter:creator\" content=\"@anaurena\" \/>\n<meta name=\"twitter:site\" content=\"@cope_es\" \/>\n<meta name=\"twitter:label1\" content=\"Escrito por\" \/>\n\t<meta name=\"twitter:data1\" content=\"Ana Ure\u00f1a\" \/>\n\t<meta name=\"twitter:label2\" content=\"Tiempo de lectura\" \/>\n\t<meta name=\"twitter:data2\" content=\"2 minutos\" \/>\n<script type=\"application\/ld+json\" class=\"yoast-schema-graph\">{\"@context\":\"https:\\\/\\\/schema.org\",\"@graph\":[{\"@type\":\"Article\",\"@id\":\"https:\\\/\\\/www.cope.es\\\/blogs\\\/tendencias-moda\\\/2014\\\/03\\\/21\\\/madonna-axila-peluda-instagram\\\/#article\",\"isPartOf\":{\"@id\":\"https:\\\/\\\/www.cope.es\\\/blogs\\\/tendencias-moda\\\/2014\\\/03\\\/21\\\/madonna-axila-peluda-instagram\\\/\"},\"author\":{\"name\":\"Ana Ure\u00f1a\",\"@id\":\"https:\\\/\\\/www.cope.es\\\/blogs\\\/tendencias-moda\\\/#\\\/schema\\\/person\\\/d4c92e5cdffedbf565412bbc8a5df606\"},\"headline\":\"Madonna no ser\u00e1 embajadora de Gillette\",\"datePublished\":\"2014-03-21T11:45:35+00:00\",\"mainEntityOfPage\":{\"@id\":\"https:\\\/\\\/www.cope.es\\\/blogs\\\/tendencias-moda\\\/2014\\\/03\\\/21\\\/madonna-axila-peluda-instagram\\\/\"},\"wordCount\":371,\"commentCount\":0,\"image\":{\"@id\":\"https:\\\/\\\/www.cope.es\\\/blogs\\\/tendencias-moda\\\/2014\\\/03\\\/21\\\/madonna-axila-peluda-instagram\\\/#primaryimage\"},\"thumbnailUrl\":\"https:\\\/\\\/www.cope.es\\\/blogs\\\/tendencias-moda\\\/wp-content\\\/uploads\\\/sites\\\/3\\\/2014\\\/03\\\/madonna-instagram.jpg\",\"articleSection\":[\"celebrities\",\"curiosidades\"],\"inLanguage\":\"es\",\"potentialAction\":[{\"@type\":\"CommentAction\",\"name\":\"Comment\",\"target\":[\"https:\\\/\\\/www.cope.es\\\/blogs\\\/tendencias-moda\\\/2014\\\/03\\\/21\\\/madonna-axila-peluda-instagram\\\/#respond\"]}]},{\"@type\":\"WebPage\",\"@id\":\"https:\\\/\\\/www.cope.es\\\/blogs\\\/tendencias-moda\\\/2014\\\/03\\\/21\\\/madonna-axila-peluda-instagram\\\/\",\"url\":\"https:\\\/\\\/www.cope.es\\\/blogs\\\/tendencias-moda\\\/2014\\\/03\\\/21\\\/madonna-axila-peluda-instagram\\\/\",\"name\":\"Madonna no ser\u00e1 embajadora de Gillette - L\u00e9xico fashionista\",\"isPartOf\":{\"@id\":\"https:\\\/\\\/www.cope.es\\\/blogs\\\/tendencias-moda\\\/#website\"},\"primaryImageOfPage\":{\"@id\":\"https:\\\/\\\/www.cope.es\\\/blogs\\\/tendencias-moda\\\/2014\\\/03\\\/21\\\/madonna-axila-peluda-instagram\\\/#primaryimage\"},\"image\":{\"@id\":\"https:\\\/\\\/www.cope.es\\\/blogs\\\/tendencias-moda\\\/2014\\\/03\\\/21\\\/madonna-axila-peluda-instagram\\\/#primaryimage\"},\"thumbnailUrl\":\"https:\\\/\\\/www.cope.es\\\/blogs\\\/tendencias-moda\\\/wp-content\\\/uploads\\\/sites\\\/3\\\/2014\\\/03\\\/madonna-instagram.jpg\",\"datePublished\":\"2014-03-21T11:45:35+00:00\",\"author\":{\"@id\":\"https:\\\/\\\/www.cope.es\\\/blogs\\\/tendencias-moda\\\/#\\\/schema\\\/person\\\/d4c92e5cdffedbf565412bbc8a5df606\"},\"breadcrumb\":{\"@id\":\"https:\\\/\\\/www.cope.es\\\/blogs\\\/tendencias-moda\\\/2014\\\/03\\\/21\\\/madonna-axila-peluda-instagram\\\/#breadcrumb\"},\"inLanguage\":\"es\",\"potentialAction\":[{\"@type\":\"ReadAction\",\"target\":[\"https:\\\/\\\/www.cope.es\\\/blogs\\\/tendencias-moda\\\/2014\\\/03\\\/21\\\/madonna-axila-peluda-instagram\\\/\"]}]},{\"@type\":\"ImageObject\",\"inLanguage\":\"es\",\"@id\":\"https:\\\/\\\/www.cope.es\\\/blogs\\\/tendencias-moda\\\/2014\\\/03\\\/21\\\/madonna-axila-peluda-instagram\\\/#primaryimage\",\"url\":\"https:\\\/\\\/www.cope.es\\\/blogs\\\/tendencias-moda\\\/wp-content\\\/uploads\\\/sites\\\/3\\\/2014\\\/03\\\/madonna-instagram.jpg\",\"contentUrl\":\"https:\\\/\\\/www.cope.es\\\/blogs\\\/tendencias-moda\\\/wp-content\\\/uploads\\\/sites\\\/3\\\/2014\\\/03\\\/madonna-instagram.jpg\",\"width\":634,\"height\":793},{\"@type\":\"BreadcrumbList\",\"@id\":\"https:\\\/\\\/www.cope.es\\\/blogs\\\/tendencias-moda\\\/2014\\\/03\\\/21\\\/madonna-axila-peluda-instagram\\\/#breadcrumb\",\"itemListElement\":[{\"@type\":\"ListItem\",\"position\":1,\"name\":\"Portada\",\"item\":\"https:\\\/\\\/www.cope.es\\\/blogs\\\/tendencias-moda\\\/\"},{\"@type\":\"ListItem\",\"position\":2,\"name\":\"Madonna no ser\u00e1 embajadora de Gillette\"}]},{\"@type\":\"WebSite\",\"@id\":\"https:\\\/\\\/www.cope.es\\\/blogs\\\/tendencias-moda\\\/#website\",\"url\":\"https:\\\/\\\/www.cope.es\\\/blogs\\\/tendencias-moda\\\/\",\"name\":\"L\u00e9xico fashionista\",\"description\":\"Stiletto, clutch, hobo, peep toe, petite robe noire, kawai, cabas, coolhunter, boho, trendy\u2026 la moda utiliza  palabras para las cuales a veces necesitamos un traductor simult\u00e1neo. Pero como Babel Fish no siempre funciona, sirva esta experta en la materia para descifrar el l\u00e9xico fashionista, desde las tendencias m\u00e1s audaces hasta los OMNIs (Objetos de Moda No Identificados) m\u00e1s curiosos.\",\"potentialAction\":[{\"@type\":\"SearchAction\",\"target\":{\"@type\":\"EntryPoint\",\"urlTemplate\":\"https:\\\/\\\/www.cope.es\\\/blogs\\\/tendencias-moda\\\/?s={search_term_string}\"},\"query-input\":{\"@type\":\"PropertyValueSpecification\",\"valueRequired\":true,\"valueName\":\"search_term_string\"}}],\"inLanguage\":\"es\"},{\"@type\":\"Person\",\"@id\":\"https:\\\/\\\/www.cope.es\\\/blogs\\\/tendencias-moda\\\/#\\\/schema\\\/person\\\/d4c92e5cdffedbf565412bbc8a5df606\",\"name\":\"Ana Ure\u00f1a\",\"image\":{\"@type\":\"ImageObject\",\"inLanguage\":\"es\",\"@id\":\"https:\\\/\\\/secure.gravatar.com\\\/avatar\\\/09b592e7ab3e707f9f24abacd8ecd4d629b60de09d3b1ce2fec15163eb6c9749?s=96&d=mm&r=g\",\"url\":\"https:\\\/\\\/secure.gravatar.com\\\/avatar\\\/09b592e7ab3e707f9f24abacd8ecd4d629b60de09d3b1ce2fec15163eb6c9749?s=96&d=mm&r=g\",\"contentUrl\":\"https:\\\/\\\/secure.gravatar.com\\\/avatar\\\/09b592e7ab3e707f9f24abacd8ecd4d629b60de09d3b1ce2fec15163eb6c9749?s=96&d=mm&r=g\",\"caption\":\"Ana Ure\u00f1a\"},\"description\":\"Ana Ure\u00f1a empez\u00f3 hace m\u00e1s de 15 a\u00f1os como becaria en la revista de moda Harper\u2019s en Londres, donde perfeccion\u00f3 su habilidad preparando caf\u00e9 para las reuniones de contenidos. M\u00e1s tarde trabaj\u00f3 para la revista de moda y sociedad \u00abTatler\u00bb, de Cond\u00e9 Nast, y para el peri\u00f3dico \u00abThe Times\u00bb, donde fue pionera al escribir uno de los primeros blogs de moda que existieron en el mundo. Al volver a Madrid, form\u00f3 parte de los equipos de ELLE y VOGUE, pasando por el grupo Vocento y llegando a ser directora de la revista Cosmopolitan. Ahora llega a La Cope a retomar este blog que naci\u00f3 en ABC y nos descubri\u00f3 t\u00e9rminos como OMNIs (Objetos de Moda No Identificados) y nos habl\u00f3 de los cronuts (un h\u00edbrido gourmet entre cruas\u00e1n y donut) antes que nadie. Hoy ya no hace el caf\u00e9 para nadie y solo sue\u00f1a con que se lo prepare George Clooney con su m\u00e1quina de c\u00e1psulas.\",\"sameAs\":[\"http:\\\/\\\/www.cope.es\",\"https:\\\/\\\/www.facebook.com\\\/ana.urena\",\"https:\\\/\\\/x.com\\\/anaurena\"],\"url\":\"https:\\\/\\\/www.cope.es\\\/blogs\\\/tendencias-moda\\\/author\\\/aurena\\\/\"}]}<\/script>\n<!-- \/ Yoast SEO plugin. -->","yoast_head_json":{"title":"Madonna no ser\u00e1 embajadora de Gillette - L\u00e9xico fashionista","robots":{"index":"index","follow":"follow","max-snippet":"max-snippet:-1","max-image-preview":"max-image-preview:large","max-video-preview":"max-video-preview:-1"},"canonical":"https:\/\/www.cope.es\/blogs\/tendencias-moda\/2014\/03\/21\/madonna-axila-peluda-instagram\/","og_locale":"es_ES","og_type":"article","og_title":"Madonna no ser\u00e1 embajadora de Gillette - L\u00e9xico fashionista","og_description":"Desde que a Madonna le ha salido competici\u00f3n para el t\u00edtulo de \u00abla m\u00e1s provocadora\u00bb, parece que lo est\u00e1 pasando mal. Con la nueva horneada de cantantes pop dispuestas a hacer lo que sea para llamar la atenci\u00f3n, como Miley Cyrus, la Material Girl ya no sabe que inventarse, o c\u00f3mo reinventarse. \u00bfSu \u00faltimo intento? [&hellip;]","og_url":"https:\/\/www.cope.es\/blogs\/tendencias-moda\/2014\/03\/21\/madonna-axila-peluda-instagram\/","og_site_name":"L\u00e9xico fashionista","article_publisher":"https:\/\/www.facebook.com\/cope\/","article_author":"https:\/\/www.facebook.com\/ana.urena","article_published_time":"2014-03-21T11:45:35+00:00","og_image":[{"width":634,"height":793,"url":"https:\/\/www.cope.es\/blogs\/tendencias-moda\/wp-content\/uploads\/sites\/3\/2014\/03\/madonna-instagram.jpg","type":"image\/jpeg"}],"author":"Ana Ure\u00f1a","twitter_card":"summary_large_image","twitter_creator":"@anaurena","twitter_site":"@cope_es","twitter_misc":{"Escrito por":"Ana Ure\u00f1a","Tiempo de lectura":"2 minutos"},"schema":{"@context":"https:\/\/schema.org","@graph":[{"@type":"Article","@id":"https:\/\/www.cope.es\/blogs\/tendencias-moda\/2014\/03\/21\/madonna-axila-peluda-instagram\/#article","isPartOf":{"@id":"https:\/\/www.cope.es\/blogs\/tendencias-moda\/2014\/03\/21\/madonna-axila-peluda-instagram\/"},"author":{"name":"Ana Ure\u00f1a","@id":"https:\/\/www.cope.es\/blogs\/tendencias-moda\/#\/schema\/person\/d4c92e5cdffedbf565412bbc8a5df606"},"headline":"Madonna no ser\u00e1 embajadora de Gillette","datePublished":"2014-03-21T11:45:35+00:00","mainEntityOfPage":{"@id":"https:\/\/www.cope.es\/blogs\/tendencias-moda\/2014\/03\/21\/madonna-axila-peluda-instagram\/"},"wordCount":371,"commentCount":0,"image":{"@id":"https:\/\/www.cope.es\/blogs\/tendencias-moda\/2014\/03\/21\/madonna-axila-peluda-instagram\/#primaryimage"},"thumbnailUrl":"https:\/\/www.cope.es\/blogs\/tendencias-moda\/wp-content\/uploads\/sites\/3\/2014\/03\/madonna-instagram.jpg","articleSection":["celebrities","curiosidades"],"inLanguage":"es","potentialAction":[{"@type":"CommentAction","name":"Comment","target":["https:\/\/www.cope.es\/blogs\/tendencias-moda\/2014\/03\/21\/madonna-axila-peluda-instagram\/#respond"]}]},{"@type":"WebPage","@id":"https:\/\/www.cope.es\/blogs\/tendencias-moda\/2014\/03\/21\/madonna-axila-peluda-instagram\/","url":"https:\/\/www.cope.es\/blogs\/tendencias-moda\/2014\/03\/21\/madonna-axila-peluda-instagram\/","name":"Madonna no ser\u00e1 embajadora de Gillette - L\u00e9xico fashionista","isPartOf":{"@id":"https:\/\/www.cope.es\/blogs\/tendencias-moda\/#website"},"primaryImageOfPage":{"@id":"https:\/\/www.cope.es\/blogs\/tendencias-moda\/2014\/03\/21\/madonna-axila-peluda-instagram\/#primaryimage"},"image":{"@id":"https:\/\/www.cope.es\/blogs\/tendencias-moda\/2014\/03\/21\/madonna-axila-peluda-instagram\/#primaryimage"},"thumbnailUrl":"https:\/\/www.cope.es\/blogs\/tendencias-moda\/wp-content\/uploads\/sites\/3\/2014\/03\/madonna-instagram.jpg","datePublished":"2014-03-21T11:45:35+00:00","author":{"@id":"https:\/\/www.cope.es\/blogs\/tendencias-moda\/#\/schema\/person\/d4c92e5cdffedbf565412bbc8a5df606"},"breadcrumb":{"@id":"https:\/\/www.cope.es\/blogs\/tendencias-moda\/2014\/03\/21\/madonna-axila-peluda-instagram\/#breadcrumb"},"inLanguage":"es","potentialAction":[{"@type":"ReadAction","target":["https:\/\/www.cope.es\/blogs\/tendencias-moda\/2014\/03\/21\/madonna-axila-peluda-instagram\/"]}]},{"@type":"ImageObject","inLanguage":"es","@id":"https:\/\/www.cope.es\/blogs\/tendencias-moda\/2014\/03\/21\/madonna-axila-peluda-instagram\/#primaryimage","url":"https:\/\/www.cope.es\/blogs\/tendencias-moda\/wp-content\/uploads\/sites\/3\/2014\/03\/madonna-instagram.jpg","contentUrl":"https:\/\/www.cope.es\/blogs\/tendencias-moda\/wp-content\/uploads\/sites\/3\/2014\/03\/madonna-instagram.jpg","width":634,"height":793},{"@type":"BreadcrumbList","@id":"https:\/\/www.cope.es\/blogs\/tendencias-moda\/2014\/03\/21\/madonna-axila-peluda-instagram\/#breadcrumb","itemListElement":[{"@type":"ListItem","position":1,"name":"Portada","item":"https:\/\/www.cope.es\/blogs\/tendencias-moda\/"},{"@type":"ListItem","position":2,"name":"Madonna no ser\u00e1 embajadora de Gillette"}]},{"@type":"WebSite","@id":"https:\/\/www.cope.es\/blogs\/tendencias-moda\/#website","url":"https:\/\/www.cope.es\/blogs\/tendencias-moda\/","name":"L\u00e9xico fashionista","description":"Stiletto, clutch, hobo, peep toe, petite robe noire, kawai, cabas, coolhunter, boho, trendy\u2026 la moda utiliza  palabras para las cuales a veces necesitamos un traductor simult\u00e1neo. Pero como Babel Fish no siempre funciona, sirva esta experta en la materia para descifrar el l\u00e9xico fashionista, desde las tendencias m\u00e1s audaces hasta los OMNIs (Objetos de Moda No Identificados) m\u00e1s curiosos.","potentialAction":[{"@type":"SearchAction","target":{"@type":"EntryPoint","urlTemplate":"https:\/\/www.cope.es\/blogs\/tendencias-moda\/?s={search_term_string}"},"query-input":{"@type":"PropertyValueSpecification","valueRequired":true,"valueName":"search_term_string"}}],"inLanguage":"es"},{"@type":"Person","@id":"https:\/\/www.cope.es\/blogs\/tendencias-moda\/#\/schema\/person\/d4c92e5cdffedbf565412bbc8a5df606","name":"Ana Ure\u00f1a","image":{"@type":"ImageObject","inLanguage":"es","@id":"https:\/\/secure.gravatar.com\/avatar\/09b592e7ab3e707f9f24abacd8ecd4d629b60de09d3b1ce2fec15163eb6c9749?s=96&d=mm&r=g","url":"https:\/\/secure.gravatar.com\/avatar\/09b592e7ab3e707f9f24abacd8ecd4d629b60de09d3b1ce2fec15163eb6c9749?s=96&d=mm&r=g","contentUrl":"https:\/\/secure.gravatar.com\/avatar\/09b592e7ab3e707f9f24abacd8ecd4d629b60de09d3b1ce2fec15163eb6c9749?s=96&d=mm&r=g","caption":"Ana Ure\u00f1a"},"description":"Ana Ure\u00f1a empez\u00f3 hace m\u00e1s de 15 a\u00f1os como becaria en la revista de moda Harper\u2019s en Londres, donde perfeccion\u00f3 su habilidad preparando caf\u00e9 para las reuniones de contenidos. M\u00e1s tarde trabaj\u00f3 para la revista de moda y sociedad \u00abTatler\u00bb, de Cond\u00e9 Nast, y para el peri\u00f3dico \u00abThe Times\u00bb, donde fue pionera al escribir uno de los primeros blogs de moda que existieron en el mundo. Al volver a Madrid, form\u00f3 parte de los equipos de ELLE y VOGUE, pasando por el grupo Vocento y llegando a ser directora de la revista Cosmopolitan. Ahora llega a La Cope a retomar este blog que naci\u00f3 en ABC y nos descubri\u00f3 t\u00e9rminos como OMNIs (Objetos de Moda No Identificados) y nos habl\u00f3 de los cronuts (un h\u00edbrido gourmet entre cruas\u00e1n y donut) antes que nadie. Hoy ya no hace el caf\u00e9 para nadie y solo sue\u00f1a con que se lo prepare George Clooney con su m\u00e1quina de c\u00e1psulas.","sameAs":["http:\/\/www.cope.es","https:\/\/www.facebook.com\/ana.urena","https:\/\/x.com\/anaurena"],"url":"https:\/\/www.cope.es\/blogs\/tendencias-moda\/author\/aurena\/"}]}},"amp_enabled":true,"_links":{"self":[{"href":"https:\/\/www.cope.es\/blogs\/tendencias-moda\/wp-json\/wp\/v2\/posts\/16472","targetHints":{"allow":["GET"]}}],"collection":[{"href":"https:\/\/www.cope.es\/blogs\/tendencias-moda\/wp-json\/wp\/v2\/posts"}],"about":[{"href":"https:\/\/www.cope.es\/blogs\/tendencias-moda\/wp-json\/wp\/v2\/types\/post"}],"author":[{"embeddable":true,"href":"https:\/\/www.cope.es\/blogs\/tendencias-moda\/wp-json\/wp\/v2\/users\/2"}],"replies":[{"embeddable":true,"href":"https:\/\/www.cope.es\/blogs\/tendencias-moda\/wp-json\/wp\/v2\/comments?post=16472"}],"version-history":[{"count":0,"href":"https:\/\/www.cope.es\/blogs\/tendencias-moda\/wp-json\/wp\/v2\/posts\/16472\/revisions"}],"wp:featuredmedia":[{"embeddable":true,"href":"https:\/\/www.cope.es\/blogs\/tendencias-moda\/wp-json\/wp\/v2\/media\/16475"}],"wp:attachment":[{"href":"https:\/\/www.cope.es\/blogs\/tendencias-moda\/wp-json\/wp\/v2\/media?parent=16472"}],"wp:term":[{"taxonomy":"category","embeddable":true,"href":"https:\/\/www.cope.es\/blogs\/tendencias-moda\/wp-json\/wp\/v2\/categories?post=16472"},{"taxonomy":"post_tag","embeddable":true,"href":"https:\/\/www.cope.es\/blogs\/tendencias-moda\/wp-json\/wp\/v2\/tags?post=16472"}],"curies":[{"name":"wp","href":"https:\/\/api.w.org\/{rel}","templated":true}]}}