{"id":16466,"date":"2014-03-20T09:32:16","date_gmt":"2014-03-20T08:32:16","guid":{"rendered":"http:\/\/abcblogs.abc.es\/tendencias-moda\/?p=16466"},"modified":"2014-03-20T09:32:16","modified_gmt":"2014-03-20T08:32:16","slug":"mom-jeans-estilismo-primavera-anti-morbo","status":"publish","type":"post","link":"https:\/\/www.cope.es\/blogs\/tendencias-moda\/2014\/03\/20\/mom-jeans-estilismo-primavera-anti-morbo\/","title":{"rendered":"Si no quieres ligar, usa \u00abmom jeans\u00bb"},"content":{"rendered":"<p>Yo no pienso usar los denominados vaqueros \u00abmom jeans\u00bb. No s\u00e9 vosotros. Primero explicar que estos vaqueros se llaman as\u00ed porque se han dise\u00f1ado pensando en los \u00abjeans\u00bb que <strong>usaban las madres de los suburbios norteamericanos en los a\u00f1os 90<\/strong>\u2026 o lo que es lo mismo\u2026 se\u00f1oras cuyo solo inter\u00e9s era organizar \u00abcar pools\u00bb (llevar y traer a los hijos del vecindario al colegio) y hornear brownies. <!--more--><\/p>\n<figure id=\"attachment_16468\" aria-describedby=\"caption-attachment-16468\" style=\"width: 468px\" class=\"wp-caption alignnone\"><a href=\"\/tendencias-moda\/wp-content\/uploads\/sites\/78\/2014\/03\/serialmom.jpg\"><img decoding=\"async\" class=\"size-medium wp-image-16468\" alt=\"serialmom\" src=\"\/tendencias-moda\/wp-content\/uploads\/sites\/78\/2014\/03\/serialmom-468x351.jpg\" \/><\/a><figcaption id=\"caption-attachment-16468\" class=\"wp-caption-text\">Fotograma de la pel\u00edcula \u00abSerial Mom\u00bb (Mam\u00e1 es una asesina) que protagoniza la actriz norteamericana Kathleen Turner<\/figcaption><\/figure>\n<p>&nbsp;<\/p>\n<p>Vamos, que la \u00fanica \u00abmoda\u00bb que conoc\u00edan era la que ve\u00edan en los cat\u00e1logos de <a href=\"http:\/\/www.jcpenney.com\" target=\"_blank\">J.C. Penneys<\/a> o en las fugaces visitas al \u00abmall\u00bb cuando dejaban ah\u00ed sus hijas adolescentes.<\/p>\n<p>&nbsp;<\/p>\n<figure id=\"attachment_16470\" aria-describedby=\"caption-attachment-16470\" style=\"width: 468px\" class=\"wp-caption alignnone\"><a href=\"\/tendencias-moda\/wp-content\/uploads\/sites\/78\/2014\/03\/top-shop-mom-jeans.jpeg\"><img decoding=\"async\" class=\"size-medium wp-image-16470\" alt=\"top-shop-mom-jeans\" src=\"\/tendencias-moda\/wp-content\/uploads\/sites\/78\/2014\/03\/top-shop-mom-jeans-468x351.jpeg\" \/><\/a><figcaption id=\"caption-attachment-16470\" class=\"wp-caption-text\">Los nuevos vaqueros \u00abmom jeans\u00bb de Top Shop que reinterpretan el estilo de estos vaqueros de los a\u00f1os 90. A\u00fan con su estudiado redise\u00f1o no llegan a convencer a todo el mundo<\/figcaption><\/figure>\n<p>&nbsp;<\/p>\n<p>Para m\u00ed, estas se\u00f1oras, abnegadas amas de casa, por supuesto, no son un estilo de moda a seguir. Pero solo hace falta ver el pantal\u00f3n en cuesti\u00f3n. 1) Para empezar es de <strong>cintura alta,<\/strong> lo cual solo favorece a chicas delgadas, o al menos con el est\u00f3mago plano. De no ser as\u00ed, acent\u00faa la tripita. 2) Son anchos, pero no un ancho que favorece. No es el ancho \u00abboyfriend\u00bb que suele estar bien estudiado para parecer eso: ancho. El del \u00abmom jean\u00bb \u00a0es un <strong>ancho confuso<\/strong>, que simplemente parece que no es tu talla y no encaja bien. 3) Se lleva con un dobladillo que solo consigue acortar las piernas y hacerte una <strong>figura botijo<\/strong>. 4) Lo m\u00e1s grave\u2026 logra ese efecto \u00abtan sexy\u00bb de \u00ab<strong>culo carpeta<\/strong>\u00bb.<\/p>\n<p>&nbsp;<\/p>\n<figure id=\"attachment_16469\" aria-describedby=\"caption-attachment-16469\" style=\"width: 468px\" class=\"wp-caption alignnone\"><a href=\"\/tendencias-moda\/wp-content\/uploads\/sites\/78\/2014\/03\/momjeans.jpg\"><img decoding=\"async\" class=\"size-medium wp-image-16469\" alt=\"momjeans\" src=\"\/tendencias-moda\/wp-content\/uploads\/sites\/78\/2014\/03\/momjeans-468x425.jpg\" \/><\/a><figcaption id=\"caption-attachment-16469\" class=\"wp-caption-text\">Los aut\u00e9nticos \u00abmom jeans\u00bb de la firma Bongo de los 90 con sus bolsillos altos aplana traseros<\/figcaption><\/figure>\n<p>&nbsp;<\/p>\n<p>Lo dicho. Si le quieres quitar el morbo a los vaqueros, invierte en unos \u00abmom jeans\u00bb. Y por si no os ha quedado claro\u2026pinchad <a href=\"http:\/\/screen.yahoo.com\/mom-jeans-support-000000467.html\" target=\"_blank\">aqu\u00ed<\/a>.<\/p>\n","protected":false},"excerpt":{"rendered":"<p>Yo no pienso usar los denominados vaqueros \u00abmom jeans\u00bb. No s\u00e9 vosotros. Primero explicar que estos vaqueros se llaman as\u00ed porque se han dise\u00f1ado pensando en los \u00abjeans\u00bb que usaban las madres de los suburbios norteamericanos en los a\u00f1os 90\u2026 o lo que es lo mismo\u2026 se\u00f1oras cuyo solo inter\u00e9s era organizar \u00abcar pools\u00bb (llevar [&hellip;]<\/p>\n","protected":false},"author":2,"featured_media":16467,"comment_status":"open","ping_status":"open","sticky":false,"template":"","format":"standard","meta":{"footnotes":""},"categories":[25,26,27],"tags":[],"class_list":["post-16466","post","type-post","status-publish","format-standard","has-post-thumbnail","hentry","category-shopping","category-streetstyle","category-tendencia"],"yoast_head":"<!-- This site is optimized with the Yoast SEO plugin v27.4 - https:\/\/yoast.com\/product\/yoast-seo-wordpress\/ -->\n<title>Si no quieres ligar, usa \u00abmom jeans\u00bb - L\u00e9xico fashionista<\/title>\n<meta name=\"robots\" content=\"index, follow, max-snippet:-1, max-image-preview:large, max-video-preview:-1\" \/>\n<link rel=\"canonical\" href=\"https:\/\/www.cope.es\/blogs\/tendencias-moda\/2014\/03\/20\/mom-jeans-estilismo-primavera-anti-morbo\/\" \/>\n<meta property=\"og:locale\" content=\"es_ES\" \/>\n<meta property=\"og:type\" content=\"article\" \/>\n<meta property=\"og:title\" content=\"Si no quieres ligar, usa \u00abmom jeans\u00bb - L\u00e9xico fashionista\" \/>\n<meta property=\"og:description\" content=\"Yo no pienso usar los denominados vaqueros \u00abmom jeans\u00bb. No s\u00e9 vosotros. Primero explicar que estos vaqueros se llaman as\u00ed porque se han dise\u00f1ado pensando en los \u00abjeans\u00bb que usaban las madres de los suburbios norteamericanos en los a\u00f1os 90\u2026 o lo que es lo mismo\u2026 se\u00f1oras cuyo solo inter\u00e9s era organizar \u00abcar pools\u00bb (llevar [&hellip;]\" \/>\n<meta property=\"og:url\" content=\"https:\/\/www.cope.es\/blogs\/tendencias-moda\/2014\/03\/20\/mom-jeans-estilismo-primavera-anti-morbo\/\" \/>\n<meta property=\"og:site_name\" content=\"L\u00e9xico fashionista\" \/>\n<meta property=\"article:publisher\" content=\"https:\/\/www.facebook.com\/cope\/\" \/>\n<meta property=\"article:author\" content=\"https:\/\/www.facebook.com\/ana.urena\" \/>\n<meta property=\"article:published_time\" content=\"2014-03-20T08:32:16+00:00\" \/>\n<meta property=\"og:image\" content=\"https:\/\/www.cope.es\/blogs\/tendencias-moda\/wp-content\/uploads\/sites\/3\/2014\/03\/tumblr_lke2pqAMiM1qc7h37o1_500.jpg\" \/>\n\t<meta property=\"og:image:width\" content=\"500\" \/>\n\t<meta property=\"og:image:height\" content=\"384\" \/>\n\t<meta property=\"og:image:type\" content=\"image\/jpeg\" \/>\n<meta name=\"author\" content=\"Ana Ure\u00f1a\" \/>\n<meta name=\"twitter:card\" content=\"summary_large_image\" \/>\n<meta name=\"twitter:creator\" content=\"@anaurena\" \/>\n<meta name=\"twitter:site\" content=\"@cope_es\" \/>\n<meta name=\"twitter:label1\" content=\"Escrito por\" \/>\n\t<meta name=\"twitter:data1\" content=\"Ana Ure\u00f1a\" \/>\n\t<meta name=\"twitter:label2\" content=\"Tiempo de lectura\" \/>\n\t<meta name=\"twitter:data2\" content=\"2 minutos\" \/>\n<script type=\"application\/ld+json\" class=\"yoast-schema-graph\">{\"@context\":\"https:\\\/\\\/schema.org\",\"@graph\":[{\"@type\":\"Article\",\"@id\":\"https:\\\/\\\/www.cope.es\\\/blogs\\\/tendencias-moda\\\/2014\\\/03\\\/20\\\/mom-jeans-estilismo-primavera-anti-morbo\\\/#article\",\"isPartOf\":{\"@id\":\"https:\\\/\\\/www.cope.es\\\/blogs\\\/tendencias-moda\\\/2014\\\/03\\\/20\\\/mom-jeans-estilismo-primavera-anti-morbo\\\/\"},\"author\":{\"name\":\"Ana Ure\u00f1a\",\"@id\":\"https:\\\/\\\/www.cope.es\\\/blogs\\\/tendencias-moda\\\/#\\\/schema\\\/person\\\/d4c92e5cdffedbf565412bbc8a5df606\"},\"headline\":\"Si no quieres ligar, usa \u00abmom jeans\u00bb\",\"datePublished\":\"2014-03-20T08:32:16+00:00\",\"mainEntityOfPage\":{\"@id\":\"https:\\\/\\\/www.cope.es\\\/blogs\\\/tendencias-moda\\\/2014\\\/03\\\/20\\\/mom-jeans-estilismo-primavera-anti-morbo\\\/\"},\"wordCount\":361,\"commentCount\":0,\"image\":{\"@id\":\"https:\\\/\\\/www.cope.es\\\/blogs\\\/tendencias-moda\\\/2014\\\/03\\\/20\\\/mom-jeans-estilismo-primavera-anti-morbo\\\/#primaryimage\"},\"thumbnailUrl\":\"https:\\\/\\\/www.cope.es\\\/blogs\\\/tendencias-moda\\\/wp-content\\\/uploads\\\/sites\\\/3\\\/2014\\\/03\\\/tumblr_lke2pqAMiM1qc7h37o1_500.jpg\",\"articleSection\":[\"shopping\",\"streetstyle\",\"tendencia\"],\"inLanguage\":\"es\",\"potentialAction\":[{\"@type\":\"CommentAction\",\"name\":\"Comment\",\"target\":[\"https:\\\/\\\/www.cope.es\\\/blogs\\\/tendencias-moda\\\/2014\\\/03\\\/20\\\/mom-jeans-estilismo-primavera-anti-morbo\\\/#respond\"]}]},{\"@type\":\"WebPage\",\"@id\":\"https:\\\/\\\/www.cope.es\\\/blogs\\\/tendencias-moda\\\/2014\\\/03\\\/20\\\/mom-jeans-estilismo-primavera-anti-morbo\\\/\",\"url\":\"https:\\\/\\\/www.cope.es\\\/blogs\\\/tendencias-moda\\\/2014\\\/03\\\/20\\\/mom-jeans-estilismo-primavera-anti-morbo\\\/\",\"name\":\"Si no quieres ligar, usa \u00abmom jeans\u00bb - L\u00e9xico fashionista\",\"isPartOf\":{\"@id\":\"https:\\\/\\\/www.cope.es\\\/blogs\\\/tendencias-moda\\\/#website\"},\"primaryImageOfPage\":{\"@id\":\"https:\\\/\\\/www.cope.es\\\/blogs\\\/tendencias-moda\\\/2014\\\/03\\\/20\\\/mom-jeans-estilismo-primavera-anti-morbo\\\/#primaryimage\"},\"image\":{\"@id\":\"https:\\\/\\\/www.cope.es\\\/blogs\\\/tendencias-moda\\\/2014\\\/03\\\/20\\\/mom-jeans-estilismo-primavera-anti-morbo\\\/#primaryimage\"},\"thumbnailUrl\":\"https:\\\/\\\/www.cope.es\\\/blogs\\\/tendencias-moda\\\/wp-content\\\/uploads\\\/sites\\\/3\\\/2014\\\/03\\\/tumblr_lke2pqAMiM1qc7h37o1_500.jpg\",\"datePublished\":\"2014-03-20T08:32:16+00:00\",\"author\":{\"@id\":\"https:\\\/\\\/www.cope.es\\\/blogs\\\/tendencias-moda\\\/#\\\/schema\\\/person\\\/d4c92e5cdffedbf565412bbc8a5df606\"},\"breadcrumb\":{\"@id\":\"https:\\\/\\\/www.cope.es\\\/blogs\\\/tendencias-moda\\\/2014\\\/03\\\/20\\\/mom-jeans-estilismo-primavera-anti-morbo\\\/#breadcrumb\"},\"inLanguage\":\"es\",\"potentialAction\":[{\"@type\":\"ReadAction\",\"target\":[\"https:\\\/\\\/www.cope.es\\\/blogs\\\/tendencias-moda\\\/2014\\\/03\\\/20\\\/mom-jeans-estilismo-primavera-anti-morbo\\\/\"]}]},{\"@type\":\"ImageObject\",\"inLanguage\":\"es\",\"@id\":\"https:\\\/\\\/www.cope.es\\\/blogs\\\/tendencias-moda\\\/2014\\\/03\\\/20\\\/mom-jeans-estilismo-primavera-anti-morbo\\\/#primaryimage\",\"url\":\"https:\\\/\\\/www.cope.es\\\/blogs\\\/tendencias-moda\\\/wp-content\\\/uploads\\\/sites\\\/3\\\/2014\\\/03\\\/tumblr_lke2pqAMiM1qc7h37o1_500.jpg\",\"contentUrl\":\"https:\\\/\\\/www.cope.es\\\/blogs\\\/tendencias-moda\\\/wp-content\\\/uploads\\\/sites\\\/3\\\/2014\\\/03\\\/tumblr_lke2pqAMiM1qc7h37o1_500.jpg\",\"width\":500,\"height\":384},{\"@type\":\"BreadcrumbList\",\"@id\":\"https:\\\/\\\/www.cope.es\\\/blogs\\\/tendencias-moda\\\/2014\\\/03\\\/20\\\/mom-jeans-estilismo-primavera-anti-morbo\\\/#breadcrumb\",\"itemListElement\":[{\"@type\":\"ListItem\",\"position\":1,\"name\":\"Portada\",\"item\":\"https:\\\/\\\/www.cope.es\\\/blogs\\\/tendencias-moda\\\/\"},{\"@type\":\"ListItem\",\"position\":2,\"name\":\"Si no quieres ligar, usa \u00abmom jeans\u00bb\"}]},{\"@type\":\"WebSite\",\"@id\":\"https:\\\/\\\/www.cope.es\\\/blogs\\\/tendencias-moda\\\/#website\",\"url\":\"https:\\\/\\\/www.cope.es\\\/blogs\\\/tendencias-moda\\\/\",\"name\":\"L\u00e9xico fashionista\",\"description\":\"Stiletto, clutch, hobo, peep toe, petite robe noire, kawai, cabas, coolhunter, boho, trendy\u2026 la moda utiliza  palabras para las cuales a veces necesitamos un traductor simult\u00e1neo. Pero como Babel Fish no siempre funciona, sirva esta experta en la materia para descifrar el l\u00e9xico fashionista, desde las tendencias m\u00e1s audaces hasta los OMNIs (Objetos de Moda No Identificados) m\u00e1s curiosos.\",\"potentialAction\":[{\"@type\":\"SearchAction\",\"target\":{\"@type\":\"EntryPoint\",\"urlTemplate\":\"https:\\\/\\\/www.cope.es\\\/blogs\\\/tendencias-moda\\\/?s={search_term_string}\"},\"query-input\":{\"@type\":\"PropertyValueSpecification\",\"valueRequired\":true,\"valueName\":\"search_term_string\"}}],\"inLanguage\":\"es\"},{\"@type\":\"Person\",\"@id\":\"https:\\\/\\\/www.cope.es\\\/blogs\\\/tendencias-moda\\\/#\\\/schema\\\/person\\\/d4c92e5cdffedbf565412bbc8a5df606\",\"name\":\"Ana Ure\u00f1a\",\"image\":{\"@type\":\"ImageObject\",\"inLanguage\":\"es\",\"@id\":\"https:\\\/\\\/secure.gravatar.com\\\/avatar\\\/09b592e7ab3e707f9f24abacd8ecd4d629b60de09d3b1ce2fec15163eb6c9749?s=96&d=mm&r=g\",\"url\":\"https:\\\/\\\/secure.gravatar.com\\\/avatar\\\/09b592e7ab3e707f9f24abacd8ecd4d629b60de09d3b1ce2fec15163eb6c9749?s=96&d=mm&r=g\",\"contentUrl\":\"https:\\\/\\\/secure.gravatar.com\\\/avatar\\\/09b592e7ab3e707f9f24abacd8ecd4d629b60de09d3b1ce2fec15163eb6c9749?s=96&d=mm&r=g\",\"caption\":\"Ana Ure\u00f1a\"},\"description\":\"Ana Ure\u00f1a empez\u00f3 hace m\u00e1s de 15 a\u00f1os como becaria en la revista de moda Harper\u2019s en Londres, donde perfeccion\u00f3 su habilidad preparando caf\u00e9 para las reuniones de contenidos. M\u00e1s tarde trabaj\u00f3 para la revista de moda y sociedad \u00abTatler\u00bb, de Cond\u00e9 Nast, y para el peri\u00f3dico \u00abThe Times\u00bb, donde fue pionera al escribir uno de los primeros blogs de moda que existieron en el mundo. Al volver a Madrid, form\u00f3 parte de los equipos de ELLE y VOGUE, pasando por el grupo Vocento y llegando a ser directora de la revista Cosmopolitan. Ahora llega a La Cope a retomar este blog que naci\u00f3 en ABC y nos descubri\u00f3 t\u00e9rminos como OMNIs (Objetos de Moda No Identificados) y nos habl\u00f3 de los cronuts (un h\u00edbrido gourmet entre cruas\u00e1n y donut) antes que nadie. Hoy ya no hace el caf\u00e9 para nadie y solo sue\u00f1a con que se lo prepare George Clooney con su m\u00e1quina de c\u00e1psulas.\",\"sameAs\":[\"http:\\\/\\\/www.cope.es\",\"https:\\\/\\\/www.facebook.com\\\/ana.urena\",\"https:\\\/\\\/x.com\\\/anaurena\"],\"url\":\"https:\\\/\\\/www.cope.es\\\/blogs\\\/tendencias-moda\\\/author\\\/aurena\\\/\"}]}<\/script>\n<!-- \/ Yoast SEO plugin. -->","yoast_head_json":{"title":"Si no quieres ligar, usa \u00abmom jeans\u00bb - L\u00e9xico fashionista","robots":{"index":"index","follow":"follow","max-snippet":"max-snippet:-1","max-image-preview":"max-image-preview:large","max-video-preview":"max-video-preview:-1"},"canonical":"https:\/\/www.cope.es\/blogs\/tendencias-moda\/2014\/03\/20\/mom-jeans-estilismo-primavera-anti-morbo\/","og_locale":"es_ES","og_type":"article","og_title":"Si no quieres ligar, usa \u00abmom jeans\u00bb - L\u00e9xico fashionista","og_description":"Yo no pienso usar los denominados vaqueros \u00abmom jeans\u00bb. No s\u00e9 vosotros. Primero explicar que estos vaqueros se llaman as\u00ed porque se han dise\u00f1ado pensando en los \u00abjeans\u00bb que usaban las madres de los suburbios norteamericanos en los a\u00f1os 90\u2026 o lo que es lo mismo\u2026 se\u00f1oras cuyo solo inter\u00e9s era organizar \u00abcar pools\u00bb (llevar [&hellip;]","og_url":"https:\/\/www.cope.es\/blogs\/tendencias-moda\/2014\/03\/20\/mom-jeans-estilismo-primavera-anti-morbo\/","og_site_name":"L\u00e9xico fashionista","article_publisher":"https:\/\/www.facebook.com\/cope\/","article_author":"https:\/\/www.facebook.com\/ana.urena","article_published_time":"2014-03-20T08:32:16+00:00","og_image":[{"width":500,"height":384,"url":"https:\/\/www.cope.es\/blogs\/tendencias-moda\/wp-content\/uploads\/sites\/3\/2014\/03\/tumblr_lke2pqAMiM1qc7h37o1_500.jpg","type":"image\/jpeg"}],"author":"Ana Ure\u00f1a","twitter_card":"summary_large_image","twitter_creator":"@anaurena","twitter_site":"@cope_es","twitter_misc":{"Escrito por":"Ana Ure\u00f1a","Tiempo de lectura":"2 minutos"},"schema":{"@context":"https:\/\/schema.org","@graph":[{"@type":"Article","@id":"https:\/\/www.cope.es\/blogs\/tendencias-moda\/2014\/03\/20\/mom-jeans-estilismo-primavera-anti-morbo\/#article","isPartOf":{"@id":"https:\/\/www.cope.es\/blogs\/tendencias-moda\/2014\/03\/20\/mom-jeans-estilismo-primavera-anti-morbo\/"},"author":{"name":"Ana Ure\u00f1a","@id":"https:\/\/www.cope.es\/blogs\/tendencias-moda\/#\/schema\/person\/d4c92e5cdffedbf565412bbc8a5df606"},"headline":"Si no quieres ligar, usa \u00abmom jeans\u00bb","datePublished":"2014-03-20T08:32:16+00:00","mainEntityOfPage":{"@id":"https:\/\/www.cope.es\/blogs\/tendencias-moda\/2014\/03\/20\/mom-jeans-estilismo-primavera-anti-morbo\/"},"wordCount":361,"commentCount":0,"image":{"@id":"https:\/\/www.cope.es\/blogs\/tendencias-moda\/2014\/03\/20\/mom-jeans-estilismo-primavera-anti-morbo\/#primaryimage"},"thumbnailUrl":"https:\/\/www.cope.es\/blogs\/tendencias-moda\/wp-content\/uploads\/sites\/3\/2014\/03\/tumblr_lke2pqAMiM1qc7h37o1_500.jpg","articleSection":["shopping","streetstyle","tendencia"],"inLanguage":"es","potentialAction":[{"@type":"CommentAction","name":"Comment","target":["https:\/\/www.cope.es\/blogs\/tendencias-moda\/2014\/03\/20\/mom-jeans-estilismo-primavera-anti-morbo\/#respond"]}]},{"@type":"WebPage","@id":"https:\/\/www.cope.es\/blogs\/tendencias-moda\/2014\/03\/20\/mom-jeans-estilismo-primavera-anti-morbo\/","url":"https:\/\/www.cope.es\/blogs\/tendencias-moda\/2014\/03\/20\/mom-jeans-estilismo-primavera-anti-morbo\/","name":"Si no quieres ligar, usa \u00abmom jeans\u00bb - L\u00e9xico fashionista","isPartOf":{"@id":"https:\/\/www.cope.es\/blogs\/tendencias-moda\/#website"},"primaryImageOfPage":{"@id":"https:\/\/www.cope.es\/blogs\/tendencias-moda\/2014\/03\/20\/mom-jeans-estilismo-primavera-anti-morbo\/#primaryimage"},"image":{"@id":"https:\/\/www.cope.es\/blogs\/tendencias-moda\/2014\/03\/20\/mom-jeans-estilismo-primavera-anti-morbo\/#primaryimage"},"thumbnailUrl":"https:\/\/www.cope.es\/blogs\/tendencias-moda\/wp-content\/uploads\/sites\/3\/2014\/03\/tumblr_lke2pqAMiM1qc7h37o1_500.jpg","datePublished":"2014-03-20T08:32:16+00:00","author":{"@id":"https:\/\/www.cope.es\/blogs\/tendencias-moda\/#\/schema\/person\/d4c92e5cdffedbf565412bbc8a5df606"},"breadcrumb":{"@id":"https:\/\/www.cope.es\/blogs\/tendencias-moda\/2014\/03\/20\/mom-jeans-estilismo-primavera-anti-morbo\/#breadcrumb"},"inLanguage":"es","potentialAction":[{"@type":"ReadAction","target":["https:\/\/www.cope.es\/blogs\/tendencias-moda\/2014\/03\/20\/mom-jeans-estilismo-primavera-anti-morbo\/"]}]},{"@type":"ImageObject","inLanguage":"es","@id":"https:\/\/www.cope.es\/blogs\/tendencias-moda\/2014\/03\/20\/mom-jeans-estilismo-primavera-anti-morbo\/#primaryimage","url":"https:\/\/www.cope.es\/blogs\/tendencias-moda\/wp-content\/uploads\/sites\/3\/2014\/03\/tumblr_lke2pqAMiM1qc7h37o1_500.jpg","contentUrl":"https:\/\/www.cope.es\/blogs\/tendencias-moda\/wp-content\/uploads\/sites\/3\/2014\/03\/tumblr_lke2pqAMiM1qc7h37o1_500.jpg","width":500,"height":384},{"@type":"BreadcrumbList","@id":"https:\/\/www.cope.es\/blogs\/tendencias-moda\/2014\/03\/20\/mom-jeans-estilismo-primavera-anti-morbo\/#breadcrumb","itemListElement":[{"@type":"ListItem","position":1,"name":"Portada","item":"https:\/\/www.cope.es\/blogs\/tendencias-moda\/"},{"@type":"ListItem","position":2,"name":"Si no quieres ligar, usa \u00abmom jeans\u00bb"}]},{"@type":"WebSite","@id":"https:\/\/www.cope.es\/blogs\/tendencias-moda\/#website","url":"https:\/\/www.cope.es\/blogs\/tendencias-moda\/","name":"L\u00e9xico fashionista","description":"Stiletto, clutch, hobo, peep toe, petite robe noire, kawai, cabas, coolhunter, boho, trendy\u2026 la moda utiliza  palabras para las cuales a veces necesitamos un traductor simult\u00e1neo. Pero como Babel Fish no siempre funciona, sirva esta experta en la materia para descifrar el l\u00e9xico fashionista, desde las tendencias m\u00e1s audaces hasta los OMNIs (Objetos de Moda No Identificados) m\u00e1s curiosos.","potentialAction":[{"@type":"SearchAction","target":{"@type":"EntryPoint","urlTemplate":"https:\/\/www.cope.es\/blogs\/tendencias-moda\/?s={search_term_string}"},"query-input":{"@type":"PropertyValueSpecification","valueRequired":true,"valueName":"search_term_string"}}],"inLanguage":"es"},{"@type":"Person","@id":"https:\/\/www.cope.es\/blogs\/tendencias-moda\/#\/schema\/person\/d4c92e5cdffedbf565412bbc8a5df606","name":"Ana Ure\u00f1a","image":{"@type":"ImageObject","inLanguage":"es","@id":"https:\/\/secure.gravatar.com\/avatar\/09b592e7ab3e707f9f24abacd8ecd4d629b60de09d3b1ce2fec15163eb6c9749?s=96&d=mm&r=g","url":"https:\/\/secure.gravatar.com\/avatar\/09b592e7ab3e707f9f24abacd8ecd4d629b60de09d3b1ce2fec15163eb6c9749?s=96&d=mm&r=g","contentUrl":"https:\/\/secure.gravatar.com\/avatar\/09b592e7ab3e707f9f24abacd8ecd4d629b60de09d3b1ce2fec15163eb6c9749?s=96&d=mm&r=g","caption":"Ana Ure\u00f1a"},"description":"Ana Ure\u00f1a empez\u00f3 hace m\u00e1s de 15 a\u00f1os como becaria en la revista de moda Harper\u2019s en Londres, donde perfeccion\u00f3 su habilidad preparando caf\u00e9 para las reuniones de contenidos. M\u00e1s tarde trabaj\u00f3 para la revista de moda y sociedad \u00abTatler\u00bb, de Cond\u00e9 Nast, y para el peri\u00f3dico \u00abThe Times\u00bb, donde fue pionera al escribir uno de los primeros blogs de moda que existieron en el mundo. Al volver a Madrid, form\u00f3 parte de los equipos de ELLE y VOGUE, pasando por el grupo Vocento y llegando a ser directora de la revista Cosmopolitan. Ahora llega a La Cope a retomar este blog que naci\u00f3 en ABC y nos descubri\u00f3 t\u00e9rminos como OMNIs (Objetos de Moda No Identificados) y nos habl\u00f3 de los cronuts (un h\u00edbrido gourmet entre cruas\u00e1n y donut) antes que nadie. Hoy ya no hace el caf\u00e9 para nadie y solo sue\u00f1a con que se lo prepare George Clooney con su m\u00e1quina de c\u00e1psulas.","sameAs":["http:\/\/www.cope.es","https:\/\/www.facebook.com\/ana.urena","https:\/\/x.com\/anaurena"],"url":"https:\/\/www.cope.es\/blogs\/tendencias-moda\/author\/aurena\/"}]}},"amp_enabled":true,"_links":{"self":[{"href":"https:\/\/www.cope.es\/blogs\/tendencias-moda\/wp-json\/wp\/v2\/posts\/16466","targetHints":{"allow":["GET"]}}],"collection":[{"href":"https:\/\/www.cope.es\/blogs\/tendencias-moda\/wp-json\/wp\/v2\/posts"}],"about":[{"href":"https:\/\/www.cope.es\/blogs\/tendencias-moda\/wp-json\/wp\/v2\/types\/post"}],"author":[{"embeddable":true,"href":"https:\/\/www.cope.es\/blogs\/tendencias-moda\/wp-json\/wp\/v2\/users\/2"}],"replies":[{"embeddable":true,"href":"https:\/\/www.cope.es\/blogs\/tendencias-moda\/wp-json\/wp\/v2\/comments?post=16466"}],"version-history":[{"count":0,"href":"https:\/\/www.cope.es\/blogs\/tendencias-moda\/wp-json\/wp\/v2\/posts\/16466\/revisions"}],"wp:featuredmedia":[{"embeddable":true,"href":"https:\/\/www.cope.es\/blogs\/tendencias-moda\/wp-json\/wp\/v2\/media\/16467"}],"wp:attachment":[{"href":"https:\/\/www.cope.es\/blogs\/tendencias-moda\/wp-json\/wp\/v2\/media?parent=16466"}],"wp:term":[{"taxonomy":"category","embeddable":true,"href":"https:\/\/www.cope.es\/blogs\/tendencias-moda\/wp-json\/wp\/v2\/categories?post=16466"},{"taxonomy":"post_tag","embeddable":true,"href":"https:\/\/www.cope.es\/blogs\/tendencias-moda\/wp-json\/wp\/v2\/tags?post=16466"}],"curies":[{"name":"wp","href":"https:\/\/api.w.org\/{rel}","templated":true}]}}