{"id":16397,"date":"2014-02-17T09:33:14","date_gmt":"2014-02-17T08:33:14","guid":{"rendered":"http:\/\/abcblogs.abc.es\/tendencias-moda\/?p=16397"},"modified":"2014-02-17T09:33:14","modified_gmt":"2014-02-17T08:33:14","slug":"cibeles-fashion-week-madrid-backstage","status":"publish","type":"post","link":"https:\/\/www.cope.es\/blogs\/tendencias-moda\/2014\/02\/17\/cibeles-fashion-week-madrid-backstage\/","title":{"rendered":"Cosas de \u00abbackstage\u00bb"},"content":{"rendered":"<p>Para aquellos que est\u00e9n acostumbrados a ver las colecciones sobre la pasarela, pero nunca se han adentrado en el \u00abbackstage\u00bb (trastienda) de los desfiles, os dejo unos detalles de los que podemos encontrar \u00abentre bambalinas Cibelinas\u00bb.<!--more--><\/p>\n<p><a href=\"\/tendencias-moda\/wp-content\/uploads\/sites\/78\/2014\/02\/palacio-cibeles-urena.jpg\"><img decoding=\"async\" class=\"alignnone size-medium wp-image-16401\" alt=\"palacio-cibeles-urena\" src=\"\/tendencias-moda\/wp-content\/uploads\/sites\/78\/2014\/02\/palacio-cibeles-urena-351x468.jpg\" \/><\/a><\/p>\n<p>Cuando llega la colecci\u00f3n desde el taller de los dise\u00f1adores, la cuelgan por familias de tejido en los percheros, como vemos aqu\u00ed,en los trajes de Miguel Palacio. Despu\u00e9s proceder\u00e1n a separar cada look, cada uno en un hueco, destinado a la modelo que lo luzca en pasarela.<\/p>\n<p>&nbsp;<\/p>\n<p><a href=\"\/tendencias-moda\/wp-content\/uploads\/sites\/78\/2014\/02\/teresa-helbig-cibeles-urena.jpg\"><img decoding=\"async\" class=\"alignnone size-medium wp-image-16405\" alt=\"teresa-helbig-cibeles-urena\" src=\"\/tendencias-moda\/wp-content\/uploads\/sites\/78\/2014\/02\/teresa-helbig-cibeles-urena-351x468.jpg\" \/><\/a><\/p>\n<p>Se hacen \u00abfittings\u00bb o pruebas con cada modelo del \u00abcasting\u00bb (las elegidas para desfilar) para ver qui\u00e9n lleva qu\u00e9 conjunto. Cuando lo deciden hacen una foto y la cuelgan en el camerino. Si cambian de idea, como hizo Teresa Helbig, siempre se puede jugar a los recortables.<\/p>\n<p>&nbsp;<\/p>\n<p><a href=\"\/tendencias-moda\/wp-content\/uploads\/sites\/78\/2014\/02\/locking-cibeles-urena.jpg\"><img decoding=\"async\" class=\"alignnone size-medium wp-image-16398\" alt=\"locking-cibeles-urena\" src=\"\/tendencias-moda\/wp-content\/uploads\/sites\/78\/2014\/02\/locking-cibeles-urena-468x351.jpg\" \/><\/a><\/p>\n<p>Para que las vestidoras sepan c\u00f3mo se compone cada look, tienen instrucciones detalladas como estas de Ana Locking.<\/p>\n<p>&nbsp;<\/p>\n<p><a href=\"\/tendencias-moda\/wp-content\/uploads\/sites\/78\/2014\/02\/tablon-urena-cibeles.jpg\"><img decoding=\"async\" class=\"alignnone size-medium wp-image-16402\" alt=\"tablon-urena-cibeles\" src=\"\/tendencias-moda\/wp-content\/uploads\/sites\/78\/2014\/02\/tablon-urena-cibeles-468x351.jpg\" \/><\/a><\/p>\n<p>Los dise\u00f1adores componen un orden de salida de los looks sobre un tabl\u00f3n, como este de Ailanto.<\/p>\n<p>&nbsp;<\/p>\n<p><a href=\"\/tendencias-moda\/wp-content\/uploads\/sites\/78\/2014\/02\/lucchino-cibeles-urena.jpg\"><img decoding=\"async\" class=\"alignnone size-medium wp-image-16399\" alt=\"lucchino-cibeles-urena\" src=\"\/tendencias-moda\/wp-content\/uploads\/sites\/78\/2014\/02\/lucchino-cibeles-urena-468x351.jpg\" \/><\/a><\/p>\n<p>Cada dise\u00f1ador customiza su camerino, como los Victorio&amp;Lucchino que siempre recubren la puerta con estampitas de Santos.<\/p>\n<p>&nbsp;<\/p>\n<p><a href=\"\/tendencias-moda\/wp-content\/uploads\/sites\/78\/2014\/02\/schlesser-cibeles-urena.jpg\"><img decoding=\"async\" class=\"alignnone size-medium wp-image-16404\" alt=\"schlesser-cibeles-urena\" src=\"\/tendencias-moda\/wp-content\/uploads\/sites\/78\/2014\/02\/schlesser-cibeles-urena-351x468.jpg\" \/><\/a><\/p>\n<p>Antes de cada desfile, hay que poner el nombre del dise\u00f1ador o de la firma que presenta su colecci\u00f3n. Es una buena idea ya que de no tener esa referencia algunos asistentes a los desfiles se confunden y ya no saben qu\u00e9 dise\u00f1ador est\u00e1n viendo, lo cual puede resultar en tweets err\u00f3neos.<\/p>\n<p>&nbsp;<\/p>\n<p><a href=\"\/tendencias-moda\/wp-content\/uploads\/sites\/78\/2014\/02\/modelos-cibeles-urena.jpg\"><img decoding=\"async\" class=\"alignnone size-medium wp-image-16400\" alt=\"modelos-cibeles-urena\" src=\"\/tendencias-moda\/wp-content\/uploads\/sites\/78\/2014\/02\/modelos-cibeles-urena-351x468.jpg\" \/><\/a><\/p>\n<p>A pie de pasarela las modelos reciben \u00f3rdenes de c\u00f3mo deben desfilar. Est\u00e1n escritas en ingl\u00e9s, ya que no todas las chicas son espa\u00f1olas.<\/p>\n","protected":false},"excerpt":{"rendered":"<p>Para aquellos que est\u00e9n acostumbrados a ver las colecciones sobre la pasarela, pero nunca se han adentrado en el \u00abbackstage\u00bb (trastienda) de los desfiles, os dejo unos detalles de los que podemos encontrar \u00abentre bambalinas Cibelinas\u00bb.<\/p>\n","protected":false},"author":2,"featured_media":16403,"comment_status":"open","ping_status":"open","sticky":false,"template":"","format":"standard","meta":{"footnotes":""},"categories":[17,18],"tags":[],"class_list":["post-16397","post","type-post","status-publish","format-standard","has-post-thumbnail","hentry","category-curiosidades","category-desfiles"],"yoast_head":"<!-- This site is optimized with the Yoast SEO plugin v27.4 - https:\/\/yoast.com\/product\/yoast-seo-wordpress\/ -->\n<title>Cosas de \u00abbackstage\u00bb - L\u00e9xico fashionista<\/title>\n<meta name=\"robots\" content=\"index, follow, max-snippet:-1, max-image-preview:large, max-video-preview:-1\" \/>\n<link rel=\"canonical\" href=\"https:\/\/www.cope.es\/blogs\/tendencias-moda\/2014\/02\/17\/cibeles-fashion-week-madrid-backstage\/\" \/>\n<meta property=\"og:locale\" content=\"es_ES\" \/>\n<meta property=\"og:type\" content=\"article\" \/>\n<meta property=\"og:title\" content=\"Cosas de \u00abbackstage\u00bb - L\u00e9xico fashionista\" \/>\n<meta property=\"og:description\" content=\"Para aquellos que est\u00e9n acostumbrados a ver las colecciones sobre la pasarela, pero nunca se han adentrado en el \u00abbackstage\u00bb (trastienda) de los desfiles, os dejo unos detalles de los que podemos encontrar \u00abentre bambalinas Cibelinas\u00bb.\" \/>\n<meta property=\"og:url\" content=\"https:\/\/www.cope.es\/blogs\/tendencias-moda\/2014\/02\/17\/cibeles-fashion-week-madrid-backstage\/\" \/>\n<meta property=\"og:site_name\" content=\"L\u00e9xico fashionista\" \/>\n<meta property=\"article:publisher\" content=\"https:\/\/www.facebook.com\/cope\/\" \/>\n<meta property=\"article:author\" content=\"https:\/\/www.facebook.com\/ana.urena\" \/>\n<meta property=\"article:published_time\" content=\"2014-02-17T08:33:14+00:00\" \/>\n<meta property=\"og:image\" content=\"https:\/\/www.cope.es\/blogs\/tendencias-moda\/wp-content\/uploads\/sites\/3\/2014\/02\/lamothe-cibeles-urena.jpg\" \/>\n\t<meta property=\"og:image:width\" content=\"1024\" \/>\n\t<meta property=\"og:image:height\" content=\"768\" \/>\n\t<meta property=\"og:image:type\" content=\"image\/jpeg\" \/>\n<meta name=\"author\" content=\"Ana Ure\u00f1a\" \/>\n<meta name=\"twitter:card\" content=\"summary_large_image\" \/>\n<meta name=\"twitter:creator\" content=\"@anaurena\" \/>\n<meta name=\"twitter:site\" content=\"@cope_es\" \/>\n<meta name=\"twitter:label1\" content=\"Escrito por\" \/>\n\t<meta name=\"twitter:data1\" content=\"Ana Ure\u00f1a\" \/>\n\t<meta name=\"twitter:label2\" content=\"Tiempo de lectura\" \/>\n\t<meta name=\"twitter:data2\" content=\"1 minuto\" \/>\n<script type=\"application\/ld+json\" class=\"yoast-schema-graph\">{\"@context\":\"https:\\\/\\\/schema.org\",\"@graph\":[{\"@type\":\"Article\",\"@id\":\"https:\\\/\\\/www.cope.es\\\/blogs\\\/tendencias-moda\\\/2014\\\/02\\\/17\\\/cibeles-fashion-week-madrid-backstage\\\/#article\",\"isPartOf\":{\"@id\":\"https:\\\/\\\/www.cope.es\\\/blogs\\\/tendencias-moda\\\/2014\\\/02\\\/17\\\/cibeles-fashion-week-madrid-backstage\\\/\"},\"author\":{\"name\":\"Ana Ure\u00f1a\",\"@id\":\"https:\\\/\\\/www.cope.es\\\/blogs\\\/tendencias-moda\\\/#\\\/schema\\\/person\\\/d4c92e5cdffedbf565412bbc8a5df606\"},\"headline\":\"Cosas de \u00abbackstage\u00bb\",\"datePublished\":\"2014-02-17T08:33:14+00:00\",\"mainEntityOfPage\":{\"@id\":\"https:\\\/\\\/www.cope.es\\\/blogs\\\/tendencias-moda\\\/2014\\\/02\\\/17\\\/cibeles-fashion-week-madrid-backstage\\\/\"},\"wordCount\":289,\"commentCount\":0,\"image\":{\"@id\":\"https:\\\/\\\/www.cope.es\\\/blogs\\\/tendencias-moda\\\/2014\\\/02\\\/17\\\/cibeles-fashion-week-madrid-backstage\\\/#primaryimage\"},\"thumbnailUrl\":\"https:\\\/\\\/www.cope.es\\\/blogs\\\/tendencias-moda\\\/wp-content\\\/uploads\\\/sites\\\/3\\\/2014\\\/02\\\/lamothe-cibeles-urena.jpg\",\"articleSection\":[\"curiosidades\",\"desfiles\"],\"inLanguage\":\"es\",\"potentialAction\":[{\"@type\":\"CommentAction\",\"name\":\"Comment\",\"target\":[\"https:\\\/\\\/www.cope.es\\\/blogs\\\/tendencias-moda\\\/2014\\\/02\\\/17\\\/cibeles-fashion-week-madrid-backstage\\\/#respond\"]}]},{\"@type\":\"WebPage\",\"@id\":\"https:\\\/\\\/www.cope.es\\\/blogs\\\/tendencias-moda\\\/2014\\\/02\\\/17\\\/cibeles-fashion-week-madrid-backstage\\\/\",\"url\":\"https:\\\/\\\/www.cope.es\\\/blogs\\\/tendencias-moda\\\/2014\\\/02\\\/17\\\/cibeles-fashion-week-madrid-backstage\\\/\",\"name\":\"Cosas de \u00abbackstage\u00bb - L\u00e9xico fashionista\",\"isPartOf\":{\"@id\":\"https:\\\/\\\/www.cope.es\\\/blogs\\\/tendencias-moda\\\/#website\"},\"primaryImageOfPage\":{\"@id\":\"https:\\\/\\\/www.cope.es\\\/blogs\\\/tendencias-moda\\\/2014\\\/02\\\/17\\\/cibeles-fashion-week-madrid-backstage\\\/#primaryimage\"},\"image\":{\"@id\":\"https:\\\/\\\/www.cope.es\\\/blogs\\\/tendencias-moda\\\/2014\\\/02\\\/17\\\/cibeles-fashion-week-madrid-backstage\\\/#primaryimage\"},\"thumbnailUrl\":\"https:\\\/\\\/www.cope.es\\\/blogs\\\/tendencias-moda\\\/wp-content\\\/uploads\\\/sites\\\/3\\\/2014\\\/02\\\/lamothe-cibeles-urena.jpg\",\"datePublished\":\"2014-02-17T08:33:14+00:00\",\"author\":{\"@id\":\"https:\\\/\\\/www.cope.es\\\/blogs\\\/tendencias-moda\\\/#\\\/schema\\\/person\\\/d4c92e5cdffedbf565412bbc8a5df606\"},\"breadcrumb\":{\"@id\":\"https:\\\/\\\/www.cope.es\\\/blogs\\\/tendencias-moda\\\/2014\\\/02\\\/17\\\/cibeles-fashion-week-madrid-backstage\\\/#breadcrumb\"},\"inLanguage\":\"es\",\"potentialAction\":[{\"@type\":\"ReadAction\",\"target\":[\"https:\\\/\\\/www.cope.es\\\/blogs\\\/tendencias-moda\\\/2014\\\/02\\\/17\\\/cibeles-fashion-week-madrid-backstage\\\/\"]}]},{\"@type\":\"ImageObject\",\"inLanguage\":\"es\",\"@id\":\"https:\\\/\\\/www.cope.es\\\/blogs\\\/tendencias-moda\\\/2014\\\/02\\\/17\\\/cibeles-fashion-week-madrid-backstage\\\/#primaryimage\",\"url\":\"https:\\\/\\\/www.cope.es\\\/blogs\\\/tendencias-moda\\\/wp-content\\\/uploads\\\/sites\\\/3\\\/2014\\\/02\\\/lamothe-cibeles-urena.jpg\",\"contentUrl\":\"https:\\\/\\\/www.cope.es\\\/blogs\\\/tendencias-moda\\\/wp-content\\\/uploads\\\/sites\\\/3\\\/2014\\\/02\\\/lamothe-cibeles-urena.jpg\",\"width\":1024,\"height\":768},{\"@type\":\"BreadcrumbList\",\"@id\":\"https:\\\/\\\/www.cope.es\\\/blogs\\\/tendencias-moda\\\/2014\\\/02\\\/17\\\/cibeles-fashion-week-madrid-backstage\\\/#breadcrumb\",\"itemListElement\":[{\"@type\":\"ListItem\",\"position\":1,\"name\":\"Portada\",\"item\":\"https:\\\/\\\/www.cope.es\\\/blogs\\\/tendencias-moda\\\/\"},{\"@type\":\"ListItem\",\"position\":2,\"name\":\"Cosas de \u00abbackstage\u00bb\"}]},{\"@type\":\"WebSite\",\"@id\":\"https:\\\/\\\/www.cope.es\\\/blogs\\\/tendencias-moda\\\/#website\",\"url\":\"https:\\\/\\\/www.cope.es\\\/blogs\\\/tendencias-moda\\\/\",\"name\":\"L\u00e9xico fashionista\",\"description\":\"Stiletto, clutch, hobo, peep toe, petite robe noire, kawai, cabas, coolhunter, boho, trendy\u2026 la moda utiliza  palabras para las cuales a veces necesitamos un traductor simult\u00e1neo. Pero como Babel Fish no siempre funciona, sirva esta experta en la materia para descifrar el l\u00e9xico fashionista, desde las tendencias m\u00e1s audaces hasta los OMNIs (Objetos de Moda No Identificados) m\u00e1s curiosos.\",\"potentialAction\":[{\"@type\":\"SearchAction\",\"target\":{\"@type\":\"EntryPoint\",\"urlTemplate\":\"https:\\\/\\\/www.cope.es\\\/blogs\\\/tendencias-moda\\\/?s={search_term_string}\"},\"query-input\":{\"@type\":\"PropertyValueSpecification\",\"valueRequired\":true,\"valueName\":\"search_term_string\"}}],\"inLanguage\":\"es\"},{\"@type\":\"Person\",\"@id\":\"https:\\\/\\\/www.cope.es\\\/blogs\\\/tendencias-moda\\\/#\\\/schema\\\/person\\\/d4c92e5cdffedbf565412bbc8a5df606\",\"name\":\"Ana Ure\u00f1a\",\"image\":{\"@type\":\"ImageObject\",\"inLanguage\":\"es\",\"@id\":\"https:\\\/\\\/secure.gravatar.com\\\/avatar\\\/09b592e7ab3e707f9f24abacd8ecd4d629b60de09d3b1ce2fec15163eb6c9749?s=96&d=mm&r=g\",\"url\":\"https:\\\/\\\/secure.gravatar.com\\\/avatar\\\/09b592e7ab3e707f9f24abacd8ecd4d629b60de09d3b1ce2fec15163eb6c9749?s=96&d=mm&r=g\",\"contentUrl\":\"https:\\\/\\\/secure.gravatar.com\\\/avatar\\\/09b592e7ab3e707f9f24abacd8ecd4d629b60de09d3b1ce2fec15163eb6c9749?s=96&d=mm&r=g\",\"caption\":\"Ana Ure\u00f1a\"},\"description\":\"Ana Ure\u00f1a empez\u00f3 hace m\u00e1s de 15 a\u00f1os como becaria en la revista de moda Harper\u2019s en Londres, donde perfeccion\u00f3 su habilidad preparando caf\u00e9 para las reuniones de contenidos. M\u00e1s tarde trabaj\u00f3 para la revista de moda y sociedad \u00abTatler\u00bb, de Cond\u00e9 Nast, y para el peri\u00f3dico \u00abThe Times\u00bb, donde fue pionera al escribir uno de los primeros blogs de moda que existieron en el mundo. Al volver a Madrid, form\u00f3 parte de los equipos de ELLE y VOGUE, pasando por el grupo Vocento y llegando a ser directora de la revista Cosmopolitan. Ahora llega a La Cope a retomar este blog que naci\u00f3 en ABC y nos descubri\u00f3 t\u00e9rminos como OMNIs (Objetos de Moda No Identificados) y nos habl\u00f3 de los cronuts (un h\u00edbrido gourmet entre cruas\u00e1n y donut) antes que nadie. Hoy ya no hace el caf\u00e9 para nadie y solo sue\u00f1a con que se lo prepare George Clooney con su m\u00e1quina de c\u00e1psulas.\",\"sameAs\":[\"http:\\\/\\\/www.cope.es\",\"https:\\\/\\\/www.facebook.com\\\/ana.urena\",\"https:\\\/\\\/x.com\\\/anaurena\"],\"url\":\"https:\\\/\\\/www.cope.es\\\/blogs\\\/tendencias-moda\\\/author\\\/aurena\\\/\"}]}<\/script>\n<!-- \/ Yoast SEO plugin. -->","yoast_head_json":{"title":"Cosas de \u00abbackstage\u00bb - L\u00e9xico fashionista","robots":{"index":"index","follow":"follow","max-snippet":"max-snippet:-1","max-image-preview":"max-image-preview:large","max-video-preview":"max-video-preview:-1"},"canonical":"https:\/\/www.cope.es\/blogs\/tendencias-moda\/2014\/02\/17\/cibeles-fashion-week-madrid-backstage\/","og_locale":"es_ES","og_type":"article","og_title":"Cosas de \u00abbackstage\u00bb - L\u00e9xico fashionista","og_description":"Para aquellos que est\u00e9n acostumbrados a ver las colecciones sobre la pasarela, pero nunca se han adentrado en el \u00abbackstage\u00bb (trastienda) de los desfiles, os dejo unos detalles de los que podemos encontrar \u00abentre bambalinas Cibelinas\u00bb.","og_url":"https:\/\/www.cope.es\/blogs\/tendencias-moda\/2014\/02\/17\/cibeles-fashion-week-madrid-backstage\/","og_site_name":"L\u00e9xico fashionista","article_publisher":"https:\/\/www.facebook.com\/cope\/","article_author":"https:\/\/www.facebook.com\/ana.urena","article_published_time":"2014-02-17T08:33:14+00:00","og_image":[{"width":1024,"height":768,"url":"https:\/\/www.cope.es\/blogs\/tendencias-moda\/wp-content\/uploads\/sites\/3\/2014\/02\/lamothe-cibeles-urena.jpg","type":"image\/jpeg"}],"author":"Ana Ure\u00f1a","twitter_card":"summary_large_image","twitter_creator":"@anaurena","twitter_site":"@cope_es","twitter_misc":{"Escrito por":"Ana Ure\u00f1a","Tiempo de lectura":"1 minuto"},"schema":{"@context":"https:\/\/schema.org","@graph":[{"@type":"Article","@id":"https:\/\/www.cope.es\/blogs\/tendencias-moda\/2014\/02\/17\/cibeles-fashion-week-madrid-backstage\/#article","isPartOf":{"@id":"https:\/\/www.cope.es\/blogs\/tendencias-moda\/2014\/02\/17\/cibeles-fashion-week-madrid-backstage\/"},"author":{"name":"Ana Ure\u00f1a","@id":"https:\/\/www.cope.es\/blogs\/tendencias-moda\/#\/schema\/person\/d4c92e5cdffedbf565412bbc8a5df606"},"headline":"Cosas de \u00abbackstage\u00bb","datePublished":"2014-02-17T08:33:14+00:00","mainEntityOfPage":{"@id":"https:\/\/www.cope.es\/blogs\/tendencias-moda\/2014\/02\/17\/cibeles-fashion-week-madrid-backstage\/"},"wordCount":289,"commentCount":0,"image":{"@id":"https:\/\/www.cope.es\/blogs\/tendencias-moda\/2014\/02\/17\/cibeles-fashion-week-madrid-backstage\/#primaryimage"},"thumbnailUrl":"https:\/\/www.cope.es\/blogs\/tendencias-moda\/wp-content\/uploads\/sites\/3\/2014\/02\/lamothe-cibeles-urena.jpg","articleSection":["curiosidades","desfiles"],"inLanguage":"es","potentialAction":[{"@type":"CommentAction","name":"Comment","target":["https:\/\/www.cope.es\/blogs\/tendencias-moda\/2014\/02\/17\/cibeles-fashion-week-madrid-backstage\/#respond"]}]},{"@type":"WebPage","@id":"https:\/\/www.cope.es\/blogs\/tendencias-moda\/2014\/02\/17\/cibeles-fashion-week-madrid-backstage\/","url":"https:\/\/www.cope.es\/blogs\/tendencias-moda\/2014\/02\/17\/cibeles-fashion-week-madrid-backstage\/","name":"Cosas de \u00abbackstage\u00bb - L\u00e9xico fashionista","isPartOf":{"@id":"https:\/\/www.cope.es\/blogs\/tendencias-moda\/#website"},"primaryImageOfPage":{"@id":"https:\/\/www.cope.es\/blogs\/tendencias-moda\/2014\/02\/17\/cibeles-fashion-week-madrid-backstage\/#primaryimage"},"image":{"@id":"https:\/\/www.cope.es\/blogs\/tendencias-moda\/2014\/02\/17\/cibeles-fashion-week-madrid-backstage\/#primaryimage"},"thumbnailUrl":"https:\/\/www.cope.es\/blogs\/tendencias-moda\/wp-content\/uploads\/sites\/3\/2014\/02\/lamothe-cibeles-urena.jpg","datePublished":"2014-02-17T08:33:14+00:00","author":{"@id":"https:\/\/www.cope.es\/blogs\/tendencias-moda\/#\/schema\/person\/d4c92e5cdffedbf565412bbc8a5df606"},"breadcrumb":{"@id":"https:\/\/www.cope.es\/blogs\/tendencias-moda\/2014\/02\/17\/cibeles-fashion-week-madrid-backstage\/#breadcrumb"},"inLanguage":"es","potentialAction":[{"@type":"ReadAction","target":["https:\/\/www.cope.es\/blogs\/tendencias-moda\/2014\/02\/17\/cibeles-fashion-week-madrid-backstage\/"]}]},{"@type":"ImageObject","inLanguage":"es","@id":"https:\/\/www.cope.es\/blogs\/tendencias-moda\/2014\/02\/17\/cibeles-fashion-week-madrid-backstage\/#primaryimage","url":"https:\/\/www.cope.es\/blogs\/tendencias-moda\/wp-content\/uploads\/sites\/3\/2014\/02\/lamothe-cibeles-urena.jpg","contentUrl":"https:\/\/www.cope.es\/blogs\/tendencias-moda\/wp-content\/uploads\/sites\/3\/2014\/02\/lamothe-cibeles-urena.jpg","width":1024,"height":768},{"@type":"BreadcrumbList","@id":"https:\/\/www.cope.es\/blogs\/tendencias-moda\/2014\/02\/17\/cibeles-fashion-week-madrid-backstage\/#breadcrumb","itemListElement":[{"@type":"ListItem","position":1,"name":"Portada","item":"https:\/\/www.cope.es\/blogs\/tendencias-moda\/"},{"@type":"ListItem","position":2,"name":"Cosas de \u00abbackstage\u00bb"}]},{"@type":"WebSite","@id":"https:\/\/www.cope.es\/blogs\/tendencias-moda\/#website","url":"https:\/\/www.cope.es\/blogs\/tendencias-moda\/","name":"L\u00e9xico fashionista","description":"Stiletto, clutch, hobo, peep toe, petite robe noire, kawai, cabas, coolhunter, boho, trendy\u2026 la moda utiliza  palabras para las cuales a veces necesitamos un traductor simult\u00e1neo. Pero como Babel Fish no siempre funciona, sirva esta experta en la materia para descifrar el l\u00e9xico fashionista, desde las tendencias m\u00e1s audaces hasta los OMNIs (Objetos de Moda No Identificados) m\u00e1s curiosos.","potentialAction":[{"@type":"SearchAction","target":{"@type":"EntryPoint","urlTemplate":"https:\/\/www.cope.es\/blogs\/tendencias-moda\/?s={search_term_string}"},"query-input":{"@type":"PropertyValueSpecification","valueRequired":true,"valueName":"search_term_string"}}],"inLanguage":"es"},{"@type":"Person","@id":"https:\/\/www.cope.es\/blogs\/tendencias-moda\/#\/schema\/person\/d4c92e5cdffedbf565412bbc8a5df606","name":"Ana Ure\u00f1a","image":{"@type":"ImageObject","inLanguage":"es","@id":"https:\/\/secure.gravatar.com\/avatar\/09b592e7ab3e707f9f24abacd8ecd4d629b60de09d3b1ce2fec15163eb6c9749?s=96&d=mm&r=g","url":"https:\/\/secure.gravatar.com\/avatar\/09b592e7ab3e707f9f24abacd8ecd4d629b60de09d3b1ce2fec15163eb6c9749?s=96&d=mm&r=g","contentUrl":"https:\/\/secure.gravatar.com\/avatar\/09b592e7ab3e707f9f24abacd8ecd4d629b60de09d3b1ce2fec15163eb6c9749?s=96&d=mm&r=g","caption":"Ana Ure\u00f1a"},"description":"Ana Ure\u00f1a empez\u00f3 hace m\u00e1s de 15 a\u00f1os como becaria en la revista de moda Harper\u2019s en Londres, donde perfeccion\u00f3 su habilidad preparando caf\u00e9 para las reuniones de contenidos. M\u00e1s tarde trabaj\u00f3 para la revista de moda y sociedad \u00abTatler\u00bb, de Cond\u00e9 Nast, y para el peri\u00f3dico \u00abThe Times\u00bb, donde fue pionera al escribir uno de los primeros blogs de moda que existieron en el mundo. Al volver a Madrid, form\u00f3 parte de los equipos de ELLE y VOGUE, pasando por el grupo Vocento y llegando a ser directora de la revista Cosmopolitan. Ahora llega a La Cope a retomar este blog que naci\u00f3 en ABC y nos descubri\u00f3 t\u00e9rminos como OMNIs (Objetos de Moda No Identificados) y nos habl\u00f3 de los cronuts (un h\u00edbrido gourmet entre cruas\u00e1n y donut) antes que nadie. Hoy ya no hace el caf\u00e9 para nadie y solo sue\u00f1a con que se lo prepare George Clooney con su m\u00e1quina de c\u00e1psulas.","sameAs":["http:\/\/www.cope.es","https:\/\/www.facebook.com\/ana.urena","https:\/\/x.com\/anaurena"],"url":"https:\/\/www.cope.es\/blogs\/tendencias-moda\/author\/aurena\/"}]}},"amp_enabled":true,"_links":{"self":[{"href":"https:\/\/www.cope.es\/blogs\/tendencias-moda\/wp-json\/wp\/v2\/posts\/16397","targetHints":{"allow":["GET"]}}],"collection":[{"href":"https:\/\/www.cope.es\/blogs\/tendencias-moda\/wp-json\/wp\/v2\/posts"}],"about":[{"href":"https:\/\/www.cope.es\/blogs\/tendencias-moda\/wp-json\/wp\/v2\/types\/post"}],"author":[{"embeddable":true,"href":"https:\/\/www.cope.es\/blogs\/tendencias-moda\/wp-json\/wp\/v2\/users\/2"}],"replies":[{"embeddable":true,"href":"https:\/\/www.cope.es\/blogs\/tendencias-moda\/wp-json\/wp\/v2\/comments?post=16397"}],"version-history":[{"count":0,"href":"https:\/\/www.cope.es\/blogs\/tendencias-moda\/wp-json\/wp\/v2\/posts\/16397\/revisions"}],"wp:featuredmedia":[{"embeddable":true,"href":"https:\/\/www.cope.es\/blogs\/tendencias-moda\/wp-json\/wp\/v2\/media\/16403"}],"wp:attachment":[{"href":"https:\/\/www.cope.es\/blogs\/tendencias-moda\/wp-json\/wp\/v2\/media?parent=16397"}],"wp:term":[{"taxonomy":"category","embeddable":true,"href":"https:\/\/www.cope.es\/blogs\/tendencias-moda\/wp-json\/wp\/v2\/categories?post=16397"},{"taxonomy":"post_tag","embeddable":true,"href":"https:\/\/www.cope.es\/blogs\/tendencias-moda\/wp-json\/wp\/v2\/tags?post=16397"}],"curies":[{"name":"wp","href":"https:\/\/api.w.org\/{rel}","templated":true}]}}