{"id":16269,"date":"2013-11-20T09:39:00","date_gmt":"2013-11-20T08:39:00","guid":{"rendered":"http:\/\/abcblogs.abc.es\/tendencias-moda\/?p=16269"},"modified":"2013-11-20T09:39:00","modified_gmt":"2013-11-20T08:39:00","slug":"curriculo-fashionista-embajador-usa-james-costos","status":"publish","type":"post","link":"https:\/\/www.cope.es\/blogs\/tendencias-moda\/2013\/11\/20\/curriculo-fashionista-embajador-usa-james-costos\/","title":{"rendered":"El curr\u00edculo fashionista del embajador de USA"},"content":{"rendered":"<p>Hay un<strong> revuelo entre las fashionistas de Madrid por conocer a James Costos,<\/strong> el Embajador de Estados Unidos en Espa\u00f1a y Andorra desde agosto. Nunca un enviado especial desde USA hab\u00eda suscitado tanta expectaci\u00f3n. \u00bfPor qu\u00e9 quieren tenerlo todas como mejor amigo? Os sorprender\u00e1. Y no tiene nada que ver con una \u00abgreen card\u00bb.<!--more--><\/p>\n<p>&nbsp;<\/p>\n<p><strong>1) Su \u00abfashion connection\u00bb (conexi\u00f3n con la moda).<\/strong><\/p>\n<p>Hasta su nombramiento, Costos era Vicepresidente de Licencias y Comercio Minorista Globales de Home Box Office. Aqu\u00ed las palabras importantes son Home Box Office, que viene a ser HBO, s\u00ed la productora de \u00ab<strong>Sexo en Nueva Yor<\/strong>k\u00bb, entre otras series de \u00e9xito. De su curricumlum tambi\u00e9n resaltamos puestos en <strong>Tod\u2019s<\/strong> y <strong>Herm\u00e9s<\/strong>. Entre sus amigas se encuentra Natalie Massenet de la web Net a Porter.<\/p>\n<p>&nbsp;<\/p>\n<p><strong>2) Es un embajador viral.<\/strong><\/p>\n<p>A su llegada a Madrid, <strong>subi\u00f3 v\u00eddeos a Youtube<\/strong> sobre la experiencia\u00a0 y proceso de su nombramiento como nuevo Embajador en Espa\u00f1a . Queremos tenerle en Twitter en Facebook y en Instagram.<\/p>\n<p>&nbsp;<\/p>\n<p><strong>3) Su novio tiene buen gusto.<\/strong><\/p>\n<p>Su pareja es el dise\u00f1ador de interiores Michael S. Smith que entre otras cosas, fue el responsable de darle un nuevo aire a la Casa Blanca, bajo la supervisi\u00f3n de <strong>Michelle Obama<\/strong>. Otros clientes incluyen <strong>Steven Spielberg<\/strong> y <strong>George Clooney<\/strong>.<\/p>\n<p>&nbsp;<\/p>\n<figure id=\"attachment_16271\" aria-describedby=\"caption-attachment-16271\" style=\"width: 468px\" class=\"wp-caption alignnone\"><a href=\"\/tendencias-moda\/wp-content\/uploads\/sites\/78\/2013\/11\/james-costos-dogs.jpg\"><img decoding=\"async\" class=\"size-medium wp-image-16271\" alt=\"RECEPCI\u00d3N OFRECIDA POR EL EMBAJADOR DE EEUU EN ESPA\u00d1A\" src=\"\/tendencias-moda\/wp-content\/uploads\/sites\/78\/2013\/11\/james-costos-dogs-468x368.jpg\" \/><\/a><figcaption id=\"caption-attachment-16271\" class=\"wp-caption-text\">El embajador James Costas (izquierda) y su pareja Michael Smith (derecha) en su residencia de Los \u00c1ngeles con sus tres mascotas<\/figcaption><\/figure>\n<p>&nbsp;<\/p>\n<p><strong>4) Tiene el perro de moda.<\/strong><\/p>\n<p>Se llama \u00ab<strong>labradoodle<\/strong>\u00bb, es un cruce entre un labrador y un \u00abpoodle\u00bb (caniche) y tiene dos, Jasper y Sport. Lamentablemente no viajaran a Madrid. Pero s\u00ed se han traido a su perra Lily, un bedlington terrier.<\/p>\n","protected":false},"excerpt":{"rendered":"<p>Hay un revuelo entre las fashionistas de Madrid por conocer a James Costos, el Embajador de Estados Unidos en Espa\u00f1a y Andorra desde agosto. Nunca un enviado especial desde USA hab\u00eda suscitado tanta expectaci\u00f3n. \u00bfPor qu\u00e9 quieren tenerlo todas como mejor amigo? Os sorprender\u00e1. Y no tiene nada que ver con una \u00abgreen card\u00bb.<\/p>\n","protected":false},"author":2,"featured_media":16270,"comment_status":"open","ping_status":"open","sticky":false,"template":"","format":"standard","meta":{"footnotes":""},"categories":[16,17,19],"tags":[],"class_list":["post-16269","post","type-post","status-publish","format-standard","has-post-thumbnail","hentry","category-celebrities","category-curiosidades","category-disenadores"],"yoast_head":"<!-- This site is optimized with the Yoast SEO plugin v27.4 - https:\/\/yoast.com\/product\/yoast-seo-wordpress\/ -->\n<title>El curr\u00edculo fashionista del embajador de USA - L\u00e9xico fashionista<\/title>\n<meta name=\"robots\" content=\"index, follow, max-snippet:-1, max-image-preview:large, max-video-preview:-1\" \/>\n<link rel=\"canonical\" href=\"https:\/\/www.cope.es\/blogs\/tendencias-moda\/2013\/11\/20\/curriculo-fashionista-embajador-usa-james-costos\/\" \/>\n<meta property=\"og:locale\" content=\"es_ES\" \/>\n<meta property=\"og:type\" content=\"article\" \/>\n<meta property=\"og:title\" content=\"El curr\u00edculo fashionista del embajador de USA - L\u00e9xico fashionista\" \/>\n<meta property=\"og:description\" content=\"Hay un revuelo entre las fashionistas de Madrid por conocer a James Costos, el Embajador de Estados Unidos en Espa\u00f1a y Andorra desde agosto. Nunca un enviado especial desde USA hab\u00eda suscitado tanta expectaci\u00f3n. \u00bfPor qu\u00e9 quieren tenerlo todas como mejor amigo? Os sorprender\u00e1. Y no tiene nada que ver con una \u00abgreen card\u00bb.\" \/>\n<meta property=\"og:url\" content=\"https:\/\/www.cope.es\/blogs\/tendencias-moda\/2013\/11\/20\/curriculo-fashionista-embajador-usa-james-costos\/\" \/>\n<meta property=\"og:site_name\" content=\"L\u00e9xico fashionista\" \/>\n<meta property=\"article:publisher\" content=\"https:\/\/www.facebook.com\/cope\/\" \/>\n<meta property=\"article:author\" content=\"https:\/\/www.facebook.com\/ana.urena\" \/>\n<meta property=\"article:published_time\" content=\"2013-11-20T08:39:00+00:00\" \/>\n<meta property=\"og:image\" content=\"https:\/\/www.cope.es\/blogs\/tendencias-moda\/wp-content\/uploads\/sites\/3\/2013\/11\/embajador-usa-james-costos.jpg\" \/>\n\t<meta property=\"og:image:width\" content=\"800\" \/>\n\t<meta property=\"og:image:height\" content=\"559\" \/>\n\t<meta property=\"og:image:type\" content=\"image\/jpeg\" \/>\n<meta name=\"author\" content=\"Ana Ure\u00f1a\" \/>\n<meta name=\"twitter:card\" content=\"summary_large_image\" \/>\n<meta name=\"twitter:creator\" content=\"@anaurena\" \/>\n<meta name=\"twitter:site\" content=\"@cope_es\" \/>\n<meta name=\"twitter:label1\" content=\"Escrito por\" \/>\n\t<meta name=\"twitter:data1\" content=\"Ana Ure\u00f1a\" \/>\n\t<meta name=\"twitter:label2\" content=\"Tiempo de lectura\" \/>\n\t<meta name=\"twitter:data2\" content=\"1 minuto\" \/>\n<script type=\"application\/ld+json\" class=\"yoast-schema-graph\">{\"@context\":\"https:\\\/\\\/schema.org\",\"@graph\":[{\"@type\":\"Article\",\"@id\":\"https:\\\/\\\/www.cope.es\\\/blogs\\\/tendencias-moda\\\/2013\\\/11\\\/20\\\/curriculo-fashionista-embajador-usa-james-costos\\\/#article\",\"isPartOf\":{\"@id\":\"https:\\\/\\\/www.cope.es\\\/blogs\\\/tendencias-moda\\\/2013\\\/11\\\/20\\\/curriculo-fashionista-embajador-usa-james-costos\\\/\"},\"author\":{\"name\":\"Ana Ure\u00f1a\",\"@id\":\"https:\\\/\\\/www.cope.es\\\/blogs\\\/tendencias-moda\\\/#\\\/schema\\\/person\\\/d4c92e5cdffedbf565412bbc8a5df606\"},\"headline\":\"El curr\u00edculo fashionista del embajador de USA\",\"datePublished\":\"2013-11-20T08:39:00+00:00\",\"mainEntityOfPage\":{\"@id\":\"https:\\\/\\\/www.cope.es\\\/blogs\\\/tendencias-moda\\\/2013\\\/11\\\/20\\\/curriculo-fashionista-embajador-usa-james-costos\\\/\"},\"wordCount\":299,\"commentCount\":0,\"image\":{\"@id\":\"https:\\\/\\\/www.cope.es\\\/blogs\\\/tendencias-moda\\\/2013\\\/11\\\/20\\\/curriculo-fashionista-embajador-usa-james-costos\\\/#primaryimage\"},\"thumbnailUrl\":\"https:\\\/\\\/www.cope.es\\\/blogs\\\/tendencias-moda\\\/wp-content\\\/uploads\\\/sites\\\/3\\\/2013\\\/11\\\/embajador-usa-james-costos.jpg\",\"articleSection\":[\"celebrities\",\"curiosidades\",\"dise\u00f1adores\"],\"inLanguage\":\"es\",\"potentialAction\":[{\"@type\":\"CommentAction\",\"name\":\"Comment\",\"target\":[\"https:\\\/\\\/www.cope.es\\\/blogs\\\/tendencias-moda\\\/2013\\\/11\\\/20\\\/curriculo-fashionista-embajador-usa-james-costos\\\/#respond\"]}]},{\"@type\":\"WebPage\",\"@id\":\"https:\\\/\\\/www.cope.es\\\/blogs\\\/tendencias-moda\\\/2013\\\/11\\\/20\\\/curriculo-fashionista-embajador-usa-james-costos\\\/\",\"url\":\"https:\\\/\\\/www.cope.es\\\/blogs\\\/tendencias-moda\\\/2013\\\/11\\\/20\\\/curriculo-fashionista-embajador-usa-james-costos\\\/\",\"name\":\"El curr\u00edculo fashionista del embajador de USA - L\u00e9xico fashionista\",\"isPartOf\":{\"@id\":\"https:\\\/\\\/www.cope.es\\\/blogs\\\/tendencias-moda\\\/#website\"},\"primaryImageOfPage\":{\"@id\":\"https:\\\/\\\/www.cope.es\\\/blogs\\\/tendencias-moda\\\/2013\\\/11\\\/20\\\/curriculo-fashionista-embajador-usa-james-costos\\\/#primaryimage\"},\"image\":{\"@id\":\"https:\\\/\\\/www.cope.es\\\/blogs\\\/tendencias-moda\\\/2013\\\/11\\\/20\\\/curriculo-fashionista-embajador-usa-james-costos\\\/#primaryimage\"},\"thumbnailUrl\":\"https:\\\/\\\/www.cope.es\\\/blogs\\\/tendencias-moda\\\/wp-content\\\/uploads\\\/sites\\\/3\\\/2013\\\/11\\\/embajador-usa-james-costos.jpg\",\"datePublished\":\"2013-11-20T08:39:00+00:00\",\"author\":{\"@id\":\"https:\\\/\\\/www.cope.es\\\/blogs\\\/tendencias-moda\\\/#\\\/schema\\\/person\\\/d4c92e5cdffedbf565412bbc8a5df606\"},\"breadcrumb\":{\"@id\":\"https:\\\/\\\/www.cope.es\\\/blogs\\\/tendencias-moda\\\/2013\\\/11\\\/20\\\/curriculo-fashionista-embajador-usa-james-costos\\\/#breadcrumb\"},\"inLanguage\":\"es\",\"potentialAction\":[{\"@type\":\"ReadAction\",\"target\":[\"https:\\\/\\\/www.cope.es\\\/blogs\\\/tendencias-moda\\\/2013\\\/11\\\/20\\\/curriculo-fashionista-embajador-usa-james-costos\\\/\"]}]},{\"@type\":\"ImageObject\",\"inLanguage\":\"es\",\"@id\":\"https:\\\/\\\/www.cope.es\\\/blogs\\\/tendencias-moda\\\/2013\\\/11\\\/20\\\/curriculo-fashionista-embajador-usa-james-costos\\\/#primaryimage\",\"url\":\"https:\\\/\\\/www.cope.es\\\/blogs\\\/tendencias-moda\\\/wp-content\\\/uploads\\\/sites\\\/3\\\/2013\\\/11\\\/embajador-usa-james-costos.jpg\",\"contentUrl\":\"https:\\\/\\\/www.cope.es\\\/blogs\\\/tendencias-moda\\\/wp-content\\\/uploads\\\/sites\\\/3\\\/2013\\\/11\\\/embajador-usa-james-costos.jpg\",\"width\":800,\"height\":559},{\"@type\":\"BreadcrumbList\",\"@id\":\"https:\\\/\\\/www.cope.es\\\/blogs\\\/tendencias-moda\\\/2013\\\/11\\\/20\\\/curriculo-fashionista-embajador-usa-james-costos\\\/#breadcrumb\",\"itemListElement\":[{\"@type\":\"ListItem\",\"position\":1,\"name\":\"Portada\",\"item\":\"https:\\\/\\\/www.cope.es\\\/blogs\\\/tendencias-moda\\\/\"},{\"@type\":\"ListItem\",\"position\":2,\"name\":\"El curr\u00edculo fashionista del embajador de USA\"}]},{\"@type\":\"WebSite\",\"@id\":\"https:\\\/\\\/www.cope.es\\\/blogs\\\/tendencias-moda\\\/#website\",\"url\":\"https:\\\/\\\/www.cope.es\\\/blogs\\\/tendencias-moda\\\/\",\"name\":\"L\u00e9xico fashionista\",\"description\":\"Stiletto, clutch, hobo, peep toe, petite robe noire, kawai, cabas, coolhunter, boho, trendy\u2026 la moda utiliza  palabras para las cuales a veces necesitamos un traductor simult\u00e1neo. Pero como Babel Fish no siempre funciona, sirva esta experta en la materia para descifrar el l\u00e9xico fashionista, desde las tendencias m\u00e1s audaces hasta los OMNIs (Objetos de Moda No Identificados) m\u00e1s curiosos.\",\"potentialAction\":[{\"@type\":\"SearchAction\",\"target\":{\"@type\":\"EntryPoint\",\"urlTemplate\":\"https:\\\/\\\/www.cope.es\\\/blogs\\\/tendencias-moda\\\/?s={search_term_string}\"},\"query-input\":{\"@type\":\"PropertyValueSpecification\",\"valueRequired\":true,\"valueName\":\"search_term_string\"}}],\"inLanguage\":\"es\"},{\"@type\":\"Person\",\"@id\":\"https:\\\/\\\/www.cope.es\\\/blogs\\\/tendencias-moda\\\/#\\\/schema\\\/person\\\/d4c92e5cdffedbf565412bbc8a5df606\",\"name\":\"Ana Ure\u00f1a\",\"image\":{\"@type\":\"ImageObject\",\"inLanguage\":\"es\",\"@id\":\"https:\\\/\\\/secure.gravatar.com\\\/avatar\\\/09b592e7ab3e707f9f24abacd8ecd4d629b60de09d3b1ce2fec15163eb6c9749?s=96&d=mm&r=g\",\"url\":\"https:\\\/\\\/secure.gravatar.com\\\/avatar\\\/09b592e7ab3e707f9f24abacd8ecd4d629b60de09d3b1ce2fec15163eb6c9749?s=96&d=mm&r=g\",\"contentUrl\":\"https:\\\/\\\/secure.gravatar.com\\\/avatar\\\/09b592e7ab3e707f9f24abacd8ecd4d629b60de09d3b1ce2fec15163eb6c9749?s=96&d=mm&r=g\",\"caption\":\"Ana Ure\u00f1a\"},\"description\":\"Ana Ure\u00f1a empez\u00f3 hace m\u00e1s de 15 a\u00f1os como becaria en la revista de moda Harper\u2019s en Londres, donde perfeccion\u00f3 su habilidad preparando caf\u00e9 para las reuniones de contenidos. M\u00e1s tarde trabaj\u00f3 para la revista de moda y sociedad \u00abTatler\u00bb, de Cond\u00e9 Nast, y para el peri\u00f3dico \u00abThe Times\u00bb, donde fue pionera al escribir uno de los primeros blogs de moda que existieron en el mundo. Al volver a Madrid, form\u00f3 parte de los equipos de ELLE y VOGUE, pasando por el grupo Vocento y llegando a ser directora de la revista Cosmopolitan. Ahora llega a La Cope a retomar este blog que naci\u00f3 en ABC y nos descubri\u00f3 t\u00e9rminos como OMNIs (Objetos de Moda No Identificados) y nos habl\u00f3 de los cronuts (un h\u00edbrido gourmet entre cruas\u00e1n y donut) antes que nadie. Hoy ya no hace el caf\u00e9 para nadie y solo sue\u00f1a con que se lo prepare George Clooney con su m\u00e1quina de c\u00e1psulas.\",\"sameAs\":[\"http:\\\/\\\/www.cope.es\",\"https:\\\/\\\/www.facebook.com\\\/ana.urena\",\"https:\\\/\\\/x.com\\\/anaurena\"],\"url\":\"https:\\\/\\\/www.cope.es\\\/blogs\\\/tendencias-moda\\\/author\\\/aurena\\\/\"}]}<\/script>\n<!-- \/ Yoast SEO plugin. -->","yoast_head_json":{"title":"El curr\u00edculo fashionista del embajador de USA - L\u00e9xico fashionista","robots":{"index":"index","follow":"follow","max-snippet":"max-snippet:-1","max-image-preview":"max-image-preview:large","max-video-preview":"max-video-preview:-1"},"canonical":"https:\/\/www.cope.es\/blogs\/tendencias-moda\/2013\/11\/20\/curriculo-fashionista-embajador-usa-james-costos\/","og_locale":"es_ES","og_type":"article","og_title":"El curr\u00edculo fashionista del embajador de USA - L\u00e9xico fashionista","og_description":"Hay un revuelo entre las fashionistas de Madrid por conocer a James Costos, el Embajador de Estados Unidos en Espa\u00f1a y Andorra desde agosto. Nunca un enviado especial desde USA hab\u00eda suscitado tanta expectaci\u00f3n. \u00bfPor qu\u00e9 quieren tenerlo todas como mejor amigo? Os sorprender\u00e1. Y no tiene nada que ver con una \u00abgreen card\u00bb.","og_url":"https:\/\/www.cope.es\/blogs\/tendencias-moda\/2013\/11\/20\/curriculo-fashionista-embajador-usa-james-costos\/","og_site_name":"L\u00e9xico fashionista","article_publisher":"https:\/\/www.facebook.com\/cope\/","article_author":"https:\/\/www.facebook.com\/ana.urena","article_published_time":"2013-11-20T08:39:00+00:00","og_image":[{"width":800,"height":559,"url":"https:\/\/www.cope.es\/blogs\/tendencias-moda\/wp-content\/uploads\/sites\/3\/2013\/11\/embajador-usa-james-costos.jpg","type":"image\/jpeg"}],"author":"Ana Ure\u00f1a","twitter_card":"summary_large_image","twitter_creator":"@anaurena","twitter_site":"@cope_es","twitter_misc":{"Escrito por":"Ana Ure\u00f1a","Tiempo de lectura":"1 minuto"},"schema":{"@context":"https:\/\/schema.org","@graph":[{"@type":"Article","@id":"https:\/\/www.cope.es\/blogs\/tendencias-moda\/2013\/11\/20\/curriculo-fashionista-embajador-usa-james-costos\/#article","isPartOf":{"@id":"https:\/\/www.cope.es\/blogs\/tendencias-moda\/2013\/11\/20\/curriculo-fashionista-embajador-usa-james-costos\/"},"author":{"name":"Ana Ure\u00f1a","@id":"https:\/\/www.cope.es\/blogs\/tendencias-moda\/#\/schema\/person\/d4c92e5cdffedbf565412bbc8a5df606"},"headline":"El curr\u00edculo fashionista del embajador de USA","datePublished":"2013-11-20T08:39:00+00:00","mainEntityOfPage":{"@id":"https:\/\/www.cope.es\/blogs\/tendencias-moda\/2013\/11\/20\/curriculo-fashionista-embajador-usa-james-costos\/"},"wordCount":299,"commentCount":0,"image":{"@id":"https:\/\/www.cope.es\/blogs\/tendencias-moda\/2013\/11\/20\/curriculo-fashionista-embajador-usa-james-costos\/#primaryimage"},"thumbnailUrl":"https:\/\/www.cope.es\/blogs\/tendencias-moda\/wp-content\/uploads\/sites\/3\/2013\/11\/embajador-usa-james-costos.jpg","articleSection":["celebrities","curiosidades","dise\u00f1adores"],"inLanguage":"es","potentialAction":[{"@type":"CommentAction","name":"Comment","target":["https:\/\/www.cope.es\/blogs\/tendencias-moda\/2013\/11\/20\/curriculo-fashionista-embajador-usa-james-costos\/#respond"]}]},{"@type":"WebPage","@id":"https:\/\/www.cope.es\/blogs\/tendencias-moda\/2013\/11\/20\/curriculo-fashionista-embajador-usa-james-costos\/","url":"https:\/\/www.cope.es\/blogs\/tendencias-moda\/2013\/11\/20\/curriculo-fashionista-embajador-usa-james-costos\/","name":"El curr\u00edculo fashionista del embajador de USA - L\u00e9xico fashionista","isPartOf":{"@id":"https:\/\/www.cope.es\/blogs\/tendencias-moda\/#website"},"primaryImageOfPage":{"@id":"https:\/\/www.cope.es\/blogs\/tendencias-moda\/2013\/11\/20\/curriculo-fashionista-embajador-usa-james-costos\/#primaryimage"},"image":{"@id":"https:\/\/www.cope.es\/blogs\/tendencias-moda\/2013\/11\/20\/curriculo-fashionista-embajador-usa-james-costos\/#primaryimage"},"thumbnailUrl":"https:\/\/www.cope.es\/blogs\/tendencias-moda\/wp-content\/uploads\/sites\/3\/2013\/11\/embajador-usa-james-costos.jpg","datePublished":"2013-11-20T08:39:00+00:00","author":{"@id":"https:\/\/www.cope.es\/blogs\/tendencias-moda\/#\/schema\/person\/d4c92e5cdffedbf565412bbc8a5df606"},"breadcrumb":{"@id":"https:\/\/www.cope.es\/blogs\/tendencias-moda\/2013\/11\/20\/curriculo-fashionista-embajador-usa-james-costos\/#breadcrumb"},"inLanguage":"es","potentialAction":[{"@type":"ReadAction","target":["https:\/\/www.cope.es\/blogs\/tendencias-moda\/2013\/11\/20\/curriculo-fashionista-embajador-usa-james-costos\/"]}]},{"@type":"ImageObject","inLanguage":"es","@id":"https:\/\/www.cope.es\/blogs\/tendencias-moda\/2013\/11\/20\/curriculo-fashionista-embajador-usa-james-costos\/#primaryimage","url":"https:\/\/www.cope.es\/blogs\/tendencias-moda\/wp-content\/uploads\/sites\/3\/2013\/11\/embajador-usa-james-costos.jpg","contentUrl":"https:\/\/www.cope.es\/blogs\/tendencias-moda\/wp-content\/uploads\/sites\/3\/2013\/11\/embajador-usa-james-costos.jpg","width":800,"height":559},{"@type":"BreadcrumbList","@id":"https:\/\/www.cope.es\/blogs\/tendencias-moda\/2013\/11\/20\/curriculo-fashionista-embajador-usa-james-costos\/#breadcrumb","itemListElement":[{"@type":"ListItem","position":1,"name":"Portada","item":"https:\/\/www.cope.es\/blogs\/tendencias-moda\/"},{"@type":"ListItem","position":2,"name":"El curr\u00edculo fashionista del embajador de USA"}]},{"@type":"WebSite","@id":"https:\/\/www.cope.es\/blogs\/tendencias-moda\/#website","url":"https:\/\/www.cope.es\/blogs\/tendencias-moda\/","name":"L\u00e9xico fashionista","description":"Stiletto, clutch, hobo, peep toe, petite robe noire, kawai, cabas, coolhunter, boho, trendy\u2026 la moda utiliza  palabras para las cuales a veces necesitamos un traductor simult\u00e1neo. Pero como Babel Fish no siempre funciona, sirva esta experta en la materia para descifrar el l\u00e9xico fashionista, desde las tendencias m\u00e1s audaces hasta los OMNIs (Objetos de Moda No Identificados) m\u00e1s curiosos.","potentialAction":[{"@type":"SearchAction","target":{"@type":"EntryPoint","urlTemplate":"https:\/\/www.cope.es\/blogs\/tendencias-moda\/?s={search_term_string}"},"query-input":{"@type":"PropertyValueSpecification","valueRequired":true,"valueName":"search_term_string"}}],"inLanguage":"es"},{"@type":"Person","@id":"https:\/\/www.cope.es\/blogs\/tendencias-moda\/#\/schema\/person\/d4c92e5cdffedbf565412bbc8a5df606","name":"Ana Ure\u00f1a","image":{"@type":"ImageObject","inLanguage":"es","@id":"https:\/\/secure.gravatar.com\/avatar\/09b592e7ab3e707f9f24abacd8ecd4d629b60de09d3b1ce2fec15163eb6c9749?s=96&d=mm&r=g","url":"https:\/\/secure.gravatar.com\/avatar\/09b592e7ab3e707f9f24abacd8ecd4d629b60de09d3b1ce2fec15163eb6c9749?s=96&d=mm&r=g","contentUrl":"https:\/\/secure.gravatar.com\/avatar\/09b592e7ab3e707f9f24abacd8ecd4d629b60de09d3b1ce2fec15163eb6c9749?s=96&d=mm&r=g","caption":"Ana Ure\u00f1a"},"description":"Ana Ure\u00f1a empez\u00f3 hace m\u00e1s de 15 a\u00f1os como becaria en la revista de moda Harper\u2019s en Londres, donde perfeccion\u00f3 su habilidad preparando caf\u00e9 para las reuniones de contenidos. M\u00e1s tarde trabaj\u00f3 para la revista de moda y sociedad \u00abTatler\u00bb, de Cond\u00e9 Nast, y para el peri\u00f3dico \u00abThe Times\u00bb, donde fue pionera al escribir uno de los primeros blogs de moda que existieron en el mundo. Al volver a Madrid, form\u00f3 parte de los equipos de ELLE y VOGUE, pasando por el grupo Vocento y llegando a ser directora de la revista Cosmopolitan. Ahora llega a La Cope a retomar este blog que naci\u00f3 en ABC y nos descubri\u00f3 t\u00e9rminos como OMNIs (Objetos de Moda No Identificados) y nos habl\u00f3 de los cronuts (un h\u00edbrido gourmet entre cruas\u00e1n y donut) antes que nadie. Hoy ya no hace el caf\u00e9 para nadie y solo sue\u00f1a con que se lo prepare George Clooney con su m\u00e1quina de c\u00e1psulas.","sameAs":["http:\/\/www.cope.es","https:\/\/www.facebook.com\/ana.urena","https:\/\/x.com\/anaurena"],"url":"https:\/\/www.cope.es\/blogs\/tendencias-moda\/author\/aurena\/"}]}},"amp_enabled":true,"_links":{"self":[{"href":"https:\/\/www.cope.es\/blogs\/tendencias-moda\/wp-json\/wp\/v2\/posts\/16269","targetHints":{"allow":["GET"]}}],"collection":[{"href":"https:\/\/www.cope.es\/blogs\/tendencias-moda\/wp-json\/wp\/v2\/posts"}],"about":[{"href":"https:\/\/www.cope.es\/blogs\/tendencias-moda\/wp-json\/wp\/v2\/types\/post"}],"author":[{"embeddable":true,"href":"https:\/\/www.cope.es\/blogs\/tendencias-moda\/wp-json\/wp\/v2\/users\/2"}],"replies":[{"embeddable":true,"href":"https:\/\/www.cope.es\/blogs\/tendencias-moda\/wp-json\/wp\/v2\/comments?post=16269"}],"version-history":[{"count":0,"href":"https:\/\/www.cope.es\/blogs\/tendencias-moda\/wp-json\/wp\/v2\/posts\/16269\/revisions"}],"wp:featuredmedia":[{"embeddable":true,"href":"https:\/\/www.cope.es\/blogs\/tendencias-moda\/wp-json\/wp\/v2\/media\/16270"}],"wp:attachment":[{"href":"https:\/\/www.cope.es\/blogs\/tendencias-moda\/wp-json\/wp\/v2\/media?parent=16269"}],"wp:term":[{"taxonomy":"category","embeddable":true,"href":"https:\/\/www.cope.es\/blogs\/tendencias-moda\/wp-json\/wp\/v2\/categories?post=16269"},{"taxonomy":"post_tag","embeddable":true,"href":"https:\/\/www.cope.es\/blogs\/tendencias-moda\/wp-json\/wp\/v2\/tags?post=16269"}],"curies":[{"name":"wp","href":"https:\/\/api.w.org\/{rel}","templated":true}]}}