{"id":16252,"date":"2013-10-24T09:39:46","date_gmt":"2013-10-24T07:39:46","guid":{"rendered":"http:\/\/abcblogs.abc.es\/tendencias-moda\/?p=16252"},"modified":"2013-10-24T09:39:46","modified_gmt":"2013-10-24T07:39:46","slug":"kim-kardashian-west-man-repeller","status":"publish","type":"post","link":"https:\/\/www.cope.es\/blogs\/tendencias-moda\/2013\/10\/24\/kim-kardashian-west-man-repeller\/","title":{"rendered":"\u00bfVistes para ti, para tu pareja o para otras chicas?"},"content":{"rendered":"<p>\u00bfPor qu\u00e9 <strong>tardamos horas en elegir un conjunto<\/strong>? Seguramente sea porque no sabemos la finalidad de este. La l\u00f3gica dicta que cada una de nosotras se arregla para ponerse guapa. Pero la pregunta es: \u00bfpara qui\u00e9n lo hacemos?<!--more--><\/p>\n<p><strong>Kim Kardashian ha declarado que ella se viste para su pareja<\/strong>. Es m\u00e1s, ha cambiado su look para adaptarse al de Kanye West. Atr\u00e1s quedaron esos vestidos tubo recubiertos de pedrer\u00eda en colores del calidoscopio, combinados con zapatos de purpurina y bolsos dorados. Ahora la reina de los \u00abrealities\u00bb est\u00e1 aprendiendo a usar colores neutros al estilo parisino.<\/p>\n<p>&nbsp;<\/p>\n<figure id=\"attachment_16253\" aria-describedby=\"caption-attachment-16253\" style=\"width: 431px\" class=\"wp-caption alignnone\"><a href=\"\/tendencias-moda\/wp-content\/uploads\/sites\/78\/2013\/10\/kim-kardashian-leger.jpg\"><img decoding=\"async\" class=\"size-medium wp-image-16253\" alt=\"La Kim Kardashian de antes... embutida en su vestido color frambuesa de Herv\u00e9 L\u00e9ger\" src=\"\/tendencias-moda\/wp-content\/uploads\/sites\/78\/2013\/10\/kim-kardashian-leger-431x468.jpg\" \/><\/a><figcaption id=\"caption-attachment-16253\" class=\"wp-caption-text\">La Kim Kardashian de antes&#8230; embutida en su vestido color frambuesa de Herv\u00e9 L\u00e9ger<\/figcaption><\/figure>\n<p>&nbsp;<\/p>\n<p>Son muchas las celebrities que han tenido que hacer un <strong>cambio radical para ir conjuntadas con el estilo de vida de su pareja.<\/strong> Dos nombres: Carla Bruni y Kate Middleton. Y mientras el vestir para complacer a tu novio puede tener cierta l\u00f3gica, existe una categor\u00eda de chicas cuya filosof\u00eda pocos pueden entender. Nos referimos a las mujeres \u00abfashionista\u00bb que \u00a0se visten.. para otras chicas.<\/p>\n<p>&nbsp;<\/p>\n<figure id=\"attachment_16256\" aria-describedby=\"caption-attachment-16256\" style=\"width: 440px\" class=\"wp-caption alignnone\"><a href=\"\/tendencias-moda\/wp-content\/uploads\/sites\/78\/2013\/10\/leandra-man-repeller.jpg\"><img decoding=\"async\" class=\"size-medium wp-image-16256\" alt=\"Foto del Instragram de la bloguera Leandra Medine cuyo blog se llama The Man Repeller\" src=\"\/tendencias-moda\/wp-content\/uploads\/sites\/78\/2013\/10\/leandra-man-repeller-440x468.jpg\" \/><\/a><figcaption id=\"caption-attachment-16256\" class=\"wp-caption-text\">Foto del Instragram de la bloguera Leandra Medine cuyo blog se llama The Man Repeller<\/figcaption><\/figure>\n<p>&nbsp;<\/p>\n<p>El ejemplo m\u00e1s claro de esta tendencia es la bloguera Leandra Medine, m\u00e1s conocida como \u00ab<a href=\"http:\/\/www.manrepeller.com\/\" target=\"_blank\">The Man Repeller<\/a>\u00bb. El nombre de su blog lo dice todo. \u00abLa que repele al hombre\u00bb. No os equivoqu\u00e9is, a ella le gustan los chicos. Est\u00e1 casada. Lo que pasa es que no les hace ni caso.<strong> Se viste para epatar a sus amigas y seguidoras.<\/strong> Y su premisa es que la ropa que nos gusta lucir a las chicas, no le suele gustar a los hombres, y le da igual. Es m\u00e1s, ha construido un imperio gracias a este concepto. Su libro ya est\u00e1 a la venta.<\/p>\n<p>&nbsp;<\/p>\n<figure id=\"attachment_16254\" aria-describedby=\"caption-attachment-16254\" style=\"width: 468px\" class=\"wp-caption alignnone\"><a href=\"\/tendencias-moda\/wp-content\/uploads\/sites\/78\/2013\/10\/man-repeller-libro.jpg\"><img decoding=\"async\" class=\"size-medium wp-image-16254\" alt=\"El nuevo libro de la bloguera de \u00e9xito Leandra Medine, conocida como The Man Repeller\" src=\"\/tendencias-moda\/wp-content\/uploads\/sites\/78\/2013\/10\/man-repeller-libro-468x468.jpg\" \/><\/a><figcaption id=\"caption-attachment-16254\" class=\"wp-caption-text\">El nuevo libro de la bloguera de \u00e9xito Leandra Medine, conocida como The Man Repeller<\/figcaption><\/figure>\n<p>&nbsp;<\/p>\n<p>La pr\u00f3xima vez que est\u00e9is frente al espejo, pensad <strong>para qui\u00e9n os est\u00e1is vistiendo<\/strong>. Seguramente, una vez que sep\u00e1is la respuesta, os ayudar\u00e1 a hacerlo m\u00e1s r\u00e1pido.<\/p>\n","protected":false},"excerpt":{"rendered":"<p>\u00bfPor qu\u00e9 tardamos horas en elegir un conjunto? Seguramente sea porque no sabemos la finalidad de este. La l\u00f3gica dicta que cada una de nosotras se arregla para ponerse guapa. Pero la pregunta es: \u00bfpara qui\u00e9n lo hacemos?<\/p>\n","protected":false},"author":2,"featured_media":16255,"comment_status":"open","ping_status":"open","sticky":false,"template":"","format":"standard","meta":{"footnotes":""},"categories":[16,17,27],"tags":[],"class_list":["post-16252","post","type-post","status-publish","format-standard","has-post-thumbnail","hentry","category-celebrities","category-curiosidades","category-tendencia"],"yoast_head":"<!-- This site is optimized with the Yoast SEO plugin v27.4 - https:\/\/yoast.com\/product\/yoast-seo-wordpress\/ -->\n<title>\u00bfVistes para ti, para tu pareja o para otras chicas? - L\u00e9xico fashionista<\/title>\n<meta name=\"robots\" content=\"index, follow, max-snippet:-1, max-image-preview:large, max-video-preview:-1\" \/>\n<link rel=\"canonical\" href=\"https:\/\/www.cope.es\/blogs\/tendencias-moda\/2013\/10\/24\/kim-kardashian-west-man-repeller\/\" \/>\n<meta property=\"og:locale\" content=\"es_ES\" \/>\n<meta property=\"og:type\" content=\"article\" \/>\n<meta property=\"og:title\" content=\"\u00bfVistes para ti, para tu pareja o para otras chicas? - L\u00e9xico fashionista\" \/>\n<meta property=\"og:description\" content=\"\u00bfPor qu\u00e9 tardamos horas en elegir un conjunto? Seguramente sea porque no sabemos la finalidad de este. La l\u00f3gica dicta que cada una de nosotras se arregla para ponerse guapa. Pero la pregunta es: \u00bfpara qui\u00e9n lo hacemos?\" \/>\n<meta property=\"og:url\" content=\"https:\/\/www.cope.es\/blogs\/tendencias-moda\/2013\/10\/24\/kim-kardashian-west-man-repeller\/\" \/>\n<meta property=\"og:site_name\" content=\"L\u00e9xico fashionista\" \/>\n<meta property=\"article:publisher\" content=\"https:\/\/www.facebook.com\/cope\/\" \/>\n<meta property=\"article:author\" content=\"https:\/\/www.facebook.com\/ana.urena\" \/>\n<meta property=\"article:published_time\" content=\"2013-10-24T07:39:46+00:00\" \/>\n<meta property=\"og:image\" content=\"https:\/\/www.cope.es\/blogs\/tendencias-moda\/wp-content\/uploads\/sites\/3\/2013\/10\/kim-kardashian-kanye-west.jpg\" \/>\n\t<meta property=\"og:image:width\" content=\"800\" \/>\n\t<meta property=\"og:image:height\" content=\"563\" \/>\n\t<meta property=\"og:image:type\" content=\"image\/jpeg\" \/>\n<meta name=\"author\" content=\"Ana Ure\u00f1a\" \/>\n<meta name=\"twitter:card\" content=\"summary_large_image\" \/>\n<meta name=\"twitter:creator\" content=\"@anaurena\" \/>\n<meta name=\"twitter:site\" content=\"@cope_es\" \/>\n<meta name=\"twitter:label1\" content=\"Escrito por\" \/>\n\t<meta name=\"twitter:data1\" content=\"Ana Ure\u00f1a\" \/>\n\t<meta name=\"twitter:label2\" content=\"Tiempo de lectura\" \/>\n\t<meta name=\"twitter:data2\" content=\"2 minutos\" \/>\n<script type=\"application\/ld+json\" class=\"yoast-schema-graph\">{\"@context\":\"https:\\\/\\\/schema.org\",\"@graph\":[{\"@type\":\"Article\",\"@id\":\"https:\\\/\\\/www.cope.es\\\/blogs\\\/tendencias-moda\\\/2013\\\/10\\\/24\\\/kim-kardashian-west-man-repeller\\\/#article\",\"isPartOf\":{\"@id\":\"https:\\\/\\\/www.cope.es\\\/blogs\\\/tendencias-moda\\\/2013\\\/10\\\/24\\\/kim-kardashian-west-man-repeller\\\/\"},\"author\":{\"name\":\"Ana Ure\u00f1a\",\"@id\":\"https:\\\/\\\/www.cope.es\\\/blogs\\\/tendencias-moda\\\/#\\\/schema\\\/person\\\/d4c92e5cdffedbf565412bbc8a5df606\"},\"headline\":\"\u00bfVistes para ti, para tu pareja o para otras chicas?\",\"datePublished\":\"2013-10-24T07:39:46+00:00\",\"mainEntityOfPage\":{\"@id\":\"https:\\\/\\\/www.cope.es\\\/blogs\\\/tendencias-moda\\\/2013\\\/10\\\/24\\\/kim-kardashian-west-man-repeller\\\/\"},\"wordCount\":392,\"commentCount\":0,\"image\":{\"@id\":\"https:\\\/\\\/www.cope.es\\\/blogs\\\/tendencias-moda\\\/2013\\\/10\\\/24\\\/kim-kardashian-west-man-repeller\\\/#primaryimage\"},\"thumbnailUrl\":\"https:\\\/\\\/www.cope.es\\\/blogs\\\/tendencias-moda\\\/wp-content\\\/uploads\\\/sites\\\/3\\\/2013\\\/10\\\/kim-kardashian-kanye-west.jpg\",\"articleSection\":[\"celebrities\",\"curiosidades\",\"tendencia\"],\"inLanguage\":\"es\",\"potentialAction\":[{\"@type\":\"CommentAction\",\"name\":\"Comment\",\"target\":[\"https:\\\/\\\/www.cope.es\\\/blogs\\\/tendencias-moda\\\/2013\\\/10\\\/24\\\/kim-kardashian-west-man-repeller\\\/#respond\"]}]},{\"@type\":\"WebPage\",\"@id\":\"https:\\\/\\\/www.cope.es\\\/blogs\\\/tendencias-moda\\\/2013\\\/10\\\/24\\\/kim-kardashian-west-man-repeller\\\/\",\"url\":\"https:\\\/\\\/www.cope.es\\\/blogs\\\/tendencias-moda\\\/2013\\\/10\\\/24\\\/kim-kardashian-west-man-repeller\\\/\",\"name\":\"\u00bfVistes para ti, para tu pareja o para otras chicas? - L\u00e9xico fashionista\",\"isPartOf\":{\"@id\":\"https:\\\/\\\/www.cope.es\\\/blogs\\\/tendencias-moda\\\/#website\"},\"primaryImageOfPage\":{\"@id\":\"https:\\\/\\\/www.cope.es\\\/blogs\\\/tendencias-moda\\\/2013\\\/10\\\/24\\\/kim-kardashian-west-man-repeller\\\/#primaryimage\"},\"image\":{\"@id\":\"https:\\\/\\\/www.cope.es\\\/blogs\\\/tendencias-moda\\\/2013\\\/10\\\/24\\\/kim-kardashian-west-man-repeller\\\/#primaryimage\"},\"thumbnailUrl\":\"https:\\\/\\\/www.cope.es\\\/blogs\\\/tendencias-moda\\\/wp-content\\\/uploads\\\/sites\\\/3\\\/2013\\\/10\\\/kim-kardashian-kanye-west.jpg\",\"datePublished\":\"2013-10-24T07:39:46+00:00\",\"author\":{\"@id\":\"https:\\\/\\\/www.cope.es\\\/blogs\\\/tendencias-moda\\\/#\\\/schema\\\/person\\\/d4c92e5cdffedbf565412bbc8a5df606\"},\"breadcrumb\":{\"@id\":\"https:\\\/\\\/www.cope.es\\\/blogs\\\/tendencias-moda\\\/2013\\\/10\\\/24\\\/kim-kardashian-west-man-repeller\\\/#breadcrumb\"},\"inLanguage\":\"es\",\"potentialAction\":[{\"@type\":\"ReadAction\",\"target\":[\"https:\\\/\\\/www.cope.es\\\/blogs\\\/tendencias-moda\\\/2013\\\/10\\\/24\\\/kim-kardashian-west-man-repeller\\\/\"]}]},{\"@type\":\"ImageObject\",\"inLanguage\":\"es\",\"@id\":\"https:\\\/\\\/www.cope.es\\\/blogs\\\/tendencias-moda\\\/2013\\\/10\\\/24\\\/kim-kardashian-west-man-repeller\\\/#primaryimage\",\"url\":\"https:\\\/\\\/www.cope.es\\\/blogs\\\/tendencias-moda\\\/wp-content\\\/uploads\\\/sites\\\/3\\\/2013\\\/10\\\/kim-kardashian-kanye-west.jpg\",\"contentUrl\":\"https:\\\/\\\/www.cope.es\\\/blogs\\\/tendencias-moda\\\/wp-content\\\/uploads\\\/sites\\\/3\\\/2013\\\/10\\\/kim-kardashian-kanye-west.jpg\",\"width\":800,\"height\":563},{\"@type\":\"BreadcrumbList\",\"@id\":\"https:\\\/\\\/www.cope.es\\\/blogs\\\/tendencias-moda\\\/2013\\\/10\\\/24\\\/kim-kardashian-west-man-repeller\\\/#breadcrumb\",\"itemListElement\":[{\"@type\":\"ListItem\",\"position\":1,\"name\":\"Portada\",\"item\":\"https:\\\/\\\/www.cope.es\\\/blogs\\\/tendencias-moda\\\/\"},{\"@type\":\"ListItem\",\"position\":2,\"name\":\"\u00bfVistes para ti, para tu pareja o para otras chicas?\"}]},{\"@type\":\"WebSite\",\"@id\":\"https:\\\/\\\/www.cope.es\\\/blogs\\\/tendencias-moda\\\/#website\",\"url\":\"https:\\\/\\\/www.cope.es\\\/blogs\\\/tendencias-moda\\\/\",\"name\":\"L\u00e9xico fashionista\",\"description\":\"Stiletto, clutch, hobo, peep toe, petite robe noire, kawai, cabas, coolhunter, boho, trendy\u2026 la moda utiliza  palabras para las cuales a veces necesitamos un traductor simult\u00e1neo. Pero como Babel Fish no siempre funciona, sirva esta experta en la materia para descifrar el l\u00e9xico fashionista, desde las tendencias m\u00e1s audaces hasta los OMNIs (Objetos de Moda No Identificados) m\u00e1s curiosos.\",\"potentialAction\":[{\"@type\":\"SearchAction\",\"target\":{\"@type\":\"EntryPoint\",\"urlTemplate\":\"https:\\\/\\\/www.cope.es\\\/blogs\\\/tendencias-moda\\\/?s={search_term_string}\"},\"query-input\":{\"@type\":\"PropertyValueSpecification\",\"valueRequired\":true,\"valueName\":\"search_term_string\"}}],\"inLanguage\":\"es\"},{\"@type\":\"Person\",\"@id\":\"https:\\\/\\\/www.cope.es\\\/blogs\\\/tendencias-moda\\\/#\\\/schema\\\/person\\\/d4c92e5cdffedbf565412bbc8a5df606\",\"name\":\"Ana Ure\u00f1a\",\"image\":{\"@type\":\"ImageObject\",\"inLanguage\":\"es\",\"@id\":\"https:\\\/\\\/secure.gravatar.com\\\/avatar\\\/09b592e7ab3e707f9f24abacd8ecd4d629b60de09d3b1ce2fec15163eb6c9749?s=96&d=mm&r=g\",\"url\":\"https:\\\/\\\/secure.gravatar.com\\\/avatar\\\/09b592e7ab3e707f9f24abacd8ecd4d629b60de09d3b1ce2fec15163eb6c9749?s=96&d=mm&r=g\",\"contentUrl\":\"https:\\\/\\\/secure.gravatar.com\\\/avatar\\\/09b592e7ab3e707f9f24abacd8ecd4d629b60de09d3b1ce2fec15163eb6c9749?s=96&d=mm&r=g\",\"caption\":\"Ana Ure\u00f1a\"},\"description\":\"Ana Ure\u00f1a empez\u00f3 hace m\u00e1s de 15 a\u00f1os como becaria en la revista de moda Harper\u2019s en Londres, donde perfeccion\u00f3 su habilidad preparando caf\u00e9 para las reuniones de contenidos. M\u00e1s tarde trabaj\u00f3 para la revista de moda y sociedad \u00abTatler\u00bb, de Cond\u00e9 Nast, y para el peri\u00f3dico \u00abThe Times\u00bb, donde fue pionera al escribir uno de los primeros blogs de moda que existieron en el mundo. Al volver a Madrid, form\u00f3 parte de los equipos de ELLE y VOGUE, pasando por el grupo Vocento y llegando a ser directora de la revista Cosmopolitan. Ahora llega a La Cope a retomar este blog que naci\u00f3 en ABC y nos descubri\u00f3 t\u00e9rminos como OMNIs (Objetos de Moda No Identificados) y nos habl\u00f3 de los cronuts (un h\u00edbrido gourmet entre cruas\u00e1n y donut) antes que nadie. Hoy ya no hace el caf\u00e9 para nadie y solo sue\u00f1a con que se lo prepare George Clooney con su m\u00e1quina de c\u00e1psulas.\",\"sameAs\":[\"http:\\\/\\\/www.cope.es\",\"https:\\\/\\\/www.facebook.com\\\/ana.urena\",\"https:\\\/\\\/x.com\\\/anaurena\"],\"url\":\"https:\\\/\\\/www.cope.es\\\/blogs\\\/tendencias-moda\\\/author\\\/aurena\\\/\"}]}<\/script>\n<!-- \/ Yoast SEO plugin. -->","yoast_head_json":{"title":"\u00bfVistes para ti, para tu pareja o para otras chicas? - L\u00e9xico fashionista","robots":{"index":"index","follow":"follow","max-snippet":"max-snippet:-1","max-image-preview":"max-image-preview:large","max-video-preview":"max-video-preview:-1"},"canonical":"https:\/\/www.cope.es\/blogs\/tendencias-moda\/2013\/10\/24\/kim-kardashian-west-man-repeller\/","og_locale":"es_ES","og_type":"article","og_title":"\u00bfVistes para ti, para tu pareja o para otras chicas? - L\u00e9xico fashionista","og_description":"\u00bfPor qu\u00e9 tardamos horas en elegir un conjunto? Seguramente sea porque no sabemos la finalidad de este. La l\u00f3gica dicta que cada una de nosotras se arregla para ponerse guapa. Pero la pregunta es: \u00bfpara qui\u00e9n lo hacemos?","og_url":"https:\/\/www.cope.es\/blogs\/tendencias-moda\/2013\/10\/24\/kim-kardashian-west-man-repeller\/","og_site_name":"L\u00e9xico fashionista","article_publisher":"https:\/\/www.facebook.com\/cope\/","article_author":"https:\/\/www.facebook.com\/ana.urena","article_published_time":"2013-10-24T07:39:46+00:00","og_image":[{"width":800,"height":563,"url":"https:\/\/www.cope.es\/blogs\/tendencias-moda\/wp-content\/uploads\/sites\/3\/2013\/10\/kim-kardashian-kanye-west.jpg","type":"image\/jpeg"}],"author":"Ana Ure\u00f1a","twitter_card":"summary_large_image","twitter_creator":"@anaurena","twitter_site":"@cope_es","twitter_misc":{"Escrito por":"Ana Ure\u00f1a","Tiempo de lectura":"2 minutos"},"schema":{"@context":"https:\/\/schema.org","@graph":[{"@type":"Article","@id":"https:\/\/www.cope.es\/blogs\/tendencias-moda\/2013\/10\/24\/kim-kardashian-west-man-repeller\/#article","isPartOf":{"@id":"https:\/\/www.cope.es\/blogs\/tendencias-moda\/2013\/10\/24\/kim-kardashian-west-man-repeller\/"},"author":{"name":"Ana Ure\u00f1a","@id":"https:\/\/www.cope.es\/blogs\/tendencias-moda\/#\/schema\/person\/d4c92e5cdffedbf565412bbc8a5df606"},"headline":"\u00bfVistes para ti, para tu pareja o para otras chicas?","datePublished":"2013-10-24T07:39:46+00:00","mainEntityOfPage":{"@id":"https:\/\/www.cope.es\/blogs\/tendencias-moda\/2013\/10\/24\/kim-kardashian-west-man-repeller\/"},"wordCount":392,"commentCount":0,"image":{"@id":"https:\/\/www.cope.es\/blogs\/tendencias-moda\/2013\/10\/24\/kim-kardashian-west-man-repeller\/#primaryimage"},"thumbnailUrl":"https:\/\/www.cope.es\/blogs\/tendencias-moda\/wp-content\/uploads\/sites\/3\/2013\/10\/kim-kardashian-kanye-west.jpg","articleSection":["celebrities","curiosidades","tendencia"],"inLanguage":"es","potentialAction":[{"@type":"CommentAction","name":"Comment","target":["https:\/\/www.cope.es\/blogs\/tendencias-moda\/2013\/10\/24\/kim-kardashian-west-man-repeller\/#respond"]}]},{"@type":"WebPage","@id":"https:\/\/www.cope.es\/blogs\/tendencias-moda\/2013\/10\/24\/kim-kardashian-west-man-repeller\/","url":"https:\/\/www.cope.es\/blogs\/tendencias-moda\/2013\/10\/24\/kim-kardashian-west-man-repeller\/","name":"\u00bfVistes para ti, para tu pareja o para otras chicas? - L\u00e9xico fashionista","isPartOf":{"@id":"https:\/\/www.cope.es\/blogs\/tendencias-moda\/#website"},"primaryImageOfPage":{"@id":"https:\/\/www.cope.es\/blogs\/tendencias-moda\/2013\/10\/24\/kim-kardashian-west-man-repeller\/#primaryimage"},"image":{"@id":"https:\/\/www.cope.es\/blogs\/tendencias-moda\/2013\/10\/24\/kim-kardashian-west-man-repeller\/#primaryimage"},"thumbnailUrl":"https:\/\/www.cope.es\/blogs\/tendencias-moda\/wp-content\/uploads\/sites\/3\/2013\/10\/kim-kardashian-kanye-west.jpg","datePublished":"2013-10-24T07:39:46+00:00","author":{"@id":"https:\/\/www.cope.es\/blogs\/tendencias-moda\/#\/schema\/person\/d4c92e5cdffedbf565412bbc8a5df606"},"breadcrumb":{"@id":"https:\/\/www.cope.es\/blogs\/tendencias-moda\/2013\/10\/24\/kim-kardashian-west-man-repeller\/#breadcrumb"},"inLanguage":"es","potentialAction":[{"@type":"ReadAction","target":["https:\/\/www.cope.es\/blogs\/tendencias-moda\/2013\/10\/24\/kim-kardashian-west-man-repeller\/"]}]},{"@type":"ImageObject","inLanguage":"es","@id":"https:\/\/www.cope.es\/blogs\/tendencias-moda\/2013\/10\/24\/kim-kardashian-west-man-repeller\/#primaryimage","url":"https:\/\/www.cope.es\/blogs\/tendencias-moda\/wp-content\/uploads\/sites\/3\/2013\/10\/kim-kardashian-kanye-west.jpg","contentUrl":"https:\/\/www.cope.es\/blogs\/tendencias-moda\/wp-content\/uploads\/sites\/3\/2013\/10\/kim-kardashian-kanye-west.jpg","width":800,"height":563},{"@type":"BreadcrumbList","@id":"https:\/\/www.cope.es\/blogs\/tendencias-moda\/2013\/10\/24\/kim-kardashian-west-man-repeller\/#breadcrumb","itemListElement":[{"@type":"ListItem","position":1,"name":"Portada","item":"https:\/\/www.cope.es\/blogs\/tendencias-moda\/"},{"@type":"ListItem","position":2,"name":"\u00bfVistes para ti, para tu pareja o para otras chicas?"}]},{"@type":"WebSite","@id":"https:\/\/www.cope.es\/blogs\/tendencias-moda\/#website","url":"https:\/\/www.cope.es\/blogs\/tendencias-moda\/","name":"L\u00e9xico fashionista","description":"Stiletto, clutch, hobo, peep toe, petite robe noire, kawai, cabas, coolhunter, boho, trendy\u2026 la moda utiliza  palabras para las cuales a veces necesitamos un traductor simult\u00e1neo. Pero como Babel Fish no siempre funciona, sirva esta experta en la materia para descifrar el l\u00e9xico fashionista, desde las tendencias m\u00e1s audaces hasta los OMNIs (Objetos de Moda No Identificados) m\u00e1s curiosos.","potentialAction":[{"@type":"SearchAction","target":{"@type":"EntryPoint","urlTemplate":"https:\/\/www.cope.es\/blogs\/tendencias-moda\/?s={search_term_string}"},"query-input":{"@type":"PropertyValueSpecification","valueRequired":true,"valueName":"search_term_string"}}],"inLanguage":"es"},{"@type":"Person","@id":"https:\/\/www.cope.es\/blogs\/tendencias-moda\/#\/schema\/person\/d4c92e5cdffedbf565412bbc8a5df606","name":"Ana Ure\u00f1a","image":{"@type":"ImageObject","inLanguage":"es","@id":"https:\/\/secure.gravatar.com\/avatar\/09b592e7ab3e707f9f24abacd8ecd4d629b60de09d3b1ce2fec15163eb6c9749?s=96&d=mm&r=g","url":"https:\/\/secure.gravatar.com\/avatar\/09b592e7ab3e707f9f24abacd8ecd4d629b60de09d3b1ce2fec15163eb6c9749?s=96&d=mm&r=g","contentUrl":"https:\/\/secure.gravatar.com\/avatar\/09b592e7ab3e707f9f24abacd8ecd4d629b60de09d3b1ce2fec15163eb6c9749?s=96&d=mm&r=g","caption":"Ana Ure\u00f1a"},"description":"Ana Ure\u00f1a empez\u00f3 hace m\u00e1s de 15 a\u00f1os como becaria en la revista de moda Harper\u2019s en Londres, donde perfeccion\u00f3 su habilidad preparando caf\u00e9 para las reuniones de contenidos. M\u00e1s tarde trabaj\u00f3 para la revista de moda y sociedad \u00abTatler\u00bb, de Cond\u00e9 Nast, y para el peri\u00f3dico \u00abThe Times\u00bb, donde fue pionera al escribir uno de los primeros blogs de moda que existieron en el mundo. Al volver a Madrid, form\u00f3 parte de los equipos de ELLE y VOGUE, pasando por el grupo Vocento y llegando a ser directora de la revista Cosmopolitan. Ahora llega a La Cope a retomar este blog que naci\u00f3 en ABC y nos descubri\u00f3 t\u00e9rminos como OMNIs (Objetos de Moda No Identificados) y nos habl\u00f3 de los cronuts (un h\u00edbrido gourmet entre cruas\u00e1n y donut) antes que nadie. Hoy ya no hace el caf\u00e9 para nadie y solo sue\u00f1a con que se lo prepare George Clooney con su m\u00e1quina de c\u00e1psulas.","sameAs":["http:\/\/www.cope.es","https:\/\/www.facebook.com\/ana.urena","https:\/\/x.com\/anaurena"],"url":"https:\/\/www.cope.es\/blogs\/tendencias-moda\/author\/aurena\/"}]}},"amp_enabled":true,"_links":{"self":[{"href":"https:\/\/www.cope.es\/blogs\/tendencias-moda\/wp-json\/wp\/v2\/posts\/16252","targetHints":{"allow":["GET"]}}],"collection":[{"href":"https:\/\/www.cope.es\/blogs\/tendencias-moda\/wp-json\/wp\/v2\/posts"}],"about":[{"href":"https:\/\/www.cope.es\/blogs\/tendencias-moda\/wp-json\/wp\/v2\/types\/post"}],"author":[{"embeddable":true,"href":"https:\/\/www.cope.es\/blogs\/tendencias-moda\/wp-json\/wp\/v2\/users\/2"}],"replies":[{"embeddable":true,"href":"https:\/\/www.cope.es\/blogs\/tendencias-moda\/wp-json\/wp\/v2\/comments?post=16252"}],"version-history":[{"count":0,"href":"https:\/\/www.cope.es\/blogs\/tendencias-moda\/wp-json\/wp\/v2\/posts\/16252\/revisions"}],"wp:featuredmedia":[{"embeddable":true,"href":"https:\/\/www.cope.es\/blogs\/tendencias-moda\/wp-json\/wp\/v2\/media\/16255"}],"wp:attachment":[{"href":"https:\/\/www.cope.es\/blogs\/tendencias-moda\/wp-json\/wp\/v2\/media?parent=16252"}],"wp:term":[{"taxonomy":"category","embeddable":true,"href":"https:\/\/www.cope.es\/blogs\/tendencias-moda\/wp-json\/wp\/v2\/categories?post=16252"},{"taxonomy":"post_tag","embeddable":true,"href":"https:\/\/www.cope.es\/blogs\/tendencias-moda\/wp-json\/wp\/v2\/tags?post=16252"}],"curies":[{"name":"wp","href":"https:\/\/api.w.org\/{rel}","templated":true}]}}