{"id":16240,"date":"2013-10-14T13:23:48","date_gmt":"2013-10-14T11:23:48","guid":{"rendered":"http:\/\/abcblogs.abc.es\/tendencias-moda\/?p=16240"},"modified":"2013-10-14T13:23:48","modified_gmt":"2013-10-14T11:23:48","slug":"pies-gordos-instagram","status":"publish","type":"post","link":"https:\/\/www.cope.es\/blogs\/tendencias-moda\/2013\/10\/14\/pies-gordos-instagram\/","title":{"rendered":"\u00bfTienes los pies gordos? Instagram te delata"},"content":{"rendered":"<p>Por si la mujeres no ten\u00edamos ya bastantes zonas del cuerpo que cuidar, ahora llega Instagram para descubrirnos un nuevo posible complejo. S\u00ed, gracias a las incesantes fotos de pies que se hace la gente en vacaciones, el mundo ha descubierto que <strong>algunas mujeres tienen los dedos de los pies m\u00e1s gordos que otras<\/strong>.<\/p>\n<p><a href=\"\/tendencias-moda\/wp-content\/uploads\/sites\/78\/2013\/10\/instagram-pies3.jpg\"><img loading=\"lazy\" decoding=\"async\" width=\"249\" height=\"202\" class=\"alignnone size-full wp-image-16242\" alt=\"instagram-pies3\" src=\"\/tendencias-moda\/wp-content\/uploads\/sites\/78\/2013\/10\/instagram-pies3.jpg\" \/><\/a><\/p>\n<p>\u00bfResultado? Gracias a estos documentos gr\u00e1ficos, a m\u00e1s de una le ha entrado un complejo de dedos de pies gordos y ha acudido a su cirujano m\u00e1s cercano. Al menos esto es lo que ha pasado en EEUU, donde ahora <strong>las estadounidenses se est\u00e1n sometiendo cada vez m\u00e1s a liposucciones de pies<\/strong>.<\/p>\n<p><a href=\"\/tendencias-moda\/wp-content\/uploads\/sites\/78\/2013\/10\/instragram-pies1.jpg\"><img decoding=\"async\" class=\"alignnone size-medium wp-image-16243\" alt=\"instragram-pies1\" src=\"\/tendencias-moda\/wp-content\/uploads\/sites\/78\/2013\/10\/instragram-pies1-351x468.jpg\" \/><\/a><\/p>\n<p>En vez de \u00abobesity\u00bb lo llaman \u00ab<strong>toe-besisty\u00bb<\/strong>, que en espa\u00f1ol se podr\u00eda traducir por \u00abdedobesidad\u00bb, haciendo el mismo juego de palabras. El Karma nunca falla. Las que hayan intentado dar envidia con fotos de sus extremidades sobre tumbonas en playas paradisiacas, mojito de fresa en mano, han conseguido que todos nos demos cuenta que tienen los pies gordos.<\/p>\n","protected":false},"excerpt":{"rendered":"<p>Por si la mujeres no ten\u00edamos ya bastantes zonas del cuerpo que cuidar, ahora llega Instagram para descubrirnos un nuevo posible complejo. S\u00ed, gracias a las incesantes fotos de pies que se hace la gente en vacaciones, el mundo ha descubierto que algunas mujeres tienen los dedos de los pies m\u00e1s gordos que otras. \u00bfResultado? [&hellip;]<\/p>\n","protected":false},"author":2,"featured_media":16245,"comment_status":"open","ping_status":"open","sticky":false,"template":"","format":"standard","meta":{"footnotes":""},"categories":[17,27],"tags":[],"class_list":["post-16240","post","type-post","status-publish","format-standard","has-post-thumbnail","hentry","category-curiosidades","category-tendencia"],"yoast_head":"<!-- This site is optimized with the Yoast SEO plugin v27.4 - https:\/\/yoast.com\/product\/yoast-seo-wordpress\/ -->\n<title>\u00bfTienes los pies gordos? Instagram te delata - L\u00e9xico fashionista<\/title>\n<meta name=\"robots\" content=\"index, follow, max-snippet:-1, max-image-preview:large, max-video-preview:-1\" \/>\n<link rel=\"canonical\" href=\"https:\/\/www.cope.es\/blogs\/tendencias-moda\/2013\/10\/14\/pies-gordos-instagram\/\" \/>\n<meta property=\"og:locale\" content=\"es_ES\" \/>\n<meta property=\"og:type\" content=\"article\" \/>\n<meta property=\"og:title\" content=\"\u00bfTienes los pies gordos? Instagram te delata - L\u00e9xico fashionista\" \/>\n<meta property=\"og:description\" content=\"Por si la mujeres no ten\u00edamos ya bastantes zonas del cuerpo que cuidar, ahora llega Instagram para descubrirnos un nuevo posible complejo. S\u00ed, gracias a las incesantes fotos de pies que se hace la gente en vacaciones, el mundo ha descubierto que algunas mujeres tienen los dedos de los pies m\u00e1s gordos que otras. \u00bfResultado? [&hellip;]\" \/>\n<meta property=\"og:url\" content=\"https:\/\/www.cope.es\/blogs\/tendencias-moda\/2013\/10\/14\/pies-gordos-instagram\/\" \/>\n<meta property=\"og:site_name\" content=\"L\u00e9xico fashionista\" \/>\n<meta property=\"article:publisher\" content=\"https:\/\/www.facebook.com\/cope\/\" \/>\n<meta property=\"article:author\" content=\"https:\/\/www.facebook.com\/ana.urena\" \/>\n<meta property=\"article:published_time\" content=\"2013-10-14T11:23:48+00:00\" \/>\n<meta property=\"og:image\" content=\"https:\/\/www.cope.es\/blogs\/tendencias-moda\/wp-content\/uploads\/sites\/3\/2013\/10\/instagram-pies5.jpg\" \/>\n\t<meta property=\"og:image:width\" content=\"500\" \/>\n\t<meta property=\"og:image:height\" content=\"500\" \/>\n\t<meta property=\"og:image:type\" content=\"image\/jpeg\" \/>\n<meta name=\"author\" content=\"Ana Ure\u00f1a\" \/>\n<meta name=\"twitter:card\" content=\"summary_large_image\" \/>\n<meta name=\"twitter:creator\" content=\"@anaurena\" \/>\n<meta name=\"twitter:site\" content=\"@cope_es\" \/>\n<meta name=\"twitter:label1\" content=\"Escrito por\" \/>\n\t<meta name=\"twitter:data1\" content=\"Ana Ure\u00f1a\" \/>\n\t<meta name=\"twitter:label2\" content=\"Tiempo de lectura\" \/>\n\t<meta name=\"twitter:data2\" content=\"1 minuto\" \/>\n<script type=\"application\/ld+json\" class=\"yoast-schema-graph\">{\"@context\":\"https:\\\/\\\/schema.org\",\"@graph\":[{\"@type\":\"Article\",\"@id\":\"https:\\\/\\\/www.cope.es\\\/blogs\\\/tendencias-moda\\\/2013\\\/10\\\/14\\\/pies-gordos-instagram\\\/#article\",\"isPartOf\":{\"@id\":\"https:\\\/\\\/www.cope.es\\\/blogs\\\/tendencias-moda\\\/2013\\\/10\\\/14\\\/pies-gordos-instagram\\\/\"},\"author\":{\"name\":\"Ana Ure\u00f1a\",\"@id\":\"https:\\\/\\\/www.cope.es\\\/blogs\\\/tendencias-moda\\\/#\\\/schema\\\/person\\\/d4c92e5cdffedbf565412bbc8a5df606\"},\"headline\":\"\u00bfTienes los pies gordos? Instagram te delata\",\"datePublished\":\"2013-10-14T11:23:48+00:00\",\"mainEntityOfPage\":{\"@id\":\"https:\\\/\\\/www.cope.es\\\/blogs\\\/tendencias-moda\\\/2013\\\/10\\\/14\\\/pies-gordos-instagram\\\/\"},\"wordCount\":180,\"commentCount\":0,\"image\":{\"@id\":\"https:\\\/\\\/www.cope.es\\\/blogs\\\/tendencias-moda\\\/2013\\\/10\\\/14\\\/pies-gordos-instagram\\\/#primaryimage\"},\"thumbnailUrl\":\"https:\\\/\\\/www.cope.es\\\/blogs\\\/tendencias-moda\\\/wp-content\\\/uploads\\\/sites\\\/3\\\/2013\\\/10\\\/instagram-pies5.jpg\",\"articleSection\":[\"curiosidades\",\"tendencia\"],\"inLanguage\":\"es\",\"potentialAction\":[{\"@type\":\"CommentAction\",\"name\":\"Comment\",\"target\":[\"https:\\\/\\\/www.cope.es\\\/blogs\\\/tendencias-moda\\\/2013\\\/10\\\/14\\\/pies-gordos-instagram\\\/#respond\"]}]},{\"@type\":\"WebPage\",\"@id\":\"https:\\\/\\\/www.cope.es\\\/blogs\\\/tendencias-moda\\\/2013\\\/10\\\/14\\\/pies-gordos-instagram\\\/\",\"url\":\"https:\\\/\\\/www.cope.es\\\/blogs\\\/tendencias-moda\\\/2013\\\/10\\\/14\\\/pies-gordos-instagram\\\/\",\"name\":\"\u00bfTienes los pies gordos? Instagram te delata - L\u00e9xico fashionista\",\"isPartOf\":{\"@id\":\"https:\\\/\\\/www.cope.es\\\/blogs\\\/tendencias-moda\\\/#website\"},\"primaryImageOfPage\":{\"@id\":\"https:\\\/\\\/www.cope.es\\\/blogs\\\/tendencias-moda\\\/2013\\\/10\\\/14\\\/pies-gordos-instagram\\\/#primaryimage\"},\"image\":{\"@id\":\"https:\\\/\\\/www.cope.es\\\/blogs\\\/tendencias-moda\\\/2013\\\/10\\\/14\\\/pies-gordos-instagram\\\/#primaryimage\"},\"thumbnailUrl\":\"https:\\\/\\\/www.cope.es\\\/blogs\\\/tendencias-moda\\\/wp-content\\\/uploads\\\/sites\\\/3\\\/2013\\\/10\\\/instagram-pies5.jpg\",\"datePublished\":\"2013-10-14T11:23:48+00:00\",\"author\":{\"@id\":\"https:\\\/\\\/www.cope.es\\\/blogs\\\/tendencias-moda\\\/#\\\/schema\\\/person\\\/d4c92e5cdffedbf565412bbc8a5df606\"},\"breadcrumb\":{\"@id\":\"https:\\\/\\\/www.cope.es\\\/blogs\\\/tendencias-moda\\\/2013\\\/10\\\/14\\\/pies-gordos-instagram\\\/#breadcrumb\"},\"inLanguage\":\"es\",\"potentialAction\":[{\"@type\":\"ReadAction\",\"target\":[\"https:\\\/\\\/www.cope.es\\\/blogs\\\/tendencias-moda\\\/2013\\\/10\\\/14\\\/pies-gordos-instagram\\\/\"]}]},{\"@type\":\"ImageObject\",\"inLanguage\":\"es\",\"@id\":\"https:\\\/\\\/www.cope.es\\\/blogs\\\/tendencias-moda\\\/2013\\\/10\\\/14\\\/pies-gordos-instagram\\\/#primaryimage\",\"url\":\"https:\\\/\\\/www.cope.es\\\/blogs\\\/tendencias-moda\\\/wp-content\\\/uploads\\\/sites\\\/3\\\/2013\\\/10\\\/instagram-pies5.jpg\",\"contentUrl\":\"https:\\\/\\\/www.cope.es\\\/blogs\\\/tendencias-moda\\\/wp-content\\\/uploads\\\/sites\\\/3\\\/2013\\\/10\\\/instagram-pies5.jpg\",\"width\":500,\"height\":500},{\"@type\":\"BreadcrumbList\",\"@id\":\"https:\\\/\\\/www.cope.es\\\/blogs\\\/tendencias-moda\\\/2013\\\/10\\\/14\\\/pies-gordos-instagram\\\/#breadcrumb\",\"itemListElement\":[{\"@type\":\"ListItem\",\"position\":1,\"name\":\"Portada\",\"item\":\"https:\\\/\\\/www.cope.es\\\/blogs\\\/tendencias-moda\\\/\"},{\"@type\":\"ListItem\",\"position\":2,\"name\":\"\u00bfTienes los pies gordos? Instagram te delata\"}]},{\"@type\":\"WebSite\",\"@id\":\"https:\\\/\\\/www.cope.es\\\/blogs\\\/tendencias-moda\\\/#website\",\"url\":\"https:\\\/\\\/www.cope.es\\\/blogs\\\/tendencias-moda\\\/\",\"name\":\"L\u00e9xico fashionista\",\"description\":\"Stiletto, clutch, hobo, peep toe, petite robe noire, kawai, cabas, coolhunter, boho, trendy\u2026 la moda utiliza  palabras para las cuales a veces necesitamos un traductor simult\u00e1neo. Pero como Babel Fish no siempre funciona, sirva esta experta en la materia para descifrar el l\u00e9xico fashionista, desde las tendencias m\u00e1s audaces hasta los OMNIs (Objetos de Moda No Identificados) m\u00e1s curiosos.\",\"potentialAction\":[{\"@type\":\"SearchAction\",\"target\":{\"@type\":\"EntryPoint\",\"urlTemplate\":\"https:\\\/\\\/www.cope.es\\\/blogs\\\/tendencias-moda\\\/?s={search_term_string}\"},\"query-input\":{\"@type\":\"PropertyValueSpecification\",\"valueRequired\":true,\"valueName\":\"search_term_string\"}}],\"inLanguage\":\"es\"},{\"@type\":\"Person\",\"@id\":\"https:\\\/\\\/www.cope.es\\\/blogs\\\/tendencias-moda\\\/#\\\/schema\\\/person\\\/d4c92e5cdffedbf565412bbc8a5df606\",\"name\":\"Ana Ure\u00f1a\",\"image\":{\"@type\":\"ImageObject\",\"inLanguage\":\"es\",\"@id\":\"https:\\\/\\\/secure.gravatar.com\\\/avatar\\\/09b592e7ab3e707f9f24abacd8ecd4d629b60de09d3b1ce2fec15163eb6c9749?s=96&d=mm&r=g\",\"url\":\"https:\\\/\\\/secure.gravatar.com\\\/avatar\\\/09b592e7ab3e707f9f24abacd8ecd4d629b60de09d3b1ce2fec15163eb6c9749?s=96&d=mm&r=g\",\"contentUrl\":\"https:\\\/\\\/secure.gravatar.com\\\/avatar\\\/09b592e7ab3e707f9f24abacd8ecd4d629b60de09d3b1ce2fec15163eb6c9749?s=96&d=mm&r=g\",\"caption\":\"Ana Ure\u00f1a\"},\"description\":\"Ana Ure\u00f1a empez\u00f3 hace m\u00e1s de 15 a\u00f1os como becaria en la revista de moda Harper\u2019s en Londres, donde perfeccion\u00f3 su habilidad preparando caf\u00e9 para las reuniones de contenidos. M\u00e1s tarde trabaj\u00f3 para la revista de moda y sociedad \u00abTatler\u00bb, de Cond\u00e9 Nast, y para el peri\u00f3dico \u00abThe Times\u00bb, donde fue pionera al escribir uno de los primeros blogs de moda que existieron en el mundo. Al volver a Madrid, form\u00f3 parte de los equipos de ELLE y VOGUE, pasando por el grupo Vocento y llegando a ser directora de la revista Cosmopolitan. Ahora llega a La Cope a retomar este blog que naci\u00f3 en ABC y nos descubri\u00f3 t\u00e9rminos como OMNIs (Objetos de Moda No Identificados) y nos habl\u00f3 de los cronuts (un h\u00edbrido gourmet entre cruas\u00e1n y donut) antes que nadie. Hoy ya no hace el caf\u00e9 para nadie y solo sue\u00f1a con que se lo prepare George Clooney con su m\u00e1quina de c\u00e1psulas.\",\"sameAs\":[\"http:\\\/\\\/www.cope.es\",\"https:\\\/\\\/www.facebook.com\\\/ana.urena\",\"https:\\\/\\\/x.com\\\/anaurena\"],\"url\":\"https:\\\/\\\/www.cope.es\\\/blogs\\\/tendencias-moda\\\/author\\\/aurena\\\/\"}]}<\/script>\n<!-- \/ Yoast SEO plugin. -->","yoast_head_json":{"title":"\u00bfTienes los pies gordos? Instagram te delata - L\u00e9xico fashionista","robots":{"index":"index","follow":"follow","max-snippet":"max-snippet:-1","max-image-preview":"max-image-preview:large","max-video-preview":"max-video-preview:-1"},"canonical":"https:\/\/www.cope.es\/blogs\/tendencias-moda\/2013\/10\/14\/pies-gordos-instagram\/","og_locale":"es_ES","og_type":"article","og_title":"\u00bfTienes los pies gordos? Instagram te delata - L\u00e9xico fashionista","og_description":"Por si la mujeres no ten\u00edamos ya bastantes zonas del cuerpo que cuidar, ahora llega Instagram para descubrirnos un nuevo posible complejo. S\u00ed, gracias a las incesantes fotos de pies que se hace la gente en vacaciones, el mundo ha descubierto que algunas mujeres tienen los dedos de los pies m\u00e1s gordos que otras. \u00bfResultado? [&hellip;]","og_url":"https:\/\/www.cope.es\/blogs\/tendencias-moda\/2013\/10\/14\/pies-gordos-instagram\/","og_site_name":"L\u00e9xico fashionista","article_publisher":"https:\/\/www.facebook.com\/cope\/","article_author":"https:\/\/www.facebook.com\/ana.urena","article_published_time":"2013-10-14T11:23:48+00:00","og_image":[{"width":500,"height":500,"url":"https:\/\/www.cope.es\/blogs\/tendencias-moda\/wp-content\/uploads\/sites\/3\/2013\/10\/instagram-pies5.jpg","type":"image\/jpeg"}],"author":"Ana Ure\u00f1a","twitter_card":"summary_large_image","twitter_creator":"@anaurena","twitter_site":"@cope_es","twitter_misc":{"Escrito por":"Ana Ure\u00f1a","Tiempo de lectura":"1 minuto"},"schema":{"@context":"https:\/\/schema.org","@graph":[{"@type":"Article","@id":"https:\/\/www.cope.es\/blogs\/tendencias-moda\/2013\/10\/14\/pies-gordos-instagram\/#article","isPartOf":{"@id":"https:\/\/www.cope.es\/blogs\/tendencias-moda\/2013\/10\/14\/pies-gordos-instagram\/"},"author":{"name":"Ana Ure\u00f1a","@id":"https:\/\/www.cope.es\/blogs\/tendencias-moda\/#\/schema\/person\/d4c92e5cdffedbf565412bbc8a5df606"},"headline":"\u00bfTienes los pies gordos? Instagram te delata","datePublished":"2013-10-14T11:23:48+00:00","mainEntityOfPage":{"@id":"https:\/\/www.cope.es\/blogs\/tendencias-moda\/2013\/10\/14\/pies-gordos-instagram\/"},"wordCount":180,"commentCount":0,"image":{"@id":"https:\/\/www.cope.es\/blogs\/tendencias-moda\/2013\/10\/14\/pies-gordos-instagram\/#primaryimage"},"thumbnailUrl":"https:\/\/www.cope.es\/blogs\/tendencias-moda\/wp-content\/uploads\/sites\/3\/2013\/10\/instagram-pies5.jpg","articleSection":["curiosidades","tendencia"],"inLanguage":"es","potentialAction":[{"@type":"CommentAction","name":"Comment","target":["https:\/\/www.cope.es\/blogs\/tendencias-moda\/2013\/10\/14\/pies-gordos-instagram\/#respond"]}]},{"@type":"WebPage","@id":"https:\/\/www.cope.es\/blogs\/tendencias-moda\/2013\/10\/14\/pies-gordos-instagram\/","url":"https:\/\/www.cope.es\/blogs\/tendencias-moda\/2013\/10\/14\/pies-gordos-instagram\/","name":"\u00bfTienes los pies gordos? Instagram te delata - L\u00e9xico fashionista","isPartOf":{"@id":"https:\/\/www.cope.es\/blogs\/tendencias-moda\/#website"},"primaryImageOfPage":{"@id":"https:\/\/www.cope.es\/blogs\/tendencias-moda\/2013\/10\/14\/pies-gordos-instagram\/#primaryimage"},"image":{"@id":"https:\/\/www.cope.es\/blogs\/tendencias-moda\/2013\/10\/14\/pies-gordos-instagram\/#primaryimage"},"thumbnailUrl":"https:\/\/www.cope.es\/blogs\/tendencias-moda\/wp-content\/uploads\/sites\/3\/2013\/10\/instagram-pies5.jpg","datePublished":"2013-10-14T11:23:48+00:00","author":{"@id":"https:\/\/www.cope.es\/blogs\/tendencias-moda\/#\/schema\/person\/d4c92e5cdffedbf565412bbc8a5df606"},"breadcrumb":{"@id":"https:\/\/www.cope.es\/blogs\/tendencias-moda\/2013\/10\/14\/pies-gordos-instagram\/#breadcrumb"},"inLanguage":"es","potentialAction":[{"@type":"ReadAction","target":["https:\/\/www.cope.es\/blogs\/tendencias-moda\/2013\/10\/14\/pies-gordos-instagram\/"]}]},{"@type":"ImageObject","inLanguage":"es","@id":"https:\/\/www.cope.es\/blogs\/tendencias-moda\/2013\/10\/14\/pies-gordos-instagram\/#primaryimage","url":"https:\/\/www.cope.es\/blogs\/tendencias-moda\/wp-content\/uploads\/sites\/3\/2013\/10\/instagram-pies5.jpg","contentUrl":"https:\/\/www.cope.es\/blogs\/tendencias-moda\/wp-content\/uploads\/sites\/3\/2013\/10\/instagram-pies5.jpg","width":500,"height":500},{"@type":"BreadcrumbList","@id":"https:\/\/www.cope.es\/blogs\/tendencias-moda\/2013\/10\/14\/pies-gordos-instagram\/#breadcrumb","itemListElement":[{"@type":"ListItem","position":1,"name":"Portada","item":"https:\/\/www.cope.es\/blogs\/tendencias-moda\/"},{"@type":"ListItem","position":2,"name":"\u00bfTienes los pies gordos? Instagram te delata"}]},{"@type":"WebSite","@id":"https:\/\/www.cope.es\/blogs\/tendencias-moda\/#website","url":"https:\/\/www.cope.es\/blogs\/tendencias-moda\/","name":"L\u00e9xico fashionista","description":"Stiletto, clutch, hobo, peep toe, petite robe noire, kawai, cabas, coolhunter, boho, trendy\u2026 la moda utiliza  palabras para las cuales a veces necesitamos un traductor simult\u00e1neo. Pero como Babel Fish no siempre funciona, sirva esta experta en la materia para descifrar el l\u00e9xico fashionista, desde las tendencias m\u00e1s audaces hasta los OMNIs (Objetos de Moda No Identificados) m\u00e1s curiosos.","potentialAction":[{"@type":"SearchAction","target":{"@type":"EntryPoint","urlTemplate":"https:\/\/www.cope.es\/blogs\/tendencias-moda\/?s={search_term_string}"},"query-input":{"@type":"PropertyValueSpecification","valueRequired":true,"valueName":"search_term_string"}}],"inLanguage":"es"},{"@type":"Person","@id":"https:\/\/www.cope.es\/blogs\/tendencias-moda\/#\/schema\/person\/d4c92e5cdffedbf565412bbc8a5df606","name":"Ana Ure\u00f1a","image":{"@type":"ImageObject","inLanguage":"es","@id":"https:\/\/secure.gravatar.com\/avatar\/09b592e7ab3e707f9f24abacd8ecd4d629b60de09d3b1ce2fec15163eb6c9749?s=96&d=mm&r=g","url":"https:\/\/secure.gravatar.com\/avatar\/09b592e7ab3e707f9f24abacd8ecd4d629b60de09d3b1ce2fec15163eb6c9749?s=96&d=mm&r=g","contentUrl":"https:\/\/secure.gravatar.com\/avatar\/09b592e7ab3e707f9f24abacd8ecd4d629b60de09d3b1ce2fec15163eb6c9749?s=96&d=mm&r=g","caption":"Ana Ure\u00f1a"},"description":"Ana Ure\u00f1a empez\u00f3 hace m\u00e1s de 15 a\u00f1os como becaria en la revista de moda Harper\u2019s en Londres, donde perfeccion\u00f3 su habilidad preparando caf\u00e9 para las reuniones de contenidos. M\u00e1s tarde trabaj\u00f3 para la revista de moda y sociedad \u00abTatler\u00bb, de Cond\u00e9 Nast, y para el peri\u00f3dico \u00abThe Times\u00bb, donde fue pionera al escribir uno de los primeros blogs de moda que existieron en el mundo. Al volver a Madrid, form\u00f3 parte de los equipos de ELLE y VOGUE, pasando por el grupo Vocento y llegando a ser directora de la revista Cosmopolitan. Ahora llega a La Cope a retomar este blog que naci\u00f3 en ABC y nos descubri\u00f3 t\u00e9rminos como OMNIs (Objetos de Moda No Identificados) y nos habl\u00f3 de los cronuts (un h\u00edbrido gourmet entre cruas\u00e1n y donut) antes que nadie. Hoy ya no hace el caf\u00e9 para nadie y solo sue\u00f1a con que se lo prepare George Clooney con su m\u00e1quina de c\u00e1psulas.","sameAs":["http:\/\/www.cope.es","https:\/\/www.facebook.com\/ana.urena","https:\/\/x.com\/anaurena"],"url":"https:\/\/www.cope.es\/blogs\/tendencias-moda\/author\/aurena\/"}]}},"amp_enabled":true,"_links":{"self":[{"href":"https:\/\/www.cope.es\/blogs\/tendencias-moda\/wp-json\/wp\/v2\/posts\/16240","targetHints":{"allow":["GET"]}}],"collection":[{"href":"https:\/\/www.cope.es\/blogs\/tendencias-moda\/wp-json\/wp\/v2\/posts"}],"about":[{"href":"https:\/\/www.cope.es\/blogs\/tendencias-moda\/wp-json\/wp\/v2\/types\/post"}],"author":[{"embeddable":true,"href":"https:\/\/www.cope.es\/blogs\/tendencias-moda\/wp-json\/wp\/v2\/users\/2"}],"replies":[{"embeddable":true,"href":"https:\/\/www.cope.es\/blogs\/tendencias-moda\/wp-json\/wp\/v2\/comments?post=16240"}],"version-history":[{"count":0,"href":"https:\/\/www.cope.es\/blogs\/tendencias-moda\/wp-json\/wp\/v2\/posts\/16240\/revisions"}],"wp:featuredmedia":[{"embeddable":true,"href":"https:\/\/www.cope.es\/blogs\/tendencias-moda\/wp-json\/wp\/v2\/media\/16245"}],"wp:attachment":[{"href":"https:\/\/www.cope.es\/blogs\/tendencias-moda\/wp-json\/wp\/v2\/media?parent=16240"}],"wp:term":[{"taxonomy":"category","embeddable":true,"href":"https:\/\/www.cope.es\/blogs\/tendencias-moda\/wp-json\/wp\/v2\/categories?post=16240"},{"taxonomy":"post_tag","embeddable":true,"href":"https:\/\/www.cope.es\/blogs\/tendencias-moda\/wp-json\/wp\/v2\/tags?post=16240"}],"curies":[{"name":"wp","href":"https:\/\/api.w.org\/{rel}","templated":true}]}}