{"id":15955,"date":"2013-06-07T15:18:24","date_gmt":"2013-06-07T13:18:24","guid":{"rendered":"http:\/\/abcblogs.abc.es\/tendencias-moda\/?p=15955"},"modified":"2013-06-07T15:18:24","modified_gmt":"2013-06-07T13:18:24","slug":"skort-skirt-short","status":"publish","type":"post","link":"https:\/\/www.cope.es\/blogs\/tendencias-moda\/2013\/06\/07\/skort-skirt-short\/","title":{"rendered":"Mam\u00e1 quiero un skort"},"content":{"rendered":"<p>Me imagino de adolescente dici\u00e9ndole estas palabras a mi madre. Porque seguramente m\u00e1s de una \u00abteenager\u00bb haya pronunciado esta misma frase durante las \u00faltimas semanas. Las <strong>mam\u00e1s enrolladas<\/strong> sabr\u00e1n perfectamente de lo que est\u00e1n hablando sus hijas. Las mam\u00e1s egoblogueras, ya tendr\u00e1n uno en el armario.<!--more--><\/p>\n<figure id=\"attachment_15958\" aria-describedby=\"caption-attachment-15958\" style=\"width: 468px\" class=\"wp-caption alignnone\"><a href=\"\/tendencias-moda\/wp-content\/uploads\/sites\/78\/2013\/06\/skort-zara-ana-urena.png\"><img decoding=\"async\" class=\"size-medium wp-image-15958\" alt=\"El skort que propone Zara para esta temporada\" src=\"\/tendencias-moda\/wp-content\/uploads\/sites\/78\/2013\/06\/skort-zara-ana-urena-468x373.png\" \/><\/a><figcaption id=\"caption-attachment-15958\" class=\"wp-caption-text\">El skort que propone Zara para esta temporada<\/figcaption><\/figure>\n<p>El \u00abskort\u00bb es un palabro ingl\u00e9s que fusiona las palabras \u00abskirt\u00bb (falda) y \u00abshort\u00bb (pantal\u00f3n corto). La prenda en s\u00ed parece una <strong>falda por delante y un pantal\u00f3n corto por detr\u00e1s<\/strong> (a no confundir con una falda pantal\u00f3n). Es perfecta para las famosas que no quieran que los paparazzi les lleguen a fotografiar las braguitas Hanky Panky en el \u00abfront row\u00bb de un desfile, sentadas en la terraza de una cafeter\u00eda de comida org\u00e1nica o saliendo de un taxi.<\/p>\n<figure id=\"attachment_15957\" aria-describedby=\"caption-attachment-15957\" style=\"width: 301px\" class=\"wp-caption alignnone\"><a href=\"\/tendencias-moda\/wp-content\/uploads\/sites\/78\/2013\/06\/kurkova-ana-urena.jpg\"><img decoding=\"async\" class=\"size-medium wp-image-15957\" alt=\"La modelo Karolina Kurkova con su skort azul\" src=\"\/tendencias-moda\/wp-content\/uploads\/sites\/78\/2013\/06\/kurkova-ana-urena-301x468.jpg\" \/><\/a><figcaption id=\"caption-attachment-15957\" class=\"wp-caption-text\">La modelo Karolina Kurkova con su skort azul<\/figcaption><\/figure>\n","protected":false},"excerpt":{"rendered":"<p>Me imagino de adolescente dici\u00e9ndole estas palabras a mi madre. Porque seguramente m\u00e1s de una \u00abteenager\u00bb haya pronunciado esta misma frase durante las \u00faltimas semanas. Las mam\u00e1s enrolladas sabr\u00e1n perfectamente de lo que est\u00e1n hablando sus hijas. Las mam\u00e1s egoblogueras, ya tendr\u00e1n uno en el armario.<\/p>\n","protected":false},"author":2,"featured_media":15959,"comment_status":"open","ping_status":"open","sticky":false,"template":"","format":"standard","meta":{"footnotes":""},"categories":[25,27],"tags":[],"class_list":["post-15955","post","type-post","status-publish","format-standard","has-post-thumbnail","hentry","category-shopping","category-tendencia"],"yoast_head":"<!-- This site is optimized with the Yoast SEO plugin v27.4 - https:\/\/yoast.com\/product\/yoast-seo-wordpress\/ -->\n<title>Mam\u00e1 quiero un skort - L\u00e9xico fashionista<\/title>\n<meta name=\"robots\" content=\"index, follow, max-snippet:-1, max-image-preview:large, max-video-preview:-1\" \/>\n<link rel=\"canonical\" href=\"https:\/\/www.cope.es\/blogs\/tendencias-moda\/2013\/06\/07\/skort-skirt-short\/\" \/>\n<meta property=\"og:locale\" content=\"es_ES\" \/>\n<meta property=\"og:type\" content=\"article\" \/>\n<meta property=\"og:title\" content=\"Mam\u00e1 quiero un skort - L\u00e9xico fashionista\" \/>\n<meta property=\"og:description\" content=\"Me imagino de adolescente dici\u00e9ndole estas palabras a mi madre. Porque seguramente m\u00e1s de una \u00abteenager\u00bb haya pronunciado esta misma frase durante las \u00faltimas semanas. Las mam\u00e1s enrolladas sabr\u00e1n perfectamente de lo que est\u00e1n hablando sus hijas. Las mam\u00e1s egoblogueras, ya tendr\u00e1n uno en el armario.\" \/>\n<meta property=\"og:url\" content=\"https:\/\/www.cope.es\/blogs\/tendencias-moda\/2013\/06\/07\/skort-skirt-short\/\" \/>\n<meta property=\"og:site_name\" content=\"L\u00e9xico fashionista\" \/>\n<meta property=\"article:publisher\" content=\"https:\/\/www.facebook.com\/cope\/\" \/>\n<meta property=\"article:author\" content=\"https:\/\/www.facebook.com\/ana.urena\" \/>\n<meta property=\"article:published_time\" content=\"2013-06-07T13:18:24+00:00\" \/>\n<meta property=\"og:image\" content=\"https:\/\/www.cope.es\/blogs\/tendencias-moda\/wp-content\/uploads\/sites\/3\/2013\/06\/skort-ana-urena.jpg\" \/>\n\t<meta property=\"og:image:width\" content=\"700\" \/>\n\t<meta property=\"og:image:height\" content=\"467\" \/>\n\t<meta property=\"og:image:type\" content=\"image\/jpeg\" \/>\n<meta name=\"author\" content=\"Ana Ure\u00f1a\" \/>\n<meta name=\"twitter:card\" content=\"summary_large_image\" \/>\n<meta name=\"twitter:creator\" content=\"@anaurena\" \/>\n<meta name=\"twitter:site\" content=\"@cope_es\" \/>\n<meta name=\"twitter:label1\" content=\"Escrito por\" \/>\n\t<meta name=\"twitter:data1\" content=\"Ana Ure\u00f1a\" \/>\n\t<meta name=\"twitter:label2\" content=\"Tiempo de lectura\" \/>\n\t<meta name=\"twitter:data2\" content=\"1 minuto\" \/>\n<script type=\"application\/ld+json\" class=\"yoast-schema-graph\">{\"@context\":\"https:\\\/\\\/schema.org\",\"@graph\":[{\"@type\":\"Article\",\"@id\":\"https:\\\/\\\/www.cope.es\\\/blogs\\\/tendencias-moda\\\/2013\\\/06\\\/07\\\/skort-skirt-short\\\/#article\",\"isPartOf\":{\"@id\":\"https:\\\/\\\/www.cope.es\\\/blogs\\\/tendencias-moda\\\/2013\\\/06\\\/07\\\/skort-skirt-short\\\/\"},\"author\":{\"name\":\"Ana Ure\u00f1a\",\"@id\":\"https:\\\/\\\/www.cope.es\\\/blogs\\\/tendencias-moda\\\/#\\\/schema\\\/person\\\/d4c92e5cdffedbf565412bbc8a5df606\"},\"headline\":\"Mam\u00e1 quiero un skort\",\"datePublished\":\"2013-06-07T13:18:24+00:00\",\"mainEntityOfPage\":{\"@id\":\"https:\\\/\\\/www.cope.es\\\/blogs\\\/tendencias-moda\\\/2013\\\/06\\\/07\\\/skort-skirt-short\\\/\"},\"wordCount\":173,\"commentCount\":0,\"image\":{\"@id\":\"https:\\\/\\\/www.cope.es\\\/blogs\\\/tendencias-moda\\\/2013\\\/06\\\/07\\\/skort-skirt-short\\\/#primaryimage\"},\"thumbnailUrl\":\"https:\\\/\\\/www.cope.es\\\/blogs\\\/tendencias-moda\\\/wp-content\\\/uploads\\\/sites\\\/3\\\/2013\\\/06\\\/skort-ana-urena.jpg\",\"articleSection\":[\"shopping\",\"tendencia\"],\"inLanguage\":\"es\",\"potentialAction\":[{\"@type\":\"CommentAction\",\"name\":\"Comment\",\"target\":[\"https:\\\/\\\/www.cope.es\\\/blogs\\\/tendencias-moda\\\/2013\\\/06\\\/07\\\/skort-skirt-short\\\/#respond\"]}]},{\"@type\":\"WebPage\",\"@id\":\"https:\\\/\\\/www.cope.es\\\/blogs\\\/tendencias-moda\\\/2013\\\/06\\\/07\\\/skort-skirt-short\\\/\",\"url\":\"https:\\\/\\\/www.cope.es\\\/blogs\\\/tendencias-moda\\\/2013\\\/06\\\/07\\\/skort-skirt-short\\\/\",\"name\":\"Mam\u00e1 quiero un skort - L\u00e9xico fashionista\",\"isPartOf\":{\"@id\":\"https:\\\/\\\/www.cope.es\\\/blogs\\\/tendencias-moda\\\/#website\"},\"primaryImageOfPage\":{\"@id\":\"https:\\\/\\\/www.cope.es\\\/blogs\\\/tendencias-moda\\\/2013\\\/06\\\/07\\\/skort-skirt-short\\\/#primaryimage\"},\"image\":{\"@id\":\"https:\\\/\\\/www.cope.es\\\/blogs\\\/tendencias-moda\\\/2013\\\/06\\\/07\\\/skort-skirt-short\\\/#primaryimage\"},\"thumbnailUrl\":\"https:\\\/\\\/www.cope.es\\\/blogs\\\/tendencias-moda\\\/wp-content\\\/uploads\\\/sites\\\/3\\\/2013\\\/06\\\/skort-ana-urena.jpg\",\"datePublished\":\"2013-06-07T13:18:24+00:00\",\"author\":{\"@id\":\"https:\\\/\\\/www.cope.es\\\/blogs\\\/tendencias-moda\\\/#\\\/schema\\\/person\\\/d4c92e5cdffedbf565412bbc8a5df606\"},\"breadcrumb\":{\"@id\":\"https:\\\/\\\/www.cope.es\\\/blogs\\\/tendencias-moda\\\/2013\\\/06\\\/07\\\/skort-skirt-short\\\/#breadcrumb\"},\"inLanguage\":\"es\",\"potentialAction\":[{\"@type\":\"ReadAction\",\"target\":[\"https:\\\/\\\/www.cope.es\\\/blogs\\\/tendencias-moda\\\/2013\\\/06\\\/07\\\/skort-skirt-short\\\/\"]}]},{\"@type\":\"ImageObject\",\"inLanguage\":\"es\",\"@id\":\"https:\\\/\\\/www.cope.es\\\/blogs\\\/tendencias-moda\\\/2013\\\/06\\\/07\\\/skort-skirt-short\\\/#primaryimage\",\"url\":\"https:\\\/\\\/www.cope.es\\\/blogs\\\/tendencias-moda\\\/wp-content\\\/uploads\\\/sites\\\/3\\\/2013\\\/06\\\/skort-ana-urena.jpg\",\"contentUrl\":\"https:\\\/\\\/www.cope.es\\\/blogs\\\/tendencias-moda\\\/wp-content\\\/uploads\\\/sites\\\/3\\\/2013\\\/06\\\/skort-ana-urena.jpg\",\"width\":700,\"height\":467},{\"@type\":\"BreadcrumbList\",\"@id\":\"https:\\\/\\\/www.cope.es\\\/blogs\\\/tendencias-moda\\\/2013\\\/06\\\/07\\\/skort-skirt-short\\\/#breadcrumb\",\"itemListElement\":[{\"@type\":\"ListItem\",\"position\":1,\"name\":\"Portada\",\"item\":\"https:\\\/\\\/www.cope.es\\\/blogs\\\/tendencias-moda\\\/\"},{\"@type\":\"ListItem\",\"position\":2,\"name\":\"Mam\u00e1 quiero un skort\"}]},{\"@type\":\"WebSite\",\"@id\":\"https:\\\/\\\/www.cope.es\\\/blogs\\\/tendencias-moda\\\/#website\",\"url\":\"https:\\\/\\\/www.cope.es\\\/blogs\\\/tendencias-moda\\\/\",\"name\":\"L\u00e9xico fashionista\",\"description\":\"Stiletto, clutch, hobo, peep toe, petite robe noire, kawai, cabas, coolhunter, boho, trendy\u2026 la moda utiliza  palabras para las cuales a veces necesitamos un traductor simult\u00e1neo. Pero como Babel Fish no siempre funciona, sirva esta experta en la materia para descifrar el l\u00e9xico fashionista, desde las tendencias m\u00e1s audaces hasta los OMNIs (Objetos de Moda No Identificados) m\u00e1s curiosos.\",\"potentialAction\":[{\"@type\":\"SearchAction\",\"target\":{\"@type\":\"EntryPoint\",\"urlTemplate\":\"https:\\\/\\\/www.cope.es\\\/blogs\\\/tendencias-moda\\\/?s={search_term_string}\"},\"query-input\":{\"@type\":\"PropertyValueSpecification\",\"valueRequired\":true,\"valueName\":\"search_term_string\"}}],\"inLanguage\":\"es\"},{\"@type\":\"Person\",\"@id\":\"https:\\\/\\\/www.cope.es\\\/blogs\\\/tendencias-moda\\\/#\\\/schema\\\/person\\\/d4c92e5cdffedbf565412bbc8a5df606\",\"name\":\"Ana Ure\u00f1a\",\"image\":{\"@type\":\"ImageObject\",\"inLanguage\":\"es\",\"@id\":\"https:\\\/\\\/secure.gravatar.com\\\/avatar\\\/09b592e7ab3e707f9f24abacd8ecd4d629b60de09d3b1ce2fec15163eb6c9749?s=96&d=mm&r=g\",\"url\":\"https:\\\/\\\/secure.gravatar.com\\\/avatar\\\/09b592e7ab3e707f9f24abacd8ecd4d629b60de09d3b1ce2fec15163eb6c9749?s=96&d=mm&r=g\",\"contentUrl\":\"https:\\\/\\\/secure.gravatar.com\\\/avatar\\\/09b592e7ab3e707f9f24abacd8ecd4d629b60de09d3b1ce2fec15163eb6c9749?s=96&d=mm&r=g\",\"caption\":\"Ana Ure\u00f1a\"},\"description\":\"Ana Ure\u00f1a empez\u00f3 hace m\u00e1s de 15 a\u00f1os como becaria en la revista de moda Harper\u2019s en Londres, donde perfeccion\u00f3 su habilidad preparando caf\u00e9 para las reuniones de contenidos. M\u00e1s tarde trabaj\u00f3 para la revista de moda y sociedad \u00abTatler\u00bb, de Cond\u00e9 Nast, y para el peri\u00f3dico \u00abThe Times\u00bb, donde fue pionera al escribir uno de los primeros blogs de moda que existieron en el mundo. Al volver a Madrid, form\u00f3 parte de los equipos de ELLE y VOGUE, pasando por el grupo Vocento y llegando a ser directora de la revista Cosmopolitan. Ahora llega a La Cope a retomar este blog que naci\u00f3 en ABC y nos descubri\u00f3 t\u00e9rminos como OMNIs (Objetos de Moda No Identificados) y nos habl\u00f3 de los cronuts (un h\u00edbrido gourmet entre cruas\u00e1n y donut) antes que nadie. Hoy ya no hace el caf\u00e9 para nadie y solo sue\u00f1a con que se lo prepare George Clooney con su m\u00e1quina de c\u00e1psulas.\",\"sameAs\":[\"http:\\\/\\\/www.cope.es\",\"https:\\\/\\\/www.facebook.com\\\/ana.urena\",\"https:\\\/\\\/x.com\\\/anaurena\"],\"url\":\"https:\\\/\\\/www.cope.es\\\/blogs\\\/tendencias-moda\\\/author\\\/aurena\\\/\"}]}<\/script>\n<!-- \/ Yoast SEO plugin. -->","yoast_head_json":{"title":"Mam\u00e1 quiero un skort - L\u00e9xico fashionista","robots":{"index":"index","follow":"follow","max-snippet":"max-snippet:-1","max-image-preview":"max-image-preview:large","max-video-preview":"max-video-preview:-1"},"canonical":"https:\/\/www.cope.es\/blogs\/tendencias-moda\/2013\/06\/07\/skort-skirt-short\/","og_locale":"es_ES","og_type":"article","og_title":"Mam\u00e1 quiero un skort - L\u00e9xico fashionista","og_description":"Me imagino de adolescente dici\u00e9ndole estas palabras a mi madre. Porque seguramente m\u00e1s de una \u00abteenager\u00bb haya pronunciado esta misma frase durante las \u00faltimas semanas. Las mam\u00e1s enrolladas sabr\u00e1n perfectamente de lo que est\u00e1n hablando sus hijas. Las mam\u00e1s egoblogueras, ya tendr\u00e1n uno en el armario.","og_url":"https:\/\/www.cope.es\/blogs\/tendencias-moda\/2013\/06\/07\/skort-skirt-short\/","og_site_name":"L\u00e9xico fashionista","article_publisher":"https:\/\/www.facebook.com\/cope\/","article_author":"https:\/\/www.facebook.com\/ana.urena","article_published_time":"2013-06-07T13:18:24+00:00","og_image":[{"width":700,"height":467,"url":"https:\/\/www.cope.es\/blogs\/tendencias-moda\/wp-content\/uploads\/sites\/3\/2013\/06\/skort-ana-urena.jpg","type":"image\/jpeg"}],"author":"Ana Ure\u00f1a","twitter_card":"summary_large_image","twitter_creator":"@anaurena","twitter_site":"@cope_es","twitter_misc":{"Escrito por":"Ana Ure\u00f1a","Tiempo de lectura":"1 minuto"},"schema":{"@context":"https:\/\/schema.org","@graph":[{"@type":"Article","@id":"https:\/\/www.cope.es\/blogs\/tendencias-moda\/2013\/06\/07\/skort-skirt-short\/#article","isPartOf":{"@id":"https:\/\/www.cope.es\/blogs\/tendencias-moda\/2013\/06\/07\/skort-skirt-short\/"},"author":{"name":"Ana Ure\u00f1a","@id":"https:\/\/www.cope.es\/blogs\/tendencias-moda\/#\/schema\/person\/d4c92e5cdffedbf565412bbc8a5df606"},"headline":"Mam\u00e1 quiero un skort","datePublished":"2013-06-07T13:18:24+00:00","mainEntityOfPage":{"@id":"https:\/\/www.cope.es\/blogs\/tendencias-moda\/2013\/06\/07\/skort-skirt-short\/"},"wordCount":173,"commentCount":0,"image":{"@id":"https:\/\/www.cope.es\/blogs\/tendencias-moda\/2013\/06\/07\/skort-skirt-short\/#primaryimage"},"thumbnailUrl":"https:\/\/www.cope.es\/blogs\/tendencias-moda\/wp-content\/uploads\/sites\/3\/2013\/06\/skort-ana-urena.jpg","articleSection":["shopping","tendencia"],"inLanguage":"es","potentialAction":[{"@type":"CommentAction","name":"Comment","target":["https:\/\/www.cope.es\/blogs\/tendencias-moda\/2013\/06\/07\/skort-skirt-short\/#respond"]}]},{"@type":"WebPage","@id":"https:\/\/www.cope.es\/blogs\/tendencias-moda\/2013\/06\/07\/skort-skirt-short\/","url":"https:\/\/www.cope.es\/blogs\/tendencias-moda\/2013\/06\/07\/skort-skirt-short\/","name":"Mam\u00e1 quiero un skort - L\u00e9xico fashionista","isPartOf":{"@id":"https:\/\/www.cope.es\/blogs\/tendencias-moda\/#website"},"primaryImageOfPage":{"@id":"https:\/\/www.cope.es\/blogs\/tendencias-moda\/2013\/06\/07\/skort-skirt-short\/#primaryimage"},"image":{"@id":"https:\/\/www.cope.es\/blogs\/tendencias-moda\/2013\/06\/07\/skort-skirt-short\/#primaryimage"},"thumbnailUrl":"https:\/\/www.cope.es\/blogs\/tendencias-moda\/wp-content\/uploads\/sites\/3\/2013\/06\/skort-ana-urena.jpg","datePublished":"2013-06-07T13:18:24+00:00","author":{"@id":"https:\/\/www.cope.es\/blogs\/tendencias-moda\/#\/schema\/person\/d4c92e5cdffedbf565412bbc8a5df606"},"breadcrumb":{"@id":"https:\/\/www.cope.es\/blogs\/tendencias-moda\/2013\/06\/07\/skort-skirt-short\/#breadcrumb"},"inLanguage":"es","potentialAction":[{"@type":"ReadAction","target":["https:\/\/www.cope.es\/blogs\/tendencias-moda\/2013\/06\/07\/skort-skirt-short\/"]}]},{"@type":"ImageObject","inLanguage":"es","@id":"https:\/\/www.cope.es\/blogs\/tendencias-moda\/2013\/06\/07\/skort-skirt-short\/#primaryimage","url":"https:\/\/www.cope.es\/blogs\/tendencias-moda\/wp-content\/uploads\/sites\/3\/2013\/06\/skort-ana-urena.jpg","contentUrl":"https:\/\/www.cope.es\/blogs\/tendencias-moda\/wp-content\/uploads\/sites\/3\/2013\/06\/skort-ana-urena.jpg","width":700,"height":467},{"@type":"BreadcrumbList","@id":"https:\/\/www.cope.es\/blogs\/tendencias-moda\/2013\/06\/07\/skort-skirt-short\/#breadcrumb","itemListElement":[{"@type":"ListItem","position":1,"name":"Portada","item":"https:\/\/www.cope.es\/blogs\/tendencias-moda\/"},{"@type":"ListItem","position":2,"name":"Mam\u00e1 quiero un skort"}]},{"@type":"WebSite","@id":"https:\/\/www.cope.es\/blogs\/tendencias-moda\/#website","url":"https:\/\/www.cope.es\/blogs\/tendencias-moda\/","name":"L\u00e9xico fashionista","description":"Stiletto, clutch, hobo, peep toe, petite robe noire, kawai, cabas, coolhunter, boho, trendy\u2026 la moda utiliza  palabras para las cuales a veces necesitamos un traductor simult\u00e1neo. Pero como Babel Fish no siempre funciona, sirva esta experta en la materia para descifrar el l\u00e9xico fashionista, desde las tendencias m\u00e1s audaces hasta los OMNIs (Objetos de Moda No Identificados) m\u00e1s curiosos.","potentialAction":[{"@type":"SearchAction","target":{"@type":"EntryPoint","urlTemplate":"https:\/\/www.cope.es\/blogs\/tendencias-moda\/?s={search_term_string}"},"query-input":{"@type":"PropertyValueSpecification","valueRequired":true,"valueName":"search_term_string"}}],"inLanguage":"es"},{"@type":"Person","@id":"https:\/\/www.cope.es\/blogs\/tendencias-moda\/#\/schema\/person\/d4c92e5cdffedbf565412bbc8a5df606","name":"Ana Ure\u00f1a","image":{"@type":"ImageObject","inLanguage":"es","@id":"https:\/\/secure.gravatar.com\/avatar\/09b592e7ab3e707f9f24abacd8ecd4d629b60de09d3b1ce2fec15163eb6c9749?s=96&d=mm&r=g","url":"https:\/\/secure.gravatar.com\/avatar\/09b592e7ab3e707f9f24abacd8ecd4d629b60de09d3b1ce2fec15163eb6c9749?s=96&d=mm&r=g","contentUrl":"https:\/\/secure.gravatar.com\/avatar\/09b592e7ab3e707f9f24abacd8ecd4d629b60de09d3b1ce2fec15163eb6c9749?s=96&d=mm&r=g","caption":"Ana Ure\u00f1a"},"description":"Ana Ure\u00f1a empez\u00f3 hace m\u00e1s de 15 a\u00f1os como becaria en la revista de moda Harper\u2019s en Londres, donde perfeccion\u00f3 su habilidad preparando caf\u00e9 para las reuniones de contenidos. M\u00e1s tarde trabaj\u00f3 para la revista de moda y sociedad \u00abTatler\u00bb, de Cond\u00e9 Nast, y para el peri\u00f3dico \u00abThe Times\u00bb, donde fue pionera al escribir uno de los primeros blogs de moda que existieron en el mundo. Al volver a Madrid, form\u00f3 parte de los equipos de ELLE y VOGUE, pasando por el grupo Vocento y llegando a ser directora de la revista Cosmopolitan. Ahora llega a La Cope a retomar este blog que naci\u00f3 en ABC y nos descubri\u00f3 t\u00e9rminos como OMNIs (Objetos de Moda No Identificados) y nos habl\u00f3 de los cronuts (un h\u00edbrido gourmet entre cruas\u00e1n y donut) antes que nadie. Hoy ya no hace el caf\u00e9 para nadie y solo sue\u00f1a con que se lo prepare George Clooney con su m\u00e1quina de c\u00e1psulas.","sameAs":["http:\/\/www.cope.es","https:\/\/www.facebook.com\/ana.urena","https:\/\/x.com\/anaurena"],"url":"https:\/\/www.cope.es\/blogs\/tendencias-moda\/author\/aurena\/"}]}},"amp_enabled":true,"_links":{"self":[{"href":"https:\/\/www.cope.es\/blogs\/tendencias-moda\/wp-json\/wp\/v2\/posts\/15955","targetHints":{"allow":["GET"]}}],"collection":[{"href":"https:\/\/www.cope.es\/blogs\/tendencias-moda\/wp-json\/wp\/v2\/posts"}],"about":[{"href":"https:\/\/www.cope.es\/blogs\/tendencias-moda\/wp-json\/wp\/v2\/types\/post"}],"author":[{"embeddable":true,"href":"https:\/\/www.cope.es\/blogs\/tendencias-moda\/wp-json\/wp\/v2\/users\/2"}],"replies":[{"embeddable":true,"href":"https:\/\/www.cope.es\/blogs\/tendencias-moda\/wp-json\/wp\/v2\/comments?post=15955"}],"version-history":[{"count":0,"href":"https:\/\/www.cope.es\/blogs\/tendencias-moda\/wp-json\/wp\/v2\/posts\/15955\/revisions"}],"wp:featuredmedia":[{"embeddable":true,"href":"https:\/\/www.cope.es\/blogs\/tendencias-moda\/wp-json\/wp\/v2\/media\/15959"}],"wp:attachment":[{"href":"https:\/\/www.cope.es\/blogs\/tendencias-moda\/wp-json\/wp\/v2\/media?parent=15955"}],"wp:term":[{"taxonomy":"category","embeddable":true,"href":"https:\/\/www.cope.es\/blogs\/tendencias-moda\/wp-json\/wp\/v2\/categories?post=15955"},{"taxonomy":"post_tag","embeddable":true,"href":"https:\/\/www.cope.es\/blogs\/tendencias-moda\/wp-json\/wp\/v2\/tags?post=15955"}],"curies":[{"name":"wp","href":"https:\/\/api.w.org\/{rel}","templated":true}]}}