{"id":15841,"date":"2013-04-20T09:02:53","date_gmt":"2013-04-20T07:02:53","guid":{"rendered":"http:\/\/abcblogs.abc.es\/tendencias-moda\/?p=15841"},"modified":"2013-04-20T09:02:53","modified_gmt":"2013-04-20T07:02:53","slug":"las-fotos-que-no-debes-hacerte-para-instagram","status":"publish","type":"post","link":"https:\/\/www.cope.es\/blogs\/tendencias-moda\/2013\/04\/20\/las-fotos-que-no-debes-hacerte-para-instagram\/","title":{"rendered":"Las fotos que no debes hacerte para Instagram"},"content":{"rendered":"<p>El t\u00edtulo real de este blog deber\u00eda ser &#8221; Las fotos que no debes hacerte para Instagram\u2026 siempre y cuando no te llames <strong>Carine Roitfeld<\/strong>, <strong>Derek Blasberg<\/strong> o seas una It girl-jet setter de familia noble o similar&#8221;.<\/p>\n<p><a href=\"\/tendencias-moda\/wp-content\/uploads\/sites\/78\/2013\/04\/7-574x430.jpg\"><img decoding=\"async\" class=\"alignnone size-medium wp-image-15842\" alt=\"7-574x430\" src=\"\/tendencias-moda\/wp-content\/uploads\/sites\/78\/2013\/04\/7-574x430-468x350.jpg\" \/><\/a><\/p>\n<p><strong>La foto modalidad \u00abselfie\u00bb<\/strong> (autofoto) con un amigo o amiga con la t\u00edpica descripci\u00f3n en la cual dejas bien claro d\u00f3nde est\u00e1s (con un link a google maps) para que ese chico o chica que te gusta sepa d\u00f3nde encontrarte. En el caso de esta foto de Dereck Blasberg, est\u00e1 en la zona VIP de la zona VIP de un sitio tan cool que da igual que nos de sus coordenadas de GPS, los dem\u00e1s no podremos acceder a \u00e9l (mientras escribo esto de fondo suena la canci\u00f3n \u00abYou\u2019re not on the guest list\u00bb). (La foto es del blog de <a href=\"http:\/\/www.derekblasberg.com\/\">Derek Blasberg<\/a>).<\/p>\n<p><a href=\"\/tendencias-moda\/wp-content\/uploads\/sites\/78\/2013\/04\/carine-roitfeld.jpg\"><img decoding=\"async\" class=\"alignnone size-medium wp-image-15844\" alt=\"carine-roitfeld\" src=\"\/tendencias-moda\/wp-content\/uploads\/sites\/78\/2013\/04\/carine-roitfeld-468x350.jpg\" \/><\/a><\/p>\n<p><strong>La foto con cara ebria con el chupito de rigor en la mano<\/strong>. Nadie tiene por qu\u00e9 saber que consumes m\u00e1s tequila que un grupo de \u00abteenagers\u00bb americanos de \u00abSpring Break\u00bb en Tijuana. En el caso de la foto de Carine Roitfeld con Natalie Portman, ambas tienen bastante que celebrar. Si tu fueras la nueva reina del cotarro de la moda o si hubieses vendido tu empresa de internet (<a href=\"http:\/\/Net-a-porter.com\/\">Net-a-porter.com<\/a>) por 350 millones de libras, te perdonar\u00edamos la foto a ti tambi\u00e9n. Y por cierto, la bebida de elecci\u00f3n de Carine no es el tequila, es m\u00e1s bien el vodka del restaurante parisino Kaviar Kaspia. (La foto es del blog de <a href=\"http:\/\/www.derekblasberg.com\/\">Derek Blasberg<\/a>).<\/p>\n<p><a href=\"\/tendencias-moda\/wp-content\/uploads\/sites\/78\/2013\/04\/coco-brandolini.jpg\"><img decoding=\"async\" class=\"alignnone size-medium wp-image-15843\" alt=\"coco-brandolini\" src=\"\/tendencias-moda\/wp-content\/uploads\/sites\/78\/2013\/04\/coco-brandolini-468x350.jpg\" \/><\/a><\/p>\n<p><strong>La foto post fiesta cuando ya te has puesto algo c\u00f3modo en casa<\/strong>. Un top de lentejuelas con pantalones de pijama, un vestido de encaje con pantuflas, estos son momentos que es mejor no retratar. La foto en cuesti\u00f3n no cuenta. La chica con la camisa de le\u00f1ador (que seguimos debatiendo si es o no de la nueva colecci\u00f3n de Saint Laurent) es Cornelia Brandolini d\u2019Adda, Coco para los amigos. De lineaje noble italiano, vive entre Par\u00eds, Nueva York y Mil\u00e1n, siempre ha trabajado en moda y da igual lo que se ponga porque sus amigas la copiaran por mucho que sea una camisa de le\u00f1ador sobre un vestido de gala.\u00a0 (La foto es del blog de <a href=\"http:\/\/www.derekblasberg.com\/\">Derek Blasberg<\/a>).<\/p>\n<p>&nbsp;<\/p>\n","protected":false},"excerpt":{"rendered":"<p>El t\u00edtulo real de este blog deber\u00eda ser &#8221; Las fotos que no debes hacerte para Instagram\u2026 siempre y cuando no te llames Carine Roitfeld, Derek Blasberg o seas una It girl-jet setter de familia noble o similar&#8221;. La foto modalidad \u00abselfie\u00bb (autofoto) con un amigo o amiga con la t\u00edpica descripci\u00f3n en la cual [&hellip;]<\/p>\n","protected":false},"author":2,"featured_media":15845,"comment_status":"open","ping_status":"closed","sticky":false,"template":"","format":"standard","meta":{"footnotes":""},"categories":[1],"tags":[],"class_list":["post-15841","post","type-post","status-publish","format-standard","has-post-thumbnail","hentry","category-sin-categoria"],"yoast_head":"<!-- This site is optimized with the Yoast SEO plugin v27.4 - https:\/\/yoast.com\/product\/yoast-seo-wordpress\/ -->\n<title>Las fotos que no debes hacerte para Instagram - L\u00e9xico fashionista<\/title>\n<meta name=\"robots\" content=\"index, follow, max-snippet:-1, max-image-preview:large, max-video-preview:-1\" \/>\n<link rel=\"canonical\" href=\"https:\/\/www.cope.es\/blogs\/tendencias-moda\/2013\/04\/20\/las-fotos-que-no-debes-hacerte-para-instagram\/\" \/>\n<meta property=\"og:locale\" content=\"es_ES\" \/>\n<meta property=\"og:type\" content=\"article\" \/>\n<meta property=\"og:title\" content=\"Las fotos que no debes hacerte para Instagram - L\u00e9xico fashionista\" \/>\n<meta property=\"og:description\" content=\"El t\u00edtulo real de este blog deber\u00eda ser &#8221; Las fotos que no debes hacerte para Instagram\u2026 siempre y cuando no te llames Carine Roitfeld, Derek Blasberg o seas una It girl-jet setter de familia noble o similar&#8221;. La foto modalidad \u00abselfie\u00bb (autofoto) con un amigo o amiga con la t\u00edpica descripci\u00f3n en la cual [&hellip;]\" \/>\n<meta property=\"og:url\" content=\"https:\/\/www.cope.es\/blogs\/tendencias-moda\/2013\/04\/20\/las-fotos-que-no-debes-hacerte-para-instagram\/\" \/>\n<meta property=\"og:site_name\" content=\"L\u00e9xico fashionista\" \/>\n<meta property=\"article:publisher\" content=\"https:\/\/www.facebook.com\/cope\/\" \/>\n<meta property=\"article:author\" content=\"https:\/\/www.facebook.com\/ana.urena\" \/>\n<meta property=\"article:published_time\" content=\"2013-04-20T07:02:53+00:00\" \/>\n<meta property=\"og:image\" content=\"https:\/\/www.cope.es\/blogs\/tendencias-moda\/wp-content\/uploads\/sites\/3\/2013\/04\/bebidas.jpg\" \/>\n\t<meta property=\"og:image:width\" content=\"3888\" \/>\n\t<meta property=\"og:image:height\" content=\"2592\" \/>\n\t<meta property=\"og:image:type\" content=\"image\/jpeg\" \/>\n<meta name=\"author\" content=\"Ana Ure\u00f1a\" \/>\n<meta name=\"twitter:card\" content=\"summary_large_image\" \/>\n<meta name=\"twitter:creator\" content=\"@anaurena\" \/>\n<meta name=\"twitter:site\" content=\"@cope_es\" \/>\n<meta name=\"twitter:label1\" content=\"Escrito por\" \/>\n\t<meta name=\"twitter:data1\" content=\"Ana Ure\u00f1a\" \/>\n\t<meta name=\"twitter:label2\" content=\"Tiempo de lectura\" \/>\n\t<meta name=\"twitter:data2\" content=\"2 minutos\" \/>\n<script type=\"application\/ld+json\" class=\"yoast-schema-graph\">{\"@context\":\"https:\\\/\\\/schema.org\",\"@graph\":[{\"@type\":\"Article\",\"@id\":\"https:\\\/\\\/www.cope.es\\\/blogs\\\/tendencias-moda\\\/2013\\\/04\\\/20\\\/las-fotos-que-no-debes-hacerte-para-instagram\\\/#article\",\"isPartOf\":{\"@id\":\"https:\\\/\\\/www.cope.es\\\/blogs\\\/tendencias-moda\\\/2013\\\/04\\\/20\\\/las-fotos-que-no-debes-hacerte-para-instagram\\\/\"},\"author\":{\"name\":\"Ana Ure\u00f1a\",\"@id\":\"https:\\\/\\\/www.cope.es\\\/blogs\\\/tendencias-moda\\\/#\\\/schema\\\/person\\\/d4c92e5cdffedbf565412bbc8a5df606\"},\"headline\":\"Las fotos que no debes hacerte para Instagram\",\"datePublished\":\"2013-04-20T07:02:53+00:00\",\"mainEntityOfPage\":{\"@id\":\"https:\\\/\\\/www.cope.es\\\/blogs\\\/tendencias-moda\\\/2013\\\/04\\\/20\\\/las-fotos-que-no-debes-hacerte-para-instagram\\\/\"},\"wordCount\":403,\"commentCount\":0,\"image\":{\"@id\":\"https:\\\/\\\/www.cope.es\\\/blogs\\\/tendencias-moda\\\/2013\\\/04\\\/20\\\/las-fotos-que-no-debes-hacerte-para-instagram\\\/#primaryimage\"},\"thumbnailUrl\":\"https:\\\/\\\/www.cope.es\\\/blogs\\\/tendencias-moda\\\/wp-content\\\/uploads\\\/sites\\\/3\\\/2013\\\/04\\\/bebidas.jpg\",\"inLanguage\":\"es\",\"potentialAction\":[{\"@type\":\"CommentAction\",\"name\":\"Comment\",\"target\":[\"https:\\\/\\\/www.cope.es\\\/blogs\\\/tendencias-moda\\\/2013\\\/04\\\/20\\\/las-fotos-que-no-debes-hacerte-para-instagram\\\/#respond\"]}]},{\"@type\":\"WebPage\",\"@id\":\"https:\\\/\\\/www.cope.es\\\/blogs\\\/tendencias-moda\\\/2013\\\/04\\\/20\\\/las-fotos-que-no-debes-hacerte-para-instagram\\\/\",\"url\":\"https:\\\/\\\/www.cope.es\\\/blogs\\\/tendencias-moda\\\/2013\\\/04\\\/20\\\/las-fotos-que-no-debes-hacerte-para-instagram\\\/\",\"name\":\"Las fotos que no debes hacerte para Instagram - L\u00e9xico fashionista\",\"isPartOf\":{\"@id\":\"https:\\\/\\\/www.cope.es\\\/blogs\\\/tendencias-moda\\\/#website\"},\"primaryImageOfPage\":{\"@id\":\"https:\\\/\\\/www.cope.es\\\/blogs\\\/tendencias-moda\\\/2013\\\/04\\\/20\\\/las-fotos-que-no-debes-hacerte-para-instagram\\\/#primaryimage\"},\"image\":{\"@id\":\"https:\\\/\\\/www.cope.es\\\/blogs\\\/tendencias-moda\\\/2013\\\/04\\\/20\\\/las-fotos-que-no-debes-hacerte-para-instagram\\\/#primaryimage\"},\"thumbnailUrl\":\"https:\\\/\\\/www.cope.es\\\/blogs\\\/tendencias-moda\\\/wp-content\\\/uploads\\\/sites\\\/3\\\/2013\\\/04\\\/bebidas.jpg\",\"datePublished\":\"2013-04-20T07:02:53+00:00\",\"author\":{\"@id\":\"https:\\\/\\\/www.cope.es\\\/blogs\\\/tendencias-moda\\\/#\\\/schema\\\/person\\\/d4c92e5cdffedbf565412bbc8a5df606\"},\"breadcrumb\":{\"@id\":\"https:\\\/\\\/www.cope.es\\\/blogs\\\/tendencias-moda\\\/2013\\\/04\\\/20\\\/las-fotos-que-no-debes-hacerte-para-instagram\\\/#breadcrumb\"},\"inLanguage\":\"es\",\"potentialAction\":[{\"@type\":\"ReadAction\",\"target\":[\"https:\\\/\\\/www.cope.es\\\/blogs\\\/tendencias-moda\\\/2013\\\/04\\\/20\\\/las-fotos-que-no-debes-hacerte-para-instagram\\\/\"]}]},{\"@type\":\"ImageObject\",\"inLanguage\":\"es\",\"@id\":\"https:\\\/\\\/www.cope.es\\\/blogs\\\/tendencias-moda\\\/2013\\\/04\\\/20\\\/las-fotos-que-no-debes-hacerte-para-instagram\\\/#primaryimage\",\"url\":\"https:\\\/\\\/www.cope.es\\\/blogs\\\/tendencias-moda\\\/wp-content\\\/uploads\\\/sites\\\/3\\\/2013\\\/04\\\/bebidas.jpg\",\"contentUrl\":\"https:\\\/\\\/www.cope.es\\\/blogs\\\/tendencias-moda\\\/wp-content\\\/uploads\\\/sites\\\/3\\\/2013\\\/04\\\/bebidas.jpg\",\"width\":3888,\"height\":2592},{\"@type\":\"BreadcrumbList\",\"@id\":\"https:\\\/\\\/www.cope.es\\\/blogs\\\/tendencias-moda\\\/2013\\\/04\\\/20\\\/las-fotos-que-no-debes-hacerte-para-instagram\\\/#breadcrumb\",\"itemListElement\":[{\"@type\":\"ListItem\",\"position\":1,\"name\":\"Portada\",\"item\":\"https:\\\/\\\/www.cope.es\\\/blogs\\\/tendencias-moda\\\/\"},{\"@type\":\"ListItem\",\"position\":2,\"name\":\"Las fotos que no debes hacerte para Instagram\"}]},{\"@type\":\"WebSite\",\"@id\":\"https:\\\/\\\/www.cope.es\\\/blogs\\\/tendencias-moda\\\/#website\",\"url\":\"https:\\\/\\\/www.cope.es\\\/blogs\\\/tendencias-moda\\\/\",\"name\":\"L\u00e9xico fashionista\",\"description\":\"Stiletto, clutch, hobo, peep toe, petite robe noire, kawai, cabas, coolhunter, boho, trendy\u2026 la moda utiliza  palabras para las cuales a veces necesitamos un traductor simult\u00e1neo. Pero como Babel Fish no siempre funciona, sirva esta experta en la materia para descifrar el l\u00e9xico fashionista, desde las tendencias m\u00e1s audaces hasta los OMNIs (Objetos de Moda No Identificados) m\u00e1s curiosos.\",\"potentialAction\":[{\"@type\":\"SearchAction\",\"target\":{\"@type\":\"EntryPoint\",\"urlTemplate\":\"https:\\\/\\\/www.cope.es\\\/blogs\\\/tendencias-moda\\\/?s={search_term_string}\"},\"query-input\":{\"@type\":\"PropertyValueSpecification\",\"valueRequired\":true,\"valueName\":\"search_term_string\"}}],\"inLanguage\":\"es\"},{\"@type\":\"Person\",\"@id\":\"https:\\\/\\\/www.cope.es\\\/blogs\\\/tendencias-moda\\\/#\\\/schema\\\/person\\\/d4c92e5cdffedbf565412bbc8a5df606\",\"name\":\"Ana Ure\u00f1a\",\"image\":{\"@type\":\"ImageObject\",\"inLanguage\":\"es\",\"@id\":\"https:\\\/\\\/secure.gravatar.com\\\/avatar\\\/09b592e7ab3e707f9f24abacd8ecd4d629b60de09d3b1ce2fec15163eb6c9749?s=96&d=mm&r=g\",\"url\":\"https:\\\/\\\/secure.gravatar.com\\\/avatar\\\/09b592e7ab3e707f9f24abacd8ecd4d629b60de09d3b1ce2fec15163eb6c9749?s=96&d=mm&r=g\",\"contentUrl\":\"https:\\\/\\\/secure.gravatar.com\\\/avatar\\\/09b592e7ab3e707f9f24abacd8ecd4d629b60de09d3b1ce2fec15163eb6c9749?s=96&d=mm&r=g\",\"caption\":\"Ana Ure\u00f1a\"},\"description\":\"Ana Ure\u00f1a empez\u00f3 hace m\u00e1s de 15 a\u00f1os como becaria en la revista de moda Harper\u2019s en Londres, donde perfeccion\u00f3 su habilidad preparando caf\u00e9 para las reuniones de contenidos. M\u00e1s tarde trabaj\u00f3 para la revista de moda y sociedad \u00abTatler\u00bb, de Cond\u00e9 Nast, y para el peri\u00f3dico \u00abThe Times\u00bb, donde fue pionera al escribir uno de los primeros blogs de moda que existieron en el mundo. Al volver a Madrid, form\u00f3 parte de los equipos de ELLE y VOGUE, pasando por el grupo Vocento y llegando a ser directora de la revista Cosmopolitan. Ahora llega a La Cope a retomar este blog que naci\u00f3 en ABC y nos descubri\u00f3 t\u00e9rminos como OMNIs (Objetos de Moda No Identificados) y nos habl\u00f3 de los cronuts (un h\u00edbrido gourmet entre cruas\u00e1n y donut) antes que nadie. Hoy ya no hace el caf\u00e9 para nadie y solo sue\u00f1a con que se lo prepare George Clooney con su m\u00e1quina de c\u00e1psulas.\",\"sameAs\":[\"http:\\\/\\\/www.cope.es\",\"https:\\\/\\\/www.facebook.com\\\/ana.urena\",\"https:\\\/\\\/x.com\\\/anaurena\"],\"url\":\"https:\\\/\\\/www.cope.es\\\/blogs\\\/tendencias-moda\\\/author\\\/aurena\\\/\"}]}<\/script>\n<!-- \/ Yoast SEO plugin. -->","yoast_head_json":{"title":"Las fotos que no debes hacerte para Instagram - L\u00e9xico fashionista","robots":{"index":"index","follow":"follow","max-snippet":"max-snippet:-1","max-image-preview":"max-image-preview:large","max-video-preview":"max-video-preview:-1"},"canonical":"https:\/\/www.cope.es\/blogs\/tendencias-moda\/2013\/04\/20\/las-fotos-que-no-debes-hacerte-para-instagram\/","og_locale":"es_ES","og_type":"article","og_title":"Las fotos que no debes hacerte para Instagram - L\u00e9xico fashionista","og_description":"El t\u00edtulo real de este blog deber\u00eda ser &#8221; Las fotos que no debes hacerte para Instagram\u2026 siempre y cuando no te llames Carine Roitfeld, Derek Blasberg o seas una It girl-jet setter de familia noble o similar&#8221;. La foto modalidad \u00abselfie\u00bb (autofoto) con un amigo o amiga con la t\u00edpica descripci\u00f3n en la cual [&hellip;]","og_url":"https:\/\/www.cope.es\/blogs\/tendencias-moda\/2013\/04\/20\/las-fotos-que-no-debes-hacerte-para-instagram\/","og_site_name":"L\u00e9xico fashionista","article_publisher":"https:\/\/www.facebook.com\/cope\/","article_author":"https:\/\/www.facebook.com\/ana.urena","article_published_time":"2013-04-20T07:02:53+00:00","og_image":[{"width":3888,"height":2592,"url":"https:\/\/www.cope.es\/blogs\/tendencias-moda\/wp-content\/uploads\/sites\/3\/2013\/04\/bebidas.jpg","type":"image\/jpeg"}],"author":"Ana Ure\u00f1a","twitter_card":"summary_large_image","twitter_creator":"@anaurena","twitter_site":"@cope_es","twitter_misc":{"Escrito por":"Ana Ure\u00f1a","Tiempo de lectura":"2 minutos"},"schema":{"@context":"https:\/\/schema.org","@graph":[{"@type":"Article","@id":"https:\/\/www.cope.es\/blogs\/tendencias-moda\/2013\/04\/20\/las-fotos-que-no-debes-hacerte-para-instagram\/#article","isPartOf":{"@id":"https:\/\/www.cope.es\/blogs\/tendencias-moda\/2013\/04\/20\/las-fotos-que-no-debes-hacerte-para-instagram\/"},"author":{"name":"Ana Ure\u00f1a","@id":"https:\/\/www.cope.es\/blogs\/tendencias-moda\/#\/schema\/person\/d4c92e5cdffedbf565412bbc8a5df606"},"headline":"Las fotos que no debes hacerte para Instagram","datePublished":"2013-04-20T07:02:53+00:00","mainEntityOfPage":{"@id":"https:\/\/www.cope.es\/blogs\/tendencias-moda\/2013\/04\/20\/las-fotos-que-no-debes-hacerte-para-instagram\/"},"wordCount":403,"commentCount":0,"image":{"@id":"https:\/\/www.cope.es\/blogs\/tendencias-moda\/2013\/04\/20\/las-fotos-que-no-debes-hacerte-para-instagram\/#primaryimage"},"thumbnailUrl":"https:\/\/www.cope.es\/blogs\/tendencias-moda\/wp-content\/uploads\/sites\/3\/2013\/04\/bebidas.jpg","inLanguage":"es","potentialAction":[{"@type":"CommentAction","name":"Comment","target":["https:\/\/www.cope.es\/blogs\/tendencias-moda\/2013\/04\/20\/las-fotos-que-no-debes-hacerte-para-instagram\/#respond"]}]},{"@type":"WebPage","@id":"https:\/\/www.cope.es\/blogs\/tendencias-moda\/2013\/04\/20\/las-fotos-que-no-debes-hacerte-para-instagram\/","url":"https:\/\/www.cope.es\/blogs\/tendencias-moda\/2013\/04\/20\/las-fotos-que-no-debes-hacerte-para-instagram\/","name":"Las fotos que no debes hacerte para Instagram - L\u00e9xico fashionista","isPartOf":{"@id":"https:\/\/www.cope.es\/blogs\/tendencias-moda\/#website"},"primaryImageOfPage":{"@id":"https:\/\/www.cope.es\/blogs\/tendencias-moda\/2013\/04\/20\/las-fotos-que-no-debes-hacerte-para-instagram\/#primaryimage"},"image":{"@id":"https:\/\/www.cope.es\/blogs\/tendencias-moda\/2013\/04\/20\/las-fotos-que-no-debes-hacerte-para-instagram\/#primaryimage"},"thumbnailUrl":"https:\/\/www.cope.es\/blogs\/tendencias-moda\/wp-content\/uploads\/sites\/3\/2013\/04\/bebidas.jpg","datePublished":"2013-04-20T07:02:53+00:00","author":{"@id":"https:\/\/www.cope.es\/blogs\/tendencias-moda\/#\/schema\/person\/d4c92e5cdffedbf565412bbc8a5df606"},"breadcrumb":{"@id":"https:\/\/www.cope.es\/blogs\/tendencias-moda\/2013\/04\/20\/las-fotos-que-no-debes-hacerte-para-instagram\/#breadcrumb"},"inLanguage":"es","potentialAction":[{"@type":"ReadAction","target":["https:\/\/www.cope.es\/blogs\/tendencias-moda\/2013\/04\/20\/las-fotos-que-no-debes-hacerte-para-instagram\/"]}]},{"@type":"ImageObject","inLanguage":"es","@id":"https:\/\/www.cope.es\/blogs\/tendencias-moda\/2013\/04\/20\/las-fotos-que-no-debes-hacerte-para-instagram\/#primaryimage","url":"https:\/\/www.cope.es\/blogs\/tendencias-moda\/wp-content\/uploads\/sites\/3\/2013\/04\/bebidas.jpg","contentUrl":"https:\/\/www.cope.es\/blogs\/tendencias-moda\/wp-content\/uploads\/sites\/3\/2013\/04\/bebidas.jpg","width":3888,"height":2592},{"@type":"BreadcrumbList","@id":"https:\/\/www.cope.es\/blogs\/tendencias-moda\/2013\/04\/20\/las-fotos-que-no-debes-hacerte-para-instagram\/#breadcrumb","itemListElement":[{"@type":"ListItem","position":1,"name":"Portada","item":"https:\/\/www.cope.es\/blogs\/tendencias-moda\/"},{"@type":"ListItem","position":2,"name":"Las fotos que no debes hacerte para Instagram"}]},{"@type":"WebSite","@id":"https:\/\/www.cope.es\/blogs\/tendencias-moda\/#website","url":"https:\/\/www.cope.es\/blogs\/tendencias-moda\/","name":"L\u00e9xico fashionista","description":"Stiletto, clutch, hobo, peep toe, petite robe noire, kawai, cabas, coolhunter, boho, trendy\u2026 la moda utiliza  palabras para las cuales a veces necesitamos un traductor simult\u00e1neo. Pero como Babel Fish no siempre funciona, sirva esta experta en la materia para descifrar el l\u00e9xico fashionista, desde las tendencias m\u00e1s audaces hasta los OMNIs (Objetos de Moda No Identificados) m\u00e1s curiosos.","potentialAction":[{"@type":"SearchAction","target":{"@type":"EntryPoint","urlTemplate":"https:\/\/www.cope.es\/blogs\/tendencias-moda\/?s={search_term_string}"},"query-input":{"@type":"PropertyValueSpecification","valueRequired":true,"valueName":"search_term_string"}}],"inLanguage":"es"},{"@type":"Person","@id":"https:\/\/www.cope.es\/blogs\/tendencias-moda\/#\/schema\/person\/d4c92e5cdffedbf565412bbc8a5df606","name":"Ana Ure\u00f1a","image":{"@type":"ImageObject","inLanguage":"es","@id":"https:\/\/secure.gravatar.com\/avatar\/09b592e7ab3e707f9f24abacd8ecd4d629b60de09d3b1ce2fec15163eb6c9749?s=96&d=mm&r=g","url":"https:\/\/secure.gravatar.com\/avatar\/09b592e7ab3e707f9f24abacd8ecd4d629b60de09d3b1ce2fec15163eb6c9749?s=96&d=mm&r=g","contentUrl":"https:\/\/secure.gravatar.com\/avatar\/09b592e7ab3e707f9f24abacd8ecd4d629b60de09d3b1ce2fec15163eb6c9749?s=96&d=mm&r=g","caption":"Ana Ure\u00f1a"},"description":"Ana Ure\u00f1a empez\u00f3 hace m\u00e1s de 15 a\u00f1os como becaria en la revista de moda Harper\u2019s en Londres, donde perfeccion\u00f3 su habilidad preparando caf\u00e9 para las reuniones de contenidos. M\u00e1s tarde trabaj\u00f3 para la revista de moda y sociedad \u00abTatler\u00bb, de Cond\u00e9 Nast, y para el peri\u00f3dico \u00abThe Times\u00bb, donde fue pionera al escribir uno de los primeros blogs de moda que existieron en el mundo. Al volver a Madrid, form\u00f3 parte de los equipos de ELLE y VOGUE, pasando por el grupo Vocento y llegando a ser directora de la revista Cosmopolitan. Ahora llega a La Cope a retomar este blog que naci\u00f3 en ABC y nos descubri\u00f3 t\u00e9rminos como OMNIs (Objetos de Moda No Identificados) y nos habl\u00f3 de los cronuts (un h\u00edbrido gourmet entre cruas\u00e1n y donut) antes que nadie. Hoy ya no hace el caf\u00e9 para nadie y solo sue\u00f1a con que se lo prepare George Clooney con su m\u00e1quina de c\u00e1psulas.","sameAs":["http:\/\/www.cope.es","https:\/\/www.facebook.com\/ana.urena","https:\/\/x.com\/anaurena"],"url":"https:\/\/www.cope.es\/blogs\/tendencias-moda\/author\/aurena\/"}]}},"amp_enabled":true,"_links":{"self":[{"href":"https:\/\/www.cope.es\/blogs\/tendencias-moda\/wp-json\/wp\/v2\/posts\/15841","targetHints":{"allow":["GET"]}}],"collection":[{"href":"https:\/\/www.cope.es\/blogs\/tendencias-moda\/wp-json\/wp\/v2\/posts"}],"about":[{"href":"https:\/\/www.cope.es\/blogs\/tendencias-moda\/wp-json\/wp\/v2\/types\/post"}],"author":[{"embeddable":true,"href":"https:\/\/www.cope.es\/blogs\/tendencias-moda\/wp-json\/wp\/v2\/users\/2"}],"replies":[{"embeddable":true,"href":"https:\/\/www.cope.es\/blogs\/tendencias-moda\/wp-json\/wp\/v2\/comments?post=15841"}],"version-history":[{"count":0,"href":"https:\/\/www.cope.es\/blogs\/tendencias-moda\/wp-json\/wp\/v2\/posts\/15841\/revisions"}],"wp:featuredmedia":[{"embeddable":true,"href":"https:\/\/www.cope.es\/blogs\/tendencias-moda\/wp-json\/wp\/v2\/media\/15845"}],"wp:attachment":[{"href":"https:\/\/www.cope.es\/blogs\/tendencias-moda\/wp-json\/wp\/v2\/media?parent=15841"}],"wp:term":[{"taxonomy":"category","embeddable":true,"href":"https:\/\/www.cope.es\/blogs\/tendencias-moda\/wp-json\/wp\/v2\/categories?post=15841"},{"taxonomy":"post_tag","embeddable":true,"href":"https:\/\/www.cope.es\/blogs\/tendencias-moda\/wp-json\/wp\/v2\/tags?post=15841"}],"curies":[{"name":"wp","href":"https:\/\/api.w.org\/{rel}","templated":true}]}}