{"id":15806,"date":"2013-04-08T18:38:00","date_gmt":"2013-04-08T16:38:00","guid":{"rendered":"http:\/\/abcblogs.abc.es\/tendencias-moda\/?p=15806"},"modified":"2013-04-08T18:38:00","modified_gmt":"2013-04-08T16:38:00","slug":"contribucion-moda-margaret-thacher","status":"publish","type":"post","link":"https:\/\/www.cope.es\/blogs\/tendencias-moda\/2013\/04\/08\/contribucion-moda-margaret-thacher\/","title":{"rendered":"La contribuci\u00f3n a la moda de Margaret Thatcher"},"content":{"rendered":"<p>Conocida como la \u00abIron Lady\u00bb o la dama de hierro, fue de las primeras mujeres pol\u00edticas en hacer buen uso de la moda para cultivar una <strong>imagen personal<\/strong> de mujer fuerte e implacable.<!--more--><\/p>\n<p><a href=\"\/tendencias-moda\/wp-content\/uploads\/sites\/78\/2013\/04\/thacher-traje.jpg\"><img decoding=\"async\" class=\"alignnone size-medium wp-image-15809\" alt=\"thacher-traje\" src=\"\/tendencias-moda\/wp-content\/uploads\/sites\/78\/2013\/04\/thacher-traje-468x260.jpg\" \/><\/a><\/p>\n<p>Sin duda fue la precursora de lo que m\u00e1s tarde en moda se denomin\u00f3 como \u00abpower dressing\u00bb (vestir para imponer), y de la prenda clave de este look: el \u00ab<strong>power suit<\/strong>\u00bb, nombre que se le atribuy\u00f3 a los trajes de las ejecutivas agresivas de los a\u00f1os 80 (ver la pel\u00edcula con Melanie Griffith \u00abArmas de Mujer).<\/p>\n<p><a href=\"\/tendencias-moda\/wp-content\/uploads\/sites\/78\/2013\/04\/thatcher-azul.jpg\"><img loading=\"lazy\" decoding=\"async\" width=\"360\" height=\"460\" class=\"alignnone size-full wp-image-15808\" alt=\"thatcher-azul\" src=\"\/tendencias-moda\/wp-content\/uploads\/sites\/78\/2013\/04\/thatcher-azul.jpg\" srcset=\"https:\/\/www.cope.es\/blogs\/tendencias-moda\/wp-content\/uploads\/sites\/3\/2013\/04\/thatcher-azul.jpg 360w, https:\/\/www.cope.es\/blogs\/tendencias-moda\/wp-content\/uploads\/sites\/3\/2013\/04\/thatcher-azul-235x300.jpg 235w\" sizes=\"auto, (max-width: 360px) 100vw, 360px\" \/><\/a><\/p>\n<p>Entre sus accesorios predilectos: los <strong>broches<\/strong> XXL, las <strong>perlas<\/strong> (una joya cl\u00e1sica sin caer en la vulgaridad ni en la ostentaci\u00f3n) y sus<strong> bolsos<\/strong> cuadrados. Entre los m\u00e1s famosos, uno de la firma inglesa Asprey y otro de la italiana Ferragamo que se subastaron hace unos a\u00f1os, en distintas subastas, pero ambas con fines ben\u00e9ficos.<\/p>\n<p>En cuanto a estilismo capilar, creo que en toda su vida no ha sido capaz de borrar la huella de carbono que dej\u00f3 tras usar botes y botes de<strong> laca<\/strong> de fijaci\u00f3n fuerte para inmovilizar su melena.<\/p>\n<p><a href=\"\/tendencias-moda\/wp-content\/uploads\/sites\/78\/2013\/04\/margaret-thacher1.jpg\"><img decoding=\"async\" class=\"alignnone size-medium wp-image-15807\" alt=\"margaret-thacher1\" src=\"\/tendencias-moda\/wp-content\/uploads\/sites\/78\/2013\/04\/margaret-thacher1-468x311.jpg\" \/><\/a><\/p>\n<p>Yo me quedo con sus blusas de seda anudadas al cuello, que ha vuelto a sacar para este verano Hedi Slimane para Saint Laurent. La moda ha perdido un <strong>icono British<\/strong>. Que descanse en paz.<\/p>\n","protected":false},"excerpt":{"rendered":"<p>Conocida como la \u00abIron Lady\u00bb o la dama de hierro, fue de las primeras mujeres pol\u00edticas en hacer buen uso de la moda para cultivar una imagen personal de mujer fuerte e implacable.<\/p>\n","protected":false},"author":2,"featured_media":15810,"comment_status":"open","ping_status":"closed","sticky":false,"template":"","format":"standard","meta":{"footnotes":""},"categories":[1],"tags":[],"class_list":["post-15806","post","type-post","status-publish","format-standard","has-post-thumbnail","hentry","category-sin-categoria"],"yoast_head":"<!-- This site is optimized with the Yoast SEO plugin v27.4 - https:\/\/yoast.com\/product\/yoast-seo-wordpress\/ -->\n<title>La contribuci\u00f3n a la moda de Margaret Thatcher - L\u00e9xico fashionista<\/title>\n<meta name=\"robots\" content=\"index, follow, max-snippet:-1, max-image-preview:large, max-video-preview:-1\" \/>\n<link rel=\"canonical\" href=\"https:\/\/www.cope.es\/blogs\/tendencias-moda\/2013\/04\/08\/contribucion-moda-margaret-thacher\/\" \/>\n<meta property=\"og:locale\" content=\"es_ES\" \/>\n<meta property=\"og:type\" content=\"article\" \/>\n<meta property=\"og:title\" content=\"La contribuci\u00f3n a la moda de Margaret Thatcher - L\u00e9xico fashionista\" \/>\n<meta property=\"og:description\" content=\"Conocida como la \u00abIron Lady\u00bb o la dama de hierro, fue de las primeras mujeres pol\u00edticas en hacer buen uso de la moda para cultivar una imagen personal de mujer fuerte e implacable.\" \/>\n<meta property=\"og:url\" content=\"https:\/\/www.cope.es\/blogs\/tendencias-moda\/2013\/04\/08\/contribucion-moda-margaret-thacher\/\" \/>\n<meta property=\"og:site_name\" content=\"L\u00e9xico fashionista\" \/>\n<meta property=\"article:publisher\" content=\"https:\/\/www.facebook.com\/cope\/\" \/>\n<meta property=\"article:author\" content=\"https:\/\/www.facebook.com\/ana.urena\" \/>\n<meta property=\"article:published_time\" content=\"2013-04-08T16:38:00+00:00\" \/>\n<meta property=\"og:image\" content=\"https:\/\/www.cope.es\/blogs\/tendencias-moda\/wp-content\/uploads\/sites\/3\/2013\/04\/thatcher-1.jpg\" \/>\n\t<meta property=\"og:image:width\" content=\"306\" \/>\n\t<meta property=\"og:image:height\" content=\"423\" \/>\n\t<meta property=\"og:image:type\" content=\"image\/jpeg\" \/>\n<meta name=\"author\" content=\"Ana Ure\u00f1a\" \/>\n<meta name=\"twitter:card\" content=\"summary_large_image\" \/>\n<meta name=\"twitter:creator\" content=\"@anaurena\" \/>\n<meta name=\"twitter:site\" content=\"@cope_es\" \/>\n<meta name=\"twitter:label1\" content=\"Escrito por\" \/>\n\t<meta name=\"twitter:data1\" content=\"Ana Ure\u00f1a\" \/>\n\t<meta name=\"twitter:label2\" content=\"Tiempo de lectura\" \/>\n\t<meta name=\"twitter:data2\" content=\"1 minuto\" \/>\n<script type=\"application\/ld+json\" class=\"yoast-schema-graph\">{\"@context\":\"https:\\\/\\\/schema.org\",\"@graph\":[{\"@type\":\"Article\",\"@id\":\"https:\\\/\\\/www.cope.es\\\/blogs\\\/tendencias-moda\\\/2013\\\/04\\\/08\\\/contribucion-moda-margaret-thacher\\\/#article\",\"isPartOf\":{\"@id\":\"https:\\\/\\\/www.cope.es\\\/blogs\\\/tendencias-moda\\\/2013\\\/04\\\/08\\\/contribucion-moda-margaret-thacher\\\/\"},\"author\":{\"name\":\"Ana Ure\u00f1a\",\"@id\":\"https:\\\/\\\/www.cope.es\\\/blogs\\\/tendencias-moda\\\/#\\\/schema\\\/person\\\/d4c92e5cdffedbf565412bbc8a5df606\"},\"headline\":\"La contribuci\u00f3n a la moda de Margaret Thatcher\",\"datePublished\":\"2013-04-08T16:38:00+00:00\",\"mainEntityOfPage\":{\"@id\":\"https:\\\/\\\/www.cope.es\\\/blogs\\\/tendencias-moda\\\/2013\\\/04\\\/08\\\/contribucion-moda-margaret-thacher\\\/\"},\"wordCount\":234,\"commentCount\":0,\"image\":{\"@id\":\"https:\\\/\\\/www.cope.es\\\/blogs\\\/tendencias-moda\\\/2013\\\/04\\\/08\\\/contribucion-moda-margaret-thacher\\\/#primaryimage\"},\"thumbnailUrl\":\"https:\\\/\\\/www.cope.es\\\/blogs\\\/tendencias-moda\\\/wp-content\\\/uploads\\\/sites\\\/3\\\/2013\\\/04\\\/thatcher-1.jpg\",\"inLanguage\":\"es\",\"potentialAction\":[{\"@type\":\"CommentAction\",\"name\":\"Comment\",\"target\":[\"https:\\\/\\\/www.cope.es\\\/blogs\\\/tendencias-moda\\\/2013\\\/04\\\/08\\\/contribucion-moda-margaret-thacher\\\/#respond\"]}]},{\"@type\":\"WebPage\",\"@id\":\"https:\\\/\\\/www.cope.es\\\/blogs\\\/tendencias-moda\\\/2013\\\/04\\\/08\\\/contribucion-moda-margaret-thacher\\\/\",\"url\":\"https:\\\/\\\/www.cope.es\\\/blogs\\\/tendencias-moda\\\/2013\\\/04\\\/08\\\/contribucion-moda-margaret-thacher\\\/\",\"name\":\"La contribuci\u00f3n a la moda de Margaret Thatcher - L\u00e9xico fashionista\",\"isPartOf\":{\"@id\":\"https:\\\/\\\/www.cope.es\\\/blogs\\\/tendencias-moda\\\/#website\"},\"primaryImageOfPage\":{\"@id\":\"https:\\\/\\\/www.cope.es\\\/blogs\\\/tendencias-moda\\\/2013\\\/04\\\/08\\\/contribucion-moda-margaret-thacher\\\/#primaryimage\"},\"image\":{\"@id\":\"https:\\\/\\\/www.cope.es\\\/blogs\\\/tendencias-moda\\\/2013\\\/04\\\/08\\\/contribucion-moda-margaret-thacher\\\/#primaryimage\"},\"thumbnailUrl\":\"https:\\\/\\\/www.cope.es\\\/blogs\\\/tendencias-moda\\\/wp-content\\\/uploads\\\/sites\\\/3\\\/2013\\\/04\\\/thatcher-1.jpg\",\"datePublished\":\"2013-04-08T16:38:00+00:00\",\"author\":{\"@id\":\"https:\\\/\\\/www.cope.es\\\/blogs\\\/tendencias-moda\\\/#\\\/schema\\\/person\\\/d4c92e5cdffedbf565412bbc8a5df606\"},\"breadcrumb\":{\"@id\":\"https:\\\/\\\/www.cope.es\\\/blogs\\\/tendencias-moda\\\/2013\\\/04\\\/08\\\/contribucion-moda-margaret-thacher\\\/#breadcrumb\"},\"inLanguage\":\"es\",\"potentialAction\":[{\"@type\":\"ReadAction\",\"target\":[\"https:\\\/\\\/www.cope.es\\\/blogs\\\/tendencias-moda\\\/2013\\\/04\\\/08\\\/contribucion-moda-margaret-thacher\\\/\"]}]},{\"@type\":\"ImageObject\",\"inLanguage\":\"es\",\"@id\":\"https:\\\/\\\/www.cope.es\\\/blogs\\\/tendencias-moda\\\/2013\\\/04\\\/08\\\/contribucion-moda-margaret-thacher\\\/#primaryimage\",\"url\":\"https:\\\/\\\/www.cope.es\\\/blogs\\\/tendencias-moda\\\/wp-content\\\/uploads\\\/sites\\\/3\\\/2013\\\/04\\\/thatcher-1.jpg\",\"contentUrl\":\"https:\\\/\\\/www.cope.es\\\/blogs\\\/tendencias-moda\\\/wp-content\\\/uploads\\\/sites\\\/3\\\/2013\\\/04\\\/thatcher-1.jpg\",\"width\":306,\"height\":423},{\"@type\":\"BreadcrumbList\",\"@id\":\"https:\\\/\\\/www.cope.es\\\/blogs\\\/tendencias-moda\\\/2013\\\/04\\\/08\\\/contribucion-moda-margaret-thacher\\\/#breadcrumb\",\"itemListElement\":[{\"@type\":\"ListItem\",\"position\":1,\"name\":\"Portada\",\"item\":\"https:\\\/\\\/www.cope.es\\\/blogs\\\/tendencias-moda\\\/\"},{\"@type\":\"ListItem\",\"position\":2,\"name\":\"La contribuci\u00f3n a la moda de Margaret Thatcher\"}]},{\"@type\":\"WebSite\",\"@id\":\"https:\\\/\\\/www.cope.es\\\/blogs\\\/tendencias-moda\\\/#website\",\"url\":\"https:\\\/\\\/www.cope.es\\\/blogs\\\/tendencias-moda\\\/\",\"name\":\"L\u00e9xico fashionista\",\"description\":\"Stiletto, clutch, hobo, peep toe, petite robe noire, kawai, cabas, coolhunter, boho, trendy\u2026 la moda utiliza  palabras para las cuales a veces necesitamos un traductor simult\u00e1neo. Pero como Babel Fish no siempre funciona, sirva esta experta en la materia para descifrar el l\u00e9xico fashionista, desde las tendencias m\u00e1s audaces hasta los OMNIs (Objetos de Moda No Identificados) m\u00e1s curiosos.\",\"potentialAction\":[{\"@type\":\"SearchAction\",\"target\":{\"@type\":\"EntryPoint\",\"urlTemplate\":\"https:\\\/\\\/www.cope.es\\\/blogs\\\/tendencias-moda\\\/?s={search_term_string}\"},\"query-input\":{\"@type\":\"PropertyValueSpecification\",\"valueRequired\":true,\"valueName\":\"search_term_string\"}}],\"inLanguage\":\"es\"},{\"@type\":\"Person\",\"@id\":\"https:\\\/\\\/www.cope.es\\\/blogs\\\/tendencias-moda\\\/#\\\/schema\\\/person\\\/d4c92e5cdffedbf565412bbc8a5df606\",\"name\":\"Ana Ure\u00f1a\",\"image\":{\"@type\":\"ImageObject\",\"inLanguage\":\"es\",\"@id\":\"https:\\\/\\\/secure.gravatar.com\\\/avatar\\\/09b592e7ab3e707f9f24abacd8ecd4d629b60de09d3b1ce2fec15163eb6c9749?s=96&d=mm&r=g\",\"url\":\"https:\\\/\\\/secure.gravatar.com\\\/avatar\\\/09b592e7ab3e707f9f24abacd8ecd4d629b60de09d3b1ce2fec15163eb6c9749?s=96&d=mm&r=g\",\"contentUrl\":\"https:\\\/\\\/secure.gravatar.com\\\/avatar\\\/09b592e7ab3e707f9f24abacd8ecd4d629b60de09d3b1ce2fec15163eb6c9749?s=96&d=mm&r=g\",\"caption\":\"Ana Ure\u00f1a\"},\"description\":\"Ana Ure\u00f1a empez\u00f3 hace m\u00e1s de 15 a\u00f1os como becaria en la revista de moda Harper\u2019s en Londres, donde perfeccion\u00f3 su habilidad preparando caf\u00e9 para las reuniones de contenidos. M\u00e1s tarde trabaj\u00f3 para la revista de moda y sociedad \u00abTatler\u00bb, de Cond\u00e9 Nast, y para el peri\u00f3dico \u00abThe Times\u00bb, donde fue pionera al escribir uno de los primeros blogs de moda que existieron en el mundo. Al volver a Madrid, form\u00f3 parte de los equipos de ELLE y VOGUE, pasando por el grupo Vocento y llegando a ser directora de la revista Cosmopolitan. Ahora llega a La Cope a retomar este blog que naci\u00f3 en ABC y nos descubri\u00f3 t\u00e9rminos como OMNIs (Objetos de Moda No Identificados) y nos habl\u00f3 de los cronuts (un h\u00edbrido gourmet entre cruas\u00e1n y donut) antes que nadie. Hoy ya no hace el caf\u00e9 para nadie y solo sue\u00f1a con que se lo prepare George Clooney con su m\u00e1quina de c\u00e1psulas.\",\"sameAs\":[\"http:\\\/\\\/www.cope.es\",\"https:\\\/\\\/www.facebook.com\\\/ana.urena\",\"https:\\\/\\\/x.com\\\/anaurena\"],\"url\":\"https:\\\/\\\/www.cope.es\\\/blogs\\\/tendencias-moda\\\/author\\\/aurena\\\/\"}]}<\/script>\n<!-- \/ Yoast SEO plugin. -->","yoast_head_json":{"title":"La contribuci\u00f3n a la moda de Margaret Thatcher - L\u00e9xico fashionista","robots":{"index":"index","follow":"follow","max-snippet":"max-snippet:-1","max-image-preview":"max-image-preview:large","max-video-preview":"max-video-preview:-1"},"canonical":"https:\/\/www.cope.es\/blogs\/tendencias-moda\/2013\/04\/08\/contribucion-moda-margaret-thacher\/","og_locale":"es_ES","og_type":"article","og_title":"La contribuci\u00f3n a la moda de Margaret Thatcher - L\u00e9xico fashionista","og_description":"Conocida como la \u00abIron Lady\u00bb o la dama de hierro, fue de las primeras mujeres pol\u00edticas en hacer buen uso de la moda para cultivar una imagen personal de mujer fuerte e implacable.","og_url":"https:\/\/www.cope.es\/blogs\/tendencias-moda\/2013\/04\/08\/contribucion-moda-margaret-thacher\/","og_site_name":"L\u00e9xico fashionista","article_publisher":"https:\/\/www.facebook.com\/cope\/","article_author":"https:\/\/www.facebook.com\/ana.urena","article_published_time":"2013-04-08T16:38:00+00:00","og_image":[{"width":306,"height":423,"url":"https:\/\/www.cope.es\/blogs\/tendencias-moda\/wp-content\/uploads\/sites\/3\/2013\/04\/thatcher-1.jpg","type":"image\/jpeg"}],"author":"Ana Ure\u00f1a","twitter_card":"summary_large_image","twitter_creator":"@anaurena","twitter_site":"@cope_es","twitter_misc":{"Escrito por":"Ana Ure\u00f1a","Tiempo de lectura":"1 minuto"},"schema":{"@context":"https:\/\/schema.org","@graph":[{"@type":"Article","@id":"https:\/\/www.cope.es\/blogs\/tendencias-moda\/2013\/04\/08\/contribucion-moda-margaret-thacher\/#article","isPartOf":{"@id":"https:\/\/www.cope.es\/blogs\/tendencias-moda\/2013\/04\/08\/contribucion-moda-margaret-thacher\/"},"author":{"name":"Ana Ure\u00f1a","@id":"https:\/\/www.cope.es\/blogs\/tendencias-moda\/#\/schema\/person\/d4c92e5cdffedbf565412bbc8a5df606"},"headline":"La contribuci\u00f3n a la moda de Margaret Thatcher","datePublished":"2013-04-08T16:38:00+00:00","mainEntityOfPage":{"@id":"https:\/\/www.cope.es\/blogs\/tendencias-moda\/2013\/04\/08\/contribucion-moda-margaret-thacher\/"},"wordCount":234,"commentCount":0,"image":{"@id":"https:\/\/www.cope.es\/blogs\/tendencias-moda\/2013\/04\/08\/contribucion-moda-margaret-thacher\/#primaryimage"},"thumbnailUrl":"https:\/\/www.cope.es\/blogs\/tendencias-moda\/wp-content\/uploads\/sites\/3\/2013\/04\/thatcher-1.jpg","inLanguage":"es","potentialAction":[{"@type":"CommentAction","name":"Comment","target":["https:\/\/www.cope.es\/blogs\/tendencias-moda\/2013\/04\/08\/contribucion-moda-margaret-thacher\/#respond"]}]},{"@type":"WebPage","@id":"https:\/\/www.cope.es\/blogs\/tendencias-moda\/2013\/04\/08\/contribucion-moda-margaret-thacher\/","url":"https:\/\/www.cope.es\/blogs\/tendencias-moda\/2013\/04\/08\/contribucion-moda-margaret-thacher\/","name":"La contribuci\u00f3n a la moda de Margaret Thatcher - L\u00e9xico fashionista","isPartOf":{"@id":"https:\/\/www.cope.es\/blogs\/tendencias-moda\/#website"},"primaryImageOfPage":{"@id":"https:\/\/www.cope.es\/blogs\/tendencias-moda\/2013\/04\/08\/contribucion-moda-margaret-thacher\/#primaryimage"},"image":{"@id":"https:\/\/www.cope.es\/blogs\/tendencias-moda\/2013\/04\/08\/contribucion-moda-margaret-thacher\/#primaryimage"},"thumbnailUrl":"https:\/\/www.cope.es\/blogs\/tendencias-moda\/wp-content\/uploads\/sites\/3\/2013\/04\/thatcher-1.jpg","datePublished":"2013-04-08T16:38:00+00:00","author":{"@id":"https:\/\/www.cope.es\/blogs\/tendencias-moda\/#\/schema\/person\/d4c92e5cdffedbf565412bbc8a5df606"},"breadcrumb":{"@id":"https:\/\/www.cope.es\/blogs\/tendencias-moda\/2013\/04\/08\/contribucion-moda-margaret-thacher\/#breadcrumb"},"inLanguage":"es","potentialAction":[{"@type":"ReadAction","target":["https:\/\/www.cope.es\/blogs\/tendencias-moda\/2013\/04\/08\/contribucion-moda-margaret-thacher\/"]}]},{"@type":"ImageObject","inLanguage":"es","@id":"https:\/\/www.cope.es\/blogs\/tendencias-moda\/2013\/04\/08\/contribucion-moda-margaret-thacher\/#primaryimage","url":"https:\/\/www.cope.es\/blogs\/tendencias-moda\/wp-content\/uploads\/sites\/3\/2013\/04\/thatcher-1.jpg","contentUrl":"https:\/\/www.cope.es\/blogs\/tendencias-moda\/wp-content\/uploads\/sites\/3\/2013\/04\/thatcher-1.jpg","width":306,"height":423},{"@type":"BreadcrumbList","@id":"https:\/\/www.cope.es\/blogs\/tendencias-moda\/2013\/04\/08\/contribucion-moda-margaret-thacher\/#breadcrumb","itemListElement":[{"@type":"ListItem","position":1,"name":"Portada","item":"https:\/\/www.cope.es\/blogs\/tendencias-moda\/"},{"@type":"ListItem","position":2,"name":"La contribuci\u00f3n a la moda de Margaret Thatcher"}]},{"@type":"WebSite","@id":"https:\/\/www.cope.es\/blogs\/tendencias-moda\/#website","url":"https:\/\/www.cope.es\/blogs\/tendencias-moda\/","name":"L\u00e9xico fashionista","description":"Stiletto, clutch, hobo, peep toe, petite robe noire, kawai, cabas, coolhunter, boho, trendy\u2026 la moda utiliza  palabras para las cuales a veces necesitamos un traductor simult\u00e1neo. Pero como Babel Fish no siempre funciona, sirva esta experta en la materia para descifrar el l\u00e9xico fashionista, desde las tendencias m\u00e1s audaces hasta los OMNIs (Objetos de Moda No Identificados) m\u00e1s curiosos.","potentialAction":[{"@type":"SearchAction","target":{"@type":"EntryPoint","urlTemplate":"https:\/\/www.cope.es\/blogs\/tendencias-moda\/?s={search_term_string}"},"query-input":{"@type":"PropertyValueSpecification","valueRequired":true,"valueName":"search_term_string"}}],"inLanguage":"es"},{"@type":"Person","@id":"https:\/\/www.cope.es\/blogs\/tendencias-moda\/#\/schema\/person\/d4c92e5cdffedbf565412bbc8a5df606","name":"Ana Ure\u00f1a","image":{"@type":"ImageObject","inLanguage":"es","@id":"https:\/\/secure.gravatar.com\/avatar\/09b592e7ab3e707f9f24abacd8ecd4d629b60de09d3b1ce2fec15163eb6c9749?s=96&d=mm&r=g","url":"https:\/\/secure.gravatar.com\/avatar\/09b592e7ab3e707f9f24abacd8ecd4d629b60de09d3b1ce2fec15163eb6c9749?s=96&d=mm&r=g","contentUrl":"https:\/\/secure.gravatar.com\/avatar\/09b592e7ab3e707f9f24abacd8ecd4d629b60de09d3b1ce2fec15163eb6c9749?s=96&d=mm&r=g","caption":"Ana Ure\u00f1a"},"description":"Ana Ure\u00f1a empez\u00f3 hace m\u00e1s de 15 a\u00f1os como becaria en la revista de moda Harper\u2019s en Londres, donde perfeccion\u00f3 su habilidad preparando caf\u00e9 para las reuniones de contenidos. M\u00e1s tarde trabaj\u00f3 para la revista de moda y sociedad \u00abTatler\u00bb, de Cond\u00e9 Nast, y para el peri\u00f3dico \u00abThe Times\u00bb, donde fue pionera al escribir uno de los primeros blogs de moda que existieron en el mundo. Al volver a Madrid, form\u00f3 parte de los equipos de ELLE y VOGUE, pasando por el grupo Vocento y llegando a ser directora de la revista Cosmopolitan. Ahora llega a La Cope a retomar este blog que naci\u00f3 en ABC y nos descubri\u00f3 t\u00e9rminos como OMNIs (Objetos de Moda No Identificados) y nos habl\u00f3 de los cronuts (un h\u00edbrido gourmet entre cruas\u00e1n y donut) antes que nadie. Hoy ya no hace el caf\u00e9 para nadie y solo sue\u00f1a con que se lo prepare George Clooney con su m\u00e1quina de c\u00e1psulas.","sameAs":["http:\/\/www.cope.es","https:\/\/www.facebook.com\/ana.urena","https:\/\/x.com\/anaurena"],"url":"https:\/\/www.cope.es\/blogs\/tendencias-moda\/author\/aurena\/"}]}},"amp_enabled":true,"_links":{"self":[{"href":"https:\/\/www.cope.es\/blogs\/tendencias-moda\/wp-json\/wp\/v2\/posts\/15806","targetHints":{"allow":["GET"]}}],"collection":[{"href":"https:\/\/www.cope.es\/blogs\/tendencias-moda\/wp-json\/wp\/v2\/posts"}],"about":[{"href":"https:\/\/www.cope.es\/blogs\/tendencias-moda\/wp-json\/wp\/v2\/types\/post"}],"author":[{"embeddable":true,"href":"https:\/\/www.cope.es\/blogs\/tendencias-moda\/wp-json\/wp\/v2\/users\/2"}],"replies":[{"embeddable":true,"href":"https:\/\/www.cope.es\/blogs\/tendencias-moda\/wp-json\/wp\/v2\/comments?post=15806"}],"version-history":[{"count":0,"href":"https:\/\/www.cope.es\/blogs\/tendencias-moda\/wp-json\/wp\/v2\/posts\/15806\/revisions"}],"wp:featuredmedia":[{"embeddable":true,"href":"https:\/\/www.cope.es\/blogs\/tendencias-moda\/wp-json\/wp\/v2\/media\/15810"}],"wp:attachment":[{"href":"https:\/\/www.cope.es\/blogs\/tendencias-moda\/wp-json\/wp\/v2\/media?parent=15806"}],"wp:term":[{"taxonomy":"category","embeddable":true,"href":"https:\/\/www.cope.es\/blogs\/tendencias-moda\/wp-json\/wp\/v2\/categories?post=15806"},{"taxonomy":"post_tag","embeddable":true,"href":"https:\/\/www.cope.es\/blogs\/tendencias-moda\/wp-json\/wp\/v2\/tags?post=15806"}],"curies":[{"name":"wp","href":"https:\/\/api.w.org\/{rel}","templated":true}]}}