{"id":13393,"date":"2012-08-20T12:43:49","date_gmt":"2012-08-20T11:43:49","guid":{"rendered":"http:\/\/abcblogs.abc.es\/tendencias-moda\/?guid=bda1932514232cd3ed040f04cb73f215"},"modified":"2012-08-20T12:43:49","modified_gmt":"2012-08-20T11:43:49","slug":"la-tendencia-fluor-perdurara-en-invierno","status":"publish","type":"post","link":"https:\/\/www.cope.es\/blogs\/tendencias-moda\/2012\/08\/20\/la-tendencia-fluor-perdurara-en-invierno\/","title":{"rendered":"La tendencia fl\u00faor perdurar\u00e1 en invierno"},"content":{"rendered":"<p><!--[if gte mso 9]&gt;    &lt;![endif]--> <!--[if gte mso 9]&gt;  Normal 0   21   false false false  ES-TRAD JA X-NONE                          &lt;![endif]--><!--[if gte mso 9]&gt;                                                                                                                                            &lt;![endif]--> <!--[if gte mso 10]&gt; &lt;!   \/* Style Definitions *\/ table.MsoNormalTable \t{mso-style-name:&quot;Tabla normal&quot;; \tmso-tstyle-rowband-size:0; \tmso-tstyle-colband-size:0; \tmso-style-noshow:yes; \tmso-style-priority:99; \tmso-style-parent:&quot;&quot;; \tmso-padding-alt:0cm 5.4pt 0cm 5.4pt; \tmso-para-margin:0cm; \tmso-para-margin-bottom:.0001pt; \tmso-pagination:widow-orphan; \tfont-size:12.0pt; \tfont-family:Cambria; \tmso-ascii-font-family:Cambria; \tmso-ascii-theme-font:minor-latin; \tmso-hansi-font-family:Cambria; \tmso-hansi-theme-font:minor-latin;} --> <!--[endif] --> <!--StartFragment--><\/p>\n<p class=\"MsoNormal\">Cu&aacute;ndo se agotaron los bolsos con detalles fl&uacute;or de la colecci&oacute;n &laquo;Oro&raquo; de Loewe &shy;&ndash;a pesar de la campa&ntilde;a viral poco acertada que hizo la firma&ndash; sab&iacute;amos que algo estaba pasando. Y es que nadie puede resistirse a<strong> la tendencia fluorescente<\/strong>, por mucho que lo intente. Los tonos que llegan directos desde las portadas de los vinilos de los 80s, triunfan cada vez que vuelven a ponerse de moda, y esta vez va para largo.<!--more--><\/p>\n<div class=\"foto\">\n<div class=\"foto\"><img decoding=\"async\" src=\"\/tendencias-moda\/files\/ana-chanel.jpg\" alt=\"ana-chanel.jpg\" \/><\/div>\n<\/div>\n<div class=\"foto\">FOTO: &Aacute;ngel de Antonio<\/div>\n<p>El mismo dise&ntilde;ador <strong>Philip Treacy<\/strong> nos cont&oacute; que no para de ver fl&uacute;or en todos los &laquo;showrooms&raquo; de ventas de tejidos y de abalorios (para m&aacute;s informaci&oacute;n, &eacute;l usa camisetas fosforito bajo sus chaquetas).<\/p>\n<p class=\"MsoNormal\">La verdad es que estos colores favorecen mucho, y m&aacute;s en verano, para los que luzcan una piel m&aacute;s dorada (ya sea por el sol, como por el autobronceador), porque resalta el moreno y logra dar ese <strong>aspecto saludable estival<\/strong> (con o sin vacaciones de por medio).<\/p>\n<p class=\"MsoNormal\">&nbsp;<\/p>\n<div class=\"foto\"><img decoding=\"async\" src=\"\/tendencias-moda\/files\/dior.jpg\" alt=\"dior.jpg\" \/>FOTO: sandalia de la colecci&oacute;n de verano de Dior.&nbsp;<\/div>\n<p>La clave para acertar con los tonos fluorescentes en un estilismo es llevarlos de uno en uno (elige entre rosa, verde o amarillo, los que m&aacute;s favorecen) y combinarlo con colores neutros. En el fondo esta es la <strong>carta de colores<\/strong> que han seguido a la hora de elaborar los mismos bolsos de Loewe.<\/p>\n<p class=\"MsoNormal\">&nbsp;<\/p>\n<div class=\"foto\"><img decoding=\"async\" src=\"\/tendencias-moda\/files\/kylie-loewe.jpg\" alt=\"kylie-loewe.jpg\" \/>FOTO: Kylie Minogue con su bolso de Loewe con asa fucsia.<\/div>\n<p>Entre los objetos de culto del verano est&aacute;n las camisetas fosforito de algod&oacute;n vintage de la firma italiana <strong>My T-Shirt<\/strong>, con dibujos de calaveras, los bolsos de Nylon de Chanel y las sandalias fosforito. Detalles como estos se podr&aacute;n seguir usando en invierno con denim, tonos grises o negros.<\/p>\n<p><!--EndFragment--><\/p>\n<p>&nbsp;<\/p>\n","protected":false},"excerpt":{"rendered":"<p>\nCu&aacute;ndo se agotaron los bolsos con detalles fl&uacute;or de la colecci&oacute;n &laquo;Oro&raquo; de Loewe &shy;&ndash;a pesar de la campa&ntilde;a viral poco acertada que hizo la firma&ndash; sab&iacute;amos que algo estaba pasando. Y es qu&#8230;<\/p>\n","protected":false},"author":2,"featured_media":0,"comment_status":"open","ping_status":"closed","sticky":false,"template":"","format":"standard","meta":{"footnotes":""},"categories":[26],"tags":[],"class_list":["post-13393","post","type-post","status-publish","format-standard","hentry","category-streetstyle"],"yoast_head":"<!-- This site is optimized with the Yoast SEO plugin v27.4 - https:\/\/yoast.com\/product\/yoast-seo-wordpress\/ -->\n<title>La tendencia fl\u00faor perdurar\u00e1 en invierno - L\u00e9xico fashionista<\/title>\n<meta name=\"robots\" content=\"index, follow, max-snippet:-1, max-image-preview:large, max-video-preview:-1\" \/>\n<link rel=\"canonical\" href=\"https:\/\/www.cope.es\/blogs\/tendencias-moda\/2012\/08\/20\/la-tendencia-fluor-perdurara-en-invierno\/\" \/>\n<meta property=\"og:locale\" content=\"es_ES\" \/>\n<meta property=\"og:type\" content=\"article\" \/>\n<meta property=\"og:title\" content=\"La tendencia fl\u00faor perdurar\u00e1 en invierno - L\u00e9xico fashionista\" \/>\n<meta property=\"og:description\" content=\"Cu&aacute;ndo se agotaron los bolsos con detalles fl&uacute;or de la colecci&oacute;n &laquo;Oro&raquo; de Loewe &shy;&ndash;a pesar de la campa&ntilde;a viral poco acertada que hizo la firma&ndash; sab&iacute;amos que algo estaba pasando. Y es qu...\" \/>\n<meta property=\"og:url\" content=\"https:\/\/www.cope.es\/blogs\/tendencias-moda\/2012\/08\/20\/la-tendencia-fluor-perdurara-en-invierno\/\" \/>\n<meta property=\"og:site_name\" content=\"L\u00e9xico fashionista\" \/>\n<meta property=\"article:publisher\" content=\"https:\/\/www.facebook.com\/cope\/\" \/>\n<meta property=\"article:author\" content=\"https:\/\/www.facebook.com\/ana.urena\" \/>\n<meta property=\"article:published_time\" content=\"2012-08-20T11:43:49+00:00\" \/>\n<meta name=\"author\" content=\"Ana Ure\u00f1a\" \/>\n<meta name=\"twitter:card\" content=\"summary_large_image\" \/>\n<meta name=\"twitter:creator\" content=\"@anaurena\" \/>\n<meta name=\"twitter:site\" content=\"@cope_es\" \/>\n<meta name=\"twitter:label1\" content=\"Escrito por\" \/>\n\t<meta name=\"twitter:data1\" content=\"Ana Ure\u00f1a\" \/>\n\t<meta name=\"twitter:label2\" content=\"Tiempo de lectura\" \/>\n\t<meta name=\"twitter:data2\" content=\"2 minutos\" \/>\n<script type=\"application\/ld+json\" class=\"yoast-schema-graph\">{\"@context\":\"https:\\\/\\\/schema.org\",\"@graph\":[{\"@type\":\"Article\",\"@id\":\"https:\\\/\\\/www.cope.es\\\/blogs\\\/tendencias-moda\\\/2012\\\/08\\\/20\\\/la-tendencia-fluor-perdurara-en-invierno\\\/#article\",\"isPartOf\":{\"@id\":\"https:\\\/\\\/www.cope.es\\\/blogs\\\/tendencias-moda\\\/2012\\\/08\\\/20\\\/la-tendencia-fluor-perdurara-en-invierno\\\/\"},\"author\":{\"name\":\"Ana Ure\u00f1a\",\"@id\":\"https:\\\/\\\/www.cope.es\\\/blogs\\\/tendencias-moda\\\/#\\\/schema\\\/person\\\/d4c92e5cdffedbf565412bbc8a5df606\"},\"headline\":\"La tendencia fl\u00faor perdurar\u00e1 en invierno\",\"datePublished\":\"2012-08-20T11:43:49+00:00\",\"mainEntityOfPage\":{\"@id\":\"https:\\\/\\\/www.cope.es\\\/blogs\\\/tendencias-moda\\\/2012\\\/08\\\/20\\\/la-tendencia-fluor-perdurara-en-invierno\\\/\"},\"wordCount\":336,\"commentCount\":0,\"articleSection\":[\"streetstyle\"],\"inLanguage\":\"es\",\"potentialAction\":[{\"@type\":\"CommentAction\",\"name\":\"Comment\",\"target\":[\"https:\\\/\\\/www.cope.es\\\/blogs\\\/tendencias-moda\\\/2012\\\/08\\\/20\\\/la-tendencia-fluor-perdurara-en-invierno\\\/#respond\"]}]},{\"@type\":\"WebPage\",\"@id\":\"https:\\\/\\\/www.cope.es\\\/blogs\\\/tendencias-moda\\\/2012\\\/08\\\/20\\\/la-tendencia-fluor-perdurara-en-invierno\\\/\",\"url\":\"https:\\\/\\\/www.cope.es\\\/blogs\\\/tendencias-moda\\\/2012\\\/08\\\/20\\\/la-tendencia-fluor-perdurara-en-invierno\\\/\",\"name\":\"La tendencia fl\u00faor perdurar\u00e1 en invierno - L\u00e9xico fashionista\",\"isPartOf\":{\"@id\":\"https:\\\/\\\/www.cope.es\\\/blogs\\\/tendencias-moda\\\/#website\"},\"datePublished\":\"2012-08-20T11:43:49+00:00\",\"author\":{\"@id\":\"https:\\\/\\\/www.cope.es\\\/blogs\\\/tendencias-moda\\\/#\\\/schema\\\/person\\\/d4c92e5cdffedbf565412bbc8a5df606\"},\"breadcrumb\":{\"@id\":\"https:\\\/\\\/www.cope.es\\\/blogs\\\/tendencias-moda\\\/2012\\\/08\\\/20\\\/la-tendencia-fluor-perdurara-en-invierno\\\/#breadcrumb\"},\"inLanguage\":\"es\",\"potentialAction\":[{\"@type\":\"ReadAction\",\"target\":[\"https:\\\/\\\/www.cope.es\\\/blogs\\\/tendencias-moda\\\/2012\\\/08\\\/20\\\/la-tendencia-fluor-perdurara-en-invierno\\\/\"]}]},{\"@type\":\"BreadcrumbList\",\"@id\":\"https:\\\/\\\/www.cope.es\\\/blogs\\\/tendencias-moda\\\/2012\\\/08\\\/20\\\/la-tendencia-fluor-perdurara-en-invierno\\\/#breadcrumb\",\"itemListElement\":[{\"@type\":\"ListItem\",\"position\":1,\"name\":\"Portada\",\"item\":\"https:\\\/\\\/www.cope.es\\\/blogs\\\/tendencias-moda\\\/\"},{\"@type\":\"ListItem\",\"position\":2,\"name\":\"La tendencia fl\u00faor perdurar\u00e1 en invierno\"}]},{\"@type\":\"WebSite\",\"@id\":\"https:\\\/\\\/www.cope.es\\\/blogs\\\/tendencias-moda\\\/#website\",\"url\":\"https:\\\/\\\/www.cope.es\\\/blogs\\\/tendencias-moda\\\/\",\"name\":\"L\u00e9xico fashionista\",\"description\":\"Stiletto, clutch, hobo, peep toe, petite robe noire, kawai, cabas, coolhunter, boho, trendy\u2026 la moda utiliza  palabras para las cuales a veces necesitamos un traductor simult\u00e1neo. Pero como Babel Fish no siempre funciona, sirva esta experta en la materia para descifrar el l\u00e9xico fashionista, desde las tendencias m\u00e1s audaces hasta los OMNIs (Objetos de Moda No Identificados) m\u00e1s curiosos.\",\"potentialAction\":[{\"@type\":\"SearchAction\",\"target\":{\"@type\":\"EntryPoint\",\"urlTemplate\":\"https:\\\/\\\/www.cope.es\\\/blogs\\\/tendencias-moda\\\/?s={search_term_string}\"},\"query-input\":{\"@type\":\"PropertyValueSpecification\",\"valueRequired\":true,\"valueName\":\"search_term_string\"}}],\"inLanguage\":\"es\"},{\"@type\":\"Person\",\"@id\":\"https:\\\/\\\/www.cope.es\\\/blogs\\\/tendencias-moda\\\/#\\\/schema\\\/person\\\/d4c92e5cdffedbf565412bbc8a5df606\",\"name\":\"Ana Ure\u00f1a\",\"image\":{\"@type\":\"ImageObject\",\"inLanguage\":\"es\",\"@id\":\"https:\\\/\\\/secure.gravatar.com\\\/avatar\\\/09b592e7ab3e707f9f24abacd8ecd4d629b60de09d3b1ce2fec15163eb6c9749?s=96&d=mm&r=g\",\"url\":\"https:\\\/\\\/secure.gravatar.com\\\/avatar\\\/09b592e7ab3e707f9f24abacd8ecd4d629b60de09d3b1ce2fec15163eb6c9749?s=96&d=mm&r=g\",\"contentUrl\":\"https:\\\/\\\/secure.gravatar.com\\\/avatar\\\/09b592e7ab3e707f9f24abacd8ecd4d629b60de09d3b1ce2fec15163eb6c9749?s=96&d=mm&r=g\",\"caption\":\"Ana Ure\u00f1a\"},\"description\":\"Ana Ure\u00f1a empez\u00f3 hace m\u00e1s de 15 a\u00f1os como becaria en la revista de moda Harper\u2019s en Londres, donde perfeccion\u00f3 su habilidad preparando caf\u00e9 para las reuniones de contenidos. M\u00e1s tarde trabaj\u00f3 para la revista de moda y sociedad \u00abTatler\u00bb, de Cond\u00e9 Nast, y para el peri\u00f3dico \u00abThe Times\u00bb, donde fue pionera al escribir uno de los primeros blogs de moda que existieron en el mundo. Al volver a Madrid, form\u00f3 parte de los equipos de ELLE y VOGUE, pasando por el grupo Vocento y llegando a ser directora de la revista Cosmopolitan. Ahora llega a La Cope a retomar este blog que naci\u00f3 en ABC y nos descubri\u00f3 t\u00e9rminos como OMNIs (Objetos de Moda No Identificados) y nos habl\u00f3 de los cronuts (un h\u00edbrido gourmet entre cruas\u00e1n y donut) antes que nadie. Hoy ya no hace el caf\u00e9 para nadie y solo sue\u00f1a con que se lo prepare George Clooney con su m\u00e1quina de c\u00e1psulas.\",\"sameAs\":[\"http:\\\/\\\/www.cope.es\",\"https:\\\/\\\/www.facebook.com\\\/ana.urena\",\"https:\\\/\\\/x.com\\\/anaurena\"],\"url\":\"https:\\\/\\\/www.cope.es\\\/blogs\\\/tendencias-moda\\\/author\\\/aurena\\\/\"}]}<\/script>\n<!-- \/ Yoast SEO plugin. -->","yoast_head_json":{"title":"La tendencia fl\u00faor perdurar\u00e1 en invierno - L\u00e9xico fashionista","robots":{"index":"index","follow":"follow","max-snippet":"max-snippet:-1","max-image-preview":"max-image-preview:large","max-video-preview":"max-video-preview:-1"},"canonical":"https:\/\/www.cope.es\/blogs\/tendencias-moda\/2012\/08\/20\/la-tendencia-fluor-perdurara-en-invierno\/","og_locale":"es_ES","og_type":"article","og_title":"La tendencia fl\u00faor perdurar\u00e1 en invierno - L\u00e9xico fashionista","og_description":"Cu&aacute;ndo se agotaron los bolsos con detalles fl&uacute;or de la colecci&oacute;n &laquo;Oro&raquo; de Loewe &shy;&ndash;a pesar de la campa&ntilde;a viral poco acertada que hizo la firma&ndash; sab&iacute;amos que algo estaba pasando. Y es qu...","og_url":"https:\/\/www.cope.es\/blogs\/tendencias-moda\/2012\/08\/20\/la-tendencia-fluor-perdurara-en-invierno\/","og_site_name":"L\u00e9xico fashionista","article_publisher":"https:\/\/www.facebook.com\/cope\/","article_author":"https:\/\/www.facebook.com\/ana.urena","article_published_time":"2012-08-20T11:43:49+00:00","author":"Ana Ure\u00f1a","twitter_card":"summary_large_image","twitter_creator":"@anaurena","twitter_site":"@cope_es","twitter_misc":{"Escrito por":"Ana Ure\u00f1a","Tiempo de lectura":"2 minutos"},"schema":{"@context":"https:\/\/schema.org","@graph":[{"@type":"Article","@id":"https:\/\/www.cope.es\/blogs\/tendencias-moda\/2012\/08\/20\/la-tendencia-fluor-perdurara-en-invierno\/#article","isPartOf":{"@id":"https:\/\/www.cope.es\/blogs\/tendencias-moda\/2012\/08\/20\/la-tendencia-fluor-perdurara-en-invierno\/"},"author":{"name":"Ana Ure\u00f1a","@id":"https:\/\/www.cope.es\/blogs\/tendencias-moda\/#\/schema\/person\/d4c92e5cdffedbf565412bbc8a5df606"},"headline":"La tendencia fl\u00faor perdurar\u00e1 en invierno","datePublished":"2012-08-20T11:43:49+00:00","mainEntityOfPage":{"@id":"https:\/\/www.cope.es\/blogs\/tendencias-moda\/2012\/08\/20\/la-tendencia-fluor-perdurara-en-invierno\/"},"wordCount":336,"commentCount":0,"articleSection":["streetstyle"],"inLanguage":"es","potentialAction":[{"@type":"CommentAction","name":"Comment","target":["https:\/\/www.cope.es\/blogs\/tendencias-moda\/2012\/08\/20\/la-tendencia-fluor-perdurara-en-invierno\/#respond"]}]},{"@type":"WebPage","@id":"https:\/\/www.cope.es\/blogs\/tendencias-moda\/2012\/08\/20\/la-tendencia-fluor-perdurara-en-invierno\/","url":"https:\/\/www.cope.es\/blogs\/tendencias-moda\/2012\/08\/20\/la-tendencia-fluor-perdurara-en-invierno\/","name":"La tendencia fl\u00faor perdurar\u00e1 en invierno - L\u00e9xico fashionista","isPartOf":{"@id":"https:\/\/www.cope.es\/blogs\/tendencias-moda\/#website"},"datePublished":"2012-08-20T11:43:49+00:00","author":{"@id":"https:\/\/www.cope.es\/blogs\/tendencias-moda\/#\/schema\/person\/d4c92e5cdffedbf565412bbc8a5df606"},"breadcrumb":{"@id":"https:\/\/www.cope.es\/blogs\/tendencias-moda\/2012\/08\/20\/la-tendencia-fluor-perdurara-en-invierno\/#breadcrumb"},"inLanguage":"es","potentialAction":[{"@type":"ReadAction","target":["https:\/\/www.cope.es\/blogs\/tendencias-moda\/2012\/08\/20\/la-tendencia-fluor-perdurara-en-invierno\/"]}]},{"@type":"BreadcrumbList","@id":"https:\/\/www.cope.es\/blogs\/tendencias-moda\/2012\/08\/20\/la-tendencia-fluor-perdurara-en-invierno\/#breadcrumb","itemListElement":[{"@type":"ListItem","position":1,"name":"Portada","item":"https:\/\/www.cope.es\/blogs\/tendencias-moda\/"},{"@type":"ListItem","position":2,"name":"La tendencia fl\u00faor perdurar\u00e1 en invierno"}]},{"@type":"WebSite","@id":"https:\/\/www.cope.es\/blogs\/tendencias-moda\/#website","url":"https:\/\/www.cope.es\/blogs\/tendencias-moda\/","name":"L\u00e9xico fashionista","description":"Stiletto, clutch, hobo, peep toe, petite robe noire, kawai, cabas, coolhunter, boho, trendy\u2026 la moda utiliza  palabras para las cuales a veces necesitamos un traductor simult\u00e1neo. Pero como Babel Fish no siempre funciona, sirva esta experta en la materia para descifrar el l\u00e9xico fashionista, desde las tendencias m\u00e1s audaces hasta los OMNIs (Objetos de Moda No Identificados) m\u00e1s curiosos.","potentialAction":[{"@type":"SearchAction","target":{"@type":"EntryPoint","urlTemplate":"https:\/\/www.cope.es\/blogs\/tendencias-moda\/?s={search_term_string}"},"query-input":{"@type":"PropertyValueSpecification","valueRequired":true,"valueName":"search_term_string"}}],"inLanguage":"es"},{"@type":"Person","@id":"https:\/\/www.cope.es\/blogs\/tendencias-moda\/#\/schema\/person\/d4c92e5cdffedbf565412bbc8a5df606","name":"Ana Ure\u00f1a","image":{"@type":"ImageObject","inLanguage":"es","@id":"https:\/\/secure.gravatar.com\/avatar\/09b592e7ab3e707f9f24abacd8ecd4d629b60de09d3b1ce2fec15163eb6c9749?s=96&d=mm&r=g","url":"https:\/\/secure.gravatar.com\/avatar\/09b592e7ab3e707f9f24abacd8ecd4d629b60de09d3b1ce2fec15163eb6c9749?s=96&d=mm&r=g","contentUrl":"https:\/\/secure.gravatar.com\/avatar\/09b592e7ab3e707f9f24abacd8ecd4d629b60de09d3b1ce2fec15163eb6c9749?s=96&d=mm&r=g","caption":"Ana Ure\u00f1a"},"description":"Ana Ure\u00f1a empez\u00f3 hace m\u00e1s de 15 a\u00f1os como becaria en la revista de moda Harper\u2019s en Londres, donde perfeccion\u00f3 su habilidad preparando caf\u00e9 para las reuniones de contenidos. M\u00e1s tarde trabaj\u00f3 para la revista de moda y sociedad \u00abTatler\u00bb, de Cond\u00e9 Nast, y para el peri\u00f3dico \u00abThe Times\u00bb, donde fue pionera al escribir uno de los primeros blogs de moda que existieron en el mundo. Al volver a Madrid, form\u00f3 parte de los equipos de ELLE y VOGUE, pasando por el grupo Vocento y llegando a ser directora de la revista Cosmopolitan. Ahora llega a La Cope a retomar este blog que naci\u00f3 en ABC y nos descubri\u00f3 t\u00e9rminos como OMNIs (Objetos de Moda No Identificados) y nos habl\u00f3 de los cronuts (un h\u00edbrido gourmet entre cruas\u00e1n y donut) antes que nadie. Hoy ya no hace el caf\u00e9 para nadie y solo sue\u00f1a con que se lo prepare George Clooney con su m\u00e1quina de c\u00e1psulas.","sameAs":["http:\/\/www.cope.es","https:\/\/www.facebook.com\/ana.urena","https:\/\/x.com\/anaurena"],"url":"https:\/\/www.cope.es\/blogs\/tendencias-moda\/author\/aurena\/"}]}},"amp_enabled":true,"_links":{"self":[{"href":"https:\/\/www.cope.es\/blogs\/tendencias-moda\/wp-json\/wp\/v2\/posts\/13393","targetHints":{"allow":["GET"]}}],"collection":[{"href":"https:\/\/www.cope.es\/blogs\/tendencias-moda\/wp-json\/wp\/v2\/posts"}],"about":[{"href":"https:\/\/www.cope.es\/blogs\/tendencias-moda\/wp-json\/wp\/v2\/types\/post"}],"author":[{"embeddable":true,"href":"https:\/\/www.cope.es\/blogs\/tendencias-moda\/wp-json\/wp\/v2\/users\/2"}],"replies":[{"embeddable":true,"href":"https:\/\/www.cope.es\/blogs\/tendencias-moda\/wp-json\/wp\/v2\/comments?post=13393"}],"version-history":[{"count":0,"href":"https:\/\/www.cope.es\/blogs\/tendencias-moda\/wp-json\/wp\/v2\/posts\/13393\/revisions"}],"wp:attachment":[{"href":"https:\/\/www.cope.es\/blogs\/tendencias-moda\/wp-json\/wp\/v2\/media?parent=13393"}],"wp:term":[{"taxonomy":"category","embeddable":true,"href":"https:\/\/www.cope.es\/blogs\/tendencias-moda\/wp-json\/wp\/v2\/categories?post=13393"},{"taxonomy":"post_tag","embeddable":true,"href":"https:\/\/www.cope.es\/blogs\/tendencias-moda\/wp-json\/wp\/v2\/tags?post=13393"}],"curies":[{"name":"wp","href":"https:\/\/api.w.org\/{rel}","templated":true}]}}