{"id":12060,"date":"2012-04-17T14:14:11","date_gmt":"2012-04-17T13:14:11","guid":{"rendered":"http:\/\/abcblogs.abc.es\/tendencias-moda\/?guid=c16999d1aca768a79602ff8b94bfb5c7"},"modified":"2012-04-17T14:14:11","modified_gmt":"2012-04-17T13:14:11","slug":"la-herencia-de-mick-jagger","status":"publish","type":"post","link":"https:\/\/www.cope.es\/blogs\/tendencias-moda\/2012\/04\/17\/la-herencia-de-mick-jagger\/","title":{"rendered":"La herencia de Mick Jagger"},"content":{"rendered":"<p>Hoy se celebran los <strong>50 a&ntilde;os de los Rolling Stones<\/strong>. Para celebrarlo, me voy a poner mi sudadera oficial con pitillos de cuero, el single <em>Paint it Black<\/em> de m&uacute;sica de fondo, y voy a recordar los entra&ntilde;ables momentos que he pasado gracias a la banda de rock.<\/p>\n<div class=\"foto\"><img decoding=\"async\" src=\"\/tendencias-moda\/files\/ana-mick-jagger.jpg\" alt=\"ana-mick-jagger.jpg\" \/><\/div>\n<p><!--more--><\/p>\n<p>&nbsp;<\/p>\n<p>&nbsp;<\/p>\n<div class=\"foto\"><img decoding=\"async\" src=\"\/tendencias-moda\/files\/mick-bianca-jagger-boda.jpg\" alt=\"mick-bianca-jagger-boda.jpg\" \/>FOTO: Mick Jagger y Bianca el d&iacute;a de su boda.<\/div>\n<p>&nbsp;<\/p>\n<p>Quiero darle las gracias a Mick Jagger por los momentos que nos ha regalado y las lecciones de vida que nos ha dado. El primer momento que marc&oacute; las elecciones sartoriales de muchas, fue <strong>su boda con Bianca Jagger<\/strong> y esa chaqueta de esmoquin blanca de YSL. Aunque la mayor&iacute;a de mis amigas, ni &nbsp;yo, hab&iacute;amos nacido cuando se casaron, llegamos a ver las fotos en alg&uacute;n momento de nuestra adolescencia y al descubrirlas, juramos que nunca nos casar&iacute;amos enfundadas en un vestido.<\/p>\n<p>&nbsp;<\/p>\n<div class=\"foto\"><img decoding=\"async\" src=\"\/tendencias-moda\/files\/keeth-richards.jpg\" alt=\"keeth-richards.jpg\" \/><\/div>\n<div class=\"foto\">FOTO: Keith Richards, que dicen tiene una relaci&oacute;n de amor\/odio con Mick Jagger.<\/div>\n<p>&nbsp;<\/p>\n<p>El segundo momento clave fue cuando <strong>el Pr&iacute;ncipe Carlos le otorg&oacute; el t&iacute;tulo de Sir<\/strong>, por sus servicios en el mundo de la m&uacute;sica y demostr&oacute; que todos somos humanos y que hasta los rockeros m&aacute;s rebeldes sucumben al atractivo de los t&iacute;tulos nobiliarios (aunque supuestamente le cost&oacute; una bronca con Keith Richards que no estaba nada contento).<\/p>\n<p>&nbsp;<\/p>\n<div class=\"foto\"><img decoding=\"async\" src=\"\/tendencias-moda\/files\/mick-keep-calm.jpg\" alt=\"mick-keep-calm.jpg\" \/>FOTO: Mick Jagger en un concierto y el nuevo poster de la serie <em>Keep Calm<\/em><\/div>\n<p>&nbsp;<\/p>\n<p>El tercer elemento fundamental de Sir Mick es <strong>su look inconfundible e irresistible<\/strong>, de pantalones pitillos ajustad&iacute;simos, camisetas de algod&oacute;n destrozadas a conciencia y demasiado cortas y chaquetas una talla menos, que nunca pasar&aacute;n de moda y que toda chica aspira llegar a llevar, cuando pierda alg&uacute;n kilo de m&aacute;s. En la nevera, en vez de tener fotos motivadoras de modelos en bikini, tengo fotos de Mick Jagger.<\/p>\n<p><div class=\"foto\"><img decoding=\"async\" src=\"\/tendencias-moda\/files\/mick_brian_meanmoody.jpg\" alt=\"mick_brian_meanmoody.jpg\" \/>FOTO: los Rolling Stone de viaje con bebidas no indentificadas.<\/div>\n<\/p>\n<p>Y la &uacute;ltima lecci&oacute;n de vida, es que gracias a ellos entend&iacute; <strong>la importancia de un buen desayuno<\/strong>. Cuando se hospedaron en el hotel Mardaval de Mallorca ,durante una de sus giras, estaban en la misma planta que yo. Y todas las ma&ntilde;anas ve&iacute;a como les llevaban a sus habitaciones bandejas y bandejas de frutas. Qu&eacute; sanos pensaba yo. Pero m&aacute;s tarde supe, gracias a los cotilleos de los camareros, que en la parte de debajo de los carritos del <em>room service<\/em>, bajo los pl&aacute;tanos y los kiwis, hab&iacute;a un arsenal de botellas de alcohol, supuestamente, para acompa&ntilde;ar a la fruta. <strong>Viva el estilo de vida de las estrellas del rock.<\/strong><\/p>\n<p>&nbsp;<\/p>\n","protected":false},"excerpt":{"rendered":"<p>Hoy se celebran los 50 a&ntilde;os de los Rolling Stones. Para celebrarlo, me voy a poner mi sudadera oficial con pitillos de cuero, el single Paint it Black de m&uacute;sica de fondo, y voy a recordar los entra&ntilde;ables momentos que he pasado grac&#8230;<\/p>\n","protected":false},"author":2,"featured_media":0,"comment_status":"open","ping_status":"closed","sticky":false,"template":"","format":"standard","meta":{"footnotes":""},"categories":[16],"tags":[],"class_list":["post-12060","post","type-post","status-publish","format-standard","hentry","category-celebrities"],"yoast_head":"<!-- This site is optimized with the Yoast SEO plugin v27.4 - https:\/\/yoast.com\/product\/yoast-seo-wordpress\/ -->\n<title>La herencia de Mick Jagger - L\u00e9xico fashionista<\/title>\n<meta name=\"robots\" content=\"index, follow, max-snippet:-1, max-image-preview:large, max-video-preview:-1\" \/>\n<link rel=\"canonical\" href=\"https:\/\/www.cope.es\/blogs\/tendencias-moda\/2012\/04\/17\/la-herencia-de-mick-jagger\/\" \/>\n<meta property=\"og:locale\" content=\"es_ES\" \/>\n<meta property=\"og:type\" content=\"article\" \/>\n<meta property=\"og:title\" content=\"La herencia de Mick Jagger - L\u00e9xico fashionista\" \/>\n<meta property=\"og:description\" content=\"Hoy se celebran los 50 a&ntilde;os de los Rolling Stones. Para celebrarlo, me voy a poner mi sudadera oficial con pitillos de cuero, el single Paint it Black de m&uacute;sica de fondo, y voy a recordar los entra&ntilde;ables momentos que he pasado grac...\" \/>\n<meta property=\"og:url\" content=\"https:\/\/www.cope.es\/blogs\/tendencias-moda\/2012\/04\/17\/la-herencia-de-mick-jagger\/\" \/>\n<meta property=\"og:site_name\" content=\"L\u00e9xico fashionista\" \/>\n<meta property=\"article:publisher\" content=\"https:\/\/www.facebook.com\/cope\/\" \/>\n<meta property=\"article:author\" content=\"https:\/\/www.facebook.com\/ana.urena\" \/>\n<meta property=\"article:published_time\" content=\"2012-04-17T13:14:11+00:00\" \/>\n<meta name=\"author\" content=\"Ana Ure\u00f1a\" \/>\n<meta name=\"twitter:card\" content=\"summary_large_image\" \/>\n<meta name=\"twitter:creator\" content=\"@anaurena\" \/>\n<meta name=\"twitter:site\" content=\"@cope_es\" \/>\n<meta name=\"twitter:label1\" content=\"Escrito por\" \/>\n\t<meta name=\"twitter:data1\" content=\"Ana Ure\u00f1a\" \/>\n\t<meta name=\"twitter:label2\" content=\"Tiempo de lectura\" \/>\n\t<meta name=\"twitter:data2\" content=\"2 minutos\" \/>\n<script type=\"application\/ld+json\" class=\"yoast-schema-graph\">{\"@context\":\"https:\\\/\\\/schema.org\",\"@graph\":[{\"@type\":\"Article\",\"@id\":\"https:\\\/\\\/www.cope.es\\\/blogs\\\/tendencias-moda\\\/2012\\\/04\\\/17\\\/la-herencia-de-mick-jagger\\\/#article\",\"isPartOf\":{\"@id\":\"https:\\\/\\\/www.cope.es\\\/blogs\\\/tendencias-moda\\\/2012\\\/04\\\/17\\\/la-herencia-de-mick-jagger\\\/\"},\"author\":{\"name\":\"Ana Ure\u00f1a\",\"@id\":\"https:\\\/\\\/www.cope.es\\\/blogs\\\/tendencias-moda\\\/#\\\/schema\\\/person\\\/d4c92e5cdffedbf565412bbc8a5df606\"},\"headline\":\"La herencia de Mick Jagger\",\"datePublished\":\"2012-04-17T13:14:11+00:00\",\"mainEntityOfPage\":{\"@id\":\"https:\\\/\\\/www.cope.es\\\/blogs\\\/tendencias-moda\\\/2012\\\/04\\\/17\\\/la-herencia-de-mick-jagger\\\/\"},\"wordCount\":489,\"commentCount\":0,\"articleSection\":[\"celebrities\"],\"inLanguage\":\"es\",\"potentialAction\":[{\"@type\":\"CommentAction\",\"name\":\"Comment\",\"target\":[\"https:\\\/\\\/www.cope.es\\\/blogs\\\/tendencias-moda\\\/2012\\\/04\\\/17\\\/la-herencia-de-mick-jagger\\\/#respond\"]}]},{\"@type\":\"WebPage\",\"@id\":\"https:\\\/\\\/www.cope.es\\\/blogs\\\/tendencias-moda\\\/2012\\\/04\\\/17\\\/la-herencia-de-mick-jagger\\\/\",\"url\":\"https:\\\/\\\/www.cope.es\\\/blogs\\\/tendencias-moda\\\/2012\\\/04\\\/17\\\/la-herencia-de-mick-jagger\\\/\",\"name\":\"La herencia de Mick Jagger - L\u00e9xico fashionista\",\"isPartOf\":{\"@id\":\"https:\\\/\\\/www.cope.es\\\/blogs\\\/tendencias-moda\\\/#website\"},\"datePublished\":\"2012-04-17T13:14:11+00:00\",\"author\":{\"@id\":\"https:\\\/\\\/www.cope.es\\\/blogs\\\/tendencias-moda\\\/#\\\/schema\\\/person\\\/d4c92e5cdffedbf565412bbc8a5df606\"},\"breadcrumb\":{\"@id\":\"https:\\\/\\\/www.cope.es\\\/blogs\\\/tendencias-moda\\\/2012\\\/04\\\/17\\\/la-herencia-de-mick-jagger\\\/#breadcrumb\"},\"inLanguage\":\"es\",\"potentialAction\":[{\"@type\":\"ReadAction\",\"target\":[\"https:\\\/\\\/www.cope.es\\\/blogs\\\/tendencias-moda\\\/2012\\\/04\\\/17\\\/la-herencia-de-mick-jagger\\\/\"]}]},{\"@type\":\"BreadcrumbList\",\"@id\":\"https:\\\/\\\/www.cope.es\\\/blogs\\\/tendencias-moda\\\/2012\\\/04\\\/17\\\/la-herencia-de-mick-jagger\\\/#breadcrumb\",\"itemListElement\":[{\"@type\":\"ListItem\",\"position\":1,\"name\":\"Portada\",\"item\":\"https:\\\/\\\/www.cope.es\\\/blogs\\\/tendencias-moda\\\/\"},{\"@type\":\"ListItem\",\"position\":2,\"name\":\"La herencia de Mick Jagger\"}]},{\"@type\":\"WebSite\",\"@id\":\"https:\\\/\\\/www.cope.es\\\/blogs\\\/tendencias-moda\\\/#website\",\"url\":\"https:\\\/\\\/www.cope.es\\\/blogs\\\/tendencias-moda\\\/\",\"name\":\"L\u00e9xico fashionista\",\"description\":\"Stiletto, clutch, hobo, peep toe, petite robe noire, kawai, cabas, coolhunter, boho, trendy\u2026 la moda utiliza  palabras para las cuales a veces necesitamos un traductor simult\u00e1neo. Pero como Babel Fish no siempre funciona, sirva esta experta en la materia para descifrar el l\u00e9xico fashionista, desde las tendencias m\u00e1s audaces hasta los OMNIs (Objetos de Moda No Identificados) m\u00e1s curiosos.\",\"potentialAction\":[{\"@type\":\"SearchAction\",\"target\":{\"@type\":\"EntryPoint\",\"urlTemplate\":\"https:\\\/\\\/www.cope.es\\\/blogs\\\/tendencias-moda\\\/?s={search_term_string}\"},\"query-input\":{\"@type\":\"PropertyValueSpecification\",\"valueRequired\":true,\"valueName\":\"search_term_string\"}}],\"inLanguage\":\"es\"},{\"@type\":\"Person\",\"@id\":\"https:\\\/\\\/www.cope.es\\\/blogs\\\/tendencias-moda\\\/#\\\/schema\\\/person\\\/d4c92e5cdffedbf565412bbc8a5df606\",\"name\":\"Ana Ure\u00f1a\",\"image\":{\"@type\":\"ImageObject\",\"inLanguage\":\"es\",\"@id\":\"https:\\\/\\\/secure.gravatar.com\\\/avatar\\\/09b592e7ab3e707f9f24abacd8ecd4d629b60de09d3b1ce2fec15163eb6c9749?s=96&d=mm&r=g\",\"url\":\"https:\\\/\\\/secure.gravatar.com\\\/avatar\\\/09b592e7ab3e707f9f24abacd8ecd4d629b60de09d3b1ce2fec15163eb6c9749?s=96&d=mm&r=g\",\"contentUrl\":\"https:\\\/\\\/secure.gravatar.com\\\/avatar\\\/09b592e7ab3e707f9f24abacd8ecd4d629b60de09d3b1ce2fec15163eb6c9749?s=96&d=mm&r=g\",\"caption\":\"Ana Ure\u00f1a\"},\"description\":\"Ana Ure\u00f1a empez\u00f3 hace m\u00e1s de 15 a\u00f1os como becaria en la revista de moda Harper\u2019s en Londres, donde perfeccion\u00f3 su habilidad preparando caf\u00e9 para las reuniones de contenidos. M\u00e1s tarde trabaj\u00f3 para la revista de moda y sociedad \u00abTatler\u00bb, de Cond\u00e9 Nast, y para el peri\u00f3dico \u00abThe Times\u00bb, donde fue pionera al escribir uno de los primeros blogs de moda que existieron en el mundo. Al volver a Madrid, form\u00f3 parte de los equipos de ELLE y VOGUE, pasando por el grupo Vocento y llegando a ser directora de la revista Cosmopolitan. Ahora llega a La Cope a retomar este blog que naci\u00f3 en ABC y nos descubri\u00f3 t\u00e9rminos como OMNIs (Objetos de Moda No Identificados) y nos habl\u00f3 de los cronuts (un h\u00edbrido gourmet entre cruas\u00e1n y donut) antes que nadie. Hoy ya no hace el caf\u00e9 para nadie y solo sue\u00f1a con que se lo prepare George Clooney con su m\u00e1quina de c\u00e1psulas.\",\"sameAs\":[\"http:\\\/\\\/www.cope.es\",\"https:\\\/\\\/www.facebook.com\\\/ana.urena\",\"https:\\\/\\\/x.com\\\/anaurena\"],\"url\":\"https:\\\/\\\/www.cope.es\\\/blogs\\\/tendencias-moda\\\/author\\\/aurena\\\/\"}]}<\/script>\n<!-- \/ Yoast SEO plugin. -->","yoast_head_json":{"title":"La herencia de Mick Jagger - L\u00e9xico fashionista","robots":{"index":"index","follow":"follow","max-snippet":"max-snippet:-1","max-image-preview":"max-image-preview:large","max-video-preview":"max-video-preview:-1"},"canonical":"https:\/\/www.cope.es\/blogs\/tendencias-moda\/2012\/04\/17\/la-herencia-de-mick-jagger\/","og_locale":"es_ES","og_type":"article","og_title":"La herencia de Mick Jagger - L\u00e9xico fashionista","og_description":"Hoy se celebran los 50 a&ntilde;os de los Rolling Stones. Para celebrarlo, me voy a poner mi sudadera oficial con pitillos de cuero, el single Paint it Black de m&uacute;sica de fondo, y voy a recordar los entra&ntilde;ables momentos que he pasado grac...","og_url":"https:\/\/www.cope.es\/blogs\/tendencias-moda\/2012\/04\/17\/la-herencia-de-mick-jagger\/","og_site_name":"L\u00e9xico fashionista","article_publisher":"https:\/\/www.facebook.com\/cope\/","article_author":"https:\/\/www.facebook.com\/ana.urena","article_published_time":"2012-04-17T13:14:11+00:00","author":"Ana Ure\u00f1a","twitter_card":"summary_large_image","twitter_creator":"@anaurena","twitter_site":"@cope_es","twitter_misc":{"Escrito por":"Ana Ure\u00f1a","Tiempo de lectura":"2 minutos"},"schema":{"@context":"https:\/\/schema.org","@graph":[{"@type":"Article","@id":"https:\/\/www.cope.es\/blogs\/tendencias-moda\/2012\/04\/17\/la-herencia-de-mick-jagger\/#article","isPartOf":{"@id":"https:\/\/www.cope.es\/blogs\/tendencias-moda\/2012\/04\/17\/la-herencia-de-mick-jagger\/"},"author":{"name":"Ana Ure\u00f1a","@id":"https:\/\/www.cope.es\/blogs\/tendencias-moda\/#\/schema\/person\/d4c92e5cdffedbf565412bbc8a5df606"},"headline":"La herencia de Mick Jagger","datePublished":"2012-04-17T13:14:11+00:00","mainEntityOfPage":{"@id":"https:\/\/www.cope.es\/blogs\/tendencias-moda\/2012\/04\/17\/la-herencia-de-mick-jagger\/"},"wordCount":489,"commentCount":0,"articleSection":["celebrities"],"inLanguage":"es","potentialAction":[{"@type":"CommentAction","name":"Comment","target":["https:\/\/www.cope.es\/blogs\/tendencias-moda\/2012\/04\/17\/la-herencia-de-mick-jagger\/#respond"]}]},{"@type":"WebPage","@id":"https:\/\/www.cope.es\/blogs\/tendencias-moda\/2012\/04\/17\/la-herencia-de-mick-jagger\/","url":"https:\/\/www.cope.es\/blogs\/tendencias-moda\/2012\/04\/17\/la-herencia-de-mick-jagger\/","name":"La herencia de Mick Jagger - L\u00e9xico fashionista","isPartOf":{"@id":"https:\/\/www.cope.es\/blogs\/tendencias-moda\/#website"},"datePublished":"2012-04-17T13:14:11+00:00","author":{"@id":"https:\/\/www.cope.es\/blogs\/tendencias-moda\/#\/schema\/person\/d4c92e5cdffedbf565412bbc8a5df606"},"breadcrumb":{"@id":"https:\/\/www.cope.es\/blogs\/tendencias-moda\/2012\/04\/17\/la-herencia-de-mick-jagger\/#breadcrumb"},"inLanguage":"es","potentialAction":[{"@type":"ReadAction","target":["https:\/\/www.cope.es\/blogs\/tendencias-moda\/2012\/04\/17\/la-herencia-de-mick-jagger\/"]}]},{"@type":"BreadcrumbList","@id":"https:\/\/www.cope.es\/blogs\/tendencias-moda\/2012\/04\/17\/la-herencia-de-mick-jagger\/#breadcrumb","itemListElement":[{"@type":"ListItem","position":1,"name":"Portada","item":"https:\/\/www.cope.es\/blogs\/tendencias-moda\/"},{"@type":"ListItem","position":2,"name":"La herencia de Mick Jagger"}]},{"@type":"WebSite","@id":"https:\/\/www.cope.es\/blogs\/tendencias-moda\/#website","url":"https:\/\/www.cope.es\/blogs\/tendencias-moda\/","name":"L\u00e9xico fashionista","description":"Stiletto, clutch, hobo, peep toe, petite robe noire, kawai, cabas, coolhunter, boho, trendy\u2026 la moda utiliza  palabras para las cuales a veces necesitamos un traductor simult\u00e1neo. Pero como Babel Fish no siempre funciona, sirva esta experta en la materia para descifrar el l\u00e9xico fashionista, desde las tendencias m\u00e1s audaces hasta los OMNIs (Objetos de Moda No Identificados) m\u00e1s curiosos.","potentialAction":[{"@type":"SearchAction","target":{"@type":"EntryPoint","urlTemplate":"https:\/\/www.cope.es\/blogs\/tendencias-moda\/?s={search_term_string}"},"query-input":{"@type":"PropertyValueSpecification","valueRequired":true,"valueName":"search_term_string"}}],"inLanguage":"es"},{"@type":"Person","@id":"https:\/\/www.cope.es\/blogs\/tendencias-moda\/#\/schema\/person\/d4c92e5cdffedbf565412bbc8a5df606","name":"Ana Ure\u00f1a","image":{"@type":"ImageObject","inLanguage":"es","@id":"https:\/\/secure.gravatar.com\/avatar\/09b592e7ab3e707f9f24abacd8ecd4d629b60de09d3b1ce2fec15163eb6c9749?s=96&d=mm&r=g","url":"https:\/\/secure.gravatar.com\/avatar\/09b592e7ab3e707f9f24abacd8ecd4d629b60de09d3b1ce2fec15163eb6c9749?s=96&d=mm&r=g","contentUrl":"https:\/\/secure.gravatar.com\/avatar\/09b592e7ab3e707f9f24abacd8ecd4d629b60de09d3b1ce2fec15163eb6c9749?s=96&d=mm&r=g","caption":"Ana Ure\u00f1a"},"description":"Ana Ure\u00f1a empez\u00f3 hace m\u00e1s de 15 a\u00f1os como becaria en la revista de moda Harper\u2019s en Londres, donde perfeccion\u00f3 su habilidad preparando caf\u00e9 para las reuniones de contenidos. M\u00e1s tarde trabaj\u00f3 para la revista de moda y sociedad \u00abTatler\u00bb, de Cond\u00e9 Nast, y para el peri\u00f3dico \u00abThe Times\u00bb, donde fue pionera al escribir uno de los primeros blogs de moda que existieron en el mundo. Al volver a Madrid, form\u00f3 parte de los equipos de ELLE y VOGUE, pasando por el grupo Vocento y llegando a ser directora de la revista Cosmopolitan. Ahora llega a La Cope a retomar este blog que naci\u00f3 en ABC y nos descubri\u00f3 t\u00e9rminos como OMNIs (Objetos de Moda No Identificados) y nos habl\u00f3 de los cronuts (un h\u00edbrido gourmet entre cruas\u00e1n y donut) antes que nadie. Hoy ya no hace el caf\u00e9 para nadie y solo sue\u00f1a con que se lo prepare George Clooney con su m\u00e1quina de c\u00e1psulas.","sameAs":["http:\/\/www.cope.es","https:\/\/www.facebook.com\/ana.urena","https:\/\/x.com\/anaurena"],"url":"https:\/\/www.cope.es\/blogs\/tendencias-moda\/author\/aurena\/"}]}},"amp_enabled":true,"_links":{"self":[{"href":"https:\/\/www.cope.es\/blogs\/tendencias-moda\/wp-json\/wp\/v2\/posts\/12060","targetHints":{"allow":["GET"]}}],"collection":[{"href":"https:\/\/www.cope.es\/blogs\/tendencias-moda\/wp-json\/wp\/v2\/posts"}],"about":[{"href":"https:\/\/www.cope.es\/blogs\/tendencias-moda\/wp-json\/wp\/v2\/types\/post"}],"author":[{"embeddable":true,"href":"https:\/\/www.cope.es\/blogs\/tendencias-moda\/wp-json\/wp\/v2\/users\/2"}],"replies":[{"embeddable":true,"href":"https:\/\/www.cope.es\/blogs\/tendencias-moda\/wp-json\/wp\/v2\/comments?post=12060"}],"version-history":[{"count":0,"href":"https:\/\/www.cope.es\/blogs\/tendencias-moda\/wp-json\/wp\/v2\/posts\/12060\/revisions"}],"wp:attachment":[{"href":"https:\/\/www.cope.es\/blogs\/tendencias-moda\/wp-json\/wp\/v2\/media?parent=12060"}],"wp:term":[{"taxonomy":"category","embeddable":true,"href":"https:\/\/www.cope.es\/blogs\/tendencias-moda\/wp-json\/wp\/v2\/categories?post=12060"},{"taxonomy":"post_tag","embeddable":true,"href":"https:\/\/www.cope.es\/blogs\/tendencias-moda\/wp-json\/wp\/v2\/tags?post=12060"}],"curies":[{"name":"wp","href":"https:\/\/api.w.org\/{rel}","templated":true}]}}