{"id":857,"date":"2019-04-24T08:35:59","date_gmt":"2019-04-24T06:35:59","guid":{"rendered":"http:\/\/www.cope.es\/blogs\/si-quiero\/?p=857"},"modified":"2019-04-24T08:35:59","modified_gmt":"2019-04-24T06:35:59","slug":"flores-en-tu-boda","status":"publish","type":"post","link":"https:\/\/www.cope.es\/blogs\/si-quiero\/2019\/04\/24\/flores-en-tu-boda\/","title":{"rendered":"Flores en tu boda: el\u00edgelas seg\u00fan la estaci\u00f3n del a\u00f1o"},"content":{"rendered":"<figure id=\"attachment_860\" aria-describedby=\"caption-attachment-860\" style=\"width: 237px\" class=\"wp-caption alignright\"><img loading=\"lazy\" decoding=\"async\" width=\"237\" height=\"300\" class=\"wp-image-860 size-medium\" src=\"http:\/\/www.cope.es\/blogs\/si-quiero\/wp-content\/uploads\/sites\/27\/2019\/04\/Ramo-1-237x300.jpg\" alt=\"\" srcset=\"https:\/\/www.cope.es\/blogs\/si-quiero\/wp-content\/uploads\/sites\/27\/2019\/04\/Ramo-1-237x300.jpg 237w, https:\/\/www.cope.es\/blogs\/si-quiero\/wp-content\/uploads\/sites\/27\/2019\/04\/Ramo-1.jpg 600w\" sizes=\"auto, (max-width: 237px) 100vw, 237px\" \/><figcaption id=\"caption-attachment-860\" class=\"wp-caption-text\">Floreale<\/figcaption><\/figure>\n<p><span style=\"font-weight: 400\">Una estampa realmente maravillosa en esta \u00e9poca del a\u00f1o es el almendro en flor. El fr\u00edo dibujo del invierno desaparece para dar paso a una multitud de colores. En oto\u00f1o ocurre algo similar. Las calles se llenan de tonos naranjas y marrones que alegran la vista. Y es que cada estaci\u00f3n del a\u00f1o tiene sus colores m\u00e1s caracter\u00edsticos. Y, por tanto, a la hora de elegir unas <strong>flores<\/strong> para tu boda deber\u00e1s tener en cuenta cu\u00e1les son las m\u00e1s propias para cada\u00a0<a href=\"http:\/\/www.cope.es\/blogs\/si-quiero\/2018\/12\/04\/estacion-del-ano-mas-barata-para-casarse\/\" target=\"_blank\">estaci\u00f3n<\/a>. <\/span><\/p>\n<p><span style=\"font-weight: 400\">Desde <a href=\"http:\/\/www.floreale.es\/\" target=\"_blank\">Floreale<\/a> aclaran que las m\u00e1s recomendadas para tu ramo de novia son las flores silvestres, los ran\u00fanculos, las rosas , las an\u00e9monas, las peon\u00edas, las hortensias y el eucalipto.<\/span><\/p>\n<p><span style=\"font-weight: 400\">Sin embargo, tal y como cuentan desde Floreale, cada estaci\u00f3n tiene su flor:<\/span><\/p>\n<ul>\n<li style=\"font-weight: 400\"><span style=\"font-weight: 400\">En primavera lo que predominan son las flores y hojas verdes, rosas, con toques azules o morados.<\/span><\/li>\n<li style=\"font-weight: 400\"><span style=\"font-weight: 400\">Sin embargo, en verano mandan las flores rosas mezcladas con ramas verdes y las tropicales.<\/span><\/li>\n<li style=\"font-weight: 400\"><span style=\"font-weight: 400\">En oto\u00f1o, las hortensias oto\u00f1ales.<\/span><\/li>\n<li style=\"font-weight: 400\"><span style=\"font-weight: 400\">En invierno destacan los tonos fr\u00edos y blancos. Pero por el contrario tambi\u00e9n podemos encontrar tonos rojos, granates&#8230;<\/span><\/li>\n<\/ul>\n<figure id=\"attachment_870\" aria-describedby=\"caption-attachment-870\" style=\"width: 1024px\" class=\"wp-caption aligncenter\"><img loading=\"lazy\" decoding=\"async\" width=\"1024\" height=\"674\" class=\"wp-image-870 size-large\" src=\"http:\/\/www.cope.es\/blogs\/si-quiero\/wp-content\/uploads\/sites\/27\/2019\/04\/8-1024x674.jpg\" alt=\"\" srcset=\"https:\/\/www.cope.es\/blogs\/si-quiero\/wp-content\/uploads\/sites\/27\/2019\/04\/8-1024x674.jpg 1024w, https:\/\/www.cope.es\/blogs\/si-quiero\/wp-content\/uploads\/sites\/27\/2019\/04\/8-300x198.jpg 300w, https:\/\/www.cope.es\/blogs\/si-quiero\/wp-content\/uploads\/sites\/27\/2019\/04\/8-768x506.jpg 768w, https:\/\/www.cope.es\/blogs\/si-quiero\/wp-content\/uploads\/sites\/27\/2019\/04\/8.jpg 1359w\" sizes=\"auto, (max-width: 1024px) 100vw, 1024px\" \/><figcaption id=\"caption-attachment-870\" class=\"wp-caption-text\">Floreale<\/figcaption><\/figure>\n<h4><b>Flores tambi\u00e9n en las mesas<\/b><\/h4>\n<p><span style=\"font-weight: 400\">Los expertos de Floreale indican que para la decoraci\u00f3n de las mesas, s\u00ed se deben tener en cuenta las flores m\u00e1s caracter\u00edsticas de cada estaci\u00f3n:<\/span><\/p>\n<ul>\n<li style=\"font-weight: 400\"><span style=\"font-weight: 400\">En primavera resaltan las rosas, y malvas entremezcladas con verdes.<\/span><\/li>\n<li style=\"font-weight: 400\"><span style=\"font-weight: 400\">Las flores rosas mezcladas con ramas verdes y tropicales son t\u00edpicas del verano.<\/span><\/li>\n<li style=\"font-weight: 400\"><span style=\"font-weight: 400\">En oto\u00f1o ser\u00e1 mejor que te decantes por ramas oto\u00f1ales, frutos rojos, hortensias oto\u00f1ales y mucho naranja.<\/span><\/li>\n<li style=\"font-weight: 400\"><span style=\"font-weight: 400\">Por \u00faltimo, en invierno, predominan los tonos fr\u00edos, las ramas desnudas y las flores blancas. Todo ello combinado con tonos dorados.<\/span><\/li>\n<\/ul>\n<figure id=\"attachment_866\" aria-describedby=\"caption-attachment-866\" style=\"width: 1024px\" class=\"wp-caption alignnone\"><img loading=\"lazy\" decoding=\"async\" width=\"1024\" height=\"673\" class=\"wp-image-866 size-large\" src=\"http:\/\/www.cope.es\/blogs\/si-quiero\/wp-content\/uploads\/sites\/27\/2019\/04\/Boda-Invierno-1024x673.jpg\" alt=\"\" srcset=\"https:\/\/www.cope.es\/blogs\/si-quiero\/wp-content\/uploads\/sites\/27\/2019\/04\/Boda-Invierno-1024x673.jpg 1024w, https:\/\/www.cope.es\/blogs\/si-quiero\/wp-content\/uploads\/sites\/27\/2019\/04\/Boda-Invierno-300x197.jpg 300w, https:\/\/www.cope.es\/blogs\/si-quiero\/wp-content\/uploads\/sites\/27\/2019\/04\/Boda-Invierno-768x505.jpg 768w, https:\/\/www.cope.es\/blogs\/si-quiero\/wp-content\/uploads\/sites\/27\/2019\/04\/Boda-Invierno.jpg 1070w\" sizes=\"auto, (max-width: 1024px) 100vw, 1024px\" \/><figcaption id=\"caption-attachment-866\" class=\"wp-caption-text\">Floreale<\/figcaption><\/figure>\n<h4><b>Las tendencias florales del 2019<\/b><\/h4>\n<p><span style=\"font-weight: 400\">Evidentemente \u201clas tendencias tambi\u00e9n afectan a los dise\u00f1os florales\u201d, afirman desde Floreale. \u201cPero aunque finalmente la novia es quien decide, nosotros siempre aconsejamos utilizar la flor de temporada\u201d, sugieren. <\/span><\/p>\n<p><span style=\"font-weight: 400\">Eso s\u00ed, tienen claro cu\u00e1l es la tendencia floral del 2019: \u201cel verde como absoluto protagonista. Siempre fresco y con toques de color en rosas, malvas, amarillos, morados y toques azules.\u201d Respecto a las flores las que predominan son los ran\u00fanculos, las an\u00e9monas y los muscaris. Aunque eso s\u00ed, m\u00e1s que nunca en esta ocasi\u00f3n estamos ante un claro: <\/span><i><span style=\"font-weight: 400\">para gustos, los colores. <\/span><\/i><\/p>\n","protected":false},"excerpt":{"rendered":"<p>Una estampa realmente maravillosa en esta \u00e9poca del a\u00f1o es el almendro en flor. El fr\u00edo dibujo del invierno desaparece para dar paso a una multitud de colores. En oto\u00f1o ocurre algo similar. Las calles se llenan de tonos naranjas y marrones que alegran la vista. Y es que cada estaci\u00f3n del a\u00f1o tiene sus [&hellip;]<\/p>\n","protected":false},"author":30,"featured_media":859,"comment_status":"open","ping_status":"open","sticky":false,"template":"","format":"standard","meta":{"footnotes":""},"categories":[54,32,34],"tags":[3,58,45,75,5],"class_list":["post-857","post","type-post","status-publish","format-standard","has-post-thumbnail","hentry","category-bodas","category-consejos","category-organizacion","tag-bodas","tag-decoracion","tag-estacion","tag-flores","tag-wedding"],"yoast_head":"<!-- This site is optimized with the Yoast SEO plugin v27.4 - https:\/\/yoast.com\/product\/yoast-seo-wordpress\/ -->\n<title>Flores en tu boda: el\u00edgelas seg\u00fan la estaci\u00f3n del a\u00f1o - \u00a1S\u00ed quiero!<\/title>\n<meta name=\"description\" content=\"\u00bfEn qu\u00e9 estaci\u00f3n del a\u00f1o te casas? Elige las flores de tu boda en funci\u00f3n de cu\u00e1l sea la m\u00e1s propia de cada estaci\u00f3n. Estas son las que m\u00e1s predominan.\" \/>\n<meta name=\"robots\" content=\"index, follow, max-snippet:-1, max-image-preview:large, max-video-preview:-1\" \/>\n<link rel=\"canonical\" href=\"https:\/\/www.cope.es\/blogs\/si-quiero\/2019\/04\/24\/flores-en-tu-boda\/\" \/>\n<meta property=\"og:locale\" content=\"es_ES\" \/>\n<meta property=\"og:type\" content=\"article\" \/>\n<meta property=\"og:title\" content=\"Flores en tu boda: el\u00edgelas seg\u00fan la estaci\u00f3n del a\u00f1o - \u00a1S\u00ed quiero!\" \/>\n<meta property=\"og:description\" content=\"\u00bfEn qu\u00e9 estaci\u00f3n del a\u00f1o te casas? Elige las flores de tu boda en funci\u00f3n de cu\u00e1l sea la m\u00e1s propia de cada estaci\u00f3n. Estas son las que m\u00e1s predominan.\" \/>\n<meta property=\"og:url\" content=\"https:\/\/www.cope.es\/blogs\/si-quiero\/2019\/04\/24\/flores-en-tu-boda\/\" \/>\n<meta property=\"og:site_name\" content=\"\u00a1S\u00ed quiero!\" \/>\n<meta property=\"article:publisher\" content=\"https:\/\/www.facebook.com\/cope\/\" \/>\n<meta property=\"article:published_time\" content=\"2019-04-24T06:35:59+00:00\" \/>\n<meta property=\"og:image\" content=\"https:\/\/www.cope.es\/blogs\/si-quiero\/wp-content\/uploads\/sites\/27\/2019\/04\/@ceciliabayonasBAJAQO3A9719.jpg\" \/>\n\t<meta property=\"og:image:width\" content=\"1200\" \/>\n\t<meta property=\"og:image:height\" content=\"800\" \/>\n\t<meta property=\"og:image:type\" content=\"image\/jpeg\" \/>\n<meta name=\"author\" content=\"Carolina de Toro\" \/>\n<meta name=\"twitter:card\" content=\"summary_large_image\" \/>\n<meta name=\"twitter:creator\" content=\"@cope_es\" \/>\n<meta name=\"twitter:site\" content=\"@cope_es\" \/>\n<meta name=\"twitter:label1\" content=\"Escrito por\" \/>\n\t<meta name=\"twitter:data1\" content=\"Carolina de Toro\" \/>\n\t<meta name=\"twitter:label2\" content=\"Tiempo de lectura\" \/>\n\t<meta name=\"twitter:data2\" content=\"2 minutos\" \/>\n<script type=\"application\/ld+json\" class=\"yoast-schema-graph\">{\"@context\":\"https:\\\/\\\/schema.org\",\"@graph\":[{\"@type\":\"Article\",\"@id\":\"https:\\\/\\\/www.cope.es\\\/blogs\\\/si-quiero\\\/2019\\\/04\\\/24\\\/flores-en-tu-boda\\\/#article\",\"isPartOf\":{\"@id\":\"https:\\\/\\\/www.cope.es\\\/blogs\\\/si-quiero\\\/2019\\\/04\\\/24\\\/flores-en-tu-boda\\\/\"},\"author\":{\"name\":\"Carolina de Toro\",\"@id\":\"https:\\\/\\\/www.cope.es\\\/blogs\\\/si-quiero\\\/#\\\/schema\\\/person\\\/0649b356043ea9077359c30aabe722f6\"},\"headline\":\"Flores en tu boda: el\u00edgelas seg\u00fan la estaci\u00f3n del a\u00f1o\",\"datePublished\":\"2019-04-24T06:35:59+00:00\",\"mainEntityOfPage\":{\"@id\":\"https:\\\/\\\/www.cope.es\\\/blogs\\\/si-quiero\\\/2019\\\/04\\\/24\\\/flores-en-tu-boda\\\/\"},\"wordCount\":441,\"commentCount\":0,\"image\":{\"@id\":\"https:\\\/\\\/www.cope.es\\\/blogs\\\/si-quiero\\\/2019\\\/04\\\/24\\\/flores-en-tu-boda\\\/#primaryimage\"},\"thumbnailUrl\":\"https:\\\/\\\/www.cope.es\\\/blogs\\\/si-quiero\\\/wp-content\\\/uploads\\\/sites\\\/27\\\/2019\\\/04\\\/@ceciliabayonasBAJAQO3A9719.jpg\",\"keywords\":[\"bodas\",\"decoraci\u00f3n\",\"estaci\u00f3n\",\"flores\",\"wedding\"],\"articleSection\":[\"Bodas\",\"Consejos\",\"Organizaci\u00f3n\"],\"inLanguage\":\"es\",\"potentialAction\":[{\"@type\":\"CommentAction\",\"name\":\"Comment\",\"target\":[\"https:\\\/\\\/www.cope.es\\\/blogs\\\/si-quiero\\\/2019\\\/04\\\/24\\\/flores-en-tu-boda\\\/#respond\"]}]},{\"@type\":\"WebPage\",\"@id\":\"https:\\\/\\\/www.cope.es\\\/blogs\\\/si-quiero\\\/2019\\\/04\\\/24\\\/flores-en-tu-boda\\\/\",\"url\":\"https:\\\/\\\/www.cope.es\\\/blogs\\\/si-quiero\\\/2019\\\/04\\\/24\\\/flores-en-tu-boda\\\/\",\"name\":\"Flores en tu boda: el\u00edgelas seg\u00fan la estaci\u00f3n del a\u00f1o - \u00a1S\u00ed quiero!\",\"isPartOf\":{\"@id\":\"https:\\\/\\\/www.cope.es\\\/blogs\\\/si-quiero\\\/#website\"},\"primaryImageOfPage\":{\"@id\":\"https:\\\/\\\/www.cope.es\\\/blogs\\\/si-quiero\\\/2019\\\/04\\\/24\\\/flores-en-tu-boda\\\/#primaryimage\"},\"image\":{\"@id\":\"https:\\\/\\\/www.cope.es\\\/blogs\\\/si-quiero\\\/2019\\\/04\\\/24\\\/flores-en-tu-boda\\\/#primaryimage\"},\"thumbnailUrl\":\"https:\\\/\\\/www.cope.es\\\/blogs\\\/si-quiero\\\/wp-content\\\/uploads\\\/sites\\\/27\\\/2019\\\/04\\\/@ceciliabayonasBAJAQO3A9719.jpg\",\"datePublished\":\"2019-04-24T06:35:59+00:00\",\"author\":{\"@id\":\"https:\\\/\\\/www.cope.es\\\/blogs\\\/si-quiero\\\/#\\\/schema\\\/person\\\/0649b356043ea9077359c30aabe722f6\"},\"description\":\"\u00bfEn qu\u00e9 estaci\u00f3n del a\u00f1o te casas? Elige las flores de tu boda en funci\u00f3n de cu\u00e1l sea la m\u00e1s propia de cada estaci\u00f3n. Estas son las que m\u00e1s predominan.\",\"breadcrumb\":{\"@id\":\"https:\\\/\\\/www.cope.es\\\/blogs\\\/si-quiero\\\/2019\\\/04\\\/24\\\/flores-en-tu-boda\\\/#breadcrumb\"},\"inLanguage\":\"es\",\"potentialAction\":[{\"@type\":\"ReadAction\",\"target\":[\"https:\\\/\\\/www.cope.es\\\/blogs\\\/si-quiero\\\/2019\\\/04\\\/24\\\/flores-en-tu-boda\\\/\"]}]},{\"@type\":\"ImageObject\",\"inLanguage\":\"es\",\"@id\":\"https:\\\/\\\/www.cope.es\\\/blogs\\\/si-quiero\\\/2019\\\/04\\\/24\\\/flores-en-tu-boda\\\/#primaryimage\",\"url\":\"https:\\\/\\\/www.cope.es\\\/blogs\\\/si-quiero\\\/wp-content\\\/uploads\\\/sites\\\/27\\\/2019\\\/04\\\/@ceciliabayonasBAJAQO3A9719.jpg\",\"contentUrl\":\"https:\\\/\\\/www.cope.es\\\/blogs\\\/si-quiero\\\/wp-content\\\/uploads\\\/sites\\\/27\\\/2019\\\/04\\\/@ceciliabayonasBAJAQO3A9719.jpg\",\"width\":1200,\"height\":800},{\"@type\":\"BreadcrumbList\",\"@id\":\"https:\\\/\\\/www.cope.es\\\/blogs\\\/si-quiero\\\/2019\\\/04\\\/24\\\/flores-en-tu-boda\\\/#breadcrumb\",\"itemListElement\":[{\"@type\":\"ListItem\",\"position\":1,\"name\":\"Portada\",\"item\":\"https:\\\/\\\/www.cope.es\\\/blogs\\\/si-quiero\\\/\"},{\"@type\":\"ListItem\",\"position\":2,\"name\":\"Flores en tu boda: el\u00edgelas seg\u00fan la estaci\u00f3n del a\u00f1o\"}]},{\"@type\":\"WebSite\",\"@id\":\"https:\\\/\\\/www.cope.es\\\/blogs\\\/si-quiero\\\/#website\",\"url\":\"https:\\\/\\\/www.cope.es\\\/blogs\\\/si-quiero\\\/\",\"name\":\"\u00a1S\u00ed quiero!\",\"description\":\"Blog sobre bodas en los Blogs de COPE\",\"potentialAction\":[{\"@type\":\"SearchAction\",\"target\":{\"@type\":\"EntryPoint\",\"urlTemplate\":\"https:\\\/\\\/www.cope.es\\\/blogs\\\/si-quiero\\\/?s={search_term_string}\"},\"query-input\":{\"@type\":\"PropertyValueSpecification\",\"valueRequired\":true,\"valueName\":\"search_term_string\"}}],\"inLanguage\":\"es\"},{\"@type\":\"Person\",\"@id\":\"https:\\\/\\\/www.cope.es\\\/blogs\\\/si-quiero\\\/#\\\/schema\\\/person\\\/0649b356043ea9077359c30aabe722f6\",\"name\":\"Carolina de Toro\",\"image\":{\"@type\":\"ImageObject\",\"inLanguage\":\"es\",\"@id\":\"https:\\\/\\\/secure.gravatar.com\\\/avatar\\\/b52e2e663a6dc6189b9e0d82e92c15754986b9d5c7942fcf8812976b23bc57ed?s=96&d=mm&r=g\",\"url\":\"https:\\\/\\\/secure.gravatar.com\\\/avatar\\\/b52e2e663a6dc6189b9e0d82e92c15754986b9d5c7942fcf8812976b23bc57ed?s=96&d=mm&r=g\",\"contentUrl\":\"https:\\\/\\\/secure.gravatar.com\\\/avatar\\\/b52e2e663a6dc6189b9e0d82e92c15754986b9d5c7942fcf8812976b23bc57ed?s=96&d=mm&r=g\",\"caption\":\"Carolina de Toro\"},\"description\":\"\\\"\u00a1Hola! \u00a1Me llamo Carolina! Soy periodista y productora de Mateo&amp;Andrea, el morning de MegaStar FM. Me encanta la m\u00fasica pero tambi\u00e9n el mundo de las bodas. Si te casas, sue\u00f1as con hacerlo o conoces a alguien que va a pasar por el altar dentro de poco, espero que disfrutes con \u00a1S\u00cd QUIERO!\\\"\",\"sameAs\":[\"http:\\\/\\\/www.megastar.fm\"],\"url\":\"https:\\\/\\\/www.cope.es\\\/blogs\\\/si-quiero\\\/author\\\/cdetoro\\\/\"}]}<\/script>\n<!-- \/ Yoast SEO plugin. -->","yoast_head_json":{"title":"Flores en tu boda: el\u00edgelas seg\u00fan la estaci\u00f3n del a\u00f1o - \u00a1S\u00ed quiero!","description":"\u00bfEn qu\u00e9 estaci\u00f3n del a\u00f1o te casas? Elige las flores de tu boda en funci\u00f3n de cu\u00e1l sea la m\u00e1s propia de cada estaci\u00f3n. Estas son las que m\u00e1s predominan.","robots":{"index":"index","follow":"follow","max-snippet":"max-snippet:-1","max-image-preview":"max-image-preview:large","max-video-preview":"max-video-preview:-1"},"canonical":"https:\/\/www.cope.es\/blogs\/si-quiero\/2019\/04\/24\/flores-en-tu-boda\/","og_locale":"es_ES","og_type":"article","og_title":"Flores en tu boda: el\u00edgelas seg\u00fan la estaci\u00f3n del a\u00f1o - \u00a1S\u00ed quiero!","og_description":"\u00bfEn qu\u00e9 estaci\u00f3n del a\u00f1o te casas? Elige las flores de tu boda en funci\u00f3n de cu\u00e1l sea la m\u00e1s propia de cada estaci\u00f3n. Estas son las que m\u00e1s predominan.","og_url":"https:\/\/www.cope.es\/blogs\/si-quiero\/2019\/04\/24\/flores-en-tu-boda\/","og_site_name":"\u00a1S\u00ed quiero!","article_publisher":"https:\/\/www.facebook.com\/cope\/","article_published_time":"2019-04-24T06:35:59+00:00","og_image":[{"width":1200,"height":800,"url":"https:\/\/www.cope.es\/blogs\/si-quiero\/wp-content\/uploads\/sites\/27\/2019\/04\/@ceciliabayonasBAJAQO3A9719.jpg","type":"image\/jpeg"}],"author":"Carolina de Toro","twitter_card":"summary_large_image","twitter_creator":"@cope_es","twitter_site":"@cope_es","twitter_misc":{"Escrito por":"Carolina de Toro","Tiempo de lectura":"2 minutos"},"schema":{"@context":"https:\/\/schema.org","@graph":[{"@type":"Article","@id":"https:\/\/www.cope.es\/blogs\/si-quiero\/2019\/04\/24\/flores-en-tu-boda\/#article","isPartOf":{"@id":"https:\/\/www.cope.es\/blogs\/si-quiero\/2019\/04\/24\/flores-en-tu-boda\/"},"author":{"name":"Carolina de Toro","@id":"https:\/\/www.cope.es\/blogs\/si-quiero\/#\/schema\/person\/0649b356043ea9077359c30aabe722f6"},"headline":"Flores en tu boda: el\u00edgelas seg\u00fan la estaci\u00f3n del a\u00f1o","datePublished":"2019-04-24T06:35:59+00:00","mainEntityOfPage":{"@id":"https:\/\/www.cope.es\/blogs\/si-quiero\/2019\/04\/24\/flores-en-tu-boda\/"},"wordCount":441,"commentCount":0,"image":{"@id":"https:\/\/www.cope.es\/blogs\/si-quiero\/2019\/04\/24\/flores-en-tu-boda\/#primaryimage"},"thumbnailUrl":"https:\/\/www.cope.es\/blogs\/si-quiero\/wp-content\/uploads\/sites\/27\/2019\/04\/@ceciliabayonasBAJAQO3A9719.jpg","keywords":["bodas","decoraci\u00f3n","estaci\u00f3n","flores","wedding"],"articleSection":["Bodas","Consejos","Organizaci\u00f3n"],"inLanguage":"es","potentialAction":[{"@type":"CommentAction","name":"Comment","target":["https:\/\/www.cope.es\/blogs\/si-quiero\/2019\/04\/24\/flores-en-tu-boda\/#respond"]}]},{"@type":"WebPage","@id":"https:\/\/www.cope.es\/blogs\/si-quiero\/2019\/04\/24\/flores-en-tu-boda\/","url":"https:\/\/www.cope.es\/blogs\/si-quiero\/2019\/04\/24\/flores-en-tu-boda\/","name":"Flores en tu boda: el\u00edgelas seg\u00fan la estaci\u00f3n del a\u00f1o - \u00a1S\u00ed quiero!","isPartOf":{"@id":"https:\/\/www.cope.es\/blogs\/si-quiero\/#website"},"primaryImageOfPage":{"@id":"https:\/\/www.cope.es\/blogs\/si-quiero\/2019\/04\/24\/flores-en-tu-boda\/#primaryimage"},"image":{"@id":"https:\/\/www.cope.es\/blogs\/si-quiero\/2019\/04\/24\/flores-en-tu-boda\/#primaryimage"},"thumbnailUrl":"https:\/\/www.cope.es\/blogs\/si-quiero\/wp-content\/uploads\/sites\/27\/2019\/04\/@ceciliabayonasBAJAQO3A9719.jpg","datePublished":"2019-04-24T06:35:59+00:00","author":{"@id":"https:\/\/www.cope.es\/blogs\/si-quiero\/#\/schema\/person\/0649b356043ea9077359c30aabe722f6"},"description":"\u00bfEn qu\u00e9 estaci\u00f3n del a\u00f1o te casas? Elige las flores de tu boda en funci\u00f3n de cu\u00e1l sea la m\u00e1s propia de cada estaci\u00f3n. Estas son las que m\u00e1s predominan.","breadcrumb":{"@id":"https:\/\/www.cope.es\/blogs\/si-quiero\/2019\/04\/24\/flores-en-tu-boda\/#breadcrumb"},"inLanguage":"es","potentialAction":[{"@type":"ReadAction","target":["https:\/\/www.cope.es\/blogs\/si-quiero\/2019\/04\/24\/flores-en-tu-boda\/"]}]},{"@type":"ImageObject","inLanguage":"es","@id":"https:\/\/www.cope.es\/blogs\/si-quiero\/2019\/04\/24\/flores-en-tu-boda\/#primaryimage","url":"https:\/\/www.cope.es\/blogs\/si-quiero\/wp-content\/uploads\/sites\/27\/2019\/04\/@ceciliabayonasBAJAQO3A9719.jpg","contentUrl":"https:\/\/www.cope.es\/blogs\/si-quiero\/wp-content\/uploads\/sites\/27\/2019\/04\/@ceciliabayonasBAJAQO3A9719.jpg","width":1200,"height":800},{"@type":"BreadcrumbList","@id":"https:\/\/www.cope.es\/blogs\/si-quiero\/2019\/04\/24\/flores-en-tu-boda\/#breadcrumb","itemListElement":[{"@type":"ListItem","position":1,"name":"Portada","item":"https:\/\/www.cope.es\/blogs\/si-quiero\/"},{"@type":"ListItem","position":2,"name":"Flores en tu boda: el\u00edgelas seg\u00fan la estaci\u00f3n del a\u00f1o"}]},{"@type":"WebSite","@id":"https:\/\/www.cope.es\/blogs\/si-quiero\/#website","url":"https:\/\/www.cope.es\/blogs\/si-quiero\/","name":"\u00a1S\u00ed quiero!","description":"Blog sobre bodas en los Blogs de COPE","potentialAction":[{"@type":"SearchAction","target":{"@type":"EntryPoint","urlTemplate":"https:\/\/www.cope.es\/blogs\/si-quiero\/?s={search_term_string}"},"query-input":{"@type":"PropertyValueSpecification","valueRequired":true,"valueName":"search_term_string"}}],"inLanguage":"es"},{"@type":"Person","@id":"https:\/\/www.cope.es\/blogs\/si-quiero\/#\/schema\/person\/0649b356043ea9077359c30aabe722f6","name":"Carolina de Toro","image":{"@type":"ImageObject","inLanguage":"es","@id":"https:\/\/secure.gravatar.com\/avatar\/b52e2e663a6dc6189b9e0d82e92c15754986b9d5c7942fcf8812976b23bc57ed?s=96&d=mm&r=g","url":"https:\/\/secure.gravatar.com\/avatar\/b52e2e663a6dc6189b9e0d82e92c15754986b9d5c7942fcf8812976b23bc57ed?s=96&d=mm&r=g","contentUrl":"https:\/\/secure.gravatar.com\/avatar\/b52e2e663a6dc6189b9e0d82e92c15754986b9d5c7942fcf8812976b23bc57ed?s=96&d=mm&r=g","caption":"Carolina de Toro"},"description":"\"\u00a1Hola! \u00a1Me llamo Carolina! Soy periodista y productora de Mateo&amp;Andrea, el morning de MegaStar FM. Me encanta la m\u00fasica pero tambi\u00e9n el mundo de las bodas. Si te casas, sue\u00f1as con hacerlo o conoces a alguien que va a pasar por el altar dentro de poco, espero que disfrutes con \u00a1S\u00cd QUIERO!\"","sameAs":["http:\/\/www.megastar.fm"],"url":"https:\/\/www.cope.es\/blogs\/si-quiero\/author\/cdetoro\/"}]}},"amp_enabled":true,"_links":{"self":[{"href":"https:\/\/www.cope.es\/blogs\/si-quiero\/wp-json\/wp\/v2\/posts\/857","targetHints":{"allow":["GET"]}}],"collection":[{"href":"https:\/\/www.cope.es\/blogs\/si-quiero\/wp-json\/wp\/v2\/posts"}],"about":[{"href":"https:\/\/www.cope.es\/blogs\/si-quiero\/wp-json\/wp\/v2\/types\/post"}],"author":[{"embeddable":true,"href":"https:\/\/www.cope.es\/blogs\/si-quiero\/wp-json\/wp\/v2\/users\/30"}],"replies":[{"embeddable":true,"href":"https:\/\/www.cope.es\/blogs\/si-quiero\/wp-json\/wp\/v2\/comments?post=857"}],"version-history":[{"count":2,"href":"https:\/\/www.cope.es\/blogs\/si-quiero\/wp-json\/wp\/v2\/posts\/857\/revisions"}],"predecessor-version":[{"id":873,"href":"https:\/\/www.cope.es\/blogs\/si-quiero\/wp-json\/wp\/v2\/posts\/857\/revisions\/873"}],"wp:featuredmedia":[{"embeddable":true,"href":"https:\/\/www.cope.es\/blogs\/si-quiero\/wp-json\/wp\/v2\/media\/859"}],"wp:attachment":[{"href":"https:\/\/www.cope.es\/blogs\/si-quiero\/wp-json\/wp\/v2\/media?parent=857"}],"wp:term":[{"taxonomy":"category","embeddable":true,"href":"https:\/\/www.cope.es\/blogs\/si-quiero\/wp-json\/wp\/v2\/categories?post=857"},{"taxonomy":"post_tag","embeddable":true,"href":"https:\/\/www.cope.es\/blogs\/si-quiero\/wp-json\/wp\/v2\/tags?post=857"}],"curies":[{"name":"wp","href":"https:\/\/api.w.org\/{rel}","templated":true}]}}