{"id":1258,"date":"2019-11-19T13:19:01","date_gmt":"2019-11-19T12:19:01","guid":{"rendered":"http:\/\/www.cope.es\/blogs\/si-quiero\/?p=1258"},"modified":"2019-11-19T13:19:01","modified_gmt":"2019-11-19T12:19:01","slug":"moviles-enemigo-de-los-fotografos","status":"publish","type":"post","link":"https:\/\/www.cope.es\/blogs\/si-quiero\/2019\/11\/19\/moviles-enemigo-de-los-fotografos\/","title":{"rendered":"Los m\u00f3viles, el mayor enemigo de los fot\u00f3grafos de bodas"},"content":{"rendered":"<p><span style=\"font-weight: 400\">Los <strong>m\u00f3viles<\/strong> nos han transformado la vida. Ya no sabemos salir de casa sin ellos. Nos lo solucionan todo y han cambiado nuestro modo de vida. Y si antes hac\u00edamos las fotos con una c\u00e1mara, el m\u00f3vil ahora ha ganado terreno. Y hasta calidad porque los fabricantes van sacando nuevos modelos que superan los anteriores. Lo que provoca que pr\u00e1cticamente todo el mundo capte sus instant\u00e1neas con este dispositivo. Que nos gusta un paisaje, sacamos el m\u00f3vil. Si estamos posturetas, nos hacemos un selfie. Que estamos en un concierto, grabamos con el m\u00f3vil. Que estamos en una boda y nos puede la emoci\u00f3n: m\u00f3vil, m\u00e1s m\u00f3vil y otra vez fotos con el m\u00f3vil.\u00a0<\/span><\/p>\n<p><span style=\"font-weight: 400\">Hasta aqu\u00ed todo bien. Querer guardar estos recuerdos en nuestra mente y en la memoria de nuestro tel\u00e9fono est\u00e1 fenomenal. Sin embargo, a veces, estamos tan inmersos en nuestro af\u00e1n por hacer fotos que es dif\u00edcil caer en la cuenta de que podemos fastidiar el trabajo de alguien \u00bfQue de qui\u00e9n? <a href=\"http:\/\/www.cope.es\/blogs\/si-quiero\/2019\/06\/13\/las-fotos-de-vuestra-boda\/\" target=\"_blank\">El trabajo de los fot\u00f3grafos que los novios han contratado para su boda<\/a>. Una gran cantidad de dinero que los novios pagan para que las fotos que les hagan sean las m\u00e1s bonitas del mundo.<\/span><\/p>\n<h4><span style=\"font-weight: 400\"><img loading=\"lazy\" decoding=\"async\" width=\"1024\" height=\"735\" class=\"size-large wp-image-1263 aligncenter\" src=\"http:\/\/www.cope.es\/blogs\/si-quiero\/wp-content\/uploads\/sites\/27\/2019\/11\/wedding-3050909_1920-1024x735.jpg\" alt=\"\" srcset=\"https:\/\/www.cope.es\/blogs\/si-quiero\/wp-content\/uploads\/sites\/27\/2019\/11\/wedding-3050909_1920-1024x735.jpg 1024w, https:\/\/www.cope.es\/blogs\/si-quiero\/wp-content\/uploads\/sites\/27\/2019\/11\/wedding-3050909_1920-300x215.jpg 300w, https:\/\/www.cope.es\/blogs\/si-quiero\/wp-content\/uploads\/sites\/27\/2019\/11\/wedding-3050909_1920-768x552.jpg 768w, https:\/\/www.cope.es\/blogs\/si-quiero\/wp-content\/uploads\/sites\/27\/2019\/11\/wedding-3050909_1920.jpg 1920w\" sizes=\"auto, (max-width: 1024px) 100vw, 1024px\" \/><\/span><\/h4>\n<h4>Pensar en los dem\u00e1s es la clave<\/h4>\n<p><span style=\"font-weight: 400\">\u201cLos m\u00f3viles son una peque\u00f1a maldici\u00f3n del tiempo en el que vivimos\u201d afirman con contundencia desde<a href=\"https:\/\/www.livenph.com\/\" target=\"_blank\"> Liven Photography<\/a>. Enrique \u00c1lvarez &#8211; Sala es CEO de esta empresa de fotograf\u00eda y explica que los m\u00f3viles ayudan a que todo el mundo tenga m\u00e1s instant\u00e1neas. Sin embargo, \u201cel problema est\u00e1 cuando intentan hacer la misma foto que el fot\u00f3grafo\u201d. Ah\u00ed es cuando se estropean.. \u201cMucha gente se olvida de que hay profesionales contratados para inmortalizar ese momento &#8211; cuenta Enrique &#8211; y se ponen en medio, detr\u00e1s de la pantalla\u201d.\u00a0<\/span><\/p>\n<p><span style=\"font-weight: 400\">Y ya no es que los invitados se cuelen delante de los objetivos, sino que tambi\u00e9n esto ralentiza el trabajo de los fot\u00f3grafos. En especial, cuando hacen fotos en grupo. Si durante ese momento, los invitados tambi\u00e9n sacan su m\u00f3vil \u201cse traduce en que los novios se pierden su c\u00f3ctel\u201d, declara el CEO de Liven Photography.<\/span><\/p>\n<p><img loading=\"lazy\" decoding=\"async\" width=\"1024\" height=\"683\" class=\"aligncenter size-large wp-image-1267\" src=\"http:\/\/www.cope.es\/blogs\/si-quiero\/wp-content\/uploads\/sites\/27\/2019\/11\/bride-and-groom-952451_1920-1024x683.jpg\" alt=\"\" srcset=\"https:\/\/www.cope.es\/blogs\/si-quiero\/wp-content\/uploads\/sites\/27\/2019\/11\/bride-and-groom-952451_1920-1024x683.jpg 1024w, https:\/\/www.cope.es\/blogs\/si-quiero\/wp-content\/uploads\/sites\/27\/2019\/11\/bride-and-groom-952451_1920-300x200.jpg 300w, https:\/\/www.cope.es\/blogs\/si-quiero\/wp-content\/uploads\/sites\/27\/2019\/11\/bride-and-groom-952451_1920-768x512.jpg 768w, https:\/\/www.cope.es\/blogs\/si-quiero\/wp-content\/uploads\/sites\/27\/2019\/11\/bride-and-groom-952451_1920-408x272.jpg 408w, https:\/\/www.cope.es\/blogs\/si-quiero\/wp-content\/uploads\/sites\/27\/2019\/11\/bride-and-groom-952451_1920.jpg 1920w\" sizes=\"auto, (max-width: 1024px) 100vw, 1024px\" \/><\/p>\n<h4><b>El momento Iglesia, el que m\u00e1s se estropea<\/b><\/h4>\n<p><span style=\"font-weight: 400\">Pero si existiera un r\u00e1nking con las situaciones que m\u00e1s se estropean por culpa de los m\u00f3viles, estar\u00eda liderado por \u201cla entrada o salida de los novios de la Iglesia\u201d. Enrique se\u00f1ala que \u201ces donde, lamentablemente, m\u00e1s ocurre\u201d. Otro momento en el que m\u00e1s molesta el tel\u00e9fono es el del baile nupcial. Tal y como cuentan desde Liven, \u201cla gente graba activando la interna del m\u00f3vil tambi\u00e9n y eso puede interferir en la foto\u201d.<\/span><\/p>\n<p><span style=\"font-weight: 400\">Todo esto no quiere decir que se est\u00e9 totalmente en contra de los m\u00f3viles en las bodas. Pero s\u00ed, que se trate de pensar en el trabajo que hacen los dem\u00e1s. En Liven Photography \u201cest\u00e1n a favor de un uso moderado. Creo que los invitados &#8211; contin\u00faa Enrique &#8211; <\/span><span style=\"font-weight: 400\">deber\u00edan usar el m\u00f3vil para hacerse fotos a s\u00ed mismos. O sino en momentos donde no est\u00e9 el fot\u00f3grafo profesional presente\u201d.<\/span><\/p>\n<h4><b>Bodas sin m\u00f3viles, todo un reto<\/b><\/h4>\n<p><span style=\"font-weight: 400\">Lo m\u00e1s dif\u00edcil es despegar a alguien de su tel\u00e9fono m\u00f3vil. Pero hay quien lo ha logrado. Seg\u00fan cuentan desde Liven, han tenido bodas en las que los novios han prohibido el uso de los m\u00f3viles. Y te lo creas o no, \u201clos invitados &#8211; dice Enrique &#8211; disfrutaron much\u00edsimo m\u00e1s que en otras bodas que hemos hecho\u201d. Es cuesti\u00f3n de sumarse a esta acci\u00f3n. Sabiendo, adem\u00e1s, que por que no saques tu tel\u00e9fono m\u00f3vil no va a pasar nada. Va a haber fot\u00f3grafos expertos de sobra que no van a dejar escapar ning\u00fan detalle de ese d\u00eda. Y, todo adem\u00e1s, con una calidad mayor.\u00a0<\/span><\/p>\n","protected":false},"excerpt":{"rendered":"<p>Los m\u00f3viles nos han transformado la vida. Ya no sabemos salir de casa sin ellos. Nos lo solucionan todo y han cambiado nuestro modo de vida. Y si antes hac\u00edamos las fotos con una c\u00e1mara, el m\u00f3vil ahora ha ganado terreno. Y hasta calidad porque los fabricantes van sacando nuevos modelos que superan los anteriores. [&hellip;]<\/p>\n","protected":false},"author":30,"featured_media":1262,"comment_status":"open","ping_status":"open","sticky":false,"template":"","format":"standard","meta":{"footnotes":""},"categories":[54,32,81,10,7],"tags":[3,82,53],"class_list":["post-1258","post","type-post","status-publish","format-standard","has-post-thumbnail","hentry","category-bodas","category-consejos","category-fotografia","category-iglesias","category-invitados","tag-bodas","tag-fotografia","tag-weddings"],"yoast_head":"<!-- This site is optimized with the Yoast SEO plugin v27.4 - https:\/\/yoast.com\/product\/yoast-seo-wordpress\/ -->\n<title>Los m\u00f3viles, el mayor enemigo de los fot\u00f3grafos de bodas - \u00a1S\u00ed quiero!<\/title>\n<meta name=\"description\" content=\"No hay momento de la vida en el que la gente no saque los m\u00f3viles para hacer fotos. Pero en una boda puedes estropear el trabajo de los fot\u00f3grafos.\" \/>\n<meta name=\"robots\" content=\"index, follow, max-snippet:-1, max-image-preview:large, max-video-preview:-1\" \/>\n<link rel=\"canonical\" href=\"https:\/\/www.cope.es\/blogs\/si-quiero\/2019\/11\/19\/moviles-enemigo-de-los-fotografos\/\" \/>\n<meta property=\"og:locale\" content=\"es_ES\" \/>\n<meta property=\"og:type\" content=\"article\" \/>\n<meta property=\"og:title\" content=\"Los m\u00f3viles, el mayor enemigo de los fot\u00f3grafos de bodas - \u00a1S\u00ed quiero!\" \/>\n<meta property=\"og:description\" content=\"No hay momento de la vida en el que la gente no saque los m\u00f3viles para hacer fotos. Pero en una boda puedes estropear el trabajo de los fot\u00f3grafos.\" \/>\n<meta property=\"og:url\" content=\"https:\/\/www.cope.es\/blogs\/si-quiero\/2019\/11\/19\/moviles-enemigo-de-los-fotografos\/\" \/>\n<meta property=\"og:site_name\" content=\"\u00a1S\u00ed quiero!\" \/>\n<meta property=\"article:publisher\" content=\"https:\/\/www.facebook.com\/cope\/\" \/>\n<meta property=\"article:published_time\" content=\"2019-11-19T12:19:01+00:00\" \/>\n<meta property=\"og:image\" content=\"https:\/\/www.cope.es\/blogs\/si-quiero\/wp-content\/uploads\/sites\/27\/2019\/11\/wedding-ceremony-2426163_1920.jpg\" \/>\n\t<meta property=\"og:image:width\" content=\"1920\" \/>\n\t<meta property=\"og:image:height\" content=\"1280\" \/>\n\t<meta property=\"og:image:type\" content=\"image\/jpeg\" \/>\n<meta name=\"author\" content=\"Carolina de Toro\" \/>\n<meta name=\"twitter:card\" content=\"summary_large_image\" \/>\n<meta name=\"twitter:creator\" content=\"@cope_es\" \/>\n<meta name=\"twitter:site\" content=\"@cope_es\" \/>\n<meta name=\"twitter:label1\" content=\"Escrito por\" \/>\n\t<meta name=\"twitter:data1\" content=\"Carolina de Toro\" \/>\n\t<meta name=\"twitter:label2\" content=\"Tiempo de lectura\" \/>\n\t<meta name=\"twitter:data2\" content=\"3 minutos\" \/>\n<script type=\"application\/ld+json\" class=\"yoast-schema-graph\">{\"@context\":\"https:\\\/\\\/schema.org\",\"@graph\":[{\"@type\":\"Article\",\"@id\":\"https:\\\/\\\/www.cope.es\\\/blogs\\\/si-quiero\\\/2019\\\/11\\\/19\\\/moviles-enemigo-de-los-fotografos\\\/#article\",\"isPartOf\":{\"@id\":\"https:\\\/\\\/www.cope.es\\\/blogs\\\/si-quiero\\\/2019\\\/11\\\/19\\\/moviles-enemigo-de-los-fotografos\\\/\"},\"author\":{\"name\":\"Carolina de Toro\",\"@id\":\"https:\\\/\\\/www.cope.es\\\/blogs\\\/si-quiero\\\/#\\\/schema\\\/person\\\/0649b356043ea9077359c30aabe722f6\"},\"headline\":\"Los m\u00f3viles, el mayor enemigo de los fot\u00f3grafos de bodas\",\"datePublished\":\"2019-11-19T12:19:01+00:00\",\"mainEntityOfPage\":{\"@id\":\"https:\\\/\\\/www.cope.es\\\/blogs\\\/si-quiero\\\/2019\\\/11\\\/19\\\/moviles-enemigo-de-los-fotografos\\\/\"},\"wordCount\":695,\"commentCount\":0,\"image\":{\"@id\":\"https:\\\/\\\/www.cope.es\\\/blogs\\\/si-quiero\\\/2019\\\/11\\\/19\\\/moviles-enemigo-de-los-fotografos\\\/#primaryimage\"},\"thumbnailUrl\":\"https:\\\/\\\/www.cope.es\\\/blogs\\\/si-quiero\\\/wp-content\\\/uploads\\\/sites\\\/27\\\/2019\\\/11\\\/wedding-ceremony-2426163_1920.jpg\",\"keywords\":[\"bodas\",\"fotograf\u00eda\",\"weddings\"],\"articleSection\":[\"Bodas\",\"Consejos\",\"Fotograf\u00eda\",\"Iglesias\",\"Invitados\"],\"inLanguage\":\"es\",\"potentialAction\":[{\"@type\":\"CommentAction\",\"name\":\"Comment\",\"target\":[\"https:\\\/\\\/www.cope.es\\\/blogs\\\/si-quiero\\\/2019\\\/11\\\/19\\\/moviles-enemigo-de-los-fotografos\\\/#respond\"]}]},{\"@type\":\"WebPage\",\"@id\":\"https:\\\/\\\/www.cope.es\\\/blogs\\\/si-quiero\\\/2019\\\/11\\\/19\\\/moviles-enemigo-de-los-fotografos\\\/\",\"url\":\"https:\\\/\\\/www.cope.es\\\/blogs\\\/si-quiero\\\/2019\\\/11\\\/19\\\/moviles-enemigo-de-los-fotografos\\\/\",\"name\":\"Los m\u00f3viles, el mayor enemigo de los fot\u00f3grafos de bodas - \u00a1S\u00ed quiero!\",\"isPartOf\":{\"@id\":\"https:\\\/\\\/www.cope.es\\\/blogs\\\/si-quiero\\\/#website\"},\"primaryImageOfPage\":{\"@id\":\"https:\\\/\\\/www.cope.es\\\/blogs\\\/si-quiero\\\/2019\\\/11\\\/19\\\/moviles-enemigo-de-los-fotografos\\\/#primaryimage\"},\"image\":{\"@id\":\"https:\\\/\\\/www.cope.es\\\/blogs\\\/si-quiero\\\/2019\\\/11\\\/19\\\/moviles-enemigo-de-los-fotografos\\\/#primaryimage\"},\"thumbnailUrl\":\"https:\\\/\\\/www.cope.es\\\/blogs\\\/si-quiero\\\/wp-content\\\/uploads\\\/sites\\\/27\\\/2019\\\/11\\\/wedding-ceremony-2426163_1920.jpg\",\"datePublished\":\"2019-11-19T12:19:01+00:00\",\"author\":{\"@id\":\"https:\\\/\\\/www.cope.es\\\/blogs\\\/si-quiero\\\/#\\\/schema\\\/person\\\/0649b356043ea9077359c30aabe722f6\"},\"description\":\"No hay momento de la vida en el que la gente no saque los m\u00f3viles para hacer fotos. Pero en una boda puedes estropear el trabajo de los fot\u00f3grafos.\",\"breadcrumb\":{\"@id\":\"https:\\\/\\\/www.cope.es\\\/blogs\\\/si-quiero\\\/2019\\\/11\\\/19\\\/moviles-enemigo-de-los-fotografos\\\/#breadcrumb\"},\"inLanguage\":\"es\",\"potentialAction\":[{\"@type\":\"ReadAction\",\"target\":[\"https:\\\/\\\/www.cope.es\\\/blogs\\\/si-quiero\\\/2019\\\/11\\\/19\\\/moviles-enemigo-de-los-fotografos\\\/\"]}]},{\"@type\":\"ImageObject\",\"inLanguage\":\"es\",\"@id\":\"https:\\\/\\\/www.cope.es\\\/blogs\\\/si-quiero\\\/2019\\\/11\\\/19\\\/moviles-enemigo-de-los-fotografos\\\/#primaryimage\",\"url\":\"https:\\\/\\\/www.cope.es\\\/blogs\\\/si-quiero\\\/wp-content\\\/uploads\\\/sites\\\/27\\\/2019\\\/11\\\/wedding-ceremony-2426163_1920.jpg\",\"contentUrl\":\"https:\\\/\\\/www.cope.es\\\/blogs\\\/si-quiero\\\/wp-content\\\/uploads\\\/sites\\\/27\\\/2019\\\/11\\\/wedding-ceremony-2426163_1920.jpg\",\"width\":1920,\"height\":1280},{\"@type\":\"BreadcrumbList\",\"@id\":\"https:\\\/\\\/www.cope.es\\\/blogs\\\/si-quiero\\\/2019\\\/11\\\/19\\\/moviles-enemigo-de-los-fotografos\\\/#breadcrumb\",\"itemListElement\":[{\"@type\":\"ListItem\",\"position\":1,\"name\":\"Portada\",\"item\":\"https:\\\/\\\/www.cope.es\\\/blogs\\\/si-quiero\\\/\"},{\"@type\":\"ListItem\",\"position\":2,\"name\":\"Los m\u00f3viles, el mayor enemigo de los fot\u00f3grafos de bodas\"}]},{\"@type\":\"WebSite\",\"@id\":\"https:\\\/\\\/www.cope.es\\\/blogs\\\/si-quiero\\\/#website\",\"url\":\"https:\\\/\\\/www.cope.es\\\/blogs\\\/si-quiero\\\/\",\"name\":\"\u00a1S\u00ed quiero!\",\"description\":\"Blog sobre bodas en los Blogs de COPE\",\"potentialAction\":[{\"@type\":\"SearchAction\",\"target\":{\"@type\":\"EntryPoint\",\"urlTemplate\":\"https:\\\/\\\/www.cope.es\\\/blogs\\\/si-quiero\\\/?s={search_term_string}\"},\"query-input\":{\"@type\":\"PropertyValueSpecification\",\"valueRequired\":true,\"valueName\":\"search_term_string\"}}],\"inLanguage\":\"es\"},{\"@type\":\"Person\",\"@id\":\"https:\\\/\\\/www.cope.es\\\/blogs\\\/si-quiero\\\/#\\\/schema\\\/person\\\/0649b356043ea9077359c30aabe722f6\",\"name\":\"Carolina de Toro\",\"image\":{\"@type\":\"ImageObject\",\"inLanguage\":\"es\",\"@id\":\"https:\\\/\\\/secure.gravatar.com\\\/avatar\\\/b52e2e663a6dc6189b9e0d82e92c15754986b9d5c7942fcf8812976b23bc57ed?s=96&d=mm&r=g\",\"url\":\"https:\\\/\\\/secure.gravatar.com\\\/avatar\\\/b52e2e663a6dc6189b9e0d82e92c15754986b9d5c7942fcf8812976b23bc57ed?s=96&d=mm&r=g\",\"contentUrl\":\"https:\\\/\\\/secure.gravatar.com\\\/avatar\\\/b52e2e663a6dc6189b9e0d82e92c15754986b9d5c7942fcf8812976b23bc57ed?s=96&d=mm&r=g\",\"caption\":\"Carolina de Toro\"},\"description\":\"\\\"\u00a1Hola! \u00a1Me llamo Carolina! Soy periodista y productora de Mateo&amp;Andrea, el morning de MegaStar FM. Me encanta la m\u00fasica pero tambi\u00e9n el mundo de las bodas. Si te casas, sue\u00f1as con hacerlo o conoces a alguien que va a pasar por el altar dentro de poco, espero que disfrutes con \u00a1S\u00cd QUIERO!\\\"\",\"sameAs\":[\"http:\\\/\\\/www.megastar.fm\"],\"url\":\"https:\\\/\\\/www.cope.es\\\/blogs\\\/si-quiero\\\/author\\\/cdetoro\\\/\"}]}<\/script>\n<!-- \/ Yoast SEO plugin. -->","yoast_head_json":{"title":"Los m\u00f3viles, el mayor enemigo de los fot\u00f3grafos de bodas - \u00a1S\u00ed quiero!","description":"No hay momento de la vida en el que la gente no saque los m\u00f3viles para hacer fotos. Pero en una boda puedes estropear el trabajo de los fot\u00f3grafos.","robots":{"index":"index","follow":"follow","max-snippet":"max-snippet:-1","max-image-preview":"max-image-preview:large","max-video-preview":"max-video-preview:-1"},"canonical":"https:\/\/www.cope.es\/blogs\/si-quiero\/2019\/11\/19\/moviles-enemigo-de-los-fotografos\/","og_locale":"es_ES","og_type":"article","og_title":"Los m\u00f3viles, el mayor enemigo de los fot\u00f3grafos de bodas - \u00a1S\u00ed quiero!","og_description":"No hay momento de la vida en el que la gente no saque los m\u00f3viles para hacer fotos. Pero en una boda puedes estropear el trabajo de los fot\u00f3grafos.","og_url":"https:\/\/www.cope.es\/blogs\/si-quiero\/2019\/11\/19\/moviles-enemigo-de-los-fotografos\/","og_site_name":"\u00a1S\u00ed quiero!","article_publisher":"https:\/\/www.facebook.com\/cope\/","article_published_time":"2019-11-19T12:19:01+00:00","og_image":[{"width":1920,"height":1280,"url":"https:\/\/www.cope.es\/blogs\/si-quiero\/wp-content\/uploads\/sites\/27\/2019\/11\/wedding-ceremony-2426163_1920.jpg","type":"image\/jpeg"}],"author":"Carolina de Toro","twitter_card":"summary_large_image","twitter_creator":"@cope_es","twitter_site":"@cope_es","twitter_misc":{"Escrito por":"Carolina de Toro","Tiempo de lectura":"3 minutos"},"schema":{"@context":"https:\/\/schema.org","@graph":[{"@type":"Article","@id":"https:\/\/www.cope.es\/blogs\/si-quiero\/2019\/11\/19\/moviles-enemigo-de-los-fotografos\/#article","isPartOf":{"@id":"https:\/\/www.cope.es\/blogs\/si-quiero\/2019\/11\/19\/moviles-enemigo-de-los-fotografos\/"},"author":{"name":"Carolina de Toro","@id":"https:\/\/www.cope.es\/blogs\/si-quiero\/#\/schema\/person\/0649b356043ea9077359c30aabe722f6"},"headline":"Los m\u00f3viles, el mayor enemigo de los fot\u00f3grafos de bodas","datePublished":"2019-11-19T12:19:01+00:00","mainEntityOfPage":{"@id":"https:\/\/www.cope.es\/blogs\/si-quiero\/2019\/11\/19\/moviles-enemigo-de-los-fotografos\/"},"wordCount":695,"commentCount":0,"image":{"@id":"https:\/\/www.cope.es\/blogs\/si-quiero\/2019\/11\/19\/moviles-enemigo-de-los-fotografos\/#primaryimage"},"thumbnailUrl":"https:\/\/www.cope.es\/blogs\/si-quiero\/wp-content\/uploads\/sites\/27\/2019\/11\/wedding-ceremony-2426163_1920.jpg","keywords":["bodas","fotograf\u00eda","weddings"],"articleSection":["Bodas","Consejos","Fotograf\u00eda","Iglesias","Invitados"],"inLanguage":"es","potentialAction":[{"@type":"CommentAction","name":"Comment","target":["https:\/\/www.cope.es\/blogs\/si-quiero\/2019\/11\/19\/moviles-enemigo-de-los-fotografos\/#respond"]}]},{"@type":"WebPage","@id":"https:\/\/www.cope.es\/blogs\/si-quiero\/2019\/11\/19\/moviles-enemigo-de-los-fotografos\/","url":"https:\/\/www.cope.es\/blogs\/si-quiero\/2019\/11\/19\/moviles-enemigo-de-los-fotografos\/","name":"Los m\u00f3viles, el mayor enemigo de los fot\u00f3grafos de bodas - \u00a1S\u00ed quiero!","isPartOf":{"@id":"https:\/\/www.cope.es\/blogs\/si-quiero\/#website"},"primaryImageOfPage":{"@id":"https:\/\/www.cope.es\/blogs\/si-quiero\/2019\/11\/19\/moviles-enemigo-de-los-fotografos\/#primaryimage"},"image":{"@id":"https:\/\/www.cope.es\/blogs\/si-quiero\/2019\/11\/19\/moviles-enemigo-de-los-fotografos\/#primaryimage"},"thumbnailUrl":"https:\/\/www.cope.es\/blogs\/si-quiero\/wp-content\/uploads\/sites\/27\/2019\/11\/wedding-ceremony-2426163_1920.jpg","datePublished":"2019-11-19T12:19:01+00:00","author":{"@id":"https:\/\/www.cope.es\/blogs\/si-quiero\/#\/schema\/person\/0649b356043ea9077359c30aabe722f6"},"description":"No hay momento de la vida en el que la gente no saque los m\u00f3viles para hacer fotos. Pero en una boda puedes estropear el trabajo de los fot\u00f3grafos.","breadcrumb":{"@id":"https:\/\/www.cope.es\/blogs\/si-quiero\/2019\/11\/19\/moviles-enemigo-de-los-fotografos\/#breadcrumb"},"inLanguage":"es","potentialAction":[{"@type":"ReadAction","target":["https:\/\/www.cope.es\/blogs\/si-quiero\/2019\/11\/19\/moviles-enemigo-de-los-fotografos\/"]}]},{"@type":"ImageObject","inLanguage":"es","@id":"https:\/\/www.cope.es\/blogs\/si-quiero\/2019\/11\/19\/moviles-enemigo-de-los-fotografos\/#primaryimage","url":"https:\/\/www.cope.es\/blogs\/si-quiero\/wp-content\/uploads\/sites\/27\/2019\/11\/wedding-ceremony-2426163_1920.jpg","contentUrl":"https:\/\/www.cope.es\/blogs\/si-quiero\/wp-content\/uploads\/sites\/27\/2019\/11\/wedding-ceremony-2426163_1920.jpg","width":1920,"height":1280},{"@type":"BreadcrumbList","@id":"https:\/\/www.cope.es\/blogs\/si-quiero\/2019\/11\/19\/moviles-enemigo-de-los-fotografos\/#breadcrumb","itemListElement":[{"@type":"ListItem","position":1,"name":"Portada","item":"https:\/\/www.cope.es\/blogs\/si-quiero\/"},{"@type":"ListItem","position":2,"name":"Los m\u00f3viles, el mayor enemigo de los fot\u00f3grafos de bodas"}]},{"@type":"WebSite","@id":"https:\/\/www.cope.es\/blogs\/si-quiero\/#website","url":"https:\/\/www.cope.es\/blogs\/si-quiero\/","name":"\u00a1S\u00ed quiero!","description":"Blog sobre bodas en los Blogs de COPE","potentialAction":[{"@type":"SearchAction","target":{"@type":"EntryPoint","urlTemplate":"https:\/\/www.cope.es\/blogs\/si-quiero\/?s={search_term_string}"},"query-input":{"@type":"PropertyValueSpecification","valueRequired":true,"valueName":"search_term_string"}}],"inLanguage":"es"},{"@type":"Person","@id":"https:\/\/www.cope.es\/blogs\/si-quiero\/#\/schema\/person\/0649b356043ea9077359c30aabe722f6","name":"Carolina de Toro","image":{"@type":"ImageObject","inLanguage":"es","@id":"https:\/\/secure.gravatar.com\/avatar\/b52e2e663a6dc6189b9e0d82e92c15754986b9d5c7942fcf8812976b23bc57ed?s=96&d=mm&r=g","url":"https:\/\/secure.gravatar.com\/avatar\/b52e2e663a6dc6189b9e0d82e92c15754986b9d5c7942fcf8812976b23bc57ed?s=96&d=mm&r=g","contentUrl":"https:\/\/secure.gravatar.com\/avatar\/b52e2e663a6dc6189b9e0d82e92c15754986b9d5c7942fcf8812976b23bc57ed?s=96&d=mm&r=g","caption":"Carolina de Toro"},"description":"\"\u00a1Hola! \u00a1Me llamo Carolina! Soy periodista y productora de Mateo&amp;Andrea, el morning de MegaStar FM. Me encanta la m\u00fasica pero tambi\u00e9n el mundo de las bodas. Si te casas, sue\u00f1as con hacerlo o conoces a alguien que va a pasar por el altar dentro de poco, espero que disfrutes con \u00a1S\u00cd QUIERO!\"","sameAs":["http:\/\/www.megastar.fm"],"url":"https:\/\/www.cope.es\/blogs\/si-quiero\/author\/cdetoro\/"}]}},"amp_enabled":true,"_links":{"self":[{"href":"https:\/\/www.cope.es\/blogs\/si-quiero\/wp-json\/wp\/v2\/posts\/1258","targetHints":{"allow":["GET"]}}],"collection":[{"href":"https:\/\/www.cope.es\/blogs\/si-quiero\/wp-json\/wp\/v2\/posts"}],"about":[{"href":"https:\/\/www.cope.es\/blogs\/si-quiero\/wp-json\/wp\/v2\/types\/post"}],"author":[{"embeddable":true,"href":"https:\/\/www.cope.es\/blogs\/si-quiero\/wp-json\/wp\/v2\/users\/30"}],"replies":[{"embeddable":true,"href":"https:\/\/www.cope.es\/blogs\/si-quiero\/wp-json\/wp\/v2\/comments?post=1258"}],"version-history":[{"count":2,"href":"https:\/\/www.cope.es\/blogs\/si-quiero\/wp-json\/wp\/v2\/posts\/1258\/revisions"}],"predecessor-version":[{"id":1272,"href":"https:\/\/www.cope.es\/blogs\/si-quiero\/wp-json\/wp\/v2\/posts\/1258\/revisions\/1272"}],"wp:featuredmedia":[{"embeddable":true,"href":"https:\/\/www.cope.es\/blogs\/si-quiero\/wp-json\/wp\/v2\/media\/1262"}],"wp:attachment":[{"href":"https:\/\/www.cope.es\/blogs\/si-quiero\/wp-json\/wp\/v2\/media?parent=1258"}],"wp:term":[{"taxonomy":"category","embeddable":true,"href":"https:\/\/www.cope.es\/blogs\/si-quiero\/wp-json\/wp\/v2\/categories?post=1258"},{"taxonomy":"post_tag","embeddable":true,"href":"https:\/\/www.cope.es\/blogs\/si-quiero\/wp-json\/wp\/v2\/tags?post=1258"}],"curies":[{"name":"wp","href":"https:\/\/api.w.org\/{rel}","templated":true}]}}