{"id":2379,"date":"2024-12-02T18:11:35","date_gmt":"2024-12-02T17:11:35","guid":{"rendered":"http:\/\/www.cope.es\/blogs\/saboreando\/?p=2379"},"modified":"2024-12-02T18:11:35","modified_gmt":"2024-12-02T17:11:35","slug":"aceite-de-oliva-virgen-extra-01-del-restaurante-terraza-carmna-de-vera","status":"publish","type":"post","link":"https:\/\/www.cope.es\/blogs\/saboreando\/2024\/12\/02\/aceite-de-oliva-virgen-extra-01-del-restaurante-terraza-carmna-de-vera\/","title":{"rendered":"ACEITE DE OLIVA VIRGEN EXTRA 0,1 DEL RESTAURANTE TERRAZA CARMNA, DE VERA"},"content":{"rendered":"<p style=\"text-align: left\"><img loading=\"lazy\" decoding=\"async\" width=\"169\" height=\"300\" class=\"wp-image-2381 size-medium aligncenter\" src=\"http:\/\/www.cope.es\/blogs\/saboreando\/wp-content\/uploads\/sites\/4\/2024\/12\/Imagen-de-WhatsApp-2024-12-02-a-las-18.03.55_c6b70a28-169x300.jpg\" alt=\"\" srcset=\"https:\/\/www.cope.es\/blogs\/saboreando\/wp-content\/uploads\/sites\/4\/2024\/12\/Imagen-de-WhatsApp-2024-12-02-a-las-18.03.55_c6b70a28-169x300.jpg 169w, https:\/\/www.cope.es\/blogs\/saboreando\/wp-content\/uploads\/sites\/4\/2024\/12\/Imagen-de-WhatsApp-2024-12-02-a-las-18.03.55_c6b70a28-575x1024.jpg 575w, https:\/\/www.cope.es\/blogs\/saboreando\/wp-content\/uploads\/sites\/4\/2024\/12\/Imagen-de-WhatsApp-2024-12-02-a-las-18.03.55_c6b70a28-768x1367.jpg 768w, https:\/\/www.cope.es\/blogs\/saboreando\/wp-content\/uploads\/sites\/4\/2024\/12\/Imagen-de-WhatsApp-2024-12-02-a-las-18.03.55_c6b70a28-863x1536.jpg 863w, https:\/\/www.cope.es\/blogs\/saboreando\/wp-content\/uploads\/sites\/4\/2024\/12\/Imagen-de-WhatsApp-2024-12-02-a-las-18.03.55_c6b70a28.jpg 1124w\" sizes=\"auto, (max-width: 169px) 100vw, 169px\" \/>Este es un aceite especial elaborado, mediante el proceso de extracci\u00f3n en frio, con diferentes variedades de aceitunas del desierto de Taberna, obteni\u00e9ndose un zumo de oliva con una acidez de 0,1. Un coupage selecci\u00f3n gourmet hecho especialmente para el restaurante Terraza Carmona, de Vera, cuyo oro liquido se puede degustar disfrutando de esos suculentos desayunos que se ofrece en esta casa, ya que en cada mesa hay una botella de este aceite de oliva virgen extra para que el cliente se sirva a su gusto sin l\u00edmite de su consumo,<\/p>\n","protected":false},"excerpt":{"rendered":"<p>Este es un aceite especial elaborado, mediante el proceso de extracci\u00f3n en frio, con diferentes variedades de aceitunas del desierto de Taberna, obteni\u00e9ndose un zumo de oliva con una acidez de 0,1. Un coupage selecci\u00f3n gourmet hecho especialmente para el restaurante Terraza Carmona, de Vera, cuyo oro liquido se puede degustar disfrutando de esos suculentos [&hellip;]<\/p>\n","protected":false},"author":4,"featured_media":2381,"comment_status":"open","ping_status":"open","sticky":false,"template":"","format":"standard","meta":{"footnotes":""},"categories":[19],"tags":[],"class_list":["post-2379","post","type-post","status-publish","format-standard","has-post-thumbnail","hentry","category-mis-mejores-aceites"],"yoast_head":"<!-- This site is optimized with the Yoast SEO plugin v27.4 - https:\/\/yoast.com\/product\/yoast-seo-wordpress\/ -->\n<title>ACEITE DE OLIVA VIRGEN EXTRA 0,1 DEL RESTAURANTE TERRAZA CARMNA, DE VERA - Saboreando<\/title>\n<meta name=\"robots\" content=\"index, follow, max-snippet:-1, max-image-preview:large, max-video-preview:-1\" \/>\n<link rel=\"canonical\" href=\"https:\/\/www.cope.es\/blogs\/saboreando\/2024\/12\/02\/aceite-de-oliva-virgen-extra-01-del-restaurante-terraza-carmna-de-vera\/\" \/>\n<meta property=\"og:locale\" content=\"es_ES\" \/>\n<meta property=\"og:type\" content=\"article\" \/>\n<meta property=\"og:title\" content=\"ACEITE DE OLIVA VIRGEN EXTRA 0,1 DEL RESTAURANTE TERRAZA CARMNA, DE VERA - Saboreando\" \/>\n<meta property=\"og:description\" content=\"Este es un aceite especial elaborado, mediante el proceso de extracci\u00f3n en frio, con diferentes variedades de aceitunas del desierto de Taberna, obteni\u00e9ndose un zumo de oliva con una acidez de 0,1. Un coupage selecci\u00f3n gourmet hecho especialmente para el restaurante Terraza Carmona, de Vera, cuyo oro liquido se puede degustar disfrutando de esos suculentos [&hellip;]\" \/>\n<meta property=\"og:url\" content=\"https:\/\/www.cope.es\/blogs\/saboreando\/2024\/12\/02\/aceite-de-oliva-virgen-extra-01-del-restaurante-terraza-carmna-de-vera\/\" \/>\n<meta property=\"og:site_name\" content=\"Saboreando\" \/>\n<meta property=\"article:publisher\" content=\"https:\/\/www.facebook.com\/cope\/\" \/>\n<meta property=\"article:author\" content=\"https:\/\/www.facebook.com\/pepeoneto.oneto\" \/>\n<meta property=\"article:published_time\" content=\"2024-12-02T17:11:35+00:00\" \/>\n<meta property=\"og:image\" content=\"https:\/\/www.cope.es\/blogs\/saboreando\/wp-content\/uploads\/sites\/4\/2024\/12\/Imagen-de-WhatsApp-2024-12-02-a-las-18.03.55_c6b70a28.jpg\" \/>\n\t<meta property=\"og:image:width\" content=\"1124\" \/>\n\t<meta property=\"og:image:height\" content=\"2000\" \/>\n\t<meta property=\"og:image:type\" content=\"image\/jpeg\" \/>\n<meta name=\"author\" content=\"Pepe Oneto\" \/>\n<meta name=\"twitter:card\" content=\"summary_large_image\" \/>\n<meta name=\"twitter:creator\" content=\"@pepeoneto\" \/>\n<meta name=\"twitter:site\" content=\"@cope_es\" \/>\n<meta name=\"twitter:label1\" content=\"Escrito por\" \/>\n\t<meta name=\"twitter:data1\" content=\"Pepe Oneto\" \/>\n<script type=\"application\/ld+json\" class=\"yoast-schema-graph\">{\"@context\":\"https:\\\/\\\/schema.org\",\"@graph\":[{\"@type\":\"Article\",\"@id\":\"https:\\\/\\\/www.cope.es\\\/blogs\\\/saboreando\\\/2024\\\/12\\\/02\\\/aceite-de-oliva-virgen-extra-01-del-restaurante-terraza-carmna-de-vera\\\/#article\",\"isPartOf\":{\"@id\":\"https:\\\/\\\/www.cope.es\\\/blogs\\\/saboreando\\\/2024\\\/12\\\/02\\\/aceite-de-oliva-virgen-extra-01-del-restaurante-terraza-carmna-de-vera\\\/\"},\"author\":{\"name\":\"Pepe Oneto\",\"@id\":\"https:\\\/\\\/www.cope.es\\\/blogs\\\/saboreando\\\/#\\\/schema\\\/person\\\/9c54060a0163ede44b2637b8b3c17bfc\"},\"headline\":\"ACEITE DE OLIVA VIRGEN EXTRA 0,1 DEL RESTAURANTE TERRAZA CARMNA, DE VERA\",\"datePublished\":\"2024-12-02T17:11:35+00:00\",\"mainEntityOfPage\":{\"@id\":\"https:\\\/\\\/www.cope.es\\\/blogs\\\/saboreando\\\/2024\\\/12\\\/02\\\/aceite-de-oliva-virgen-extra-01-del-restaurante-terraza-carmna-de-vera\\\/\"},\"wordCount\":105,\"commentCount\":0,\"image\":{\"@id\":\"https:\\\/\\\/www.cope.es\\\/blogs\\\/saboreando\\\/2024\\\/12\\\/02\\\/aceite-de-oliva-virgen-extra-01-del-restaurante-terraza-carmna-de-vera\\\/#primaryimage\"},\"thumbnailUrl\":\"https:\\\/\\\/www.cope.es\\\/blogs\\\/saboreando\\\/wp-content\\\/uploads\\\/sites\\\/4\\\/2024\\\/12\\\/Imagen-de-WhatsApp-2024-12-02-a-las-18.03.55_c6b70a28.jpg\",\"articleSection\":[\"MIS MEJORES ACEITES\"],\"inLanguage\":\"es\",\"potentialAction\":[{\"@type\":\"CommentAction\",\"name\":\"Comment\",\"target\":[\"https:\\\/\\\/www.cope.es\\\/blogs\\\/saboreando\\\/2024\\\/12\\\/02\\\/aceite-de-oliva-virgen-extra-01-del-restaurante-terraza-carmna-de-vera\\\/#respond\"]}]},{\"@type\":\"WebPage\",\"@id\":\"https:\\\/\\\/www.cope.es\\\/blogs\\\/saboreando\\\/2024\\\/12\\\/02\\\/aceite-de-oliva-virgen-extra-01-del-restaurante-terraza-carmna-de-vera\\\/\",\"url\":\"https:\\\/\\\/www.cope.es\\\/blogs\\\/saboreando\\\/2024\\\/12\\\/02\\\/aceite-de-oliva-virgen-extra-01-del-restaurante-terraza-carmna-de-vera\\\/\",\"name\":\"ACEITE DE OLIVA VIRGEN EXTRA 0,1 DEL RESTAURANTE TERRAZA CARMNA, DE VERA - Saboreando\",\"isPartOf\":{\"@id\":\"https:\\\/\\\/www.cope.es\\\/blogs\\\/saboreando\\\/#website\"},\"primaryImageOfPage\":{\"@id\":\"https:\\\/\\\/www.cope.es\\\/blogs\\\/saboreando\\\/2024\\\/12\\\/02\\\/aceite-de-oliva-virgen-extra-01-del-restaurante-terraza-carmna-de-vera\\\/#primaryimage\"},\"image\":{\"@id\":\"https:\\\/\\\/www.cope.es\\\/blogs\\\/saboreando\\\/2024\\\/12\\\/02\\\/aceite-de-oliva-virgen-extra-01-del-restaurante-terraza-carmna-de-vera\\\/#primaryimage\"},\"thumbnailUrl\":\"https:\\\/\\\/www.cope.es\\\/blogs\\\/saboreando\\\/wp-content\\\/uploads\\\/sites\\\/4\\\/2024\\\/12\\\/Imagen-de-WhatsApp-2024-12-02-a-las-18.03.55_c6b70a28.jpg\",\"datePublished\":\"2024-12-02T17:11:35+00:00\",\"author\":{\"@id\":\"https:\\\/\\\/www.cope.es\\\/blogs\\\/saboreando\\\/#\\\/schema\\\/person\\\/9c54060a0163ede44b2637b8b3c17bfc\"},\"breadcrumb\":{\"@id\":\"https:\\\/\\\/www.cope.es\\\/blogs\\\/saboreando\\\/2024\\\/12\\\/02\\\/aceite-de-oliva-virgen-extra-01-del-restaurante-terraza-carmna-de-vera\\\/#breadcrumb\"},\"inLanguage\":\"es\",\"potentialAction\":[{\"@type\":\"ReadAction\",\"target\":[\"https:\\\/\\\/www.cope.es\\\/blogs\\\/saboreando\\\/2024\\\/12\\\/02\\\/aceite-de-oliva-virgen-extra-01-del-restaurante-terraza-carmna-de-vera\\\/\"]}]},{\"@type\":\"ImageObject\",\"inLanguage\":\"es\",\"@id\":\"https:\\\/\\\/www.cope.es\\\/blogs\\\/saboreando\\\/2024\\\/12\\\/02\\\/aceite-de-oliva-virgen-extra-01-del-restaurante-terraza-carmna-de-vera\\\/#primaryimage\",\"url\":\"https:\\\/\\\/www.cope.es\\\/blogs\\\/saboreando\\\/wp-content\\\/uploads\\\/sites\\\/4\\\/2024\\\/12\\\/Imagen-de-WhatsApp-2024-12-02-a-las-18.03.55_c6b70a28.jpg\",\"contentUrl\":\"https:\\\/\\\/www.cope.es\\\/blogs\\\/saboreando\\\/wp-content\\\/uploads\\\/sites\\\/4\\\/2024\\\/12\\\/Imagen-de-WhatsApp-2024-12-02-a-las-18.03.55_c6b70a28.jpg\",\"width\":1124,\"height\":2000},{\"@type\":\"BreadcrumbList\",\"@id\":\"https:\\\/\\\/www.cope.es\\\/blogs\\\/saboreando\\\/2024\\\/12\\\/02\\\/aceite-de-oliva-virgen-extra-01-del-restaurante-terraza-carmna-de-vera\\\/#breadcrumb\",\"itemListElement\":[{\"@type\":\"ListItem\",\"position\":1,\"name\":\"Portada\",\"item\":\"https:\\\/\\\/www.cope.es\\\/blogs\\\/saboreando\\\/\"},{\"@type\":\"ListItem\",\"position\":2,\"name\":\"ACEITE DE OLIVA VIRGEN EXTRA 0,1 DEL RESTAURANTE TERRAZA CARMNA, DE VERA\"}]},{\"@type\":\"WebSite\",\"@id\":\"https:\\\/\\\/www.cope.es\\\/blogs\\\/saboreando\\\/#website\",\"url\":\"https:\\\/\\\/www.cope.es\\\/blogs\\\/saboreando\\\/\",\"name\":\"Saboreando\",\"description\":\"Saboreando  un blogs de COPE\",\"potentialAction\":[{\"@type\":\"SearchAction\",\"target\":{\"@type\":\"EntryPoint\",\"urlTemplate\":\"https:\\\/\\\/www.cope.es\\\/blogs\\\/saboreando\\\/?s={search_term_string}\"},\"query-input\":{\"@type\":\"PropertyValueSpecification\",\"valueRequired\":true,\"valueName\":\"search_term_string\"}}],\"inLanguage\":\"es\"},{\"@type\":\"Person\",\"@id\":\"https:\\\/\\\/www.cope.es\\\/blogs\\\/saboreando\\\/#\\\/schema\\\/person\\\/9c54060a0163ede44b2637b8b3c17bfc\",\"name\":\"Pepe Oneto\",\"image\":{\"@type\":\"ImageObject\",\"inLanguage\":\"es\",\"@id\":\"https:\\\/\\\/secure.gravatar.com\\\/avatar\\\/3c9c73d40e366bddd1bf412d7a907e61e897a1204d1dea3f22b11449aaeb65b9?s=96&d=mm&r=g\",\"url\":\"https:\\\/\\\/secure.gravatar.com\\\/avatar\\\/3c9c73d40e366bddd1bf412d7a907e61e897a1204d1dea3f22b11449aaeb65b9?s=96&d=mm&r=g\",\"contentUrl\":\"https:\\\/\\\/secure.gravatar.com\\\/avatar\\\/3c9c73d40e366bddd1bf412d7a907e61e897a1204d1dea3f22b11449aaeb65b9?s=96&d=mm&r=g\",\"caption\":\"Pepe Oneto\"},\"description\":\"Adem\u00e1s de cocinero y docente culinario, comunicador gastron\u00f3mico en radio, televisi\u00f3n, prensa escrita e Internet. Articulista y escritor sobre gastronom\u00eda en general. Vinculado al mundo de los fogones desde hace m\u00e1s de 50 a\u00f1os ininterrumpidamente tanto de manera profesional como en forma de hobby por ser la cocina su gran pasi\u00f3n, actualmente presta sus servicios profesionales en la Junta de Andaluc\u00eda donde ejerce dentro del Cuerpo de Direcci\u00f3n de Cocina. A lo largo de su carrera, por su trayectoria profesional ha recibido numerosos premios, distinciones y reconocimientos tanto de instituciones p\u00fablicas como privadas. En la actualidad preside la Federaci\u00f3n Andaluza de Cofrad\u00edas y Asociaciones Gastron\u00f3micas (FECOAN) y la Cofrad\u00eda Gastron\u00f3mica \u201cLos Esteros\u201d, de la Bah\u00eda de C\u00e1diz, adem\u00e1s de ser el coordinador general de la Academia del Gazpacho Andaluz (AGA)\",\"sameAs\":[\"http:\\\/\\\/www.cope.es\",\"https:\\\/\\\/www.facebook.com\\\/pepeoneto.oneto\",\"https:\\\/\\\/x.com\\\/pepeoneto\"],\"url\":\"https:\\\/\\\/www.cope.es\\\/blogs\\\/saboreando\\\/author\\\/oneto\\\/\"}]}<\/script>\n<!-- \/ Yoast SEO plugin. -->","yoast_head_json":{"title":"ACEITE DE OLIVA VIRGEN EXTRA 0,1 DEL RESTAURANTE TERRAZA CARMNA, DE VERA - Saboreando","robots":{"index":"index","follow":"follow","max-snippet":"max-snippet:-1","max-image-preview":"max-image-preview:large","max-video-preview":"max-video-preview:-1"},"canonical":"https:\/\/www.cope.es\/blogs\/saboreando\/2024\/12\/02\/aceite-de-oliva-virgen-extra-01-del-restaurante-terraza-carmna-de-vera\/","og_locale":"es_ES","og_type":"article","og_title":"ACEITE DE OLIVA VIRGEN EXTRA 0,1 DEL RESTAURANTE TERRAZA CARMNA, DE VERA - Saboreando","og_description":"Este es un aceite especial elaborado, mediante el proceso de extracci\u00f3n en frio, con diferentes variedades de aceitunas del desierto de Taberna, obteni\u00e9ndose un zumo de oliva con una acidez de 0,1. Un coupage selecci\u00f3n gourmet hecho especialmente para el restaurante Terraza Carmona, de Vera, cuyo oro liquido se puede degustar disfrutando de esos suculentos [&hellip;]","og_url":"https:\/\/www.cope.es\/blogs\/saboreando\/2024\/12\/02\/aceite-de-oliva-virgen-extra-01-del-restaurante-terraza-carmna-de-vera\/","og_site_name":"Saboreando","article_publisher":"https:\/\/www.facebook.com\/cope\/","article_author":"https:\/\/www.facebook.com\/pepeoneto.oneto","article_published_time":"2024-12-02T17:11:35+00:00","og_image":[{"width":1124,"height":2000,"url":"https:\/\/www.cope.es\/blogs\/saboreando\/wp-content\/uploads\/sites\/4\/2024\/12\/Imagen-de-WhatsApp-2024-12-02-a-las-18.03.55_c6b70a28.jpg","type":"image\/jpeg"}],"author":"Pepe Oneto","twitter_card":"summary_large_image","twitter_creator":"@pepeoneto","twitter_site":"@cope_es","twitter_misc":{"Escrito por":"Pepe Oneto"},"schema":{"@context":"https:\/\/schema.org","@graph":[{"@type":"Article","@id":"https:\/\/www.cope.es\/blogs\/saboreando\/2024\/12\/02\/aceite-de-oliva-virgen-extra-01-del-restaurante-terraza-carmna-de-vera\/#article","isPartOf":{"@id":"https:\/\/www.cope.es\/blogs\/saboreando\/2024\/12\/02\/aceite-de-oliva-virgen-extra-01-del-restaurante-terraza-carmna-de-vera\/"},"author":{"name":"Pepe Oneto","@id":"https:\/\/www.cope.es\/blogs\/saboreando\/#\/schema\/person\/9c54060a0163ede44b2637b8b3c17bfc"},"headline":"ACEITE DE OLIVA VIRGEN EXTRA 0,1 DEL RESTAURANTE TERRAZA CARMNA, DE VERA","datePublished":"2024-12-02T17:11:35+00:00","mainEntityOfPage":{"@id":"https:\/\/www.cope.es\/blogs\/saboreando\/2024\/12\/02\/aceite-de-oliva-virgen-extra-01-del-restaurante-terraza-carmna-de-vera\/"},"wordCount":105,"commentCount":0,"image":{"@id":"https:\/\/www.cope.es\/blogs\/saboreando\/2024\/12\/02\/aceite-de-oliva-virgen-extra-01-del-restaurante-terraza-carmna-de-vera\/#primaryimage"},"thumbnailUrl":"https:\/\/www.cope.es\/blogs\/saboreando\/wp-content\/uploads\/sites\/4\/2024\/12\/Imagen-de-WhatsApp-2024-12-02-a-las-18.03.55_c6b70a28.jpg","articleSection":["MIS MEJORES ACEITES"],"inLanguage":"es","potentialAction":[{"@type":"CommentAction","name":"Comment","target":["https:\/\/www.cope.es\/blogs\/saboreando\/2024\/12\/02\/aceite-de-oliva-virgen-extra-01-del-restaurante-terraza-carmna-de-vera\/#respond"]}]},{"@type":"WebPage","@id":"https:\/\/www.cope.es\/blogs\/saboreando\/2024\/12\/02\/aceite-de-oliva-virgen-extra-01-del-restaurante-terraza-carmna-de-vera\/","url":"https:\/\/www.cope.es\/blogs\/saboreando\/2024\/12\/02\/aceite-de-oliva-virgen-extra-01-del-restaurante-terraza-carmna-de-vera\/","name":"ACEITE DE OLIVA VIRGEN EXTRA 0,1 DEL RESTAURANTE TERRAZA CARMNA, DE VERA - Saboreando","isPartOf":{"@id":"https:\/\/www.cope.es\/blogs\/saboreando\/#website"},"primaryImageOfPage":{"@id":"https:\/\/www.cope.es\/blogs\/saboreando\/2024\/12\/02\/aceite-de-oliva-virgen-extra-01-del-restaurante-terraza-carmna-de-vera\/#primaryimage"},"image":{"@id":"https:\/\/www.cope.es\/blogs\/saboreando\/2024\/12\/02\/aceite-de-oliva-virgen-extra-01-del-restaurante-terraza-carmna-de-vera\/#primaryimage"},"thumbnailUrl":"https:\/\/www.cope.es\/blogs\/saboreando\/wp-content\/uploads\/sites\/4\/2024\/12\/Imagen-de-WhatsApp-2024-12-02-a-las-18.03.55_c6b70a28.jpg","datePublished":"2024-12-02T17:11:35+00:00","author":{"@id":"https:\/\/www.cope.es\/blogs\/saboreando\/#\/schema\/person\/9c54060a0163ede44b2637b8b3c17bfc"},"breadcrumb":{"@id":"https:\/\/www.cope.es\/blogs\/saboreando\/2024\/12\/02\/aceite-de-oliva-virgen-extra-01-del-restaurante-terraza-carmna-de-vera\/#breadcrumb"},"inLanguage":"es","potentialAction":[{"@type":"ReadAction","target":["https:\/\/www.cope.es\/blogs\/saboreando\/2024\/12\/02\/aceite-de-oliva-virgen-extra-01-del-restaurante-terraza-carmna-de-vera\/"]}]},{"@type":"ImageObject","inLanguage":"es","@id":"https:\/\/www.cope.es\/blogs\/saboreando\/2024\/12\/02\/aceite-de-oliva-virgen-extra-01-del-restaurante-terraza-carmna-de-vera\/#primaryimage","url":"https:\/\/www.cope.es\/blogs\/saboreando\/wp-content\/uploads\/sites\/4\/2024\/12\/Imagen-de-WhatsApp-2024-12-02-a-las-18.03.55_c6b70a28.jpg","contentUrl":"https:\/\/www.cope.es\/blogs\/saboreando\/wp-content\/uploads\/sites\/4\/2024\/12\/Imagen-de-WhatsApp-2024-12-02-a-las-18.03.55_c6b70a28.jpg","width":1124,"height":2000},{"@type":"BreadcrumbList","@id":"https:\/\/www.cope.es\/blogs\/saboreando\/2024\/12\/02\/aceite-de-oliva-virgen-extra-01-del-restaurante-terraza-carmna-de-vera\/#breadcrumb","itemListElement":[{"@type":"ListItem","position":1,"name":"Portada","item":"https:\/\/www.cope.es\/blogs\/saboreando\/"},{"@type":"ListItem","position":2,"name":"ACEITE DE OLIVA VIRGEN EXTRA 0,1 DEL RESTAURANTE TERRAZA CARMNA, DE VERA"}]},{"@type":"WebSite","@id":"https:\/\/www.cope.es\/blogs\/saboreando\/#website","url":"https:\/\/www.cope.es\/blogs\/saboreando\/","name":"Saboreando","description":"Saboreando  un blogs de COPE","potentialAction":[{"@type":"SearchAction","target":{"@type":"EntryPoint","urlTemplate":"https:\/\/www.cope.es\/blogs\/saboreando\/?s={search_term_string}"},"query-input":{"@type":"PropertyValueSpecification","valueRequired":true,"valueName":"search_term_string"}}],"inLanguage":"es"},{"@type":"Person","@id":"https:\/\/www.cope.es\/blogs\/saboreando\/#\/schema\/person\/9c54060a0163ede44b2637b8b3c17bfc","name":"Pepe Oneto","image":{"@type":"ImageObject","inLanguage":"es","@id":"https:\/\/secure.gravatar.com\/avatar\/3c9c73d40e366bddd1bf412d7a907e61e897a1204d1dea3f22b11449aaeb65b9?s=96&d=mm&r=g","url":"https:\/\/secure.gravatar.com\/avatar\/3c9c73d40e366bddd1bf412d7a907e61e897a1204d1dea3f22b11449aaeb65b9?s=96&d=mm&r=g","contentUrl":"https:\/\/secure.gravatar.com\/avatar\/3c9c73d40e366bddd1bf412d7a907e61e897a1204d1dea3f22b11449aaeb65b9?s=96&d=mm&r=g","caption":"Pepe Oneto"},"description":"Adem\u00e1s de cocinero y docente culinario, comunicador gastron\u00f3mico en radio, televisi\u00f3n, prensa escrita e Internet. Articulista y escritor sobre gastronom\u00eda en general. Vinculado al mundo de los fogones desde hace m\u00e1s de 50 a\u00f1os ininterrumpidamente tanto de manera profesional como en forma de hobby por ser la cocina su gran pasi\u00f3n, actualmente presta sus servicios profesionales en la Junta de Andaluc\u00eda donde ejerce dentro del Cuerpo de Direcci\u00f3n de Cocina. A lo largo de su carrera, por su trayectoria profesional ha recibido numerosos premios, distinciones y reconocimientos tanto de instituciones p\u00fablicas como privadas. En la actualidad preside la Federaci\u00f3n Andaluza de Cofrad\u00edas y Asociaciones Gastron\u00f3micas (FECOAN) y la Cofrad\u00eda Gastron\u00f3mica \u201cLos Esteros\u201d, de la Bah\u00eda de C\u00e1diz, adem\u00e1s de ser el coordinador general de la Academia del Gazpacho Andaluz (AGA)","sameAs":["http:\/\/www.cope.es","https:\/\/www.facebook.com\/pepeoneto.oneto","https:\/\/x.com\/pepeoneto"],"url":"https:\/\/www.cope.es\/blogs\/saboreando\/author\/oneto\/"}]}},"amp_enabled":true,"_links":{"self":[{"href":"https:\/\/www.cope.es\/blogs\/saboreando\/wp-json\/wp\/v2\/posts\/2379","targetHints":{"allow":["GET"]}}],"collection":[{"href":"https:\/\/www.cope.es\/blogs\/saboreando\/wp-json\/wp\/v2\/posts"}],"about":[{"href":"https:\/\/www.cope.es\/blogs\/saboreando\/wp-json\/wp\/v2\/types\/post"}],"author":[{"embeddable":true,"href":"https:\/\/www.cope.es\/blogs\/saboreando\/wp-json\/wp\/v2\/users\/4"}],"replies":[{"embeddable":true,"href":"https:\/\/www.cope.es\/blogs\/saboreando\/wp-json\/wp\/v2\/comments?post=2379"}],"version-history":[{"count":2,"href":"https:\/\/www.cope.es\/blogs\/saboreando\/wp-json\/wp\/v2\/posts\/2379\/revisions"}],"predecessor-version":[{"id":2388,"href":"https:\/\/www.cope.es\/blogs\/saboreando\/wp-json\/wp\/v2\/posts\/2379\/revisions\/2388"}],"wp:featuredmedia":[{"embeddable":true,"href":"https:\/\/www.cope.es\/blogs\/saboreando\/wp-json\/wp\/v2\/media\/2381"}],"wp:attachment":[{"href":"https:\/\/www.cope.es\/blogs\/saboreando\/wp-json\/wp\/v2\/media?parent=2379"}],"wp:term":[{"taxonomy":"category","embeddable":true,"href":"https:\/\/www.cope.es\/blogs\/saboreando\/wp-json\/wp\/v2\/categories?post=2379"},{"taxonomy":"post_tag","embeddable":true,"href":"https:\/\/www.cope.es\/blogs\/saboreando\/wp-json\/wp\/v2\/tags?post=2379"}],"curies":[{"name":"wp","href":"https:\/\/api.w.org\/{rel}","templated":true}]}}