{"id":2313,"date":"2024-06-10T16:11:43","date_gmt":"2024-06-10T14:11:43","guid":{"rendered":"http:\/\/www.cope.es\/blogs\/saboreando\/?p=2313"},"modified":"2024-06-10T16:21:33","modified_gmt":"2024-06-10T14:21:33","slug":"el-jardin-de-castillo-pone-la-guinda-en-la-fiesta-de-la-cereza","status":"publish","type":"post","link":"https:\/\/www.cope.es\/blogs\/saboreando\/2024\/06\/10\/el-jardin-de-castillo-pone-la-guinda-en-la-fiesta-de-la-cereza\/","title":{"rendered":"\u201cEL JARD\u00cdN DE CASTILLO\u201d, PONE LA GUINDA EN LA FIESTA DE LA CEREZA"},"content":{"rendered":"<ul>\n<li><strong><em>Luis P\u00e9rez L\u00e1inez, representante de la empresa Alquiler Vacacional, recibi\u00f3 el reconocimiento del ayuntamiento castillero por la iniciativa de su compa\u00f1\u00eda tur\u00edstica de \u00a0la construcci\u00f3n en la ciudad, del alojamiento rural \u201cEl Jard\u00edn de Castillo\u201d, que ha sido muy bien acogido por la ciudadan\u00eda castillera y turistas. \u00a0<\/em><\/strong><\/li>\n<\/ul>\n<figure id=\"attachment_2314\" aria-describedby=\"caption-attachment-2314\" style=\"width: 1024px\" class=\"wp-caption aligncenter\"><img loading=\"lazy\" decoding=\"async\" width=\"1024\" height=\"684\" class=\"wp-image-2314 size-large\" src=\"http:\/\/www.cope.es\/blogs\/saboreando\/wp-content\/uploads\/sites\/4\/2024\/06\/Fiesta-de-la-cereza-39nnn-1024x684.png\" alt=\"\" srcset=\"https:\/\/www.cope.es\/blogs\/saboreando\/wp-content\/uploads\/sites\/4\/2024\/06\/Fiesta-de-la-cereza-39nnn-1024x684.png 1024w, https:\/\/www.cope.es\/blogs\/saboreando\/wp-content\/uploads\/sites\/4\/2024\/06\/Fiesta-de-la-cereza-39nnn-300x200.png 300w, https:\/\/www.cope.es\/blogs\/saboreando\/wp-content\/uploads\/sites\/4\/2024\/06\/Fiesta-de-la-cereza-39nnn-768x513.png 768w, https:\/\/www.cope.es\/blogs\/saboreando\/wp-content\/uploads\/sites\/4\/2024\/06\/Fiesta-de-la-cereza-39nnn-1536x1026.png 1536w, https:\/\/www.cope.es\/blogs\/saboreando\/wp-content\/uploads\/sites\/4\/2024\/06\/Fiesta-de-la-cereza-39nnn-2048x1368.png 2048w, https:\/\/www.cope.es\/blogs\/saboreando\/wp-content\/uploads\/sites\/4\/2024\/06\/Fiesta-de-la-cereza-39nnn-408x272.png 408w\" sizes=\"auto, (max-width: 1024px) 100vw, 1024px\" \/><figcaption id=\"caption-attachment-2314\" class=\"wp-caption-text\">Luis P\u00e9rez L\u00e1inez recibe el reconocimiento del Ayuntamiento castillero, de mano de su alcalde, Cristobal Rodriguez<\/figcaption><\/figure>\n<p>&nbsp;<\/p>\n<p>La cereza de Castillo de Locub\u00edn como protagonista. Un evento, como es la fiesta de la cereza, que en este 2024 ya ha alcanzado las cuatro d\u00e9cadas desde que el mismo se pusiera en marcha por primera vez y que a\u00f1o tras a\u00f1os, excepto en el 2020 que a consecuencia de la pandemia no se pudo llevar a cabo por razones obvias, ha constituido en cada una de las ediciones un rotundo \u00e9xito, como el de este a\u00f1o.<\/p>\n<figure id=\"attachment_2316\" aria-describedby=\"caption-attachment-2316\" style=\"width: 700px\" class=\"wp-caption aligncenter\"><img loading=\"lazy\" decoding=\"async\" width=\"700\" height=\"1008\" class=\"wp-image-2316 size-full\" src=\"http:\/\/www.cope.es\/blogs\/saboreando\/wp-content\/uploads\/sites\/4\/2024\/06\/Fiesta-de-la-cereza-34.png\" alt=\"\" srcset=\"https:\/\/www.cope.es\/blogs\/saboreando\/wp-content\/uploads\/sites\/4\/2024\/06\/Fiesta-de-la-cereza-34.png 700w, https:\/\/www.cope.es\/blogs\/saboreando\/wp-content\/uploads\/sites\/4\/2024\/06\/Fiesta-de-la-cereza-34-208x300.png 208w\" sizes=\"auto, (max-width: 700px) 100vw, 700px\" \/><figcaption id=\"caption-attachment-2316\" class=\"wp-caption-text\">La castillera Mar\u00eda Jes\u00fas Gallardo, presidenta del Consejo Consultivo de Andaluc\u00eda. durante su preg\u00f3n que fue muy bian acogido por el publico y premiada con un prolongado aplauso<\/figcaption><\/figure>\n<p>Aunque el amplio y variado programa de actividades de la Fiesta de la Cereza de este a\u00f1o arranc\u00f3 en la ma\u00f1ana del viernes con una Olimpiada Infantil, showcooking con la prestigiosa y joven cocinera jienense Leticia Navarro y degustaci\u00f3n de ajoblanco, a cargo de la Cofrad\u00eda Virgen de la Cabeza y degustaci\u00f3n de ajoblanco, quedando as\u00ed inaugurada\u00a0 la 39 edici\u00f3n del evento en cuesti\u00f3n, sin embargo, el plato fuerte de la mencionada fiesta fue sin duda el preg\u00f3n que la noche de ese mismo d\u00eda (viernes 7 de junio) ofreci\u00f3 la castillera Mar\u00eda Jes\u00fas Gallardo, presidenta del Consejo Consultivo de Andaluc\u00eda. En cuya proclama, que gust\u00f3 mucho a tener de los continuos y prolongados aplausos del numeroso p\u00fablico que abarrotaba el auditorio del el renovado Parque Municipal, hizo un exhaustivo recorrido desde que naciera en Castillo de Locub\u00edn \u201cun 24 de diciembre a las 12 de la noche\u201d, como ella misma relat\u00f3, hasta nuestros d\u00edas, destacando las muchas peculiaridades de su ciudad natal conocida por \u201clos muebles y la cereza\u201d, se\u00f1al\u00f3.<\/p>\n<p>&nbsp;<\/p>\n<p>Tras ese preg\u00f3n se procedi\u00f3 a la imposici\u00f3n de las Cerezas de Oro, empezando por la propia pregonera, seguido del que se le otorg\u00f3, a las personas de mayor edad de la localidad que en esta ocasi\u00f3n recay\u00f3 en Mar\u00eda Mateo Gallardo, de 99 a\u00f1os, y en Antonio Ib\u00e1\u00f1ez Medina, de 97. Por otro lado, tambi\u00e9n recibir\u00f3n la Cereza de Oro, la Hermandad del Roc\u00edo de Castillo, una de las m\u00e1s esperadas en Almonte ya que, cada a\u00f1o obsequia a los romeros con las deliciosas cerezas de la localidad, as\u00ed como la Hermandad de la Virgen de la Cabeza, que este a\u00f1o celebra su 125 aniversario.<\/p>\n<p>Por \u00faltimo, hubo tambi\u00e9n un reconocimiento a las diferentes empresas de Turismo Rural que han apostado por este municipio, instalando en el mismo sendas casas rurales. Por lo que el Ayuntamiento castillero quiso agradecer con estas distinciones el que estos inversores de fuera apuesten por Castillo de Locub\u00edn. Como fue el caso de la \u00faltima compa\u00f1\u00eda tur\u00edstica, \u201cAlquiler Vacacional C\u00e1diz\u201d, que el pasado 25 de mayo inaugur\u00f3 un nuevo establecimiento hotelero denominado \u201cEl Jard\u00edn de Castillo\u201d, sum\u00e1ndose as\u00ed a los ya existentes en la localidad<\/p>\n<p>Como colof\u00f3n el alcalde de Castillo de Locub\u00edn, Crist\u00f3bal Rodr\u00edguez, \u00a0puso el punto y final a este evento, que constituy\u00f3 un rotundo \u00e9xito, con unas palabras de reconocimiento a los galardonados, destacando la importancia que tiene la Fiesta de la Cereza como motor dinamizador para el sector<\/p>\n<p><img loading=\"lazy\" decoding=\"async\" width=\"509\" height=\"675\" class=\"aligncenter wp-image-2317 size-full\" src=\"http:\/\/www.cope.es\/blogs\/saboreando\/wp-content\/uploads\/sites\/4\/2024\/06\/441051137_771676918436677_3316750468361333262_n-509x675-1.jpg\" alt=\"\" srcset=\"https:\/\/www.cope.es\/blogs\/saboreando\/wp-content\/uploads\/sites\/4\/2024\/06\/441051137_771676918436677_3316750468361333262_n-509x675-1.jpg 509w, https:\/\/www.cope.es\/blogs\/saboreando\/wp-content\/uploads\/sites\/4\/2024\/06\/441051137_771676918436677_3316750468361333262_n-509x675-1-226x300.jpg 226w\" sizes=\"auto, (max-width: 509px) 100vw, 509px\" \/><\/p>\n<p>&nbsp;<\/p>\n<p>&nbsp;<\/p>\n","protected":false},"excerpt":{"rendered":"<p>Luis P\u00e9rez L\u00e1inez, representante de la empresa Alquiler Vacacional, recibi\u00f3 el reconocimiento del ayuntamiento castillero por la iniciativa de su compa\u00f1\u00eda tur\u00edstica de \u00a0la construcci\u00f3n en la ciudad, del alojamiento rural \u201cEl Jard\u00edn de Castillo\u201d, que ha sido muy bien acogido por la ciudadan\u00eda castillera y turistas. \u00a0 &nbsp; La cereza de Castillo de Locub\u00edn [&hellip;]<\/p>\n","protected":false},"author":4,"featured_media":2322,"comment_status":"open","ping_status":"open","sticky":false,"template":"","format":"standard","meta":{"footnotes":""},"categories":[7],"tags":[],"class_list":["post-2313","post","type-post","status-publish","format-standard","has-post-thumbnail","hentry","category-actualidad"],"yoast_head":"<!-- This site is optimized with the Yoast SEO plugin v27.4 - https:\/\/yoast.com\/product\/yoast-seo-wordpress\/ -->\n<title>\u201cEL JARD\u00cdN DE CASTILLO\u201d, PONE LA GUINDA EN LA FIESTA DE LA CEREZA - Saboreando<\/title>\n<meta name=\"robots\" content=\"index, follow, max-snippet:-1, max-image-preview:large, max-video-preview:-1\" \/>\n<link rel=\"canonical\" href=\"https:\/\/www.cope.es\/blogs\/saboreando\/2024\/06\/10\/el-jardin-de-castillo-pone-la-guinda-en-la-fiesta-de-la-cereza\/\" \/>\n<meta property=\"og:locale\" content=\"es_ES\" \/>\n<meta property=\"og:type\" content=\"article\" \/>\n<meta property=\"og:title\" content=\"\u201cEL JARD\u00cdN DE CASTILLO\u201d, PONE LA GUINDA EN LA FIESTA DE LA CEREZA - Saboreando\" \/>\n<meta property=\"og:description\" content=\"Luis P\u00e9rez L\u00e1inez, representante de la empresa Alquiler Vacacional, recibi\u00f3 el reconocimiento del ayuntamiento castillero por la iniciativa de su compa\u00f1\u00eda tur\u00edstica de \u00a0la construcci\u00f3n en la ciudad, del alojamiento rural \u201cEl Jard\u00edn de Castillo\u201d, que ha sido muy bien acogido por la ciudadan\u00eda castillera y turistas. \u00a0 &nbsp; La cereza de Castillo de Locub\u00edn [&hellip;]\" \/>\n<meta property=\"og:url\" content=\"https:\/\/www.cope.es\/blogs\/saboreando\/2024\/06\/10\/el-jardin-de-castillo-pone-la-guinda-en-la-fiesta-de-la-cereza\/\" \/>\n<meta property=\"og:site_name\" content=\"Saboreando\" \/>\n<meta property=\"article:publisher\" content=\"https:\/\/www.facebook.com\/cope\/\" \/>\n<meta property=\"article:author\" content=\"https:\/\/www.facebook.com\/pepeoneto.oneto\" \/>\n<meta property=\"article:published_time\" content=\"2024-06-10T14:11:43+00:00\" \/>\n<meta property=\"article:modified_time\" content=\"2024-06-10T14:21:33+00:00\" \/>\n<meta property=\"og:image\" content=\"https:\/\/www.cope.es\/blogs\/saboreando\/wp-content\/uploads\/sites\/4\/2024\/06\/Fiesta-de-la-cereza-39nnn-1-1024x443.png\" \/>\n\t<meta property=\"og:image:width\" content=\"1024\" \/>\n\t<meta property=\"og:image:height\" content=\"443\" \/>\n\t<meta property=\"og:image:type\" content=\"image\/png\" \/>\n<meta name=\"author\" content=\"Pepe Oneto\" \/>\n<meta name=\"twitter:card\" content=\"summary_large_image\" \/>\n<meta name=\"twitter:creator\" content=\"@pepeoneto\" \/>\n<meta name=\"twitter:site\" content=\"@cope_es\" \/>\n<meta name=\"twitter:label1\" content=\"Escrito por\" \/>\n\t<meta name=\"twitter:data1\" content=\"Pepe Oneto\" \/>\n\t<meta name=\"twitter:label2\" content=\"Tiempo de lectura\" \/>\n\t<meta name=\"twitter:data2\" content=\"3 minutos\" \/>\n<script type=\"application\/ld+json\" class=\"yoast-schema-graph\">{\"@context\":\"https:\\\/\\\/schema.org\",\"@graph\":[{\"@type\":\"Article\",\"@id\":\"https:\\\/\\\/www.cope.es\\\/blogs\\\/saboreando\\\/2024\\\/06\\\/10\\\/el-jardin-de-castillo-pone-la-guinda-en-la-fiesta-de-la-cereza\\\/#article\",\"isPartOf\":{\"@id\":\"https:\\\/\\\/www.cope.es\\\/blogs\\\/saboreando\\\/2024\\\/06\\\/10\\\/el-jardin-de-castillo-pone-la-guinda-en-la-fiesta-de-la-cereza\\\/\"},\"author\":{\"name\":\"Pepe Oneto\",\"@id\":\"https:\\\/\\\/www.cope.es\\\/blogs\\\/saboreando\\\/#\\\/schema\\\/person\\\/9c54060a0163ede44b2637b8b3c17bfc\"},\"headline\":\"\u201cEL JARD\u00cdN DE CASTILLO\u201d, PONE LA GUINDA EN LA FIESTA DE LA CEREZA\",\"datePublished\":\"2024-06-10T14:11:43+00:00\",\"dateModified\":\"2024-06-10T14:21:33+00:00\",\"mainEntityOfPage\":{\"@id\":\"https:\\\/\\\/www.cope.es\\\/blogs\\\/saboreando\\\/2024\\\/06\\\/10\\\/el-jardin-de-castillo-pone-la-guinda-en-la-fiesta-de-la-cereza\\\/\"},\"wordCount\":657,\"commentCount\":1,\"image\":{\"@id\":\"https:\\\/\\\/www.cope.es\\\/blogs\\\/saboreando\\\/2024\\\/06\\\/10\\\/el-jardin-de-castillo-pone-la-guinda-en-la-fiesta-de-la-cereza\\\/#primaryimage\"},\"thumbnailUrl\":\"https:\\\/\\\/www.cope.es\\\/blogs\\\/saboreando\\\/wp-content\\\/uploads\\\/sites\\\/4\\\/2024\\\/06\\\/Fiesta-de-la-cereza-39nnn-1.png\",\"articleSection\":[\"Actualidad\"],\"inLanguage\":\"es\",\"potentialAction\":[{\"@type\":\"CommentAction\",\"name\":\"Comment\",\"target\":[\"https:\\\/\\\/www.cope.es\\\/blogs\\\/saboreando\\\/2024\\\/06\\\/10\\\/el-jardin-de-castillo-pone-la-guinda-en-la-fiesta-de-la-cereza\\\/#respond\"]}]},{\"@type\":\"WebPage\",\"@id\":\"https:\\\/\\\/www.cope.es\\\/blogs\\\/saboreando\\\/2024\\\/06\\\/10\\\/el-jardin-de-castillo-pone-la-guinda-en-la-fiesta-de-la-cereza\\\/\",\"url\":\"https:\\\/\\\/www.cope.es\\\/blogs\\\/saboreando\\\/2024\\\/06\\\/10\\\/el-jardin-de-castillo-pone-la-guinda-en-la-fiesta-de-la-cereza\\\/\",\"name\":\"\u201cEL JARD\u00cdN DE CASTILLO\u201d, PONE LA GUINDA EN LA FIESTA DE LA CEREZA - Saboreando\",\"isPartOf\":{\"@id\":\"https:\\\/\\\/www.cope.es\\\/blogs\\\/saboreando\\\/#website\"},\"primaryImageOfPage\":{\"@id\":\"https:\\\/\\\/www.cope.es\\\/blogs\\\/saboreando\\\/2024\\\/06\\\/10\\\/el-jardin-de-castillo-pone-la-guinda-en-la-fiesta-de-la-cereza\\\/#primaryimage\"},\"image\":{\"@id\":\"https:\\\/\\\/www.cope.es\\\/blogs\\\/saboreando\\\/2024\\\/06\\\/10\\\/el-jardin-de-castillo-pone-la-guinda-en-la-fiesta-de-la-cereza\\\/#primaryimage\"},\"thumbnailUrl\":\"https:\\\/\\\/www.cope.es\\\/blogs\\\/saboreando\\\/wp-content\\\/uploads\\\/sites\\\/4\\\/2024\\\/06\\\/Fiesta-de-la-cereza-39nnn-1.png\",\"datePublished\":\"2024-06-10T14:11:43+00:00\",\"dateModified\":\"2024-06-10T14:21:33+00:00\",\"author\":{\"@id\":\"https:\\\/\\\/www.cope.es\\\/blogs\\\/saboreando\\\/#\\\/schema\\\/person\\\/9c54060a0163ede44b2637b8b3c17bfc\"},\"breadcrumb\":{\"@id\":\"https:\\\/\\\/www.cope.es\\\/blogs\\\/saboreando\\\/2024\\\/06\\\/10\\\/el-jardin-de-castillo-pone-la-guinda-en-la-fiesta-de-la-cereza\\\/#breadcrumb\"},\"inLanguage\":\"es\",\"potentialAction\":[{\"@type\":\"ReadAction\",\"target\":[\"https:\\\/\\\/www.cope.es\\\/blogs\\\/saboreando\\\/2024\\\/06\\\/10\\\/el-jardin-de-castillo-pone-la-guinda-en-la-fiesta-de-la-cereza\\\/\"]}]},{\"@type\":\"ImageObject\",\"inLanguage\":\"es\",\"@id\":\"https:\\\/\\\/www.cope.es\\\/blogs\\\/saboreando\\\/2024\\\/06\\\/10\\\/el-jardin-de-castillo-pone-la-guinda-en-la-fiesta-de-la-cereza\\\/#primaryimage\",\"url\":\"https:\\\/\\\/www.cope.es\\\/blogs\\\/saboreando\\\/wp-content\\\/uploads\\\/sites\\\/4\\\/2024\\\/06\\\/Fiesta-de-la-cereza-39nnn-1.png\",\"contentUrl\":\"https:\\\/\\\/www.cope.es\\\/blogs\\\/saboreando\\\/wp-content\\\/uploads\\\/sites\\\/4\\\/2024\\\/06\\\/Fiesta-de-la-cereza-39nnn-1.png\",\"width\":3233,\"height\":1399},{\"@type\":\"BreadcrumbList\",\"@id\":\"https:\\\/\\\/www.cope.es\\\/blogs\\\/saboreando\\\/2024\\\/06\\\/10\\\/el-jardin-de-castillo-pone-la-guinda-en-la-fiesta-de-la-cereza\\\/#breadcrumb\",\"itemListElement\":[{\"@type\":\"ListItem\",\"position\":1,\"name\":\"Portada\",\"item\":\"https:\\\/\\\/www.cope.es\\\/blogs\\\/saboreando\\\/\"},{\"@type\":\"ListItem\",\"position\":2,\"name\":\"\u201cEL JARD\u00cdN DE CASTILLO\u201d, PONE LA GUINDA EN LA FIESTA DE LA CEREZA\"}]},{\"@type\":\"WebSite\",\"@id\":\"https:\\\/\\\/www.cope.es\\\/blogs\\\/saboreando\\\/#website\",\"url\":\"https:\\\/\\\/www.cope.es\\\/blogs\\\/saboreando\\\/\",\"name\":\"Saboreando\",\"description\":\"Saboreando  un blogs de COPE\",\"potentialAction\":[{\"@type\":\"SearchAction\",\"target\":{\"@type\":\"EntryPoint\",\"urlTemplate\":\"https:\\\/\\\/www.cope.es\\\/blogs\\\/saboreando\\\/?s={search_term_string}\"},\"query-input\":{\"@type\":\"PropertyValueSpecification\",\"valueRequired\":true,\"valueName\":\"search_term_string\"}}],\"inLanguage\":\"es\"},{\"@type\":\"Person\",\"@id\":\"https:\\\/\\\/www.cope.es\\\/blogs\\\/saboreando\\\/#\\\/schema\\\/person\\\/9c54060a0163ede44b2637b8b3c17bfc\",\"name\":\"Pepe Oneto\",\"image\":{\"@type\":\"ImageObject\",\"inLanguage\":\"es\",\"@id\":\"https:\\\/\\\/secure.gravatar.com\\\/avatar\\\/3c9c73d40e366bddd1bf412d7a907e61e897a1204d1dea3f22b11449aaeb65b9?s=96&d=mm&r=g\",\"url\":\"https:\\\/\\\/secure.gravatar.com\\\/avatar\\\/3c9c73d40e366bddd1bf412d7a907e61e897a1204d1dea3f22b11449aaeb65b9?s=96&d=mm&r=g\",\"contentUrl\":\"https:\\\/\\\/secure.gravatar.com\\\/avatar\\\/3c9c73d40e366bddd1bf412d7a907e61e897a1204d1dea3f22b11449aaeb65b9?s=96&d=mm&r=g\",\"caption\":\"Pepe Oneto\"},\"description\":\"Adem\u00e1s de cocinero y docente culinario, comunicador gastron\u00f3mico en radio, televisi\u00f3n, prensa escrita e Internet. Articulista y escritor sobre gastronom\u00eda en general. Vinculado al mundo de los fogones desde hace m\u00e1s de 50 a\u00f1os ininterrumpidamente tanto de manera profesional como en forma de hobby por ser la cocina su gran pasi\u00f3n, actualmente presta sus servicios profesionales en la Junta de Andaluc\u00eda donde ejerce dentro del Cuerpo de Direcci\u00f3n de Cocina. A lo largo de su carrera, por su trayectoria profesional ha recibido numerosos premios, distinciones y reconocimientos tanto de instituciones p\u00fablicas como privadas. En la actualidad preside la Federaci\u00f3n Andaluza de Cofrad\u00edas y Asociaciones Gastron\u00f3micas (FECOAN) y la Cofrad\u00eda Gastron\u00f3mica \u201cLos Esteros\u201d, de la Bah\u00eda de C\u00e1diz, adem\u00e1s de ser el coordinador general de la Academia del Gazpacho Andaluz (AGA)\",\"sameAs\":[\"http:\\\/\\\/www.cope.es\",\"https:\\\/\\\/www.facebook.com\\\/pepeoneto.oneto\",\"https:\\\/\\\/x.com\\\/pepeoneto\"],\"url\":\"https:\\\/\\\/www.cope.es\\\/blogs\\\/saboreando\\\/author\\\/oneto\\\/\"}]}<\/script>\n<!-- \/ Yoast SEO plugin. -->","yoast_head_json":{"title":"\u201cEL JARD\u00cdN DE CASTILLO\u201d, PONE LA GUINDA EN LA FIESTA DE LA CEREZA - Saboreando","robots":{"index":"index","follow":"follow","max-snippet":"max-snippet:-1","max-image-preview":"max-image-preview:large","max-video-preview":"max-video-preview:-1"},"canonical":"https:\/\/www.cope.es\/blogs\/saboreando\/2024\/06\/10\/el-jardin-de-castillo-pone-la-guinda-en-la-fiesta-de-la-cereza\/","og_locale":"es_ES","og_type":"article","og_title":"\u201cEL JARD\u00cdN DE CASTILLO\u201d, PONE LA GUINDA EN LA FIESTA DE LA CEREZA - Saboreando","og_description":"Luis P\u00e9rez L\u00e1inez, representante de la empresa Alquiler Vacacional, recibi\u00f3 el reconocimiento del ayuntamiento castillero por la iniciativa de su compa\u00f1\u00eda tur\u00edstica de \u00a0la construcci\u00f3n en la ciudad, del alojamiento rural \u201cEl Jard\u00edn de Castillo\u201d, que ha sido muy bien acogido por la ciudadan\u00eda castillera y turistas. \u00a0 &nbsp; La cereza de Castillo de Locub\u00edn [&hellip;]","og_url":"https:\/\/www.cope.es\/blogs\/saboreando\/2024\/06\/10\/el-jardin-de-castillo-pone-la-guinda-en-la-fiesta-de-la-cereza\/","og_site_name":"Saboreando","article_publisher":"https:\/\/www.facebook.com\/cope\/","article_author":"https:\/\/www.facebook.com\/pepeoneto.oneto","article_published_time":"2024-06-10T14:11:43+00:00","article_modified_time":"2024-06-10T14:21:33+00:00","og_image":[{"width":1024,"height":443,"url":"https:\/\/www.cope.es\/blogs\/saboreando\/wp-content\/uploads\/sites\/4\/2024\/06\/Fiesta-de-la-cereza-39nnn-1-1024x443.png","type":"image\/png"}],"author":"Pepe Oneto","twitter_card":"summary_large_image","twitter_creator":"@pepeoneto","twitter_site":"@cope_es","twitter_misc":{"Escrito por":"Pepe Oneto","Tiempo de lectura":"3 minutos"},"schema":{"@context":"https:\/\/schema.org","@graph":[{"@type":"Article","@id":"https:\/\/www.cope.es\/blogs\/saboreando\/2024\/06\/10\/el-jardin-de-castillo-pone-la-guinda-en-la-fiesta-de-la-cereza\/#article","isPartOf":{"@id":"https:\/\/www.cope.es\/blogs\/saboreando\/2024\/06\/10\/el-jardin-de-castillo-pone-la-guinda-en-la-fiesta-de-la-cereza\/"},"author":{"name":"Pepe Oneto","@id":"https:\/\/www.cope.es\/blogs\/saboreando\/#\/schema\/person\/9c54060a0163ede44b2637b8b3c17bfc"},"headline":"\u201cEL JARD\u00cdN DE CASTILLO\u201d, PONE LA GUINDA EN LA FIESTA DE LA CEREZA","datePublished":"2024-06-10T14:11:43+00:00","dateModified":"2024-06-10T14:21:33+00:00","mainEntityOfPage":{"@id":"https:\/\/www.cope.es\/blogs\/saboreando\/2024\/06\/10\/el-jardin-de-castillo-pone-la-guinda-en-la-fiesta-de-la-cereza\/"},"wordCount":657,"commentCount":1,"image":{"@id":"https:\/\/www.cope.es\/blogs\/saboreando\/2024\/06\/10\/el-jardin-de-castillo-pone-la-guinda-en-la-fiesta-de-la-cereza\/#primaryimage"},"thumbnailUrl":"https:\/\/www.cope.es\/blogs\/saboreando\/wp-content\/uploads\/sites\/4\/2024\/06\/Fiesta-de-la-cereza-39nnn-1.png","articleSection":["Actualidad"],"inLanguage":"es","potentialAction":[{"@type":"CommentAction","name":"Comment","target":["https:\/\/www.cope.es\/blogs\/saboreando\/2024\/06\/10\/el-jardin-de-castillo-pone-la-guinda-en-la-fiesta-de-la-cereza\/#respond"]}]},{"@type":"WebPage","@id":"https:\/\/www.cope.es\/blogs\/saboreando\/2024\/06\/10\/el-jardin-de-castillo-pone-la-guinda-en-la-fiesta-de-la-cereza\/","url":"https:\/\/www.cope.es\/blogs\/saboreando\/2024\/06\/10\/el-jardin-de-castillo-pone-la-guinda-en-la-fiesta-de-la-cereza\/","name":"\u201cEL JARD\u00cdN DE CASTILLO\u201d, PONE LA GUINDA EN LA FIESTA DE LA CEREZA - Saboreando","isPartOf":{"@id":"https:\/\/www.cope.es\/blogs\/saboreando\/#website"},"primaryImageOfPage":{"@id":"https:\/\/www.cope.es\/blogs\/saboreando\/2024\/06\/10\/el-jardin-de-castillo-pone-la-guinda-en-la-fiesta-de-la-cereza\/#primaryimage"},"image":{"@id":"https:\/\/www.cope.es\/blogs\/saboreando\/2024\/06\/10\/el-jardin-de-castillo-pone-la-guinda-en-la-fiesta-de-la-cereza\/#primaryimage"},"thumbnailUrl":"https:\/\/www.cope.es\/blogs\/saboreando\/wp-content\/uploads\/sites\/4\/2024\/06\/Fiesta-de-la-cereza-39nnn-1.png","datePublished":"2024-06-10T14:11:43+00:00","dateModified":"2024-06-10T14:21:33+00:00","author":{"@id":"https:\/\/www.cope.es\/blogs\/saboreando\/#\/schema\/person\/9c54060a0163ede44b2637b8b3c17bfc"},"breadcrumb":{"@id":"https:\/\/www.cope.es\/blogs\/saboreando\/2024\/06\/10\/el-jardin-de-castillo-pone-la-guinda-en-la-fiesta-de-la-cereza\/#breadcrumb"},"inLanguage":"es","potentialAction":[{"@type":"ReadAction","target":["https:\/\/www.cope.es\/blogs\/saboreando\/2024\/06\/10\/el-jardin-de-castillo-pone-la-guinda-en-la-fiesta-de-la-cereza\/"]}]},{"@type":"ImageObject","inLanguage":"es","@id":"https:\/\/www.cope.es\/blogs\/saboreando\/2024\/06\/10\/el-jardin-de-castillo-pone-la-guinda-en-la-fiesta-de-la-cereza\/#primaryimage","url":"https:\/\/www.cope.es\/blogs\/saboreando\/wp-content\/uploads\/sites\/4\/2024\/06\/Fiesta-de-la-cereza-39nnn-1.png","contentUrl":"https:\/\/www.cope.es\/blogs\/saboreando\/wp-content\/uploads\/sites\/4\/2024\/06\/Fiesta-de-la-cereza-39nnn-1.png","width":3233,"height":1399},{"@type":"BreadcrumbList","@id":"https:\/\/www.cope.es\/blogs\/saboreando\/2024\/06\/10\/el-jardin-de-castillo-pone-la-guinda-en-la-fiesta-de-la-cereza\/#breadcrumb","itemListElement":[{"@type":"ListItem","position":1,"name":"Portada","item":"https:\/\/www.cope.es\/blogs\/saboreando\/"},{"@type":"ListItem","position":2,"name":"\u201cEL JARD\u00cdN DE CASTILLO\u201d, PONE LA GUINDA EN LA FIESTA DE LA CEREZA"}]},{"@type":"WebSite","@id":"https:\/\/www.cope.es\/blogs\/saboreando\/#website","url":"https:\/\/www.cope.es\/blogs\/saboreando\/","name":"Saboreando","description":"Saboreando  un blogs de COPE","potentialAction":[{"@type":"SearchAction","target":{"@type":"EntryPoint","urlTemplate":"https:\/\/www.cope.es\/blogs\/saboreando\/?s={search_term_string}"},"query-input":{"@type":"PropertyValueSpecification","valueRequired":true,"valueName":"search_term_string"}}],"inLanguage":"es"},{"@type":"Person","@id":"https:\/\/www.cope.es\/blogs\/saboreando\/#\/schema\/person\/9c54060a0163ede44b2637b8b3c17bfc","name":"Pepe Oneto","image":{"@type":"ImageObject","inLanguage":"es","@id":"https:\/\/secure.gravatar.com\/avatar\/3c9c73d40e366bddd1bf412d7a907e61e897a1204d1dea3f22b11449aaeb65b9?s=96&d=mm&r=g","url":"https:\/\/secure.gravatar.com\/avatar\/3c9c73d40e366bddd1bf412d7a907e61e897a1204d1dea3f22b11449aaeb65b9?s=96&d=mm&r=g","contentUrl":"https:\/\/secure.gravatar.com\/avatar\/3c9c73d40e366bddd1bf412d7a907e61e897a1204d1dea3f22b11449aaeb65b9?s=96&d=mm&r=g","caption":"Pepe Oneto"},"description":"Adem\u00e1s de cocinero y docente culinario, comunicador gastron\u00f3mico en radio, televisi\u00f3n, prensa escrita e Internet. Articulista y escritor sobre gastronom\u00eda en general. Vinculado al mundo de los fogones desde hace m\u00e1s de 50 a\u00f1os ininterrumpidamente tanto de manera profesional como en forma de hobby por ser la cocina su gran pasi\u00f3n, actualmente presta sus servicios profesionales en la Junta de Andaluc\u00eda donde ejerce dentro del Cuerpo de Direcci\u00f3n de Cocina. A lo largo de su carrera, por su trayectoria profesional ha recibido numerosos premios, distinciones y reconocimientos tanto de instituciones p\u00fablicas como privadas. En la actualidad preside la Federaci\u00f3n Andaluza de Cofrad\u00edas y Asociaciones Gastron\u00f3micas (FECOAN) y la Cofrad\u00eda Gastron\u00f3mica \u201cLos Esteros\u201d, de la Bah\u00eda de C\u00e1diz, adem\u00e1s de ser el coordinador general de la Academia del Gazpacho Andaluz (AGA)","sameAs":["http:\/\/www.cope.es","https:\/\/www.facebook.com\/pepeoneto.oneto","https:\/\/x.com\/pepeoneto"],"url":"https:\/\/www.cope.es\/blogs\/saboreando\/author\/oneto\/"}]}},"amp_enabled":true,"_links":{"self":[{"href":"https:\/\/www.cope.es\/blogs\/saboreando\/wp-json\/wp\/v2\/posts\/2313","targetHints":{"allow":["GET"]}}],"collection":[{"href":"https:\/\/www.cope.es\/blogs\/saboreando\/wp-json\/wp\/v2\/posts"}],"about":[{"href":"https:\/\/www.cope.es\/blogs\/saboreando\/wp-json\/wp\/v2\/types\/post"}],"author":[{"embeddable":true,"href":"https:\/\/www.cope.es\/blogs\/saboreando\/wp-json\/wp\/v2\/users\/4"}],"replies":[{"embeddable":true,"href":"https:\/\/www.cope.es\/blogs\/saboreando\/wp-json\/wp\/v2\/comments?post=2313"}],"version-history":[{"count":2,"href":"https:\/\/www.cope.es\/blogs\/saboreando\/wp-json\/wp\/v2\/posts\/2313\/revisions"}],"predecessor-version":[{"id":2323,"href":"https:\/\/www.cope.es\/blogs\/saboreando\/wp-json\/wp\/v2\/posts\/2313\/revisions\/2323"}],"wp:featuredmedia":[{"embeddable":true,"href":"https:\/\/www.cope.es\/blogs\/saboreando\/wp-json\/wp\/v2\/media\/2322"}],"wp:attachment":[{"href":"https:\/\/www.cope.es\/blogs\/saboreando\/wp-json\/wp\/v2\/media?parent=2313"}],"wp:term":[{"taxonomy":"category","embeddable":true,"href":"https:\/\/www.cope.es\/blogs\/saboreando\/wp-json\/wp\/v2\/categories?post=2313"},{"taxonomy":"post_tag","embeddable":true,"href":"https:\/\/www.cope.es\/blogs\/saboreando\/wp-json\/wp\/v2\/tags?post=2313"}],"curies":[{"name":"wp","href":"https:\/\/api.w.org\/{rel}","templated":true}]}}