{"id":9,"date":"2018-09-11T15:12:32","date_gmt":"2018-09-11T13:12:32","guid":{"rendered":"http:\/\/www.cope.es\/blogs\/pateando-a-coruna\/?p=9"},"modified":"2019-04-05T10:07:02","modified_gmt":"2019-04-05T08:07:02","slug":"calle-maestranza-pasado-militar-y-presente-universitario","status":"publish","type":"post","link":"https:\/\/www.cope.es\/blogs\/pateando-a-coruna\/2018\/09\/11\/calle-maestranza-pasado-militar-y-presente-universitario\/","title":{"rendered":"Calle Maestranza: pasado militar y presente universitario"},"content":{"rendered":"<div class=\"wp-playlist wp-audio-playlist wp-playlist-light\">\n\t\t\t<div class=\"wp-playlist-current-item\"><\/div>\n\t\t<audio controls=\"controls\" preload=\"none\" width=\"452\"\n\t\t\t><\/audio>\n\t<div class=\"wp-playlist-next\"><\/div>\n\t<div class=\"wp-playlist-prev\"><\/div>\n\t<noscript>\n\t<ol>\n\t\t<li><a href='https:\/\/www.cope.es\/blogs\/pateando-a-coruna\/wp-content\/uploads\/sites\/30\/2018\/09\/2018-09-11-REPOR-MAESTRANZA.mp3'>Reportaje sobre la Calle Maestranza<\/a><\/li><li><a href='https:\/\/www.cope.es\/blogs\/pateando-a-coruna\/wp-content\/uploads\/sites\/30\/2018\/09\/11-09-RECTOR.mp3'>Entrevista al rector de la Universidad de A Coru\u00f1a, Julio Abalde<\/a><\/li>\t<\/ol>\n\t<\/noscript>\n\t<script type=\"application\/json\" class=\"wp-playlist-script\">{\"type\":\"audio\",\"tracklist\":true,\"tracknumbers\":true,\"images\":true,\"artists\":true,\"tracks\":[{\"src\":\"https:\/\/www.cope.es\/blogs\/pateando-a-coruna\/wp-content\/uploads\/sites\/30\/2018\/09\/2018-09-11-REPOR-MAESTRANZA.mp3\",\"type\":\"audio\/mpeg\",\"title\":\"Reportaje sobre la Calle Maestranza\",\"caption\":\"\",\"description\":\"Reportaje sobre la Calle Maestranza emitido en COPE M\\u00c1S Coru\\u00f1a el 11\/9\/18\",\"meta\":{\"length_formatted\":\"6:55\"},\"image\":{\"src\":\"https:\/\/www.cope.es\/blogs\/pateando-a-coruna\/wp-includes\/images\/media\/audio.svg\",\"width\":48,\"height\":64},\"thumb\":{\"src\":\"https:\/\/www.cope.es\/blogs\/pateando-a-coruna\/wp-includes\/images\/media\/audio.svg\",\"width\":48,\"height\":64}},{\"src\":\"https:\/\/www.cope.es\/blogs\/pateando-a-coruna\/wp-content\/uploads\/sites\/30\/2018\/09\/11-09-RECTOR.mp3\",\"type\":\"audio\/mpeg\",\"title\":\"Entrevista al rector de la Universidad de A Coru\\u00f1a, Julio Abalde\",\"caption\":\"\",\"description\":\"Entrevista al rector de la Universidad de A Coru\\u00f1a, Julio Abalde\",\"meta\":{\"length_formatted\":\"8:44\"},\"image\":{\"src\":\"https:\/\/www.cope.es\/blogs\/pateando-a-coruna\/wp-includes\/images\/media\/audio.svg\",\"width\":48,\"height\":64},\"thumb\":{\"src\":\"https:\/\/www.cope.es\/blogs\/pateando-a-coruna\/wp-includes\/images\/media\/audio.svg\",\"width\":48,\"height\":64}}]}<\/script>\n<\/div>\n\t\n<p><span style=\"color: #333333\"><span style=\"font-family: Times New Roman, serif\"><span style=\"font-size: large\">El nombre de la <strong>Calle Maestranza<\/strong> nos da una pista de lo que era no hace demasiado tiempo: aqu\u00ed se ubicaba la <strong>Maestranza de Artiller\u00eda<\/strong>, donde se constru\u00edan piezas para reparar y conservar los ca\u00f1ones o los fusiles del Ej\u00e9rcito. Su creaci\u00f3n fue ordenada en el <strong>siglo XVIII<\/strong> por el rey <strong>Fernando VI<\/strong>, y tuvo que librar su particular guerra hasta su forma definitiva. El edificio que hab\u00eda dise\u00f1ado el ingeniero militar <strong>Francisco Llobet<\/strong> comenz\u00f3 a levantarse en <strong>1752<\/strong>. <\/span><\/span><\/span><span style=\"color: #333333\"><span style=\"font-family: Times New Roman, serif\"><span style=\"font-size: large\">Pero las obras generaron las <strong>protestas<\/strong> de los vecinos, que en aquellos tiempos eran los conventos de la zona: Santa B\u00e1rbara, Santo Domingo y el m\u00e1s pr\u00f3ximo, San Francisco, que alegaba que invad\u00eda sus territorios.<\/span><\/span><\/span><\/p>\n<p><img loading=\"lazy\" decoding=\"async\" width=\"300\" height=\"225\" class=\"alignnone size-medium wp-image-10\" src=\"http:\/\/www.cope.es\/blogs\/pateando-a-coruna\/wp-content\/uploads\/sites\/30\/2018\/09\/00.-Calle-Maestranza-Placa-300x225.jpg\" alt=\"\" srcset=\"https:\/\/www.cope.es\/blogs\/pateando-a-coruna\/wp-content\/uploads\/sites\/30\/2018\/09\/00.-Calle-Maestranza-Placa-300x225.jpg 300w, https:\/\/www.cope.es\/blogs\/pateando-a-coruna\/wp-content\/uploads\/sites\/30\/2018\/09\/00.-Calle-Maestranza-Placa-768x576.jpg 768w, https:\/\/www.cope.es\/blogs\/pateando-a-coruna\/wp-content\/uploads\/sites\/30\/2018\/09\/00.-Calle-Maestranza-Placa-1024x768.jpg 1024w\" sizes=\"auto, (max-width: 300px) 100vw, 300px\" \/><\/p>\n<p><span style=\"color: #333333\"><span style=\"font-family: Times New Roman, serif\"><span style=\"font-size: large\"> Los trabajos se paralizaron, hubo compensaciones a la Iglesia y dos a\u00f1os despu\u00e9s el edificio se terminar\u00eda y se utilizar\u00eda como almac\u00e9n. No fue hasta <strong>1771<\/strong> cuando se retoma el impulso de dotar a la ciudad de estos talleres militares, y as\u00ed surge el proyecto del ingeniero <strong>Baltasar Ricaud<\/strong>. con una planta en forma de hex\u00e1gono irregular y un gran patio porticado que conservar\u00eda su uso militar hasta pasada la segunda mitad del siglo XX.<\/span><\/span><\/span><\/p>\n<p><span style=\"color: #333333\"><span style=\"font-family: Times New Roman, serif\"><span style=\"font-size: large\">En <strong>1984<\/strong> la Maestranza, entre otros terrenos propiedad del Ej\u00e9rcito,<strong> pasa a manos del Ayuntamiento de A Coru\u00f1a<\/strong>, que 10 a\u00f1os despu\u00e9s inaugurar\u00eda all\u00ed el edificio m\u00e1s destacado de esta calle<\/span><\/span><\/span><\/p>\n<p><span style=\"color: #333333\"><span style=\"font-family: Times New Roman, serif\"><span style=\"font-size: large\"><b>El edifi<\/b><\/span><\/span><\/span><span style=\"font-family: Times New Roman, serif\"><span style=\"font-size: large\"><b>cio del R<\/b><\/span><\/span><b style=\"font-size: large;font-family: 'Times New Roman', serif\">ectorado\u00a0<\/b><\/p>\n<p><img loading=\"lazy\" decoding=\"async\" width=\"300\" height=\"225\" class=\"alignnone size-medium wp-image-12\" src=\"http:\/\/www.cope.es\/blogs\/pateando-a-coruna\/wp-content\/uploads\/sites\/30\/2018\/09\/01-Rectorado-placa-inauguraci\u00f3n-300x225.jpg\" alt=\"\" srcset=\"https:\/\/www.cope.es\/blogs\/pateando-a-coruna\/wp-content\/uploads\/sites\/30\/2018\/09\/01-Rectorado-placa-inauguraci\u00f3n-300x225.jpg 300w, https:\/\/www.cope.es\/blogs\/pateando-a-coruna\/wp-content\/uploads\/sites\/30\/2018\/09\/01-Rectorado-placa-inauguraci\u00f3n-768x576.jpg 768w, https:\/\/www.cope.es\/blogs\/pateando-a-coruna\/wp-content\/uploads\/sites\/30\/2018\/09\/01-Rectorado-placa-inauguraci\u00f3n-1024x768.jpg 1024w\" sizes=\"auto, (max-width: 300px) 100vw, 300px\" \/><img loading=\"lazy\" decoding=\"async\" width=\"300\" height=\"225\" class=\"alignnone size-medium wp-image-11\" src=\"http:\/\/www.cope.es\/blogs\/pateando-a-coruna\/wp-content\/uploads\/sites\/30\/2018\/09\/01-Rectorado-placa-1-300x225.jpg\" alt=\"\" srcset=\"https:\/\/www.cope.es\/blogs\/pateando-a-coruna\/wp-content\/uploads\/sites\/30\/2018\/09\/01-Rectorado-placa-1-300x225.jpg 300w, https:\/\/www.cope.es\/blogs\/pateando-a-coruna\/wp-content\/uploads\/sites\/30\/2018\/09\/01-Rectorado-placa-1-768x576.jpg 768w, https:\/\/www.cope.es\/blogs\/pateando-a-coruna\/wp-content\/uploads\/sites\/30\/2018\/09\/01-Rectorado-placa-1-1024x768.jpg 1024w\" sizes=\"auto, (max-width: 300px) 100vw, 300px\" \/><\/p>\n<p><span style=\"color: #333333\"><span style=\"font-family: Times New Roman, serif\"><span style=\"font-size: large\">Fue en <strong>1994<\/strong> c<\/span><\/span><\/span><span style=\"font-family: Times New Roman, serif\"><span style=\"font-size: large\">ua<\/span><\/span><span style=\"font-size: large;font-family: 'Times New Roman', serif\">ndo la Maestranza de Artiller\u00eda cambi\u00f3 el sonido de las fraguas por el del Gaudeamus y los uniformes militares por los birretes, con la <strong>inauguraci\u00f3n<\/strong> en el inmueble de la sede del <a href=\"https:\/\/www.udc.es\/es\/sobreUDC\/localizacion\/corunha\/maestranza\/reitoria\/\" target=\"_blank\"><strong>Rectorado de la Universidade da Coru\u00f1a<\/strong><\/a>, tras una remodelaci\u00f3n que cost\u00f3 mil millones de pesetas. <\/span><\/p>\n<p><span style=\"font-size: large;font-family: 'Times New Roman', serif\">Desde Jos\u00e9 Luis Meil\u00e1n a Julio Abalde han pasado cuatro rectores por este inmueble que conserva por fuera parte de su aspecto <strong>neocl\u00e1sico<\/strong> original pero que fue completamente remozado para poder habilitar en su interior oficinas y despachos, por lo que es <strong>moderno y funcional por dentro.<\/strong><\/span><\/p>\n<p><img loading=\"lazy\" decoding=\"async\" width=\"300\" height=\"225\" class=\"alignnone size-medium wp-image-13\" src=\"http:\/\/www.cope.es\/blogs\/pateando-a-coruna\/wp-content\/uploads\/sites\/30\/2018\/09\/02-Rectorado-con-gaivotas-e-arcos-300x225.jpg\" alt=\"\" srcset=\"https:\/\/www.cope.es\/blogs\/pateando-a-coruna\/wp-content\/uploads\/sites\/30\/2018\/09\/02-Rectorado-con-gaivotas-e-arcos-300x225.jpg 300w, https:\/\/www.cope.es\/blogs\/pateando-a-coruna\/wp-content\/uploads\/sites\/30\/2018\/09\/02-Rectorado-con-gaivotas-e-arcos-768x576.jpg 768w, https:\/\/www.cope.es\/blogs\/pateando-a-coruna\/wp-content\/uploads\/sites\/30\/2018\/09\/02-Rectorado-con-gaivotas-e-arcos-1024x768.jpg 1024w\" sizes=\"auto, (max-width: 300px) 100vw, 300px\" \/><\/p>\n<p><span style=\"color: #333333\"><span style=\"font-family: Times New Roman, serif\"><span style=\"font-size: large\">De todas las estancias, destaca la del <strong>Paraninfo<\/strong>, el principal sal\u00f3n de actos universitario que, cuando descorre sus cortinas, asombra a los asistentes con un enorme <strong>ventanal al mar.<\/strong> Y esta vista es tambi\u00e9n uno de los atractivos de la <strong>cafeter\u00eda<\/strong>. La falta de establecimientos hosteleros en esta calle Maestranza, unida a un men\u00fa del d\u00eda de precio universitario, hace que el local se llene habitualmente de familiares que acompa\u00f1an a pacientes al Hospital Abente y Lago. Con ellos, toman el caf\u00e9 cada d\u00eda unos<strong> 120 trabajadores<\/strong> del edificio acad\u00e9mico. <\/span><\/span><\/span><\/p>\n<p><img loading=\"lazy\" decoding=\"async\" width=\"300\" height=\"225\" class=\"alignnone size-medium wp-image-14\" src=\"http:\/\/www.cope.es\/blogs\/pateando-a-coruna\/wp-content\/uploads\/sites\/30\/2018\/09\/03-Rectorado-Cafeter\u00eda-300x225.jpg\" alt=\"\" srcset=\"https:\/\/www.cope.es\/blogs\/pateando-a-coruna\/wp-content\/uploads\/sites\/30\/2018\/09\/03-Rectorado-Cafeter\u00eda-300x225.jpg 300w, https:\/\/www.cope.es\/blogs\/pateando-a-coruna\/wp-content\/uploads\/sites\/30\/2018\/09\/03-Rectorado-Cafeter\u00eda-768x576.jpg 768w, https:\/\/www.cope.es\/blogs\/pateando-a-coruna\/wp-content\/uploads\/sites\/30\/2018\/09\/03-Rectorado-Cafeter\u00eda-1024x768.jpg 1024w\" sizes=\"auto, (max-width: 300px) 100vw, 300px\" \/><img loading=\"lazy\" decoding=\"async\" width=\"300\" height=\"225\" class=\"alignnone size-medium wp-image-15\" src=\"http:\/\/www.cope.es\/blogs\/pateando-a-coruna\/wp-content\/uploads\/sites\/30\/2018\/09\/04-Rectorado-entrada-300x225.jpg\" alt=\"\" srcset=\"https:\/\/www.cope.es\/blogs\/pateando-a-coruna\/wp-content\/uploads\/sites\/30\/2018\/09\/04-Rectorado-entrada-300x225.jpg 300w, https:\/\/www.cope.es\/blogs\/pateando-a-coruna\/wp-content\/uploads\/sites\/30\/2018\/09\/04-Rectorado-entrada-768x576.jpg 768w, https:\/\/www.cope.es\/blogs\/pateando-a-coruna\/wp-content\/uploads\/sites\/30\/2018\/09\/04-Rectorado-entrada-1024x768.jpg 1024w\" sizes=\"auto, (max-width: 300px) 100vw, 300px\" \/><\/p>\n<p>&nbsp;<\/p>\n<p><span style=\"color: #333333\"><span style=\"font-family: Times New Roman, serif\"><span style=\"font-size: large\"><b>Menos tr\u00e1fico y m\u00e1s silencio <\/b><\/span><\/span><\/span><\/p>\n<p><span style=\"color: #333333\"><span style=\"font-family: Times New Roman, serif\"><span style=\"font-size: large\">En la calle Maestranza tambi\u00e9n se oye con frecuencia a las <strong>gaviotas<\/strong> que anidan en el Rectorado o el\u00a0<strong>sonido de ni\u00f1os.<\/strong> Es habitual que resuene en el exterior el bullicio de las <strong>escuelas infantiles, el <a href=\"http:\/\/www.edu.xunta.gal\/centros\/ceipcidadevella\/\" target=\"_blank\">CEIP Cidade Vella<\/a>\u00a0<\/strong>o el <a href=\"http:\/\/www.coruna.fesd.es\/\" target=\"_blank\"><strong>colegio Dominicos<\/strong><\/a>, que lindan en su parte trasera con esta calle y cuyos edificios sostienen los restos de uno de los tramos que quedan de la<strong> muralla de la Ciudad Vieja<\/strong>, con la maleza perfectamente integrada entre la piedra.<\/span><\/span><\/span><\/p>\n<p><span style=\"color: #333333\"><span style=\"font-family: Times New Roman, serif\"><span style=\"font-size: large\">De todas formas, esta Maestranza es cada vez m\u00e1s silenciosa. Los sucesivos cambios de circulaci\u00f3n la han hecho <strong>de sentido \u00fanico<\/strong>, direcci\u00f3n Campo da Estrada, y han reducido la presencia de <strong>autobuses<\/strong>. Ahora solo circulan cuando van hacia Orillamar, pero cuando vuelven lo hacen por el Paseo Mar\u00edtimo. <\/span><\/span><\/span><\/p>\n<p><span style=\"color: #333333\"><span style=\"font-family: Times New Roman, serif\"><span style=\"font-size: large\">Los cambios para hacer peatonal la Ciudad Vieja han te\u00f1ido de <strong>amarillo<\/strong> parte de las plazas de aparcamiento, ahora<strong> reservadas a residentes y trabajadores<\/strong> del casco hist\u00f3rico.<\/span><\/span><\/span><\/p>\n<p><img loading=\"lazy\" decoding=\"async\" width=\"300\" height=\"225\" class=\"alignnone size-medium wp-image-16\" src=\"http:\/\/www.cope.es\/blogs\/pateando-a-coruna\/wp-content\/uploads\/sites\/30\/2018\/09\/05-Muralla-Maestranza-con-maleza-300x225.jpg\" alt=\"\" srcset=\"https:\/\/www.cope.es\/blogs\/pateando-a-coruna\/wp-content\/uploads\/sites\/30\/2018\/09\/05-Muralla-Maestranza-con-maleza-300x225.jpg 300w, https:\/\/www.cope.es\/blogs\/pateando-a-coruna\/wp-content\/uploads\/sites\/30\/2018\/09\/05-Muralla-Maestranza-con-maleza-768x576.jpg 768w, https:\/\/www.cope.es\/blogs\/pateando-a-coruna\/wp-content\/uploads\/sites\/30\/2018\/09\/05-Muralla-Maestranza-con-maleza-1024x768.jpg 1024w\" sizes=\"auto, (max-width: 300px) 100vw, 300px\" \/><img loading=\"lazy\" decoding=\"async\" width=\"300\" height=\"225\" class=\"alignnone size-medium wp-image-17\" src=\"http:\/\/www.cope.es\/blogs\/pateando-a-coruna\/wp-content\/uploads\/sites\/30\/2018\/09\/06-Maestranza-parking-reservado-residentes-300x225.jpg\" alt=\"\" srcset=\"https:\/\/www.cope.es\/blogs\/pateando-a-coruna\/wp-content\/uploads\/sites\/30\/2018\/09\/06-Maestranza-parking-reservado-residentes-300x225.jpg 300w, https:\/\/www.cope.es\/blogs\/pateando-a-coruna\/wp-content\/uploads\/sites\/30\/2018\/09\/06-Maestranza-parking-reservado-residentes-768x576.jpg 768w, https:\/\/www.cope.es\/blogs\/pateando-a-coruna\/wp-content\/uploads\/sites\/30\/2018\/09\/06-Maestranza-parking-reservado-residentes-1024x768.jpg 1024w\" sizes=\"auto, (max-width: 300px) 100vw, 300px\" \/><\/p>\n<p>&nbsp;<\/p>\n<p><span style=\"color: #333333\"><span style=\"font-family: Times New Roman, serif\"><span style=\"font-size: large\">Han pasado algo m\u00e1s de dos meses desde los cambios. De momento, queda mucho despistado y bastante margen de mejora, a tenor de las <strong>500 sanciones<\/strong> impuestas por la Polic\u00eda Local por invasi\u00f3n de los lugares reservados desde el inicio de la peatonalizaci\u00f3n de la Ciudad Vieja, en junio de 2018 y las invasiones puntuales de veh\u00edculos que circulan<strong> en sentido contrario<\/strong> en direcci\u00f3n a San Carlos.\u00a0<\/span><\/span><\/span><\/p>\n<p><span style=\"color: #333333\"><span style=\"font-family: Times New Roman, serif\"><span style=\"font-size: large\"><b>Aceras m\u00e1s anchas en la v\u00eda sin comercio<\/b><\/span><\/span><\/span><\/p>\n<p><span style=\"color: #333333\"><span style=\"font-family: Times New Roman, serif\"><span style=\"font-size: large\">Residentes hay unos cuantos, desde los vecinos de los <strong>grandes edificios<\/strong> frente al Campo da Estrada a los inquilinos de la azul<strong> residencia militar,<\/strong> custodiada por una gran palmera y una bandera de Espa\u00f1a.\u00a0Lo que no encontramos en Maestranza son comercios. El \u00faltimo fue la<strong> Librer\u00eda Eclipse<\/strong>, todav\u00eda con su letrero pero con la valla met\u00e1lica permanentemente cerrada. <\/span><\/span><\/span><\/p>\n<p><img loading=\"lazy\" decoding=\"async\" width=\"300\" height=\"225\" class=\"alignnone size-medium wp-image-20\" src=\"http:\/\/www.cope.es\/blogs\/pateando-a-coruna\/wp-content\/uploads\/sites\/30\/2018\/09\/07-Residencia-militar--300x225.jpg\" alt=\"\" srcset=\"https:\/\/www.cope.es\/blogs\/pateando-a-coruna\/wp-content\/uploads\/sites\/30\/2018\/09\/07-Residencia-militar--300x225.jpg 300w, https:\/\/www.cope.es\/blogs\/pateando-a-coruna\/wp-content\/uploads\/sites\/30\/2018\/09\/07-Residencia-militar--768x576.jpg 768w, https:\/\/www.cope.es\/blogs\/pateando-a-coruna\/wp-content\/uploads\/sites\/30\/2018\/09\/07-Residencia-militar--1024x768.jpg 1024w\" sizes=\"auto, (max-width: 300px) 100vw, 300px\" \/><img loading=\"lazy\" decoding=\"async\" width=\"300\" height=\"225\" class=\"alignnone size-medium wp-image-18\" src=\"http:\/\/www.cope.es\/blogs\/pateando-a-coruna\/wp-content\/uploads\/sites\/30\/2018\/09\/07-Edificio-Campo-Estrada-300x225.jpg\" alt=\"\" srcset=\"https:\/\/www.cope.es\/blogs\/pateando-a-coruna\/wp-content\/uploads\/sites\/30\/2018\/09\/07-Edificio-Campo-Estrada-300x225.jpg 300w, https:\/\/www.cope.es\/blogs\/pateando-a-coruna\/wp-content\/uploads\/sites\/30\/2018\/09\/07-Edificio-Campo-Estrada-768x576.jpg 768w, https:\/\/www.cope.es\/blogs\/pateando-a-coruna\/wp-content\/uploads\/sites\/30\/2018\/09\/07-Edificio-Campo-Estrada-1024x768.jpg 1024w\" sizes=\"auto, (max-width: 300px) 100vw, 300px\" \/><img loading=\"lazy\" decoding=\"async\" width=\"300\" height=\"225\" class=\"alignnone size-medium wp-image-19\" src=\"http:\/\/www.cope.es\/blogs\/pateando-a-coruna\/wp-content\/uploads\/sites\/30\/2018\/09\/07-Edificios-cores-300x225.jpg\" alt=\"\" srcset=\"https:\/\/www.cope.es\/blogs\/pateando-a-coruna\/wp-content\/uploads\/sites\/30\/2018\/09\/07-Edificios-cores-300x225.jpg 300w, https:\/\/www.cope.es\/blogs\/pateando-a-coruna\/wp-content\/uploads\/sites\/30\/2018\/09\/07-Edificios-cores-768x576.jpg 768w, https:\/\/www.cope.es\/blogs\/pateando-a-coruna\/wp-content\/uploads\/sites\/30\/2018\/09\/07-Edificios-cores-1024x768.jpg 1024w\" sizes=\"auto, (max-width: 300px) 100vw, 300px\" \/><img loading=\"lazy\" decoding=\"async\" width=\"300\" height=\"225\" class=\"alignnone size-medium wp-image-21\" src=\"http:\/\/www.cope.es\/blogs\/pateando-a-coruna\/wp-content\/uploads\/sites\/30\/2018\/09\/08-Librer\u00eda-Eclipse-SEN-Pintada-300x225.jpg\" alt=\"\" srcset=\"https:\/\/www.cope.es\/blogs\/pateando-a-coruna\/wp-content\/uploads\/sites\/30\/2018\/09\/08-Librer\u00eda-Eclipse-SEN-Pintada-300x225.jpg 300w, https:\/\/www.cope.es\/blogs\/pateando-a-coruna\/wp-content\/uploads\/sites\/30\/2018\/09\/08-Librer\u00eda-Eclipse-SEN-Pintada-768x576.jpg 768w, https:\/\/www.cope.es\/blogs\/pateando-a-coruna\/wp-content\/uploads\/sites\/30\/2018\/09\/08-Librer\u00eda-Eclipse-SEN-Pintada-1024x768.jpg 1024w\" sizes=\"auto, (max-width: 300px) 100vw, 300px\" \/><\/p>\n<p>&nbsp;<\/p>\n<p><span style=\"color: #333333\"><span style=\"font-family: Times New Roman, serif\"><span style=\"font-size: large\">El busto del escritor <strong>Miguel Gonz\u00e1lez Garc\u00e9s<\/strong>, monumento que divide las dos partes diferenciadas de la calle Maestranza, ha sido testigo de unas cuantas obras este verano. Las modificaciones est\u00e1n por terminar, tal y como habla el propio pavimento de esta v\u00eda, con<strong> pintura blanca y parches un poco confusos.<\/strong> Se ve un <strong>paso de cebra<\/strong> situado en una zona distinta a donde est\u00e1 rebajada la acera para carritos y sillas de ruedas. <\/span><\/span><\/span><\/p>\n<p><img loading=\"lazy\" decoding=\"async\" width=\"300\" height=\"225\" class=\"alignnone size-medium wp-image-22\" src=\"http:\/\/www.cope.es\/blogs\/pateando-a-coruna\/wp-content\/uploads\/sites\/30\/2018\/09\/09-Miguel-Gonz\u00e1lez-Garc\u00e9s-300x225.jpg\" alt=\"\" srcset=\"https:\/\/www.cope.es\/blogs\/pateando-a-coruna\/wp-content\/uploads\/sites\/30\/2018\/09\/09-Miguel-Gonz\u00e1lez-Garc\u00e9s-300x225.jpg 300w, https:\/\/www.cope.es\/blogs\/pateando-a-coruna\/wp-content\/uploads\/sites\/30\/2018\/09\/09-Miguel-Gonz\u00e1lez-Garc\u00e9s-768x576.jpg 768w, https:\/\/www.cope.es\/blogs\/pateando-a-coruna\/wp-content\/uploads\/sites\/30\/2018\/09\/09-Miguel-Gonz\u00e1lez-Garc\u00e9s-1024x768.jpg 1024w\" sizes=\"auto, (max-width: 300px) 100vw, 300px\" \/><img loading=\"lazy\" decoding=\"async\" width=\"300\" height=\"225\" class=\"alignnone size-medium wp-image-23\" src=\"http:\/\/www.cope.es\/blogs\/pateando-a-coruna\/wp-content\/uploads\/sites\/30\/2018\/09\/10.-Pintado-desastroso-300x225.jpg\" alt=\"\" srcset=\"https:\/\/www.cope.es\/blogs\/pateando-a-coruna\/wp-content\/uploads\/sites\/30\/2018\/09\/10.-Pintado-desastroso-300x225.jpg 300w, https:\/\/www.cope.es\/blogs\/pateando-a-coruna\/wp-content\/uploads\/sites\/30\/2018\/09\/10.-Pintado-desastroso-768x576.jpg 768w, https:\/\/www.cope.es\/blogs\/pateando-a-coruna\/wp-content\/uploads\/sites\/30\/2018\/09\/10.-Pintado-desastroso-1024x768.jpg 1024w\" sizes=\"auto, (max-width: 300px) 100vw, 300px\" \/><img loading=\"lazy\" decoding=\"async\" width=\"300\" height=\"225\" class=\"alignnone size-medium wp-image-24\" src=\"http:\/\/www.cope.es\/blogs\/pateando-a-coruna\/wp-content\/uploads\/sites\/30\/2018\/09\/11-Pintado-desastroso-2-paso-de-cebra-300x225.jpg\" alt=\"\" srcset=\"https:\/\/www.cope.es\/blogs\/pateando-a-coruna\/wp-content\/uploads\/sites\/30\/2018\/09\/11-Pintado-desastroso-2-paso-de-cebra-300x225.jpg 300w, https:\/\/www.cope.es\/blogs\/pateando-a-coruna\/wp-content\/uploads\/sites\/30\/2018\/09\/11-Pintado-desastroso-2-paso-de-cebra-768x576.jpg 768w, https:\/\/www.cope.es\/blogs\/pateando-a-coruna\/wp-content\/uploads\/sites\/30\/2018\/09\/11-Pintado-desastroso-2-paso-de-cebra-1024x768.jpg 1024w\" sizes=\"auto, (max-width: 300px) 100vw, 300px\" \/><\/p>\n<p>&nbsp;<\/p>\n<p><span style=\"color: #333333\"> <span style=\"font-family: Times New Roman, serif\"><span style=\"font-size: large\">Desde hace unas semanas, las <strong>aceras<\/strong> en la zona m\u00e1s pr\u00f3xima al Colegio de Santo Domingo son <strong>m\u00e1s anchas<\/strong>, en teor\u00eda para hacer m\u00e1s f\u00e1cil la entrada y la salida al centro escolar, a pie. Lo que har\u00e1n los coches que inundaban el entorno del cole hasta ahora es una inc\u00f3gnita. Y es que el comienzo de curso, esta misma semana, ser\u00e1 todo <strong>un examen de septiembre<\/strong> para esta calle Maestranza <strong>anclada entre el pasado y el futuro <\/strong><\/span><\/span><\/span><\/p>\n<p><img loading=\"lazy\" decoding=\"async\" width=\"300\" height=\"225\" class=\"alignnone size-medium wp-image-26\" src=\"http:\/\/www.cope.es\/blogs\/pateando-a-coruna\/wp-content\/uploads\/sites\/30\/2018\/09\/12-Santo-Domingo-300x225.jpg\" alt=\"\" srcset=\"https:\/\/www.cope.es\/blogs\/pateando-a-coruna\/wp-content\/uploads\/sites\/30\/2018\/09\/12-Santo-Domingo-300x225.jpg 300w, https:\/\/www.cope.es\/blogs\/pateando-a-coruna\/wp-content\/uploads\/sites\/30\/2018\/09\/12-Santo-Domingo-768x576.jpg 768w, https:\/\/www.cope.es\/blogs\/pateando-a-coruna\/wp-content\/uploads\/sites\/30\/2018\/09\/12-Santo-Domingo-1024x768.jpg 1024w\" sizes=\"auto, (max-width: 300px) 100vw, 300px\" \/> <img loading=\"lazy\" decoding=\"async\" width=\"300\" height=\"225\" class=\"alignnone size-medium wp-image-25\" src=\"http:\/\/www.cope.es\/blogs\/pateando-a-coruna\/wp-content\/uploads\/sites\/30\/2018\/09\/12-Rectorado-xeometr\u00eda-300x225.jpg\" alt=\"\" srcset=\"https:\/\/www.cope.es\/blogs\/pateando-a-coruna\/wp-content\/uploads\/sites\/30\/2018\/09\/12-Rectorado-xeometr\u00eda-300x225.jpg 300w, https:\/\/www.cope.es\/blogs\/pateando-a-coruna\/wp-content\/uploads\/sites\/30\/2018\/09\/12-Rectorado-xeometr\u00eda-768x576.jpg 768w, https:\/\/www.cope.es\/blogs\/pateando-a-coruna\/wp-content\/uploads\/sites\/30\/2018\/09\/12-Rectorado-xeometr\u00eda-1024x768.jpg 1024w\" sizes=\"auto, (max-width: 300px) 100vw, 300px\" \/><\/p>\n","protected":false},"excerpt":{"rendered":"<p>El nombre de la Calle Maestranza nos da una pista de lo que era no hace demasiado tiempo: aqu\u00ed se ubicaba la Maestranza de Artiller\u00eda, donde se constru\u00edan piezas para reparar y conservar los ca\u00f1ones o los fusiles del Ej\u00e9rcito. Su creaci\u00f3n fue ordenada en el siglo XVIII por el rey Fernando VI, y tuvo [&hellip;]<\/p>\n","protected":false},"author":33,"featured_media":35,"comment_status":"open","ping_status":"open","sticky":false,"template":"","format":"standard","meta":{"footnotes":""},"categories":[11],"tags":[3,7,5,4],"class_list":["post-9","post","type-post","status-publish","format-standard","has-post-thumbnail","hentry","category-pateando-a-coruna","tag-calle","tag-cope","tag-coruna","tag-maestranza"],"yoast_head":"<!-- This site is optimized with the Yoast SEO plugin v27.4 - https:\/\/yoast.com\/product\/yoast-seo-wordpress\/ -->\n<title>Calle Maestranza: pasado militar y presente universitario - Pateando A Coru\u00f1a<\/title>\n<meta name=\"robots\" content=\"index, follow, max-snippet:-1, max-image-preview:large, max-video-preview:-1\" \/>\n<link rel=\"canonical\" href=\"https:\/\/www.cope.es\/blogs\/pateando-a-coruna\/2018\/09\/11\/calle-maestranza-pasado-militar-y-presente-universitario\/\" \/>\n<meta property=\"og:locale\" content=\"es_ES\" \/>\n<meta property=\"og:type\" content=\"article\" \/>\n<meta property=\"og:title\" content=\"Calle Maestranza: pasado militar y presente universitario - Pateando A Coru\u00f1a\" \/>\n<meta property=\"og:description\" content=\"El nombre de la Calle Maestranza nos da una pista de lo que era no hace demasiado tiempo: aqu\u00ed se ubicaba la Maestranza de Artiller\u00eda, donde se constru\u00edan piezas para reparar y conservar los ca\u00f1ones o los fusiles del Ej\u00e9rcito. Su creaci\u00f3n fue ordenada en el siglo XVIII por el rey Fernando VI, y tuvo [&hellip;]\" \/>\n<meta property=\"og:url\" content=\"https:\/\/www.cope.es\/blogs\/pateando-a-coruna\/2018\/09\/11\/calle-maestranza-pasado-militar-y-presente-universitario\/\" \/>\n<meta property=\"og:site_name\" content=\"Pateando A Coru\u00f1a\" \/>\n<meta property=\"article:publisher\" content=\"https:\/\/www.facebook.com\/cope\/\" \/>\n<meta property=\"article:published_time\" content=\"2018-09-11T13:12:32+00:00\" \/>\n<meta property=\"article:modified_time\" content=\"2019-04-05T08:07:02+00:00\" \/>\n<meta property=\"og:image\" content=\"https:\/\/www.cope.es\/blogs\/pateando-a-coruna\/wp-content\/uploads\/sites\/30\/2018\/09\/02-Rectorado-con-gaivotas-e-arcos-1.jpg\" \/>\n\t<meta property=\"og:image:width\" content=\"4127\" \/>\n\t<meta property=\"og:image:height\" content=\"2367\" \/>\n\t<meta property=\"og:image:type\" content=\"image\/jpeg\" \/>\n<meta name=\"author\" content=\"Noela Bao\" \/>\n<meta name=\"twitter:card\" content=\"summary_large_image\" \/>\n<meta name=\"twitter:creator\" content=\"@cope_es\" \/>\n<meta name=\"twitter:site\" content=\"@cope_es\" \/>\n<meta name=\"twitter:label1\" content=\"Escrito por\" \/>\n\t<meta name=\"twitter:data1\" content=\"Noela Bao\" \/>\n\t<meta name=\"twitter:label2\" content=\"Tiempo de lectura\" \/>\n\t<meta name=\"twitter:data2\" content=\"5 minutos\" \/>\n<script type=\"application\/ld+json\" class=\"yoast-schema-graph\">{\"@context\":\"https:\\\/\\\/schema.org\",\"@graph\":[{\"@type\":\"Article\",\"@id\":\"https:\\\/\\\/www.cope.es\\\/blogs\\\/pateando-a-coruna\\\/2018\\\/09\\\/11\\\/calle-maestranza-pasado-militar-y-presente-universitario\\\/#article\",\"isPartOf\":{\"@id\":\"https:\\\/\\\/www.cope.es\\\/blogs\\\/pateando-a-coruna\\\/2018\\\/09\\\/11\\\/calle-maestranza-pasado-militar-y-presente-universitario\\\/\"},\"author\":{\"name\":\"Noela Bao\",\"@id\":\"https:\\\/\\\/www.cope.es\\\/blogs\\\/pateando-a-coruna\\\/#\\\/schema\\\/person\\\/b705a4b1bffc5d94ca55f39d85d6e890\"},\"headline\":\"Calle Maestranza: pasado militar y presente universitario\",\"datePublished\":\"2018-09-11T13:12:32+00:00\",\"dateModified\":\"2019-04-05T08:07:02+00:00\",\"mainEntityOfPage\":{\"@id\":\"https:\\\/\\\/www.cope.es\\\/blogs\\\/pateando-a-coruna\\\/2018\\\/09\\\/11\\\/calle-maestranza-pasado-militar-y-presente-universitario\\\/\"},\"wordCount\":936,\"commentCount\":0,\"image\":{\"@id\":\"https:\\\/\\\/www.cope.es\\\/blogs\\\/pateando-a-coruna\\\/2018\\\/09\\\/11\\\/calle-maestranza-pasado-militar-y-presente-universitario\\\/#primaryimage\"},\"thumbnailUrl\":\"https:\\\/\\\/www.cope.es\\\/blogs\\\/pateando-a-coruna\\\/wp-content\\\/uploads\\\/sites\\\/30\\\/2018\\\/09\\\/02-Rectorado-con-gaivotas-e-arcos-1.jpg\",\"keywords\":[\"Calle\",\"Cope\",\"Coru\u00f1a\",\"Maestranza\"],\"articleSection\":[\"Pateando A Coru\u00f1a\"],\"inLanguage\":\"es\",\"potentialAction\":[{\"@type\":\"CommentAction\",\"name\":\"Comment\",\"target\":[\"https:\\\/\\\/www.cope.es\\\/blogs\\\/pateando-a-coruna\\\/2018\\\/09\\\/11\\\/calle-maestranza-pasado-militar-y-presente-universitario\\\/#respond\"]}]},{\"@type\":\"WebPage\",\"@id\":\"https:\\\/\\\/www.cope.es\\\/blogs\\\/pateando-a-coruna\\\/2018\\\/09\\\/11\\\/calle-maestranza-pasado-militar-y-presente-universitario\\\/\",\"url\":\"https:\\\/\\\/www.cope.es\\\/blogs\\\/pateando-a-coruna\\\/2018\\\/09\\\/11\\\/calle-maestranza-pasado-militar-y-presente-universitario\\\/\",\"name\":\"Calle Maestranza: pasado militar y presente universitario - Pateando A Coru\u00f1a\",\"isPartOf\":{\"@id\":\"https:\\\/\\\/www.cope.es\\\/blogs\\\/pateando-a-coruna\\\/#website\"},\"primaryImageOfPage\":{\"@id\":\"https:\\\/\\\/www.cope.es\\\/blogs\\\/pateando-a-coruna\\\/2018\\\/09\\\/11\\\/calle-maestranza-pasado-militar-y-presente-universitario\\\/#primaryimage\"},\"image\":{\"@id\":\"https:\\\/\\\/www.cope.es\\\/blogs\\\/pateando-a-coruna\\\/2018\\\/09\\\/11\\\/calle-maestranza-pasado-militar-y-presente-universitario\\\/#primaryimage\"},\"thumbnailUrl\":\"https:\\\/\\\/www.cope.es\\\/blogs\\\/pateando-a-coruna\\\/wp-content\\\/uploads\\\/sites\\\/30\\\/2018\\\/09\\\/02-Rectorado-con-gaivotas-e-arcos-1.jpg\",\"datePublished\":\"2018-09-11T13:12:32+00:00\",\"dateModified\":\"2019-04-05T08:07:02+00:00\",\"author\":{\"@id\":\"https:\\\/\\\/www.cope.es\\\/blogs\\\/pateando-a-coruna\\\/#\\\/schema\\\/person\\\/b705a4b1bffc5d94ca55f39d85d6e890\"},\"breadcrumb\":{\"@id\":\"https:\\\/\\\/www.cope.es\\\/blogs\\\/pateando-a-coruna\\\/2018\\\/09\\\/11\\\/calle-maestranza-pasado-militar-y-presente-universitario\\\/#breadcrumb\"},\"inLanguage\":\"es\",\"potentialAction\":[{\"@type\":\"ReadAction\",\"target\":[\"https:\\\/\\\/www.cope.es\\\/blogs\\\/pateando-a-coruna\\\/2018\\\/09\\\/11\\\/calle-maestranza-pasado-militar-y-presente-universitario\\\/\"]}]},{\"@type\":\"ImageObject\",\"inLanguage\":\"es\",\"@id\":\"https:\\\/\\\/www.cope.es\\\/blogs\\\/pateando-a-coruna\\\/2018\\\/09\\\/11\\\/calle-maestranza-pasado-militar-y-presente-universitario\\\/#primaryimage\",\"url\":\"https:\\\/\\\/www.cope.es\\\/blogs\\\/pateando-a-coruna\\\/wp-content\\\/uploads\\\/sites\\\/30\\\/2018\\\/09\\\/02-Rectorado-con-gaivotas-e-arcos-1.jpg\",\"contentUrl\":\"https:\\\/\\\/www.cope.es\\\/blogs\\\/pateando-a-coruna\\\/wp-content\\\/uploads\\\/sites\\\/30\\\/2018\\\/09\\\/02-Rectorado-con-gaivotas-e-arcos-1.jpg\",\"width\":4127,\"height\":2367},{\"@type\":\"BreadcrumbList\",\"@id\":\"https:\\\/\\\/www.cope.es\\\/blogs\\\/pateando-a-coruna\\\/2018\\\/09\\\/11\\\/calle-maestranza-pasado-militar-y-presente-universitario\\\/#breadcrumb\",\"itemListElement\":[{\"@type\":\"ListItem\",\"position\":1,\"name\":\"Portada\",\"item\":\"https:\\\/\\\/www.cope.es\\\/blogs\\\/pateando-a-coruna\\\/\"},{\"@type\":\"ListItem\",\"position\":2,\"name\":\"Calle Maestranza: pasado militar y presente universitario\"}]},{\"@type\":\"WebSite\",\"@id\":\"https:\\\/\\\/www.cope.es\\\/blogs\\\/pateando-a-coruna\\\/#website\",\"url\":\"https:\\\/\\\/www.cope.es\\\/blogs\\\/pateando-a-coruna\\\/\",\"name\":\"Pateando A Coru\u00f1a\",\"description\":\"Conoce A Coru\u00f1a en los Blogs de COPE\",\"potentialAction\":[{\"@type\":\"SearchAction\",\"target\":{\"@type\":\"EntryPoint\",\"urlTemplate\":\"https:\\\/\\\/www.cope.es\\\/blogs\\\/pateando-a-coruna\\\/?s={search_term_string}\"},\"query-input\":{\"@type\":\"PropertyValueSpecification\",\"valueRequired\":true,\"valueName\":\"search_term_string\"}}],\"inLanguage\":\"es\"},{\"@type\":\"Person\",\"@id\":\"https:\\\/\\\/www.cope.es\\\/blogs\\\/pateando-a-coruna\\\/#\\\/schema\\\/person\\\/b705a4b1bffc5d94ca55f39d85d6e890\",\"name\":\"Noela Bao\",\"image\":{\"@type\":\"ImageObject\",\"inLanguage\":\"es\",\"@id\":\"https:\\\/\\\/secure.gravatar.com\\\/avatar\\\/f43fab7bcb9aa54237033d8d79a98a2c62d507025b93dbfeb8cace37d693a0e2?s=96&d=mm&r=g\",\"url\":\"https:\\\/\\\/secure.gravatar.com\\\/avatar\\\/f43fab7bcb9aa54237033d8d79a98a2c62d507025b93dbfeb8cace37d693a0e2?s=96&d=mm&r=g\",\"contentUrl\":\"https:\\\/\\\/secure.gravatar.com\\\/avatar\\\/f43fab7bcb9aa54237033d8d79a98a2c62d507025b93dbfeb8cace37d693a0e2?s=96&d=mm&r=g\",\"caption\":\"Noela Bao\"},\"description\":\"En Pateando A Coru\u00f1a nos acercamos a lo que esconden las calles de la ciudad herculina, m\u00e1s all\u00e1 de un nombre en una placa. Historia, reportajes, opiniones de vecinos y entrevistas. Con un m\u00f3vil en la mano y un micro en la otra recorre los barrios Noela Bao, periodista y redactora de COPE Coru\u00f1a desde 2004.\",\"sameAs\":[\"https:\\\/\\\/www.cope.es\\\/coruna\"],\"url\":\"https:\\\/\\\/www.cope.es\\\/blogs\\\/pateando-a-coruna\\\/author\\\/nbao\\\/\"}]}<\/script>\n<!-- \/ Yoast SEO plugin. -->","yoast_head_json":{"title":"Calle Maestranza: pasado militar y presente universitario - Pateando A Coru\u00f1a","robots":{"index":"index","follow":"follow","max-snippet":"max-snippet:-1","max-image-preview":"max-image-preview:large","max-video-preview":"max-video-preview:-1"},"canonical":"https:\/\/www.cope.es\/blogs\/pateando-a-coruna\/2018\/09\/11\/calle-maestranza-pasado-militar-y-presente-universitario\/","og_locale":"es_ES","og_type":"article","og_title":"Calle Maestranza: pasado militar y presente universitario - Pateando A Coru\u00f1a","og_description":"El nombre de la Calle Maestranza nos da una pista de lo que era no hace demasiado tiempo: aqu\u00ed se ubicaba la Maestranza de Artiller\u00eda, donde se constru\u00edan piezas para reparar y conservar los ca\u00f1ones o los fusiles del Ej\u00e9rcito. Su creaci\u00f3n fue ordenada en el siglo XVIII por el rey Fernando VI, y tuvo [&hellip;]","og_url":"https:\/\/www.cope.es\/blogs\/pateando-a-coruna\/2018\/09\/11\/calle-maestranza-pasado-militar-y-presente-universitario\/","og_site_name":"Pateando A Coru\u00f1a","article_publisher":"https:\/\/www.facebook.com\/cope\/","article_published_time":"2018-09-11T13:12:32+00:00","article_modified_time":"2019-04-05T08:07:02+00:00","og_image":[{"width":4127,"height":2367,"url":"https:\/\/www.cope.es\/blogs\/pateando-a-coruna\/wp-content\/uploads\/sites\/30\/2018\/09\/02-Rectorado-con-gaivotas-e-arcos-1.jpg","type":"image\/jpeg"}],"author":"Noela Bao","twitter_card":"summary_large_image","twitter_creator":"@cope_es","twitter_site":"@cope_es","twitter_misc":{"Escrito por":"Noela Bao","Tiempo de lectura":"5 minutos"},"schema":{"@context":"https:\/\/schema.org","@graph":[{"@type":"Article","@id":"https:\/\/www.cope.es\/blogs\/pateando-a-coruna\/2018\/09\/11\/calle-maestranza-pasado-militar-y-presente-universitario\/#article","isPartOf":{"@id":"https:\/\/www.cope.es\/blogs\/pateando-a-coruna\/2018\/09\/11\/calle-maestranza-pasado-militar-y-presente-universitario\/"},"author":{"name":"Noela Bao","@id":"https:\/\/www.cope.es\/blogs\/pateando-a-coruna\/#\/schema\/person\/b705a4b1bffc5d94ca55f39d85d6e890"},"headline":"Calle Maestranza: pasado militar y presente universitario","datePublished":"2018-09-11T13:12:32+00:00","dateModified":"2019-04-05T08:07:02+00:00","mainEntityOfPage":{"@id":"https:\/\/www.cope.es\/blogs\/pateando-a-coruna\/2018\/09\/11\/calle-maestranza-pasado-militar-y-presente-universitario\/"},"wordCount":936,"commentCount":0,"image":{"@id":"https:\/\/www.cope.es\/blogs\/pateando-a-coruna\/2018\/09\/11\/calle-maestranza-pasado-militar-y-presente-universitario\/#primaryimage"},"thumbnailUrl":"https:\/\/www.cope.es\/blogs\/pateando-a-coruna\/wp-content\/uploads\/sites\/30\/2018\/09\/02-Rectorado-con-gaivotas-e-arcos-1.jpg","keywords":["Calle","Cope","Coru\u00f1a","Maestranza"],"articleSection":["Pateando A Coru\u00f1a"],"inLanguage":"es","potentialAction":[{"@type":"CommentAction","name":"Comment","target":["https:\/\/www.cope.es\/blogs\/pateando-a-coruna\/2018\/09\/11\/calle-maestranza-pasado-militar-y-presente-universitario\/#respond"]}]},{"@type":"WebPage","@id":"https:\/\/www.cope.es\/blogs\/pateando-a-coruna\/2018\/09\/11\/calle-maestranza-pasado-militar-y-presente-universitario\/","url":"https:\/\/www.cope.es\/blogs\/pateando-a-coruna\/2018\/09\/11\/calle-maestranza-pasado-militar-y-presente-universitario\/","name":"Calle Maestranza: pasado militar y presente universitario - Pateando A Coru\u00f1a","isPartOf":{"@id":"https:\/\/www.cope.es\/blogs\/pateando-a-coruna\/#website"},"primaryImageOfPage":{"@id":"https:\/\/www.cope.es\/blogs\/pateando-a-coruna\/2018\/09\/11\/calle-maestranza-pasado-militar-y-presente-universitario\/#primaryimage"},"image":{"@id":"https:\/\/www.cope.es\/blogs\/pateando-a-coruna\/2018\/09\/11\/calle-maestranza-pasado-militar-y-presente-universitario\/#primaryimage"},"thumbnailUrl":"https:\/\/www.cope.es\/blogs\/pateando-a-coruna\/wp-content\/uploads\/sites\/30\/2018\/09\/02-Rectorado-con-gaivotas-e-arcos-1.jpg","datePublished":"2018-09-11T13:12:32+00:00","dateModified":"2019-04-05T08:07:02+00:00","author":{"@id":"https:\/\/www.cope.es\/blogs\/pateando-a-coruna\/#\/schema\/person\/b705a4b1bffc5d94ca55f39d85d6e890"},"breadcrumb":{"@id":"https:\/\/www.cope.es\/blogs\/pateando-a-coruna\/2018\/09\/11\/calle-maestranza-pasado-militar-y-presente-universitario\/#breadcrumb"},"inLanguage":"es","potentialAction":[{"@type":"ReadAction","target":["https:\/\/www.cope.es\/blogs\/pateando-a-coruna\/2018\/09\/11\/calle-maestranza-pasado-militar-y-presente-universitario\/"]}]},{"@type":"ImageObject","inLanguage":"es","@id":"https:\/\/www.cope.es\/blogs\/pateando-a-coruna\/2018\/09\/11\/calle-maestranza-pasado-militar-y-presente-universitario\/#primaryimage","url":"https:\/\/www.cope.es\/blogs\/pateando-a-coruna\/wp-content\/uploads\/sites\/30\/2018\/09\/02-Rectorado-con-gaivotas-e-arcos-1.jpg","contentUrl":"https:\/\/www.cope.es\/blogs\/pateando-a-coruna\/wp-content\/uploads\/sites\/30\/2018\/09\/02-Rectorado-con-gaivotas-e-arcos-1.jpg","width":4127,"height":2367},{"@type":"BreadcrumbList","@id":"https:\/\/www.cope.es\/blogs\/pateando-a-coruna\/2018\/09\/11\/calle-maestranza-pasado-militar-y-presente-universitario\/#breadcrumb","itemListElement":[{"@type":"ListItem","position":1,"name":"Portada","item":"https:\/\/www.cope.es\/blogs\/pateando-a-coruna\/"},{"@type":"ListItem","position":2,"name":"Calle Maestranza: pasado militar y presente universitario"}]},{"@type":"WebSite","@id":"https:\/\/www.cope.es\/blogs\/pateando-a-coruna\/#website","url":"https:\/\/www.cope.es\/blogs\/pateando-a-coruna\/","name":"Pateando A Coru\u00f1a","description":"Conoce A Coru\u00f1a en los Blogs de COPE","potentialAction":[{"@type":"SearchAction","target":{"@type":"EntryPoint","urlTemplate":"https:\/\/www.cope.es\/blogs\/pateando-a-coruna\/?s={search_term_string}"},"query-input":{"@type":"PropertyValueSpecification","valueRequired":true,"valueName":"search_term_string"}}],"inLanguage":"es"},{"@type":"Person","@id":"https:\/\/www.cope.es\/blogs\/pateando-a-coruna\/#\/schema\/person\/b705a4b1bffc5d94ca55f39d85d6e890","name":"Noela Bao","image":{"@type":"ImageObject","inLanguage":"es","@id":"https:\/\/secure.gravatar.com\/avatar\/f43fab7bcb9aa54237033d8d79a98a2c62d507025b93dbfeb8cace37d693a0e2?s=96&d=mm&r=g","url":"https:\/\/secure.gravatar.com\/avatar\/f43fab7bcb9aa54237033d8d79a98a2c62d507025b93dbfeb8cace37d693a0e2?s=96&d=mm&r=g","contentUrl":"https:\/\/secure.gravatar.com\/avatar\/f43fab7bcb9aa54237033d8d79a98a2c62d507025b93dbfeb8cace37d693a0e2?s=96&d=mm&r=g","caption":"Noela Bao"},"description":"En Pateando A Coru\u00f1a nos acercamos a lo que esconden las calles de la ciudad herculina, m\u00e1s all\u00e1 de un nombre en una placa. Historia, reportajes, opiniones de vecinos y entrevistas. Con un m\u00f3vil en la mano y un micro en la otra recorre los barrios Noela Bao, periodista y redactora de COPE Coru\u00f1a desde 2004.","sameAs":["https:\/\/www.cope.es\/coruna"],"url":"https:\/\/www.cope.es\/blogs\/pateando-a-coruna\/author\/nbao\/"}]}},"amp_enabled":true,"_links":{"self":[{"href":"https:\/\/www.cope.es\/blogs\/pateando-a-coruna\/wp-json\/wp\/v2\/posts\/9","targetHints":{"allow":["GET"]}}],"collection":[{"href":"https:\/\/www.cope.es\/blogs\/pateando-a-coruna\/wp-json\/wp\/v2\/posts"}],"about":[{"href":"https:\/\/www.cope.es\/blogs\/pateando-a-coruna\/wp-json\/wp\/v2\/types\/post"}],"author":[{"embeddable":true,"href":"https:\/\/www.cope.es\/blogs\/pateando-a-coruna\/wp-json\/wp\/v2\/users\/33"}],"replies":[{"embeddable":true,"href":"https:\/\/www.cope.es\/blogs\/pateando-a-coruna\/wp-json\/wp\/v2\/comments?post=9"}],"version-history":[{"count":3,"href":"https:\/\/www.cope.es\/blogs\/pateando-a-coruna\/wp-json\/wp\/v2\/posts\/9\/revisions"}],"predecessor-version":[{"id":1255,"href":"https:\/\/www.cope.es\/blogs\/pateando-a-coruna\/wp-json\/wp\/v2\/posts\/9\/revisions\/1255"}],"wp:featuredmedia":[{"embeddable":true,"href":"https:\/\/www.cope.es\/blogs\/pateando-a-coruna\/wp-json\/wp\/v2\/media\/35"}],"wp:attachment":[{"href":"https:\/\/www.cope.es\/blogs\/pateando-a-coruna\/wp-json\/wp\/v2\/media?parent=9"}],"wp:term":[{"taxonomy":"category","embeddable":true,"href":"https:\/\/www.cope.es\/blogs\/pateando-a-coruna\/wp-json\/wp\/v2\/categories?post=9"},{"taxonomy":"post_tag","embeddable":true,"href":"https:\/\/www.cope.es\/blogs\/pateando-a-coruna\/wp-json\/wp\/v2\/tags?post=9"}],"curies":[{"name":"wp","href":"https:\/\/api.w.org\/{rel}","templated":true}]}}