{"id":774,"date":"2019-01-23T16:59:24","date_gmt":"2019-01-23T15:59:24","guid":{"rendered":"http:\/\/www.cope.es\/blogs\/pateando-a-coruna\/?p=774"},"modified":"2019-01-24T15:47:49","modified_gmt":"2019-01-24T14:47:49","slug":"novoa-santos-la-bulliciosa-calle-del-ilustre-doctor","status":"publish","type":"post","link":"https:\/\/www.cope.es\/blogs\/pateando-a-coruna\/2019\/01\/23\/novoa-santos-la-bulliciosa-calle-del-ilustre-doctor\/","title":{"rendered":"Novoa Santos: la bulliciosa calle del ilustre doctor"},"content":{"rendered":"<p><em><span style=\"font-family: Times New Roman, serif\"><span style=\"font-size: x-large\">Calle Novoa Santos. Comienza en la avenida del Ej\u00e9rcito y termina en la de Oza. 42 n\u00fameros. 220 metros. 15006.<\/span><\/span><\/em><\/p>\n<audio class=\"wp-audio-shortcode\" id=\"audio-774-1\" preload=\"none\" style=\"width: 100%;\" controls=\"controls\"><source type=\"audio\/mpeg\" src=\"http:\/\/www.cope.es\/blogs\/pateando-a-coruna\/wp-content\/uploads\/sites\/30\/2019\/01\/2019-01-22-REPOR-NOVOA-SANTOS.mp3?_=1\" \/><a href=\"http:\/\/www.cope.es\/blogs\/pateando-a-coruna\/wp-content\/uploads\/sites\/30\/2019\/01\/2019-01-22-REPOR-NOVOA-SANTOS.mp3\">http:\/\/www.cope.es\/blogs\/pateando-a-coruna\/wp-content\/uploads\/sites\/30\/2019\/01\/2019-01-22-REPOR-NOVOA-SANTOS.mp3<\/a><\/audio>\n<p>&nbsp;<\/p>\n<h2><span style=\"font-family: Times New Roman, serif\"><span style=\"font-size: x-large\"><strong>Homenaje al mejor m\u00e9dico<\/strong><\/span><\/span><\/h2>\n<p><span style=\"font-family: Times New Roman, serif\"><span style=\"font-size: x-large\">No est\u00e1 claro en qu\u00e9 barrio est\u00e1 situada la calle de la que hoy hablamos. Entre A Palloza, el Corte Ingl\u00e9s, Cuatro Caminos y A Gaiteira se encuentra esta v\u00eda peque\u00f1a en longitud pero grande en homenaje. <\/span><\/span><\/p>\n<p><span style=\"font-size: x-large\"><span style=\"font-family: Times New Roman, serif\">Se dedica a<strong> Roberto N\u00f3voa Santos<\/strong>, un coru\u00f1\u00e9s considerado por algunos el mejor m\u00e9dico de la historia de Galicia. Gran investigador y divulgador, revolucion\u00f3 la medicina y fue conocido en todo el mundo. Su carrera se trunc\u00f3 demasiado pronto. Muri\u00f3 con 48 a\u00f1os, en diciembre de 1933. Apenas unos meses despu\u00e9s, en junio de 1934, se aprobar\u00eda darle su nombre a uno de los nuevos lugares del &#8216;<strong>sector de la Palloza&#8217;<\/strong>, en cuyo callejero ya resid\u00eda otro ilustre m\u00e9dico: Ram\u00f3n y Cajal.<\/span> <\/span><\/p>\n<p><img loading=\"lazy\" decoding=\"async\" width=\"300\" height=\"169\" class=\"alignnone size-medium wp-image-751\" src=\"http:\/\/www.cope.es\/blogs\/pateando-a-coruna\/wp-content\/uploads\/sites\/30\/2019\/01\/00-Placa-Novoa-Santos-300x169.jpg\" alt=\"\" srcset=\"https:\/\/www.cope.es\/blogs\/pateando-a-coruna\/wp-content\/uploads\/sites\/30\/2019\/01\/00-Placa-Novoa-Santos-300x169.jpg 300w, https:\/\/www.cope.es\/blogs\/pateando-a-coruna\/wp-content\/uploads\/sites\/30\/2019\/01\/00-Placa-Novoa-Santos-768x432.jpg 768w, https:\/\/www.cope.es\/blogs\/pateando-a-coruna\/wp-content\/uploads\/sites\/30\/2019\/01\/00-Placa-Novoa-Santos-1024x576.jpg 1024w\" sizes=\"auto, (max-width: 300px) 100vw, 300px\" \/><\/p>\n<p><span style=\"font-size: x-large;font-family: 'Times New Roman', serif\">El caso es que, en alg\u00fan momento, <strong>al pobre N\u00f3voa Santos alguien le quit\u00f3 la tilde<\/strong>. Y as\u00ed, como Novoa, de forma llana, aparece en la placa, el catastro y todas las referencias de los vecinos.<\/span><b><\/b><\/p>\n<h2><span style=\"font-family: Times New Roman, serif\"><span style=\"font-size: x-large\"><strong>Registros, comercios y un santuario <\/strong><\/span><\/span><\/h2>\n<p><span style=\"font-family: Times New Roman, serif\"><span style=\"font-size: x-large\">N\u00f3voa, o Novoa Santos es una de las v\u00edas con m\u00e1s dinamismo de esta zona cuyo desarrollo estuvo muy marcado por el puerto. Hoy en d\u00eda, son otros lugares los que marcan su actividad. Aqu\u00ed est\u00e1n el <strong>Registro de la propiedad<\/strong>, varios talleres de <\/span><\/span><span style=\"font-family: Times New Roman, serif\"><span style=\"font-size: x-large\">coches y dos galer\u00edas. En una parte de la calle est\u00e1 ubicada la<a href=\"https:\/\/www.facebook.com\/Atlanticarte\/\"><strong> galer\u00eda de arte Atl\u00e1ntica<\/strong><\/a>. En otra, una de las entradas a <\/span><\/span><span style=\"font-family: Times New Roman, serif\"><span style=\"font-size: x-large\">las <strong>galer\u00edas Ram\u00f3n y Cajal.<\/strong> Abiertas en 1959, todav\u00eda est\u00e1n llenas de comercios, a diferencia de otros pasadizos situados en otras partes de A Coru\u00f1a.\u00a0<\/span><\/span><\/p>\n<p><img loading=\"lazy\" decoding=\"async\" width=\"300\" height=\"169\" class=\"alignnone size-medium wp-image-752\" src=\"http:\/\/www.cope.es\/blogs\/pateando-a-coruna\/wp-content\/uploads\/sites\/30\/2019\/01\/Atl\u00e1ntica-Centro-de-Arte-300x169.jpg\" alt=\"\" srcset=\"https:\/\/www.cope.es\/blogs\/pateando-a-coruna\/wp-content\/uploads\/sites\/30\/2019\/01\/Atl\u00e1ntica-Centro-de-Arte-300x169.jpg 300w, https:\/\/www.cope.es\/blogs\/pateando-a-coruna\/wp-content\/uploads\/sites\/30\/2019\/01\/Atl\u00e1ntica-Centro-de-Arte-768x432.jpg 768w, https:\/\/www.cope.es\/blogs\/pateando-a-coruna\/wp-content\/uploads\/sites\/30\/2019\/01\/Atl\u00e1ntica-Centro-de-Arte-1024x576.jpg 1024w\" sizes=\"auto, (max-width: 300px) 100vw, 300px\" \/> <img loading=\"lazy\" decoding=\"async\" width=\"300\" height=\"169\" class=\"alignnone size-medium wp-image-770\" src=\"http:\/\/www.cope.es\/blogs\/pateando-a-coruna\/wp-content\/uploads\/sites\/30\/2019\/01\/Galer\u00edas-Ram\u00f3n-y-Cajal-300x169.jpg\" alt=\"\" srcset=\"https:\/\/www.cope.es\/blogs\/pateando-a-coruna\/wp-content\/uploads\/sites\/30\/2019\/01\/Galer\u00edas-Ram\u00f3n-y-Cajal-300x169.jpg 300w, https:\/\/www.cope.es\/blogs\/pateando-a-coruna\/wp-content\/uploads\/sites\/30\/2019\/01\/Galer\u00edas-Ram\u00f3n-y-Cajal-768x432.jpg 768w, https:\/\/www.cope.es\/blogs\/pateando-a-coruna\/wp-content\/uploads\/sites\/30\/2019\/01\/Galer\u00edas-Ram\u00f3n-y-Cajal-1024x576.jpg 1024w\" sizes=\"auto, (max-width: 300px) 100vw, 300px\" \/><\/p>\n<p><span style=\"font-size: x-large;font-family: 'Times New Roman', serif\"> No todas las calles pueden decir que cuentan con un santuario. N\u00f3voa Santos lo tiene: la parroquia de <b>Nuestra Se\u00f1ora de F\u00e1tima<\/b>, que pas\u00f3 de una acera a otra de la v\u00eda en los a\u00f1os 80 y est\u00e1 declarada como lugar santo desde 2006. <\/span><\/p>\n<p><img loading=\"lazy\" decoding=\"async\" width=\"300\" height=\"169\" class=\"alignnone size-medium wp-image-769\" src=\"http:\/\/www.cope.es\/blogs\/pateando-a-coruna\/wp-content\/uploads\/sites\/30\/2019\/01\/Parroquia-Santuario-de-F\u00e1tima-300x169.jpg\" alt=\"\" srcset=\"https:\/\/www.cope.es\/blogs\/pateando-a-coruna\/wp-content\/uploads\/sites\/30\/2019\/01\/Parroquia-Santuario-de-F\u00e1tima-300x169.jpg 300w, https:\/\/www.cope.es\/blogs\/pateando-a-coruna\/wp-content\/uploads\/sites\/30\/2019\/01\/Parroquia-Santuario-de-F\u00e1tima-768x432.jpg 768w, https:\/\/www.cope.es\/blogs\/pateando-a-coruna\/wp-content\/uploads\/sites\/30\/2019\/01\/Parroquia-Santuario-de-F\u00e1tima-1024x576.jpg 1024w\" sizes=\"auto, (max-width: 300px) 100vw, 300px\" \/><\/p>\n<p><span style=\"font-size: x-large;font-family: 'Times New Roman', serif\"> En esta calle est\u00e1 tambi\u00e9n la sede de <strong><a href=\"https:\/\/www.agafan.net\/\">Agafan<\/a><\/strong>, la Asociaci\u00f3n Galega de Familias Numerosas. Hemos hablado con su vicepresidente, Jos\u00e9 Manuel Trigo, en COPE Coru\u00f1a:<\/span><\/p>\n<p><img loading=\"lazy\" decoding=\"async\" width=\"300\" height=\"169\" class=\"alignnone size-medium wp-image-760\" src=\"http:\/\/www.cope.es\/blogs\/pateando-a-coruna\/wp-content\/uploads\/sites\/30\/2019\/01\/Letrero-Agafan-300x169.jpg\" alt=\"\" srcset=\"https:\/\/www.cope.es\/blogs\/pateando-a-coruna\/wp-content\/uploads\/sites\/30\/2019\/01\/Letrero-Agafan-300x169.jpg 300w, https:\/\/www.cope.es\/blogs\/pateando-a-coruna\/wp-content\/uploads\/sites\/30\/2019\/01\/Letrero-Agafan-768x432.jpg 768w, https:\/\/www.cope.es\/blogs\/pateando-a-coruna\/wp-content\/uploads\/sites\/30\/2019\/01\/Letrero-Agafan-1024x576.jpg 1024w\" sizes=\"auto, (max-width: 300px) 100vw, 300px\" \/><\/p>\n<audio class=\"wp-audio-shortcode\" id=\"audio-774-2\" preload=\"none\" style=\"width: 100%;\" controls=\"controls\"><source type=\"audio\/mpeg\" src=\"http:\/\/www.cope.es\/blogs\/pateando-a-coruna\/wp-content\/uploads\/sites\/30\/2019\/01\/22-01-AGAFAN_1.mp3?_=2\" \/><a href=\"http:\/\/www.cope.es\/blogs\/pateando-a-coruna\/wp-content\/uploads\/sites\/30\/2019\/01\/22-01-AGAFAN_1.mp3\">http:\/\/www.cope.es\/blogs\/pateando-a-coruna\/wp-content\/uploads\/sites\/30\/2019\/01\/22-01-AGAFAN_1.mp3<\/a><\/audio>\n<h2><span style=\"font-family: Times New Roman, serif\"><span style=\"font-size: x-large\"><strong>Una calle anclada en el tiempo<\/strong><\/span><\/span><\/h2>\n<p><span style=\"font-family: Times New Roman, serif\"><span style=\"font-size: x-large\">La mayor\u00eda de edificios est\u00e1n construidos en los a\u00f1os 60 o en los 80, y lo cierto es que la configuraci\u00f3n de N\u00f3voa Santos ha cambiado poco, m\u00e1s bien nada, en las \u00faltimas d\u00e9cadas. <strong>Un paso de cebra repintado<\/strong>\u00a0y la reforma, privada, de fachadas, son las \u00fanicas novedades en cuanto a obras en los \u00faltimos a\u00f1os.\u00a0<\/span><\/span><\/p>\n<p><img loading=\"lazy\" decoding=\"async\" width=\"300\" height=\"169\" class=\"alignnone size-medium wp-image-765\" src=\"http:\/\/www.cope.es\/blogs\/pateando-a-coruna\/wp-content\/uploads\/sites\/30\/2019\/01\/Novoa-Santos-Fachadas-300x169.jpg\" alt=\"\" srcset=\"https:\/\/www.cope.es\/blogs\/pateando-a-coruna\/wp-content\/uploads\/sites\/30\/2019\/01\/Novoa-Santos-Fachadas-300x169.jpg 300w, https:\/\/www.cope.es\/blogs\/pateando-a-coruna\/wp-content\/uploads\/sites\/30\/2019\/01\/Novoa-Santos-Fachadas-768x432.jpg 768w, https:\/\/www.cope.es\/blogs\/pateando-a-coruna\/wp-content\/uploads\/sites\/30\/2019\/01\/Novoa-Santos-Fachadas-1024x576.jpg 1024w\" sizes=\"auto, (max-width: 300px) 100vw, 300px\" \/> <img loading=\"lazy\" decoding=\"async\" width=\"300\" height=\"169\" class=\"alignnone size-medium wp-image-761\" src=\"http:\/\/www.cope.es\/blogs\/pateando-a-coruna\/wp-content\/uploads\/sites\/30\/2019\/01\/Novoa-Santos-Fachadas-1-300x169.jpg\" alt=\"\" srcset=\"https:\/\/www.cope.es\/blogs\/pateando-a-coruna\/wp-content\/uploads\/sites\/30\/2019\/01\/Novoa-Santos-Fachadas-1-300x169.jpg 300w, https:\/\/www.cope.es\/blogs\/pateando-a-coruna\/wp-content\/uploads\/sites\/30\/2019\/01\/Novoa-Santos-Fachadas-1-768x432.jpg 768w, https:\/\/www.cope.es\/blogs\/pateando-a-coruna\/wp-content\/uploads\/sites\/30\/2019\/01\/Novoa-Santos-Fachadas-1-1024x576.jpg 1024w\" sizes=\"auto, (max-width: 300px) 100vw, 300px\" \/> <img loading=\"lazy\" decoding=\"async\" width=\"300\" height=\"169\" class=\"alignnone size-medium wp-image-764\" src=\"http:\/\/www.cope.es\/blogs\/pateando-a-coruna\/wp-content\/uploads\/sites\/30\/2019\/01\/Novoa-Santos-Fachadas-4-300x169.jpg\" alt=\"\" srcset=\"https:\/\/www.cope.es\/blogs\/pateando-a-coruna\/wp-content\/uploads\/sites\/30\/2019\/01\/Novoa-Santos-Fachadas-4-300x169.jpg 300w, https:\/\/www.cope.es\/blogs\/pateando-a-coruna\/wp-content\/uploads\/sites\/30\/2019\/01\/Novoa-Santos-Fachadas-4-768x432.jpg 768w, https:\/\/www.cope.es\/blogs\/pateando-a-coruna\/wp-content\/uploads\/sites\/30\/2019\/01\/Novoa-Santos-Fachadas-4-1024x576.jpg 1024w\" sizes=\"auto, (max-width: 300px) 100vw, 300px\" \/> <img loading=\"lazy\" decoding=\"async\" width=\"300\" height=\"169\" class=\"alignnone size-medium wp-image-762\" src=\"http:\/\/www.cope.es\/blogs\/pateando-a-coruna\/wp-content\/uploads\/sites\/30\/2019\/01\/Novoa-Santos-Fachadas-2-300x169.jpg\" alt=\"\" srcset=\"https:\/\/www.cope.es\/blogs\/pateando-a-coruna\/wp-content\/uploads\/sites\/30\/2019\/01\/Novoa-Santos-Fachadas-2-300x169.jpg 300w, https:\/\/www.cope.es\/blogs\/pateando-a-coruna\/wp-content\/uploads\/sites\/30\/2019\/01\/Novoa-Santos-Fachadas-2-768x432.jpg 768w, https:\/\/www.cope.es\/blogs\/pateando-a-coruna\/wp-content\/uploads\/sites\/30\/2019\/01\/Novoa-Santos-Fachadas-2-1024x576.jpg 1024w\" sizes=\"auto, (max-width: 300px) 100vw, 300px\" \/> <img loading=\"lazy\" decoding=\"async\" width=\"300\" height=\"169\" class=\"alignnone size-medium wp-image-763\" src=\"http:\/\/www.cope.es\/blogs\/pateando-a-coruna\/wp-content\/uploads\/sites\/30\/2019\/01\/Novoa-Santos-Fachadas-3-300x169.jpg\" alt=\"\" srcset=\"https:\/\/www.cope.es\/blogs\/pateando-a-coruna\/wp-content\/uploads\/sites\/30\/2019\/01\/Novoa-Santos-Fachadas-3-300x169.jpg 300w, https:\/\/www.cope.es\/blogs\/pateando-a-coruna\/wp-content\/uploads\/sites\/30\/2019\/01\/Novoa-Santos-Fachadas-3-768x432.jpg 768w, https:\/\/www.cope.es\/blogs\/pateando-a-coruna\/wp-content\/uploads\/sites\/30\/2019\/01\/Novoa-Santos-Fachadas-3-1024x576.jpg 1024w\" sizes=\"auto, (max-width: 300px) 100vw, 300px\" \/><\/p>\n<p><span style=\"font-family: Times New Roman, serif\"><span style=\"font-size: x-large\">En la calle han ido quedando bajos vac\u00edos donde antes hab\u00eda una caja de ahorros, un despacho de loter\u00edas, un c\u00edber o un restaurante que fue Estrella Michel\u00edn, <strong>Casa Pardo.<\/strong><\/span><\/span><\/p>\n<p><img loading=\"lazy\" decoding=\"async\" width=\"300\" height=\"169\" class=\"alignnone size-medium wp-image-756\" src=\"http:\/\/www.cope.es\/blogs\/pateando-a-coruna\/wp-content\/uploads\/sites\/30\/2019\/01\/Bajo-vac\u00edo-y-pintado-300x169.jpg\" alt=\"\" srcset=\"https:\/\/www.cope.es\/blogs\/pateando-a-coruna\/wp-content\/uploads\/sites\/30\/2019\/01\/Bajo-vac\u00edo-y-pintado-300x169.jpg 300w, https:\/\/www.cope.es\/blogs\/pateando-a-coruna\/wp-content\/uploads\/sites\/30\/2019\/01\/Bajo-vac\u00edo-y-pintado-768x432.jpg 768w, https:\/\/www.cope.es\/blogs\/pateando-a-coruna\/wp-content\/uploads\/sites\/30\/2019\/01\/Bajo-vac\u00edo-y-pintado-1024x576.jpg 1024w\" sizes=\"auto, (max-width: 300px) 100vw, 300px\" \/> <img loading=\"lazy\" decoding=\"async\" width=\"300\" height=\"169\" class=\"alignnone size-medium wp-image-754\" src=\"http:\/\/www.cope.es\/blogs\/pateando-a-coruna\/wp-content\/uploads\/sites\/30\/2019\/01\/Bajo-vac\u00edo-2-300x169.jpg\" alt=\"\" srcset=\"https:\/\/www.cope.es\/blogs\/pateando-a-coruna\/wp-content\/uploads\/sites\/30\/2019\/01\/Bajo-vac\u00edo-2-300x169.jpg 300w, https:\/\/www.cope.es\/blogs\/pateando-a-coruna\/wp-content\/uploads\/sites\/30\/2019\/01\/Bajo-vac\u00edo-2-768x432.jpg 768w, https:\/\/www.cope.es\/blogs\/pateando-a-coruna\/wp-content\/uploads\/sites\/30\/2019\/01\/Bajo-vac\u00edo-2-1024x576.jpg 1024w\" sizes=\"auto, (max-width: 300px) 100vw, 300px\" \/> <img loading=\"lazy\" decoding=\"async\" width=\"300\" height=\"169\" class=\"alignnone size-medium wp-image-753\" src=\"http:\/\/www.cope.es\/blogs\/pateando-a-coruna\/wp-content\/uploads\/sites\/30\/2019\/01\/Bajo-Vac\u00edo-Urbana-24-Caixa-Galicia-300x169.jpg\" alt=\"\" srcset=\"https:\/\/www.cope.es\/blogs\/pateando-a-coruna\/wp-content\/uploads\/sites\/30\/2019\/01\/Bajo-Vac\u00edo-Urbana-24-Caixa-Galicia-300x169.jpg 300w, https:\/\/www.cope.es\/blogs\/pateando-a-coruna\/wp-content\/uploads\/sites\/30\/2019\/01\/Bajo-Vac\u00edo-Urbana-24-Caixa-Galicia-768x432.jpg 768w, https:\/\/www.cope.es\/blogs\/pateando-a-coruna\/wp-content\/uploads\/sites\/30\/2019\/01\/Bajo-Vac\u00edo-Urbana-24-Caixa-Galicia-1024x576.jpg 1024w\" sizes=\"auto, (max-width: 300px) 100vw, 300px\" \/> <img loading=\"lazy\" decoding=\"async\" width=\"300\" height=\"169\" class=\"alignnone size-medium wp-image-772\" src=\"http:\/\/www.cope.es\/blogs\/pateando-a-coruna\/wp-content\/uploads\/sites\/30\/2019\/01\/Casa-Pardo-300x169.jpg\" alt=\"\" srcset=\"https:\/\/www.cope.es\/blogs\/pateando-a-coruna\/wp-content\/uploads\/sites\/30\/2019\/01\/Casa-Pardo-300x169.jpg 300w, https:\/\/www.cope.es\/blogs\/pateando-a-coruna\/wp-content\/uploads\/sites\/30\/2019\/01\/Casa-Pardo-768x432.jpg 768w, https:\/\/www.cope.es\/blogs\/pateando-a-coruna\/wp-content\/uploads\/sites\/30\/2019\/01\/Casa-Pardo-1024x576.jpg 1024w\" sizes=\"auto, (max-width: 300px) 100vw, 300px\" \/><img loading=\"lazy\" decoding=\"async\" width=\"300\" height=\"169\" class=\"alignnone size-medium wp-image-755\" src=\"http:\/\/www.cope.es\/blogs\/pateando-a-coruna\/wp-content\/uploads\/sites\/30\/2019\/01\/Bajo-vac\u00edo-3-300x169.jpg\" alt=\"\" srcset=\"https:\/\/www.cope.es\/blogs\/pateando-a-coruna\/wp-content\/uploads\/sites\/30\/2019\/01\/Bajo-vac\u00edo-3-300x169.jpg 300w, https:\/\/www.cope.es\/blogs\/pateando-a-coruna\/wp-content\/uploads\/sites\/30\/2019\/01\/Bajo-vac\u00edo-3-768x432.jpg 768w, https:\/\/www.cope.es\/blogs\/pateando-a-coruna\/wp-content\/uploads\/sites\/30\/2019\/01\/Bajo-vac\u00edo-3-1024x576.jpg 1024w\" sizes=\"auto, (max-width: 300px) 100vw, 300px\" \/><\/p>\n<p>&nbsp;<\/p>\n<h2><span style=\"font-family: Times New Roman, serif\"><span style=\"font-size: x-large\"><strong>Para aparcar, hay que pagar<\/strong><\/span><\/span><\/h2>\n<p><span style=\"font-family: Times New Roman, serif\"><span style=\"font-size: x-large\">A la avenida de Oza, la del Ej\u00e9rcito o a la Casa del Mar hay que ir a buscar las <strong>paradas de bus<\/strong> que conectan N\u00f3voa Santos con pr\u00e1cticamente toda la ciudad. Y mejor tener garaje para el coche, puesto que todas las plazas aqu\u00ed son<strong> zona azul.<\/strong> Adem\u00e1s la reciente implantaci\u00f3n del <strong>carril bici<\/strong> se llev\u00f3 por delante decenas de espacios de aparcamiento libre en la avenida del Ej\u00e9rcito, y eso se nota.<br \/>\n<\/span><\/span><b><\/b><\/p>\n<p><img loading=\"lazy\" decoding=\"async\" width=\"300\" height=\"169\" class=\"alignnone size-medium wp-image-758\" src=\"http:\/\/www.cope.es\/blogs\/pateando-a-coruna\/wp-content\/uploads\/sites\/30\/2019\/01\/Comercios-Novoa-Santos-300x169.jpg\" alt=\"\" srcset=\"https:\/\/www.cope.es\/blogs\/pateando-a-coruna\/wp-content\/uploads\/sites\/30\/2019\/01\/Comercios-Novoa-Santos-300x169.jpg 300w, https:\/\/www.cope.es\/blogs\/pateando-a-coruna\/wp-content\/uploads\/sites\/30\/2019\/01\/Comercios-Novoa-Santos-768x432.jpg 768w, https:\/\/www.cope.es\/blogs\/pateando-a-coruna\/wp-content\/uploads\/sites\/30\/2019\/01\/Comercios-Novoa-Santos-1024x576.jpg 1024w\" sizes=\"auto, (max-width: 300px) 100vw, 300px\" \/><\/p>\n<p><span style=\"font-family: Times New Roman, serif\"><span style=\"font-size: x-large\">El \u00fanico verde que hay en N\u00f3voa Santos est\u00e1 dentro de un par de <strong>maceteros<\/strong> situados en la esquina con Pastor D\u00edaz, una zona que bulle de actividad, sobre todo, los fines de semana, a la hora de la sesi\u00f3n verm\u00fa. Y es que, aunque no sea la calle m\u00e1s bonita del mundo, N\u00f3voa, o Novoa Santos tiene entre sus vecinos la fidelidad que da estar en una zona <strong>tranquila, con bares, servicios a mano y buenas conexiones<\/strong>.\u00a0<\/span><\/span><\/p>\n<p><img loading=\"lazy\" decoding=\"async\" width=\"300\" height=\"169\" class=\"alignnone size-medium wp-image-759\" src=\"http:\/\/www.cope.es\/blogs\/pateando-a-coruna\/wp-content\/uploads\/sites\/30\/2019\/01\/Esquna-Novoa-Santos-Bares-300x169.jpg\" alt=\"\" srcset=\"https:\/\/www.cope.es\/blogs\/pateando-a-coruna\/wp-content\/uploads\/sites\/30\/2019\/01\/Esquna-Novoa-Santos-Bares-300x169.jpg 300w, https:\/\/www.cope.es\/blogs\/pateando-a-coruna\/wp-content\/uploads\/sites\/30\/2019\/01\/Esquna-Novoa-Santos-Bares-768x432.jpg 768w, https:\/\/www.cope.es\/blogs\/pateando-a-coruna\/wp-content\/uploads\/sites\/30\/2019\/01\/Esquna-Novoa-Santos-Bares-1024x576.jpg 1024w\" sizes=\"auto, (max-width: 300px) 100vw, 300px\" \/> <img loading=\"lazy\" decoding=\"async\" width=\"300\" height=\"169\" class=\"alignnone size-medium wp-image-767\" src=\"http:\/\/www.cope.es\/blogs\/pateando-a-coruna\/wp-content\/uploads\/sites\/30\/2019\/01\/Novoa-Santos-mural-300x169.jpg\" alt=\"\" srcset=\"https:\/\/www.cope.es\/blogs\/pateando-a-coruna\/wp-content\/uploads\/sites\/30\/2019\/01\/Novoa-Santos-mural-300x169.jpg 300w, https:\/\/www.cope.es\/blogs\/pateando-a-coruna\/wp-content\/uploads\/sites\/30\/2019\/01\/Novoa-Santos-mural-768x432.jpg 768w, https:\/\/www.cope.es\/blogs\/pateando-a-coruna\/wp-content\/uploads\/sites\/30\/2019\/01\/Novoa-Santos-mural-1024x576.jpg 1024w\" sizes=\"auto, (max-width: 300px) 100vw, 300px\" \/> <img loading=\"lazy\" decoding=\"async\" width=\"300\" height=\"169\" class=\"alignnone size-medium wp-image-768\" src=\"http:\/\/www.cope.es\/blogs\/pateando-a-coruna\/wp-content\/uploads\/sites\/30\/2019\/01\/Novoa-Santos-y-Puerto-300x169.jpg\" alt=\"\" srcset=\"https:\/\/www.cope.es\/blogs\/pateando-a-coruna\/wp-content\/uploads\/sites\/30\/2019\/01\/Novoa-Santos-y-Puerto-300x169.jpg 300w, https:\/\/www.cope.es\/blogs\/pateando-a-coruna\/wp-content\/uploads\/sites\/30\/2019\/01\/Novoa-Santos-y-Puerto-768x432.jpg 768w, https:\/\/www.cope.es\/blogs\/pateando-a-coruna\/wp-content\/uploads\/sites\/30\/2019\/01\/Novoa-Santos-y-Puerto-1024x576.jpg 1024w\" sizes=\"auto, (max-width: 300px) 100vw, 300px\" \/> <img loading=\"lazy\" decoding=\"async\" width=\"300\" height=\"169\" class=\"alignnone size-medium wp-image-757\" src=\"http:\/\/www.cope.es\/blogs\/pateando-a-coruna\/wp-content\/uploads\/sites\/30\/2019\/01\/Chica-foto-300x169.jpg\" alt=\"\" srcset=\"https:\/\/www.cope.es\/blogs\/pateando-a-coruna\/wp-content\/uploads\/sites\/30\/2019\/01\/Chica-foto-300x169.jpg 300w, https:\/\/www.cope.es\/blogs\/pateando-a-coruna\/wp-content\/uploads\/sites\/30\/2019\/01\/Chica-foto-768x432.jpg 768w, https:\/\/www.cope.es\/blogs\/pateando-a-coruna\/wp-content\/uploads\/sites\/30\/2019\/01\/Chica-foto-1024x576.jpg 1024w\" sizes=\"auto, (max-width: 300px) 100vw, 300px\" \/><\/p>\n","protected":false},"excerpt":{"rendered":"<p>Calle Novoa Santos. Comienza en la avenida del Ej\u00e9rcito y termina en la de Oza. 42 n\u00fameros. 220 metros. 15006. &nbsp; Homenaje al mejor m\u00e9dico No est\u00e1 claro en qu\u00e9 barrio est\u00e1 situada la calle de la que hoy hablamos. Entre A Palloza, el Corte Ingl\u00e9s, Cuatro Caminos y A Gaiteira se encuentra esta v\u00eda [&hellip;]<\/p>\n","protected":false},"author":33,"featured_media":759,"comment_status":"open","ping_status":"open","sticky":false,"template":"","format":"standard","meta":{"footnotes":""},"categories":[11],"tags":[52,3,7,5,53,51,18,8],"class_list":["post-774","post","type-post","status-publish","format-standard","has-post-thumbnail","hentry","category-pateando-a-coruna","tag-agafan","tag-calle","tag-cope","tag-coruna","tag-fatima","tag-novoa-santos","tag-pateando-a-coruna","tag-reportaje"],"yoast_head":"<!-- This site is optimized with the Yoast SEO plugin v27.4 - https:\/\/yoast.com\/product\/yoast-seo-wordpress\/ -->\n<title>Novoa Santos: la bulliciosa calle del ilustre doctor - Pateando A Coru\u00f1a<\/title>\n<meta name=\"robots\" content=\"index, follow, max-snippet:-1, max-image-preview:large, max-video-preview:-1\" \/>\n<link rel=\"canonical\" href=\"https:\/\/www.cope.es\/blogs\/pateando-a-coruna\/2019\/01\/23\/novoa-santos-la-bulliciosa-calle-del-ilustre-doctor\/\" \/>\n<meta property=\"og:locale\" content=\"es_ES\" \/>\n<meta property=\"og:type\" content=\"article\" \/>\n<meta property=\"og:title\" content=\"Novoa Santos: la bulliciosa calle del ilustre doctor - Pateando A Coru\u00f1a\" \/>\n<meta property=\"og:description\" content=\"Calle Novoa Santos. Comienza en la avenida del Ej\u00e9rcito y termina en la de Oza. 42 n\u00fameros. 220 metros. 15006. &nbsp; Homenaje al mejor m\u00e9dico No est\u00e1 claro en qu\u00e9 barrio est\u00e1 situada la calle de la que hoy hablamos. Entre A Palloza, el Corte Ingl\u00e9s, Cuatro Caminos y A Gaiteira se encuentra esta v\u00eda [&hellip;]\" \/>\n<meta property=\"og:url\" content=\"https:\/\/www.cope.es\/blogs\/pateando-a-coruna\/2019\/01\/23\/novoa-santos-la-bulliciosa-calle-del-ilustre-doctor\/\" \/>\n<meta property=\"og:site_name\" content=\"Pateando A Coru\u00f1a\" \/>\n<meta property=\"article:publisher\" content=\"https:\/\/www.facebook.com\/cope\/\" \/>\n<meta property=\"article:published_time\" content=\"2019-01-23T15:59:24+00:00\" \/>\n<meta property=\"article:modified_time\" content=\"2019-01-24T14:47:49+00:00\" \/>\n<meta property=\"og:image\" content=\"https:\/\/www.cope.es\/blogs\/pateando-a-coruna\/wp-content\/uploads\/sites\/30\/2019\/01\/Esquna-Novoa-Santos-Bares-1024x576.jpg\" \/>\n\t<meta property=\"og:image:width\" content=\"1024\" \/>\n\t<meta property=\"og:image:height\" content=\"576\" \/>\n\t<meta property=\"og:image:type\" content=\"image\/jpeg\" \/>\n<meta name=\"author\" content=\"Noela Bao\" \/>\n<meta name=\"twitter:card\" content=\"summary_large_image\" \/>\n<meta name=\"twitter:creator\" content=\"@cope_es\" \/>\n<meta name=\"twitter:site\" content=\"@cope_es\" \/>\n<meta name=\"twitter:label1\" content=\"Escrito por\" \/>\n\t<meta name=\"twitter:data1\" content=\"Noela Bao\" \/>\n\t<meta name=\"twitter:label2\" content=\"Tiempo de lectura\" \/>\n\t<meta name=\"twitter:data2\" content=\"3 minutos\" \/>\n<script type=\"application\/ld+json\" class=\"yoast-schema-graph\">{\"@context\":\"https:\\\/\\\/schema.org\",\"@graph\":[{\"@type\":\"Article\",\"@id\":\"https:\\\/\\\/www.cope.es\\\/blogs\\\/pateando-a-coruna\\\/2019\\\/01\\\/23\\\/novoa-santos-la-bulliciosa-calle-del-ilustre-doctor\\\/#article\",\"isPartOf\":{\"@id\":\"https:\\\/\\\/www.cope.es\\\/blogs\\\/pateando-a-coruna\\\/2019\\\/01\\\/23\\\/novoa-santos-la-bulliciosa-calle-del-ilustre-doctor\\\/\"},\"author\":{\"name\":\"Noela Bao\",\"@id\":\"https:\\\/\\\/www.cope.es\\\/blogs\\\/pateando-a-coruna\\\/#\\\/schema\\\/person\\\/b705a4b1bffc5d94ca55f39d85d6e890\"},\"headline\":\"Novoa Santos: la bulliciosa calle del ilustre doctor\",\"datePublished\":\"2019-01-23T15:59:24+00:00\",\"dateModified\":\"2019-01-24T14:47:49+00:00\",\"mainEntityOfPage\":{\"@id\":\"https:\\\/\\\/www.cope.es\\\/blogs\\\/pateando-a-coruna\\\/2019\\\/01\\\/23\\\/novoa-santos-la-bulliciosa-calle-del-ilustre-doctor\\\/\"},\"wordCount\":689,\"commentCount\":0,\"image\":{\"@id\":\"https:\\\/\\\/www.cope.es\\\/blogs\\\/pateando-a-coruna\\\/2019\\\/01\\\/23\\\/novoa-santos-la-bulliciosa-calle-del-ilustre-doctor\\\/#primaryimage\"},\"thumbnailUrl\":\"https:\\\/\\\/www.cope.es\\\/blogs\\\/pateando-a-coruna\\\/wp-content\\\/uploads\\\/sites\\\/30\\\/2019\\\/01\\\/Esquna-Novoa-Santos-Bares.jpg\",\"keywords\":[\"Agafan\",\"Calle\",\"Cope\",\"Coru\u00f1a\",\"F\u00e1tima\",\"Novoa Santos\",\"Pateando A Coru\u00f1a\",\"Reportaje\"],\"articleSection\":[\"Pateando A Coru\u00f1a\"],\"inLanguage\":\"es\",\"potentialAction\":[{\"@type\":\"CommentAction\",\"name\":\"Comment\",\"target\":[\"https:\\\/\\\/www.cope.es\\\/blogs\\\/pateando-a-coruna\\\/2019\\\/01\\\/23\\\/novoa-santos-la-bulliciosa-calle-del-ilustre-doctor\\\/#respond\"]}]},{\"@type\":\"WebPage\",\"@id\":\"https:\\\/\\\/www.cope.es\\\/blogs\\\/pateando-a-coruna\\\/2019\\\/01\\\/23\\\/novoa-santos-la-bulliciosa-calle-del-ilustre-doctor\\\/\",\"url\":\"https:\\\/\\\/www.cope.es\\\/blogs\\\/pateando-a-coruna\\\/2019\\\/01\\\/23\\\/novoa-santos-la-bulliciosa-calle-del-ilustre-doctor\\\/\",\"name\":\"Novoa Santos: la bulliciosa calle del ilustre doctor - Pateando A Coru\u00f1a\",\"isPartOf\":{\"@id\":\"https:\\\/\\\/www.cope.es\\\/blogs\\\/pateando-a-coruna\\\/#website\"},\"primaryImageOfPage\":{\"@id\":\"https:\\\/\\\/www.cope.es\\\/blogs\\\/pateando-a-coruna\\\/2019\\\/01\\\/23\\\/novoa-santos-la-bulliciosa-calle-del-ilustre-doctor\\\/#primaryimage\"},\"image\":{\"@id\":\"https:\\\/\\\/www.cope.es\\\/blogs\\\/pateando-a-coruna\\\/2019\\\/01\\\/23\\\/novoa-santos-la-bulliciosa-calle-del-ilustre-doctor\\\/#primaryimage\"},\"thumbnailUrl\":\"https:\\\/\\\/www.cope.es\\\/blogs\\\/pateando-a-coruna\\\/wp-content\\\/uploads\\\/sites\\\/30\\\/2019\\\/01\\\/Esquna-Novoa-Santos-Bares.jpg\",\"datePublished\":\"2019-01-23T15:59:24+00:00\",\"dateModified\":\"2019-01-24T14:47:49+00:00\",\"author\":{\"@id\":\"https:\\\/\\\/www.cope.es\\\/blogs\\\/pateando-a-coruna\\\/#\\\/schema\\\/person\\\/b705a4b1bffc5d94ca55f39d85d6e890\"},\"breadcrumb\":{\"@id\":\"https:\\\/\\\/www.cope.es\\\/blogs\\\/pateando-a-coruna\\\/2019\\\/01\\\/23\\\/novoa-santos-la-bulliciosa-calle-del-ilustre-doctor\\\/#breadcrumb\"},\"inLanguage\":\"es\",\"potentialAction\":[{\"@type\":\"ReadAction\",\"target\":[\"https:\\\/\\\/www.cope.es\\\/blogs\\\/pateando-a-coruna\\\/2019\\\/01\\\/23\\\/novoa-santos-la-bulliciosa-calle-del-ilustre-doctor\\\/\"]}]},{\"@type\":\"ImageObject\",\"inLanguage\":\"es\",\"@id\":\"https:\\\/\\\/www.cope.es\\\/blogs\\\/pateando-a-coruna\\\/2019\\\/01\\\/23\\\/novoa-santos-la-bulliciosa-calle-del-ilustre-doctor\\\/#primaryimage\",\"url\":\"https:\\\/\\\/www.cope.es\\\/blogs\\\/pateando-a-coruna\\\/wp-content\\\/uploads\\\/sites\\\/30\\\/2019\\\/01\\\/Esquna-Novoa-Santos-Bares.jpg\",\"contentUrl\":\"https:\\\/\\\/www.cope.es\\\/blogs\\\/pateando-a-coruna\\\/wp-content\\\/uploads\\\/sites\\\/30\\\/2019\\\/01\\\/Esquna-Novoa-Santos-Bares.jpg\",\"width\":4128,\"height\":2322},{\"@type\":\"BreadcrumbList\",\"@id\":\"https:\\\/\\\/www.cope.es\\\/blogs\\\/pateando-a-coruna\\\/2019\\\/01\\\/23\\\/novoa-santos-la-bulliciosa-calle-del-ilustre-doctor\\\/#breadcrumb\",\"itemListElement\":[{\"@type\":\"ListItem\",\"position\":1,\"name\":\"Portada\",\"item\":\"https:\\\/\\\/www.cope.es\\\/blogs\\\/pateando-a-coruna\\\/\"},{\"@type\":\"ListItem\",\"position\":2,\"name\":\"Novoa Santos: la bulliciosa calle del ilustre doctor\"}]},{\"@type\":\"WebSite\",\"@id\":\"https:\\\/\\\/www.cope.es\\\/blogs\\\/pateando-a-coruna\\\/#website\",\"url\":\"https:\\\/\\\/www.cope.es\\\/blogs\\\/pateando-a-coruna\\\/\",\"name\":\"Pateando A Coru\u00f1a\",\"description\":\"Conoce A Coru\u00f1a en los Blogs de COPE\",\"potentialAction\":[{\"@type\":\"SearchAction\",\"target\":{\"@type\":\"EntryPoint\",\"urlTemplate\":\"https:\\\/\\\/www.cope.es\\\/blogs\\\/pateando-a-coruna\\\/?s={search_term_string}\"},\"query-input\":{\"@type\":\"PropertyValueSpecification\",\"valueRequired\":true,\"valueName\":\"search_term_string\"}}],\"inLanguage\":\"es\"},{\"@type\":\"Person\",\"@id\":\"https:\\\/\\\/www.cope.es\\\/blogs\\\/pateando-a-coruna\\\/#\\\/schema\\\/person\\\/b705a4b1bffc5d94ca55f39d85d6e890\",\"name\":\"Noela Bao\",\"image\":{\"@type\":\"ImageObject\",\"inLanguage\":\"es\",\"@id\":\"https:\\\/\\\/secure.gravatar.com\\\/avatar\\\/f43fab7bcb9aa54237033d8d79a98a2c62d507025b93dbfeb8cace37d693a0e2?s=96&d=mm&r=g\",\"url\":\"https:\\\/\\\/secure.gravatar.com\\\/avatar\\\/f43fab7bcb9aa54237033d8d79a98a2c62d507025b93dbfeb8cace37d693a0e2?s=96&d=mm&r=g\",\"contentUrl\":\"https:\\\/\\\/secure.gravatar.com\\\/avatar\\\/f43fab7bcb9aa54237033d8d79a98a2c62d507025b93dbfeb8cace37d693a0e2?s=96&d=mm&r=g\",\"caption\":\"Noela Bao\"},\"description\":\"En Pateando A Coru\u00f1a nos acercamos a lo que esconden las calles de la ciudad herculina, m\u00e1s all\u00e1 de un nombre en una placa. Historia, reportajes, opiniones de vecinos y entrevistas. Con un m\u00f3vil en la mano y un micro en la otra recorre los barrios Noela Bao, periodista y redactora de COPE Coru\u00f1a desde 2004.\",\"sameAs\":[\"https:\\\/\\\/www.cope.es\\\/coruna\"],\"url\":\"https:\\\/\\\/www.cope.es\\\/blogs\\\/pateando-a-coruna\\\/author\\\/nbao\\\/\"}]}<\/script>\n<!-- \/ Yoast SEO plugin. -->","yoast_head_json":{"title":"Novoa Santos: la bulliciosa calle del ilustre doctor - Pateando A Coru\u00f1a","robots":{"index":"index","follow":"follow","max-snippet":"max-snippet:-1","max-image-preview":"max-image-preview:large","max-video-preview":"max-video-preview:-1"},"canonical":"https:\/\/www.cope.es\/blogs\/pateando-a-coruna\/2019\/01\/23\/novoa-santos-la-bulliciosa-calle-del-ilustre-doctor\/","og_locale":"es_ES","og_type":"article","og_title":"Novoa Santos: la bulliciosa calle del ilustre doctor - Pateando A Coru\u00f1a","og_description":"Calle Novoa Santos. Comienza en la avenida del Ej\u00e9rcito y termina en la de Oza. 42 n\u00fameros. 220 metros. 15006. &nbsp; Homenaje al mejor m\u00e9dico No est\u00e1 claro en qu\u00e9 barrio est\u00e1 situada la calle de la que hoy hablamos. Entre A Palloza, el Corte Ingl\u00e9s, Cuatro Caminos y A Gaiteira se encuentra esta v\u00eda [&hellip;]","og_url":"https:\/\/www.cope.es\/blogs\/pateando-a-coruna\/2019\/01\/23\/novoa-santos-la-bulliciosa-calle-del-ilustre-doctor\/","og_site_name":"Pateando A Coru\u00f1a","article_publisher":"https:\/\/www.facebook.com\/cope\/","article_published_time":"2019-01-23T15:59:24+00:00","article_modified_time":"2019-01-24T14:47:49+00:00","og_image":[{"width":1024,"height":576,"url":"https:\/\/www.cope.es\/blogs\/pateando-a-coruna\/wp-content\/uploads\/sites\/30\/2019\/01\/Esquna-Novoa-Santos-Bares-1024x576.jpg","type":"image\/jpeg"}],"author":"Noela Bao","twitter_card":"summary_large_image","twitter_creator":"@cope_es","twitter_site":"@cope_es","twitter_misc":{"Escrito por":"Noela Bao","Tiempo de lectura":"3 minutos"},"schema":{"@context":"https:\/\/schema.org","@graph":[{"@type":"Article","@id":"https:\/\/www.cope.es\/blogs\/pateando-a-coruna\/2019\/01\/23\/novoa-santos-la-bulliciosa-calle-del-ilustre-doctor\/#article","isPartOf":{"@id":"https:\/\/www.cope.es\/blogs\/pateando-a-coruna\/2019\/01\/23\/novoa-santos-la-bulliciosa-calle-del-ilustre-doctor\/"},"author":{"name":"Noela Bao","@id":"https:\/\/www.cope.es\/blogs\/pateando-a-coruna\/#\/schema\/person\/b705a4b1bffc5d94ca55f39d85d6e890"},"headline":"Novoa Santos: la bulliciosa calle del ilustre doctor","datePublished":"2019-01-23T15:59:24+00:00","dateModified":"2019-01-24T14:47:49+00:00","mainEntityOfPage":{"@id":"https:\/\/www.cope.es\/blogs\/pateando-a-coruna\/2019\/01\/23\/novoa-santos-la-bulliciosa-calle-del-ilustre-doctor\/"},"wordCount":689,"commentCount":0,"image":{"@id":"https:\/\/www.cope.es\/blogs\/pateando-a-coruna\/2019\/01\/23\/novoa-santos-la-bulliciosa-calle-del-ilustre-doctor\/#primaryimage"},"thumbnailUrl":"https:\/\/www.cope.es\/blogs\/pateando-a-coruna\/wp-content\/uploads\/sites\/30\/2019\/01\/Esquna-Novoa-Santos-Bares.jpg","keywords":["Agafan","Calle","Cope","Coru\u00f1a","F\u00e1tima","Novoa Santos","Pateando A Coru\u00f1a","Reportaje"],"articleSection":["Pateando A Coru\u00f1a"],"inLanguage":"es","potentialAction":[{"@type":"CommentAction","name":"Comment","target":["https:\/\/www.cope.es\/blogs\/pateando-a-coruna\/2019\/01\/23\/novoa-santos-la-bulliciosa-calle-del-ilustre-doctor\/#respond"]}]},{"@type":"WebPage","@id":"https:\/\/www.cope.es\/blogs\/pateando-a-coruna\/2019\/01\/23\/novoa-santos-la-bulliciosa-calle-del-ilustre-doctor\/","url":"https:\/\/www.cope.es\/blogs\/pateando-a-coruna\/2019\/01\/23\/novoa-santos-la-bulliciosa-calle-del-ilustre-doctor\/","name":"Novoa Santos: la bulliciosa calle del ilustre doctor - Pateando A Coru\u00f1a","isPartOf":{"@id":"https:\/\/www.cope.es\/blogs\/pateando-a-coruna\/#website"},"primaryImageOfPage":{"@id":"https:\/\/www.cope.es\/blogs\/pateando-a-coruna\/2019\/01\/23\/novoa-santos-la-bulliciosa-calle-del-ilustre-doctor\/#primaryimage"},"image":{"@id":"https:\/\/www.cope.es\/blogs\/pateando-a-coruna\/2019\/01\/23\/novoa-santos-la-bulliciosa-calle-del-ilustre-doctor\/#primaryimage"},"thumbnailUrl":"https:\/\/www.cope.es\/blogs\/pateando-a-coruna\/wp-content\/uploads\/sites\/30\/2019\/01\/Esquna-Novoa-Santos-Bares.jpg","datePublished":"2019-01-23T15:59:24+00:00","dateModified":"2019-01-24T14:47:49+00:00","author":{"@id":"https:\/\/www.cope.es\/blogs\/pateando-a-coruna\/#\/schema\/person\/b705a4b1bffc5d94ca55f39d85d6e890"},"breadcrumb":{"@id":"https:\/\/www.cope.es\/blogs\/pateando-a-coruna\/2019\/01\/23\/novoa-santos-la-bulliciosa-calle-del-ilustre-doctor\/#breadcrumb"},"inLanguage":"es","potentialAction":[{"@type":"ReadAction","target":["https:\/\/www.cope.es\/blogs\/pateando-a-coruna\/2019\/01\/23\/novoa-santos-la-bulliciosa-calle-del-ilustre-doctor\/"]}]},{"@type":"ImageObject","inLanguage":"es","@id":"https:\/\/www.cope.es\/blogs\/pateando-a-coruna\/2019\/01\/23\/novoa-santos-la-bulliciosa-calle-del-ilustre-doctor\/#primaryimage","url":"https:\/\/www.cope.es\/blogs\/pateando-a-coruna\/wp-content\/uploads\/sites\/30\/2019\/01\/Esquna-Novoa-Santos-Bares.jpg","contentUrl":"https:\/\/www.cope.es\/blogs\/pateando-a-coruna\/wp-content\/uploads\/sites\/30\/2019\/01\/Esquna-Novoa-Santos-Bares.jpg","width":4128,"height":2322},{"@type":"BreadcrumbList","@id":"https:\/\/www.cope.es\/blogs\/pateando-a-coruna\/2019\/01\/23\/novoa-santos-la-bulliciosa-calle-del-ilustre-doctor\/#breadcrumb","itemListElement":[{"@type":"ListItem","position":1,"name":"Portada","item":"https:\/\/www.cope.es\/blogs\/pateando-a-coruna\/"},{"@type":"ListItem","position":2,"name":"Novoa Santos: la bulliciosa calle del ilustre doctor"}]},{"@type":"WebSite","@id":"https:\/\/www.cope.es\/blogs\/pateando-a-coruna\/#website","url":"https:\/\/www.cope.es\/blogs\/pateando-a-coruna\/","name":"Pateando A Coru\u00f1a","description":"Conoce A Coru\u00f1a en los Blogs de COPE","potentialAction":[{"@type":"SearchAction","target":{"@type":"EntryPoint","urlTemplate":"https:\/\/www.cope.es\/blogs\/pateando-a-coruna\/?s={search_term_string}"},"query-input":{"@type":"PropertyValueSpecification","valueRequired":true,"valueName":"search_term_string"}}],"inLanguage":"es"},{"@type":"Person","@id":"https:\/\/www.cope.es\/blogs\/pateando-a-coruna\/#\/schema\/person\/b705a4b1bffc5d94ca55f39d85d6e890","name":"Noela Bao","image":{"@type":"ImageObject","inLanguage":"es","@id":"https:\/\/secure.gravatar.com\/avatar\/f43fab7bcb9aa54237033d8d79a98a2c62d507025b93dbfeb8cace37d693a0e2?s=96&d=mm&r=g","url":"https:\/\/secure.gravatar.com\/avatar\/f43fab7bcb9aa54237033d8d79a98a2c62d507025b93dbfeb8cace37d693a0e2?s=96&d=mm&r=g","contentUrl":"https:\/\/secure.gravatar.com\/avatar\/f43fab7bcb9aa54237033d8d79a98a2c62d507025b93dbfeb8cace37d693a0e2?s=96&d=mm&r=g","caption":"Noela Bao"},"description":"En Pateando A Coru\u00f1a nos acercamos a lo que esconden las calles de la ciudad herculina, m\u00e1s all\u00e1 de un nombre en una placa. Historia, reportajes, opiniones de vecinos y entrevistas. Con un m\u00f3vil en la mano y un micro en la otra recorre los barrios Noela Bao, periodista y redactora de COPE Coru\u00f1a desde 2004.","sameAs":["https:\/\/www.cope.es\/coruna"],"url":"https:\/\/www.cope.es\/blogs\/pateando-a-coruna\/author\/nbao\/"}]}},"amp_enabled":true,"_links":{"self":[{"href":"https:\/\/www.cope.es\/blogs\/pateando-a-coruna\/wp-json\/wp\/v2\/posts\/774","targetHints":{"allow":["GET"]}}],"collection":[{"href":"https:\/\/www.cope.es\/blogs\/pateando-a-coruna\/wp-json\/wp\/v2\/posts"}],"about":[{"href":"https:\/\/www.cope.es\/blogs\/pateando-a-coruna\/wp-json\/wp\/v2\/types\/post"}],"author":[{"embeddable":true,"href":"https:\/\/www.cope.es\/blogs\/pateando-a-coruna\/wp-json\/wp\/v2\/users\/33"}],"replies":[{"embeddable":true,"href":"https:\/\/www.cope.es\/blogs\/pateando-a-coruna\/wp-json\/wp\/v2\/comments?post=774"}],"version-history":[{"count":3,"href":"https:\/\/www.cope.es\/blogs\/pateando-a-coruna\/wp-json\/wp\/v2\/posts\/774\/revisions"}],"predecessor-version":[{"id":786,"href":"https:\/\/www.cope.es\/blogs\/pateando-a-coruna\/wp-json\/wp\/v2\/posts\/774\/revisions\/786"}],"wp:featuredmedia":[{"embeddable":true,"href":"https:\/\/www.cope.es\/blogs\/pateando-a-coruna\/wp-json\/wp\/v2\/media\/759"}],"wp:attachment":[{"href":"https:\/\/www.cope.es\/blogs\/pateando-a-coruna\/wp-json\/wp\/v2\/media?parent=774"}],"wp:term":[{"taxonomy":"category","embeddable":true,"href":"https:\/\/www.cope.es\/blogs\/pateando-a-coruna\/wp-json\/wp\/v2\/categories?post=774"},{"taxonomy":"post_tag","embeddable":true,"href":"https:\/\/www.cope.es\/blogs\/pateando-a-coruna\/wp-json\/wp\/v2\/tags?post=774"}],"curies":[{"name":"wp","href":"https:\/\/api.w.org\/{rel}","templated":true}]}}