{"id":742,"date":"2019-01-15T16:16:39","date_gmt":"2019-01-15T15:16:39","guid":{"rendered":"http:\/\/www.cope.es\/blogs\/pateando-a-coruna\/?p=742"},"modified":"2019-04-05T10:14:34","modified_gmt":"2019-04-05T08:14:34","slug":"angel-senra-paseos-y-terrazas-en-os-mallos","status":"publish","type":"post","link":"https:\/\/www.cope.es\/blogs\/pateando-a-coruna\/2019\/01\/15\/angel-senra-paseos-y-terrazas-en-os-mallos\/","title":{"rendered":"\u00c1ngel Senra: paseos y terrazas en Os Mallos"},"content":{"rendered":"<p><em><span style=\"font-size: large\">Calle \u00c1ngel Senra. Comienza en Marqu\u00e9s de Figueroa y termina en San Vicente. 39 n\u00fameros. 270 metros. 1500<\/span><span style=\"color: #000000\"><span style=\"font-size: large\">7. <\/span><\/span><b> <\/b><\/em><\/p>\n<audio class=\"wp-audio-shortcode\" id=\"audio-742-1\" preload=\"none\" style=\"width: 100%;\" controls=\"controls\"><source type=\"audio\/mpeg\" src=\"http:\/\/www.cope.es\/blogs\/pateando-a-coruna\/wp-content\/uploads\/sites\/30\/2019\/01\/2019-01-15-REPOR-ANGEL-SENRA.mp3?_=1\" \/><a href=\"http:\/\/www.cope.es\/blogs\/pateando-a-coruna\/wp-content\/uploads\/sites\/30\/2019\/01\/2019-01-15-REPOR-ANGEL-SENRA.mp3\">http:\/\/www.cope.es\/blogs\/pateando-a-coruna\/wp-content\/uploads\/sites\/30\/2019\/01\/2019-01-15-REPOR-ANGEL-SENRA.mp3<\/a><\/audio>\n<h1><strong>\u00c1ngel Senra, alcalde y empresario\u00a0<\/strong><\/h1>\n<p>\u201c<span style=\"font-size: large\">La peatonal\u201d, igual que pasa con A Gaiteira, es como conocen en la zona <\/span><span style=\"color: #000000\"><span style=\"font-size: large\">de Os Mallos-Estaci\u00f3n a esta calle que en la placa se dedica a \u00c1ngel Senra. Este personaje fue alcalde de la ciudad, de forma muy breve, en 1931. No obstante, siempre ser\u00e1 recordado de los empresarios m\u00e1s destacados de la historia de A Coru\u00f1a. Y es que cuando esta zona se conoc\u00eda como <strong>A Parromeira<\/strong>, Senra levant\u00f3 aqu\u00ed una gran<strong> f\u00e1brica de calzado<\/strong>. Aquella factor\u00eda lleg\u00f3 a exportar hasta mil pares de zapatos diarios. Y todo, gracias al trabajo de unos empleados que su jefe trataba con una inusual atenci\u00f3n en aquellos a\u00f1os 20.\u00a0<\/span><\/span><span style=\"color: #000000;font-size: large\">\u00a0<\/span><\/p>\n<p><img loading=\"lazy\" decoding=\"async\" width=\"300\" height=\"169\" class=\"alignnone size-medium wp-image-718\" src=\"http:\/\/www.cope.es\/blogs\/pateando-a-coruna\/wp-content\/uploads\/sites\/30\/2019\/01\/00-\u00c1ngel-Senra-placa-300x169.jpg\" alt=\"\" srcset=\"https:\/\/www.cope.es\/blogs\/pateando-a-coruna\/wp-content\/uploads\/sites\/30\/2019\/01\/00-\u00c1ngel-Senra-placa-300x169.jpg 300w, https:\/\/www.cope.es\/blogs\/pateando-a-coruna\/wp-content\/uploads\/sites\/30\/2019\/01\/00-\u00c1ngel-Senra-placa-768x432.jpg 768w, https:\/\/www.cope.es\/blogs\/pateando-a-coruna\/wp-content\/uploads\/sites\/30\/2019\/01\/00-\u00c1ngel-Senra-placa-1024x576.jpg 1024w\" sizes=\"auto, (max-width: 300px) 100vw, 300px\" \/> <img loading=\"lazy\" decoding=\"async\" width=\"300\" height=\"169\" class=\"alignnone size-medium wp-image-719\" src=\"http:\/\/www.cope.es\/blogs\/pateando-a-coruna\/wp-content\/uploads\/sites\/30\/2019\/01\/00-\u00c1ngel-Senra-placa2-300x169.jpg\" alt=\"\" srcset=\"https:\/\/www.cope.es\/blogs\/pateando-a-coruna\/wp-content\/uploads\/sites\/30\/2019\/01\/00-\u00c1ngel-Senra-placa2-300x169.jpg 300w, https:\/\/www.cope.es\/blogs\/pateando-a-coruna\/wp-content\/uploads\/sites\/30\/2019\/01\/00-\u00c1ngel-Senra-placa2-768x432.jpg 768w, https:\/\/www.cope.es\/blogs\/pateando-a-coruna\/wp-content\/uploads\/sites\/30\/2019\/01\/00-\u00c1ngel-Senra-placa2-1024x576.jpg 1024w\" sizes=\"auto, (max-width: 300px) 100vw, 300px\" \/><\/p>\n<h1><strong>De fabricar zapatos a gastarlos en la peatonal\u00a0<\/strong><\/h1>\n<p><span style=\"color: #000000\"><span style=\"font-size: large\">Si hablamos de pasado, todav\u00eda alg\u00fan coru\u00f1\u00e9s recuerda el cine <strong>Alfonso Molina<\/strong> que estuvo entre los a\u00f1os 60 y 80 en el n\u00famero 10 de esta v\u00eda. Pero el cambio que m\u00e1s marcado est\u00e1 en la memoria de los vecinos tiene m\u00e1s que ver con gastar zapatos que con fabricarlos. Se produjo en 2009, cuando \u00c1ngel Senra se volvi\u00f3 <strong>peatonal<\/strong>. Una medida no exenta de pol\u00e9mica en aquel momento, hasta el punto que el ayuntamiento evitaba en sus comunicaciones hablar de \u201cpeatonalizaci\u00f3n\u201d para optar por f\u00f3rmulas como \u201c<\/span><\/span><span style=\"color: #000000\"><span style=\"font-size: large\">limitar al m\u00e1ximo el tr\u00e1fico rodado y potenciar la prioridad de los peatones\u201d. Diez a\u00f1os despu\u00e9s, hay pr\u00e1ctica unanimidad en que, se llame como se llame a lo que se hizo, <strong>la calle ha mejorado.<\/strong><\/span><\/span><\/p>\n<p><img loading=\"lazy\" decoding=\"async\" width=\"300\" height=\"169\" class=\"alignnone size-medium wp-image-733\" src=\"http:\/\/www.cope.es\/blogs\/pateando-a-coruna\/wp-content\/uploads\/sites\/30\/2019\/01\/\u00c1ngel-Senra-general-OK-300x169.jpg\" alt=\"\" srcset=\"https:\/\/www.cope.es\/blogs\/pateando-a-coruna\/wp-content\/uploads\/sites\/30\/2019\/01\/\u00c1ngel-Senra-general-OK-300x169.jpg 300w, https:\/\/www.cope.es\/blogs\/pateando-a-coruna\/wp-content\/uploads\/sites\/30\/2019\/01\/\u00c1ngel-Senra-general-OK-768x432.jpg 768w, https:\/\/www.cope.es\/blogs\/pateando-a-coruna\/wp-content\/uploads\/sites\/30\/2019\/01\/\u00c1ngel-Senra-general-OK-1024x576.jpg 1024w\" sizes=\"auto, (max-width: 300px) 100vw, 300px\" \/><\/p>\n<p><span style=\"font-size: large\">El aspecto de \u00c1ngel Senra, tras alg\u00fan que otro retoque a la configuraci\u00f3n inicial ha quedado muy digno: una calle de plataforma \u00fanica, enlosada, con bancos, \u00e1rboles y mobiliario urbano.\u00a0<\/span><span style=\"font-size: large\">Aunque algunos se preguntan qu\u00e9 pas\u00f3 con un proyecto de la \u00e9poca de Francisco V\u00e1zquez muy singular: un <strong>corredor comercial<\/strong>\u00a0 peatonal entre El Corte Ingl\u00e9s y la Calle Barcelona que incluir\u00eda una especie de<strong> Ponte Vecchio de Florencia<\/strong> sobre Alfonso Molina.<\/span><b><\/b><\/p>\n<h1><strong>Comercio variado y muchas terrazas<\/strong><\/h1>\n<p><span style=\"color: #404040\"><span style=\"font-size: large\">Con esto de pasear tranquilamente, \u00c1ngel Senra es una zona ideal para tomar algo en alguna de sus m\u00faltiples terrazas. Hasta <strong>nueve bares<\/strong> hemos contado en esta calle. <\/span><\/span><\/p>\n<p><span style=\"color: #404040\"><span style=\"font-size: large\"><img loading=\"lazy\" decoding=\"async\" width=\"300\" height=\"169\" class=\"alignnone size-medium wp-image-738\" src=\"http:\/\/www.cope.es\/blogs\/pateando-a-coruna\/wp-content\/uploads\/sites\/30\/2019\/01\/\u00c1ngel-Senra-terrazas-300x169.jpg\" alt=\"\" srcset=\"https:\/\/www.cope.es\/blogs\/pateando-a-coruna\/wp-content\/uploads\/sites\/30\/2019\/01\/\u00c1ngel-Senra-terrazas-300x169.jpg 300w, https:\/\/www.cope.es\/blogs\/pateando-a-coruna\/wp-content\/uploads\/sites\/30\/2019\/01\/\u00c1ngel-Senra-terrazas-768x432.jpg 768w, https:\/\/www.cope.es\/blogs\/pateando-a-coruna\/wp-content\/uploads\/sites\/30\/2019\/01\/\u00c1ngel-Senra-terrazas-1024x576.jpg 1024w\" sizes=\"auto, (max-width: 300px) 100vw, 300px\" \/> <img loading=\"lazy\" decoding=\"async\" width=\"300\" height=\"169\" class=\"alignnone size-medium wp-image-739\" src=\"http:\/\/www.cope.es\/blogs\/pateando-a-coruna\/wp-content\/uploads\/sites\/30\/2019\/01\/Bar-A-Peatonal-\u00c1ngel-Senra-300x169.jpg\" alt=\"\" srcset=\"https:\/\/www.cope.es\/blogs\/pateando-a-coruna\/wp-content\/uploads\/sites\/30\/2019\/01\/Bar-A-Peatonal-\u00c1ngel-Senra-300x169.jpg 300w, https:\/\/www.cope.es\/blogs\/pateando-a-coruna\/wp-content\/uploads\/sites\/30\/2019\/01\/Bar-A-Peatonal-\u00c1ngel-Senra-768x432.jpg 768w, https:\/\/www.cope.es\/blogs\/pateando-a-coruna\/wp-content\/uploads\/sites\/30\/2019\/01\/Bar-A-Peatonal-\u00c1ngel-Senra-1024x576.jpg 1024w\" sizes=\"auto, (max-width: 300px) 100vw, 300px\" \/> <img loading=\"lazy\" decoding=\"async\" width=\"300\" height=\"169\" class=\"alignnone size-medium wp-image-740\" src=\"http:\/\/www.cope.es\/blogs\/pateando-a-coruna\/wp-content\/uploads\/sites\/30\/2019\/01\/Cervecer\u00eda-Cafeter\u00eda-Zurich-Angel-Senra-300x169.jpg\" alt=\"\" srcset=\"https:\/\/www.cope.es\/blogs\/pateando-a-coruna\/wp-content\/uploads\/sites\/30\/2019\/01\/Cervecer\u00eda-Cafeter\u00eda-Zurich-Angel-Senra-300x169.jpg 300w, https:\/\/www.cope.es\/blogs\/pateando-a-coruna\/wp-content\/uploads\/sites\/30\/2019\/01\/Cervecer\u00eda-Cafeter\u00eda-Zurich-Angel-Senra-768x432.jpg 768w, https:\/\/www.cope.es\/blogs\/pateando-a-coruna\/wp-content\/uploads\/sites\/30\/2019\/01\/Cervecer\u00eda-Cafeter\u00eda-Zurich-Angel-Senra-1024x576.jpg 1024w\" sizes=\"auto, (max-width: 300px) 100vw, 300px\" \/><\/span><\/span><\/p>\n<p>Aqu\u00ed conviven ferreter\u00edas con solera con varios bazares asi\u00e1ticos, dos franquicias de cigarrillo electr\u00f3nico frente a frente o una variedad nada desde\u00f1able de tiendas de moda. Un muestrario de negocios de barrio que resiste como puede a la competencia de los centros comerciales.<b><\/b><\/p>\n<p><img loading=\"lazy\" decoding=\"async\" width=\"300\" height=\"169\" class=\"alignnone size-medium wp-image-730\" src=\"http:\/\/www.cope.es\/blogs\/pateando-a-coruna\/wp-content\/uploads\/sites\/30\/2019\/01\/\u00c1ngel-Senra-Ferreter\u00eda-El-Comp\u00e1s-vs-chino-300x169.jpg\" alt=\"\" srcset=\"https:\/\/www.cope.es\/blogs\/pateando-a-coruna\/wp-content\/uploads\/sites\/30\/2019\/01\/\u00c1ngel-Senra-Ferreter\u00eda-El-Comp\u00e1s-vs-chino-300x169.jpg 300w, https:\/\/www.cope.es\/blogs\/pateando-a-coruna\/wp-content\/uploads\/sites\/30\/2019\/01\/\u00c1ngel-Senra-Ferreter\u00eda-El-Comp\u00e1s-vs-chino-768x432.jpg 768w, https:\/\/www.cope.es\/blogs\/pateando-a-coruna\/wp-content\/uploads\/sites\/30\/2019\/01\/\u00c1ngel-Senra-Ferreter\u00eda-El-Comp\u00e1s-vs-chino-1024x576.jpg 1024w\" sizes=\"auto, (max-width: 300px) 100vw, 300px\" \/> <img loading=\"lazy\" decoding=\"async\" width=\"300\" height=\"169\" class=\"alignnone size-medium wp-image-722\" src=\"http:\/\/www.cope.es\/blogs\/pateando-a-coruna\/wp-content\/uploads\/sites\/30\/2019\/01\/\u00c1ngel-Senra-chino-Shin-Chan-300x169.jpg\" alt=\"\" srcset=\"https:\/\/www.cope.es\/blogs\/pateando-a-coruna\/wp-content\/uploads\/sites\/30\/2019\/01\/\u00c1ngel-Senra-chino-Shin-Chan-300x169.jpg 300w, https:\/\/www.cope.es\/blogs\/pateando-a-coruna\/wp-content\/uploads\/sites\/30\/2019\/01\/\u00c1ngel-Senra-chino-Shin-Chan-768x432.jpg 768w, https:\/\/www.cope.es\/blogs\/pateando-a-coruna\/wp-content\/uploads\/sites\/30\/2019\/01\/\u00c1ngel-Senra-chino-Shin-Chan-1024x576.jpg 1024w\" sizes=\"auto, (max-width: 300px) 100vw, 300px\" \/> <img loading=\"lazy\" decoding=\"async\" width=\"300\" height=\"169\" class=\"alignnone size-medium wp-image-724\" src=\"http:\/\/www.cope.es\/blogs\/pateando-a-coruna\/wp-content\/uploads\/sites\/30\/2019\/01\/\u00c1ngel-Senra-Cigarrillos-Electr\u00f3nicos2-300x169.jpg\" alt=\"\" srcset=\"https:\/\/www.cope.es\/blogs\/pateando-a-coruna\/wp-content\/uploads\/sites\/30\/2019\/01\/\u00c1ngel-Senra-Cigarrillos-Electr\u00f3nicos2-300x169.jpg 300w, https:\/\/www.cope.es\/blogs\/pateando-a-coruna\/wp-content\/uploads\/sites\/30\/2019\/01\/\u00c1ngel-Senra-Cigarrillos-Electr\u00f3nicos2-768x432.jpg 768w, https:\/\/www.cope.es\/blogs\/pateando-a-coruna\/wp-content\/uploads\/sites\/30\/2019\/01\/\u00c1ngel-Senra-Cigarrillos-Electr\u00f3nicos2-1024x576.jpg 1024w\" sizes=\"auto, (max-width: 300px) 100vw, 300px\" \/> <img loading=\"lazy\" decoding=\"async\" width=\"300\" height=\"169\" class=\"alignnone size-medium wp-image-723\" src=\"http:\/\/www.cope.es\/blogs\/pateando-a-coruna\/wp-content\/uploads\/sites\/30\/2019\/01\/\u00c1ngel-Senra-Cigarrillos-Electr\u00f3nicos-300x169.jpg\" alt=\"\" srcset=\"https:\/\/www.cope.es\/blogs\/pateando-a-coruna\/wp-content\/uploads\/sites\/30\/2019\/01\/\u00c1ngel-Senra-Cigarrillos-Electr\u00f3nicos-300x169.jpg 300w, https:\/\/www.cope.es\/blogs\/pateando-a-coruna\/wp-content\/uploads\/sites\/30\/2019\/01\/\u00c1ngel-Senra-Cigarrillos-Electr\u00f3nicos-768x432.jpg 768w, https:\/\/www.cope.es\/blogs\/pateando-a-coruna\/wp-content\/uploads\/sites\/30\/2019\/01\/\u00c1ngel-Senra-Cigarrillos-Electr\u00f3nicos-1024x576.jpg 1024w\" sizes=\"auto, (max-width: 300px) 100vw, 300px\" \/><img loading=\"lazy\" decoding=\"async\" width=\"300\" height=\"169\" class=\"alignnone size-medium wp-image-726\" src=\"http:\/\/www.cope.es\/blogs\/pateando-a-coruna\/wp-content\/uploads\/sites\/30\/2019\/01\/\u00c1ngel-Senra-Distrito-Mallos-Logo-300x169.jpg\" alt=\"\" srcset=\"https:\/\/www.cope.es\/blogs\/pateando-a-coruna\/wp-content\/uploads\/sites\/30\/2019\/01\/\u00c1ngel-Senra-Distrito-Mallos-Logo-300x169.jpg 300w, https:\/\/www.cope.es\/blogs\/pateando-a-coruna\/wp-content\/uploads\/sites\/30\/2019\/01\/\u00c1ngel-Senra-Distrito-Mallos-Logo-768x432.jpg 768w, https:\/\/www.cope.es\/blogs\/pateando-a-coruna\/wp-content\/uploads\/sites\/30\/2019\/01\/\u00c1ngel-Senra-Distrito-Mallos-Logo-1024x576.jpg 1024w\" sizes=\"auto, (max-width: 300px) 100vw, 300px\" \/><\/p>\n<p><span style=\"color: #404040\"><span style=\"font-size: large\">Aunque, como pasa en todos los barrios, tambi\u00e9n hay bajos vac\u00edos o cerrados.<\/span><\/span><\/p>\n<p><img loading=\"lazy\" decoding=\"async\" width=\"300\" height=\"169\" class=\"alignnone size-medium wp-image-734\" src=\"http:\/\/www.cope.es\/blogs\/pateando-a-coruna\/wp-content\/uploads\/sites\/30\/2019\/01\/\u00c1ngel-Senra-local-vac\u00edo-300x169.jpg\" alt=\"\" srcset=\"https:\/\/www.cope.es\/blogs\/pateando-a-coruna\/wp-content\/uploads\/sites\/30\/2019\/01\/\u00c1ngel-Senra-local-vac\u00edo-300x169.jpg 300w, https:\/\/www.cope.es\/blogs\/pateando-a-coruna\/wp-content\/uploads\/sites\/30\/2019\/01\/\u00c1ngel-Senra-local-vac\u00edo-768x432.jpg 768w, https:\/\/www.cope.es\/blogs\/pateando-a-coruna\/wp-content\/uploads\/sites\/30\/2019\/01\/\u00c1ngel-Senra-local-vac\u00edo-1024x576.jpg 1024w\" sizes=\"auto, (max-width: 300px) 100vw, 300px\" \/> <img loading=\"lazy\" decoding=\"async\" width=\"300\" height=\"169\" class=\"alignnone size-medium wp-image-735\" src=\"http:\/\/www.cope.es\/blogs\/pateando-a-coruna\/wp-content\/uploads\/sites\/30\/2019\/01\/\u00c1ngel-Senra-local-vac\u00edo2-300x169.jpg\" alt=\"\" srcset=\"https:\/\/www.cope.es\/blogs\/pateando-a-coruna\/wp-content\/uploads\/sites\/30\/2019\/01\/\u00c1ngel-Senra-local-vac\u00edo2-300x169.jpg 300w, https:\/\/www.cope.es\/blogs\/pateando-a-coruna\/wp-content\/uploads\/sites\/30\/2019\/01\/\u00c1ngel-Senra-local-vac\u00edo2-768x432.jpg 768w, https:\/\/www.cope.es\/blogs\/pateando-a-coruna\/wp-content\/uploads\/sites\/30\/2019\/01\/\u00c1ngel-Senra-local-vac\u00edo2-1024x576.jpg 1024w\" sizes=\"auto, (max-width: 300px) 100vw, 300px\" \/> <img loading=\"lazy\" decoding=\"async\" width=\"300\" height=\"169\" class=\"alignnone size-medium wp-image-736\" src=\"http:\/\/www.cope.es\/blogs\/pateando-a-coruna\/wp-content\/uploads\/sites\/30\/2019\/01\/\u00c1ngel-Senra-local-vac\u00edo3-precinto-300x169.jpg\" alt=\"\" srcset=\"https:\/\/www.cope.es\/blogs\/pateando-a-coruna\/wp-content\/uploads\/sites\/30\/2019\/01\/\u00c1ngel-Senra-local-vac\u00edo3-precinto-300x169.jpg 300w, https:\/\/www.cope.es\/blogs\/pateando-a-coruna\/wp-content\/uploads\/sites\/30\/2019\/01\/\u00c1ngel-Senra-local-vac\u00edo3-precinto-768x432.jpg 768w, https:\/\/www.cope.es\/blogs\/pateando-a-coruna\/wp-content\/uploads\/sites\/30\/2019\/01\/\u00c1ngel-Senra-local-vac\u00edo3-precinto-1024x576.jpg 1024w\" sizes=\"auto, (max-width: 300px) 100vw, 300px\" \/> <img loading=\"lazy\" decoding=\"async\" width=\"169\" height=\"300\" class=\"alignnone size-medium wp-image-721\" src=\"http:\/\/www.cope.es\/blogs\/pateando-a-coruna\/wp-content\/uploads\/sites\/30\/2019\/01\/ngel-Senra-Carboner\u00eda-La-Mina-e1547564515251-169x300.jpg\" alt=\"\" srcset=\"https:\/\/www.cope.es\/blogs\/pateando-a-coruna\/wp-content\/uploads\/sites\/30\/2019\/01\/ngel-Senra-Carboner\u00eda-La-Mina-e1547564515251-169x300.jpg 169w, https:\/\/www.cope.es\/blogs\/pateando-a-coruna\/wp-content\/uploads\/sites\/30\/2019\/01\/ngel-Senra-Carboner\u00eda-La-Mina-e1547564515251-768x1365.jpg 768w, https:\/\/www.cope.es\/blogs\/pateando-a-coruna\/wp-content\/uploads\/sites\/30\/2019\/01\/ngel-Senra-Carboner\u00eda-La-Mina-e1547564515251-576x1024.jpg 576w\" sizes=\"auto, (max-width: 169px) 100vw, 169px\" \/><\/p>\n<p>&nbsp;<\/p>\n<p><span style=\"color: #404040\"><span style=\"font-size: large\">Uno de los establecimientos m\u00e1s singulares es<a href=\"https:\/\/www.facebook.com\/ElCalderodePeltre\/\" target=\"_blank\"><strong> El Caldero de Peltre<\/strong><\/a>, una tienda especializada en Harry Potter y otras sagas de ficci\u00f3n. Nos hablan de la tienda en esta entrevista\u00a0<strong>Ana y Delia<\/strong>, sus propietarias<\/span><\/span><\/p>\n<p><img loading=\"lazy\" decoding=\"async\" width=\"300\" height=\"169\" class=\"alignnone size-medium wp-image-741\" src=\"http:\/\/www.cope.es\/blogs\/pateando-a-coruna\/wp-content\/uploads\/sites\/30\/2019\/01\/El-Caldero-de-Peltre-300x169.jpg\" alt=\"\" srcset=\"https:\/\/www.cope.es\/blogs\/pateando-a-coruna\/wp-content\/uploads\/sites\/30\/2019\/01\/El-Caldero-de-Peltre-300x169.jpg 300w, https:\/\/www.cope.es\/blogs\/pateando-a-coruna\/wp-content\/uploads\/sites\/30\/2019\/01\/El-Caldero-de-Peltre-768x432.jpg 768w, https:\/\/www.cope.es\/blogs\/pateando-a-coruna\/wp-content\/uploads\/sites\/30\/2019\/01\/El-Caldero-de-Peltre-1024x576.jpg 1024w\" sizes=\"auto, (max-width: 300px) 100vw, 300px\" \/><\/p>\n<audio class=\"wp-audio-shortcode\" id=\"audio-742-2\" preload=\"none\" style=\"width: 100%;\" controls=\"controls\"><source type=\"audio\/mpeg\" src=\"http:\/\/www.cope.es\/blogs\/pateando-a-coruna\/wp-content\/uploads\/sites\/30\/2019\/01\/ENTREVISTA-ANA-Y-DELIA-HARRY-POTTER.mp3?_=2\" \/><a href=\"http:\/\/www.cope.es\/blogs\/pateando-a-coruna\/wp-content\/uploads\/sites\/30\/2019\/01\/ENTREVISTA-ANA-Y-DELIA-HARRY-POTTER.mp3\">http:\/\/www.cope.es\/blogs\/pateando-a-coruna\/wp-content\/uploads\/sites\/30\/2019\/01\/ENTREVISTA-ANA-Y-DELIA-HARRY-POTTER.mp3<\/a><\/audio>\n<h1><strong>Aparcar, esa quimera\u00a0<\/strong><\/h1>\n<p><span style=\"color: #404040\"><span style=\"font-size: large\">La peor parte para el comerciante llega, como en toda calle peatonal, cuando tiene que reponer mercanc\u00eda. El <strong>horario de carga y descarga<\/strong> est\u00e1 limitado de 6 a 11 y algunas furgonetas intentan trampear en las esquinas de los cruces del entorno cuando se inicia el toque de queda.\u00a0<\/span><\/span><span style=\"font-size: large;color: #404040\">Aunque sobre aparcar mejor no preguntar aqu\u00ed: en toda esta parte de Os Mallos faltan garajes y sobran coches, sobre todo en horario de actividad de los juzgados.\u00a0<\/span><\/p>\n<p><img loading=\"lazy\" decoding=\"async\" width=\"300\" height=\"169\" class=\"alignnone size-medium wp-image-725\" src=\"http:\/\/www.cope.es\/blogs\/pateando-a-coruna\/wp-content\/uploads\/sites\/30\/2019\/01\/\u00c1ngel-Senra-cuesta-300x169.jpg\" alt=\"\" srcset=\"https:\/\/www.cope.es\/blogs\/pateando-a-coruna\/wp-content\/uploads\/sites\/30\/2019\/01\/\u00c1ngel-Senra-cuesta-300x169.jpg 300w, https:\/\/www.cope.es\/blogs\/pateando-a-coruna\/wp-content\/uploads\/sites\/30\/2019\/01\/\u00c1ngel-Senra-cuesta-768x432.jpg 768w, https:\/\/www.cope.es\/blogs\/pateando-a-coruna\/wp-content\/uploads\/sites\/30\/2019\/01\/\u00c1ngel-Senra-cuesta-1024x576.jpg 1024w\" sizes=\"auto, (max-width: 300px) 100vw, 300px\" \/><img loading=\"lazy\" decoding=\"async\" width=\"300\" height=\"169\" class=\"alignnone size-medium wp-image-737\" src=\"http:\/\/www.cope.es\/blogs\/pateando-a-coruna\/wp-content\/uploads\/sites\/30\/2019\/01\/\u00c1ngel-Senra-prohibido-aparcar-300x169.jpg\" alt=\"\" srcset=\"https:\/\/www.cope.es\/blogs\/pateando-a-coruna\/wp-content\/uploads\/sites\/30\/2019\/01\/\u00c1ngel-Senra-prohibido-aparcar-300x169.jpg 300w, https:\/\/www.cope.es\/blogs\/pateando-a-coruna\/wp-content\/uploads\/sites\/30\/2019\/01\/\u00c1ngel-Senra-prohibido-aparcar-768x432.jpg 768w, https:\/\/www.cope.es\/blogs\/pateando-a-coruna\/wp-content\/uploads\/sites\/30\/2019\/01\/\u00c1ngel-Senra-prohibido-aparcar-1024x576.jpg 1024w\" sizes=\"auto, (max-width: 300px) 100vw, 300px\" \/><\/p>\n<p><span style=\"color: #404040\"><span style=\"font-size: large\">Los veh\u00edculos todav\u00eda circulan de forma transversal desde las seis bocacalles de \u00c1ngel Senra, pero lo mejor venir aqu\u00ed en<strong> transporte p\u00fablico<\/strong>. Las paradas m\u00e1s cercanas son las de Capit\u00e1n Juan Varela o la Ronda de Outeiro. Tampoco es extra\u00f1o escuchar maletas rodar por esta v\u00eda en direcci\u00f3n a las <strong>estaciones de tren o de bus,<\/strong> que est\u00e1n a un paso.<\/span><\/span><\/p>\n<h1><strong>\u00c1ngel Senra se hace mayor<\/strong><\/h1>\n<p><span style=\"color: #404040\"><span style=\"font-size: large\">Las buenas conexiones son las ventajas de una calle cuya poblaci\u00f3n se ha hecho mayor, como sus propios edificios. La casa m\u00e1s antigua es de <strong>1930<\/strong> y la m\u00e1s nueva no pasa de <strong>1990<\/strong>. Ni garajes ni ascensores son bienes con los que cuenten, en general, estos inmuebles.<\/span><\/span><\/p>\n<p><img loading=\"lazy\" decoding=\"async\" width=\"300\" height=\"169\" class=\"alignnone size-medium wp-image-728\" src=\"http:\/\/www.cope.es\/blogs\/pateando-a-coruna\/wp-content\/uploads\/sites\/30\/2019\/01\/\u00c1ngel-Senra-edificios2-300x169.jpg\" alt=\"\" srcset=\"https:\/\/www.cope.es\/blogs\/pateando-a-coruna\/wp-content\/uploads\/sites\/30\/2019\/01\/\u00c1ngel-Senra-edificios2-300x169.jpg 300w, https:\/\/www.cope.es\/blogs\/pateando-a-coruna\/wp-content\/uploads\/sites\/30\/2019\/01\/\u00c1ngel-Senra-edificios2-768x432.jpg 768w, https:\/\/www.cope.es\/blogs\/pateando-a-coruna\/wp-content\/uploads\/sites\/30\/2019\/01\/\u00c1ngel-Senra-edificios2-1024x576.jpg 1024w\" sizes=\"auto, (max-width: 300px) 100vw, 300px\" \/> <img loading=\"lazy\" decoding=\"async\" width=\"300\" height=\"169\" class=\"alignnone size-medium wp-image-729\" src=\"http:\/\/www.cope.es\/blogs\/pateando-a-coruna\/wp-content\/uploads\/sites\/30\/2019\/01\/\u00c1ngel-Senra-edificios3-300x169.jpg\" alt=\"\" srcset=\"https:\/\/www.cope.es\/blogs\/pateando-a-coruna\/wp-content\/uploads\/sites\/30\/2019\/01\/\u00c1ngel-Senra-edificios3-300x169.jpg 300w, https:\/\/www.cope.es\/blogs\/pateando-a-coruna\/wp-content\/uploads\/sites\/30\/2019\/01\/\u00c1ngel-Senra-edificios3-768x432.jpg 768w, https:\/\/www.cope.es\/blogs\/pateando-a-coruna\/wp-content\/uploads\/sites\/30\/2019\/01\/\u00c1ngel-Senra-edificios3-1024x576.jpg 1024w\" sizes=\"auto, (max-width: 300px) 100vw, 300px\" \/><img loading=\"lazy\" decoding=\"async\" width=\"300\" height=\"169\" class=\"alignnone size-medium wp-image-727\" src=\"http:\/\/www.cope.es\/blogs\/pateando-a-coruna\/wp-content\/uploads\/sites\/30\/2019\/01\/\u00c1ngel-Senra-edificios1-300x169.jpg\" alt=\"\" srcset=\"https:\/\/www.cope.es\/blogs\/pateando-a-coruna\/wp-content\/uploads\/sites\/30\/2019\/01\/\u00c1ngel-Senra-edificios1-300x169.jpg 300w, https:\/\/www.cope.es\/blogs\/pateando-a-coruna\/wp-content\/uploads\/sites\/30\/2019\/01\/\u00c1ngel-Senra-edificios1-768x432.jpg 768w, https:\/\/www.cope.es\/blogs\/pateando-a-coruna\/wp-content\/uploads\/sites\/30\/2019\/01\/\u00c1ngel-Senra-edificios1-1024x576.jpg 1024w\" sizes=\"auto, (max-width: 300px) 100vw, 300px\" \/> <img loading=\"lazy\" decoding=\"async\" width=\"300\" height=\"169\" class=\"alignnone size-medium wp-image-747\" src=\"http:\/\/www.cope.es\/blogs\/pateando-a-coruna\/wp-content\/uploads\/sites\/30\/2019\/01\/20190110_124200-300x169.jpg\" alt=\"\" srcset=\"https:\/\/www.cope.es\/blogs\/pateando-a-coruna\/wp-content\/uploads\/sites\/30\/2019\/01\/20190110_124200-300x169.jpg 300w, https:\/\/www.cope.es\/blogs\/pateando-a-coruna\/wp-content\/uploads\/sites\/30\/2019\/01\/20190110_124200-768x432.jpg 768w, https:\/\/www.cope.es\/blogs\/pateando-a-coruna\/wp-content\/uploads\/sites\/30\/2019\/01\/20190110_124200-1024x576.jpg 1024w\" sizes=\"auto, (max-width: 300px) 100vw, 300px\" \/><\/p>\n<p><span style=\"color: #404040\"><span style=\"font-size: large\">Pero los vecinos est\u00e1n contentos con una calle familiar en la que, sobre todo en verano, <strong>se puede pasear al sol.<\/strong> Este es otro de los atractivos naturales de esta v\u00eda animada por momentos pero tranquila cuando debe.\u00a0<\/span><\/span><b><\/b><\/p>\n<p><img loading=\"lazy\" decoding=\"async\" width=\"300\" height=\"169\" class=\"alignnone size-medium wp-image-731\" src=\"http:\/\/www.cope.es\/blogs\/pateando-a-coruna\/wp-content\/uploads\/sites\/30\/2019\/01\/\u00c1ngel-Senra-final-Marqu\u00e9s-de-Figueroa-300x169.jpg\" alt=\"\" srcset=\"https:\/\/www.cope.es\/blogs\/pateando-a-coruna\/wp-content\/uploads\/sites\/30\/2019\/01\/\u00c1ngel-Senra-final-Marqu\u00e9s-de-Figueroa-300x169.jpg 300w, https:\/\/www.cope.es\/blogs\/pateando-a-coruna\/wp-content\/uploads\/sites\/30\/2019\/01\/\u00c1ngel-Senra-final-Marqu\u00e9s-de-Figueroa-768x432.jpg 768w, https:\/\/www.cope.es\/blogs\/pateando-a-coruna\/wp-content\/uploads\/sites\/30\/2019\/01\/\u00c1ngel-Senra-final-Marqu\u00e9s-de-Figueroa-1024x576.jpg 1024w\" sizes=\"auto, (max-width: 300px) 100vw, 300px\" \/><\/p>\n<h1 class=\"western\"><\/h1>\n","protected":false},"excerpt":{"rendered":"<p>Calle \u00c1ngel Senra. Comienza en Marqu\u00e9s de Figueroa y termina en San Vicente. 39 n\u00fameros. 270 metros. 15007. \u00c1ngel Senra, alcalde y empresario\u00a0 \u201cLa peatonal\u201d, igual que pasa con A Gaiteira, es como conocen en la zona de Os Mallos-Estaci\u00f3n a esta calle que en la placa se dedica a \u00c1ngel Senra. Este personaje fue [&hellip;]<\/p>\n","protected":false},"author":33,"featured_media":733,"comment_status":"open","ping_status":"open","sticky":false,"template":"","format":"standard","meta":{"footnotes":""},"categories":[11],"tags":[17,49,3,7,5,50,18],"class_list":["post-742","post","type-post","status-publish","format-standard","has-post-thumbnail","hentry","category-pateando-a-coruna","tag-a-coruna","tag-angel-senra","tag-calle","tag-cope","tag-coruna","tag-os-mallos","tag-pateando-a-coruna"],"yoast_head":"<!-- This site is optimized with the Yoast SEO plugin v27.4 - https:\/\/yoast.com\/product\/yoast-seo-wordpress\/ -->\n<title>\u00c1ngel Senra: paseos y terrazas en Os Mallos - Pateando A Coru\u00f1a<\/title>\n<meta name=\"robots\" content=\"index, follow, max-snippet:-1, max-image-preview:large, max-video-preview:-1\" \/>\n<link rel=\"canonical\" href=\"https:\/\/www.cope.es\/blogs\/pateando-a-coruna\/2019\/01\/15\/angel-senra-paseos-y-terrazas-en-os-mallos\/\" \/>\n<meta property=\"og:locale\" content=\"es_ES\" \/>\n<meta property=\"og:type\" content=\"article\" \/>\n<meta property=\"og:title\" content=\"\u00c1ngel Senra: paseos y terrazas en Os Mallos - Pateando A Coru\u00f1a\" \/>\n<meta property=\"og:description\" content=\"Calle \u00c1ngel Senra. Comienza en Marqu\u00e9s de Figueroa y termina en San Vicente. 39 n\u00fameros. 270 metros. 15007. \u00c1ngel Senra, alcalde y empresario\u00a0 \u201cLa peatonal\u201d, igual que pasa con A Gaiteira, es como conocen en la zona de Os Mallos-Estaci\u00f3n a esta calle que en la placa se dedica a \u00c1ngel Senra. Este personaje fue [&hellip;]\" \/>\n<meta property=\"og:url\" content=\"https:\/\/www.cope.es\/blogs\/pateando-a-coruna\/2019\/01\/15\/angel-senra-paseos-y-terrazas-en-os-mallos\/\" \/>\n<meta property=\"og:site_name\" content=\"Pateando A Coru\u00f1a\" \/>\n<meta property=\"article:publisher\" content=\"https:\/\/www.facebook.com\/cope\/\" \/>\n<meta property=\"article:published_time\" content=\"2019-01-15T15:16:39+00:00\" \/>\n<meta property=\"article:modified_time\" content=\"2019-04-05T08:14:34+00:00\" \/>\n<meta property=\"og:image\" content=\"https:\/\/www.cope.es\/blogs\/pateando-a-coruna\/wp-content\/uploads\/sites\/30\/2019\/01\/\u00c1ngel-Senra-general-OK-1024x576.jpg\" \/>\n\t<meta property=\"og:image:width\" content=\"1024\" \/>\n\t<meta property=\"og:image:height\" content=\"576\" \/>\n\t<meta property=\"og:image:type\" content=\"image\/jpeg\" \/>\n<meta name=\"author\" content=\"Noela Bao\" \/>\n<meta name=\"twitter:card\" content=\"summary_large_image\" \/>\n<meta name=\"twitter:creator\" content=\"@cope_es\" \/>\n<meta name=\"twitter:site\" content=\"@cope_es\" \/>\n<meta name=\"twitter:label1\" content=\"Escrito por\" \/>\n\t<meta name=\"twitter:data1\" content=\"Noela Bao\" \/>\n\t<meta name=\"twitter:label2\" content=\"Tiempo de lectura\" \/>\n\t<meta name=\"twitter:data2\" content=\"4 minutos\" \/>\n<script type=\"application\/ld+json\" class=\"yoast-schema-graph\">{\"@context\":\"https:\\\/\\\/schema.org\",\"@graph\":[{\"@type\":\"Article\",\"@id\":\"https:\\\/\\\/www.cope.es\\\/blogs\\\/pateando-a-coruna\\\/2019\\\/01\\\/15\\\/angel-senra-paseos-y-terrazas-en-os-mallos\\\/#article\",\"isPartOf\":{\"@id\":\"https:\\\/\\\/www.cope.es\\\/blogs\\\/pateando-a-coruna\\\/2019\\\/01\\\/15\\\/angel-senra-paseos-y-terrazas-en-os-mallos\\\/\"},\"author\":{\"name\":\"Noela Bao\",\"@id\":\"https:\\\/\\\/www.cope.es\\\/blogs\\\/pateando-a-coruna\\\/#\\\/schema\\\/person\\\/b705a4b1bffc5d94ca55f39d85d6e890\"},\"headline\":\"\u00c1ngel Senra: paseos y terrazas en Os Mallos\",\"datePublished\":\"2019-01-15T15:16:39+00:00\",\"dateModified\":\"2019-04-05T08:14:34+00:00\",\"mainEntityOfPage\":{\"@id\":\"https:\\\/\\\/www.cope.es\\\/blogs\\\/pateando-a-coruna\\\/2019\\\/01\\\/15\\\/angel-senra-paseos-y-terrazas-en-os-mallos\\\/\"},\"wordCount\":769,\"commentCount\":0,\"image\":{\"@id\":\"https:\\\/\\\/www.cope.es\\\/blogs\\\/pateando-a-coruna\\\/2019\\\/01\\\/15\\\/angel-senra-paseos-y-terrazas-en-os-mallos\\\/#primaryimage\"},\"thumbnailUrl\":\"https:\\\/\\\/www.cope.es\\\/blogs\\\/pateando-a-coruna\\\/wp-content\\\/uploads\\\/sites\\\/30\\\/2019\\\/01\\\/\u00c1ngel-Senra-general-OK.jpg\",\"keywords\":[\"A Coru\u00f1a\",\"\u00c1ngel Senra\",\"Calle\",\"Cope\",\"Coru\u00f1a\",\"Os Mallos\",\"Pateando A Coru\u00f1a\"],\"articleSection\":[\"Pateando A Coru\u00f1a\"],\"inLanguage\":\"es\",\"potentialAction\":[{\"@type\":\"CommentAction\",\"name\":\"Comment\",\"target\":[\"https:\\\/\\\/www.cope.es\\\/blogs\\\/pateando-a-coruna\\\/2019\\\/01\\\/15\\\/angel-senra-paseos-y-terrazas-en-os-mallos\\\/#respond\"]}]},{\"@type\":\"WebPage\",\"@id\":\"https:\\\/\\\/www.cope.es\\\/blogs\\\/pateando-a-coruna\\\/2019\\\/01\\\/15\\\/angel-senra-paseos-y-terrazas-en-os-mallos\\\/\",\"url\":\"https:\\\/\\\/www.cope.es\\\/blogs\\\/pateando-a-coruna\\\/2019\\\/01\\\/15\\\/angel-senra-paseos-y-terrazas-en-os-mallos\\\/\",\"name\":\"\u00c1ngel Senra: paseos y terrazas en Os Mallos - Pateando A Coru\u00f1a\",\"isPartOf\":{\"@id\":\"https:\\\/\\\/www.cope.es\\\/blogs\\\/pateando-a-coruna\\\/#website\"},\"primaryImageOfPage\":{\"@id\":\"https:\\\/\\\/www.cope.es\\\/blogs\\\/pateando-a-coruna\\\/2019\\\/01\\\/15\\\/angel-senra-paseos-y-terrazas-en-os-mallos\\\/#primaryimage\"},\"image\":{\"@id\":\"https:\\\/\\\/www.cope.es\\\/blogs\\\/pateando-a-coruna\\\/2019\\\/01\\\/15\\\/angel-senra-paseos-y-terrazas-en-os-mallos\\\/#primaryimage\"},\"thumbnailUrl\":\"https:\\\/\\\/www.cope.es\\\/blogs\\\/pateando-a-coruna\\\/wp-content\\\/uploads\\\/sites\\\/30\\\/2019\\\/01\\\/\u00c1ngel-Senra-general-OK.jpg\",\"datePublished\":\"2019-01-15T15:16:39+00:00\",\"dateModified\":\"2019-04-05T08:14:34+00:00\",\"author\":{\"@id\":\"https:\\\/\\\/www.cope.es\\\/blogs\\\/pateando-a-coruna\\\/#\\\/schema\\\/person\\\/b705a4b1bffc5d94ca55f39d85d6e890\"},\"breadcrumb\":{\"@id\":\"https:\\\/\\\/www.cope.es\\\/blogs\\\/pateando-a-coruna\\\/2019\\\/01\\\/15\\\/angel-senra-paseos-y-terrazas-en-os-mallos\\\/#breadcrumb\"},\"inLanguage\":\"es\",\"potentialAction\":[{\"@type\":\"ReadAction\",\"target\":[\"https:\\\/\\\/www.cope.es\\\/blogs\\\/pateando-a-coruna\\\/2019\\\/01\\\/15\\\/angel-senra-paseos-y-terrazas-en-os-mallos\\\/\"]}]},{\"@type\":\"ImageObject\",\"inLanguage\":\"es\",\"@id\":\"https:\\\/\\\/www.cope.es\\\/blogs\\\/pateando-a-coruna\\\/2019\\\/01\\\/15\\\/angel-senra-paseos-y-terrazas-en-os-mallos\\\/#primaryimage\",\"url\":\"https:\\\/\\\/www.cope.es\\\/blogs\\\/pateando-a-coruna\\\/wp-content\\\/uploads\\\/sites\\\/30\\\/2019\\\/01\\\/\u00c1ngel-Senra-general-OK.jpg\",\"contentUrl\":\"https:\\\/\\\/www.cope.es\\\/blogs\\\/pateando-a-coruna\\\/wp-content\\\/uploads\\\/sites\\\/30\\\/2019\\\/01\\\/\u00c1ngel-Senra-general-OK.jpg\",\"width\":4128,\"height\":2322},{\"@type\":\"BreadcrumbList\",\"@id\":\"https:\\\/\\\/www.cope.es\\\/blogs\\\/pateando-a-coruna\\\/2019\\\/01\\\/15\\\/angel-senra-paseos-y-terrazas-en-os-mallos\\\/#breadcrumb\",\"itemListElement\":[{\"@type\":\"ListItem\",\"position\":1,\"name\":\"Portada\",\"item\":\"https:\\\/\\\/www.cope.es\\\/blogs\\\/pateando-a-coruna\\\/\"},{\"@type\":\"ListItem\",\"position\":2,\"name\":\"\u00c1ngel Senra: paseos y terrazas en Os Mallos\"}]},{\"@type\":\"WebSite\",\"@id\":\"https:\\\/\\\/www.cope.es\\\/blogs\\\/pateando-a-coruna\\\/#website\",\"url\":\"https:\\\/\\\/www.cope.es\\\/blogs\\\/pateando-a-coruna\\\/\",\"name\":\"Pateando A Coru\u00f1a\",\"description\":\"Conoce A Coru\u00f1a en los Blogs de COPE\",\"potentialAction\":[{\"@type\":\"SearchAction\",\"target\":{\"@type\":\"EntryPoint\",\"urlTemplate\":\"https:\\\/\\\/www.cope.es\\\/blogs\\\/pateando-a-coruna\\\/?s={search_term_string}\"},\"query-input\":{\"@type\":\"PropertyValueSpecification\",\"valueRequired\":true,\"valueName\":\"search_term_string\"}}],\"inLanguage\":\"es\"},{\"@type\":\"Person\",\"@id\":\"https:\\\/\\\/www.cope.es\\\/blogs\\\/pateando-a-coruna\\\/#\\\/schema\\\/person\\\/b705a4b1bffc5d94ca55f39d85d6e890\",\"name\":\"Noela Bao\",\"image\":{\"@type\":\"ImageObject\",\"inLanguage\":\"es\",\"@id\":\"https:\\\/\\\/secure.gravatar.com\\\/avatar\\\/f43fab7bcb9aa54237033d8d79a98a2c62d507025b93dbfeb8cace37d693a0e2?s=96&d=mm&r=g\",\"url\":\"https:\\\/\\\/secure.gravatar.com\\\/avatar\\\/f43fab7bcb9aa54237033d8d79a98a2c62d507025b93dbfeb8cace37d693a0e2?s=96&d=mm&r=g\",\"contentUrl\":\"https:\\\/\\\/secure.gravatar.com\\\/avatar\\\/f43fab7bcb9aa54237033d8d79a98a2c62d507025b93dbfeb8cace37d693a0e2?s=96&d=mm&r=g\",\"caption\":\"Noela Bao\"},\"description\":\"En Pateando A Coru\u00f1a nos acercamos a lo que esconden las calles de la ciudad herculina, m\u00e1s all\u00e1 de un nombre en una placa. Historia, reportajes, opiniones de vecinos y entrevistas. Con un m\u00f3vil en la mano y un micro en la otra recorre los barrios Noela Bao, periodista y redactora de COPE Coru\u00f1a desde 2004.\",\"sameAs\":[\"https:\\\/\\\/www.cope.es\\\/coruna\"],\"url\":\"https:\\\/\\\/www.cope.es\\\/blogs\\\/pateando-a-coruna\\\/author\\\/nbao\\\/\"}]}<\/script>\n<!-- \/ Yoast SEO plugin. -->","yoast_head_json":{"title":"\u00c1ngel Senra: paseos y terrazas en Os Mallos - Pateando A Coru\u00f1a","robots":{"index":"index","follow":"follow","max-snippet":"max-snippet:-1","max-image-preview":"max-image-preview:large","max-video-preview":"max-video-preview:-1"},"canonical":"https:\/\/www.cope.es\/blogs\/pateando-a-coruna\/2019\/01\/15\/angel-senra-paseos-y-terrazas-en-os-mallos\/","og_locale":"es_ES","og_type":"article","og_title":"\u00c1ngel Senra: paseos y terrazas en Os Mallos - Pateando A Coru\u00f1a","og_description":"Calle \u00c1ngel Senra. Comienza en Marqu\u00e9s de Figueroa y termina en San Vicente. 39 n\u00fameros. 270 metros. 15007. \u00c1ngel Senra, alcalde y empresario\u00a0 \u201cLa peatonal\u201d, igual que pasa con A Gaiteira, es como conocen en la zona de Os Mallos-Estaci\u00f3n a esta calle que en la placa se dedica a \u00c1ngel Senra. Este personaje fue [&hellip;]","og_url":"https:\/\/www.cope.es\/blogs\/pateando-a-coruna\/2019\/01\/15\/angel-senra-paseos-y-terrazas-en-os-mallos\/","og_site_name":"Pateando A Coru\u00f1a","article_publisher":"https:\/\/www.facebook.com\/cope\/","article_published_time":"2019-01-15T15:16:39+00:00","article_modified_time":"2019-04-05T08:14:34+00:00","og_image":[{"width":1024,"height":576,"url":"https:\/\/www.cope.es\/blogs\/pateando-a-coruna\/wp-content\/uploads\/sites\/30\/2019\/01\/\u00c1ngel-Senra-general-OK-1024x576.jpg","type":"image\/jpeg"}],"author":"Noela Bao","twitter_card":"summary_large_image","twitter_creator":"@cope_es","twitter_site":"@cope_es","twitter_misc":{"Escrito por":"Noela Bao","Tiempo de lectura":"4 minutos"},"schema":{"@context":"https:\/\/schema.org","@graph":[{"@type":"Article","@id":"https:\/\/www.cope.es\/blogs\/pateando-a-coruna\/2019\/01\/15\/angel-senra-paseos-y-terrazas-en-os-mallos\/#article","isPartOf":{"@id":"https:\/\/www.cope.es\/blogs\/pateando-a-coruna\/2019\/01\/15\/angel-senra-paseos-y-terrazas-en-os-mallos\/"},"author":{"name":"Noela Bao","@id":"https:\/\/www.cope.es\/blogs\/pateando-a-coruna\/#\/schema\/person\/b705a4b1bffc5d94ca55f39d85d6e890"},"headline":"\u00c1ngel Senra: paseos y terrazas en Os Mallos","datePublished":"2019-01-15T15:16:39+00:00","dateModified":"2019-04-05T08:14:34+00:00","mainEntityOfPage":{"@id":"https:\/\/www.cope.es\/blogs\/pateando-a-coruna\/2019\/01\/15\/angel-senra-paseos-y-terrazas-en-os-mallos\/"},"wordCount":769,"commentCount":0,"image":{"@id":"https:\/\/www.cope.es\/blogs\/pateando-a-coruna\/2019\/01\/15\/angel-senra-paseos-y-terrazas-en-os-mallos\/#primaryimage"},"thumbnailUrl":"https:\/\/www.cope.es\/blogs\/pateando-a-coruna\/wp-content\/uploads\/sites\/30\/2019\/01\/\u00c1ngel-Senra-general-OK.jpg","keywords":["A Coru\u00f1a","\u00c1ngel Senra","Calle","Cope","Coru\u00f1a","Os Mallos","Pateando A Coru\u00f1a"],"articleSection":["Pateando A Coru\u00f1a"],"inLanguage":"es","potentialAction":[{"@type":"CommentAction","name":"Comment","target":["https:\/\/www.cope.es\/blogs\/pateando-a-coruna\/2019\/01\/15\/angel-senra-paseos-y-terrazas-en-os-mallos\/#respond"]}]},{"@type":"WebPage","@id":"https:\/\/www.cope.es\/blogs\/pateando-a-coruna\/2019\/01\/15\/angel-senra-paseos-y-terrazas-en-os-mallos\/","url":"https:\/\/www.cope.es\/blogs\/pateando-a-coruna\/2019\/01\/15\/angel-senra-paseos-y-terrazas-en-os-mallos\/","name":"\u00c1ngel Senra: paseos y terrazas en Os Mallos - Pateando A Coru\u00f1a","isPartOf":{"@id":"https:\/\/www.cope.es\/blogs\/pateando-a-coruna\/#website"},"primaryImageOfPage":{"@id":"https:\/\/www.cope.es\/blogs\/pateando-a-coruna\/2019\/01\/15\/angel-senra-paseos-y-terrazas-en-os-mallos\/#primaryimage"},"image":{"@id":"https:\/\/www.cope.es\/blogs\/pateando-a-coruna\/2019\/01\/15\/angel-senra-paseos-y-terrazas-en-os-mallos\/#primaryimage"},"thumbnailUrl":"https:\/\/www.cope.es\/blogs\/pateando-a-coruna\/wp-content\/uploads\/sites\/30\/2019\/01\/\u00c1ngel-Senra-general-OK.jpg","datePublished":"2019-01-15T15:16:39+00:00","dateModified":"2019-04-05T08:14:34+00:00","author":{"@id":"https:\/\/www.cope.es\/blogs\/pateando-a-coruna\/#\/schema\/person\/b705a4b1bffc5d94ca55f39d85d6e890"},"breadcrumb":{"@id":"https:\/\/www.cope.es\/blogs\/pateando-a-coruna\/2019\/01\/15\/angel-senra-paseos-y-terrazas-en-os-mallos\/#breadcrumb"},"inLanguage":"es","potentialAction":[{"@type":"ReadAction","target":["https:\/\/www.cope.es\/blogs\/pateando-a-coruna\/2019\/01\/15\/angel-senra-paseos-y-terrazas-en-os-mallos\/"]}]},{"@type":"ImageObject","inLanguage":"es","@id":"https:\/\/www.cope.es\/blogs\/pateando-a-coruna\/2019\/01\/15\/angel-senra-paseos-y-terrazas-en-os-mallos\/#primaryimage","url":"https:\/\/www.cope.es\/blogs\/pateando-a-coruna\/wp-content\/uploads\/sites\/30\/2019\/01\/\u00c1ngel-Senra-general-OK.jpg","contentUrl":"https:\/\/www.cope.es\/blogs\/pateando-a-coruna\/wp-content\/uploads\/sites\/30\/2019\/01\/\u00c1ngel-Senra-general-OK.jpg","width":4128,"height":2322},{"@type":"BreadcrumbList","@id":"https:\/\/www.cope.es\/blogs\/pateando-a-coruna\/2019\/01\/15\/angel-senra-paseos-y-terrazas-en-os-mallos\/#breadcrumb","itemListElement":[{"@type":"ListItem","position":1,"name":"Portada","item":"https:\/\/www.cope.es\/blogs\/pateando-a-coruna\/"},{"@type":"ListItem","position":2,"name":"\u00c1ngel Senra: paseos y terrazas en Os Mallos"}]},{"@type":"WebSite","@id":"https:\/\/www.cope.es\/blogs\/pateando-a-coruna\/#website","url":"https:\/\/www.cope.es\/blogs\/pateando-a-coruna\/","name":"Pateando A Coru\u00f1a","description":"Conoce A Coru\u00f1a en los Blogs de COPE","potentialAction":[{"@type":"SearchAction","target":{"@type":"EntryPoint","urlTemplate":"https:\/\/www.cope.es\/blogs\/pateando-a-coruna\/?s={search_term_string}"},"query-input":{"@type":"PropertyValueSpecification","valueRequired":true,"valueName":"search_term_string"}}],"inLanguage":"es"},{"@type":"Person","@id":"https:\/\/www.cope.es\/blogs\/pateando-a-coruna\/#\/schema\/person\/b705a4b1bffc5d94ca55f39d85d6e890","name":"Noela Bao","image":{"@type":"ImageObject","inLanguage":"es","@id":"https:\/\/secure.gravatar.com\/avatar\/f43fab7bcb9aa54237033d8d79a98a2c62d507025b93dbfeb8cace37d693a0e2?s=96&d=mm&r=g","url":"https:\/\/secure.gravatar.com\/avatar\/f43fab7bcb9aa54237033d8d79a98a2c62d507025b93dbfeb8cace37d693a0e2?s=96&d=mm&r=g","contentUrl":"https:\/\/secure.gravatar.com\/avatar\/f43fab7bcb9aa54237033d8d79a98a2c62d507025b93dbfeb8cace37d693a0e2?s=96&d=mm&r=g","caption":"Noela Bao"},"description":"En Pateando A Coru\u00f1a nos acercamos a lo que esconden las calles de la ciudad herculina, m\u00e1s all\u00e1 de un nombre en una placa. Historia, reportajes, opiniones de vecinos y entrevistas. Con un m\u00f3vil en la mano y un micro en la otra recorre los barrios Noela Bao, periodista y redactora de COPE Coru\u00f1a desde 2004.","sameAs":["https:\/\/www.cope.es\/coruna"],"url":"https:\/\/www.cope.es\/blogs\/pateando-a-coruna\/author\/nbao\/"}]}},"amp_enabled":true,"_links":{"self":[{"href":"https:\/\/www.cope.es\/blogs\/pateando-a-coruna\/wp-json\/wp\/v2\/posts\/742","targetHints":{"allow":["GET"]}}],"collection":[{"href":"https:\/\/www.cope.es\/blogs\/pateando-a-coruna\/wp-json\/wp\/v2\/posts"}],"about":[{"href":"https:\/\/www.cope.es\/blogs\/pateando-a-coruna\/wp-json\/wp\/v2\/types\/post"}],"author":[{"embeddable":true,"href":"https:\/\/www.cope.es\/blogs\/pateando-a-coruna\/wp-json\/wp\/v2\/users\/33"}],"replies":[{"embeddable":true,"href":"https:\/\/www.cope.es\/blogs\/pateando-a-coruna\/wp-json\/wp\/v2\/comments?post=742"}],"version-history":[{"count":2,"href":"https:\/\/www.cope.es\/blogs\/pateando-a-coruna\/wp-json\/wp\/v2\/posts\/742\/revisions"}],"predecessor-version":[{"id":1267,"href":"https:\/\/www.cope.es\/blogs\/pateando-a-coruna\/wp-json\/wp\/v2\/posts\/742\/revisions\/1267"}],"wp:featuredmedia":[{"embeddable":true,"href":"https:\/\/www.cope.es\/blogs\/pateando-a-coruna\/wp-json\/wp\/v2\/media\/733"}],"wp:attachment":[{"href":"https:\/\/www.cope.es\/blogs\/pateando-a-coruna\/wp-json\/wp\/v2\/media?parent=742"}],"wp:term":[{"taxonomy":"category","embeddable":true,"href":"https:\/\/www.cope.es\/blogs\/pateando-a-coruna\/wp-json\/wp\/v2\/categories?post=742"},{"taxonomy":"post_tag","embeddable":true,"href":"https:\/\/www.cope.es\/blogs\/pateando-a-coruna\/wp-json\/wp\/v2\/tags?post=742"}],"curies":[{"name":"wp","href":"https:\/\/api.w.org\/{rel}","templated":true}]}}