{"id":607,"date":"2018-12-18T18:35:49","date_gmt":"2018-12-18T17:35:49","guid":{"rendered":"http:\/\/www.cope.es\/blogs\/pateando-a-coruna\/?p=607"},"modified":"2020-04-03T09:05:10","modified_gmt":"2020-04-03T07:05:10","slug":"san-agustin-el-mercado-de-la-modernidad","status":"publish","type":"post","link":"https:\/\/www.cope.es\/blogs\/pateando-a-coruna\/2018\/12\/18\/san-agustin-el-mercado-de-la-modernidad\/","title":{"rendered":"San Agust\u00edn: el mercado de la modernidad"},"content":{"rendered":"<audio class=\"wp-audio-shortcode\" id=\"audio-607-1\" preload=\"none\" style=\"width: 100%;\" controls=\"controls\"><source type=\"audio\/mpeg\" src=\"http:\/\/www.cope.es\/blogs\/pateando-a-coruna\/wp-content\/uploads\/sites\/30\/2018\/12\/2018-12-18-Repor-San-Agust\u00edn.mp3?_=1\" \/><a href=\"http:\/\/www.cope.es\/blogs\/pateando-a-coruna\/wp-content\/uploads\/sites\/30\/2018\/12\/2018-12-18-Repor-San-Agust\u00edn.mp3\">http:\/\/www.cope.es\/blogs\/pateando-a-coruna\/wp-content\/uploads\/sites\/30\/2018\/12\/2018-12-18-Repor-San-Agust\u00edn.mp3<\/a><\/audio>\n<p><em>Mercado de San Agust\u00edn. Entre Pio XII, Juan XXIII, Marqu\u00e9s de Pontejos y la plaza del Humor.\u00a0 15001.<\/em><\/p>\n<p><img loading=\"lazy\" decoding=\"async\" width=\"300\" height=\"225\" class=\"alignnone size-medium wp-image-591\" src=\"http:\/\/www.cope.es\/blogs\/pateando-a-coruna\/wp-content\/uploads\/sites\/30\/2018\/12\/20181214_102544-300x225.jpg\" alt=\"\" srcset=\"https:\/\/www.cope.es\/blogs\/pateando-a-coruna\/wp-content\/uploads\/sites\/30\/2018\/12\/20181214_102544-300x225.jpg 300w, https:\/\/www.cope.es\/blogs\/pateando-a-coruna\/wp-content\/uploads\/sites\/30\/2018\/12\/20181214_102544-768x576.jpg 768w, https:\/\/www.cope.es\/blogs\/pateando-a-coruna\/wp-content\/uploads\/sites\/30\/2018\/12\/20181214_102544-1024x768.jpg 1024w\" sizes=\"auto, (max-width: 300px) 100vw, 300px\" \/><\/p>\n<p>&nbsp;<\/p>\n<h2 class=\"western\"><span style=\"font-size: x-large\"><b>Historia<\/b><\/span><b><\/b><\/h2>\n<p><span style=\"font-size: large\">El nombre de San Agust\u00edn no es, en absoluto, casual. Y es que a este santo, doctor de la Iglesia y patr\u00f3n de los que buscan a Dios, estaban dedicados los<strong> Agustinos de Cai\u00f3n<\/strong>. Esta orden mon\u00e1stica se traslad\u00f3 desde A Laracha a A Coru\u00f1a\u00a0 y ocup\u00f3 entre los siglos XVIII y XIX el actual edificio de <a href=\"http:\/\/www.sanjorgecoruna.es\" target=\"_blank\">San Jorge<\/a>, hasta que fueron exclaustrados en 1835. Todav\u00eda queda una muestra de la advocaci\u00f3n al Santo en la figura barroca que se encuentra en el \u00e1bside central de la iglesia. <\/span><\/p>\n<p><img loading=\"lazy\" decoding=\"async\" width=\"200\" height=\"300\" class=\"alignnone size-medium wp-image-627\" src=\"http:\/\/www.cope.es\/blogs\/pateando-a-coruna\/wp-content\/uploads\/sites\/30\/2018\/12\/san-agustin-200x300.jpg\" alt=\"\" srcset=\"https:\/\/www.cope.es\/blogs\/pateando-a-coruna\/wp-content\/uploads\/sites\/30\/2018\/12\/san-agustin-200x300.jpg 200w, https:\/\/www.cope.es\/blogs\/pateando-a-coruna\/wp-content\/uploads\/sites\/30\/2018\/12\/san-agustin-768x1152.jpg 768w, https:\/\/www.cope.es\/blogs\/pateando-a-coruna\/wp-content\/uploads\/sites\/30\/2018\/12\/san-agustin-683x1024.jpg 683w, https:\/\/www.cope.es\/blogs\/pateando-a-coruna\/wp-content\/uploads\/sites\/30\/2018\/12\/san-agustin.jpg 945w\" sizes=\"auto, (max-width: 200px) 100vw, 200px\" \/><\/p>\n<p>&nbsp;<\/p>\n<h2 class=\"western\"><strong><span style=\"font-size: x-large\">El templo del comercio<\/span><\/strong><\/h2>\n<p><span style=\"font-size: large\">El mercado de San Agust\u00edn fue construido en <strong>1932<\/strong>, aunque ya desde finales del XIX hab\u00edan surgido ideas para dotar a la zona de una plaza de abastos. Firmaba el proyecto el mejor t\u00e1ndem de la arquitectura coru\u00f1esa: el que formaban <strong>Antonio Tenreiro<\/strong> y<strong> Santiago Rey Pedreira.<\/strong> El hierro era un material muy caro para el edificio, pero Tenreiro y Pedreira mezclan las ideas modernistas con el hormig\u00f3n armado, y acaban por crear un mercado \u00fanico. <\/span><\/p>\n<p><img loading=\"lazy\" decoding=\"async\" width=\"300\" height=\"225\" class=\"alignnone size-medium wp-image-590\" src=\"http:\/\/www.cope.es\/blogs\/pateando-a-coruna\/wp-content\/uploads\/sites\/30\/2018\/12\/20181214_102510-300x225.jpg\" alt=\"\" srcset=\"https:\/\/www.cope.es\/blogs\/pateando-a-coruna\/wp-content\/uploads\/sites\/30\/2018\/12\/20181214_102510-300x225.jpg 300w, https:\/\/www.cope.es\/blogs\/pateando-a-coruna\/wp-content\/uploads\/sites\/30\/2018\/12\/20181214_102510-768x576.jpg 768w, https:\/\/www.cope.es\/blogs\/pateando-a-coruna\/wp-content\/uploads\/sites\/30\/2018\/12\/20181214_102510-1024x768.jpg 1024w\" sizes=\"auto, (max-width: 300px) 100vw, 300px\" \/> <img loading=\"lazy\" decoding=\"async\" width=\"300\" height=\"225\" class=\"alignnone size-medium wp-image-616\" src=\"http:\/\/www.cope.es\/blogs\/pateando-a-coruna\/wp-content\/uploads\/sites\/30\/2018\/12\/20181214_110136-300x225.jpg\" alt=\"\" srcset=\"https:\/\/www.cope.es\/blogs\/pateando-a-coruna\/wp-content\/uploads\/sites\/30\/2018\/12\/20181214_110136-300x225.jpg 300w, https:\/\/www.cope.es\/blogs\/pateando-a-coruna\/wp-content\/uploads\/sites\/30\/2018\/12\/20181214_110136-768x576.jpg 768w, https:\/\/www.cope.es\/blogs\/pateando-a-coruna\/wp-content\/uploads\/sites\/30\/2018\/12\/20181214_110136-1024x768.jpg 1024w\" sizes=\"auto, (max-width: 300px) 100vw, 300px\" \/> <img loading=\"lazy\" decoding=\"async\" width=\"300\" height=\"225\" class=\"alignnone size-medium wp-image-615\" src=\"http:\/\/www.cope.es\/blogs\/pateando-a-coruna\/wp-content\/uploads\/sites\/30\/2018\/12\/20181214_110112-300x225.jpg\" alt=\"\" srcset=\"https:\/\/www.cope.es\/blogs\/pateando-a-coruna\/wp-content\/uploads\/sites\/30\/2018\/12\/20181214_110112-300x225.jpg 300w, https:\/\/www.cope.es\/blogs\/pateando-a-coruna\/wp-content\/uploads\/sites\/30\/2018\/12\/20181214_110112-768x576.jpg 768w, https:\/\/www.cope.es\/blogs\/pateando-a-coruna\/wp-content\/uploads\/sites\/30\/2018\/12\/20181214_110112-1024x768.jpg 1024w\" sizes=\"auto, (max-width: 300px) 100vw, 300px\" \/> <img loading=\"lazy\" decoding=\"async\" width=\"300\" height=\"225\" class=\"alignnone size-medium wp-image-594\" src=\"http:\/\/www.cope.es\/blogs\/pateando-a-coruna\/wp-content\/uploads\/sites\/30\/2018\/12\/20181214_102616-300x225.jpg\" alt=\"\" srcset=\"https:\/\/www.cope.es\/blogs\/pateando-a-coruna\/wp-content\/uploads\/sites\/30\/2018\/12\/20181214_102616-300x225.jpg 300w, https:\/\/www.cope.es\/blogs\/pateando-a-coruna\/wp-content\/uploads\/sites\/30\/2018\/12\/20181214_102616-768x576.jpg 768w, https:\/\/www.cope.es\/blogs\/pateando-a-coruna\/wp-content\/uploads\/sites\/30\/2018\/12\/20181214_102616-1024x768.jpg 1024w\" sizes=\"auto, (max-width: 300px) 100vw, 300px\" \/><\/p>\n<p><span style=\"font-size: large\">Con inspiraci\u00f3n en el mercado franc\u00e9s de Reims, idearon una enorme <strong>cubierta parab\u00f3lica de 24 metros<\/strong>, con bandas de vidrio y sin pilares, que hizo de San Agust\u00edn la obra arquitect\u00f3nica m\u00e1s destacada de la primera mitad del siglo XX. <\/span><\/p>\n<p><img loading=\"lazy\" decoding=\"async\" width=\"169\" height=\"300\" class=\"alignnone size-medium wp-image-622\" src=\"http:\/\/www.cope.es\/blogs\/pateando-a-coruna\/wp-content\/uploads\/sites\/30\/2018\/12\/IMG_20180908_203407446-169x300.jpg\" alt=\"\" srcset=\"https:\/\/www.cope.es\/blogs\/pateando-a-coruna\/wp-content\/uploads\/sites\/30\/2018\/12\/IMG_20180908_203407446-169x300.jpg 169w, https:\/\/www.cope.es\/blogs\/pateando-a-coruna\/wp-content\/uploads\/sites\/30\/2018\/12\/IMG_20180908_203407446-768x1365.jpg 768w, https:\/\/www.cope.es\/blogs\/pateando-a-coruna\/wp-content\/uploads\/sites\/30\/2018\/12\/IMG_20180908_203407446-576x1024.jpg 576w\" sizes=\"auto, (max-width: 169px) 100vw, 169px\" \/> <img loading=\"lazy\" decoding=\"async\" width=\"300\" height=\"169\" class=\"alignnone size-medium wp-image-623\" src=\"http:\/\/www.cope.es\/blogs\/pateando-a-coruna\/wp-content\/uploads\/sites\/30\/2018\/12\/IMG_20180908_203422048-300x169.jpg\" alt=\"\" srcset=\"https:\/\/www.cope.es\/blogs\/pateando-a-coruna\/wp-content\/uploads\/sites\/30\/2018\/12\/IMG_20180908_203422048-300x169.jpg 300w, https:\/\/www.cope.es\/blogs\/pateando-a-coruna\/wp-content\/uploads\/sites\/30\/2018\/12\/IMG_20180908_203422048-768x432.jpg 768w, https:\/\/www.cope.es\/blogs\/pateando-a-coruna\/wp-content\/uploads\/sites\/30\/2018\/12\/IMG_20180908_203422048-1024x576.jpg 1024w\" sizes=\"auto, (max-width: 300px) 100vw, 300px\" \/><\/p>\n<p><span style=\"font-size: large\">Aunque San Agust\u00edn tambi\u00e9n hizo historia por tener <strong>el primer supermercado de toda Galicia<\/strong>. Se abri\u00f3 en 1958, estaba promovido por la Comisar\u00eda de Abastecimientos y lo inaugur\u00f3 Franco el mismo . Lo reflejaba as\u00ed el NO-DO a partir del minuto 2:13:<br \/>\n<\/span><\/p>\n<div>\n<p><iframe style=\"width: 100%;height: 90%;overflow: hidden\" src=\"http:\/\/www.rtve.es\/drmn\/embed\/video\/1486175\" name=\"NOT N 819 A\" frameborder=\"0\"><\/iframe><\/p>\n<div style=\"font-family: arial,helvetica,sans-serif;font-size: 12px;line-height: 1.833;padding: 5px 0 5px 10px\"><span style=\"float: left;margin-right: 10px\"> <img decoding=\"async\" style=\"height: 20px;width: auto;background: transparent;padding: 0;margin: 0\" src=\"http:\/\/img.irtve.es\/css\/rtve.commons\/rtve.header.footer\/i\/logoRTVEes.png\" \/> <\/span> <a style=\"color: #333;font-weight: bold\" title=\"NOT N 819 A\" href=\"http:\/\/www.rtve.es\/filmoteca\/no-do\/not-819\/1486175\/\"> <strong>NOT N 819 A<\/strong> <\/a><\/div>\n<\/div>\n<p><span style=\"font-size: large\">Sorprend\u00eda en la \u00e9poca encontrar por primera vez beicon o ver un establecimiento con frigor\u00edficos. El conocido como <strong>autoservicio<\/strong>, situado en el s\u00f3tano, dar\u00eda paso a\u00f1os despu\u00e9s al Gadis. <\/span><\/p>\n<p><img loading=\"lazy\" decoding=\"async\" width=\"300\" height=\"225\" class=\"alignnone size-medium wp-image-613\" src=\"http:\/\/www.cope.es\/blogs\/pateando-a-coruna\/wp-content\/uploads\/sites\/30\/2018\/12\/20181214_110044-300x225.jpg\" alt=\"\" srcset=\"https:\/\/www.cope.es\/blogs\/pateando-a-coruna\/wp-content\/uploads\/sites\/30\/2018\/12\/20181214_110044-300x225.jpg 300w, https:\/\/www.cope.es\/blogs\/pateando-a-coruna\/wp-content\/uploads\/sites\/30\/2018\/12\/20181214_110044-768x576.jpg 768w, https:\/\/www.cope.es\/blogs\/pateando-a-coruna\/wp-content\/uploads\/sites\/30\/2018\/12\/20181214_110044-1024x768.jpg 1024w\" sizes=\"auto, (max-width: 300px) 100vw, 300px\" \/><\/p>\n<h2 class=\"western\"><strong><span style=\"font-size: x-large\">El producto fresco, la estrella<\/span><\/strong><\/h2>\n<p><span style=\"font-size: large\">Los tres pisos de San Agust\u00edn han pasado por diferentes etapas con el paso de los a\u00f1os. Algunos recuerdan cuando en la planta superior estaba el pescado y cuando hab\u00eda tanta gente que era dif\u00edcil caminar por el mercado. No obstante, la<\/span><span style=\"font-size: large\"> esencia de San Agust\u00edn sigue estando en la venta del producto fresco: <strong>marisco, pescado, carne de todo tipo o frutas y verduras de temporada.<\/strong> Entre los m\u00e1s de 40 puestos abiertos dentro y fuera de las instalaciones tambi\u00e9n se puede ver <strong>pan<\/strong>, <strong>queso, legumbres a granel<\/strong> o <strong>productos ecol\u00f3gicos. <\/strong>Y los <strong>puestos de comida para llevar<\/strong> combinan todo lo anterior. <strong><br \/>\n<\/strong><\/span><\/p>\n<p><img loading=\"lazy\" decoding=\"async\" width=\"300\" height=\"225\" class=\"alignnone size-medium wp-image-600\" src=\"http:\/\/www.cope.es\/blogs\/pateando-a-coruna\/wp-content\/uploads\/sites\/30\/2018\/12\/20181214_104824-300x225.jpg\" alt=\"\" srcset=\"https:\/\/www.cope.es\/blogs\/pateando-a-coruna\/wp-content\/uploads\/sites\/30\/2018\/12\/20181214_104824-300x225.jpg 300w, https:\/\/www.cope.es\/blogs\/pateando-a-coruna\/wp-content\/uploads\/sites\/30\/2018\/12\/20181214_104824-768x576.jpg 768w, https:\/\/www.cope.es\/blogs\/pateando-a-coruna\/wp-content\/uploads\/sites\/30\/2018\/12\/20181214_104824-1024x768.jpg 1024w\" sizes=\"auto, (max-width: 300px) 100vw, 300px\" \/> <img loading=\"lazy\" decoding=\"async\" width=\"300\" height=\"225\" class=\"alignnone size-medium wp-image-602\" src=\"http:\/\/www.cope.es\/blogs\/pateando-a-coruna\/wp-content\/uploads\/sites\/30\/2018\/12\/20181214_105850-300x225.jpg\" alt=\"\" srcset=\"https:\/\/www.cope.es\/blogs\/pateando-a-coruna\/wp-content\/uploads\/sites\/30\/2018\/12\/20181214_105850-300x225.jpg 300w, https:\/\/www.cope.es\/blogs\/pateando-a-coruna\/wp-content\/uploads\/sites\/30\/2018\/12\/20181214_105850-768x576.jpg 768w, https:\/\/www.cope.es\/blogs\/pateando-a-coruna\/wp-content\/uploads\/sites\/30\/2018\/12\/20181214_105850-1024x768.jpg 1024w\" sizes=\"auto, (max-width: 300px) 100vw, 300px\" \/> <img loading=\"lazy\" decoding=\"async\" width=\"300\" height=\"225\" class=\"alignnone size-medium wp-image-596\" src=\"http:\/\/www.cope.es\/blogs\/pateando-a-coruna\/wp-content\/uploads\/sites\/30\/2018\/12\/20181214_103239-300x225.jpg\" alt=\"\" srcset=\"https:\/\/www.cope.es\/blogs\/pateando-a-coruna\/wp-content\/uploads\/sites\/30\/2018\/12\/20181214_103239-300x225.jpg 300w, https:\/\/www.cope.es\/blogs\/pateando-a-coruna\/wp-content\/uploads\/sites\/30\/2018\/12\/20181214_103239-768x576.jpg 768w, https:\/\/www.cope.es\/blogs\/pateando-a-coruna\/wp-content\/uploads\/sites\/30\/2018\/12\/20181214_103239-1024x768.jpg 1024w\" sizes=\"auto, (max-width: 300px) 100vw, 300px\" \/> <img loading=\"lazy\" decoding=\"async\" width=\"300\" height=\"225\" class=\"alignnone size-medium wp-image-603\" src=\"http:\/\/www.cope.es\/blogs\/pateando-a-coruna\/wp-content\/uploads\/sites\/30\/2018\/12\/20181214_105916-300x225.jpg\" alt=\"\" srcset=\"https:\/\/www.cope.es\/blogs\/pateando-a-coruna\/wp-content\/uploads\/sites\/30\/2018\/12\/20181214_105916-300x225.jpg 300w, https:\/\/www.cope.es\/blogs\/pateando-a-coruna\/wp-content\/uploads\/sites\/30\/2018\/12\/20181214_105916-768x576.jpg 768w, https:\/\/www.cope.es\/blogs\/pateando-a-coruna\/wp-content\/uploads\/sites\/30\/2018\/12\/20181214_105916-1024x768.jpg 1024w\" sizes=\"auto, (max-width: 300px) 100vw, 300px\" \/><img loading=\"lazy\" decoding=\"async\" width=\"300\" height=\"225\" class=\"alignnone size-medium wp-image-611\" src=\"http:\/\/www.cope.es\/blogs\/pateando-a-coruna\/wp-content\/uploads\/sites\/30\/2018\/12\/20181214_110011-300x225.jpg\" alt=\"\" srcset=\"https:\/\/www.cope.es\/blogs\/pateando-a-coruna\/wp-content\/uploads\/sites\/30\/2018\/12\/20181214_110011-300x225.jpg 300w, https:\/\/www.cope.es\/blogs\/pateando-a-coruna\/wp-content\/uploads\/sites\/30\/2018\/12\/20181214_110011-768x576.jpg 768w, https:\/\/www.cope.es\/blogs\/pateando-a-coruna\/wp-content\/uploads\/sites\/30\/2018\/12\/20181214_110011-1024x768.jpg 1024w\" sizes=\"auto, (max-width: 300px) 100vw, 300px\" \/><\/p>\n<p><span style=\"font-size: large\"> Tambi\u00e9n una <strong>florister\u00eda<\/strong>, una <strong>pasteler\u00eda<\/strong>, un <strong>zapatero<\/strong>, una<strong> tienda de mascotas<\/strong> o un<strong> servicio de reparto en bici<\/strong><\/span><\/p>\n<p><img loading=\"lazy\" decoding=\"async\" width=\"300\" height=\"225\" class=\"alignnone size-medium wp-image-604\" src=\"http:\/\/www.cope.es\/blogs\/pateando-a-coruna\/wp-content\/uploads\/sites\/30\/2018\/12\/20181214_105920-300x225.jpg\" alt=\"\" srcset=\"https:\/\/www.cope.es\/blogs\/pateando-a-coruna\/wp-content\/uploads\/sites\/30\/2018\/12\/20181214_105920-300x225.jpg 300w, https:\/\/www.cope.es\/blogs\/pateando-a-coruna\/wp-content\/uploads\/sites\/30\/2018\/12\/20181214_105920-768x576.jpg 768w, https:\/\/www.cope.es\/blogs\/pateando-a-coruna\/wp-content\/uploads\/sites\/30\/2018\/12\/20181214_105920-1024x768.jpg 1024w\" sizes=\"auto, (max-width: 300px) 100vw, 300px\" \/> <img loading=\"lazy\" decoding=\"async\" width=\"300\" height=\"225\" class=\"alignnone size-medium wp-image-610\" src=\"http:\/\/www.cope.es\/blogs\/pateando-a-coruna\/wp-content\/uploads\/sites\/30\/2018\/12\/20181214_110000-300x225.jpg\" alt=\"\" srcset=\"https:\/\/www.cope.es\/blogs\/pateando-a-coruna\/wp-content\/uploads\/sites\/30\/2018\/12\/20181214_110000-300x225.jpg 300w, https:\/\/www.cope.es\/blogs\/pateando-a-coruna\/wp-content\/uploads\/sites\/30\/2018\/12\/20181214_110000-768x576.jpg 768w, https:\/\/www.cope.es\/blogs\/pateando-a-coruna\/wp-content\/uploads\/sites\/30\/2018\/12\/20181214_110000-1024x768.jpg 1024w\" sizes=\"auto, (max-width: 300px) 100vw, 300px\" \/><\/p>\n<p><span style=\"font-size: large\">De acoger los puestos de pescado, la primera planta ha pasado a reservarse a <strong>eventos de fin de seman<\/strong>a: desde rastros a degustaci\u00f3n de bocadillos, pasando por <strong>artesan\u00eda<\/strong> o <strong>ferias de cerveza. <\/strong>Las actividades que acaban convirtiendo a San Agust\u00edn en una especie de sesi\u00f3n verm\u00fa para p\u00fablicos que no son los habituales clientes de la plaza de abastos.<br \/>\n<\/span><\/p>\n<p>Hace balance de todo ello <strong>Sandra Catoira,<\/strong> <strong>presidenta de la asociaci\u00f3n de vendedores aut\u00f3nomos de San Agust\u00edn<\/strong><\/p>\n<audio class=\"wp-audio-shortcode\" id=\"audio-607-2\" preload=\"none\" style=\"width: 100%;\" controls=\"controls\"><source type=\"audio\/mpeg\" src=\"http:\/\/www.cope.es\/blogs\/pateando-a-coruna\/wp-content\/uploads\/sites\/30\/2018\/12\/18-12-Sandra-SAN-AGUSTIN.mp3?_=2\" \/><a href=\"http:\/\/www.cope.es\/blogs\/pateando-a-coruna\/wp-content\/uploads\/sites\/30\/2018\/12\/18-12-Sandra-SAN-AGUSTIN.mp3\">http:\/\/www.cope.es\/blogs\/pateando-a-coruna\/wp-content\/uploads\/sites\/30\/2018\/12\/18-12-Sandra-SAN-AGUSTIN.mp3<\/a><\/audio>\n<h3 class=\"western\"><strong><span style=\"font-size: x-large\">Clientela y reorganizaci\u00f3n de puestos<\/span><\/strong><\/h3>\n<p><span style=\"font-size: large\">Quitando los eventos de fin de semana, viernes y s\u00e1bados son los d\u00edas en lo que se ve m\u00e1s gente joven en un mercado con una clientela<strong> fiel, pero envejecida<\/strong>. Los m\u00e1s fieles son vecinos del barrio o de la Ciudad Vieja que llevan viniendo aqu\u00ed toda la vida. Tambi\u00e9n, <strong>restaurantes<\/strong> o alg\u00fan que otro <strong>turista<\/strong>. Los pasajeros de los cruceros no se resisten a llevar al barco algo de pan o queso para picar.\u00a0<\/span><b><\/b><\/p>\n<p><img loading=\"lazy\" decoding=\"async\" width=\"300\" height=\"225\" class=\"alignnone size-medium wp-image-614\" src=\"http:\/\/www.cope.es\/blogs\/pateando-a-coruna\/wp-content\/uploads\/sites\/30\/2018\/12\/20181214_110056-300x225.jpg\" alt=\"\" srcset=\"https:\/\/www.cope.es\/blogs\/pateando-a-coruna\/wp-content\/uploads\/sites\/30\/2018\/12\/20181214_110056-300x225.jpg 300w, https:\/\/www.cope.es\/blogs\/pateando-a-coruna\/wp-content\/uploads\/sites\/30\/2018\/12\/20181214_110056-768x576.jpg 768w, https:\/\/www.cope.es\/blogs\/pateando-a-coruna\/wp-content\/uploads\/sites\/30\/2018\/12\/20181214_110056-1024x768.jpg 1024w\" sizes=\"auto, (max-width: 300px) 100vw, 300px\" \/> <img loading=\"lazy\" decoding=\"async\" width=\"300\" height=\"225\" class=\"alignnone size-medium wp-image-601\" src=\"http:\/\/www.cope.es\/blogs\/pateando-a-coruna\/wp-content\/uploads\/sites\/30\/2018\/12\/20181214_105742-300x225.jpg\" alt=\"\" srcset=\"https:\/\/www.cope.es\/blogs\/pateando-a-coruna\/wp-content\/uploads\/sites\/30\/2018\/12\/20181214_105742-300x225.jpg 300w, https:\/\/www.cope.es\/blogs\/pateando-a-coruna\/wp-content\/uploads\/sites\/30\/2018\/12\/20181214_105742-768x576.jpg 768w, https:\/\/www.cope.es\/blogs\/pateando-a-coruna\/wp-content\/uploads\/sites\/30\/2018\/12\/20181214_105742-1024x768.jpg 1024w\" sizes=\"auto, (max-width: 300px) 100vw, 300px\" \/><\/p>\n<p><span style=\"font-size: large\">San Agust\u00edn ha sido objeto de varias reformas a lo largo de los a\u00f1os. La \u00faltima dej\u00f3 una nueva cara en la planta baja con la reorganizaci\u00f3n de los puestos. No evita que todav\u00eda se vean muchos <strong>vac\u00edos<\/strong>.<\/span><b><\/b><\/p>\n<p><img loading=\"lazy\" decoding=\"async\" width=\"300\" height=\"225\" class=\"alignnone size-medium wp-image-598\" src=\"http:\/\/www.cope.es\/blogs\/pateando-a-coruna\/wp-content\/uploads\/sites\/30\/2018\/12\/20181214_104714-300x225.jpg\" alt=\"\" srcset=\"https:\/\/www.cope.es\/blogs\/pateando-a-coruna\/wp-content\/uploads\/sites\/30\/2018\/12\/20181214_104714-300x225.jpg 300w, https:\/\/www.cope.es\/blogs\/pateando-a-coruna\/wp-content\/uploads\/sites\/30\/2018\/12\/20181214_104714-768x576.jpg 768w, https:\/\/www.cope.es\/blogs\/pateando-a-coruna\/wp-content\/uploads\/sites\/30\/2018\/12\/20181214_104714-1024x768.jpg 1024w\" sizes=\"auto, (max-width: 300px) 100vw, 300px\" \/> <img loading=\"lazy\" decoding=\"async\" width=\"300\" height=\"225\" class=\"alignnone size-medium wp-image-599\" src=\"http:\/\/www.cope.es\/blogs\/pateando-a-coruna\/wp-content\/uploads\/sites\/30\/2018\/12\/20181214_104733-300x225.jpg\" alt=\"\" srcset=\"https:\/\/www.cope.es\/blogs\/pateando-a-coruna\/wp-content\/uploads\/sites\/30\/2018\/12\/20181214_104733-300x225.jpg 300w, https:\/\/www.cope.es\/blogs\/pateando-a-coruna\/wp-content\/uploads\/sites\/30\/2018\/12\/20181214_104733-768x576.jpg 768w, https:\/\/www.cope.es\/blogs\/pateando-a-coruna\/wp-content\/uploads\/sites\/30\/2018\/12\/20181214_104733-1024x768.jpg 1024w\" sizes=\"auto, (max-width: 300px) 100vw, 300px\" \/><\/p>\n<p>&nbsp;<\/p>\n<h2 class=\"western\"><strong><span style=\"font-size: x-large\">Acceso y aparcamiento<\/span><\/strong><\/h2>\n<p><span style=\"font-size: large\">A la dificultad de acceso, en coche o en bus, achacan muchas vendedoras la falta de clientela. Las plazas para aparcar en el entorno, reguladas por la ORA, son muy pocas o, en todo caso, menos que en otros mercados. Los parkings m\u00e1s cercanos est\u00e1n en Mar\u00eda Pita o el Papagayo. Se elimin\u00f3 la parada de bus de Panaderas aunque en la plaza de Espa\u00f1a siguen parando las l\u00edneas 4, 6 y 6A. Subir hacia ellas es m\u00e1s f\u00e1cil desde que hay una <strong>escalera mec\u00e1nica<\/strong> en la calle Plaza. <\/span><\/p>\n<p><span style=\"font-size: large\"><img loading=\"lazy\" decoding=\"async\" width=\"300\" height=\"225\" class=\"alignnone size-medium wp-image-617\" src=\"http:\/\/www.cope.es\/blogs\/pateando-a-coruna\/wp-content\/uploads\/sites\/30\/2018\/12\/20181214_110145-300x225.jpg\" alt=\"\" srcset=\"https:\/\/www.cope.es\/blogs\/pateando-a-coruna\/wp-content\/uploads\/sites\/30\/2018\/12\/20181214_110145-300x225.jpg 300w, https:\/\/www.cope.es\/blogs\/pateando-a-coruna\/wp-content\/uploads\/sites\/30\/2018\/12\/20181214_110145-768x576.jpg 768w, https:\/\/www.cope.es\/blogs\/pateando-a-coruna\/wp-content\/uploads\/sites\/30\/2018\/12\/20181214_110145-1024x768.jpg 1024w\" sizes=\"auto, (max-width: 300px) 100vw, 300px\" \/><\/span><\/p>\n<p><span style=\"font-size: large\">Entre las eternas promesas de revitalizaci\u00f3n de San Agust\u00edn, hay tres que destacan: d<\/span><span style=\"font-size: large\">erribar un edificio para generar una <strong>conexi\u00f3n directa<\/strong> con Panaderas, acercar el <strong>bus<\/strong> a la confluencia de San Andr\u00e9s con la calle Sol y hacer peatonal la calle <strong>Marqu\u00e9s de Pontejos<\/strong>. <\/span><\/p>\n<p><img loading=\"lazy\" decoding=\"async\" width=\"300\" height=\"169\" class=\"alignnone size-medium wp-image-621\" src=\"http:\/\/www.cope.es\/blogs\/pateando-a-coruna\/wp-content\/uploads\/sites\/30\/2018\/12\/IMG_20171202_145619899_HDR-300x169.jpg\" alt=\"\" srcset=\"https:\/\/www.cope.es\/blogs\/pateando-a-coruna\/wp-content\/uploads\/sites\/30\/2018\/12\/IMG_20171202_145619899_HDR-300x169.jpg 300w, https:\/\/www.cope.es\/blogs\/pateando-a-coruna\/wp-content\/uploads\/sites\/30\/2018\/12\/IMG_20171202_145619899_HDR-768x432.jpg 768w, https:\/\/www.cope.es\/blogs\/pateando-a-coruna\/wp-content\/uploads\/sites\/30\/2018\/12\/IMG_20171202_145619899_HDR-1024x576.jpg 1024w\" sizes=\"auto, (max-width: 300px) 100vw, 300px\" \/> <img loading=\"lazy\" decoding=\"async\" width=\"300\" height=\"225\" class=\"alignnone size-medium wp-image-605\" src=\"http:\/\/www.cope.es\/blogs\/pateando-a-coruna\/wp-content\/uploads\/sites\/30\/2018\/12\/20181214_105940-300x225.jpg\" alt=\"\" srcset=\"https:\/\/www.cope.es\/blogs\/pateando-a-coruna\/wp-content\/uploads\/sites\/30\/2018\/12\/20181214_105940-300x225.jpg 300w, https:\/\/www.cope.es\/blogs\/pateando-a-coruna\/wp-content\/uploads\/sites\/30\/2018\/12\/20181214_105940-768x576.jpg 768w, https:\/\/www.cope.es\/blogs\/pateando-a-coruna\/wp-content\/uploads\/sites\/30\/2018\/12\/20181214_105940-1024x768.jpg 1024w\" sizes=\"auto, (max-width: 300px) 100vw, 300px\" \/><\/p>\n<p>&nbsp;<\/p>\n<p><span style=\"font-size: large\">De momento, nada m\u00e1s ha salido del papel que <strong>obras de accesibilidad<\/strong> en el entorno de San Agust\u00edn. De todas formas, no todo es pesimismo. Tambi\u00e9n hay quien prefiere ver el vaso medio lleno para este mercado en el que abundan la luz y las posibilidades. <\/span><\/p>\n<p><img loading=\"lazy\" decoding=\"async\" width=\"300\" height=\"225\" class=\"alignnone size-medium wp-image-597\" src=\"http:\/\/www.cope.es\/blogs\/pateando-a-coruna\/wp-content\/uploads\/sites\/30\/2018\/12\/20181214_103247-300x225.jpg\" alt=\"\" srcset=\"https:\/\/www.cope.es\/blogs\/pateando-a-coruna\/wp-content\/uploads\/sites\/30\/2018\/12\/20181214_103247-300x225.jpg 300w, https:\/\/www.cope.es\/blogs\/pateando-a-coruna\/wp-content\/uploads\/sites\/30\/2018\/12\/20181214_103247-768x576.jpg 768w, https:\/\/www.cope.es\/blogs\/pateando-a-coruna\/wp-content\/uploads\/sites\/30\/2018\/12\/20181214_103247-1024x768.jpg 1024w\" sizes=\"auto, (max-width: 300px) 100vw, 300px\" \/><\/p>\n","protected":false},"excerpt":{"rendered":"<p>Mercado de San Agust\u00edn. Entre Pio XII, Juan XXIII, Marqu\u00e9s de Pontejos y la plaza del Humor.\u00a0 15001. &nbsp; Historia El nombre de San Agust\u00edn no es, en absoluto, casual. Y es que a este santo, doctor de la Iglesia y patr\u00f3n de los que buscan a Dios, estaban dedicados los Agustinos de Cai\u00f3n. Esta [&hellip;]<\/p>\n","protected":false},"author":33,"featured_media":623,"comment_status":"open","ping_status":"open","sticky":false,"template":"","format":"standard","meta":{"footnotes":""},"categories":[11],"tags":[7,43,18,8,44],"class_list":["post-607","post","type-post","status-publish","format-standard","has-post-thumbnail","hentry","category-pateando-a-coruna","tag-cope","tag-mercado","tag-pateando-a-coruna","tag-reportaje","tag-san-agustin"],"yoast_head":"<!-- This site is optimized with the Yoast SEO plugin v27.4 - https:\/\/yoast.com\/product\/yoast-seo-wordpress\/ -->\n<title>San Agust\u00edn: el mercado de la modernidad - Pateando A Coru\u00f1a<\/title>\n<meta name=\"robots\" content=\"index, follow, max-snippet:-1, max-image-preview:large, max-video-preview:-1\" \/>\n<link rel=\"canonical\" href=\"https:\/\/www.cope.es\/blogs\/pateando-a-coruna\/2018\/12\/18\/san-agustin-el-mercado-de-la-modernidad\/\" \/>\n<meta property=\"og:locale\" content=\"es_ES\" \/>\n<meta property=\"og:type\" content=\"article\" \/>\n<meta property=\"og:title\" content=\"San Agust\u00edn: el mercado de la modernidad - Pateando A Coru\u00f1a\" \/>\n<meta property=\"og:description\" content=\"Mercado de San Agust\u00edn. Entre Pio XII, Juan XXIII, Marqu\u00e9s de Pontejos y la plaza del Humor.\u00a0 15001. &nbsp; Historia El nombre de San Agust\u00edn no es, en absoluto, casual. Y es que a este santo, doctor de la Iglesia y patr\u00f3n de los que buscan a Dios, estaban dedicados los Agustinos de Cai\u00f3n. Esta [&hellip;]\" \/>\n<meta property=\"og:url\" content=\"https:\/\/www.cope.es\/blogs\/pateando-a-coruna\/2018\/12\/18\/san-agustin-el-mercado-de-la-modernidad\/\" \/>\n<meta property=\"og:site_name\" content=\"Pateando A Coru\u00f1a\" \/>\n<meta property=\"article:publisher\" content=\"https:\/\/www.facebook.com\/cope\/\" \/>\n<meta property=\"article:published_time\" content=\"2018-12-18T17:35:49+00:00\" \/>\n<meta property=\"article:modified_time\" content=\"2020-04-03T07:05:10+00:00\" \/>\n<meta property=\"og:image\" content=\"https:\/\/www.cope.es\/blogs\/pateando-a-coruna\/wp-content\/uploads\/sites\/30\/2018\/12\/IMG_20180908_203422048-1024x576.jpg\" \/>\n\t<meta property=\"og:image:width\" content=\"1024\" \/>\n\t<meta property=\"og:image:height\" content=\"576\" \/>\n\t<meta property=\"og:image:type\" content=\"image\/jpeg\" \/>\n<meta name=\"author\" content=\"Noela Bao\" \/>\n<meta name=\"twitter:card\" content=\"summary_large_image\" \/>\n<meta name=\"twitter:creator\" content=\"@cope_es\" \/>\n<meta name=\"twitter:site\" content=\"@cope_es\" \/>\n<meta name=\"twitter:label1\" content=\"Escrito por\" \/>\n\t<meta name=\"twitter:data1\" content=\"Noela Bao\" \/>\n\t<meta name=\"twitter:label2\" content=\"Tiempo de lectura\" \/>\n\t<meta name=\"twitter:data2\" content=\"5 minutos\" \/>\n<script type=\"application\/ld+json\" class=\"yoast-schema-graph\">{\"@context\":\"https:\\\/\\\/schema.org\",\"@graph\":[{\"@type\":\"Article\",\"@id\":\"https:\\\/\\\/www.cope.es\\\/blogs\\\/pateando-a-coruna\\\/2018\\\/12\\\/18\\\/san-agustin-el-mercado-de-la-modernidad\\\/#article\",\"isPartOf\":{\"@id\":\"https:\\\/\\\/www.cope.es\\\/blogs\\\/pateando-a-coruna\\\/2018\\\/12\\\/18\\\/san-agustin-el-mercado-de-la-modernidad\\\/\"},\"author\":{\"name\":\"Noela Bao\",\"@id\":\"https:\\\/\\\/www.cope.es\\\/blogs\\\/pateando-a-coruna\\\/#\\\/schema\\\/person\\\/b705a4b1bffc5d94ca55f39d85d6e890\"},\"headline\":\"San Agust\u00edn: el mercado de la modernidad\",\"datePublished\":\"2018-12-18T17:35:49+00:00\",\"dateModified\":\"2020-04-03T07:05:10+00:00\",\"mainEntityOfPage\":{\"@id\":\"https:\\\/\\\/www.cope.es\\\/blogs\\\/pateando-a-coruna\\\/2018\\\/12\\\/18\\\/san-agustin-el-mercado-de-la-modernidad\\\/\"},\"wordCount\":913,\"commentCount\":0,\"image\":{\"@id\":\"https:\\\/\\\/www.cope.es\\\/blogs\\\/pateando-a-coruna\\\/2018\\\/12\\\/18\\\/san-agustin-el-mercado-de-la-modernidad\\\/#primaryimage\"},\"thumbnailUrl\":\"https:\\\/\\\/www.cope.es\\\/blogs\\\/pateando-a-coruna\\\/wp-content\\\/uploads\\\/sites\\\/30\\\/2018\\\/12\\\/IMG_20180908_203422048.jpg\",\"keywords\":[\"Cope\",\"Mercado\",\"Pateando A Coru\u00f1a\",\"Reportaje\",\"San Agust\u00edn\"],\"articleSection\":[\"Pateando A Coru\u00f1a\"],\"inLanguage\":\"es\",\"potentialAction\":[{\"@type\":\"CommentAction\",\"name\":\"Comment\",\"target\":[\"https:\\\/\\\/www.cope.es\\\/blogs\\\/pateando-a-coruna\\\/2018\\\/12\\\/18\\\/san-agustin-el-mercado-de-la-modernidad\\\/#respond\"]}]},{\"@type\":\"WebPage\",\"@id\":\"https:\\\/\\\/www.cope.es\\\/blogs\\\/pateando-a-coruna\\\/2018\\\/12\\\/18\\\/san-agustin-el-mercado-de-la-modernidad\\\/\",\"url\":\"https:\\\/\\\/www.cope.es\\\/blogs\\\/pateando-a-coruna\\\/2018\\\/12\\\/18\\\/san-agustin-el-mercado-de-la-modernidad\\\/\",\"name\":\"San Agust\u00edn: el mercado de la modernidad - Pateando A Coru\u00f1a\",\"isPartOf\":{\"@id\":\"https:\\\/\\\/www.cope.es\\\/blogs\\\/pateando-a-coruna\\\/#website\"},\"primaryImageOfPage\":{\"@id\":\"https:\\\/\\\/www.cope.es\\\/blogs\\\/pateando-a-coruna\\\/2018\\\/12\\\/18\\\/san-agustin-el-mercado-de-la-modernidad\\\/#primaryimage\"},\"image\":{\"@id\":\"https:\\\/\\\/www.cope.es\\\/blogs\\\/pateando-a-coruna\\\/2018\\\/12\\\/18\\\/san-agustin-el-mercado-de-la-modernidad\\\/#primaryimage\"},\"thumbnailUrl\":\"https:\\\/\\\/www.cope.es\\\/blogs\\\/pateando-a-coruna\\\/wp-content\\\/uploads\\\/sites\\\/30\\\/2018\\\/12\\\/IMG_20180908_203422048.jpg\",\"datePublished\":\"2018-12-18T17:35:49+00:00\",\"dateModified\":\"2020-04-03T07:05:10+00:00\",\"author\":{\"@id\":\"https:\\\/\\\/www.cope.es\\\/blogs\\\/pateando-a-coruna\\\/#\\\/schema\\\/person\\\/b705a4b1bffc5d94ca55f39d85d6e890\"},\"breadcrumb\":{\"@id\":\"https:\\\/\\\/www.cope.es\\\/blogs\\\/pateando-a-coruna\\\/2018\\\/12\\\/18\\\/san-agustin-el-mercado-de-la-modernidad\\\/#breadcrumb\"},\"inLanguage\":\"es\",\"potentialAction\":[{\"@type\":\"ReadAction\",\"target\":[\"https:\\\/\\\/www.cope.es\\\/blogs\\\/pateando-a-coruna\\\/2018\\\/12\\\/18\\\/san-agustin-el-mercado-de-la-modernidad\\\/\"]}]},{\"@type\":\"ImageObject\",\"inLanguage\":\"es\",\"@id\":\"https:\\\/\\\/www.cope.es\\\/blogs\\\/pateando-a-coruna\\\/2018\\\/12\\\/18\\\/san-agustin-el-mercado-de-la-modernidad\\\/#primaryimage\",\"url\":\"https:\\\/\\\/www.cope.es\\\/blogs\\\/pateando-a-coruna\\\/wp-content\\\/uploads\\\/sites\\\/30\\\/2018\\\/12\\\/IMG_20180908_203422048.jpg\",\"contentUrl\":\"https:\\\/\\\/www.cope.es\\\/blogs\\\/pateando-a-coruna\\\/wp-content\\\/uploads\\\/sites\\\/30\\\/2018\\\/12\\\/IMG_20180908_203422048.jpg\",\"width\":4160,\"height\":2340},{\"@type\":\"BreadcrumbList\",\"@id\":\"https:\\\/\\\/www.cope.es\\\/blogs\\\/pateando-a-coruna\\\/2018\\\/12\\\/18\\\/san-agustin-el-mercado-de-la-modernidad\\\/#breadcrumb\",\"itemListElement\":[{\"@type\":\"ListItem\",\"position\":1,\"name\":\"Portada\",\"item\":\"https:\\\/\\\/www.cope.es\\\/blogs\\\/pateando-a-coruna\\\/\"},{\"@type\":\"ListItem\",\"position\":2,\"name\":\"San Agust\u00edn: el mercado de la modernidad\"}]},{\"@type\":\"WebSite\",\"@id\":\"https:\\\/\\\/www.cope.es\\\/blogs\\\/pateando-a-coruna\\\/#website\",\"url\":\"https:\\\/\\\/www.cope.es\\\/blogs\\\/pateando-a-coruna\\\/\",\"name\":\"Pateando A Coru\u00f1a\",\"description\":\"Conoce A Coru\u00f1a en los Blogs de COPE\",\"potentialAction\":[{\"@type\":\"SearchAction\",\"target\":{\"@type\":\"EntryPoint\",\"urlTemplate\":\"https:\\\/\\\/www.cope.es\\\/blogs\\\/pateando-a-coruna\\\/?s={search_term_string}\"},\"query-input\":{\"@type\":\"PropertyValueSpecification\",\"valueRequired\":true,\"valueName\":\"search_term_string\"}}],\"inLanguage\":\"es\"},{\"@type\":\"Person\",\"@id\":\"https:\\\/\\\/www.cope.es\\\/blogs\\\/pateando-a-coruna\\\/#\\\/schema\\\/person\\\/b705a4b1bffc5d94ca55f39d85d6e890\",\"name\":\"Noela Bao\",\"image\":{\"@type\":\"ImageObject\",\"inLanguage\":\"es\",\"@id\":\"https:\\\/\\\/secure.gravatar.com\\\/avatar\\\/f43fab7bcb9aa54237033d8d79a98a2c62d507025b93dbfeb8cace37d693a0e2?s=96&d=mm&r=g\",\"url\":\"https:\\\/\\\/secure.gravatar.com\\\/avatar\\\/f43fab7bcb9aa54237033d8d79a98a2c62d507025b93dbfeb8cace37d693a0e2?s=96&d=mm&r=g\",\"contentUrl\":\"https:\\\/\\\/secure.gravatar.com\\\/avatar\\\/f43fab7bcb9aa54237033d8d79a98a2c62d507025b93dbfeb8cace37d693a0e2?s=96&d=mm&r=g\",\"caption\":\"Noela Bao\"},\"description\":\"En Pateando A Coru\u00f1a nos acercamos a lo que esconden las calles de la ciudad herculina, m\u00e1s all\u00e1 de un nombre en una placa. Historia, reportajes, opiniones de vecinos y entrevistas. Con un m\u00f3vil en la mano y un micro en la otra recorre los barrios Noela Bao, periodista y redactora de COPE Coru\u00f1a desde 2004.\",\"sameAs\":[\"https:\\\/\\\/www.cope.es\\\/coruna\"],\"url\":\"https:\\\/\\\/www.cope.es\\\/blogs\\\/pateando-a-coruna\\\/author\\\/nbao\\\/\"}]}<\/script>\n<!-- \/ Yoast SEO plugin. -->","yoast_head_json":{"title":"San Agust\u00edn: el mercado de la modernidad - Pateando A Coru\u00f1a","robots":{"index":"index","follow":"follow","max-snippet":"max-snippet:-1","max-image-preview":"max-image-preview:large","max-video-preview":"max-video-preview:-1"},"canonical":"https:\/\/www.cope.es\/blogs\/pateando-a-coruna\/2018\/12\/18\/san-agustin-el-mercado-de-la-modernidad\/","og_locale":"es_ES","og_type":"article","og_title":"San Agust\u00edn: el mercado de la modernidad - Pateando A Coru\u00f1a","og_description":"Mercado de San Agust\u00edn. Entre Pio XII, Juan XXIII, Marqu\u00e9s de Pontejos y la plaza del Humor.\u00a0 15001. &nbsp; Historia El nombre de San Agust\u00edn no es, en absoluto, casual. Y es que a este santo, doctor de la Iglesia y patr\u00f3n de los que buscan a Dios, estaban dedicados los Agustinos de Cai\u00f3n. Esta [&hellip;]","og_url":"https:\/\/www.cope.es\/blogs\/pateando-a-coruna\/2018\/12\/18\/san-agustin-el-mercado-de-la-modernidad\/","og_site_name":"Pateando A Coru\u00f1a","article_publisher":"https:\/\/www.facebook.com\/cope\/","article_published_time":"2018-12-18T17:35:49+00:00","article_modified_time":"2020-04-03T07:05:10+00:00","og_image":[{"width":1024,"height":576,"url":"https:\/\/www.cope.es\/blogs\/pateando-a-coruna\/wp-content\/uploads\/sites\/30\/2018\/12\/IMG_20180908_203422048-1024x576.jpg","type":"image\/jpeg"}],"author":"Noela Bao","twitter_card":"summary_large_image","twitter_creator":"@cope_es","twitter_site":"@cope_es","twitter_misc":{"Escrito por":"Noela Bao","Tiempo de lectura":"5 minutos"},"schema":{"@context":"https:\/\/schema.org","@graph":[{"@type":"Article","@id":"https:\/\/www.cope.es\/blogs\/pateando-a-coruna\/2018\/12\/18\/san-agustin-el-mercado-de-la-modernidad\/#article","isPartOf":{"@id":"https:\/\/www.cope.es\/blogs\/pateando-a-coruna\/2018\/12\/18\/san-agustin-el-mercado-de-la-modernidad\/"},"author":{"name":"Noela Bao","@id":"https:\/\/www.cope.es\/blogs\/pateando-a-coruna\/#\/schema\/person\/b705a4b1bffc5d94ca55f39d85d6e890"},"headline":"San Agust\u00edn: el mercado de la modernidad","datePublished":"2018-12-18T17:35:49+00:00","dateModified":"2020-04-03T07:05:10+00:00","mainEntityOfPage":{"@id":"https:\/\/www.cope.es\/blogs\/pateando-a-coruna\/2018\/12\/18\/san-agustin-el-mercado-de-la-modernidad\/"},"wordCount":913,"commentCount":0,"image":{"@id":"https:\/\/www.cope.es\/blogs\/pateando-a-coruna\/2018\/12\/18\/san-agustin-el-mercado-de-la-modernidad\/#primaryimage"},"thumbnailUrl":"https:\/\/www.cope.es\/blogs\/pateando-a-coruna\/wp-content\/uploads\/sites\/30\/2018\/12\/IMG_20180908_203422048.jpg","keywords":["Cope","Mercado","Pateando A Coru\u00f1a","Reportaje","San Agust\u00edn"],"articleSection":["Pateando A Coru\u00f1a"],"inLanguage":"es","potentialAction":[{"@type":"CommentAction","name":"Comment","target":["https:\/\/www.cope.es\/blogs\/pateando-a-coruna\/2018\/12\/18\/san-agustin-el-mercado-de-la-modernidad\/#respond"]}]},{"@type":"WebPage","@id":"https:\/\/www.cope.es\/blogs\/pateando-a-coruna\/2018\/12\/18\/san-agustin-el-mercado-de-la-modernidad\/","url":"https:\/\/www.cope.es\/blogs\/pateando-a-coruna\/2018\/12\/18\/san-agustin-el-mercado-de-la-modernidad\/","name":"San Agust\u00edn: el mercado de la modernidad - Pateando A Coru\u00f1a","isPartOf":{"@id":"https:\/\/www.cope.es\/blogs\/pateando-a-coruna\/#website"},"primaryImageOfPage":{"@id":"https:\/\/www.cope.es\/blogs\/pateando-a-coruna\/2018\/12\/18\/san-agustin-el-mercado-de-la-modernidad\/#primaryimage"},"image":{"@id":"https:\/\/www.cope.es\/blogs\/pateando-a-coruna\/2018\/12\/18\/san-agustin-el-mercado-de-la-modernidad\/#primaryimage"},"thumbnailUrl":"https:\/\/www.cope.es\/blogs\/pateando-a-coruna\/wp-content\/uploads\/sites\/30\/2018\/12\/IMG_20180908_203422048.jpg","datePublished":"2018-12-18T17:35:49+00:00","dateModified":"2020-04-03T07:05:10+00:00","author":{"@id":"https:\/\/www.cope.es\/blogs\/pateando-a-coruna\/#\/schema\/person\/b705a4b1bffc5d94ca55f39d85d6e890"},"breadcrumb":{"@id":"https:\/\/www.cope.es\/blogs\/pateando-a-coruna\/2018\/12\/18\/san-agustin-el-mercado-de-la-modernidad\/#breadcrumb"},"inLanguage":"es","potentialAction":[{"@type":"ReadAction","target":["https:\/\/www.cope.es\/blogs\/pateando-a-coruna\/2018\/12\/18\/san-agustin-el-mercado-de-la-modernidad\/"]}]},{"@type":"ImageObject","inLanguage":"es","@id":"https:\/\/www.cope.es\/blogs\/pateando-a-coruna\/2018\/12\/18\/san-agustin-el-mercado-de-la-modernidad\/#primaryimage","url":"https:\/\/www.cope.es\/blogs\/pateando-a-coruna\/wp-content\/uploads\/sites\/30\/2018\/12\/IMG_20180908_203422048.jpg","contentUrl":"https:\/\/www.cope.es\/blogs\/pateando-a-coruna\/wp-content\/uploads\/sites\/30\/2018\/12\/IMG_20180908_203422048.jpg","width":4160,"height":2340},{"@type":"BreadcrumbList","@id":"https:\/\/www.cope.es\/blogs\/pateando-a-coruna\/2018\/12\/18\/san-agustin-el-mercado-de-la-modernidad\/#breadcrumb","itemListElement":[{"@type":"ListItem","position":1,"name":"Portada","item":"https:\/\/www.cope.es\/blogs\/pateando-a-coruna\/"},{"@type":"ListItem","position":2,"name":"San Agust\u00edn: el mercado de la modernidad"}]},{"@type":"WebSite","@id":"https:\/\/www.cope.es\/blogs\/pateando-a-coruna\/#website","url":"https:\/\/www.cope.es\/blogs\/pateando-a-coruna\/","name":"Pateando A Coru\u00f1a","description":"Conoce A Coru\u00f1a en los Blogs de COPE","potentialAction":[{"@type":"SearchAction","target":{"@type":"EntryPoint","urlTemplate":"https:\/\/www.cope.es\/blogs\/pateando-a-coruna\/?s={search_term_string}"},"query-input":{"@type":"PropertyValueSpecification","valueRequired":true,"valueName":"search_term_string"}}],"inLanguage":"es"},{"@type":"Person","@id":"https:\/\/www.cope.es\/blogs\/pateando-a-coruna\/#\/schema\/person\/b705a4b1bffc5d94ca55f39d85d6e890","name":"Noela Bao","image":{"@type":"ImageObject","inLanguage":"es","@id":"https:\/\/secure.gravatar.com\/avatar\/f43fab7bcb9aa54237033d8d79a98a2c62d507025b93dbfeb8cace37d693a0e2?s=96&d=mm&r=g","url":"https:\/\/secure.gravatar.com\/avatar\/f43fab7bcb9aa54237033d8d79a98a2c62d507025b93dbfeb8cace37d693a0e2?s=96&d=mm&r=g","contentUrl":"https:\/\/secure.gravatar.com\/avatar\/f43fab7bcb9aa54237033d8d79a98a2c62d507025b93dbfeb8cace37d693a0e2?s=96&d=mm&r=g","caption":"Noela Bao"},"description":"En Pateando A Coru\u00f1a nos acercamos a lo que esconden las calles de la ciudad herculina, m\u00e1s all\u00e1 de un nombre en una placa. Historia, reportajes, opiniones de vecinos y entrevistas. Con un m\u00f3vil en la mano y un micro en la otra recorre los barrios Noela Bao, periodista y redactora de COPE Coru\u00f1a desde 2004.","sameAs":["https:\/\/www.cope.es\/coruna"],"url":"https:\/\/www.cope.es\/blogs\/pateando-a-coruna\/author\/nbao\/"}]}},"amp_enabled":true,"_links":{"self":[{"href":"https:\/\/www.cope.es\/blogs\/pateando-a-coruna\/wp-json\/wp\/v2\/posts\/607","targetHints":{"allow":["GET"]}}],"collection":[{"href":"https:\/\/www.cope.es\/blogs\/pateando-a-coruna\/wp-json\/wp\/v2\/posts"}],"about":[{"href":"https:\/\/www.cope.es\/blogs\/pateando-a-coruna\/wp-json\/wp\/v2\/types\/post"}],"author":[{"embeddable":true,"href":"https:\/\/www.cope.es\/blogs\/pateando-a-coruna\/wp-json\/wp\/v2\/users\/33"}],"replies":[{"embeddable":true,"href":"https:\/\/www.cope.es\/blogs\/pateando-a-coruna\/wp-json\/wp\/v2\/comments?post=607"}],"version-history":[{"count":3,"href":"https:\/\/www.cope.es\/blogs\/pateando-a-coruna\/wp-json\/wp\/v2\/posts\/607\/revisions"}],"predecessor-version":[{"id":2723,"href":"https:\/\/www.cope.es\/blogs\/pateando-a-coruna\/wp-json\/wp\/v2\/posts\/607\/revisions\/2723"}],"wp:featuredmedia":[{"embeddable":true,"href":"https:\/\/www.cope.es\/blogs\/pateando-a-coruna\/wp-json\/wp\/v2\/media\/623"}],"wp:attachment":[{"href":"https:\/\/www.cope.es\/blogs\/pateando-a-coruna\/wp-json\/wp\/v2\/media?parent=607"}],"wp:term":[{"taxonomy":"category","embeddable":true,"href":"https:\/\/www.cope.es\/blogs\/pateando-a-coruna\/wp-json\/wp\/v2\/categories?post=607"},{"taxonomy":"post_tag","embeddable":true,"href":"https:\/\/www.cope.es\/blogs\/pateando-a-coruna\/wp-json\/wp\/v2\/tags?post=607"}],"curies":[{"name":"wp","href":"https:\/\/api.w.org\/{rel}","templated":true}]}}