{"id":2627,"date":"2020-02-19T10:55:32","date_gmt":"2020-02-19T09:55:32","guid":{"rendered":"http:\/\/www.cope.es\/blogs\/pateando-a-coruna\/?p=2627"},"modified":"2020-02-19T10:55:47","modified_gmt":"2020-02-19T09:55:47","slug":"parque-de-santa-margarita-el-monte-cientifico","status":"publish","type":"post","link":"https:\/\/www.cope.es\/blogs\/pateando-a-coruna\/2020\/02\/19\/parque-de-santa-margarita-el-monte-cientifico\/","title":{"rendered":"Parque de Santa Margarita: el monte cient\u00edfico"},"content":{"rendered":"<p><span style=\"color: #000000\"><span style=\"font-family: Times New Roman, serif\"><span style=\"font-size: x-large\"><em>Parque de Santa Margarita. Entre la avenida de Fisterra, la de Arteixo, la calle Palomar y la Ronda de Nelle. 53.000 metros cuadrados. 15005.<\/em><br \/>\n<\/span><\/span><\/span><\/p>\n<audio class=\"wp-audio-shortcode\" id=\"audio-2627-1\" preload=\"none\" style=\"width: 100%;\" controls=\"controls\"><source type=\"audio\/mpeg\" src=\"http:\/\/www.cope.es\/blogs\/pateando-a-coruna\/wp-content\/uploads\/sites\/30\/2020\/02\/2020-02-18-REPOR-PARQUE-SANTA-MARGARITA.mp3?_=1\" \/><a href=\"http:\/\/www.cope.es\/blogs\/pateando-a-coruna\/wp-content\/uploads\/sites\/30\/2020\/02\/2020-02-18-REPOR-PARQUE-SANTA-MARGARITA.mp3\">http:\/\/www.cope.es\/blogs\/pateando-a-coruna\/wp-content\/uploads\/sites\/30\/2020\/02\/2020-02-18-REPOR-PARQUE-SANTA-MARGARITA.mp3<\/a><\/audio>\n<h3><span style=\"color: #000000\"><span style=\"font-family: Times New Roman, serif\"><span style=\"font-size: x-large\"><strong>Una Santa muy venerada<\/strong> <\/span><\/span><\/span><\/h3>\n<p><span style=\"color: #000000\"><span style=\"font-family: Times New Roman, serif\"><span style=\"font-size: x-large\">La relaci\u00f3n de Santa Margarita con esta parte de la ciudad viene de muy atr\u00e1s. Ya en el siglo XVI hay constancia de la devoci\u00f3n en A Coru\u00f1a a esta m\u00e1rtir milagrera, <a href=\"https:\/\/es.wikipedia.org\/wiki\/Margarita_de_Antioqu%C3%ADa\" target=\"_blank\">Santa Margarita de Antioqu\u00eda<\/a>, con una antigua capilla a la que acud\u00edan romeros de toda Galicia. <\/span><\/span><\/span><\/p>\n<p><span style=\"color: #000000\"><span style=\"font-family: Times New Roman, serif\"><span style=\"font-size: x-large\"><img loading=\"lazy\" decoding=\"async\" width=\"1024\" height=\"768\" class=\"alignnone size-large wp-image-2609\" src=\"http:\/\/www.cope.es\/blogs\/pateando-a-coruna\/wp-content\/uploads\/sites\/30\/2020\/02\/IMG_20200214_104715-1024x768.jpg\" alt=\"\" srcset=\"https:\/\/www.cope.es\/blogs\/pateando-a-coruna\/wp-content\/uploads\/sites\/30\/2020\/02\/IMG_20200214_104715-1024x768.jpg 1024w, https:\/\/www.cope.es\/blogs\/pateando-a-coruna\/wp-content\/uploads\/sites\/30\/2020\/02\/IMG_20200214_104715-300x225.jpg 300w, https:\/\/www.cope.es\/blogs\/pateando-a-coruna\/wp-content\/uploads\/sites\/30\/2020\/02\/IMG_20200214_104715-768x576.jpg 768w\" sizes=\"auto, (max-width: 1024px) 100vw, 1024px\" \/><\/span><\/span><\/span><\/p>\n<p><span style=\"color: #000000\"><span style=\"font-family: Times New Roman, serif\"><span style=\"font-size: x-large\">El templo, hoy desaparecido, estaba en la carretera de Berganti\u00f1os. Hoy lo situar\u00edamos a la derecha de la actual avenida de Fisterra. Muy cerca de la cima del monte que acab\u00f3 bautizando que estaba, siglos atr\u00e1s, lleno de molinos.<\/span><\/span><\/span><\/p>\n<p><img loading=\"lazy\" decoding=\"async\" width=\"1024\" height=\"768\" class=\"alignnone size-large wp-image-2600\" src=\"http:\/\/www.cope.es\/blogs\/pateando-a-coruna\/wp-content\/uploads\/sites\/30\/2020\/02\/IMG_20200214_103809-1024x768.jpg\" alt=\"\" srcset=\"https:\/\/www.cope.es\/blogs\/pateando-a-coruna\/wp-content\/uploads\/sites\/30\/2020\/02\/IMG_20200214_103809-1024x768.jpg 1024w, https:\/\/www.cope.es\/blogs\/pateando-a-coruna\/wp-content\/uploads\/sites\/30\/2020\/02\/IMG_20200214_103809-300x225.jpg 300w, https:\/\/www.cope.es\/blogs\/pateando-a-coruna\/wp-content\/uploads\/sites\/30\/2020\/02\/IMG_20200214_103809-768x576.jpg 768w\" sizes=\"auto, (max-width: 1024px) 100vw, 1024px\" \/><\/p>\n<p><span style=\"color: #000000\"><span style=\"font-family: Times New Roman, serif\"><span style=\"font-size: x-large\"> As\u00ed, el lugar fue pasando de llamarse \u201cAlto dos Mu\u00ed\u00f1os\u201d a \u201cSanta Margarita\u201d, y sus usos fueron variando. Hay quien recuerda la antigua cantera, los camiones de la emisora de radio nacional o la zona en la que se dejaban a secar pulpos.<\/span><\/span><\/span><\/p>\n<p><img loading=\"lazy\" decoding=\"async\" width=\"1024\" height=\"768\" class=\"alignnone size-large wp-image-2601\" src=\"http:\/\/www.cope.es\/blogs\/pateando-a-coruna\/wp-content\/uploads\/sites\/30\/2020\/02\/IMG_20200214_103829-1024x768.jpg\" alt=\"\" srcset=\"https:\/\/www.cope.es\/blogs\/pateando-a-coruna\/wp-content\/uploads\/sites\/30\/2020\/02\/IMG_20200214_103829-1024x768.jpg 1024w, https:\/\/www.cope.es\/blogs\/pateando-a-coruna\/wp-content\/uploads\/sites\/30\/2020\/02\/IMG_20200214_103829-300x225.jpg 300w, https:\/\/www.cope.es\/blogs\/pateando-a-coruna\/wp-content\/uploads\/sites\/30\/2020\/02\/IMG_20200214_103829-768x576.jpg 768w\" sizes=\"auto, (max-width: 1024px) 100vw, 1024px\" \/><\/p>\n<h3><span style=\"color: #000000\"><span style=\"font-family: Times New Roman, serif\"><span style=\"font-size: x-large\"><b>La conversi\u00f3n a un parque con car\u00e1cter<br \/>\n<\/b><\/span><\/span><\/span><\/h3>\n<p><span style=\"color: #000000\"><span style=\"font-family: Times New Roman, serif\"><span style=\"font-size: x-large\">Santa Margarita pas\u00f3 a ser un parque en 1977, y fue uno de los principales logros del mandato de Jos\u00e9 Manuel Lia\u00f1o Flores. <\/span><\/span><\/span><\/p>\n<p><span style=\"color: #000000\"><span style=\"font-family: Times New Roman, serif\"><span style=\"font-size: x-large\"><img loading=\"lazy\" decoding=\"async\" width=\"1024\" height=\"768\" class=\"alignnone size-large wp-image-2619\" src=\"http:\/\/www.cope.es\/blogs\/pateando-a-coruna\/wp-content\/uploads\/sites\/30\/2020\/02\/IMG_20200214_105304-1024x768.jpg\" alt=\"\" srcset=\"https:\/\/www.cope.es\/blogs\/pateando-a-coruna\/wp-content\/uploads\/sites\/30\/2020\/02\/IMG_20200214_105304-1024x768.jpg 1024w, https:\/\/www.cope.es\/blogs\/pateando-a-coruna\/wp-content\/uploads\/sites\/30\/2020\/02\/IMG_20200214_105304-300x225.jpg 300w, https:\/\/www.cope.es\/blogs\/pateando-a-coruna\/wp-content\/uploads\/sites\/30\/2020\/02\/IMG_20200214_105304-768x576.jpg 768w\" sizes=\"auto, (max-width: 1024px) 100vw, 1024px\" \/>No obstante, esta \u00e1rea verde siempre mantuvo su car\u00e1cter de monte. Adem\u00e1s de las inevitables cuestas, en \u00e9l encontramos varios elementos patrimoniales, como un h\u00f3rreo del siglo XVI, las escaleras de piedra, fuentes o un molino que vivi\u00f3 mejores momentos de conservaci\u00f3n. <\/span><\/span><\/span><\/p>\n<p><span style=\"color: #000000\"><span style=\"font-family: Times New Roman, serif\"><span style=\"font-size: x-large\"><img loading=\"lazy\" decoding=\"async\" width=\"1024\" height=\"768\" class=\"alignnone size-large wp-image-2608\" src=\"http:\/\/www.cope.es\/blogs\/pateando-a-coruna\/wp-content\/uploads\/sites\/30\/2020\/02\/IMG_20200214_104630-1024x768.jpg\" alt=\"\" srcset=\"https:\/\/www.cope.es\/blogs\/pateando-a-coruna\/wp-content\/uploads\/sites\/30\/2020\/02\/IMG_20200214_104630-1024x768.jpg 1024w, https:\/\/www.cope.es\/blogs\/pateando-a-coruna\/wp-content\/uploads\/sites\/30\/2020\/02\/IMG_20200214_104630-300x225.jpg 300w, https:\/\/www.cope.es\/blogs\/pateando-a-coruna\/wp-content\/uploads\/sites\/30\/2020\/02\/IMG_20200214_104630-768x576.jpg 768w\" sizes=\"auto, (max-width: 1024px) 100vw, 1024px\" \/><img loading=\"lazy\" decoding=\"async\" width=\"1024\" height=\"768\" class=\"alignnone size-large wp-image-2602\" src=\"http:\/\/www.cope.es\/blogs\/pateando-a-coruna\/wp-content\/uploads\/sites\/30\/2020\/02\/IMG_20200214_103851-1024x768.jpg\" alt=\"\" srcset=\"https:\/\/www.cope.es\/blogs\/pateando-a-coruna\/wp-content\/uploads\/sites\/30\/2020\/02\/IMG_20200214_103851-1024x768.jpg 1024w, https:\/\/www.cope.es\/blogs\/pateando-a-coruna\/wp-content\/uploads\/sites\/30\/2020\/02\/IMG_20200214_103851-300x225.jpg 300w, https:\/\/www.cope.es\/blogs\/pateando-a-coruna\/wp-content\/uploads\/sites\/30\/2020\/02\/IMG_20200214_103851-768x576.jpg 768w\" sizes=\"auto, (max-width: 1024px) 100vw, 1024px\" \/><\/span><\/span><\/span><img loading=\"lazy\" decoding=\"async\" width=\"1024\" height=\"768\" class=\"alignnone size-large wp-image-2621\" src=\"http:\/\/www.cope.es\/blogs\/pateando-a-coruna\/wp-content\/uploads\/sites\/30\/2020\/02\/IMG_20200214_105419-1024x768.jpg\" alt=\"\" srcset=\"https:\/\/www.cope.es\/blogs\/pateando-a-coruna\/wp-content\/uploads\/sites\/30\/2020\/02\/IMG_20200214_105419-1024x768.jpg 1024w, https:\/\/www.cope.es\/blogs\/pateando-a-coruna\/wp-content\/uploads\/sites\/30\/2020\/02\/IMG_20200214_105419-300x225.jpg 300w, https:\/\/www.cope.es\/blogs\/pateando-a-coruna\/wp-content\/uploads\/sites\/30\/2020\/02\/IMG_20200214_105419-768x576.jpg 768w\" sizes=\"auto, (max-width: 1024px) 100vw, 1024px\" \/><\/p>\n<p><span style=\"color: #000000\"><span style=\"font-family: Times New Roman, serif\"><span style=\"font-size: x-large\"><img loading=\"lazy\" decoding=\"async\" width=\"1024\" height=\"768\" class=\"alignnone size-large wp-image-2624\" src=\"http:\/\/www.cope.es\/blogs\/pateando-a-coruna\/wp-content\/uploads\/sites\/30\/2020\/02\/IMG_20200214_105443_1-1024x768.jpg\" alt=\"\" srcset=\"https:\/\/www.cope.es\/blogs\/pateando-a-coruna\/wp-content\/uploads\/sites\/30\/2020\/02\/IMG_20200214_105443_1-1024x768.jpg 1024w, https:\/\/www.cope.es\/blogs\/pateando-a-coruna\/wp-content\/uploads\/sites\/30\/2020\/02\/IMG_20200214_105443_1-300x225.jpg 300w, https:\/\/www.cope.es\/blogs\/pateando-a-coruna\/wp-content\/uploads\/sites\/30\/2020\/02\/IMG_20200214_105443_1-768x576.jpg 768w\" sizes=\"auto, (max-width: 1024px) 100vw, 1024px\" \/><\/span><\/span><\/span><\/p>\n<h3><span style=\"color: #000000\"><span style=\"font-family: Times New Roman, serif\"><span style=\"font-size: x-large\"><strong>Queda mucho de monte<\/strong><br \/>\n<\/span><\/span><\/span><\/h3>\n<p><span style=\"color: #000000\"><span style=\"font-family: Times New Roman, serif\"><span style=\"font-size: x-large\">Todos los elementos del parque vienen envueltos del olor a eucalipto o a pino, y del el sonido de varias especies de p\u00e1jaros. <\/span><\/span><\/span><\/p>\n<p><span style=\"color: #000000\"><span style=\"font-family: Times New Roman, serif\"><span style=\"font-size: x-large\"><img loading=\"lazy\" decoding=\"async\" width=\"1024\" height=\"768\" class=\"alignnone size-large wp-image-2612\" src=\"http:\/\/www.cope.es\/blogs\/pateando-a-coruna\/wp-content\/uploads\/sites\/30\/2020\/02\/IMG_20200214_104804_1-1024x768.jpg\" alt=\"\" srcset=\"https:\/\/www.cope.es\/blogs\/pateando-a-coruna\/wp-content\/uploads\/sites\/30\/2020\/02\/IMG_20200214_104804_1-1024x768.jpg 1024w, https:\/\/www.cope.es\/blogs\/pateando-a-coruna\/wp-content\/uploads\/sites\/30\/2020\/02\/IMG_20200214_104804_1-300x225.jpg 300w, https:\/\/www.cope.es\/blogs\/pateando-a-coruna\/wp-content\/uploads\/sites\/30\/2020\/02\/IMG_20200214_104804_1-768x576.jpg 768w\" sizes=\"auto, (max-width: 1024px) 100vw, 1024px\" \/><\/span><\/span><\/span><\/p>\n<p><span style=\"color: #000000\"><span style=\"font-family: Times New Roman, serif\"><span style=\"font-size: x-large\"><img loading=\"lazy\" decoding=\"async\" width=\"1024\" height=\"768\" class=\"alignnone size-large wp-image-2607\" src=\"http:\/\/www.cope.es\/blogs\/pateando-a-coruna\/wp-content\/uploads\/sites\/30\/2020\/02\/IMG_20200214_104547-1024x768.jpg\" alt=\"\" srcset=\"https:\/\/www.cope.es\/blogs\/pateando-a-coruna\/wp-content\/uploads\/sites\/30\/2020\/02\/IMG_20200214_104547-1024x768.jpg 1024w, https:\/\/www.cope.es\/blogs\/pateando-a-coruna\/wp-content\/uploads\/sites\/30\/2020\/02\/IMG_20200214_104547-300x225.jpg 300w, https:\/\/www.cope.es\/blogs\/pateando-a-coruna\/wp-content\/uploads\/sites\/30\/2020\/02\/IMG_20200214_104547-768x576.jpg 768w\" sizes=\"auto, (max-width: 1024px) 100vw, 1024px\" \/>T\u00f3rtolas, zorzales, jilgueros o urracas tienen sus propias casas en los \u00e1rboles. Comparten espacio con muchos perros que vienen aqu\u00ed de paseo o con varias colonias de gatos callejeros.<\/span><\/span><\/span><\/p>\n<p><img loading=\"lazy\" decoding=\"async\" width=\"1024\" height=\"768\" class=\"alignnone size-large wp-image-2603\" src=\"http:\/\/www.cope.es\/blogs\/pateando-a-coruna\/wp-content\/uploads\/sites\/30\/2020\/02\/IMG_20200214_103907-1024x768.jpg\" alt=\"\" srcset=\"https:\/\/www.cope.es\/blogs\/pateando-a-coruna\/wp-content\/uploads\/sites\/30\/2020\/02\/IMG_20200214_103907-1024x768.jpg 1024w, https:\/\/www.cope.es\/blogs\/pateando-a-coruna\/wp-content\/uploads\/sites\/30\/2020\/02\/IMG_20200214_103907-300x225.jpg 300w, https:\/\/www.cope.es\/blogs\/pateando-a-coruna\/wp-content\/uploads\/sites\/30\/2020\/02\/IMG_20200214_103907-768x576.jpg 768w\" sizes=\"auto, (max-width: 1024px) 100vw, 1024px\" \/><\/p>\n<p><span style=\"color: #000000\"><span style=\"font-family: Times New Roman, serif\"><span style=\"font-size: x-large\"> Los ni\u00f1os ya no pueden dar de comer a los patos al estanque. Por no haber, no hay casi ni agua, y los servicios municipales se cansaron de reponer aves que alguien, de forma peri\u00f3dica, acababa robando. <\/span><\/span><\/span><\/p>\n<p><img loading=\"lazy\" decoding=\"async\" width=\"1024\" height=\"768\" class=\"alignnone size-large wp-image-2622\" src=\"http:\/\/www.cope.es\/blogs\/pateando-a-coruna\/wp-content\/uploads\/sites\/30\/2020\/02\/IMG_20200214_105426-1024x768.jpg\" alt=\"\" srcset=\"https:\/\/www.cope.es\/blogs\/pateando-a-coruna\/wp-content\/uploads\/sites\/30\/2020\/02\/IMG_20200214_105426-1024x768.jpg 1024w, https:\/\/www.cope.es\/blogs\/pateando-a-coruna\/wp-content\/uploads\/sites\/30\/2020\/02\/IMG_20200214_105426-300x225.jpg 300w, https:\/\/www.cope.es\/blogs\/pateando-a-coruna\/wp-content\/uploads\/sites\/30\/2020\/02\/IMG_20200214_105426-768x576.jpg 768w\" sizes=\"auto, (max-width: 1024px) 100vw, 1024px\" \/><\/p>\n<h3><span style=\"color: #000000\"><span style=\"font-family: Times New Roman, serif\"><span style=\"font-size: x-large\"><strong>Un parque para todas las edades<\/strong><br \/>\n<\/span><\/span><\/span><\/h3>\n<p><span style=\"color: #000000\"><span style=\"font-family: Times New Roman, serif\"><span style=\"font-size: x-large\">S\u00ed se ponen las botas las palomas del lugar con alguno de los habituales de Santa Margarita. Es uno de los integrantes de un grupo de amigos acude a uno de los merenderos a jugar a las cartas, leer el peri\u00f3dico y pasar la ma\u00f1ana. Antes hab\u00eda muchos m\u00e1s habituales pero, seg\u00fan cuentan, fueron muriendo.\u00a0<\/span><\/span><\/span><\/p>\n<p><span style=\"color: #000000\"><span style=\"font-family: Times New Roman, serif\"><span style=\"font-size: x-large\"><img loading=\"lazy\" decoding=\"async\" width=\"1024\" height=\"768\" class=\"alignnone size-large wp-image-2605\" src=\"http:\/\/www.cope.es\/blogs\/pateando-a-coruna\/wp-content\/uploads\/sites\/30\/2020\/02\/IMG_20200214_104406-1024x768.jpg\" alt=\"\" srcset=\"https:\/\/www.cope.es\/blogs\/pateando-a-coruna\/wp-content\/uploads\/sites\/30\/2020\/02\/IMG_20200214_104406-1024x768.jpg 1024w, https:\/\/www.cope.es\/blogs\/pateando-a-coruna\/wp-content\/uploads\/sites\/30\/2020\/02\/IMG_20200214_104406-300x225.jpg 300w, https:\/\/www.cope.es\/blogs\/pateando-a-coruna\/wp-content\/uploads\/sites\/30\/2020\/02\/IMG_20200214_104406-768x576.jpg 768w\" sizes=\"auto, (max-width: 1024px) 100vw, 1024px\" \/><\/span><\/span><\/span><\/p>\n<p><span style=\"color: #000000\"><span style=\"font-family: Times New Roman, serif\"><span style=\"font-size: x-large\"><img loading=\"lazy\" decoding=\"async\" width=\"1024\" height=\"768\" class=\"alignnone size-large wp-image-2604\" src=\"http:\/\/www.cope.es\/blogs\/pateando-a-coruna\/wp-content\/uploads\/sites\/30\/2020\/02\/IMG_20200214_103938-1024x768.jpg\" alt=\"\" srcset=\"https:\/\/www.cope.es\/blogs\/pateando-a-coruna\/wp-content\/uploads\/sites\/30\/2020\/02\/IMG_20200214_103938-1024x768.jpg 1024w, https:\/\/www.cope.es\/blogs\/pateando-a-coruna\/wp-content\/uploads\/sites\/30\/2020\/02\/IMG_20200214_103938-300x225.jpg 300w, https:\/\/www.cope.es\/blogs\/pateando-a-coruna\/wp-content\/uploads\/sites\/30\/2020\/02\/IMG_20200214_103938-768x576.jpg 768w\" sizes=\"auto, (max-width: 1024px) 100vw, 1024px\" \/>Santa Margarita se moderniz\u00f3 e incluy\u00f3 zonas de ejercicio para mayores, de juegos para peque\u00f1os y hasta algo llamado &#8216;street workout&#8217; para los adolescentes. O tumbonas para tomar el sol. Una zona de relax muy cerca del anfiteatro que cada vez acoge menos actuaciones.<\/span><\/span><\/span><\/p>\n<p><img loading=\"lazy\" decoding=\"async\" width=\"1024\" height=\"768\" class=\"alignnone size-large wp-image-2610\" src=\"http:\/\/www.cope.es\/blogs\/pateando-a-coruna\/wp-content\/uploads\/sites\/30\/2020\/02\/IMG_20200214_104729_1-1024x768.jpg\" alt=\"\" srcset=\"https:\/\/www.cope.es\/blogs\/pateando-a-coruna\/wp-content\/uploads\/sites\/30\/2020\/02\/IMG_20200214_104729_1-1024x768.jpg 1024w, https:\/\/www.cope.es\/blogs\/pateando-a-coruna\/wp-content\/uploads\/sites\/30\/2020\/02\/IMG_20200214_104729_1-300x225.jpg 300w, https:\/\/www.cope.es\/blogs\/pateando-a-coruna\/wp-content\/uploads\/sites\/30\/2020\/02\/IMG_20200214_104729_1-768x576.jpg 768w\" sizes=\"auto, (max-width: 1024px) 100vw, 1024px\" \/><\/p>\n<p><img loading=\"lazy\" decoding=\"async\" width=\"1024\" height=\"768\" class=\"alignnone size-large wp-image-2613\" src=\"http:\/\/www.cope.es\/blogs\/pateando-a-coruna\/wp-content\/uploads\/sites\/30\/2020\/02\/IMG_20200214_104909-1024x768.jpg\" alt=\"\" srcset=\"https:\/\/www.cope.es\/blogs\/pateando-a-coruna\/wp-content\/uploads\/sites\/30\/2020\/02\/IMG_20200214_104909-1024x768.jpg 1024w, https:\/\/www.cope.es\/blogs\/pateando-a-coruna\/wp-content\/uploads\/sites\/30\/2020\/02\/IMG_20200214_104909-300x225.jpg 300w, https:\/\/www.cope.es\/blogs\/pateando-a-coruna\/wp-content\/uploads\/sites\/30\/2020\/02\/IMG_20200214_104909-768x576.jpg 768w\" sizes=\"auto, (max-width: 1024px) 100vw, 1024px\" \/><\/p>\n<p><span style=\"color: #000000\"><span style=\"font-family: Times New Roman, serif\"><span style=\"font-size: x-large\">Los veteranos recuerdan cuando todas estas partes estaban a rebosar con la \u00fanica romer\u00eda que conserva A Coru\u00f1a. La de Santa Margarita, en <\/span><\/span><\/span><span style=\"color: #000000\"><span style=\"font-family: Times New Roman, serif\"><span style=\"font-size: x-large\"> agosto, con sus puestos de rosquillas, sus manteles para comer empanada y, dependiendo del gusto de cada gobierno, sus verbenas.\u00a0<\/span><\/span><\/span><\/p>\n<h3><b><span style=\"color: #000000\"><span style=\"font-family: Times New Roman, serif\"><span style=\"font-size: x-large\">El primer museo cient\u00edfico<br \/>\n<\/span><\/span><\/span><\/b><\/h3>\n<p><span style=\"color: #000000\"><span style=\"font-family: Times New Roman, serif\"><span style=\"font-size: x-large\">El mayor peregrinaje que acoge diariamente Santa Margarita es el de los escolares que se dirigen al palacete. Este edificio de los a\u00f1os 50 se reform\u00f3 en 1985 y se convirti\u00f3 en la <a href=\"https:\/\/www.coruna.gal\/mc2\/gl\/casa-das-ciencias\" target=\"_blank\">Casa de las Ciencias<\/a>. <\/span><\/span><\/span><\/p>\n<p><span style=\"color: #000000\"><span style=\"font-family: Times New Roman, serif\"><span style=\"font-size: x-large\"><img loading=\"lazy\" decoding=\"async\" width=\"1024\" height=\"768\" class=\"alignnone size-large wp-image-2616\" src=\"http:\/\/www.cope.es\/blogs\/pateando-a-coruna\/wp-content\/uploads\/sites\/30\/2020\/02\/IMG_20200214_105131_1-1-1024x768.jpg\" alt=\"\" srcset=\"https:\/\/www.cope.es\/blogs\/pateando-a-coruna\/wp-content\/uploads\/sites\/30\/2020\/02\/IMG_20200214_105131_1-1-1024x768.jpg 1024w, https:\/\/www.cope.es\/blogs\/pateando-a-coruna\/wp-content\/uploads\/sites\/30\/2020\/02\/IMG_20200214_105131_1-1-300x225.jpg 300w, https:\/\/www.cope.es\/blogs\/pateando-a-coruna\/wp-content\/uploads\/sites\/30\/2020\/02\/IMG_20200214_105131_1-1-768x576.jpg 768w\" sizes=\"auto, (max-width: 1024px) 100vw, 1024px\" \/><img loading=\"lazy\" decoding=\"async\" width=\"1024\" height=\"576\" class=\"alignnone size-large wp-image-2598\" src=\"http:\/\/www.cope.es\/blogs\/pateando-a-coruna\/wp-content\/uploads\/sites\/30\/2020\/02\/IMG_20180717_123941757-1024x576.jpg\" alt=\"\" srcset=\"https:\/\/www.cope.es\/blogs\/pateando-a-coruna\/wp-content\/uploads\/sites\/30\/2020\/02\/IMG_20180717_123941757-1024x576.jpg 1024w, https:\/\/www.cope.es\/blogs\/pateando-a-coruna\/wp-content\/uploads\/sites\/30\/2020\/02\/IMG_20180717_123941757-300x169.jpg 300w, https:\/\/www.cope.es\/blogs\/pateando-a-coruna\/wp-content\/uploads\/sites\/30\/2020\/02\/IMG_20180717_123941757-768x432.jpg 768w\" sizes=\"auto, (max-width: 1024px) 100vw, 1024px\" \/><\/span><\/span><\/span><\/p>\n<p><span style=\"color: #000000\"><span style=\"font-family: Times New Roman, serif\"><span style=\"font-size: x-large\">All\u00ed generaciones de coru\u00f1eses aprendimos a distinguir la estrella Polar de la Osa Mayor, vimos c\u00f3mo un p\u00e9ndulo puede marcar las horas o que el huevo ven\u00eda antes del pollito. Prohibido no tocar, nos dec\u00edan por primera vez en un museo que abri\u00f3 A Coru\u00f1a al mundo de la divulgaci\u00f3n.<br \/>\n<\/span><\/span><\/span><\/p>\n<p><img loading=\"lazy\" decoding=\"async\" width=\"1024\" height=\"768\" class=\"alignnone size-large wp-image-2591\" src=\"http:\/\/www.cope.es\/blogs\/pateando-a-coruna\/wp-content\/uploads\/sites\/30\/2020\/02\/IMG_5360-1024x768.jpg\" alt=\"\" srcset=\"https:\/\/www.cope.es\/blogs\/pateando-a-coruna\/wp-content\/uploads\/sites\/30\/2020\/02\/IMG_5360-1024x768.jpg 1024w, https:\/\/www.cope.es\/blogs\/pateando-a-coruna\/wp-content\/uploads\/sites\/30\/2020\/02\/IMG_5360-300x225.jpg 300w, https:\/\/www.cope.es\/blogs\/pateando-a-coruna\/wp-content\/uploads\/sites\/30\/2020\/02\/IMG_5360-768x576.jpg 768w\" sizes=\"auto, (max-width: 1024px) 100vw, 1024px\" \/><\/p>\n<p><img loading=\"lazy\" decoding=\"async\" width=\"1024\" height=\"576\" class=\"alignnone size-large wp-image-2596\" src=\"http:\/\/www.cope.es\/blogs\/pateando-a-coruna\/wp-content\/uploads\/sites\/30\/2020\/02\/IMG_20180717_121732113-1024x576.jpg\" alt=\"\" srcset=\"https:\/\/www.cope.es\/blogs\/pateando-a-coruna\/wp-content\/uploads\/sites\/30\/2020\/02\/IMG_20180717_121732113-1024x576.jpg 1024w, https:\/\/www.cope.es\/blogs\/pateando-a-coruna\/wp-content\/uploads\/sites\/30\/2020\/02\/IMG_20180717_121732113-300x169.jpg 300w, https:\/\/www.cope.es\/blogs\/pateando-a-coruna\/wp-content\/uploads\/sites\/30\/2020\/02\/IMG_20180717_121732113-768x432.jpg 768w\" sizes=\"auto, (max-width: 1024px) 100vw, 1024px\" \/><\/p>\n<p><span style=\"color: #000000\"><span style=\"font-family: Times New Roman, serif\"><span style=\"font-size: x-large\">De todo ello, habla en esta entrevista el director de los Museos Cient\u00edficos de A Coru\u00f1a, Marcos P\u00e9rez Maldonado:<\/span><\/span><\/span><\/p>\n<audio class=\"wp-audio-shortcode\" id=\"audio-2627-2\" preload=\"none\" style=\"width: 100%;\" controls=\"controls\"><source type=\"audio\/mpeg\" src=\"http:\/\/www.cope.es\/blogs\/pateando-a-coruna\/wp-content\/uploads\/sites\/30\/2020\/02\/18-02-CASA-DE-LAS-CIENCIAS.mp3?_=2\" \/><a href=\"http:\/\/www.cope.es\/blogs\/pateando-a-coruna\/wp-content\/uploads\/sites\/30\/2020\/02\/18-02-CASA-DE-LAS-CIENCIAS.mp3\">http:\/\/www.cope.es\/blogs\/pateando-a-coruna\/wp-content\/uploads\/sites\/30\/2020\/02\/18-02-CASA-DE-LAS-CIENCIAS.mp3<\/a><\/audio>\n<p><img loading=\"lazy\" decoding=\"async\" width=\"1024\" height=\"768\" class=\"alignnone size-large wp-image-2592\" src=\"http:\/\/www.cope.es\/blogs\/pateando-a-coruna\/wp-content\/uploads\/sites\/30\/2020\/02\/IMG_5361-1024x768.jpg\" alt=\"\" srcset=\"https:\/\/www.cope.es\/blogs\/pateando-a-coruna\/wp-content\/uploads\/sites\/30\/2020\/02\/IMG_5361-1024x768.jpg 1024w, https:\/\/www.cope.es\/blogs\/pateando-a-coruna\/wp-content\/uploads\/sites\/30\/2020\/02\/IMG_5361-300x225.jpg 300w, https:\/\/www.cope.es\/blogs\/pateando-a-coruna\/wp-content\/uploads\/sites\/30\/2020\/02\/IMG_5361-768x576.jpg 768w\" sizes=\"auto, (max-width: 1024px) 100vw, 1024px\" \/><\/p>\n<p><img loading=\"lazy\" decoding=\"async\" width=\"576\" height=\"1024\" class=\"alignnone size-large wp-image-2599\" src=\"http:\/\/www.cope.es\/blogs\/pateando-a-coruna\/wp-content\/uploads\/sites\/30\/2020\/02\/IMG_20180717_125921816-576x1024.jpg\" alt=\"\" srcset=\"https:\/\/www.cope.es\/blogs\/pateando-a-coruna\/wp-content\/uploads\/sites\/30\/2020\/02\/IMG_20180717_125921816-576x1024.jpg 576w, https:\/\/www.cope.es\/blogs\/pateando-a-coruna\/wp-content\/uploads\/sites\/30\/2020\/02\/IMG_20180717_125921816-169x300.jpg 169w, https:\/\/www.cope.es\/blogs\/pateando-a-coruna\/wp-content\/uploads\/sites\/30\/2020\/02\/IMG_20180717_125921816-768x1365.jpg 768w\" sizes=\"auto, (max-width: 576px) 100vw, 576px\" \/><\/p>\n<p><span style=\"color: #000000\"><span style=\"font-family: Times New Roman, serif\"><span style=\"font-size: x-large\">En su exterior, podemos ver una r\u00e9plica del <a href=\"https:\/\/www.lavozdegalicia.es\/noticia\/sociedad\/2005\/01\/07\/parque-corunes-tendra-replica-celebre-manzano-newton\/0003_3350170.htm\" target=\"_blank\">manzano de Newton<\/a>. Es el \u00fanico \u00e1rbol acordonado del parque m\u00e1s tradicional de A Coru\u00f1a.<br \/>\n<\/span><\/span><\/span><\/p>\n<p><img loading=\"lazy\" decoding=\"async\" width=\"1024\" height=\"768\" class=\"alignnone size-large wp-image-2617\" src=\"http:\/\/www.cope.es\/blogs\/pateando-a-coruna\/wp-content\/uploads\/sites\/30\/2020\/02\/IMG_20200214_105228_1-1024x768.jpg\" alt=\"\" srcset=\"https:\/\/www.cope.es\/blogs\/pateando-a-coruna\/wp-content\/uploads\/sites\/30\/2020\/02\/IMG_20200214_105228_1-1024x768.jpg 1024w, https:\/\/www.cope.es\/blogs\/pateando-a-coruna\/wp-content\/uploads\/sites\/30\/2020\/02\/IMG_20200214_105228_1-300x225.jpg 300w, https:\/\/www.cope.es\/blogs\/pateando-a-coruna\/wp-content\/uploads\/sites\/30\/2020\/02\/IMG_20200214_105228_1-768x576.jpg 768w\" sizes=\"auto, (max-width: 1024px) 100vw, 1024px\" \/><img loading=\"lazy\" decoding=\"async\" width=\"1024\" height=\"768\" class=\"alignnone size-large wp-image-2618\" src=\"http:\/\/www.cope.es\/blogs\/pateando-a-coruna\/wp-content\/uploads\/sites\/30\/2020\/02\/IMG_20200214_105236-1024x768.jpg\" alt=\"\" srcset=\"https:\/\/www.cope.es\/blogs\/pateando-a-coruna\/wp-content\/uploads\/sites\/30\/2020\/02\/IMG_20200214_105236-1024x768.jpg 1024w, https:\/\/www.cope.es\/blogs\/pateando-a-coruna\/wp-content\/uploads\/sites\/30\/2020\/02\/IMG_20200214_105236-300x225.jpg 300w, https:\/\/www.cope.es\/blogs\/pateando-a-coruna\/wp-content\/uploads\/sites\/30\/2020\/02\/IMG_20200214_105236-768x576.jpg 768w\" sizes=\"auto, (max-width: 1024px) 100vw, 1024px\" \/><\/p>\n<p>&nbsp;<\/p>\n","protected":false},"excerpt":{"rendered":"<p>Parque de Santa Margarita. Entre la avenida de Fisterra, la de Arteixo, la calle Palomar y la Ronda de Nelle. 53.000 metros cuadrados. 15005. Una Santa muy venerada La relaci\u00f3n de Santa Margarita con esta parte de la ciudad viene de muy atr\u00e1s. Ya en el siglo XVI hay constancia de la devoci\u00f3n en A [&hellip;]<\/p>\n","protected":false},"author":33,"featured_media":2607,"comment_status":"open","ping_status":"open","sticky":false,"template":"","format":"standard","meta":{"footnotes":""},"categories":[11],"tags":[17,250,247,249,248],"class_list":["post-2627","post","type-post","status-publish","format-standard","has-post-thumbnail","hentry","category-pateando-a-coruna","tag-a-coruna","tag-casa-de-las-ciencias","tag-parque","tag-romeria","tag-santa-margarita"],"yoast_head":"<!-- This site is optimized with the Yoast SEO plugin v27.4 - https:\/\/yoast.com\/product\/yoast-seo-wordpress\/ -->\n<title>Parque de Santa Margarita: el monte cient\u00edfico - Pateando A Coru\u00f1a<\/title>\n<meta name=\"robots\" content=\"index, follow, max-snippet:-1, max-image-preview:large, max-video-preview:-1\" \/>\n<link rel=\"canonical\" href=\"https:\/\/www.cope.es\/blogs\/pateando-a-coruna\/2020\/02\/19\/parque-de-santa-margarita-el-monte-cientifico\/\" \/>\n<meta property=\"og:locale\" content=\"es_ES\" \/>\n<meta property=\"og:type\" content=\"article\" \/>\n<meta property=\"og:title\" content=\"Parque de Santa Margarita: el monte cient\u00edfico - Pateando A Coru\u00f1a\" \/>\n<meta property=\"og:description\" content=\"Parque de Santa Margarita. Entre la avenida de Fisterra, la de Arteixo, la calle Palomar y la Ronda de Nelle. 53.000 metros cuadrados. 15005. Una Santa muy venerada La relaci\u00f3n de Santa Margarita con esta parte de la ciudad viene de muy atr\u00e1s. Ya en el siglo XVI hay constancia de la devoci\u00f3n en A [&hellip;]\" \/>\n<meta property=\"og:url\" content=\"https:\/\/www.cope.es\/blogs\/pateando-a-coruna\/2020\/02\/19\/parque-de-santa-margarita-el-monte-cientifico\/\" \/>\n<meta property=\"og:site_name\" content=\"Pateando A Coru\u00f1a\" \/>\n<meta property=\"article:publisher\" content=\"https:\/\/www.facebook.com\/cope\/\" \/>\n<meta property=\"article:published_time\" content=\"2020-02-19T09:55:32+00:00\" \/>\n<meta property=\"article:modified_time\" content=\"2020-02-19T09:55:47+00:00\" \/>\n<meta property=\"og:image\" content=\"https:\/\/www.cope.es\/blogs\/pateando-a-coruna\/wp-content\/uploads\/sites\/30\/2020\/02\/IMG_20200214_104547-1024x768.jpg\" \/>\n\t<meta property=\"og:image:width\" content=\"1024\" \/>\n\t<meta property=\"og:image:height\" content=\"768\" \/>\n\t<meta property=\"og:image:type\" content=\"image\/jpeg\" \/>\n<meta name=\"author\" content=\"Noela Bao\" \/>\n<meta name=\"twitter:card\" content=\"summary_large_image\" \/>\n<meta name=\"twitter:creator\" content=\"@cope_es\" \/>\n<meta name=\"twitter:site\" content=\"@cope_es\" \/>\n<meta name=\"twitter:label1\" content=\"Escrito por\" \/>\n\t<meta name=\"twitter:data1\" content=\"Noela Bao\" \/>\n\t<meta name=\"twitter:label2\" content=\"Tiempo de lectura\" \/>\n\t<meta name=\"twitter:data2\" content=\"3 minutos\" \/>\n<script type=\"application\/ld+json\" class=\"yoast-schema-graph\">{\"@context\":\"https:\\\/\\\/schema.org\",\"@graph\":[{\"@type\":\"Article\",\"@id\":\"https:\\\/\\\/www.cope.es\\\/blogs\\\/pateando-a-coruna\\\/2020\\\/02\\\/19\\\/parque-de-santa-margarita-el-monte-cientifico\\\/#article\",\"isPartOf\":{\"@id\":\"https:\\\/\\\/www.cope.es\\\/blogs\\\/pateando-a-coruna\\\/2020\\\/02\\\/19\\\/parque-de-santa-margarita-el-monte-cientifico\\\/\"},\"author\":{\"name\":\"Noela Bao\",\"@id\":\"https:\\\/\\\/www.cope.es\\\/blogs\\\/pateando-a-coruna\\\/#\\\/schema\\\/person\\\/b705a4b1bffc5d94ca55f39d85d6e890\"},\"headline\":\"Parque de Santa Margarita: el monte cient\u00edfico\",\"datePublished\":\"2020-02-19T09:55:32+00:00\",\"dateModified\":\"2020-02-19T09:55:47+00:00\",\"mainEntityOfPage\":{\"@id\":\"https:\\\/\\\/www.cope.es\\\/blogs\\\/pateando-a-coruna\\\/2020\\\/02\\\/19\\\/parque-de-santa-margarita-el-monte-cientifico\\\/\"},\"wordCount\":684,\"commentCount\":0,\"image\":{\"@id\":\"https:\\\/\\\/www.cope.es\\\/blogs\\\/pateando-a-coruna\\\/2020\\\/02\\\/19\\\/parque-de-santa-margarita-el-monte-cientifico\\\/#primaryimage\"},\"thumbnailUrl\":\"https:\\\/\\\/www.cope.es\\\/blogs\\\/pateando-a-coruna\\\/wp-content\\\/uploads\\\/sites\\\/30\\\/2020\\\/02\\\/IMG_20200214_104547.jpg\",\"keywords\":[\"A Coru\u00f1a\",\"Casa de Las Ciencias\",\"Parque\",\"Romer\u00eda\",\"Santa Margarita\"],\"articleSection\":[\"Pateando A Coru\u00f1a\"],\"inLanguage\":\"es\",\"potentialAction\":[{\"@type\":\"CommentAction\",\"name\":\"Comment\",\"target\":[\"https:\\\/\\\/www.cope.es\\\/blogs\\\/pateando-a-coruna\\\/2020\\\/02\\\/19\\\/parque-de-santa-margarita-el-monte-cientifico\\\/#respond\"]}]},{\"@type\":\"WebPage\",\"@id\":\"https:\\\/\\\/www.cope.es\\\/blogs\\\/pateando-a-coruna\\\/2020\\\/02\\\/19\\\/parque-de-santa-margarita-el-monte-cientifico\\\/\",\"url\":\"https:\\\/\\\/www.cope.es\\\/blogs\\\/pateando-a-coruna\\\/2020\\\/02\\\/19\\\/parque-de-santa-margarita-el-monte-cientifico\\\/\",\"name\":\"Parque de Santa Margarita: el monte cient\u00edfico - Pateando A Coru\u00f1a\",\"isPartOf\":{\"@id\":\"https:\\\/\\\/www.cope.es\\\/blogs\\\/pateando-a-coruna\\\/#website\"},\"primaryImageOfPage\":{\"@id\":\"https:\\\/\\\/www.cope.es\\\/blogs\\\/pateando-a-coruna\\\/2020\\\/02\\\/19\\\/parque-de-santa-margarita-el-monte-cientifico\\\/#primaryimage\"},\"image\":{\"@id\":\"https:\\\/\\\/www.cope.es\\\/blogs\\\/pateando-a-coruna\\\/2020\\\/02\\\/19\\\/parque-de-santa-margarita-el-monte-cientifico\\\/#primaryimage\"},\"thumbnailUrl\":\"https:\\\/\\\/www.cope.es\\\/blogs\\\/pateando-a-coruna\\\/wp-content\\\/uploads\\\/sites\\\/30\\\/2020\\\/02\\\/IMG_20200214_104547.jpg\",\"datePublished\":\"2020-02-19T09:55:32+00:00\",\"dateModified\":\"2020-02-19T09:55:47+00:00\",\"author\":{\"@id\":\"https:\\\/\\\/www.cope.es\\\/blogs\\\/pateando-a-coruna\\\/#\\\/schema\\\/person\\\/b705a4b1bffc5d94ca55f39d85d6e890\"},\"breadcrumb\":{\"@id\":\"https:\\\/\\\/www.cope.es\\\/blogs\\\/pateando-a-coruna\\\/2020\\\/02\\\/19\\\/parque-de-santa-margarita-el-monte-cientifico\\\/#breadcrumb\"},\"inLanguage\":\"es\",\"potentialAction\":[{\"@type\":\"ReadAction\",\"target\":[\"https:\\\/\\\/www.cope.es\\\/blogs\\\/pateando-a-coruna\\\/2020\\\/02\\\/19\\\/parque-de-santa-margarita-el-monte-cientifico\\\/\"]}]},{\"@type\":\"ImageObject\",\"inLanguage\":\"es\",\"@id\":\"https:\\\/\\\/www.cope.es\\\/blogs\\\/pateando-a-coruna\\\/2020\\\/02\\\/19\\\/parque-de-santa-margarita-el-monte-cientifico\\\/#primaryimage\",\"url\":\"https:\\\/\\\/www.cope.es\\\/blogs\\\/pateando-a-coruna\\\/wp-content\\\/uploads\\\/sites\\\/30\\\/2020\\\/02\\\/IMG_20200214_104547.jpg\",\"contentUrl\":\"https:\\\/\\\/www.cope.es\\\/blogs\\\/pateando-a-coruna\\\/wp-content\\\/uploads\\\/sites\\\/30\\\/2020\\\/02\\\/IMG_20200214_104547.jpg\",\"width\":4032,\"height\":3024},{\"@type\":\"BreadcrumbList\",\"@id\":\"https:\\\/\\\/www.cope.es\\\/blogs\\\/pateando-a-coruna\\\/2020\\\/02\\\/19\\\/parque-de-santa-margarita-el-monte-cientifico\\\/#breadcrumb\",\"itemListElement\":[{\"@type\":\"ListItem\",\"position\":1,\"name\":\"Portada\",\"item\":\"https:\\\/\\\/www.cope.es\\\/blogs\\\/pateando-a-coruna\\\/\"},{\"@type\":\"ListItem\",\"position\":2,\"name\":\"Parque de Santa Margarita: el monte cient\u00edfico\"}]},{\"@type\":\"WebSite\",\"@id\":\"https:\\\/\\\/www.cope.es\\\/blogs\\\/pateando-a-coruna\\\/#website\",\"url\":\"https:\\\/\\\/www.cope.es\\\/blogs\\\/pateando-a-coruna\\\/\",\"name\":\"Pateando A Coru\u00f1a\",\"description\":\"Conoce A Coru\u00f1a en los Blogs de COPE\",\"potentialAction\":[{\"@type\":\"SearchAction\",\"target\":{\"@type\":\"EntryPoint\",\"urlTemplate\":\"https:\\\/\\\/www.cope.es\\\/blogs\\\/pateando-a-coruna\\\/?s={search_term_string}\"},\"query-input\":{\"@type\":\"PropertyValueSpecification\",\"valueRequired\":true,\"valueName\":\"search_term_string\"}}],\"inLanguage\":\"es\"},{\"@type\":\"Person\",\"@id\":\"https:\\\/\\\/www.cope.es\\\/blogs\\\/pateando-a-coruna\\\/#\\\/schema\\\/person\\\/b705a4b1bffc5d94ca55f39d85d6e890\",\"name\":\"Noela Bao\",\"image\":{\"@type\":\"ImageObject\",\"inLanguage\":\"es\",\"@id\":\"https:\\\/\\\/secure.gravatar.com\\\/avatar\\\/f43fab7bcb9aa54237033d8d79a98a2c62d507025b93dbfeb8cace37d693a0e2?s=96&d=mm&r=g\",\"url\":\"https:\\\/\\\/secure.gravatar.com\\\/avatar\\\/f43fab7bcb9aa54237033d8d79a98a2c62d507025b93dbfeb8cace37d693a0e2?s=96&d=mm&r=g\",\"contentUrl\":\"https:\\\/\\\/secure.gravatar.com\\\/avatar\\\/f43fab7bcb9aa54237033d8d79a98a2c62d507025b93dbfeb8cace37d693a0e2?s=96&d=mm&r=g\",\"caption\":\"Noela Bao\"},\"description\":\"En Pateando A Coru\u00f1a nos acercamos a lo que esconden las calles de la ciudad herculina, m\u00e1s all\u00e1 de un nombre en una placa. Historia, reportajes, opiniones de vecinos y entrevistas. Con un m\u00f3vil en la mano y un micro en la otra recorre los barrios Noela Bao, periodista y redactora de COPE Coru\u00f1a desde 2004.\",\"sameAs\":[\"https:\\\/\\\/www.cope.es\\\/coruna\"],\"url\":\"https:\\\/\\\/www.cope.es\\\/blogs\\\/pateando-a-coruna\\\/author\\\/nbao\\\/\"}]}<\/script>\n<!-- \/ Yoast SEO plugin. -->","yoast_head_json":{"title":"Parque de Santa Margarita: el monte cient\u00edfico - Pateando A Coru\u00f1a","robots":{"index":"index","follow":"follow","max-snippet":"max-snippet:-1","max-image-preview":"max-image-preview:large","max-video-preview":"max-video-preview:-1"},"canonical":"https:\/\/www.cope.es\/blogs\/pateando-a-coruna\/2020\/02\/19\/parque-de-santa-margarita-el-monte-cientifico\/","og_locale":"es_ES","og_type":"article","og_title":"Parque de Santa Margarita: el monte cient\u00edfico - Pateando A Coru\u00f1a","og_description":"Parque de Santa Margarita. Entre la avenida de Fisterra, la de Arteixo, la calle Palomar y la Ronda de Nelle. 53.000 metros cuadrados. 15005. Una Santa muy venerada La relaci\u00f3n de Santa Margarita con esta parte de la ciudad viene de muy atr\u00e1s. Ya en el siglo XVI hay constancia de la devoci\u00f3n en A [&hellip;]","og_url":"https:\/\/www.cope.es\/blogs\/pateando-a-coruna\/2020\/02\/19\/parque-de-santa-margarita-el-monte-cientifico\/","og_site_name":"Pateando A Coru\u00f1a","article_publisher":"https:\/\/www.facebook.com\/cope\/","article_published_time":"2020-02-19T09:55:32+00:00","article_modified_time":"2020-02-19T09:55:47+00:00","og_image":[{"width":1024,"height":768,"url":"https:\/\/www.cope.es\/blogs\/pateando-a-coruna\/wp-content\/uploads\/sites\/30\/2020\/02\/IMG_20200214_104547-1024x768.jpg","type":"image\/jpeg"}],"author":"Noela Bao","twitter_card":"summary_large_image","twitter_creator":"@cope_es","twitter_site":"@cope_es","twitter_misc":{"Escrito por":"Noela Bao","Tiempo de lectura":"3 minutos"},"schema":{"@context":"https:\/\/schema.org","@graph":[{"@type":"Article","@id":"https:\/\/www.cope.es\/blogs\/pateando-a-coruna\/2020\/02\/19\/parque-de-santa-margarita-el-monte-cientifico\/#article","isPartOf":{"@id":"https:\/\/www.cope.es\/blogs\/pateando-a-coruna\/2020\/02\/19\/parque-de-santa-margarita-el-monte-cientifico\/"},"author":{"name":"Noela Bao","@id":"https:\/\/www.cope.es\/blogs\/pateando-a-coruna\/#\/schema\/person\/b705a4b1bffc5d94ca55f39d85d6e890"},"headline":"Parque de Santa Margarita: el monte cient\u00edfico","datePublished":"2020-02-19T09:55:32+00:00","dateModified":"2020-02-19T09:55:47+00:00","mainEntityOfPage":{"@id":"https:\/\/www.cope.es\/blogs\/pateando-a-coruna\/2020\/02\/19\/parque-de-santa-margarita-el-monte-cientifico\/"},"wordCount":684,"commentCount":0,"image":{"@id":"https:\/\/www.cope.es\/blogs\/pateando-a-coruna\/2020\/02\/19\/parque-de-santa-margarita-el-monte-cientifico\/#primaryimage"},"thumbnailUrl":"https:\/\/www.cope.es\/blogs\/pateando-a-coruna\/wp-content\/uploads\/sites\/30\/2020\/02\/IMG_20200214_104547.jpg","keywords":["A Coru\u00f1a","Casa de Las Ciencias","Parque","Romer\u00eda","Santa Margarita"],"articleSection":["Pateando A Coru\u00f1a"],"inLanguage":"es","potentialAction":[{"@type":"CommentAction","name":"Comment","target":["https:\/\/www.cope.es\/blogs\/pateando-a-coruna\/2020\/02\/19\/parque-de-santa-margarita-el-monte-cientifico\/#respond"]}]},{"@type":"WebPage","@id":"https:\/\/www.cope.es\/blogs\/pateando-a-coruna\/2020\/02\/19\/parque-de-santa-margarita-el-monte-cientifico\/","url":"https:\/\/www.cope.es\/blogs\/pateando-a-coruna\/2020\/02\/19\/parque-de-santa-margarita-el-monte-cientifico\/","name":"Parque de Santa Margarita: el monte cient\u00edfico - Pateando A Coru\u00f1a","isPartOf":{"@id":"https:\/\/www.cope.es\/blogs\/pateando-a-coruna\/#website"},"primaryImageOfPage":{"@id":"https:\/\/www.cope.es\/blogs\/pateando-a-coruna\/2020\/02\/19\/parque-de-santa-margarita-el-monte-cientifico\/#primaryimage"},"image":{"@id":"https:\/\/www.cope.es\/blogs\/pateando-a-coruna\/2020\/02\/19\/parque-de-santa-margarita-el-monte-cientifico\/#primaryimage"},"thumbnailUrl":"https:\/\/www.cope.es\/blogs\/pateando-a-coruna\/wp-content\/uploads\/sites\/30\/2020\/02\/IMG_20200214_104547.jpg","datePublished":"2020-02-19T09:55:32+00:00","dateModified":"2020-02-19T09:55:47+00:00","author":{"@id":"https:\/\/www.cope.es\/blogs\/pateando-a-coruna\/#\/schema\/person\/b705a4b1bffc5d94ca55f39d85d6e890"},"breadcrumb":{"@id":"https:\/\/www.cope.es\/blogs\/pateando-a-coruna\/2020\/02\/19\/parque-de-santa-margarita-el-monte-cientifico\/#breadcrumb"},"inLanguage":"es","potentialAction":[{"@type":"ReadAction","target":["https:\/\/www.cope.es\/blogs\/pateando-a-coruna\/2020\/02\/19\/parque-de-santa-margarita-el-monte-cientifico\/"]}]},{"@type":"ImageObject","inLanguage":"es","@id":"https:\/\/www.cope.es\/blogs\/pateando-a-coruna\/2020\/02\/19\/parque-de-santa-margarita-el-monte-cientifico\/#primaryimage","url":"https:\/\/www.cope.es\/blogs\/pateando-a-coruna\/wp-content\/uploads\/sites\/30\/2020\/02\/IMG_20200214_104547.jpg","contentUrl":"https:\/\/www.cope.es\/blogs\/pateando-a-coruna\/wp-content\/uploads\/sites\/30\/2020\/02\/IMG_20200214_104547.jpg","width":4032,"height":3024},{"@type":"BreadcrumbList","@id":"https:\/\/www.cope.es\/blogs\/pateando-a-coruna\/2020\/02\/19\/parque-de-santa-margarita-el-monte-cientifico\/#breadcrumb","itemListElement":[{"@type":"ListItem","position":1,"name":"Portada","item":"https:\/\/www.cope.es\/blogs\/pateando-a-coruna\/"},{"@type":"ListItem","position":2,"name":"Parque de Santa Margarita: el monte cient\u00edfico"}]},{"@type":"WebSite","@id":"https:\/\/www.cope.es\/blogs\/pateando-a-coruna\/#website","url":"https:\/\/www.cope.es\/blogs\/pateando-a-coruna\/","name":"Pateando A Coru\u00f1a","description":"Conoce A Coru\u00f1a en los Blogs de COPE","potentialAction":[{"@type":"SearchAction","target":{"@type":"EntryPoint","urlTemplate":"https:\/\/www.cope.es\/blogs\/pateando-a-coruna\/?s={search_term_string}"},"query-input":{"@type":"PropertyValueSpecification","valueRequired":true,"valueName":"search_term_string"}}],"inLanguage":"es"},{"@type":"Person","@id":"https:\/\/www.cope.es\/blogs\/pateando-a-coruna\/#\/schema\/person\/b705a4b1bffc5d94ca55f39d85d6e890","name":"Noela Bao","image":{"@type":"ImageObject","inLanguage":"es","@id":"https:\/\/secure.gravatar.com\/avatar\/f43fab7bcb9aa54237033d8d79a98a2c62d507025b93dbfeb8cace37d693a0e2?s=96&d=mm&r=g","url":"https:\/\/secure.gravatar.com\/avatar\/f43fab7bcb9aa54237033d8d79a98a2c62d507025b93dbfeb8cace37d693a0e2?s=96&d=mm&r=g","contentUrl":"https:\/\/secure.gravatar.com\/avatar\/f43fab7bcb9aa54237033d8d79a98a2c62d507025b93dbfeb8cace37d693a0e2?s=96&d=mm&r=g","caption":"Noela Bao"},"description":"En Pateando A Coru\u00f1a nos acercamos a lo que esconden las calles de la ciudad herculina, m\u00e1s all\u00e1 de un nombre en una placa. Historia, reportajes, opiniones de vecinos y entrevistas. Con un m\u00f3vil en la mano y un micro en la otra recorre los barrios Noela Bao, periodista y redactora de COPE Coru\u00f1a desde 2004.","sameAs":["https:\/\/www.cope.es\/coruna"],"url":"https:\/\/www.cope.es\/blogs\/pateando-a-coruna\/author\/nbao\/"}]}},"amp_enabled":true,"_links":{"self":[{"href":"https:\/\/www.cope.es\/blogs\/pateando-a-coruna\/wp-json\/wp\/v2\/posts\/2627","targetHints":{"allow":["GET"]}}],"collection":[{"href":"https:\/\/www.cope.es\/blogs\/pateando-a-coruna\/wp-json\/wp\/v2\/posts"}],"about":[{"href":"https:\/\/www.cope.es\/blogs\/pateando-a-coruna\/wp-json\/wp\/v2\/types\/post"}],"author":[{"embeddable":true,"href":"https:\/\/www.cope.es\/blogs\/pateando-a-coruna\/wp-json\/wp\/v2\/users\/33"}],"replies":[{"embeddable":true,"href":"https:\/\/www.cope.es\/blogs\/pateando-a-coruna\/wp-json\/wp\/v2\/comments?post=2627"}],"version-history":[{"count":2,"href":"https:\/\/www.cope.es\/blogs\/pateando-a-coruna\/wp-json\/wp\/v2\/posts\/2627\/revisions"}],"predecessor-version":[{"id":2636,"href":"https:\/\/www.cope.es\/blogs\/pateando-a-coruna\/wp-json\/wp\/v2\/posts\/2627\/revisions\/2636"}],"wp:featuredmedia":[{"embeddable":true,"href":"https:\/\/www.cope.es\/blogs\/pateando-a-coruna\/wp-json\/wp\/v2\/media\/2607"}],"wp:attachment":[{"href":"https:\/\/www.cope.es\/blogs\/pateando-a-coruna\/wp-json\/wp\/v2\/media?parent=2627"}],"wp:term":[{"taxonomy":"category","embeddable":true,"href":"https:\/\/www.cope.es\/blogs\/pateando-a-coruna\/wp-json\/wp\/v2\/categories?post=2627"},{"taxonomy":"post_tag","embeddable":true,"href":"https:\/\/www.cope.es\/blogs\/pateando-a-coruna\/wp-json\/wp\/v2\/tags?post=2627"}],"curies":[{"name":"wp","href":"https:\/\/api.w.org\/{rel}","templated":true}]}}