{"id":1869,"date":"2019-06-22T12:48:32","date_gmt":"2019-06-22T10:48:32","guid":{"rendered":"http:\/\/www.cope.es\/blogs\/pateando-a-coruna\/?p=1869"},"modified":"2019-06-22T12:51:25","modified_gmt":"2019-06-22T10:51:25","slug":"barrera-la-calle-de-tapas-mas-cascarilleira","status":"publish","type":"post","link":"https:\/\/www.cope.es\/blogs\/pateando-a-coruna\/2019\/06\/22\/barrera-la-calle-de-tapas-mas-cascarilleira\/","title":{"rendered":"Barrera: la calle de tapas m\u00e1s cascarilleira"},"content":{"rendered":"<p><em><span style=\"font-size: large\">Calle Barrera. Comienza en la calle Bail\u00e9n y termina en la Estrecha de San Andr\u00e9s. 34 n\u00fameros. 80 metros. 15001.\u00a0<\/span><\/em><\/p>\n<p><img loading=\"lazy\" decoding=\"async\" width=\"300\" height=\"169\" class=\"alignnone size-medium wp-image-1856\" src=\"http:\/\/www.cope.es\/blogs\/pateando-a-coruna\/wp-content\/uploads\/sites\/30\/2019\/06\/20190612_113140-300x169.jpg\" alt=\"\" srcset=\"https:\/\/www.cope.es\/blogs\/pateando-a-coruna\/wp-content\/uploads\/sites\/30\/2019\/06\/20190612_113140-300x169.jpg 300w, https:\/\/www.cope.es\/blogs\/pateando-a-coruna\/wp-content\/uploads\/sites\/30\/2019\/06\/20190612_113140-768x432.jpg 768w, https:\/\/www.cope.es\/blogs\/pateando-a-coruna\/wp-content\/uploads\/sites\/30\/2019\/06\/20190612_113140-1024x576.jpg 1024w\" sizes=\"auto, (max-width: 300px) 100vw, 300px\" \/><\/p>\n<audio class=\"wp-audio-shortcode\" id=\"audio-1869-1\" preload=\"none\" style=\"width: 100%;\" controls=\"controls\"><source type=\"audio\/mpeg\" src=\"http:\/\/www.cope.es\/blogs\/pateando-a-coruna\/wp-content\/uploads\/sites\/30\/2019\/06\/2019-06-18-Repor-Calle-Barrera.mp3?_=1\" \/><a href=\"http:\/\/www.cope.es\/blogs\/pateando-a-coruna\/wp-content\/uploads\/sites\/30\/2019\/06\/2019-06-18-Repor-Calle-Barrera.mp3\">http:\/\/www.cope.es\/blogs\/pateando-a-coruna\/wp-content\/uploads\/sites\/30\/2019\/06\/2019-06-18-Repor-Calle-Barrera.mp3<\/a><\/audio>\n<h3><span style=\"font-size: large\"><strong>Del barro al bar<\/strong><br \/>\n<\/span><\/h3>\n<p><span style=\"font-size: large\">Podr\u00edamos pensar que la calle Barrera estaba en otros tiempos rodeada de alambre de espino, pero no. Se dice que se llama as\u00ed porque estaba llena de <strong>barro<\/strong>, o porque hab\u00eda muchos alfareros en la antig\u00fcedad. Lo cierto es que en esta v\u00eda no hay vestigios de muralla alguna, aunque, si unimos el\u00a0 nombre de la Barrera al de su vecina La Franja, la imaginaci\u00f3n podr\u00eda trazar una especie de frontera entre el ecosistema hostelero y el resto del mundo.<\/span><\/p>\n<p><img loading=\"lazy\" decoding=\"async\" width=\"300\" height=\"169\" class=\"alignnone size-medium wp-image-1862\" src=\"http:\/\/www.cope.es\/blogs\/pateando-a-coruna\/wp-content\/uploads\/sites\/30\/2019\/06\/20190612_114628-300x169.jpg\" alt=\"\" srcset=\"https:\/\/www.cope.es\/blogs\/pateando-a-coruna\/wp-content\/uploads\/sites\/30\/2019\/06\/20190612_114628-300x169.jpg 300w, https:\/\/www.cope.es\/blogs\/pateando-a-coruna\/wp-content\/uploads\/sites\/30\/2019\/06\/20190612_114628-768x432.jpg 768w, https:\/\/www.cope.es\/blogs\/pateando-a-coruna\/wp-content\/uploads\/sites\/30\/2019\/06\/20190612_114628-1024x576.jpg 1024w\" sizes=\"auto, (max-width: 300px) 100vw, 300px\" \/><img loading=\"lazy\" decoding=\"async\" width=\"300\" height=\"169\" class=\"alignnone size-medium wp-image-1855\" src=\"http:\/\/www.cope.es\/blogs\/pateando-a-coruna\/wp-content\/uploads\/sites\/30\/2019\/06\/20190612_115133-300x169.jpg\" alt=\"\" srcset=\"https:\/\/www.cope.es\/blogs\/pateando-a-coruna\/wp-content\/uploads\/sites\/30\/2019\/06\/20190612_115133-300x169.jpg 300w, https:\/\/www.cope.es\/blogs\/pateando-a-coruna\/wp-content\/uploads\/sites\/30\/2019\/06\/20190612_115133-768x432.jpg 768w, https:\/\/www.cope.es\/blogs\/pateando-a-coruna\/wp-content\/uploads\/sites\/30\/2019\/06\/20190612_115133-1024x576.jpg 1024w\" sizes=\"auto, (max-width: 300px) 100vw, 300px\" \/><\/p>\n<p><span style=\"font-size: large\">Porque si por algo se conoce a la calle Barrera es por sus <strong>bares<\/strong>. <\/span><span style=\"font-size: large\">Cada fin de semana las cocinas no dan abasto para despachar tortillas, calamares, teque\u00f1os, cocodrilos o tarabelos, entre otros platos que hacen a esta estrecha v\u00eda en la especialista, por excelencia, en <strong>tapas coru\u00f1esas.<\/strong> <\/span><\/p>\n<p><img loading=\"lazy\" decoding=\"async\" width=\"300\" height=\"169\" class=\"alignnone size-medium wp-image-1849\" src=\"http:\/\/www.cope.es\/blogs\/pateando-a-coruna\/wp-content\/uploads\/sites\/30\/2019\/06\/20190612_114928-300x169.jpg\" alt=\"\" srcset=\"https:\/\/www.cope.es\/blogs\/pateando-a-coruna\/wp-content\/uploads\/sites\/30\/2019\/06\/20190612_114928-300x169.jpg 300w, https:\/\/www.cope.es\/blogs\/pateando-a-coruna\/wp-content\/uploads\/sites\/30\/2019\/06\/20190612_114928-768x432.jpg 768w, https:\/\/www.cope.es\/blogs\/pateando-a-coruna\/wp-content\/uploads\/sites\/30\/2019\/06\/20190612_114928-1024x576.jpg 1024w\" sizes=\"auto, (max-width: 300px) 100vw, 300px\" \/><img loading=\"lazy\" decoding=\"async\" width=\"300\" height=\"169\" class=\"alignnone size-medium wp-image-1848\" src=\"http:\/\/www.cope.es\/blogs\/pateando-a-coruna\/wp-content\/uploads\/sites\/30\/2019\/06\/20190612_114922-300x169.jpg\" alt=\"\" srcset=\"https:\/\/www.cope.es\/blogs\/pateando-a-coruna\/wp-content\/uploads\/sites\/30\/2019\/06\/20190612_114922-300x169.jpg 300w, https:\/\/www.cope.es\/blogs\/pateando-a-coruna\/wp-content\/uploads\/sites\/30\/2019\/06\/20190612_114922-768x432.jpg 768w, https:\/\/www.cope.es\/blogs\/pateando-a-coruna\/wp-content\/uploads\/sites\/30\/2019\/06\/20190612_114922-1024x576.jpg 1024w\" sizes=\"auto, (max-width: 300px) 100vw, 300px\" \/><img loading=\"lazy\" decoding=\"async\" width=\"300\" height=\"169\" class=\"alignnone size-medium wp-image-1867\" src=\"http:\/\/www.cope.es\/blogs\/pateando-a-coruna\/wp-content\/uploads\/sites\/30\/2019\/06\/20190612_114706-300x169.jpg\" alt=\"\" srcset=\"https:\/\/www.cope.es\/blogs\/pateando-a-coruna\/wp-content\/uploads\/sites\/30\/2019\/06\/20190612_114706-300x169.jpg 300w, https:\/\/www.cope.es\/blogs\/pateando-a-coruna\/wp-content\/uploads\/sites\/30\/2019\/06\/20190612_114706-768x432.jpg 768w, https:\/\/www.cope.es\/blogs\/pateando-a-coruna\/wp-content\/uploads\/sites\/30\/2019\/06\/20190612_114706-1024x576.jpg 1024w\" sizes=\"auto, (max-width: 300px) 100vw, 300px\" \/><img loading=\"lazy\" decoding=\"async\" width=\"300\" height=\"169\" class=\"alignnone size-medium wp-image-1850\" src=\"http:\/\/www.cope.es\/blogs\/pateando-a-coruna\/wp-content\/uploads\/sites\/30\/2019\/06\/20190612_114932-300x169.jpg\" alt=\"\" srcset=\"https:\/\/www.cope.es\/blogs\/pateando-a-coruna\/wp-content\/uploads\/sites\/30\/2019\/06\/20190612_114932-300x169.jpg 300w, https:\/\/www.cope.es\/blogs\/pateando-a-coruna\/wp-content\/uploads\/sites\/30\/2019\/06\/20190612_114932-768x432.jpg 768w, https:\/\/www.cope.es\/blogs\/pateando-a-coruna\/wp-content\/uploads\/sites\/30\/2019\/06\/20190612_114932-1024x576.jpg 1024w\" sizes=\"auto, (max-width: 300px) 100vw, 300px\" \/><\/p>\n<p><span style=\"font-size: large\">Hay uno hasta para los <strong>perros<\/strong>, una peque\u00f1a caseta con agua en una de las esquinas de la v\u00eda.<\/span><\/p>\n<p><img loading=\"lazy\" decoding=\"async\" width=\"300\" height=\"169\" class=\"alignnone size-medium wp-image-1841\" src=\"http:\/\/www.cope.es\/blogs\/pateando-a-coruna\/wp-content\/uploads\/sites\/30\/2019\/06\/20190612_114746-300x169.jpg\" alt=\"\" srcset=\"https:\/\/www.cope.es\/blogs\/pateando-a-coruna\/wp-content\/uploads\/sites\/30\/2019\/06\/20190612_114746-300x169.jpg 300w, https:\/\/www.cope.es\/blogs\/pateando-a-coruna\/wp-content\/uploads\/sites\/30\/2019\/06\/20190612_114746-768x432.jpg 768w, https:\/\/www.cope.es\/blogs\/pateando-a-coruna\/wp-content\/uploads\/sites\/30\/2019\/06\/20190612_114746-1024x576.jpg 1024w\" sizes=\"auto, (max-width: 300px) 100vw, 300px\" \/><\/p>\n<p><span style=\"font-size: large\">Cuando despliega su<strong> techo de toldos,<\/strong> la Barrera se transforma. La calle peatonal, tranquila y hasta aburrida por el d\u00eda, pasa a ser el punto de encuentro nocturno de muchos coru\u00f1eses, que aprovechan el combo de cenar y tomarse la primera, preferiblemente en las <strong>terrazas<\/strong> con mampara. De la calle Barrera y su oferta de bares habla <strong>H\u00e9ctor Ca\u00f1ete<\/strong>, presidente de la <a href=\"https:\/\/asociacionhosteleria.org\/\" target=\"_blank\"><strong>Asociaci\u00f3n de Empresarios de Hosteler\u00eda de A Coru\u00f1a :<\/strong> <\/a><br \/>\n<\/span><\/p>\n<audio class=\"wp-audio-shortcode\" id=\"audio-1869-2\" preload=\"none\" style=\"width: 100%;\" controls=\"controls\"><source type=\"audio\/mpeg\" src=\"http:\/\/www.cope.es\/blogs\/pateando-a-coruna\/wp-content\/uploads\/sites\/30\/2019\/06\/18-06-HECTOR.mp3?_=2\" \/><a href=\"http:\/\/www.cope.es\/blogs\/pateando-a-coruna\/wp-content\/uploads\/sites\/30\/2019\/06\/18-06-HECTOR.mp3\">http:\/\/www.cope.es\/blogs\/pateando-a-coruna\/wp-content\/uploads\/sites\/30\/2019\/06\/18-06-HECTOR.mp3<\/a><\/audio>\n<h3><span style=\"font-size: large\"><strong>Y, \u00bfc\u00f3mo duermen?<\/strong><\/span><\/h3>\n<p><span style=\"font-size: large\">Pero, sobre todo, el enlosado rosado de la Barrera lo patean d\u00eda a d\u00eda sus <strong>vecinos<\/strong>. Porque s\u00ed, aqu\u00ed tambi\u00e9n vive gente y hay alg\u00fan despacho. Predominan los edificios antiguos que, con alguna excepci\u00f3n, est\u00e1n bien conservados y restaurados. La veteran\u00eda ofrece, curiosamente, un extra de protecci\u00f3n frente el ruido.<\/span><\/p>\n<p><img loading=\"lazy\" decoding=\"async\" width=\"300\" height=\"169\" class=\"alignnone size-medium wp-image-1851\" src=\"http:\/\/www.cope.es\/blogs\/pateando-a-coruna\/wp-content\/uploads\/sites\/30\/2019\/06\/20190612_115031-300x169.jpg\" alt=\"\" srcset=\"https:\/\/www.cope.es\/blogs\/pateando-a-coruna\/wp-content\/uploads\/sites\/30\/2019\/06\/20190612_115031-300x169.jpg 300w, https:\/\/www.cope.es\/blogs\/pateando-a-coruna\/wp-content\/uploads\/sites\/30\/2019\/06\/20190612_115031-768x432.jpg 768w, https:\/\/www.cope.es\/blogs\/pateando-a-coruna\/wp-content\/uploads\/sites\/30\/2019\/06\/20190612_115031-1024x576.jpg 1024w\" sizes=\"auto, (max-width: 300px) 100vw, 300px\" \/><img loading=\"lazy\" decoding=\"async\" width=\"169\" height=\"300\" class=\"alignnone size-medium wp-image-1868\" src=\"http:\/\/www.cope.es\/blogs\/pateando-a-coruna\/wp-content\/uploads\/sites\/30\/2019\/06\/20190612_114711-e1561196417341-169x300.jpg\" alt=\"\" srcset=\"https:\/\/www.cope.es\/blogs\/pateando-a-coruna\/wp-content\/uploads\/sites\/30\/2019\/06\/20190612_114711-e1561196417341-169x300.jpg 169w, https:\/\/www.cope.es\/blogs\/pateando-a-coruna\/wp-content\/uploads\/sites\/30\/2019\/06\/20190612_114711-e1561196417341-768x1365.jpg 768w, https:\/\/www.cope.es\/blogs\/pateando-a-coruna\/wp-content\/uploads\/sites\/30\/2019\/06\/20190612_114711-e1561196417341-576x1024.jpg 576w\" sizes=\"auto, (max-width: 169px) 100vw, 169px\" \/><img loading=\"lazy\" decoding=\"async\" width=\"169\" height=\"300\" class=\"alignnone size-medium wp-image-1839\" src=\"http:\/\/www.cope.es\/blogs\/pateando-a-coruna\/wp-content\/uploads\/sites\/30\/2019\/06\/20190612_114721-e1561196777678-169x300.jpg\" alt=\"\" srcset=\"https:\/\/www.cope.es\/blogs\/pateando-a-coruna\/wp-content\/uploads\/sites\/30\/2019\/06\/20190612_114721-e1561196777678-169x300.jpg 169w, https:\/\/www.cope.es\/blogs\/pateando-a-coruna\/wp-content\/uploads\/sites\/30\/2019\/06\/20190612_114721-e1561196777678-768x1365.jpg 768w, https:\/\/www.cope.es\/blogs\/pateando-a-coruna\/wp-content\/uploads\/sites\/30\/2019\/06\/20190612_114721-e1561196777678-576x1024.jpg 576w\" sizes=\"auto, (max-width: 169px) 100vw, 169px\" \/><\/p>\n<p><span style=\"font-size: large\">\u00a0<\/span><span style=\"font-size: large\">La Barrera no es, por lo dem\u00e1s, la calle m\u00e1s <strong>comercial<\/strong>. Aqu\u00ed podemos comprar ropa chic o una camiseta heavy, hacer una primitiva o una apuesta deportiva, sacar una foto de carnet o buscar algo en el bazar asi\u00e1tico. Y ya estar\u00eda.<\/span><\/p>\n<p><img loading=\"lazy\" decoding=\"async\" width=\"300\" height=\"169\" class=\"alignnone size-medium wp-image-1859\" src=\"http:\/\/www.cope.es\/blogs\/pateando-a-coruna\/wp-content\/uploads\/sites\/30\/2019\/06\/20190612_113653-300x169.jpg\" alt=\"\" srcset=\"https:\/\/www.cope.es\/blogs\/pateando-a-coruna\/wp-content\/uploads\/sites\/30\/2019\/06\/20190612_113653-300x169.jpg 300w, https:\/\/www.cope.es\/blogs\/pateando-a-coruna\/wp-content\/uploads\/sites\/30\/2019\/06\/20190612_113653-768x432.jpg 768w, https:\/\/www.cope.es\/blogs\/pateando-a-coruna\/wp-content\/uploads\/sites\/30\/2019\/06\/20190612_113653-1024x576.jpg 1024w\" sizes=\"auto, (max-width: 300px) 100vw, 300px\" \/><img loading=\"lazy\" decoding=\"async\" width=\"300\" height=\"169\" class=\"alignnone size-medium wp-image-1858\" src=\"http:\/\/www.cope.es\/blogs\/pateando-a-coruna\/wp-content\/uploads\/sites\/30\/2019\/06\/20190612_113341-300x169.jpg\" alt=\"\" srcset=\"https:\/\/www.cope.es\/blogs\/pateando-a-coruna\/wp-content\/uploads\/sites\/30\/2019\/06\/20190612_113341-300x169.jpg 300w, https:\/\/www.cope.es\/blogs\/pateando-a-coruna\/wp-content\/uploads\/sites\/30\/2019\/06\/20190612_113341-768x432.jpg 768w, https:\/\/www.cope.es\/blogs\/pateando-a-coruna\/wp-content\/uploads\/sites\/30\/2019\/06\/20190612_113341-1024x576.jpg 1024w\" sizes=\"auto, (max-width: 300px) 100vw, 300px\" \/><\/p>\n<p><span style=\"font-size: large\">Como la mayor\u00eda de la zona centro, esta v\u00eda es una pesadilla para los repartidores, a los que dejar aqu\u00ed los barriles de cerveza o las coca-colas supone un reto. En el horario autorizado de acceso no siempre est\u00e1n los due\u00f1os de los locales, por lo que, muchas veces, la mercanc\u00eda se queda fuera.<\/span><\/p>\n<p><img loading=\"lazy\" decoding=\"async\" width=\"300\" height=\"169\" class=\"alignnone size-medium wp-image-1843\" src=\"http:\/\/www.cope.es\/blogs\/pateando-a-coruna\/wp-content\/uploads\/sites\/30\/2019\/06\/20190612_114806-300x169.jpg\" alt=\"\" srcset=\"https:\/\/www.cope.es\/blogs\/pateando-a-coruna\/wp-content\/uploads\/sites\/30\/2019\/06\/20190612_114806-300x169.jpg 300w, https:\/\/www.cope.es\/blogs\/pateando-a-coruna\/wp-content\/uploads\/sites\/30\/2019\/06\/20190612_114806-768x432.jpg 768w, https:\/\/www.cope.es\/blogs\/pateando-a-coruna\/wp-content\/uploads\/sites\/30\/2019\/06\/20190612_114806-1024x576.jpg 1024w\" sizes=\"auto, (max-width: 300px) 100vw, 300px\" \/><img loading=\"lazy\" decoding=\"async\" width=\"300\" height=\"169\" class=\"alignnone size-medium wp-image-1845\" src=\"http:\/\/www.cope.es\/blogs\/pateando-a-coruna\/wp-content\/uploads\/sites\/30\/2019\/06\/20190612_114817-300x169.jpg\" alt=\"\" srcset=\"https:\/\/www.cope.es\/blogs\/pateando-a-coruna\/wp-content\/uploads\/sites\/30\/2019\/06\/20190612_114817-300x169.jpg 300w, https:\/\/www.cope.es\/blogs\/pateando-a-coruna\/wp-content\/uploads\/sites\/30\/2019\/06\/20190612_114817-768x432.jpg 768w, https:\/\/www.cope.es\/blogs\/pateando-a-coruna\/wp-content\/uploads\/sites\/30\/2019\/06\/20190612_114817-1024x576.jpg 1024w\" sizes=\"auto, (max-width: 300px) 100vw, 300px\" \/><\/p>\n<p><span style=\"font-size: large\">Losa, piedra y madera son los materiales fundamentales para una calle en la que no faltan las t\u00edpicas galer\u00edas o el <strong>modernismo<\/strong>. Destacan las franjas color crema y ladrillo rojo dise\u00f1adas a principios de siglo por el arquitecto cubano<a href=\"https:\/\/gl.wikipedia.org\/wiki\/Ricardo_Bo%C3%A1n_y_Callejas\" target=\"_blank\"><strong> Bo\u00e1n y Callejas<\/strong><\/a>. Se pueden ver en tanto en el <strong>n\u00famero 23<\/strong> como en la fachada de los antiguos <strong>almacenes de San Nicol\u00e1s,<\/strong> que dan a esa plaza.<\/span><\/p>\n<p><span style=\"font-size: large\"> <img loading=\"lazy\" decoding=\"async\" width=\"300\" height=\"169\" class=\"alignnone size-medium wp-image-1864\" src=\"http:\/\/www.cope.es\/blogs\/pateando-a-coruna\/wp-content\/uploads\/sites\/30\/2019\/06\/20190612_114642-300x169.jpg\" alt=\"\" srcset=\"https:\/\/www.cope.es\/blogs\/pateando-a-coruna\/wp-content\/uploads\/sites\/30\/2019\/06\/20190612_114642-300x169.jpg 300w, https:\/\/www.cope.es\/blogs\/pateando-a-coruna\/wp-content\/uploads\/sites\/30\/2019\/06\/20190612_114642-768x432.jpg 768w, https:\/\/www.cope.es\/blogs\/pateando-a-coruna\/wp-content\/uploads\/sites\/30\/2019\/06\/20190612_114642-1024x576.jpg 1024w\" sizes=\"auto, (max-width: 300px) 100vw, 300px\" \/><img loading=\"lazy\" decoding=\"async\" width=\"300\" height=\"169\" class=\"alignnone size-medium wp-image-1865\" src=\"http:\/\/www.cope.es\/blogs\/pateando-a-coruna\/wp-content\/uploads\/sites\/30\/2019\/06\/20190612_114651-300x169.jpg\" alt=\"\" srcset=\"https:\/\/www.cope.es\/blogs\/pateando-a-coruna\/wp-content\/uploads\/sites\/30\/2019\/06\/20190612_114651-300x169.jpg 300w, https:\/\/www.cope.es\/blogs\/pateando-a-coruna\/wp-content\/uploads\/sites\/30\/2019\/06\/20190612_114651-768x432.jpg 768w, https:\/\/www.cope.es\/blogs\/pateando-a-coruna\/wp-content\/uploads\/sites\/30\/2019\/06\/20190612_114651-1024x576.jpg 1024w\" sizes=\"auto, (max-width: 300px) 100vw, 300px\" \/><\/span><\/p>\n<p><img loading=\"lazy\" decoding=\"async\" width=\"300\" height=\"169\" class=\"alignnone size-medium wp-image-1866\" src=\"http:\/\/www.cope.es\/blogs\/pateando-a-coruna\/wp-content\/uploads\/sites\/30\/2019\/06\/20190612_114657-300x169.jpg\" alt=\"\" srcset=\"https:\/\/www.cope.es\/blogs\/pateando-a-coruna\/wp-content\/uploads\/sites\/30\/2019\/06\/20190612_114657-300x169.jpg 300w, https:\/\/www.cope.es\/blogs\/pateando-a-coruna\/wp-content\/uploads\/sites\/30\/2019\/06\/20190612_114657-768x432.jpg 768w, https:\/\/www.cope.es\/blogs\/pateando-a-coruna\/wp-content\/uploads\/sites\/30\/2019\/06\/20190612_114657-1024x576.jpg 1024w\" sizes=\"auto, (max-width: 300px) 100vw, 300px\" \/><img loading=\"lazy\" decoding=\"async\" width=\"300\" height=\"169\" class=\"alignnone size-medium wp-image-1860\" src=\"http:\/\/www.cope.es\/blogs\/pateando-a-coruna\/wp-content\/uploads\/sites\/30\/2019\/06\/20190612_113706-300x169.jpg\" alt=\"\" srcset=\"https:\/\/www.cope.es\/blogs\/pateando-a-coruna\/wp-content\/uploads\/sites\/30\/2019\/06\/20190612_113706-300x169.jpg 300w, https:\/\/www.cope.es\/blogs\/pateando-a-coruna\/wp-content\/uploads\/sites\/30\/2019\/06\/20190612_113706-768x432.jpg 768w, https:\/\/www.cope.es\/blogs\/pateando-a-coruna\/wp-content\/uploads\/sites\/30\/2019\/06\/20190612_113706-1024x576.jpg 1024w\" sizes=\"auto, (max-width: 300px) 100vw, 300px\" \/><\/p>\n<p><span style=\"font-size: large\">La calle Barrera es <strong>peatonal<\/strong> desde 1977, y en teor\u00eda ahora <a href=\"https:\/\/www.coruna.gal\/seguridadciudadana\/es\/detalle-de-noticias\/el-gobierno-local-valora-de-forma-muy-positiva-el-proceso-para-regular-la-ordenacion-de-las\/suceso\/1453638805169\" target=\"_blank\">tiene que caber un coche entre las terrazas<\/a>. Aunque, cuando mueven las sillas, algunos sobrepasan las marcas en el suelo que delimitan desde hace unos a\u00f1os el l\u00edmite de seguridad para que pasen los veh\u00edculos de emergencia. Conste que en ciertas fechas, como en el Carnaval, no hay <strong>chincheta<\/strong> que valga, porque toda la Barrera se une en una marea humana que cobra vida propia. <\/span><\/p>\n<p><img loading=\"lazy\" decoding=\"async\" width=\"300\" height=\"169\" class=\"alignnone size-medium wp-image-1846\" src=\"http:\/\/www.cope.es\/blogs\/pateando-a-coruna\/wp-content\/uploads\/sites\/30\/2019\/06\/20190612_114848-300x169.jpg\" alt=\"\" srcset=\"https:\/\/www.cope.es\/blogs\/pateando-a-coruna\/wp-content\/uploads\/sites\/30\/2019\/06\/20190612_114848-300x169.jpg 300w, https:\/\/www.cope.es\/blogs\/pateando-a-coruna\/wp-content\/uploads\/sites\/30\/2019\/06\/20190612_114848-768x432.jpg 768w, https:\/\/www.cope.es\/blogs\/pateando-a-coruna\/wp-content\/uploads\/sites\/30\/2019\/06\/20190612_114848-1024x576.jpg 1024w\" sizes=\"auto, (max-width: 300px) 100vw, 300px\" \/><img loading=\"lazy\" decoding=\"async\" width=\"300\" height=\"169\" class=\"alignnone size-medium wp-image-1847\" src=\"http:\/\/www.cope.es\/blogs\/pateando-a-coruna\/wp-content\/uploads\/sites\/30\/2019\/06\/20190612_114857-300x169.jpg\" alt=\"\" srcset=\"https:\/\/www.cope.es\/blogs\/pateando-a-coruna\/wp-content\/uploads\/sites\/30\/2019\/06\/20190612_114857-300x169.jpg 300w, https:\/\/www.cope.es\/blogs\/pateando-a-coruna\/wp-content\/uploads\/sites\/30\/2019\/06\/20190612_114857-768x432.jpg 768w, https:\/\/www.cope.es\/blogs\/pateando-a-coruna\/wp-content\/uploads\/sites\/30\/2019\/06\/20190612_114857-1024x576.jpg 1024w\" sizes=\"auto, (max-width: 300px) 100vw, 300px\" \/><\/p>\n<p><span style=\"font-size: large\">La Barrera no es aburrida en cuanto a colorido, aunque tambi\u00e9n tiene una m\u00ednima parte de <strong>verde<\/strong>, en balcones y en las hortensias que se esconden detr\u00e1s de los contenedores de la parte final. <\/span><\/p>\n<p><img loading=\"lazy\" decoding=\"async\" width=\"300\" height=\"169\" class=\"alignnone size-medium wp-image-1842\" src=\"http:\/\/www.cope.es\/blogs\/pateando-a-coruna\/wp-content\/uploads\/sites\/30\/2019\/06\/20190612_114800-300x169.jpg\" alt=\"\" srcset=\"https:\/\/www.cope.es\/blogs\/pateando-a-coruna\/wp-content\/uploads\/sites\/30\/2019\/06\/20190612_114800-300x169.jpg 300w, https:\/\/www.cope.es\/blogs\/pateando-a-coruna\/wp-content\/uploads\/sites\/30\/2019\/06\/20190612_114800-768x432.jpg 768w, https:\/\/www.cope.es\/blogs\/pateando-a-coruna\/wp-content\/uploads\/sites\/30\/2019\/06\/20190612_114800-1024x576.jpg 1024w\" sizes=\"auto, (max-width: 300px) 100vw, 300px\" \/><img loading=\"lazy\" decoding=\"async\" width=\"300\" height=\"169\" class=\"alignnone size-medium wp-image-1853\" src=\"http:\/\/www.cope.es\/blogs\/pateando-a-coruna\/wp-content\/uploads\/sites\/30\/2019\/06\/20190612_115102-300x169.jpg\" alt=\"\" srcset=\"https:\/\/www.cope.es\/blogs\/pateando-a-coruna\/wp-content\/uploads\/sites\/30\/2019\/06\/20190612_115102-300x169.jpg 300w, https:\/\/www.cope.es\/blogs\/pateando-a-coruna\/wp-content\/uploads\/sites\/30\/2019\/06\/20190612_115102-768x432.jpg 768w, https:\/\/www.cope.es\/blogs\/pateando-a-coruna\/wp-content\/uploads\/sites\/30\/2019\/06\/20190612_115102-1024x576.jpg 1024w\" sizes=\"auto, (max-width: 300px) 100vw, 300px\" \/><\/p>\n<p style=\"text-align: left\"><span style=\"font-size: large\">Todo se magnifica en esta peque\u00f1a pero intensa calle del centro de la ciudad. Todo, menos, aparentemente, una cosa. Con dimensiones tan reducidas&#8230; \u00bfda el <strong>sol<\/strong> en la Barrera? Los vecinos juran que s\u00ed.<\/span><b><\/b><\/p>\n<p><img loading=\"lazy\" decoding=\"async\" width=\"300\" height=\"169\" class=\"alignnone size-medium wp-image-1863\" src=\"http:\/\/www.cope.es\/blogs\/pateando-a-coruna\/wp-content\/uploads\/sites\/30\/2019\/06\/20190612_114632-300x169.jpg\" alt=\"\" srcset=\"https:\/\/www.cope.es\/blogs\/pateando-a-coruna\/wp-content\/uploads\/sites\/30\/2019\/06\/20190612_114632-300x169.jpg 300w, https:\/\/www.cope.es\/blogs\/pateando-a-coruna\/wp-content\/uploads\/sites\/30\/2019\/06\/20190612_114632-768x432.jpg 768w, https:\/\/www.cope.es\/blogs\/pateando-a-coruna\/wp-content\/uploads\/sites\/30\/2019\/06\/20190612_114632-1024x576.jpg 1024w\" sizes=\"auto, (max-width: 300px) 100vw, 300px\" \/><\/p>\n","protected":false},"excerpt":{"rendered":"<p>Calle Barrera. Comienza en la calle Bail\u00e9n y termina en la Estrecha de San Andr\u00e9s. 34 n\u00fameros. 80 metros. 15001.\u00a0 Del barro al bar Podr\u00edamos pensar que la calle Barrera estaba en otros tiempos rodeada de alambre de espino, pero no. Se dice que se llama as\u00ed porque estaba llena de barro, o porque hab\u00eda [&hellip;]<\/p>\n","protected":false},"author":33,"featured_media":1858,"comment_status":"open","ping_status":"open","sticky":false,"template":"","format":"standard","meta":{"footnotes":""},"categories":[11],"tags":[139,3,141,7,5,145,143,18,8,140,144,142],"class_list":["post-1869","post","type-post","status-publish","format-standard","has-post-thumbnail","hentry","category-pateando-a-coruna","tag-barrera","tag-calle","tag-centro","tag-cope","tag-coruna","tag-hosteleros","tag-modernismo","tag-pateando-a-coruna","tag-reportaje","tag-tapas","tag-terrazas","tag-turismo"],"yoast_head":"<!-- This site is optimized with the Yoast SEO plugin v27.4 - https:\/\/yoast.com\/product\/yoast-seo-wordpress\/ -->\n<title>Barrera: la calle de tapas m\u00e1s cascarilleira - Pateando A Coru\u00f1a<\/title>\n<meta name=\"robots\" content=\"index, follow, max-snippet:-1, max-image-preview:large, max-video-preview:-1\" \/>\n<link rel=\"canonical\" href=\"https:\/\/www.cope.es\/blogs\/pateando-a-coruna\/2019\/06\/22\/barrera-la-calle-de-tapas-mas-cascarilleira\/\" \/>\n<meta property=\"og:locale\" content=\"es_ES\" \/>\n<meta property=\"og:type\" content=\"article\" \/>\n<meta property=\"og:title\" content=\"Barrera: la calle de tapas m\u00e1s cascarilleira - Pateando A Coru\u00f1a\" \/>\n<meta property=\"og:description\" content=\"Calle Barrera. Comienza en la calle Bail\u00e9n y termina en la Estrecha de San Andr\u00e9s. 34 n\u00fameros. 80 metros. 15001.\u00a0 Del barro al bar Podr\u00edamos pensar que la calle Barrera estaba en otros tiempos rodeada de alambre de espino, pero no. Se dice que se llama as\u00ed porque estaba llena de barro, o porque hab\u00eda [&hellip;]\" \/>\n<meta property=\"og:url\" content=\"https:\/\/www.cope.es\/blogs\/pateando-a-coruna\/2019\/06\/22\/barrera-la-calle-de-tapas-mas-cascarilleira\/\" \/>\n<meta property=\"og:site_name\" content=\"Pateando A Coru\u00f1a\" \/>\n<meta property=\"article:publisher\" content=\"https:\/\/www.facebook.com\/cope\/\" \/>\n<meta property=\"article:published_time\" content=\"2019-06-22T10:48:32+00:00\" \/>\n<meta property=\"article:modified_time\" content=\"2019-06-22T10:51:25+00:00\" \/>\n<meta property=\"og:image\" content=\"https:\/\/www.cope.es\/blogs\/pateando-a-coruna\/wp-content\/uploads\/sites\/30\/2019\/06\/20190612_113341-1024x576.jpg\" \/>\n\t<meta property=\"og:image:width\" content=\"1024\" \/>\n\t<meta property=\"og:image:height\" content=\"576\" \/>\n\t<meta property=\"og:image:type\" content=\"image\/jpeg\" \/>\n<meta name=\"author\" content=\"Noela Bao\" \/>\n<meta name=\"twitter:card\" content=\"summary_large_image\" \/>\n<meta name=\"twitter:creator\" content=\"@cope_es\" \/>\n<meta name=\"twitter:site\" content=\"@cope_es\" \/>\n<meta name=\"twitter:label1\" content=\"Escrito por\" \/>\n\t<meta name=\"twitter:data1\" content=\"Noela Bao\" \/>\n\t<meta name=\"twitter:label2\" content=\"Tiempo de lectura\" \/>\n\t<meta name=\"twitter:data2\" content=\"3 minutos\" \/>\n<script type=\"application\/ld+json\" class=\"yoast-schema-graph\">{\"@context\":\"https:\\\/\\\/schema.org\",\"@graph\":[{\"@type\":\"Article\",\"@id\":\"https:\\\/\\\/www.cope.es\\\/blogs\\\/pateando-a-coruna\\\/2019\\\/06\\\/22\\\/barrera-la-calle-de-tapas-mas-cascarilleira\\\/#article\",\"isPartOf\":{\"@id\":\"https:\\\/\\\/www.cope.es\\\/blogs\\\/pateando-a-coruna\\\/2019\\\/06\\\/22\\\/barrera-la-calle-de-tapas-mas-cascarilleira\\\/\"},\"author\":{\"name\":\"Noela Bao\",\"@id\":\"https:\\\/\\\/www.cope.es\\\/blogs\\\/pateando-a-coruna\\\/#\\\/schema\\\/person\\\/b705a4b1bffc5d94ca55f39d85d6e890\"},\"headline\":\"Barrera: la calle de tapas m\u00e1s cascarilleira\",\"datePublished\":\"2019-06-22T10:48:32+00:00\",\"dateModified\":\"2019-06-22T10:51:25+00:00\",\"mainEntityOfPage\":{\"@id\":\"https:\\\/\\\/www.cope.es\\\/blogs\\\/pateando-a-coruna\\\/2019\\\/06\\\/22\\\/barrera-la-calle-de-tapas-mas-cascarilleira\\\/\"},\"wordCount\":688,\"commentCount\":0,\"image\":{\"@id\":\"https:\\\/\\\/www.cope.es\\\/blogs\\\/pateando-a-coruna\\\/2019\\\/06\\\/22\\\/barrera-la-calle-de-tapas-mas-cascarilleira\\\/#primaryimage\"},\"thumbnailUrl\":\"https:\\\/\\\/www.cope.es\\\/blogs\\\/pateando-a-coruna\\\/wp-content\\\/uploads\\\/sites\\\/30\\\/2019\\\/06\\\/20190612_113341.jpg\",\"keywords\":[\"Barrera\",\"Calle\",\"Centro\",\"Cope\",\"Coru\u00f1a\",\"hosteleros\",\"Modernismo\",\"Pateando A Coru\u00f1a\",\"Reportaje\",\"Tapas\",\"terrazas\",\"Turismo\"],\"articleSection\":[\"Pateando A Coru\u00f1a\"],\"inLanguage\":\"es\",\"potentialAction\":[{\"@type\":\"CommentAction\",\"name\":\"Comment\",\"target\":[\"https:\\\/\\\/www.cope.es\\\/blogs\\\/pateando-a-coruna\\\/2019\\\/06\\\/22\\\/barrera-la-calle-de-tapas-mas-cascarilleira\\\/#respond\"]}]},{\"@type\":\"WebPage\",\"@id\":\"https:\\\/\\\/www.cope.es\\\/blogs\\\/pateando-a-coruna\\\/2019\\\/06\\\/22\\\/barrera-la-calle-de-tapas-mas-cascarilleira\\\/\",\"url\":\"https:\\\/\\\/www.cope.es\\\/blogs\\\/pateando-a-coruna\\\/2019\\\/06\\\/22\\\/barrera-la-calle-de-tapas-mas-cascarilleira\\\/\",\"name\":\"Barrera: la calle de tapas m\u00e1s cascarilleira - Pateando A Coru\u00f1a\",\"isPartOf\":{\"@id\":\"https:\\\/\\\/www.cope.es\\\/blogs\\\/pateando-a-coruna\\\/#website\"},\"primaryImageOfPage\":{\"@id\":\"https:\\\/\\\/www.cope.es\\\/blogs\\\/pateando-a-coruna\\\/2019\\\/06\\\/22\\\/barrera-la-calle-de-tapas-mas-cascarilleira\\\/#primaryimage\"},\"image\":{\"@id\":\"https:\\\/\\\/www.cope.es\\\/blogs\\\/pateando-a-coruna\\\/2019\\\/06\\\/22\\\/barrera-la-calle-de-tapas-mas-cascarilleira\\\/#primaryimage\"},\"thumbnailUrl\":\"https:\\\/\\\/www.cope.es\\\/blogs\\\/pateando-a-coruna\\\/wp-content\\\/uploads\\\/sites\\\/30\\\/2019\\\/06\\\/20190612_113341.jpg\",\"datePublished\":\"2019-06-22T10:48:32+00:00\",\"dateModified\":\"2019-06-22T10:51:25+00:00\",\"author\":{\"@id\":\"https:\\\/\\\/www.cope.es\\\/blogs\\\/pateando-a-coruna\\\/#\\\/schema\\\/person\\\/b705a4b1bffc5d94ca55f39d85d6e890\"},\"breadcrumb\":{\"@id\":\"https:\\\/\\\/www.cope.es\\\/blogs\\\/pateando-a-coruna\\\/2019\\\/06\\\/22\\\/barrera-la-calle-de-tapas-mas-cascarilleira\\\/#breadcrumb\"},\"inLanguage\":\"es\",\"potentialAction\":[{\"@type\":\"ReadAction\",\"target\":[\"https:\\\/\\\/www.cope.es\\\/blogs\\\/pateando-a-coruna\\\/2019\\\/06\\\/22\\\/barrera-la-calle-de-tapas-mas-cascarilleira\\\/\"]}]},{\"@type\":\"ImageObject\",\"inLanguage\":\"es\",\"@id\":\"https:\\\/\\\/www.cope.es\\\/blogs\\\/pateando-a-coruna\\\/2019\\\/06\\\/22\\\/barrera-la-calle-de-tapas-mas-cascarilleira\\\/#primaryimage\",\"url\":\"https:\\\/\\\/www.cope.es\\\/blogs\\\/pateando-a-coruna\\\/wp-content\\\/uploads\\\/sites\\\/30\\\/2019\\\/06\\\/20190612_113341.jpg\",\"contentUrl\":\"https:\\\/\\\/www.cope.es\\\/blogs\\\/pateando-a-coruna\\\/wp-content\\\/uploads\\\/sites\\\/30\\\/2019\\\/06\\\/20190612_113341.jpg\",\"width\":4128,\"height\":2322},{\"@type\":\"BreadcrumbList\",\"@id\":\"https:\\\/\\\/www.cope.es\\\/blogs\\\/pateando-a-coruna\\\/2019\\\/06\\\/22\\\/barrera-la-calle-de-tapas-mas-cascarilleira\\\/#breadcrumb\",\"itemListElement\":[{\"@type\":\"ListItem\",\"position\":1,\"name\":\"Portada\",\"item\":\"https:\\\/\\\/www.cope.es\\\/blogs\\\/pateando-a-coruna\\\/\"},{\"@type\":\"ListItem\",\"position\":2,\"name\":\"Barrera: la calle de tapas m\u00e1s cascarilleira\"}]},{\"@type\":\"WebSite\",\"@id\":\"https:\\\/\\\/www.cope.es\\\/blogs\\\/pateando-a-coruna\\\/#website\",\"url\":\"https:\\\/\\\/www.cope.es\\\/blogs\\\/pateando-a-coruna\\\/\",\"name\":\"Pateando A Coru\u00f1a\",\"description\":\"Conoce A Coru\u00f1a en los Blogs de COPE\",\"potentialAction\":[{\"@type\":\"SearchAction\",\"target\":{\"@type\":\"EntryPoint\",\"urlTemplate\":\"https:\\\/\\\/www.cope.es\\\/blogs\\\/pateando-a-coruna\\\/?s={search_term_string}\"},\"query-input\":{\"@type\":\"PropertyValueSpecification\",\"valueRequired\":true,\"valueName\":\"search_term_string\"}}],\"inLanguage\":\"es\"},{\"@type\":\"Person\",\"@id\":\"https:\\\/\\\/www.cope.es\\\/blogs\\\/pateando-a-coruna\\\/#\\\/schema\\\/person\\\/b705a4b1bffc5d94ca55f39d85d6e890\",\"name\":\"Noela Bao\",\"image\":{\"@type\":\"ImageObject\",\"inLanguage\":\"es\",\"@id\":\"https:\\\/\\\/secure.gravatar.com\\\/avatar\\\/f43fab7bcb9aa54237033d8d79a98a2c62d507025b93dbfeb8cace37d693a0e2?s=96&d=mm&r=g\",\"url\":\"https:\\\/\\\/secure.gravatar.com\\\/avatar\\\/f43fab7bcb9aa54237033d8d79a98a2c62d507025b93dbfeb8cace37d693a0e2?s=96&d=mm&r=g\",\"contentUrl\":\"https:\\\/\\\/secure.gravatar.com\\\/avatar\\\/f43fab7bcb9aa54237033d8d79a98a2c62d507025b93dbfeb8cace37d693a0e2?s=96&d=mm&r=g\",\"caption\":\"Noela Bao\"},\"description\":\"En Pateando A Coru\u00f1a nos acercamos a lo que esconden las calles de la ciudad herculina, m\u00e1s all\u00e1 de un nombre en una placa. Historia, reportajes, opiniones de vecinos y entrevistas. Con un m\u00f3vil en la mano y un micro en la otra recorre los barrios Noela Bao, periodista y redactora de COPE Coru\u00f1a desde 2004.\",\"sameAs\":[\"https:\\\/\\\/www.cope.es\\\/coruna\"],\"url\":\"https:\\\/\\\/www.cope.es\\\/blogs\\\/pateando-a-coruna\\\/author\\\/nbao\\\/\"}]}<\/script>\n<!-- \/ Yoast SEO plugin. -->","yoast_head_json":{"title":"Barrera: la calle de tapas m\u00e1s cascarilleira - Pateando A Coru\u00f1a","robots":{"index":"index","follow":"follow","max-snippet":"max-snippet:-1","max-image-preview":"max-image-preview:large","max-video-preview":"max-video-preview:-1"},"canonical":"https:\/\/www.cope.es\/blogs\/pateando-a-coruna\/2019\/06\/22\/barrera-la-calle-de-tapas-mas-cascarilleira\/","og_locale":"es_ES","og_type":"article","og_title":"Barrera: la calle de tapas m\u00e1s cascarilleira - Pateando A Coru\u00f1a","og_description":"Calle Barrera. Comienza en la calle Bail\u00e9n y termina en la Estrecha de San Andr\u00e9s. 34 n\u00fameros. 80 metros. 15001.\u00a0 Del barro al bar Podr\u00edamos pensar que la calle Barrera estaba en otros tiempos rodeada de alambre de espino, pero no. Se dice que se llama as\u00ed porque estaba llena de barro, o porque hab\u00eda [&hellip;]","og_url":"https:\/\/www.cope.es\/blogs\/pateando-a-coruna\/2019\/06\/22\/barrera-la-calle-de-tapas-mas-cascarilleira\/","og_site_name":"Pateando A Coru\u00f1a","article_publisher":"https:\/\/www.facebook.com\/cope\/","article_published_time":"2019-06-22T10:48:32+00:00","article_modified_time":"2019-06-22T10:51:25+00:00","og_image":[{"width":1024,"height":576,"url":"https:\/\/www.cope.es\/blogs\/pateando-a-coruna\/wp-content\/uploads\/sites\/30\/2019\/06\/20190612_113341-1024x576.jpg","type":"image\/jpeg"}],"author":"Noela Bao","twitter_card":"summary_large_image","twitter_creator":"@cope_es","twitter_site":"@cope_es","twitter_misc":{"Escrito por":"Noela Bao","Tiempo de lectura":"3 minutos"},"schema":{"@context":"https:\/\/schema.org","@graph":[{"@type":"Article","@id":"https:\/\/www.cope.es\/blogs\/pateando-a-coruna\/2019\/06\/22\/barrera-la-calle-de-tapas-mas-cascarilleira\/#article","isPartOf":{"@id":"https:\/\/www.cope.es\/blogs\/pateando-a-coruna\/2019\/06\/22\/barrera-la-calle-de-tapas-mas-cascarilleira\/"},"author":{"name":"Noela Bao","@id":"https:\/\/www.cope.es\/blogs\/pateando-a-coruna\/#\/schema\/person\/b705a4b1bffc5d94ca55f39d85d6e890"},"headline":"Barrera: la calle de tapas m\u00e1s cascarilleira","datePublished":"2019-06-22T10:48:32+00:00","dateModified":"2019-06-22T10:51:25+00:00","mainEntityOfPage":{"@id":"https:\/\/www.cope.es\/blogs\/pateando-a-coruna\/2019\/06\/22\/barrera-la-calle-de-tapas-mas-cascarilleira\/"},"wordCount":688,"commentCount":0,"image":{"@id":"https:\/\/www.cope.es\/blogs\/pateando-a-coruna\/2019\/06\/22\/barrera-la-calle-de-tapas-mas-cascarilleira\/#primaryimage"},"thumbnailUrl":"https:\/\/www.cope.es\/blogs\/pateando-a-coruna\/wp-content\/uploads\/sites\/30\/2019\/06\/20190612_113341.jpg","keywords":["Barrera","Calle","Centro","Cope","Coru\u00f1a","hosteleros","Modernismo","Pateando A Coru\u00f1a","Reportaje","Tapas","terrazas","Turismo"],"articleSection":["Pateando A Coru\u00f1a"],"inLanguage":"es","potentialAction":[{"@type":"CommentAction","name":"Comment","target":["https:\/\/www.cope.es\/blogs\/pateando-a-coruna\/2019\/06\/22\/barrera-la-calle-de-tapas-mas-cascarilleira\/#respond"]}]},{"@type":"WebPage","@id":"https:\/\/www.cope.es\/blogs\/pateando-a-coruna\/2019\/06\/22\/barrera-la-calle-de-tapas-mas-cascarilleira\/","url":"https:\/\/www.cope.es\/blogs\/pateando-a-coruna\/2019\/06\/22\/barrera-la-calle-de-tapas-mas-cascarilleira\/","name":"Barrera: la calle de tapas m\u00e1s cascarilleira - Pateando A Coru\u00f1a","isPartOf":{"@id":"https:\/\/www.cope.es\/blogs\/pateando-a-coruna\/#website"},"primaryImageOfPage":{"@id":"https:\/\/www.cope.es\/blogs\/pateando-a-coruna\/2019\/06\/22\/barrera-la-calle-de-tapas-mas-cascarilleira\/#primaryimage"},"image":{"@id":"https:\/\/www.cope.es\/blogs\/pateando-a-coruna\/2019\/06\/22\/barrera-la-calle-de-tapas-mas-cascarilleira\/#primaryimage"},"thumbnailUrl":"https:\/\/www.cope.es\/blogs\/pateando-a-coruna\/wp-content\/uploads\/sites\/30\/2019\/06\/20190612_113341.jpg","datePublished":"2019-06-22T10:48:32+00:00","dateModified":"2019-06-22T10:51:25+00:00","author":{"@id":"https:\/\/www.cope.es\/blogs\/pateando-a-coruna\/#\/schema\/person\/b705a4b1bffc5d94ca55f39d85d6e890"},"breadcrumb":{"@id":"https:\/\/www.cope.es\/blogs\/pateando-a-coruna\/2019\/06\/22\/barrera-la-calle-de-tapas-mas-cascarilleira\/#breadcrumb"},"inLanguage":"es","potentialAction":[{"@type":"ReadAction","target":["https:\/\/www.cope.es\/blogs\/pateando-a-coruna\/2019\/06\/22\/barrera-la-calle-de-tapas-mas-cascarilleira\/"]}]},{"@type":"ImageObject","inLanguage":"es","@id":"https:\/\/www.cope.es\/blogs\/pateando-a-coruna\/2019\/06\/22\/barrera-la-calle-de-tapas-mas-cascarilleira\/#primaryimage","url":"https:\/\/www.cope.es\/blogs\/pateando-a-coruna\/wp-content\/uploads\/sites\/30\/2019\/06\/20190612_113341.jpg","contentUrl":"https:\/\/www.cope.es\/blogs\/pateando-a-coruna\/wp-content\/uploads\/sites\/30\/2019\/06\/20190612_113341.jpg","width":4128,"height":2322},{"@type":"BreadcrumbList","@id":"https:\/\/www.cope.es\/blogs\/pateando-a-coruna\/2019\/06\/22\/barrera-la-calle-de-tapas-mas-cascarilleira\/#breadcrumb","itemListElement":[{"@type":"ListItem","position":1,"name":"Portada","item":"https:\/\/www.cope.es\/blogs\/pateando-a-coruna\/"},{"@type":"ListItem","position":2,"name":"Barrera: la calle de tapas m\u00e1s cascarilleira"}]},{"@type":"WebSite","@id":"https:\/\/www.cope.es\/blogs\/pateando-a-coruna\/#website","url":"https:\/\/www.cope.es\/blogs\/pateando-a-coruna\/","name":"Pateando A Coru\u00f1a","description":"Conoce A Coru\u00f1a en los Blogs de COPE","potentialAction":[{"@type":"SearchAction","target":{"@type":"EntryPoint","urlTemplate":"https:\/\/www.cope.es\/blogs\/pateando-a-coruna\/?s={search_term_string}"},"query-input":{"@type":"PropertyValueSpecification","valueRequired":true,"valueName":"search_term_string"}}],"inLanguage":"es"},{"@type":"Person","@id":"https:\/\/www.cope.es\/blogs\/pateando-a-coruna\/#\/schema\/person\/b705a4b1bffc5d94ca55f39d85d6e890","name":"Noela Bao","image":{"@type":"ImageObject","inLanguage":"es","@id":"https:\/\/secure.gravatar.com\/avatar\/f43fab7bcb9aa54237033d8d79a98a2c62d507025b93dbfeb8cace37d693a0e2?s=96&d=mm&r=g","url":"https:\/\/secure.gravatar.com\/avatar\/f43fab7bcb9aa54237033d8d79a98a2c62d507025b93dbfeb8cace37d693a0e2?s=96&d=mm&r=g","contentUrl":"https:\/\/secure.gravatar.com\/avatar\/f43fab7bcb9aa54237033d8d79a98a2c62d507025b93dbfeb8cace37d693a0e2?s=96&d=mm&r=g","caption":"Noela Bao"},"description":"En Pateando A Coru\u00f1a nos acercamos a lo que esconden las calles de la ciudad herculina, m\u00e1s all\u00e1 de un nombre en una placa. Historia, reportajes, opiniones de vecinos y entrevistas. Con un m\u00f3vil en la mano y un micro en la otra recorre los barrios Noela Bao, periodista y redactora de COPE Coru\u00f1a desde 2004.","sameAs":["https:\/\/www.cope.es\/coruna"],"url":"https:\/\/www.cope.es\/blogs\/pateando-a-coruna\/author\/nbao\/"}]}},"amp_enabled":true,"_links":{"self":[{"href":"https:\/\/www.cope.es\/blogs\/pateando-a-coruna\/wp-json\/wp\/v2\/posts\/1869","targetHints":{"allow":["GET"]}}],"collection":[{"href":"https:\/\/www.cope.es\/blogs\/pateando-a-coruna\/wp-json\/wp\/v2\/posts"}],"about":[{"href":"https:\/\/www.cope.es\/blogs\/pateando-a-coruna\/wp-json\/wp\/v2\/types\/post"}],"author":[{"embeddable":true,"href":"https:\/\/www.cope.es\/blogs\/pateando-a-coruna\/wp-json\/wp\/v2\/users\/33"}],"replies":[{"embeddable":true,"href":"https:\/\/www.cope.es\/blogs\/pateando-a-coruna\/wp-json\/wp\/v2\/comments?post=1869"}],"version-history":[{"count":2,"href":"https:\/\/www.cope.es\/blogs\/pateando-a-coruna\/wp-json\/wp\/v2\/posts\/1869\/revisions"}],"predecessor-version":[{"id":1879,"href":"https:\/\/www.cope.es\/blogs\/pateando-a-coruna\/wp-json\/wp\/v2\/posts\/1869\/revisions\/1879"}],"wp:featuredmedia":[{"embeddable":true,"href":"https:\/\/www.cope.es\/blogs\/pateando-a-coruna\/wp-json\/wp\/v2\/media\/1858"}],"wp:attachment":[{"href":"https:\/\/www.cope.es\/blogs\/pateando-a-coruna\/wp-json\/wp\/v2\/media?parent=1869"}],"wp:term":[{"taxonomy":"category","embeddable":true,"href":"https:\/\/www.cope.es\/blogs\/pateando-a-coruna\/wp-json\/wp\/v2\/categories?post=1869"},{"taxonomy":"post_tag","embeddable":true,"href":"https:\/\/www.cope.es\/blogs\/pateando-a-coruna\/wp-json\/wp\/v2\/tags?post=1869"}],"curies":[{"name":"wp","href":"https:\/\/api.w.org\/{rel}","templated":true}]}}