{"id":9883,"date":"2022-12-30T03:31:13","date_gmt":"2022-12-30T02:31:13","guid":{"rendered":"http:\/\/www.cope.es\/blogs\/palomitas-de-maiz\/?p=9883"},"modified":"2022-12-30T03:34:50","modified_gmt":"2022-12-30T02:34:50","slug":"critica-teatro-vive-moliere-desternillante-y-frenetica-comedia-en-forma-de-vodevil","status":"publish","type":"post","link":"https:\/\/www.cope.es\/blogs\/palomitas-de-maiz\/2022\/12\/30\/critica-teatro-vive-moliere-desternillante-y-frenetica-comedia-en-forma-de-vodevil\/","title":{"rendered":"&#8216;Vive Moli\u00e8re&#8217;: desternillante y fren\u00e9tica comedia en forma de vodevil"},"content":{"rendered":"<p>\u00a1Mis queridos palomiteros! \u2018Vive Moli\u00e8re\u2019: desternillante y fren\u00e9tica comedia en forma de vodevil. Quien sepa qu\u00e9 es Ron Lal\u00e1 y conozca su formato y naturaleza ya sabe a qu\u00e9 atenerse y qu\u00e9 esperar de cada uno de los espect\u00e1culos en los que intervengan sus dos creadores, es decir, el dramaturgo <strong><a href=\"https:\/\/es.wikipedia.org\/wiki\/%C3%81lvaro_Tato\" target=\"_blank\">\u00c1lvaro Tato<\/a><\/strong> y el director de escena <strong><a href=\"https:\/\/www.yayocaceres.com\/\" target=\"_blank\">Yayo C\u00e1ceres<\/a><\/strong>, ahora en su compa\u00f1\u00eda <strong><a href=\"https:\/\/ayteatro.com\/\" target=\"_blank\">Ay Teatro<\/a><\/strong>.<\/p>\n<p><iframe loading=\"lazy\" title=\"SALUDO \ud83c\udfad VIVE MOLI\u00c8RE \ud83c\udfad. TEATRO DE LA ABAD\u00cdA (04\/12\/22)\" width=\"675\" height=\"380\" src=\"https:\/\/www.youtube.com\/embed\/8TeXIX52uTA?feature=oembed\" frameborder=\"0\" allow=\"accelerometer; autoplay; clipboard-write; encrypted-media; gyroscope; picture-in-picture\" allowfullscreen><\/iframe><\/p>\n<p>Con estos mimbres, casi podemos asegurar que el buenrollismo va a dominar el ambiente. Lo que no sab\u00edamos es que tambi\u00e9n se iba a producir ahora con este trabajo sobre la figura de Moli\u00e8re, en el que se dan cita la m\u00fasica en directo con el romance en clave de comedia, a partir de un <strong>l\u00edmpido libreto, una afinada y cuidad\u00edsima direcci\u00f3n de actores<\/strong>, y unos int\u00e9rpretes vibrantes, en estado de gracia.<\/p>\n<h2>\u2018Vive Moli\u00e8re\u2019: desternillante y fren\u00e9tica comedia en forma de vodevil<\/h2>\n<p>Ellos son <strong>Kevin de la Rosa, Juan de Vera, Marta Estal, Laura Ferrer <\/strong>y<strong> Mario Portillo<\/strong><em>, <\/em>que se doblan y desdoblan en varios personajes hasta conseguir que el enredo dram\u00e1tico sea absoluto<em>.<\/em><\/p>\n<figure id=\"attachment_9887\" aria-describedby=\"caption-attachment-9887\" style=\"width: 725px\" class=\"wp-caption aligncenter\"><img loading=\"lazy\" decoding=\"async\" width=\"725\" height=\"483\" class=\"wp-image-9887 size-full\" src=\"http:\/\/www.cope.es\/blogs\/palomitas-de-maiz\/wp-content\/uploads\/sites\/6\/2022\/12\/vive-moliere-1.jpg\" alt=\"\u2018Vive Moli\u00e8re\u2019: desternillante y fren\u00e9tica comedia en forma de vodevil\" srcset=\"https:\/\/www.cope.es\/blogs\/palomitas-de-maiz\/wp-content\/uploads\/sites\/6\/2022\/12\/vive-moliere-1.jpg 725w, https:\/\/www.cope.es\/blogs\/palomitas-de-maiz\/wp-content\/uploads\/sites\/6\/2022\/12\/vive-moliere-1-300x200.jpg 300w, https:\/\/www.cope.es\/blogs\/palomitas-de-maiz\/wp-content\/uploads\/sites\/6\/2022\/12\/vive-moliere-1-408x272.jpg 408w\" sizes=\"auto, (max-width: 725px) 100vw, 725px\" \/><figcaption id=\"caption-attachment-9887\" class=\"wp-caption-text\"><strong>\u2018Vive Moli\u00e8re\u2019: desternillante y fren\u00e9tica comedia en forma de vodevil<\/strong><\/figcaption><\/figure>\n<p>Por su parte, el argumento de <em>Vive Moli\u00e8re<\/em> arranca cuando la diosa Fama anuncia su deseo de casarse con un gran autor teatral, sus criados Dato, Mito y Chisme la llevan a Par\u00eds para conocer la azarosa vida y las hilarantes obras de un tal Moli\u00e8re.<\/p>\n<p>Nos hallamos, pues, ante un <strong>espectacular montaje<\/strong>, en torno a la figura de Moli\u00e8re -existe en estos momentos en Madrid otro gran trabajo sobre el genio franc\u00e9s, \u00a0<em>Par\u00eds, 1940<\/em>, que toma como excusa argumental una escena de un ensayo general del <em>Don Juan<\/em>&#8211; que acoge el emblem\u00e1tico <strong><a href=\"https:\/\/www.teatroabadia.com\/es\/archivo\/749\/vive-moliere\/\" target=\"_blank\">Teatro de la Abad\u00eda.<\/a><\/strong><\/p>\n<figure id=\"attachment_9888\" aria-describedby=\"caption-attachment-9888\" style=\"width: 725px\" class=\"wp-caption aligncenter\"><img loading=\"lazy\" decoding=\"async\" width=\"725\" height=\"236\" class=\"wp-image-9888 size-full\" src=\"http:\/\/www.cope.es\/blogs\/palomitas-de-maiz\/wp-content\/uploads\/sites\/6\/2022\/12\/vive-moliere-2.jpg\" alt=\"\u2018Vive Moli\u00e8re\u2019: desternillante y fren\u00e9tica comedia en forma de vodevil\" srcset=\"https:\/\/www.cope.es\/blogs\/palomitas-de-maiz\/wp-content\/uploads\/sites\/6\/2022\/12\/vive-moliere-2.jpg 725w, https:\/\/www.cope.es\/blogs\/palomitas-de-maiz\/wp-content\/uploads\/sites\/6\/2022\/12\/vive-moliere-2-300x98.jpg 300w\" sizes=\"auto, (max-width: 725px) 100vw, 725px\" \/><figcaption id=\"caption-attachment-9888\" class=\"wp-caption-text\"><strong>\u2018Vive Moli\u00e8re\u2019: desternillante y fren\u00e9tica comedia en forma de vodevil<\/strong><\/figcaption><\/figure>\n<p><em>Vive Moli\u00e8re<\/em> es adem\u00e1s un<strong> delicioso ejemplo de muestra teatral con interesant\u00edsimos ejercicios dram\u00e1ticos<\/strong> que dejan al respetable con la boca abierta y la mand\u00edbula desencajada. M\u00e1s si cabe si en el tour propuesto encajan a la perfecci\u00f3n momentos cumbre de <em>El avaro, Don Juan, Tartufo, El burgu\u00e9s gentilhombre<\/em>\u2026, <strong>formalizados en una ideal historia en verso<\/strong>, de gran elegancia en su tratamiento formal -al mejor estilo de la comedia francesa cl\u00e1sica- y <strong>de gran incidencia en su retrato social<\/strong>.<\/p>\n<figure id=\"attachment_9891\" aria-describedby=\"caption-attachment-9891\" style=\"width: 725px\" class=\"wp-caption aligncenter\"><img loading=\"lazy\" decoding=\"async\" width=\"725\" height=\"483\" class=\"wp-image-9891 size-full\" src=\"http:\/\/www.cope.es\/blogs\/palomitas-de-maiz\/wp-content\/uploads\/sites\/6\/2022\/12\/vive-moliere-5.jpg\" alt=\"\u2018Vive Moli\u00e8re\u2019: desternillante y fren\u00e9tica comedia en forma de vodevil\" srcset=\"https:\/\/www.cope.es\/blogs\/palomitas-de-maiz\/wp-content\/uploads\/sites\/6\/2022\/12\/vive-moliere-5.jpg 725w, https:\/\/www.cope.es\/blogs\/palomitas-de-maiz\/wp-content\/uploads\/sites\/6\/2022\/12\/vive-moliere-5-300x200.jpg 300w, https:\/\/www.cope.es\/blogs\/palomitas-de-maiz\/wp-content\/uploads\/sites\/6\/2022\/12\/vive-moliere-5-408x272.jpg 408w\" sizes=\"auto, (max-width: 725px) 100vw, 725px\" \/><figcaption id=\"caption-attachment-9891\" class=\"wp-caption-text\"><strong>\u2018Vive Moli\u00e8re\u2019: desternillante y fren\u00e9tica comedia en forma de vodevil<\/strong><\/figcaption><\/figure>\n<h2><em>Vive Moli\u00e8re<\/em> es adem\u00e1s un delicioso ejemplo de muestra teatral con interesant\u00edsimos ejercicios dram\u00e1ticos<\/h2>\n<p>Dichos significativos fragmentos del teatro de Moli\u00e8re -en sus dos etapas- se sirven en <strong>tono de vodevil<\/strong>, que incluye importantes dosis de humor, genuinas, frescas, juveniles y puras. Un trabajo dirigido a todos los p\u00fablicos -incluidos preadolescentes- que goza de un <strong>endiablado <a href=\"http:\/\/www.cope.es\/blogs\/palomitas-de-maiz\/2020\/03\/18\/como-se-hace-una-critica-cine-o-de-teatro-contrastada\/\">ritmo<\/a><\/strong>.<\/p>\n<figure id=\"attachment_9889\" aria-describedby=\"caption-attachment-9889\" style=\"width: 725px\" class=\"wp-caption aligncenter\"><img loading=\"lazy\" decoding=\"async\" width=\"725\" height=\"483\" class=\"wp-image-9889 size-full\" src=\"http:\/\/www.cope.es\/blogs\/palomitas-de-maiz\/wp-content\/uploads\/sites\/6\/2022\/12\/vive-moliere-3.jpg\" alt=\"Imagen del montaje Vive Moli\u00e8re\" srcset=\"https:\/\/www.cope.es\/blogs\/palomitas-de-maiz\/wp-content\/uploads\/sites\/6\/2022\/12\/vive-moliere-3.jpg 725w, https:\/\/www.cope.es\/blogs\/palomitas-de-maiz\/wp-content\/uploads\/sites\/6\/2022\/12\/vive-moliere-3-300x200.jpg 300w, https:\/\/www.cope.es\/blogs\/palomitas-de-maiz\/wp-content\/uploads\/sites\/6\/2022\/12\/vive-moliere-3-408x272.jpg 408w\" sizes=\"auto, (max-width: 725px) 100vw, 725px\" \/><figcaption id=\"caption-attachment-9889\" class=\"wp-caption-text\"><strong>Imagen del montaje <em>Vive Moli\u00e8re<\/em><\/strong><\/figcaption><\/figure>\n<p>Adem\u00e1s, el espect\u00e1culo cuenta con m\u00fasica en directo -soprano y piano- y apenas tiene elementos escenogr\u00e1ficos. Tambi\u00e9n es apreciable el trabajo con la luz (<strong>Miguel A. Camacho<\/strong>) y su inmersi\u00f3n en la comedia, si bien donde mejor funciona es por su vestuario, por el cual responde la laureada <strong><a href=\"https:\/\/www.tatianadesarabia.com\/\" target=\"_blank\">Tatiana de Sarabia<\/a><\/strong>.<\/p>\n<figure id=\"attachment_9890\" aria-describedby=\"caption-attachment-9890\" style=\"width: 725px\" class=\"wp-caption aligncenter\"><img loading=\"lazy\" decoding=\"async\" width=\"725\" height=\"483\" class=\"wp-image-9890 size-full\" src=\"http:\/\/www.cope.es\/blogs\/palomitas-de-maiz\/wp-content\/uploads\/sites\/6\/2022\/12\/vive-moliere-4.jpg\" alt=\"Imagen del montaje Vive Moli\u00e8re\" srcset=\"https:\/\/www.cope.es\/blogs\/palomitas-de-maiz\/wp-content\/uploads\/sites\/6\/2022\/12\/vive-moliere-4.jpg 725w, https:\/\/www.cope.es\/blogs\/palomitas-de-maiz\/wp-content\/uploads\/sites\/6\/2022\/12\/vive-moliere-4-300x200.jpg 300w, https:\/\/www.cope.es\/blogs\/palomitas-de-maiz\/wp-content\/uploads\/sites\/6\/2022\/12\/vive-moliere-4-408x272.jpg 408w\" sizes=\"auto, (max-width: 725px) 100vw, 725px\" \/><figcaption id=\"caption-attachment-9890\" class=\"wp-caption-text\"><strong>Imagen del montaje <em>Vive Moli\u00e8re<\/em><\/strong><\/figcaption><\/figure>\n<p>En s\u00edntesis: un <strong>magn\u00edfico libreto<\/strong> de\u00a0\u00c1lvaro Tato -no estar\u00eda de m\u00e1s que leyeseis el texto-\u00a0y un <strong>apabullante\u00a0Yayo C\u00e1ceres\u00a0en la direcci\u00f3n de escena<\/strong>, colocan a la funci\u00f3n en una de las mejores propuestas teatrales de la temporada. \u00a1Muy recomendable!<\/p>\n<figure id=\"attachment_9884\" aria-describedby=\"caption-attachment-9884\" style=\"width: 725px\" class=\"wp-caption aligncenter\"><img loading=\"lazy\" decoding=\"async\" width=\"725\" height=\"1020\" class=\"wp-image-9884 size-full\" src=\"http:\/\/www.cope.es\/blogs\/palomitas-de-maiz\/wp-content\/uploads\/sites\/6\/2022\/12\/cartel-vive-moliere-interior.jpg\" alt=\"Cartel promocional de Vive Moli\u00e8re\" srcset=\"https:\/\/www.cope.es\/blogs\/palomitas-de-maiz\/wp-content\/uploads\/sites\/6\/2022\/12\/cartel-vive-moliere-interior.jpg 725w, https:\/\/www.cope.es\/blogs\/palomitas-de-maiz\/wp-content\/uploads\/sites\/6\/2022\/12\/cartel-vive-moliere-interior-213x300.jpg 213w\" sizes=\"auto, (max-width: 725px) 100vw, 725px\" \/><figcaption id=\"caption-attachment-9884\" class=\"wp-caption-text\"><strong>Cartel promocional de <em>Vive Moli\u00e8re<\/em><\/strong><\/figcaption><\/figure>\n","protected":false},"excerpt":{"rendered":"<p>\u00a1Mis queridos palomiteros! \u2018Vive Moli\u00e8re\u2019: desternillante y fren\u00e9tica comedia en forma de vodevil. Quien sepa qu\u00e9 es Ron Lal\u00e1 y conozca su formato y naturaleza ya sabe a qu\u00e9 atenerse y qu\u00e9 esperar de cada uno de los espect\u00e1culos en los que intervengan sus dos creadores, es decir, el dramaturgo \u00c1lvaro Tato y el director [&hellip;]<\/p>\n","protected":false},"author":6,"featured_media":9885,"comment_status":"open","ping_status":"open","sticky":false,"template":"","format":"standard","meta":{"footnotes":""},"categories":[336,1292,288,851],"tags":[4401,10970,9331,10972,10964,10974,1295,3251,10975,10971,10977,10982,10976,10960,10028,10962,10969,10973,10963,10961,10967,10981,10968,10980,10965,634,10978,10979,10966],"class_list":["post-9883","post","type-post","status-publish","format-standard","has-post-thumbnail","hentry","category-actualidad","category-critica-de-teatro","category-teatro","category-teatro-de-autor","tag-actualidad","tag-alejandro-jaen","tag-alvaro-tato","tag-amalia-portes","tag-ay-teatro","tag-carmen-quiros","tag-critica-de-teatro","tag-cultura","tag-daniel-mejias","tag-david-ruiz","tag-emilia-yague-producciones","tag-jean-baptiste-poquelin","tag-jorge-ochagavia","tag-juan-de-vera","tag-kevin-de-la-rosa","tag-laura-ferrer","tag-maribel-rodriguez-rh","tag-marina-camacho","tag-mario-portillo","tag-marta-estal","tag-miguel-a-camacho","tag-moliere","tag-nuria-castejon","tag-sala-juan-de-la-cruz","tag-tatiana-de-sarabia","tag-teatro","tag-teatro-de-la-abadia","tag-vive-moliere","tag-yayo-caceres"],"yoast_head":"<!-- This site is optimized with the Yoast SEO plugin v27.4 - https:\/\/yoast.com\/product\/yoast-seo-wordpress\/ -->\n<title>\u2018Vive Moli\u00e8re\u2019: desternillante y fren\u00e9tica comedia en forma de vodevil<\/title>\n<meta name=\"description\" content=\"Blog de cine y teatro. Blogs COPE. \u2018Vive Moli\u00e8re\u2019: desternillante y fren\u00e9tica comedia en forma de vodevil, cuenta con un reparto de f\u00e1bula\" \/>\n<meta name=\"robots\" content=\"index, follow, max-snippet:-1, max-image-preview:large, max-video-preview:-1\" \/>\n<link rel=\"canonical\" href=\"https:\/\/www.cope.es\/blogs\/palomitas-de-maiz\/2022\/12\/30\/critica-teatro-vive-moliere-desternillante-y-frenetica-comedia-en-forma-de-vodevil\/\" \/>\n<meta property=\"og:locale\" content=\"es_ES\" \/>\n<meta property=\"og:type\" content=\"article\" \/>\n<meta property=\"og:title\" content=\"\u2018Vive Moli\u00e8re\u2019: desternillante y fren\u00e9tica comedia en forma de vodevil\" \/>\n<meta property=\"og:description\" content=\"Blog de cine y teatro. Blogs COPE. \u2018Vive Moli\u00e8re\u2019: desternillante y fren\u00e9tica comedia en forma de vodevil, cuenta con un reparto de f\u00e1bula\" \/>\n<meta property=\"og:url\" content=\"https:\/\/www.cope.es\/blogs\/palomitas-de-maiz\/2022\/12\/30\/critica-teatro-vive-moliere-desternillante-y-frenetica-comedia-en-forma-de-vodevil\/\" \/>\n<meta property=\"og:site_name\" content=\"Palomitas de Ma\u00edz\" \/>\n<meta property=\"article:publisher\" content=\"https:\/\/www.facebook.com\/cope\/\" \/>\n<meta property=\"article:author\" content=\"https:\/\/www.facebook.com\/palomitero\/\" \/>\n<meta property=\"article:published_time\" content=\"2022-12-30T02:31:13+00:00\" \/>\n<meta property=\"article:modified_time\" content=\"2022-12-30T02:34:50+00:00\" \/>\n<meta property=\"og:image\" content=\"https:\/\/www.cope.es\/blogs\/palomitas-de-maiz\/wp-content\/uploads\/sites\/6\/2022\/12\/cartel-vive-moliere-portada.jpg\" \/>\n\t<meta property=\"og:image:width\" content=\"724\" \/>\n\t<meta property=\"og:image:height\" content=\"427\" \/>\n\t<meta property=\"og:image:type\" content=\"image\/jpeg\" \/>\n<meta name=\"author\" content=\"Jos\u00e9 Luis Panero\" \/>\n<meta name=\"twitter:card\" content=\"summary_large_image\" \/>\n<meta name=\"twitter:creator\" content=\"@PALOMITERO\" \/>\n<meta name=\"twitter:site\" content=\"@cope_es\" \/>\n<meta name=\"twitter:label1\" content=\"Escrito por\" \/>\n\t<meta name=\"twitter:data1\" content=\"Jos\u00e9 Luis Panero\" \/>\n\t<meta name=\"twitter:label2\" content=\"Tiempo de lectura\" \/>\n\t<meta name=\"twitter:data2\" content=\"3 minutos\" \/>\n<script type=\"application\/ld+json\" class=\"yoast-schema-graph\">{\"@context\":\"https:\\\/\\\/schema.org\",\"@graph\":[{\"@type\":\"Article\",\"@id\":\"https:\\\/\\\/www.cope.es\\\/blogs\\\/palomitas-de-maiz\\\/2022\\\/12\\\/30\\\/critica-teatro-vive-moliere-desternillante-y-frenetica-comedia-en-forma-de-vodevil\\\/#article\",\"isPartOf\":{\"@id\":\"https:\\\/\\\/www.cope.es\\\/blogs\\\/palomitas-de-maiz\\\/2022\\\/12\\\/30\\\/critica-teatro-vive-moliere-desternillante-y-frenetica-comedia-en-forma-de-vodevil\\\/\"},\"author\":{\"name\":\"Jos\u00e9 Luis Panero\",\"@id\":\"https:\\\/\\\/www.cope.es\\\/blogs\\\/palomitas-de-maiz\\\/#\\\/schema\\\/person\\\/9fb256f63733c964d19b06de1ca3c9ef\"},\"headline\":\"&#8216;Vive Moli\u00e8re&#8217;: desternillante y fren\u00e9tica comedia en forma de vodevil\",\"datePublished\":\"2022-12-30T02:31:13+00:00\",\"dateModified\":\"2022-12-30T02:34:50+00:00\",\"mainEntityOfPage\":{\"@id\":\"https:\\\/\\\/www.cope.es\\\/blogs\\\/palomitas-de-maiz\\\/2022\\\/12\\\/30\\\/critica-teatro-vive-moliere-desternillante-y-frenetica-comedia-en-forma-de-vodevil\\\/\"},\"wordCount\":672,\"commentCount\":0,\"image\":{\"@id\":\"https:\\\/\\\/www.cope.es\\\/blogs\\\/palomitas-de-maiz\\\/2022\\\/12\\\/30\\\/critica-teatro-vive-moliere-desternillante-y-frenetica-comedia-en-forma-de-vodevil\\\/#primaryimage\"},\"thumbnailUrl\":\"https:\\\/\\\/www.cope.es\\\/blogs\\\/palomitas-de-maiz\\\/wp-content\\\/uploads\\\/sites\\\/6\\\/2022\\\/12\\\/cartel-vive-moliere-portada.jpg\",\"keywords\":[\"actualidad\",\"Alejandro Ja\u00e9n\",\"\u00c1lvaro Tato\",\"Amalia Portes\",\"Ay Teatro\",\"Carmen Quir\u00f3s\",\"cr\u00edtica de teatro\",\"cultura\",\"Daniel Mej\u00edas\",\"david ruiz\",\"Emilia Yag\u00fce Producciones\",\"jean baptiste poquelin\",\"Jorge Ochagav\u00eda\",\"Juan de Vera\",\"Kevin de la Rosa\",\"Laura Ferrer\",\"Maribel Rodr\u00edguez RH\",\"marina camacho\",\"Mario Portillo\",\"Marta Estal\",\"Miguel A. Camacho\",\"moli\u00e8re\",\"nuria castej\u00f3n\",\"Sala Juan de la Cruz\",\"Tatiana de Sarabia\",\"teatro\",\"teatro de la abad\u00eda\",\"vive moli\u00e8re\",\"yayo c\u00e1ceres\"],\"articleSection\":[\"actualidad\",\"Cr\u00edtica de Teatro\",\"Teatro\",\"Teatro de autor\"],\"inLanguage\":\"es\",\"potentialAction\":[{\"@type\":\"CommentAction\",\"name\":\"Comment\",\"target\":[\"https:\\\/\\\/www.cope.es\\\/blogs\\\/palomitas-de-maiz\\\/2022\\\/12\\\/30\\\/critica-teatro-vive-moliere-desternillante-y-frenetica-comedia-en-forma-de-vodevil\\\/#respond\"]}]},{\"@type\":\"WebPage\",\"@id\":\"https:\\\/\\\/www.cope.es\\\/blogs\\\/palomitas-de-maiz\\\/2022\\\/12\\\/30\\\/critica-teatro-vive-moliere-desternillante-y-frenetica-comedia-en-forma-de-vodevil\\\/\",\"url\":\"https:\\\/\\\/www.cope.es\\\/blogs\\\/palomitas-de-maiz\\\/2022\\\/12\\\/30\\\/critica-teatro-vive-moliere-desternillante-y-frenetica-comedia-en-forma-de-vodevil\\\/\",\"name\":\"\u2018Vive Moli\u00e8re\u2019: desternillante y fren\u00e9tica comedia en forma de vodevil\",\"isPartOf\":{\"@id\":\"https:\\\/\\\/www.cope.es\\\/blogs\\\/palomitas-de-maiz\\\/#website\"},\"primaryImageOfPage\":{\"@id\":\"https:\\\/\\\/www.cope.es\\\/blogs\\\/palomitas-de-maiz\\\/2022\\\/12\\\/30\\\/critica-teatro-vive-moliere-desternillante-y-frenetica-comedia-en-forma-de-vodevil\\\/#primaryimage\"},\"image\":{\"@id\":\"https:\\\/\\\/www.cope.es\\\/blogs\\\/palomitas-de-maiz\\\/2022\\\/12\\\/30\\\/critica-teatro-vive-moliere-desternillante-y-frenetica-comedia-en-forma-de-vodevil\\\/#primaryimage\"},\"thumbnailUrl\":\"https:\\\/\\\/www.cope.es\\\/blogs\\\/palomitas-de-maiz\\\/wp-content\\\/uploads\\\/sites\\\/6\\\/2022\\\/12\\\/cartel-vive-moliere-portada.jpg\",\"datePublished\":\"2022-12-30T02:31:13+00:00\",\"dateModified\":\"2022-12-30T02:34:50+00:00\",\"author\":{\"@id\":\"https:\\\/\\\/www.cope.es\\\/blogs\\\/palomitas-de-maiz\\\/#\\\/schema\\\/person\\\/9fb256f63733c964d19b06de1ca3c9ef\"},\"description\":\"Blog de cine y teatro. Blogs COPE. \u2018Vive Moli\u00e8re\u2019: desternillante y fren\u00e9tica comedia en forma de vodevil, cuenta con un reparto de f\u00e1bula\",\"breadcrumb\":{\"@id\":\"https:\\\/\\\/www.cope.es\\\/blogs\\\/palomitas-de-maiz\\\/2022\\\/12\\\/30\\\/critica-teatro-vive-moliere-desternillante-y-frenetica-comedia-en-forma-de-vodevil\\\/#breadcrumb\"},\"inLanguage\":\"es\",\"potentialAction\":[{\"@type\":\"ReadAction\",\"target\":[\"https:\\\/\\\/www.cope.es\\\/blogs\\\/palomitas-de-maiz\\\/2022\\\/12\\\/30\\\/critica-teatro-vive-moliere-desternillante-y-frenetica-comedia-en-forma-de-vodevil\\\/\"]}]},{\"@type\":\"ImageObject\",\"inLanguage\":\"es\",\"@id\":\"https:\\\/\\\/www.cope.es\\\/blogs\\\/palomitas-de-maiz\\\/2022\\\/12\\\/30\\\/critica-teatro-vive-moliere-desternillante-y-frenetica-comedia-en-forma-de-vodevil\\\/#primaryimage\",\"url\":\"https:\\\/\\\/www.cope.es\\\/blogs\\\/palomitas-de-maiz\\\/wp-content\\\/uploads\\\/sites\\\/6\\\/2022\\\/12\\\/cartel-vive-moliere-portada.jpg\",\"contentUrl\":\"https:\\\/\\\/www.cope.es\\\/blogs\\\/palomitas-de-maiz\\\/wp-content\\\/uploads\\\/sites\\\/6\\\/2022\\\/12\\\/cartel-vive-moliere-portada.jpg\",\"width\":724,\"height\":427,\"caption\":\"https:\\\/\\\/www.cope.es\\\/blogs\\\/palomitas-de-maiz\\\/2022\\\/12\\\/30\\\/critica-teatro-vive-moliere-desternillante-y-frenetica-comedia-en-forma-de-vodevil\\\/\"},{\"@type\":\"BreadcrumbList\",\"@id\":\"https:\\\/\\\/www.cope.es\\\/blogs\\\/palomitas-de-maiz\\\/2022\\\/12\\\/30\\\/critica-teatro-vive-moliere-desternillante-y-frenetica-comedia-en-forma-de-vodevil\\\/#breadcrumb\",\"itemListElement\":[{\"@type\":\"ListItem\",\"position\":1,\"name\":\"Portada\",\"item\":\"https:\\\/\\\/www.cope.es\\\/blogs\\\/palomitas-de-maiz\\\/\"},{\"@type\":\"ListItem\",\"position\":2,\"name\":\"&#8216;Vive Moli\u00e8re&#8217;: desternillante y fren\u00e9tica comedia en forma de vodevil\"}]},{\"@type\":\"WebSite\",\"@id\":\"https:\\\/\\\/www.cope.es\\\/blogs\\\/palomitas-de-maiz\\\/#website\",\"url\":\"https:\\\/\\\/www.cope.es\\\/blogs\\\/palomitas-de-maiz\\\/\",\"name\":\"Palomitas de Ma\u00edz\",\"description\":\"Blog decano de cine de COPE\",\"potentialAction\":[{\"@type\":\"SearchAction\",\"target\":{\"@type\":\"EntryPoint\",\"urlTemplate\":\"https:\\\/\\\/www.cope.es\\\/blogs\\\/palomitas-de-maiz\\\/?s={search_term_string}\"},\"query-input\":{\"@type\":\"PropertyValueSpecification\",\"valueRequired\":true,\"valueName\":\"search_term_string\"}}],\"inLanguage\":\"es\"},{\"@type\":\"Person\",\"@id\":\"https:\\\/\\\/www.cope.es\\\/blogs\\\/palomitas-de-maiz\\\/#\\\/schema\\\/person\\\/9fb256f63733c964d19b06de1ca3c9ef\",\"name\":\"Jos\u00e9 Luis Panero\",\"image\":{\"@type\":\"ImageObject\",\"inLanguage\":\"es\",\"@id\":\"https:\\\/\\\/secure.gravatar.com\\\/avatar\\\/2ef93951eab3cee25932a7219e566376cbf6ddedde3aa3098e7a971991a3ef12?s=96&d=mm&r=g\",\"url\":\"https:\\\/\\\/secure.gravatar.com\\\/avatar\\\/2ef93951eab3cee25932a7219e566376cbf6ddedde3aa3098e7a971991a3ef12?s=96&d=mm&r=g\",\"contentUrl\":\"https:\\\/\\\/secure.gravatar.com\\\/avatar\\\/2ef93951eab3cee25932a7219e566376cbf6ddedde3aa3098e7a971991a3ef12?s=96&d=mm&r=g\",\"caption\":\"Jos\u00e9 Luis Panero\"},\"description\":\"Licenciado en Periodismo y en Comunicaci\u00f3n Audiovisual. Tras m\u00e1s de cuatro a\u00f1os en el diario 'La Gaceta de Los Negocios' y el programa f\u00edlmico 'Pantalla Grande', es cr\u00edtico de cine en 'Ciudad Nueva', 'Pantalla 90', 'COPE' o 'Aleteia' y cr\u00edtico de teatro en 'Hoy en la city'. Ha sido coguionista y ayudante de direcci\u00f3n de cine, ponente en los coloquios de cine del foro FNAC y profesor universitario en diferentes cursos de Periodismo Social. Desde 2003 es miembro del C\u00edrculo de Escritores Cinematogr\u00e1ficos (CEC). En 2008 fund\u00f3 en 'COPE' su blog de cine 'Palomitas de Ma\u00edz'. En 2017 fue nombrado Jurado Oficial del Festival Internacional de Cine de Fuengirola (M\u00e1laga) y ese a\u00f1o la instituci\u00f3n educativa Trinity College-Liceo Serrano le distingui\u00f3 con el nombramiento de 'Profesor de Honor' del centro y miembro ilustre del claustro de profesores. En 2019 fue nombrado Jurado Oficial del Festival Internacional de Cine de Vera (Almer\u00eda). En 2020 fue nombrado Jurado Oficial del Festival Internacional de Cine de Terror de La Mar Bella (Marbella). Como int\u00e9rprete ha sido galardonado con el Premio al Actor Principal del I Festival Nacional UNIR de teatro. Desde 2020 es acad\u00e9mico de las Artes Esc\u00e9nicas de Espa\u00f1a. En 2023 fue nombrado Jurado Oficial de los 'Premios Tal\u00eda' en su I Edici\u00f3n. Y miembro de ASHUMES (Asociaci\u00f3n del Humorismo Espa\u00f1ol) a partir de 2022. En 2023 fue nombrado Jurado Oficial de la II Edici\u00f3n de los 'Premios Godot'.\",\"sameAs\":[\"http:\\\/\\\/www.cope.es\",\"https:\\\/\\\/www.facebook.com\\\/palomitero\\\/\",\"https:\\\/\\\/www.instagram.com\\\/joseluispanero\\\/\",\"https:\\\/\\\/www.linkedin.com\\\/in\\\/jos-luis-panero-gonzlez-barosa-7722a716\\\/\",\"https:\\\/\\\/x.com\\\/PALOMITERO\",\"https:\\\/\\\/www.youtube.com\\\/channel\\\/UCQYaNGiETUXUPXjYu9p3lNw\\\/videos?\",\"https:\\\/\\\/es.wikipedia.org\\\/wiki\\\/Jos_Luis_Panero_Gonzlez-Barosa\"],\"url\":\"https:\\\/\\\/www.cope.es\\\/blogs\\\/palomitas-de-maiz\\\/author\\\/jlpanero\\\/\"}]}<\/script>\n<!-- \/ Yoast SEO plugin. -->","yoast_head_json":{"title":"\u2018Vive Moli\u00e8re\u2019: desternillante y fren\u00e9tica comedia en forma de vodevil","description":"Blog de cine y teatro. Blogs COPE. \u2018Vive Moli\u00e8re\u2019: desternillante y fren\u00e9tica comedia en forma de vodevil, cuenta con un reparto de f\u00e1bula","robots":{"index":"index","follow":"follow","max-snippet":"max-snippet:-1","max-image-preview":"max-image-preview:large","max-video-preview":"max-video-preview:-1"},"canonical":"https:\/\/www.cope.es\/blogs\/palomitas-de-maiz\/2022\/12\/30\/critica-teatro-vive-moliere-desternillante-y-frenetica-comedia-en-forma-de-vodevil\/","og_locale":"es_ES","og_type":"article","og_title":"\u2018Vive Moli\u00e8re\u2019: desternillante y fren\u00e9tica comedia en forma de vodevil","og_description":"Blog de cine y teatro. Blogs COPE. \u2018Vive Moli\u00e8re\u2019: desternillante y fren\u00e9tica comedia en forma de vodevil, cuenta con un reparto de f\u00e1bula","og_url":"https:\/\/www.cope.es\/blogs\/palomitas-de-maiz\/2022\/12\/30\/critica-teatro-vive-moliere-desternillante-y-frenetica-comedia-en-forma-de-vodevil\/","og_site_name":"Palomitas de Ma\u00edz","article_publisher":"https:\/\/www.facebook.com\/cope\/","article_author":"https:\/\/www.facebook.com\/palomitero\/","article_published_time":"2022-12-30T02:31:13+00:00","article_modified_time":"2022-12-30T02:34:50+00:00","og_image":[{"width":724,"height":427,"url":"https:\/\/www.cope.es\/blogs\/palomitas-de-maiz\/wp-content\/uploads\/sites\/6\/2022\/12\/cartel-vive-moliere-portada.jpg","type":"image\/jpeg"}],"author":"Jos\u00e9 Luis Panero","twitter_card":"summary_large_image","twitter_creator":"@PALOMITERO","twitter_site":"@cope_es","twitter_misc":{"Escrito por":"Jos\u00e9 Luis Panero","Tiempo de lectura":"3 minutos"},"schema":{"@context":"https:\/\/schema.org","@graph":[{"@type":"Article","@id":"https:\/\/www.cope.es\/blogs\/palomitas-de-maiz\/2022\/12\/30\/critica-teatro-vive-moliere-desternillante-y-frenetica-comedia-en-forma-de-vodevil\/#article","isPartOf":{"@id":"https:\/\/www.cope.es\/blogs\/palomitas-de-maiz\/2022\/12\/30\/critica-teatro-vive-moliere-desternillante-y-frenetica-comedia-en-forma-de-vodevil\/"},"author":{"name":"Jos\u00e9 Luis Panero","@id":"https:\/\/www.cope.es\/blogs\/palomitas-de-maiz\/#\/schema\/person\/9fb256f63733c964d19b06de1ca3c9ef"},"headline":"&#8216;Vive Moli\u00e8re&#8217;: desternillante y fren\u00e9tica comedia en forma de vodevil","datePublished":"2022-12-30T02:31:13+00:00","dateModified":"2022-12-30T02:34:50+00:00","mainEntityOfPage":{"@id":"https:\/\/www.cope.es\/blogs\/palomitas-de-maiz\/2022\/12\/30\/critica-teatro-vive-moliere-desternillante-y-frenetica-comedia-en-forma-de-vodevil\/"},"wordCount":672,"commentCount":0,"image":{"@id":"https:\/\/www.cope.es\/blogs\/palomitas-de-maiz\/2022\/12\/30\/critica-teatro-vive-moliere-desternillante-y-frenetica-comedia-en-forma-de-vodevil\/#primaryimage"},"thumbnailUrl":"https:\/\/www.cope.es\/blogs\/palomitas-de-maiz\/wp-content\/uploads\/sites\/6\/2022\/12\/cartel-vive-moliere-portada.jpg","keywords":["actualidad","Alejandro Ja\u00e9n","\u00c1lvaro Tato","Amalia Portes","Ay Teatro","Carmen Quir\u00f3s","cr\u00edtica de teatro","cultura","Daniel Mej\u00edas","david ruiz","Emilia Yag\u00fce Producciones","jean baptiste poquelin","Jorge Ochagav\u00eda","Juan de Vera","Kevin de la Rosa","Laura Ferrer","Maribel Rodr\u00edguez RH","marina camacho","Mario Portillo","Marta Estal","Miguel A. Camacho","moli\u00e8re","nuria castej\u00f3n","Sala Juan de la Cruz","Tatiana de Sarabia","teatro","teatro de la abad\u00eda","vive moli\u00e8re","yayo c\u00e1ceres"],"articleSection":["actualidad","Cr\u00edtica de Teatro","Teatro","Teatro de autor"],"inLanguage":"es","potentialAction":[{"@type":"CommentAction","name":"Comment","target":["https:\/\/www.cope.es\/blogs\/palomitas-de-maiz\/2022\/12\/30\/critica-teatro-vive-moliere-desternillante-y-frenetica-comedia-en-forma-de-vodevil\/#respond"]}]},{"@type":"WebPage","@id":"https:\/\/www.cope.es\/blogs\/palomitas-de-maiz\/2022\/12\/30\/critica-teatro-vive-moliere-desternillante-y-frenetica-comedia-en-forma-de-vodevil\/","url":"https:\/\/www.cope.es\/blogs\/palomitas-de-maiz\/2022\/12\/30\/critica-teatro-vive-moliere-desternillante-y-frenetica-comedia-en-forma-de-vodevil\/","name":"\u2018Vive Moli\u00e8re\u2019: desternillante y fren\u00e9tica comedia en forma de vodevil","isPartOf":{"@id":"https:\/\/www.cope.es\/blogs\/palomitas-de-maiz\/#website"},"primaryImageOfPage":{"@id":"https:\/\/www.cope.es\/blogs\/palomitas-de-maiz\/2022\/12\/30\/critica-teatro-vive-moliere-desternillante-y-frenetica-comedia-en-forma-de-vodevil\/#primaryimage"},"image":{"@id":"https:\/\/www.cope.es\/blogs\/palomitas-de-maiz\/2022\/12\/30\/critica-teatro-vive-moliere-desternillante-y-frenetica-comedia-en-forma-de-vodevil\/#primaryimage"},"thumbnailUrl":"https:\/\/www.cope.es\/blogs\/palomitas-de-maiz\/wp-content\/uploads\/sites\/6\/2022\/12\/cartel-vive-moliere-portada.jpg","datePublished":"2022-12-30T02:31:13+00:00","dateModified":"2022-12-30T02:34:50+00:00","author":{"@id":"https:\/\/www.cope.es\/blogs\/palomitas-de-maiz\/#\/schema\/person\/9fb256f63733c964d19b06de1ca3c9ef"},"description":"Blog de cine y teatro. Blogs COPE. \u2018Vive Moli\u00e8re\u2019: desternillante y fren\u00e9tica comedia en forma de vodevil, cuenta con un reparto de f\u00e1bula","breadcrumb":{"@id":"https:\/\/www.cope.es\/blogs\/palomitas-de-maiz\/2022\/12\/30\/critica-teatro-vive-moliere-desternillante-y-frenetica-comedia-en-forma-de-vodevil\/#breadcrumb"},"inLanguage":"es","potentialAction":[{"@type":"ReadAction","target":["https:\/\/www.cope.es\/blogs\/palomitas-de-maiz\/2022\/12\/30\/critica-teatro-vive-moliere-desternillante-y-frenetica-comedia-en-forma-de-vodevil\/"]}]},{"@type":"ImageObject","inLanguage":"es","@id":"https:\/\/www.cope.es\/blogs\/palomitas-de-maiz\/2022\/12\/30\/critica-teatro-vive-moliere-desternillante-y-frenetica-comedia-en-forma-de-vodevil\/#primaryimage","url":"https:\/\/www.cope.es\/blogs\/palomitas-de-maiz\/wp-content\/uploads\/sites\/6\/2022\/12\/cartel-vive-moliere-portada.jpg","contentUrl":"https:\/\/www.cope.es\/blogs\/palomitas-de-maiz\/wp-content\/uploads\/sites\/6\/2022\/12\/cartel-vive-moliere-portada.jpg","width":724,"height":427,"caption":"https:\/\/www.cope.es\/blogs\/palomitas-de-maiz\/2022\/12\/30\/critica-teatro-vive-moliere-desternillante-y-frenetica-comedia-en-forma-de-vodevil\/"},{"@type":"BreadcrumbList","@id":"https:\/\/www.cope.es\/blogs\/palomitas-de-maiz\/2022\/12\/30\/critica-teatro-vive-moliere-desternillante-y-frenetica-comedia-en-forma-de-vodevil\/#breadcrumb","itemListElement":[{"@type":"ListItem","position":1,"name":"Portada","item":"https:\/\/www.cope.es\/blogs\/palomitas-de-maiz\/"},{"@type":"ListItem","position":2,"name":"&#8216;Vive Moli\u00e8re&#8217;: desternillante y fren\u00e9tica comedia en forma de vodevil"}]},{"@type":"WebSite","@id":"https:\/\/www.cope.es\/blogs\/palomitas-de-maiz\/#website","url":"https:\/\/www.cope.es\/blogs\/palomitas-de-maiz\/","name":"Palomitas de Ma\u00edz","description":"Blog decano de cine de COPE","potentialAction":[{"@type":"SearchAction","target":{"@type":"EntryPoint","urlTemplate":"https:\/\/www.cope.es\/blogs\/palomitas-de-maiz\/?s={search_term_string}"},"query-input":{"@type":"PropertyValueSpecification","valueRequired":true,"valueName":"search_term_string"}}],"inLanguage":"es"},{"@type":"Person","@id":"https:\/\/www.cope.es\/blogs\/palomitas-de-maiz\/#\/schema\/person\/9fb256f63733c964d19b06de1ca3c9ef","name":"Jos\u00e9 Luis Panero","image":{"@type":"ImageObject","inLanguage":"es","@id":"https:\/\/secure.gravatar.com\/avatar\/2ef93951eab3cee25932a7219e566376cbf6ddedde3aa3098e7a971991a3ef12?s=96&d=mm&r=g","url":"https:\/\/secure.gravatar.com\/avatar\/2ef93951eab3cee25932a7219e566376cbf6ddedde3aa3098e7a971991a3ef12?s=96&d=mm&r=g","contentUrl":"https:\/\/secure.gravatar.com\/avatar\/2ef93951eab3cee25932a7219e566376cbf6ddedde3aa3098e7a971991a3ef12?s=96&d=mm&r=g","caption":"Jos\u00e9 Luis Panero"},"description":"Licenciado en Periodismo y en Comunicaci\u00f3n Audiovisual. Tras m\u00e1s de cuatro a\u00f1os en el diario 'La Gaceta de Los Negocios' y el programa f\u00edlmico 'Pantalla Grande', es cr\u00edtico de cine en 'Ciudad Nueva', 'Pantalla 90', 'COPE' o 'Aleteia' y cr\u00edtico de teatro en 'Hoy en la city'. Ha sido coguionista y ayudante de direcci\u00f3n de cine, ponente en los coloquios de cine del foro FNAC y profesor universitario en diferentes cursos de Periodismo Social. Desde 2003 es miembro del C\u00edrculo de Escritores Cinematogr\u00e1ficos (CEC). En 2008 fund\u00f3 en 'COPE' su blog de cine 'Palomitas de Ma\u00edz'. En 2017 fue nombrado Jurado Oficial del Festival Internacional de Cine de Fuengirola (M\u00e1laga) y ese a\u00f1o la instituci\u00f3n educativa Trinity College-Liceo Serrano le distingui\u00f3 con el nombramiento de 'Profesor de Honor' del centro y miembro ilustre del claustro de profesores. En 2019 fue nombrado Jurado Oficial del Festival Internacional de Cine de Vera (Almer\u00eda). En 2020 fue nombrado Jurado Oficial del Festival Internacional de Cine de Terror de La Mar Bella (Marbella). Como int\u00e9rprete ha sido galardonado con el Premio al Actor Principal del I Festival Nacional UNIR de teatro. Desde 2020 es acad\u00e9mico de las Artes Esc\u00e9nicas de Espa\u00f1a. En 2023 fue nombrado Jurado Oficial de los 'Premios Tal\u00eda' en su I Edici\u00f3n. Y miembro de ASHUMES (Asociaci\u00f3n del Humorismo Espa\u00f1ol) a partir de 2022. En 2023 fue nombrado Jurado Oficial de la II Edici\u00f3n de los 'Premios Godot'.","sameAs":["http:\/\/www.cope.es","https:\/\/www.facebook.com\/palomitero\/","https:\/\/www.instagram.com\/joseluispanero\/","https:\/\/www.linkedin.com\/in\/jos-luis-panero-gonzlez-barosa-7722a716\/","https:\/\/x.com\/PALOMITERO","https:\/\/www.youtube.com\/channel\/UCQYaNGiETUXUPXjYu9p3lNw\/videos?","https:\/\/es.wikipedia.org\/wiki\/Jos_Luis_Panero_Gonzlez-Barosa"],"url":"https:\/\/www.cope.es\/blogs\/palomitas-de-maiz\/author\/jlpanero\/"}]}},"amp_enabled":true,"_links":{"self":[{"href":"https:\/\/www.cope.es\/blogs\/palomitas-de-maiz\/wp-json\/wp\/v2\/posts\/9883","targetHints":{"allow":["GET"]}}],"collection":[{"href":"https:\/\/www.cope.es\/blogs\/palomitas-de-maiz\/wp-json\/wp\/v2\/posts"}],"about":[{"href":"https:\/\/www.cope.es\/blogs\/palomitas-de-maiz\/wp-json\/wp\/v2\/types\/post"}],"author":[{"embeddable":true,"href":"https:\/\/www.cope.es\/blogs\/palomitas-de-maiz\/wp-json\/wp\/v2\/users\/6"}],"replies":[{"embeddable":true,"href":"https:\/\/www.cope.es\/blogs\/palomitas-de-maiz\/wp-json\/wp\/v2\/comments?post=9883"}],"version-history":[{"count":2,"href":"https:\/\/www.cope.es\/blogs\/palomitas-de-maiz\/wp-json\/wp\/v2\/posts\/9883\/revisions"}],"predecessor-version":[{"id":9895,"href":"https:\/\/www.cope.es\/blogs\/palomitas-de-maiz\/wp-json\/wp\/v2\/posts\/9883\/revisions\/9895"}],"wp:featuredmedia":[{"embeddable":true,"href":"https:\/\/www.cope.es\/blogs\/palomitas-de-maiz\/wp-json\/wp\/v2\/media\/9885"}],"wp:attachment":[{"href":"https:\/\/www.cope.es\/blogs\/palomitas-de-maiz\/wp-json\/wp\/v2\/media?parent=9883"}],"wp:term":[{"taxonomy":"category","embeddable":true,"href":"https:\/\/www.cope.es\/blogs\/palomitas-de-maiz\/wp-json\/wp\/v2\/categories?post=9883"},{"taxonomy":"post_tag","embeddable":true,"href":"https:\/\/www.cope.es\/blogs\/palomitas-de-maiz\/wp-json\/wp\/v2\/tags?post=9883"}],"curies":[{"name":"wp","href":"https:\/\/api.w.org\/{rel}","templated":true}]}}