{"id":9793,"date":"2022-11-26T18:18:43","date_gmt":"2022-11-26T17:18:43","guid":{"rendered":"http:\/\/www.cope.es\/blogs\/palomitas-de-maiz\/?p=9793"},"modified":"2022-11-26T18:22:20","modified_gmt":"2022-11-26T17:22:20","slug":"tony-leblanc-10-anos-sin-el-maestro-de-los-humoristas","status":"publish","type":"post","link":"https:\/\/www.cope.es\/blogs\/palomitas-de-maiz\/2022\/11\/26\/tony-leblanc-10-anos-sin-el-maestro-de-los-humoristas\/","title":{"rendered":"10 a\u00f1os sin Tony Leblanc, el maestro del humor"},"content":{"rendered":"<p class=\"x1qodse3\" style=\"margin: 0cm;margin-bottom: .0001pt;text-align: justify;background: white\"><span style=\"color: #050505;letter-spacing: -.1pt\">\u00a1Mis queridos palomiteros! Tony Leblanc: 10 a\u00f1os sin el maestro de los humoristas<\/span><span style=\"color: #050505;letter-spacing: -.1pt\">. <\/span><span style=\"color: #050505;letter-spacing: -.1pt\">Parece que fue ayer cuando <strong>Tony Leblanc<\/strong> nos dijo adi\u00f3s. Y, como sab\u00e9is, el pasado jueves, 24 de noviembre, <a href=\"https:\/\/es.wikipedia.org\/wiki\/Tony_Leblanc\" target=\"_blank\">se cumplieron 10 a\u00f1os desde que nos falta<\/a>. Le tengo presente por varios motivos. Uno de ellos tiene que ver con la iniciativa que llev\u00f3 a t\u00e9rmino <a href=\"http:\/\/ashumes.org\/\" target=\"_blank\">ASHUMES<\/a> en formato de homenaje al actor por el centenario de su nacimiento, que se conmemor\u00f3 el 7 de mayo, y en la que pude colaborar.<\/span><\/p>\n<p><iframe loading=\"lazy\" title=\"Tony Leblanc, Mi Amigo. ASHUMES  homenajea  al actor en el centenario de su nacimiento Documental HD\" width=\"675\" height=\"380\" src=\"https:\/\/www.youtube.com\/embed\/pHSg2e48nyw?feature=oembed\" frameborder=\"0\" allow=\"accelerometer; autoplay; clipboard-write; encrypted-media; gyroscope; picture-in-picture\" allowfullscreen><\/iframe><\/p>\n<p class=\"x1qodse3\" style=\"margin: 0cm;margin-bottom: .0001pt;text-align: justify;background: white\"><span style=\"color: #050505;letter-spacing: -.1pt\">O simplemente me acuerdo de \u00e9l porque era un hombre y un humorista genial que ha hecho, y hace, que su modo de hacer re\u00edr est\u00e9 m\u00e1s vivo que nunca, sea por su car\u00e1cter genuino, sea por su destacada personalidad.<\/span><\/p>\n<h2><span style=\"color: #050505;letter-spacing: -.1pt\">Tony Leblanc: 10 a\u00f1os sin el maestro de los humoristas<\/span><\/h2>\n<p class=\"x1qodse3\" style=\"margin: 0cm;margin-bottom: .0001pt;text-align: justify;background: white\"><span style=\"color: #050505;letter-spacing: -.1pt\">A don <strong>Ignacio Fern\u00e1ndez S\u00e1nchez<\/strong> solo le conoc\u00ed de vista&#8230; Embutido como sigo entre saraos, siento mucho no haberme acercado un poco m\u00e1s hasta \u00e9l para haberle dado un abrazo y haberle dicho: \u201c\u00a1Gracias!\u201d. Porque habr\u00eda sido muestra suficiente. Y ahora, cuando puedo escribir sobre \u00e9l cuando ya no est\u00e1 entre nosotros, me detengo un momento a pensar\u00a0<b>qu\u00e9 hubiera sido del <\/b><a href=\"http:\/\/www.cope.es\/blogs\/palomitas-de-maiz\/2022\/06\/02\/catedra-homenajea-al-cineasta-juan-antonio-bardem-en-su-centenario-y-todavia-sigue-memorias-cine\/\"><strong>cine espa\u00f1ol <\/strong><\/a><b>sin \u00e9l<\/b>. Sin cada una de sus comedias, sin\u00a0<i>El tigre de Chamber\u00ed<\/i>\u00a0o\u00a0<i>La casa de los Mart\u00ednez<\/i>. Incluso sin algunos puntos de inflexi\u00f3n en su vida tras su, en principio,\u00a0<b>retirada de los escenarios en 1975<\/b>\u00a0o su\u00a0<b>accidente de autom\u00f3vil en 1983 <\/b>que le dej\u00f3 graves secuelas.<\/span><\/p>\n<figure id=\"attachment_9799\" aria-describedby=\"caption-attachment-9799\" style=\"width: 725px\" class=\"wp-caption aligncenter\"><img loading=\"lazy\" decoding=\"async\" width=\"725\" height=\"407\" class=\"wp-image-9799 size-full\" src=\"http:\/\/www.cope.es\/blogs\/palomitas-de-maiz\/wp-content\/uploads\/sites\/6\/2022\/11\/pasaje-tony-leblanc-1.jpg\" alt=\"Tony Leblanc: 10 a\u00f1os sin el maestro de los humoristas\" srcset=\"https:\/\/www.cope.es\/blogs\/palomitas-de-maiz\/wp-content\/uploads\/sites\/6\/2022\/11\/pasaje-tony-leblanc-1.jpg 725w, https:\/\/www.cope.es\/blogs\/palomitas-de-maiz\/wp-content\/uploads\/sites\/6\/2022\/11\/pasaje-tony-leblanc-1-300x168.jpg 300w\" sizes=\"auto, (max-width: 725px) 100vw, 725px\" \/><figcaption id=\"caption-attachment-9799\" class=\"wp-caption-text\"><strong>Tony Leblanc: 10 a\u00f1os sin el maestro de los humoristas<\/strong><\/figcaption><\/figure>\n<p class=\"x1qodse3\" style=\"margin: 0cm;margin-bottom: .0001pt;text-align: justify;background: white\"><b><span style=\"color: #050505;letter-spacing: -.1pt\">Su forma de ser<\/span><\/b><span style=\"color: #050505;letter-spacing: -.1pt\">, de hacer cine y de entender la vida desde su optimismo galopante,\u00a0<b>convierten a Leblanc en una figura a la que tomar como ejemplo<\/b>. No en vano, pose\u00eda un esp\u00edritu emprendedor que todo lo hac\u00eda nuevo Y a ello se un\u00eda su voluntad de crecimiento personal y de adaptaci\u00f3n al medio, lo cual favoreci\u00f3 que el polifac\u00e9tico actor y director\u00a0<b>Santiago Segura<\/b>\u00a0le resucitara de su destierro casero y de nuevo\u00a0<b>saltara a la palestra para interpretar a los familiares de<\/b>\u00a0<i>Torrente<\/i>.\u00a0<\/span><\/p>\n<p class=\"x1qodse3\" style=\"margin: 0cm;margin-bottom: .0001pt;text-align: justify;background: white\"><span style=\"color: #050505;letter-spacing: -.1pt\">De hecho, Leblanc siempre ha estado muy agradecido a Santiago Segura por esa invitaci\u00f3n de volver al cine y no ha habido entrevista alguna en la que no haya hecho referencia al int\u00e9rprete que le propin\u00f3 un fuerte empuj\u00f3n hasta recibir el\u00a0<b>Goya al Mejor Actor Secundario en 1997<\/b>\u00a0por su trabajo en la saga torrentera, a pesar de que ya ten\u00eda uno Honor\u00edfico desde 1993.<\/span><\/p>\n<figure id=\"attachment_9796\" aria-describedby=\"caption-attachment-9796\" style=\"width: 725px\" class=\"wp-caption aligncenter\"><img loading=\"lazy\" decoding=\"async\" width=\"725\" height=\"407\" class=\"wp-image-9796 size-full\" src=\"http:\/\/www.cope.es\/blogs\/palomitas-de-maiz\/wp-content\/uploads\/sites\/6\/2022\/11\/tony-leblanc-2.jpg\" alt=\"Tony Leblanc: 10 a\u00f1os sin el maestro de los humoristas\" srcset=\"https:\/\/www.cope.es\/blogs\/palomitas-de-maiz\/wp-content\/uploads\/sites\/6\/2022\/11\/tony-leblanc-2.jpg 725w, https:\/\/www.cope.es\/blogs\/palomitas-de-maiz\/wp-content\/uploads\/sites\/6\/2022\/11\/tony-leblanc-2-300x168.jpg 300w\" sizes=\"auto, (max-width: 725px) 100vw, 725px\" \/><figcaption id=\"caption-attachment-9796\" class=\"wp-caption-text\"><strong>Tony Leblanc: 10 a\u00f1os sin el maestro de los humoristas<\/strong><\/figcaption><\/figure>\n<p class=\"x1qodse3\" style=\"margin: 0cm;margin-bottom: .0001pt;text-align: justify;background: white\"><span style=\"color: #050505;letter-spacing: -.1pt\">No puedo decir nada m\u00e1s y nada menos.\u00a0<b>Revisiten su filmograf\u00eda cinematogr\u00e1fica y teatral, sus libros, escritos<\/b>&#8230; e ir\u00e1n valorando si el peso de la figura de Tony Leblanc est\u00e1 amortizado.\u00a0<\/span><\/p>\n<p class=\"x1qodse3\" style=\"margin: 0cm;margin-bottom: .0001pt;text-align: justify;background: white\"><span style=\"color: #050505;letter-spacing: -.1pt\">Lo que s\u00ed s\u00e9 es que hay corazones que no mueren aunque hayan dejado de latir. Se le quiere, Tony. Descanse en Paz.<\/span><\/p>\n<p><iframe loading=\"lazy\" title=\"PASAJE DE TONY LEBLANC;  ASHUMES ACUDI\u00d3 AL ACTO DE INAUGURACI\u00d3N EN MADRID EL 28 DE OCTUBRE 2022 HD\u24c7\" width=\"508\" height=\"381\" src=\"https:\/\/www.youtube.com\/embed\/-VtlSa-jvB8?feature=oembed\" frameborder=\"0\" allow=\"accelerometer; autoplay; clipboard-write; encrypted-media; gyroscope; picture-in-picture\" allowfullscreen><\/iframe><\/p>\n","protected":false},"excerpt":{"rendered":"<p>\u00a1Mis queridos palomiteros! Tony Leblanc: 10 a\u00f1os sin el maestro de los humoristas. Parece que fue ayer cuando Tony Leblanc nos dijo adi\u00f3s. Y, como sab\u00e9is, el pasado jueves, 24 de noviembre, se cumplieron 10 a\u00f1os desde que nos falta. Le tengo presente por varios motivos. Uno de ellos tiene que ver con la iniciativa [&hellip;]<\/p>\n","protected":false},"author":6,"featured_media":9794,"comment_status":"open","ping_status":"open","sticky":false,"template":"","format":"standard","meta":{"footnotes":""},"categories":[336,49,825],"tags":[2678,10842,10841,10225,4584,829,3774,916,10839,10840,10838],"class_list":["post-9793","post","type-post","status-publish","format-standard","has-post-thumbnail","hentry","category-actualidad","category-cine","category-homenaje","tag-10-anos","tag-24-de-noviembre","tag-7-de-mayo","tag-ashumes","tag-centenario","tag-homenaje","tag-humor","tag-madrid","tag-maestro","tag-pasaje","tag-tony-leblanc"],"yoast_head":"<!-- This site is optimized with the Yoast SEO plugin v27.4 - https:\/\/yoast.com\/product\/yoast-seo-wordpress\/ -->\n<title>Tony Leblanc: 10 a\u00f1os sin el maestro de los humoristas<\/title>\n<meta name=\"description\" content=\"Blog de cine y teatro. Blogs COPE. Tony Leblanc: 10 a\u00f1os sin el maestro de los humoristas, que ya tiene placa en la calle San Mateo\" \/>\n<meta name=\"robots\" content=\"index, follow, max-snippet:-1, max-image-preview:large, max-video-preview:-1\" \/>\n<link rel=\"canonical\" href=\"https:\/\/www.cope.es\/blogs\/palomitas-de-maiz\/2022\/11\/26\/tony-leblanc-10-anos-sin-el-maestro-de-los-humoristas\/\" \/>\n<meta property=\"og:locale\" content=\"es_ES\" \/>\n<meta property=\"og:type\" content=\"article\" \/>\n<meta property=\"og:title\" content=\"Tony Leblanc: 10 a\u00f1os sin el maestro de los humoristas\" \/>\n<meta property=\"og:description\" content=\"Blog de cine y teatro. Blogs COPE. Tony Leblanc: 10 a\u00f1os sin el maestro de los humoristas, que ya tiene placa en la calle San Mateo\" \/>\n<meta property=\"og:url\" content=\"https:\/\/www.cope.es\/blogs\/palomitas-de-maiz\/2022\/11\/26\/tony-leblanc-10-anos-sin-el-maestro-de-los-humoristas\/\" \/>\n<meta property=\"og:site_name\" content=\"Palomitas de Ma\u00edz\" \/>\n<meta property=\"article:publisher\" content=\"https:\/\/www.facebook.com\/cope\/\" \/>\n<meta property=\"article:author\" content=\"https:\/\/www.facebook.com\/palomitero\/\" \/>\n<meta property=\"article:published_time\" content=\"2022-11-26T17:18:43+00:00\" \/>\n<meta property=\"article:modified_time\" content=\"2022-11-26T17:22:20+00:00\" \/>\n<meta property=\"og:image\" content=\"https:\/\/www.cope.es\/blogs\/palomitas-de-maiz\/wp-content\/uploads\/sites\/6\/2022\/11\/tony-leblanc.jpg\" \/>\n\t<meta property=\"og:image:width\" content=\"725\" \/>\n\t<meta property=\"og:image:height\" content=\"407\" \/>\n\t<meta property=\"og:image:type\" content=\"image\/jpeg\" \/>\n<meta name=\"author\" content=\"Jos\u00e9 Luis Panero\" \/>\n<meta name=\"twitter:card\" content=\"summary_large_image\" \/>\n<meta name=\"twitter:creator\" content=\"@PALOMITERO\" \/>\n<meta name=\"twitter:site\" content=\"@cope_es\" \/>\n<meta name=\"twitter:label1\" content=\"Escrito por\" \/>\n\t<meta name=\"twitter:data1\" content=\"Jos\u00e9 Luis Panero\" \/>\n\t<meta name=\"twitter:label2\" content=\"Tiempo de lectura\" \/>\n\t<meta name=\"twitter:data2\" content=\"3 minutos\" \/>\n<script type=\"application\/ld+json\" class=\"yoast-schema-graph\">{\"@context\":\"https:\\\/\\\/schema.org\",\"@graph\":[{\"@type\":\"Article\",\"@id\":\"https:\\\/\\\/www.cope.es\\\/blogs\\\/palomitas-de-maiz\\\/2022\\\/11\\\/26\\\/tony-leblanc-10-anos-sin-el-maestro-de-los-humoristas\\\/#article\",\"isPartOf\":{\"@id\":\"https:\\\/\\\/www.cope.es\\\/blogs\\\/palomitas-de-maiz\\\/2022\\\/11\\\/26\\\/tony-leblanc-10-anos-sin-el-maestro-de-los-humoristas\\\/\"},\"author\":{\"name\":\"Jos\u00e9 Luis Panero\",\"@id\":\"https:\\\/\\\/www.cope.es\\\/blogs\\\/palomitas-de-maiz\\\/#\\\/schema\\\/person\\\/9fb256f63733c964d19b06de1ca3c9ef\"},\"headline\":\"10 a\u00f1os sin Tony Leblanc, el maestro del humor\",\"datePublished\":\"2022-11-26T17:18:43+00:00\",\"dateModified\":\"2022-11-26T17:22:20+00:00\",\"mainEntityOfPage\":{\"@id\":\"https:\\\/\\\/www.cope.es\\\/blogs\\\/palomitas-de-maiz\\\/2022\\\/11\\\/26\\\/tony-leblanc-10-anos-sin-el-maestro-de-los-humoristas\\\/\"},\"wordCount\":537,\"commentCount\":0,\"image\":{\"@id\":\"https:\\\/\\\/www.cope.es\\\/blogs\\\/palomitas-de-maiz\\\/2022\\\/11\\\/26\\\/tony-leblanc-10-anos-sin-el-maestro-de-los-humoristas\\\/#primaryimage\"},\"thumbnailUrl\":\"https:\\\/\\\/www.cope.es\\\/blogs\\\/palomitas-de-maiz\\\/wp-content\\\/uploads\\\/sites\\\/6\\\/2022\\\/11\\\/tony-leblanc.jpg\",\"keywords\":[\"10 a\u00f1os\",\"24 de noviembre\",\"7 de mayo\",\"ashumes\",\"centenario\",\"homenaje\",\"humor\",\"Madrid\",\"maestro\",\"pasaje\",\"tony leblanc\"],\"articleSection\":[\"actualidad\",\"Cine\",\"homenaje\"],\"inLanguage\":\"es\",\"potentialAction\":[{\"@type\":\"CommentAction\",\"name\":\"Comment\",\"target\":[\"https:\\\/\\\/www.cope.es\\\/blogs\\\/palomitas-de-maiz\\\/2022\\\/11\\\/26\\\/tony-leblanc-10-anos-sin-el-maestro-de-los-humoristas\\\/#respond\"]}]},{\"@type\":\"WebPage\",\"@id\":\"https:\\\/\\\/www.cope.es\\\/blogs\\\/palomitas-de-maiz\\\/2022\\\/11\\\/26\\\/tony-leblanc-10-anos-sin-el-maestro-de-los-humoristas\\\/\",\"url\":\"https:\\\/\\\/www.cope.es\\\/blogs\\\/palomitas-de-maiz\\\/2022\\\/11\\\/26\\\/tony-leblanc-10-anos-sin-el-maestro-de-los-humoristas\\\/\",\"name\":\"Tony Leblanc: 10 a\u00f1os sin el maestro de los humoristas\",\"isPartOf\":{\"@id\":\"https:\\\/\\\/www.cope.es\\\/blogs\\\/palomitas-de-maiz\\\/#website\"},\"primaryImageOfPage\":{\"@id\":\"https:\\\/\\\/www.cope.es\\\/blogs\\\/palomitas-de-maiz\\\/2022\\\/11\\\/26\\\/tony-leblanc-10-anos-sin-el-maestro-de-los-humoristas\\\/#primaryimage\"},\"image\":{\"@id\":\"https:\\\/\\\/www.cope.es\\\/blogs\\\/palomitas-de-maiz\\\/2022\\\/11\\\/26\\\/tony-leblanc-10-anos-sin-el-maestro-de-los-humoristas\\\/#primaryimage\"},\"thumbnailUrl\":\"https:\\\/\\\/www.cope.es\\\/blogs\\\/palomitas-de-maiz\\\/wp-content\\\/uploads\\\/sites\\\/6\\\/2022\\\/11\\\/tony-leblanc.jpg\",\"datePublished\":\"2022-11-26T17:18:43+00:00\",\"dateModified\":\"2022-11-26T17:22:20+00:00\",\"author\":{\"@id\":\"https:\\\/\\\/www.cope.es\\\/blogs\\\/palomitas-de-maiz\\\/#\\\/schema\\\/person\\\/9fb256f63733c964d19b06de1ca3c9ef\"},\"description\":\"Blog de cine y teatro. Blogs COPE. Tony Leblanc: 10 a\u00f1os sin el maestro de los humoristas, que ya tiene placa en la calle San Mateo\",\"breadcrumb\":{\"@id\":\"https:\\\/\\\/www.cope.es\\\/blogs\\\/palomitas-de-maiz\\\/2022\\\/11\\\/26\\\/tony-leblanc-10-anos-sin-el-maestro-de-los-humoristas\\\/#breadcrumb\"},\"inLanguage\":\"es\",\"potentialAction\":[{\"@type\":\"ReadAction\",\"target\":[\"https:\\\/\\\/www.cope.es\\\/blogs\\\/palomitas-de-maiz\\\/2022\\\/11\\\/26\\\/tony-leblanc-10-anos-sin-el-maestro-de-los-humoristas\\\/\"]}]},{\"@type\":\"ImageObject\",\"inLanguage\":\"es\",\"@id\":\"https:\\\/\\\/www.cope.es\\\/blogs\\\/palomitas-de-maiz\\\/2022\\\/11\\\/26\\\/tony-leblanc-10-anos-sin-el-maestro-de-los-humoristas\\\/#primaryimage\",\"url\":\"https:\\\/\\\/www.cope.es\\\/blogs\\\/palomitas-de-maiz\\\/wp-content\\\/uploads\\\/sites\\\/6\\\/2022\\\/11\\\/tony-leblanc.jpg\",\"contentUrl\":\"https:\\\/\\\/www.cope.es\\\/blogs\\\/palomitas-de-maiz\\\/wp-content\\\/uploads\\\/sites\\\/6\\\/2022\\\/11\\\/tony-leblanc.jpg\",\"width\":725,\"height\":407,\"caption\":\"https:\\\/\\\/www.cope.es\\\/blogs\\\/palomitas-de-maiz\\\/2022\\\/11\\\/26\\\/tony-leblanc-10-anos-sin-el-maestro-de-los-humoristas\\\/\"},{\"@type\":\"BreadcrumbList\",\"@id\":\"https:\\\/\\\/www.cope.es\\\/blogs\\\/palomitas-de-maiz\\\/2022\\\/11\\\/26\\\/tony-leblanc-10-anos-sin-el-maestro-de-los-humoristas\\\/#breadcrumb\",\"itemListElement\":[{\"@type\":\"ListItem\",\"position\":1,\"name\":\"Portada\",\"item\":\"https:\\\/\\\/www.cope.es\\\/blogs\\\/palomitas-de-maiz\\\/\"},{\"@type\":\"ListItem\",\"position\":2,\"name\":\"10 a\u00f1os sin Tony Leblanc, el maestro del humor\"}]},{\"@type\":\"WebSite\",\"@id\":\"https:\\\/\\\/www.cope.es\\\/blogs\\\/palomitas-de-maiz\\\/#website\",\"url\":\"https:\\\/\\\/www.cope.es\\\/blogs\\\/palomitas-de-maiz\\\/\",\"name\":\"Palomitas de Ma\u00edz\",\"description\":\"Blog decano de cine de COPE\",\"potentialAction\":[{\"@type\":\"SearchAction\",\"target\":{\"@type\":\"EntryPoint\",\"urlTemplate\":\"https:\\\/\\\/www.cope.es\\\/blogs\\\/palomitas-de-maiz\\\/?s={search_term_string}\"},\"query-input\":{\"@type\":\"PropertyValueSpecification\",\"valueRequired\":true,\"valueName\":\"search_term_string\"}}],\"inLanguage\":\"es\"},{\"@type\":\"Person\",\"@id\":\"https:\\\/\\\/www.cope.es\\\/blogs\\\/palomitas-de-maiz\\\/#\\\/schema\\\/person\\\/9fb256f63733c964d19b06de1ca3c9ef\",\"name\":\"Jos\u00e9 Luis Panero\",\"image\":{\"@type\":\"ImageObject\",\"inLanguage\":\"es\",\"@id\":\"https:\\\/\\\/secure.gravatar.com\\\/avatar\\\/2ef93951eab3cee25932a7219e566376cbf6ddedde3aa3098e7a971991a3ef12?s=96&d=mm&r=g\",\"url\":\"https:\\\/\\\/secure.gravatar.com\\\/avatar\\\/2ef93951eab3cee25932a7219e566376cbf6ddedde3aa3098e7a971991a3ef12?s=96&d=mm&r=g\",\"contentUrl\":\"https:\\\/\\\/secure.gravatar.com\\\/avatar\\\/2ef93951eab3cee25932a7219e566376cbf6ddedde3aa3098e7a971991a3ef12?s=96&d=mm&r=g\",\"caption\":\"Jos\u00e9 Luis Panero\"},\"description\":\"Licenciado en Periodismo y en Comunicaci\u00f3n Audiovisual. Tras m\u00e1s de cuatro a\u00f1os en el diario 'La Gaceta de Los Negocios' y el programa f\u00edlmico 'Pantalla Grande', es cr\u00edtico de cine en 'Ciudad Nueva', 'Pantalla 90', 'COPE' o 'Aleteia' y cr\u00edtico de teatro en 'Hoy en la city'. Ha sido coguionista y ayudante de direcci\u00f3n de cine, ponente en los coloquios de cine del foro FNAC y profesor universitario en diferentes cursos de Periodismo Social. Desde 2003 es miembro del C\u00edrculo de Escritores Cinematogr\u00e1ficos (CEC). En 2008 fund\u00f3 en 'COPE' su blog de cine 'Palomitas de Ma\u00edz'. En 2017 fue nombrado Jurado Oficial del Festival Internacional de Cine de Fuengirola (M\u00e1laga) y ese a\u00f1o la instituci\u00f3n educativa Trinity College-Liceo Serrano le distingui\u00f3 con el nombramiento de 'Profesor de Honor' del centro y miembro ilustre del claustro de profesores. En 2019 fue nombrado Jurado Oficial del Festival Internacional de Cine de Vera (Almer\u00eda). En 2020 fue nombrado Jurado Oficial del Festival Internacional de Cine de Terror de La Mar Bella (Marbella). Como int\u00e9rprete ha sido galardonado con el Premio al Actor Principal del I Festival Nacional UNIR de teatro. Desde 2020 es acad\u00e9mico de las Artes Esc\u00e9nicas de Espa\u00f1a. En 2023 fue nombrado Jurado Oficial de los 'Premios Tal\u00eda' en su I Edici\u00f3n. Y miembro de ASHUMES (Asociaci\u00f3n del Humorismo Espa\u00f1ol) a partir de 2022. En 2023 fue nombrado Jurado Oficial de la II Edici\u00f3n de los 'Premios Godot'.\",\"sameAs\":[\"http:\\\/\\\/www.cope.es\",\"https:\\\/\\\/www.facebook.com\\\/palomitero\\\/\",\"https:\\\/\\\/www.instagram.com\\\/joseluispanero\\\/\",\"https:\\\/\\\/www.linkedin.com\\\/in\\\/jos-luis-panero-gonzlez-barosa-7722a716\\\/\",\"https:\\\/\\\/x.com\\\/PALOMITERO\",\"https:\\\/\\\/www.youtube.com\\\/channel\\\/UCQYaNGiETUXUPXjYu9p3lNw\\\/videos?\",\"https:\\\/\\\/es.wikipedia.org\\\/wiki\\\/Jos_Luis_Panero_Gonzlez-Barosa\"],\"url\":\"https:\\\/\\\/www.cope.es\\\/blogs\\\/palomitas-de-maiz\\\/author\\\/jlpanero\\\/\"}]}<\/script>\n<!-- \/ Yoast SEO plugin. -->","yoast_head_json":{"title":"Tony Leblanc: 10 a\u00f1os sin el maestro de los humoristas","description":"Blog de cine y teatro. Blogs COPE. Tony Leblanc: 10 a\u00f1os sin el maestro de los humoristas, que ya tiene placa en la calle San Mateo","robots":{"index":"index","follow":"follow","max-snippet":"max-snippet:-1","max-image-preview":"max-image-preview:large","max-video-preview":"max-video-preview:-1"},"canonical":"https:\/\/www.cope.es\/blogs\/palomitas-de-maiz\/2022\/11\/26\/tony-leblanc-10-anos-sin-el-maestro-de-los-humoristas\/","og_locale":"es_ES","og_type":"article","og_title":"Tony Leblanc: 10 a\u00f1os sin el maestro de los humoristas","og_description":"Blog de cine y teatro. Blogs COPE. Tony Leblanc: 10 a\u00f1os sin el maestro de los humoristas, que ya tiene placa en la calle San Mateo","og_url":"https:\/\/www.cope.es\/blogs\/palomitas-de-maiz\/2022\/11\/26\/tony-leblanc-10-anos-sin-el-maestro-de-los-humoristas\/","og_site_name":"Palomitas de Ma\u00edz","article_publisher":"https:\/\/www.facebook.com\/cope\/","article_author":"https:\/\/www.facebook.com\/palomitero\/","article_published_time":"2022-11-26T17:18:43+00:00","article_modified_time":"2022-11-26T17:22:20+00:00","og_image":[{"width":725,"height":407,"url":"https:\/\/www.cope.es\/blogs\/palomitas-de-maiz\/wp-content\/uploads\/sites\/6\/2022\/11\/tony-leblanc.jpg","type":"image\/jpeg"}],"author":"Jos\u00e9 Luis Panero","twitter_card":"summary_large_image","twitter_creator":"@PALOMITERO","twitter_site":"@cope_es","twitter_misc":{"Escrito por":"Jos\u00e9 Luis Panero","Tiempo de lectura":"3 minutos"},"schema":{"@context":"https:\/\/schema.org","@graph":[{"@type":"Article","@id":"https:\/\/www.cope.es\/blogs\/palomitas-de-maiz\/2022\/11\/26\/tony-leblanc-10-anos-sin-el-maestro-de-los-humoristas\/#article","isPartOf":{"@id":"https:\/\/www.cope.es\/blogs\/palomitas-de-maiz\/2022\/11\/26\/tony-leblanc-10-anos-sin-el-maestro-de-los-humoristas\/"},"author":{"name":"Jos\u00e9 Luis Panero","@id":"https:\/\/www.cope.es\/blogs\/palomitas-de-maiz\/#\/schema\/person\/9fb256f63733c964d19b06de1ca3c9ef"},"headline":"10 a\u00f1os sin Tony Leblanc, el maestro del humor","datePublished":"2022-11-26T17:18:43+00:00","dateModified":"2022-11-26T17:22:20+00:00","mainEntityOfPage":{"@id":"https:\/\/www.cope.es\/blogs\/palomitas-de-maiz\/2022\/11\/26\/tony-leblanc-10-anos-sin-el-maestro-de-los-humoristas\/"},"wordCount":537,"commentCount":0,"image":{"@id":"https:\/\/www.cope.es\/blogs\/palomitas-de-maiz\/2022\/11\/26\/tony-leblanc-10-anos-sin-el-maestro-de-los-humoristas\/#primaryimage"},"thumbnailUrl":"https:\/\/www.cope.es\/blogs\/palomitas-de-maiz\/wp-content\/uploads\/sites\/6\/2022\/11\/tony-leblanc.jpg","keywords":["10 a\u00f1os","24 de noviembre","7 de mayo","ashumes","centenario","homenaje","humor","Madrid","maestro","pasaje","tony leblanc"],"articleSection":["actualidad","Cine","homenaje"],"inLanguage":"es","potentialAction":[{"@type":"CommentAction","name":"Comment","target":["https:\/\/www.cope.es\/blogs\/palomitas-de-maiz\/2022\/11\/26\/tony-leblanc-10-anos-sin-el-maestro-de-los-humoristas\/#respond"]}]},{"@type":"WebPage","@id":"https:\/\/www.cope.es\/blogs\/palomitas-de-maiz\/2022\/11\/26\/tony-leblanc-10-anos-sin-el-maestro-de-los-humoristas\/","url":"https:\/\/www.cope.es\/blogs\/palomitas-de-maiz\/2022\/11\/26\/tony-leblanc-10-anos-sin-el-maestro-de-los-humoristas\/","name":"Tony Leblanc: 10 a\u00f1os sin el maestro de los humoristas","isPartOf":{"@id":"https:\/\/www.cope.es\/blogs\/palomitas-de-maiz\/#website"},"primaryImageOfPage":{"@id":"https:\/\/www.cope.es\/blogs\/palomitas-de-maiz\/2022\/11\/26\/tony-leblanc-10-anos-sin-el-maestro-de-los-humoristas\/#primaryimage"},"image":{"@id":"https:\/\/www.cope.es\/blogs\/palomitas-de-maiz\/2022\/11\/26\/tony-leblanc-10-anos-sin-el-maestro-de-los-humoristas\/#primaryimage"},"thumbnailUrl":"https:\/\/www.cope.es\/blogs\/palomitas-de-maiz\/wp-content\/uploads\/sites\/6\/2022\/11\/tony-leblanc.jpg","datePublished":"2022-11-26T17:18:43+00:00","dateModified":"2022-11-26T17:22:20+00:00","author":{"@id":"https:\/\/www.cope.es\/blogs\/palomitas-de-maiz\/#\/schema\/person\/9fb256f63733c964d19b06de1ca3c9ef"},"description":"Blog de cine y teatro. Blogs COPE. Tony Leblanc: 10 a\u00f1os sin el maestro de los humoristas, que ya tiene placa en la calle San Mateo","breadcrumb":{"@id":"https:\/\/www.cope.es\/blogs\/palomitas-de-maiz\/2022\/11\/26\/tony-leblanc-10-anos-sin-el-maestro-de-los-humoristas\/#breadcrumb"},"inLanguage":"es","potentialAction":[{"@type":"ReadAction","target":["https:\/\/www.cope.es\/blogs\/palomitas-de-maiz\/2022\/11\/26\/tony-leblanc-10-anos-sin-el-maestro-de-los-humoristas\/"]}]},{"@type":"ImageObject","inLanguage":"es","@id":"https:\/\/www.cope.es\/blogs\/palomitas-de-maiz\/2022\/11\/26\/tony-leblanc-10-anos-sin-el-maestro-de-los-humoristas\/#primaryimage","url":"https:\/\/www.cope.es\/blogs\/palomitas-de-maiz\/wp-content\/uploads\/sites\/6\/2022\/11\/tony-leblanc.jpg","contentUrl":"https:\/\/www.cope.es\/blogs\/palomitas-de-maiz\/wp-content\/uploads\/sites\/6\/2022\/11\/tony-leblanc.jpg","width":725,"height":407,"caption":"https:\/\/www.cope.es\/blogs\/palomitas-de-maiz\/2022\/11\/26\/tony-leblanc-10-anos-sin-el-maestro-de-los-humoristas\/"},{"@type":"BreadcrumbList","@id":"https:\/\/www.cope.es\/blogs\/palomitas-de-maiz\/2022\/11\/26\/tony-leblanc-10-anos-sin-el-maestro-de-los-humoristas\/#breadcrumb","itemListElement":[{"@type":"ListItem","position":1,"name":"Portada","item":"https:\/\/www.cope.es\/blogs\/palomitas-de-maiz\/"},{"@type":"ListItem","position":2,"name":"10 a\u00f1os sin Tony Leblanc, el maestro del humor"}]},{"@type":"WebSite","@id":"https:\/\/www.cope.es\/blogs\/palomitas-de-maiz\/#website","url":"https:\/\/www.cope.es\/blogs\/palomitas-de-maiz\/","name":"Palomitas de Ma\u00edz","description":"Blog decano de cine de COPE","potentialAction":[{"@type":"SearchAction","target":{"@type":"EntryPoint","urlTemplate":"https:\/\/www.cope.es\/blogs\/palomitas-de-maiz\/?s={search_term_string}"},"query-input":{"@type":"PropertyValueSpecification","valueRequired":true,"valueName":"search_term_string"}}],"inLanguage":"es"},{"@type":"Person","@id":"https:\/\/www.cope.es\/blogs\/palomitas-de-maiz\/#\/schema\/person\/9fb256f63733c964d19b06de1ca3c9ef","name":"Jos\u00e9 Luis Panero","image":{"@type":"ImageObject","inLanguage":"es","@id":"https:\/\/secure.gravatar.com\/avatar\/2ef93951eab3cee25932a7219e566376cbf6ddedde3aa3098e7a971991a3ef12?s=96&d=mm&r=g","url":"https:\/\/secure.gravatar.com\/avatar\/2ef93951eab3cee25932a7219e566376cbf6ddedde3aa3098e7a971991a3ef12?s=96&d=mm&r=g","contentUrl":"https:\/\/secure.gravatar.com\/avatar\/2ef93951eab3cee25932a7219e566376cbf6ddedde3aa3098e7a971991a3ef12?s=96&d=mm&r=g","caption":"Jos\u00e9 Luis Panero"},"description":"Licenciado en Periodismo y en Comunicaci\u00f3n Audiovisual. Tras m\u00e1s de cuatro a\u00f1os en el diario 'La Gaceta de Los Negocios' y el programa f\u00edlmico 'Pantalla Grande', es cr\u00edtico de cine en 'Ciudad Nueva', 'Pantalla 90', 'COPE' o 'Aleteia' y cr\u00edtico de teatro en 'Hoy en la city'. Ha sido coguionista y ayudante de direcci\u00f3n de cine, ponente en los coloquios de cine del foro FNAC y profesor universitario en diferentes cursos de Periodismo Social. Desde 2003 es miembro del C\u00edrculo de Escritores Cinematogr\u00e1ficos (CEC). En 2008 fund\u00f3 en 'COPE' su blog de cine 'Palomitas de Ma\u00edz'. En 2017 fue nombrado Jurado Oficial del Festival Internacional de Cine de Fuengirola (M\u00e1laga) y ese a\u00f1o la instituci\u00f3n educativa Trinity College-Liceo Serrano le distingui\u00f3 con el nombramiento de 'Profesor de Honor' del centro y miembro ilustre del claustro de profesores. En 2019 fue nombrado Jurado Oficial del Festival Internacional de Cine de Vera (Almer\u00eda). En 2020 fue nombrado Jurado Oficial del Festival Internacional de Cine de Terror de La Mar Bella (Marbella). Como int\u00e9rprete ha sido galardonado con el Premio al Actor Principal del I Festival Nacional UNIR de teatro. Desde 2020 es acad\u00e9mico de las Artes Esc\u00e9nicas de Espa\u00f1a. En 2023 fue nombrado Jurado Oficial de los 'Premios Tal\u00eda' en su I Edici\u00f3n. Y miembro de ASHUMES (Asociaci\u00f3n del Humorismo Espa\u00f1ol) a partir de 2022. En 2023 fue nombrado Jurado Oficial de la II Edici\u00f3n de los 'Premios Godot'.","sameAs":["http:\/\/www.cope.es","https:\/\/www.facebook.com\/palomitero\/","https:\/\/www.instagram.com\/joseluispanero\/","https:\/\/www.linkedin.com\/in\/jos-luis-panero-gonzlez-barosa-7722a716\/","https:\/\/x.com\/PALOMITERO","https:\/\/www.youtube.com\/channel\/UCQYaNGiETUXUPXjYu9p3lNw\/videos?","https:\/\/es.wikipedia.org\/wiki\/Jos_Luis_Panero_Gonzlez-Barosa"],"url":"https:\/\/www.cope.es\/blogs\/palomitas-de-maiz\/author\/jlpanero\/"}]}},"amp_enabled":true,"_links":{"self":[{"href":"https:\/\/www.cope.es\/blogs\/palomitas-de-maiz\/wp-json\/wp\/v2\/posts\/9793","targetHints":{"allow":["GET"]}}],"collection":[{"href":"https:\/\/www.cope.es\/blogs\/palomitas-de-maiz\/wp-json\/wp\/v2\/posts"}],"about":[{"href":"https:\/\/www.cope.es\/blogs\/palomitas-de-maiz\/wp-json\/wp\/v2\/types\/post"}],"author":[{"embeddable":true,"href":"https:\/\/www.cope.es\/blogs\/palomitas-de-maiz\/wp-json\/wp\/v2\/users\/6"}],"replies":[{"embeddable":true,"href":"https:\/\/www.cope.es\/blogs\/palomitas-de-maiz\/wp-json\/wp\/v2\/comments?post=9793"}],"version-history":[{"count":2,"href":"https:\/\/www.cope.es\/blogs\/palomitas-de-maiz\/wp-json\/wp\/v2\/posts\/9793\/revisions"}],"predecessor-version":[{"id":9802,"href":"https:\/\/www.cope.es\/blogs\/palomitas-de-maiz\/wp-json\/wp\/v2\/posts\/9793\/revisions\/9802"}],"wp:featuredmedia":[{"embeddable":true,"href":"https:\/\/www.cope.es\/blogs\/palomitas-de-maiz\/wp-json\/wp\/v2\/media\/9794"}],"wp:attachment":[{"href":"https:\/\/www.cope.es\/blogs\/palomitas-de-maiz\/wp-json\/wp\/v2\/media?parent=9793"}],"wp:term":[{"taxonomy":"category","embeddable":true,"href":"https:\/\/www.cope.es\/blogs\/palomitas-de-maiz\/wp-json\/wp\/v2\/categories?post=9793"},{"taxonomy":"post_tag","embeddable":true,"href":"https:\/\/www.cope.es\/blogs\/palomitas-de-maiz\/wp-json\/wp\/v2\/tags?post=9793"}],"curies":[{"name":"wp","href":"https:\/\/api.w.org\/{rel}","templated":true}]}}