{"id":9666,"date":"2022-10-04T11:23:14","date_gmt":"2022-10-04T09:23:14","guid":{"rendered":"http:\/\/www.cope.es\/blogs\/palomitas-de-maiz\/?p=9666"},"modified":"2022-10-04T11:26:39","modified_gmt":"2022-10-04T09:26:39","slug":"leopoldo-panero-torbado-de-la-nada-hasta-la-fe-casa-astorga","status":"publish","type":"post","link":"https:\/\/www.cope.es\/blogs\/palomitas-de-maiz\/2022\/10\/04\/leopoldo-panero-torbado-de-la-nada-hasta-la-fe-casa-astorga\/","title":{"rendered":"Leopoldo Panero Torbado: De la nada hasta la fe m\u00edstica"},"content":{"rendered":"<p>\u00a1Mis queridos palomiteros! Leopoldo Panero Torbado: De la nada hasta la fe m\u00edstica. Como sab\u00e9is <a href=\"https:\/\/copeastorga.es\/la-casa-panero-de-astorga-se-inaugura-el-7-de-octubre-con-asistencia-de-autoridades-de-la-politica-y-la-cultura\/\" target=\"_blank\">el pr\u00f3ximo 7 de octubre la inaugura la musealizaci\u00f3n de la Casa Panero en Astorga<\/a>.<\/p>\n<p>Un evento irrenunciable para los que somos parientes del poeta. Tal ocasi\u00f3n merece dar a conocer al menos dos audios con la voz de Panero Torbado, cuando se conmemoran 60 a\u00f1os de su partida. Uno de ellos se titula <em>Hijo m\u00edo<\/em>, dedicado a <strong>Juan Luis Panero Blanc<\/strong>, su v\u00e1stago mayor, y el otro, <em>En las manos de Dios<\/em>, est\u00e1 incluido en su poemario <em>Escrito a cada instante<\/em>.<\/p>\n<p><iframe loading=\"lazy\" title=\"Leopoldo Panero - Escrito a cada instante -poemario completo-\" width=\"675\" height=\"380\" src=\"https:\/\/www.youtube.com\/embed\/_8d1B0ZOSTY?feature=oembed\" frameborder=\"0\" allow=\"accelerometer; autoplay; clipboard-write; encrypted-media; gyroscope; picture-in-picture\" allowfullscreen><\/iframe><\/p>\n<p>La historia de la poes\u00eda espa\u00f1ola ha dejado al margen, salvo excepciones contadas, la figura de <strong>Leopoldo Panero Torbado<\/strong> -Premio Nacional de Literatura en 1949-, uno de los m\u00e1s ilustres poetas m\u00edsticos del siglo XX, y denominado por algunos rapsoda oficial del franquismo.<\/p>\n<h2>Leopoldo Panero Torbado: De la nada hasta la fe m\u00edstica<\/h2>\n<p>Tal vez el apellido Panero suene con m\u00e1s fuerza si nos hacemos eco de las vivencias de sus tres hijos, <strong><a href=\"https:\/\/es.wikipedia.org\/wiki\/Juan_Luis_Panero\" target=\"_blank\">Juan Luis<\/a><\/strong>, <strong><a href=\"http:\/\/www.cope.es\/blogs\/palomitas-de-maiz\/2020\/10\/21\/leopoldo-maria-panero-publica-la-mentira-es-una-flor-en-huerga-y-fierro-poemario\/\">Leopoldo Mar\u00eda<\/a><\/strong> y <strong><a href=\"https:\/\/es.wikipedia.org\/wiki\/Michi_Panero\" target=\"_blank\">Jos\u00e9 Mois\u00e9s Santiago<\/a><\/strong> (Michi), fruto de su matrimonio con la escritora <strong><a href=\"https:\/\/es.wikipedia.org\/wiki\/Felicidad_Blanc\" target=\"_blank\">Felicidad Blanc y Bergnes de las Casas<\/a><\/strong> en 1941. Los dos primeros fueron poetas y el \u00faltimo se dedic\u00f3 a desarrollarse m\u00e1s como diletante.<\/p>\n<h2>Escuchamos <em>En las manos de Dios<\/em><\/h2>\n<audio class=\"wp-audio-shortcode\" id=\"audio-9666-1\" preload=\"none\" style=\"width: 100%;\" controls=\"controls\"><source type=\"audio\/mpeg\" src=\"http:\/\/www.cope.es\/blogs\/palomitas-de-maiz\/wp-content\/uploads\/sites\/6\/2022\/10\/Leopoldo-Panero-En-las-manos-de-Dios.mp3?_=1\" \/><a href=\"http:\/\/www.cope.es\/blogs\/palomitas-de-maiz\/wp-content\/uploads\/sites\/6\/2022\/10\/Leopoldo-Panero-En-las-manos-de-Dios.mp3\">http:\/\/www.cope.es\/blogs\/palomitas-de-maiz\/wp-content\/uploads\/sites\/6\/2022\/10\/Leopoldo-Panero-En-las-manos-de-Dios.mp3<\/a><\/audio>\n<p>Pues bien, gracias al talento del director de cine <strong><a href=\"https:\/\/es.wikipedia.org\/wiki\/Jaime_Ch%C3%A1varri\" target=\"_blank\">Jaime Ch\u00e1varri<\/a><\/strong>, el documental <em>El desencanto<\/em> (1976) les inmortaliz\u00f3 en su estado m\u00e1s puro. Despu\u00e9s le seguir\u00eda otro trabajo de igual g\u00e9nero y circunstancias, <em>Despu\u00e9s de tantos a\u00f1os <\/em>(1994), a cuyo frente estuvo el cineasta <strong><a href=\"https:\/\/es.wikipedia.org\/wiki\/Ricardo_Franco\" target=\"_blank\">Ricardo Franco<\/a><\/strong>, entre otros trabajos f\u00edlmicos sobre la singular familia<a href=\"http:\/\/www.cope.es\/blogs\/palomitas-de-maiz\/2021\/01\/08\/la-saga-literaria-de-los-panero-en-dos-obras-de-teatro-y-18-peliculas\/\"> de los cuales he dado amplia muestra desde estas mismas pantallas<\/a>.<\/p>\n<p>En los poemas de Panero Torbado de car\u00e1cter m\u00edstico, <strong>producidos en su \u00faltima etapa literaria<\/strong>, se perciben ecos de<strong> la Biblia, San Agust\u00edn, Fray Luis de Le\u00f3n, Santa Teresa, Romano Guardini, Zubiri<\/strong>, etc. De hecho, en su <em>Canto personal <\/em>(1953) hallamos alusiones a su bautismo y a su primera Comuni\u00f3n, y donde abundan las referencias a Cristo y a su Pasi\u00f3n. No en vano, a trav\u00e9s de un tono intimista y con una notable perfecci\u00f3n formal, el autor consigue transmitir el sentido de su\u00a0<strong>\u00edntima uni\u00f3n con la tierra, la familia y Dios<\/strong>.<\/p>\n<p>Para Panero Torbado \u201cla poes\u00eda era primeramente una revelaci\u00f3n del poeta y una iluminaci\u00f3n de las condiciones humanas conseguida por medio de la contemplaci\u00f3n personal, siempre en la dimensi\u00f3n solidaria\u201d.<\/p>\n<figure id=\"attachment_9675\" aria-describedby=\"caption-attachment-9675\" style=\"width: 725px\" class=\"wp-caption aligncenter\"><img loading=\"lazy\" decoding=\"async\" width=\"725\" height=\"1130\" class=\"wp-image-9675 size-full\" src=\"http:\/\/www.cope.es\/blogs\/palomitas-de-maiz\/wp-content\/uploads\/sites\/6\/2022\/10\/leopoldo-panero-torbado-huerta-calvo.jpg\" alt=\"Leopoldo Panero Torbado: De la nada hasta la fe m\u00edstica\" srcset=\"https:\/\/www.cope.es\/blogs\/palomitas-de-maiz\/wp-content\/uploads\/sites\/6\/2022\/10\/leopoldo-panero-torbado-huerta-calvo.jpg 725w, https:\/\/www.cope.es\/blogs\/palomitas-de-maiz\/wp-content\/uploads\/sites\/6\/2022\/10\/leopoldo-panero-torbado-huerta-calvo-192x300.jpg 192w, https:\/\/www.cope.es\/blogs\/palomitas-de-maiz\/wp-content\/uploads\/sites\/6\/2022\/10\/leopoldo-panero-torbado-huerta-calvo-657x1024.jpg 657w\" sizes=\"auto, (max-width: 725px) 100vw, 725px\" \/><figcaption id=\"caption-attachment-9675\" class=\"wp-caption-text\"><strong>Leopoldo Panero Torbado: De la nada hasta la fe m\u00edstica<\/strong><\/figcaption><\/figure>\n<p>Adem\u00e1s era due\u00f1o de un verso und\u00edvago, hondo y tel\u00farico &#8211;<strong>pulsado con la lira del dada\u00edsmo y el surrealismo<\/strong>&#8211; naci\u00f3 en Astorga (Le\u00f3n) el 17 de octubre de 1909 y su deceso acaeci\u00f3 en su finca de Castrillo de las Piedras (Le\u00f3n), el 27 de agosto de 1962. Curs\u00f3 estudios de derecho en las universidades de Madrid, Valladolid y Oviedo. En la d\u00e9cada de los 30 el poeta viaj\u00f3 a Tours y Poitiers para hacer estudios especiales de literatura francesa. M\u00e1s tarde ingres\u00f3 en Cambridge para estudiar literatura inglesa (1935). Su primer poema fue publicado en 1928.<\/p>\n<h2>Muerte del abuelo y de su amor<\/h2>\n<p>En el a\u00f1o de 1929 fallece el abuelo de Panero -lo cual marca al poeta de por vida- y le diagnostican tuberculosis, suceso que le retuvo ocho meses en el Sanatoriun Royal de Guadarrama, donde se enamor\u00f3 de una paciente, <strong>Joaqu\u00edna M\u00e1rquez<\/strong>, que morir\u00eda unos meses despu\u00e9s. A\u00f1os m\u00e1s tarde escribi\u00f3 sobre esta experiencia sus <em>Versos al Guadarrama<\/em>, de su <em>Diario Fantas\u00eda<\/em> (1945), recogido en <em>Obras Completas<\/em> (1973).\u00a0 En estos poemas se siente la influencia de Antonio Machado.<\/p>\n<h2><strong>La Generaci\u00f3n del 36<\/strong><\/h2>\n<p>Se caracteriz\u00f3 por su alto nivel de conciencia reflejado en su manera de confrontar al sistema: no desde \u201carriba\u201d, ni desde \u201cabajo\u201d, sino desde \u201cadentro\u201d -siguiendo al surrealista Br\u00e9ton- despertando a trav\u00e9s del arte la b\u00fasqueda del autoconocimiento. En realidad, se puede decir que su trabajo es una extensi\u00f3n de lo que ya apunt\u00f3 la <strong>Generaci\u00f3n del 27<\/strong>, independientemente de su amistad profunda con todos sus miembros.<\/p>\n<p>Al comienzo de la Guerra Civil, Leopoldo fue acusado de recaudar capitales para el Socorro Rojo a causa de una comprometedora ep\u00edstola dirigida a <strong>Pablo Neruda<\/strong>, que termin\u00f3 con su arresto. Gracias a su madre, la oportun\u00edsima ayuda de <strong>Miguel de Unamuno<\/strong> y <strong>Carmen Polo<\/strong> -esposa de Francisco Franco-, Panero Torbado fue liberado. No obstante, y para poder sobrevivir, Panero debi\u00f3 unirse a las fuerzas nacionales, por lo que injustamente lo denominaron \u201cel poeta oficial del franquismo\u201d, como ya hemos apuntado, motivo por el cual no muchos han decidido ocuparse de su vida y obra.<\/p>\n<h2>Escuchamos <em>Desde mi orilla<\/em><\/h2>\n<audio class=\"wp-audio-shortcode\" id=\"audio-9666-2\" preload=\"none\" style=\"width: 100%;\" controls=\"controls\"><source type=\"audio\/mpeg\" src=\"http:\/\/www.cope.es\/blogs\/palomitas-de-maiz\/wp-content\/uploads\/sites\/6\/2022\/10\/Leopoldo-Panero-Desde-mi-orilla.mp3?_=2\" \/><a href=\"http:\/\/www.cope.es\/blogs\/palomitas-de-maiz\/wp-content\/uploads\/sites\/6\/2022\/10\/Leopoldo-Panero-Desde-mi-orilla.mp3\">http:\/\/www.cope.es\/blogs\/palomitas-de-maiz\/wp-content\/uploads\/sites\/6\/2022\/10\/Leopoldo-Panero-Desde-mi-orilla.mp3<\/a><\/audio>\n<h2>La muerte de Juan<\/h2>\n<p>En 1937, Juan, hermano del poeta, falleci\u00f3 en un accidente automovil\u00edstico, asunto que llev\u00f3 a Panero a una profunda depresi\u00f3n. Tras recuperarse cambi\u00f3 su poes\u00eda, abandonando el modernismo. De esta etapa es el poema <em>Adolescente en sombra <\/em>(1938).<\/p>\n<figure id=\"attachment_9674\" aria-describedby=\"caption-attachment-9674\" style=\"width: 725px\" class=\"wp-caption aligncenter\"><img loading=\"lazy\" decoding=\"async\" width=\"725\" height=\"407\" class=\"wp-image-9674 size-full\" src=\"http:\/\/www.cope.es\/blogs\/palomitas-de-maiz\/wp-content\/uploads\/sites\/6\/2022\/10\/Leopoldo-Panero-4.jpg\" alt=\"Leopoldo Panero Torbado: De la nada hasta la fe m\u00edstica\" srcset=\"https:\/\/www.cope.es\/blogs\/palomitas-de-maiz\/wp-content\/uploads\/sites\/6\/2022\/10\/Leopoldo-Panero-4.jpg 725w, https:\/\/www.cope.es\/blogs\/palomitas-de-maiz\/wp-content\/uploads\/sites\/6\/2022\/10\/Leopoldo-Panero-4-300x168.jpg 300w\" sizes=\"auto, (max-width: 725px) 100vw, 725px\" \/><figcaption id=\"caption-attachment-9674\" class=\"wp-caption-text\"><strong>Leopoldo Panero Torbado: De la nada hasta la fe m\u00edstica<\/strong><\/figcaption><\/figure>\n<h2>Legado literario<\/h2>\n<p><em>La estancia vac\u00eda<\/em><em> (1944)<\/em><strong>. El protagonista es un peregrino que busca su refugio en Dios.<\/strong><\/p>\n<p><em>Versos al Guadarrama<\/em><em> (1945)\u00a0<\/em><strong>Recoge la producci\u00f3n po\u00e9tica del autor correspondiente a la d\u00e9cada de 1930.<\/strong><\/p>\n<p><em>Escrito a cada instante<\/em><em> (1949). <\/em><strong>Su agon\u00eda personal busca conciliar la esperanza perdida con una armon\u00eda c\u00f3smica de contenido metaf\u00edsico. Con esta obra gan\u00f3 el premio Fastenrath.<\/strong><\/p>\n<p><em>Canto personal<\/em><em> (1953)<\/em><strong>\u00a0Una r\u00e9plica al <em>Canto general<\/em> del poeta chileno Pablo Neruda (1904-1973).<\/strong><\/p>\n<p><em>Desde el umbral de un sue\u00f1o<\/em><em> (1959)<\/em><\/p>\n<p><em>Romances y canciones<\/em><em> (1960)<\/em><\/p>\n<p><em>C\u00e1ndida puerta<\/em><em> (1960)<\/em><\/p>\n<p><em>Poes\u00eda<\/em><em> (1963)\u00a0<\/em><strong>Libro p\u00f3stumo que incluye toda su obra l\u00edrica.<\/strong><\/p>\n<p><em>Obras completas<\/em><em> (1973) <\/em><strong>Recoge algunos materiales in\u00e9ditos.<\/strong><\/p>\n<figure id=\"attachment_9673\" aria-describedby=\"caption-attachment-9673\" style=\"width: 725px\" class=\"wp-caption aligncenter\"><img loading=\"lazy\" decoding=\"async\" width=\"725\" height=\"1060\" class=\"wp-image-9673 size-full\" src=\"http:\/\/www.cope.es\/blogs\/palomitas-de-maiz\/wp-content\/uploads\/sites\/6\/2022\/10\/Leopoldo-Panero-2-1.jpg\" alt=\"Leopoldo Panero Torbado: De la nada hasta la fe m\u00edstica\" srcset=\"https:\/\/www.cope.es\/blogs\/palomitas-de-maiz\/wp-content\/uploads\/sites\/6\/2022\/10\/Leopoldo-Panero-2-1.jpg 725w, https:\/\/www.cope.es\/blogs\/palomitas-de-maiz\/wp-content\/uploads\/sites\/6\/2022\/10\/Leopoldo-Panero-2-1-205x300.jpg 205w, https:\/\/www.cope.es\/blogs\/palomitas-de-maiz\/wp-content\/uploads\/sites\/6\/2022\/10\/Leopoldo-Panero-2-1-700x1024.jpg 700w\" sizes=\"auto, (max-width: 725px) 100vw, 725px\" \/><figcaption id=\"caption-attachment-9673\" class=\"wp-caption-text\"><strong>Leopoldo Panero Torbado: De la nada hasta la fe m\u00edstica<\/strong><\/figcaption><\/figure>\n","protected":false},"excerpt":{"rendered":"<p>\u00a1Mis queridos palomiteros! Leopoldo Panero Torbado: De la nada hasta la fe m\u00edstica. Como sab\u00e9is el pr\u00f3ximo 7 de octubre la inaugura la musealizaci\u00f3n de la Casa Panero en Astorga. Un evento irrenunciable para los que somos parientes del poeta. Tal ocasi\u00f3n merece dar a conocer al menos dos audios con la voz de Panero [&hellip;]<\/p>\n","protected":false},"author":6,"featured_media":9671,"comment_status":"open","ping_status":"open","sticky":false,"template":"","format":"standard","meta":{"footnotes":""},"categories":[336,825,10741,4832],"tags":[10751,10772,10748,10750,10767,10764,10758,10747,10773,10765,10754,8588,10769,836,8587,10753,10756,10763,1687,8583,3758,829,10744,10757,10745,10761,8589,8176,10742,8179,10746,10759,10743,10749,2131,10768,10760,3959,10771,3921,10770,10755,10752,10766,4015,10762],"class_list":["post-9666","post","type-post","status-publish","format-standard","has-post-thumbnail","hentry","category-actualidad","category-homenaje","category-leopoldo-panero-torbado","category-poesia","tag-60-aniversario","tag-adolescente-en-sombra","tag-astorga","tag-audios-ineditos","tag-candida-puerta","tag-canto-personal","tag-carmen-polo","tag-casa-panero","tag-dadaismo","tag-desde-el-umbral-de-un-sueno","tag-desde-mi-orilla","tag-despues-de-tantos-anos","tag-diario-fantasia","tag-editorial-catedra","tag-el-desencanto","tag-en-las-manos-de-dios","tag-en-lo-oscuro","tag-escrito-a-cada-instante","tag-fe","tag-felicidad-blanc","tag-franquismo","tag-homenaje","tag-javier-huerta-calvo","tag-joaquina-marquez","tag-juan-luis-panero","tag-juan-panero-torbado","tag-la-estancia-vacia","tag-leopoldo-maria-panero","tag-leopoldo-panero","tag-leopoldo-panero-torbado","tag-michi-panero","tag-miguel-de-unamuno","tag-mistica","tag-musealizacion","tag-museo","tag-obras-completas","tag-pablo-neruda","tag-poesia","tag-poesia-mistica","tag-poeta","tag-premio-fastenrath","tag-premio-nacional-de-literatura","tag-ricardo-franco","tag-romances-y-canciones","tag-surrealismo","tag-versos-al-guadarrama"],"yoast_head":"<!-- This site is optimized with the Yoast SEO plugin v27.4 - https:\/\/yoast.com\/product\/yoast-seo-wordpress\/ -->\n<title>Leopoldo Panero Torbado: De la nada hasta la fe m\u00edstica<\/title>\n<meta name=\"description\" content=\"Blog de cine y teatro. Blogs COPE. Leopoldo Panero Torbado: De la nada hasta la fe m\u00edstica: Homenaje al lucido poeta astorgano\" \/>\n<meta name=\"robots\" content=\"index, follow, max-snippet:-1, max-image-preview:large, max-video-preview:-1\" \/>\n<link rel=\"canonical\" href=\"https:\/\/www.cope.es\/blogs\/palomitas-de-maiz\/2022\/10\/04\/leopoldo-panero-torbado-de-la-nada-hasta-la-fe-casa-astorga\/\" \/>\n<meta property=\"og:locale\" content=\"es_ES\" \/>\n<meta property=\"og:type\" content=\"article\" \/>\n<meta property=\"og:title\" content=\"Leopoldo Panero Torbado: De la nada hasta la fe m\u00edstica\" \/>\n<meta property=\"og:description\" content=\"Blog de cine y teatro. Blogs COPE. Leopoldo Panero Torbado: De la nada hasta la fe m\u00edstica: Homenaje al lucido poeta astorgano\" \/>\n<meta property=\"og:url\" content=\"https:\/\/www.cope.es\/blogs\/palomitas-de-maiz\/2022\/10\/04\/leopoldo-panero-torbado-de-la-nada-hasta-la-fe-casa-astorga\/\" \/>\n<meta property=\"og:site_name\" content=\"Palomitas de Ma\u00edz\" \/>\n<meta property=\"article:publisher\" content=\"https:\/\/www.facebook.com\/cope\/\" \/>\n<meta property=\"article:author\" content=\"https:\/\/www.facebook.com\/palomitero\/\" \/>\n<meta property=\"article:published_time\" content=\"2022-10-04T09:23:14+00:00\" \/>\n<meta property=\"article:modified_time\" content=\"2022-10-04T09:26:39+00:00\" \/>\n<meta property=\"og:image\" content=\"https:\/\/www.cope.es\/blogs\/palomitas-de-maiz\/wp-content\/uploads\/sites\/6\/2022\/10\/Leopoldo-Panero-3.jpg\" \/>\n\t<meta property=\"og:image:width\" content=\"725\" \/>\n\t<meta property=\"og:image:height\" content=\"407\" \/>\n\t<meta property=\"og:image:type\" content=\"image\/jpeg\" \/>\n<meta name=\"author\" content=\"Jos\u00e9 Luis Panero\" \/>\n<meta name=\"twitter:card\" content=\"summary_large_image\" \/>\n<meta name=\"twitter:creator\" content=\"@PALOMITERO\" \/>\n<meta name=\"twitter:site\" content=\"@cope_es\" \/>\n<meta name=\"twitter:label1\" content=\"Escrito por\" \/>\n\t<meta name=\"twitter:data1\" content=\"Jos\u00e9 Luis Panero\" \/>\n\t<meta name=\"twitter:label2\" content=\"Tiempo de lectura\" \/>\n\t<meta name=\"twitter:data2\" content=\"5 minutos\" \/>\n<script type=\"application\/ld+json\" class=\"yoast-schema-graph\">{\"@context\":\"https:\\\/\\\/schema.org\",\"@graph\":[{\"@type\":\"Article\",\"@id\":\"https:\\\/\\\/www.cope.es\\\/blogs\\\/palomitas-de-maiz\\\/2022\\\/10\\\/04\\\/leopoldo-panero-torbado-de-la-nada-hasta-la-fe-casa-astorga\\\/#article\",\"isPartOf\":{\"@id\":\"https:\\\/\\\/www.cope.es\\\/blogs\\\/palomitas-de-maiz\\\/2022\\\/10\\\/04\\\/leopoldo-panero-torbado-de-la-nada-hasta-la-fe-casa-astorga\\\/\"},\"author\":{\"name\":\"Jos\u00e9 Luis Panero\",\"@id\":\"https:\\\/\\\/www.cope.es\\\/blogs\\\/palomitas-de-maiz\\\/#\\\/schema\\\/person\\\/9fb256f63733c964d19b06de1ca3c9ef\"},\"headline\":\"Leopoldo Panero Torbado: De la nada hasta la fe m\u00edstica\",\"datePublished\":\"2022-10-04T09:23:14+00:00\",\"dateModified\":\"2022-10-04T09:26:39+00:00\",\"mainEntityOfPage\":{\"@id\":\"https:\\\/\\\/www.cope.es\\\/blogs\\\/palomitas-de-maiz\\\/2022\\\/10\\\/04\\\/leopoldo-panero-torbado-de-la-nada-hasta-la-fe-casa-astorga\\\/\"},\"wordCount\":1057,\"commentCount\":0,\"image\":{\"@id\":\"https:\\\/\\\/www.cope.es\\\/blogs\\\/palomitas-de-maiz\\\/2022\\\/10\\\/04\\\/leopoldo-panero-torbado-de-la-nada-hasta-la-fe-casa-astorga\\\/#primaryimage\"},\"thumbnailUrl\":\"https:\\\/\\\/www.cope.es\\\/blogs\\\/palomitas-de-maiz\\\/wp-content\\\/uploads\\\/sites\\\/6\\\/2022\\\/10\\\/Leopoldo-Panero-3.jpg\",\"keywords\":[\"60 aniversario\",\"adolescente en sombra\",\"astorga\",\"audios in\u00e9ditos\",\"c\u00e1ndida puerta\",\"canto personal\",\"carmen polo\",\"casa panero\",\"dada\u00edsmo\",\"desde el umbral de un sue\u00f1o\",\"desde mi orilla\",\"despues de tantos a\u00f1os\",\"diario fantas\u00eda\",\"editorial catedra\",\"el desencanto\",\"en las manos de dios\",\"en lo oscuro\",\"escrito a cada instante\",\"fe\",\"felicidad blanc\",\"franquismo\",\"homenaje\",\"javier huerta calvo\",\"joaquina m\u00e1rquez\",\"juan luis panero\",\"juan panero torbado\",\"la estancia vac\u00eda\",\"leopoldo mar\u00eda panero\",\"leopoldo panero\",\"leopoldo panero torbado\",\"michi panero\",\"miguel de unamuno\",\"m\u00edstica\",\"musealizacion\",\"museo\",\"obras completas\",\"pablo neruda\",\"poes\u00eda\",\"poes\u00eda m\u00edstica\",\"poeta\",\"premio Fastenrath\",\"Premio Nacional de Literatura\",\"ricardo franco\",\"romances y canciones\",\"surrealismo\",\"versos al guadarrama\"],\"articleSection\":[\"actualidad\",\"homenaje\",\"Leopoldo panero torbado\",\"poes\u00eda\"],\"inLanguage\":\"es\",\"potentialAction\":[{\"@type\":\"CommentAction\",\"name\":\"Comment\",\"target\":[\"https:\\\/\\\/www.cope.es\\\/blogs\\\/palomitas-de-maiz\\\/2022\\\/10\\\/04\\\/leopoldo-panero-torbado-de-la-nada-hasta-la-fe-casa-astorga\\\/#respond\"]}]},{\"@type\":\"WebPage\",\"@id\":\"https:\\\/\\\/www.cope.es\\\/blogs\\\/palomitas-de-maiz\\\/2022\\\/10\\\/04\\\/leopoldo-panero-torbado-de-la-nada-hasta-la-fe-casa-astorga\\\/\",\"url\":\"https:\\\/\\\/www.cope.es\\\/blogs\\\/palomitas-de-maiz\\\/2022\\\/10\\\/04\\\/leopoldo-panero-torbado-de-la-nada-hasta-la-fe-casa-astorga\\\/\",\"name\":\"Leopoldo Panero Torbado: De la nada hasta la fe m\u00edstica\",\"isPartOf\":{\"@id\":\"https:\\\/\\\/www.cope.es\\\/blogs\\\/palomitas-de-maiz\\\/#website\"},\"primaryImageOfPage\":{\"@id\":\"https:\\\/\\\/www.cope.es\\\/blogs\\\/palomitas-de-maiz\\\/2022\\\/10\\\/04\\\/leopoldo-panero-torbado-de-la-nada-hasta-la-fe-casa-astorga\\\/#primaryimage\"},\"image\":{\"@id\":\"https:\\\/\\\/www.cope.es\\\/blogs\\\/palomitas-de-maiz\\\/2022\\\/10\\\/04\\\/leopoldo-panero-torbado-de-la-nada-hasta-la-fe-casa-astorga\\\/#primaryimage\"},\"thumbnailUrl\":\"https:\\\/\\\/www.cope.es\\\/blogs\\\/palomitas-de-maiz\\\/wp-content\\\/uploads\\\/sites\\\/6\\\/2022\\\/10\\\/Leopoldo-Panero-3.jpg\",\"datePublished\":\"2022-10-04T09:23:14+00:00\",\"dateModified\":\"2022-10-04T09:26:39+00:00\",\"author\":{\"@id\":\"https:\\\/\\\/www.cope.es\\\/blogs\\\/palomitas-de-maiz\\\/#\\\/schema\\\/person\\\/9fb256f63733c964d19b06de1ca3c9ef\"},\"description\":\"Blog de cine y teatro. Blogs COPE. Leopoldo Panero Torbado: De la nada hasta la fe m\u00edstica: Homenaje al lucido poeta astorgano\",\"breadcrumb\":{\"@id\":\"https:\\\/\\\/www.cope.es\\\/blogs\\\/palomitas-de-maiz\\\/2022\\\/10\\\/04\\\/leopoldo-panero-torbado-de-la-nada-hasta-la-fe-casa-astorga\\\/#breadcrumb\"},\"inLanguage\":\"es\",\"potentialAction\":[{\"@type\":\"ReadAction\",\"target\":[\"https:\\\/\\\/www.cope.es\\\/blogs\\\/palomitas-de-maiz\\\/2022\\\/10\\\/04\\\/leopoldo-panero-torbado-de-la-nada-hasta-la-fe-casa-astorga\\\/\"]}]},{\"@type\":\"ImageObject\",\"inLanguage\":\"es\",\"@id\":\"https:\\\/\\\/www.cope.es\\\/blogs\\\/palomitas-de-maiz\\\/2022\\\/10\\\/04\\\/leopoldo-panero-torbado-de-la-nada-hasta-la-fe-casa-astorga\\\/#primaryimage\",\"url\":\"https:\\\/\\\/www.cope.es\\\/blogs\\\/palomitas-de-maiz\\\/wp-content\\\/uploads\\\/sites\\\/6\\\/2022\\\/10\\\/Leopoldo-Panero-3.jpg\",\"contentUrl\":\"https:\\\/\\\/www.cope.es\\\/blogs\\\/palomitas-de-maiz\\\/wp-content\\\/uploads\\\/sites\\\/6\\\/2022\\\/10\\\/Leopoldo-Panero-3.jpg\",\"width\":725,\"height\":407,\"caption\":\"https:\\\/\\\/www.cope.es\\\/blogs\\\/palomitas-de-maiz\\\/2022\\\/10\\\/04\\\/leopoldo-panero-torbado-de-la-nada-hasta-la-fe-casa-astorga\\\/\"},{\"@type\":\"BreadcrumbList\",\"@id\":\"https:\\\/\\\/www.cope.es\\\/blogs\\\/palomitas-de-maiz\\\/2022\\\/10\\\/04\\\/leopoldo-panero-torbado-de-la-nada-hasta-la-fe-casa-astorga\\\/#breadcrumb\",\"itemListElement\":[{\"@type\":\"ListItem\",\"position\":1,\"name\":\"Portada\",\"item\":\"https:\\\/\\\/www.cope.es\\\/blogs\\\/palomitas-de-maiz\\\/\"},{\"@type\":\"ListItem\",\"position\":2,\"name\":\"Leopoldo Panero Torbado: De la nada hasta la fe m\u00edstica\"}]},{\"@type\":\"WebSite\",\"@id\":\"https:\\\/\\\/www.cope.es\\\/blogs\\\/palomitas-de-maiz\\\/#website\",\"url\":\"https:\\\/\\\/www.cope.es\\\/blogs\\\/palomitas-de-maiz\\\/\",\"name\":\"Palomitas de Ma\u00edz\",\"description\":\"Blog decano de cine de COPE\",\"potentialAction\":[{\"@type\":\"SearchAction\",\"target\":{\"@type\":\"EntryPoint\",\"urlTemplate\":\"https:\\\/\\\/www.cope.es\\\/blogs\\\/palomitas-de-maiz\\\/?s={search_term_string}\"},\"query-input\":{\"@type\":\"PropertyValueSpecification\",\"valueRequired\":true,\"valueName\":\"search_term_string\"}}],\"inLanguage\":\"es\"},{\"@type\":\"Person\",\"@id\":\"https:\\\/\\\/www.cope.es\\\/blogs\\\/palomitas-de-maiz\\\/#\\\/schema\\\/person\\\/9fb256f63733c964d19b06de1ca3c9ef\",\"name\":\"Jos\u00e9 Luis Panero\",\"image\":{\"@type\":\"ImageObject\",\"inLanguage\":\"es\",\"@id\":\"https:\\\/\\\/secure.gravatar.com\\\/avatar\\\/2ef93951eab3cee25932a7219e566376cbf6ddedde3aa3098e7a971991a3ef12?s=96&d=mm&r=g\",\"url\":\"https:\\\/\\\/secure.gravatar.com\\\/avatar\\\/2ef93951eab3cee25932a7219e566376cbf6ddedde3aa3098e7a971991a3ef12?s=96&d=mm&r=g\",\"contentUrl\":\"https:\\\/\\\/secure.gravatar.com\\\/avatar\\\/2ef93951eab3cee25932a7219e566376cbf6ddedde3aa3098e7a971991a3ef12?s=96&d=mm&r=g\",\"caption\":\"Jos\u00e9 Luis Panero\"},\"description\":\"Licenciado en Periodismo y en Comunicaci\u00f3n Audiovisual. Tras m\u00e1s de cuatro a\u00f1os en el diario 'La Gaceta de Los Negocios' y el programa f\u00edlmico 'Pantalla Grande', es cr\u00edtico de cine en 'Ciudad Nueva', 'Pantalla 90', 'COPE' o 'Aleteia' y cr\u00edtico de teatro en 'Hoy en la city'. Ha sido coguionista y ayudante de direcci\u00f3n de cine, ponente en los coloquios de cine del foro FNAC y profesor universitario en diferentes cursos de Periodismo Social. Desde 2003 es miembro del C\u00edrculo de Escritores Cinematogr\u00e1ficos (CEC). En 2008 fund\u00f3 en 'COPE' su blog de cine 'Palomitas de Ma\u00edz'. En 2017 fue nombrado Jurado Oficial del Festival Internacional de Cine de Fuengirola (M\u00e1laga) y ese a\u00f1o la instituci\u00f3n educativa Trinity College-Liceo Serrano le distingui\u00f3 con el nombramiento de 'Profesor de Honor' del centro y miembro ilustre del claustro de profesores. En 2019 fue nombrado Jurado Oficial del Festival Internacional de Cine de Vera (Almer\u00eda). En 2020 fue nombrado Jurado Oficial del Festival Internacional de Cine de Terror de La Mar Bella (Marbella). Como int\u00e9rprete ha sido galardonado con el Premio al Actor Principal del I Festival Nacional UNIR de teatro. Desde 2020 es acad\u00e9mico de las Artes Esc\u00e9nicas de Espa\u00f1a. En 2023 fue nombrado Jurado Oficial de los 'Premios Tal\u00eda' en su I Edici\u00f3n. Y miembro de ASHUMES (Asociaci\u00f3n del Humorismo Espa\u00f1ol) a partir de 2022. En 2023 fue nombrado Jurado Oficial de la II Edici\u00f3n de los 'Premios Godot'.\",\"sameAs\":[\"http:\\\/\\\/www.cope.es\",\"https:\\\/\\\/www.facebook.com\\\/palomitero\\\/\",\"https:\\\/\\\/www.instagram.com\\\/joseluispanero\\\/\",\"https:\\\/\\\/www.linkedin.com\\\/in\\\/jos-luis-panero-gonzlez-barosa-7722a716\\\/\",\"https:\\\/\\\/x.com\\\/PALOMITERO\",\"https:\\\/\\\/www.youtube.com\\\/channel\\\/UCQYaNGiETUXUPXjYu9p3lNw\\\/videos?\",\"https:\\\/\\\/es.wikipedia.org\\\/wiki\\\/Jos_Luis_Panero_Gonzlez-Barosa\"],\"url\":\"https:\\\/\\\/www.cope.es\\\/blogs\\\/palomitas-de-maiz\\\/author\\\/jlpanero\\\/\"}]}<\/script>\n<!-- \/ Yoast SEO plugin. -->","yoast_head_json":{"title":"Leopoldo Panero Torbado: De la nada hasta la fe m\u00edstica","description":"Blog de cine y teatro. Blogs COPE. Leopoldo Panero Torbado: De la nada hasta la fe m\u00edstica: Homenaje al lucido poeta astorgano","robots":{"index":"index","follow":"follow","max-snippet":"max-snippet:-1","max-image-preview":"max-image-preview:large","max-video-preview":"max-video-preview:-1"},"canonical":"https:\/\/www.cope.es\/blogs\/palomitas-de-maiz\/2022\/10\/04\/leopoldo-panero-torbado-de-la-nada-hasta-la-fe-casa-astorga\/","og_locale":"es_ES","og_type":"article","og_title":"Leopoldo Panero Torbado: De la nada hasta la fe m\u00edstica","og_description":"Blog de cine y teatro. Blogs COPE. Leopoldo Panero Torbado: De la nada hasta la fe m\u00edstica: Homenaje al lucido poeta astorgano","og_url":"https:\/\/www.cope.es\/blogs\/palomitas-de-maiz\/2022\/10\/04\/leopoldo-panero-torbado-de-la-nada-hasta-la-fe-casa-astorga\/","og_site_name":"Palomitas de Ma\u00edz","article_publisher":"https:\/\/www.facebook.com\/cope\/","article_author":"https:\/\/www.facebook.com\/palomitero\/","article_published_time":"2022-10-04T09:23:14+00:00","article_modified_time":"2022-10-04T09:26:39+00:00","og_image":[{"width":725,"height":407,"url":"https:\/\/www.cope.es\/blogs\/palomitas-de-maiz\/wp-content\/uploads\/sites\/6\/2022\/10\/Leopoldo-Panero-3.jpg","type":"image\/jpeg"}],"author":"Jos\u00e9 Luis Panero","twitter_card":"summary_large_image","twitter_creator":"@PALOMITERO","twitter_site":"@cope_es","twitter_misc":{"Escrito por":"Jos\u00e9 Luis Panero","Tiempo de lectura":"5 minutos"},"schema":{"@context":"https:\/\/schema.org","@graph":[{"@type":"Article","@id":"https:\/\/www.cope.es\/blogs\/palomitas-de-maiz\/2022\/10\/04\/leopoldo-panero-torbado-de-la-nada-hasta-la-fe-casa-astorga\/#article","isPartOf":{"@id":"https:\/\/www.cope.es\/blogs\/palomitas-de-maiz\/2022\/10\/04\/leopoldo-panero-torbado-de-la-nada-hasta-la-fe-casa-astorga\/"},"author":{"name":"Jos\u00e9 Luis Panero","@id":"https:\/\/www.cope.es\/blogs\/palomitas-de-maiz\/#\/schema\/person\/9fb256f63733c964d19b06de1ca3c9ef"},"headline":"Leopoldo Panero Torbado: De la nada hasta la fe m\u00edstica","datePublished":"2022-10-04T09:23:14+00:00","dateModified":"2022-10-04T09:26:39+00:00","mainEntityOfPage":{"@id":"https:\/\/www.cope.es\/blogs\/palomitas-de-maiz\/2022\/10\/04\/leopoldo-panero-torbado-de-la-nada-hasta-la-fe-casa-astorga\/"},"wordCount":1057,"commentCount":0,"image":{"@id":"https:\/\/www.cope.es\/blogs\/palomitas-de-maiz\/2022\/10\/04\/leopoldo-panero-torbado-de-la-nada-hasta-la-fe-casa-astorga\/#primaryimage"},"thumbnailUrl":"https:\/\/www.cope.es\/blogs\/palomitas-de-maiz\/wp-content\/uploads\/sites\/6\/2022\/10\/Leopoldo-Panero-3.jpg","keywords":["60 aniversario","adolescente en sombra","astorga","audios in\u00e9ditos","c\u00e1ndida puerta","canto personal","carmen polo","casa panero","dada\u00edsmo","desde el umbral de un sue\u00f1o","desde mi orilla","despues de tantos a\u00f1os","diario fantas\u00eda","editorial catedra","el desencanto","en las manos de dios","en lo oscuro","escrito a cada instante","fe","felicidad blanc","franquismo","homenaje","javier huerta calvo","joaquina m\u00e1rquez","juan luis panero","juan panero torbado","la estancia vac\u00eda","leopoldo mar\u00eda panero","leopoldo panero","leopoldo panero torbado","michi panero","miguel de unamuno","m\u00edstica","musealizacion","museo","obras completas","pablo neruda","poes\u00eda","poes\u00eda m\u00edstica","poeta","premio Fastenrath","Premio Nacional de Literatura","ricardo franco","romances y canciones","surrealismo","versos al guadarrama"],"articleSection":["actualidad","homenaje","Leopoldo panero torbado","poes\u00eda"],"inLanguage":"es","potentialAction":[{"@type":"CommentAction","name":"Comment","target":["https:\/\/www.cope.es\/blogs\/palomitas-de-maiz\/2022\/10\/04\/leopoldo-panero-torbado-de-la-nada-hasta-la-fe-casa-astorga\/#respond"]}]},{"@type":"WebPage","@id":"https:\/\/www.cope.es\/blogs\/palomitas-de-maiz\/2022\/10\/04\/leopoldo-panero-torbado-de-la-nada-hasta-la-fe-casa-astorga\/","url":"https:\/\/www.cope.es\/blogs\/palomitas-de-maiz\/2022\/10\/04\/leopoldo-panero-torbado-de-la-nada-hasta-la-fe-casa-astorga\/","name":"Leopoldo Panero Torbado: De la nada hasta la fe m\u00edstica","isPartOf":{"@id":"https:\/\/www.cope.es\/blogs\/palomitas-de-maiz\/#website"},"primaryImageOfPage":{"@id":"https:\/\/www.cope.es\/blogs\/palomitas-de-maiz\/2022\/10\/04\/leopoldo-panero-torbado-de-la-nada-hasta-la-fe-casa-astorga\/#primaryimage"},"image":{"@id":"https:\/\/www.cope.es\/blogs\/palomitas-de-maiz\/2022\/10\/04\/leopoldo-panero-torbado-de-la-nada-hasta-la-fe-casa-astorga\/#primaryimage"},"thumbnailUrl":"https:\/\/www.cope.es\/blogs\/palomitas-de-maiz\/wp-content\/uploads\/sites\/6\/2022\/10\/Leopoldo-Panero-3.jpg","datePublished":"2022-10-04T09:23:14+00:00","dateModified":"2022-10-04T09:26:39+00:00","author":{"@id":"https:\/\/www.cope.es\/blogs\/palomitas-de-maiz\/#\/schema\/person\/9fb256f63733c964d19b06de1ca3c9ef"},"description":"Blog de cine y teatro. Blogs COPE. Leopoldo Panero Torbado: De la nada hasta la fe m\u00edstica: Homenaje al lucido poeta astorgano","breadcrumb":{"@id":"https:\/\/www.cope.es\/blogs\/palomitas-de-maiz\/2022\/10\/04\/leopoldo-panero-torbado-de-la-nada-hasta-la-fe-casa-astorga\/#breadcrumb"},"inLanguage":"es","potentialAction":[{"@type":"ReadAction","target":["https:\/\/www.cope.es\/blogs\/palomitas-de-maiz\/2022\/10\/04\/leopoldo-panero-torbado-de-la-nada-hasta-la-fe-casa-astorga\/"]}]},{"@type":"ImageObject","inLanguage":"es","@id":"https:\/\/www.cope.es\/blogs\/palomitas-de-maiz\/2022\/10\/04\/leopoldo-panero-torbado-de-la-nada-hasta-la-fe-casa-astorga\/#primaryimage","url":"https:\/\/www.cope.es\/blogs\/palomitas-de-maiz\/wp-content\/uploads\/sites\/6\/2022\/10\/Leopoldo-Panero-3.jpg","contentUrl":"https:\/\/www.cope.es\/blogs\/palomitas-de-maiz\/wp-content\/uploads\/sites\/6\/2022\/10\/Leopoldo-Panero-3.jpg","width":725,"height":407,"caption":"https:\/\/www.cope.es\/blogs\/palomitas-de-maiz\/2022\/10\/04\/leopoldo-panero-torbado-de-la-nada-hasta-la-fe-casa-astorga\/"},{"@type":"BreadcrumbList","@id":"https:\/\/www.cope.es\/blogs\/palomitas-de-maiz\/2022\/10\/04\/leopoldo-panero-torbado-de-la-nada-hasta-la-fe-casa-astorga\/#breadcrumb","itemListElement":[{"@type":"ListItem","position":1,"name":"Portada","item":"https:\/\/www.cope.es\/blogs\/palomitas-de-maiz\/"},{"@type":"ListItem","position":2,"name":"Leopoldo Panero Torbado: De la nada hasta la fe m\u00edstica"}]},{"@type":"WebSite","@id":"https:\/\/www.cope.es\/blogs\/palomitas-de-maiz\/#website","url":"https:\/\/www.cope.es\/blogs\/palomitas-de-maiz\/","name":"Palomitas de Ma\u00edz","description":"Blog decano de cine de COPE","potentialAction":[{"@type":"SearchAction","target":{"@type":"EntryPoint","urlTemplate":"https:\/\/www.cope.es\/blogs\/palomitas-de-maiz\/?s={search_term_string}"},"query-input":{"@type":"PropertyValueSpecification","valueRequired":true,"valueName":"search_term_string"}}],"inLanguage":"es"},{"@type":"Person","@id":"https:\/\/www.cope.es\/blogs\/palomitas-de-maiz\/#\/schema\/person\/9fb256f63733c964d19b06de1ca3c9ef","name":"Jos\u00e9 Luis Panero","image":{"@type":"ImageObject","inLanguage":"es","@id":"https:\/\/secure.gravatar.com\/avatar\/2ef93951eab3cee25932a7219e566376cbf6ddedde3aa3098e7a971991a3ef12?s=96&d=mm&r=g","url":"https:\/\/secure.gravatar.com\/avatar\/2ef93951eab3cee25932a7219e566376cbf6ddedde3aa3098e7a971991a3ef12?s=96&d=mm&r=g","contentUrl":"https:\/\/secure.gravatar.com\/avatar\/2ef93951eab3cee25932a7219e566376cbf6ddedde3aa3098e7a971991a3ef12?s=96&d=mm&r=g","caption":"Jos\u00e9 Luis Panero"},"description":"Licenciado en Periodismo y en Comunicaci\u00f3n Audiovisual. Tras m\u00e1s de cuatro a\u00f1os en el diario 'La Gaceta de Los Negocios' y el programa f\u00edlmico 'Pantalla Grande', es cr\u00edtico de cine en 'Ciudad Nueva', 'Pantalla 90', 'COPE' o 'Aleteia' y cr\u00edtico de teatro en 'Hoy en la city'. Ha sido coguionista y ayudante de direcci\u00f3n de cine, ponente en los coloquios de cine del foro FNAC y profesor universitario en diferentes cursos de Periodismo Social. Desde 2003 es miembro del C\u00edrculo de Escritores Cinematogr\u00e1ficos (CEC). En 2008 fund\u00f3 en 'COPE' su blog de cine 'Palomitas de Ma\u00edz'. En 2017 fue nombrado Jurado Oficial del Festival Internacional de Cine de Fuengirola (M\u00e1laga) y ese a\u00f1o la instituci\u00f3n educativa Trinity College-Liceo Serrano le distingui\u00f3 con el nombramiento de 'Profesor de Honor' del centro y miembro ilustre del claustro de profesores. En 2019 fue nombrado Jurado Oficial del Festival Internacional de Cine de Vera (Almer\u00eda). En 2020 fue nombrado Jurado Oficial del Festival Internacional de Cine de Terror de La Mar Bella (Marbella). Como int\u00e9rprete ha sido galardonado con el Premio al Actor Principal del I Festival Nacional UNIR de teatro. Desde 2020 es acad\u00e9mico de las Artes Esc\u00e9nicas de Espa\u00f1a. En 2023 fue nombrado Jurado Oficial de los 'Premios Tal\u00eda' en su I Edici\u00f3n. Y miembro de ASHUMES (Asociaci\u00f3n del Humorismo Espa\u00f1ol) a partir de 2022. En 2023 fue nombrado Jurado Oficial de la II Edici\u00f3n de los 'Premios Godot'.","sameAs":["http:\/\/www.cope.es","https:\/\/www.facebook.com\/palomitero\/","https:\/\/www.instagram.com\/joseluispanero\/","https:\/\/www.linkedin.com\/in\/jos-luis-panero-gonzlez-barosa-7722a716\/","https:\/\/x.com\/PALOMITERO","https:\/\/www.youtube.com\/channel\/UCQYaNGiETUXUPXjYu9p3lNw\/videos?","https:\/\/es.wikipedia.org\/wiki\/Jos_Luis_Panero_Gonzlez-Barosa"],"url":"https:\/\/www.cope.es\/blogs\/palomitas-de-maiz\/author\/jlpanero\/"}]}},"amp_enabled":true,"_links":{"self":[{"href":"https:\/\/www.cope.es\/blogs\/palomitas-de-maiz\/wp-json\/wp\/v2\/posts\/9666","targetHints":{"allow":["GET"]}}],"collection":[{"href":"https:\/\/www.cope.es\/blogs\/palomitas-de-maiz\/wp-json\/wp\/v2\/posts"}],"about":[{"href":"https:\/\/www.cope.es\/blogs\/palomitas-de-maiz\/wp-json\/wp\/v2\/types\/post"}],"author":[{"embeddable":true,"href":"https:\/\/www.cope.es\/blogs\/palomitas-de-maiz\/wp-json\/wp\/v2\/users\/6"}],"replies":[{"embeddable":true,"href":"https:\/\/www.cope.es\/blogs\/palomitas-de-maiz\/wp-json\/wp\/v2\/comments?post=9666"}],"version-history":[{"count":2,"href":"https:\/\/www.cope.es\/blogs\/palomitas-de-maiz\/wp-json\/wp\/v2\/posts\/9666\/revisions"}],"predecessor-version":[{"id":9679,"href":"https:\/\/www.cope.es\/blogs\/palomitas-de-maiz\/wp-json\/wp\/v2\/posts\/9666\/revisions\/9679"}],"wp:featuredmedia":[{"embeddable":true,"href":"https:\/\/www.cope.es\/blogs\/palomitas-de-maiz\/wp-json\/wp\/v2\/media\/9671"}],"wp:attachment":[{"href":"https:\/\/www.cope.es\/blogs\/palomitas-de-maiz\/wp-json\/wp\/v2\/media?parent=9666"}],"wp:term":[{"taxonomy":"category","embeddable":true,"href":"https:\/\/www.cope.es\/blogs\/palomitas-de-maiz\/wp-json\/wp\/v2\/categories?post=9666"},{"taxonomy":"post_tag","embeddable":true,"href":"https:\/\/www.cope.es\/blogs\/palomitas-de-maiz\/wp-json\/wp\/v2\/tags?post=9666"}],"curies":[{"name":"wp","href":"https:\/\/api.w.org\/{rel}","templated":true}]}}