{"id":949,"date":"2018-04-16T03:43:20","date_gmt":"2018-04-16T01:43:20","guid":{"rendered":"http:\/\/www.cope.es\/blogs\/palomitas-de-maiz\/?p=949"},"modified":"2018-04-16T03:48:18","modified_gmt":"2018-04-16T01:48:18","slug":"preestreno-simultaneo-de-custodia-compartida-cinco-ciudades-opera-prima-xavier-legrand","status":"publish","type":"post","link":"https:\/\/www.cope.es\/blogs\/palomitas-de-maiz\/2018\/04\/16\/preestreno-simultaneo-de-custodia-compartida-cinco-ciudades-opera-prima-xavier-legrand\/","title":{"rendered":"Hoy, preestreno simult\u00e1neo en cinco ciudades de \u2018Custodia compartida\u2019, opera prima del director franc\u00e9s Xavier Legrand"},"content":{"rendered":"<p>\u00a1Mis queridos palomiteros! Hoy,\u00a0preestreno simult\u00e1neo de <em>Custodia compartida<\/em>, de Xavier Legrand. Este lunes, 16\u00a0de abril, <a href=\"http:\/\/www.golem.es\/\">Golem Distribuci\u00f3n<\/a> llevar\u00e1 a cabo un preestreno simult\u00e1neo de la pel\u00edcula <em>Custodia compartida<\/em>, opera prima del joven director franc\u00e9s de 39 a\u00f1os,\u00a0<strong><a href=\"http:\/\/www.imdb.com\/name\/nm0499488\/\">Xavier Legrand<\/a><\/strong>, en Madrid, Valencia, Sevilla, Bilbao y Pamplona.<\/p>\n<figure id=\"attachment_958\" aria-describedby=\"caption-attachment-958\" style=\"width: 725px\" class=\"wp-caption aligncenter\"><img loading=\"lazy\" decoding=\"async\" width=\"725\" height=\"1035\" class=\"wp-image-958 size-full\" src=\"http:\/\/www.cope.es\/blogs\/palomitas-de-maiz\/wp-content\/uploads\/sites\/6\/2018\/04\/cartel_custodia_compartida-1.jpg\" alt=\"Cartel promocional del filme franc\u00e9s Custodia compartida, opera prima de Xavier Legrand\" srcset=\"https:\/\/www.cope.es\/blogs\/palomitas-de-maiz\/wp-content\/uploads\/sites\/6\/2018\/04\/cartel_custodia_compartida-1.jpg 725w, https:\/\/www.cope.es\/blogs\/palomitas-de-maiz\/wp-content\/uploads\/sites\/6\/2018\/04\/cartel_custodia_compartida-1-210x300.jpg 210w, https:\/\/www.cope.es\/blogs\/palomitas-de-maiz\/wp-content\/uploads\/sites\/6\/2018\/04\/cartel_custodia_compartida-1-717x1024.jpg 717w\" sizes=\"auto, (max-width: 725px) 100vw, 725px\" \/><figcaption id=\"caption-attachment-958\" class=\"wp-caption-text\">Cartel promocional del filme franc\u00e9s <em>Custodia compartida<\/em>, opera prima de <strong>Xavier Legrand<\/strong><\/figcaption><\/figure>\n<p>El acto, patrocinado por el programa\u00a0<em><a href=\"http:\/\/www.rtve.es\/alacarta\/videos\/dias-de-cine\/\">D\u00edas de cine de TVE<\/a><\/em>, ser\u00e1 presentado por el propio director. Adem\u00e1s, participar\u00e1 al t\u00e9rmino de la proyecci\u00f3n desde los cines <strong>Golem Madrid<\/strong> en un coloquio que ser\u00e1 retransmitido en directo en el resto de salas de cine, en la web de la plataforma de cine online <a href=\"http:\/\/www.filmin.es\/\">Filmin<\/a> y en el canal de <a href=\"https:\/\/www.youtube.com\/user\/GolemDistribucion\">YouTube de Golem<\/a>. El soporte t\u00e9cnico del evento ser\u00e1 realizado por <strong>Full Time<\/strong>, empresa de servicios audiovisuales especializada en la promoci\u00f3n de eventos cinematogr\u00e1ficos.<\/p>\n<figure id=\"attachment_959\" aria-describedby=\"caption-attachment-959\" style=\"width: 725px\" class=\"wp-caption aligncenter\"><img loading=\"lazy\" decoding=\"async\" width=\"725\" height=\"543\" class=\"wp-image-959 size-full\" src=\"http:\/\/www.cope.es\/blogs\/palomitas-de-maiz\/wp-content\/uploads\/sites\/6\/2018\/04\/xavier-legrand.jpg\" alt=\"El laureado director de cine franc\u00e9s, Xavier Legrand\" srcset=\"https:\/\/www.cope.es\/blogs\/palomitas-de-maiz\/wp-content\/uploads\/sites\/6\/2018\/04\/xavier-legrand.jpg 725w, https:\/\/www.cope.es\/blogs\/palomitas-de-maiz\/wp-content\/uploads\/sites\/6\/2018\/04\/xavier-legrand-300x225.jpg 300w\" sizes=\"auto, (max-width: 725px) 100vw, 725px\" \/><figcaption id=\"caption-attachment-959\" class=\"wp-caption-text\">El laureado director de cine franc\u00e9s, <strong>Xavier Legrand<\/strong><\/figcaption><\/figure>\n<h2>Preestreno simult\u00e1neo de <em>Custodia Compartida<\/em> en cinco ciudades<\/h2>\n<p><strong>Lunes 16 de abril. 20.30h<\/strong><\/p>\n<p>Madrid \u2013 <a href=\"http:\/\/www.golem.es\/golemv9\/cine.php?idCine=8\" target=\"_blank\">Golem Madrid<\/a><\/p>\n<p>Sevilla \u2013<a href=\"https:\/\/cinesur.com\/eventos_ampliada.php?idevento=94\">Mk2 Nervi\u00f3n<\/a><\/p>\n<p>Pamplona \u2013<a href=\"http:\/\/www.golem.es\/golemv9\/cine.php?idCine=1\">Golem Baiona<\/a><\/p>\n<p>Bilbao \u2013 <a href=\"http:\/\/www.golem.es\/golemv9\/cine.php?idCine=9\">Golem Alh\u00f3ndiga<\/a><\/p>\n<p>Valencia \u2013 <a href=\"http:\/\/www.cinesabc.com\/\">ABC Park<\/a><\/p>\n<p><strong>Xavier Legrand<\/strong> estar\u00e1 \u201ccustodiado\u201d en el escenario por la cineasta madrile\u00f1a\u00a0<strong>In\u00e9s Paris<em>\u00a0<\/em><\/strong>y la periodista cultural de los informativos de TVE,\u00a0<strong>Ana Romero<\/strong>. Los asistentes al preestreno podr\u00e1n participar desde cualquier ciudad enviado sus preguntas a trav\u00e9s del hashtag de Twitter #CustodiaCompartida.<\/p>\n<figure id=\"attachment_960\" aria-describedby=\"caption-attachment-960\" style=\"width: 725px\" class=\"wp-caption aligncenter\"><img loading=\"lazy\" decoding=\"async\" width=\"725\" height=\"303\" class=\"wp-image-960 size-full\" src=\"http:\/\/www.cope.es\/blogs\/palomitas-de-maiz\/wp-content\/uploads\/sites\/6\/2018\/04\/custodia_compartida2.jpg\" alt=\"Fotograma del filme Custodia compartida, de Xavier Legrand\" srcset=\"https:\/\/www.cope.es\/blogs\/palomitas-de-maiz\/wp-content\/uploads\/sites\/6\/2018\/04\/custodia_compartida2.jpg 725w, https:\/\/www.cope.es\/blogs\/palomitas-de-maiz\/wp-content\/uploads\/sites\/6\/2018\/04\/custodia_compartida2-300x125.jpg 300w\" sizes=\"auto, (max-width: 725px) 100vw, 725px\" \/><figcaption id=\"caption-attachment-960\" class=\"wp-caption-text\">Fotograma del filme <em>Custodia compartida<\/em>, de <strong>Xavier Legrand<\/strong><\/figcaption><\/figure>\n<p><em>Custodia compartida<\/em> es un absorbente largometraje que bascula entre el drama social, el suspense y el\u00a0<em>thriller<\/em>, que cuenta la historia de un ni\u00f1o cuyos padres separados comparten su custodia. Xavier Legrand debuta en la direcci\u00f3n de largometrajes abordando con exquisita sensibilidad la dominaci\u00f3n en las relaciones sentimentales y la locura de la posesi\u00f3n que ya indag\u00f3 en el cortometraje\u00a0<em>Antes de perderlo todo<\/em>\u00a0(candidato al Oscar en 2014).<\/p>\n<p><iframe loading=\"lazy\" width=\"675\" height=\"380\" src=\"https:\/\/www.youtube.com\/embed\/0JS0y87SPZA?feature=oembed\" frameborder=\"0\" allow=\"autoplay; encrypted-media\" allowfullscreen><\/iframe><\/p>\n<h2>Premios para <em>Custodia compartida<\/em><\/h2>\n<p>La pel\u00edcula se estren\u00f3 internacionalmente en el Festival de Venecia donde logr\u00f3 un amplio reconocimiento al ganar el <strong>Le\u00f3n de Plata<\/strong> al Mejor Director y el Premio <strong>Luigi de Laurentiis<\/strong> a la Mejor \u00d3pera Prima.<\/p>\n<p>El Zinemaldi de San Sebasti\u00e1n sigui\u00f3 la <strong>estela de Venecia<\/strong> y tanto el jurado como el p\u00fablico apreciaron la sensibilidad de este gran filme otorg\u00e1ndole el <strong>Premio del P\u00fablico<\/strong> a la Mejor Pel\u00edcula Europea y El Premio TVE otra mirada -galard\u00f3n concedido por Televisi\u00f3n Espa\u00f1ola en reconocimiento a pel\u00edculas de especial inter\u00e9s en su promoci\u00f3n de la inclusi\u00f3n social, igualdad de oportunidades e igualdad de g\u00e9nero-.<\/p>\n<figure id=\"attachment_961\" aria-describedby=\"caption-attachment-961\" style=\"width: 725px\" class=\"wp-caption aligncenter\"><img loading=\"lazy\" decoding=\"async\" width=\"725\" height=\"303\" class=\"wp-image-961 size-full\" src=\"http:\/\/www.cope.es\/blogs\/palomitas-de-maiz\/wp-content\/uploads\/sites\/6\/2018\/04\/custodia_compartida3.jpg\" alt=\"Fotograma del filme Custodia compartida, de Xavier Legrand\" srcset=\"https:\/\/www.cope.es\/blogs\/palomitas-de-maiz\/wp-content\/uploads\/sites\/6\/2018\/04\/custodia_compartida3.jpg 725w, https:\/\/www.cope.es\/blogs\/palomitas-de-maiz\/wp-content\/uploads\/sites\/6\/2018\/04\/custodia_compartida3-300x125.jpg 300w\" sizes=\"auto, (max-width: 725px) 100vw, 725px\" \/><figcaption id=\"caption-attachment-961\" class=\"wp-caption-text\">Fotograma del filme <em>Custodia compartida<\/em>, de <strong>Xavier Legrand<\/strong><\/figcaption><\/figure>\n<p><strong>Por su parte, la cinta cuenta la historia <\/strong>de Myriam y Antoine. Se acaban de divorciar. Para proteger a su hijo peque\u00f1o de su violento marido, Myriam pide la custodia, pero la juez decide concederla compartida entre ambos c\u00f3nyuges. V\u00edctima de un padre celoso, y en el af\u00e1n de proteger a su madre acosada, Julien\u00a0 har\u00e1 todo lo que est\u00e9 en su mano para que no ocurra lo peor.<\/p>\n<p>\u00a1Nos vemos en los cines, palomiteros!<\/p>\n<p><iframe loading=\"lazy\" width=\"675\" height=\"380\" src=\"https:\/\/www.youtube.com\/embed\/ejDkFc2CjTA?feature=oembed\" frameborder=\"0\" allow=\"autoplay; encrypted-media\" allowfullscreen><\/iframe><\/p>\n","protected":false},"excerpt":{"rendered":"<p>\u00a1Mis queridos palomiteros! Hoy,\u00a0preestreno simult\u00e1neo de Custodia compartida, de Xavier Legrand. Este lunes, 16\u00a0de abril, Golem Distribuci\u00f3n llevar\u00e1 a cabo un preestreno simult\u00e1neo de la pel\u00edcula Custodia compartida, opera prima del joven director franc\u00e9s de 39 a\u00f1os,\u00a0Xavier Legrand, en Madrid, Valencia, Sevilla, Bilbao y Pamplona. El acto, patrocinado por el programa\u00a0D\u00edas de cine de TVE, [&hellip;]<\/p>\n","protected":false},"author":6,"featured_media":956,"comment_status":"open","ping_status":"open","sticky":false,"template":"","format":"standard","meta":{"footnotes":""},"categories":[336,49,193,776,348,570,905],"tags":[923,924,919,909,907,911,485,914,921,915,922,926,927,916,913,21,920,906,69,929,918,908,925,910,917,912,928],"class_list":["post-949","post","type-post","status-publish","format-standard","has-post-thumbnail","hentry","category-actualidad","category-cine","category-drama","category-filmin","category-industria","category-opera-prima","category-preestreno","tag-ana-romero","tag-antes-de-perderlo-todo","tag-bilbao","tag-cinco-ciudades","tag-custodia-compartida","tag-dias-de-cine","tag-filmin","tag-frances","tag-full-time","tag-golem-distribucion","tag-ines-paria","tag-leon-de-plata","tag-luigi-de-laurentiis","tag-madrid","tag-opera-prima","tag-oscar","tag-pamplona","tag-preestreno","tag-premios","tag-san-sebastian","tag-sevilla","tag-simultaneo","tag-thriller","tag-tve","tag-valencia","tag-xavier-legrand","tag-zinemaldi"],"yoast_head":"<!-- This site is optimized with the Yoast SEO plugin v27.4 - https:\/\/yoast.com\/product\/yoast-seo-wordpress\/ -->\n<title>Hoy, preestreno simult\u00e1neo de Custodia compartida, de Xavier Legrand<\/title>\n<meta name=\"description\" content=\"Hoy,\u00a0preestreno simult\u00e1neo de Custodia compartida, de Xavier Legrand. Este lunes, 16\u00a0de abril, Golem Distribuci\u00f3n llevar\u00e1 a t\u00e9rmino esta iniciativa novedosa, opera prima del cineasta franc\u00e9s de 39 a\u00f1os, en Madrid, Valencia, Sevilla, Bilbao y Pamplona.\" \/>\n<meta name=\"robots\" content=\"index, follow, max-snippet:-1, max-image-preview:large, max-video-preview:-1\" \/>\n<link rel=\"canonical\" href=\"https:\/\/www.cope.es\/blogs\/palomitas-de-maiz\/2018\/04\/16\/preestreno-simultaneo-de-custodia-compartida-cinco-ciudades-opera-prima-xavier-legrand\/\" \/>\n<meta property=\"og:locale\" content=\"es_ES\" \/>\n<meta property=\"og:type\" content=\"article\" \/>\n<meta property=\"og:title\" content=\"Hoy, preestreno simult\u00e1neo de Custodia compartida, de Xavier Legrand\" \/>\n<meta property=\"og:description\" content=\"Hoy,\u00a0preestreno simult\u00e1neo de Custodia compartida, de Xavier Legrand. Este lunes, 16\u00a0de abril, Golem Distribuci\u00f3n llevar\u00e1 a t\u00e9rmino esta iniciativa novedosa, opera prima del cineasta franc\u00e9s de 39 a\u00f1os, en Madrid, Valencia, Sevilla, Bilbao y Pamplona.\" \/>\n<meta property=\"og:url\" content=\"https:\/\/www.cope.es\/blogs\/palomitas-de-maiz\/2018\/04\/16\/preestreno-simultaneo-de-custodia-compartida-cinco-ciudades-opera-prima-xavier-legrand\/\" \/>\n<meta property=\"og:site_name\" content=\"Palomitas de Ma\u00edz\" \/>\n<meta property=\"article:publisher\" content=\"https:\/\/www.facebook.com\/cope\/\" \/>\n<meta property=\"article:author\" content=\"https:\/\/www.facebook.com\/palomitero\/\" \/>\n<meta property=\"article:published_time\" content=\"2018-04-16T01:43:20+00:00\" \/>\n<meta property=\"article:modified_time\" content=\"2018-04-16T01:48:18+00:00\" \/>\n<meta property=\"og:image\" content=\"https:\/\/www.cope.es\/blogs\/palomitas-de-maiz\/wp-content\/uploads\/sites\/6\/2018\/04\/custodia_compartida1.jpg\" \/>\n\t<meta property=\"og:image:width\" content=\"725\" \/>\n\t<meta property=\"og:image:height\" content=\"303\" \/>\n\t<meta property=\"og:image:type\" content=\"image\/jpeg\" \/>\n<meta name=\"author\" content=\"Jos\u00e9 Luis Panero\" \/>\n<meta name=\"twitter:card\" content=\"summary_large_image\" \/>\n<meta name=\"twitter:creator\" content=\"@PALOMITERO\" \/>\n<meta name=\"twitter:site\" content=\"@cope_es\" \/>\n<meta name=\"twitter:label1\" content=\"Escrito por\" \/>\n\t<meta name=\"twitter:data1\" content=\"Jos\u00e9 Luis Panero\" \/>\n\t<meta name=\"twitter:label2\" content=\"Tiempo de lectura\" \/>\n\t<meta name=\"twitter:data2\" content=\"3 minutos\" \/>\n<script type=\"application\/ld+json\" class=\"yoast-schema-graph\">{\"@context\":\"https:\\\/\\\/schema.org\",\"@graph\":[{\"@type\":\"Article\",\"@id\":\"https:\\\/\\\/www.cope.es\\\/blogs\\\/palomitas-de-maiz\\\/2018\\\/04\\\/16\\\/preestreno-simultaneo-de-custodia-compartida-cinco-ciudades-opera-prima-xavier-legrand\\\/#article\",\"isPartOf\":{\"@id\":\"https:\\\/\\\/www.cope.es\\\/blogs\\\/palomitas-de-maiz\\\/2018\\\/04\\\/16\\\/preestreno-simultaneo-de-custodia-compartida-cinco-ciudades-opera-prima-xavier-legrand\\\/\"},\"author\":{\"name\":\"Jos\u00e9 Luis Panero\",\"@id\":\"https:\\\/\\\/www.cope.es\\\/blogs\\\/palomitas-de-maiz\\\/#\\\/schema\\\/person\\\/9fb256f63733c964d19b06de1ca3c9ef\"},\"headline\":\"Hoy, preestreno simult\u00e1neo en cinco ciudades de \u2018Custodia compartida\u2019, opera prima del director franc\u00e9s Xavier Legrand\",\"datePublished\":\"2018-04-16T01:43:20+00:00\",\"dateModified\":\"2018-04-16T01:48:18+00:00\",\"mainEntityOfPage\":{\"@id\":\"https:\\\/\\\/www.cope.es\\\/blogs\\\/palomitas-de-maiz\\\/2018\\\/04\\\/16\\\/preestreno-simultaneo-de-custodia-compartida-cinco-ciudades-opera-prima-xavier-legrand\\\/\"},\"wordCount\":591,\"commentCount\":0,\"image\":{\"@id\":\"https:\\\/\\\/www.cope.es\\\/blogs\\\/palomitas-de-maiz\\\/2018\\\/04\\\/16\\\/preestreno-simultaneo-de-custodia-compartida-cinco-ciudades-opera-prima-xavier-legrand\\\/#primaryimage\"},\"thumbnailUrl\":\"https:\\\/\\\/www.cope.es\\\/blogs\\\/palomitas-de-maiz\\\/wp-content\\\/uploads\\\/sites\\\/6\\\/2018\\\/04\\\/custodia_compartida1.jpg\",\"keywords\":[\"ana romero\",\"antes de perderlo todo\",\"Bilbao\",\"cinco ciudades\",\"custodia compartida\",\"dias de cine\",\"filmin\",\"franc\u00e9s\",\"Full Time\",\"golem distribucion\",\"ines paria\",\"leon de plata\",\"Luigi de Laurentiis\",\"Madrid\",\"opera prima\",\"oscar\",\"Pamplona\",\"preestreno\",\"premios\",\"San Sebasti\u00e1n\",\"Sevilla\",\"simult\u00e1neo\",\"thriller\",\"tve\",\"Valencia\",\"xavier legrand\",\"Zinemaldi\"],\"articleSection\":[\"actualidad\",\"Cine\",\"Drama\",\"Filmin\",\"industria\",\"Opera prima\",\"preestreno\"],\"inLanguage\":\"es\",\"potentialAction\":[{\"@type\":\"CommentAction\",\"name\":\"Comment\",\"target\":[\"https:\\\/\\\/www.cope.es\\\/blogs\\\/palomitas-de-maiz\\\/2018\\\/04\\\/16\\\/preestreno-simultaneo-de-custodia-compartida-cinco-ciudades-opera-prima-xavier-legrand\\\/#respond\"]}]},{\"@type\":\"WebPage\",\"@id\":\"https:\\\/\\\/www.cope.es\\\/blogs\\\/palomitas-de-maiz\\\/2018\\\/04\\\/16\\\/preestreno-simultaneo-de-custodia-compartida-cinco-ciudades-opera-prima-xavier-legrand\\\/\",\"url\":\"https:\\\/\\\/www.cope.es\\\/blogs\\\/palomitas-de-maiz\\\/2018\\\/04\\\/16\\\/preestreno-simultaneo-de-custodia-compartida-cinco-ciudades-opera-prima-xavier-legrand\\\/\",\"name\":\"Hoy, preestreno simult\u00e1neo de Custodia compartida, de Xavier Legrand\",\"isPartOf\":{\"@id\":\"https:\\\/\\\/www.cope.es\\\/blogs\\\/palomitas-de-maiz\\\/#website\"},\"primaryImageOfPage\":{\"@id\":\"https:\\\/\\\/www.cope.es\\\/blogs\\\/palomitas-de-maiz\\\/2018\\\/04\\\/16\\\/preestreno-simultaneo-de-custodia-compartida-cinco-ciudades-opera-prima-xavier-legrand\\\/#primaryimage\"},\"image\":{\"@id\":\"https:\\\/\\\/www.cope.es\\\/blogs\\\/palomitas-de-maiz\\\/2018\\\/04\\\/16\\\/preestreno-simultaneo-de-custodia-compartida-cinco-ciudades-opera-prima-xavier-legrand\\\/#primaryimage\"},\"thumbnailUrl\":\"https:\\\/\\\/www.cope.es\\\/blogs\\\/palomitas-de-maiz\\\/wp-content\\\/uploads\\\/sites\\\/6\\\/2018\\\/04\\\/custodia_compartida1.jpg\",\"datePublished\":\"2018-04-16T01:43:20+00:00\",\"dateModified\":\"2018-04-16T01:48:18+00:00\",\"author\":{\"@id\":\"https:\\\/\\\/www.cope.es\\\/blogs\\\/palomitas-de-maiz\\\/#\\\/schema\\\/person\\\/9fb256f63733c964d19b06de1ca3c9ef\"},\"description\":\"Hoy,\u00a0preestreno simult\u00e1neo de Custodia compartida, de Xavier Legrand. Este lunes, 16\u00a0de abril, Golem Distribuci\u00f3n llevar\u00e1 a t\u00e9rmino esta iniciativa novedosa, opera prima del cineasta franc\u00e9s de 39 a\u00f1os, en Madrid, Valencia, Sevilla, Bilbao y Pamplona.\",\"breadcrumb\":{\"@id\":\"https:\\\/\\\/www.cope.es\\\/blogs\\\/palomitas-de-maiz\\\/2018\\\/04\\\/16\\\/preestreno-simultaneo-de-custodia-compartida-cinco-ciudades-opera-prima-xavier-legrand\\\/#breadcrumb\"},\"inLanguage\":\"es\",\"potentialAction\":[{\"@type\":\"ReadAction\",\"target\":[\"https:\\\/\\\/www.cope.es\\\/blogs\\\/palomitas-de-maiz\\\/2018\\\/04\\\/16\\\/preestreno-simultaneo-de-custodia-compartida-cinco-ciudades-opera-prima-xavier-legrand\\\/\"]}]},{\"@type\":\"ImageObject\",\"inLanguage\":\"es\",\"@id\":\"https:\\\/\\\/www.cope.es\\\/blogs\\\/palomitas-de-maiz\\\/2018\\\/04\\\/16\\\/preestreno-simultaneo-de-custodia-compartida-cinco-ciudades-opera-prima-xavier-legrand\\\/#primaryimage\",\"url\":\"https:\\\/\\\/www.cope.es\\\/blogs\\\/palomitas-de-maiz\\\/wp-content\\\/uploads\\\/sites\\\/6\\\/2018\\\/04\\\/custodia_compartida1.jpg\",\"contentUrl\":\"https:\\\/\\\/www.cope.es\\\/blogs\\\/palomitas-de-maiz\\\/wp-content\\\/uploads\\\/sites\\\/6\\\/2018\\\/04\\\/custodia_compartida1.jpg\",\"width\":725,\"height\":303,\"caption\":\"http:\\\/\\\/www.cope.es\\\/blogs\\\/palomitas-de-maiz\\\/2018\\\/04\\\/16\\\/preestreno-simultaneo-de-custodia-compartida-cinco-ciudades-opera-prima-xavier-legrand\\\/\"},{\"@type\":\"BreadcrumbList\",\"@id\":\"https:\\\/\\\/www.cope.es\\\/blogs\\\/palomitas-de-maiz\\\/2018\\\/04\\\/16\\\/preestreno-simultaneo-de-custodia-compartida-cinco-ciudades-opera-prima-xavier-legrand\\\/#breadcrumb\",\"itemListElement\":[{\"@type\":\"ListItem\",\"position\":1,\"name\":\"Portada\",\"item\":\"https:\\\/\\\/www.cope.es\\\/blogs\\\/palomitas-de-maiz\\\/\"},{\"@type\":\"ListItem\",\"position\":2,\"name\":\"Hoy, preestreno simult\u00e1neo en cinco ciudades de \u2018Custodia compartida\u2019, opera prima del director franc\u00e9s Xavier Legrand\"}]},{\"@type\":\"WebSite\",\"@id\":\"https:\\\/\\\/www.cope.es\\\/blogs\\\/palomitas-de-maiz\\\/#website\",\"url\":\"https:\\\/\\\/www.cope.es\\\/blogs\\\/palomitas-de-maiz\\\/\",\"name\":\"Palomitas de Ma\u00edz\",\"description\":\"Blog decano de cine de COPE\",\"potentialAction\":[{\"@type\":\"SearchAction\",\"target\":{\"@type\":\"EntryPoint\",\"urlTemplate\":\"https:\\\/\\\/www.cope.es\\\/blogs\\\/palomitas-de-maiz\\\/?s={search_term_string}\"},\"query-input\":{\"@type\":\"PropertyValueSpecification\",\"valueRequired\":true,\"valueName\":\"search_term_string\"}}],\"inLanguage\":\"es\"},{\"@type\":\"Person\",\"@id\":\"https:\\\/\\\/www.cope.es\\\/blogs\\\/palomitas-de-maiz\\\/#\\\/schema\\\/person\\\/9fb256f63733c964d19b06de1ca3c9ef\",\"name\":\"Jos\u00e9 Luis Panero\",\"image\":{\"@type\":\"ImageObject\",\"inLanguage\":\"es\",\"@id\":\"https:\\\/\\\/secure.gravatar.com\\\/avatar\\\/2ef93951eab3cee25932a7219e566376cbf6ddedde3aa3098e7a971991a3ef12?s=96&d=mm&r=g\",\"url\":\"https:\\\/\\\/secure.gravatar.com\\\/avatar\\\/2ef93951eab3cee25932a7219e566376cbf6ddedde3aa3098e7a971991a3ef12?s=96&d=mm&r=g\",\"contentUrl\":\"https:\\\/\\\/secure.gravatar.com\\\/avatar\\\/2ef93951eab3cee25932a7219e566376cbf6ddedde3aa3098e7a971991a3ef12?s=96&d=mm&r=g\",\"caption\":\"Jos\u00e9 Luis Panero\"},\"description\":\"Licenciado en Periodismo y en Comunicaci\u00f3n Audiovisual. Tras m\u00e1s de cuatro a\u00f1os en el diario 'La Gaceta de Los Negocios' y el programa f\u00edlmico 'Pantalla Grande', es cr\u00edtico de cine en 'Ciudad Nueva', 'Pantalla 90', 'COPE' o 'Aleteia' y cr\u00edtico de teatro en 'Hoy en la city'. Ha sido coguionista y ayudante de direcci\u00f3n de cine, ponente en los coloquios de cine del foro FNAC y profesor universitario en diferentes cursos de Periodismo Social. Desde 2003 es miembro del C\u00edrculo de Escritores Cinematogr\u00e1ficos (CEC). En 2008 fund\u00f3 en 'COPE' su blog de cine 'Palomitas de Ma\u00edz'. En 2017 fue nombrado Jurado Oficial del Festival Internacional de Cine de Fuengirola (M\u00e1laga) y ese a\u00f1o la instituci\u00f3n educativa Trinity College-Liceo Serrano le distingui\u00f3 con el nombramiento de 'Profesor de Honor' del centro y miembro ilustre del claustro de profesores. En 2019 fue nombrado Jurado Oficial del Festival Internacional de Cine de Vera (Almer\u00eda). En 2020 fue nombrado Jurado Oficial del Festival Internacional de Cine de Terror de La Mar Bella (Marbella). Como int\u00e9rprete ha sido galardonado con el Premio al Actor Principal del I Festival Nacional UNIR de teatro. Desde 2020 es acad\u00e9mico de las Artes Esc\u00e9nicas de Espa\u00f1a. En 2023 fue nombrado Jurado Oficial de los 'Premios Tal\u00eda' en su I Edici\u00f3n. Y miembro de ASHUMES (Asociaci\u00f3n del Humorismo Espa\u00f1ol) a partir de 2022. En 2023 fue nombrado Jurado Oficial de la II Edici\u00f3n de los 'Premios Godot'.\",\"sameAs\":[\"http:\\\/\\\/www.cope.es\",\"https:\\\/\\\/www.facebook.com\\\/palomitero\\\/\",\"https:\\\/\\\/www.instagram.com\\\/joseluispanero\\\/\",\"https:\\\/\\\/www.linkedin.com\\\/in\\\/jos-luis-panero-gonzlez-barosa-7722a716\\\/\",\"https:\\\/\\\/x.com\\\/PALOMITERO\",\"https:\\\/\\\/www.youtube.com\\\/channel\\\/UCQYaNGiETUXUPXjYu9p3lNw\\\/videos?\",\"https:\\\/\\\/es.wikipedia.org\\\/wiki\\\/Jos_Luis_Panero_Gonzlez-Barosa\"],\"url\":\"https:\\\/\\\/www.cope.es\\\/blogs\\\/palomitas-de-maiz\\\/author\\\/jlpanero\\\/\"}]}<\/script>\n<!-- \/ Yoast SEO plugin. -->","yoast_head_json":{"title":"Hoy, preestreno simult\u00e1neo de Custodia compartida, de Xavier Legrand","description":"Hoy,\u00a0preestreno simult\u00e1neo de Custodia compartida, de Xavier Legrand. Este lunes, 16\u00a0de abril, Golem Distribuci\u00f3n llevar\u00e1 a t\u00e9rmino esta iniciativa novedosa, opera prima del cineasta franc\u00e9s de 39 a\u00f1os, en Madrid, Valencia, Sevilla, Bilbao y Pamplona.","robots":{"index":"index","follow":"follow","max-snippet":"max-snippet:-1","max-image-preview":"max-image-preview:large","max-video-preview":"max-video-preview:-1"},"canonical":"https:\/\/www.cope.es\/blogs\/palomitas-de-maiz\/2018\/04\/16\/preestreno-simultaneo-de-custodia-compartida-cinco-ciudades-opera-prima-xavier-legrand\/","og_locale":"es_ES","og_type":"article","og_title":"Hoy, preestreno simult\u00e1neo de Custodia compartida, de Xavier Legrand","og_description":"Hoy,\u00a0preestreno simult\u00e1neo de Custodia compartida, de Xavier Legrand. Este lunes, 16\u00a0de abril, Golem Distribuci\u00f3n llevar\u00e1 a t\u00e9rmino esta iniciativa novedosa, opera prima del cineasta franc\u00e9s de 39 a\u00f1os, en Madrid, Valencia, Sevilla, Bilbao y Pamplona.","og_url":"https:\/\/www.cope.es\/blogs\/palomitas-de-maiz\/2018\/04\/16\/preestreno-simultaneo-de-custodia-compartida-cinco-ciudades-opera-prima-xavier-legrand\/","og_site_name":"Palomitas de Ma\u00edz","article_publisher":"https:\/\/www.facebook.com\/cope\/","article_author":"https:\/\/www.facebook.com\/palomitero\/","article_published_time":"2018-04-16T01:43:20+00:00","article_modified_time":"2018-04-16T01:48:18+00:00","og_image":[{"width":725,"height":303,"url":"https:\/\/www.cope.es\/blogs\/palomitas-de-maiz\/wp-content\/uploads\/sites\/6\/2018\/04\/custodia_compartida1.jpg","type":"image\/jpeg"}],"author":"Jos\u00e9 Luis Panero","twitter_card":"summary_large_image","twitter_creator":"@PALOMITERO","twitter_site":"@cope_es","twitter_misc":{"Escrito por":"Jos\u00e9 Luis Panero","Tiempo de lectura":"3 minutos"},"schema":{"@context":"https:\/\/schema.org","@graph":[{"@type":"Article","@id":"https:\/\/www.cope.es\/blogs\/palomitas-de-maiz\/2018\/04\/16\/preestreno-simultaneo-de-custodia-compartida-cinco-ciudades-opera-prima-xavier-legrand\/#article","isPartOf":{"@id":"https:\/\/www.cope.es\/blogs\/palomitas-de-maiz\/2018\/04\/16\/preestreno-simultaneo-de-custodia-compartida-cinco-ciudades-opera-prima-xavier-legrand\/"},"author":{"name":"Jos\u00e9 Luis Panero","@id":"https:\/\/www.cope.es\/blogs\/palomitas-de-maiz\/#\/schema\/person\/9fb256f63733c964d19b06de1ca3c9ef"},"headline":"Hoy, preestreno simult\u00e1neo en cinco ciudades de \u2018Custodia compartida\u2019, opera prima del director franc\u00e9s Xavier Legrand","datePublished":"2018-04-16T01:43:20+00:00","dateModified":"2018-04-16T01:48:18+00:00","mainEntityOfPage":{"@id":"https:\/\/www.cope.es\/blogs\/palomitas-de-maiz\/2018\/04\/16\/preestreno-simultaneo-de-custodia-compartida-cinco-ciudades-opera-prima-xavier-legrand\/"},"wordCount":591,"commentCount":0,"image":{"@id":"https:\/\/www.cope.es\/blogs\/palomitas-de-maiz\/2018\/04\/16\/preestreno-simultaneo-de-custodia-compartida-cinco-ciudades-opera-prima-xavier-legrand\/#primaryimage"},"thumbnailUrl":"https:\/\/www.cope.es\/blogs\/palomitas-de-maiz\/wp-content\/uploads\/sites\/6\/2018\/04\/custodia_compartida1.jpg","keywords":["ana romero","antes de perderlo todo","Bilbao","cinco ciudades","custodia compartida","dias de cine","filmin","franc\u00e9s","Full Time","golem distribucion","ines paria","leon de plata","Luigi de Laurentiis","Madrid","opera prima","oscar","Pamplona","preestreno","premios","San Sebasti\u00e1n","Sevilla","simult\u00e1neo","thriller","tve","Valencia","xavier legrand","Zinemaldi"],"articleSection":["actualidad","Cine","Drama","Filmin","industria","Opera prima","preestreno"],"inLanguage":"es","potentialAction":[{"@type":"CommentAction","name":"Comment","target":["https:\/\/www.cope.es\/blogs\/palomitas-de-maiz\/2018\/04\/16\/preestreno-simultaneo-de-custodia-compartida-cinco-ciudades-opera-prima-xavier-legrand\/#respond"]}]},{"@type":"WebPage","@id":"https:\/\/www.cope.es\/blogs\/palomitas-de-maiz\/2018\/04\/16\/preestreno-simultaneo-de-custodia-compartida-cinco-ciudades-opera-prima-xavier-legrand\/","url":"https:\/\/www.cope.es\/blogs\/palomitas-de-maiz\/2018\/04\/16\/preestreno-simultaneo-de-custodia-compartida-cinco-ciudades-opera-prima-xavier-legrand\/","name":"Hoy, preestreno simult\u00e1neo de Custodia compartida, de Xavier Legrand","isPartOf":{"@id":"https:\/\/www.cope.es\/blogs\/palomitas-de-maiz\/#website"},"primaryImageOfPage":{"@id":"https:\/\/www.cope.es\/blogs\/palomitas-de-maiz\/2018\/04\/16\/preestreno-simultaneo-de-custodia-compartida-cinco-ciudades-opera-prima-xavier-legrand\/#primaryimage"},"image":{"@id":"https:\/\/www.cope.es\/blogs\/palomitas-de-maiz\/2018\/04\/16\/preestreno-simultaneo-de-custodia-compartida-cinco-ciudades-opera-prima-xavier-legrand\/#primaryimage"},"thumbnailUrl":"https:\/\/www.cope.es\/blogs\/palomitas-de-maiz\/wp-content\/uploads\/sites\/6\/2018\/04\/custodia_compartida1.jpg","datePublished":"2018-04-16T01:43:20+00:00","dateModified":"2018-04-16T01:48:18+00:00","author":{"@id":"https:\/\/www.cope.es\/blogs\/palomitas-de-maiz\/#\/schema\/person\/9fb256f63733c964d19b06de1ca3c9ef"},"description":"Hoy,\u00a0preestreno simult\u00e1neo de Custodia compartida, de Xavier Legrand. Este lunes, 16\u00a0de abril, Golem Distribuci\u00f3n llevar\u00e1 a t\u00e9rmino esta iniciativa novedosa, opera prima del cineasta franc\u00e9s de 39 a\u00f1os, en Madrid, Valencia, Sevilla, Bilbao y Pamplona.","breadcrumb":{"@id":"https:\/\/www.cope.es\/blogs\/palomitas-de-maiz\/2018\/04\/16\/preestreno-simultaneo-de-custodia-compartida-cinco-ciudades-opera-prima-xavier-legrand\/#breadcrumb"},"inLanguage":"es","potentialAction":[{"@type":"ReadAction","target":["https:\/\/www.cope.es\/blogs\/palomitas-de-maiz\/2018\/04\/16\/preestreno-simultaneo-de-custodia-compartida-cinco-ciudades-opera-prima-xavier-legrand\/"]}]},{"@type":"ImageObject","inLanguage":"es","@id":"https:\/\/www.cope.es\/blogs\/palomitas-de-maiz\/2018\/04\/16\/preestreno-simultaneo-de-custodia-compartida-cinco-ciudades-opera-prima-xavier-legrand\/#primaryimage","url":"https:\/\/www.cope.es\/blogs\/palomitas-de-maiz\/wp-content\/uploads\/sites\/6\/2018\/04\/custodia_compartida1.jpg","contentUrl":"https:\/\/www.cope.es\/blogs\/palomitas-de-maiz\/wp-content\/uploads\/sites\/6\/2018\/04\/custodia_compartida1.jpg","width":725,"height":303,"caption":"http:\/\/www.cope.es\/blogs\/palomitas-de-maiz\/2018\/04\/16\/preestreno-simultaneo-de-custodia-compartida-cinco-ciudades-opera-prima-xavier-legrand\/"},{"@type":"BreadcrumbList","@id":"https:\/\/www.cope.es\/blogs\/palomitas-de-maiz\/2018\/04\/16\/preestreno-simultaneo-de-custodia-compartida-cinco-ciudades-opera-prima-xavier-legrand\/#breadcrumb","itemListElement":[{"@type":"ListItem","position":1,"name":"Portada","item":"https:\/\/www.cope.es\/blogs\/palomitas-de-maiz\/"},{"@type":"ListItem","position":2,"name":"Hoy, preestreno simult\u00e1neo en cinco ciudades de \u2018Custodia compartida\u2019, opera prima del director franc\u00e9s Xavier Legrand"}]},{"@type":"WebSite","@id":"https:\/\/www.cope.es\/blogs\/palomitas-de-maiz\/#website","url":"https:\/\/www.cope.es\/blogs\/palomitas-de-maiz\/","name":"Palomitas de Ma\u00edz","description":"Blog decano de cine de COPE","potentialAction":[{"@type":"SearchAction","target":{"@type":"EntryPoint","urlTemplate":"https:\/\/www.cope.es\/blogs\/palomitas-de-maiz\/?s={search_term_string}"},"query-input":{"@type":"PropertyValueSpecification","valueRequired":true,"valueName":"search_term_string"}}],"inLanguage":"es"},{"@type":"Person","@id":"https:\/\/www.cope.es\/blogs\/palomitas-de-maiz\/#\/schema\/person\/9fb256f63733c964d19b06de1ca3c9ef","name":"Jos\u00e9 Luis Panero","image":{"@type":"ImageObject","inLanguage":"es","@id":"https:\/\/secure.gravatar.com\/avatar\/2ef93951eab3cee25932a7219e566376cbf6ddedde3aa3098e7a971991a3ef12?s=96&d=mm&r=g","url":"https:\/\/secure.gravatar.com\/avatar\/2ef93951eab3cee25932a7219e566376cbf6ddedde3aa3098e7a971991a3ef12?s=96&d=mm&r=g","contentUrl":"https:\/\/secure.gravatar.com\/avatar\/2ef93951eab3cee25932a7219e566376cbf6ddedde3aa3098e7a971991a3ef12?s=96&d=mm&r=g","caption":"Jos\u00e9 Luis Panero"},"description":"Licenciado en Periodismo y en Comunicaci\u00f3n Audiovisual. Tras m\u00e1s de cuatro a\u00f1os en el diario 'La Gaceta de Los Negocios' y el programa f\u00edlmico 'Pantalla Grande', es cr\u00edtico de cine en 'Ciudad Nueva', 'Pantalla 90', 'COPE' o 'Aleteia' y cr\u00edtico de teatro en 'Hoy en la city'. Ha sido coguionista y ayudante de direcci\u00f3n de cine, ponente en los coloquios de cine del foro FNAC y profesor universitario en diferentes cursos de Periodismo Social. Desde 2003 es miembro del C\u00edrculo de Escritores Cinematogr\u00e1ficos (CEC). En 2008 fund\u00f3 en 'COPE' su blog de cine 'Palomitas de Ma\u00edz'. En 2017 fue nombrado Jurado Oficial del Festival Internacional de Cine de Fuengirola (M\u00e1laga) y ese a\u00f1o la instituci\u00f3n educativa Trinity College-Liceo Serrano le distingui\u00f3 con el nombramiento de 'Profesor de Honor' del centro y miembro ilustre del claustro de profesores. En 2019 fue nombrado Jurado Oficial del Festival Internacional de Cine de Vera (Almer\u00eda). En 2020 fue nombrado Jurado Oficial del Festival Internacional de Cine de Terror de La Mar Bella (Marbella). Como int\u00e9rprete ha sido galardonado con el Premio al Actor Principal del I Festival Nacional UNIR de teatro. Desde 2020 es acad\u00e9mico de las Artes Esc\u00e9nicas de Espa\u00f1a. En 2023 fue nombrado Jurado Oficial de los 'Premios Tal\u00eda' en su I Edici\u00f3n. Y miembro de ASHUMES (Asociaci\u00f3n del Humorismo Espa\u00f1ol) a partir de 2022. En 2023 fue nombrado Jurado Oficial de la II Edici\u00f3n de los 'Premios Godot'.","sameAs":["http:\/\/www.cope.es","https:\/\/www.facebook.com\/palomitero\/","https:\/\/www.instagram.com\/joseluispanero\/","https:\/\/www.linkedin.com\/in\/jos-luis-panero-gonzlez-barosa-7722a716\/","https:\/\/x.com\/PALOMITERO","https:\/\/www.youtube.com\/channel\/UCQYaNGiETUXUPXjYu9p3lNw\/videos?","https:\/\/es.wikipedia.org\/wiki\/Jos_Luis_Panero_Gonzlez-Barosa"],"url":"https:\/\/www.cope.es\/blogs\/palomitas-de-maiz\/author\/jlpanero\/"}]}},"amp_enabled":true,"_links":{"self":[{"href":"https:\/\/www.cope.es\/blogs\/palomitas-de-maiz\/wp-json\/wp\/v2\/posts\/949","targetHints":{"allow":["GET"]}}],"collection":[{"href":"https:\/\/www.cope.es\/blogs\/palomitas-de-maiz\/wp-json\/wp\/v2\/posts"}],"about":[{"href":"https:\/\/www.cope.es\/blogs\/palomitas-de-maiz\/wp-json\/wp\/v2\/types\/post"}],"author":[{"embeddable":true,"href":"https:\/\/www.cope.es\/blogs\/palomitas-de-maiz\/wp-json\/wp\/v2\/users\/6"}],"replies":[{"embeddable":true,"href":"https:\/\/www.cope.es\/blogs\/palomitas-de-maiz\/wp-json\/wp\/v2\/comments?post=949"}],"version-history":[{"count":2,"href":"https:\/\/www.cope.es\/blogs\/palomitas-de-maiz\/wp-json\/wp\/v2\/posts\/949\/revisions"}],"predecessor-version":[{"id":966,"href":"https:\/\/www.cope.es\/blogs\/palomitas-de-maiz\/wp-json\/wp\/v2\/posts\/949\/revisions\/966"}],"wp:featuredmedia":[{"embeddable":true,"href":"https:\/\/www.cope.es\/blogs\/palomitas-de-maiz\/wp-json\/wp\/v2\/media\/956"}],"wp:attachment":[{"href":"https:\/\/www.cope.es\/blogs\/palomitas-de-maiz\/wp-json\/wp\/v2\/media?parent=949"}],"wp:term":[{"taxonomy":"category","embeddable":true,"href":"https:\/\/www.cope.es\/blogs\/palomitas-de-maiz\/wp-json\/wp\/v2\/categories?post=949"},{"taxonomy":"post_tag","embeddable":true,"href":"https:\/\/www.cope.es\/blogs\/palomitas-de-maiz\/wp-json\/wp\/v2\/tags?post=949"}],"curies":[{"name":"wp","href":"https:\/\/api.w.org\/{rel}","templated":true}]}}