{"id":9209,"date":"2022-05-09T00:01:12","date_gmt":"2022-05-08T22:01:12","guid":{"rendered":"http:\/\/www.cope.es\/blogs\/palomitas-de-maiz\/?p=9209"},"modified":"2022-05-09T01:22:51","modified_gmt":"2022-05-08T23:22:51","slug":"ediciones-catedra-lanza-paolo-sorrentino-otro-impecable-monografico-elios-mendieta","status":"publish","type":"post","link":"https:\/\/www.cope.es\/blogs\/palomitas-de-maiz\/2022\/05\/09\/ediciones-catedra-lanza-paolo-sorrentino-otro-impecable-monografico-elios-mendieta\/","title":{"rendered":"C\u00e1tedra lanza \u2018Paolo Sorrentino\u2019, otro impecable monogr\u00e1fico a cargo del joven escritor Elios Mendieta"},"content":{"rendered":"<p>\u00a1Mis queridos palomiteros! Ediciones C\u00e1tedra lanza \u2018Paolo Sorrentino\u2019, otro impecable monogr\u00e1fico. Llega a las estanter\u00edas un nuevo volumen de la prestigiosa editorial \u2013<a href=\"http:\/\/www.cope.es\/blogs\/palomitas-de-maiz\/2021\/04\/19\/ediciones-catedra-lanza-george-lucas-otro-impecable-monografico-jose-abad\/\">dentro de su colecci\u00f3n Signo e Imagen<\/a>\u2013 a cargo del\u00a0cazorle\u00f1o\u00a0de 32 a\u00f1os,<strong> <a href=\"https:\/\/www.unir.net\/profesores\/elios-mendieta-rodriguez\/\" target=\"_blank\">Elios Mendieta<\/a><\/strong>, cuya pasi\u00f3n cin\u00e9fila ya se respira, y mucho, desde las primeras letras del estudio. A ello contribuye decisivamente su condici\u00f3n de doctor en Estudios Literarios.<\/p>\n<h2>Ediciones C\u00e1tedra lanza \u2018Paolo Sorrentino\u2019, otro impecable monogr\u00e1fico<\/h2>\n<p><strong><em>Paolo Sorrentino<\/em><\/strong> es uno de esos cuidados trabajos a los que nos tiene tan acostumbrados la editorial, en este caso <strong>especialmente realizado desde el respeto y la ponderaci\u00f3n<\/strong>. Recordamos que el cineasta italiano de 51 a\u00f1os perdi\u00f3 a sus padres a sus tempranos 17 a\u00f1os por una mala combusti\u00f3n de gas en su domicilio, asunto que expuso acertadamente en <em><a href=\"https:\/\/es.wikipedia.org\/wiki\/Fue_la_mano_de_Dios\" target=\"_blank\">Fue la mano de Dios<\/a><\/em>, su \u00faltima pel\u00edcula hasta la fecha. Por cierto, la mayor\u00eda de las historias f\u00edlmicas del oscarizado cineasta (<em><a href=\"https:\/\/www.filmin.es\/pelicula\/la-gran-belleza\" target=\"_blank\">La gran belleza<\/a><\/em>, 2013) pueden verse en casi todas las <strong>plataformas de streaming<\/strong>.<\/p>\n<figure id=\"attachment_9210\" aria-describedby=\"caption-attachment-9210\" style=\"width: 725px\" class=\"wp-caption aligncenter\"><img loading=\"lazy\" decoding=\"async\" width=\"725\" height=\"966\" class=\"wp-image-9210 size-full\" src=\"http:\/\/www.cope.es\/blogs\/palomitas-de-maiz\/wp-content\/uploads\/sites\/6\/2022\/05\/elios-mendieta.jpg\" alt=\"Elios Mendieta | Ediciones C\u00e1tedra lanza \u2018Paolo Sorrentino\u2019, otro impecable monogr\u00e1fico\" srcset=\"https:\/\/www.cope.es\/blogs\/palomitas-de-maiz\/wp-content\/uploads\/sites\/6\/2022\/05\/elios-mendieta.jpg 725w, https:\/\/www.cope.es\/blogs\/palomitas-de-maiz\/wp-content\/uploads\/sites\/6\/2022\/05\/elios-mendieta-225x300.jpg 225w\" sizes=\"auto, (max-width: 725px) 100vw, 725px\" \/><figcaption id=\"caption-attachment-9210\" class=\"wp-caption-text\"><strong>Elios Mendieta | Ediciones C\u00e1tedra lanza \u2018Paolo Sorrentino\u2019, otro impecable monogr\u00e1fico<\/strong><\/figcaption><\/figure>\n<p>Adem\u00e1s, <strong>Elios Mendieta despliega su sello personal tambi\u00e9n en otras vertientes<\/strong>. As\u00ed las cosas, al estudio -que parte de la idea argumental de su tesis-, <strong>lo ha dotado de un\u00a0lenguaje muy cuidado y de tono divulgativo<\/strong>, que conseguir\u00e1 atraer a los lectores fieles al universo del realizador italiano. Un excelente debut literario.<\/p>\n<p>Por su parte, <strong>en las 376 p\u00e1ginas de las que consta\u00a0<em>Paolo Sorrentino<\/em><\/strong>, Mendieta desgrana al mil\u00edmetro las obsesiones, filias y fobias en las pel\u00edculas de Sorrentino: soledad, drogas, egocentrismo&#8230; en la primera parte del ejemplar. En la segunda, que es la m\u00e1s amplia y contrastada, <strong>el joven autor analiza con cirujano de bistur\u00ed otros aspectos muy interesantes de ese carrusel de filmes<\/strong>.<\/p>\n<p><iframe loading=\"lazy\" title=\"Tr\u00e1iler La Gran Belleza\" width=\"675\" height=\"380\" src=\"https:\/\/www.youtube.com\/embed\/qbuh9Dno-MY?feature=oembed\" frameborder=\"0\" allow=\"accelerometer; autoplay; clipboard-write; encrypted-media; gyroscope; picture-in-picture\" allowfullscreen><\/iframe><\/p>\n<h2><em>Paolo Sorrentino<\/em> es uno de esos cuidados trabajos a los que nos tiene tan acostumbrados la editorial, en este caso especialmente realizado desde el respeto y la ponderaci\u00f3n<\/h2>\n<p>Nos hallamos, pues, ante un\u00a0<strong>l\u00facido y muy recomendable trabajo sobre el cineasta de N\u00e1poles<\/strong>, autor de una de las obras m\u00e1s interesantes del panorama cinematogr\u00e1fico contempor\u00e1neo, repleta de im\u00e1genes y secuencias de extraordinaria potencia est\u00e9tica que no se quedan en la mera belleza, sino que dialogan con otras manifestaciones art\u00edsticas y campos del saber. De esta manera se establecen, al mismo tiempo, una<strong> continua reflexi\u00f3n sobre los temas de actualidad<\/strong>, sin dejar de repensar el pasado y c\u00f3mo este afecta al devenir de sus personajes.<\/p>\n<p><iframe loading=\"lazy\" title=\"Las consecuencias del amor- Insomnio. (escena)\" width=\"508\" height=\"381\" src=\"https:\/\/www.youtube.com\/embed\/iIsS5uKovSs?feature=oembed\" frameborder=\"0\" allow=\"accelerometer; autoplay; clipboard-write; encrypted-media; gyroscope; picture-in-picture\" allowfullscreen><\/iframe><\/p>\n<p>En las tres d\u00e9cadas que lleva vinculado al s\u00e9ptimo arte, ha conseguido crear un entramado f\u00edlmico h\u00edbrido de gran originalidad, que <strong>supone una conversaci\u00f3n y una actualizaci\u00f3n constante del discurso de sus maestros<\/strong>, pero sacando a relucir una voz propia, de inusitada singularidad. En este libro se realiza un estudio pormenorizado de toda su filmograf\u00eda, donde indaga en sus im\u00e1genes para analizar los rasgos que conforman su estilo y su particular universo creativo.<\/p>\n<p>\u00a1No os lo perd\u00e1is, <strong>os va a encantar<\/strong>!<\/p>\n<figure id=\"attachment_9211\" aria-describedby=\"caption-attachment-9211\" style=\"width: 725px\" class=\"wp-caption aligncenter\"><img loading=\"lazy\" decoding=\"async\" width=\"725\" height=\"1186\" class=\"wp-image-9211 size-full\" src=\"http:\/\/www.cope.es\/blogs\/palomitas-de-maiz\/wp-content\/uploads\/sites\/6\/2022\/05\/caratula-paolo-sorrentino-catedra.jpg\" alt=\"Portada del ejemplar | Ediciones C\u00e1tedra lanza \u2018Paolo Sorrentino\u2019, otro impecable monogr\u00e1fico\" srcset=\"https:\/\/www.cope.es\/blogs\/palomitas-de-maiz\/wp-content\/uploads\/sites\/6\/2022\/05\/caratula-paolo-sorrentino-catedra.jpg 725w, https:\/\/www.cope.es\/blogs\/palomitas-de-maiz\/wp-content\/uploads\/sites\/6\/2022\/05\/caratula-paolo-sorrentino-catedra-183x300.jpg 183w, https:\/\/www.cope.es\/blogs\/palomitas-de-maiz\/wp-content\/uploads\/sites\/6\/2022\/05\/caratula-paolo-sorrentino-catedra-626x1024.jpg 626w\" sizes=\"auto, (max-width: 725px) 100vw, 725px\" \/><figcaption id=\"caption-attachment-9211\" class=\"wp-caption-text\"><strong>Portada del ejemplar | Ediciones C\u00e1tedra lanza \u2018Paolo Sorrentino\u2019, otro impecable monogr\u00e1fico<\/strong><\/figcaption><\/figure>\n","protected":false},"excerpt":{"rendered":"<p>\u00a1Mis queridos palomiteros! Ediciones C\u00e1tedra lanza \u2018Paolo Sorrentino\u2019, otro impecable monogr\u00e1fico. Llega a las estanter\u00edas un nuevo volumen de la prestigiosa editorial \u2013dentro de su colecci\u00f3n Signo e Imagen\u2013 a cargo del\u00a0cazorle\u00f1o\u00a0de 32 a\u00f1os, Elios Mendieta, cuya pasi\u00f3n cin\u00e9fila ya se respira, y mucho, desde las primeras letras del estudio. A ello contribuye decisivamente su [&hellip;]<\/p>\n","protected":false},"author":6,"featured_media":9212,"comment_status":"open","ping_status":"open","sticky":false,"template":"","format":"standard","meta":{"footnotes":""},"categories":[336,49,8507,831],"tags":[2687,44,3640,8521,1567,836,10215,10217,10218,4710,2205,8866,10216,839],"class_list":["post-9209","post","type-post","status-publish","format-standard","has-post-thumbnail","hentry","category-actualidad","category-cine","category-critica-de-libros","category-libros-de-cine","tag-catedra","tag-cine","tag-coleccion","tag-critica-de-libros","tag-ediciones-catedra","tag-editorial-catedra","tag-elios-mendieta","tag-la-gran-belleza","tag-las-consecuencias-del-amor","tag-libros","tag-libros-de-cine","tag-monografico","tag-paolo-sorrentino","tag-signo-e-imagen"],"yoast_head":"<!-- This site is optimized with the Yoast SEO plugin v27.4 - https:\/\/yoast.com\/product\/yoast-seo-wordpress\/ -->\n<title>Ediciones C\u00e1tedra lanza \u2018Paolo Sorrentino\u2019, otro impecable monogr\u00e1fico<\/title>\n<meta name=\"description\" content=\"Blog de cine y teatro. Blogs COPE. Ediciones C\u00e1tedra lanza \u2018Paolo Sorrentino\u2019, otro impecable monogr\u00e1fico del excelente Elios Mendieta\" \/>\n<meta name=\"robots\" content=\"index, follow, max-snippet:-1, max-image-preview:large, max-video-preview:-1\" \/>\n<link rel=\"canonical\" href=\"https:\/\/www.cope.es\/blogs\/palomitas-de-maiz\/2022\/05\/09\/ediciones-catedra-lanza-paolo-sorrentino-otro-impecable-monografico-elios-mendieta\/\" \/>\n<meta property=\"og:locale\" content=\"es_ES\" \/>\n<meta property=\"og:type\" content=\"article\" \/>\n<meta property=\"og:title\" content=\"Ediciones C\u00e1tedra lanza \u2018Paolo Sorrentino\u2019, otro impecable monogr\u00e1fico\" \/>\n<meta property=\"og:description\" content=\"Blog de cine y teatro. Blogs COPE. Ediciones C\u00e1tedra lanza \u2018Paolo Sorrentino\u2019, otro impecable monogr\u00e1fico del excelente Elios Mendieta\" \/>\n<meta property=\"og:url\" content=\"https:\/\/www.cope.es\/blogs\/palomitas-de-maiz\/2022\/05\/09\/ediciones-catedra-lanza-paolo-sorrentino-otro-impecable-monografico-elios-mendieta\/\" \/>\n<meta property=\"og:site_name\" content=\"Palomitas de Ma\u00edz\" \/>\n<meta property=\"article:publisher\" content=\"https:\/\/www.facebook.com\/cope\/\" \/>\n<meta property=\"article:author\" content=\"https:\/\/www.facebook.com\/palomitero\/\" \/>\n<meta property=\"article:published_time\" content=\"2022-05-08T22:01:12+00:00\" \/>\n<meta property=\"article:modified_time\" content=\"2022-05-08T23:22:51+00:00\" \/>\n<meta property=\"og:image\" content=\"https:\/\/www.cope.es\/blogs\/palomitas-de-maiz\/wp-content\/uploads\/sites\/6\/2022\/05\/portada-paolo-sorrentino-catedra.jpg\" \/>\n\t<meta property=\"og:image:width\" content=\"724\" \/>\n\t<meta property=\"og:image:height\" content=\"387\" \/>\n\t<meta property=\"og:image:type\" content=\"image\/jpeg\" \/>\n<meta name=\"author\" content=\"Jos\u00e9 Luis Panero\" \/>\n<meta name=\"twitter:card\" content=\"summary_large_image\" \/>\n<meta name=\"twitter:creator\" content=\"@PALOMITERO\" \/>\n<meta name=\"twitter:site\" content=\"@cope_es\" \/>\n<meta name=\"twitter:label1\" content=\"Escrito por\" \/>\n\t<meta name=\"twitter:data1\" content=\"Jos\u00e9 Luis Panero\" \/>\n\t<meta name=\"twitter:label2\" content=\"Tiempo de lectura\" \/>\n\t<meta name=\"twitter:data2\" content=\"3 minutos\" \/>\n<script type=\"application\/ld+json\" class=\"yoast-schema-graph\">{\"@context\":\"https:\\\/\\\/schema.org\",\"@graph\":[{\"@type\":\"Article\",\"@id\":\"https:\\\/\\\/www.cope.es\\\/blogs\\\/palomitas-de-maiz\\\/2022\\\/05\\\/09\\\/ediciones-catedra-lanza-paolo-sorrentino-otro-impecable-monografico-elios-mendieta\\\/#article\",\"isPartOf\":{\"@id\":\"https:\\\/\\\/www.cope.es\\\/blogs\\\/palomitas-de-maiz\\\/2022\\\/05\\\/09\\\/ediciones-catedra-lanza-paolo-sorrentino-otro-impecable-monografico-elios-mendieta\\\/\"},\"author\":{\"name\":\"Jos\u00e9 Luis Panero\",\"@id\":\"https:\\\/\\\/www.cope.es\\\/blogs\\\/palomitas-de-maiz\\\/#\\\/schema\\\/person\\\/9fb256f63733c964d19b06de1ca3c9ef\"},\"headline\":\"C\u00e1tedra lanza \u2018Paolo Sorrentino\u2019, otro impecable monogr\u00e1fico a cargo del joven escritor Elios Mendieta\",\"datePublished\":\"2022-05-08T22:01:12+00:00\",\"dateModified\":\"2022-05-08T23:22:51+00:00\",\"mainEntityOfPage\":{\"@id\":\"https:\\\/\\\/www.cope.es\\\/blogs\\\/palomitas-de-maiz\\\/2022\\\/05\\\/09\\\/ediciones-catedra-lanza-paolo-sorrentino-otro-impecable-monografico-elios-mendieta\\\/\"},\"wordCount\":586,\"commentCount\":0,\"image\":{\"@id\":\"https:\\\/\\\/www.cope.es\\\/blogs\\\/palomitas-de-maiz\\\/2022\\\/05\\\/09\\\/ediciones-catedra-lanza-paolo-sorrentino-otro-impecable-monografico-elios-mendieta\\\/#primaryimage\"},\"thumbnailUrl\":\"https:\\\/\\\/www.cope.es\\\/blogs\\\/palomitas-de-maiz\\\/wp-content\\\/uploads\\\/sites\\\/6\\\/2022\\\/05\\\/portada-paolo-sorrentino-catedra.jpg\",\"keywords\":[\"catedra\",\"cine\",\"colecci\u00f3n\",\"cr\u00edtica de libros\",\"ediciones c\u00e1tedra\",\"editorial catedra\",\"elios mendieta\",\"la gran belleza\",\"las consecuencias del amor\",\"libros\",\"libros de cine\",\"monogr\u00e1fico\",\"paolo sorrentino\",\"signo e imagen\"],\"articleSection\":[\"actualidad\",\"Cine\",\"Cr\u00edtica de Libros\",\"libros de cine\"],\"inLanguage\":\"es\",\"potentialAction\":[{\"@type\":\"CommentAction\",\"name\":\"Comment\",\"target\":[\"https:\\\/\\\/www.cope.es\\\/blogs\\\/palomitas-de-maiz\\\/2022\\\/05\\\/09\\\/ediciones-catedra-lanza-paolo-sorrentino-otro-impecable-monografico-elios-mendieta\\\/#respond\"]}]},{\"@type\":\"WebPage\",\"@id\":\"https:\\\/\\\/www.cope.es\\\/blogs\\\/palomitas-de-maiz\\\/2022\\\/05\\\/09\\\/ediciones-catedra-lanza-paolo-sorrentino-otro-impecable-monografico-elios-mendieta\\\/\",\"url\":\"https:\\\/\\\/www.cope.es\\\/blogs\\\/palomitas-de-maiz\\\/2022\\\/05\\\/09\\\/ediciones-catedra-lanza-paolo-sorrentino-otro-impecable-monografico-elios-mendieta\\\/\",\"name\":\"Ediciones C\u00e1tedra lanza \u2018Paolo Sorrentino\u2019, otro impecable monogr\u00e1fico\",\"isPartOf\":{\"@id\":\"https:\\\/\\\/www.cope.es\\\/blogs\\\/palomitas-de-maiz\\\/#website\"},\"primaryImageOfPage\":{\"@id\":\"https:\\\/\\\/www.cope.es\\\/blogs\\\/palomitas-de-maiz\\\/2022\\\/05\\\/09\\\/ediciones-catedra-lanza-paolo-sorrentino-otro-impecable-monografico-elios-mendieta\\\/#primaryimage\"},\"image\":{\"@id\":\"https:\\\/\\\/www.cope.es\\\/blogs\\\/palomitas-de-maiz\\\/2022\\\/05\\\/09\\\/ediciones-catedra-lanza-paolo-sorrentino-otro-impecable-monografico-elios-mendieta\\\/#primaryimage\"},\"thumbnailUrl\":\"https:\\\/\\\/www.cope.es\\\/blogs\\\/palomitas-de-maiz\\\/wp-content\\\/uploads\\\/sites\\\/6\\\/2022\\\/05\\\/portada-paolo-sorrentino-catedra.jpg\",\"datePublished\":\"2022-05-08T22:01:12+00:00\",\"dateModified\":\"2022-05-08T23:22:51+00:00\",\"author\":{\"@id\":\"https:\\\/\\\/www.cope.es\\\/blogs\\\/palomitas-de-maiz\\\/#\\\/schema\\\/person\\\/9fb256f63733c964d19b06de1ca3c9ef\"},\"description\":\"Blog de cine y teatro. Blogs COPE. Ediciones C\u00e1tedra lanza \u2018Paolo Sorrentino\u2019, otro impecable monogr\u00e1fico del excelente Elios Mendieta\",\"breadcrumb\":{\"@id\":\"https:\\\/\\\/www.cope.es\\\/blogs\\\/palomitas-de-maiz\\\/2022\\\/05\\\/09\\\/ediciones-catedra-lanza-paolo-sorrentino-otro-impecable-monografico-elios-mendieta\\\/#breadcrumb\"},\"inLanguage\":\"es\",\"potentialAction\":[{\"@type\":\"ReadAction\",\"target\":[\"https:\\\/\\\/www.cope.es\\\/blogs\\\/palomitas-de-maiz\\\/2022\\\/05\\\/09\\\/ediciones-catedra-lanza-paolo-sorrentino-otro-impecable-monografico-elios-mendieta\\\/\"]}]},{\"@type\":\"ImageObject\",\"inLanguage\":\"es\",\"@id\":\"https:\\\/\\\/www.cope.es\\\/blogs\\\/palomitas-de-maiz\\\/2022\\\/05\\\/09\\\/ediciones-catedra-lanza-paolo-sorrentino-otro-impecable-monografico-elios-mendieta\\\/#primaryimage\",\"url\":\"https:\\\/\\\/www.cope.es\\\/blogs\\\/palomitas-de-maiz\\\/wp-content\\\/uploads\\\/sites\\\/6\\\/2022\\\/05\\\/portada-paolo-sorrentino-catedra.jpg\",\"contentUrl\":\"https:\\\/\\\/www.cope.es\\\/blogs\\\/palomitas-de-maiz\\\/wp-content\\\/uploads\\\/sites\\\/6\\\/2022\\\/05\\\/portada-paolo-sorrentino-catedra.jpg\",\"width\":724,\"height\":387,\"caption\":\"https:\\\/\\\/www.cope.es\\\/blogs\\\/palomitas-de-maiz\\\/2022\\\/05\\\/09\\\/ediciones-catedra-lanza-paolo-sorrentino-otro-impecable-monografico-elios-mendieta\\\/\"},{\"@type\":\"BreadcrumbList\",\"@id\":\"https:\\\/\\\/www.cope.es\\\/blogs\\\/palomitas-de-maiz\\\/2022\\\/05\\\/09\\\/ediciones-catedra-lanza-paolo-sorrentino-otro-impecable-monografico-elios-mendieta\\\/#breadcrumb\",\"itemListElement\":[{\"@type\":\"ListItem\",\"position\":1,\"name\":\"Portada\",\"item\":\"https:\\\/\\\/www.cope.es\\\/blogs\\\/palomitas-de-maiz\\\/\"},{\"@type\":\"ListItem\",\"position\":2,\"name\":\"C\u00e1tedra lanza \u2018Paolo Sorrentino\u2019, otro impecable monogr\u00e1fico a cargo del joven escritor Elios Mendieta\"}]},{\"@type\":\"WebSite\",\"@id\":\"https:\\\/\\\/www.cope.es\\\/blogs\\\/palomitas-de-maiz\\\/#website\",\"url\":\"https:\\\/\\\/www.cope.es\\\/blogs\\\/palomitas-de-maiz\\\/\",\"name\":\"Palomitas de Ma\u00edz\",\"description\":\"Blog decano de cine de COPE\",\"potentialAction\":[{\"@type\":\"SearchAction\",\"target\":{\"@type\":\"EntryPoint\",\"urlTemplate\":\"https:\\\/\\\/www.cope.es\\\/blogs\\\/palomitas-de-maiz\\\/?s={search_term_string}\"},\"query-input\":{\"@type\":\"PropertyValueSpecification\",\"valueRequired\":true,\"valueName\":\"search_term_string\"}}],\"inLanguage\":\"es\"},{\"@type\":\"Person\",\"@id\":\"https:\\\/\\\/www.cope.es\\\/blogs\\\/palomitas-de-maiz\\\/#\\\/schema\\\/person\\\/9fb256f63733c964d19b06de1ca3c9ef\",\"name\":\"Jos\u00e9 Luis Panero\",\"image\":{\"@type\":\"ImageObject\",\"inLanguage\":\"es\",\"@id\":\"https:\\\/\\\/secure.gravatar.com\\\/avatar\\\/2ef93951eab3cee25932a7219e566376cbf6ddedde3aa3098e7a971991a3ef12?s=96&d=mm&r=g\",\"url\":\"https:\\\/\\\/secure.gravatar.com\\\/avatar\\\/2ef93951eab3cee25932a7219e566376cbf6ddedde3aa3098e7a971991a3ef12?s=96&d=mm&r=g\",\"contentUrl\":\"https:\\\/\\\/secure.gravatar.com\\\/avatar\\\/2ef93951eab3cee25932a7219e566376cbf6ddedde3aa3098e7a971991a3ef12?s=96&d=mm&r=g\",\"caption\":\"Jos\u00e9 Luis Panero\"},\"description\":\"Licenciado en Periodismo y en Comunicaci\u00f3n Audiovisual. Tras m\u00e1s de cuatro a\u00f1os en el diario 'La Gaceta de Los Negocios' y el programa f\u00edlmico 'Pantalla Grande', es cr\u00edtico de cine en 'Ciudad Nueva', 'Pantalla 90', 'COPE' o 'Aleteia' y cr\u00edtico de teatro en 'Hoy en la city'. Ha sido coguionista y ayudante de direcci\u00f3n de cine, ponente en los coloquios de cine del foro FNAC y profesor universitario en diferentes cursos de Periodismo Social. Desde 2003 es miembro del C\u00edrculo de Escritores Cinematogr\u00e1ficos (CEC). En 2008 fund\u00f3 en 'COPE' su blog de cine 'Palomitas de Ma\u00edz'. En 2017 fue nombrado Jurado Oficial del Festival Internacional de Cine de Fuengirola (M\u00e1laga) y ese a\u00f1o la instituci\u00f3n educativa Trinity College-Liceo Serrano le distingui\u00f3 con el nombramiento de 'Profesor de Honor' del centro y miembro ilustre del claustro de profesores. En 2019 fue nombrado Jurado Oficial del Festival Internacional de Cine de Vera (Almer\u00eda). En 2020 fue nombrado Jurado Oficial del Festival Internacional de Cine de Terror de La Mar Bella (Marbella). Como int\u00e9rprete ha sido galardonado con el Premio al Actor Principal del I Festival Nacional UNIR de teatro. Desde 2020 es acad\u00e9mico de las Artes Esc\u00e9nicas de Espa\u00f1a. En 2023 fue nombrado Jurado Oficial de los 'Premios Tal\u00eda' en su I Edici\u00f3n. Y miembro de ASHUMES (Asociaci\u00f3n del Humorismo Espa\u00f1ol) a partir de 2022. En 2023 fue nombrado Jurado Oficial de la II Edici\u00f3n de los 'Premios Godot'.\",\"sameAs\":[\"http:\\\/\\\/www.cope.es\",\"https:\\\/\\\/www.facebook.com\\\/palomitero\\\/\",\"https:\\\/\\\/www.instagram.com\\\/joseluispanero\\\/\",\"https:\\\/\\\/www.linkedin.com\\\/in\\\/jos-luis-panero-gonzlez-barosa-7722a716\\\/\",\"https:\\\/\\\/x.com\\\/PALOMITERO\",\"https:\\\/\\\/www.youtube.com\\\/channel\\\/UCQYaNGiETUXUPXjYu9p3lNw\\\/videos?\",\"https:\\\/\\\/es.wikipedia.org\\\/wiki\\\/Jos_Luis_Panero_Gonzlez-Barosa\"],\"url\":\"https:\\\/\\\/www.cope.es\\\/blogs\\\/palomitas-de-maiz\\\/author\\\/jlpanero\\\/\"}]}<\/script>\n<!-- \/ Yoast SEO plugin. -->","yoast_head_json":{"title":"Ediciones C\u00e1tedra lanza \u2018Paolo Sorrentino\u2019, otro impecable monogr\u00e1fico","description":"Blog de cine y teatro. Blogs COPE. Ediciones C\u00e1tedra lanza \u2018Paolo Sorrentino\u2019, otro impecable monogr\u00e1fico del excelente Elios Mendieta","robots":{"index":"index","follow":"follow","max-snippet":"max-snippet:-1","max-image-preview":"max-image-preview:large","max-video-preview":"max-video-preview:-1"},"canonical":"https:\/\/www.cope.es\/blogs\/palomitas-de-maiz\/2022\/05\/09\/ediciones-catedra-lanza-paolo-sorrentino-otro-impecable-monografico-elios-mendieta\/","og_locale":"es_ES","og_type":"article","og_title":"Ediciones C\u00e1tedra lanza \u2018Paolo Sorrentino\u2019, otro impecable monogr\u00e1fico","og_description":"Blog de cine y teatro. Blogs COPE. Ediciones C\u00e1tedra lanza \u2018Paolo Sorrentino\u2019, otro impecable monogr\u00e1fico del excelente Elios Mendieta","og_url":"https:\/\/www.cope.es\/blogs\/palomitas-de-maiz\/2022\/05\/09\/ediciones-catedra-lanza-paolo-sorrentino-otro-impecable-monografico-elios-mendieta\/","og_site_name":"Palomitas de Ma\u00edz","article_publisher":"https:\/\/www.facebook.com\/cope\/","article_author":"https:\/\/www.facebook.com\/palomitero\/","article_published_time":"2022-05-08T22:01:12+00:00","article_modified_time":"2022-05-08T23:22:51+00:00","og_image":[{"width":724,"height":387,"url":"https:\/\/www.cope.es\/blogs\/palomitas-de-maiz\/wp-content\/uploads\/sites\/6\/2022\/05\/portada-paolo-sorrentino-catedra.jpg","type":"image\/jpeg"}],"author":"Jos\u00e9 Luis Panero","twitter_card":"summary_large_image","twitter_creator":"@PALOMITERO","twitter_site":"@cope_es","twitter_misc":{"Escrito por":"Jos\u00e9 Luis Panero","Tiempo de lectura":"3 minutos"},"schema":{"@context":"https:\/\/schema.org","@graph":[{"@type":"Article","@id":"https:\/\/www.cope.es\/blogs\/palomitas-de-maiz\/2022\/05\/09\/ediciones-catedra-lanza-paolo-sorrentino-otro-impecable-monografico-elios-mendieta\/#article","isPartOf":{"@id":"https:\/\/www.cope.es\/blogs\/palomitas-de-maiz\/2022\/05\/09\/ediciones-catedra-lanza-paolo-sorrentino-otro-impecable-monografico-elios-mendieta\/"},"author":{"name":"Jos\u00e9 Luis Panero","@id":"https:\/\/www.cope.es\/blogs\/palomitas-de-maiz\/#\/schema\/person\/9fb256f63733c964d19b06de1ca3c9ef"},"headline":"C\u00e1tedra lanza \u2018Paolo Sorrentino\u2019, otro impecable monogr\u00e1fico a cargo del joven escritor Elios Mendieta","datePublished":"2022-05-08T22:01:12+00:00","dateModified":"2022-05-08T23:22:51+00:00","mainEntityOfPage":{"@id":"https:\/\/www.cope.es\/blogs\/palomitas-de-maiz\/2022\/05\/09\/ediciones-catedra-lanza-paolo-sorrentino-otro-impecable-monografico-elios-mendieta\/"},"wordCount":586,"commentCount":0,"image":{"@id":"https:\/\/www.cope.es\/blogs\/palomitas-de-maiz\/2022\/05\/09\/ediciones-catedra-lanza-paolo-sorrentino-otro-impecable-monografico-elios-mendieta\/#primaryimage"},"thumbnailUrl":"https:\/\/www.cope.es\/blogs\/palomitas-de-maiz\/wp-content\/uploads\/sites\/6\/2022\/05\/portada-paolo-sorrentino-catedra.jpg","keywords":["catedra","cine","colecci\u00f3n","cr\u00edtica de libros","ediciones c\u00e1tedra","editorial catedra","elios mendieta","la gran belleza","las consecuencias del amor","libros","libros de cine","monogr\u00e1fico","paolo sorrentino","signo e imagen"],"articleSection":["actualidad","Cine","Cr\u00edtica de Libros","libros de cine"],"inLanguage":"es","potentialAction":[{"@type":"CommentAction","name":"Comment","target":["https:\/\/www.cope.es\/blogs\/palomitas-de-maiz\/2022\/05\/09\/ediciones-catedra-lanza-paolo-sorrentino-otro-impecable-monografico-elios-mendieta\/#respond"]}]},{"@type":"WebPage","@id":"https:\/\/www.cope.es\/blogs\/palomitas-de-maiz\/2022\/05\/09\/ediciones-catedra-lanza-paolo-sorrentino-otro-impecable-monografico-elios-mendieta\/","url":"https:\/\/www.cope.es\/blogs\/palomitas-de-maiz\/2022\/05\/09\/ediciones-catedra-lanza-paolo-sorrentino-otro-impecable-monografico-elios-mendieta\/","name":"Ediciones C\u00e1tedra lanza \u2018Paolo Sorrentino\u2019, otro impecable monogr\u00e1fico","isPartOf":{"@id":"https:\/\/www.cope.es\/blogs\/palomitas-de-maiz\/#website"},"primaryImageOfPage":{"@id":"https:\/\/www.cope.es\/blogs\/palomitas-de-maiz\/2022\/05\/09\/ediciones-catedra-lanza-paolo-sorrentino-otro-impecable-monografico-elios-mendieta\/#primaryimage"},"image":{"@id":"https:\/\/www.cope.es\/blogs\/palomitas-de-maiz\/2022\/05\/09\/ediciones-catedra-lanza-paolo-sorrentino-otro-impecable-monografico-elios-mendieta\/#primaryimage"},"thumbnailUrl":"https:\/\/www.cope.es\/blogs\/palomitas-de-maiz\/wp-content\/uploads\/sites\/6\/2022\/05\/portada-paolo-sorrentino-catedra.jpg","datePublished":"2022-05-08T22:01:12+00:00","dateModified":"2022-05-08T23:22:51+00:00","author":{"@id":"https:\/\/www.cope.es\/blogs\/palomitas-de-maiz\/#\/schema\/person\/9fb256f63733c964d19b06de1ca3c9ef"},"description":"Blog de cine y teatro. Blogs COPE. Ediciones C\u00e1tedra lanza \u2018Paolo Sorrentino\u2019, otro impecable monogr\u00e1fico del excelente Elios Mendieta","breadcrumb":{"@id":"https:\/\/www.cope.es\/blogs\/palomitas-de-maiz\/2022\/05\/09\/ediciones-catedra-lanza-paolo-sorrentino-otro-impecable-monografico-elios-mendieta\/#breadcrumb"},"inLanguage":"es","potentialAction":[{"@type":"ReadAction","target":["https:\/\/www.cope.es\/blogs\/palomitas-de-maiz\/2022\/05\/09\/ediciones-catedra-lanza-paolo-sorrentino-otro-impecable-monografico-elios-mendieta\/"]}]},{"@type":"ImageObject","inLanguage":"es","@id":"https:\/\/www.cope.es\/blogs\/palomitas-de-maiz\/2022\/05\/09\/ediciones-catedra-lanza-paolo-sorrentino-otro-impecable-monografico-elios-mendieta\/#primaryimage","url":"https:\/\/www.cope.es\/blogs\/palomitas-de-maiz\/wp-content\/uploads\/sites\/6\/2022\/05\/portada-paolo-sorrentino-catedra.jpg","contentUrl":"https:\/\/www.cope.es\/blogs\/palomitas-de-maiz\/wp-content\/uploads\/sites\/6\/2022\/05\/portada-paolo-sorrentino-catedra.jpg","width":724,"height":387,"caption":"https:\/\/www.cope.es\/blogs\/palomitas-de-maiz\/2022\/05\/09\/ediciones-catedra-lanza-paolo-sorrentino-otro-impecable-monografico-elios-mendieta\/"},{"@type":"BreadcrumbList","@id":"https:\/\/www.cope.es\/blogs\/palomitas-de-maiz\/2022\/05\/09\/ediciones-catedra-lanza-paolo-sorrentino-otro-impecable-monografico-elios-mendieta\/#breadcrumb","itemListElement":[{"@type":"ListItem","position":1,"name":"Portada","item":"https:\/\/www.cope.es\/blogs\/palomitas-de-maiz\/"},{"@type":"ListItem","position":2,"name":"C\u00e1tedra lanza \u2018Paolo Sorrentino\u2019, otro impecable monogr\u00e1fico a cargo del joven escritor Elios Mendieta"}]},{"@type":"WebSite","@id":"https:\/\/www.cope.es\/blogs\/palomitas-de-maiz\/#website","url":"https:\/\/www.cope.es\/blogs\/palomitas-de-maiz\/","name":"Palomitas de Ma\u00edz","description":"Blog decano de cine de COPE","potentialAction":[{"@type":"SearchAction","target":{"@type":"EntryPoint","urlTemplate":"https:\/\/www.cope.es\/blogs\/palomitas-de-maiz\/?s={search_term_string}"},"query-input":{"@type":"PropertyValueSpecification","valueRequired":true,"valueName":"search_term_string"}}],"inLanguage":"es"},{"@type":"Person","@id":"https:\/\/www.cope.es\/blogs\/palomitas-de-maiz\/#\/schema\/person\/9fb256f63733c964d19b06de1ca3c9ef","name":"Jos\u00e9 Luis Panero","image":{"@type":"ImageObject","inLanguage":"es","@id":"https:\/\/secure.gravatar.com\/avatar\/2ef93951eab3cee25932a7219e566376cbf6ddedde3aa3098e7a971991a3ef12?s=96&d=mm&r=g","url":"https:\/\/secure.gravatar.com\/avatar\/2ef93951eab3cee25932a7219e566376cbf6ddedde3aa3098e7a971991a3ef12?s=96&d=mm&r=g","contentUrl":"https:\/\/secure.gravatar.com\/avatar\/2ef93951eab3cee25932a7219e566376cbf6ddedde3aa3098e7a971991a3ef12?s=96&d=mm&r=g","caption":"Jos\u00e9 Luis Panero"},"description":"Licenciado en Periodismo y en Comunicaci\u00f3n Audiovisual. Tras m\u00e1s de cuatro a\u00f1os en el diario 'La Gaceta de Los Negocios' y el programa f\u00edlmico 'Pantalla Grande', es cr\u00edtico de cine en 'Ciudad Nueva', 'Pantalla 90', 'COPE' o 'Aleteia' y cr\u00edtico de teatro en 'Hoy en la city'. Ha sido coguionista y ayudante de direcci\u00f3n de cine, ponente en los coloquios de cine del foro FNAC y profesor universitario en diferentes cursos de Periodismo Social. Desde 2003 es miembro del C\u00edrculo de Escritores Cinematogr\u00e1ficos (CEC). En 2008 fund\u00f3 en 'COPE' su blog de cine 'Palomitas de Ma\u00edz'. En 2017 fue nombrado Jurado Oficial del Festival Internacional de Cine de Fuengirola (M\u00e1laga) y ese a\u00f1o la instituci\u00f3n educativa Trinity College-Liceo Serrano le distingui\u00f3 con el nombramiento de 'Profesor de Honor' del centro y miembro ilustre del claustro de profesores. En 2019 fue nombrado Jurado Oficial del Festival Internacional de Cine de Vera (Almer\u00eda). En 2020 fue nombrado Jurado Oficial del Festival Internacional de Cine de Terror de La Mar Bella (Marbella). Como int\u00e9rprete ha sido galardonado con el Premio al Actor Principal del I Festival Nacional UNIR de teatro. Desde 2020 es acad\u00e9mico de las Artes Esc\u00e9nicas de Espa\u00f1a. En 2023 fue nombrado Jurado Oficial de los 'Premios Tal\u00eda' en su I Edici\u00f3n. Y miembro de ASHUMES (Asociaci\u00f3n del Humorismo Espa\u00f1ol) a partir de 2022. En 2023 fue nombrado Jurado Oficial de la II Edici\u00f3n de los 'Premios Godot'.","sameAs":["http:\/\/www.cope.es","https:\/\/www.facebook.com\/palomitero\/","https:\/\/www.instagram.com\/joseluispanero\/","https:\/\/www.linkedin.com\/in\/jos-luis-panero-gonzlez-barosa-7722a716\/","https:\/\/x.com\/PALOMITERO","https:\/\/www.youtube.com\/channel\/UCQYaNGiETUXUPXjYu9p3lNw\/videos?","https:\/\/es.wikipedia.org\/wiki\/Jos_Luis_Panero_Gonzlez-Barosa"],"url":"https:\/\/www.cope.es\/blogs\/palomitas-de-maiz\/author\/jlpanero\/"}]}},"amp_enabled":true,"_links":{"self":[{"href":"https:\/\/www.cope.es\/blogs\/palomitas-de-maiz\/wp-json\/wp\/v2\/posts\/9209","targetHints":{"allow":["GET"]}}],"collection":[{"href":"https:\/\/www.cope.es\/blogs\/palomitas-de-maiz\/wp-json\/wp\/v2\/posts"}],"about":[{"href":"https:\/\/www.cope.es\/blogs\/palomitas-de-maiz\/wp-json\/wp\/v2\/types\/post"}],"author":[{"embeddable":true,"href":"https:\/\/www.cope.es\/blogs\/palomitas-de-maiz\/wp-json\/wp\/v2\/users\/6"}],"replies":[{"embeddable":true,"href":"https:\/\/www.cope.es\/blogs\/palomitas-de-maiz\/wp-json\/wp\/v2\/comments?post=9209"}],"version-history":[{"count":2,"href":"https:\/\/www.cope.es\/blogs\/palomitas-de-maiz\/wp-json\/wp\/v2\/posts\/9209\/revisions"}],"predecessor-version":[{"id":9218,"href":"https:\/\/www.cope.es\/blogs\/palomitas-de-maiz\/wp-json\/wp\/v2\/posts\/9209\/revisions\/9218"}],"wp:featuredmedia":[{"embeddable":true,"href":"https:\/\/www.cope.es\/blogs\/palomitas-de-maiz\/wp-json\/wp\/v2\/media\/9212"}],"wp:attachment":[{"href":"https:\/\/www.cope.es\/blogs\/palomitas-de-maiz\/wp-json\/wp\/v2\/media?parent=9209"}],"wp:term":[{"taxonomy":"category","embeddable":true,"href":"https:\/\/www.cope.es\/blogs\/palomitas-de-maiz\/wp-json\/wp\/v2\/categories?post=9209"},{"taxonomy":"post_tag","embeddable":true,"href":"https:\/\/www.cope.es\/blogs\/palomitas-de-maiz\/wp-json\/wp\/v2\/tags?post=9209"}],"curies":[{"name":"wp","href":"https:\/\/api.w.org\/{rel}","templated":true}]}}