{"id":9166,"date":"2022-04-26T00:01:03","date_gmt":"2022-04-25T22:01:03","guid":{"rendered":"http:\/\/www.cope.es\/blogs\/palomitas-de-maiz\/?p=9166"},"modified":"2022-04-26T00:06:37","modified_gmt":"2022-04-25T22:06:37","slug":"videopoemas-xoxe-pompei-publica-el-trabajo-en-esstudio-ediciones","status":"publish","type":"post","link":"https:\/\/www.cope.es\/blogs\/palomitas-de-maiz\/2022\/04\/26\/videopoemas-xoxe-pompei-publica-el-trabajo-en-esstudio-ediciones\/","title":{"rendered":"El poeta gallego Xox\u00e9 Pompei publica su \u00faltimo trabajo, \u2018Videopoemas\u2019, en Esstudio Ediciones"},"content":{"rendered":"<p>\u00a1Mis queridos palomiteros! \u2018Videopoemas\u2019: Xox\u00e9 Pompei publica el trabajo en Esstudio Ediciones. Hoy hablamos de poes\u00eda, y alguien se preguntar\u00e1: \u00bfqu\u00e9 pinta la poes\u00eda en un blog en el que se habla de <a href=\"http:\/\/www.cope.es\/blogs\/palomitas-de-maiz\/2020\/08\/10\/bajo-la-misma-estrella-no-limitemos-el-amor-a-causa-de-mi-enfermedad-critica-de-cine\/\">cine<\/a> y <a href=\"http:\/\/www.cope.es\/blogs\/palomitas-de-maiz\/2022\/04\/25\/critica-teatro-tea-rooms-laila-ripoll-revive-con-primor-la-memoria-de-luisa-carnes\/\">teatro<\/a>?<\/p>\n<figure id=\"attachment_9170\" aria-describedby=\"caption-attachment-9170\" style=\"width: 725px\" class=\"wp-caption aligncenter\"><img loading=\"lazy\" decoding=\"async\" width=\"725\" height=\"966\" class=\"wp-image-9170 size-full\" src=\"http:\/\/www.cope.es\/blogs\/palomitas-de-maiz\/wp-content\/uploads\/sites\/6\/2022\/04\/xoxepompei.jpg\" alt=\"Recreaci\u00f3n visual | \u2018Videopoemas\u2019: Xox\u00e9 Pompei publica el trabajo en Esstudio Ediciones\" srcset=\"https:\/\/www.cope.es\/blogs\/palomitas-de-maiz\/wp-content\/uploads\/sites\/6\/2022\/04\/xoxepompei.jpg 725w, https:\/\/www.cope.es\/blogs\/palomitas-de-maiz\/wp-content\/uploads\/sites\/6\/2022\/04\/xoxepompei-225x300.jpg 225w\" sizes=\"auto, (max-width: 725px) 100vw, 725px\" \/><figcaption id=\"caption-attachment-9170\" class=\"wp-caption-text\"><strong>Recreaci\u00f3n visual | \u2018Videopoemas\u2019: Xox\u00e9 Pompei publica el trabajo en Esstudio Ediciones<\/strong><\/figcaption><\/figure>\n<p>Pues bien, hoy vamos a hablar de videopoes\u00eda, es decir, de cuando la poes\u00eda se articula no solo en palabras, tambi\u00e9n en im\u00e1genes; y m\u00e1s concretamente vamos a hablar de <strong><em>VIDEOPOEMAS<\/em><\/strong>, el libro del poeta gallego <strong>XoX\u00e9 Pompei<\/strong> que la editorial Esstudio Ediciones acaba de sacar a la luz.<\/p>\n<p>En \u00e9l se recopilan sobre papel el conjunto de videopoemas que desde el a\u00f1o 2014 su autor, junto a su inseparable colaborador <strong>Edu Segovia<\/strong>, han ido subiendo a YouTube.<\/p>\n<p><iframe loading=\"lazy\" title=\"A muller imaxinada\" width=\"675\" height=\"380\" src=\"https:\/\/www.youtube.com\/embed\/m1G3FcSS2r0?feature=oembed\" frameborder=\"0\" allow=\"accelerometer; autoplay; clipboard-write; encrypted-media; gyroscope; picture-in-picture\" allowfullscreen><\/iframe><\/p>\n<p><strong>Se trata sin duda de un libro bastante especial<\/strong>, concebido en modo biling\u00fce, castellano y gallego, que de alguna forma puede definirse como un libro-juego, ya que <strong>cada uno de los poemas viene acompa\u00f1ado de su correspondiente c\u00f3digo QR<\/strong>, facilitando el acceso al videopoema deseado mediante una sencilla maniobra con el m\u00f3vil.<\/p>\n<p>De esta forma <strong>podemos generar nuestra propia imagen del poema durante su lectura<\/strong> y disfrutar luego de la dimensi\u00f3n que el poeta le ha dado tras a\u00f1adir im\u00e1genes, m\u00fasica y voz, aunque ser\u00eda m\u00e1s correcto decir voces, ya que son distintos int\u00e9rpretes los encargados de dar vida a estos poemas.<\/p>\n<h2>\u2018Videopoemas\u2019: Xox\u00e9 Pompei publica el trabajo en Esstudio Ediciones<\/h2>\n<p>En cuanto al contenido <strong>podemos destacar desde atrevidos experimentos como un poema comic<\/strong>, un toque de galego-flamenco a cargo de <strong><a href=\"https:\/\/www.youtube.com\/channel\/UCyML-AaDn8hSWOsmXusC99A?app=desktop\" target=\"_blank\">Eladio Dom\u00ednguez<\/a><\/strong>, poes\u00eda social, hasta toda una declaraci\u00f3n existencialista en el poema <em><a href=\"https:\/\/www.youtube.com\/watch?v=h1doeBnfhhI\" target=\"_blank\">Producto inestable<\/a><\/em>.<\/p>\n<p>Peque\u00f1o, pero mat\u00f3n. Con esta frase hecha podr\u00eda definirse este librito, 78 p\u00e1ginas, que se sobredimensionan ofreci\u00e9ndonos <strong>m\u00e1s de una hora de poes\u00eda en im\u00e1genes<\/strong>, poemas que a d\u00eda de hoy computan un total de 19.514 visitas, lo que es muestra del peque\u00f1o gran inter\u00e9s que genera este autor.<\/p>\n<figure id=\"attachment_9168\" aria-describedby=\"caption-attachment-9168\" style=\"width: 725px\" class=\"wp-caption aligncenter\"><img loading=\"lazy\" decoding=\"async\" width=\"725\" height=\"994\" class=\"wp-image-9168 size-full\" src=\"http:\/\/www.cope.es\/blogs\/palomitas-de-maiz\/wp-content\/uploads\/sites\/6\/2022\/04\/portada-videopoemas.jpg\" alt=\"Portada del ejemplar\" srcset=\"https:\/\/www.cope.es\/blogs\/palomitas-de-maiz\/wp-content\/uploads\/sites\/6\/2022\/04\/portada-videopoemas.jpg 725w, https:\/\/www.cope.es\/blogs\/palomitas-de-maiz\/wp-content\/uploads\/sites\/6\/2022\/04\/portada-videopoemas-219x300.jpg 219w\" sizes=\"auto, (max-width: 725px) 100vw, 725px\" \/><figcaption id=\"caption-attachment-9168\" class=\"wp-caption-text\"><strong>Portada del ejemplar<\/strong><\/figcaption><\/figure>\n","protected":false},"excerpt":{"rendered":"<p>\u00a1Mis queridos palomiteros! \u2018Videopoemas\u2019: Xox\u00e9 Pompei publica el trabajo en Esstudio Ediciones. Hoy hablamos de poes\u00eda, y alguien se preguntar\u00e1: \u00bfqu\u00e9 pinta la poes\u00eda en un blog en el que se habla de cine y teatro? Pues bien, hoy vamos a hablar de videopoes\u00eda, es decir, de cuando la poes\u00eda se articula no solo en [&hellip;]<\/p>\n","protected":false},"author":6,"featured_media":9167,"comment_status":"open","ping_status":"open","sticky":false,"template":"","format":"standard","meta":{"footnotes":""},"categories":[336,4832,8576,10163],"tags":[228,8959,8764,10168,3959,3921,10167,10164,10166,10165,9181],"class_list":["post-9166","post","type-post","status-publish","format-standard","has-post-thumbnail","hentry","category-actualidad","category-poesia","category-poetas","category-videopoemas","tag-critica","tag-edu-segovia","tag-esstudio-ediciones","tag-libro-de-poemas","tag-poesia","tag-poeta","tag-poeta-gallego","tag-videopoemas","tag-videopoesia","tag-xoxe-pompei","tag-youtube"],"yoast_head":"<!-- This site is optimized with the Yoast SEO plugin v27.4 - https:\/\/yoast.com\/product\/yoast-seo-wordpress\/ -->\n<title>\u2018Videopoemas\u2019: Xox\u00e9 Pompei publica el trabajo en Esstudio Ediciones<\/title>\n<meta name=\"description\" content=\"Blog de cine y teatro. Blogs COPE. \u2018Videopoemas\u2019: Xox\u00e9 Pompei publica el trabajo en Esstudio Ediciones. Novedad editorial del poeta gallego\" \/>\n<meta name=\"robots\" content=\"index, follow, max-snippet:-1, max-image-preview:large, max-video-preview:-1\" \/>\n<link rel=\"canonical\" href=\"https:\/\/www.cope.es\/blogs\/palomitas-de-maiz\/2022\/04\/26\/videopoemas-xoxe-pompei-publica-el-trabajo-en-esstudio-ediciones\/\" \/>\n<meta property=\"og:locale\" content=\"es_ES\" \/>\n<meta property=\"og:type\" content=\"article\" \/>\n<meta property=\"og:title\" content=\"\u2018Videopoemas\u2019: Xox\u00e9 Pompei publica el trabajo en Esstudio Ediciones\" \/>\n<meta property=\"og:description\" content=\"Blog de cine y teatro. Blogs COPE. \u2018Videopoemas\u2019: Xox\u00e9 Pompei publica el trabajo en Esstudio Ediciones. Novedad editorial del poeta gallego\" \/>\n<meta property=\"og:url\" content=\"https:\/\/www.cope.es\/blogs\/palomitas-de-maiz\/2022\/04\/26\/videopoemas-xoxe-pompei-publica-el-trabajo-en-esstudio-ediciones\/\" \/>\n<meta property=\"og:site_name\" content=\"Palomitas de Ma\u00edz\" \/>\n<meta property=\"article:publisher\" content=\"https:\/\/www.facebook.com\/cope\/\" \/>\n<meta property=\"article:author\" content=\"https:\/\/www.facebook.com\/palomitero\/\" \/>\n<meta property=\"article:published_time\" content=\"2022-04-25T22:01:03+00:00\" \/>\n<meta property=\"article:modified_time\" content=\"2022-04-25T22:06:37+00:00\" \/>\n<meta property=\"og:image\" content=\"https:\/\/www.cope.es\/blogs\/palomitas-de-maiz\/wp-content\/uploads\/sites\/6\/2022\/04\/videopoemas-portada.jpg\" \/>\n\t<meta property=\"og:image:width\" content=\"721\" \/>\n\t<meta property=\"og:image:height\" content=\"395\" \/>\n\t<meta property=\"og:image:type\" content=\"image\/jpeg\" \/>\n<meta name=\"author\" content=\"Jos\u00e9 Luis Panero\" \/>\n<meta name=\"twitter:card\" content=\"summary_large_image\" \/>\n<meta name=\"twitter:creator\" content=\"@PALOMITERO\" \/>\n<meta name=\"twitter:site\" content=\"@cope_es\" \/>\n<meta name=\"twitter:label1\" content=\"Escrito por\" \/>\n\t<meta name=\"twitter:data1\" content=\"Jos\u00e9 Luis Panero\" \/>\n\t<meta name=\"twitter:label2\" content=\"Tiempo de lectura\" \/>\n\t<meta name=\"twitter:data2\" content=\"2 minutos\" \/>\n<script type=\"application\/ld+json\" class=\"yoast-schema-graph\">{\"@context\":\"https:\\\/\\\/schema.org\",\"@graph\":[{\"@type\":\"Article\",\"@id\":\"https:\\\/\\\/www.cope.es\\\/blogs\\\/palomitas-de-maiz\\\/2022\\\/04\\\/26\\\/videopoemas-xoxe-pompei-publica-el-trabajo-en-esstudio-ediciones\\\/#article\",\"isPartOf\":{\"@id\":\"https:\\\/\\\/www.cope.es\\\/blogs\\\/palomitas-de-maiz\\\/2022\\\/04\\\/26\\\/videopoemas-xoxe-pompei-publica-el-trabajo-en-esstudio-ediciones\\\/\"},\"author\":{\"name\":\"Jos\u00e9 Luis Panero\",\"@id\":\"https:\\\/\\\/www.cope.es\\\/blogs\\\/palomitas-de-maiz\\\/#\\\/schema\\\/person\\\/9fb256f63733c964d19b06de1ca3c9ef\"},\"headline\":\"El poeta gallego Xox\u00e9 Pompei publica su \u00faltimo trabajo, \u2018Videopoemas\u2019, en Esstudio Ediciones\",\"datePublished\":\"2022-04-25T22:01:03+00:00\",\"dateModified\":\"2022-04-25T22:06:37+00:00\",\"mainEntityOfPage\":{\"@id\":\"https:\\\/\\\/www.cope.es\\\/blogs\\\/palomitas-de-maiz\\\/2022\\\/04\\\/26\\\/videopoemas-xoxe-pompei-publica-el-trabajo-en-esstudio-ediciones\\\/\"},\"wordCount\":390,\"commentCount\":0,\"image\":{\"@id\":\"https:\\\/\\\/www.cope.es\\\/blogs\\\/palomitas-de-maiz\\\/2022\\\/04\\\/26\\\/videopoemas-xoxe-pompei-publica-el-trabajo-en-esstudio-ediciones\\\/#primaryimage\"},\"thumbnailUrl\":\"https:\\\/\\\/www.cope.es\\\/blogs\\\/palomitas-de-maiz\\\/wp-content\\\/uploads\\\/sites\\\/6\\\/2022\\\/04\\\/videopoemas-portada.jpg\",\"keywords\":[\"cr\u00edtica\",\"edu segovia\",\"esstudio ediciones\",\"libro de poemas\",\"poes\u00eda\",\"poeta\",\"poeta gallego\",\"videopoemas\",\"videopoesia\",\"xox\u00e9 pompei\",\"youtube\"],\"articleSection\":[\"actualidad\",\"poes\u00eda\",\"poetas\",\"videopoemas\"],\"inLanguage\":\"es\",\"potentialAction\":[{\"@type\":\"CommentAction\",\"name\":\"Comment\",\"target\":[\"https:\\\/\\\/www.cope.es\\\/blogs\\\/palomitas-de-maiz\\\/2022\\\/04\\\/26\\\/videopoemas-xoxe-pompei-publica-el-trabajo-en-esstudio-ediciones\\\/#respond\"]}]},{\"@type\":\"WebPage\",\"@id\":\"https:\\\/\\\/www.cope.es\\\/blogs\\\/palomitas-de-maiz\\\/2022\\\/04\\\/26\\\/videopoemas-xoxe-pompei-publica-el-trabajo-en-esstudio-ediciones\\\/\",\"url\":\"https:\\\/\\\/www.cope.es\\\/blogs\\\/palomitas-de-maiz\\\/2022\\\/04\\\/26\\\/videopoemas-xoxe-pompei-publica-el-trabajo-en-esstudio-ediciones\\\/\",\"name\":\"\u2018Videopoemas\u2019: Xox\u00e9 Pompei publica el trabajo en Esstudio Ediciones\",\"isPartOf\":{\"@id\":\"https:\\\/\\\/www.cope.es\\\/blogs\\\/palomitas-de-maiz\\\/#website\"},\"primaryImageOfPage\":{\"@id\":\"https:\\\/\\\/www.cope.es\\\/blogs\\\/palomitas-de-maiz\\\/2022\\\/04\\\/26\\\/videopoemas-xoxe-pompei-publica-el-trabajo-en-esstudio-ediciones\\\/#primaryimage\"},\"image\":{\"@id\":\"https:\\\/\\\/www.cope.es\\\/blogs\\\/palomitas-de-maiz\\\/2022\\\/04\\\/26\\\/videopoemas-xoxe-pompei-publica-el-trabajo-en-esstudio-ediciones\\\/#primaryimage\"},\"thumbnailUrl\":\"https:\\\/\\\/www.cope.es\\\/blogs\\\/palomitas-de-maiz\\\/wp-content\\\/uploads\\\/sites\\\/6\\\/2022\\\/04\\\/videopoemas-portada.jpg\",\"datePublished\":\"2022-04-25T22:01:03+00:00\",\"dateModified\":\"2022-04-25T22:06:37+00:00\",\"author\":{\"@id\":\"https:\\\/\\\/www.cope.es\\\/blogs\\\/palomitas-de-maiz\\\/#\\\/schema\\\/person\\\/9fb256f63733c964d19b06de1ca3c9ef\"},\"description\":\"Blog de cine y teatro. Blogs COPE. \u2018Videopoemas\u2019: Xox\u00e9 Pompei publica el trabajo en Esstudio Ediciones. Novedad editorial del poeta gallego\",\"breadcrumb\":{\"@id\":\"https:\\\/\\\/www.cope.es\\\/blogs\\\/palomitas-de-maiz\\\/2022\\\/04\\\/26\\\/videopoemas-xoxe-pompei-publica-el-trabajo-en-esstudio-ediciones\\\/#breadcrumb\"},\"inLanguage\":\"es\",\"potentialAction\":[{\"@type\":\"ReadAction\",\"target\":[\"https:\\\/\\\/www.cope.es\\\/blogs\\\/palomitas-de-maiz\\\/2022\\\/04\\\/26\\\/videopoemas-xoxe-pompei-publica-el-trabajo-en-esstudio-ediciones\\\/\"]}]},{\"@type\":\"ImageObject\",\"inLanguage\":\"es\",\"@id\":\"https:\\\/\\\/www.cope.es\\\/blogs\\\/palomitas-de-maiz\\\/2022\\\/04\\\/26\\\/videopoemas-xoxe-pompei-publica-el-trabajo-en-esstudio-ediciones\\\/#primaryimage\",\"url\":\"https:\\\/\\\/www.cope.es\\\/blogs\\\/palomitas-de-maiz\\\/wp-content\\\/uploads\\\/sites\\\/6\\\/2022\\\/04\\\/videopoemas-portada.jpg\",\"contentUrl\":\"https:\\\/\\\/www.cope.es\\\/blogs\\\/palomitas-de-maiz\\\/wp-content\\\/uploads\\\/sites\\\/6\\\/2022\\\/04\\\/videopoemas-portada.jpg\",\"width\":721,\"height\":395,\"caption\":\"https:\\\/\\\/www.cope.es\\\/blogs\\\/palomitas-de-maiz\\\/2022\\\/04\\\/26\\\/videopoemas-xoxe-pompei-publica-el-trabajo-en-esstudio-ediciones\\\/\"},{\"@type\":\"BreadcrumbList\",\"@id\":\"https:\\\/\\\/www.cope.es\\\/blogs\\\/palomitas-de-maiz\\\/2022\\\/04\\\/26\\\/videopoemas-xoxe-pompei-publica-el-trabajo-en-esstudio-ediciones\\\/#breadcrumb\",\"itemListElement\":[{\"@type\":\"ListItem\",\"position\":1,\"name\":\"Portada\",\"item\":\"https:\\\/\\\/www.cope.es\\\/blogs\\\/palomitas-de-maiz\\\/\"},{\"@type\":\"ListItem\",\"position\":2,\"name\":\"El poeta gallego Xox\u00e9 Pompei publica su \u00faltimo trabajo, \u2018Videopoemas\u2019, en Esstudio Ediciones\"}]},{\"@type\":\"WebSite\",\"@id\":\"https:\\\/\\\/www.cope.es\\\/blogs\\\/palomitas-de-maiz\\\/#website\",\"url\":\"https:\\\/\\\/www.cope.es\\\/blogs\\\/palomitas-de-maiz\\\/\",\"name\":\"Palomitas de Ma\u00edz\",\"description\":\"Blog decano de cine de COPE\",\"potentialAction\":[{\"@type\":\"SearchAction\",\"target\":{\"@type\":\"EntryPoint\",\"urlTemplate\":\"https:\\\/\\\/www.cope.es\\\/blogs\\\/palomitas-de-maiz\\\/?s={search_term_string}\"},\"query-input\":{\"@type\":\"PropertyValueSpecification\",\"valueRequired\":true,\"valueName\":\"search_term_string\"}}],\"inLanguage\":\"es\"},{\"@type\":\"Person\",\"@id\":\"https:\\\/\\\/www.cope.es\\\/blogs\\\/palomitas-de-maiz\\\/#\\\/schema\\\/person\\\/9fb256f63733c964d19b06de1ca3c9ef\",\"name\":\"Jos\u00e9 Luis Panero\",\"image\":{\"@type\":\"ImageObject\",\"inLanguage\":\"es\",\"@id\":\"https:\\\/\\\/secure.gravatar.com\\\/avatar\\\/2ef93951eab3cee25932a7219e566376cbf6ddedde3aa3098e7a971991a3ef12?s=96&d=mm&r=g\",\"url\":\"https:\\\/\\\/secure.gravatar.com\\\/avatar\\\/2ef93951eab3cee25932a7219e566376cbf6ddedde3aa3098e7a971991a3ef12?s=96&d=mm&r=g\",\"contentUrl\":\"https:\\\/\\\/secure.gravatar.com\\\/avatar\\\/2ef93951eab3cee25932a7219e566376cbf6ddedde3aa3098e7a971991a3ef12?s=96&d=mm&r=g\",\"caption\":\"Jos\u00e9 Luis Panero\"},\"description\":\"Licenciado en Periodismo y en Comunicaci\u00f3n Audiovisual. Tras m\u00e1s de cuatro a\u00f1os en el diario 'La Gaceta de Los Negocios' y el programa f\u00edlmico 'Pantalla Grande', es cr\u00edtico de cine en 'Ciudad Nueva', 'Pantalla 90', 'COPE' o 'Aleteia' y cr\u00edtico de teatro en 'Hoy en la city'. Ha sido coguionista y ayudante de direcci\u00f3n de cine, ponente en los coloquios de cine del foro FNAC y profesor universitario en diferentes cursos de Periodismo Social. Desde 2003 es miembro del C\u00edrculo de Escritores Cinematogr\u00e1ficos (CEC). En 2008 fund\u00f3 en 'COPE' su blog de cine 'Palomitas de Ma\u00edz'. En 2017 fue nombrado Jurado Oficial del Festival Internacional de Cine de Fuengirola (M\u00e1laga) y ese a\u00f1o la instituci\u00f3n educativa Trinity College-Liceo Serrano le distingui\u00f3 con el nombramiento de 'Profesor de Honor' del centro y miembro ilustre del claustro de profesores. En 2019 fue nombrado Jurado Oficial del Festival Internacional de Cine de Vera (Almer\u00eda). En 2020 fue nombrado Jurado Oficial del Festival Internacional de Cine de Terror de La Mar Bella (Marbella). Como int\u00e9rprete ha sido galardonado con el Premio al Actor Principal del I Festival Nacional UNIR de teatro. Desde 2020 es acad\u00e9mico de las Artes Esc\u00e9nicas de Espa\u00f1a. En 2023 fue nombrado Jurado Oficial de los 'Premios Tal\u00eda' en su I Edici\u00f3n. Y miembro de ASHUMES (Asociaci\u00f3n del Humorismo Espa\u00f1ol) a partir de 2022. En 2023 fue nombrado Jurado Oficial de la II Edici\u00f3n de los 'Premios Godot'.\",\"sameAs\":[\"http:\\\/\\\/www.cope.es\",\"https:\\\/\\\/www.facebook.com\\\/palomitero\\\/\",\"https:\\\/\\\/www.instagram.com\\\/joseluispanero\\\/\",\"https:\\\/\\\/www.linkedin.com\\\/in\\\/jos-luis-panero-gonzlez-barosa-7722a716\\\/\",\"https:\\\/\\\/x.com\\\/PALOMITERO\",\"https:\\\/\\\/www.youtube.com\\\/channel\\\/UCQYaNGiETUXUPXjYu9p3lNw\\\/videos?\",\"https:\\\/\\\/es.wikipedia.org\\\/wiki\\\/Jos_Luis_Panero_Gonzlez-Barosa\"],\"url\":\"https:\\\/\\\/www.cope.es\\\/blogs\\\/palomitas-de-maiz\\\/author\\\/jlpanero\\\/\"}]}<\/script>\n<!-- \/ Yoast SEO plugin. -->","yoast_head_json":{"title":"\u2018Videopoemas\u2019: Xox\u00e9 Pompei publica el trabajo en Esstudio Ediciones","description":"Blog de cine y teatro. Blogs COPE. \u2018Videopoemas\u2019: Xox\u00e9 Pompei publica el trabajo en Esstudio Ediciones. Novedad editorial del poeta gallego","robots":{"index":"index","follow":"follow","max-snippet":"max-snippet:-1","max-image-preview":"max-image-preview:large","max-video-preview":"max-video-preview:-1"},"canonical":"https:\/\/www.cope.es\/blogs\/palomitas-de-maiz\/2022\/04\/26\/videopoemas-xoxe-pompei-publica-el-trabajo-en-esstudio-ediciones\/","og_locale":"es_ES","og_type":"article","og_title":"\u2018Videopoemas\u2019: Xox\u00e9 Pompei publica el trabajo en Esstudio Ediciones","og_description":"Blog de cine y teatro. Blogs COPE. \u2018Videopoemas\u2019: Xox\u00e9 Pompei publica el trabajo en Esstudio Ediciones. Novedad editorial del poeta gallego","og_url":"https:\/\/www.cope.es\/blogs\/palomitas-de-maiz\/2022\/04\/26\/videopoemas-xoxe-pompei-publica-el-trabajo-en-esstudio-ediciones\/","og_site_name":"Palomitas de Ma\u00edz","article_publisher":"https:\/\/www.facebook.com\/cope\/","article_author":"https:\/\/www.facebook.com\/palomitero\/","article_published_time":"2022-04-25T22:01:03+00:00","article_modified_time":"2022-04-25T22:06:37+00:00","og_image":[{"width":721,"height":395,"url":"https:\/\/www.cope.es\/blogs\/palomitas-de-maiz\/wp-content\/uploads\/sites\/6\/2022\/04\/videopoemas-portada.jpg","type":"image\/jpeg"}],"author":"Jos\u00e9 Luis Panero","twitter_card":"summary_large_image","twitter_creator":"@PALOMITERO","twitter_site":"@cope_es","twitter_misc":{"Escrito por":"Jos\u00e9 Luis Panero","Tiempo de lectura":"2 minutos"},"schema":{"@context":"https:\/\/schema.org","@graph":[{"@type":"Article","@id":"https:\/\/www.cope.es\/blogs\/palomitas-de-maiz\/2022\/04\/26\/videopoemas-xoxe-pompei-publica-el-trabajo-en-esstudio-ediciones\/#article","isPartOf":{"@id":"https:\/\/www.cope.es\/blogs\/palomitas-de-maiz\/2022\/04\/26\/videopoemas-xoxe-pompei-publica-el-trabajo-en-esstudio-ediciones\/"},"author":{"name":"Jos\u00e9 Luis Panero","@id":"https:\/\/www.cope.es\/blogs\/palomitas-de-maiz\/#\/schema\/person\/9fb256f63733c964d19b06de1ca3c9ef"},"headline":"El poeta gallego Xox\u00e9 Pompei publica su \u00faltimo trabajo, \u2018Videopoemas\u2019, en Esstudio Ediciones","datePublished":"2022-04-25T22:01:03+00:00","dateModified":"2022-04-25T22:06:37+00:00","mainEntityOfPage":{"@id":"https:\/\/www.cope.es\/blogs\/palomitas-de-maiz\/2022\/04\/26\/videopoemas-xoxe-pompei-publica-el-trabajo-en-esstudio-ediciones\/"},"wordCount":390,"commentCount":0,"image":{"@id":"https:\/\/www.cope.es\/blogs\/palomitas-de-maiz\/2022\/04\/26\/videopoemas-xoxe-pompei-publica-el-trabajo-en-esstudio-ediciones\/#primaryimage"},"thumbnailUrl":"https:\/\/www.cope.es\/blogs\/palomitas-de-maiz\/wp-content\/uploads\/sites\/6\/2022\/04\/videopoemas-portada.jpg","keywords":["cr\u00edtica","edu segovia","esstudio ediciones","libro de poemas","poes\u00eda","poeta","poeta gallego","videopoemas","videopoesia","xox\u00e9 pompei","youtube"],"articleSection":["actualidad","poes\u00eda","poetas","videopoemas"],"inLanguage":"es","potentialAction":[{"@type":"CommentAction","name":"Comment","target":["https:\/\/www.cope.es\/blogs\/palomitas-de-maiz\/2022\/04\/26\/videopoemas-xoxe-pompei-publica-el-trabajo-en-esstudio-ediciones\/#respond"]}]},{"@type":"WebPage","@id":"https:\/\/www.cope.es\/blogs\/palomitas-de-maiz\/2022\/04\/26\/videopoemas-xoxe-pompei-publica-el-trabajo-en-esstudio-ediciones\/","url":"https:\/\/www.cope.es\/blogs\/palomitas-de-maiz\/2022\/04\/26\/videopoemas-xoxe-pompei-publica-el-trabajo-en-esstudio-ediciones\/","name":"\u2018Videopoemas\u2019: Xox\u00e9 Pompei publica el trabajo en Esstudio Ediciones","isPartOf":{"@id":"https:\/\/www.cope.es\/blogs\/palomitas-de-maiz\/#website"},"primaryImageOfPage":{"@id":"https:\/\/www.cope.es\/blogs\/palomitas-de-maiz\/2022\/04\/26\/videopoemas-xoxe-pompei-publica-el-trabajo-en-esstudio-ediciones\/#primaryimage"},"image":{"@id":"https:\/\/www.cope.es\/blogs\/palomitas-de-maiz\/2022\/04\/26\/videopoemas-xoxe-pompei-publica-el-trabajo-en-esstudio-ediciones\/#primaryimage"},"thumbnailUrl":"https:\/\/www.cope.es\/blogs\/palomitas-de-maiz\/wp-content\/uploads\/sites\/6\/2022\/04\/videopoemas-portada.jpg","datePublished":"2022-04-25T22:01:03+00:00","dateModified":"2022-04-25T22:06:37+00:00","author":{"@id":"https:\/\/www.cope.es\/blogs\/palomitas-de-maiz\/#\/schema\/person\/9fb256f63733c964d19b06de1ca3c9ef"},"description":"Blog de cine y teatro. Blogs COPE. \u2018Videopoemas\u2019: Xox\u00e9 Pompei publica el trabajo en Esstudio Ediciones. Novedad editorial del poeta gallego","breadcrumb":{"@id":"https:\/\/www.cope.es\/blogs\/palomitas-de-maiz\/2022\/04\/26\/videopoemas-xoxe-pompei-publica-el-trabajo-en-esstudio-ediciones\/#breadcrumb"},"inLanguage":"es","potentialAction":[{"@type":"ReadAction","target":["https:\/\/www.cope.es\/blogs\/palomitas-de-maiz\/2022\/04\/26\/videopoemas-xoxe-pompei-publica-el-trabajo-en-esstudio-ediciones\/"]}]},{"@type":"ImageObject","inLanguage":"es","@id":"https:\/\/www.cope.es\/blogs\/palomitas-de-maiz\/2022\/04\/26\/videopoemas-xoxe-pompei-publica-el-trabajo-en-esstudio-ediciones\/#primaryimage","url":"https:\/\/www.cope.es\/blogs\/palomitas-de-maiz\/wp-content\/uploads\/sites\/6\/2022\/04\/videopoemas-portada.jpg","contentUrl":"https:\/\/www.cope.es\/blogs\/palomitas-de-maiz\/wp-content\/uploads\/sites\/6\/2022\/04\/videopoemas-portada.jpg","width":721,"height":395,"caption":"https:\/\/www.cope.es\/blogs\/palomitas-de-maiz\/2022\/04\/26\/videopoemas-xoxe-pompei-publica-el-trabajo-en-esstudio-ediciones\/"},{"@type":"BreadcrumbList","@id":"https:\/\/www.cope.es\/blogs\/palomitas-de-maiz\/2022\/04\/26\/videopoemas-xoxe-pompei-publica-el-trabajo-en-esstudio-ediciones\/#breadcrumb","itemListElement":[{"@type":"ListItem","position":1,"name":"Portada","item":"https:\/\/www.cope.es\/blogs\/palomitas-de-maiz\/"},{"@type":"ListItem","position":2,"name":"El poeta gallego Xox\u00e9 Pompei publica su \u00faltimo trabajo, \u2018Videopoemas\u2019, en Esstudio Ediciones"}]},{"@type":"WebSite","@id":"https:\/\/www.cope.es\/blogs\/palomitas-de-maiz\/#website","url":"https:\/\/www.cope.es\/blogs\/palomitas-de-maiz\/","name":"Palomitas de Ma\u00edz","description":"Blog decano de cine de COPE","potentialAction":[{"@type":"SearchAction","target":{"@type":"EntryPoint","urlTemplate":"https:\/\/www.cope.es\/blogs\/palomitas-de-maiz\/?s={search_term_string}"},"query-input":{"@type":"PropertyValueSpecification","valueRequired":true,"valueName":"search_term_string"}}],"inLanguage":"es"},{"@type":"Person","@id":"https:\/\/www.cope.es\/blogs\/palomitas-de-maiz\/#\/schema\/person\/9fb256f63733c964d19b06de1ca3c9ef","name":"Jos\u00e9 Luis Panero","image":{"@type":"ImageObject","inLanguage":"es","@id":"https:\/\/secure.gravatar.com\/avatar\/2ef93951eab3cee25932a7219e566376cbf6ddedde3aa3098e7a971991a3ef12?s=96&d=mm&r=g","url":"https:\/\/secure.gravatar.com\/avatar\/2ef93951eab3cee25932a7219e566376cbf6ddedde3aa3098e7a971991a3ef12?s=96&d=mm&r=g","contentUrl":"https:\/\/secure.gravatar.com\/avatar\/2ef93951eab3cee25932a7219e566376cbf6ddedde3aa3098e7a971991a3ef12?s=96&d=mm&r=g","caption":"Jos\u00e9 Luis Panero"},"description":"Licenciado en Periodismo y en Comunicaci\u00f3n Audiovisual. Tras m\u00e1s de cuatro a\u00f1os en el diario 'La Gaceta de Los Negocios' y el programa f\u00edlmico 'Pantalla Grande', es cr\u00edtico de cine en 'Ciudad Nueva', 'Pantalla 90', 'COPE' o 'Aleteia' y cr\u00edtico de teatro en 'Hoy en la city'. Ha sido coguionista y ayudante de direcci\u00f3n de cine, ponente en los coloquios de cine del foro FNAC y profesor universitario en diferentes cursos de Periodismo Social. Desde 2003 es miembro del C\u00edrculo de Escritores Cinematogr\u00e1ficos (CEC). En 2008 fund\u00f3 en 'COPE' su blog de cine 'Palomitas de Ma\u00edz'. En 2017 fue nombrado Jurado Oficial del Festival Internacional de Cine de Fuengirola (M\u00e1laga) y ese a\u00f1o la instituci\u00f3n educativa Trinity College-Liceo Serrano le distingui\u00f3 con el nombramiento de 'Profesor de Honor' del centro y miembro ilustre del claustro de profesores. En 2019 fue nombrado Jurado Oficial del Festival Internacional de Cine de Vera (Almer\u00eda). En 2020 fue nombrado Jurado Oficial del Festival Internacional de Cine de Terror de La Mar Bella (Marbella). Como int\u00e9rprete ha sido galardonado con el Premio al Actor Principal del I Festival Nacional UNIR de teatro. Desde 2020 es acad\u00e9mico de las Artes Esc\u00e9nicas de Espa\u00f1a. En 2023 fue nombrado Jurado Oficial de los 'Premios Tal\u00eda' en su I Edici\u00f3n. Y miembro de ASHUMES (Asociaci\u00f3n del Humorismo Espa\u00f1ol) a partir de 2022. En 2023 fue nombrado Jurado Oficial de la II Edici\u00f3n de los 'Premios Godot'.","sameAs":["http:\/\/www.cope.es","https:\/\/www.facebook.com\/palomitero\/","https:\/\/www.instagram.com\/joseluispanero\/","https:\/\/www.linkedin.com\/in\/jos-luis-panero-gonzlez-barosa-7722a716\/","https:\/\/x.com\/PALOMITERO","https:\/\/www.youtube.com\/channel\/UCQYaNGiETUXUPXjYu9p3lNw\/videos?","https:\/\/es.wikipedia.org\/wiki\/Jos_Luis_Panero_Gonzlez-Barosa"],"url":"https:\/\/www.cope.es\/blogs\/palomitas-de-maiz\/author\/jlpanero\/"}]}},"amp_enabled":true,"_links":{"self":[{"href":"https:\/\/www.cope.es\/blogs\/palomitas-de-maiz\/wp-json\/wp\/v2\/posts\/9166","targetHints":{"allow":["GET"]}}],"collection":[{"href":"https:\/\/www.cope.es\/blogs\/palomitas-de-maiz\/wp-json\/wp\/v2\/posts"}],"about":[{"href":"https:\/\/www.cope.es\/blogs\/palomitas-de-maiz\/wp-json\/wp\/v2\/types\/post"}],"author":[{"embeddable":true,"href":"https:\/\/www.cope.es\/blogs\/palomitas-de-maiz\/wp-json\/wp\/v2\/users\/6"}],"replies":[{"embeddable":true,"href":"https:\/\/www.cope.es\/blogs\/palomitas-de-maiz\/wp-json\/wp\/v2\/comments?post=9166"}],"version-history":[{"count":2,"href":"https:\/\/www.cope.es\/blogs\/palomitas-de-maiz\/wp-json\/wp\/v2\/posts\/9166\/revisions"}],"predecessor-version":[{"id":9174,"href":"https:\/\/www.cope.es\/blogs\/palomitas-de-maiz\/wp-json\/wp\/v2\/posts\/9166\/revisions\/9174"}],"wp:featuredmedia":[{"embeddable":true,"href":"https:\/\/www.cope.es\/blogs\/palomitas-de-maiz\/wp-json\/wp\/v2\/media\/9167"}],"wp:attachment":[{"href":"https:\/\/www.cope.es\/blogs\/palomitas-de-maiz\/wp-json\/wp\/v2\/media?parent=9166"}],"wp:term":[{"taxonomy":"category","embeddable":true,"href":"https:\/\/www.cope.es\/blogs\/palomitas-de-maiz\/wp-json\/wp\/v2\/categories?post=9166"},{"taxonomy":"post_tag","embeddable":true,"href":"https:\/\/www.cope.es\/blogs\/palomitas-de-maiz\/wp-json\/wp\/v2\/tags?post=9166"}],"curies":[{"name":"wp","href":"https:\/\/api.w.org\/{rel}","templated":true}]}}