{"id":9082,"date":"2022-03-26T15:24:16","date_gmt":"2022-03-26T14:24:16","guid":{"rendered":"http:\/\/www.cope.es\/blogs\/palomitas-de-maiz\/?p=9082"},"modified":"2022-03-26T15:29:22","modified_gmt":"2022-03-26T14:29:22","slug":"la-web-de-cine-lider-en-cortos-de-metraje-celebra-su-sexto-aniversario","status":"publish","type":"post","link":"https:\/\/www.cope.es\/blogs\/palomitas-de-maiz\/2022\/03\/26\/la-web-de-cine-lider-en-cortos-de-metraje-celebra-su-sexto-aniversario\/","title":{"rendered":"\u2018Cortos de Metraje\u2019, la web de referencia de cortos online celebra su sexto aniversario"},"content":{"rendered":"<p>\u00a1Mis queridos palomiteros! La web de cine l\u00edder en cortos de metraje celebra su sexto aniversario. Tal d\u00eda como hoy, 26 de marzo de 2016, comenz\u00f3 su andadura<strong> uno de los proyectos independientes m\u00e1s ambiciosos para promocionar el formato del cortometraje<\/strong>.<\/p>\n<figure id=\"attachment_9085\" aria-describedby=\"caption-attachment-9085\" style=\"width: 725px\" class=\"wp-caption aligncenter\"><img loading=\"lazy\" decoding=\"async\" width=\"725\" height=\"725\" class=\"wp-image-9085 size-full\" src=\"http:\/\/www.cope.es\/blogs\/palomitas-de-maiz\/wp-content\/uploads\/sites\/6\/2022\/03\/portada-cortos-de-metraje.jpg\" alt=\"La web de cine l\u00edder en cortos de metraje celebra su sexto aniversario\" srcset=\"https:\/\/www.cope.es\/blogs\/palomitas-de-maiz\/wp-content\/uploads\/sites\/6\/2022\/03\/portada-cortos-de-metraje.jpg 725w, https:\/\/www.cope.es\/blogs\/palomitas-de-maiz\/wp-content\/uploads\/sites\/6\/2022\/03\/portada-cortos-de-metraje-300x300.jpg 300w, https:\/\/www.cope.es\/blogs\/palomitas-de-maiz\/wp-content\/uploads\/sites\/6\/2022\/03\/portada-cortos-de-metraje-150x150.jpg 150w, https:\/\/www.cope.es\/blogs\/palomitas-de-maiz\/wp-content\/uploads\/sites\/6\/2022\/03\/portada-cortos-de-metraje-170x170.jpg 170w, https:\/\/www.cope.es\/blogs\/palomitas-de-maiz\/wp-content\/uploads\/sites\/6\/2022\/03\/portada-cortos-de-metraje-73x73.jpg 73w, https:\/\/www.cope.es\/blogs\/palomitas-de-maiz\/wp-content\/uploads\/sites\/6\/2022\/03\/portada-cortos-de-metraje-108x108.jpg 108w\" sizes=\"auto, (max-width: 725px) 100vw, 725px\" \/><figcaption id=\"caption-attachment-9085\" class=\"wp-caption-text\"><strong>La web de cine l\u00edder en cortos de metraje celebra su sexto aniversario<\/strong><\/figcaption><\/figure>\n<p>La plataforma <em><a href=\"http:\/\/www.cope.es\/blogs\/palomitas-de-maiz\/2021\/03\/30\/la-web-de-cine-cortos-de-metraje-celebra-su-quinto-aniversario\/\">Cortos de Metraje<\/a><\/em> &#8211;<strong>de la que ya hemos informado desde estas pantallas<\/strong>&#8211; tiene un objetivo muy claro: \u201cconvertirse en el mayor punto de encuentro para los amantes del cine corto, tanto p\u00fablico como sector audiovisual, lo que se traduce en la creaci\u00f3n de la web <a href=\"https:\/\/cortosdemetraje.com\/\" target=\"_blank\">cortosdemetraje.com<\/a>, el mayor cat\u00e1logo de cortometrajes en habla hispana disponible en abierto\u201d.<\/p>\n<h2>La web de cine l\u00edder en cortos de metraje celebra su sexto aniversario<\/h2>\n<p>Su creador, el malague\u00f1o <strong>Alejandro Ruiz<\/strong>, centra todos sus esfuerzos en recopilar y a\u00f1adir el mayor n\u00famero de trabajos a su cat\u00e1logo y en atraer la mayor cantidad de iniciativas enfocadas a promocionar este maravilloso formato cinematogr\u00e1fico. \u201cEs incre\u00edble la gran cantidad de creadores que deciden compartir sus proyectos con el p\u00fablico de manera altruista\u201d, nos cuenta.<\/p>\n<figure id=\"attachment_9086\" aria-describedby=\"caption-attachment-9086\" style=\"width: 725px\" class=\"wp-caption aligncenter\"><img loading=\"lazy\" decoding=\"async\" width=\"725\" height=\"381\" class=\"wp-image-9086 size-full\" src=\"http:\/\/www.cope.es\/blogs\/palomitas-de-maiz\/wp-content\/uploads\/sites\/6\/2022\/03\/cortos-2.jpg\" alt=\"La web de cine l\u00edder en cortos de metraje celebra su sexto aniversario\" srcset=\"https:\/\/www.cope.es\/blogs\/palomitas-de-maiz\/wp-content\/uploads\/sites\/6\/2022\/03\/cortos-2.jpg 725w, https:\/\/www.cope.es\/blogs\/palomitas-de-maiz\/wp-content\/uploads\/sites\/6\/2022\/03\/cortos-2-300x158.jpg 300w\" sizes=\"auto, (max-width: 725px) 100vw, 725px\" \/><figcaption id=\"caption-attachment-9086\" class=\"wp-caption-text\"><strong>La web de cine l\u00edder en cortos de metraje celebra su sexto aniversario<\/strong><\/figcaption><\/figure>\n<p>En la actualidad este <a href=\"https:\/\/cortosdemetraje.com\/catalogo\/\"><strong>cat\u00e1logo<\/strong><\/a> alberga m\u00e1s de <strong>8.500 v\u00eddeos<\/strong> (con 7.000 cortometrajes, <strong>600 videoclips<\/strong> y m\u00e1s de 1.000 episodios de <strong>80 webseries<\/strong>), y<strong> recientemente ha alcanzado los 11 millones y medio de v\u00eddeos visualizados<\/strong>. Todo esto sin contar con ning\u00fan tipo de cuota de suscripci\u00f3n ni publicidad.<\/p>\n<figure id=\"attachment_9090\" aria-describedby=\"caption-attachment-9090\" style=\"width: 725px\" class=\"wp-caption aligncenter\"><img loading=\"lazy\" decoding=\"async\" width=\"725\" height=\"396\" class=\"wp-image-9090 size-full\" src=\"http:\/\/www.cope.es\/blogs\/palomitas-de-maiz\/wp-content\/uploads\/sites\/6\/2022\/03\/alejandro-ruiz.jpg\" alt=\"Alejandro Ruiz, fundador de Cortos de Metraje | La web de cine l\u00edder en cortos de metraje celebra su sexto aniversario\" srcset=\"https:\/\/www.cope.es\/blogs\/palomitas-de-maiz\/wp-content\/uploads\/sites\/6\/2022\/03\/alejandro-ruiz.jpg 725w, https:\/\/www.cope.es\/blogs\/palomitas-de-maiz\/wp-content\/uploads\/sites\/6\/2022\/03\/alejandro-ruiz-300x164.jpg 300w\" sizes=\"auto, (max-width: 725px) 100vw, 725px\" \/><figcaption id=\"caption-attachment-9090\" class=\"wp-caption-text\"><strong>Alejandro Ruiz<\/strong>, fundador de Cortos de Metraje |<strong> La web de cine l\u00edder en cortos de metraje celebra su sexto aniversario<\/strong><\/figcaption><\/figure>\n<p>Adem\u00e1s, <em>Cortos de Metraje<\/em> <strong>ofrece a los creadores una plataforma donde compartir sus trabajos con el p\u00fablico<\/strong>, ya tengan una carrera profesional consolidada o est\u00e9n comenzando en el mundo de la producci\u00f3n audiovisual y cinematogr\u00e1fica. Para ello cuenta con la secci\u00f3n \u201c<a href=\"https:\/\/cortosdemetraje.com\/subetucorto\/\" target=\"_blank\">Sube tu corto<\/a>\u201d. A trav\u00e9s de este apartado, la plataforma ha recibido hasta la fecha m\u00e1s de 1.000 trabajos.<\/p>\n<figure id=\"attachment_9087\" aria-describedby=\"caption-attachment-9087\" style=\"width: 725px\" class=\"wp-caption aligncenter\"><img loading=\"lazy\" decoding=\"async\" width=\"725\" height=\"335\" class=\"wp-image-9087 size-full\" src=\"http:\/\/www.cope.es\/blogs\/palomitas-de-maiz\/wp-content\/uploads\/sites\/6\/2022\/03\/cortos-3.jpg\" alt=\"La web de cine l\u00edder en cortos de metraje celebra su sexto aniversario\" srcset=\"https:\/\/www.cope.es\/blogs\/palomitas-de-maiz\/wp-content\/uploads\/sites\/6\/2022\/03\/cortos-3.jpg 725w, https:\/\/www.cope.es\/blogs\/palomitas-de-maiz\/wp-content\/uploads\/sites\/6\/2022\/03\/cortos-3-300x139.jpg 300w\" sizes=\"auto, (max-width: 725px) 100vw, 725px\" \/><figcaption id=\"caption-attachment-9087\" class=\"wp-caption-text\"><strong>La web de cine l\u00edder en cortos de metraje celebra su sexto aniversario<\/strong><\/figcaption><\/figure>\n<p><em>Cortos de Metraje<\/em> re\u00fane trabajos de<strong> 89 nacionalidades<\/strong>, aunque el 75% de los v\u00eddeos recopilados son de <strong>producci\u00f3n espa\u00f1ola<\/strong>, segmento en el que est\u00e1 especializada la web.<\/p>\n<p>Entre sus principales funcionalidades se encuentra la recopilaci\u00f3n de cortos en diferentes <strong><a href=\"https:\/\/cortosdemetraje.com\/canales\/\" target=\"_blank\">canales tem\u00e1ticos<\/a><\/strong>, dedicados a <a href=\"https:\/\/cortosdemetraje.com\/canal\/directores-espanoles\/?view=playlists\" target=\"_blank\">Directores y cineastas espa\u00f1oles<\/a>, <a href=\"https:\/\/cortosdemetraje.com\/canal\/actores-espanoles\/?view=playlists\" target=\"_blank\">Actores y actrices espa\u00f1oles<\/a>, <a href=\"https:\/\/cortosdemetraje.com\/canal\/cortos-para-educar-en-valores\/\" target=\"_blank\">Cortos para educar en valores<\/a>, <a href=\"https:\/\/cortosdemetraje.com\/canal\/no-mas-violencia-genero\/\" target=\"_blank\">No m\u00e1s violencia de G\u00e9nero<\/a>, <a href=\"https:\/\/cortosdemetraje.com\/canal\/cortometrajes-accesibles\/?view=playlists\" target=\"_blank\">Cortos Accesibles<\/a>, o uno a los que m\u00e1s cari\u00f1o dedica: <a href=\"https:\/\/cortosdemetraje.com\/canal\/cine-de-malaga\/\" target=\"_blank\">Cortometrajes de M\u00e1la<\/a><a href=\"https:\/\/cortosdemetraje.com\/canal\/cine-de-malaga\/\">ga<\/a> (provincia donde naci\u00f3 el proyecto), entre muchos otros.<\/p>\n<h2>\u201cPorque no sab\u00edas que te gustaban tanto los cortometrajes\u2026 hasta ahora\u201d<\/h2>\n<p>Uno de sus puntos fuertes es la posibilidad que tiene de crear <strong><a href=\"https:\/\/cortosdemetraje.com\/cortometrajes-favoritos\/\" target=\"_blank\">listas\u2002<\/a><a href=\"https:\/\/cortosdemetraje.com\/cortometrajes-favoritos\/\">de v\u00eddeos <\/a><a href=\"https:\/\/cortosdemetraje.com\/cortometrajes-favoritos\/\">personalizadas<\/a><\/strong>, algo muy \u00fatil, por ejemplo, para pasar una \u201ctarde de cine de terror\u201d, \u201ccine de palomitas\u201d o \u201ccortos sobre temas que los peques han visto en clase\u201d.<\/p>\n<figure id=\"attachment_9088\" aria-describedby=\"caption-attachment-9088\" style=\"width: 725px\" class=\"wp-caption aligncenter\"><img loading=\"lazy\" decoding=\"async\" width=\"725\" height=\"428\" class=\"wp-image-9088 size-full\" src=\"http:\/\/www.cope.es\/blogs\/palomitas-de-maiz\/wp-content\/uploads\/sites\/6\/2022\/03\/cortos-4.jpg\" alt=\"La web de cine l\u00edder en cortos de metraje celebra su sexto aniversario\" srcset=\"https:\/\/www.cope.es\/blogs\/palomitas-de-maiz\/wp-content\/uploads\/sites\/6\/2022\/03\/cortos-4.jpg 725w, https:\/\/www.cope.es\/blogs\/palomitas-de-maiz\/wp-content\/uploads\/sites\/6\/2022\/03\/cortos-4-300x177.jpg 300w\" sizes=\"auto, (max-width: 725px) 100vw, 725px\" \/><figcaption id=\"caption-attachment-9088\" class=\"wp-caption-text\"><strong>La web de cine l\u00edder en cortos de metraje celebra su sexto aniversario<\/strong><\/figcaption><\/figure>\n<p>En su \u201cquijotesca\u201d misi\u00f3n de animar al p\u00fablico a ver cortometrajes, este espacio -l\u00edder en cortos a escala mundial-, colabora con festivales y muestras de cortometrajes, as\u00ed como todo tipo de iniciativas centradas en poner en valor este formato, como pueden ser <a href=\"https:\/\/cortosdemetraje.com\/canal\/edc-el-dia-mas-corto\/?view=playlists\" target=\"_blank\">El d\u00eda m\u00e1s corto<\/a>, <a href=\"https:\/\/cortosdemetraje.com\/canal\/festival-de-malaga\/\" target=\"_blank\">Festival de M\u00e1laga<\/a>, <a href=\"https:\/\/cortosdemetraje.com\/canal\/alcine-festival-de-cine-de-alcala-de-henares-comunidad-de-madrid\/\" target=\"_blank\">Alcine<\/a>, <a href=\"https:\/\/cortosdemetraje.com\/canal\/certamen-internacional-de-cortos-ciudad-de-soria\/\" target=\"_blank\">Festival de Soria<\/a>,\u00a0 <a href=\"https:\/\/cortosdemetraje.com\/canal\/pielagos-en-corto\/\" target=\"_blank\">Festival de Cine de Pi\u00e9lagos<\/a>, <a href=\"https:\/\/cortosdemetraje.com\/canal\/fic-galdar\/?view=playlists\" target=\"_blank\">FIC G\u00e1ldar<\/a>, o <a href=\"https:\/\/blogosdeoro.com\/\" target=\"_blank\">Blogos de Oro<\/a>. La \u00faltima secci\u00f3n estrenada ha sido en colaboraci\u00f3n con <a href=\"https:\/\/cortosdemetraje.com\/canal\/kimuak\/\" target=\"_blank\">Kimuak<\/a>, selecci\u00f3n anual de cortometrajes realizados en #Euskadi. Es, adem\u00e1s, socia colaboradora de la <strong>Coordinadora del Cortometraje Espa\u00f1ol<\/strong>.<\/p>\n<p>Cuenta tambi\u00e9n con el apoyo de cientos de profesionales que han demostrado su confianza y cari\u00f1o por este acreditado proyecto.<\/p>\n<figure id=\"attachment_9089\" aria-describedby=\"caption-attachment-9089\" style=\"width: 725px\" class=\"wp-caption aligncenter\"><img loading=\"lazy\" decoding=\"async\" width=\"725\" height=\"347\" class=\"wp-image-9089 size-full\" src=\"http:\/\/www.cope.es\/blogs\/palomitas-de-maiz\/wp-content\/uploads\/sites\/6\/2022\/03\/cortos-5.jpg\" alt=\"La web de cine l\u00edder en cortos de metraje celebra su sexto aniversario\" srcset=\"https:\/\/www.cope.es\/blogs\/palomitas-de-maiz\/wp-content\/uploads\/sites\/6\/2022\/03\/cortos-5.jpg 725w, https:\/\/www.cope.es\/blogs\/palomitas-de-maiz\/wp-content\/uploads\/sites\/6\/2022\/03\/cortos-5-300x144.jpg 300w\" sizes=\"auto, (max-width: 725px) 100vw, 725px\" \/><figcaption id=\"caption-attachment-9089\" class=\"wp-caption-text\"><strong>La web de cine l\u00edder en cortos de metraje celebra su sexto aniversario<\/strong><\/figcaption><\/figure>\n<p>Adem\u00e1s, tiene una secci\u00f3n dedicada a <a href=\"https:\/\/cortosdemetraje.com\/criticas-de-cortometrajes\/\" target=\"_blank\">cr\u00f3nicas cinematogr\u00e1ficas<\/a>, donde colabora con diferentes medios y especialistas del sector donde se analizan y recomiendan cortometrajes.<\/p>\n<h2>Para celebrar su aniversario la web ha hecho un redise\u00f1o tanto de su p\u00e1gina principal como del cat\u00e1logo, ofreciendo una experiencia mucho m\u00e1s sencilla, clara y amigable para el visitante<\/h2>\n<p>En la actualidad es la web mejor posicionada en buscadores en la b\u00fasqueda de cortometrajes online, especialmente espa\u00f1oles.<\/p>\n<p><iframe loading=\"lazy\" title=\"Beta - Cortometraje espa\u00f1ol y comedia negra de Josep Pujol y Paco Caballero - Premio Cinerg\u00eda 2015\" width=\"675\" height=\"380\" src=\"https:\/\/www.youtube.com\/embed\/2GxLoMt9BaA?feature=oembed\" frameborder=\"0\" allow=\"accelerometer; autoplay; clipboard-write; encrypted-media; gyroscope; picture-in-picture\" allowfullscreen><\/iframe><\/p>\n","protected":false},"excerpt":{"rendered":"<p>\u00a1Mis queridos palomiteros! La web de cine l\u00edder en cortos de metraje celebra su sexto aniversario. Tal d\u00eda como hoy, 26 de marzo de 2016, comenz\u00f3 su andadura uno de los proyectos independientes m\u00e1s ambiciosos para promocionar el formato del cortometraje. La plataforma Cortos de Metraje &#8211;de la que ya hemos informado desde estas pantallas&#8211; [&hellip;]<\/p>\n","protected":false},"author":6,"featured_media":9084,"comment_status":"open","ping_status":"open","sticky":false,"template":"","format":"standard","meta":{"footnotes":""},"categories":[336,4020,49,4932],"tags":[10101,4401,10097,4934,1723,646,4946,1786,8833,4933,10102,10095,10100,6141,4937,1351,4938,10096,10098,4939,10099,10092,10104,10103,1783,10094,10091,10105,10093],"class_list":["post-9082","post","type-post","status-publish","format-standard","has-post-thumbnail","hentry","category-actualidad","category-aniversario","category-cine","category-cortometrajes","tag-actores-y-actrices-espanoles","tag-actualidad","tag-alcine","tag-alejandro-ruiz","tag-aniversario","tag-blogos-de-oro","tag-canales-tematicos","tag-catalogo","tag-cortos-accesibles","tag-cortos-de-metraje","tag-cortos-para-educar-en-valores","tag-cronicas-cinematograficas","tag-directores-y-cineastas-espanoles","tag-efemeride","tag-el-dia-mas-corto","tag-euskadi","tag-festival-de-cine-de-pielagos","tag-festival-de-malaga","tag-festival-de-soria","tag-fic-galdar","tag-kimuak","tag-lider-cortometrajes","tag-listas-de-videos-personalizadas","tag-no-mas-violencia-de-genero","tag-plataforma","tag-rediseno","tag-sexto-aniversario","tag-sube-tu-corto","tag-web-de-referencia"],"yoast_head":"<!-- This site is optimized with the Yoast SEO plugin v27.4 - https:\/\/yoast.com\/product\/yoast-seo-wordpress\/ -->\n<title>La web de cine l\u00edder en cortos de metraje celebra su sexto aniversario<\/title>\n<meta name=\"description\" content=\"Blog de cine y teatro. Blogs COPE. La web de cine l\u00edder en cortos de metraje celebra su sexto aniversario y renueva su interfaz\" \/>\n<meta name=\"robots\" content=\"index, follow, max-snippet:-1, max-image-preview:large, max-video-preview:-1\" \/>\n<link rel=\"canonical\" href=\"https:\/\/www.cope.es\/blogs\/palomitas-de-maiz\/2022\/03\/26\/la-web-de-cine-lider-en-cortos-de-metraje-celebra-su-sexto-aniversario\/\" \/>\n<meta property=\"og:locale\" content=\"es_ES\" \/>\n<meta property=\"og:type\" content=\"article\" \/>\n<meta property=\"og:title\" content=\"La web de cine l\u00edder en cortos de metraje celebra su sexto aniversario\" \/>\n<meta property=\"og:description\" content=\"Blog de cine y teatro. Blogs COPE. La web de cine l\u00edder en cortos de metraje celebra su sexto aniversario y renueva su interfaz\" \/>\n<meta property=\"og:url\" content=\"https:\/\/www.cope.es\/blogs\/palomitas-de-maiz\/2022\/03\/26\/la-web-de-cine-lider-en-cortos-de-metraje-celebra-su-sexto-aniversario\/\" \/>\n<meta property=\"og:site_name\" content=\"Palomitas de Ma\u00edz\" \/>\n<meta property=\"article:publisher\" content=\"https:\/\/www.facebook.com\/cope\/\" \/>\n<meta property=\"article:author\" content=\"https:\/\/www.facebook.com\/palomitero\/\" \/>\n<meta property=\"article:published_time\" content=\"2022-03-26T14:24:16+00:00\" \/>\n<meta property=\"article:modified_time\" content=\"2022-03-26T14:29:22+00:00\" \/>\n<meta property=\"og:image\" content=\"https:\/\/www.cope.es\/blogs\/palomitas-de-maiz\/wp-content\/uploads\/sites\/6\/2022\/03\/cortos-1.jpg\" \/>\n\t<meta property=\"og:image:width\" content=\"725\" \/>\n\t<meta property=\"og:image:height\" content=\"393\" \/>\n\t<meta property=\"og:image:type\" content=\"image\/jpeg\" \/>\n<meta name=\"author\" content=\"Jos\u00e9 Luis Panero\" \/>\n<meta name=\"twitter:card\" content=\"summary_large_image\" \/>\n<meta name=\"twitter:creator\" content=\"@PALOMITERO\" \/>\n<meta name=\"twitter:site\" content=\"@cope_es\" \/>\n<meta name=\"twitter:label1\" content=\"Escrito por\" \/>\n\t<meta name=\"twitter:data1\" content=\"Jos\u00e9 Luis Panero\" \/>\n\t<meta name=\"twitter:label2\" content=\"Tiempo de lectura\" \/>\n\t<meta name=\"twitter:data2\" content=\"4 minutos\" \/>\n<script type=\"application\/ld+json\" class=\"yoast-schema-graph\">{\"@context\":\"https:\\\/\\\/schema.org\",\"@graph\":[{\"@type\":\"Article\",\"@id\":\"https:\\\/\\\/www.cope.es\\\/blogs\\\/palomitas-de-maiz\\\/2022\\\/03\\\/26\\\/la-web-de-cine-lider-en-cortos-de-metraje-celebra-su-sexto-aniversario\\\/#article\",\"isPartOf\":{\"@id\":\"https:\\\/\\\/www.cope.es\\\/blogs\\\/palomitas-de-maiz\\\/2022\\\/03\\\/26\\\/la-web-de-cine-lider-en-cortos-de-metraje-celebra-su-sexto-aniversario\\\/\"},\"author\":{\"name\":\"Jos\u00e9 Luis Panero\",\"@id\":\"https:\\\/\\\/www.cope.es\\\/blogs\\\/palomitas-de-maiz\\\/#\\\/schema\\\/person\\\/9fb256f63733c964d19b06de1ca3c9ef\"},\"headline\":\"\u2018Cortos de Metraje\u2019, la web de referencia de cortos online celebra su sexto aniversario\",\"datePublished\":\"2022-03-26T14:24:16+00:00\",\"dateModified\":\"2022-03-26T14:29:22+00:00\",\"mainEntityOfPage\":{\"@id\":\"https:\\\/\\\/www.cope.es\\\/blogs\\\/palomitas-de-maiz\\\/2022\\\/03\\\/26\\\/la-web-de-cine-lider-en-cortos-de-metraje-celebra-su-sexto-aniversario\\\/\"},\"wordCount\":811,\"commentCount\":0,\"image\":{\"@id\":\"https:\\\/\\\/www.cope.es\\\/blogs\\\/palomitas-de-maiz\\\/2022\\\/03\\\/26\\\/la-web-de-cine-lider-en-cortos-de-metraje-celebra-su-sexto-aniversario\\\/#primaryimage\"},\"thumbnailUrl\":\"https:\\\/\\\/www.cope.es\\\/blogs\\\/palomitas-de-maiz\\\/wp-content\\\/uploads\\\/sites\\\/6\\\/2022\\\/03\\\/cortos-1.jpg\",\"keywords\":[\"Actores y actrices espa\u00f1oles\",\"actualidad\",\"Alcine\",\"alejandro ruiz\",\"aniversario\",\"Blogos de Oro\",\"canales tem\u00e1ticos\",\"catalogo\",\"cortos accesibles\",\"cortos de metraje\",\"Cortos para educar en valores\",\"cr\u00f3nicas cinematogr\u00e1ficas\",\"Directores y cineastas espa\u00f1oles\",\"efem\u00e9ride\",\"El d\u00eda m\u00e1s corto\",\"euskadi\",\"Festival de Cine de Pi\u00e9lagos\",\"Festival de M\u00e1laga\",\"Festival de Soria\",\"FIC G\u00e1ldar\",\"kimuak\",\"l\u00edder cortometrajes\",\"listas de v\u00eddeos personalizadas\",\"No m\u00e1s violencia de G\u00e9nero\",\"plataforma\",\"redise\u00f1o\",\"sexto aniversario\",\"sube tu corto\",\"web de referencia\"],\"articleSection\":[\"actualidad\",\"aniversario\",\"Cine\",\"cortometrajes\"],\"inLanguage\":\"es\",\"potentialAction\":[{\"@type\":\"CommentAction\",\"name\":\"Comment\",\"target\":[\"https:\\\/\\\/www.cope.es\\\/blogs\\\/palomitas-de-maiz\\\/2022\\\/03\\\/26\\\/la-web-de-cine-lider-en-cortos-de-metraje-celebra-su-sexto-aniversario\\\/#respond\"]}]},{\"@type\":\"WebPage\",\"@id\":\"https:\\\/\\\/www.cope.es\\\/blogs\\\/palomitas-de-maiz\\\/2022\\\/03\\\/26\\\/la-web-de-cine-lider-en-cortos-de-metraje-celebra-su-sexto-aniversario\\\/\",\"url\":\"https:\\\/\\\/www.cope.es\\\/blogs\\\/palomitas-de-maiz\\\/2022\\\/03\\\/26\\\/la-web-de-cine-lider-en-cortos-de-metraje-celebra-su-sexto-aniversario\\\/\",\"name\":\"La web de cine l\u00edder en cortos de metraje celebra su sexto aniversario\",\"isPartOf\":{\"@id\":\"https:\\\/\\\/www.cope.es\\\/blogs\\\/palomitas-de-maiz\\\/#website\"},\"primaryImageOfPage\":{\"@id\":\"https:\\\/\\\/www.cope.es\\\/blogs\\\/palomitas-de-maiz\\\/2022\\\/03\\\/26\\\/la-web-de-cine-lider-en-cortos-de-metraje-celebra-su-sexto-aniversario\\\/#primaryimage\"},\"image\":{\"@id\":\"https:\\\/\\\/www.cope.es\\\/blogs\\\/palomitas-de-maiz\\\/2022\\\/03\\\/26\\\/la-web-de-cine-lider-en-cortos-de-metraje-celebra-su-sexto-aniversario\\\/#primaryimage\"},\"thumbnailUrl\":\"https:\\\/\\\/www.cope.es\\\/blogs\\\/palomitas-de-maiz\\\/wp-content\\\/uploads\\\/sites\\\/6\\\/2022\\\/03\\\/cortos-1.jpg\",\"datePublished\":\"2022-03-26T14:24:16+00:00\",\"dateModified\":\"2022-03-26T14:29:22+00:00\",\"author\":{\"@id\":\"https:\\\/\\\/www.cope.es\\\/blogs\\\/palomitas-de-maiz\\\/#\\\/schema\\\/person\\\/9fb256f63733c964d19b06de1ca3c9ef\"},\"description\":\"Blog de cine y teatro. Blogs COPE. La web de cine l\u00edder en cortos de metraje celebra su sexto aniversario y renueva su interfaz\",\"breadcrumb\":{\"@id\":\"https:\\\/\\\/www.cope.es\\\/blogs\\\/palomitas-de-maiz\\\/2022\\\/03\\\/26\\\/la-web-de-cine-lider-en-cortos-de-metraje-celebra-su-sexto-aniversario\\\/#breadcrumb\"},\"inLanguage\":\"es\",\"potentialAction\":[{\"@type\":\"ReadAction\",\"target\":[\"https:\\\/\\\/www.cope.es\\\/blogs\\\/palomitas-de-maiz\\\/2022\\\/03\\\/26\\\/la-web-de-cine-lider-en-cortos-de-metraje-celebra-su-sexto-aniversario\\\/\"]}]},{\"@type\":\"ImageObject\",\"inLanguage\":\"es\",\"@id\":\"https:\\\/\\\/www.cope.es\\\/blogs\\\/palomitas-de-maiz\\\/2022\\\/03\\\/26\\\/la-web-de-cine-lider-en-cortos-de-metraje-celebra-su-sexto-aniversario\\\/#primaryimage\",\"url\":\"https:\\\/\\\/www.cope.es\\\/blogs\\\/palomitas-de-maiz\\\/wp-content\\\/uploads\\\/sites\\\/6\\\/2022\\\/03\\\/cortos-1.jpg\",\"contentUrl\":\"https:\\\/\\\/www.cope.es\\\/blogs\\\/palomitas-de-maiz\\\/wp-content\\\/uploads\\\/sites\\\/6\\\/2022\\\/03\\\/cortos-1.jpg\",\"width\":725,\"height\":393,\"caption\":\"https:\\\/\\\/www.cope.es\\\/blogs\\\/palomitas-de-maiz\\\/2022\\\/03\\\/26\\\/la-web-de-cine-lider-en-cortos-de-metraje-celebra-su-sexto-aniversario\\\/\"},{\"@type\":\"BreadcrumbList\",\"@id\":\"https:\\\/\\\/www.cope.es\\\/blogs\\\/palomitas-de-maiz\\\/2022\\\/03\\\/26\\\/la-web-de-cine-lider-en-cortos-de-metraje-celebra-su-sexto-aniversario\\\/#breadcrumb\",\"itemListElement\":[{\"@type\":\"ListItem\",\"position\":1,\"name\":\"Portada\",\"item\":\"https:\\\/\\\/www.cope.es\\\/blogs\\\/palomitas-de-maiz\\\/\"},{\"@type\":\"ListItem\",\"position\":2,\"name\":\"\u2018Cortos de Metraje\u2019, la web de referencia de cortos online celebra su sexto aniversario\"}]},{\"@type\":\"WebSite\",\"@id\":\"https:\\\/\\\/www.cope.es\\\/blogs\\\/palomitas-de-maiz\\\/#website\",\"url\":\"https:\\\/\\\/www.cope.es\\\/blogs\\\/palomitas-de-maiz\\\/\",\"name\":\"Palomitas de Ma\u00edz\",\"description\":\"Blog decano de cine de COPE\",\"potentialAction\":[{\"@type\":\"SearchAction\",\"target\":{\"@type\":\"EntryPoint\",\"urlTemplate\":\"https:\\\/\\\/www.cope.es\\\/blogs\\\/palomitas-de-maiz\\\/?s={search_term_string}\"},\"query-input\":{\"@type\":\"PropertyValueSpecification\",\"valueRequired\":true,\"valueName\":\"search_term_string\"}}],\"inLanguage\":\"es\"},{\"@type\":\"Person\",\"@id\":\"https:\\\/\\\/www.cope.es\\\/blogs\\\/palomitas-de-maiz\\\/#\\\/schema\\\/person\\\/9fb256f63733c964d19b06de1ca3c9ef\",\"name\":\"Jos\u00e9 Luis Panero\",\"image\":{\"@type\":\"ImageObject\",\"inLanguage\":\"es\",\"@id\":\"https:\\\/\\\/secure.gravatar.com\\\/avatar\\\/2ef93951eab3cee25932a7219e566376cbf6ddedde3aa3098e7a971991a3ef12?s=96&d=mm&r=g\",\"url\":\"https:\\\/\\\/secure.gravatar.com\\\/avatar\\\/2ef93951eab3cee25932a7219e566376cbf6ddedde3aa3098e7a971991a3ef12?s=96&d=mm&r=g\",\"contentUrl\":\"https:\\\/\\\/secure.gravatar.com\\\/avatar\\\/2ef93951eab3cee25932a7219e566376cbf6ddedde3aa3098e7a971991a3ef12?s=96&d=mm&r=g\",\"caption\":\"Jos\u00e9 Luis Panero\"},\"description\":\"Licenciado en Periodismo y en Comunicaci\u00f3n Audiovisual. Tras m\u00e1s de cuatro a\u00f1os en el diario 'La Gaceta de Los Negocios' y el programa f\u00edlmico 'Pantalla Grande', es cr\u00edtico de cine en 'Ciudad Nueva', 'Pantalla 90', 'COPE' o 'Aleteia' y cr\u00edtico de teatro en 'Hoy en la city'. Ha sido coguionista y ayudante de direcci\u00f3n de cine, ponente en los coloquios de cine del foro FNAC y profesor universitario en diferentes cursos de Periodismo Social. Desde 2003 es miembro del C\u00edrculo de Escritores Cinematogr\u00e1ficos (CEC). En 2008 fund\u00f3 en 'COPE' su blog de cine 'Palomitas de Ma\u00edz'. En 2017 fue nombrado Jurado Oficial del Festival Internacional de Cine de Fuengirola (M\u00e1laga) y ese a\u00f1o la instituci\u00f3n educativa Trinity College-Liceo Serrano le distingui\u00f3 con el nombramiento de 'Profesor de Honor' del centro y miembro ilustre del claustro de profesores. En 2019 fue nombrado Jurado Oficial del Festival Internacional de Cine de Vera (Almer\u00eda). En 2020 fue nombrado Jurado Oficial del Festival Internacional de Cine de Terror de La Mar Bella (Marbella). Como int\u00e9rprete ha sido galardonado con el Premio al Actor Principal del I Festival Nacional UNIR de teatro. Desde 2020 es acad\u00e9mico de las Artes Esc\u00e9nicas de Espa\u00f1a. En 2023 fue nombrado Jurado Oficial de los 'Premios Tal\u00eda' en su I Edici\u00f3n. Y miembro de ASHUMES (Asociaci\u00f3n del Humorismo Espa\u00f1ol) a partir de 2022. En 2023 fue nombrado Jurado Oficial de la II Edici\u00f3n de los 'Premios Godot'.\",\"sameAs\":[\"http:\\\/\\\/www.cope.es\",\"https:\\\/\\\/www.facebook.com\\\/palomitero\\\/\",\"https:\\\/\\\/www.instagram.com\\\/joseluispanero\\\/\",\"https:\\\/\\\/www.linkedin.com\\\/in\\\/jos-luis-panero-gonzlez-barosa-7722a716\\\/\",\"https:\\\/\\\/x.com\\\/PALOMITERO\",\"https:\\\/\\\/www.youtube.com\\\/channel\\\/UCQYaNGiETUXUPXjYu9p3lNw\\\/videos?\",\"https:\\\/\\\/es.wikipedia.org\\\/wiki\\\/Jos_Luis_Panero_Gonzlez-Barosa\"],\"url\":\"https:\\\/\\\/www.cope.es\\\/blogs\\\/palomitas-de-maiz\\\/author\\\/jlpanero\\\/\"}]}<\/script>\n<!-- \/ Yoast SEO plugin. -->","yoast_head_json":{"title":"La web de cine l\u00edder en cortos de metraje celebra su sexto aniversario","description":"Blog de cine y teatro. Blogs COPE. La web de cine l\u00edder en cortos de metraje celebra su sexto aniversario y renueva su interfaz","robots":{"index":"index","follow":"follow","max-snippet":"max-snippet:-1","max-image-preview":"max-image-preview:large","max-video-preview":"max-video-preview:-1"},"canonical":"https:\/\/www.cope.es\/blogs\/palomitas-de-maiz\/2022\/03\/26\/la-web-de-cine-lider-en-cortos-de-metraje-celebra-su-sexto-aniversario\/","og_locale":"es_ES","og_type":"article","og_title":"La web de cine l\u00edder en cortos de metraje celebra su sexto aniversario","og_description":"Blog de cine y teatro. Blogs COPE. La web de cine l\u00edder en cortos de metraje celebra su sexto aniversario y renueva su interfaz","og_url":"https:\/\/www.cope.es\/blogs\/palomitas-de-maiz\/2022\/03\/26\/la-web-de-cine-lider-en-cortos-de-metraje-celebra-su-sexto-aniversario\/","og_site_name":"Palomitas de Ma\u00edz","article_publisher":"https:\/\/www.facebook.com\/cope\/","article_author":"https:\/\/www.facebook.com\/palomitero\/","article_published_time":"2022-03-26T14:24:16+00:00","article_modified_time":"2022-03-26T14:29:22+00:00","og_image":[{"width":725,"height":393,"url":"https:\/\/www.cope.es\/blogs\/palomitas-de-maiz\/wp-content\/uploads\/sites\/6\/2022\/03\/cortos-1.jpg","type":"image\/jpeg"}],"author":"Jos\u00e9 Luis Panero","twitter_card":"summary_large_image","twitter_creator":"@PALOMITERO","twitter_site":"@cope_es","twitter_misc":{"Escrito por":"Jos\u00e9 Luis Panero","Tiempo de lectura":"4 minutos"},"schema":{"@context":"https:\/\/schema.org","@graph":[{"@type":"Article","@id":"https:\/\/www.cope.es\/blogs\/palomitas-de-maiz\/2022\/03\/26\/la-web-de-cine-lider-en-cortos-de-metraje-celebra-su-sexto-aniversario\/#article","isPartOf":{"@id":"https:\/\/www.cope.es\/blogs\/palomitas-de-maiz\/2022\/03\/26\/la-web-de-cine-lider-en-cortos-de-metraje-celebra-su-sexto-aniversario\/"},"author":{"name":"Jos\u00e9 Luis Panero","@id":"https:\/\/www.cope.es\/blogs\/palomitas-de-maiz\/#\/schema\/person\/9fb256f63733c964d19b06de1ca3c9ef"},"headline":"\u2018Cortos de Metraje\u2019, la web de referencia de cortos online celebra su sexto aniversario","datePublished":"2022-03-26T14:24:16+00:00","dateModified":"2022-03-26T14:29:22+00:00","mainEntityOfPage":{"@id":"https:\/\/www.cope.es\/blogs\/palomitas-de-maiz\/2022\/03\/26\/la-web-de-cine-lider-en-cortos-de-metraje-celebra-su-sexto-aniversario\/"},"wordCount":811,"commentCount":0,"image":{"@id":"https:\/\/www.cope.es\/blogs\/palomitas-de-maiz\/2022\/03\/26\/la-web-de-cine-lider-en-cortos-de-metraje-celebra-su-sexto-aniversario\/#primaryimage"},"thumbnailUrl":"https:\/\/www.cope.es\/blogs\/palomitas-de-maiz\/wp-content\/uploads\/sites\/6\/2022\/03\/cortos-1.jpg","keywords":["Actores y actrices espa\u00f1oles","actualidad","Alcine","alejandro ruiz","aniversario","Blogos de Oro","canales tem\u00e1ticos","catalogo","cortos accesibles","cortos de metraje","Cortos para educar en valores","cr\u00f3nicas cinematogr\u00e1ficas","Directores y cineastas espa\u00f1oles","efem\u00e9ride","El d\u00eda m\u00e1s corto","euskadi","Festival de Cine de Pi\u00e9lagos","Festival de M\u00e1laga","Festival de Soria","FIC G\u00e1ldar","kimuak","l\u00edder cortometrajes","listas de v\u00eddeos personalizadas","No m\u00e1s violencia de G\u00e9nero","plataforma","redise\u00f1o","sexto aniversario","sube tu corto","web de referencia"],"articleSection":["actualidad","aniversario","Cine","cortometrajes"],"inLanguage":"es","potentialAction":[{"@type":"CommentAction","name":"Comment","target":["https:\/\/www.cope.es\/blogs\/palomitas-de-maiz\/2022\/03\/26\/la-web-de-cine-lider-en-cortos-de-metraje-celebra-su-sexto-aniversario\/#respond"]}]},{"@type":"WebPage","@id":"https:\/\/www.cope.es\/blogs\/palomitas-de-maiz\/2022\/03\/26\/la-web-de-cine-lider-en-cortos-de-metraje-celebra-su-sexto-aniversario\/","url":"https:\/\/www.cope.es\/blogs\/palomitas-de-maiz\/2022\/03\/26\/la-web-de-cine-lider-en-cortos-de-metraje-celebra-su-sexto-aniversario\/","name":"La web de cine l\u00edder en cortos de metraje celebra su sexto aniversario","isPartOf":{"@id":"https:\/\/www.cope.es\/blogs\/palomitas-de-maiz\/#website"},"primaryImageOfPage":{"@id":"https:\/\/www.cope.es\/blogs\/palomitas-de-maiz\/2022\/03\/26\/la-web-de-cine-lider-en-cortos-de-metraje-celebra-su-sexto-aniversario\/#primaryimage"},"image":{"@id":"https:\/\/www.cope.es\/blogs\/palomitas-de-maiz\/2022\/03\/26\/la-web-de-cine-lider-en-cortos-de-metraje-celebra-su-sexto-aniversario\/#primaryimage"},"thumbnailUrl":"https:\/\/www.cope.es\/blogs\/palomitas-de-maiz\/wp-content\/uploads\/sites\/6\/2022\/03\/cortos-1.jpg","datePublished":"2022-03-26T14:24:16+00:00","dateModified":"2022-03-26T14:29:22+00:00","author":{"@id":"https:\/\/www.cope.es\/blogs\/palomitas-de-maiz\/#\/schema\/person\/9fb256f63733c964d19b06de1ca3c9ef"},"description":"Blog de cine y teatro. Blogs COPE. La web de cine l\u00edder en cortos de metraje celebra su sexto aniversario y renueva su interfaz","breadcrumb":{"@id":"https:\/\/www.cope.es\/blogs\/palomitas-de-maiz\/2022\/03\/26\/la-web-de-cine-lider-en-cortos-de-metraje-celebra-su-sexto-aniversario\/#breadcrumb"},"inLanguage":"es","potentialAction":[{"@type":"ReadAction","target":["https:\/\/www.cope.es\/blogs\/palomitas-de-maiz\/2022\/03\/26\/la-web-de-cine-lider-en-cortos-de-metraje-celebra-su-sexto-aniversario\/"]}]},{"@type":"ImageObject","inLanguage":"es","@id":"https:\/\/www.cope.es\/blogs\/palomitas-de-maiz\/2022\/03\/26\/la-web-de-cine-lider-en-cortos-de-metraje-celebra-su-sexto-aniversario\/#primaryimage","url":"https:\/\/www.cope.es\/blogs\/palomitas-de-maiz\/wp-content\/uploads\/sites\/6\/2022\/03\/cortos-1.jpg","contentUrl":"https:\/\/www.cope.es\/blogs\/palomitas-de-maiz\/wp-content\/uploads\/sites\/6\/2022\/03\/cortos-1.jpg","width":725,"height":393,"caption":"https:\/\/www.cope.es\/blogs\/palomitas-de-maiz\/2022\/03\/26\/la-web-de-cine-lider-en-cortos-de-metraje-celebra-su-sexto-aniversario\/"},{"@type":"BreadcrumbList","@id":"https:\/\/www.cope.es\/blogs\/palomitas-de-maiz\/2022\/03\/26\/la-web-de-cine-lider-en-cortos-de-metraje-celebra-su-sexto-aniversario\/#breadcrumb","itemListElement":[{"@type":"ListItem","position":1,"name":"Portada","item":"https:\/\/www.cope.es\/blogs\/palomitas-de-maiz\/"},{"@type":"ListItem","position":2,"name":"\u2018Cortos de Metraje\u2019, la web de referencia de cortos online celebra su sexto aniversario"}]},{"@type":"WebSite","@id":"https:\/\/www.cope.es\/blogs\/palomitas-de-maiz\/#website","url":"https:\/\/www.cope.es\/blogs\/palomitas-de-maiz\/","name":"Palomitas de Ma\u00edz","description":"Blog decano de cine de COPE","potentialAction":[{"@type":"SearchAction","target":{"@type":"EntryPoint","urlTemplate":"https:\/\/www.cope.es\/blogs\/palomitas-de-maiz\/?s={search_term_string}"},"query-input":{"@type":"PropertyValueSpecification","valueRequired":true,"valueName":"search_term_string"}}],"inLanguage":"es"},{"@type":"Person","@id":"https:\/\/www.cope.es\/blogs\/palomitas-de-maiz\/#\/schema\/person\/9fb256f63733c964d19b06de1ca3c9ef","name":"Jos\u00e9 Luis Panero","image":{"@type":"ImageObject","inLanguage":"es","@id":"https:\/\/secure.gravatar.com\/avatar\/2ef93951eab3cee25932a7219e566376cbf6ddedde3aa3098e7a971991a3ef12?s=96&d=mm&r=g","url":"https:\/\/secure.gravatar.com\/avatar\/2ef93951eab3cee25932a7219e566376cbf6ddedde3aa3098e7a971991a3ef12?s=96&d=mm&r=g","contentUrl":"https:\/\/secure.gravatar.com\/avatar\/2ef93951eab3cee25932a7219e566376cbf6ddedde3aa3098e7a971991a3ef12?s=96&d=mm&r=g","caption":"Jos\u00e9 Luis Panero"},"description":"Licenciado en Periodismo y en Comunicaci\u00f3n Audiovisual. Tras m\u00e1s de cuatro a\u00f1os en el diario 'La Gaceta de Los Negocios' y el programa f\u00edlmico 'Pantalla Grande', es cr\u00edtico de cine en 'Ciudad Nueva', 'Pantalla 90', 'COPE' o 'Aleteia' y cr\u00edtico de teatro en 'Hoy en la city'. Ha sido coguionista y ayudante de direcci\u00f3n de cine, ponente en los coloquios de cine del foro FNAC y profesor universitario en diferentes cursos de Periodismo Social. Desde 2003 es miembro del C\u00edrculo de Escritores Cinematogr\u00e1ficos (CEC). En 2008 fund\u00f3 en 'COPE' su blog de cine 'Palomitas de Ma\u00edz'. En 2017 fue nombrado Jurado Oficial del Festival Internacional de Cine de Fuengirola (M\u00e1laga) y ese a\u00f1o la instituci\u00f3n educativa Trinity College-Liceo Serrano le distingui\u00f3 con el nombramiento de 'Profesor de Honor' del centro y miembro ilustre del claustro de profesores. En 2019 fue nombrado Jurado Oficial del Festival Internacional de Cine de Vera (Almer\u00eda). En 2020 fue nombrado Jurado Oficial del Festival Internacional de Cine de Terror de La Mar Bella (Marbella). Como int\u00e9rprete ha sido galardonado con el Premio al Actor Principal del I Festival Nacional UNIR de teatro. Desde 2020 es acad\u00e9mico de las Artes Esc\u00e9nicas de Espa\u00f1a. En 2023 fue nombrado Jurado Oficial de los 'Premios Tal\u00eda' en su I Edici\u00f3n. Y miembro de ASHUMES (Asociaci\u00f3n del Humorismo Espa\u00f1ol) a partir de 2022. En 2023 fue nombrado Jurado Oficial de la II Edici\u00f3n de los 'Premios Godot'.","sameAs":["http:\/\/www.cope.es","https:\/\/www.facebook.com\/palomitero\/","https:\/\/www.instagram.com\/joseluispanero\/","https:\/\/www.linkedin.com\/in\/jos-luis-panero-gonzlez-barosa-7722a716\/","https:\/\/x.com\/PALOMITERO","https:\/\/www.youtube.com\/channel\/UCQYaNGiETUXUPXjYu9p3lNw\/videos?","https:\/\/es.wikipedia.org\/wiki\/Jos_Luis_Panero_Gonzlez-Barosa"],"url":"https:\/\/www.cope.es\/blogs\/palomitas-de-maiz\/author\/jlpanero\/"}]}},"amp_enabled":true,"_links":{"self":[{"href":"https:\/\/www.cope.es\/blogs\/palomitas-de-maiz\/wp-json\/wp\/v2\/posts\/9082","targetHints":{"allow":["GET"]}}],"collection":[{"href":"https:\/\/www.cope.es\/blogs\/palomitas-de-maiz\/wp-json\/wp\/v2\/posts"}],"about":[{"href":"https:\/\/www.cope.es\/blogs\/palomitas-de-maiz\/wp-json\/wp\/v2\/types\/post"}],"author":[{"embeddable":true,"href":"https:\/\/www.cope.es\/blogs\/palomitas-de-maiz\/wp-json\/wp\/v2\/users\/6"}],"replies":[{"embeddable":true,"href":"https:\/\/www.cope.es\/blogs\/palomitas-de-maiz\/wp-json\/wp\/v2\/comments?post=9082"}],"version-history":[{"count":2,"href":"https:\/\/www.cope.es\/blogs\/palomitas-de-maiz\/wp-json\/wp\/v2\/posts\/9082\/revisions"}],"predecessor-version":[{"id":9094,"href":"https:\/\/www.cope.es\/blogs\/palomitas-de-maiz\/wp-json\/wp\/v2\/posts\/9082\/revisions\/9094"}],"wp:featuredmedia":[{"embeddable":true,"href":"https:\/\/www.cope.es\/blogs\/palomitas-de-maiz\/wp-json\/wp\/v2\/media\/9084"}],"wp:attachment":[{"href":"https:\/\/www.cope.es\/blogs\/palomitas-de-maiz\/wp-json\/wp\/v2\/media?parent=9082"}],"wp:term":[{"taxonomy":"category","embeddable":true,"href":"https:\/\/www.cope.es\/blogs\/palomitas-de-maiz\/wp-json\/wp\/v2\/categories?post=9082"},{"taxonomy":"post_tag","embeddable":true,"href":"https:\/\/www.cope.es\/blogs\/palomitas-de-maiz\/wp-json\/wp\/v2\/tags?post=9082"}],"curies":[{"name":"wp","href":"https:\/\/api.w.org\/{rel}","templated":true}]}}