{"id":8759,"date":"2022-01-05T13:44:06","date_gmt":"2022-01-05T12:44:06","guid":{"rendered":"http:\/\/www.cope.es\/blogs\/palomitas-de-maiz\/?p=8759"},"modified":"2022-01-05T13:50:19","modified_gmt":"2022-01-05T12:50:19","slug":"premios-goya-los-cines-embajadores-accesibles-a-personas-con-discapacidad-auditiva","status":"publish","type":"post","link":"https:\/\/www.cope.es\/blogs\/palomitas-de-maiz\/2022\/01\/05\/premios-goya-los-cines-embajadores-accesibles-a-personas-con-discapacidad-auditiva\/","title":{"rendered":"Los Cines Embajadores, pioneros en ofrecer las pel\u00edculas de los Goya para personas con discapacidad auditiva"},"content":{"rendered":"<p>\u00a1Mis queridos palomiteros! Los Cines Embajadores, accesibles a personas con discapacidad auditiva. No es la primera vez que nos hacemos eco de las actividades de estos <a href=\"http:\/\/www.cope.es\/blogs\/palomitas-de-maiz\/2021\/07\/01\/entrevista-cine-javier-tolentino-un-blues-para-teheran-iran-no-es-enemigo-de-nadie-opera-prima\/\">emblem\u00e1ticos cines<\/a>. Adem\u00e1s de la calidad humana de sus responsables y del buen surtido de cine que sirve, <a href=\"http:\/\/www.cope.es\/blogs\/palomitas-de-maiz\/2020\/11\/17\/para-sama-impecable-documental-ingles-sobre-la-tragedia-de-alepo-critica-cine\/\">fueron los \u00fanicos valientes al inaugurar un espacio para el s\u00e9ptimo arte en plena pandemia<\/a>, signo inequ\u00edvoco de algo mucho m\u00e1s que amor al cine.<\/p>\n<p><iframe loading=\"lazy\" title=\"5000 espectadores\" width=\"675\" height=\"380\" src=\"https:\/\/www.youtube.com\/embed\/aIM416UJDFk?feature=oembed\" frameborder=\"0\" allow=\"accelerometer; autoplay; clipboard-write; encrypted-media; gyroscope; picture-in-picture\" allowfullscreen><\/iframe><\/p>\n<h2>Los Cines Embajadores, accesibles a personas con discapacidad auditiva<\/h2>\n<p><a href=\"https:\/\/cinesembajadores.es\/\" target=\"_blank\">Ahora han lanzado otra actividad pionera<\/a>, <strong>pensando en que el cine ha de ser siempre accesible a todos los p\u00fablicos<\/strong>. Por tal\u00a0motivo, <strong>a partir del 10 de enero, el mejor cine espa\u00f1ol se podr\u00e1 disfrutar en sesiones especiales con subt\u00edtulos\u00a0en castellano<\/strong>, accesible para personas con discapacidad auditiva.\u00a0<strong>Es la primera vez que un cine organiza un ciclo especial con estos mimbres<\/strong>.<\/p>\n<figure id=\"attachment_8761\" aria-describedby=\"caption-attachment-8761\" style=\"width: 725px\" class=\"wp-caption aligncenter\"><img loading=\"lazy\" decoding=\"async\" width=\"725\" height=\"1036\" class=\"wp-image-8761 size-full\" src=\"http:\/\/www.cope.es\/blogs\/palomitas-de-maiz\/wp-content\/uploads\/sites\/6\/2022\/01\/portadas-peliculas-cines-embajadores.jpg\" alt=\"La vida era eso | Los Cines Embajadores, accesibles a personas con discapacidad auditiva\" srcset=\"https:\/\/www.cope.es\/blogs\/palomitas-de-maiz\/wp-content\/uploads\/sites\/6\/2022\/01\/portadas-peliculas-cines-embajadores.jpg 725w, https:\/\/www.cope.es\/blogs\/palomitas-de-maiz\/wp-content\/uploads\/sites\/6\/2022\/01\/portadas-peliculas-cines-embajadores-210x300.jpg 210w, https:\/\/www.cope.es\/blogs\/palomitas-de-maiz\/wp-content\/uploads\/sites\/6\/2022\/01\/portadas-peliculas-cines-embajadores-717x1024.jpg 717w\" sizes=\"auto, (max-width: 725px) 100vw, 725px\" \/><figcaption id=\"caption-attachment-8761\" class=\"wp-caption-text\"><em>La vida era eso<\/em> | <strong>Los Cines Embajadores, accesibles a personas con discapacidad auditiva<\/strong><\/figcaption><\/figure>\n<h2><strong>\u00bfC\u00f3mo s<\/strong>urge la idea?<\/h2>\n<p>Seg\u00fan sus m\u00e1ximos dirigentes, \u201cCines Embajadores\u00a0permite un trato muy cercano con su p\u00fablico, trato que enriquece nuestra labor. El contacto con el p\u00fablico permite conocer a los espectadores y en los \u00faltimos meses hemos recibido la visita de distintas personas con discapacidad auditiva que solo acud\u00edan\u00a0al cine a ver pel\u00edculas extranjeras (exhibidas\u00a0en Versi\u00f3n Original con Subt\u00edtulos en Espa\u00f1ol). Y, curiosamente, <strong>este perfil de espectador\u00a0no ten\u00eda acceso al cine espa\u00f1ol al no estar subtitulado<\/strong>. Estos fueron los cimientos de nuestro nuevo ciclo.<\/p>\n<figure id=\"attachment_8762\" aria-describedby=\"caption-attachment-8762\" style=\"width: 725px\" class=\"wp-caption aligncenter\"><img loading=\"lazy\" decoding=\"async\" width=\"725\" height=\"1033\" class=\"wp-image-8762 size-full\" src=\"http:\/\/www.cope.es\/blogs\/palomitas-de-maiz\/wp-content\/uploads\/sites\/6\/2022\/01\/maixabel-cartel.jpg\" alt=\"Maixabel | Los Cines Embajadores, accesibles a personas con discapacidad auditiva\" srcset=\"https:\/\/www.cope.es\/blogs\/palomitas-de-maiz\/wp-content\/uploads\/sites\/6\/2022\/01\/maixabel-cartel.jpg 725w, https:\/\/www.cope.es\/blogs\/palomitas-de-maiz\/wp-content\/uploads\/sites\/6\/2022\/01\/maixabel-cartel-211x300.jpg 211w, https:\/\/www.cope.es\/blogs\/palomitas-de-maiz\/wp-content\/uploads\/sites\/6\/2022\/01\/maixabel-cartel-719x1024.jpg 719w\" sizes=\"auto, (max-width: 725px) 100vw, 725px\" \/><figcaption id=\"caption-attachment-8762\" class=\"wp-caption-text\"><em>Maixabel<\/em> | <strong>Los Cines Embajadores, accesibles a personas con discapacidad auditiva<\/strong><\/figcaption><\/figure>\n<p>Para hacerlo posible, <strong>hemos hablado con todas las distribuidoras, pel\u00edcula a pel\u00edcula, para poder conseguir todo el material necesario para poder facilitar a las personas con discapacidad auditiva el acceso al mejor cine espa\u00f1ol<\/strong>.<\/p>\n<p>De este modo, damos un paso m\u00e1s, quedan muchos, para poder acercar el cine a todos los p\u00fablicos\u201d.<\/p>\n<h2>El futuro<\/h2>\n<p>Adem\u00e1s, <strong>aseguran que la iniciativa no quiere ser algo puntual<\/strong>. Por ello, y dado su compromiso con el cine, a partir de este a\u00f1o 2022, van a poner todo su empe\u00f1o para conseguir que todos los estrenos nacionales sean exhibidos en sesiones especiales con subtitulado.<\/p>\n<figure id=\"attachment_8763\" aria-describedby=\"caption-attachment-8763\" style=\"width: 717px\" class=\"wp-caption aligncenter\"><img loading=\"lazy\" decoding=\"async\" width=\"717\" height=\"1024\" class=\"wp-image-8763 size-full\" src=\"http:\/\/www.cope.es\/blogs\/palomitas-de-maiz\/wp-content\/uploads\/sites\/6\/2022\/01\/cartel-el-buen-patron-2-717x1024-1.jpg\" alt=\"El buen patr\u00f3n | Los Cines Embajadores, accesibles a personas con discapacidad auditiva\" srcset=\"https:\/\/www.cope.es\/blogs\/palomitas-de-maiz\/wp-content\/uploads\/sites\/6\/2022\/01\/cartel-el-buen-patron-2-717x1024-1.jpg 717w, https:\/\/www.cope.es\/blogs\/palomitas-de-maiz\/wp-content\/uploads\/sites\/6\/2022\/01\/cartel-el-buen-patron-2-717x1024-1-210x300.jpg 210w\" sizes=\"auto, (max-width: 717px) 100vw, 717px\" \/><figcaption id=\"caption-attachment-8763\" class=\"wp-caption-text\"><em>El buen patr\u00f3n<\/em> | <strong>Los Cines Embajadores, accesibles a personas con discapacidad auditiva<\/strong><\/figcaption><\/figure>\n<p>Desde este are\u00f3pago, <strong>felicitamos a cuantos han hecho posible llevar a t\u00e9rmino la idea<\/strong> y a quienes les apoyan para seguir construyendo un mundo cinematogr\u00e1fico sin barreras.<\/p>\n<figure id=\"attachment_8764\" aria-describedby=\"caption-attachment-8764\" style=\"width: 725px\" class=\"wp-caption aligncenter\"><img loading=\"lazy\" decoding=\"async\" width=\"725\" height=\"362\" class=\"wp-image-8764 size-full\" src=\"http:\/\/www.cope.es\/blogs\/palomitas-de-maiz\/wp-content\/uploads\/sites\/6\/2022\/01\/cine-accesible-cines-embajadores.jpg\" alt=\"Ciclo de cine accesible\" srcset=\"https:\/\/www.cope.es\/blogs\/palomitas-de-maiz\/wp-content\/uploads\/sites\/6\/2022\/01\/cine-accesible-cines-embajadores.jpg 725w, https:\/\/www.cope.es\/blogs\/palomitas-de-maiz\/wp-content\/uploads\/sites\/6\/2022\/01\/cine-accesible-cines-embajadores-300x150.jpg 300w\" sizes=\"auto, (max-width: 725px) 100vw, 725px\" \/><figcaption id=\"caption-attachment-8764\" class=\"wp-caption-text\"><strong>Ciclo de cine accesible<\/strong><\/figcaption><\/figure>\n","protected":false},"excerpt":{"rendered":"<p>\u00a1Mis queridos palomiteros! Los Cines Embajadores, accesibles a personas con discapacidad auditiva. No es la primera vez que nos hacemos eco de las actividades de estos emblem\u00e1ticos cines. Adem\u00e1s de la calidad humana de sus responsables y del buen surtido de cine que sirve, fueron los \u00fanicos valientes al inaugurar un espacio para el s\u00e9ptimo [&hellip;]<\/p>\n","protected":false},"author":6,"featured_media":8760,"comment_status":"open","ping_status":"open","sticky":false,"template":"","format":"standard","meta":{"footnotes":""},"categories":[336,49,9750,9751],"tags":[9756,9755,9752,70,9753,9754,9758,6929,9757,111],"class_list":["post-8759","post","type-post","status-publish","format-standard","has-post-thumbnail","hentry","category-actualidad","category-cine","category-cine-accesible","category-cines-embajadores","tag-10-de-enero","tag-ciclo-especial","tag-cine-accesible","tag-cine-espanol","tag-cine-subtitulado","tag-cines-embajadores","tag-cines-pioneros","tag-discapacidad-auditiva","tag-peliculas-espanolas","tag-premios-goya"],"yoast_head":"<!-- This site is optimized with the Yoast SEO plugin v27.4 - https:\/\/yoast.com\/product\/yoast-seo-wordpress\/ -->\n<title>Los Cines Embajadores, accesibles a personas con discapacidad auditiva<\/title>\n<meta name=\"description\" content=\"Blog de cine y teatro. Blogs COPE. Los Cines Embajadores, accesibles a personas con discapacidad auditiva, arrancar\u00e1n con pelis de los Goya\" \/>\n<meta name=\"robots\" content=\"index, follow, max-snippet:-1, max-image-preview:large, max-video-preview:-1\" \/>\n<link rel=\"canonical\" href=\"https:\/\/www.cope.es\/blogs\/palomitas-de-maiz\/2022\/01\/05\/premios-goya-los-cines-embajadores-accesibles-a-personas-con-discapacidad-auditiva\/\" \/>\n<meta property=\"og:locale\" content=\"es_ES\" \/>\n<meta property=\"og:type\" content=\"article\" \/>\n<meta property=\"og:title\" content=\"Los Cines Embajadores, accesibles a personas con discapacidad auditiva\" \/>\n<meta property=\"og:description\" content=\"Blog de cine y teatro. Blogs COPE. Los Cines Embajadores, accesibles a personas con discapacidad auditiva, arrancar\u00e1n con pelis de los Goya\" \/>\n<meta property=\"og:url\" content=\"https:\/\/www.cope.es\/blogs\/palomitas-de-maiz\/2022\/01\/05\/premios-goya-los-cines-embajadores-accesibles-a-personas-con-discapacidad-auditiva\/\" \/>\n<meta property=\"og:site_name\" content=\"Palomitas de Ma\u00edz\" \/>\n<meta property=\"article:publisher\" content=\"https:\/\/www.facebook.com\/cope\/\" \/>\n<meta property=\"article:author\" content=\"https:\/\/www.facebook.com\/palomitero\/\" \/>\n<meta property=\"article:published_time\" content=\"2022-01-05T12:44:06+00:00\" \/>\n<meta property=\"article:modified_time\" content=\"2022-01-05T12:50:19+00:00\" \/>\n<meta property=\"og:image\" content=\"https:\/\/www.cope.es\/blogs\/palomitas-de-maiz\/wp-content\/uploads\/sites\/6\/2022\/01\/fachada-cines-embajadores.jpg\" \/>\n\t<meta property=\"og:image:width\" content=\"725\" \/>\n\t<meta property=\"og:image:height\" content=\"388\" \/>\n\t<meta property=\"og:image:type\" content=\"image\/jpeg\" \/>\n<meta name=\"author\" content=\"Jos\u00e9 Luis Panero\" \/>\n<meta name=\"twitter:card\" content=\"summary_large_image\" \/>\n<meta name=\"twitter:creator\" content=\"@PALOMITERO\" \/>\n<meta name=\"twitter:site\" content=\"@cope_es\" \/>\n<meta name=\"twitter:label1\" content=\"Escrito por\" \/>\n\t<meta name=\"twitter:data1\" content=\"Jos\u00e9 Luis Panero\" \/>\n\t<meta name=\"twitter:label2\" content=\"Tiempo de lectura\" \/>\n\t<meta name=\"twitter:data2\" content=\"2 minutos\" \/>\n<script type=\"application\/ld+json\" class=\"yoast-schema-graph\">{\"@context\":\"https:\\\/\\\/schema.org\",\"@graph\":[{\"@type\":\"Article\",\"@id\":\"https:\\\/\\\/www.cope.es\\\/blogs\\\/palomitas-de-maiz\\\/2022\\\/01\\\/05\\\/premios-goya-los-cines-embajadores-accesibles-a-personas-con-discapacidad-auditiva\\\/#article\",\"isPartOf\":{\"@id\":\"https:\\\/\\\/www.cope.es\\\/blogs\\\/palomitas-de-maiz\\\/2022\\\/01\\\/05\\\/premios-goya-los-cines-embajadores-accesibles-a-personas-con-discapacidad-auditiva\\\/\"},\"author\":{\"name\":\"Jos\u00e9 Luis Panero\",\"@id\":\"https:\\\/\\\/www.cope.es\\\/blogs\\\/palomitas-de-maiz\\\/#\\\/schema\\\/person\\\/9fb256f63733c964d19b06de1ca3c9ef\"},\"headline\":\"Los Cines Embajadores, pioneros en ofrecer las pel\u00edculas de los Goya para personas con discapacidad auditiva\",\"datePublished\":\"2022-01-05T12:44:06+00:00\",\"dateModified\":\"2022-01-05T12:50:19+00:00\",\"mainEntityOfPage\":{\"@id\":\"https:\\\/\\\/www.cope.es\\\/blogs\\\/palomitas-de-maiz\\\/2022\\\/01\\\/05\\\/premios-goya-los-cines-embajadores-accesibles-a-personas-con-discapacidad-auditiva\\\/\"},\"wordCount\":478,\"commentCount\":0,\"image\":{\"@id\":\"https:\\\/\\\/www.cope.es\\\/blogs\\\/palomitas-de-maiz\\\/2022\\\/01\\\/05\\\/premios-goya-los-cines-embajadores-accesibles-a-personas-con-discapacidad-auditiva\\\/#primaryimage\"},\"thumbnailUrl\":\"https:\\\/\\\/www.cope.es\\\/blogs\\\/palomitas-de-maiz\\\/wp-content\\\/uploads\\\/sites\\\/6\\\/2022\\\/01\\\/fachada-cines-embajadores.jpg\",\"keywords\":[\"10 de enero\",\"ciclo especial\",\"cine accesible\",\"cine espa\u00f1ol\",\"cine subtitulado\",\"cines embajadores\",\"cines pioneros\",\"Discapacidad auditiva\",\"pel\u00edculas espa\u00f1olas\",\"premios goya\"],\"articleSection\":[\"actualidad\",\"Cine\",\"cine accesible\",\"cines embajadores\"],\"inLanguage\":\"es\",\"potentialAction\":[{\"@type\":\"CommentAction\",\"name\":\"Comment\",\"target\":[\"https:\\\/\\\/www.cope.es\\\/blogs\\\/palomitas-de-maiz\\\/2022\\\/01\\\/05\\\/premios-goya-los-cines-embajadores-accesibles-a-personas-con-discapacidad-auditiva\\\/#respond\"]}]},{\"@type\":\"WebPage\",\"@id\":\"https:\\\/\\\/www.cope.es\\\/blogs\\\/palomitas-de-maiz\\\/2022\\\/01\\\/05\\\/premios-goya-los-cines-embajadores-accesibles-a-personas-con-discapacidad-auditiva\\\/\",\"url\":\"https:\\\/\\\/www.cope.es\\\/blogs\\\/palomitas-de-maiz\\\/2022\\\/01\\\/05\\\/premios-goya-los-cines-embajadores-accesibles-a-personas-con-discapacidad-auditiva\\\/\",\"name\":\"Los Cines Embajadores, accesibles a personas con discapacidad auditiva\",\"isPartOf\":{\"@id\":\"https:\\\/\\\/www.cope.es\\\/blogs\\\/palomitas-de-maiz\\\/#website\"},\"primaryImageOfPage\":{\"@id\":\"https:\\\/\\\/www.cope.es\\\/blogs\\\/palomitas-de-maiz\\\/2022\\\/01\\\/05\\\/premios-goya-los-cines-embajadores-accesibles-a-personas-con-discapacidad-auditiva\\\/#primaryimage\"},\"image\":{\"@id\":\"https:\\\/\\\/www.cope.es\\\/blogs\\\/palomitas-de-maiz\\\/2022\\\/01\\\/05\\\/premios-goya-los-cines-embajadores-accesibles-a-personas-con-discapacidad-auditiva\\\/#primaryimage\"},\"thumbnailUrl\":\"https:\\\/\\\/www.cope.es\\\/blogs\\\/palomitas-de-maiz\\\/wp-content\\\/uploads\\\/sites\\\/6\\\/2022\\\/01\\\/fachada-cines-embajadores.jpg\",\"datePublished\":\"2022-01-05T12:44:06+00:00\",\"dateModified\":\"2022-01-05T12:50:19+00:00\",\"author\":{\"@id\":\"https:\\\/\\\/www.cope.es\\\/blogs\\\/palomitas-de-maiz\\\/#\\\/schema\\\/person\\\/9fb256f63733c964d19b06de1ca3c9ef\"},\"description\":\"Blog de cine y teatro. Blogs COPE. Los Cines Embajadores, accesibles a personas con discapacidad auditiva, arrancar\u00e1n con pelis de los Goya\",\"breadcrumb\":{\"@id\":\"https:\\\/\\\/www.cope.es\\\/blogs\\\/palomitas-de-maiz\\\/2022\\\/01\\\/05\\\/premios-goya-los-cines-embajadores-accesibles-a-personas-con-discapacidad-auditiva\\\/#breadcrumb\"},\"inLanguage\":\"es\",\"potentialAction\":[{\"@type\":\"ReadAction\",\"target\":[\"https:\\\/\\\/www.cope.es\\\/blogs\\\/palomitas-de-maiz\\\/2022\\\/01\\\/05\\\/premios-goya-los-cines-embajadores-accesibles-a-personas-con-discapacidad-auditiva\\\/\"]}]},{\"@type\":\"ImageObject\",\"inLanguage\":\"es\",\"@id\":\"https:\\\/\\\/www.cope.es\\\/blogs\\\/palomitas-de-maiz\\\/2022\\\/01\\\/05\\\/premios-goya-los-cines-embajadores-accesibles-a-personas-con-discapacidad-auditiva\\\/#primaryimage\",\"url\":\"https:\\\/\\\/www.cope.es\\\/blogs\\\/palomitas-de-maiz\\\/wp-content\\\/uploads\\\/sites\\\/6\\\/2022\\\/01\\\/fachada-cines-embajadores.jpg\",\"contentUrl\":\"https:\\\/\\\/www.cope.es\\\/blogs\\\/palomitas-de-maiz\\\/wp-content\\\/uploads\\\/sites\\\/6\\\/2022\\\/01\\\/fachada-cines-embajadores.jpg\",\"width\":725,\"height\":388,\"caption\":\"https:\\\/\\\/www.cope.es\\\/blogs\\\/palomitas-de-maiz\\\/2022\\\/01\\\/05\\\/premios-goya-los-cines-embajadores-accesibles-a-personas-con-discapacidad-auditiva\\\/\"},{\"@type\":\"BreadcrumbList\",\"@id\":\"https:\\\/\\\/www.cope.es\\\/blogs\\\/palomitas-de-maiz\\\/2022\\\/01\\\/05\\\/premios-goya-los-cines-embajadores-accesibles-a-personas-con-discapacidad-auditiva\\\/#breadcrumb\",\"itemListElement\":[{\"@type\":\"ListItem\",\"position\":1,\"name\":\"Portada\",\"item\":\"https:\\\/\\\/www.cope.es\\\/blogs\\\/palomitas-de-maiz\\\/\"},{\"@type\":\"ListItem\",\"position\":2,\"name\":\"Los Cines Embajadores, pioneros en ofrecer las pel\u00edculas de los Goya para personas con discapacidad auditiva\"}]},{\"@type\":\"WebSite\",\"@id\":\"https:\\\/\\\/www.cope.es\\\/blogs\\\/palomitas-de-maiz\\\/#website\",\"url\":\"https:\\\/\\\/www.cope.es\\\/blogs\\\/palomitas-de-maiz\\\/\",\"name\":\"Palomitas de Ma\u00edz\",\"description\":\"Blog decano de cine de COPE\",\"potentialAction\":[{\"@type\":\"SearchAction\",\"target\":{\"@type\":\"EntryPoint\",\"urlTemplate\":\"https:\\\/\\\/www.cope.es\\\/blogs\\\/palomitas-de-maiz\\\/?s={search_term_string}\"},\"query-input\":{\"@type\":\"PropertyValueSpecification\",\"valueRequired\":true,\"valueName\":\"search_term_string\"}}],\"inLanguage\":\"es\"},{\"@type\":\"Person\",\"@id\":\"https:\\\/\\\/www.cope.es\\\/blogs\\\/palomitas-de-maiz\\\/#\\\/schema\\\/person\\\/9fb256f63733c964d19b06de1ca3c9ef\",\"name\":\"Jos\u00e9 Luis Panero\",\"image\":{\"@type\":\"ImageObject\",\"inLanguage\":\"es\",\"@id\":\"https:\\\/\\\/secure.gravatar.com\\\/avatar\\\/2ef93951eab3cee25932a7219e566376cbf6ddedde3aa3098e7a971991a3ef12?s=96&d=mm&r=g\",\"url\":\"https:\\\/\\\/secure.gravatar.com\\\/avatar\\\/2ef93951eab3cee25932a7219e566376cbf6ddedde3aa3098e7a971991a3ef12?s=96&d=mm&r=g\",\"contentUrl\":\"https:\\\/\\\/secure.gravatar.com\\\/avatar\\\/2ef93951eab3cee25932a7219e566376cbf6ddedde3aa3098e7a971991a3ef12?s=96&d=mm&r=g\",\"caption\":\"Jos\u00e9 Luis Panero\"},\"description\":\"Licenciado en Periodismo y en Comunicaci\u00f3n Audiovisual. Tras m\u00e1s de cuatro a\u00f1os en el diario 'La Gaceta de Los Negocios' y el programa f\u00edlmico 'Pantalla Grande', es cr\u00edtico de cine en 'Ciudad Nueva', 'Pantalla 90', 'COPE' o 'Aleteia' y cr\u00edtico de teatro en 'Hoy en la city'. Ha sido coguionista y ayudante de direcci\u00f3n de cine, ponente en los coloquios de cine del foro FNAC y profesor universitario en diferentes cursos de Periodismo Social. Desde 2003 es miembro del C\u00edrculo de Escritores Cinematogr\u00e1ficos (CEC). En 2008 fund\u00f3 en 'COPE' su blog de cine 'Palomitas de Ma\u00edz'. En 2017 fue nombrado Jurado Oficial del Festival Internacional de Cine de Fuengirola (M\u00e1laga) y ese a\u00f1o la instituci\u00f3n educativa Trinity College-Liceo Serrano le distingui\u00f3 con el nombramiento de 'Profesor de Honor' del centro y miembro ilustre del claustro de profesores. En 2019 fue nombrado Jurado Oficial del Festival Internacional de Cine de Vera (Almer\u00eda). En 2020 fue nombrado Jurado Oficial del Festival Internacional de Cine de Terror de La Mar Bella (Marbella). Como int\u00e9rprete ha sido galardonado con el Premio al Actor Principal del I Festival Nacional UNIR de teatro. Desde 2020 es acad\u00e9mico de las Artes Esc\u00e9nicas de Espa\u00f1a. En 2023 fue nombrado Jurado Oficial de los 'Premios Tal\u00eda' en su I Edici\u00f3n. Y miembro de ASHUMES (Asociaci\u00f3n del Humorismo Espa\u00f1ol) a partir de 2022. En 2023 fue nombrado Jurado Oficial de la II Edici\u00f3n de los 'Premios Godot'.\",\"sameAs\":[\"http:\\\/\\\/www.cope.es\",\"https:\\\/\\\/www.facebook.com\\\/palomitero\\\/\",\"https:\\\/\\\/www.instagram.com\\\/joseluispanero\\\/\",\"https:\\\/\\\/www.linkedin.com\\\/in\\\/jos-luis-panero-gonzlez-barosa-7722a716\\\/\",\"https:\\\/\\\/x.com\\\/PALOMITERO\",\"https:\\\/\\\/www.youtube.com\\\/channel\\\/UCQYaNGiETUXUPXjYu9p3lNw\\\/videos?\",\"https:\\\/\\\/es.wikipedia.org\\\/wiki\\\/Jos_Luis_Panero_Gonzlez-Barosa\"],\"url\":\"https:\\\/\\\/www.cope.es\\\/blogs\\\/palomitas-de-maiz\\\/author\\\/jlpanero\\\/\"}]}<\/script>\n<!-- \/ Yoast SEO plugin. -->","yoast_head_json":{"title":"Los Cines Embajadores, accesibles a personas con discapacidad auditiva","description":"Blog de cine y teatro. Blogs COPE. Los Cines Embajadores, accesibles a personas con discapacidad auditiva, arrancar\u00e1n con pelis de los Goya","robots":{"index":"index","follow":"follow","max-snippet":"max-snippet:-1","max-image-preview":"max-image-preview:large","max-video-preview":"max-video-preview:-1"},"canonical":"https:\/\/www.cope.es\/blogs\/palomitas-de-maiz\/2022\/01\/05\/premios-goya-los-cines-embajadores-accesibles-a-personas-con-discapacidad-auditiva\/","og_locale":"es_ES","og_type":"article","og_title":"Los Cines Embajadores, accesibles a personas con discapacidad auditiva","og_description":"Blog de cine y teatro. Blogs COPE. Los Cines Embajadores, accesibles a personas con discapacidad auditiva, arrancar\u00e1n con pelis de los Goya","og_url":"https:\/\/www.cope.es\/blogs\/palomitas-de-maiz\/2022\/01\/05\/premios-goya-los-cines-embajadores-accesibles-a-personas-con-discapacidad-auditiva\/","og_site_name":"Palomitas de Ma\u00edz","article_publisher":"https:\/\/www.facebook.com\/cope\/","article_author":"https:\/\/www.facebook.com\/palomitero\/","article_published_time":"2022-01-05T12:44:06+00:00","article_modified_time":"2022-01-05T12:50:19+00:00","og_image":[{"width":725,"height":388,"url":"https:\/\/www.cope.es\/blogs\/palomitas-de-maiz\/wp-content\/uploads\/sites\/6\/2022\/01\/fachada-cines-embajadores.jpg","type":"image\/jpeg"}],"author":"Jos\u00e9 Luis Panero","twitter_card":"summary_large_image","twitter_creator":"@PALOMITERO","twitter_site":"@cope_es","twitter_misc":{"Escrito por":"Jos\u00e9 Luis Panero","Tiempo de lectura":"2 minutos"},"schema":{"@context":"https:\/\/schema.org","@graph":[{"@type":"Article","@id":"https:\/\/www.cope.es\/blogs\/palomitas-de-maiz\/2022\/01\/05\/premios-goya-los-cines-embajadores-accesibles-a-personas-con-discapacidad-auditiva\/#article","isPartOf":{"@id":"https:\/\/www.cope.es\/blogs\/palomitas-de-maiz\/2022\/01\/05\/premios-goya-los-cines-embajadores-accesibles-a-personas-con-discapacidad-auditiva\/"},"author":{"name":"Jos\u00e9 Luis Panero","@id":"https:\/\/www.cope.es\/blogs\/palomitas-de-maiz\/#\/schema\/person\/9fb256f63733c964d19b06de1ca3c9ef"},"headline":"Los Cines Embajadores, pioneros en ofrecer las pel\u00edculas de los Goya para personas con discapacidad auditiva","datePublished":"2022-01-05T12:44:06+00:00","dateModified":"2022-01-05T12:50:19+00:00","mainEntityOfPage":{"@id":"https:\/\/www.cope.es\/blogs\/palomitas-de-maiz\/2022\/01\/05\/premios-goya-los-cines-embajadores-accesibles-a-personas-con-discapacidad-auditiva\/"},"wordCount":478,"commentCount":0,"image":{"@id":"https:\/\/www.cope.es\/blogs\/palomitas-de-maiz\/2022\/01\/05\/premios-goya-los-cines-embajadores-accesibles-a-personas-con-discapacidad-auditiva\/#primaryimage"},"thumbnailUrl":"https:\/\/www.cope.es\/blogs\/palomitas-de-maiz\/wp-content\/uploads\/sites\/6\/2022\/01\/fachada-cines-embajadores.jpg","keywords":["10 de enero","ciclo especial","cine accesible","cine espa\u00f1ol","cine subtitulado","cines embajadores","cines pioneros","Discapacidad auditiva","pel\u00edculas espa\u00f1olas","premios goya"],"articleSection":["actualidad","Cine","cine accesible","cines embajadores"],"inLanguage":"es","potentialAction":[{"@type":"CommentAction","name":"Comment","target":["https:\/\/www.cope.es\/blogs\/palomitas-de-maiz\/2022\/01\/05\/premios-goya-los-cines-embajadores-accesibles-a-personas-con-discapacidad-auditiva\/#respond"]}]},{"@type":"WebPage","@id":"https:\/\/www.cope.es\/blogs\/palomitas-de-maiz\/2022\/01\/05\/premios-goya-los-cines-embajadores-accesibles-a-personas-con-discapacidad-auditiva\/","url":"https:\/\/www.cope.es\/blogs\/palomitas-de-maiz\/2022\/01\/05\/premios-goya-los-cines-embajadores-accesibles-a-personas-con-discapacidad-auditiva\/","name":"Los Cines Embajadores, accesibles a personas con discapacidad auditiva","isPartOf":{"@id":"https:\/\/www.cope.es\/blogs\/palomitas-de-maiz\/#website"},"primaryImageOfPage":{"@id":"https:\/\/www.cope.es\/blogs\/palomitas-de-maiz\/2022\/01\/05\/premios-goya-los-cines-embajadores-accesibles-a-personas-con-discapacidad-auditiva\/#primaryimage"},"image":{"@id":"https:\/\/www.cope.es\/blogs\/palomitas-de-maiz\/2022\/01\/05\/premios-goya-los-cines-embajadores-accesibles-a-personas-con-discapacidad-auditiva\/#primaryimage"},"thumbnailUrl":"https:\/\/www.cope.es\/blogs\/palomitas-de-maiz\/wp-content\/uploads\/sites\/6\/2022\/01\/fachada-cines-embajadores.jpg","datePublished":"2022-01-05T12:44:06+00:00","dateModified":"2022-01-05T12:50:19+00:00","author":{"@id":"https:\/\/www.cope.es\/blogs\/palomitas-de-maiz\/#\/schema\/person\/9fb256f63733c964d19b06de1ca3c9ef"},"description":"Blog de cine y teatro. Blogs COPE. Los Cines Embajadores, accesibles a personas con discapacidad auditiva, arrancar\u00e1n con pelis de los Goya","breadcrumb":{"@id":"https:\/\/www.cope.es\/blogs\/palomitas-de-maiz\/2022\/01\/05\/premios-goya-los-cines-embajadores-accesibles-a-personas-con-discapacidad-auditiva\/#breadcrumb"},"inLanguage":"es","potentialAction":[{"@type":"ReadAction","target":["https:\/\/www.cope.es\/blogs\/palomitas-de-maiz\/2022\/01\/05\/premios-goya-los-cines-embajadores-accesibles-a-personas-con-discapacidad-auditiva\/"]}]},{"@type":"ImageObject","inLanguage":"es","@id":"https:\/\/www.cope.es\/blogs\/palomitas-de-maiz\/2022\/01\/05\/premios-goya-los-cines-embajadores-accesibles-a-personas-con-discapacidad-auditiva\/#primaryimage","url":"https:\/\/www.cope.es\/blogs\/palomitas-de-maiz\/wp-content\/uploads\/sites\/6\/2022\/01\/fachada-cines-embajadores.jpg","contentUrl":"https:\/\/www.cope.es\/blogs\/palomitas-de-maiz\/wp-content\/uploads\/sites\/6\/2022\/01\/fachada-cines-embajadores.jpg","width":725,"height":388,"caption":"https:\/\/www.cope.es\/blogs\/palomitas-de-maiz\/2022\/01\/05\/premios-goya-los-cines-embajadores-accesibles-a-personas-con-discapacidad-auditiva\/"},{"@type":"BreadcrumbList","@id":"https:\/\/www.cope.es\/blogs\/palomitas-de-maiz\/2022\/01\/05\/premios-goya-los-cines-embajadores-accesibles-a-personas-con-discapacidad-auditiva\/#breadcrumb","itemListElement":[{"@type":"ListItem","position":1,"name":"Portada","item":"https:\/\/www.cope.es\/blogs\/palomitas-de-maiz\/"},{"@type":"ListItem","position":2,"name":"Los Cines Embajadores, pioneros en ofrecer las pel\u00edculas de los Goya para personas con discapacidad auditiva"}]},{"@type":"WebSite","@id":"https:\/\/www.cope.es\/blogs\/palomitas-de-maiz\/#website","url":"https:\/\/www.cope.es\/blogs\/palomitas-de-maiz\/","name":"Palomitas de Ma\u00edz","description":"Blog decano de cine de COPE","potentialAction":[{"@type":"SearchAction","target":{"@type":"EntryPoint","urlTemplate":"https:\/\/www.cope.es\/blogs\/palomitas-de-maiz\/?s={search_term_string}"},"query-input":{"@type":"PropertyValueSpecification","valueRequired":true,"valueName":"search_term_string"}}],"inLanguage":"es"},{"@type":"Person","@id":"https:\/\/www.cope.es\/blogs\/palomitas-de-maiz\/#\/schema\/person\/9fb256f63733c964d19b06de1ca3c9ef","name":"Jos\u00e9 Luis Panero","image":{"@type":"ImageObject","inLanguage":"es","@id":"https:\/\/secure.gravatar.com\/avatar\/2ef93951eab3cee25932a7219e566376cbf6ddedde3aa3098e7a971991a3ef12?s=96&d=mm&r=g","url":"https:\/\/secure.gravatar.com\/avatar\/2ef93951eab3cee25932a7219e566376cbf6ddedde3aa3098e7a971991a3ef12?s=96&d=mm&r=g","contentUrl":"https:\/\/secure.gravatar.com\/avatar\/2ef93951eab3cee25932a7219e566376cbf6ddedde3aa3098e7a971991a3ef12?s=96&d=mm&r=g","caption":"Jos\u00e9 Luis Panero"},"description":"Licenciado en Periodismo y en Comunicaci\u00f3n Audiovisual. Tras m\u00e1s de cuatro a\u00f1os en el diario 'La Gaceta de Los Negocios' y el programa f\u00edlmico 'Pantalla Grande', es cr\u00edtico de cine en 'Ciudad Nueva', 'Pantalla 90', 'COPE' o 'Aleteia' y cr\u00edtico de teatro en 'Hoy en la city'. Ha sido coguionista y ayudante de direcci\u00f3n de cine, ponente en los coloquios de cine del foro FNAC y profesor universitario en diferentes cursos de Periodismo Social. Desde 2003 es miembro del C\u00edrculo de Escritores Cinematogr\u00e1ficos (CEC). En 2008 fund\u00f3 en 'COPE' su blog de cine 'Palomitas de Ma\u00edz'. En 2017 fue nombrado Jurado Oficial del Festival Internacional de Cine de Fuengirola (M\u00e1laga) y ese a\u00f1o la instituci\u00f3n educativa Trinity College-Liceo Serrano le distingui\u00f3 con el nombramiento de 'Profesor de Honor' del centro y miembro ilustre del claustro de profesores. En 2019 fue nombrado Jurado Oficial del Festival Internacional de Cine de Vera (Almer\u00eda). En 2020 fue nombrado Jurado Oficial del Festival Internacional de Cine de Terror de La Mar Bella (Marbella). Como int\u00e9rprete ha sido galardonado con el Premio al Actor Principal del I Festival Nacional UNIR de teatro. Desde 2020 es acad\u00e9mico de las Artes Esc\u00e9nicas de Espa\u00f1a. En 2023 fue nombrado Jurado Oficial de los 'Premios Tal\u00eda' en su I Edici\u00f3n. Y miembro de ASHUMES (Asociaci\u00f3n del Humorismo Espa\u00f1ol) a partir de 2022. En 2023 fue nombrado Jurado Oficial de la II Edici\u00f3n de los 'Premios Godot'.","sameAs":["http:\/\/www.cope.es","https:\/\/www.facebook.com\/palomitero\/","https:\/\/www.instagram.com\/joseluispanero\/","https:\/\/www.linkedin.com\/in\/jos-luis-panero-gonzlez-barosa-7722a716\/","https:\/\/x.com\/PALOMITERO","https:\/\/www.youtube.com\/channel\/UCQYaNGiETUXUPXjYu9p3lNw\/videos?","https:\/\/es.wikipedia.org\/wiki\/Jos_Luis_Panero_Gonzlez-Barosa"],"url":"https:\/\/www.cope.es\/blogs\/palomitas-de-maiz\/author\/jlpanero\/"}]}},"amp_enabled":true,"_links":{"self":[{"href":"https:\/\/www.cope.es\/blogs\/palomitas-de-maiz\/wp-json\/wp\/v2\/posts\/8759","targetHints":{"allow":["GET"]}}],"collection":[{"href":"https:\/\/www.cope.es\/blogs\/palomitas-de-maiz\/wp-json\/wp\/v2\/posts"}],"about":[{"href":"https:\/\/www.cope.es\/blogs\/palomitas-de-maiz\/wp-json\/wp\/v2\/types\/post"}],"author":[{"embeddable":true,"href":"https:\/\/www.cope.es\/blogs\/palomitas-de-maiz\/wp-json\/wp\/v2\/users\/6"}],"replies":[{"embeddable":true,"href":"https:\/\/www.cope.es\/blogs\/palomitas-de-maiz\/wp-json\/wp\/v2\/comments?post=8759"}],"version-history":[{"count":2,"href":"https:\/\/www.cope.es\/blogs\/palomitas-de-maiz\/wp-json\/wp\/v2\/posts\/8759\/revisions"}],"predecessor-version":[{"id":8769,"href":"https:\/\/www.cope.es\/blogs\/palomitas-de-maiz\/wp-json\/wp\/v2\/posts\/8759\/revisions\/8769"}],"wp:featuredmedia":[{"embeddable":true,"href":"https:\/\/www.cope.es\/blogs\/palomitas-de-maiz\/wp-json\/wp\/v2\/media\/8760"}],"wp:attachment":[{"href":"https:\/\/www.cope.es\/blogs\/palomitas-de-maiz\/wp-json\/wp\/v2\/media?parent=8759"}],"wp:term":[{"taxonomy":"category","embeddable":true,"href":"https:\/\/www.cope.es\/blogs\/palomitas-de-maiz\/wp-json\/wp\/v2\/categories?post=8759"},{"taxonomy":"post_tag","embeddable":true,"href":"https:\/\/www.cope.es\/blogs\/palomitas-de-maiz\/wp-json\/wp\/v2\/tags?post=8759"}],"curies":[{"name":"wp","href":"https:\/\/api.w.org\/{rel}","templated":true}]}}