{"id":8650,"date":"2021-11-24T16:05:23","date_gmt":"2021-11-24T15:05:23","guid":{"rendered":"http:\/\/www.cope.es\/blogs\/palomitas-de-maiz\/?p=8650"},"modified":"2021-11-24T16:12:49","modified_gmt":"2021-11-24T15:12:49","slug":"nace-el-centro-del-titere-un-espacio-dedicado-al-arte-de-la-marioneta-alcorcon","status":"publish","type":"post","link":"https:\/\/www.cope.es\/blogs\/palomitas-de-maiz\/2021\/11\/24\/nace-el-centro-del-titere-un-espacio-dedicado-al-arte-de-la-marioneta-alcorcon\/","title":{"rendered":"Nace el \u2018Centro del T\u00edtere\u2019, un espacio dedicado al arte de la marioneta"},"content":{"rendered":"<p>\u00a1Mis queridos palomiteros! \u00a0Nace el \u2018Centro del T\u00edtere\u2019, un espacio dedicado al arte de la marioneta. \u00a1Seguimos de enhorabuena! Os doy cuenta de esta feliz iniciativa que pone en pie el valor de otras maravillosas creaciones.<\/p>\n<figure id=\"attachment_8652\" aria-describedby=\"caption-attachment-8652\" style=\"width: 725px\" class=\"wp-caption aligncenter\"><img loading=\"lazy\" decoding=\"async\" width=\"725\" height=\"484\" class=\"wp-image-8652 size-full\" src=\"http:\/\/www.cope.es\/blogs\/palomitas-de-maiz\/wp-content\/uploads\/sites\/6\/2021\/11\/marioneta-3.jpg\" alt=\"Nace el \u2018Centro del T\u00edtere\u2019, un espacio dedicado al arte de la marioneta\" srcset=\"https:\/\/www.cope.es\/blogs\/palomitas-de-maiz\/wp-content\/uploads\/sites\/6\/2021\/11\/marioneta-3.jpg 725w, https:\/\/www.cope.es\/blogs\/palomitas-de-maiz\/wp-content\/uploads\/sites\/6\/2021\/11\/marioneta-3-300x200.jpg 300w, https:\/\/www.cope.es\/blogs\/palomitas-de-maiz\/wp-content\/uploads\/sites\/6\/2021\/11\/marioneta-3-408x272.jpg 408w\" sizes=\"auto, (max-width: 725px) 100vw, 725px\" \/><figcaption id=\"caption-attachment-8652\" class=\"wp-caption-text\"><strong>Nace el \u2018Centro del T\u00edtere\u2019, un espacio dedicado al arte de la marioneta<\/strong><\/figcaption><\/figure>\n<p>Y es que <strong>el pr\u00f3ximo 16 de diciembre y a las 19 horas se inaugura el Centro del T\u00edtere <\/strong>-el primero en Espa\u00f1a que ofrece una formaci\u00f3n regular en materia de teatro de t\u00edteres y objetos- que tendr\u00e1 su sede en la <a href=\"https:\/\/centrodeltitere.com\/contacto\/\" target=\"_blank\">calle Siete Ojos, en Alcorc\u00f3n<\/a>.<\/p>\n<p>Como se sabe, Espa\u00f1a tiene una larga y valiosa tradici\u00f3n en el teatro de t\u00edteres &#8211;<a href=\"http:\/\/www.cope.es\/blogs\/palomitas-de-maiz\/2021\/03\/27\/federico-garcia-lorca-protagoniza-el-dia-mundial-del-teatro-mariana-pineda-tve\/\">que se lo digan a Lorca<\/a>&#8211; y, tal como ya se ha hecho en otros pa\u00edses de nuestro entorno, ha llegado el momento de recoger todas estas experiencias y dar forma, como se ha hecho con otras disciplinas de las artes esc\u00e9nicas, a un <strong>Centro del T\u00edtere que re\u00fana un cuerpo te\u00f3rico-pr\u00e1ctico especializado en la divulgaci\u00f3n, la exposici\u00f3n, <\/strong>la creaci\u00f3n, la exhibici\u00f3n y la documentaci\u00f3n.<\/p>\n<h2>Nace el \u2018Centro del T\u00edtere\u2019, un espacio dedicado al arte de la marioneta<\/h2>\n<p>Por su su lado, el Centro del T\u00edtere est\u00e1 dirigido y gestionado por la<a href=\"https:\/\/mcusercontent.com\/c55713ef01e775adffbb4fb20\/files\/44c1770e-8ed4-cf6e-a103-6d1d8ba904c9\/Dosier_Centro_del_T%C3%ADtere_compressed.pdf\" target=\"_blank\"> Fundaci\u00f3n El Arte del T\u00edtere<\/a>, y viene impulsado por <em><a href=\"http:\/\/latartanateatro.com\/\" target=\"_blank\">La Tartana Teatro<\/a><\/em>, una compa\u00f1\u00eda de teatro de t\u00edteres con m\u00e1s de 40 a\u00f1os de trayectoria.<\/p>\n<figure id=\"attachment_8653\" aria-describedby=\"caption-attachment-8653\" style=\"width: 725px\" class=\"wp-caption aligncenter\"><img loading=\"lazy\" decoding=\"async\" width=\"725\" height=\"411\" class=\"wp-image-8653 size-full\" src=\"http:\/\/www.cope.es\/blogs\/palomitas-de-maiz\/wp-content\/uploads\/sites\/6\/2021\/11\/marioneta-2.jpg\" alt=\"Nace el \u2018Centro del T\u00edtere\u2019, un espacio dedicado al arte de la marioneta\" srcset=\"https:\/\/www.cope.es\/blogs\/palomitas-de-maiz\/wp-content\/uploads\/sites\/6\/2021\/11\/marioneta-2.jpg 725w, https:\/\/www.cope.es\/blogs\/palomitas-de-maiz\/wp-content\/uploads\/sites\/6\/2021\/11\/marioneta-2-300x170.jpg 300w\" sizes=\"auto, (max-width: 725px) 100vw, 725px\" \/><figcaption id=\"caption-attachment-8653\" class=\"wp-caption-text\"><strong>Nace el \u2018Centro del T\u00edtere\u2019, un espacio dedicado al arte de la marioneta<\/strong><\/figcaption><\/figure>\n<p>Es una realidad que <strong>cada vez m\u00e1s programaciones culturales en nuestro pa\u00eds apuestan por este arte<\/strong>. Y que, a su vez, los creadores empiezan a exportar en mayor medida sus obras y hacer giras internacionales.<\/p>\n<p>El Centro del T\u00edtere consta de estas seis \u00e1reas:<\/p>\n<p>1. Museo y salas de exposiciones<br \/>\n2. Laboratorio de investigaci\u00f3n y creaci\u00f3n<br \/>\n3. Centro de documentaci\u00f3n y archivo<br \/>\n4. Actividades de divulgaci\u00f3n<br \/>\n5. Escuela de formaci\u00f3n profesional y abierta<br \/>\n6. Sala de exhibici\u00f3n de espect\u00e1culos<\/p>\n<h2>Caracter\u00edsticas esenciales de El Centro del T\u00edtere<\/h2>\n<ul>\n<li>Integra, desarrolla y promueve la experimentaci\u00f3n y el desarrollo de nuevos lenguajes en el mundo del t\u00edtere. <strong>El centro acoge artistas y les ayuda a poner sus ideas en pr\u00e1ctica<\/strong> ofreci\u00e9ndoles instalaciones, equipo y asesoramiento a trav\u00e9s del programa de residencias art\u00edsticas acompa\u00f1adas.<\/li>\n<li>Apuesta por la conservaci\u00f3n, salvaguarda, investigaci\u00f3n y divulgaci\u00f3n de las pr\u00e1cticas del teatro de t\u00edteres y objetos, <strong>desde las manifestaciones m\u00e1s tradicionales hasta las pr\u00e1cticas m\u00e1s contempor\u00e1neas<\/strong>.<\/li>\n<li>Reivindica la importancia de preservar la riqueza y diversidad del patrimonio de t\u00edteres de Espa\u00f1a, y <strong>se trabaja para que<\/strong> las manifestaciones del teatro de t\u00edteres y de objetos queden registradas en la memoria com\u00fan y <strong>evitar que sus creadores caigan en el olvido<\/strong>.<\/li>\n<\/ul>\n<figure id=\"attachment_8654\" aria-describedby=\"caption-attachment-8654\" style=\"width: 725px\" class=\"wp-caption aligncenter\"><img loading=\"lazy\" decoding=\"async\" width=\"725\" height=\"373\" class=\"wp-image-8654 size-full\" src=\"http:\/\/www.cope.es\/blogs\/palomitas-de-maiz\/wp-content\/uploads\/sites\/6\/2021\/11\/marioneta-1.jpg\" alt=\"Modelo de marioneta \" srcset=\"https:\/\/www.cope.es\/blogs\/palomitas-de-maiz\/wp-content\/uploads\/sites\/6\/2021\/11\/marioneta-1.jpg 725w, https:\/\/www.cope.es\/blogs\/palomitas-de-maiz\/wp-content\/uploads\/sites\/6\/2021\/11\/marioneta-1-300x154.jpg 300w\" sizes=\"auto, (max-width: 725px) 100vw, 725px\" \/><figcaption id=\"caption-attachment-8654\" class=\"wp-caption-text\"><strong>Modelo de marioneta <\/strong><\/figcaption><\/figure>\n","protected":false},"excerpt":{"rendered":"<p>\u00a1Mis queridos palomiteros! \u00a0Nace el \u2018Centro del T\u00edtere\u2019, un espacio dedicado al arte de la marioneta. \u00a1Seguimos de enhorabuena! Os doy cuenta de esta feliz iniciativa que pone en pie el valor de otras maravillosas creaciones. Y es que el pr\u00f3ximo 16 de diciembre y a las 19 horas se inaugura el Centro del T\u00edtere [&hellip;]<\/p>\n","protected":false},"author":6,"featured_media":8651,"comment_status":"open","ping_status":"open","sticky":false,"template":"","format":"standard","meta":{"footnotes":""},"categories":[336,288,9688],"tags":[4656,9695,9696,9692,9693,9694,4384,916,9690,9691],"class_list":["post-8650","post","type-post","status-publish","format-standard","has-post-thumbnail","hentry","category-actualidad","category-teatro","category-titeres","tag-alcorcon","tag-arte-de-la-marioneta","tag-calle-siete-ojos","tag-centro","tag-fundacion-el-arte-del-titere","tag-la-tartana-teatro","tag-lorca","tag-madrid","tag-sede","tag-teatro-del-titere"],"yoast_head":"<!-- This site is optimized with the Yoast SEO plugin v27.4 - https:\/\/yoast.com\/product\/yoast-seo-wordpress\/ -->\n<title>Nace el \u2018Centro del T\u00edtere\u2019, un espacio dedicado al arte de la marioneta<\/title>\n<meta name=\"description\" content=\"Blog de cine y teatro. Blogs COPE. Nace el \u2018Centro del T\u00edtere\u2019, un espacio dedicado al arte de la marioneta, que tendr\u00e1 su sede en Alcorc\u00f3n\" \/>\n<meta name=\"robots\" content=\"index, follow, max-snippet:-1, max-image-preview:large, max-video-preview:-1\" \/>\n<link rel=\"canonical\" href=\"https:\/\/www.cope.es\/blogs\/palomitas-de-maiz\/2021\/11\/24\/nace-el-centro-del-titere-un-espacio-dedicado-al-arte-de-la-marioneta-alcorcon\/\" \/>\n<meta property=\"og:locale\" content=\"es_ES\" \/>\n<meta property=\"og:type\" content=\"article\" \/>\n<meta property=\"og:title\" content=\"Nace el \u2018Centro del T\u00edtere\u2019, un espacio dedicado al arte de la marioneta\" \/>\n<meta property=\"og:description\" content=\"Blog de cine y teatro. Blogs COPE. Nace el \u2018Centro del T\u00edtere\u2019, un espacio dedicado al arte de la marioneta, que tendr\u00e1 su sede en Alcorc\u00f3n\" \/>\n<meta property=\"og:url\" content=\"https:\/\/www.cope.es\/blogs\/palomitas-de-maiz\/2021\/11\/24\/nace-el-centro-del-titere-un-espacio-dedicado-al-arte-de-la-marioneta-alcorcon\/\" \/>\n<meta property=\"og:site_name\" content=\"Palomitas de Ma\u00edz\" \/>\n<meta property=\"article:publisher\" content=\"https:\/\/www.facebook.com\/cope\/\" \/>\n<meta property=\"article:author\" content=\"https:\/\/www.facebook.com\/palomitero\/\" \/>\n<meta property=\"article:published_time\" content=\"2021-11-24T15:05:23+00:00\" \/>\n<meta property=\"article:modified_time\" content=\"2021-11-24T15:12:49+00:00\" \/>\n<meta property=\"og:image\" content=\"https:\/\/www.cope.es\/blogs\/palomitas-de-maiz\/wp-content\/uploads\/sites\/6\/2021\/11\/centro-del-titere-1.jpg\" \/>\n\t<meta property=\"og:image:width\" content=\"725\" \/>\n\t<meta property=\"og:image:height\" content=\"387\" \/>\n\t<meta property=\"og:image:type\" content=\"image\/jpeg\" \/>\n<meta name=\"author\" content=\"Jos\u00e9 Luis Panero\" \/>\n<meta name=\"twitter:card\" content=\"summary_large_image\" \/>\n<meta name=\"twitter:creator\" content=\"@PALOMITERO\" \/>\n<meta name=\"twitter:site\" content=\"@cope_es\" \/>\n<meta name=\"twitter:label1\" content=\"Escrito por\" \/>\n\t<meta name=\"twitter:data1\" content=\"Jos\u00e9 Luis Panero\" \/>\n\t<meta name=\"twitter:label2\" content=\"Tiempo de lectura\" \/>\n\t<meta name=\"twitter:data2\" content=\"3 minutos\" \/>\n<script type=\"application\/ld+json\" class=\"yoast-schema-graph\">{\"@context\":\"https:\\\/\\\/schema.org\",\"@graph\":[{\"@type\":\"Article\",\"@id\":\"https:\\\/\\\/www.cope.es\\\/blogs\\\/palomitas-de-maiz\\\/2021\\\/11\\\/24\\\/nace-el-centro-del-titere-un-espacio-dedicado-al-arte-de-la-marioneta-alcorcon\\\/#article\",\"isPartOf\":{\"@id\":\"https:\\\/\\\/www.cope.es\\\/blogs\\\/palomitas-de-maiz\\\/2021\\\/11\\\/24\\\/nace-el-centro-del-titere-un-espacio-dedicado-al-arte-de-la-marioneta-alcorcon\\\/\"},\"author\":{\"name\":\"Jos\u00e9 Luis Panero\",\"@id\":\"https:\\\/\\\/www.cope.es\\\/blogs\\\/palomitas-de-maiz\\\/#\\\/schema\\\/person\\\/9fb256f63733c964d19b06de1ca3c9ef\"},\"headline\":\"Nace el \u2018Centro del T\u00edtere\u2019, un espacio dedicado al arte de la marioneta\",\"datePublished\":\"2021-11-24T15:05:23+00:00\",\"dateModified\":\"2021-11-24T15:12:49+00:00\",\"mainEntityOfPage\":{\"@id\":\"https:\\\/\\\/www.cope.es\\\/blogs\\\/palomitas-de-maiz\\\/2021\\\/11\\\/24\\\/nace-el-centro-del-titere-un-espacio-dedicado-al-arte-de-la-marioneta-alcorcon\\\/\"},\"wordCount\":533,\"commentCount\":0,\"image\":{\"@id\":\"https:\\\/\\\/www.cope.es\\\/blogs\\\/palomitas-de-maiz\\\/2021\\\/11\\\/24\\\/nace-el-centro-del-titere-un-espacio-dedicado-al-arte-de-la-marioneta-alcorcon\\\/#primaryimage\"},\"thumbnailUrl\":\"https:\\\/\\\/www.cope.es\\\/blogs\\\/palomitas-de-maiz\\\/wp-content\\\/uploads\\\/sites\\\/6\\\/2021\\\/11\\\/centro-del-titere-1.jpg\",\"keywords\":[\"alcorc\u00f3n\",\"arte de la marioneta\",\"calle siete ojos\",\"centro\",\"fundacion el arte del t\u00edtere\",\"la tartana teatro\",\"lorca\",\"Madrid\",\"sede\",\"teatro del t\u00edtere\"],\"articleSection\":[\"actualidad\",\"Teatro\",\"t\u00edteres\"],\"inLanguage\":\"es\",\"potentialAction\":[{\"@type\":\"CommentAction\",\"name\":\"Comment\",\"target\":[\"https:\\\/\\\/www.cope.es\\\/blogs\\\/palomitas-de-maiz\\\/2021\\\/11\\\/24\\\/nace-el-centro-del-titere-un-espacio-dedicado-al-arte-de-la-marioneta-alcorcon\\\/#respond\"]}]},{\"@type\":\"WebPage\",\"@id\":\"https:\\\/\\\/www.cope.es\\\/blogs\\\/palomitas-de-maiz\\\/2021\\\/11\\\/24\\\/nace-el-centro-del-titere-un-espacio-dedicado-al-arte-de-la-marioneta-alcorcon\\\/\",\"url\":\"https:\\\/\\\/www.cope.es\\\/blogs\\\/palomitas-de-maiz\\\/2021\\\/11\\\/24\\\/nace-el-centro-del-titere-un-espacio-dedicado-al-arte-de-la-marioneta-alcorcon\\\/\",\"name\":\"Nace el \u2018Centro del T\u00edtere\u2019, un espacio dedicado al arte de la marioneta\",\"isPartOf\":{\"@id\":\"https:\\\/\\\/www.cope.es\\\/blogs\\\/palomitas-de-maiz\\\/#website\"},\"primaryImageOfPage\":{\"@id\":\"https:\\\/\\\/www.cope.es\\\/blogs\\\/palomitas-de-maiz\\\/2021\\\/11\\\/24\\\/nace-el-centro-del-titere-un-espacio-dedicado-al-arte-de-la-marioneta-alcorcon\\\/#primaryimage\"},\"image\":{\"@id\":\"https:\\\/\\\/www.cope.es\\\/blogs\\\/palomitas-de-maiz\\\/2021\\\/11\\\/24\\\/nace-el-centro-del-titere-un-espacio-dedicado-al-arte-de-la-marioneta-alcorcon\\\/#primaryimage\"},\"thumbnailUrl\":\"https:\\\/\\\/www.cope.es\\\/blogs\\\/palomitas-de-maiz\\\/wp-content\\\/uploads\\\/sites\\\/6\\\/2021\\\/11\\\/centro-del-titere-1.jpg\",\"datePublished\":\"2021-11-24T15:05:23+00:00\",\"dateModified\":\"2021-11-24T15:12:49+00:00\",\"author\":{\"@id\":\"https:\\\/\\\/www.cope.es\\\/blogs\\\/palomitas-de-maiz\\\/#\\\/schema\\\/person\\\/9fb256f63733c964d19b06de1ca3c9ef\"},\"description\":\"Blog de cine y teatro. Blogs COPE. Nace el \u2018Centro del T\u00edtere\u2019, un espacio dedicado al arte de la marioneta, que tendr\u00e1 su sede en Alcorc\u00f3n\",\"breadcrumb\":{\"@id\":\"https:\\\/\\\/www.cope.es\\\/blogs\\\/palomitas-de-maiz\\\/2021\\\/11\\\/24\\\/nace-el-centro-del-titere-un-espacio-dedicado-al-arte-de-la-marioneta-alcorcon\\\/#breadcrumb\"},\"inLanguage\":\"es\",\"potentialAction\":[{\"@type\":\"ReadAction\",\"target\":[\"https:\\\/\\\/www.cope.es\\\/blogs\\\/palomitas-de-maiz\\\/2021\\\/11\\\/24\\\/nace-el-centro-del-titere-un-espacio-dedicado-al-arte-de-la-marioneta-alcorcon\\\/\"]}]},{\"@type\":\"ImageObject\",\"inLanguage\":\"es\",\"@id\":\"https:\\\/\\\/www.cope.es\\\/blogs\\\/palomitas-de-maiz\\\/2021\\\/11\\\/24\\\/nace-el-centro-del-titere-un-espacio-dedicado-al-arte-de-la-marioneta-alcorcon\\\/#primaryimage\",\"url\":\"https:\\\/\\\/www.cope.es\\\/blogs\\\/palomitas-de-maiz\\\/wp-content\\\/uploads\\\/sites\\\/6\\\/2021\\\/11\\\/centro-del-titere-1.jpg\",\"contentUrl\":\"https:\\\/\\\/www.cope.es\\\/blogs\\\/palomitas-de-maiz\\\/wp-content\\\/uploads\\\/sites\\\/6\\\/2021\\\/11\\\/centro-del-titere-1.jpg\",\"width\":725,\"height\":387,\"caption\":\"https:\\\/\\\/www.cope.es\\\/blogs\\\/palomitas-de-maiz\\\/2021\\\/11\\\/24\\\/nace-el-centro-del-titere-un-espacio-dedicado-al-arte-de-la-marioneta-alcorcon\\\/\"},{\"@type\":\"BreadcrumbList\",\"@id\":\"https:\\\/\\\/www.cope.es\\\/blogs\\\/palomitas-de-maiz\\\/2021\\\/11\\\/24\\\/nace-el-centro-del-titere-un-espacio-dedicado-al-arte-de-la-marioneta-alcorcon\\\/#breadcrumb\",\"itemListElement\":[{\"@type\":\"ListItem\",\"position\":1,\"name\":\"Portada\",\"item\":\"https:\\\/\\\/www.cope.es\\\/blogs\\\/palomitas-de-maiz\\\/\"},{\"@type\":\"ListItem\",\"position\":2,\"name\":\"Nace el \u2018Centro del T\u00edtere\u2019, un espacio dedicado al arte de la marioneta\"}]},{\"@type\":\"WebSite\",\"@id\":\"https:\\\/\\\/www.cope.es\\\/blogs\\\/palomitas-de-maiz\\\/#website\",\"url\":\"https:\\\/\\\/www.cope.es\\\/blogs\\\/palomitas-de-maiz\\\/\",\"name\":\"Palomitas de Ma\u00edz\",\"description\":\"Blog decano de cine de COPE\",\"potentialAction\":[{\"@type\":\"SearchAction\",\"target\":{\"@type\":\"EntryPoint\",\"urlTemplate\":\"https:\\\/\\\/www.cope.es\\\/blogs\\\/palomitas-de-maiz\\\/?s={search_term_string}\"},\"query-input\":{\"@type\":\"PropertyValueSpecification\",\"valueRequired\":true,\"valueName\":\"search_term_string\"}}],\"inLanguage\":\"es\"},{\"@type\":\"Person\",\"@id\":\"https:\\\/\\\/www.cope.es\\\/blogs\\\/palomitas-de-maiz\\\/#\\\/schema\\\/person\\\/9fb256f63733c964d19b06de1ca3c9ef\",\"name\":\"Jos\u00e9 Luis Panero\",\"image\":{\"@type\":\"ImageObject\",\"inLanguage\":\"es\",\"@id\":\"https:\\\/\\\/secure.gravatar.com\\\/avatar\\\/2ef93951eab3cee25932a7219e566376cbf6ddedde3aa3098e7a971991a3ef12?s=96&d=mm&r=g\",\"url\":\"https:\\\/\\\/secure.gravatar.com\\\/avatar\\\/2ef93951eab3cee25932a7219e566376cbf6ddedde3aa3098e7a971991a3ef12?s=96&d=mm&r=g\",\"contentUrl\":\"https:\\\/\\\/secure.gravatar.com\\\/avatar\\\/2ef93951eab3cee25932a7219e566376cbf6ddedde3aa3098e7a971991a3ef12?s=96&d=mm&r=g\",\"caption\":\"Jos\u00e9 Luis Panero\"},\"description\":\"Licenciado en Periodismo y en Comunicaci\u00f3n Audiovisual. Tras m\u00e1s de cuatro a\u00f1os en el diario 'La Gaceta de Los Negocios' y el programa f\u00edlmico 'Pantalla Grande', es cr\u00edtico de cine en 'Ciudad Nueva', 'Pantalla 90', 'COPE' o 'Aleteia' y cr\u00edtico de teatro en 'Hoy en la city'. Ha sido coguionista y ayudante de direcci\u00f3n de cine, ponente en los coloquios de cine del foro FNAC y profesor universitario en diferentes cursos de Periodismo Social. Desde 2003 es miembro del C\u00edrculo de Escritores Cinematogr\u00e1ficos (CEC). En 2008 fund\u00f3 en 'COPE' su blog de cine 'Palomitas de Ma\u00edz'. En 2017 fue nombrado Jurado Oficial del Festival Internacional de Cine de Fuengirola (M\u00e1laga) y ese a\u00f1o la instituci\u00f3n educativa Trinity College-Liceo Serrano le distingui\u00f3 con el nombramiento de 'Profesor de Honor' del centro y miembro ilustre del claustro de profesores. En 2019 fue nombrado Jurado Oficial del Festival Internacional de Cine de Vera (Almer\u00eda). En 2020 fue nombrado Jurado Oficial del Festival Internacional de Cine de Terror de La Mar Bella (Marbella). Como int\u00e9rprete ha sido galardonado con el Premio al Actor Principal del I Festival Nacional UNIR de teatro. Desde 2020 es acad\u00e9mico de las Artes Esc\u00e9nicas de Espa\u00f1a. En 2023 fue nombrado Jurado Oficial de los 'Premios Tal\u00eda' en su I Edici\u00f3n. Y miembro de ASHUMES (Asociaci\u00f3n del Humorismo Espa\u00f1ol) a partir de 2022. En 2023 fue nombrado Jurado Oficial de la II Edici\u00f3n de los 'Premios Godot'.\",\"sameAs\":[\"http:\\\/\\\/www.cope.es\",\"https:\\\/\\\/www.facebook.com\\\/palomitero\\\/\",\"https:\\\/\\\/www.instagram.com\\\/joseluispanero\\\/\",\"https:\\\/\\\/www.linkedin.com\\\/in\\\/jos-luis-panero-gonzlez-barosa-7722a716\\\/\",\"https:\\\/\\\/x.com\\\/PALOMITERO\",\"https:\\\/\\\/www.youtube.com\\\/channel\\\/UCQYaNGiETUXUPXjYu9p3lNw\\\/videos?\",\"https:\\\/\\\/es.wikipedia.org\\\/wiki\\\/Jos_Luis_Panero_Gonzlez-Barosa\"],\"url\":\"https:\\\/\\\/www.cope.es\\\/blogs\\\/palomitas-de-maiz\\\/author\\\/jlpanero\\\/\"}]}<\/script>\n<!-- \/ Yoast SEO plugin. -->","yoast_head_json":{"title":"Nace el \u2018Centro del T\u00edtere\u2019, un espacio dedicado al arte de la marioneta","description":"Blog de cine y teatro. Blogs COPE. Nace el \u2018Centro del T\u00edtere\u2019, un espacio dedicado al arte de la marioneta, que tendr\u00e1 su sede en Alcorc\u00f3n","robots":{"index":"index","follow":"follow","max-snippet":"max-snippet:-1","max-image-preview":"max-image-preview:large","max-video-preview":"max-video-preview:-1"},"canonical":"https:\/\/www.cope.es\/blogs\/palomitas-de-maiz\/2021\/11\/24\/nace-el-centro-del-titere-un-espacio-dedicado-al-arte-de-la-marioneta-alcorcon\/","og_locale":"es_ES","og_type":"article","og_title":"Nace el \u2018Centro del T\u00edtere\u2019, un espacio dedicado al arte de la marioneta","og_description":"Blog de cine y teatro. Blogs COPE. Nace el \u2018Centro del T\u00edtere\u2019, un espacio dedicado al arte de la marioneta, que tendr\u00e1 su sede en Alcorc\u00f3n","og_url":"https:\/\/www.cope.es\/blogs\/palomitas-de-maiz\/2021\/11\/24\/nace-el-centro-del-titere-un-espacio-dedicado-al-arte-de-la-marioneta-alcorcon\/","og_site_name":"Palomitas de Ma\u00edz","article_publisher":"https:\/\/www.facebook.com\/cope\/","article_author":"https:\/\/www.facebook.com\/palomitero\/","article_published_time":"2021-11-24T15:05:23+00:00","article_modified_time":"2021-11-24T15:12:49+00:00","og_image":[{"width":725,"height":387,"url":"https:\/\/www.cope.es\/blogs\/palomitas-de-maiz\/wp-content\/uploads\/sites\/6\/2021\/11\/centro-del-titere-1.jpg","type":"image\/jpeg"}],"author":"Jos\u00e9 Luis Panero","twitter_card":"summary_large_image","twitter_creator":"@PALOMITERO","twitter_site":"@cope_es","twitter_misc":{"Escrito por":"Jos\u00e9 Luis Panero","Tiempo de lectura":"3 minutos"},"schema":{"@context":"https:\/\/schema.org","@graph":[{"@type":"Article","@id":"https:\/\/www.cope.es\/blogs\/palomitas-de-maiz\/2021\/11\/24\/nace-el-centro-del-titere-un-espacio-dedicado-al-arte-de-la-marioneta-alcorcon\/#article","isPartOf":{"@id":"https:\/\/www.cope.es\/blogs\/palomitas-de-maiz\/2021\/11\/24\/nace-el-centro-del-titere-un-espacio-dedicado-al-arte-de-la-marioneta-alcorcon\/"},"author":{"name":"Jos\u00e9 Luis Panero","@id":"https:\/\/www.cope.es\/blogs\/palomitas-de-maiz\/#\/schema\/person\/9fb256f63733c964d19b06de1ca3c9ef"},"headline":"Nace el \u2018Centro del T\u00edtere\u2019, un espacio dedicado al arte de la marioneta","datePublished":"2021-11-24T15:05:23+00:00","dateModified":"2021-11-24T15:12:49+00:00","mainEntityOfPage":{"@id":"https:\/\/www.cope.es\/blogs\/palomitas-de-maiz\/2021\/11\/24\/nace-el-centro-del-titere-un-espacio-dedicado-al-arte-de-la-marioneta-alcorcon\/"},"wordCount":533,"commentCount":0,"image":{"@id":"https:\/\/www.cope.es\/blogs\/palomitas-de-maiz\/2021\/11\/24\/nace-el-centro-del-titere-un-espacio-dedicado-al-arte-de-la-marioneta-alcorcon\/#primaryimage"},"thumbnailUrl":"https:\/\/www.cope.es\/blogs\/palomitas-de-maiz\/wp-content\/uploads\/sites\/6\/2021\/11\/centro-del-titere-1.jpg","keywords":["alcorc\u00f3n","arte de la marioneta","calle siete ojos","centro","fundacion el arte del t\u00edtere","la tartana teatro","lorca","Madrid","sede","teatro del t\u00edtere"],"articleSection":["actualidad","Teatro","t\u00edteres"],"inLanguage":"es","potentialAction":[{"@type":"CommentAction","name":"Comment","target":["https:\/\/www.cope.es\/blogs\/palomitas-de-maiz\/2021\/11\/24\/nace-el-centro-del-titere-un-espacio-dedicado-al-arte-de-la-marioneta-alcorcon\/#respond"]}]},{"@type":"WebPage","@id":"https:\/\/www.cope.es\/blogs\/palomitas-de-maiz\/2021\/11\/24\/nace-el-centro-del-titere-un-espacio-dedicado-al-arte-de-la-marioneta-alcorcon\/","url":"https:\/\/www.cope.es\/blogs\/palomitas-de-maiz\/2021\/11\/24\/nace-el-centro-del-titere-un-espacio-dedicado-al-arte-de-la-marioneta-alcorcon\/","name":"Nace el \u2018Centro del T\u00edtere\u2019, un espacio dedicado al arte de la marioneta","isPartOf":{"@id":"https:\/\/www.cope.es\/blogs\/palomitas-de-maiz\/#website"},"primaryImageOfPage":{"@id":"https:\/\/www.cope.es\/blogs\/palomitas-de-maiz\/2021\/11\/24\/nace-el-centro-del-titere-un-espacio-dedicado-al-arte-de-la-marioneta-alcorcon\/#primaryimage"},"image":{"@id":"https:\/\/www.cope.es\/blogs\/palomitas-de-maiz\/2021\/11\/24\/nace-el-centro-del-titere-un-espacio-dedicado-al-arte-de-la-marioneta-alcorcon\/#primaryimage"},"thumbnailUrl":"https:\/\/www.cope.es\/blogs\/palomitas-de-maiz\/wp-content\/uploads\/sites\/6\/2021\/11\/centro-del-titere-1.jpg","datePublished":"2021-11-24T15:05:23+00:00","dateModified":"2021-11-24T15:12:49+00:00","author":{"@id":"https:\/\/www.cope.es\/blogs\/palomitas-de-maiz\/#\/schema\/person\/9fb256f63733c964d19b06de1ca3c9ef"},"description":"Blog de cine y teatro. Blogs COPE. Nace el \u2018Centro del T\u00edtere\u2019, un espacio dedicado al arte de la marioneta, que tendr\u00e1 su sede en Alcorc\u00f3n","breadcrumb":{"@id":"https:\/\/www.cope.es\/blogs\/palomitas-de-maiz\/2021\/11\/24\/nace-el-centro-del-titere-un-espacio-dedicado-al-arte-de-la-marioneta-alcorcon\/#breadcrumb"},"inLanguage":"es","potentialAction":[{"@type":"ReadAction","target":["https:\/\/www.cope.es\/blogs\/palomitas-de-maiz\/2021\/11\/24\/nace-el-centro-del-titere-un-espacio-dedicado-al-arte-de-la-marioneta-alcorcon\/"]}]},{"@type":"ImageObject","inLanguage":"es","@id":"https:\/\/www.cope.es\/blogs\/palomitas-de-maiz\/2021\/11\/24\/nace-el-centro-del-titere-un-espacio-dedicado-al-arte-de-la-marioneta-alcorcon\/#primaryimage","url":"https:\/\/www.cope.es\/blogs\/palomitas-de-maiz\/wp-content\/uploads\/sites\/6\/2021\/11\/centro-del-titere-1.jpg","contentUrl":"https:\/\/www.cope.es\/blogs\/palomitas-de-maiz\/wp-content\/uploads\/sites\/6\/2021\/11\/centro-del-titere-1.jpg","width":725,"height":387,"caption":"https:\/\/www.cope.es\/blogs\/palomitas-de-maiz\/2021\/11\/24\/nace-el-centro-del-titere-un-espacio-dedicado-al-arte-de-la-marioneta-alcorcon\/"},{"@type":"BreadcrumbList","@id":"https:\/\/www.cope.es\/blogs\/palomitas-de-maiz\/2021\/11\/24\/nace-el-centro-del-titere-un-espacio-dedicado-al-arte-de-la-marioneta-alcorcon\/#breadcrumb","itemListElement":[{"@type":"ListItem","position":1,"name":"Portada","item":"https:\/\/www.cope.es\/blogs\/palomitas-de-maiz\/"},{"@type":"ListItem","position":2,"name":"Nace el \u2018Centro del T\u00edtere\u2019, un espacio dedicado al arte de la marioneta"}]},{"@type":"WebSite","@id":"https:\/\/www.cope.es\/blogs\/palomitas-de-maiz\/#website","url":"https:\/\/www.cope.es\/blogs\/palomitas-de-maiz\/","name":"Palomitas de Ma\u00edz","description":"Blog decano de cine de COPE","potentialAction":[{"@type":"SearchAction","target":{"@type":"EntryPoint","urlTemplate":"https:\/\/www.cope.es\/blogs\/palomitas-de-maiz\/?s={search_term_string}"},"query-input":{"@type":"PropertyValueSpecification","valueRequired":true,"valueName":"search_term_string"}}],"inLanguage":"es"},{"@type":"Person","@id":"https:\/\/www.cope.es\/blogs\/palomitas-de-maiz\/#\/schema\/person\/9fb256f63733c964d19b06de1ca3c9ef","name":"Jos\u00e9 Luis Panero","image":{"@type":"ImageObject","inLanguage":"es","@id":"https:\/\/secure.gravatar.com\/avatar\/2ef93951eab3cee25932a7219e566376cbf6ddedde3aa3098e7a971991a3ef12?s=96&d=mm&r=g","url":"https:\/\/secure.gravatar.com\/avatar\/2ef93951eab3cee25932a7219e566376cbf6ddedde3aa3098e7a971991a3ef12?s=96&d=mm&r=g","contentUrl":"https:\/\/secure.gravatar.com\/avatar\/2ef93951eab3cee25932a7219e566376cbf6ddedde3aa3098e7a971991a3ef12?s=96&d=mm&r=g","caption":"Jos\u00e9 Luis Panero"},"description":"Licenciado en Periodismo y en Comunicaci\u00f3n Audiovisual. Tras m\u00e1s de cuatro a\u00f1os en el diario 'La Gaceta de Los Negocios' y el programa f\u00edlmico 'Pantalla Grande', es cr\u00edtico de cine en 'Ciudad Nueva', 'Pantalla 90', 'COPE' o 'Aleteia' y cr\u00edtico de teatro en 'Hoy en la city'. Ha sido coguionista y ayudante de direcci\u00f3n de cine, ponente en los coloquios de cine del foro FNAC y profesor universitario en diferentes cursos de Periodismo Social. Desde 2003 es miembro del C\u00edrculo de Escritores Cinematogr\u00e1ficos (CEC). En 2008 fund\u00f3 en 'COPE' su blog de cine 'Palomitas de Ma\u00edz'. En 2017 fue nombrado Jurado Oficial del Festival Internacional de Cine de Fuengirola (M\u00e1laga) y ese a\u00f1o la instituci\u00f3n educativa Trinity College-Liceo Serrano le distingui\u00f3 con el nombramiento de 'Profesor de Honor' del centro y miembro ilustre del claustro de profesores. En 2019 fue nombrado Jurado Oficial del Festival Internacional de Cine de Vera (Almer\u00eda). En 2020 fue nombrado Jurado Oficial del Festival Internacional de Cine de Terror de La Mar Bella (Marbella). Como int\u00e9rprete ha sido galardonado con el Premio al Actor Principal del I Festival Nacional UNIR de teatro. Desde 2020 es acad\u00e9mico de las Artes Esc\u00e9nicas de Espa\u00f1a. En 2023 fue nombrado Jurado Oficial de los 'Premios Tal\u00eda' en su I Edici\u00f3n. Y miembro de ASHUMES (Asociaci\u00f3n del Humorismo Espa\u00f1ol) a partir de 2022. En 2023 fue nombrado Jurado Oficial de la II Edici\u00f3n de los 'Premios Godot'.","sameAs":["http:\/\/www.cope.es","https:\/\/www.facebook.com\/palomitero\/","https:\/\/www.instagram.com\/joseluispanero\/","https:\/\/www.linkedin.com\/in\/jos-luis-panero-gonzlez-barosa-7722a716\/","https:\/\/x.com\/PALOMITERO","https:\/\/www.youtube.com\/channel\/UCQYaNGiETUXUPXjYu9p3lNw\/videos?","https:\/\/es.wikipedia.org\/wiki\/Jos_Luis_Panero_Gonzlez-Barosa"],"url":"https:\/\/www.cope.es\/blogs\/palomitas-de-maiz\/author\/jlpanero\/"}]}},"amp_enabled":true,"_links":{"self":[{"href":"https:\/\/www.cope.es\/blogs\/palomitas-de-maiz\/wp-json\/wp\/v2\/posts\/8650","targetHints":{"allow":["GET"]}}],"collection":[{"href":"https:\/\/www.cope.es\/blogs\/palomitas-de-maiz\/wp-json\/wp\/v2\/posts"}],"about":[{"href":"https:\/\/www.cope.es\/blogs\/palomitas-de-maiz\/wp-json\/wp\/v2\/types\/post"}],"author":[{"embeddable":true,"href":"https:\/\/www.cope.es\/blogs\/palomitas-de-maiz\/wp-json\/wp\/v2\/users\/6"}],"replies":[{"embeddable":true,"href":"https:\/\/www.cope.es\/blogs\/palomitas-de-maiz\/wp-json\/wp\/v2\/comments?post=8650"}],"version-history":[{"count":2,"href":"https:\/\/www.cope.es\/blogs\/palomitas-de-maiz\/wp-json\/wp\/v2\/posts\/8650\/revisions"}],"predecessor-version":[{"id":8658,"href":"https:\/\/www.cope.es\/blogs\/palomitas-de-maiz\/wp-json\/wp\/v2\/posts\/8650\/revisions\/8658"}],"wp:featuredmedia":[{"embeddable":true,"href":"https:\/\/www.cope.es\/blogs\/palomitas-de-maiz\/wp-json\/wp\/v2\/media\/8651"}],"wp:attachment":[{"href":"https:\/\/www.cope.es\/blogs\/palomitas-de-maiz\/wp-json\/wp\/v2\/media?parent=8650"}],"wp:term":[{"taxonomy":"category","embeddable":true,"href":"https:\/\/www.cope.es\/blogs\/palomitas-de-maiz\/wp-json\/wp\/v2\/categories?post=8650"},{"taxonomy":"post_tag","embeddable":true,"href":"https:\/\/www.cope.es\/blogs\/palomitas-de-maiz\/wp-json\/wp\/v2\/tags?post=8650"}],"curies":[{"name":"wp","href":"https:\/\/api.w.org\/{rel}","templated":true}]}}