{"id":8205,"date":"2021-08-27T00:01:08","date_gmt":"2021-08-26T22:01:08","guid":{"rendered":"http:\/\/www.cope.es\/blogs\/palomitas-de-maiz\/?p=8205"},"modified":"2021-09-05T15:22:26","modified_gmt":"2021-09-05T13:22:26","slug":"critica-garcia-y-garcia-un-gran-reparto-no-aupa-la-tibia-comedia-de-murugarren","status":"publish","type":"post","link":"https:\/\/www.cope.es\/blogs\/palomitas-de-maiz\/2021\/08\/27\/critica-garcia-y-garcia-un-gran-reparto-no-aupa-la-tibia-comedia-de-murugarren\/","title":{"rendered":"\u2018Garc\u00eda y Garc\u00eda\u2019: La cineasta donostiarra, Ana Murugarren, resbala con esta comedia sin chicha, repleta de grandes int\u00e9rpretes"},"content":{"rendered":"<p>\u00a1Mis queridos palomiteros! \u2018Garc\u00eda y Garc\u00eda\u2019: Un gran reparto no a\u00fapa la tibia comedia de Murugarren. Hoy llega a los cines este trabajo espa\u00f1ol,<em><i>\u00a0<\/i><\/em>escrito<em><i>\u00a0<\/i><\/em>y<em><i>\u00a0<\/i><\/em>dirigido -junto a <strong>Ana Gal\u00e1n<\/strong>&#8211; por la premiada montadora navarra de 56 a\u00f1os, <strong><a href=\"https:\/\/es.wikipedia.org\/wiki\/Ana_Murugarren\" target=\"_blank\">Ana Murugarren<\/a><\/strong>. En 1991 rod\u00f3 <em><i>Todo por la pasta<\/i><\/em>\u00a0y el filme fue candidato al Goya en las categor\u00edas de guion original, m\u00fasica y efectos especiales. Despu\u00e9s ha dirigido <em><i>La higuera de los bastardos <\/i><\/em>en\u00a02017 o <em><i>\u00c9sta no es la vida privada de Javier Krahe <\/i><\/em>en 2006. Distribuye en salas<a href=\"http:\/\/www.cope.es\/blogs\/palomitas-de-maiz\/2020\/09\/22\/uno-para-todos-david-ilundain-elogia-al-docente-en-este-impecable-drama-critica-cine\/\"> A Contracorriente Films<\/a>.<\/p>\n<p><iframe loading=\"lazy\" title=\"TR\u00c1ILER - GARC\u00cdA Y GARC\u00cdA\" width=\"675\" height=\"380\" src=\"https:\/\/www.youtube.com\/embed\/h_qaqdkaS0Y?feature=oembed\" frameborder=\"0\" allow=\"accelerometer; autoplay; clipboard-write; encrypted-media; gyroscope; picture-in-picture\" allowfullscreen><\/iframe><\/p>\n<p>La aventura es asunto de los solventes <strong>Carlos Lamela\u00a0<\/strong>y<strong>\u00a0Joaqu\u00edn Trincado<\/strong>, y arranca a partir del desastre econ\u00f3mico en el que se ve enredada Hispavia, una<strong> aerol\u00ednea low cost\u00a0repleta de empleados chapuceros<\/strong>, tanto por parte de los directivos de la empresa como por parte de sus empleados.\u00a0Para salvar la compa\u00f1\u00eda se decide contratar a un afamado consultor y a un mec\u00e1nico en paro. Ambos se llaman Javier Garc\u00eda.<\/p>\n<h2>\u2018Garc\u00eda y Garc\u00eda\u2019: Un gran reparto no a\u00fapa la tibia comedia de Murugarren<\/h2>\n<p>Algunas pel\u00edculas no hay por d\u00f3nde cogerlas. No son muchas, ciertamente, pero nos hallamos ante una m\u00e1s para el cat\u00e1logo. <strong>Lo que pod\u00eda haber dado pie a generar una confusi\u00f3n inteligente<\/strong>, a partir de su propuesta argumental,<strong> poco a poco se va retorciendo en un camino hacia la nada<\/strong>, a consecuencia de un guion sin fuelle.<\/p>\n<figure id=\"attachment_8209\" aria-describedby=\"caption-attachment-8209\" style=\"width: 725px\" class=\"wp-caption aligncenter\"><img loading=\"lazy\" decoding=\"async\" width=\"725\" height=\"1035\" class=\"wp-image-8209 size-full\" src=\"http:\/\/www.cope.es\/blogs\/palomitas-de-maiz\/wp-content\/uploads\/sites\/6\/2021\/09\/garcia-y-garcia-4.jpg\" alt=\"Fotograma del filme | \u2018Garc\u00eda y Garc\u00eda\u2019: Un gran reparto no a\u00fapa la tibia comedia de Murugarren\" srcset=\"https:\/\/www.cope.es\/blogs\/palomitas-de-maiz\/wp-content\/uploads\/sites\/6\/2021\/09\/garcia-y-garcia-4.jpg 725w, https:\/\/www.cope.es\/blogs\/palomitas-de-maiz\/wp-content\/uploads\/sites\/6\/2021\/09\/garcia-y-garcia-4-210x300.jpg 210w, https:\/\/www.cope.es\/blogs\/palomitas-de-maiz\/wp-content\/uploads\/sites\/6\/2021\/09\/garcia-y-garcia-4-717x1024.jpg 717w\" sizes=\"auto, (max-width: 725px) 100vw, 725px\" \/><figcaption id=\"caption-attachment-8209\" class=\"wp-caption-text\"><strong>Fotograma del filme<\/strong> | \u2018Garc\u00eda y Garc\u00eda\u2019: Un gran reparto no a\u00fapa la tibia comedia de Murugarren<\/figcaption><\/figure>\n<p>A pesar de que estructuralmente la historia funciona, la fragilidad de sus di\u00e1logos, la ausencia en la direcci\u00f3n de actores y, sobre todo, <strong>que un reparto de lujo con actores de comedia con talento por las nubes haya quedado desaprovechado tiene delito<\/strong>. No se entiende por qu\u00e9 se ha decidido este elenco para esta pel\u00edcula. Algunos de sus actores resultan muy forzados, antinaturales, y ello solo resta potencia al resultado final. O dicho de otro modo: <strong>individualmente van muy bien<\/strong>, pero el conjunto no consigue engrasarse con el resto de la maquinaria interpretativa. Ello no quiere decir que puntualmente se produzca alguna carcajada, pero por la propia hilaridad de la historia.<\/p>\n<figure id=\"attachment_8211\" aria-describedby=\"caption-attachment-8211\" style=\"width: 725px\" class=\"wp-caption aligncenter\"><img loading=\"lazy\" decoding=\"async\" width=\"725\" height=\"407\" class=\"wp-image-8211 size-full\" src=\"http:\/\/www.cope.es\/blogs\/palomitas-de-maiz\/wp-content\/uploads\/sites\/6\/2021\/09\/garcia-y-garcia-2.jpg\" alt=\"Fotograma del filme | \u2018Garc\u00eda y Garc\u00eda\u2019: Un gran reparto no a\u00fapa la tibia comedia de Murugarren\" srcset=\"https:\/\/www.cope.es\/blogs\/palomitas-de-maiz\/wp-content\/uploads\/sites\/6\/2021\/09\/garcia-y-garcia-2.jpg 725w, https:\/\/www.cope.es\/blogs\/palomitas-de-maiz\/wp-content\/uploads\/sites\/6\/2021\/09\/garcia-y-garcia-2-300x168.jpg 300w\" sizes=\"auto, (max-width: 725px) 100vw, 725px\" \/><figcaption id=\"caption-attachment-8211\" class=\"wp-caption-text\"><strong>Fotograma del filme<\/strong> | \u2018Garc\u00eda y Garc\u00eda\u2019: Un gran reparto no a\u00fapa la tibia comedia de Murugarren<\/figcaption><\/figure>\n<h2>Goza de una buena puesta en escena, y muy por debajo de la historia principal asoma un encuentro aut\u00e9ntico con la felicidad<\/h2>\n<figure id=\"attachment_8210\" aria-describedby=\"caption-attachment-8210\" style=\"width: 725px\" class=\"wp-caption aligncenter\"><img loading=\"lazy\" decoding=\"async\" width=\"725\" height=\"303\" class=\"wp-image-8210 size-full\" src=\"http:\/\/www.cope.es\/blogs\/palomitas-de-maiz\/wp-content\/uploads\/sites\/6\/2021\/09\/garcia-y-garcia-1.jpg\" alt=\"Fotograma del filme \" srcset=\"https:\/\/www.cope.es\/blogs\/palomitas-de-maiz\/wp-content\/uploads\/sites\/6\/2021\/09\/garcia-y-garcia-1.jpg 725w, https:\/\/www.cope.es\/blogs\/palomitas-de-maiz\/wp-content\/uploads\/sites\/6\/2021\/09\/garcia-y-garcia-1-300x125.jpg 300w\" sizes=\"auto, (max-width: 725px) 100vw, 725px\" \/><figcaption id=\"caption-attachment-8210\" class=\"wp-caption-text\"><strong>Fotograma del filme <\/strong><\/figcaption><\/figure>\n<p>Y, en este sentido, el producto se va hinchando de gags sin gracia, va aumentado su tono pueril y el esperpento termina por controlar a la comedia. Ciertamente, <strong>goza de una buena puesta en escena, y muy por debajo de la historia principal asoma un encuentro aut\u00e9ntico con la felicidad<\/strong> y el amor verdadero en formato de amable moraleja, que viene a recordarnos que el dinero no es lo que tiene que importar de una persona, sino lo que esa persona ofrece por s\u00ed misma.<\/p>\n<figure id=\"attachment_8212\" aria-describedby=\"caption-attachment-8212\" style=\"width: 725px\" class=\"wp-caption aligncenter\"><img loading=\"lazy\" decoding=\"async\" width=\"725\" height=\"303\" class=\"wp-image-8212 size-full\" src=\"http:\/\/www.cope.es\/blogs\/palomitas-de-maiz\/wp-content\/uploads\/sites\/6\/2021\/09\/garcia-y-garcia-3.jpg\" alt=\"Fotograma del filme \" srcset=\"https:\/\/www.cope.es\/blogs\/palomitas-de-maiz\/wp-content\/uploads\/sites\/6\/2021\/09\/garcia-y-garcia-3.jpg 725w, https:\/\/www.cope.es\/blogs\/palomitas-de-maiz\/wp-content\/uploads\/sites\/6\/2021\/09\/garcia-y-garcia-3-300x125.jpg 300w\" sizes=\"auto, (max-width: 725px) 100vw, 725px\" \/><figcaption id=\"caption-attachment-8212\" class=\"wp-caption-text\"><strong>Fotograma del filme <\/strong><\/figcaption><\/figure>\n<p>Pero a pesar de estos \u00faltimos hallazgos, <strong>el filme no ofrece otras aristas a las que asirse y se queda muy alejado de las comedias de situaci\u00f3n al uso<\/strong>. Con los actores que hay en ella se podr\u00eda haber convertido en la pel\u00edcula del verano, pero una desatenci\u00f3n grande en su guion y en no saber encontrar el tono, llevan a que <em><i>Garc\u00eda y Garc\u00eda<\/i><\/em>\u00a0se convierta en un filme de temporada y cuyo principal reclamo encalla. Una l\u00e1stima.<\/p>\n<figure id=\"attachment_8208\" aria-describedby=\"caption-attachment-8208\" style=\"width: 725px\" class=\"wp-caption aligncenter\"><img loading=\"lazy\" decoding=\"async\" width=\"725\" height=\"906\" class=\"wp-image-8208 size-full\" src=\"http:\/\/www.cope.es\/blogs\/palomitas-de-maiz\/wp-content\/uploads\/sites\/6\/2021\/09\/garcia-y-garcia-cartel.jpg\" alt=\"Cartel promocional del filme\" srcset=\"https:\/\/www.cope.es\/blogs\/palomitas-de-maiz\/wp-content\/uploads\/sites\/6\/2021\/09\/garcia-y-garcia-cartel.jpg 725w, https:\/\/www.cope.es\/blogs\/palomitas-de-maiz\/wp-content\/uploads\/sites\/6\/2021\/09\/garcia-y-garcia-cartel-240x300.jpg 240w\" sizes=\"auto, (max-width: 725px) 100vw, 725px\" \/><figcaption id=\"caption-attachment-8208\" class=\"wp-caption-text\"><strong>Cartel promocional del filme<\/strong><\/figcaption><\/figure>\n","protected":false},"excerpt":{"rendered":"<p>\u00a1Mis queridos palomiteros! \u2018Garc\u00eda y Garc\u00eda\u2019: Un gran reparto no a\u00fapa la tibia comedia de Murugarren. Hoy llega a los cines este trabajo espa\u00f1ol,\u00a0escrito\u00a0y\u00a0dirigido -junto a Ana Gal\u00e1n&#8211; por la premiada montadora navarra de 56 a\u00f1os, Ana Murugarren. En 1991 rod\u00f3 Todo por la pasta\u00a0y el filme fue candidato al Goya en las categor\u00edas de [&hellip;]<\/p>\n","protected":false},"author":6,"featured_media":8207,"comment_status":"open","ping_status":"open","sticky":false,"template":"","format":"standard","meta":{"footnotes":""},"categories":[336,49,88],"tags":[9149,9150,9157,9165,9160,9146,9145,9168,2587,9169,9153,9147,4285,44,2583,9170,190,2709,711,9152,9163,9171,9158,9159,2995,9148,1938,4415,9164,9166,9162,9167,9154,9156,9155,229,9151,574,2157,9161],"class_list":["post-8205","post","type-post","status-publish","format-standard","has-post-thumbnail","hentry","category-actualidad","category-cine","category-critica-de-cine","tag-aitzol-saratxaga","tag-albert-pascual","tag-alexity","tag-alfonso-torregrosa","tag-alicia-fernandez","tag-ana-galan","tag-ana-murugarren","tag-anna-azcona","tag-antonio-resines","tag-blogmedia","tag-carlos-areces","tag-carlos-lamela","tag-cartelera","tag-cine","tag-cines","tag-clarq-films","tag-comedia","tag-critica-cine","tag-estreno","tag-eva-ugarte","tag-francesc-albiol","tag-garcia-y-garcia","tag-goizalde-nunez","tag-jaime-adalid","tag-jesus-vidal","tag-joaquin-trincado","tag-jordi-sanchez","tag-jose-mota","tag-lander-otaola","tag-mamen-garcia","tag-marcos-rodriguez","tag-maribel-salas","tag-martita-de-grana","tag-mikel-losada","tag-naiara-arnedo","tag-pelicula","tag-pepe-viyuela","tag-ramon-barea","tag-ricardo-castella","tag-ylenia-baglietto"],"yoast_head":"<!-- This site is optimized with the Yoast SEO plugin v27.4 - https:\/\/yoast.com\/product\/yoast-seo-wordpress\/ -->\n<title>\u2018Garc\u00eda y Garc\u00eda\u2019: Un gran reparto no a\u00fapa la tibia comedia de Murugarren<\/title>\n<meta name=\"description\" content=\"Blog de cine y teatro. Blogs COPE. \u2018Garc\u00eda y Garc\u00eda\u2019: Un gran reparto no a\u00fapa la tibia comedia de la donostiarra Ana Murugarren\" \/>\n<meta name=\"robots\" content=\"index, follow, max-snippet:-1, max-image-preview:large, max-video-preview:-1\" \/>\n<link rel=\"canonical\" href=\"https:\/\/www.cope.es\/blogs\/palomitas-de-maiz\/2021\/08\/27\/critica-garcia-y-garcia-un-gran-reparto-no-aupa-la-tibia-comedia-de-murugarren\/\" \/>\n<meta property=\"og:locale\" content=\"es_ES\" \/>\n<meta property=\"og:type\" content=\"article\" \/>\n<meta property=\"og:title\" content=\"\u2018Garc\u00eda y Garc\u00eda\u2019: Un gran reparto no a\u00fapa la tibia comedia de Murugarren\" \/>\n<meta property=\"og:description\" content=\"Blog de cine y teatro. Blogs COPE. \u2018Garc\u00eda y Garc\u00eda\u2019: Un gran reparto no a\u00fapa la tibia comedia de la donostiarra Ana Murugarren\" \/>\n<meta property=\"og:url\" content=\"https:\/\/www.cope.es\/blogs\/palomitas-de-maiz\/2021\/08\/27\/critica-garcia-y-garcia-un-gran-reparto-no-aupa-la-tibia-comedia-de-murugarren\/\" \/>\n<meta property=\"og:site_name\" content=\"Palomitas de Ma\u00edz\" \/>\n<meta property=\"article:publisher\" content=\"https:\/\/www.facebook.com\/cope\/\" \/>\n<meta property=\"article:author\" content=\"https:\/\/www.facebook.com\/palomitero\/\" \/>\n<meta property=\"article:published_time\" content=\"2021-08-26T22:01:08+00:00\" \/>\n<meta property=\"article:modified_time\" content=\"2021-09-05T13:22:26+00:00\" \/>\n<meta property=\"og:image\" content=\"https:\/\/www.cope.es\/blogs\/palomitas-de-maiz\/wp-content\/uploads\/sites\/6\/2021\/09\/garcia-y-garcia-cartel-portada.jpg\" \/>\n\t<meta property=\"og:image:width\" content=\"724\" \/>\n\t<meta property=\"og:image:height\" content=\"398\" \/>\n\t<meta property=\"og:image:type\" content=\"image\/jpeg\" \/>\n<meta name=\"author\" content=\"Jos\u00e9 Luis Panero\" \/>\n<meta name=\"twitter:card\" content=\"summary_large_image\" \/>\n<meta name=\"twitter:creator\" content=\"@PALOMITERO\" \/>\n<meta name=\"twitter:site\" content=\"@cope_es\" \/>\n<meta name=\"twitter:label1\" content=\"Escrito por\" \/>\n\t<meta name=\"twitter:data1\" content=\"Jos\u00e9 Luis Panero\" \/>\n\t<meta name=\"twitter:label2\" content=\"Tiempo de lectura\" \/>\n\t<meta name=\"twitter:data2\" content=\"3 minutos\" \/>\n<script type=\"application\/ld+json\" class=\"yoast-schema-graph\">{\"@context\":\"https:\\\/\\\/schema.org\",\"@graph\":[{\"@type\":\"Article\",\"@id\":\"https:\\\/\\\/www.cope.es\\\/blogs\\\/palomitas-de-maiz\\\/2021\\\/08\\\/27\\\/critica-garcia-y-garcia-un-gran-reparto-no-aupa-la-tibia-comedia-de-murugarren\\\/#article\",\"isPartOf\":{\"@id\":\"https:\\\/\\\/www.cope.es\\\/blogs\\\/palomitas-de-maiz\\\/2021\\\/08\\\/27\\\/critica-garcia-y-garcia-un-gran-reparto-no-aupa-la-tibia-comedia-de-murugarren\\\/\"},\"author\":{\"name\":\"Jos\u00e9 Luis Panero\",\"@id\":\"https:\\\/\\\/www.cope.es\\\/blogs\\\/palomitas-de-maiz\\\/#\\\/schema\\\/person\\\/9fb256f63733c964d19b06de1ca3c9ef\"},\"headline\":\"\u2018Garc\u00eda y Garc\u00eda\u2019: La cineasta donostiarra, Ana Murugarren, resbala con esta comedia sin chicha, repleta de grandes int\u00e9rpretes\",\"datePublished\":\"2021-08-26T22:01:08+00:00\",\"dateModified\":\"2021-09-05T13:22:26+00:00\",\"mainEntityOfPage\":{\"@id\":\"https:\\\/\\\/www.cope.es\\\/blogs\\\/palomitas-de-maiz\\\/2021\\\/08\\\/27\\\/critica-garcia-y-garcia-un-gran-reparto-no-aupa-la-tibia-comedia-de-murugarren\\\/\"},\"wordCount\":675,\"commentCount\":0,\"image\":{\"@id\":\"https:\\\/\\\/www.cope.es\\\/blogs\\\/palomitas-de-maiz\\\/2021\\\/08\\\/27\\\/critica-garcia-y-garcia-un-gran-reparto-no-aupa-la-tibia-comedia-de-murugarren\\\/#primaryimage\"},\"thumbnailUrl\":\"https:\\\/\\\/www.cope.es\\\/blogs\\\/palomitas-de-maiz\\\/wp-content\\\/uploads\\\/sites\\\/6\\\/2021\\\/09\\\/garcia-y-garcia-cartel-portada.jpg\",\"keywords\":[\"Aitzol Saratxaga\",\"Albert Pascual\",\"Alexity\",\"Alfonso Torregrosa\",\"Alicia Fern\u00e1ndez\",\"Ana Gal\u00e1n\",\"Ana Murugarren\",\"Anna Azcona\",\"Antonio Resines\",\"BlogMedia\",\"Carlos Areces\",\"Carlos Lamela\",\"cartelera\",\"cine\",\"cines\",\"Clarq Films\",\"comedia\",\"cr\u00edtica cine\",\"Estreno\",\"Eva Ugarte\",\"Francesc Albiol\",\"garc\u00eda y garc\u00eda\",\"Goizalde N\u00fa\u00f1ez\",\"Jaime Adalid\",\"jes\u00fas vidal\",\"Joaqu\u00edn Trincado\",\"Jordi S\u00e1nchez\",\"Jos\u00e9 Mota\",\"Lander Otaola\",\"Mamen Garc\u00eda\",\"Marcos Rodr\u00edguez\",\"Maribel Salas\",\"Martita de Gran\u00e1\",\"Mikel Losada\",\"Naiara Arnedo\",\"pel\u00edcula\",\"Pepe Viyuela\",\"Ram\u00f3n Barea\",\"Ricardo Castella\",\"Ylenia Baglietto\"],\"articleSection\":[\"actualidad\",\"Cine\",\"Cr\u00edtica de Cine\"],\"inLanguage\":\"es\",\"potentialAction\":[{\"@type\":\"CommentAction\",\"name\":\"Comment\",\"target\":[\"https:\\\/\\\/www.cope.es\\\/blogs\\\/palomitas-de-maiz\\\/2021\\\/08\\\/27\\\/critica-garcia-y-garcia-un-gran-reparto-no-aupa-la-tibia-comedia-de-murugarren\\\/#respond\"]}]},{\"@type\":\"WebPage\",\"@id\":\"https:\\\/\\\/www.cope.es\\\/blogs\\\/palomitas-de-maiz\\\/2021\\\/08\\\/27\\\/critica-garcia-y-garcia-un-gran-reparto-no-aupa-la-tibia-comedia-de-murugarren\\\/\",\"url\":\"https:\\\/\\\/www.cope.es\\\/blogs\\\/palomitas-de-maiz\\\/2021\\\/08\\\/27\\\/critica-garcia-y-garcia-un-gran-reparto-no-aupa-la-tibia-comedia-de-murugarren\\\/\",\"name\":\"\u2018Garc\u00eda y Garc\u00eda\u2019: Un gran reparto no a\u00fapa la tibia comedia de Murugarren\",\"isPartOf\":{\"@id\":\"https:\\\/\\\/www.cope.es\\\/blogs\\\/palomitas-de-maiz\\\/#website\"},\"primaryImageOfPage\":{\"@id\":\"https:\\\/\\\/www.cope.es\\\/blogs\\\/palomitas-de-maiz\\\/2021\\\/08\\\/27\\\/critica-garcia-y-garcia-un-gran-reparto-no-aupa-la-tibia-comedia-de-murugarren\\\/#primaryimage\"},\"image\":{\"@id\":\"https:\\\/\\\/www.cope.es\\\/blogs\\\/palomitas-de-maiz\\\/2021\\\/08\\\/27\\\/critica-garcia-y-garcia-un-gran-reparto-no-aupa-la-tibia-comedia-de-murugarren\\\/#primaryimage\"},\"thumbnailUrl\":\"https:\\\/\\\/www.cope.es\\\/blogs\\\/palomitas-de-maiz\\\/wp-content\\\/uploads\\\/sites\\\/6\\\/2021\\\/09\\\/garcia-y-garcia-cartel-portada.jpg\",\"datePublished\":\"2021-08-26T22:01:08+00:00\",\"dateModified\":\"2021-09-05T13:22:26+00:00\",\"author\":{\"@id\":\"https:\\\/\\\/www.cope.es\\\/blogs\\\/palomitas-de-maiz\\\/#\\\/schema\\\/person\\\/9fb256f63733c964d19b06de1ca3c9ef\"},\"description\":\"Blog de cine y teatro. Blogs COPE. \u2018Garc\u00eda y Garc\u00eda\u2019: Un gran reparto no a\u00fapa la tibia comedia de la donostiarra Ana Murugarren\",\"breadcrumb\":{\"@id\":\"https:\\\/\\\/www.cope.es\\\/blogs\\\/palomitas-de-maiz\\\/2021\\\/08\\\/27\\\/critica-garcia-y-garcia-un-gran-reparto-no-aupa-la-tibia-comedia-de-murugarren\\\/#breadcrumb\"},\"inLanguage\":\"es\",\"potentialAction\":[{\"@type\":\"ReadAction\",\"target\":[\"https:\\\/\\\/www.cope.es\\\/blogs\\\/palomitas-de-maiz\\\/2021\\\/08\\\/27\\\/critica-garcia-y-garcia-un-gran-reparto-no-aupa-la-tibia-comedia-de-murugarren\\\/\"]}]},{\"@type\":\"ImageObject\",\"inLanguage\":\"es\",\"@id\":\"https:\\\/\\\/www.cope.es\\\/blogs\\\/palomitas-de-maiz\\\/2021\\\/08\\\/27\\\/critica-garcia-y-garcia-un-gran-reparto-no-aupa-la-tibia-comedia-de-murugarren\\\/#primaryimage\",\"url\":\"https:\\\/\\\/www.cope.es\\\/blogs\\\/palomitas-de-maiz\\\/wp-content\\\/uploads\\\/sites\\\/6\\\/2021\\\/09\\\/garcia-y-garcia-cartel-portada.jpg\",\"contentUrl\":\"https:\\\/\\\/www.cope.es\\\/blogs\\\/palomitas-de-maiz\\\/wp-content\\\/uploads\\\/sites\\\/6\\\/2021\\\/09\\\/garcia-y-garcia-cartel-portada.jpg\",\"width\":724,\"height\":398,\"caption\":\"https:\\\/\\\/www.cope.es\\\/blogs\\\/palomitas-de-maiz\\\/2021\\\/08\\\/27\\\/critica-garcia-y-garcia-un-gran-reparto-no-aupa-la-tibia-comedia-de-murugarren\\\/\"},{\"@type\":\"BreadcrumbList\",\"@id\":\"https:\\\/\\\/www.cope.es\\\/blogs\\\/palomitas-de-maiz\\\/2021\\\/08\\\/27\\\/critica-garcia-y-garcia-un-gran-reparto-no-aupa-la-tibia-comedia-de-murugarren\\\/#breadcrumb\",\"itemListElement\":[{\"@type\":\"ListItem\",\"position\":1,\"name\":\"Portada\",\"item\":\"https:\\\/\\\/www.cope.es\\\/blogs\\\/palomitas-de-maiz\\\/\"},{\"@type\":\"ListItem\",\"position\":2,\"name\":\"\u2018Garc\u00eda y Garc\u00eda\u2019: La cineasta donostiarra, Ana Murugarren, resbala con esta comedia sin chicha, repleta de grandes int\u00e9rpretes\"}]},{\"@type\":\"WebSite\",\"@id\":\"https:\\\/\\\/www.cope.es\\\/blogs\\\/palomitas-de-maiz\\\/#website\",\"url\":\"https:\\\/\\\/www.cope.es\\\/blogs\\\/palomitas-de-maiz\\\/\",\"name\":\"Palomitas de Ma\u00edz\",\"description\":\"Blog decano de cine de COPE\",\"potentialAction\":[{\"@type\":\"SearchAction\",\"target\":{\"@type\":\"EntryPoint\",\"urlTemplate\":\"https:\\\/\\\/www.cope.es\\\/blogs\\\/palomitas-de-maiz\\\/?s={search_term_string}\"},\"query-input\":{\"@type\":\"PropertyValueSpecification\",\"valueRequired\":true,\"valueName\":\"search_term_string\"}}],\"inLanguage\":\"es\"},{\"@type\":\"Person\",\"@id\":\"https:\\\/\\\/www.cope.es\\\/blogs\\\/palomitas-de-maiz\\\/#\\\/schema\\\/person\\\/9fb256f63733c964d19b06de1ca3c9ef\",\"name\":\"Jos\u00e9 Luis Panero\",\"image\":{\"@type\":\"ImageObject\",\"inLanguage\":\"es\",\"@id\":\"https:\\\/\\\/secure.gravatar.com\\\/avatar\\\/2ef93951eab3cee25932a7219e566376cbf6ddedde3aa3098e7a971991a3ef12?s=96&d=mm&r=g\",\"url\":\"https:\\\/\\\/secure.gravatar.com\\\/avatar\\\/2ef93951eab3cee25932a7219e566376cbf6ddedde3aa3098e7a971991a3ef12?s=96&d=mm&r=g\",\"contentUrl\":\"https:\\\/\\\/secure.gravatar.com\\\/avatar\\\/2ef93951eab3cee25932a7219e566376cbf6ddedde3aa3098e7a971991a3ef12?s=96&d=mm&r=g\",\"caption\":\"Jos\u00e9 Luis Panero\"},\"description\":\"Licenciado en Periodismo y en Comunicaci\u00f3n Audiovisual. Tras m\u00e1s de cuatro a\u00f1os en el diario 'La Gaceta de Los Negocios' y el programa f\u00edlmico 'Pantalla Grande', es cr\u00edtico de cine en 'Ciudad Nueva', 'Pantalla 90', 'COPE' o 'Aleteia' y cr\u00edtico de teatro en 'Hoy en la city'. Ha sido coguionista y ayudante de direcci\u00f3n de cine, ponente en los coloquios de cine del foro FNAC y profesor universitario en diferentes cursos de Periodismo Social. Desde 2003 es miembro del C\u00edrculo de Escritores Cinematogr\u00e1ficos (CEC). En 2008 fund\u00f3 en 'COPE' su blog de cine 'Palomitas de Ma\u00edz'. En 2017 fue nombrado Jurado Oficial del Festival Internacional de Cine de Fuengirola (M\u00e1laga) y ese a\u00f1o la instituci\u00f3n educativa Trinity College-Liceo Serrano le distingui\u00f3 con el nombramiento de 'Profesor de Honor' del centro y miembro ilustre del claustro de profesores. En 2019 fue nombrado Jurado Oficial del Festival Internacional de Cine de Vera (Almer\u00eda). En 2020 fue nombrado Jurado Oficial del Festival Internacional de Cine de Terror de La Mar Bella (Marbella). Como int\u00e9rprete ha sido galardonado con el Premio al Actor Principal del I Festival Nacional UNIR de teatro. Desde 2020 es acad\u00e9mico de las Artes Esc\u00e9nicas de Espa\u00f1a. En 2023 fue nombrado Jurado Oficial de los 'Premios Tal\u00eda' en su I Edici\u00f3n. Y miembro de ASHUMES (Asociaci\u00f3n del Humorismo Espa\u00f1ol) a partir de 2022. En 2023 fue nombrado Jurado Oficial de la II Edici\u00f3n de los 'Premios Godot'.\",\"sameAs\":[\"http:\\\/\\\/www.cope.es\",\"https:\\\/\\\/www.facebook.com\\\/palomitero\\\/\",\"https:\\\/\\\/www.instagram.com\\\/joseluispanero\\\/\",\"https:\\\/\\\/www.linkedin.com\\\/in\\\/jos-luis-panero-gonzlez-barosa-7722a716\\\/\",\"https:\\\/\\\/x.com\\\/PALOMITERO\",\"https:\\\/\\\/www.youtube.com\\\/channel\\\/UCQYaNGiETUXUPXjYu9p3lNw\\\/videos?\",\"https:\\\/\\\/es.wikipedia.org\\\/wiki\\\/Jos_Luis_Panero_Gonzlez-Barosa\"],\"url\":\"https:\\\/\\\/www.cope.es\\\/blogs\\\/palomitas-de-maiz\\\/author\\\/jlpanero\\\/\"}]}<\/script>\n<!-- \/ Yoast SEO plugin. -->","yoast_head_json":{"title":"\u2018Garc\u00eda y Garc\u00eda\u2019: Un gran reparto no a\u00fapa la tibia comedia de Murugarren","description":"Blog de cine y teatro. Blogs COPE. \u2018Garc\u00eda y Garc\u00eda\u2019: Un gran reparto no a\u00fapa la tibia comedia de la donostiarra Ana Murugarren","robots":{"index":"index","follow":"follow","max-snippet":"max-snippet:-1","max-image-preview":"max-image-preview:large","max-video-preview":"max-video-preview:-1"},"canonical":"https:\/\/www.cope.es\/blogs\/palomitas-de-maiz\/2021\/08\/27\/critica-garcia-y-garcia-un-gran-reparto-no-aupa-la-tibia-comedia-de-murugarren\/","og_locale":"es_ES","og_type":"article","og_title":"\u2018Garc\u00eda y Garc\u00eda\u2019: Un gran reparto no a\u00fapa la tibia comedia de Murugarren","og_description":"Blog de cine y teatro. Blogs COPE. \u2018Garc\u00eda y Garc\u00eda\u2019: Un gran reparto no a\u00fapa la tibia comedia de la donostiarra Ana Murugarren","og_url":"https:\/\/www.cope.es\/blogs\/palomitas-de-maiz\/2021\/08\/27\/critica-garcia-y-garcia-un-gran-reparto-no-aupa-la-tibia-comedia-de-murugarren\/","og_site_name":"Palomitas de Ma\u00edz","article_publisher":"https:\/\/www.facebook.com\/cope\/","article_author":"https:\/\/www.facebook.com\/palomitero\/","article_published_time":"2021-08-26T22:01:08+00:00","article_modified_time":"2021-09-05T13:22:26+00:00","og_image":[{"width":724,"height":398,"url":"https:\/\/www.cope.es\/blogs\/palomitas-de-maiz\/wp-content\/uploads\/sites\/6\/2021\/09\/garcia-y-garcia-cartel-portada.jpg","type":"image\/jpeg"}],"author":"Jos\u00e9 Luis Panero","twitter_card":"summary_large_image","twitter_creator":"@PALOMITERO","twitter_site":"@cope_es","twitter_misc":{"Escrito por":"Jos\u00e9 Luis Panero","Tiempo de lectura":"3 minutos"},"schema":{"@context":"https:\/\/schema.org","@graph":[{"@type":"Article","@id":"https:\/\/www.cope.es\/blogs\/palomitas-de-maiz\/2021\/08\/27\/critica-garcia-y-garcia-un-gran-reparto-no-aupa-la-tibia-comedia-de-murugarren\/#article","isPartOf":{"@id":"https:\/\/www.cope.es\/blogs\/palomitas-de-maiz\/2021\/08\/27\/critica-garcia-y-garcia-un-gran-reparto-no-aupa-la-tibia-comedia-de-murugarren\/"},"author":{"name":"Jos\u00e9 Luis Panero","@id":"https:\/\/www.cope.es\/blogs\/palomitas-de-maiz\/#\/schema\/person\/9fb256f63733c964d19b06de1ca3c9ef"},"headline":"\u2018Garc\u00eda y Garc\u00eda\u2019: La cineasta donostiarra, Ana Murugarren, resbala con esta comedia sin chicha, repleta de grandes int\u00e9rpretes","datePublished":"2021-08-26T22:01:08+00:00","dateModified":"2021-09-05T13:22:26+00:00","mainEntityOfPage":{"@id":"https:\/\/www.cope.es\/blogs\/palomitas-de-maiz\/2021\/08\/27\/critica-garcia-y-garcia-un-gran-reparto-no-aupa-la-tibia-comedia-de-murugarren\/"},"wordCount":675,"commentCount":0,"image":{"@id":"https:\/\/www.cope.es\/blogs\/palomitas-de-maiz\/2021\/08\/27\/critica-garcia-y-garcia-un-gran-reparto-no-aupa-la-tibia-comedia-de-murugarren\/#primaryimage"},"thumbnailUrl":"https:\/\/www.cope.es\/blogs\/palomitas-de-maiz\/wp-content\/uploads\/sites\/6\/2021\/09\/garcia-y-garcia-cartel-portada.jpg","keywords":["Aitzol Saratxaga","Albert Pascual","Alexity","Alfonso Torregrosa","Alicia Fern\u00e1ndez","Ana Gal\u00e1n","Ana Murugarren","Anna Azcona","Antonio Resines","BlogMedia","Carlos Areces","Carlos Lamela","cartelera","cine","cines","Clarq Films","comedia","cr\u00edtica cine","Estreno","Eva Ugarte","Francesc Albiol","garc\u00eda y garc\u00eda","Goizalde N\u00fa\u00f1ez","Jaime Adalid","jes\u00fas vidal","Joaqu\u00edn Trincado","Jordi S\u00e1nchez","Jos\u00e9 Mota","Lander Otaola","Mamen Garc\u00eda","Marcos Rodr\u00edguez","Maribel Salas","Martita de Gran\u00e1","Mikel Losada","Naiara Arnedo","pel\u00edcula","Pepe Viyuela","Ram\u00f3n Barea","Ricardo Castella","Ylenia Baglietto"],"articleSection":["actualidad","Cine","Cr\u00edtica de Cine"],"inLanguage":"es","potentialAction":[{"@type":"CommentAction","name":"Comment","target":["https:\/\/www.cope.es\/blogs\/palomitas-de-maiz\/2021\/08\/27\/critica-garcia-y-garcia-un-gran-reparto-no-aupa-la-tibia-comedia-de-murugarren\/#respond"]}]},{"@type":"WebPage","@id":"https:\/\/www.cope.es\/blogs\/palomitas-de-maiz\/2021\/08\/27\/critica-garcia-y-garcia-un-gran-reparto-no-aupa-la-tibia-comedia-de-murugarren\/","url":"https:\/\/www.cope.es\/blogs\/palomitas-de-maiz\/2021\/08\/27\/critica-garcia-y-garcia-un-gran-reparto-no-aupa-la-tibia-comedia-de-murugarren\/","name":"\u2018Garc\u00eda y Garc\u00eda\u2019: Un gran reparto no a\u00fapa la tibia comedia de Murugarren","isPartOf":{"@id":"https:\/\/www.cope.es\/blogs\/palomitas-de-maiz\/#website"},"primaryImageOfPage":{"@id":"https:\/\/www.cope.es\/blogs\/palomitas-de-maiz\/2021\/08\/27\/critica-garcia-y-garcia-un-gran-reparto-no-aupa-la-tibia-comedia-de-murugarren\/#primaryimage"},"image":{"@id":"https:\/\/www.cope.es\/blogs\/palomitas-de-maiz\/2021\/08\/27\/critica-garcia-y-garcia-un-gran-reparto-no-aupa-la-tibia-comedia-de-murugarren\/#primaryimage"},"thumbnailUrl":"https:\/\/www.cope.es\/blogs\/palomitas-de-maiz\/wp-content\/uploads\/sites\/6\/2021\/09\/garcia-y-garcia-cartel-portada.jpg","datePublished":"2021-08-26T22:01:08+00:00","dateModified":"2021-09-05T13:22:26+00:00","author":{"@id":"https:\/\/www.cope.es\/blogs\/palomitas-de-maiz\/#\/schema\/person\/9fb256f63733c964d19b06de1ca3c9ef"},"description":"Blog de cine y teatro. Blogs COPE. \u2018Garc\u00eda y Garc\u00eda\u2019: Un gran reparto no a\u00fapa la tibia comedia de la donostiarra Ana Murugarren","breadcrumb":{"@id":"https:\/\/www.cope.es\/blogs\/palomitas-de-maiz\/2021\/08\/27\/critica-garcia-y-garcia-un-gran-reparto-no-aupa-la-tibia-comedia-de-murugarren\/#breadcrumb"},"inLanguage":"es","potentialAction":[{"@type":"ReadAction","target":["https:\/\/www.cope.es\/blogs\/palomitas-de-maiz\/2021\/08\/27\/critica-garcia-y-garcia-un-gran-reparto-no-aupa-la-tibia-comedia-de-murugarren\/"]}]},{"@type":"ImageObject","inLanguage":"es","@id":"https:\/\/www.cope.es\/blogs\/palomitas-de-maiz\/2021\/08\/27\/critica-garcia-y-garcia-un-gran-reparto-no-aupa-la-tibia-comedia-de-murugarren\/#primaryimage","url":"https:\/\/www.cope.es\/blogs\/palomitas-de-maiz\/wp-content\/uploads\/sites\/6\/2021\/09\/garcia-y-garcia-cartel-portada.jpg","contentUrl":"https:\/\/www.cope.es\/blogs\/palomitas-de-maiz\/wp-content\/uploads\/sites\/6\/2021\/09\/garcia-y-garcia-cartel-portada.jpg","width":724,"height":398,"caption":"https:\/\/www.cope.es\/blogs\/palomitas-de-maiz\/2021\/08\/27\/critica-garcia-y-garcia-un-gran-reparto-no-aupa-la-tibia-comedia-de-murugarren\/"},{"@type":"BreadcrumbList","@id":"https:\/\/www.cope.es\/blogs\/palomitas-de-maiz\/2021\/08\/27\/critica-garcia-y-garcia-un-gran-reparto-no-aupa-la-tibia-comedia-de-murugarren\/#breadcrumb","itemListElement":[{"@type":"ListItem","position":1,"name":"Portada","item":"https:\/\/www.cope.es\/blogs\/palomitas-de-maiz\/"},{"@type":"ListItem","position":2,"name":"\u2018Garc\u00eda y Garc\u00eda\u2019: La cineasta donostiarra, Ana Murugarren, resbala con esta comedia sin chicha, repleta de grandes int\u00e9rpretes"}]},{"@type":"WebSite","@id":"https:\/\/www.cope.es\/blogs\/palomitas-de-maiz\/#website","url":"https:\/\/www.cope.es\/blogs\/palomitas-de-maiz\/","name":"Palomitas de Ma\u00edz","description":"Blog decano de cine de COPE","potentialAction":[{"@type":"SearchAction","target":{"@type":"EntryPoint","urlTemplate":"https:\/\/www.cope.es\/blogs\/palomitas-de-maiz\/?s={search_term_string}"},"query-input":{"@type":"PropertyValueSpecification","valueRequired":true,"valueName":"search_term_string"}}],"inLanguage":"es"},{"@type":"Person","@id":"https:\/\/www.cope.es\/blogs\/palomitas-de-maiz\/#\/schema\/person\/9fb256f63733c964d19b06de1ca3c9ef","name":"Jos\u00e9 Luis Panero","image":{"@type":"ImageObject","inLanguage":"es","@id":"https:\/\/secure.gravatar.com\/avatar\/2ef93951eab3cee25932a7219e566376cbf6ddedde3aa3098e7a971991a3ef12?s=96&d=mm&r=g","url":"https:\/\/secure.gravatar.com\/avatar\/2ef93951eab3cee25932a7219e566376cbf6ddedde3aa3098e7a971991a3ef12?s=96&d=mm&r=g","contentUrl":"https:\/\/secure.gravatar.com\/avatar\/2ef93951eab3cee25932a7219e566376cbf6ddedde3aa3098e7a971991a3ef12?s=96&d=mm&r=g","caption":"Jos\u00e9 Luis Panero"},"description":"Licenciado en Periodismo y en Comunicaci\u00f3n Audiovisual. Tras m\u00e1s de cuatro a\u00f1os en el diario 'La Gaceta de Los Negocios' y el programa f\u00edlmico 'Pantalla Grande', es cr\u00edtico de cine en 'Ciudad Nueva', 'Pantalla 90', 'COPE' o 'Aleteia' y cr\u00edtico de teatro en 'Hoy en la city'. Ha sido coguionista y ayudante de direcci\u00f3n de cine, ponente en los coloquios de cine del foro FNAC y profesor universitario en diferentes cursos de Periodismo Social. Desde 2003 es miembro del C\u00edrculo de Escritores Cinematogr\u00e1ficos (CEC). En 2008 fund\u00f3 en 'COPE' su blog de cine 'Palomitas de Ma\u00edz'. En 2017 fue nombrado Jurado Oficial del Festival Internacional de Cine de Fuengirola (M\u00e1laga) y ese a\u00f1o la instituci\u00f3n educativa Trinity College-Liceo Serrano le distingui\u00f3 con el nombramiento de 'Profesor de Honor' del centro y miembro ilustre del claustro de profesores. En 2019 fue nombrado Jurado Oficial del Festival Internacional de Cine de Vera (Almer\u00eda). En 2020 fue nombrado Jurado Oficial del Festival Internacional de Cine de Terror de La Mar Bella (Marbella). Como int\u00e9rprete ha sido galardonado con el Premio al Actor Principal del I Festival Nacional UNIR de teatro. Desde 2020 es acad\u00e9mico de las Artes Esc\u00e9nicas de Espa\u00f1a. En 2023 fue nombrado Jurado Oficial de los 'Premios Tal\u00eda' en su I Edici\u00f3n. Y miembro de ASHUMES (Asociaci\u00f3n del Humorismo Espa\u00f1ol) a partir de 2022. En 2023 fue nombrado Jurado Oficial de la II Edici\u00f3n de los 'Premios Godot'.","sameAs":["http:\/\/www.cope.es","https:\/\/www.facebook.com\/palomitero\/","https:\/\/www.instagram.com\/joseluispanero\/","https:\/\/www.linkedin.com\/in\/jos-luis-panero-gonzlez-barosa-7722a716\/","https:\/\/x.com\/PALOMITERO","https:\/\/www.youtube.com\/channel\/UCQYaNGiETUXUPXjYu9p3lNw\/videos?","https:\/\/es.wikipedia.org\/wiki\/Jos_Luis_Panero_Gonzlez-Barosa"],"url":"https:\/\/www.cope.es\/blogs\/palomitas-de-maiz\/author\/jlpanero\/"}]}},"amp_enabled":true,"_links":{"self":[{"href":"https:\/\/www.cope.es\/blogs\/palomitas-de-maiz\/wp-json\/wp\/v2\/posts\/8205","targetHints":{"allow":["GET"]}}],"collection":[{"href":"https:\/\/www.cope.es\/blogs\/palomitas-de-maiz\/wp-json\/wp\/v2\/posts"}],"about":[{"href":"https:\/\/www.cope.es\/blogs\/palomitas-de-maiz\/wp-json\/wp\/v2\/types\/post"}],"author":[{"embeddable":true,"href":"https:\/\/www.cope.es\/blogs\/palomitas-de-maiz\/wp-json\/wp\/v2\/users\/6"}],"replies":[{"embeddable":true,"href":"https:\/\/www.cope.es\/blogs\/palomitas-de-maiz\/wp-json\/wp\/v2\/comments?post=8205"}],"version-history":[{"count":2,"href":"https:\/\/www.cope.es\/blogs\/palomitas-de-maiz\/wp-json\/wp\/v2\/posts\/8205\/revisions"}],"predecessor-version":[{"id":8216,"href":"https:\/\/www.cope.es\/blogs\/palomitas-de-maiz\/wp-json\/wp\/v2\/posts\/8205\/revisions\/8216"}],"wp:featuredmedia":[{"embeddable":true,"href":"https:\/\/www.cope.es\/blogs\/palomitas-de-maiz\/wp-json\/wp\/v2\/media\/8207"}],"wp:attachment":[{"href":"https:\/\/www.cope.es\/blogs\/palomitas-de-maiz\/wp-json\/wp\/v2\/media?parent=8205"}],"wp:term":[{"taxonomy":"category","embeddable":true,"href":"https:\/\/www.cope.es\/blogs\/palomitas-de-maiz\/wp-json\/wp\/v2\/categories?post=8205"},{"taxonomy":"post_tag","embeddable":true,"href":"https:\/\/www.cope.es\/blogs\/palomitas-de-maiz\/wp-json\/wp\/v2\/tags?post=8205"}],"curies":[{"name":"wp","href":"https:\/\/api.w.org\/{rel}","templated":true}]}}