{"id":8093,"date":"2021-06-30T00:19:26","date_gmt":"2021-06-29T22:19:26","guid":{"rendered":"http:\/\/www.cope.es\/blogs\/palomitas-de-maiz\/?p=8093"},"modified":"2021-06-30T00:23:23","modified_gmt":"2021-06-29T22:23:23","slug":"teatro-antonio-de-la-fuente-premio-de-dramaturgia-fetam-por-actors-fiction","status":"publish","type":"post","link":"https:\/\/www.cope.es\/blogs\/palomitas-de-maiz\/2021\/06\/30\/teatro-antonio-de-la-fuente-premio-de-dramaturgia-fetam-por-actors-fiction\/","title":{"rendered":"Antonio de la Fuente Arjona conquista el Premio de Escritura Teatral FETAM 2021 con \u2018Actor\u2019s Fiction\u2019"},"content":{"rendered":"<p>\u00a1Mis queridos palomiteros! Antonio de la Fuente, premio de dramaturgia FETAM por \u2018Actor\u2019s Fiction\u2019. <strong>La convocatoria estuvo circunscrita al \u00e1mbito de la Comunidad de Madrid<\/strong>, lo cual facilit\u00f3 la participaci\u00f3n tanto de autores nacidos en ella como de aquellos otros que hubieran residido en la regi\u00f3n en alg\u00fan momento de su trayectoria dram\u00e1tica.<\/p>\n<p>La obra del <a href=\"http:\/\/delafuentearjona.viadomus.com\/\" target=\"_blank\">galardonado<\/a> <strong>fue elegida entre un total de diecisiete solicitudes presentadas<\/strong>. El premio consiste en una dotaci\u00f3n de 800\u20ac para el autor y la producci\u00f3n de la obra a cargo de la FETAM.<\/p>\n<p><iframe loading=\"lazy\" title=\"VIDEOBOOK_Antonio de la Fuente Arjona_Actor\" width=\"508\" height=\"381\" src=\"https:\/\/www.youtube.com\/embed\/xEmPstmh5Kk?feature=oembed\" frameborder=\"0\" allow=\"accelerometer; autoplay; clipboard-write; encrypted-media; gyroscope; picture-in-picture\" allowfullscreen><\/iframe><\/p>\n<p>Por su parte, el texto de\u00a0<em>Actor\u2019s Fiction<\/em> <strong>carece de una estructura expl\u00edcita de planteamiento, nudo y desenlace<\/strong>.\u00a0 Sin embargo, narra la resoluci\u00f3n de un conflicto que se habr\u00eda gestado en un tiempo anterior al momento en el que se desarrolla la acci\u00f3n. <strong>Dicho pretexto proporciona al conjunto la base para configurar una aut\u00e9ntica arquitectura dram\u00e1tica<\/strong>. Un buen ejemplo sobre el asunto es <em><a href=\"http:\/\/www.cope.es\/blogs\/palomitas-de-maiz\/2020\/12\/21\/critica-teatro-jattendrai-impecable-tratado-sobre-la-memoria-de-mauthausen-naves-espanol\/\">J\u2019attendrai.<\/a><\/em><\/p>\n<h2>Antonio de la Fuente, premio de dramaturgia FETAM por \u2018Actor\u2019s Fiction\u2019<\/h2>\n<p>En s\u00edntesis, <em>Actor\u2019s Fiction<\/em>\u00a0<strong>narra la desventura de una compa\u00f1\u00eda de teatro resignada a abandonar la Tierra tras la pandemia que asol\u00f3 el planeta en el siglo XXII<\/strong>. Un estricto confinamiento que dur\u00f3 a\u00f1os. Y con los teatros cerrados y la imposibilidad de trabajar ante el p\u00fablico, muchas compa\u00f1\u00edas de teatro decidieron emular a sus ancestros y regresar a la vida n\u00f3mada buscando espectadores en otras galaxias.<\/p>\n<figure id=\"attachment_8098\" aria-describedby=\"caption-attachment-8098\" style=\"width: 725px\" class=\"wp-caption aligncenter\"><img loading=\"lazy\" decoding=\"async\" width=\"725\" height=\"548\" class=\"wp-image-8098 size-full\" src=\"http:\/\/www.cope.es\/blogs\/palomitas-de-maiz\/wp-content\/uploads\/sites\/6\/2021\/06\/compa\u00f1ia-teatro.jpg\" alt=\"Antonio de la Fuente, premio de dramaturgia FETAM por \u2018Actor\u2019s Fiction\u2019\" srcset=\"https:\/\/www.cope.es\/blogs\/palomitas-de-maiz\/wp-content\/uploads\/sites\/6\/2021\/06\/compa\u00f1ia-teatro.jpg 725w, https:\/\/www.cope.es\/blogs\/palomitas-de-maiz\/wp-content\/uploads\/sites\/6\/2021\/06\/compa\u00f1ia-teatro-300x227.jpg 300w\" sizes=\"auto, (max-width: 725px) 100vw, 725px\" \/><figcaption id=\"caption-attachment-8098\" class=\"wp-caption-text\"><strong>Antonio de la Fuente, premio de dramaturgia FETAM por \u2018Actor\u2019s Fiction\u2019<\/strong><\/figcaption><\/figure>\n<p>Ambientada en un entorno futurista, <strong>se advierte al p\u00fablico de que entre sus ingredientes existen trazas de humor, m\u00fasica, metalenguaje, le\u00edsmo castizo<\/strong> y residuos de series televisivas de los a\u00f1os sesenta o setenta, que podr\u00edan hacerle pasar un rato demasiado agradable.<\/p>\n<p>En estos momentos, la <a href=\"https:\/\/www.fetam.es\/fetam\/blog\/\" target=\"_blank\">Federaci\u00f3n de Grupos de Teatro Aficionado de Madrid<\/a> prepara ya el equipo de producci\u00f3n para llevar a escena la obra. <strong>FETAM inicia as\u00ed un deseado camino que recorrer\u00e1 desde julio hasta finales de noviembre<\/strong> o principios de diciembre, fecha prevista para su estreno.<\/p>\n<p>Este trabajo de producci\u00f3n pertenece a un amplio proyecto que se inici\u00f3 en 2020 con la IV Muestra de Teatro Aficionado de Madrid, y que contin\u00faa durante 2021 con una nueva edici\u00f3n de la Muestra,<strong> la organizaci\u00f3n de un congreso regional de las artes esc\u00e9nicas y un plan de formaci\u00f3n<\/strong>, entre otras actividades.<\/p>\n<h2>Este trabajo de producci\u00f3n pertenece a un amplio proyecto que se inici\u00f3 en 2020 con la IV Muestra de Teatro Aficionado de Madrid, y que contin\u00faa durante 2021 con una nueva edici\u00f3n de la Muestra<\/h2>\n<p>Patrocinado por el Ayuntamiento de Madrid, <strong>el proyecto cuenta con la adhesi\u00f3n progresiva de juntas de distrito, compa\u00f1\u00edas de teatro, ayuntamientos de otros municipios de la Comunidad<\/strong>, universidades y otras entidades educativas y culturales de la CAM.<\/p>\n<p>Precisamente, <strong>uno de los principales objetivos<\/strong> de este ambicioso proyecto<strong> consiste en que las compa\u00f1\u00edas de teatro<\/strong>, a pesar de la pandemia,<strong> no cesen en su actividad<\/strong> <strong>y sigan produciendo teatro<\/strong>, alimentando el tejido de las artes esc\u00e9nicas en Madrid. Su pronunciamiento y expansi\u00f3n facilitar\u00e1n la continua proyecci\u00f3n y formaci\u00f3n, tanto a equipos humanos ya consolidados como a toda una cantera de futuros actores, directores, t\u00e9cnicos y dramaturgos.<\/p>\n<figure id=\"attachment_8097\" aria-describedby=\"caption-attachment-8097\" style=\"width: 725px\" class=\"wp-caption aligncenter\"><img loading=\"lazy\" decoding=\"async\" width=\"725\" height=\"1087\" class=\"wp-image-8097 size-full\" src=\"http:\/\/www.cope.es\/blogs\/palomitas-de-maiz\/wp-content\/uploads\/sites\/6\/2021\/06\/antonio-de-la-fuente-arjona.jpg\" alt=\"Antonio de la Fuente, premio de dramaturgia FETAM por \u2018Actor\u2019s Fiction\u2019\" srcset=\"https:\/\/www.cope.es\/blogs\/palomitas-de-maiz\/wp-content\/uploads\/sites\/6\/2021\/06\/antonio-de-la-fuente-arjona.jpg 725w, https:\/\/www.cope.es\/blogs\/palomitas-de-maiz\/wp-content\/uploads\/sites\/6\/2021\/06\/antonio-de-la-fuente-arjona-200x300.jpg 200w, https:\/\/www.cope.es\/blogs\/palomitas-de-maiz\/wp-content\/uploads\/sites\/6\/2021\/06\/antonio-de-la-fuente-arjona-683x1024.jpg 683w\" sizes=\"auto, (max-width: 725px) 100vw, 725px\" \/><figcaption id=\"caption-attachment-8097\" class=\"wp-caption-text\"><strong>Antonio de la Fuente, premio de dramaturgia FETAM por \u2018Actor\u2019s Fiction\u2019<\/strong><\/figcaption><\/figure>\n","protected":false},"excerpt":{"rendered":"<p>\u00a1Mis queridos palomiteros! Antonio de la Fuente, premio de dramaturgia FETAM por \u2018Actor\u2019s Fiction\u2019. La convocatoria estuvo circunscrita al \u00e1mbito de la Comunidad de Madrid, lo cual facilit\u00f3 la participaci\u00f3n tanto de autores nacidos en ella como de aquellos otros que hubieran residido en la regi\u00f3n en alg\u00fan momento de su trayectoria dram\u00e1tica. La obra [&hellip;]<\/p>\n","protected":false},"author":6,"featured_media":8096,"comment_status":"open","ping_status":"open","sticky":false,"template":"","format":"standard","meta":{"footnotes":""},"categories":[336,288],"tags":[9045,9044,8241,9046,1434,9048,9043,625,4555,5272,1538,9047],"class_list":["post-8093","post","type-post","status-publish","format-standard","has-post-thumbnail","hentry","category-actualidad","category-teatro","tag-actors-fiction","tag-antonio-de-la-fuente-arjona","tag-artes-escenicas","tag-companias-de-teatro","tag-concurso-de-dramaturgia","tag-congreso-regional","tag-escritura-teatral","tag-fetam","tag-iv-muestra-de-teatro-aficionado-de-la-fetam","tag-pandemia","tag-premio","tag-v-muestra-de-teatro-aficionado"],"yoast_head":"<!-- This site is optimized with the Yoast SEO plugin v27.4 - https:\/\/yoast.com\/product\/yoast-seo-wordpress\/ -->\n<title>Antonio de la Fuente, premio de dramaturgia FETAM por \u2018Actor\u2019s Fiction\u2019<\/title>\n<meta name=\"description\" content=\"Blog de cine y teatro. Blogs COPE. Antonio de la Fuente, premio de dramaturgia FETAM por \u2018Actor\u2019s Fiction\u2019. El premio est\u00e1 dotado con 800 \u20ac\" \/>\n<meta name=\"robots\" content=\"index, follow, max-snippet:-1, max-image-preview:large, max-video-preview:-1\" \/>\n<link rel=\"canonical\" href=\"https:\/\/www.cope.es\/blogs\/palomitas-de-maiz\/2021\/06\/30\/teatro-antonio-de-la-fuente-premio-de-dramaturgia-fetam-por-actors-fiction\/\" \/>\n<meta property=\"og:locale\" content=\"es_ES\" \/>\n<meta property=\"og:type\" content=\"article\" \/>\n<meta property=\"og:title\" content=\"Antonio de la Fuente, premio de dramaturgia FETAM por \u2018Actor\u2019s Fiction\u2019\" \/>\n<meta property=\"og:description\" content=\"Blog de cine y teatro. Blogs COPE. Antonio de la Fuente, premio de dramaturgia FETAM por \u2018Actor\u2019s Fiction\u2019. El premio est\u00e1 dotado con 800 \u20ac\" \/>\n<meta property=\"og:url\" content=\"https:\/\/www.cope.es\/blogs\/palomitas-de-maiz\/2021\/06\/30\/teatro-antonio-de-la-fuente-premio-de-dramaturgia-fetam-por-actors-fiction\/\" \/>\n<meta property=\"og:site_name\" content=\"Palomitas de Ma\u00edz\" \/>\n<meta property=\"article:publisher\" content=\"https:\/\/www.facebook.com\/cope\/\" \/>\n<meta property=\"article:author\" content=\"https:\/\/www.facebook.com\/palomitero\/\" \/>\n<meta property=\"article:published_time\" content=\"2021-06-29T22:19:26+00:00\" \/>\n<meta property=\"article:modified_time\" content=\"2021-06-29T22:23:23+00:00\" \/>\n<meta property=\"og:image\" content=\"https:\/\/www.cope.es\/blogs\/palomitas-de-maiz\/wp-content\/uploads\/sites\/6\/2021\/06\/antonio-de-la-fuente-arjona-portada.jpg\" \/>\n\t<meta property=\"og:image:width\" content=\"725\" \/>\n\t<meta property=\"og:image:height\" content=\"400\" \/>\n\t<meta property=\"og:image:type\" content=\"image\/jpeg\" \/>\n<meta name=\"author\" content=\"Jos\u00e9 Luis Panero\" \/>\n<meta name=\"twitter:card\" content=\"summary_large_image\" \/>\n<meta name=\"twitter:creator\" content=\"@PALOMITERO\" \/>\n<meta name=\"twitter:site\" content=\"@cope_es\" \/>\n<meta name=\"twitter:label1\" content=\"Escrito por\" \/>\n\t<meta name=\"twitter:data1\" content=\"Jos\u00e9 Luis Panero\" \/>\n\t<meta name=\"twitter:label2\" content=\"Tiempo de lectura\" \/>\n\t<meta name=\"twitter:data2\" content=\"3 minutos\" \/>\n<script type=\"application\/ld+json\" class=\"yoast-schema-graph\">{\"@context\":\"https:\\\/\\\/schema.org\",\"@graph\":[{\"@type\":\"Article\",\"@id\":\"https:\\\/\\\/www.cope.es\\\/blogs\\\/palomitas-de-maiz\\\/2021\\\/06\\\/30\\\/teatro-antonio-de-la-fuente-premio-de-dramaturgia-fetam-por-actors-fiction\\\/#article\",\"isPartOf\":{\"@id\":\"https:\\\/\\\/www.cope.es\\\/blogs\\\/palomitas-de-maiz\\\/2021\\\/06\\\/30\\\/teatro-antonio-de-la-fuente-premio-de-dramaturgia-fetam-por-actors-fiction\\\/\"},\"author\":{\"name\":\"Jos\u00e9 Luis Panero\",\"@id\":\"https:\\\/\\\/www.cope.es\\\/blogs\\\/palomitas-de-maiz\\\/#\\\/schema\\\/person\\\/9fb256f63733c964d19b06de1ca3c9ef\"},\"headline\":\"Antonio de la Fuente Arjona conquista el Premio de Escritura Teatral FETAM 2021 con \u2018Actor\u2019s Fiction\u2019\",\"datePublished\":\"2021-06-29T22:19:26+00:00\",\"dateModified\":\"2021-06-29T22:23:23+00:00\",\"mainEntityOfPage\":{\"@id\":\"https:\\\/\\\/www.cope.es\\\/blogs\\\/palomitas-de-maiz\\\/2021\\\/06\\\/30\\\/teatro-antonio-de-la-fuente-premio-de-dramaturgia-fetam-por-actors-fiction\\\/\"},\"wordCount\":616,\"commentCount\":0,\"image\":{\"@id\":\"https:\\\/\\\/www.cope.es\\\/blogs\\\/palomitas-de-maiz\\\/2021\\\/06\\\/30\\\/teatro-antonio-de-la-fuente-premio-de-dramaturgia-fetam-por-actors-fiction\\\/#primaryimage\"},\"thumbnailUrl\":\"https:\\\/\\\/www.cope.es\\\/blogs\\\/palomitas-de-maiz\\\/wp-content\\\/uploads\\\/sites\\\/6\\\/2021\\\/06\\\/antonio-de-la-fuente-arjona-portada.jpg\",\"keywords\":[\"actor's fiction\",\"antonio de la fuente arjona\",\"artes escenicas\",\"compa\u00f1\u00edas de teatro\",\"concurso de dramaturgia\",\"congreso regional\",\"escritura teatral\",\"fetam\",\"IV Muestra de Teatro aficionado de la FETAM\",\"pandemia\",\"premio\",\"v muestra de teatro aficionado\"],\"articleSection\":[\"actualidad\",\"Teatro\"],\"inLanguage\":\"es\",\"potentialAction\":[{\"@type\":\"CommentAction\",\"name\":\"Comment\",\"target\":[\"https:\\\/\\\/www.cope.es\\\/blogs\\\/palomitas-de-maiz\\\/2021\\\/06\\\/30\\\/teatro-antonio-de-la-fuente-premio-de-dramaturgia-fetam-por-actors-fiction\\\/#respond\"]}]},{\"@type\":\"WebPage\",\"@id\":\"https:\\\/\\\/www.cope.es\\\/blogs\\\/palomitas-de-maiz\\\/2021\\\/06\\\/30\\\/teatro-antonio-de-la-fuente-premio-de-dramaturgia-fetam-por-actors-fiction\\\/\",\"url\":\"https:\\\/\\\/www.cope.es\\\/blogs\\\/palomitas-de-maiz\\\/2021\\\/06\\\/30\\\/teatro-antonio-de-la-fuente-premio-de-dramaturgia-fetam-por-actors-fiction\\\/\",\"name\":\"Antonio de la Fuente, premio de dramaturgia FETAM por \u2018Actor\u2019s Fiction\u2019\",\"isPartOf\":{\"@id\":\"https:\\\/\\\/www.cope.es\\\/blogs\\\/palomitas-de-maiz\\\/#website\"},\"primaryImageOfPage\":{\"@id\":\"https:\\\/\\\/www.cope.es\\\/blogs\\\/palomitas-de-maiz\\\/2021\\\/06\\\/30\\\/teatro-antonio-de-la-fuente-premio-de-dramaturgia-fetam-por-actors-fiction\\\/#primaryimage\"},\"image\":{\"@id\":\"https:\\\/\\\/www.cope.es\\\/blogs\\\/palomitas-de-maiz\\\/2021\\\/06\\\/30\\\/teatro-antonio-de-la-fuente-premio-de-dramaturgia-fetam-por-actors-fiction\\\/#primaryimage\"},\"thumbnailUrl\":\"https:\\\/\\\/www.cope.es\\\/blogs\\\/palomitas-de-maiz\\\/wp-content\\\/uploads\\\/sites\\\/6\\\/2021\\\/06\\\/antonio-de-la-fuente-arjona-portada.jpg\",\"datePublished\":\"2021-06-29T22:19:26+00:00\",\"dateModified\":\"2021-06-29T22:23:23+00:00\",\"author\":{\"@id\":\"https:\\\/\\\/www.cope.es\\\/blogs\\\/palomitas-de-maiz\\\/#\\\/schema\\\/person\\\/9fb256f63733c964d19b06de1ca3c9ef\"},\"description\":\"Blog de cine y teatro. Blogs COPE. Antonio de la Fuente, premio de dramaturgia FETAM por \u2018Actor\u2019s Fiction\u2019. El premio est\u00e1 dotado con 800 \u20ac\",\"breadcrumb\":{\"@id\":\"https:\\\/\\\/www.cope.es\\\/blogs\\\/palomitas-de-maiz\\\/2021\\\/06\\\/30\\\/teatro-antonio-de-la-fuente-premio-de-dramaturgia-fetam-por-actors-fiction\\\/#breadcrumb\"},\"inLanguage\":\"es\",\"potentialAction\":[{\"@type\":\"ReadAction\",\"target\":[\"https:\\\/\\\/www.cope.es\\\/blogs\\\/palomitas-de-maiz\\\/2021\\\/06\\\/30\\\/teatro-antonio-de-la-fuente-premio-de-dramaturgia-fetam-por-actors-fiction\\\/\"]}]},{\"@type\":\"ImageObject\",\"inLanguage\":\"es\",\"@id\":\"https:\\\/\\\/www.cope.es\\\/blogs\\\/palomitas-de-maiz\\\/2021\\\/06\\\/30\\\/teatro-antonio-de-la-fuente-premio-de-dramaturgia-fetam-por-actors-fiction\\\/#primaryimage\",\"url\":\"https:\\\/\\\/www.cope.es\\\/blogs\\\/palomitas-de-maiz\\\/wp-content\\\/uploads\\\/sites\\\/6\\\/2021\\\/06\\\/antonio-de-la-fuente-arjona-portada.jpg\",\"contentUrl\":\"https:\\\/\\\/www.cope.es\\\/blogs\\\/palomitas-de-maiz\\\/wp-content\\\/uploads\\\/sites\\\/6\\\/2021\\\/06\\\/antonio-de-la-fuente-arjona-portada.jpg\",\"width\":725,\"height\":400,\"caption\":\"https:\\\/\\\/www.cope.es\\\/blogs\\\/palomitas-de-maiz\\\/2021\\\/06\\\/30\\\/teatro-antonio-de-la-fuente-premio-de-dramaturgia-fetam-por-actors-fiction\\\/\"},{\"@type\":\"BreadcrumbList\",\"@id\":\"https:\\\/\\\/www.cope.es\\\/blogs\\\/palomitas-de-maiz\\\/2021\\\/06\\\/30\\\/teatro-antonio-de-la-fuente-premio-de-dramaturgia-fetam-por-actors-fiction\\\/#breadcrumb\",\"itemListElement\":[{\"@type\":\"ListItem\",\"position\":1,\"name\":\"Portada\",\"item\":\"https:\\\/\\\/www.cope.es\\\/blogs\\\/palomitas-de-maiz\\\/\"},{\"@type\":\"ListItem\",\"position\":2,\"name\":\"Antonio de la Fuente Arjona conquista el Premio de Escritura Teatral FETAM 2021 con \u2018Actor\u2019s Fiction\u2019\"}]},{\"@type\":\"WebSite\",\"@id\":\"https:\\\/\\\/www.cope.es\\\/blogs\\\/palomitas-de-maiz\\\/#website\",\"url\":\"https:\\\/\\\/www.cope.es\\\/blogs\\\/palomitas-de-maiz\\\/\",\"name\":\"Palomitas de Ma\u00edz\",\"description\":\"Blog decano de cine de COPE\",\"potentialAction\":[{\"@type\":\"SearchAction\",\"target\":{\"@type\":\"EntryPoint\",\"urlTemplate\":\"https:\\\/\\\/www.cope.es\\\/blogs\\\/palomitas-de-maiz\\\/?s={search_term_string}\"},\"query-input\":{\"@type\":\"PropertyValueSpecification\",\"valueRequired\":true,\"valueName\":\"search_term_string\"}}],\"inLanguage\":\"es\"},{\"@type\":\"Person\",\"@id\":\"https:\\\/\\\/www.cope.es\\\/blogs\\\/palomitas-de-maiz\\\/#\\\/schema\\\/person\\\/9fb256f63733c964d19b06de1ca3c9ef\",\"name\":\"Jos\u00e9 Luis Panero\",\"image\":{\"@type\":\"ImageObject\",\"inLanguage\":\"es\",\"@id\":\"https:\\\/\\\/secure.gravatar.com\\\/avatar\\\/2ef93951eab3cee25932a7219e566376cbf6ddedde3aa3098e7a971991a3ef12?s=96&d=mm&r=g\",\"url\":\"https:\\\/\\\/secure.gravatar.com\\\/avatar\\\/2ef93951eab3cee25932a7219e566376cbf6ddedde3aa3098e7a971991a3ef12?s=96&d=mm&r=g\",\"contentUrl\":\"https:\\\/\\\/secure.gravatar.com\\\/avatar\\\/2ef93951eab3cee25932a7219e566376cbf6ddedde3aa3098e7a971991a3ef12?s=96&d=mm&r=g\",\"caption\":\"Jos\u00e9 Luis Panero\"},\"description\":\"Licenciado en Periodismo y en Comunicaci\u00f3n Audiovisual. Tras m\u00e1s de cuatro a\u00f1os en el diario 'La Gaceta de Los Negocios' y el programa f\u00edlmico 'Pantalla Grande', es cr\u00edtico de cine en 'Ciudad Nueva', 'Pantalla 90', 'COPE' o 'Aleteia' y cr\u00edtico de teatro en 'Hoy en la city'. Ha sido coguionista y ayudante de direcci\u00f3n de cine, ponente en los coloquios de cine del foro FNAC y profesor universitario en diferentes cursos de Periodismo Social. Desde 2003 es miembro del C\u00edrculo de Escritores Cinematogr\u00e1ficos (CEC). En 2008 fund\u00f3 en 'COPE' su blog de cine 'Palomitas de Ma\u00edz'. En 2017 fue nombrado Jurado Oficial del Festival Internacional de Cine de Fuengirola (M\u00e1laga) y ese a\u00f1o la instituci\u00f3n educativa Trinity College-Liceo Serrano le distingui\u00f3 con el nombramiento de 'Profesor de Honor' del centro y miembro ilustre del claustro de profesores. En 2019 fue nombrado Jurado Oficial del Festival Internacional de Cine de Vera (Almer\u00eda). En 2020 fue nombrado Jurado Oficial del Festival Internacional de Cine de Terror de La Mar Bella (Marbella). Como int\u00e9rprete ha sido galardonado con el Premio al Actor Principal del I Festival Nacional UNIR de teatro. Desde 2020 es acad\u00e9mico de las Artes Esc\u00e9nicas de Espa\u00f1a. En 2023 fue nombrado Jurado Oficial de los 'Premios Tal\u00eda' en su I Edici\u00f3n. Y miembro de ASHUMES (Asociaci\u00f3n del Humorismo Espa\u00f1ol) a partir de 2022. En 2023 fue nombrado Jurado Oficial de la II Edici\u00f3n de los 'Premios Godot'.\",\"sameAs\":[\"http:\\\/\\\/www.cope.es\",\"https:\\\/\\\/www.facebook.com\\\/palomitero\\\/\",\"https:\\\/\\\/www.instagram.com\\\/joseluispanero\\\/\",\"https:\\\/\\\/www.linkedin.com\\\/in\\\/jos-luis-panero-gonzlez-barosa-7722a716\\\/\",\"https:\\\/\\\/x.com\\\/PALOMITERO\",\"https:\\\/\\\/www.youtube.com\\\/channel\\\/UCQYaNGiETUXUPXjYu9p3lNw\\\/videos?\",\"https:\\\/\\\/es.wikipedia.org\\\/wiki\\\/Jos_Luis_Panero_Gonzlez-Barosa\"],\"url\":\"https:\\\/\\\/www.cope.es\\\/blogs\\\/palomitas-de-maiz\\\/author\\\/jlpanero\\\/\"}]}<\/script>\n<!-- \/ Yoast SEO plugin. -->","yoast_head_json":{"title":"Antonio de la Fuente, premio de dramaturgia FETAM por \u2018Actor\u2019s Fiction\u2019","description":"Blog de cine y teatro. Blogs COPE. Antonio de la Fuente, premio de dramaturgia FETAM por \u2018Actor\u2019s Fiction\u2019. El premio est\u00e1 dotado con 800 \u20ac","robots":{"index":"index","follow":"follow","max-snippet":"max-snippet:-1","max-image-preview":"max-image-preview:large","max-video-preview":"max-video-preview:-1"},"canonical":"https:\/\/www.cope.es\/blogs\/palomitas-de-maiz\/2021\/06\/30\/teatro-antonio-de-la-fuente-premio-de-dramaturgia-fetam-por-actors-fiction\/","og_locale":"es_ES","og_type":"article","og_title":"Antonio de la Fuente, premio de dramaturgia FETAM por \u2018Actor\u2019s Fiction\u2019","og_description":"Blog de cine y teatro. Blogs COPE. Antonio de la Fuente, premio de dramaturgia FETAM por \u2018Actor\u2019s Fiction\u2019. El premio est\u00e1 dotado con 800 \u20ac","og_url":"https:\/\/www.cope.es\/blogs\/palomitas-de-maiz\/2021\/06\/30\/teatro-antonio-de-la-fuente-premio-de-dramaturgia-fetam-por-actors-fiction\/","og_site_name":"Palomitas de Ma\u00edz","article_publisher":"https:\/\/www.facebook.com\/cope\/","article_author":"https:\/\/www.facebook.com\/palomitero\/","article_published_time":"2021-06-29T22:19:26+00:00","article_modified_time":"2021-06-29T22:23:23+00:00","og_image":[{"width":725,"height":400,"url":"https:\/\/www.cope.es\/blogs\/palomitas-de-maiz\/wp-content\/uploads\/sites\/6\/2021\/06\/antonio-de-la-fuente-arjona-portada.jpg","type":"image\/jpeg"}],"author":"Jos\u00e9 Luis Panero","twitter_card":"summary_large_image","twitter_creator":"@PALOMITERO","twitter_site":"@cope_es","twitter_misc":{"Escrito por":"Jos\u00e9 Luis Panero","Tiempo de lectura":"3 minutos"},"schema":{"@context":"https:\/\/schema.org","@graph":[{"@type":"Article","@id":"https:\/\/www.cope.es\/blogs\/palomitas-de-maiz\/2021\/06\/30\/teatro-antonio-de-la-fuente-premio-de-dramaturgia-fetam-por-actors-fiction\/#article","isPartOf":{"@id":"https:\/\/www.cope.es\/blogs\/palomitas-de-maiz\/2021\/06\/30\/teatro-antonio-de-la-fuente-premio-de-dramaturgia-fetam-por-actors-fiction\/"},"author":{"name":"Jos\u00e9 Luis Panero","@id":"https:\/\/www.cope.es\/blogs\/palomitas-de-maiz\/#\/schema\/person\/9fb256f63733c964d19b06de1ca3c9ef"},"headline":"Antonio de la Fuente Arjona conquista el Premio de Escritura Teatral FETAM 2021 con \u2018Actor\u2019s Fiction\u2019","datePublished":"2021-06-29T22:19:26+00:00","dateModified":"2021-06-29T22:23:23+00:00","mainEntityOfPage":{"@id":"https:\/\/www.cope.es\/blogs\/palomitas-de-maiz\/2021\/06\/30\/teatro-antonio-de-la-fuente-premio-de-dramaturgia-fetam-por-actors-fiction\/"},"wordCount":616,"commentCount":0,"image":{"@id":"https:\/\/www.cope.es\/blogs\/palomitas-de-maiz\/2021\/06\/30\/teatro-antonio-de-la-fuente-premio-de-dramaturgia-fetam-por-actors-fiction\/#primaryimage"},"thumbnailUrl":"https:\/\/www.cope.es\/blogs\/palomitas-de-maiz\/wp-content\/uploads\/sites\/6\/2021\/06\/antonio-de-la-fuente-arjona-portada.jpg","keywords":["actor's fiction","antonio de la fuente arjona","artes escenicas","compa\u00f1\u00edas de teatro","concurso de dramaturgia","congreso regional","escritura teatral","fetam","IV Muestra de Teatro aficionado de la FETAM","pandemia","premio","v muestra de teatro aficionado"],"articleSection":["actualidad","Teatro"],"inLanguage":"es","potentialAction":[{"@type":"CommentAction","name":"Comment","target":["https:\/\/www.cope.es\/blogs\/palomitas-de-maiz\/2021\/06\/30\/teatro-antonio-de-la-fuente-premio-de-dramaturgia-fetam-por-actors-fiction\/#respond"]}]},{"@type":"WebPage","@id":"https:\/\/www.cope.es\/blogs\/palomitas-de-maiz\/2021\/06\/30\/teatro-antonio-de-la-fuente-premio-de-dramaturgia-fetam-por-actors-fiction\/","url":"https:\/\/www.cope.es\/blogs\/palomitas-de-maiz\/2021\/06\/30\/teatro-antonio-de-la-fuente-premio-de-dramaturgia-fetam-por-actors-fiction\/","name":"Antonio de la Fuente, premio de dramaturgia FETAM por \u2018Actor\u2019s Fiction\u2019","isPartOf":{"@id":"https:\/\/www.cope.es\/blogs\/palomitas-de-maiz\/#website"},"primaryImageOfPage":{"@id":"https:\/\/www.cope.es\/blogs\/palomitas-de-maiz\/2021\/06\/30\/teatro-antonio-de-la-fuente-premio-de-dramaturgia-fetam-por-actors-fiction\/#primaryimage"},"image":{"@id":"https:\/\/www.cope.es\/blogs\/palomitas-de-maiz\/2021\/06\/30\/teatro-antonio-de-la-fuente-premio-de-dramaturgia-fetam-por-actors-fiction\/#primaryimage"},"thumbnailUrl":"https:\/\/www.cope.es\/blogs\/palomitas-de-maiz\/wp-content\/uploads\/sites\/6\/2021\/06\/antonio-de-la-fuente-arjona-portada.jpg","datePublished":"2021-06-29T22:19:26+00:00","dateModified":"2021-06-29T22:23:23+00:00","author":{"@id":"https:\/\/www.cope.es\/blogs\/palomitas-de-maiz\/#\/schema\/person\/9fb256f63733c964d19b06de1ca3c9ef"},"description":"Blog de cine y teatro. Blogs COPE. Antonio de la Fuente, premio de dramaturgia FETAM por \u2018Actor\u2019s Fiction\u2019. El premio est\u00e1 dotado con 800 \u20ac","breadcrumb":{"@id":"https:\/\/www.cope.es\/blogs\/palomitas-de-maiz\/2021\/06\/30\/teatro-antonio-de-la-fuente-premio-de-dramaturgia-fetam-por-actors-fiction\/#breadcrumb"},"inLanguage":"es","potentialAction":[{"@type":"ReadAction","target":["https:\/\/www.cope.es\/blogs\/palomitas-de-maiz\/2021\/06\/30\/teatro-antonio-de-la-fuente-premio-de-dramaturgia-fetam-por-actors-fiction\/"]}]},{"@type":"ImageObject","inLanguage":"es","@id":"https:\/\/www.cope.es\/blogs\/palomitas-de-maiz\/2021\/06\/30\/teatro-antonio-de-la-fuente-premio-de-dramaturgia-fetam-por-actors-fiction\/#primaryimage","url":"https:\/\/www.cope.es\/blogs\/palomitas-de-maiz\/wp-content\/uploads\/sites\/6\/2021\/06\/antonio-de-la-fuente-arjona-portada.jpg","contentUrl":"https:\/\/www.cope.es\/blogs\/palomitas-de-maiz\/wp-content\/uploads\/sites\/6\/2021\/06\/antonio-de-la-fuente-arjona-portada.jpg","width":725,"height":400,"caption":"https:\/\/www.cope.es\/blogs\/palomitas-de-maiz\/2021\/06\/30\/teatro-antonio-de-la-fuente-premio-de-dramaturgia-fetam-por-actors-fiction\/"},{"@type":"BreadcrumbList","@id":"https:\/\/www.cope.es\/blogs\/palomitas-de-maiz\/2021\/06\/30\/teatro-antonio-de-la-fuente-premio-de-dramaturgia-fetam-por-actors-fiction\/#breadcrumb","itemListElement":[{"@type":"ListItem","position":1,"name":"Portada","item":"https:\/\/www.cope.es\/blogs\/palomitas-de-maiz\/"},{"@type":"ListItem","position":2,"name":"Antonio de la Fuente Arjona conquista el Premio de Escritura Teatral FETAM 2021 con \u2018Actor\u2019s Fiction\u2019"}]},{"@type":"WebSite","@id":"https:\/\/www.cope.es\/blogs\/palomitas-de-maiz\/#website","url":"https:\/\/www.cope.es\/blogs\/palomitas-de-maiz\/","name":"Palomitas de Ma\u00edz","description":"Blog decano de cine de COPE","potentialAction":[{"@type":"SearchAction","target":{"@type":"EntryPoint","urlTemplate":"https:\/\/www.cope.es\/blogs\/palomitas-de-maiz\/?s={search_term_string}"},"query-input":{"@type":"PropertyValueSpecification","valueRequired":true,"valueName":"search_term_string"}}],"inLanguage":"es"},{"@type":"Person","@id":"https:\/\/www.cope.es\/blogs\/palomitas-de-maiz\/#\/schema\/person\/9fb256f63733c964d19b06de1ca3c9ef","name":"Jos\u00e9 Luis Panero","image":{"@type":"ImageObject","inLanguage":"es","@id":"https:\/\/secure.gravatar.com\/avatar\/2ef93951eab3cee25932a7219e566376cbf6ddedde3aa3098e7a971991a3ef12?s=96&d=mm&r=g","url":"https:\/\/secure.gravatar.com\/avatar\/2ef93951eab3cee25932a7219e566376cbf6ddedde3aa3098e7a971991a3ef12?s=96&d=mm&r=g","contentUrl":"https:\/\/secure.gravatar.com\/avatar\/2ef93951eab3cee25932a7219e566376cbf6ddedde3aa3098e7a971991a3ef12?s=96&d=mm&r=g","caption":"Jos\u00e9 Luis Panero"},"description":"Licenciado en Periodismo y en Comunicaci\u00f3n Audiovisual. Tras m\u00e1s de cuatro a\u00f1os en el diario 'La Gaceta de Los Negocios' y el programa f\u00edlmico 'Pantalla Grande', es cr\u00edtico de cine en 'Ciudad Nueva', 'Pantalla 90', 'COPE' o 'Aleteia' y cr\u00edtico de teatro en 'Hoy en la city'. Ha sido coguionista y ayudante de direcci\u00f3n de cine, ponente en los coloquios de cine del foro FNAC y profesor universitario en diferentes cursos de Periodismo Social. Desde 2003 es miembro del C\u00edrculo de Escritores Cinematogr\u00e1ficos (CEC). En 2008 fund\u00f3 en 'COPE' su blog de cine 'Palomitas de Ma\u00edz'. En 2017 fue nombrado Jurado Oficial del Festival Internacional de Cine de Fuengirola (M\u00e1laga) y ese a\u00f1o la instituci\u00f3n educativa Trinity College-Liceo Serrano le distingui\u00f3 con el nombramiento de 'Profesor de Honor' del centro y miembro ilustre del claustro de profesores. En 2019 fue nombrado Jurado Oficial del Festival Internacional de Cine de Vera (Almer\u00eda). En 2020 fue nombrado Jurado Oficial del Festival Internacional de Cine de Terror de La Mar Bella (Marbella). Como int\u00e9rprete ha sido galardonado con el Premio al Actor Principal del I Festival Nacional UNIR de teatro. Desde 2020 es acad\u00e9mico de las Artes Esc\u00e9nicas de Espa\u00f1a. En 2023 fue nombrado Jurado Oficial de los 'Premios Tal\u00eda' en su I Edici\u00f3n. Y miembro de ASHUMES (Asociaci\u00f3n del Humorismo Espa\u00f1ol) a partir de 2022. En 2023 fue nombrado Jurado Oficial de la II Edici\u00f3n de los 'Premios Godot'.","sameAs":["http:\/\/www.cope.es","https:\/\/www.facebook.com\/palomitero\/","https:\/\/www.instagram.com\/joseluispanero\/","https:\/\/www.linkedin.com\/in\/jos-luis-panero-gonzlez-barosa-7722a716\/","https:\/\/x.com\/PALOMITERO","https:\/\/www.youtube.com\/channel\/UCQYaNGiETUXUPXjYu9p3lNw\/videos?","https:\/\/es.wikipedia.org\/wiki\/Jos_Luis_Panero_Gonzlez-Barosa"],"url":"https:\/\/www.cope.es\/blogs\/palomitas-de-maiz\/author\/jlpanero\/"}]}},"amp_enabled":true,"_links":{"self":[{"href":"https:\/\/www.cope.es\/blogs\/palomitas-de-maiz\/wp-json\/wp\/v2\/posts\/8093","targetHints":{"allow":["GET"]}}],"collection":[{"href":"https:\/\/www.cope.es\/blogs\/palomitas-de-maiz\/wp-json\/wp\/v2\/posts"}],"about":[{"href":"https:\/\/www.cope.es\/blogs\/palomitas-de-maiz\/wp-json\/wp\/v2\/types\/post"}],"author":[{"embeddable":true,"href":"https:\/\/www.cope.es\/blogs\/palomitas-de-maiz\/wp-json\/wp\/v2\/users\/6"}],"replies":[{"embeddable":true,"href":"https:\/\/www.cope.es\/blogs\/palomitas-de-maiz\/wp-json\/wp\/v2\/comments?post=8093"}],"version-history":[{"count":2,"href":"https:\/\/www.cope.es\/blogs\/palomitas-de-maiz\/wp-json\/wp\/v2\/posts\/8093\/revisions"}],"predecessor-version":[{"id":8102,"href":"https:\/\/www.cope.es\/blogs\/palomitas-de-maiz\/wp-json\/wp\/v2\/posts\/8093\/revisions\/8102"}],"wp:featuredmedia":[{"embeddable":true,"href":"https:\/\/www.cope.es\/blogs\/palomitas-de-maiz\/wp-json\/wp\/v2\/media\/8096"}],"wp:attachment":[{"href":"https:\/\/www.cope.es\/blogs\/palomitas-de-maiz\/wp-json\/wp\/v2\/media?parent=8093"}],"wp:term":[{"taxonomy":"category","embeddable":true,"href":"https:\/\/www.cope.es\/blogs\/palomitas-de-maiz\/wp-json\/wp\/v2\/categories?post=8093"},{"taxonomy":"post_tag","embeddable":true,"href":"https:\/\/www.cope.es\/blogs\/palomitas-de-maiz\/wp-json\/wp\/v2\/tags?post=8093"}],"curies":[{"name":"wp","href":"https:\/\/api.w.org\/{rel}","templated":true}]}}