{"id":7928,"date":"2021-05-24T00:01:09","date_gmt":"2021-05-23T22:01:09","guid":{"rendered":"http:\/\/www.cope.es\/blogs\/palomitas-de-maiz\/?p=7928"},"modified":"2021-05-24T00:53:25","modified_gmt":"2021-05-23T22:53:25","slug":"miguel-cobaler-publica-la-pantalla-del-halcon-su-rotunda-opera-prima-novela-ficcion","status":"publish","type":"post","link":"https:\/\/www.cope.es\/blogs\/palomitas-de-maiz\/2021\/05\/24\/miguel-cobaler-publica-la-pantalla-del-halcon-su-rotunda-opera-prima-novela-ficcion\/","title":{"rendered":"\u2018La pantalla del halc\u00f3n\u2019: Miguel Cobaler lanza una poderosa novela sobre la fren\u00e9tica lucha por el poder digital"},"content":{"rendered":"<p>\u00a1Mis queridos palomiteros! Miguel Cobaler publica \u2018La pantalla del halc\u00f3n\u2019, su rotunda opera prima. En un contexto en el que cada vez es m\u00e1s f\u00e1cil imaginar un guion de HBO cuando leemos una historia de suspense, nos encontramos ahora ante la valiosa y atractiva historia del joven autor <strong>Miguel Cobaler<\/strong>. A la saz\u00f3n consultor y docente, <a href=\"http:\/\/www.cope.es\/blogs\/palomitas-de-maiz\/2020\/10\/07\/cameo-lanza-hoy-en-br-las-aclamadas-under-the-skin-y-accion-mutante-critica-cine\/\">\u00a0ha volcado sus experiencias profesionales en esta ficci\u00f3n<\/a> que est\u00e1 registrando muy buenos resultados en Amazon en su primer mes de andadura.<\/p>\n<figure id=\"attachment_7929\" aria-describedby=\"caption-attachment-7929\" style=\"width: 725px\" class=\"wp-caption aligncenter\"><img loading=\"lazy\" decoding=\"async\" width=\"725\" height=\"1143\" class=\"wp-image-7929 size-full\" src=\"http:\/\/www.cope.es\/blogs\/palomitas-de-maiz\/wp-content\/uploads\/sites\/6\/2021\/05\/la-pantalla-del-halc\u00f3n.jpg\" alt=\"Miguel Cobaler publica \u2018La pantalla del halc\u00f3n\u2019, su rotunda opera prima\" srcset=\"https:\/\/www.cope.es\/blogs\/palomitas-de-maiz\/wp-content\/uploads\/sites\/6\/2021\/05\/la-pantalla-del-halc\u00f3n.jpg 725w, https:\/\/www.cope.es\/blogs\/palomitas-de-maiz\/wp-content\/uploads\/sites\/6\/2021\/05\/la-pantalla-del-halc\u00f3n-190x300.jpg 190w, https:\/\/www.cope.es\/blogs\/palomitas-de-maiz\/wp-content\/uploads\/sites\/6\/2021\/05\/la-pantalla-del-halc\u00f3n-650x1024.jpg 650w\" sizes=\"auto, (max-width: 725px) 100vw, 725px\" \/><figcaption id=\"caption-attachment-7929\" class=\"wp-caption-text\"><strong>Miguel Cobaler<\/strong> publica \u2018<em>La pantalla del halc\u00f3n<\/em>\u2019, su rotunda opera prima<\/figcaption><\/figure>\n<p>El escenario podr\u00eda ser actual o futurible (seg\u00fan lo interiorizados que tengamos los avances tecnol\u00f3gicos), <strong>en medio de una sociedad digital<\/strong> cuyas clases dominantes, desde el poder ejecutivo a los gur\u00fas religiosos, acaparan las bondades <em>online <\/em>para controlar a la poblaci\u00f3n y ahorrar costes.<\/p>\n<h2>Miguel Cobaler publica \u2018La pantalla del halc\u00f3n\u2019, su rotunda opera prima<\/h2>\n<p>A modo de analog\u00eda con <em><a href=\"https:\/\/es.wikipedia.org\/wiki\/V_de_Vendetta\" target=\"_blank\">V de Vendetta<\/a><\/em>,<strong> el pueblo puede aceptar estas vanguardias digitales con sumisi\u00f3n o conspirar contra sus se\u00f1ores<\/strong>. As\u00ed, las principales familias aristocr\u00e1ticas del pa\u00eds se enzarzan en una furiosa lucha por el poder, econ\u00f3mico y pol\u00edtico, sirvi\u00e9ndose de una ciudadan\u00eda cada vez m\u00e1s comprensiva <strong>con el incipiente terrorismo antidigital<\/strong> y, tambi\u00e9n, de sus vicios m\u00e1s primarios.<\/p>\n<p><iframe loading=\"lazy\" title=\"V Vendetta: Solo ten\u00e9is balas y la esperanza de matarme antes de que se os acaben\" width=\"675\" height=\"380\" src=\"https:\/\/www.youtube.com\/embed\/XVqDnwy_CVA?feature=oembed\" frameborder=\"0\" allow=\"accelerometer; autoplay; clipboard-write; encrypted-media; gyroscope; picture-in-picture\" allowfullscreen><\/iframe><\/p>\n<p><strong>Se aprecian reflejos de<\/strong> <em><a href=\"https:\/\/es.wikipedia.org\/wiki\/Game_of_Thrones\" target=\"_blank\">Juego de Tronos <\/a><\/em>(sin dragones) y de <em><a href=\"https:\/\/es.wikipedia.org\/wiki\/1984_(novela)\" target=\"_blank\">1984<\/a><\/em>, <strong>con unos personajes muy definidos desde el punto de vista psicol\u00f3gic<\/strong>o, pero no f\u00e1cilmente identificables como \u00abbuenos\u00bb o \u00abmalos\u00bb. As\u00ed las cosas, nuestros protagonistas -a quienes conoceremos desde su infancia hasta su etapa adulta- van tejiendo relaciones interesadas entre s\u00ed y van entreg\u00e1ndose al sexo y a la violencia para obtener sus fines y consolidar su prestigio. El qu\u00e9 dir\u00e1n, por delante.<\/p>\n<p><iframe loading=\"lazy\" title=\"Juego de Tronos - Tr\u00e1iler T1 (Espa\u00f1ol)\" width=\"675\" height=\"380\" src=\"https:\/\/www.youtube.com\/embed\/WsybaLPsaY8?feature=oembed\" frameborder=\"0\" allow=\"accelerometer; autoplay; clipboard-write; encrypted-media; gyroscope; picture-in-picture\" allowfullscreen><\/iframe><\/p>\n<p>Al tiempo, se ir\u00e1n desvelando las aut\u00e9nticas ambiciones pol\u00edticas de cada uno y los sucesivos avances digitales que el Gobierno va implantando para \u00abmejorar\u00bb la vida de los ciudadanos y, con ello, centralizar el poder. De esta manera, <strong>en el camino se quedar\u00e1n miles de empleos<\/strong>. Ser\u00e1n sustituidos por m\u00e1quinas hasta que, incontroladamente, unos j\u00f3venes idealistas, bien entrenados (en un ambiente algo <em><a href=\"https:\/\/es.wikipedia.org\/wiki\/Gladiator\" target=\"_blank\">Gladiator<\/a><\/em>), consiguen sabotearlas en busca de recuperar las din\u00e1micas del pasado.<\/p>\n<p><iframe loading=\"lazy\" title=\"Coliseo, batalla de Zama, Gladiator, HD\" width=\"675\" height=\"380\" src=\"https:\/\/www.youtube.com\/embed\/Efk4JUVTVvE?feature=oembed\" frameborder=\"0\" allow=\"accelerometer; autoplay; clipboard-write; encrypted-media; gyroscope; picture-in-picture\" allowfullscreen><\/iframe><\/p>\n<p>Adem\u00e1s, <em>La pantalla del halc\u00f3n<\/em> <strong>contiene solventes escenas de acci\u00f3n, inspiradas en las pel\u00edculas asi\u00e1ticas de artes marciales<\/strong>. En ellas se aprecia el buen gusto por las secuencias dram\u00e1ticas que le confieren un ritmo absolutamente trepidante. <strong>Muy recomendable<\/strong>.<\/p>\n<figure id=\"attachment_7931\" aria-describedby=\"caption-attachment-7931\" style=\"width: 768px\" class=\"wp-caption aligncenter\"><img loading=\"lazy\" decoding=\"async\" width=\"768\" height=\"1024\" class=\"wp-image-7931 size-full\" src=\"http:\/\/www.cope.es\/blogs\/palomitas-de-maiz\/wp-content\/uploads\/sites\/6\/2021\/05\/miguel-torres-1.jpg\" alt=\"Miguel Cobaler \" srcset=\"https:\/\/www.cope.es\/blogs\/palomitas-de-maiz\/wp-content\/uploads\/sites\/6\/2021\/05\/miguel-torres-1.jpg 768w, https:\/\/www.cope.es\/blogs\/palomitas-de-maiz\/wp-content\/uploads\/sites\/6\/2021\/05\/miguel-torres-1-225x300.jpg 225w\" sizes=\"auto, (max-width: 768px) 100vw, 768px\" \/><figcaption id=\"caption-attachment-7931\" class=\"wp-caption-text\"><strong>Miguel Cobaler <\/strong><\/figcaption><\/figure>\n","protected":false},"excerpt":{"rendered":"<p>\u00a1Mis queridos palomiteros! Miguel Cobaler publica \u2018La pantalla del halc\u00f3n\u2019, su rotunda opera prima. En un contexto en el que cada vez es m\u00e1s f\u00e1cil imaginar un guion de HBO cuando leemos una historia de suspense, nos encontramos ahora ante la valiosa y atractiva historia del joven autor Miguel Cobaler. A la saz\u00f3n consultor y [&hellip;]<\/p>\n","protected":false},"author":6,"featured_media":7930,"comment_status":"open","ping_status":"open","sticky":false,"template":"","format":"standard","meta":{"footnotes":""},"categories":[336,49,690,570],"tags":[3685,8961,8960,40,913,8962,8963],"class_list":["post-7928","post","type-post","status-publish","format-standard","has-post-thumbnail","hentry","category-actualidad","category-cine","category-novela","category-opera-prima","tag-ficcion","tag-la-pantalla-del-halcon","tag-miguel-cobaler","tag-novela","tag-opera-prima","tag-poder-digital","tag-terrorismo-antidigital"],"yoast_head":"<!-- This site is optimized with the Yoast SEO plugin v27.4 - https:\/\/yoast.com\/product\/yoast-seo-wordpress\/ -->\n<title>Miguel Cobaler publica \u2018La pantalla del halc\u00f3n\u2019, su rotunda opera prima<\/title>\n<meta name=\"description\" content=\"Miguel Cobaler publica \u2018La pantalla del halc\u00f3n\u2019, su rotunda opera prima. Armada con talento, potencia la ambici\u00f3n por el control del mundo digital\" \/>\n<meta name=\"robots\" content=\"index, follow, max-snippet:-1, max-image-preview:large, max-video-preview:-1\" \/>\n<link rel=\"canonical\" href=\"https:\/\/www.cope.es\/blogs\/palomitas-de-maiz\/2021\/05\/24\/miguel-cobaler-publica-la-pantalla-del-halcon-su-rotunda-opera-prima-novela-ficcion\/\" \/>\n<meta property=\"og:locale\" content=\"es_ES\" \/>\n<meta property=\"og:type\" content=\"article\" \/>\n<meta property=\"og:title\" content=\"Miguel Cobaler publica \u2018La pantalla del halc\u00f3n\u2019, su rotunda opera prima\" \/>\n<meta property=\"og:description\" content=\"Miguel Cobaler publica \u2018La pantalla del halc\u00f3n\u2019, su rotunda opera prima. Armada con talento, potencia la ambici\u00f3n por el control del mundo digital\" \/>\n<meta property=\"og:url\" content=\"https:\/\/www.cope.es\/blogs\/palomitas-de-maiz\/2021\/05\/24\/miguel-cobaler-publica-la-pantalla-del-halcon-su-rotunda-opera-prima-novela-ficcion\/\" \/>\n<meta property=\"og:site_name\" content=\"Palomitas de Ma\u00edz\" \/>\n<meta property=\"article:publisher\" content=\"https:\/\/www.facebook.com\/cope\/\" \/>\n<meta property=\"article:author\" content=\"https:\/\/www.facebook.com\/palomitero\/\" \/>\n<meta property=\"article:published_time\" content=\"2021-05-23T22:01:09+00:00\" \/>\n<meta property=\"article:modified_time\" content=\"2021-05-23T22:53:25+00:00\" \/>\n<meta property=\"og:image\" content=\"https:\/\/www.cope.es\/blogs\/palomitas-de-maiz\/wp-content\/uploads\/sites\/6\/2021\/05\/miguel-torres.jpg\" \/>\n\t<meta property=\"og:image:width\" content=\"714\" \/>\n\t<meta property=\"og:image:height\" content=\"406\" \/>\n\t<meta property=\"og:image:type\" content=\"image\/jpeg\" \/>\n<meta name=\"author\" content=\"Jos\u00e9 Luis Panero\" \/>\n<meta name=\"twitter:card\" content=\"summary_large_image\" \/>\n<meta name=\"twitter:creator\" content=\"@PALOMITERO\" \/>\n<meta name=\"twitter:site\" content=\"@cope_es\" \/>\n<meta name=\"twitter:label1\" content=\"Escrito por\" \/>\n\t<meta name=\"twitter:data1\" content=\"Jos\u00e9 Luis Panero\" \/>\n\t<meta name=\"twitter:label2\" content=\"Tiempo de lectura\" \/>\n\t<meta name=\"twitter:data2\" content=\"2 minutos\" \/>\n<script type=\"application\/ld+json\" class=\"yoast-schema-graph\">{\"@context\":\"https:\\\/\\\/schema.org\",\"@graph\":[{\"@type\":\"Article\",\"@id\":\"https:\\\/\\\/www.cope.es\\\/blogs\\\/palomitas-de-maiz\\\/2021\\\/05\\\/24\\\/miguel-cobaler-publica-la-pantalla-del-halcon-su-rotunda-opera-prima-novela-ficcion\\\/#article\",\"isPartOf\":{\"@id\":\"https:\\\/\\\/www.cope.es\\\/blogs\\\/palomitas-de-maiz\\\/2021\\\/05\\\/24\\\/miguel-cobaler-publica-la-pantalla-del-halcon-su-rotunda-opera-prima-novela-ficcion\\\/\"},\"author\":{\"name\":\"Jos\u00e9 Luis Panero\",\"@id\":\"https:\\\/\\\/www.cope.es\\\/blogs\\\/palomitas-de-maiz\\\/#\\\/schema\\\/person\\\/9fb256f63733c964d19b06de1ca3c9ef\"},\"headline\":\"\u2018La pantalla del halc\u00f3n\u2019: Miguel Cobaler lanza una poderosa novela sobre la fren\u00e9tica lucha por el poder digital\",\"datePublished\":\"2021-05-23T22:01:09+00:00\",\"dateModified\":\"2021-05-23T22:53:25+00:00\",\"mainEntityOfPage\":{\"@id\":\"https:\\\/\\\/www.cope.es\\\/blogs\\\/palomitas-de-maiz\\\/2021\\\/05\\\/24\\\/miguel-cobaler-publica-la-pantalla-del-halcon-su-rotunda-opera-prima-novela-ficcion\\\/\"},\"wordCount\":490,\"commentCount\":0,\"image\":{\"@id\":\"https:\\\/\\\/www.cope.es\\\/blogs\\\/palomitas-de-maiz\\\/2021\\\/05\\\/24\\\/miguel-cobaler-publica-la-pantalla-del-halcon-su-rotunda-opera-prima-novela-ficcion\\\/#primaryimage\"},\"thumbnailUrl\":\"https:\\\/\\\/www.cope.es\\\/blogs\\\/palomitas-de-maiz\\\/wp-content\\\/uploads\\\/sites\\\/6\\\/2021\\\/05\\\/miguel-torres.jpg\",\"keywords\":[\"ficci\u00f3n\",\"la pantalla del halc\u00f3n\",\"miguel cobaler\",\"novela\",\"opera prima\",\"poder digital\",\"terrorismo antidigital\"],\"articleSection\":[\"actualidad\",\"Cine\",\"novela\",\"Opera prima\"],\"inLanguage\":\"es\",\"potentialAction\":[{\"@type\":\"CommentAction\",\"name\":\"Comment\",\"target\":[\"https:\\\/\\\/www.cope.es\\\/blogs\\\/palomitas-de-maiz\\\/2021\\\/05\\\/24\\\/miguel-cobaler-publica-la-pantalla-del-halcon-su-rotunda-opera-prima-novela-ficcion\\\/#respond\"]}]},{\"@type\":\"WebPage\",\"@id\":\"https:\\\/\\\/www.cope.es\\\/blogs\\\/palomitas-de-maiz\\\/2021\\\/05\\\/24\\\/miguel-cobaler-publica-la-pantalla-del-halcon-su-rotunda-opera-prima-novela-ficcion\\\/\",\"url\":\"https:\\\/\\\/www.cope.es\\\/blogs\\\/palomitas-de-maiz\\\/2021\\\/05\\\/24\\\/miguel-cobaler-publica-la-pantalla-del-halcon-su-rotunda-opera-prima-novela-ficcion\\\/\",\"name\":\"Miguel Cobaler publica \u2018La pantalla del halc\u00f3n\u2019, su rotunda opera prima\",\"isPartOf\":{\"@id\":\"https:\\\/\\\/www.cope.es\\\/blogs\\\/palomitas-de-maiz\\\/#website\"},\"primaryImageOfPage\":{\"@id\":\"https:\\\/\\\/www.cope.es\\\/blogs\\\/palomitas-de-maiz\\\/2021\\\/05\\\/24\\\/miguel-cobaler-publica-la-pantalla-del-halcon-su-rotunda-opera-prima-novela-ficcion\\\/#primaryimage\"},\"image\":{\"@id\":\"https:\\\/\\\/www.cope.es\\\/blogs\\\/palomitas-de-maiz\\\/2021\\\/05\\\/24\\\/miguel-cobaler-publica-la-pantalla-del-halcon-su-rotunda-opera-prima-novela-ficcion\\\/#primaryimage\"},\"thumbnailUrl\":\"https:\\\/\\\/www.cope.es\\\/blogs\\\/palomitas-de-maiz\\\/wp-content\\\/uploads\\\/sites\\\/6\\\/2021\\\/05\\\/miguel-torres.jpg\",\"datePublished\":\"2021-05-23T22:01:09+00:00\",\"dateModified\":\"2021-05-23T22:53:25+00:00\",\"author\":{\"@id\":\"https:\\\/\\\/www.cope.es\\\/blogs\\\/palomitas-de-maiz\\\/#\\\/schema\\\/person\\\/9fb256f63733c964d19b06de1ca3c9ef\"},\"description\":\"Miguel Cobaler publica \u2018La pantalla del halc\u00f3n\u2019, su rotunda opera prima. Armada con talento, potencia la ambici\u00f3n por el control del mundo digital\",\"breadcrumb\":{\"@id\":\"https:\\\/\\\/www.cope.es\\\/blogs\\\/palomitas-de-maiz\\\/2021\\\/05\\\/24\\\/miguel-cobaler-publica-la-pantalla-del-halcon-su-rotunda-opera-prima-novela-ficcion\\\/#breadcrumb\"},\"inLanguage\":\"es\",\"potentialAction\":[{\"@type\":\"ReadAction\",\"target\":[\"https:\\\/\\\/www.cope.es\\\/blogs\\\/palomitas-de-maiz\\\/2021\\\/05\\\/24\\\/miguel-cobaler-publica-la-pantalla-del-halcon-su-rotunda-opera-prima-novela-ficcion\\\/\"]}]},{\"@type\":\"ImageObject\",\"inLanguage\":\"es\",\"@id\":\"https:\\\/\\\/www.cope.es\\\/blogs\\\/palomitas-de-maiz\\\/2021\\\/05\\\/24\\\/miguel-cobaler-publica-la-pantalla-del-halcon-su-rotunda-opera-prima-novela-ficcion\\\/#primaryimage\",\"url\":\"https:\\\/\\\/www.cope.es\\\/blogs\\\/palomitas-de-maiz\\\/wp-content\\\/uploads\\\/sites\\\/6\\\/2021\\\/05\\\/miguel-torres.jpg\",\"contentUrl\":\"https:\\\/\\\/www.cope.es\\\/blogs\\\/palomitas-de-maiz\\\/wp-content\\\/uploads\\\/sites\\\/6\\\/2021\\\/05\\\/miguel-torres.jpg\",\"width\":714,\"height\":406,\"caption\":\"https:\\\/\\\/www.cope.es\\\/blogs\\\/palomitas-de-maiz\\\/2021\\\/05\\\/24\\\/miguel-cobaler-publica-la-pantalla-del-halcon-su-rotunda-opera-prima-novela-ficcion\\\/\"},{\"@type\":\"BreadcrumbList\",\"@id\":\"https:\\\/\\\/www.cope.es\\\/blogs\\\/palomitas-de-maiz\\\/2021\\\/05\\\/24\\\/miguel-cobaler-publica-la-pantalla-del-halcon-su-rotunda-opera-prima-novela-ficcion\\\/#breadcrumb\",\"itemListElement\":[{\"@type\":\"ListItem\",\"position\":1,\"name\":\"Portada\",\"item\":\"https:\\\/\\\/www.cope.es\\\/blogs\\\/palomitas-de-maiz\\\/\"},{\"@type\":\"ListItem\",\"position\":2,\"name\":\"\u2018La pantalla del halc\u00f3n\u2019: Miguel Cobaler lanza una poderosa novela sobre la fren\u00e9tica lucha por el poder digital\"}]},{\"@type\":\"WebSite\",\"@id\":\"https:\\\/\\\/www.cope.es\\\/blogs\\\/palomitas-de-maiz\\\/#website\",\"url\":\"https:\\\/\\\/www.cope.es\\\/blogs\\\/palomitas-de-maiz\\\/\",\"name\":\"Palomitas de Ma\u00edz\",\"description\":\"Blog decano de cine de COPE\",\"potentialAction\":[{\"@type\":\"SearchAction\",\"target\":{\"@type\":\"EntryPoint\",\"urlTemplate\":\"https:\\\/\\\/www.cope.es\\\/blogs\\\/palomitas-de-maiz\\\/?s={search_term_string}\"},\"query-input\":{\"@type\":\"PropertyValueSpecification\",\"valueRequired\":true,\"valueName\":\"search_term_string\"}}],\"inLanguage\":\"es\"},{\"@type\":\"Person\",\"@id\":\"https:\\\/\\\/www.cope.es\\\/blogs\\\/palomitas-de-maiz\\\/#\\\/schema\\\/person\\\/9fb256f63733c964d19b06de1ca3c9ef\",\"name\":\"Jos\u00e9 Luis Panero\",\"image\":{\"@type\":\"ImageObject\",\"inLanguage\":\"es\",\"@id\":\"https:\\\/\\\/secure.gravatar.com\\\/avatar\\\/2ef93951eab3cee25932a7219e566376cbf6ddedde3aa3098e7a971991a3ef12?s=96&d=mm&r=g\",\"url\":\"https:\\\/\\\/secure.gravatar.com\\\/avatar\\\/2ef93951eab3cee25932a7219e566376cbf6ddedde3aa3098e7a971991a3ef12?s=96&d=mm&r=g\",\"contentUrl\":\"https:\\\/\\\/secure.gravatar.com\\\/avatar\\\/2ef93951eab3cee25932a7219e566376cbf6ddedde3aa3098e7a971991a3ef12?s=96&d=mm&r=g\",\"caption\":\"Jos\u00e9 Luis Panero\"},\"description\":\"Licenciado en Periodismo y en Comunicaci\u00f3n Audiovisual. Tras m\u00e1s de cuatro a\u00f1os en el diario 'La Gaceta de Los Negocios' y el programa f\u00edlmico 'Pantalla Grande', es cr\u00edtico de cine en 'Ciudad Nueva', 'Pantalla 90', 'COPE' o 'Aleteia' y cr\u00edtico de teatro en 'Hoy en la city'. Ha sido coguionista y ayudante de direcci\u00f3n de cine, ponente en los coloquios de cine del foro FNAC y profesor universitario en diferentes cursos de Periodismo Social. Desde 2003 es miembro del C\u00edrculo de Escritores Cinematogr\u00e1ficos (CEC). En 2008 fund\u00f3 en 'COPE' su blog de cine 'Palomitas de Ma\u00edz'. En 2017 fue nombrado Jurado Oficial del Festival Internacional de Cine de Fuengirola (M\u00e1laga) y ese a\u00f1o la instituci\u00f3n educativa Trinity College-Liceo Serrano le distingui\u00f3 con el nombramiento de 'Profesor de Honor' del centro y miembro ilustre del claustro de profesores. En 2019 fue nombrado Jurado Oficial del Festival Internacional de Cine de Vera (Almer\u00eda). En 2020 fue nombrado Jurado Oficial del Festival Internacional de Cine de Terror de La Mar Bella (Marbella). Como int\u00e9rprete ha sido galardonado con el Premio al Actor Principal del I Festival Nacional UNIR de teatro. Desde 2020 es acad\u00e9mico de las Artes Esc\u00e9nicas de Espa\u00f1a. En 2023 fue nombrado Jurado Oficial de los 'Premios Tal\u00eda' en su I Edici\u00f3n. Y miembro de ASHUMES (Asociaci\u00f3n del Humorismo Espa\u00f1ol) a partir de 2022. En 2023 fue nombrado Jurado Oficial de la II Edici\u00f3n de los 'Premios Godot'.\",\"sameAs\":[\"http:\\\/\\\/www.cope.es\",\"https:\\\/\\\/www.facebook.com\\\/palomitero\\\/\",\"https:\\\/\\\/www.instagram.com\\\/joseluispanero\\\/\",\"https:\\\/\\\/www.linkedin.com\\\/in\\\/jos-luis-panero-gonzlez-barosa-7722a716\\\/\",\"https:\\\/\\\/x.com\\\/PALOMITERO\",\"https:\\\/\\\/www.youtube.com\\\/channel\\\/UCQYaNGiETUXUPXjYu9p3lNw\\\/videos?\",\"https:\\\/\\\/es.wikipedia.org\\\/wiki\\\/Jos_Luis_Panero_Gonzlez-Barosa\"],\"url\":\"https:\\\/\\\/www.cope.es\\\/blogs\\\/palomitas-de-maiz\\\/author\\\/jlpanero\\\/\"}]}<\/script>\n<!-- \/ Yoast SEO plugin. -->","yoast_head_json":{"title":"Miguel Cobaler publica \u2018La pantalla del halc\u00f3n\u2019, su rotunda opera prima","description":"Miguel Cobaler publica \u2018La pantalla del halc\u00f3n\u2019, su rotunda opera prima. Armada con talento, potencia la ambici\u00f3n por el control del mundo digital","robots":{"index":"index","follow":"follow","max-snippet":"max-snippet:-1","max-image-preview":"max-image-preview:large","max-video-preview":"max-video-preview:-1"},"canonical":"https:\/\/www.cope.es\/blogs\/palomitas-de-maiz\/2021\/05\/24\/miguel-cobaler-publica-la-pantalla-del-halcon-su-rotunda-opera-prima-novela-ficcion\/","og_locale":"es_ES","og_type":"article","og_title":"Miguel Cobaler publica \u2018La pantalla del halc\u00f3n\u2019, su rotunda opera prima","og_description":"Miguel Cobaler publica \u2018La pantalla del halc\u00f3n\u2019, su rotunda opera prima. Armada con talento, potencia la ambici\u00f3n por el control del mundo digital","og_url":"https:\/\/www.cope.es\/blogs\/palomitas-de-maiz\/2021\/05\/24\/miguel-cobaler-publica-la-pantalla-del-halcon-su-rotunda-opera-prima-novela-ficcion\/","og_site_name":"Palomitas de Ma\u00edz","article_publisher":"https:\/\/www.facebook.com\/cope\/","article_author":"https:\/\/www.facebook.com\/palomitero\/","article_published_time":"2021-05-23T22:01:09+00:00","article_modified_time":"2021-05-23T22:53:25+00:00","og_image":[{"width":714,"height":406,"url":"https:\/\/www.cope.es\/blogs\/palomitas-de-maiz\/wp-content\/uploads\/sites\/6\/2021\/05\/miguel-torres.jpg","type":"image\/jpeg"}],"author":"Jos\u00e9 Luis Panero","twitter_card":"summary_large_image","twitter_creator":"@PALOMITERO","twitter_site":"@cope_es","twitter_misc":{"Escrito por":"Jos\u00e9 Luis Panero","Tiempo de lectura":"2 minutos"},"schema":{"@context":"https:\/\/schema.org","@graph":[{"@type":"Article","@id":"https:\/\/www.cope.es\/blogs\/palomitas-de-maiz\/2021\/05\/24\/miguel-cobaler-publica-la-pantalla-del-halcon-su-rotunda-opera-prima-novela-ficcion\/#article","isPartOf":{"@id":"https:\/\/www.cope.es\/blogs\/palomitas-de-maiz\/2021\/05\/24\/miguel-cobaler-publica-la-pantalla-del-halcon-su-rotunda-opera-prima-novela-ficcion\/"},"author":{"name":"Jos\u00e9 Luis Panero","@id":"https:\/\/www.cope.es\/blogs\/palomitas-de-maiz\/#\/schema\/person\/9fb256f63733c964d19b06de1ca3c9ef"},"headline":"\u2018La pantalla del halc\u00f3n\u2019: Miguel Cobaler lanza una poderosa novela sobre la fren\u00e9tica lucha por el poder digital","datePublished":"2021-05-23T22:01:09+00:00","dateModified":"2021-05-23T22:53:25+00:00","mainEntityOfPage":{"@id":"https:\/\/www.cope.es\/blogs\/palomitas-de-maiz\/2021\/05\/24\/miguel-cobaler-publica-la-pantalla-del-halcon-su-rotunda-opera-prima-novela-ficcion\/"},"wordCount":490,"commentCount":0,"image":{"@id":"https:\/\/www.cope.es\/blogs\/palomitas-de-maiz\/2021\/05\/24\/miguel-cobaler-publica-la-pantalla-del-halcon-su-rotunda-opera-prima-novela-ficcion\/#primaryimage"},"thumbnailUrl":"https:\/\/www.cope.es\/blogs\/palomitas-de-maiz\/wp-content\/uploads\/sites\/6\/2021\/05\/miguel-torres.jpg","keywords":["ficci\u00f3n","la pantalla del halc\u00f3n","miguel cobaler","novela","opera prima","poder digital","terrorismo antidigital"],"articleSection":["actualidad","Cine","novela","Opera prima"],"inLanguage":"es","potentialAction":[{"@type":"CommentAction","name":"Comment","target":["https:\/\/www.cope.es\/blogs\/palomitas-de-maiz\/2021\/05\/24\/miguel-cobaler-publica-la-pantalla-del-halcon-su-rotunda-opera-prima-novela-ficcion\/#respond"]}]},{"@type":"WebPage","@id":"https:\/\/www.cope.es\/blogs\/palomitas-de-maiz\/2021\/05\/24\/miguel-cobaler-publica-la-pantalla-del-halcon-su-rotunda-opera-prima-novela-ficcion\/","url":"https:\/\/www.cope.es\/blogs\/palomitas-de-maiz\/2021\/05\/24\/miguel-cobaler-publica-la-pantalla-del-halcon-su-rotunda-opera-prima-novela-ficcion\/","name":"Miguel Cobaler publica \u2018La pantalla del halc\u00f3n\u2019, su rotunda opera prima","isPartOf":{"@id":"https:\/\/www.cope.es\/blogs\/palomitas-de-maiz\/#website"},"primaryImageOfPage":{"@id":"https:\/\/www.cope.es\/blogs\/palomitas-de-maiz\/2021\/05\/24\/miguel-cobaler-publica-la-pantalla-del-halcon-su-rotunda-opera-prima-novela-ficcion\/#primaryimage"},"image":{"@id":"https:\/\/www.cope.es\/blogs\/palomitas-de-maiz\/2021\/05\/24\/miguel-cobaler-publica-la-pantalla-del-halcon-su-rotunda-opera-prima-novela-ficcion\/#primaryimage"},"thumbnailUrl":"https:\/\/www.cope.es\/blogs\/palomitas-de-maiz\/wp-content\/uploads\/sites\/6\/2021\/05\/miguel-torres.jpg","datePublished":"2021-05-23T22:01:09+00:00","dateModified":"2021-05-23T22:53:25+00:00","author":{"@id":"https:\/\/www.cope.es\/blogs\/palomitas-de-maiz\/#\/schema\/person\/9fb256f63733c964d19b06de1ca3c9ef"},"description":"Miguel Cobaler publica \u2018La pantalla del halc\u00f3n\u2019, su rotunda opera prima. Armada con talento, potencia la ambici\u00f3n por el control del mundo digital","breadcrumb":{"@id":"https:\/\/www.cope.es\/blogs\/palomitas-de-maiz\/2021\/05\/24\/miguel-cobaler-publica-la-pantalla-del-halcon-su-rotunda-opera-prima-novela-ficcion\/#breadcrumb"},"inLanguage":"es","potentialAction":[{"@type":"ReadAction","target":["https:\/\/www.cope.es\/blogs\/palomitas-de-maiz\/2021\/05\/24\/miguel-cobaler-publica-la-pantalla-del-halcon-su-rotunda-opera-prima-novela-ficcion\/"]}]},{"@type":"ImageObject","inLanguage":"es","@id":"https:\/\/www.cope.es\/blogs\/palomitas-de-maiz\/2021\/05\/24\/miguel-cobaler-publica-la-pantalla-del-halcon-su-rotunda-opera-prima-novela-ficcion\/#primaryimage","url":"https:\/\/www.cope.es\/blogs\/palomitas-de-maiz\/wp-content\/uploads\/sites\/6\/2021\/05\/miguel-torres.jpg","contentUrl":"https:\/\/www.cope.es\/blogs\/palomitas-de-maiz\/wp-content\/uploads\/sites\/6\/2021\/05\/miguel-torres.jpg","width":714,"height":406,"caption":"https:\/\/www.cope.es\/blogs\/palomitas-de-maiz\/2021\/05\/24\/miguel-cobaler-publica-la-pantalla-del-halcon-su-rotunda-opera-prima-novela-ficcion\/"},{"@type":"BreadcrumbList","@id":"https:\/\/www.cope.es\/blogs\/palomitas-de-maiz\/2021\/05\/24\/miguel-cobaler-publica-la-pantalla-del-halcon-su-rotunda-opera-prima-novela-ficcion\/#breadcrumb","itemListElement":[{"@type":"ListItem","position":1,"name":"Portada","item":"https:\/\/www.cope.es\/blogs\/palomitas-de-maiz\/"},{"@type":"ListItem","position":2,"name":"\u2018La pantalla del halc\u00f3n\u2019: Miguel Cobaler lanza una poderosa novela sobre la fren\u00e9tica lucha por el poder digital"}]},{"@type":"WebSite","@id":"https:\/\/www.cope.es\/blogs\/palomitas-de-maiz\/#website","url":"https:\/\/www.cope.es\/blogs\/palomitas-de-maiz\/","name":"Palomitas de Ma\u00edz","description":"Blog decano de cine de COPE","potentialAction":[{"@type":"SearchAction","target":{"@type":"EntryPoint","urlTemplate":"https:\/\/www.cope.es\/blogs\/palomitas-de-maiz\/?s={search_term_string}"},"query-input":{"@type":"PropertyValueSpecification","valueRequired":true,"valueName":"search_term_string"}}],"inLanguage":"es"},{"@type":"Person","@id":"https:\/\/www.cope.es\/blogs\/palomitas-de-maiz\/#\/schema\/person\/9fb256f63733c964d19b06de1ca3c9ef","name":"Jos\u00e9 Luis Panero","image":{"@type":"ImageObject","inLanguage":"es","@id":"https:\/\/secure.gravatar.com\/avatar\/2ef93951eab3cee25932a7219e566376cbf6ddedde3aa3098e7a971991a3ef12?s=96&d=mm&r=g","url":"https:\/\/secure.gravatar.com\/avatar\/2ef93951eab3cee25932a7219e566376cbf6ddedde3aa3098e7a971991a3ef12?s=96&d=mm&r=g","contentUrl":"https:\/\/secure.gravatar.com\/avatar\/2ef93951eab3cee25932a7219e566376cbf6ddedde3aa3098e7a971991a3ef12?s=96&d=mm&r=g","caption":"Jos\u00e9 Luis Panero"},"description":"Licenciado en Periodismo y en Comunicaci\u00f3n Audiovisual. Tras m\u00e1s de cuatro a\u00f1os en el diario 'La Gaceta de Los Negocios' y el programa f\u00edlmico 'Pantalla Grande', es cr\u00edtico de cine en 'Ciudad Nueva', 'Pantalla 90', 'COPE' o 'Aleteia' y cr\u00edtico de teatro en 'Hoy en la city'. Ha sido coguionista y ayudante de direcci\u00f3n de cine, ponente en los coloquios de cine del foro FNAC y profesor universitario en diferentes cursos de Periodismo Social. Desde 2003 es miembro del C\u00edrculo de Escritores Cinematogr\u00e1ficos (CEC). En 2008 fund\u00f3 en 'COPE' su blog de cine 'Palomitas de Ma\u00edz'. En 2017 fue nombrado Jurado Oficial del Festival Internacional de Cine de Fuengirola (M\u00e1laga) y ese a\u00f1o la instituci\u00f3n educativa Trinity College-Liceo Serrano le distingui\u00f3 con el nombramiento de 'Profesor de Honor' del centro y miembro ilustre del claustro de profesores. En 2019 fue nombrado Jurado Oficial del Festival Internacional de Cine de Vera (Almer\u00eda). En 2020 fue nombrado Jurado Oficial del Festival Internacional de Cine de Terror de La Mar Bella (Marbella). Como int\u00e9rprete ha sido galardonado con el Premio al Actor Principal del I Festival Nacional UNIR de teatro. Desde 2020 es acad\u00e9mico de las Artes Esc\u00e9nicas de Espa\u00f1a. En 2023 fue nombrado Jurado Oficial de los 'Premios Tal\u00eda' en su I Edici\u00f3n. Y miembro de ASHUMES (Asociaci\u00f3n del Humorismo Espa\u00f1ol) a partir de 2022. En 2023 fue nombrado Jurado Oficial de la II Edici\u00f3n de los 'Premios Godot'.","sameAs":["http:\/\/www.cope.es","https:\/\/www.facebook.com\/palomitero\/","https:\/\/www.instagram.com\/joseluispanero\/","https:\/\/www.linkedin.com\/in\/jos-luis-panero-gonzlez-barosa-7722a716\/","https:\/\/x.com\/PALOMITERO","https:\/\/www.youtube.com\/channel\/UCQYaNGiETUXUPXjYu9p3lNw\/videos?","https:\/\/es.wikipedia.org\/wiki\/Jos_Luis_Panero_Gonzlez-Barosa"],"url":"https:\/\/www.cope.es\/blogs\/palomitas-de-maiz\/author\/jlpanero\/"}]}},"amp_enabled":true,"_links":{"self":[{"href":"https:\/\/www.cope.es\/blogs\/palomitas-de-maiz\/wp-json\/wp\/v2\/posts\/7928","targetHints":{"allow":["GET"]}}],"collection":[{"href":"https:\/\/www.cope.es\/blogs\/palomitas-de-maiz\/wp-json\/wp\/v2\/posts"}],"about":[{"href":"https:\/\/www.cope.es\/blogs\/palomitas-de-maiz\/wp-json\/wp\/v2\/types\/post"}],"author":[{"embeddable":true,"href":"https:\/\/www.cope.es\/blogs\/palomitas-de-maiz\/wp-json\/wp\/v2\/users\/6"}],"replies":[{"embeddable":true,"href":"https:\/\/www.cope.es\/blogs\/palomitas-de-maiz\/wp-json\/wp\/v2\/comments?post=7928"}],"version-history":[{"count":2,"href":"https:\/\/www.cope.es\/blogs\/palomitas-de-maiz\/wp-json\/wp\/v2\/posts\/7928\/revisions"}],"predecessor-version":[{"id":7938,"href":"https:\/\/www.cope.es\/blogs\/palomitas-de-maiz\/wp-json\/wp\/v2\/posts\/7928\/revisions\/7938"}],"wp:featuredmedia":[{"embeddable":true,"href":"https:\/\/www.cope.es\/blogs\/palomitas-de-maiz\/wp-json\/wp\/v2\/media\/7930"}],"wp:attachment":[{"href":"https:\/\/www.cope.es\/blogs\/palomitas-de-maiz\/wp-json\/wp\/v2\/media?parent=7928"}],"wp:term":[{"taxonomy":"category","embeddable":true,"href":"https:\/\/www.cope.es\/blogs\/palomitas-de-maiz\/wp-json\/wp\/v2\/categories?post=7928"},{"taxonomy":"post_tag","embeddable":true,"href":"https:\/\/www.cope.es\/blogs\/palomitas-de-maiz\/wp-json\/wp\/v2\/tags?post=7928"}],"curies":[{"name":"wp","href":"https:\/\/api.w.org\/{rel}","templated":true}]}}