{"id":7918,"date":"2021-05-13T02:44:30","date_gmt":"2021-05-13T00:44:30","guid":{"rendered":"http:\/\/www.cope.es\/blogs\/palomitas-de-maiz\/?p=7918"},"modified":"2021-05-13T02:47:14","modified_gmt":"2021-05-13T00:47:14","slug":"tassili-teatro-estrenara-rubrick-el-15-de-mayo-en-la-sala-la-usina","status":"publish","type":"post","link":"https:\/\/www.cope.es\/blogs\/palomitas-de-maiz\/2021\/05\/13\/tassili-teatro-estrenara-rubrick-el-15-de-mayo-en-la-sala-la-usina\/","title":{"rendered":"Tassili Teatro estrenar\u00e1 la deseada \u2018Rubrick\u2019 en la sala La Usina el 15 de mayo"},"content":{"rendered":"<p>\u00a1Mis queridos palomiteros! Tassili Teatro estrenar\u00e1 \u2018Rubrick\u2019 el 15 de mayo en la sala La Usina. El pasado martes d\u00e1bamos cuenta desde estas pantallas de lo que <strong>ya se ha denominado en el \u00e1mbito teatral el fen\u00f3meno \u2018Rubrick\u2019<\/strong>. Me llam\u00f3 la atenci\u00f3n la idea y el t\u00e9rmino, pude contactar con el director, <strong>Euloxio Fern\u00e1ndez<\/strong>, y me lanc\u00e9 a entrevistarle. Desde luego -no es falsa modestia- <a href=\"http:\/\/www.cope.es\/blogs\/palomitas-de-maiz\/2021\/05\/11\/euloxio-fernandez-estrena-rubrick-una-comedia-escrita-en-un-dia-la-usina-teatro\/\">vale la pena que le\u00e1is sus respuestas<\/a>.<\/p>\n<figure id=\"attachment_7921\" aria-describedby=\"caption-attachment-7921\" style=\"width: 725px\" class=\"wp-caption aligncenter\"><img loading=\"lazy\" decoding=\"async\" width=\"725\" height=\"966\" class=\"wp-image-7921 size-full\" src=\"http:\/\/www.cope.es\/blogs\/palomitas-de-maiz\/wp-content\/uploads\/sites\/6\/2021\/05\/INTERPRETES-RUBRICK.jpg\" alt=\"Tassili Teatro estrenar\u00e1 \u2018Rubrick\u2019 el 15 de mayo en la sala La Usina\" srcset=\"https:\/\/www.cope.es\/blogs\/palomitas-de-maiz\/wp-content\/uploads\/sites\/6\/2021\/05\/INTERPRETES-RUBRICK.jpg 725w, https:\/\/www.cope.es\/blogs\/palomitas-de-maiz\/wp-content\/uploads\/sites\/6\/2021\/05\/INTERPRETES-RUBRICK-225x300.jpg 225w\" sizes=\"auto, (max-width: 725px) 100vw, 725px\" \/><figcaption id=\"caption-attachment-7921\" class=\"wp-caption-text\"><strong>Tassili Teatro estrenar\u00e1 \u2018Rubrick\u2019 el 15 de mayo en la sala La Usina<\/strong><\/figcaption><\/figure>\n<p>El fen\u00f3meno \u2018Rubrick\u2019, al que antes me refer\u00eda, es un <strong>dramedia<\/strong> al estilo 1, 2, 3, que ni tiene que ver con el concurso televisivo de los a\u00f1os 80 ni con la pel\u00edcula de <strong><a href=\"https:\/\/es.wikipedia.org\/wiki\/Billy_Wilder\" target=\"_blank\">Billy Wilder<\/a><\/strong> de 1961. \u00a0\u00bfY con qu\u00e9 tiene que ver entonces? Con algo mucho m\u00e1s profano: <strong>se ha escrito en un d\u00eda, se ha preparado en 2 y se va a representar durante 3 d\u00edas<\/strong>\u00a0en la sala de teatro La Usina, a saber, los s\u00e1bados <strong>15, 22 y 29 de mayo a las 18 horas<\/strong>. Huelga decir que la compa\u00f1\u00eda que lo lleva a t\u00e9rmino tiene acreditado un exitoso carrusel de trabajos, <a href=\"http:\/\/www.cope.es\/blogs\/palomitas-de-maiz\/2020\/11\/06\/tassili-teatro-13-y-martes-despliega-su-habitual-talento-en-el-pardo\/\">de los que ya hemos informado desde esta tribuna<\/a>.<\/p>\n<h2>\u00bfY de qu\u00e9 va \u2018Rubrick\u2019?<\/h2>\n<p>Definiremos como <strong>seres idiotas<\/strong>, a todos los que a\u00fan teniendo claro que su forma de vida les conducir\u00e1 a la muerte o tal vez a algo peor, no son capaces de abandonar aquello que les condena, posiblemente por sentir que sin ello la vida es menos vida.<\/p>\n<p>Definiremos como <strong>seres impotentes<\/strong> a aquellos que con absoluta claridad se esfuerzan por cambiar cuantos errores perciben en su entorno, vi\u00e9ndose casi siempre reducidos por la estupidez del individuo o la borreguez de la masa.<\/p>\n<figure id=\"attachment_7923\" aria-describedby=\"caption-attachment-7923\" style=\"width: 725px\" class=\"wp-caption aligncenter\"><img loading=\"lazy\" decoding=\"async\" width=\"725\" height=\"522\" class=\"wp-image-7923 size-full\" src=\"http:\/\/www.cope.es\/blogs\/palomitas-de-maiz\/wp-content\/uploads\/sites\/6\/2021\/05\/rubrick-3.jpg\" alt=\"Mayca G\u00f3mez y Lautaro Petraglia | Tassili Teatro estrenar\u00e1 \u2018Rubrick\u2019 el 15 de mayo en la sala La Usina\" srcset=\"https:\/\/www.cope.es\/blogs\/palomitas-de-maiz\/wp-content\/uploads\/sites\/6\/2021\/05\/rubrick-3.jpg 725w, https:\/\/www.cope.es\/blogs\/palomitas-de-maiz\/wp-content\/uploads\/sites\/6\/2021\/05\/rubrick-3-300x216.jpg 300w\" sizes=\"auto, (max-width: 725px) 100vw, 725px\" \/><figcaption id=\"caption-attachment-7923\" class=\"wp-caption-text\"><strong>Mayca G\u00f3mez y Lautaro Petraglia<\/strong> | Tassili Teatro estrenar\u00e1 \u2018Rubrick\u2019 el 15 de mayo en la sala La Usina<\/figcaption><\/figure>\n<p>Definiremos como <strong>pareja<\/strong> un lugar com\u00fan habitado por dos seres que cruzan cotidianamente emociones tan idealizadas como confusas, tan comunes como sorprendentes.<\/p>\n<p>Definiremos <strong>Rubrick<\/strong> como una pieza teatral cuyas l\u00edneas transitan entre la comedia y el drama, exactamente igual que en la siempre escurridiza vida.<\/p>\n<h2>Tassili Teatro estrenar\u00e1 \u2018Rubrick\u2019 el 15 de mayo en la sala La Usina<\/h2>\n<p><strong>Lugar:<\/strong> Sala La Usina<\/p>\n<p><strong>Fecha y Hora: <\/strong>S\u00e1bados 15, 22 y 29 de mayo a las 18 horas.<\/p>\n<p><strong>Duraci\u00f3n aproximada:<\/strong>\u00a060 minutos.<\/p>\n<p><strong>Ficha art\u00edstica: <\/strong><\/p>\n<p>Mayca G\u00f3mez, Lautaro Petraglia<\/p>\n<figure id=\"attachment_7922\" aria-describedby=\"caption-attachment-7922\" style=\"width: 725px\" class=\"wp-caption aligncenter\"><img loading=\"lazy\" decoding=\"async\" width=\"725\" height=\"966\" class=\"wp-image-7922 size-full\" src=\"http:\/\/www.cope.es\/blogs\/palomitas-de-maiz\/wp-content\/uploads\/sites\/6\/2021\/05\/fechas-rubrick.jpg\" alt=\"Fechas de exhibici\u00f3n \" srcset=\"https:\/\/www.cope.es\/blogs\/palomitas-de-maiz\/wp-content\/uploads\/sites\/6\/2021\/05\/fechas-rubrick.jpg 725w, https:\/\/www.cope.es\/blogs\/palomitas-de-maiz\/wp-content\/uploads\/sites\/6\/2021\/05\/fechas-rubrick-225x300.jpg 225w\" sizes=\"auto, (max-width: 725px) 100vw, 725px\" \/><figcaption id=\"caption-attachment-7922\" class=\"wp-caption-text\"><strong>Fechas de exhibici\u00f3n <\/strong><\/figcaption><\/figure>\n<p><strong>Ficha t\u00e9cnica:<\/strong><\/p>\n<p><strong>Dramaturgia y direcci\u00f3n:<\/strong> Euloxio Fern\u00e1ndez.<\/p>\n<p><strong>G\u00e9nero:<\/strong> Dramedia.\u00a0Comedia y drama.<\/p>\n<p><strong>Espacio sonoro:<\/strong> Edu Segovia<\/p>\n<p><strong>M\u00fasica:<\/strong> Javier Pi\u00f1eira<\/p>\n<p><strong>Concepto escenogr\u00e1fico:<\/strong> EDP<\/p>\n<p>Por otro lado, <strong>se recuerda el uso obligatorio de mascarillas<\/strong> durante toda la representaci\u00f3n. Adem\u00e1s es necesario mantener la distancia de seguridad y utilizar los espacios indicados de entrada y salida.<\/p>\n<figure id=\"attachment_7920\" aria-describedby=\"caption-attachment-7920\" style=\"width: 725px\" class=\"wp-caption aligncenter\"><img loading=\"lazy\" decoding=\"async\" width=\"725\" height=\"960\" class=\"wp-image-7920 size-full\" src=\"http:\/\/www.cope.es\/blogs\/palomitas-de-maiz\/wp-content\/uploads\/sites\/6\/2021\/05\/rubrick-1-1.jpg\" alt=\"Cartel promocional de 'Rubrick'\" srcset=\"https:\/\/www.cope.es\/blogs\/palomitas-de-maiz\/wp-content\/uploads\/sites\/6\/2021\/05\/rubrick-1-1.jpg 725w, https:\/\/www.cope.es\/blogs\/palomitas-de-maiz\/wp-content\/uploads\/sites\/6\/2021\/05\/rubrick-1-1-227x300.jpg 227w\" sizes=\"auto, (max-width: 725px) 100vw, 725px\" \/><figcaption id=\"caption-attachment-7920\" class=\"wp-caption-text\"><strong>Cartel promocional de &#8216;Rubrick&#8217;<\/strong><\/figcaption><\/figure>\n","protected":false},"excerpt":{"rendered":"<p>\u00a1Mis queridos palomiteros! Tassili Teatro estrenar\u00e1 \u2018Rubrick\u2019 el 15 de mayo en la sala La Usina. El pasado martes d\u00e1bamos cuenta desde estas pantallas de lo que ya se ha denominado en el \u00e1mbito teatral el fen\u00f3meno \u2018Rubrick\u2019. Me llam\u00f3 la atenci\u00f3n la idea y el t\u00e9rmino, pude contactar con el director, Euloxio Fern\u00e1ndez, y [&hellip;]<\/p>\n","protected":false},"author":6,"featured_media":7919,"comment_status":"open","ping_status":"open","sticky":false,"template":"","format":"standard","meta":{"footnotes":""},"categories":[336,49,8952,611],"tags":[4285,4995,8958,8957,805,8959,335,711,296,8936,8935,808,8934,8644,798,634],"class_list":["post-7918","post","type-post","status-publish","format-standard","has-post-thumbnail","hentry","category-actualidad","category-cine","category-dramedia","category-estreno","tag-cartelera","tag-direccion","tag-dramaturgia","tag-dramedia","tag-edp","tag-edu-segovia","tag-entrevista","tag-estreno","tag-euloxio-fernandez","tag-javier-pineira","tag-lautaro-petraglia","tag-mayca-gomez","tag-rubrick","tag-sala-la-usina","tag-tassili-teatro","tag-teatro"],"yoast_head":"<!-- This site is optimized with the Yoast SEO plugin v27.4 - https:\/\/yoast.com\/product\/yoast-seo-wordpress\/ -->\n<title>Tassili Teatro estrenar\u00e1 \u2018Rubrick\u2019 el 15 de mayo en la sala La Usina<\/title>\n<meta name=\"description\" content=\"Tassili Teatro estrenar\u00e1 \u2018Rubrick\u2019 el 15 de mayo en la sala La Usina. Est\u00e1 previsto que el montaje permanezca en el referido teatro hasta el 29 de mayo\" \/>\n<meta name=\"robots\" content=\"index, follow, max-snippet:-1, max-image-preview:large, max-video-preview:-1\" \/>\n<link rel=\"canonical\" href=\"https:\/\/www.cope.es\/blogs\/palomitas-de-maiz\/2021\/05\/13\/tassili-teatro-estrenara-rubrick-el-15-de-mayo-en-la-sala-la-usina\/\" \/>\n<meta property=\"og:locale\" content=\"es_ES\" \/>\n<meta property=\"og:type\" content=\"article\" \/>\n<meta property=\"og:title\" content=\"Tassili Teatro estrenar\u00e1 \u2018Rubrick\u2019 el 15 de mayo en la sala La Usina\" \/>\n<meta property=\"og:description\" content=\"Tassili Teatro estrenar\u00e1 \u2018Rubrick\u2019 el 15 de mayo en la sala La Usina. Est\u00e1 previsto que el montaje permanezca en el referido teatro hasta el 29 de mayo\" \/>\n<meta property=\"og:url\" content=\"https:\/\/www.cope.es\/blogs\/palomitas-de-maiz\/2021\/05\/13\/tassili-teatro-estrenara-rubrick-el-15-de-mayo-en-la-sala-la-usina\/\" \/>\n<meta property=\"og:site_name\" content=\"Palomitas de Ma\u00edz\" \/>\n<meta property=\"article:publisher\" content=\"https:\/\/www.facebook.com\/cope\/\" \/>\n<meta property=\"article:author\" content=\"https:\/\/www.facebook.com\/palomitero\/\" \/>\n<meta property=\"article:published_time\" content=\"2021-05-13T00:44:30+00:00\" \/>\n<meta property=\"article:modified_time\" content=\"2021-05-13T00:47:14+00:00\" \/>\n<meta property=\"og:image\" content=\"https:\/\/www.cope.es\/blogs\/palomitas-de-maiz\/wp-content\/uploads\/sites\/6\/2021\/05\/rubrick-cartel-724x353-1.jpg\" \/>\n\t<meta property=\"og:image:width\" content=\"724\" \/>\n\t<meta property=\"og:image:height\" content=\"353\" \/>\n\t<meta property=\"og:image:type\" content=\"image\/jpeg\" \/>\n<meta name=\"author\" content=\"Jos\u00e9 Luis Panero\" \/>\n<meta name=\"twitter:card\" content=\"summary_large_image\" \/>\n<meta name=\"twitter:creator\" content=\"@PALOMITERO\" \/>\n<meta name=\"twitter:site\" content=\"@cope_es\" \/>\n<meta name=\"twitter:label1\" content=\"Escrito por\" \/>\n\t<meta name=\"twitter:data1\" content=\"Jos\u00e9 Luis Panero\" \/>\n\t<meta name=\"twitter:label2\" content=\"Tiempo de lectura\" \/>\n\t<meta name=\"twitter:data2\" content=\"2 minutos\" \/>\n<script type=\"application\/ld+json\" class=\"yoast-schema-graph\">{\"@context\":\"https:\\\/\\\/schema.org\",\"@graph\":[{\"@type\":\"Article\",\"@id\":\"https:\\\/\\\/www.cope.es\\\/blogs\\\/palomitas-de-maiz\\\/2021\\\/05\\\/13\\\/tassili-teatro-estrenara-rubrick-el-15-de-mayo-en-la-sala-la-usina\\\/#article\",\"isPartOf\":{\"@id\":\"https:\\\/\\\/www.cope.es\\\/blogs\\\/palomitas-de-maiz\\\/2021\\\/05\\\/13\\\/tassili-teatro-estrenara-rubrick-el-15-de-mayo-en-la-sala-la-usina\\\/\"},\"author\":{\"name\":\"Jos\u00e9 Luis Panero\",\"@id\":\"https:\\\/\\\/www.cope.es\\\/blogs\\\/palomitas-de-maiz\\\/#\\\/schema\\\/person\\\/9fb256f63733c964d19b06de1ca3c9ef\"},\"headline\":\"Tassili Teatro estrenar\u00e1 la deseada \u2018Rubrick\u2019 en la sala La Usina el 15 de mayo\",\"datePublished\":\"2021-05-13T00:44:30+00:00\",\"dateModified\":\"2021-05-13T00:47:14+00:00\",\"mainEntityOfPage\":{\"@id\":\"https:\\\/\\\/www.cope.es\\\/blogs\\\/palomitas-de-maiz\\\/2021\\\/05\\\/13\\\/tassili-teatro-estrenara-rubrick-el-15-de-mayo-en-la-sala-la-usina\\\/\"},\"wordCount\":509,\"commentCount\":0,\"image\":{\"@id\":\"https:\\\/\\\/www.cope.es\\\/blogs\\\/palomitas-de-maiz\\\/2021\\\/05\\\/13\\\/tassili-teatro-estrenara-rubrick-el-15-de-mayo-en-la-sala-la-usina\\\/#primaryimage\"},\"thumbnailUrl\":\"https:\\\/\\\/www.cope.es\\\/blogs\\\/palomitas-de-maiz\\\/wp-content\\\/uploads\\\/sites\\\/6\\\/2021\\\/05\\\/rubrick-cartel-724x353-1.jpg\",\"keywords\":[\"cartelera\",\"direccion\",\"dramaturgia\",\"dramedia\",\"edp\",\"edu segovia\",\"entrevista\",\"Estreno\",\"euloxio fern\u00e1ndez\",\"javier pi\u00f1eira\",\"lautaro petraglia\",\"Mayca G\u00f3mez\",\"rubrick\",\"sala la usina\",\"Tassili teatro\",\"teatro\"],\"articleSection\":[\"actualidad\",\"Cine\",\"dramedia\",\"estreno\"],\"inLanguage\":\"es\",\"potentialAction\":[{\"@type\":\"CommentAction\",\"name\":\"Comment\",\"target\":[\"https:\\\/\\\/www.cope.es\\\/blogs\\\/palomitas-de-maiz\\\/2021\\\/05\\\/13\\\/tassili-teatro-estrenara-rubrick-el-15-de-mayo-en-la-sala-la-usina\\\/#respond\"]}]},{\"@type\":\"WebPage\",\"@id\":\"https:\\\/\\\/www.cope.es\\\/blogs\\\/palomitas-de-maiz\\\/2021\\\/05\\\/13\\\/tassili-teatro-estrenara-rubrick-el-15-de-mayo-en-la-sala-la-usina\\\/\",\"url\":\"https:\\\/\\\/www.cope.es\\\/blogs\\\/palomitas-de-maiz\\\/2021\\\/05\\\/13\\\/tassili-teatro-estrenara-rubrick-el-15-de-mayo-en-la-sala-la-usina\\\/\",\"name\":\"Tassili Teatro estrenar\u00e1 \u2018Rubrick\u2019 el 15 de mayo en la sala La Usina\",\"isPartOf\":{\"@id\":\"https:\\\/\\\/www.cope.es\\\/blogs\\\/palomitas-de-maiz\\\/#website\"},\"primaryImageOfPage\":{\"@id\":\"https:\\\/\\\/www.cope.es\\\/blogs\\\/palomitas-de-maiz\\\/2021\\\/05\\\/13\\\/tassili-teatro-estrenara-rubrick-el-15-de-mayo-en-la-sala-la-usina\\\/#primaryimage\"},\"image\":{\"@id\":\"https:\\\/\\\/www.cope.es\\\/blogs\\\/palomitas-de-maiz\\\/2021\\\/05\\\/13\\\/tassili-teatro-estrenara-rubrick-el-15-de-mayo-en-la-sala-la-usina\\\/#primaryimage\"},\"thumbnailUrl\":\"https:\\\/\\\/www.cope.es\\\/blogs\\\/palomitas-de-maiz\\\/wp-content\\\/uploads\\\/sites\\\/6\\\/2021\\\/05\\\/rubrick-cartel-724x353-1.jpg\",\"datePublished\":\"2021-05-13T00:44:30+00:00\",\"dateModified\":\"2021-05-13T00:47:14+00:00\",\"author\":{\"@id\":\"https:\\\/\\\/www.cope.es\\\/blogs\\\/palomitas-de-maiz\\\/#\\\/schema\\\/person\\\/9fb256f63733c964d19b06de1ca3c9ef\"},\"description\":\"Tassili Teatro estrenar\u00e1 \u2018Rubrick\u2019 el 15 de mayo en la sala La Usina. Est\u00e1 previsto que el montaje permanezca en el referido teatro hasta el 29 de mayo\",\"breadcrumb\":{\"@id\":\"https:\\\/\\\/www.cope.es\\\/blogs\\\/palomitas-de-maiz\\\/2021\\\/05\\\/13\\\/tassili-teatro-estrenara-rubrick-el-15-de-mayo-en-la-sala-la-usina\\\/#breadcrumb\"},\"inLanguage\":\"es\",\"potentialAction\":[{\"@type\":\"ReadAction\",\"target\":[\"https:\\\/\\\/www.cope.es\\\/blogs\\\/palomitas-de-maiz\\\/2021\\\/05\\\/13\\\/tassili-teatro-estrenara-rubrick-el-15-de-mayo-en-la-sala-la-usina\\\/\"]}]},{\"@type\":\"ImageObject\",\"inLanguage\":\"es\",\"@id\":\"https:\\\/\\\/www.cope.es\\\/blogs\\\/palomitas-de-maiz\\\/2021\\\/05\\\/13\\\/tassili-teatro-estrenara-rubrick-el-15-de-mayo-en-la-sala-la-usina\\\/#primaryimage\",\"url\":\"https:\\\/\\\/www.cope.es\\\/blogs\\\/palomitas-de-maiz\\\/wp-content\\\/uploads\\\/sites\\\/6\\\/2021\\\/05\\\/rubrick-cartel-724x353-1.jpg\",\"contentUrl\":\"https:\\\/\\\/www.cope.es\\\/blogs\\\/palomitas-de-maiz\\\/wp-content\\\/uploads\\\/sites\\\/6\\\/2021\\\/05\\\/rubrick-cartel-724x353-1.jpg\",\"width\":724,\"height\":353,\"caption\":\"https:\\\/\\\/www.cope.es\\\/blogs\\\/palomitas-de-maiz\\\/2021\\\/05\\\/13\\\/tassili-teatro-estrenara-rubrick-el-15-de-mayo-en-la-sala-la-usina\\\/\"},{\"@type\":\"BreadcrumbList\",\"@id\":\"https:\\\/\\\/www.cope.es\\\/blogs\\\/palomitas-de-maiz\\\/2021\\\/05\\\/13\\\/tassili-teatro-estrenara-rubrick-el-15-de-mayo-en-la-sala-la-usina\\\/#breadcrumb\",\"itemListElement\":[{\"@type\":\"ListItem\",\"position\":1,\"name\":\"Portada\",\"item\":\"https:\\\/\\\/www.cope.es\\\/blogs\\\/palomitas-de-maiz\\\/\"},{\"@type\":\"ListItem\",\"position\":2,\"name\":\"Tassili Teatro estrenar\u00e1 la deseada \u2018Rubrick\u2019 en la sala La Usina el 15 de mayo\"}]},{\"@type\":\"WebSite\",\"@id\":\"https:\\\/\\\/www.cope.es\\\/blogs\\\/palomitas-de-maiz\\\/#website\",\"url\":\"https:\\\/\\\/www.cope.es\\\/blogs\\\/palomitas-de-maiz\\\/\",\"name\":\"Palomitas de Ma\u00edz\",\"description\":\"Blog decano de cine de COPE\",\"potentialAction\":[{\"@type\":\"SearchAction\",\"target\":{\"@type\":\"EntryPoint\",\"urlTemplate\":\"https:\\\/\\\/www.cope.es\\\/blogs\\\/palomitas-de-maiz\\\/?s={search_term_string}\"},\"query-input\":{\"@type\":\"PropertyValueSpecification\",\"valueRequired\":true,\"valueName\":\"search_term_string\"}}],\"inLanguage\":\"es\"},{\"@type\":\"Person\",\"@id\":\"https:\\\/\\\/www.cope.es\\\/blogs\\\/palomitas-de-maiz\\\/#\\\/schema\\\/person\\\/9fb256f63733c964d19b06de1ca3c9ef\",\"name\":\"Jos\u00e9 Luis Panero\",\"image\":{\"@type\":\"ImageObject\",\"inLanguage\":\"es\",\"@id\":\"https:\\\/\\\/secure.gravatar.com\\\/avatar\\\/2ef93951eab3cee25932a7219e566376cbf6ddedde3aa3098e7a971991a3ef12?s=96&d=mm&r=g\",\"url\":\"https:\\\/\\\/secure.gravatar.com\\\/avatar\\\/2ef93951eab3cee25932a7219e566376cbf6ddedde3aa3098e7a971991a3ef12?s=96&d=mm&r=g\",\"contentUrl\":\"https:\\\/\\\/secure.gravatar.com\\\/avatar\\\/2ef93951eab3cee25932a7219e566376cbf6ddedde3aa3098e7a971991a3ef12?s=96&d=mm&r=g\",\"caption\":\"Jos\u00e9 Luis Panero\"},\"description\":\"Licenciado en Periodismo y en Comunicaci\u00f3n Audiovisual. Tras m\u00e1s de cuatro a\u00f1os en el diario 'La Gaceta de Los Negocios' y el programa f\u00edlmico 'Pantalla Grande', es cr\u00edtico de cine en 'Ciudad Nueva', 'Pantalla 90', 'COPE' o 'Aleteia' y cr\u00edtico de teatro en 'Hoy en la city'. Ha sido coguionista y ayudante de direcci\u00f3n de cine, ponente en los coloquios de cine del foro FNAC y profesor universitario en diferentes cursos de Periodismo Social. Desde 2003 es miembro del C\u00edrculo de Escritores Cinematogr\u00e1ficos (CEC). En 2008 fund\u00f3 en 'COPE' su blog de cine 'Palomitas de Ma\u00edz'. En 2017 fue nombrado Jurado Oficial del Festival Internacional de Cine de Fuengirola (M\u00e1laga) y ese a\u00f1o la instituci\u00f3n educativa Trinity College-Liceo Serrano le distingui\u00f3 con el nombramiento de 'Profesor de Honor' del centro y miembro ilustre del claustro de profesores. En 2019 fue nombrado Jurado Oficial del Festival Internacional de Cine de Vera (Almer\u00eda). En 2020 fue nombrado Jurado Oficial del Festival Internacional de Cine de Terror de La Mar Bella (Marbella). Como int\u00e9rprete ha sido galardonado con el Premio al Actor Principal del I Festival Nacional UNIR de teatro. Desde 2020 es acad\u00e9mico de las Artes Esc\u00e9nicas de Espa\u00f1a. En 2023 fue nombrado Jurado Oficial de los 'Premios Tal\u00eda' en su I Edici\u00f3n. Y miembro de ASHUMES (Asociaci\u00f3n del Humorismo Espa\u00f1ol) a partir de 2022. En 2023 fue nombrado Jurado Oficial de la II Edici\u00f3n de los 'Premios Godot'.\",\"sameAs\":[\"http:\\\/\\\/www.cope.es\",\"https:\\\/\\\/www.facebook.com\\\/palomitero\\\/\",\"https:\\\/\\\/www.instagram.com\\\/joseluispanero\\\/\",\"https:\\\/\\\/www.linkedin.com\\\/in\\\/jos-luis-panero-gonzlez-barosa-7722a716\\\/\",\"https:\\\/\\\/x.com\\\/PALOMITERO\",\"https:\\\/\\\/www.youtube.com\\\/channel\\\/UCQYaNGiETUXUPXjYu9p3lNw\\\/videos?\",\"https:\\\/\\\/es.wikipedia.org\\\/wiki\\\/Jos_Luis_Panero_Gonzlez-Barosa\"],\"url\":\"https:\\\/\\\/www.cope.es\\\/blogs\\\/palomitas-de-maiz\\\/author\\\/jlpanero\\\/\"}]}<\/script>\n<!-- \/ Yoast SEO plugin. -->","yoast_head_json":{"title":"Tassili Teatro estrenar\u00e1 \u2018Rubrick\u2019 el 15 de mayo en la sala La Usina","description":"Tassili Teatro estrenar\u00e1 \u2018Rubrick\u2019 el 15 de mayo en la sala La Usina. Est\u00e1 previsto que el montaje permanezca en el referido teatro hasta el 29 de mayo","robots":{"index":"index","follow":"follow","max-snippet":"max-snippet:-1","max-image-preview":"max-image-preview:large","max-video-preview":"max-video-preview:-1"},"canonical":"https:\/\/www.cope.es\/blogs\/palomitas-de-maiz\/2021\/05\/13\/tassili-teatro-estrenara-rubrick-el-15-de-mayo-en-la-sala-la-usina\/","og_locale":"es_ES","og_type":"article","og_title":"Tassili Teatro estrenar\u00e1 \u2018Rubrick\u2019 el 15 de mayo en la sala La Usina","og_description":"Tassili Teatro estrenar\u00e1 \u2018Rubrick\u2019 el 15 de mayo en la sala La Usina. Est\u00e1 previsto que el montaje permanezca en el referido teatro hasta el 29 de mayo","og_url":"https:\/\/www.cope.es\/blogs\/palomitas-de-maiz\/2021\/05\/13\/tassili-teatro-estrenara-rubrick-el-15-de-mayo-en-la-sala-la-usina\/","og_site_name":"Palomitas de Ma\u00edz","article_publisher":"https:\/\/www.facebook.com\/cope\/","article_author":"https:\/\/www.facebook.com\/palomitero\/","article_published_time":"2021-05-13T00:44:30+00:00","article_modified_time":"2021-05-13T00:47:14+00:00","og_image":[{"width":724,"height":353,"url":"https:\/\/www.cope.es\/blogs\/palomitas-de-maiz\/wp-content\/uploads\/sites\/6\/2021\/05\/rubrick-cartel-724x353-1.jpg","type":"image\/jpeg"}],"author":"Jos\u00e9 Luis Panero","twitter_card":"summary_large_image","twitter_creator":"@PALOMITERO","twitter_site":"@cope_es","twitter_misc":{"Escrito por":"Jos\u00e9 Luis Panero","Tiempo de lectura":"2 minutos"},"schema":{"@context":"https:\/\/schema.org","@graph":[{"@type":"Article","@id":"https:\/\/www.cope.es\/blogs\/palomitas-de-maiz\/2021\/05\/13\/tassili-teatro-estrenara-rubrick-el-15-de-mayo-en-la-sala-la-usina\/#article","isPartOf":{"@id":"https:\/\/www.cope.es\/blogs\/palomitas-de-maiz\/2021\/05\/13\/tassili-teatro-estrenara-rubrick-el-15-de-mayo-en-la-sala-la-usina\/"},"author":{"name":"Jos\u00e9 Luis Panero","@id":"https:\/\/www.cope.es\/blogs\/palomitas-de-maiz\/#\/schema\/person\/9fb256f63733c964d19b06de1ca3c9ef"},"headline":"Tassili Teatro estrenar\u00e1 la deseada \u2018Rubrick\u2019 en la sala La Usina el 15 de mayo","datePublished":"2021-05-13T00:44:30+00:00","dateModified":"2021-05-13T00:47:14+00:00","mainEntityOfPage":{"@id":"https:\/\/www.cope.es\/blogs\/palomitas-de-maiz\/2021\/05\/13\/tassili-teatro-estrenara-rubrick-el-15-de-mayo-en-la-sala-la-usina\/"},"wordCount":509,"commentCount":0,"image":{"@id":"https:\/\/www.cope.es\/blogs\/palomitas-de-maiz\/2021\/05\/13\/tassili-teatro-estrenara-rubrick-el-15-de-mayo-en-la-sala-la-usina\/#primaryimage"},"thumbnailUrl":"https:\/\/www.cope.es\/blogs\/palomitas-de-maiz\/wp-content\/uploads\/sites\/6\/2021\/05\/rubrick-cartel-724x353-1.jpg","keywords":["cartelera","direccion","dramaturgia","dramedia","edp","edu segovia","entrevista","Estreno","euloxio fern\u00e1ndez","javier pi\u00f1eira","lautaro petraglia","Mayca G\u00f3mez","rubrick","sala la usina","Tassili teatro","teatro"],"articleSection":["actualidad","Cine","dramedia","estreno"],"inLanguage":"es","potentialAction":[{"@type":"CommentAction","name":"Comment","target":["https:\/\/www.cope.es\/blogs\/palomitas-de-maiz\/2021\/05\/13\/tassili-teatro-estrenara-rubrick-el-15-de-mayo-en-la-sala-la-usina\/#respond"]}]},{"@type":"WebPage","@id":"https:\/\/www.cope.es\/blogs\/palomitas-de-maiz\/2021\/05\/13\/tassili-teatro-estrenara-rubrick-el-15-de-mayo-en-la-sala-la-usina\/","url":"https:\/\/www.cope.es\/blogs\/palomitas-de-maiz\/2021\/05\/13\/tassili-teatro-estrenara-rubrick-el-15-de-mayo-en-la-sala-la-usina\/","name":"Tassili Teatro estrenar\u00e1 \u2018Rubrick\u2019 el 15 de mayo en la sala La Usina","isPartOf":{"@id":"https:\/\/www.cope.es\/blogs\/palomitas-de-maiz\/#website"},"primaryImageOfPage":{"@id":"https:\/\/www.cope.es\/blogs\/palomitas-de-maiz\/2021\/05\/13\/tassili-teatro-estrenara-rubrick-el-15-de-mayo-en-la-sala-la-usina\/#primaryimage"},"image":{"@id":"https:\/\/www.cope.es\/blogs\/palomitas-de-maiz\/2021\/05\/13\/tassili-teatro-estrenara-rubrick-el-15-de-mayo-en-la-sala-la-usina\/#primaryimage"},"thumbnailUrl":"https:\/\/www.cope.es\/blogs\/palomitas-de-maiz\/wp-content\/uploads\/sites\/6\/2021\/05\/rubrick-cartel-724x353-1.jpg","datePublished":"2021-05-13T00:44:30+00:00","dateModified":"2021-05-13T00:47:14+00:00","author":{"@id":"https:\/\/www.cope.es\/blogs\/palomitas-de-maiz\/#\/schema\/person\/9fb256f63733c964d19b06de1ca3c9ef"},"description":"Tassili Teatro estrenar\u00e1 \u2018Rubrick\u2019 el 15 de mayo en la sala La Usina. Est\u00e1 previsto que el montaje permanezca en el referido teatro hasta el 29 de mayo","breadcrumb":{"@id":"https:\/\/www.cope.es\/blogs\/palomitas-de-maiz\/2021\/05\/13\/tassili-teatro-estrenara-rubrick-el-15-de-mayo-en-la-sala-la-usina\/#breadcrumb"},"inLanguage":"es","potentialAction":[{"@type":"ReadAction","target":["https:\/\/www.cope.es\/blogs\/palomitas-de-maiz\/2021\/05\/13\/tassili-teatro-estrenara-rubrick-el-15-de-mayo-en-la-sala-la-usina\/"]}]},{"@type":"ImageObject","inLanguage":"es","@id":"https:\/\/www.cope.es\/blogs\/palomitas-de-maiz\/2021\/05\/13\/tassili-teatro-estrenara-rubrick-el-15-de-mayo-en-la-sala-la-usina\/#primaryimage","url":"https:\/\/www.cope.es\/blogs\/palomitas-de-maiz\/wp-content\/uploads\/sites\/6\/2021\/05\/rubrick-cartel-724x353-1.jpg","contentUrl":"https:\/\/www.cope.es\/blogs\/palomitas-de-maiz\/wp-content\/uploads\/sites\/6\/2021\/05\/rubrick-cartel-724x353-1.jpg","width":724,"height":353,"caption":"https:\/\/www.cope.es\/blogs\/palomitas-de-maiz\/2021\/05\/13\/tassili-teatro-estrenara-rubrick-el-15-de-mayo-en-la-sala-la-usina\/"},{"@type":"BreadcrumbList","@id":"https:\/\/www.cope.es\/blogs\/palomitas-de-maiz\/2021\/05\/13\/tassili-teatro-estrenara-rubrick-el-15-de-mayo-en-la-sala-la-usina\/#breadcrumb","itemListElement":[{"@type":"ListItem","position":1,"name":"Portada","item":"https:\/\/www.cope.es\/blogs\/palomitas-de-maiz\/"},{"@type":"ListItem","position":2,"name":"Tassili Teatro estrenar\u00e1 la deseada \u2018Rubrick\u2019 en la sala La Usina el 15 de mayo"}]},{"@type":"WebSite","@id":"https:\/\/www.cope.es\/blogs\/palomitas-de-maiz\/#website","url":"https:\/\/www.cope.es\/blogs\/palomitas-de-maiz\/","name":"Palomitas de Ma\u00edz","description":"Blog decano de cine de COPE","potentialAction":[{"@type":"SearchAction","target":{"@type":"EntryPoint","urlTemplate":"https:\/\/www.cope.es\/blogs\/palomitas-de-maiz\/?s={search_term_string}"},"query-input":{"@type":"PropertyValueSpecification","valueRequired":true,"valueName":"search_term_string"}}],"inLanguage":"es"},{"@type":"Person","@id":"https:\/\/www.cope.es\/blogs\/palomitas-de-maiz\/#\/schema\/person\/9fb256f63733c964d19b06de1ca3c9ef","name":"Jos\u00e9 Luis Panero","image":{"@type":"ImageObject","inLanguage":"es","@id":"https:\/\/secure.gravatar.com\/avatar\/2ef93951eab3cee25932a7219e566376cbf6ddedde3aa3098e7a971991a3ef12?s=96&d=mm&r=g","url":"https:\/\/secure.gravatar.com\/avatar\/2ef93951eab3cee25932a7219e566376cbf6ddedde3aa3098e7a971991a3ef12?s=96&d=mm&r=g","contentUrl":"https:\/\/secure.gravatar.com\/avatar\/2ef93951eab3cee25932a7219e566376cbf6ddedde3aa3098e7a971991a3ef12?s=96&d=mm&r=g","caption":"Jos\u00e9 Luis Panero"},"description":"Licenciado en Periodismo y en Comunicaci\u00f3n Audiovisual. Tras m\u00e1s de cuatro a\u00f1os en el diario 'La Gaceta de Los Negocios' y el programa f\u00edlmico 'Pantalla Grande', es cr\u00edtico de cine en 'Ciudad Nueva', 'Pantalla 90', 'COPE' o 'Aleteia' y cr\u00edtico de teatro en 'Hoy en la city'. Ha sido coguionista y ayudante de direcci\u00f3n de cine, ponente en los coloquios de cine del foro FNAC y profesor universitario en diferentes cursos de Periodismo Social. Desde 2003 es miembro del C\u00edrculo de Escritores Cinematogr\u00e1ficos (CEC). En 2008 fund\u00f3 en 'COPE' su blog de cine 'Palomitas de Ma\u00edz'. En 2017 fue nombrado Jurado Oficial del Festival Internacional de Cine de Fuengirola (M\u00e1laga) y ese a\u00f1o la instituci\u00f3n educativa Trinity College-Liceo Serrano le distingui\u00f3 con el nombramiento de 'Profesor de Honor' del centro y miembro ilustre del claustro de profesores. En 2019 fue nombrado Jurado Oficial del Festival Internacional de Cine de Vera (Almer\u00eda). En 2020 fue nombrado Jurado Oficial del Festival Internacional de Cine de Terror de La Mar Bella (Marbella). Como int\u00e9rprete ha sido galardonado con el Premio al Actor Principal del I Festival Nacional UNIR de teatro. Desde 2020 es acad\u00e9mico de las Artes Esc\u00e9nicas de Espa\u00f1a. En 2023 fue nombrado Jurado Oficial de los 'Premios Tal\u00eda' en su I Edici\u00f3n. Y miembro de ASHUMES (Asociaci\u00f3n del Humorismo Espa\u00f1ol) a partir de 2022. En 2023 fue nombrado Jurado Oficial de la II Edici\u00f3n de los 'Premios Godot'.","sameAs":["http:\/\/www.cope.es","https:\/\/www.facebook.com\/palomitero\/","https:\/\/www.instagram.com\/joseluispanero\/","https:\/\/www.linkedin.com\/in\/jos-luis-panero-gonzlez-barosa-7722a716\/","https:\/\/x.com\/PALOMITERO","https:\/\/www.youtube.com\/channel\/UCQYaNGiETUXUPXjYu9p3lNw\/videos?","https:\/\/es.wikipedia.org\/wiki\/Jos_Luis_Panero_Gonzlez-Barosa"],"url":"https:\/\/www.cope.es\/blogs\/palomitas-de-maiz\/author\/jlpanero\/"}]}},"amp_enabled":true,"_links":{"self":[{"href":"https:\/\/www.cope.es\/blogs\/palomitas-de-maiz\/wp-json\/wp\/v2\/posts\/7918","targetHints":{"allow":["GET"]}}],"collection":[{"href":"https:\/\/www.cope.es\/blogs\/palomitas-de-maiz\/wp-json\/wp\/v2\/posts"}],"about":[{"href":"https:\/\/www.cope.es\/blogs\/palomitas-de-maiz\/wp-json\/wp\/v2\/types\/post"}],"author":[{"embeddable":true,"href":"https:\/\/www.cope.es\/blogs\/palomitas-de-maiz\/wp-json\/wp\/v2\/users\/6"}],"replies":[{"embeddable":true,"href":"https:\/\/www.cope.es\/blogs\/palomitas-de-maiz\/wp-json\/wp\/v2\/comments?post=7918"}],"version-history":[{"count":2,"href":"https:\/\/www.cope.es\/blogs\/palomitas-de-maiz\/wp-json\/wp\/v2\/posts\/7918\/revisions"}],"predecessor-version":[{"id":7927,"href":"https:\/\/www.cope.es\/blogs\/palomitas-de-maiz\/wp-json\/wp\/v2\/posts\/7918\/revisions\/7927"}],"wp:featuredmedia":[{"embeddable":true,"href":"https:\/\/www.cope.es\/blogs\/palomitas-de-maiz\/wp-json\/wp\/v2\/media\/7919"}],"wp:attachment":[{"href":"https:\/\/www.cope.es\/blogs\/palomitas-de-maiz\/wp-json\/wp\/v2\/media?parent=7918"}],"wp:term":[{"taxonomy":"category","embeddable":true,"href":"https:\/\/www.cope.es\/blogs\/palomitas-de-maiz\/wp-json\/wp\/v2\/categories?post=7918"},{"taxonomy":"post_tag","embeddable":true,"href":"https:\/\/www.cope.es\/blogs\/palomitas-de-maiz\/wp-json\/wp\/v2\/tags?post=7918"}],"curies":[{"name":"wp","href":"https:\/\/api.w.org\/{rel}","templated":true}]}}