{"id":7551,"date":"2021-01-25T17:43:03","date_gmt":"2021-01-25T16:43:03","guid":{"rendered":"http:\/\/www.cope.es\/blogs\/palomitas-de-maiz\/?p=7551"},"modified":"2021-01-25T17:47:42","modified_gmt":"2021-01-25T16:47:42","slug":"gala-blogos-de-oro-premiaran-el-cine-espanol-independiente-30-de-enero","status":"publish","type":"post","link":"https:\/\/www.cope.es\/blogs\/palomitas-de-maiz\/2021\/01\/25\/gala-blogos-de-oro-premiaran-el-cine-espanol-independiente-30-de-enero\/","title":{"rendered":"Arranca la VIII gala de cine espa\u00f1ol independiente de los \u2018Blogos de Oro\u2019 2021"},"content":{"rendered":"<p>\u00a1Mis queridos palomiteros! Los Blogos de Oro premiar\u00e1n el cine independiente el 30 de enero. Se trata de los primeros premios de cine espa\u00f1ol independiente. El pr\u00f3ximo s\u00e1bado,\u00a0a las 17:00\u00a0horas, la actriz <strong><b>Ane Gabarain <\/b><\/strong>-que ha participado en pel\u00edculas tan exitosas como <em><i>Loreak<\/i><\/em>\u00a0o <em><i>La comunidad<\/i><\/em>, y que actualmente triunfa entre p\u00fablico y cr\u00edtica como protagonista de la magistral serie <em><i>Patria- <\/i><\/em><strong>dar\u00e1 el pistoletazo de salida<\/strong> con un v\u00eddeo a la <strong>Gala de los Premios de Cine espa\u00f1ol Independiente Blogos de Oro 2021<\/strong>, que tendr\u00e1 lugar de manera virtual en el hashtag de Twitter <strong><b>#BlogosDeOro<\/b><\/strong>.<\/p>\n<figure id=\"attachment_7554\" aria-describedby=\"caption-attachment-7554\" style=\"width: 725px\" class=\"wp-caption aligncenter\"><img loading=\"lazy\" decoding=\"async\" width=\"725\" height=\"123\" class=\"wp-image-7554 size-full\" src=\"http:\/\/www.cope.es\/blogs\/palomitas-de-maiz\/wp-content\/uploads\/sites\/6\/2021\/01\/Cabecera-Independiente-1.jpg\" alt=\"Los Blogos de Oro premiar\u00e1n el cine independiente el 30 de enero\" srcset=\"https:\/\/www.cope.es\/blogs\/palomitas-de-maiz\/wp-content\/uploads\/sites\/6\/2021\/01\/Cabecera-Independiente-1.jpg 725w, https:\/\/www.cope.es\/blogs\/palomitas-de-maiz\/wp-content\/uploads\/sites\/6\/2021\/01\/Cabecera-Independiente-1-300x51.jpg 300w\" sizes=\"auto, (max-width: 725px) 100vw, 725px\" \/><figcaption id=\"caption-attachment-7554\" class=\"wp-caption-text\"><strong>Los Blogos de Oro<\/strong> premiar\u00e1n el cine independiente el 30 de enero<\/figcaption><\/figure>\n<p><strong>Un evento \u00fanico en el mundo que desde hace ocho a\u00f1os re\u00fane a miles de aficionados al cine<\/strong>, para disfrutar en vivo, en directo y de manera totalmente online, de una aut\u00e9ntica fiesta a la que todo el mundo est\u00e1 invitado a participar en pijama, bata y pantuflas, desde la seguridad y comodidad de sus hogares, tal y como recordamos en nuestro spot oficial.<\/p>\n<figure id=\"attachment_7557\" aria-describedby=\"caption-attachment-7557\" style=\"width: 725px\" class=\"wp-caption aligncenter\"><img loading=\"lazy\" decoding=\"async\" width=\"725\" height=\"435\" class=\"wp-image-7557 size-full\" src=\"http:\/\/www.cope.es\/blogs\/palomitas-de-maiz\/wp-content\/uploads\/sites\/6\/2021\/01\/Cartel-Gala-Virtual-Blogos-de-Oro-2021-1.jpg\" alt=\"Los Blogos de Oro premiar\u00e1n el cine independiente el 30 de enero\" srcset=\"https:\/\/www.cope.es\/blogs\/palomitas-de-maiz\/wp-content\/uploads\/sites\/6\/2021\/01\/Cartel-Gala-Virtual-Blogos-de-Oro-2021-1.jpg 725w, https:\/\/www.cope.es\/blogs\/palomitas-de-maiz\/wp-content\/uploads\/sites\/6\/2021\/01\/Cartel-Gala-Virtual-Blogos-de-Oro-2021-1-300x180.jpg 300w\" sizes=\"auto, (max-width: 725px) 100vw, 725px\" \/><figcaption id=\"caption-attachment-7557\" class=\"wp-caption-text\"><strong>Los Blogos de Oro<\/strong> premiar\u00e1n el cine independiente el 30 de enero<\/figcaption><\/figure>\n<p>Aunque no celebremos un acto presencial para anunciar y entregar los diferentes galardones, todas las personas premiadas recibir\u00e1n igualmente en sus casas una estatuilla f\u00edsica que les acreditar\u00e1 como ganadoras en su correspondiente categor\u00eda de esta<strong> octava edici\u00f3n de los Premios de Cine espa\u00f1ol Independiente <a href=\"http:\/\/blogosdeoro.com\/\" target=\"_blank\">Blogos de Oro<\/a><\/strong>.<\/p>\n<h2>Los Blogos de Oro premiar\u00e1n el cine independiente el 30 de enero<\/h2>\n<p>De nuevo, <strong>en esta edici\u00f3n hemos querido dar protagonismo a los medios online que eligen las ganadoras<\/strong>. Por este motivo, nueve de los diez galardones ser\u00e1n entregados virtualmente por miembros de nuestros premios que han formado parte del <a href=\"http:\/\/blogosdeoro.com\/comites-de-seleccion\"><u>Comit\u00e9 de Selecci\u00f3n<\/u><\/a>, cuyo trabajo ha sido admirable y fundamental. A continuaci\u00f3n, os presentamos las personas elegidas para esta trascendental tarea.<\/p>\n<figure id=\"attachment_7555\" aria-describedby=\"caption-attachment-7555\" style=\"width: 725px\" class=\"wp-caption aligncenter\"><img loading=\"lazy\" decoding=\"async\" width=\"725\" height=\"289\" class=\"wp-image-7555 size-full\" src=\"http:\/\/www.cope.es\/blogs\/palomitas-de-maiz\/wp-content\/uploads\/sites\/6\/2021\/01\/Blogos-Indie.jpg\" alt=\"Los Blogos de Oro premiar\u00e1n el cine independiente el 30 de enero\" srcset=\"https:\/\/www.cope.es\/blogs\/palomitas-de-maiz\/wp-content\/uploads\/sites\/6\/2021\/01\/Blogos-Indie.jpg 725w, https:\/\/www.cope.es\/blogs\/palomitas-de-maiz\/wp-content\/uploads\/sites\/6\/2021\/01\/Blogos-Indie-300x120.jpg 300w\" sizes=\"auto, (max-width: 725px) 100vw, 725px\" \/><figcaption id=\"caption-attachment-7555\" class=\"wp-caption-text\"><strong>Los Blogos de Oro<\/strong> premiar\u00e1n el cine independiente el 30 de enero<\/figcaption><\/figure>\n<p>La oleada de galardones arrancar\u00e1 con un miembro desde hace a\u00f1os del equipo de selecci\u00f3n de nuestros premios, <strong><b>Paula Garc\u00eda-Arenzana<\/b><\/strong>, m\u00e1s conocida en Twitter como SihayaKynes, desde cuya cuenta anunciar\u00e1 cual es la <strong><b>Mejor Pel\u00edcula Internacional<\/b><\/strong>.<\/p>\n<p>A continuaci\u00f3n, ser\u00e1 el turno de conocer el <strong><b>Mejor Actor de reparto<\/b><\/strong>\u00a0a trav\u00e9s de <strong><b>Susana Cabeza<\/b><\/strong>, creadora del fabuloso blog <a href=\"https:\/\/claquetalucesyaccion.blogspot.com\/\"><u>Claqueta, Luces y Acci\u00f3n<\/u><\/a>\u00a0y que fue jurado de la Secci\u00f3n Panorama de autoras espa\u00f1olas en el <a href=\"https:\/\/www.festivalcinepormujeres.com\/\"><u>Festival de Cine por Mujeres 2019<\/u><\/a>.<\/p>\n<p>Una veterana en festivales que ha sido jurado oficial en multitud de ellos como Sitges y Terrormolins, <strong><b>Ylenia \u201cYunamond\u201d Ca\u00f1adas <\/b><\/strong>de <a href=\"https:\/\/elcinefil.cat\/\"><u>El Cin\u00e8fil<\/u><\/a>, desvelar\u00e1 quien se llevar\u00e1 la estatuilla a <strong><b>Mejor Banda Sonora Original<\/b><\/strong>. Y la <strong><b>Mejor Actriz de reparto <\/b><\/strong>llegar\u00e1 de la mano de <strong><b>Mar\u00eda Abad<\/b><\/strong>, experta en comunicaci\u00f3n y marketing cinematogr\u00e1fico y creadora de <a href=\"http:\/\/www.laprincesaprometidablog.com\/\"><u>La princesa prometida blog<\/u><\/a>.<\/p>\n<p><img loading=\"lazy\" decoding=\"async\" width=\"725\" height=\"241\" class=\"aligncenter wp-image-7556 size-full\" src=\"http:\/\/www.cope.es\/blogs\/palomitas-de-maiz\/wp-content\/uploads\/sites\/6\/2021\/01\/Imagen-Redes-Twitter-2021.jpg\" alt=\"\" srcset=\"https:\/\/www.cope.es\/blogs\/palomitas-de-maiz\/wp-content\/uploads\/sites\/6\/2021\/01\/Imagen-Redes-Twitter-2021.jpg 725w, https:\/\/www.cope.es\/blogs\/palomitas-de-maiz\/wp-content\/uploads\/sites\/6\/2021\/01\/Imagen-Redes-Twitter-2021-300x100.jpg 300w\" sizes=\"auto, (max-width: 725px) 100vw, 725px\" \/><\/p>\n<p>Los premios de interpretaciones principales ser\u00e1n entregados virtualmente por dos medios online que forman parte de nuestro jurado; el de <strong><b>Mejor Actor<\/b><\/strong>\u00a0correr\u00e1 a cargo de la web, y tambi\u00e9n programa de radio, sobre cine, series y festivales, <a href=\"https:\/\/filmfilicos.com\/\"><u>Filmf\u00edlicos<\/u><\/a>, y el de <strong><b>Mejor Actriz<\/b><\/strong>\u00a0se encargar\u00e1n los amigos de <a href=\"http:\/\/www.nochedecine.com\/\"><u>Noche de Cine<\/u><\/a>, especializados en entrevistas, cr\u00edticas y recomendaciones.<\/p>\n<h2>Por primera vez, y en colaboraci\u00f3n con el programa de <a href=\"https:\/\/www.efe.com\/audio\/audio.html\"><u>Efe Radio<\/u><\/a>\u00a0sobre cine y series en espa\u00f1ol <strong><b>Fila Efe<\/b><\/strong>, habr\u00e1 un <strong><b>Premio Honor\u00edfico<\/b><\/strong> que ellos mismos se encargar\u00e1n de entregar, virtual a trav\u00e9s de Twitter, y presencialmente en su programa de radio, a una figura o entidad relevante del panorama cinematogr\u00e1fico de Espa\u00f1a<\/h2>\n<p>Tambi\u00e9n tendremos el placer de contar con dos entregadores que encajan perfectamente con las categor\u00edas que revelar\u00e1n. En primer lugar, el productor y realizador audiovisual <strong><b>Isra Calzado<\/b><\/strong>, que como no pod\u00eda ser de otra manera nos dir\u00e1 qui\u00e9n se lleva el premio a la <strong><b>Mejor Direcci\u00f3n<\/b><\/strong>. En la misma l\u00ednea, el periodista y escritor <strong><b>Doc Pastor<\/b><\/strong>\u00a0dar\u00e1 a conocer qui\u00e9n ha considerado nuestro jurado que merece llevarse a casa el galard\u00f3n al <strong><b>Mejor Guion<\/b><\/strong>.<\/p>\n<p>El nominado en dos ocasiones a los <strong><b>Blogos de Oro<\/b><\/strong>, representante del Comit\u00e9 que seleccion\u00f3 los seis cortos finalistas y director al que tenemos un cari\u00f1o especial por motivos evidentes, <strong><b>Manuel Aguilar<\/b><\/strong> -est\u00e1 preparando su primer largometraje <em>Lady Laura<\/em>-, tendr\u00e1 la responsabilidad de decirnos desde su cuenta de Twitter cual es el <strong><b>Mejor Cortometraje Estrella<\/b><\/strong>\u00a0de 2020.<\/p>\n<p>Y el momento cumbre de la Gala virtual de entrega de premios de los<a href=\"http:\/\/www.cope.es\/blogs\/palomitas-de-maiz\/2019\/03\/22\/arranca-la-vi-edicion-premios-blogos-de-oro-cine\/\"> Blogos de Oro<\/a> 2021 llegar\u00e1 cuando uno de los festivales m\u00e1s importantes de Espa\u00f1a -nos enorgullece entregar un premio oficial de la cr\u00edtica, la <strong><b>SEMINCI<\/b><\/strong> de Valladolid- anuncie la <strong><b>Mejor Pel\u00edcula<\/b><\/strong>\u00a0de un a\u00f1o donde el cine espa\u00f1ol independiente ha luchado contra viento y marea para salir adelante, brillando con m\u00e1s fuerza que nunca.<\/p>\n<p>Ahora solo nos queda esperar a que llegue el gran d\u00eda para conocer las diferentes galardonadas de los diez premios que entregar\u00e1n amig@s y colaboradores de nuestros premios en una gala virtual hecha por tod@s y para tod@s, y sobre todo, con cero riesgos para sus asistentes virtuales.<\/p>\n<p>\u00a1Os esperamos el<strong> 30 de enero a partir de las 17:00<\/strong> para pasarlo de cine, palomiteros!<\/p>\n<p><a href=\"http:\/\/blogosdeoro.com\/nominaciones-blogos-de-oro-2021.html\"><u>Lista con todas las nominaciones finales<\/u><\/a><\/p>\n<p><iframe loading=\"lazy\" title=\"Ventajas de los Premios Blogos de Oro\" width=\"675\" height=\"380\" src=\"https:\/\/www.youtube.com\/embed\/PqVmT8meauY?feature=oembed\" frameborder=\"0\" allow=\"accelerometer; autoplay; clipboard-write; encrypted-media; gyroscope; picture-in-picture\" allowfullscreen><\/iframe><\/p>\n","protected":false},"excerpt":{"rendered":"<p>\u00a1Mis queridos palomiteros! Los Blogos de Oro premiar\u00e1n el cine independiente el 30 de enero. Se trata de los primeros premios de cine espa\u00f1ol independiente. El pr\u00f3ximo s\u00e1bado,\u00a0a las 17:00\u00a0horas, la actriz Ane Gabarain -que ha participado en pel\u00edculas tan exitosas como Loreak\u00a0o La comunidad, y que actualmente triunfa entre p\u00fablico y cr\u00edtica como protagonista [&hellip;]<\/p>\n","protected":false},"author":6,"featured_media":7559,"comment_status":"open","ping_status":"open","sticky":false,"template":"","format":"standard","meta":{"footnotes":""},"categories":[336,3279,49,48],"tags":[8659,8656,8663,646,8662,3876,68,8654,8658,8661,1961,8660,69,8657,8655],"class_list":["post-7551","post","type-post","status-publish","format-standard","has-post-thumbnail","hentry","category-actualidad","category-blogos-de-oro","category-cine","category-premios-de-cine","tag-blogosdeoro","tag-30-de-enero","tag-ane-gabarain","tag-blogos-de-oro","tag-cine-espanol-independiente","tag-cine-independiente","tag-gala","tag-gala-virtual","tag-hastag","tag-mejor-cortometraje-estrella","tag-octava-edicion","tag-premio-honorifico","tag-premios","tag-twiter","tag-viii-edicion"],"yoast_head":"<!-- This site is optimized with the Yoast SEO plugin v27.4 - https:\/\/yoast.com\/product\/yoast-seo-wordpress\/ -->\n<title>Los Blogos de Oro premiar\u00e1n el cine independiente el 30 de enero<\/title>\n<meta name=\"description\" content=\"Los Blogos de Oro premiar\u00e1n el cine independiente el 30 de enero. La gala VIII virtual se celebrar\u00e1 en twitter desde las 17 horas\" \/>\n<meta name=\"robots\" content=\"index, follow, max-snippet:-1, max-image-preview:large, max-video-preview:-1\" \/>\n<link rel=\"canonical\" href=\"https:\/\/www.cope.es\/blogs\/palomitas-de-maiz\/2021\/01\/25\/gala-blogos-de-oro-premiaran-el-cine-espanol-independiente-30-de-enero\/\" \/>\n<meta property=\"og:locale\" content=\"es_ES\" \/>\n<meta property=\"og:type\" content=\"article\" \/>\n<meta property=\"og:title\" content=\"Los Blogos de Oro premiar\u00e1n el cine independiente el 30 de enero\" \/>\n<meta property=\"og:description\" content=\"Los Blogos de Oro premiar\u00e1n el cine independiente el 30 de enero. La gala VIII virtual se celebrar\u00e1 en twitter desde las 17 horas\" \/>\n<meta property=\"og:url\" content=\"https:\/\/www.cope.es\/blogs\/palomitas-de-maiz\/2021\/01\/25\/gala-blogos-de-oro-premiaran-el-cine-espanol-independiente-30-de-enero\/\" \/>\n<meta property=\"og:site_name\" content=\"Palomitas de Ma\u00edz\" \/>\n<meta property=\"article:publisher\" content=\"https:\/\/www.facebook.com\/cope\/\" \/>\n<meta property=\"article:author\" content=\"https:\/\/www.facebook.com\/palomitero\/\" \/>\n<meta property=\"article:published_time\" content=\"2021-01-25T16:43:03+00:00\" \/>\n<meta property=\"article:modified_time\" content=\"2021-01-25T16:47:42+00:00\" \/>\n<meta property=\"og:image\" content=\"https:\/\/www.cope.es\/blogs\/palomitas-de-maiz\/wp-content\/uploads\/sites\/6\/2021\/01\/Cartel-Gala-Virtual-Blogos-de-Oro-2021-1-1.jpg\" \/>\n\t<meta property=\"og:image:width\" content=\"725\" \/>\n\t<meta property=\"og:image:height\" content=\"375\" \/>\n\t<meta property=\"og:image:type\" content=\"image\/jpeg\" \/>\n<meta name=\"author\" content=\"Jos\u00e9 Luis Panero\" \/>\n<meta name=\"twitter:card\" content=\"summary_large_image\" \/>\n<meta name=\"twitter:creator\" content=\"@PALOMITERO\" \/>\n<meta name=\"twitter:site\" content=\"@cope_es\" \/>\n<meta name=\"twitter:label1\" content=\"Escrito por\" \/>\n\t<meta name=\"twitter:data1\" content=\"Jos\u00e9 Luis Panero\" \/>\n\t<meta name=\"twitter:label2\" content=\"Tiempo de lectura\" \/>\n\t<meta name=\"twitter:data2\" content=\"5 minutos\" \/>\n<script type=\"application\/ld+json\" class=\"yoast-schema-graph\">{\"@context\":\"https:\\\/\\\/schema.org\",\"@graph\":[{\"@type\":\"Article\",\"@id\":\"https:\\\/\\\/www.cope.es\\\/blogs\\\/palomitas-de-maiz\\\/2021\\\/01\\\/25\\\/gala-blogos-de-oro-premiaran-el-cine-espanol-independiente-30-de-enero\\\/#article\",\"isPartOf\":{\"@id\":\"https:\\\/\\\/www.cope.es\\\/blogs\\\/palomitas-de-maiz\\\/2021\\\/01\\\/25\\\/gala-blogos-de-oro-premiaran-el-cine-espanol-independiente-30-de-enero\\\/\"},\"author\":{\"name\":\"Jos\u00e9 Luis Panero\",\"@id\":\"https:\\\/\\\/www.cope.es\\\/blogs\\\/palomitas-de-maiz\\\/#\\\/schema\\\/person\\\/9fb256f63733c964d19b06de1ca3c9ef\"},\"headline\":\"Arranca la VIII gala de cine espa\u00f1ol independiente de los \u2018Blogos de Oro\u2019 2021\",\"datePublished\":\"2021-01-25T16:43:03+00:00\",\"dateModified\":\"2021-01-25T16:47:42+00:00\",\"mainEntityOfPage\":{\"@id\":\"https:\\\/\\\/www.cope.es\\\/blogs\\\/palomitas-de-maiz\\\/2021\\\/01\\\/25\\\/gala-blogos-de-oro-premiaran-el-cine-espanol-independiente-30-de-enero\\\/\"},\"wordCount\":942,\"commentCount\":0,\"image\":{\"@id\":\"https:\\\/\\\/www.cope.es\\\/blogs\\\/palomitas-de-maiz\\\/2021\\\/01\\\/25\\\/gala-blogos-de-oro-premiaran-el-cine-espanol-independiente-30-de-enero\\\/#primaryimage\"},\"thumbnailUrl\":\"https:\\\/\\\/www.cope.es\\\/blogs\\\/palomitas-de-maiz\\\/wp-content\\\/uploads\\\/sites\\\/6\\\/2021\\\/01\\\/Cartel-Gala-Virtual-Blogos-de-Oro-2021-1-1.jpg\",\"keywords\":[\"#blogosdeoro\",\"30 de enero\",\"Ane Gabarain\",\"Blogos de Oro\",\"cine espa\u00f1ol independiente\",\"cine independiente\",\"gala\",\"gala virtual\",\"hastag\",\"Mejor Cortometraje Estrella\",\"octava edici\u00f3n\",\"premio honor\u00edfico\",\"premios\",\"twiter\",\"viii edicion\"],\"articleSection\":[\"actualidad\",\"Blogos de oro\",\"Cine\",\"Premios de Cine\"],\"inLanguage\":\"es\",\"potentialAction\":[{\"@type\":\"CommentAction\",\"name\":\"Comment\",\"target\":[\"https:\\\/\\\/www.cope.es\\\/blogs\\\/palomitas-de-maiz\\\/2021\\\/01\\\/25\\\/gala-blogos-de-oro-premiaran-el-cine-espanol-independiente-30-de-enero\\\/#respond\"]}]},{\"@type\":\"WebPage\",\"@id\":\"https:\\\/\\\/www.cope.es\\\/blogs\\\/palomitas-de-maiz\\\/2021\\\/01\\\/25\\\/gala-blogos-de-oro-premiaran-el-cine-espanol-independiente-30-de-enero\\\/\",\"url\":\"https:\\\/\\\/www.cope.es\\\/blogs\\\/palomitas-de-maiz\\\/2021\\\/01\\\/25\\\/gala-blogos-de-oro-premiaran-el-cine-espanol-independiente-30-de-enero\\\/\",\"name\":\"Los Blogos de Oro premiar\u00e1n el cine independiente el 30 de enero\",\"isPartOf\":{\"@id\":\"https:\\\/\\\/www.cope.es\\\/blogs\\\/palomitas-de-maiz\\\/#website\"},\"primaryImageOfPage\":{\"@id\":\"https:\\\/\\\/www.cope.es\\\/blogs\\\/palomitas-de-maiz\\\/2021\\\/01\\\/25\\\/gala-blogos-de-oro-premiaran-el-cine-espanol-independiente-30-de-enero\\\/#primaryimage\"},\"image\":{\"@id\":\"https:\\\/\\\/www.cope.es\\\/blogs\\\/palomitas-de-maiz\\\/2021\\\/01\\\/25\\\/gala-blogos-de-oro-premiaran-el-cine-espanol-independiente-30-de-enero\\\/#primaryimage\"},\"thumbnailUrl\":\"https:\\\/\\\/www.cope.es\\\/blogs\\\/palomitas-de-maiz\\\/wp-content\\\/uploads\\\/sites\\\/6\\\/2021\\\/01\\\/Cartel-Gala-Virtual-Blogos-de-Oro-2021-1-1.jpg\",\"datePublished\":\"2021-01-25T16:43:03+00:00\",\"dateModified\":\"2021-01-25T16:47:42+00:00\",\"author\":{\"@id\":\"https:\\\/\\\/www.cope.es\\\/blogs\\\/palomitas-de-maiz\\\/#\\\/schema\\\/person\\\/9fb256f63733c964d19b06de1ca3c9ef\"},\"description\":\"Los Blogos de Oro premiar\u00e1n el cine independiente el 30 de enero. La gala VIII virtual se celebrar\u00e1 en twitter desde las 17 horas\",\"breadcrumb\":{\"@id\":\"https:\\\/\\\/www.cope.es\\\/blogs\\\/palomitas-de-maiz\\\/2021\\\/01\\\/25\\\/gala-blogos-de-oro-premiaran-el-cine-espanol-independiente-30-de-enero\\\/#breadcrumb\"},\"inLanguage\":\"es\",\"potentialAction\":[{\"@type\":\"ReadAction\",\"target\":[\"https:\\\/\\\/www.cope.es\\\/blogs\\\/palomitas-de-maiz\\\/2021\\\/01\\\/25\\\/gala-blogos-de-oro-premiaran-el-cine-espanol-independiente-30-de-enero\\\/\"]}]},{\"@type\":\"ImageObject\",\"inLanguage\":\"es\",\"@id\":\"https:\\\/\\\/www.cope.es\\\/blogs\\\/palomitas-de-maiz\\\/2021\\\/01\\\/25\\\/gala-blogos-de-oro-premiaran-el-cine-espanol-independiente-30-de-enero\\\/#primaryimage\",\"url\":\"https:\\\/\\\/www.cope.es\\\/blogs\\\/palomitas-de-maiz\\\/wp-content\\\/uploads\\\/sites\\\/6\\\/2021\\\/01\\\/Cartel-Gala-Virtual-Blogos-de-Oro-2021-1-1.jpg\",\"contentUrl\":\"https:\\\/\\\/www.cope.es\\\/blogs\\\/palomitas-de-maiz\\\/wp-content\\\/uploads\\\/sites\\\/6\\\/2021\\\/01\\\/Cartel-Gala-Virtual-Blogos-de-Oro-2021-1-1.jpg\",\"width\":725,\"height\":375,\"caption\":\"https:\\\/\\\/www.cope.es\\\/blogs\\\/palomitas-de-maiz\\\/2021\\\/01\\\/25\\\/gala-blogos-de-oro-premiaran-el-cine-espanol-independiente-30-de-enero\\\/\"},{\"@type\":\"BreadcrumbList\",\"@id\":\"https:\\\/\\\/www.cope.es\\\/blogs\\\/palomitas-de-maiz\\\/2021\\\/01\\\/25\\\/gala-blogos-de-oro-premiaran-el-cine-espanol-independiente-30-de-enero\\\/#breadcrumb\",\"itemListElement\":[{\"@type\":\"ListItem\",\"position\":1,\"name\":\"Portada\",\"item\":\"https:\\\/\\\/www.cope.es\\\/blogs\\\/palomitas-de-maiz\\\/\"},{\"@type\":\"ListItem\",\"position\":2,\"name\":\"Arranca la VIII gala de cine espa\u00f1ol independiente de los \u2018Blogos de Oro\u2019 2021\"}]},{\"@type\":\"WebSite\",\"@id\":\"https:\\\/\\\/www.cope.es\\\/blogs\\\/palomitas-de-maiz\\\/#website\",\"url\":\"https:\\\/\\\/www.cope.es\\\/blogs\\\/palomitas-de-maiz\\\/\",\"name\":\"Palomitas de Ma\u00edz\",\"description\":\"Blog decano de cine de COPE\",\"potentialAction\":[{\"@type\":\"SearchAction\",\"target\":{\"@type\":\"EntryPoint\",\"urlTemplate\":\"https:\\\/\\\/www.cope.es\\\/blogs\\\/palomitas-de-maiz\\\/?s={search_term_string}\"},\"query-input\":{\"@type\":\"PropertyValueSpecification\",\"valueRequired\":true,\"valueName\":\"search_term_string\"}}],\"inLanguage\":\"es\"},{\"@type\":\"Person\",\"@id\":\"https:\\\/\\\/www.cope.es\\\/blogs\\\/palomitas-de-maiz\\\/#\\\/schema\\\/person\\\/9fb256f63733c964d19b06de1ca3c9ef\",\"name\":\"Jos\u00e9 Luis Panero\",\"image\":{\"@type\":\"ImageObject\",\"inLanguage\":\"es\",\"@id\":\"https:\\\/\\\/secure.gravatar.com\\\/avatar\\\/2ef93951eab3cee25932a7219e566376cbf6ddedde3aa3098e7a971991a3ef12?s=96&d=mm&r=g\",\"url\":\"https:\\\/\\\/secure.gravatar.com\\\/avatar\\\/2ef93951eab3cee25932a7219e566376cbf6ddedde3aa3098e7a971991a3ef12?s=96&d=mm&r=g\",\"contentUrl\":\"https:\\\/\\\/secure.gravatar.com\\\/avatar\\\/2ef93951eab3cee25932a7219e566376cbf6ddedde3aa3098e7a971991a3ef12?s=96&d=mm&r=g\",\"caption\":\"Jos\u00e9 Luis Panero\"},\"description\":\"Licenciado en Periodismo y en Comunicaci\u00f3n Audiovisual. Tras m\u00e1s de cuatro a\u00f1os en el diario 'La Gaceta de Los Negocios' y el programa f\u00edlmico 'Pantalla Grande', es cr\u00edtico de cine en 'Ciudad Nueva', 'Pantalla 90', 'COPE' o 'Aleteia' y cr\u00edtico de teatro en 'Hoy en la city'. Ha sido coguionista y ayudante de direcci\u00f3n de cine, ponente en los coloquios de cine del foro FNAC y profesor universitario en diferentes cursos de Periodismo Social. Desde 2003 es miembro del C\u00edrculo de Escritores Cinematogr\u00e1ficos (CEC). En 2008 fund\u00f3 en 'COPE' su blog de cine 'Palomitas de Ma\u00edz'. En 2017 fue nombrado Jurado Oficial del Festival Internacional de Cine de Fuengirola (M\u00e1laga) y ese a\u00f1o la instituci\u00f3n educativa Trinity College-Liceo Serrano le distingui\u00f3 con el nombramiento de 'Profesor de Honor' del centro y miembro ilustre del claustro de profesores. En 2019 fue nombrado Jurado Oficial del Festival Internacional de Cine de Vera (Almer\u00eda). En 2020 fue nombrado Jurado Oficial del Festival Internacional de Cine de Terror de La Mar Bella (Marbella). Como int\u00e9rprete ha sido galardonado con el Premio al Actor Principal del I Festival Nacional UNIR de teatro. Desde 2020 es acad\u00e9mico de las Artes Esc\u00e9nicas de Espa\u00f1a. En 2023 fue nombrado Jurado Oficial de los 'Premios Tal\u00eda' en su I Edici\u00f3n. Y miembro de ASHUMES (Asociaci\u00f3n del Humorismo Espa\u00f1ol) a partir de 2022. En 2023 fue nombrado Jurado Oficial de la II Edici\u00f3n de los 'Premios Godot'.\",\"sameAs\":[\"http:\\\/\\\/www.cope.es\",\"https:\\\/\\\/www.facebook.com\\\/palomitero\\\/\",\"https:\\\/\\\/www.instagram.com\\\/joseluispanero\\\/\",\"https:\\\/\\\/www.linkedin.com\\\/in\\\/jos-luis-panero-gonzlez-barosa-7722a716\\\/\",\"https:\\\/\\\/x.com\\\/PALOMITERO\",\"https:\\\/\\\/www.youtube.com\\\/channel\\\/UCQYaNGiETUXUPXjYu9p3lNw\\\/videos?\",\"https:\\\/\\\/es.wikipedia.org\\\/wiki\\\/Jos_Luis_Panero_Gonzlez-Barosa\"],\"url\":\"https:\\\/\\\/www.cope.es\\\/blogs\\\/palomitas-de-maiz\\\/author\\\/jlpanero\\\/\"}]}<\/script>\n<!-- \/ Yoast SEO plugin. -->","yoast_head_json":{"title":"Los Blogos de Oro premiar\u00e1n el cine independiente el 30 de enero","description":"Los Blogos de Oro premiar\u00e1n el cine independiente el 30 de enero. La gala VIII virtual se celebrar\u00e1 en twitter desde las 17 horas","robots":{"index":"index","follow":"follow","max-snippet":"max-snippet:-1","max-image-preview":"max-image-preview:large","max-video-preview":"max-video-preview:-1"},"canonical":"https:\/\/www.cope.es\/blogs\/palomitas-de-maiz\/2021\/01\/25\/gala-blogos-de-oro-premiaran-el-cine-espanol-independiente-30-de-enero\/","og_locale":"es_ES","og_type":"article","og_title":"Los Blogos de Oro premiar\u00e1n el cine independiente el 30 de enero","og_description":"Los Blogos de Oro premiar\u00e1n el cine independiente el 30 de enero. La gala VIII virtual se celebrar\u00e1 en twitter desde las 17 horas","og_url":"https:\/\/www.cope.es\/blogs\/palomitas-de-maiz\/2021\/01\/25\/gala-blogos-de-oro-premiaran-el-cine-espanol-independiente-30-de-enero\/","og_site_name":"Palomitas de Ma\u00edz","article_publisher":"https:\/\/www.facebook.com\/cope\/","article_author":"https:\/\/www.facebook.com\/palomitero\/","article_published_time":"2021-01-25T16:43:03+00:00","article_modified_time":"2021-01-25T16:47:42+00:00","og_image":[{"width":725,"height":375,"url":"https:\/\/www.cope.es\/blogs\/palomitas-de-maiz\/wp-content\/uploads\/sites\/6\/2021\/01\/Cartel-Gala-Virtual-Blogos-de-Oro-2021-1-1.jpg","type":"image\/jpeg"}],"author":"Jos\u00e9 Luis Panero","twitter_card":"summary_large_image","twitter_creator":"@PALOMITERO","twitter_site":"@cope_es","twitter_misc":{"Escrito por":"Jos\u00e9 Luis Panero","Tiempo de lectura":"5 minutos"},"schema":{"@context":"https:\/\/schema.org","@graph":[{"@type":"Article","@id":"https:\/\/www.cope.es\/blogs\/palomitas-de-maiz\/2021\/01\/25\/gala-blogos-de-oro-premiaran-el-cine-espanol-independiente-30-de-enero\/#article","isPartOf":{"@id":"https:\/\/www.cope.es\/blogs\/palomitas-de-maiz\/2021\/01\/25\/gala-blogos-de-oro-premiaran-el-cine-espanol-independiente-30-de-enero\/"},"author":{"name":"Jos\u00e9 Luis Panero","@id":"https:\/\/www.cope.es\/blogs\/palomitas-de-maiz\/#\/schema\/person\/9fb256f63733c964d19b06de1ca3c9ef"},"headline":"Arranca la VIII gala de cine espa\u00f1ol independiente de los \u2018Blogos de Oro\u2019 2021","datePublished":"2021-01-25T16:43:03+00:00","dateModified":"2021-01-25T16:47:42+00:00","mainEntityOfPage":{"@id":"https:\/\/www.cope.es\/blogs\/palomitas-de-maiz\/2021\/01\/25\/gala-blogos-de-oro-premiaran-el-cine-espanol-independiente-30-de-enero\/"},"wordCount":942,"commentCount":0,"image":{"@id":"https:\/\/www.cope.es\/blogs\/palomitas-de-maiz\/2021\/01\/25\/gala-blogos-de-oro-premiaran-el-cine-espanol-independiente-30-de-enero\/#primaryimage"},"thumbnailUrl":"https:\/\/www.cope.es\/blogs\/palomitas-de-maiz\/wp-content\/uploads\/sites\/6\/2021\/01\/Cartel-Gala-Virtual-Blogos-de-Oro-2021-1-1.jpg","keywords":["#blogosdeoro","30 de enero","Ane Gabarain","Blogos de Oro","cine espa\u00f1ol independiente","cine independiente","gala","gala virtual","hastag","Mejor Cortometraje Estrella","octava edici\u00f3n","premio honor\u00edfico","premios","twiter","viii edicion"],"articleSection":["actualidad","Blogos de oro","Cine","Premios de Cine"],"inLanguage":"es","potentialAction":[{"@type":"CommentAction","name":"Comment","target":["https:\/\/www.cope.es\/blogs\/palomitas-de-maiz\/2021\/01\/25\/gala-blogos-de-oro-premiaran-el-cine-espanol-independiente-30-de-enero\/#respond"]}]},{"@type":"WebPage","@id":"https:\/\/www.cope.es\/blogs\/palomitas-de-maiz\/2021\/01\/25\/gala-blogos-de-oro-premiaran-el-cine-espanol-independiente-30-de-enero\/","url":"https:\/\/www.cope.es\/blogs\/palomitas-de-maiz\/2021\/01\/25\/gala-blogos-de-oro-premiaran-el-cine-espanol-independiente-30-de-enero\/","name":"Los Blogos de Oro premiar\u00e1n el cine independiente el 30 de enero","isPartOf":{"@id":"https:\/\/www.cope.es\/blogs\/palomitas-de-maiz\/#website"},"primaryImageOfPage":{"@id":"https:\/\/www.cope.es\/blogs\/palomitas-de-maiz\/2021\/01\/25\/gala-blogos-de-oro-premiaran-el-cine-espanol-independiente-30-de-enero\/#primaryimage"},"image":{"@id":"https:\/\/www.cope.es\/blogs\/palomitas-de-maiz\/2021\/01\/25\/gala-blogos-de-oro-premiaran-el-cine-espanol-independiente-30-de-enero\/#primaryimage"},"thumbnailUrl":"https:\/\/www.cope.es\/blogs\/palomitas-de-maiz\/wp-content\/uploads\/sites\/6\/2021\/01\/Cartel-Gala-Virtual-Blogos-de-Oro-2021-1-1.jpg","datePublished":"2021-01-25T16:43:03+00:00","dateModified":"2021-01-25T16:47:42+00:00","author":{"@id":"https:\/\/www.cope.es\/blogs\/palomitas-de-maiz\/#\/schema\/person\/9fb256f63733c964d19b06de1ca3c9ef"},"description":"Los Blogos de Oro premiar\u00e1n el cine independiente el 30 de enero. La gala VIII virtual se celebrar\u00e1 en twitter desde las 17 horas","breadcrumb":{"@id":"https:\/\/www.cope.es\/blogs\/palomitas-de-maiz\/2021\/01\/25\/gala-blogos-de-oro-premiaran-el-cine-espanol-independiente-30-de-enero\/#breadcrumb"},"inLanguage":"es","potentialAction":[{"@type":"ReadAction","target":["https:\/\/www.cope.es\/blogs\/palomitas-de-maiz\/2021\/01\/25\/gala-blogos-de-oro-premiaran-el-cine-espanol-independiente-30-de-enero\/"]}]},{"@type":"ImageObject","inLanguage":"es","@id":"https:\/\/www.cope.es\/blogs\/palomitas-de-maiz\/2021\/01\/25\/gala-blogos-de-oro-premiaran-el-cine-espanol-independiente-30-de-enero\/#primaryimage","url":"https:\/\/www.cope.es\/blogs\/palomitas-de-maiz\/wp-content\/uploads\/sites\/6\/2021\/01\/Cartel-Gala-Virtual-Blogos-de-Oro-2021-1-1.jpg","contentUrl":"https:\/\/www.cope.es\/blogs\/palomitas-de-maiz\/wp-content\/uploads\/sites\/6\/2021\/01\/Cartel-Gala-Virtual-Blogos-de-Oro-2021-1-1.jpg","width":725,"height":375,"caption":"https:\/\/www.cope.es\/blogs\/palomitas-de-maiz\/2021\/01\/25\/gala-blogos-de-oro-premiaran-el-cine-espanol-independiente-30-de-enero\/"},{"@type":"BreadcrumbList","@id":"https:\/\/www.cope.es\/blogs\/palomitas-de-maiz\/2021\/01\/25\/gala-blogos-de-oro-premiaran-el-cine-espanol-independiente-30-de-enero\/#breadcrumb","itemListElement":[{"@type":"ListItem","position":1,"name":"Portada","item":"https:\/\/www.cope.es\/blogs\/palomitas-de-maiz\/"},{"@type":"ListItem","position":2,"name":"Arranca la VIII gala de cine espa\u00f1ol independiente de los \u2018Blogos de Oro\u2019 2021"}]},{"@type":"WebSite","@id":"https:\/\/www.cope.es\/blogs\/palomitas-de-maiz\/#website","url":"https:\/\/www.cope.es\/blogs\/palomitas-de-maiz\/","name":"Palomitas de Ma\u00edz","description":"Blog decano de cine de COPE","potentialAction":[{"@type":"SearchAction","target":{"@type":"EntryPoint","urlTemplate":"https:\/\/www.cope.es\/blogs\/palomitas-de-maiz\/?s={search_term_string}"},"query-input":{"@type":"PropertyValueSpecification","valueRequired":true,"valueName":"search_term_string"}}],"inLanguage":"es"},{"@type":"Person","@id":"https:\/\/www.cope.es\/blogs\/palomitas-de-maiz\/#\/schema\/person\/9fb256f63733c964d19b06de1ca3c9ef","name":"Jos\u00e9 Luis Panero","image":{"@type":"ImageObject","inLanguage":"es","@id":"https:\/\/secure.gravatar.com\/avatar\/2ef93951eab3cee25932a7219e566376cbf6ddedde3aa3098e7a971991a3ef12?s=96&d=mm&r=g","url":"https:\/\/secure.gravatar.com\/avatar\/2ef93951eab3cee25932a7219e566376cbf6ddedde3aa3098e7a971991a3ef12?s=96&d=mm&r=g","contentUrl":"https:\/\/secure.gravatar.com\/avatar\/2ef93951eab3cee25932a7219e566376cbf6ddedde3aa3098e7a971991a3ef12?s=96&d=mm&r=g","caption":"Jos\u00e9 Luis Panero"},"description":"Licenciado en Periodismo y en Comunicaci\u00f3n Audiovisual. Tras m\u00e1s de cuatro a\u00f1os en el diario 'La Gaceta de Los Negocios' y el programa f\u00edlmico 'Pantalla Grande', es cr\u00edtico de cine en 'Ciudad Nueva', 'Pantalla 90', 'COPE' o 'Aleteia' y cr\u00edtico de teatro en 'Hoy en la city'. Ha sido coguionista y ayudante de direcci\u00f3n de cine, ponente en los coloquios de cine del foro FNAC y profesor universitario en diferentes cursos de Periodismo Social. Desde 2003 es miembro del C\u00edrculo de Escritores Cinematogr\u00e1ficos (CEC). En 2008 fund\u00f3 en 'COPE' su blog de cine 'Palomitas de Ma\u00edz'. En 2017 fue nombrado Jurado Oficial del Festival Internacional de Cine de Fuengirola (M\u00e1laga) y ese a\u00f1o la instituci\u00f3n educativa Trinity College-Liceo Serrano le distingui\u00f3 con el nombramiento de 'Profesor de Honor' del centro y miembro ilustre del claustro de profesores. En 2019 fue nombrado Jurado Oficial del Festival Internacional de Cine de Vera (Almer\u00eda). En 2020 fue nombrado Jurado Oficial del Festival Internacional de Cine de Terror de La Mar Bella (Marbella). Como int\u00e9rprete ha sido galardonado con el Premio al Actor Principal del I Festival Nacional UNIR de teatro. Desde 2020 es acad\u00e9mico de las Artes Esc\u00e9nicas de Espa\u00f1a. En 2023 fue nombrado Jurado Oficial de los 'Premios Tal\u00eda' en su I Edici\u00f3n. Y miembro de ASHUMES (Asociaci\u00f3n del Humorismo Espa\u00f1ol) a partir de 2022. En 2023 fue nombrado Jurado Oficial de la II Edici\u00f3n de los 'Premios Godot'.","sameAs":["http:\/\/www.cope.es","https:\/\/www.facebook.com\/palomitero\/","https:\/\/www.instagram.com\/joseluispanero\/","https:\/\/www.linkedin.com\/in\/jos-luis-panero-gonzlez-barosa-7722a716\/","https:\/\/x.com\/PALOMITERO","https:\/\/www.youtube.com\/channel\/UCQYaNGiETUXUPXjYu9p3lNw\/videos?","https:\/\/es.wikipedia.org\/wiki\/Jos_Luis_Panero_Gonzlez-Barosa"],"url":"https:\/\/www.cope.es\/blogs\/palomitas-de-maiz\/author\/jlpanero\/"}]}},"amp_enabled":true,"_links":{"self":[{"href":"https:\/\/www.cope.es\/blogs\/palomitas-de-maiz\/wp-json\/wp\/v2\/posts\/7551","targetHints":{"allow":["GET"]}}],"collection":[{"href":"https:\/\/www.cope.es\/blogs\/palomitas-de-maiz\/wp-json\/wp\/v2\/posts"}],"about":[{"href":"https:\/\/www.cope.es\/blogs\/palomitas-de-maiz\/wp-json\/wp\/v2\/types\/post"}],"author":[{"embeddable":true,"href":"https:\/\/www.cope.es\/blogs\/palomitas-de-maiz\/wp-json\/wp\/v2\/users\/6"}],"replies":[{"embeddable":true,"href":"https:\/\/www.cope.es\/blogs\/palomitas-de-maiz\/wp-json\/wp\/v2\/comments?post=7551"}],"version-history":[{"count":2,"href":"https:\/\/www.cope.es\/blogs\/palomitas-de-maiz\/wp-json\/wp\/v2\/posts\/7551\/revisions"}],"predecessor-version":[{"id":7562,"href":"https:\/\/www.cope.es\/blogs\/palomitas-de-maiz\/wp-json\/wp\/v2\/posts\/7551\/revisions\/7562"}],"wp:featuredmedia":[{"embeddable":true,"href":"https:\/\/www.cope.es\/blogs\/palomitas-de-maiz\/wp-json\/wp\/v2\/media\/7559"}],"wp:attachment":[{"href":"https:\/\/www.cope.es\/blogs\/palomitas-de-maiz\/wp-json\/wp\/v2\/media?parent=7551"}],"wp:term":[{"taxonomy":"category","embeddable":true,"href":"https:\/\/www.cope.es\/blogs\/palomitas-de-maiz\/wp-json\/wp\/v2\/categories?post=7551"},{"taxonomy":"post_tag","embeddable":true,"href":"https:\/\/www.cope.es\/blogs\/palomitas-de-maiz\/wp-json\/wp\/v2\/tags?post=7551"}],"curies":[{"name":"wp","href":"https:\/\/api.w.org\/{rel}","templated":true}]}}