{"id":7467,"date":"2020-12-29T05:25:11","date_gmt":"2020-12-29T04:25:11","guid":{"rendered":"http:\/\/www.cope.es\/blogs\/palomitas-de-maiz\/?p=7467"},"modified":"2020-12-29T05:27:57","modified_gmt":"2020-12-29T04:27:57","slug":"critica-teatro-torquemada-arrasa-en-los-teatros-del-canal-con-el-gran-pedro-casablanc","status":"publish","type":"post","link":"https:\/\/www.cope.es\/blogs\/palomitas-de-maiz\/2020\/12\/29\/critica-teatro-torquemada-arrasa-en-los-teatros-del-canal-con-el-gran-pedro-casablanc\/","title":{"rendered":"\u2018Torquemada\u2019 arrasa en los Teatros del Canal con un inmenso Pedro Casablanc"},"content":{"rendered":"<p>\u00a1Mis queridos palomiteros! \u2018Torquemada\u2019 arrasa en los Teatros del Canal con el gran Pedro Casablanc. Casi en el ep\u00edlogo del A\u00f1o Gald\u00f3s, <strong>la Sala Negra de los citados teatros<\/strong> <strong>acoge hasta el 4 de enero<\/strong> un espect\u00e1culo que trasciende la pureza propia que posee el teatro.<\/p>\n<figure id=\"attachment_7471\" aria-describedby=\"caption-attachment-7471\" style=\"width: 725px\" class=\"wp-caption aligncenter\"><img loading=\"lazy\" decoding=\"async\" width=\"725\" height=\"419\" class=\"wp-image-7471 size-full\" src=\"http:\/\/www.cope.es\/blogs\/palomitas-de-maiz\/wp-content\/uploads\/sites\/6\/2020\/12\/casablanc-torquemada-l.jpg\" alt=\"\u2018Torquemada\u2019 arrasa en los Teatros del Canal con el gran Pedro Casablanc\" srcset=\"https:\/\/www.cope.es\/blogs\/palomitas-de-maiz\/wp-content\/uploads\/sites\/6\/2020\/12\/casablanc-torquemada-l.jpg 725w, https:\/\/www.cope.es\/blogs\/palomitas-de-maiz\/wp-content\/uploads\/sites\/6\/2020\/12\/casablanc-torquemada-l-300x173.jpg 300w\" sizes=\"auto, (max-width: 725px) 100vw, 725px\" \/><figcaption id=\"caption-attachment-7471\" class=\"wp-caption-text\"><strong>\u2018Torquemada\u2019 arrasa en los Teatros del Canal con el gran Pedro Casablanc<\/strong><\/figcaption><\/figure>\n<p>Tal \u00e9xito corresponde al prestigioso <strong>Juan Carlos P\u00e9rez de la Fuente<\/strong> (<em><a href=\"http:\/\/www.cope.es\/blogs\/palomitas-de-maiz\/2019\/11\/30\/oscar-o-la-felicidad-de-existir-revienta-la-sala-arapiles-16-teatro-critica\/\">\u00d3scar o la felicidad de existir<\/a><\/em>, 2018), designado por la Comunidad de Madrid Director Art\u00edstico del A\u00f1o Gald\u00f3s, con motivo del centenario de la muerte del escritor canario. <strong><a href=\"https:\/\/es.wikipedia.org\/wiki\/Juan_Carlos_P%C3%A9rez_de_la_Fuente\" target=\"_blank\">P\u00e9rez de la Fuente<\/a><\/strong> -responsable tambi\u00e9n de la escenograf\u00eda- es una de las tres grandes figuras que dan lustre a <em>Torquemada<\/em>, junto al jaleado autor <strong><a href=\"https:\/\/es.wikipedia.org\/wiki\/Ignacio_Garc%C3%ADa_May\" target=\"_blank\">Ignacio Garc\u00eda May<\/a><\/strong> (<em>Alesio, una comedia de tiempos pasados o bulul\u00fa y medio<\/em>, 1987) y el camale\u00f3nico actor <strong>Pedro Casablanc<\/strong> (<em>Hamelin, <\/em>2006).<\/p>\n<p>El montaje que P\u00e9rez de la Fuente dirige, con pulso y determinaci\u00f3n, resulta arriesgado por la dificultad que entra\u00f1a sintetizar la tetralog\u00eda sobre el personaje de Torquemada (ya sab\u00e9is, ese prestamista que ejerciendo la usura prospera en el Madrid isabelino). Se arma a partir de <em>Torquemada en la hoguera<\/em>\u00a0(1889) \u00a0(enmarcado a\u00fan dentro del \u201cciclo de la materia\u201d), <em>Torquemada en la cruz<\/em>\u00a0(1893),\u00a0<em>Torquemada en el purgatorio<\/em>\u00a0(1894) y\u00a0<em>Torquemada y San Pedro<\/em>\u00a0(1895), escritas en el contexto del \u201cciclo espiritualista\u201d. Todo ello representaba un h\u00e1ndicap para Ignacio Garc\u00eda May, dado que estas historias de <strong><a href=\"https:\/\/es.wikipedia.org\/wiki\/Benito_P%C3%A9rez_Gald%C3%B3s\" target=\"_blank\">Benito P\u00e9rez Gald\u00f3s <\/a><\/strong>rondan las 800 p\u00e1ginas.<\/p>\n<h2>\u2018Torquemada\u2019 arrasa en los Teatros del Canal con el gran Pedro Casablanc<\/h2>\n<p>Sin embargo, el joven dramaturgo confecciona con \u00e9xito un texto para ser declamado, en formato de mon\u00f3logo, m\u00e1s o menos en 90 minutos, donde da repuesta a todas las inquietudes que destilaban aquellas letras, <strong>que recogen la esencia, el esp\u00edritu de la literatura del siglo XIX<\/strong>, como hizo el franc\u00e9s <strong>V\u00edctor Hugo<\/strong> en sus trabajos.<\/p>\n<p>O dicho de otro modo: no hay nada que sobre ni hay nada que se eche en falta. Se trata de un discurso muy rico, muy l\u00facido, con un acabado formal bien trazado, donde aflora la preocupaci\u00f3n de Gald\u00f3s por la miseria econ\u00f3mica y moral del pa\u00eds. Cuenta con una arquitectura dram\u00e1tica bien estructurada, cuya selecci\u00f3n de personajes resulta aut\u00e9ntica, suficiente y eficaz.<\/p>\n<figure id=\"attachment_7472\" aria-describedby=\"caption-attachment-7472\" style=\"width: 725px\" class=\"wp-caption aligncenter\"><img loading=\"lazy\" decoding=\"async\" width=\"725\" height=\"962\" class=\"wp-image-7472 size-full\" src=\"http:\/\/www.cope.es\/blogs\/palomitas-de-maiz\/wp-content\/uploads\/sites\/6\/2020\/12\/torquemada-cartel-interior.jpg\" alt=\"\u2018Torquemada\u2019 arrasa en los Teatros del Canal con el gran Pedro Casablanc\" srcset=\"https:\/\/www.cope.es\/blogs\/palomitas-de-maiz\/wp-content\/uploads\/sites\/6\/2020\/12\/torquemada-cartel-interior.jpg 725w, https:\/\/www.cope.es\/blogs\/palomitas-de-maiz\/wp-content\/uploads\/sites\/6\/2020\/12\/torquemada-cartel-interior-226x300.jpg 226w\" sizes=\"auto, (max-width: 725px) 100vw, 725px\" \/><figcaption id=\"caption-attachment-7472\" class=\"wp-caption-text\"><strong>\u2018Torquemada\u2019 arrasa en los Teatros del Canal con el gran Pedro Casablanc<\/strong><\/figcaption><\/figure>\n<p>No menos interesante es su propuesta escenogr\u00e1fica. <strong>P\u00e9rez de la Fuente<\/strong> siempre va de menos a m\u00e1s. Y siempre logra muy buenos resultados. En el caso de <em>Torquemada<\/em>, ha dispuesto a pie de escenario, tanto a derecha como a izquierda del espectador, cuatro letreros largos, colocados en posici\u00f3n horizontal y bien iluminados, que resit\u00faan la escena al respetable. Se activan alternativamente poniendo el foco en cada una de las novelas de la tetralog\u00eda. Bien est\u00e1. Sin efectismos que despisten la narraci\u00f3n.<\/p>\n<h2><em>Torquemada<\/em> es un espect\u00e1culo que trasciende la pureza propia que posee el teatro<\/h2>\n<p>Por otro lado, al centro del escenario, se insertado un amplio mosaico trasl\u00facido, en formato de biombo, cuajado de s\u00edmbolos e ilustraciones en relaci\u00f3n con las andanzas de nuestro protagonista. Atravesado a su mitad puede leerse en vertical un cartel con las letras<em> Torquemada<\/em>, en may\u00fasculas y con luces de ne\u00f3n, cuya iluminaci\u00f3n cambia de color en funci\u00f3n de los acontecimientos.<\/p>\n<p>Es el term\u00f3metro que mide el estado de \u00e1nimo de cada acci\u00f3n. Y para a\u00f1adir a\u00fan m\u00e1s profundidad de campo que d\u00e9 volumen al relato, <strong>tras el biombo se ha instalado en horizontal, y a media altura en el foro, un serial de im\u00e1genes sobre el Madrid galdosiano de la \u00e9poca<\/strong>. De hecho, la ambientaci\u00f3n y la atm\u00f3sfera resultantes quedan muy logradas gracias al h\u00e1bil manejo de la luz, de la cual es responsable <strong>Jos\u00e9 Manuel Guerra<\/strong>, o del espacio sonoro, a menudo tintineante, como de campanillas, por el que responde <strong>Tuti Fern\u00e1ndez<\/strong>.<\/p>\n<figure id=\"attachment_7473\" aria-describedby=\"caption-attachment-7473\" style=\"width: 725px\" class=\"wp-caption aligncenter\"><img loading=\"lazy\" decoding=\"async\" width=\"725\" height=\"543\" class=\"wp-image-7473 size-full\" src=\"http:\/\/www.cope.es\/blogs\/palomitas-de-maiz\/wp-content\/uploads\/sites\/6\/2020\/12\/torquemada-1.jpg\" alt=\"\u2018Torquemada\u2019 arrasa en los Teatros del Canal con el gran Pedro Casablanc\" srcset=\"https:\/\/www.cope.es\/blogs\/palomitas-de-maiz\/wp-content\/uploads\/sites\/6\/2020\/12\/torquemada-1.jpg 725w, https:\/\/www.cope.es\/blogs\/palomitas-de-maiz\/wp-content\/uploads\/sites\/6\/2020\/12\/torquemada-1-300x225.jpg 300w\" sizes=\"auto, (max-width: 725px) 100vw, 725px\" \/><figcaption id=\"caption-attachment-7473\" class=\"wp-caption-text\"><strong>\u2018Torquemada\u2019 arrasa en los Teatros del Canal con el gran Pedro Casablanc<\/strong><\/figcaption><\/figure>\n<h2>Pedro Casablanc se entrega hasta la extenuaci\u00f3n en cada uno de los personajes a los que da vida<\/h2>\n<p>Naturalmente, para que funcionasen todos los elementos antedichos<strong> hab\u00eda que contar con un actor al nivel de la expectativa<\/strong>. Que fuera af\u00edn a la idiosincrasia del personaje y que fuera capaz de transformarse tantas veces como sean necesarias, sin abandonar el escenario, dado que los cambios de vestuario acontecen ante los ojos del p\u00fablico. Y se hizo diana.<\/p>\n<p><strong>Pedro Casablanc<\/strong> se entrega hasta la extenuaci\u00f3n en cada uno de los personajes a los que da vida (el actor, la t\u00eda Roma, Valentinito, los \u00c1guila -Rafael, Cruz y Fidela-, misionero Gamborena, Francisco Torquemada). Si hay que cambiar la voz, la cambia, si tiene que encarnar a una mujer, que su voz y movimientos sean los de una mujer. Si la ceguera es una de las caracter\u00edsticas de un personaje, que aparezca el ciego&#8230; Y s\u00ed. All\u00ed siempre estaba Casablanc, haciendo suyos cada uno de los papeles adjudicados.<\/p>\n<figure id=\"attachment_7474\" aria-describedby=\"caption-attachment-7474\" style=\"width: 725px\" class=\"wp-caption aligncenter\"><img loading=\"lazy\" decoding=\"async\" width=\"725\" height=\"543\" class=\"wp-image-7474 size-full\" src=\"http:\/\/www.cope.es\/blogs\/palomitas-de-maiz\/wp-content\/uploads\/sites\/6\/2020\/12\/pedro-casablanc-y-jose-luis-panero.jpg\" alt=\"Jos\u00e9 Luis Panero y Pedro Casablanc | \u2018Torquemada\u2019 arrasa en los Teatros del Canal con el gran Pedro Casablanc\" srcset=\"https:\/\/www.cope.es\/blogs\/palomitas-de-maiz\/wp-content\/uploads\/sites\/6\/2020\/12\/pedro-casablanc-y-jose-luis-panero.jpg 725w, https:\/\/www.cope.es\/blogs\/palomitas-de-maiz\/wp-content\/uploads\/sites\/6\/2020\/12\/pedro-casablanc-y-jose-luis-panero-300x225.jpg 300w\" sizes=\"auto, (max-width: 725px) 100vw, 725px\" \/><figcaption id=\"caption-attachment-7474\" class=\"wp-caption-text\"><strong>Jos\u00e9 Luis Panero y Pedro Casablanc<\/strong> | \u2018Torquemada\u2019 arrasa en los Teatros del Canal con el gran Pedro Casablanc<\/figcaption><\/figure>\n<p>El jaleado actor se mueve por toda la escena para dar amplitud a su personaje. Incluso deambula por detr\u00e1s del biombo, <strong>creando un nuevo lenguaje pl\u00e1stico que le da a\u00fan m\u00e1s fuerza<\/strong>. A Casablanc todo le sirve. Se pone una toquilla y se convierte en una ancianita rebelde, hasta mengua su estatura. O aparece erguido y lleno de s\u00ed mismo cuando es privado de la vista. No digamos cuando el usurero m\u00e1s conocido de la literatura universal toma la palabra para cerrar el espect\u00e1culo. <strong>Un espect\u00e1culo, por cierto, a ratos emocionante, a ratos divertido, pero siempre r\u00edtmico<\/strong>.<\/p>\n<h2>Excelente y vibrante trabajo de P\u00e9rez de la Fuente, que certifica su calidad como director de escena<\/h2>\n<p>Seguramente Casablanc haya nacido para ser un gran actor de teatro. Lo demuestra con creces en los citados 90 minutos de este intenso mon\u00f3logo. Ojo, no es un soliloquio. No son todos esos minutos encarnando un s\u00f3lo personaje. Lo que s\u00ed est\u00e1 claro es que <strong>con <em>Torquemada <\/em>est\u00e1 inmenso, impecable<\/strong>. Probablemente este sea un trabajo que d\u00e9 mucho que hablar de \u00e9l y por mucho tiempo: los encuentros y desencuentros entre los personajes son de una belleza abrumadora.<\/p>\n<p>As\u00ed las cosas, nos hallamos ante otro excelente y vibrante trabajo de P\u00e9rez de la Fuente, que certifica su <strong>calidad como director de escena, adem\u00e1s de sus cualidades como director de actores<\/strong>. Un aplauso tambi\u00e9n para Gald\u00f3s.<\/p>\n<p><iframe loading=\"lazy\" title=\"SALUDO &#039;TORQUEMADA&#039; EN LOS TEATROS DEL CANAL\" src=\"https:\/\/player.vimeo.com\/video\/495361350?dnt=1&amp;app_id=122963\" width=\"675\" height=\"380\" frameborder=\"0\" allow=\"autoplay; fullscreen\" allowfullscreen><\/iframe><\/p>\n","protected":false},"excerpt":{"rendered":"<p>\u00a1Mis queridos palomiteros! \u2018Torquemada\u2019 arrasa en los Teatros del Canal con el gran Pedro Casablanc. Casi en el ep\u00edlogo del A\u00f1o Gald\u00f3s, la Sala Negra de los citados teatros acoge hasta el 4 de enero un espect\u00e1culo que trasciende la pureza propia que posee el teatro. Tal \u00e9xito corresponde al prestigioso Juan Carlos P\u00e9rez de [&hellip;]<\/p>\n","protected":false},"author":6,"featured_media":7470,"comment_status":"open","ping_status":"open","sticky":false,"template":"","format":"standard","meta":{"footnotes":""},"categories":[336,49,1292,851],"tags":[8551,8548,8357,8346,8547,4653,8553,1295,8562,8557,8556,8552,8544,8423,8558,4080,8554,8550,8555,2765,8559,8545,1293,8546,8561,8560,8549],"class_list":["post-7467","post","type-post","status-publish","format-standard","has-post-thumbnail","hentry","category-actualidad","category-cine","category-critica-de-teatro","category-teatro-de-autor","tag-alberto-valle","tag-almudena-rodriguez-huertas","tag-ano-galdos","tag-benito-perez-galdos","tag-blanca-li","tag-comunidad-de-madrid","tag-cristian-bofill","tag-critica-de-teatro","tag-director-artistico","tag-fernando-gomez","tag-francisco-atienzar","tag-hawork-studio","tag-ignacio-garcia-may","tag-jose-manuel-guerra","tag-jose-miguel-laspalas","tag-juan-carlos-perez-de-la-fuente","tag-juan-luis-lopez","tag-micaela-quesada","tag-nizar-allibhoy","tag-pedro-casablanc","tag-perez-de-la-fuente-producciones","tag-sala-negra","tag-teatro-de-autor","tag-teatros-del-canal","tag-tetralogia","tag-torquemada","tag-tuti-fernandez"],"yoast_head":"<!-- This site is optimized with the Yoast SEO plugin v27.4 - https:\/\/yoast.com\/product\/yoast-seo-wordpress\/ -->\n<title>\u2018Torquemada\u2019 arrasa en los Teatros del Canal con el gran Pedro Casablanc<\/title>\n<meta name=\"description\" content=\"\u2018Torquemada\u2019 arrasa en los Teatros del Canal con el gran Pedro Casablanc. Juan Carlos P\u00e9rez de la Fuente e Ignacio Garc\u00eda May revientan la sala negra\" \/>\n<meta name=\"robots\" content=\"index, follow, max-snippet:-1, max-image-preview:large, max-video-preview:-1\" \/>\n<link rel=\"canonical\" href=\"https:\/\/www.cope.es\/blogs\/palomitas-de-maiz\/2020\/12\/29\/critica-teatro-torquemada-arrasa-en-los-teatros-del-canal-con-el-gran-pedro-casablanc\/\" \/>\n<meta property=\"og:locale\" content=\"es_ES\" \/>\n<meta property=\"og:type\" content=\"article\" \/>\n<meta property=\"og:title\" content=\"\u2018Torquemada\u2019 arrasa en los Teatros del Canal con el gran Pedro Casablanc\" \/>\n<meta property=\"og:description\" content=\"\u2018Torquemada\u2019 arrasa en los Teatros del Canal con el gran Pedro Casablanc. Juan Carlos P\u00e9rez de la Fuente e Ignacio Garc\u00eda May revientan la sala negra\" \/>\n<meta property=\"og:url\" content=\"https:\/\/www.cope.es\/blogs\/palomitas-de-maiz\/2020\/12\/29\/critica-teatro-torquemada-arrasa-en-los-teatros-del-canal-con-el-gran-pedro-casablanc\/\" \/>\n<meta property=\"og:site_name\" content=\"Palomitas de Ma\u00edz\" \/>\n<meta property=\"article:publisher\" content=\"https:\/\/www.facebook.com\/cope\/\" \/>\n<meta property=\"article:author\" content=\"https:\/\/www.facebook.com\/palomitero\/\" \/>\n<meta property=\"article:published_time\" content=\"2020-12-29T04:25:11+00:00\" \/>\n<meta property=\"article:modified_time\" content=\"2020-12-29T04:27:57+00:00\" \/>\n<meta property=\"og:image\" content=\"https:\/\/www.cope.es\/blogs\/palomitas-de-maiz\/wp-content\/uploads\/sites\/6\/2020\/12\/cartel-torquemada-portada.jpg\" \/>\n\t<meta property=\"og:image:width\" content=\"723\" \/>\n\t<meta property=\"og:image:height\" content=\"364\" \/>\n\t<meta property=\"og:image:type\" content=\"image\/jpeg\" \/>\n<meta name=\"author\" content=\"Jos\u00e9 Luis Panero\" \/>\n<meta name=\"twitter:card\" content=\"summary_large_image\" \/>\n<meta name=\"twitter:creator\" content=\"@PALOMITERO\" \/>\n<meta name=\"twitter:site\" content=\"@cope_es\" \/>\n<meta name=\"twitter:label1\" content=\"Escrito por\" \/>\n\t<meta name=\"twitter:data1\" content=\"Jos\u00e9 Luis Panero\" \/>\n\t<meta name=\"twitter:label2\" content=\"Tiempo de lectura\" \/>\n\t<meta name=\"twitter:data2\" content=\"6 minutos\" \/>\n<script type=\"application\/ld+json\" class=\"yoast-schema-graph\">{\"@context\":\"https:\\\/\\\/schema.org\",\"@graph\":[{\"@type\":\"Article\",\"@id\":\"https:\\\/\\\/www.cope.es\\\/blogs\\\/palomitas-de-maiz\\\/2020\\\/12\\\/29\\\/critica-teatro-torquemada-arrasa-en-los-teatros-del-canal-con-el-gran-pedro-casablanc\\\/#article\",\"isPartOf\":{\"@id\":\"https:\\\/\\\/www.cope.es\\\/blogs\\\/palomitas-de-maiz\\\/2020\\\/12\\\/29\\\/critica-teatro-torquemada-arrasa-en-los-teatros-del-canal-con-el-gran-pedro-casablanc\\\/\"},\"author\":{\"name\":\"Jos\u00e9 Luis Panero\",\"@id\":\"https:\\\/\\\/www.cope.es\\\/blogs\\\/palomitas-de-maiz\\\/#\\\/schema\\\/person\\\/9fb256f63733c964d19b06de1ca3c9ef\"},\"headline\":\"\u2018Torquemada\u2019 arrasa en los Teatros del Canal con un inmenso Pedro Casablanc\",\"datePublished\":\"2020-12-29T04:25:11+00:00\",\"dateModified\":\"2020-12-29T04:27:57+00:00\",\"mainEntityOfPage\":{\"@id\":\"https:\\\/\\\/www.cope.es\\\/blogs\\\/palomitas-de-maiz\\\/2020\\\/12\\\/29\\\/critica-teatro-torquemada-arrasa-en-los-teatros-del-canal-con-el-gran-pedro-casablanc\\\/\"},\"wordCount\":1175,\"commentCount\":0,\"image\":{\"@id\":\"https:\\\/\\\/www.cope.es\\\/blogs\\\/palomitas-de-maiz\\\/2020\\\/12\\\/29\\\/critica-teatro-torquemada-arrasa-en-los-teatros-del-canal-con-el-gran-pedro-casablanc\\\/#primaryimage\"},\"thumbnailUrl\":\"https:\\\/\\\/www.cope.es\\\/blogs\\\/palomitas-de-maiz\\\/wp-content\\\/uploads\\\/sites\\\/6\\\/2020\\\/12\\\/cartel-torquemada-portada.jpg\",\"keywords\":[\"Alberto Valle\",\"Almudena Rodr\u00edguez Huertas\",\"a\u00f1o gald\u00f3s\",\"benito p\u00e9rez gald\u00f3s\",\"blanca li\",\"comunidad de madrid\",\"Cristian Bofill\",\"cr\u00edtica de teatro\",\"director art\u00edstico\",\"Fernando G\u00f3mez\",\"Francisco Ati\u00e9nzar\",\"Hawork Studio\",\"ignacio garc\u00eda may\",\"Jos\u00e9 Manuel Guerra\",\"Jos\u00e9 Miguel Laspalas\",\"juan carlos p\u00e9rez de la fuente\",\"Juan Luis L\u00f3pez\",\"Micaela Quesada\",\"Nizar Allibhoy\",\"pedro casablanc\",\"P\u00e9rez de la Fuente Producciones\",\"sala negra\",\"teatro de autor\",\"teatros del canal\",\"tetralog\u00eda\",\"torquemada\",\"Tuti Fern\u00e1ndez\"],\"articleSection\":[\"actualidad\",\"Cine\",\"Cr\u00edtica de Teatro\",\"Teatro de autor\"],\"inLanguage\":\"es\",\"potentialAction\":[{\"@type\":\"CommentAction\",\"name\":\"Comment\",\"target\":[\"https:\\\/\\\/www.cope.es\\\/blogs\\\/palomitas-de-maiz\\\/2020\\\/12\\\/29\\\/critica-teatro-torquemada-arrasa-en-los-teatros-del-canal-con-el-gran-pedro-casablanc\\\/#respond\"]}]},{\"@type\":\"WebPage\",\"@id\":\"https:\\\/\\\/www.cope.es\\\/blogs\\\/palomitas-de-maiz\\\/2020\\\/12\\\/29\\\/critica-teatro-torquemada-arrasa-en-los-teatros-del-canal-con-el-gran-pedro-casablanc\\\/\",\"url\":\"https:\\\/\\\/www.cope.es\\\/blogs\\\/palomitas-de-maiz\\\/2020\\\/12\\\/29\\\/critica-teatro-torquemada-arrasa-en-los-teatros-del-canal-con-el-gran-pedro-casablanc\\\/\",\"name\":\"\u2018Torquemada\u2019 arrasa en los Teatros del Canal con el gran Pedro Casablanc\",\"isPartOf\":{\"@id\":\"https:\\\/\\\/www.cope.es\\\/blogs\\\/palomitas-de-maiz\\\/#website\"},\"primaryImageOfPage\":{\"@id\":\"https:\\\/\\\/www.cope.es\\\/blogs\\\/palomitas-de-maiz\\\/2020\\\/12\\\/29\\\/critica-teatro-torquemada-arrasa-en-los-teatros-del-canal-con-el-gran-pedro-casablanc\\\/#primaryimage\"},\"image\":{\"@id\":\"https:\\\/\\\/www.cope.es\\\/blogs\\\/palomitas-de-maiz\\\/2020\\\/12\\\/29\\\/critica-teatro-torquemada-arrasa-en-los-teatros-del-canal-con-el-gran-pedro-casablanc\\\/#primaryimage\"},\"thumbnailUrl\":\"https:\\\/\\\/www.cope.es\\\/blogs\\\/palomitas-de-maiz\\\/wp-content\\\/uploads\\\/sites\\\/6\\\/2020\\\/12\\\/cartel-torquemada-portada.jpg\",\"datePublished\":\"2020-12-29T04:25:11+00:00\",\"dateModified\":\"2020-12-29T04:27:57+00:00\",\"author\":{\"@id\":\"https:\\\/\\\/www.cope.es\\\/blogs\\\/palomitas-de-maiz\\\/#\\\/schema\\\/person\\\/9fb256f63733c964d19b06de1ca3c9ef\"},\"description\":\"\u2018Torquemada\u2019 arrasa en los Teatros del Canal con el gran Pedro Casablanc. Juan Carlos P\u00e9rez de la Fuente e Ignacio Garc\u00eda May revientan la sala negra\",\"breadcrumb\":{\"@id\":\"https:\\\/\\\/www.cope.es\\\/blogs\\\/palomitas-de-maiz\\\/2020\\\/12\\\/29\\\/critica-teatro-torquemada-arrasa-en-los-teatros-del-canal-con-el-gran-pedro-casablanc\\\/#breadcrumb\"},\"inLanguage\":\"es\",\"potentialAction\":[{\"@type\":\"ReadAction\",\"target\":[\"https:\\\/\\\/www.cope.es\\\/blogs\\\/palomitas-de-maiz\\\/2020\\\/12\\\/29\\\/critica-teatro-torquemada-arrasa-en-los-teatros-del-canal-con-el-gran-pedro-casablanc\\\/\"]}]},{\"@type\":\"ImageObject\",\"inLanguage\":\"es\",\"@id\":\"https:\\\/\\\/www.cope.es\\\/blogs\\\/palomitas-de-maiz\\\/2020\\\/12\\\/29\\\/critica-teatro-torquemada-arrasa-en-los-teatros-del-canal-con-el-gran-pedro-casablanc\\\/#primaryimage\",\"url\":\"https:\\\/\\\/www.cope.es\\\/blogs\\\/palomitas-de-maiz\\\/wp-content\\\/uploads\\\/sites\\\/6\\\/2020\\\/12\\\/cartel-torquemada-portada.jpg\",\"contentUrl\":\"https:\\\/\\\/www.cope.es\\\/blogs\\\/palomitas-de-maiz\\\/wp-content\\\/uploads\\\/sites\\\/6\\\/2020\\\/12\\\/cartel-torquemada-portada.jpg\",\"width\":723,\"height\":364,\"caption\":\"https:\\\/\\\/www.cope.es\\\/blogs\\\/palomitas-de-maiz\\\/2020\\\/12\\\/29\\\/critica-teatro-torquemada-arrasa-en-los-teatros-del-canal-con-el-gran-pedro-casablanc\\\/\"},{\"@type\":\"BreadcrumbList\",\"@id\":\"https:\\\/\\\/www.cope.es\\\/blogs\\\/palomitas-de-maiz\\\/2020\\\/12\\\/29\\\/critica-teatro-torquemada-arrasa-en-los-teatros-del-canal-con-el-gran-pedro-casablanc\\\/#breadcrumb\",\"itemListElement\":[{\"@type\":\"ListItem\",\"position\":1,\"name\":\"Portada\",\"item\":\"https:\\\/\\\/www.cope.es\\\/blogs\\\/palomitas-de-maiz\\\/\"},{\"@type\":\"ListItem\",\"position\":2,\"name\":\"\u2018Torquemada\u2019 arrasa en los Teatros del Canal con un inmenso Pedro Casablanc\"}]},{\"@type\":\"WebSite\",\"@id\":\"https:\\\/\\\/www.cope.es\\\/blogs\\\/palomitas-de-maiz\\\/#website\",\"url\":\"https:\\\/\\\/www.cope.es\\\/blogs\\\/palomitas-de-maiz\\\/\",\"name\":\"Palomitas de Ma\u00edz\",\"description\":\"Blog decano de cine de COPE\",\"potentialAction\":[{\"@type\":\"SearchAction\",\"target\":{\"@type\":\"EntryPoint\",\"urlTemplate\":\"https:\\\/\\\/www.cope.es\\\/blogs\\\/palomitas-de-maiz\\\/?s={search_term_string}\"},\"query-input\":{\"@type\":\"PropertyValueSpecification\",\"valueRequired\":true,\"valueName\":\"search_term_string\"}}],\"inLanguage\":\"es\"},{\"@type\":\"Person\",\"@id\":\"https:\\\/\\\/www.cope.es\\\/blogs\\\/palomitas-de-maiz\\\/#\\\/schema\\\/person\\\/9fb256f63733c964d19b06de1ca3c9ef\",\"name\":\"Jos\u00e9 Luis Panero\",\"image\":{\"@type\":\"ImageObject\",\"inLanguage\":\"es\",\"@id\":\"https:\\\/\\\/secure.gravatar.com\\\/avatar\\\/2ef93951eab3cee25932a7219e566376cbf6ddedde3aa3098e7a971991a3ef12?s=96&d=mm&r=g\",\"url\":\"https:\\\/\\\/secure.gravatar.com\\\/avatar\\\/2ef93951eab3cee25932a7219e566376cbf6ddedde3aa3098e7a971991a3ef12?s=96&d=mm&r=g\",\"contentUrl\":\"https:\\\/\\\/secure.gravatar.com\\\/avatar\\\/2ef93951eab3cee25932a7219e566376cbf6ddedde3aa3098e7a971991a3ef12?s=96&d=mm&r=g\",\"caption\":\"Jos\u00e9 Luis Panero\"},\"description\":\"Licenciado en Periodismo y en Comunicaci\u00f3n Audiovisual. Tras m\u00e1s de cuatro a\u00f1os en el diario 'La Gaceta de Los Negocios' y el programa f\u00edlmico 'Pantalla Grande', es cr\u00edtico de cine en 'Ciudad Nueva', 'Pantalla 90', 'COPE' o 'Aleteia' y cr\u00edtico de teatro en 'Hoy en la city'. Ha sido coguionista y ayudante de direcci\u00f3n de cine, ponente en los coloquios de cine del foro FNAC y profesor universitario en diferentes cursos de Periodismo Social. Desde 2003 es miembro del C\u00edrculo de Escritores Cinematogr\u00e1ficos (CEC). En 2008 fund\u00f3 en 'COPE' su blog de cine 'Palomitas de Ma\u00edz'. En 2017 fue nombrado Jurado Oficial del Festival Internacional de Cine de Fuengirola (M\u00e1laga) y ese a\u00f1o la instituci\u00f3n educativa Trinity College-Liceo Serrano le distingui\u00f3 con el nombramiento de 'Profesor de Honor' del centro y miembro ilustre del claustro de profesores. En 2019 fue nombrado Jurado Oficial del Festival Internacional de Cine de Vera (Almer\u00eda). En 2020 fue nombrado Jurado Oficial del Festival Internacional de Cine de Terror de La Mar Bella (Marbella). Como int\u00e9rprete ha sido galardonado con el Premio al Actor Principal del I Festival Nacional UNIR de teatro. Desde 2020 es acad\u00e9mico de las Artes Esc\u00e9nicas de Espa\u00f1a. En 2023 fue nombrado Jurado Oficial de los 'Premios Tal\u00eda' en su I Edici\u00f3n. Y miembro de ASHUMES (Asociaci\u00f3n del Humorismo Espa\u00f1ol) a partir de 2022. En 2023 fue nombrado Jurado Oficial de la II Edici\u00f3n de los 'Premios Godot'.\",\"sameAs\":[\"http:\\\/\\\/www.cope.es\",\"https:\\\/\\\/www.facebook.com\\\/palomitero\\\/\",\"https:\\\/\\\/www.instagram.com\\\/joseluispanero\\\/\",\"https:\\\/\\\/www.linkedin.com\\\/in\\\/jos-luis-panero-gonzlez-barosa-7722a716\\\/\",\"https:\\\/\\\/x.com\\\/PALOMITERO\",\"https:\\\/\\\/www.youtube.com\\\/channel\\\/UCQYaNGiETUXUPXjYu9p3lNw\\\/videos?\",\"https:\\\/\\\/es.wikipedia.org\\\/wiki\\\/Jos_Luis_Panero_Gonzlez-Barosa\"],\"url\":\"https:\\\/\\\/www.cope.es\\\/blogs\\\/palomitas-de-maiz\\\/author\\\/jlpanero\\\/\"}]}<\/script>\n<!-- \/ Yoast SEO plugin. -->","yoast_head_json":{"title":"\u2018Torquemada\u2019 arrasa en los Teatros del Canal con el gran Pedro Casablanc","description":"\u2018Torquemada\u2019 arrasa en los Teatros del Canal con el gran Pedro Casablanc. Juan Carlos P\u00e9rez de la Fuente e Ignacio Garc\u00eda May revientan la sala negra","robots":{"index":"index","follow":"follow","max-snippet":"max-snippet:-1","max-image-preview":"max-image-preview:large","max-video-preview":"max-video-preview:-1"},"canonical":"https:\/\/www.cope.es\/blogs\/palomitas-de-maiz\/2020\/12\/29\/critica-teatro-torquemada-arrasa-en-los-teatros-del-canal-con-el-gran-pedro-casablanc\/","og_locale":"es_ES","og_type":"article","og_title":"\u2018Torquemada\u2019 arrasa en los Teatros del Canal con el gran Pedro Casablanc","og_description":"\u2018Torquemada\u2019 arrasa en los Teatros del Canal con el gran Pedro Casablanc. Juan Carlos P\u00e9rez de la Fuente e Ignacio Garc\u00eda May revientan la sala negra","og_url":"https:\/\/www.cope.es\/blogs\/palomitas-de-maiz\/2020\/12\/29\/critica-teatro-torquemada-arrasa-en-los-teatros-del-canal-con-el-gran-pedro-casablanc\/","og_site_name":"Palomitas de Ma\u00edz","article_publisher":"https:\/\/www.facebook.com\/cope\/","article_author":"https:\/\/www.facebook.com\/palomitero\/","article_published_time":"2020-12-29T04:25:11+00:00","article_modified_time":"2020-12-29T04:27:57+00:00","og_image":[{"width":723,"height":364,"url":"https:\/\/www.cope.es\/blogs\/palomitas-de-maiz\/wp-content\/uploads\/sites\/6\/2020\/12\/cartel-torquemada-portada.jpg","type":"image\/jpeg"}],"author":"Jos\u00e9 Luis Panero","twitter_card":"summary_large_image","twitter_creator":"@PALOMITERO","twitter_site":"@cope_es","twitter_misc":{"Escrito por":"Jos\u00e9 Luis Panero","Tiempo de lectura":"6 minutos"},"schema":{"@context":"https:\/\/schema.org","@graph":[{"@type":"Article","@id":"https:\/\/www.cope.es\/blogs\/palomitas-de-maiz\/2020\/12\/29\/critica-teatro-torquemada-arrasa-en-los-teatros-del-canal-con-el-gran-pedro-casablanc\/#article","isPartOf":{"@id":"https:\/\/www.cope.es\/blogs\/palomitas-de-maiz\/2020\/12\/29\/critica-teatro-torquemada-arrasa-en-los-teatros-del-canal-con-el-gran-pedro-casablanc\/"},"author":{"name":"Jos\u00e9 Luis Panero","@id":"https:\/\/www.cope.es\/blogs\/palomitas-de-maiz\/#\/schema\/person\/9fb256f63733c964d19b06de1ca3c9ef"},"headline":"\u2018Torquemada\u2019 arrasa en los Teatros del Canal con un inmenso Pedro Casablanc","datePublished":"2020-12-29T04:25:11+00:00","dateModified":"2020-12-29T04:27:57+00:00","mainEntityOfPage":{"@id":"https:\/\/www.cope.es\/blogs\/palomitas-de-maiz\/2020\/12\/29\/critica-teatro-torquemada-arrasa-en-los-teatros-del-canal-con-el-gran-pedro-casablanc\/"},"wordCount":1175,"commentCount":0,"image":{"@id":"https:\/\/www.cope.es\/blogs\/palomitas-de-maiz\/2020\/12\/29\/critica-teatro-torquemada-arrasa-en-los-teatros-del-canal-con-el-gran-pedro-casablanc\/#primaryimage"},"thumbnailUrl":"https:\/\/www.cope.es\/blogs\/palomitas-de-maiz\/wp-content\/uploads\/sites\/6\/2020\/12\/cartel-torquemada-portada.jpg","keywords":["Alberto Valle","Almudena Rodr\u00edguez Huertas","a\u00f1o gald\u00f3s","benito p\u00e9rez gald\u00f3s","blanca li","comunidad de madrid","Cristian Bofill","cr\u00edtica de teatro","director art\u00edstico","Fernando G\u00f3mez","Francisco Ati\u00e9nzar","Hawork Studio","ignacio garc\u00eda may","Jos\u00e9 Manuel Guerra","Jos\u00e9 Miguel Laspalas","juan carlos p\u00e9rez de la fuente","Juan Luis L\u00f3pez","Micaela Quesada","Nizar Allibhoy","pedro casablanc","P\u00e9rez de la Fuente Producciones","sala negra","teatro de autor","teatros del canal","tetralog\u00eda","torquemada","Tuti Fern\u00e1ndez"],"articleSection":["actualidad","Cine","Cr\u00edtica de Teatro","Teatro de autor"],"inLanguage":"es","potentialAction":[{"@type":"CommentAction","name":"Comment","target":["https:\/\/www.cope.es\/blogs\/palomitas-de-maiz\/2020\/12\/29\/critica-teatro-torquemada-arrasa-en-los-teatros-del-canal-con-el-gran-pedro-casablanc\/#respond"]}]},{"@type":"WebPage","@id":"https:\/\/www.cope.es\/blogs\/palomitas-de-maiz\/2020\/12\/29\/critica-teatro-torquemada-arrasa-en-los-teatros-del-canal-con-el-gran-pedro-casablanc\/","url":"https:\/\/www.cope.es\/blogs\/palomitas-de-maiz\/2020\/12\/29\/critica-teatro-torquemada-arrasa-en-los-teatros-del-canal-con-el-gran-pedro-casablanc\/","name":"\u2018Torquemada\u2019 arrasa en los Teatros del Canal con el gran Pedro Casablanc","isPartOf":{"@id":"https:\/\/www.cope.es\/blogs\/palomitas-de-maiz\/#website"},"primaryImageOfPage":{"@id":"https:\/\/www.cope.es\/blogs\/palomitas-de-maiz\/2020\/12\/29\/critica-teatro-torquemada-arrasa-en-los-teatros-del-canal-con-el-gran-pedro-casablanc\/#primaryimage"},"image":{"@id":"https:\/\/www.cope.es\/blogs\/palomitas-de-maiz\/2020\/12\/29\/critica-teatro-torquemada-arrasa-en-los-teatros-del-canal-con-el-gran-pedro-casablanc\/#primaryimage"},"thumbnailUrl":"https:\/\/www.cope.es\/blogs\/palomitas-de-maiz\/wp-content\/uploads\/sites\/6\/2020\/12\/cartel-torquemada-portada.jpg","datePublished":"2020-12-29T04:25:11+00:00","dateModified":"2020-12-29T04:27:57+00:00","author":{"@id":"https:\/\/www.cope.es\/blogs\/palomitas-de-maiz\/#\/schema\/person\/9fb256f63733c964d19b06de1ca3c9ef"},"description":"\u2018Torquemada\u2019 arrasa en los Teatros del Canal con el gran Pedro Casablanc. Juan Carlos P\u00e9rez de la Fuente e Ignacio Garc\u00eda May revientan la sala negra","breadcrumb":{"@id":"https:\/\/www.cope.es\/blogs\/palomitas-de-maiz\/2020\/12\/29\/critica-teatro-torquemada-arrasa-en-los-teatros-del-canal-con-el-gran-pedro-casablanc\/#breadcrumb"},"inLanguage":"es","potentialAction":[{"@type":"ReadAction","target":["https:\/\/www.cope.es\/blogs\/palomitas-de-maiz\/2020\/12\/29\/critica-teatro-torquemada-arrasa-en-los-teatros-del-canal-con-el-gran-pedro-casablanc\/"]}]},{"@type":"ImageObject","inLanguage":"es","@id":"https:\/\/www.cope.es\/blogs\/palomitas-de-maiz\/2020\/12\/29\/critica-teatro-torquemada-arrasa-en-los-teatros-del-canal-con-el-gran-pedro-casablanc\/#primaryimage","url":"https:\/\/www.cope.es\/blogs\/palomitas-de-maiz\/wp-content\/uploads\/sites\/6\/2020\/12\/cartel-torquemada-portada.jpg","contentUrl":"https:\/\/www.cope.es\/blogs\/palomitas-de-maiz\/wp-content\/uploads\/sites\/6\/2020\/12\/cartel-torquemada-portada.jpg","width":723,"height":364,"caption":"https:\/\/www.cope.es\/blogs\/palomitas-de-maiz\/2020\/12\/29\/critica-teatro-torquemada-arrasa-en-los-teatros-del-canal-con-el-gran-pedro-casablanc\/"},{"@type":"BreadcrumbList","@id":"https:\/\/www.cope.es\/blogs\/palomitas-de-maiz\/2020\/12\/29\/critica-teatro-torquemada-arrasa-en-los-teatros-del-canal-con-el-gran-pedro-casablanc\/#breadcrumb","itemListElement":[{"@type":"ListItem","position":1,"name":"Portada","item":"https:\/\/www.cope.es\/blogs\/palomitas-de-maiz\/"},{"@type":"ListItem","position":2,"name":"\u2018Torquemada\u2019 arrasa en los Teatros del Canal con un inmenso Pedro Casablanc"}]},{"@type":"WebSite","@id":"https:\/\/www.cope.es\/blogs\/palomitas-de-maiz\/#website","url":"https:\/\/www.cope.es\/blogs\/palomitas-de-maiz\/","name":"Palomitas de Ma\u00edz","description":"Blog decano de cine de COPE","potentialAction":[{"@type":"SearchAction","target":{"@type":"EntryPoint","urlTemplate":"https:\/\/www.cope.es\/blogs\/palomitas-de-maiz\/?s={search_term_string}"},"query-input":{"@type":"PropertyValueSpecification","valueRequired":true,"valueName":"search_term_string"}}],"inLanguage":"es"},{"@type":"Person","@id":"https:\/\/www.cope.es\/blogs\/palomitas-de-maiz\/#\/schema\/person\/9fb256f63733c964d19b06de1ca3c9ef","name":"Jos\u00e9 Luis Panero","image":{"@type":"ImageObject","inLanguage":"es","@id":"https:\/\/secure.gravatar.com\/avatar\/2ef93951eab3cee25932a7219e566376cbf6ddedde3aa3098e7a971991a3ef12?s=96&d=mm&r=g","url":"https:\/\/secure.gravatar.com\/avatar\/2ef93951eab3cee25932a7219e566376cbf6ddedde3aa3098e7a971991a3ef12?s=96&d=mm&r=g","contentUrl":"https:\/\/secure.gravatar.com\/avatar\/2ef93951eab3cee25932a7219e566376cbf6ddedde3aa3098e7a971991a3ef12?s=96&d=mm&r=g","caption":"Jos\u00e9 Luis Panero"},"description":"Licenciado en Periodismo y en Comunicaci\u00f3n Audiovisual. Tras m\u00e1s de cuatro a\u00f1os en el diario 'La Gaceta de Los Negocios' y el programa f\u00edlmico 'Pantalla Grande', es cr\u00edtico de cine en 'Ciudad Nueva', 'Pantalla 90', 'COPE' o 'Aleteia' y cr\u00edtico de teatro en 'Hoy en la city'. Ha sido coguionista y ayudante de direcci\u00f3n de cine, ponente en los coloquios de cine del foro FNAC y profesor universitario en diferentes cursos de Periodismo Social. Desde 2003 es miembro del C\u00edrculo de Escritores Cinematogr\u00e1ficos (CEC). En 2008 fund\u00f3 en 'COPE' su blog de cine 'Palomitas de Ma\u00edz'. En 2017 fue nombrado Jurado Oficial del Festival Internacional de Cine de Fuengirola (M\u00e1laga) y ese a\u00f1o la instituci\u00f3n educativa Trinity College-Liceo Serrano le distingui\u00f3 con el nombramiento de 'Profesor de Honor' del centro y miembro ilustre del claustro de profesores. En 2019 fue nombrado Jurado Oficial del Festival Internacional de Cine de Vera (Almer\u00eda). En 2020 fue nombrado Jurado Oficial del Festival Internacional de Cine de Terror de La Mar Bella (Marbella). Como int\u00e9rprete ha sido galardonado con el Premio al Actor Principal del I Festival Nacional UNIR de teatro. Desde 2020 es acad\u00e9mico de las Artes Esc\u00e9nicas de Espa\u00f1a. En 2023 fue nombrado Jurado Oficial de los 'Premios Tal\u00eda' en su I Edici\u00f3n. Y miembro de ASHUMES (Asociaci\u00f3n del Humorismo Espa\u00f1ol) a partir de 2022. En 2023 fue nombrado Jurado Oficial de la II Edici\u00f3n de los 'Premios Godot'.","sameAs":["http:\/\/www.cope.es","https:\/\/www.facebook.com\/palomitero\/","https:\/\/www.instagram.com\/joseluispanero\/","https:\/\/www.linkedin.com\/in\/jos-luis-panero-gonzlez-barosa-7722a716\/","https:\/\/x.com\/PALOMITERO","https:\/\/www.youtube.com\/channel\/UCQYaNGiETUXUPXjYu9p3lNw\/videos?","https:\/\/es.wikipedia.org\/wiki\/Jos_Luis_Panero_Gonzlez-Barosa"],"url":"https:\/\/www.cope.es\/blogs\/palomitas-de-maiz\/author\/jlpanero\/"}]}},"amp_enabled":true,"_links":{"self":[{"href":"https:\/\/www.cope.es\/blogs\/palomitas-de-maiz\/wp-json\/wp\/v2\/posts\/7467","targetHints":{"allow":["GET"]}}],"collection":[{"href":"https:\/\/www.cope.es\/blogs\/palomitas-de-maiz\/wp-json\/wp\/v2\/posts"}],"about":[{"href":"https:\/\/www.cope.es\/blogs\/palomitas-de-maiz\/wp-json\/wp\/v2\/types\/post"}],"author":[{"embeddable":true,"href":"https:\/\/www.cope.es\/blogs\/palomitas-de-maiz\/wp-json\/wp\/v2\/users\/6"}],"replies":[{"embeddable":true,"href":"https:\/\/www.cope.es\/blogs\/palomitas-de-maiz\/wp-json\/wp\/v2\/comments?post=7467"}],"version-history":[{"count":2,"href":"https:\/\/www.cope.es\/blogs\/palomitas-de-maiz\/wp-json\/wp\/v2\/posts\/7467\/revisions"}],"predecessor-version":[{"id":7478,"href":"https:\/\/www.cope.es\/blogs\/palomitas-de-maiz\/wp-json\/wp\/v2\/posts\/7467\/revisions\/7478"}],"wp:featuredmedia":[{"embeddable":true,"href":"https:\/\/www.cope.es\/blogs\/palomitas-de-maiz\/wp-json\/wp\/v2\/media\/7470"}],"wp:attachment":[{"href":"https:\/\/www.cope.es\/blogs\/palomitas-de-maiz\/wp-json\/wp\/v2\/media?parent=7467"}],"wp:term":[{"taxonomy":"category","embeddable":true,"href":"https:\/\/www.cope.es\/blogs\/palomitas-de-maiz\/wp-json\/wp\/v2\/categories?post=7467"},{"taxonomy":"post_tag","embeddable":true,"href":"https:\/\/www.cope.es\/blogs\/palomitas-de-maiz\/wp-json\/wp\/v2\/tags?post=7467"}],"curies":[{"name":"wp","href":"https:\/\/api.w.org\/{rel}","templated":true}]}}