{"id":7344,"date":"2020-12-07T23:21:32","date_gmt":"2020-12-07T22:21:32","guid":{"rendered":"http:\/\/www.cope.es\/blogs\/palomitas-de-maiz\/?p=7344"},"modified":"2020-12-07T23:25:52","modified_gmt":"2020-12-07T22:25:52","slug":"entrevista-a-dea-kulumbegashvili-concha-de-oro-por-beginning-surtsey-films","status":"publish","type":"post","link":"https:\/\/www.cope.es\/blogs\/palomitas-de-maiz\/2020\/12\/07\/entrevista-a-dea-kulumbegashvili-concha-de-oro-por-beginning-surtsey-films\/","title":{"rendered":"Entrevista a la cineasta georgiana Dea Kulumbegashvili (\u2018Beginning\u2019): \u201cHe crecido con la cultura cristiana muy dentro de m\u00ed\u201d"},"content":{"rendered":"<p>\u00a1Mis queridos palomiteros! Entrevista a\u00a0Dea Kulumbegashvili: Concha de Oro por \u2018Beginning\u2019. A sus 34 a\u00f1os, la directora y guionista georgiana, autora del corto <em><i>Ukhilavi sivrtseebi<\/i><\/em> -con el que compiti\u00f3 en Cannes en 2014- ha hecho historia al convertirse en la primera debutante en cine que ha arrasado en la \u00faltima edici\u00f3n del Festival Internacional de Cine de San Sebasti\u00e1n con esta magistral historia, donde alz\u00f3 con la Concha de Oro a la mejor pel\u00edcula. <strong>Estrenada en Espa\u00f1a el pasado 4 de diciembre<\/strong> &#8211;<a href=\"http:\/\/www.cope.es\/blogs\/palomitas-de-maiz\/2020\/12\/04\/critica-cine-beginning-concha-de-oro-para-el-genial-debut-de-dea-kulumbegashvili\/\">aqu\u00ed pod\u00e9is leer la cr\u00edtica<\/a>-,\u00a0y distribuida por <a href=\"https:\/\/surtseyfilms.es\/\" target=\"_blank\">Surtsey Films<\/a>, la pel\u00edcula no ha dejado a nadie indiferente. Por fortuna, hemos podido hablar con ella.<\/p>\n<figure id=\"attachment_7345\" aria-describedby=\"caption-attachment-7345\" style=\"width: 725px\" class=\"wp-caption aligncenter\"><img loading=\"lazy\" decoding=\"async\" width=\"725\" height=\"715\" class=\"wp-image-7345 size-full\" src=\"http:\/\/www.cope.es\/blogs\/palomitas-de-maiz\/wp-content\/uploads\/sites\/6\/2020\/12\/dea-kulumbegashvili-interior.jpg\" alt=\"Entrevista a\u00a0Dea Kulumbegashvili: Concha de Oro por \u2018Beginning\u2019\" srcset=\"https:\/\/www.cope.es\/blogs\/palomitas-de-maiz\/wp-content\/uploads\/sites\/6\/2020\/12\/dea-kulumbegashvili-interior.jpg 725w, https:\/\/www.cope.es\/blogs\/palomitas-de-maiz\/wp-content\/uploads\/sites\/6\/2020\/12\/dea-kulumbegashvili-interior-300x296.jpg 300w, https:\/\/www.cope.es\/blogs\/palomitas-de-maiz\/wp-content\/uploads\/sites\/6\/2020\/12\/dea-kulumbegashvili-interior-73x73.jpg 73w, https:\/\/www.cope.es\/blogs\/palomitas-de-maiz\/wp-content\/uploads\/sites\/6\/2020\/12\/dea-kulumbegashvili-interior-108x108.jpg 108w\" sizes=\"auto, (max-width: 725px) 100vw, 725px\" \/><figcaption id=\"caption-attachment-7345\" class=\"wp-caption-text\">Entrevista a\u00a0<strong>Dea Kulumbegashvili<\/strong>: Concha de Oro por \u2018Beginning\u2019<\/figcaption><\/figure>\n<p><strong><b>\u00bfC\u00f3mo se origina \u2018Beginning\u2019? <\/b><\/strong><\/p>\n<p>Tiene que ver con algunas cosas que ya estaba explorando, como el sentido de la identidad, asunto por el que llevo pregunt\u00e1ndome toda la vida. Sobre todo por las elecciones que tenemos que hacer a menudo. Y por saber si realmente son nuestras o si vienen impuestas. <strong>Es una cuesti\u00f3n en torno al libre albedr\u00edo<\/strong>. En medio de todo esto fui a ver a mi padre. Ese momento coincidi\u00f3 con que otros familiares tambi\u00e9n fueron a saludarle, y que poco antes se hab\u00edan hecho Testigos de Jehov\u00e1. As\u00ed que hablando con unos y con otros, comprob\u00e9 que muchas de las cosas que estaban en mi cabeza, estas personas ya las viv\u00edan. Como el rechazo social por haberse convertido. A partir de ah\u00ed empec\u00e9 a reflexionar con m\u00e1s ah\u00ednco y as\u00ed naci\u00f3 <em><i>Beginning<\/i><\/em>.<\/p>\n<figure id=\"attachment_7350\" aria-describedby=\"caption-attachment-7350\" style=\"width: 725px\" class=\"wp-caption aligncenter\"><img loading=\"lazy\" decoding=\"async\" width=\"725\" height=\"519\" class=\"wp-image-7350 size-full\" src=\"http:\/\/www.cope.es\/blogs\/palomitas-de-maiz\/wp-content\/uploads\/sites\/6\/2020\/12\/beginning-2-1.jpg\" alt=\"Fotograma del filme | Entrevista a\u00a0Dea Kulumbegashvili: Concha de Oro por \u2018Beginning\u2019\" srcset=\"https:\/\/www.cope.es\/blogs\/palomitas-de-maiz\/wp-content\/uploads\/sites\/6\/2020\/12\/beginning-2-1.jpg 725w, https:\/\/www.cope.es\/blogs\/palomitas-de-maiz\/wp-content\/uploads\/sites\/6\/2020\/12\/beginning-2-1-300x215.jpg 300w\" sizes=\"auto, (max-width: 725px) 100vw, 725px\" \/><figcaption id=\"caption-attachment-7350\" class=\"wp-caption-text\"><strong>Fotograma del filme<\/strong> | Entrevista a\u00a0Dea Kulumbegashvili: Concha de Oro por \u2018Beginning\u2019<\/figcaption><\/figure>\n<h2>En Georgia es bastante dif\u00edcil hacer cine. Pero es mi vida y es lo que me gusta<\/h2>\n<p><strong><b>En todo el planteamiento que Ud. se hace, \u00bfqu\u00e9 lugar ocupa la religi\u00f3n en su vida?<\/b><\/strong><\/p>\n<p>No siendo una persona religiosa, he crecido con la cultura cristiana muy dentro de m\u00ed. Est\u00e1 muy presente en mi vida. <strong>Es el tejido que invade la cultura de Europa y Occidente<\/strong>. Por otro lado, he nacido en un lugar fronterizo, f\u00edsico y metaf\u00f3ricamente hablando. As\u00ed que cuando se produjo la ca\u00edda de la Uni\u00f3n Sovi\u00e9tica, todo ese sue\u00f1o que durante tanto tiempo hab\u00edamos disfrutado se termin\u00f3. Estaba bien claro que <strong>la gente necesitaba encontrarse con un mundo esperanzador que supliera ese sue\u00f1o<\/strong>, ese ideal repentinamente abatido, que ahora abr\u00eda un horizonte de incertidumbre.<\/p>\n<p><iframe loading=\"lazy\" title=\"Declaraci\u00f3n premiados Concha de Oro - 2020\" width=\"675\" height=\"380\" src=\"https:\/\/www.youtube.com\/embed\/0burs-nwqXQ?feature=oembed\" frameborder=\"0\" allow=\"accelerometer; autoplay; clipboard-write; encrypted-media; gyroscope; picture-in-picture\" allowfullscreen><\/iframe><\/p>\n<h2>Entrevista a\u00a0Dea Kulumbegashvili: Concha de Oro por \u2018Beginning\u2019<\/h2>\n<p><strong><b>\u2018Beginning\u2019 se mueve, a partes iguales, entre el deseo de vivir y el de morir, en un claro tono trascendente <\/b><\/strong><\/p>\n<p>La pel\u00edcula recoge la idea del \u201cen qu\u00e9 me gustar\u00eda creer y en qu\u00e9 no\u201d. Como seres humanos, queremos que nos quieran, pero es muy dif\u00edcil. Es algo parecido a lo que ocurr\u00eda con esos cuentos de hadas que nos contaban cuando \u00e9ramos ni\u00f1os.<\/p>\n<figure id=\"attachment_7346\" aria-describedby=\"caption-attachment-7346\" style=\"width: 725px\" class=\"wp-caption aligncenter\"><img loading=\"lazy\" decoding=\"async\" width=\"725\" height=\"1036\" class=\"wp-image-7346 size-full\" src=\"http:\/\/www.cope.es\/blogs\/palomitas-de-maiz\/wp-content\/uploads\/sites\/6\/2020\/12\/cartel-beggining.jpg\" alt=\"Cartel promocional del filme | Entrevista a\u00a0Dea Kulumbegashvili: Concha de Oro por \u2018Beginning\u2019\" srcset=\"https:\/\/www.cope.es\/blogs\/palomitas-de-maiz\/wp-content\/uploads\/sites\/6\/2020\/12\/cartel-beggining.jpg 725w, https:\/\/www.cope.es\/blogs\/palomitas-de-maiz\/wp-content\/uploads\/sites\/6\/2020\/12\/cartel-beggining-210x300.jpg 210w, https:\/\/www.cope.es\/blogs\/palomitas-de-maiz\/wp-content\/uploads\/sites\/6\/2020\/12\/cartel-beggining-717x1024.jpg 717w\" sizes=\"auto, (max-width: 725px) 100vw, 725px\" \/><figcaption id=\"caption-attachment-7346\" class=\"wp-caption-text\"><strong>Cartel promocional del filme<\/strong> | Entrevista a\u00a0Dea Kulumbegashvili: Concha de Oro por \u2018Beginning\u2019<\/figcaption><\/figure>\n<p><strong><b>\u00bfPor qu\u00e9 ha querido ser explicita en el tratamiento de la violencia?<\/b><\/strong><\/p>\n<p>No creo que haya sido expl\u00edcita.<strong> Pretend\u00eda rodar lo que sucede tal cual,<\/strong> sin injerencias de ninguna clase. De ah\u00ed que haya planos que no he querido cortar, donde se aprecien la rutina y los detalles en torno a esta mujer en su vida.<\/p>\n<p><strong><b>\u00bfCree que se han perdido los valores familiares?<\/b><\/strong><\/p>\n<p>\u00bfDesde el punto de vista eurocentrista? Igual s\u00ed. \u00bfRealmente crees que podemos aislarnos de los v\u00ednculos que nos relacionan con el adagio del \u201cqui\u00e9nes somos y de d\u00f3nde venimos\u201d?<\/p>\n<p><strong><b>\u00bfEntonces cu\u00e1l es su opini\u00f3n sobre la familia?<\/b><\/strong><\/p>\n<p>Tengo una hermana que tiene dos hijas, una de las cuales aparece en la pel\u00edcula. Mi madre biol\u00f3gica tambi\u00e9n lo es en <em><i>Beginning<\/i><\/em>. Con ello quiero decirte que<strong> para m\u00ed la familia es muy importante<\/strong>.<\/p>\n<figure id=\"attachment_7347\" aria-describedby=\"caption-attachment-7347\" style=\"width: 725px\" class=\"wp-caption aligncenter\"><img loading=\"lazy\" decoding=\"async\" width=\"725\" height=\"543\" class=\"wp-image-7347 size-full\" src=\"http:\/\/www.cope.es\/blogs\/palomitas-de-maiz\/wp-content\/uploads\/sites\/6\/2020\/12\/Beginning_actriz_baja.jpg\" alt=\"Fotograma del filme \" srcset=\"https:\/\/www.cope.es\/blogs\/palomitas-de-maiz\/wp-content\/uploads\/sites\/6\/2020\/12\/Beginning_actriz_baja.jpg 725w, https:\/\/www.cope.es\/blogs\/palomitas-de-maiz\/wp-content\/uploads\/sites\/6\/2020\/12\/Beginning_actriz_baja-300x225.jpg 300w\" sizes=\"auto, (max-width: 725px) 100vw, 725px\" \/><figcaption id=\"caption-attachment-7347\" class=\"wp-caption-text\"><strong>Fotograma del filme <\/strong><\/figcaption><\/figure>\n<h2>El <em><i>mainstream <\/i><\/em>por naturaleza es muy conservador<\/h2>\n<p><strong><b>\u00bfEn qui\u00e9n est\u00e1 inspirado su cine?<\/b><\/strong><\/p>\n<p>Depende de muchas cosas. Tiene que ver si conecto con alg\u00fan director o no. Veo muchas pel\u00edculas, aunque tambi\u00e9n puedo estar influenciada por algo de m\u00fasica que me haya inspirado inconscientemente.<\/p>\n<p><strong><b>\u00bfPor qu\u00e9 son tan escasas las directoras de cine?<\/b><\/strong><\/p>\n<p>Hay muchos motivos. Pero <strong>el <em><i>mainstream <\/i><\/em>por naturaleza\u00a0es muy conservador<\/strong>. Es decir, te cuentan que para hacer dinero hay seguir un patr\u00f3n. Y eso es excluyente. Inevitablemente, cada vez va a haber m\u00e1s mujeres, las cosas caer\u00e1n por su propio peso. En Georgia es bastante dif\u00edcil hacer cine. Pero es mi vida y es lo que me gusta.<\/p>\n<figure id=\"attachment_7348\" aria-describedby=\"caption-attachment-7348\" style=\"width: 725px\" class=\"wp-caption aligncenter\"><img loading=\"lazy\" decoding=\"async\" width=\"725\" height=\"359\" class=\"wp-image-7348 size-full\" src=\"http:\/\/www.cope.es\/blogs\/palomitas-de-maiz\/wp-content\/uploads\/sites\/6\/2020\/12\/Beginning_07_baja.jpg\" alt=\"Fotograma del filme \" srcset=\"https:\/\/www.cope.es\/blogs\/palomitas-de-maiz\/wp-content\/uploads\/sites\/6\/2020\/12\/Beginning_07_baja.jpg 725w, https:\/\/www.cope.es\/blogs\/palomitas-de-maiz\/wp-content\/uploads\/sites\/6\/2020\/12\/Beginning_07_baja-300x149.jpg 300w\" sizes=\"auto, (max-width: 725px) 100vw, 725px\" \/><figcaption id=\"caption-attachment-7348\" class=\"wp-caption-text\"><strong>Fotograma del filme <\/strong><\/figcaption><\/figure>\n<p><strong><b>\u00bfQu\u00e9 directoras de cine admira?<\/b><\/strong><\/p>\n<p>Me encanta la directora de cine rumana<strong> Kira Muratova<\/strong>, cuyas pel\u00edculas he visto gracias a mi madre y a mi abuela. Y tambi\u00e9n la cineasta ucraniana, <strong>Larisa Shepitko<\/strong>,\u00a0y la poeta <strong>F\u00fcru\u011f Ferruhzad<\/strong>, de origen iran\u00ed -autora de la magn\u00edfica <em><i>The House is Black <\/i><\/em>(1962)-, hacen cine desde un horizonte emocional bastante distinto y bastante amplio.<\/p>\n<figure id=\"attachment_7349\" aria-describedby=\"caption-attachment-7349\" style=\"width: 725px\" class=\"wp-caption aligncenter\"><img loading=\"lazy\" decoding=\"async\" width=\"725\" height=\"526\" class=\"wp-image-7349 size-full\" src=\"http:\/\/www.cope.es\/blogs\/palomitas-de-maiz\/wp-content\/uploads\/sites\/6\/2020\/12\/beginning-1-1.jpg\" alt=\"Fotograma del filme\" srcset=\"https:\/\/www.cope.es\/blogs\/palomitas-de-maiz\/wp-content\/uploads\/sites\/6\/2020\/12\/beginning-1-1.jpg 725w, https:\/\/www.cope.es\/blogs\/palomitas-de-maiz\/wp-content\/uploads\/sites\/6\/2020\/12\/beginning-1-1-300x218.jpg 300w\" sizes=\"auto, (max-width: 725px) 100vw, 725px\" \/><figcaption id=\"caption-attachment-7349\" class=\"wp-caption-text\"><strong>Fotograma del filme<\/strong><\/figcaption><\/figure>\n<p><strong><b>\u00bfQu\u00e9 reacci\u00f3n espera del p\u00fablico?<\/b><\/strong><\/p>\n<p>Imagino que ser\u00e1 variada. Tengo curiosidad, la verdad, aunque no suelo tener expectativas. Mi trabajo es hacer cine. Y ya est\u00e1.<\/p>\n<p><iframe loading=\"lazy\" title=\"TRAILER VOSE de BEGINNING (ESTRENO 4 de DICIEMBRE)\" width=\"508\" height=\"381\" src=\"https:\/\/www.youtube.com\/embed\/J9t9i8e0wqM?feature=oembed\" frameborder=\"0\" allow=\"accelerometer; autoplay; clipboard-write; encrypted-media; gyroscope; picture-in-picture\" allowfullscreen><\/iframe><\/p>\n","protected":false},"excerpt":{"rendered":"<p>\u00a1Mis queridos palomiteros! Entrevista a\u00a0Dea Kulumbegashvili: Concha de Oro por \u2018Beginning\u2019. A sus 34 a\u00f1os, la directora y guionista georgiana, autora del corto Ukhilavi sivrtseebi -con el que compiti\u00f3 en Cannes en 2014- ha hecho historia al convertirse en la primera debutante en cine que ha arrasado en la \u00faltima edici\u00f3n del Festival Internacional de [&hellip;]<\/p>\n","protected":false},"author":6,"featured_media":7352,"comment_status":"open","ping_status":"open","sticky":false,"template":"","format":"standard","meta":{"footnotes":""},"categories":[336,49,320,8429],"tags":[8404,44,980,8406,8407,8436,335,711,8430,8434,8432,8433,3124,913,929,2684,8435,8431],"class_list":["post-7344","post","type-post","status-publish","format-standard","has-post-thumbnail","hentry","category-actualidad","category-cine","category-entrevista","category-festival-internacional-de-cine-de-san-sebastian","tag-beginning","tag-cine","tag-cineasta","tag-concha-de-oro","tag-dea-kulumbegashvili","tag-debutante","tag-entrevista","tag-estreno","tag-festival-de-cine","tag-furug-ferruhzad","tag-kira-muratova","tag-larisa-shepitko","tag-mejor-pelicula","tag-opera-prima","tag-san-sebastian","tag-surtsey-films","tag-the-house-is-black","tag-ukhilavi-sivrtseebi"],"yoast_head":"<!-- This site is optimized with the Yoast SEO plugin v27.4 - https:\/\/yoast.com\/product\/yoast-seo-wordpress\/ -->\n<title>Entrevista a Dea Kulumbegashvili: Concha de Oro por \u2018Beginning\u2019<\/title>\n<meta name=\"description\" content=\"Entrevista a Dea Kulumbegashvili: Concha de Oro por \u2018Beginning\u2019. La cineasta georgiana debut\u00f3 con ese magistral largo, que no ha dejado indiferente a nadie\" \/>\n<meta name=\"robots\" content=\"index, follow, max-snippet:-1, max-image-preview:large, max-video-preview:-1\" \/>\n<link rel=\"canonical\" href=\"https:\/\/www.cope.es\/blogs\/palomitas-de-maiz\/2020\/12\/07\/entrevista-a-dea-kulumbegashvili-concha-de-oro-por-beginning-surtsey-films\/\" \/>\n<meta property=\"og:locale\" content=\"es_ES\" \/>\n<meta property=\"og:type\" content=\"article\" \/>\n<meta property=\"og:title\" content=\"Entrevista a Dea Kulumbegashvili: Concha de Oro por \u2018Beginning\u2019\" \/>\n<meta property=\"og:description\" content=\"Entrevista a Dea Kulumbegashvili: Concha de Oro por \u2018Beginning\u2019. La cineasta georgiana debut\u00f3 con ese magistral largo, que no ha dejado indiferente a nadie\" \/>\n<meta property=\"og:url\" content=\"https:\/\/www.cope.es\/blogs\/palomitas-de-maiz\/2020\/12\/07\/entrevista-a-dea-kulumbegashvili-concha-de-oro-por-beginning-surtsey-films\/\" \/>\n<meta property=\"og:site_name\" content=\"Palomitas de Ma\u00edz\" \/>\n<meta property=\"article:publisher\" content=\"https:\/\/www.facebook.com\/cope\/\" \/>\n<meta property=\"article:author\" content=\"https:\/\/www.facebook.com\/palomitero\/\" \/>\n<meta property=\"article:published_time\" content=\"2020-12-07T22:21:32+00:00\" \/>\n<meta property=\"article:modified_time\" content=\"2020-12-07T22:25:52+00:00\" \/>\n<meta property=\"og:image\" content=\"https:\/\/www.cope.es\/blogs\/palomitas-de-maiz\/wp-content\/uploads\/sites\/6\/2020\/12\/dea-kulumbegashvili-1.jpg\" \/>\n\t<meta property=\"og:image:width\" content=\"724\" \/>\n\t<meta property=\"og:image:height\" content=\"376\" \/>\n\t<meta property=\"og:image:type\" content=\"image\/jpeg\" \/>\n<meta name=\"author\" content=\"Jos\u00e9 Luis Panero\" \/>\n<meta name=\"twitter:card\" content=\"summary_large_image\" \/>\n<meta name=\"twitter:creator\" content=\"@PALOMITERO\" \/>\n<meta name=\"twitter:site\" content=\"@cope_es\" \/>\n<meta name=\"twitter:label1\" content=\"Escrito por\" \/>\n\t<meta name=\"twitter:data1\" content=\"Jos\u00e9 Luis Panero\" \/>\n\t<meta name=\"twitter:label2\" content=\"Tiempo de lectura\" \/>\n\t<meta name=\"twitter:data2\" content=\"5 minutos\" \/>\n<script type=\"application\/ld+json\" class=\"yoast-schema-graph\">{\"@context\":\"https:\\\/\\\/schema.org\",\"@graph\":[{\"@type\":\"Article\",\"@id\":\"https:\\\/\\\/www.cope.es\\\/blogs\\\/palomitas-de-maiz\\\/2020\\\/12\\\/07\\\/entrevista-a-dea-kulumbegashvili-concha-de-oro-por-beginning-surtsey-films\\\/#article\",\"isPartOf\":{\"@id\":\"https:\\\/\\\/www.cope.es\\\/blogs\\\/palomitas-de-maiz\\\/2020\\\/12\\\/07\\\/entrevista-a-dea-kulumbegashvili-concha-de-oro-por-beginning-surtsey-films\\\/\"},\"author\":{\"name\":\"Jos\u00e9 Luis Panero\",\"@id\":\"https:\\\/\\\/www.cope.es\\\/blogs\\\/palomitas-de-maiz\\\/#\\\/schema\\\/person\\\/9fb256f63733c964d19b06de1ca3c9ef\"},\"headline\":\"Entrevista a la cineasta georgiana Dea Kulumbegashvili (\u2018Beginning\u2019): \u201cHe crecido con la cultura cristiana muy dentro de m\u00ed\u201d\",\"datePublished\":\"2020-12-07T22:21:32+00:00\",\"dateModified\":\"2020-12-07T22:25:52+00:00\",\"mainEntityOfPage\":{\"@id\":\"https:\\\/\\\/www.cope.es\\\/blogs\\\/palomitas-de-maiz\\\/2020\\\/12\\\/07\\\/entrevista-a-dea-kulumbegashvili-concha-de-oro-por-beginning-surtsey-films\\\/\"},\"wordCount\":956,\"commentCount\":0,\"image\":{\"@id\":\"https:\\\/\\\/www.cope.es\\\/blogs\\\/palomitas-de-maiz\\\/2020\\\/12\\\/07\\\/entrevista-a-dea-kulumbegashvili-concha-de-oro-por-beginning-surtsey-films\\\/#primaryimage\"},\"thumbnailUrl\":\"https:\\\/\\\/www.cope.es\\\/blogs\\\/palomitas-de-maiz\\\/wp-content\\\/uploads\\\/sites\\\/6\\\/2020\\\/12\\\/dea-kulumbegashvili-1.jpg\",\"keywords\":[\"beginning\",\"cine\",\"cineasta\",\"concha de oro\",\"Dea Kulumbegashvili\",\"debutante\",\"entrevista\",\"Estreno\",\"festival de cine\",\"F\u00fcru\u011f Ferruhzad\",\"Kira Muratova\",\"Larisa Shepitko\",\"mejor pelicula\",\"opera prima\",\"San Sebasti\u00e1n\",\"Surtsey Films\",\"The House is Black\",\"Ukhilavi sivrtseebi\"],\"articleSection\":[\"actualidad\",\"Cine\",\"Entrevista\",\"Festival internacional de Cine de San Sebasti\u00e1n\"],\"inLanguage\":\"es\",\"potentialAction\":[{\"@type\":\"CommentAction\",\"name\":\"Comment\",\"target\":[\"https:\\\/\\\/www.cope.es\\\/blogs\\\/palomitas-de-maiz\\\/2020\\\/12\\\/07\\\/entrevista-a-dea-kulumbegashvili-concha-de-oro-por-beginning-surtsey-films\\\/#respond\"]}]},{\"@type\":\"WebPage\",\"@id\":\"https:\\\/\\\/www.cope.es\\\/blogs\\\/palomitas-de-maiz\\\/2020\\\/12\\\/07\\\/entrevista-a-dea-kulumbegashvili-concha-de-oro-por-beginning-surtsey-films\\\/\",\"url\":\"https:\\\/\\\/www.cope.es\\\/blogs\\\/palomitas-de-maiz\\\/2020\\\/12\\\/07\\\/entrevista-a-dea-kulumbegashvili-concha-de-oro-por-beginning-surtsey-films\\\/\",\"name\":\"Entrevista a Dea Kulumbegashvili: Concha de Oro por \u2018Beginning\u2019\",\"isPartOf\":{\"@id\":\"https:\\\/\\\/www.cope.es\\\/blogs\\\/palomitas-de-maiz\\\/#website\"},\"primaryImageOfPage\":{\"@id\":\"https:\\\/\\\/www.cope.es\\\/blogs\\\/palomitas-de-maiz\\\/2020\\\/12\\\/07\\\/entrevista-a-dea-kulumbegashvili-concha-de-oro-por-beginning-surtsey-films\\\/#primaryimage\"},\"image\":{\"@id\":\"https:\\\/\\\/www.cope.es\\\/blogs\\\/palomitas-de-maiz\\\/2020\\\/12\\\/07\\\/entrevista-a-dea-kulumbegashvili-concha-de-oro-por-beginning-surtsey-films\\\/#primaryimage\"},\"thumbnailUrl\":\"https:\\\/\\\/www.cope.es\\\/blogs\\\/palomitas-de-maiz\\\/wp-content\\\/uploads\\\/sites\\\/6\\\/2020\\\/12\\\/dea-kulumbegashvili-1.jpg\",\"datePublished\":\"2020-12-07T22:21:32+00:00\",\"dateModified\":\"2020-12-07T22:25:52+00:00\",\"author\":{\"@id\":\"https:\\\/\\\/www.cope.es\\\/blogs\\\/palomitas-de-maiz\\\/#\\\/schema\\\/person\\\/9fb256f63733c964d19b06de1ca3c9ef\"},\"description\":\"Entrevista a Dea Kulumbegashvili: Concha de Oro por \u2018Beginning\u2019. La cineasta georgiana debut\u00f3 con ese magistral largo, que no ha dejado indiferente a nadie\",\"breadcrumb\":{\"@id\":\"https:\\\/\\\/www.cope.es\\\/blogs\\\/palomitas-de-maiz\\\/2020\\\/12\\\/07\\\/entrevista-a-dea-kulumbegashvili-concha-de-oro-por-beginning-surtsey-films\\\/#breadcrumb\"},\"inLanguage\":\"es\",\"potentialAction\":[{\"@type\":\"ReadAction\",\"target\":[\"https:\\\/\\\/www.cope.es\\\/blogs\\\/palomitas-de-maiz\\\/2020\\\/12\\\/07\\\/entrevista-a-dea-kulumbegashvili-concha-de-oro-por-beginning-surtsey-films\\\/\"]}]},{\"@type\":\"ImageObject\",\"inLanguage\":\"es\",\"@id\":\"https:\\\/\\\/www.cope.es\\\/blogs\\\/palomitas-de-maiz\\\/2020\\\/12\\\/07\\\/entrevista-a-dea-kulumbegashvili-concha-de-oro-por-beginning-surtsey-films\\\/#primaryimage\",\"url\":\"https:\\\/\\\/www.cope.es\\\/blogs\\\/palomitas-de-maiz\\\/wp-content\\\/uploads\\\/sites\\\/6\\\/2020\\\/12\\\/dea-kulumbegashvili-1.jpg\",\"contentUrl\":\"https:\\\/\\\/www.cope.es\\\/blogs\\\/palomitas-de-maiz\\\/wp-content\\\/uploads\\\/sites\\\/6\\\/2020\\\/12\\\/dea-kulumbegashvili-1.jpg\",\"width\":724,\"height\":376,\"caption\":\"https:\\\/\\\/www.cope.es\\\/blogs\\\/palomitas-de-maiz\\\/2020\\\/12\\\/07\\\/entrevista-a-dea-kulumbegashvili-concha-de-oro-por-beginning-surtsey-films\\\/\"},{\"@type\":\"BreadcrumbList\",\"@id\":\"https:\\\/\\\/www.cope.es\\\/blogs\\\/palomitas-de-maiz\\\/2020\\\/12\\\/07\\\/entrevista-a-dea-kulumbegashvili-concha-de-oro-por-beginning-surtsey-films\\\/#breadcrumb\",\"itemListElement\":[{\"@type\":\"ListItem\",\"position\":1,\"name\":\"Portada\",\"item\":\"https:\\\/\\\/www.cope.es\\\/blogs\\\/palomitas-de-maiz\\\/\"},{\"@type\":\"ListItem\",\"position\":2,\"name\":\"Entrevista a la cineasta georgiana Dea Kulumbegashvili (\u2018Beginning\u2019): \u201cHe crecido con la cultura cristiana muy dentro de m\u00ed\u201d\"}]},{\"@type\":\"WebSite\",\"@id\":\"https:\\\/\\\/www.cope.es\\\/blogs\\\/palomitas-de-maiz\\\/#website\",\"url\":\"https:\\\/\\\/www.cope.es\\\/blogs\\\/palomitas-de-maiz\\\/\",\"name\":\"Palomitas de Ma\u00edz\",\"description\":\"Blog decano de cine de COPE\",\"potentialAction\":[{\"@type\":\"SearchAction\",\"target\":{\"@type\":\"EntryPoint\",\"urlTemplate\":\"https:\\\/\\\/www.cope.es\\\/blogs\\\/palomitas-de-maiz\\\/?s={search_term_string}\"},\"query-input\":{\"@type\":\"PropertyValueSpecification\",\"valueRequired\":true,\"valueName\":\"search_term_string\"}}],\"inLanguage\":\"es\"},{\"@type\":\"Person\",\"@id\":\"https:\\\/\\\/www.cope.es\\\/blogs\\\/palomitas-de-maiz\\\/#\\\/schema\\\/person\\\/9fb256f63733c964d19b06de1ca3c9ef\",\"name\":\"Jos\u00e9 Luis Panero\",\"image\":{\"@type\":\"ImageObject\",\"inLanguage\":\"es\",\"@id\":\"https:\\\/\\\/secure.gravatar.com\\\/avatar\\\/2ef93951eab3cee25932a7219e566376cbf6ddedde3aa3098e7a971991a3ef12?s=96&d=mm&r=g\",\"url\":\"https:\\\/\\\/secure.gravatar.com\\\/avatar\\\/2ef93951eab3cee25932a7219e566376cbf6ddedde3aa3098e7a971991a3ef12?s=96&d=mm&r=g\",\"contentUrl\":\"https:\\\/\\\/secure.gravatar.com\\\/avatar\\\/2ef93951eab3cee25932a7219e566376cbf6ddedde3aa3098e7a971991a3ef12?s=96&d=mm&r=g\",\"caption\":\"Jos\u00e9 Luis Panero\"},\"description\":\"Licenciado en Periodismo y en Comunicaci\u00f3n Audiovisual. Tras m\u00e1s de cuatro a\u00f1os en el diario 'La Gaceta de Los Negocios' y el programa f\u00edlmico 'Pantalla Grande', es cr\u00edtico de cine en 'Ciudad Nueva', 'Pantalla 90', 'COPE' o 'Aleteia' y cr\u00edtico de teatro en 'Hoy en la city'. Ha sido coguionista y ayudante de direcci\u00f3n de cine, ponente en los coloquios de cine del foro FNAC y profesor universitario en diferentes cursos de Periodismo Social. Desde 2003 es miembro del C\u00edrculo de Escritores Cinematogr\u00e1ficos (CEC). En 2008 fund\u00f3 en 'COPE' su blog de cine 'Palomitas de Ma\u00edz'. En 2017 fue nombrado Jurado Oficial del Festival Internacional de Cine de Fuengirola (M\u00e1laga) y ese a\u00f1o la instituci\u00f3n educativa Trinity College-Liceo Serrano le distingui\u00f3 con el nombramiento de 'Profesor de Honor' del centro y miembro ilustre del claustro de profesores. En 2019 fue nombrado Jurado Oficial del Festival Internacional de Cine de Vera (Almer\u00eda). En 2020 fue nombrado Jurado Oficial del Festival Internacional de Cine de Terror de La Mar Bella (Marbella). Como int\u00e9rprete ha sido galardonado con el Premio al Actor Principal del I Festival Nacional UNIR de teatro. Desde 2020 es acad\u00e9mico de las Artes Esc\u00e9nicas de Espa\u00f1a. En 2023 fue nombrado Jurado Oficial de los 'Premios Tal\u00eda' en su I Edici\u00f3n. Y miembro de ASHUMES (Asociaci\u00f3n del Humorismo Espa\u00f1ol) a partir de 2022. En 2023 fue nombrado Jurado Oficial de la II Edici\u00f3n de los 'Premios Godot'.\",\"sameAs\":[\"http:\\\/\\\/www.cope.es\",\"https:\\\/\\\/www.facebook.com\\\/palomitero\\\/\",\"https:\\\/\\\/www.instagram.com\\\/joseluispanero\\\/\",\"https:\\\/\\\/www.linkedin.com\\\/in\\\/jos-luis-panero-gonzlez-barosa-7722a716\\\/\",\"https:\\\/\\\/x.com\\\/PALOMITERO\",\"https:\\\/\\\/www.youtube.com\\\/channel\\\/UCQYaNGiETUXUPXjYu9p3lNw\\\/videos?\",\"https:\\\/\\\/es.wikipedia.org\\\/wiki\\\/Jos_Luis_Panero_Gonzlez-Barosa\"],\"url\":\"https:\\\/\\\/www.cope.es\\\/blogs\\\/palomitas-de-maiz\\\/author\\\/jlpanero\\\/\"}]}<\/script>\n<!-- \/ Yoast SEO plugin. -->","yoast_head_json":{"title":"Entrevista a Dea Kulumbegashvili: Concha de Oro por \u2018Beginning\u2019","description":"Entrevista a Dea Kulumbegashvili: Concha de Oro por \u2018Beginning\u2019. La cineasta georgiana debut\u00f3 con ese magistral largo, que no ha dejado indiferente a nadie","robots":{"index":"index","follow":"follow","max-snippet":"max-snippet:-1","max-image-preview":"max-image-preview:large","max-video-preview":"max-video-preview:-1"},"canonical":"https:\/\/www.cope.es\/blogs\/palomitas-de-maiz\/2020\/12\/07\/entrevista-a-dea-kulumbegashvili-concha-de-oro-por-beginning-surtsey-films\/","og_locale":"es_ES","og_type":"article","og_title":"Entrevista a Dea Kulumbegashvili: Concha de Oro por \u2018Beginning\u2019","og_description":"Entrevista a Dea Kulumbegashvili: Concha de Oro por \u2018Beginning\u2019. La cineasta georgiana debut\u00f3 con ese magistral largo, que no ha dejado indiferente a nadie","og_url":"https:\/\/www.cope.es\/blogs\/palomitas-de-maiz\/2020\/12\/07\/entrevista-a-dea-kulumbegashvili-concha-de-oro-por-beginning-surtsey-films\/","og_site_name":"Palomitas de Ma\u00edz","article_publisher":"https:\/\/www.facebook.com\/cope\/","article_author":"https:\/\/www.facebook.com\/palomitero\/","article_published_time":"2020-12-07T22:21:32+00:00","article_modified_time":"2020-12-07T22:25:52+00:00","og_image":[{"width":724,"height":376,"url":"https:\/\/www.cope.es\/blogs\/palomitas-de-maiz\/wp-content\/uploads\/sites\/6\/2020\/12\/dea-kulumbegashvili-1.jpg","type":"image\/jpeg"}],"author":"Jos\u00e9 Luis Panero","twitter_card":"summary_large_image","twitter_creator":"@PALOMITERO","twitter_site":"@cope_es","twitter_misc":{"Escrito por":"Jos\u00e9 Luis Panero","Tiempo de lectura":"5 minutos"},"schema":{"@context":"https:\/\/schema.org","@graph":[{"@type":"Article","@id":"https:\/\/www.cope.es\/blogs\/palomitas-de-maiz\/2020\/12\/07\/entrevista-a-dea-kulumbegashvili-concha-de-oro-por-beginning-surtsey-films\/#article","isPartOf":{"@id":"https:\/\/www.cope.es\/blogs\/palomitas-de-maiz\/2020\/12\/07\/entrevista-a-dea-kulumbegashvili-concha-de-oro-por-beginning-surtsey-films\/"},"author":{"name":"Jos\u00e9 Luis Panero","@id":"https:\/\/www.cope.es\/blogs\/palomitas-de-maiz\/#\/schema\/person\/9fb256f63733c964d19b06de1ca3c9ef"},"headline":"Entrevista a la cineasta georgiana Dea Kulumbegashvili (\u2018Beginning\u2019): \u201cHe crecido con la cultura cristiana muy dentro de m\u00ed\u201d","datePublished":"2020-12-07T22:21:32+00:00","dateModified":"2020-12-07T22:25:52+00:00","mainEntityOfPage":{"@id":"https:\/\/www.cope.es\/blogs\/palomitas-de-maiz\/2020\/12\/07\/entrevista-a-dea-kulumbegashvili-concha-de-oro-por-beginning-surtsey-films\/"},"wordCount":956,"commentCount":0,"image":{"@id":"https:\/\/www.cope.es\/blogs\/palomitas-de-maiz\/2020\/12\/07\/entrevista-a-dea-kulumbegashvili-concha-de-oro-por-beginning-surtsey-films\/#primaryimage"},"thumbnailUrl":"https:\/\/www.cope.es\/blogs\/palomitas-de-maiz\/wp-content\/uploads\/sites\/6\/2020\/12\/dea-kulumbegashvili-1.jpg","keywords":["beginning","cine","cineasta","concha de oro","Dea Kulumbegashvili","debutante","entrevista","Estreno","festival de cine","F\u00fcru\u011f Ferruhzad","Kira Muratova","Larisa Shepitko","mejor pelicula","opera prima","San Sebasti\u00e1n","Surtsey Films","The House is Black","Ukhilavi sivrtseebi"],"articleSection":["actualidad","Cine","Entrevista","Festival internacional de Cine de San Sebasti\u00e1n"],"inLanguage":"es","potentialAction":[{"@type":"CommentAction","name":"Comment","target":["https:\/\/www.cope.es\/blogs\/palomitas-de-maiz\/2020\/12\/07\/entrevista-a-dea-kulumbegashvili-concha-de-oro-por-beginning-surtsey-films\/#respond"]}]},{"@type":"WebPage","@id":"https:\/\/www.cope.es\/blogs\/palomitas-de-maiz\/2020\/12\/07\/entrevista-a-dea-kulumbegashvili-concha-de-oro-por-beginning-surtsey-films\/","url":"https:\/\/www.cope.es\/blogs\/palomitas-de-maiz\/2020\/12\/07\/entrevista-a-dea-kulumbegashvili-concha-de-oro-por-beginning-surtsey-films\/","name":"Entrevista a Dea Kulumbegashvili: Concha de Oro por \u2018Beginning\u2019","isPartOf":{"@id":"https:\/\/www.cope.es\/blogs\/palomitas-de-maiz\/#website"},"primaryImageOfPage":{"@id":"https:\/\/www.cope.es\/blogs\/palomitas-de-maiz\/2020\/12\/07\/entrevista-a-dea-kulumbegashvili-concha-de-oro-por-beginning-surtsey-films\/#primaryimage"},"image":{"@id":"https:\/\/www.cope.es\/blogs\/palomitas-de-maiz\/2020\/12\/07\/entrevista-a-dea-kulumbegashvili-concha-de-oro-por-beginning-surtsey-films\/#primaryimage"},"thumbnailUrl":"https:\/\/www.cope.es\/blogs\/palomitas-de-maiz\/wp-content\/uploads\/sites\/6\/2020\/12\/dea-kulumbegashvili-1.jpg","datePublished":"2020-12-07T22:21:32+00:00","dateModified":"2020-12-07T22:25:52+00:00","author":{"@id":"https:\/\/www.cope.es\/blogs\/palomitas-de-maiz\/#\/schema\/person\/9fb256f63733c964d19b06de1ca3c9ef"},"description":"Entrevista a Dea Kulumbegashvili: Concha de Oro por \u2018Beginning\u2019. La cineasta georgiana debut\u00f3 con ese magistral largo, que no ha dejado indiferente a nadie","breadcrumb":{"@id":"https:\/\/www.cope.es\/blogs\/palomitas-de-maiz\/2020\/12\/07\/entrevista-a-dea-kulumbegashvili-concha-de-oro-por-beginning-surtsey-films\/#breadcrumb"},"inLanguage":"es","potentialAction":[{"@type":"ReadAction","target":["https:\/\/www.cope.es\/blogs\/palomitas-de-maiz\/2020\/12\/07\/entrevista-a-dea-kulumbegashvili-concha-de-oro-por-beginning-surtsey-films\/"]}]},{"@type":"ImageObject","inLanguage":"es","@id":"https:\/\/www.cope.es\/blogs\/palomitas-de-maiz\/2020\/12\/07\/entrevista-a-dea-kulumbegashvili-concha-de-oro-por-beginning-surtsey-films\/#primaryimage","url":"https:\/\/www.cope.es\/blogs\/palomitas-de-maiz\/wp-content\/uploads\/sites\/6\/2020\/12\/dea-kulumbegashvili-1.jpg","contentUrl":"https:\/\/www.cope.es\/blogs\/palomitas-de-maiz\/wp-content\/uploads\/sites\/6\/2020\/12\/dea-kulumbegashvili-1.jpg","width":724,"height":376,"caption":"https:\/\/www.cope.es\/blogs\/palomitas-de-maiz\/2020\/12\/07\/entrevista-a-dea-kulumbegashvili-concha-de-oro-por-beginning-surtsey-films\/"},{"@type":"BreadcrumbList","@id":"https:\/\/www.cope.es\/blogs\/palomitas-de-maiz\/2020\/12\/07\/entrevista-a-dea-kulumbegashvili-concha-de-oro-por-beginning-surtsey-films\/#breadcrumb","itemListElement":[{"@type":"ListItem","position":1,"name":"Portada","item":"https:\/\/www.cope.es\/blogs\/palomitas-de-maiz\/"},{"@type":"ListItem","position":2,"name":"Entrevista a la cineasta georgiana Dea Kulumbegashvili (\u2018Beginning\u2019): \u201cHe crecido con la cultura cristiana muy dentro de m\u00ed\u201d"}]},{"@type":"WebSite","@id":"https:\/\/www.cope.es\/blogs\/palomitas-de-maiz\/#website","url":"https:\/\/www.cope.es\/blogs\/palomitas-de-maiz\/","name":"Palomitas de Ma\u00edz","description":"Blog decano de cine de COPE","potentialAction":[{"@type":"SearchAction","target":{"@type":"EntryPoint","urlTemplate":"https:\/\/www.cope.es\/blogs\/palomitas-de-maiz\/?s={search_term_string}"},"query-input":{"@type":"PropertyValueSpecification","valueRequired":true,"valueName":"search_term_string"}}],"inLanguage":"es"},{"@type":"Person","@id":"https:\/\/www.cope.es\/blogs\/palomitas-de-maiz\/#\/schema\/person\/9fb256f63733c964d19b06de1ca3c9ef","name":"Jos\u00e9 Luis Panero","image":{"@type":"ImageObject","inLanguage":"es","@id":"https:\/\/secure.gravatar.com\/avatar\/2ef93951eab3cee25932a7219e566376cbf6ddedde3aa3098e7a971991a3ef12?s=96&d=mm&r=g","url":"https:\/\/secure.gravatar.com\/avatar\/2ef93951eab3cee25932a7219e566376cbf6ddedde3aa3098e7a971991a3ef12?s=96&d=mm&r=g","contentUrl":"https:\/\/secure.gravatar.com\/avatar\/2ef93951eab3cee25932a7219e566376cbf6ddedde3aa3098e7a971991a3ef12?s=96&d=mm&r=g","caption":"Jos\u00e9 Luis Panero"},"description":"Licenciado en Periodismo y en Comunicaci\u00f3n Audiovisual. Tras m\u00e1s de cuatro a\u00f1os en el diario 'La Gaceta de Los Negocios' y el programa f\u00edlmico 'Pantalla Grande', es cr\u00edtico de cine en 'Ciudad Nueva', 'Pantalla 90', 'COPE' o 'Aleteia' y cr\u00edtico de teatro en 'Hoy en la city'. Ha sido coguionista y ayudante de direcci\u00f3n de cine, ponente en los coloquios de cine del foro FNAC y profesor universitario en diferentes cursos de Periodismo Social. Desde 2003 es miembro del C\u00edrculo de Escritores Cinematogr\u00e1ficos (CEC). En 2008 fund\u00f3 en 'COPE' su blog de cine 'Palomitas de Ma\u00edz'. En 2017 fue nombrado Jurado Oficial del Festival Internacional de Cine de Fuengirola (M\u00e1laga) y ese a\u00f1o la instituci\u00f3n educativa Trinity College-Liceo Serrano le distingui\u00f3 con el nombramiento de 'Profesor de Honor' del centro y miembro ilustre del claustro de profesores. En 2019 fue nombrado Jurado Oficial del Festival Internacional de Cine de Vera (Almer\u00eda). En 2020 fue nombrado Jurado Oficial del Festival Internacional de Cine de Terror de La Mar Bella (Marbella). Como int\u00e9rprete ha sido galardonado con el Premio al Actor Principal del I Festival Nacional UNIR de teatro. Desde 2020 es acad\u00e9mico de las Artes Esc\u00e9nicas de Espa\u00f1a. En 2023 fue nombrado Jurado Oficial de los 'Premios Tal\u00eda' en su I Edici\u00f3n. Y miembro de ASHUMES (Asociaci\u00f3n del Humorismo Espa\u00f1ol) a partir de 2022. En 2023 fue nombrado Jurado Oficial de la II Edici\u00f3n de los 'Premios Godot'.","sameAs":["http:\/\/www.cope.es","https:\/\/www.facebook.com\/palomitero\/","https:\/\/www.instagram.com\/joseluispanero\/","https:\/\/www.linkedin.com\/in\/jos-luis-panero-gonzlez-barosa-7722a716\/","https:\/\/x.com\/PALOMITERO","https:\/\/www.youtube.com\/channel\/UCQYaNGiETUXUPXjYu9p3lNw\/videos?","https:\/\/es.wikipedia.org\/wiki\/Jos_Luis_Panero_Gonzlez-Barosa"],"url":"https:\/\/www.cope.es\/blogs\/palomitas-de-maiz\/author\/jlpanero\/"}]}},"amp_enabled":true,"_links":{"self":[{"href":"https:\/\/www.cope.es\/blogs\/palomitas-de-maiz\/wp-json\/wp\/v2\/posts\/7344","targetHints":{"allow":["GET"]}}],"collection":[{"href":"https:\/\/www.cope.es\/blogs\/palomitas-de-maiz\/wp-json\/wp\/v2\/posts"}],"about":[{"href":"https:\/\/www.cope.es\/blogs\/palomitas-de-maiz\/wp-json\/wp\/v2\/types\/post"}],"author":[{"embeddable":true,"href":"https:\/\/www.cope.es\/blogs\/palomitas-de-maiz\/wp-json\/wp\/v2\/users\/6"}],"replies":[{"embeddable":true,"href":"https:\/\/www.cope.es\/blogs\/palomitas-de-maiz\/wp-json\/wp\/v2\/comments?post=7344"}],"version-history":[{"count":2,"href":"https:\/\/www.cope.es\/blogs\/palomitas-de-maiz\/wp-json\/wp\/v2\/posts\/7344\/revisions"}],"predecessor-version":[{"id":7356,"href":"https:\/\/www.cope.es\/blogs\/palomitas-de-maiz\/wp-json\/wp\/v2\/posts\/7344\/revisions\/7356"}],"wp:featuredmedia":[{"embeddable":true,"href":"https:\/\/www.cope.es\/blogs\/palomitas-de-maiz\/wp-json\/wp\/v2\/media\/7352"}],"wp:attachment":[{"href":"https:\/\/www.cope.es\/blogs\/palomitas-de-maiz\/wp-json\/wp\/v2\/media?parent=7344"}],"wp:term":[{"taxonomy":"category","embeddable":true,"href":"https:\/\/www.cope.es\/blogs\/palomitas-de-maiz\/wp-json\/wp\/v2\/categories?post=7344"},{"taxonomy":"post_tag","embeddable":true,"href":"https:\/\/www.cope.es\/blogs\/palomitas-de-maiz\/wp-json\/wp\/v2\/tags?post=7344"}],"curies":[{"name":"wp","href":"https:\/\/api.w.org\/{rel}","templated":true}]}}